{"id":1516,"date":"2020-07-08T01:04:13","date_gmt":"2020-07-07T23:04:13","guid":{"rendered":"https:\/\/hotelhouse.cz\/?p=1516"},"modified":"2020-07-08T01:04:15","modified_gmt":"2020-07-07T23:04:15","slug":"na-strese-libenske-galerie-harfa-se-otevrel-novy-multifunkcni-prostor-terasy-harfa","status":"publish","type":"post","link":"https:\/\/hotelhouse.cz\/index.php\/2020\/07\/08\/na-strese-libenske-galerie-harfa-se-otevrel-novy-multifunkcni-prostor-terasy-harfa\/","title":{"rendered":"Na st\u0159e\u0161e libe\u0148sk\u00e9 Galerie Harfa se otev\u0159el nov\u00fd multifunk\u010dn\u00ed prostor Terasy Harfa"},"content":{"rendered":"\n<p><strong>V\u00fdte\u010dn\u00e9 j\u00eddlo, sv\u011b\u017e\u00ed alkoholick\u00e9 i nealko drinky, z\u00e1bava pro v\u0161echny generace pod otev\u0159en\u00fdm nebem\u2026 Nen\u00ed mnoho p\u0159\u00edjemn\u011bj\u0161\u00edch zp\u016fsob\u016f, jak si u\u017e\u00edt l\u00e9to v\u00a0metropoli, ne\u017e na Teras\u00e1ch Harfa!  Nov\u00fd multifunk\u010dn\u00ed? prostor je od za\u010d\u00e1tku pr\u00e1zdnin k\u00a0dispozici n\u00e1v\u0161t\u011bvn\u00edk\u016fm na st\u0159e\u0161e Galerie Harfa v\u00a0Praze \u2013 Libni. <\/strong> <\/p>\n\n\n\n<figure class=\"wp-block-image\"><img decoding=\"async\" loading=\"lazy\" width=\"1024\" height=\"683\" src=\"https:\/\/hotelhouse.cz\/wp-content\/uploads\/2020\/07\/02-Terasy-Harfa-1024x683.jpg\" alt=\"\" class=\"wp-image-1518\" srcset=\"https:\/\/hotelhouse.cz\/wp-content\/uploads\/2020\/07\/02-Terasy-Harfa-1024x683.jpg 1024w, https:\/\/hotelhouse.cz\/wp-content\/uploads\/2020\/07\/02-Terasy-Harfa-300x200.jpg 300w, https:\/\/hotelhouse.cz\/wp-content\/uploads\/2020\/07\/02-Terasy-Harfa-768x512.jpg 768w, https:\/\/hotelhouse.cz\/wp-content\/uploads\/2020\/07\/02-Terasy-Harfa.jpg 1950w\" sizes=\"(max-width: 1024px) 100vw, 1024px\" \/><\/figure>\n\n\n\n<p><strong>Terasy Harfa <\/strong>jsou jedine\u010dn\u00fdm m\u00edstem, kde si m\u016f\u017eete ka\u017ed\u00fd den vychutnat <strong>speciality z cel\u00e9ho sv\u011bta<\/strong> a d\u00edky <strong>velkoplo\u0161n\u00e9 projekci<\/strong> i sportovn\u00ed? a z\u00e1bavn\u00e9 po\u0159ady. <strong>Terasy Harfa<\/strong> jsou tak\u00e9 d\u011bji\u0161t\u011bm <strong>9. ro\u010dn\u00edku letn\u00ed? sc\u00e9ny Harfa<\/strong> s koncerty, divadeln\u00edmi p\u0159edstaven\u00edmi a dal\u0161\u00edmi akcemi pro d\u011bti i dosp\u011bl\u00e9 (kompletn\u00ed program na <a href=\"http:\/\/www.letniscenaharfa.cz\/\">www.letniscenaharfa.cz<\/a>). Obl\u00edbenou atrakc\u00ed je zdej\u0161\u00ed <strong>DinoPark<\/strong>,nad\u0161en\u00ed d\u011bt\u00ed zaru\u010den\u011b vzbud\u00ed i nov\u00e9 h\u0159i\u0161t\u011b a\u00a0nejr\u016fzn\u011bj\u0161\u00ed pohybov\u00e9? aktivity pod otev\u0159en\u00fdm nebem.<\/p>\n\n\n\n<figure class=\"wp-block-image\"><img decoding=\"async\" loading=\"lazy\" width=\"1024\" height=\"683\" src=\"https:\/\/hotelhouse.cz\/wp-content\/uploads\/2020\/07\/106452988_3628586423821463_4372682586841917694_o-1024x683.jpg\" alt=\"\" class=\"wp-image-1525\" srcset=\"https:\/\/hotelhouse.cz\/wp-content\/uploads\/2020\/07\/106452988_3628586423821463_4372682586841917694_o-1024x683.jpg 1024w, https:\/\/hotelhouse.cz\/wp-content\/uploads\/2020\/07\/106452988_3628586423821463_4372682586841917694_o-300x200.jpg 300w, https:\/\/hotelhouse.cz\/wp-content\/uploads\/2020\/07\/106452988_3628586423821463_4372682586841917694_o-768x512.jpg 768w, https:\/\/hotelhouse.cz\/wp-content\/uploads\/2020\/07\/106452988_3628586423821463_4372682586841917694_o.jpg 1950w\" sizes=\"(max-width: 1024px) 100vw, 1024px\" \/><\/figure>\n\n\n\n<p>Sou\u010d\u00e1st\u00ed <strong>nov\u00e9ho bistro konceptu<\/strong> jsou renomovan\u00e9 restaurace a pop-ups: <strong>Funny Fries<\/strong> s holandsk\u00fdmi hranolkami v\u00a0kombinaci s \u010derstv\u00fdmi dom\u00e1c\u00edmi om\u00e1\u010dkami. Vyhl\u00e1\u0161en\u00fd koktejlov\u00fd bar <strong>Le Valmont<\/strong>. <strong>Soup2go<\/strong> se zdrav\u00fdmi vegetari\u00e1nsk\u00fdmi pol\u00e9vkami v jedl\u00e9m chlebov\u00e9m kel\u00edmku. <strong>Regal Burger<\/strong> s\u00a0delik\u00e1tn\u00edmi burgery, hot dogy a p\u00e1rky v\u00a0rohl\u00edku v\u00fdhradn\u011b z\u00a0\u010derstv\u00fdch surovin. <strong>La Patrona <\/strong>reprezentuje 100% autentickou mexickou kuchyni v jednoduch\u00e9m street-food stylu. <strong>K8 Coffee<\/strong> s\u00a0tou nejlep\u0161\u00ed k\u00e1vou a zmrzlinou a tak\u00e9 s\u00a0unik\u00e1tn\u00ed k\u00e1vou v kornoutku neboli \u201ccoffee in a cone\u201d. <strong>GRILL GRILL<\/strong> l\u00e1k\u00e1 na letn\u00ed st\u0159edozemn\u00ed chut\u011b \u2013 od tradi\u010dn\u00ed pljeskavice p\u0159es pov\u011bstn\u00e9 balk\u00e1nsk\u00e9 sal\u00e1ty a\u017e po m\u00e9n\u011b zn\u00e1m\u00e9 italsk\u00e9 Arrosticini.<\/p>\n\n\n\n<figure class=\"wp-block-image\"><img decoding=\"async\" loading=\"lazy\" width=\"1024\" height=\"683\" src=\"https:\/\/hotelhouse.cz\/wp-content\/uploads\/2020\/07\/103382553_3628586740488098_7834389609936393679_o-1024x683.jpg\" alt=\"\" class=\"wp-image-1523\" srcset=\"https:\/\/hotelhouse.cz\/wp-content\/uploads\/2020\/07\/103382553_3628586740488098_7834389609936393679_o-1024x683.jpg 1024w, https:\/\/hotelhouse.cz\/wp-content\/uploads\/2020\/07\/103382553_3628586740488098_7834389609936393679_o-300x200.jpg 300w, https:\/\/hotelhouse.cz\/wp-content\/uploads\/2020\/07\/103382553_3628586740488098_7834389609936393679_o-768x512.jpg 768w, https:\/\/hotelhouse.cz\/wp-content\/uploads\/2020\/07\/103382553_3628586740488098_7834389609936393679_o.jpg 1950w\" sizes=\"(max-width: 1024px) 100vw, 1024px\" \/><\/figure>\n\n\n\n<p><strong>Galerie Harfa<\/strong> je sou\u010d\u00e1st\u00ed realitn\u00edho portfolia investi\u010dn\u00ed skupiny WOOD &amp; Company. Skupina spravuje realitn\u00ed fond zam\u011b\u0159uj\u00edc\u00ed se na investice do kancel\u00e1\u0159sk\u00fdch budov a obchodn\u00edch center v\u00a0\u010cesk\u00e9 republice a na Slovensku, kter\u00fd se pravideln\u011b umis\u0165uje na p\u0159edn\u00edch p\u0159\u00ed\u010dk\u00e1ch \u017eeb\u0159\u00ed\u010dku TOP realitn\u00edch fond\u016f \u010cesk\u00e9 republiky.<\/p>\n\n\n\n<figure class=\"wp-block-image\"><img decoding=\"async\" loading=\"lazy\" width=\"1024\" height=\"683\" src=\"https:\/\/hotelhouse.cz\/wp-content\/uploads\/2020\/07\/04-Terasy-Harfa-1024x683.jpg\" alt=\"\" class=\"wp-image-1520\" srcset=\"https:\/\/hotelhouse.cz\/wp-content\/uploads\/2020\/07\/04-Terasy-Harfa-1024x683.jpg 1024w, https:\/\/hotelhouse.cz\/wp-content\/uploads\/2020\/07\/04-Terasy-Harfa-300x200.jpg 300w, https:\/\/hotelhouse.cz\/wp-content\/uploads\/2020\/07\/04-Terasy-Harfa-768x512.jpg 768w, https:\/\/hotelhouse.cz\/wp-content\/uploads\/2020\/07\/04-Terasy-Harfa.jpg 1950w\" sizes=\"(max-width: 1024px) 100vw, 1024px\" \/><\/figure>\n\n\n\n<p><strong>V\u00edce informac\u00ed naleznete na: <\/strong><a href=\"http:\/\/www.myskino.cz\/\"><strong>www.galerieharfa.cz.<\/strong><\/a><\/p>\n\n\n\n<div style=\"height:20px\" aria-hidden=\"true\" class=\"wp-block-spacer\"><\/div>\n\n\n\n<ul class=\"wp-block-gallery columns-2 is-cropped wp-block-gallery-1 is-layout-flex wp-block-gallery-is-layout-flex\"><li class=\"blocks-gallery-item\"><figure><img decoding=\"async\" loading=\"lazy\" width=\"1024\" height=\"683\" src=\"https:\/\/hotelhouse.cz\/wp-content\/uploads\/2020\/07\/05-Terasy-Harfa-1024x683.jpg\" alt=\"\" data-id=\"1521\" data-link=\"https:\/\/hotelhouse.cz\/?attachment_id=1521\" class=\"wp-image-1521\" srcset=\"https:\/\/hotelhouse.cz\/wp-content\/uploads\/2020\/07\/05-Terasy-Harfa-1024x683.jpg 1024w, https:\/\/hotelhouse.cz\/wp-content\/uploads\/2020\/07\/05-Terasy-Harfa-300x200.jpg 300w, https:\/\/hotelhouse.cz\/wp-content\/uploads\/2020\/07\/05-Terasy-Harfa-768x512.jpg 768w, https:\/\/hotelhouse.cz\/wp-content\/uploads\/2020\/07\/05-Terasy-Harfa.jpg 1950w\" sizes=\"(max-width: 1024px) 100vw, 1024px\" \/><\/figure><\/li><li class=\"blocks-gallery-item\"><figure><img decoding=\"async\" loading=\"lazy\" width=\"1024\" height=\"683\" src=\"https:\/\/hotelhouse.cz\/wp-content\/uploads\/2020\/07\/02-Terasy-Harfa-1024x683.jpg\" alt=\"\" data-id=\"1518\" data-link=\"https:\/\/hotelhouse.cz\/?attachment_id=1518\" class=\"wp-image-1518\" srcset=\"https:\/\/hotelhouse.cz\/wp-content\/uploads\/2020\/07\/02-Terasy-Harfa-1024x683.jpg 1024w, https:\/\/hotelhouse.cz\/wp-content\/uploads\/2020\/07\/02-Terasy-Harfa-300x200.jpg 300w, https:\/\/hotelhouse.cz\/wp-content\/uploads\/2020\/07\/02-Terasy-Harfa-768x512.jpg 768w, https:\/\/hotelhouse.cz\/wp-content\/uploads\/2020\/07\/02-Terasy-Harfa.jpg 1950w\" sizes=\"(max-width: 1024px) 100vw, 1024px\" \/><\/figure><\/li><li class=\"blocks-gallery-item\"><figure><img decoding=\"async\" loading=\"lazy\" width=\"1024\" height=\"683\" src=\"https:\/\/hotelhouse.cz\/wp-content\/uploads\/2020\/07\/06-Terasy-Harfa-1024x683.jpg\" alt=\"\" data-id=\"1522\" data-link=\"https:\/\/hotelhouse.cz\/?attachment_id=1522\" class=\"wp-image-1522\" srcset=\"https:\/\/hotelhouse.cz\/wp-content\/uploads\/2020\/07\/06-Terasy-Harfa-1024x683.jpg 1024w, https:\/\/hotelhouse.cz\/wp-content\/uploads\/2020\/07\/06-Terasy-Harfa-300x200.jpg 300w, https:\/\/hotelhouse.cz\/wp-content\/uploads\/2020\/07\/06-Terasy-Harfa-768x512.jpg 768w, https:\/\/hotelhouse.cz\/wp-content\/uploads\/2020\/07\/06-Terasy-Harfa.jpg 1950w\" sizes=\"(max-width: 1024px) 100vw, 1024px\" \/><\/figure><\/li><li class=\"blocks-gallery-item\"><figure><img decoding=\"async\" loading=\"lazy\" width=\"1024\" height=\"683\" src=\"https:\/\/hotelhouse.cz\/wp-content\/uploads\/2020\/07\/01-Terasy-Harfa-1024x683.jpg\" alt=\"\" data-id=\"1517\" data-link=\"https:\/\/hotelhouse.cz\/?attachment_id=1517\" class=\"wp-image-1517\" srcset=\"https:\/\/hotelhouse.cz\/wp-content\/uploads\/2020\/07\/01-Terasy-Harfa-1024x683.jpg 1024w, https:\/\/hotelhouse.cz\/wp-content\/uploads\/2020\/07\/01-Terasy-Harfa-300x200.jpg 300w, https:\/\/hotelhouse.cz\/wp-content\/uploads\/2020\/07\/01-Terasy-Harfa-768x512.jpg 768w, https:\/\/hotelhouse.cz\/wp-content\/uploads\/2020\/07\/01-Terasy-Harfa.jpg 1950w\" sizes=\"(max-width: 1024px) 100vw, 1024px\" \/><\/figure><\/li><li class=\"blocks-gallery-item\"><figure><img decoding=\"async\" loading=\"lazy\" width=\"1024\" height=\"683\" src=\"https:\/\/hotelhouse.cz\/wp-content\/uploads\/2020\/07\/106452988_3628586423821463_4372682586841917694_o-1024x683.jpg\" alt=\"\" data-id=\"1525\" data-link=\"https:\/\/hotelhouse.cz\/?attachment_id=1525\" class=\"wp-image-1525\" srcset=\"https:\/\/hotelhouse.cz\/wp-content\/uploads\/2020\/07\/106452988_3628586423821463_4372682586841917694_o-1024x683.jpg 1024w, https:\/\/hotelhouse.cz\/wp-content\/uploads\/2020\/07\/106452988_3628586423821463_4372682586841917694_o-300x200.jpg 300w, https:\/\/hotelhouse.cz\/wp-content\/uploads\/2020\/07\/106452988_3628586423821463_4372682586841917694_o-768x512.jpg 768w, https:\/\/hotelhouse.cz\/wp-content\/uploads\/2020\/07\/106452988_3628586423821463_4372682586841917694_o.jpg 1950w\" sizes=\"(max-width: 1024px) 100vw, 1024px\" \/><\/figure><\/li><li class=\"blocks-gallery-item\"><figure><img decoding=\"async\" loading=\"lazy\" width=\"1024\" height=\"683\" src=\"https:\/\/hotelhouse.cz\/wp-content\/uploads\/2020\/07\/03-Terasy-Harfa-1024x683.jpg\" alt=\"\" data-id=\"1519\" data-link=\"https:\/\/hotelhouse.cz\/?attachment_id=1519\" class=\"wp-image-1519\" srcset=\"https:\/\/hotelhouse.cz\/wp-content\/uploads\/2020\/07\/03-Terasy-Harfa-1024x683.jpg 1024w, https:\/\/hotelhouse.cz\/wp-content\/uploads\/2020\/07\/03-Terasy-Harfa-300x200.jpg 300w, https:\/\/hotelhouse.cz\/wp-content\/uploads\/2020\/07\/03-Terasy-Harfa-768x512.jpg 768w, https:\/\/hotelhouse.cz\/wp-content\/uploads\/2020\/07\/03-Terasy-Harfa.jpg 1950w\" sizes=\"(max-width: 1024px) 100vw, 1024px\" \/><\/figure><\/li><li class=\"blocks-gallery-item\"><figure><img decoding=\"async\" loading=\"lazy\" width=\"1024\" height=\"683\" src=\"https:\/\/hotelhouse.cz\/wp-content\/uploads\/2020\/07\/106339176_3628586600488112_958525143821396001_o-1024x683.jpg\" alt=\"\" data-id=\"1524\" data-link=\"https:\/\/hotelhouse.cz\/?attachment_id=1524\" class=\"wp-image-1524\" srcset=\"https:\/\/hotelhouse.cz\/wp-content\/uploads\/2020\/07\/106339176_3628586600488112_958525143821396001_o-1024x683.jpg 1024w, https:\/\/hotelhouse.cz\/wp-content\/uploads\/2020\/07\/106339176_3628586600488112_958525143821396001_o-300x200.jpg 300w, https:\/\/hotelhouse.cz\/wp-content\/uploads\/2020\/07\/106339176_3628586600488112_958525143821396001_o-768x512.jpg 768w, https:\/\/hotelhouse.cz\/wp-content\/uploads\/2020\/07\/106339176_3628586600488112_958525143821396001_o.jpg 1950w\" sizes=\"(max-width: 1024px) 100vw, 1024px\" \/><\/figure><\/li><li class=\"blocks-gallery-item\"><figure><img decoding=\"async\" loading=\"lazy\" width=\"1024\" height=\"683\" src=\"https:\/\/hotelhouse.cz\/wp-content\/uploads\/2020\/07\/103382553_3628586740488098_7834389609936393679_o-1024x683.jpg\" alt=\"\" data-id=\"1523\" data-link=\"https:\/\/hotelhouse.cz\/?attachment_id=1523\" class=\"wp-image-1523\" srcset=\"https:\/\/hotelhouse.cz\/wp-content\/uploads\/2020\/07\/103382553_3628586740488098_7834389609936393679_o-1024x683.jpg 1024w, https:\/\/hotelhouse.cz\/wp-content\/uploads\/2020\/07\/103382553_3628586740488098_7834389609936393679_o-300x200.jpg 300w, https:\/\/hotelhouse.cz\/wp-content\/uploads\/2020\/07\/103382553_3628586740488098_7834389609936393679_o-768x512.jpg 768w, https:\/\/hotelhouse.cz\/wp-content\/uploads\/2020\/07\/103382553_3628586740488098_7834389609936393679_o.jpg 1950w\" sizes=\"(max-width: 1024px) 100vw, 1024px\" \/><\/figure><\/li><li class=\"blocks-gallery-item\"><figure><img decoding=\"async\" loading=\"lazy\" width=\"1024\" height=\"683\" src=\"https:\/\/hotelhouse.cz\/wp-content\/uploads\/2020\/07\/04-Terasy-Harfa-1024x683.jpg\" alt=\"\" data-id=\"1520\" data-link=\"https:\/\/hotelhouse.cz\/?attachment_id=1520\" class=\"wp-image-1520\" srcset=\"https:\/\/hotelhouse.cz\/wp-content\/uploads\/2020\/07\/04-Terasy-Harfa-1024x683.jpg 1024w, https:\/\/hotelhouse.cz\/wp-content\/uploads\/2020\/07\/04-Terasy-Harfa-300x200.jpg 300w, https:\/\/hotelhouse.cz\/wp-content\/uploads\/2020\/07\/04-Terasy-Harfa-768x512.jpg 768w, https:\/\/hotelhouse.cz\/wp-content\/uploads\/2020\/07\/04-Terasy-Harfa.jpg 1950w\" sizes=\"(max-width: 1024px) 100vw, 1024px\" \/><\/figure><\/li><\/ul>\n\n\n\n<div style=\"height:100px\" aria-hidden=\"true\" class=\"wp-block-spacer\"><\/div>\n","protected":false},"excerpt":{"rendered":"<p>V\u00fdte\u010dn\u00e9 j\u00eddlo, sv\u011b\u017e\u00ed alkoholick\u00e9 i nealko drinky, z\u00e1bava pro v\u0161echny generace pod otev\u0159en\u00fdm nebem\u2026 Nen\u00ed mnoho p\u0159\u00edjemn\u011bj\u0161\u00edch zp\u016fsob\u016f, jak si u\u017e\u00edt l\u00e9to v\u00a0metropoli, ne\u017e na Teras\u00e1ch Harfa! Nov\u00fd multifunk\u010dn\u00ed? prostor je od za\u010d\u00e1tku pr\u00e1zdnin&#46;&#46;&#46;<\/p>\n","protected":false},"author":3,"featured_media":1518,"comment_status":"closed","ping_status":"closed","sticky":false,"template":"","format":"standard","meta":{"_monsterinsights_skip_tracking":false,"_monsterinsights_sitenote_active":false,"_monsterinsights_sitenote_note":"","_monsterinsights_sitenote_category":0,"footnotes":""},"categories":[9,2,8],"tags":[],"yoast_head":"<!-- This site is optimized with the Yoast SEO plugin v21.5 - https:\/\/yoast.com\/wordpress\/plugins\/seo\/ -->\n<title>Na st\u0159e\u0161e libe\u0148sk\u00e9 Galerie Harfa se otev\u0159el nov\u00fd multifunk\u010dn\u00ed prostor Terasy Harfa - HOTELHOUSE.cz<\/title>\n<meta name=\"robots\" content=\"index, follow, max-snippet:-1, max-image-preview:large, max-video-preview:-1\" \/>\n<link rel=\"canonical\" href=\"https:\/\/hotelhouse.cz\/index.php\/2020\/07\/08\/na-strese-libenske-galerie-harfa-se-otevrel-novy-multifunkcni-prostor-terasy-harfa\/\" \/>\n<meta property=\"og:locale\" content=\"cs_CZ\" \/>\n<meta property=\"og:type\" content=\"article\" \/>\n<meta property=\"og:title\" content=\"Na st\u0159e\u0161e libe\u0148sk\u00e9 Galerie Harfa se otev\u0159el nov\u00fd multifunk\u010dn\u00ed prostor Terasy Harfa - HOTELHOUSE.cz\" \/>\n<meta property=\"og:description\" content=\"V\u00fdte\u010dn\u00e9 j\u00eddlo, sv\u011b\u017e\u00ed alkoholick\u00e9 i nealko drinky, z\u00e1bava pro v\u0161echny generace pod otev\u0159en\u00fdm nebem\u2026 Nen\u00ed mnoho p\u0159\u00edjemn\u011bj\u0161\u00edch zp\u016fsob\u016f, jak si u\u017e\u00edt l\u00e9to v\u00a0metropoli, ne\u017e na Teras\u00e1ch Harfa! Nov\u00fd multifunk\u010dn\u00ed? prostor je od za\u010d\u00e1tku pr\u00e1zdnin&#046;&#046;&#046;\" \/>\n<meta property=\"og:url\" content=\"https:\/\/hotelhouse.cz\/index.php\/2020\/07\/08\/na-strese-libenske-galerie-harfa-se-otevrel-novy-multifunkcni-prostor-terasy-harfa\/\" \/>\n<meta property=\"og:site_name\" content=\"HOTELHOUSE.cz\" \/>\n<meta property=\"article:published_time\" content=\"2020-07-07T23:04:13+00:00\" \/>\n<meta property=\"article:modified_time\" content=\"2020-07-07T23:04:15+00:00\" \/>\n<meta property=\"og:image\" content=\"https:\/\/hotelhouse.cz\/wp-content\/uploads\/2020\/07\/02-Terasy-Harfa.jpg\" \/>\n\t<meta property=\"og:image:width\" content=\"1950\" \/>\n\t<meta property=\"og:image:height\" content=\"1300\" \/>\n\t<meta property=\"og:image:type\" content=\"image\/jpeg\" \/>\n<meta name=\"author\" content=\"Van\u011bk Miroslav\" \/>\n<meta name=\"twitter:card\" content=\"summary_large_image\" \/>\n<meta name=\"twitter:label1\" content=\"Napsal(a)\" \/>\n\t<meta name=\"twitter:data1\" content=\"Van\u011bk Miroslav\" \/>\n\t<meta name=\"twitter:label2\" content=\"Odhadovan\u00e1 doba \u010dten\u00ed\" \/>\n\t<meta name=\"twitter:data2\" content=\"2 minuty\" \/>\n<script type=\"application\/ld+json\" class=\"yoast-schema-graph\">{\"@context\":\"https:\/\/schema.org\",\"@graph\":[{\"@type\":\"Article\",\"@id\":\"https:\/\/hotelhouse.cz\/index.php\/2020\/07\/08\/na-strese-libenske-galerie-harfa-se-otevrel-novy-multifunkcni-prostor-terasy-harfa\/#article\",\"isPartOf\":{\"@id\":\"https:\/\/hotelhouse.cz\/index.php\/2020\/07\/08\/na-strese-libenske-galerie-harfa-se-otevrel-novy-multifunkcni-prostor-terasy-harfa\/\"},\"author\":{\"name\":\"Van\u011bk Miroslav\",\"@id\":\"https:\/\/hotelhouse.cz\/#\/schema\/person\/fa8caee3f0a9c6134afed3c541204812\"},\"headline\":\"Na st\u0159e\u0161e libe\u0148sk\u00e9 Galerie Harfa se otev\u0159el nov\u00fd multifunk\u010dn\u00ed prostor Terasy Harfa\",\"datePublished\":\"2020-07-07T23:04:13+00:00\",\"dateModified\":\"2020-07-07T23:04:15+00:00\",\"mainEntityOfPage\":{\"@id\":\"https:\/\/hotelhouse.cz\/index.php\/2020\/07\/08\/na-strese-libenske-galerie-harfa-se-otevrel-novy-multifunkcni-prostor-terasy-harfa\/\"},\"wordCount\":389,\"publisher\":{\"@id\":\"https:\/\/hotelhouse.cz\/#organization\"},\"articleSection\":[\"LOBY &amp; BARY &amp; ALKOHOL\",\"NEWS\",\"RESTAURACE &amp; BISTRA\"],\"inLanguage\":\"cs\"},{\"@type\":\"WebPage\",\"@id\":\"https:\/\/hotelhouse.cz\/index.php\/2020\/07\/08\/na-strese-libenske-galerie-harfa-se-otevrel-novy-multifunkcni-prostor-terasy-harfa\/\",\"url\":\"https:\/\/hotelhouse.cz\/index.php\/2020\/07\/08\/na-strese-libenske-galerie-harfa-se-otevrel-novy-multifunkcni-prostor-terasy-harfa\/\",\"name\":\"Na st\u0159e\u0161e libe\u0148sk\u00e9 Galerie Harfa se otev\u0159el nov\u00fd multifunk\u010dn\u00ed prostor Terasy Harfa - HOTELHOUSE.cz\",\"isPartOf\":{\"@id\":\"https:\/\/hotelhouse.cz\/#website\"},\"datePublished\":\"2020-07-07T23:04:13+00:00\",\"dateModified\":\"2020-07-07T23:04:15+00:00\",\"breadcrumb\":{\"@id\":\"https:\/\/hotelhouse.cz\/index.php\/2020\/07\/08\/na-strese-libenske-galerie-harfa-se-otevrel-novy-multifunkcni-prostor-terasy-harfa\/#breadcrumb\"},\"inLanguage\":\"cs\",\"potentialAction\":[{\"@type\":\"ReadAction\",\"target\":[\"https:\/\/hotelhouse.cz\/index.php\/2020\/07\/08\/na-strese-libenske-galerie-harfa-se-otevrel-novy-multifunkcni-prostor-terasy-harfa\/\"]}]},{\"@type\":\"BreadcrumbList\",\"@id\":\"https:\/\/hotelhouse.cz\/index.php\/2020\/07\/08\/na-strese-libenske-galerie-harfa-se-otevrel-novy-multifunkcni-prostor-terasy-harfa\/#breadcrumb\",\"itemListElement\":[{\"@type\":\"ListItem\",\"position\":1,\"name\":\"Dom\u016f\",\"item\":\"https:\/\/hotelhouse.cz\/\"},{\"@type\":\"ListItem\",\"position\":2,\"name\":\"Na st\u0159e\u0161e libe\u0148sk\u00e9 Galerie Harfa se otev\u0159el nov\u00fd multifunk\u010dn\u00ed prostor Terasy Harfa\"}]},{\"@type\":\"WebSite\",\"@id\":\"https:\/\/hotelhouse.cz\/#website\",\"url\":\"https:\/\/hotelhouse.cz\/\",\"name\":\"HOTELHOUSE.cz\",\"description\":\"Port\u00e1l o hotelech, pensionech, spa resortech a restaurac\u00edch...\",\"publisher\":{\"@id\":\"https:\/\/hotelhouse.cz\/#organization\"},\"potentialAction\":[{\"@type\":\"SearchAction\",\"target\":{\"@type\":\"EntryPoint\",\"urlTemplate\":\"https:\/\/hotelhouse.cz\/?s={search_term_string}\"},\"query-input\":\"required name=search_term_string\"}],\"inLanguage\":\"cs\"},{\"@type\":\"Organization\",\"@id\":\"https:\/\/hotelhouse.cz\/#organization\",\"name\":\"HOTELHOUSE.cz\",\"url\":\"https:\/\/hotelhouse.cz\/\",\"logo\":{\"@type\":\"ImageObject\",\"inLanguage\":\"cs\",\"@id\":\"https:\/\/hotelhouse.cz\/#\/schema\/logo\/image\/\",\"url\":\"https:\/\/hotelhouse.cz\/wp-content\/uploads\/2024\/12\/cropped-Logo_HotelHouse-2.jpg\",\"contentUrl\":\"https:\/\/hotelhouse.cz\/wp-content\/uploads\/2024\/12\/cropped-Logo_HotelHouse-2.jpg\",\"width\":933,\"height\":516,\"caption\":\"HOTELHOUSE.cz\"},\"image\":{\"@id\":\"https:\/\/hotelhouse.cz\/#\/schema\/logo\/image\/\"},\"sameAs\":[\"https:\/\/www.instagram.com\/hotelhousecz\/\"]},{\"@type\":\"Person\",\"@id\":\"https:\/\/hotelhouse.cz\/#\/schema\/person\/fa8caee3f0a9c6134afed3c541204812\",\"name\":\"Van\u011bk Miroslav\",\"image\":{\"@type\":\"ImageObject\",\"inLanguage\":\"cs\",\"@id\":\"https:\/\/hotelhouse.cz\/#\/schema\/person\/image\/\",\"url\":\"https:\/\/secure.gravatar.com\/avatar\/cc93dbecbfc820d69a964ea4a1c72377?s=96&d=mm&r=g\",\"contentUrl\":\"https:\/\/secure.gravatar.com\/avatar\/cc93dbecbfc820d69a964ea4a1c72377?s=96&d=mm&r=g\",\"caption\":\"Van\u011bk Miroslav\"},\"sameAs\":[\"http:\/\/www.hotelhouse.cz\"],\"url\":\"https:\/\/hotelhouse.cz\/index.php\/author\/mirvan\/\"}]}<\/script>\n<!-- \/ Yoast SEO plugin. -->","yoast_head_json":{"title":"Na st\u0159e\u0161e libe\u0148sk\u00e9 Galerie Harfa se otev\u0159el nov\u00fd multifunk\u010dn\u00ed prostor Terasy Harfa - HOTELHOUSE.cz","robots":{"index":"index","follow":"follow","max-snippet":"max-snippet:-1","max-image-preview":"max-image-preview:large","max-video-preview":"max-video-preview:-1"},"canonical":"https:\/\/hotelhouse.cz\/index.php\/2020\/07\/08\/na-strese-libenske-galerie-harfa-se-otevrel-novy-multifunkcni-prostor-terasy-harfa\/","og_locale":"cs_CZ","og_type":"article","og_title":"Na st\u0159e\u0161e libe\u0148sk\u00e9 Galerie Harfa se otev\u0159el nov\u00fd multifunk\u010dn\u00ed prostor Terasy Harfa - HOTELHOUSE.cz","og_description":"V\u00fdte\u010dn\u00e9 j\u00eddlo, sv\u011b\u017e\u00ed alkoholick\u00e9 i nealko drinky, z\u00e1bava pro v\u0161echny generace pod otev\u0159en\u00fdm nebem\u2026 Nen\u00ed mnoho p\u0159\u00edjemn\u011bj\u0161\u00edch zp\u016fsob\u016f, jak si u\u017e\u00edt l\u00e9to v\u00a0metropoli, ne\u017e na Teras\u00e1ch Harfa! Nov\u00fd multifunk\u010dn\u00ed? prostor je od za\u010d\u00e1tku pr\u00e1zdnin&#46;&#46;&#46;","og_url":"https:\/\/hotelhouse.cz\/index.php\/2020\/07\/08\/na-strese-libenske-galerie-harfa-se-otevrel-novy-multifunkcni-prostor-terasy-harfa\/","og_site_name":"HOTELHOUSE.cz","article_published_time":"2020-07-07T23:04:13+00:00","article_modified_time":"2020-07-07T23:04:15+00:00","og_image":[{"width":1950,"height":1300,"url":"https:\/\/hotelhouse.cz\/wp-content\/uploads\/2020\/07\/02-Terasy-Harfa.jpg","type":"image\/jpeg"}],"author":"Van\u011bk Miroslav","twitter_card":"summary_large_image","twitter_misc":{"Napsal(a)":"Van\u011bk Miroslav","Odhadovan\u00e1 doba \u010dten\u00ed":"2 minuty"},"schema":{"@context":"https:\/\/schema.org","@graph":[{"@type":"Article","@id":"https:\/\/hotelhouse.cz\/index.php\/2020\/07\/08\/na-strese-libenske-galerie-harfa-se-otevrel-novy-multifunkcni-prostor-terasy-harfa\/#article","isPartOf":{"@id":"https:\/\/hotelhouse.cz\/index.php\/2020\/07\/08\/na-strese-libenske-galerie-harfa-se-otevrel-novy-multifunkcni-prostor-terasy-harfa\/"},"author":{"name":"Van\u011bk Miroslav","@id":"https:\/\/hotelhouse.cz\/#\/schema\/person\/fa8caee3f0a9c6134afed3c541204812"},"headline":"Na st\u0159e\u0161e libe\u0148sk\u00e9 Galerie Harfa se otev\u0159el nov\u00fd multifunk\u010dn\u00ed prostor Terasy Harfa","datePublished":"2020-07-07T23:04:13+00:00","dateModified":"2020-07-07T23:04:15+00:00","mainEntityOfPage":{"@id":"https:\/\/hotelhouse.cz\/index.php\/2020\/07\/08\/na-strese-libenske-galerie-harfa-se-otevrel-novy-multifunkcni-prostor-terasy-harfa\/"},"wordCount":389,"publisher":{"@id":"https:\/\/hotelhouse.cz\/#organization"},"articleSection":["LOBY &amp; BARY &amp; ALKOHOL","NEWS","RESTAURACE &amp; BISTRA"],"inLanguage":"cs"},{"@type":"WebPage","@id":"https:\/\/hotelhouse.cz\/index.php\/2020\/07\/08\/na-strese-libenske-galerie-harfa-se-otevrel-novy-multifunkcni-prostor-terasy-harfa\/","url":"https:\/\/hotelhouse.cz\/index.php\/2020\/07\/08\/na-strese-libenske-galerie-harfa-se-otevrel-novy-multifunkcni-prostor-terasy-harfa\/","name":"Na st\u0159e\u0161e libe\u0148sk\u00e9 Galerie Harfa se otev\u0159el nov\u00fd multifunk\u010dn\u00ed prostor Terasy Harfa - HOTELHOUSE.cz","isPartOf":{"@id":"https:\/\/hotelhouse.cz\/#website"},"datePublished":"2020-07-07T23:04:13+00:00","dateModified":"2020-07-07T23:04:15+00:00","breadcrumb":{"@id":"https:\/\/hotelhouse.cz\/index.php\/2020\/07\/08\/na-strese-libenske-galerie-harfa-se-otevrel-novy-multifunkcni-prostor-terasy-harfa\/#breadcrumb"},"inLanguage":"cs","potentialAction":[{"@type":"ReadAction","target":["https:\/\/hotelhouse.cz\/index.php\/2020\/07\/08\/na-strese-libenske-galerie-harfa-se-otevrel-novy-multifunkcni-prostor-terasy-harfa\/"]}]},{"@type":"BreadcrumbList","@id":"https:\/\/hotelhouse.cz\/index.php\/2020\/07\/08\/na-strese-libenske-galerie-harfa-se-otevrel-novy-multifunkcni-prostor-terasy-harfa\/#breadcrumb","itemListElement":[{"@type":"ListItem","position":1,"name":"Dom\u016f","item":"https:\/\/hotelhouse.cz\/"},{"@type":"ListItem","position":2,"name":"Na st\u0159e\u0161e libe\u0148sk\u00e9 Galerie Harfa se otev\u0159el nov\u00fd multifunk\u010dn\u00ed prostor Terasy Harfa"}]},{"@type":"WebSite","@id":"https:\/\/hotelhouse.cz\/#website","url":"https:\/\/hotelhouse.cz\/","name":"HOTELHOUSE.cz","description":"Port\u00e1l o hotelech, pensionech, spa resortech a restaurac\u00edch...","publisher":{"@id":"https:\/\/hotelhouse.cz\/#organization"},"potentialAction":[{"@type":"SearchAction","target":{"@type":"EntryPoint","urlTemplate":"https:\/\/hotelhouse.cz\/?s={search_term_string}"},"query-input":"required name=search_term_string"}],"inLanguage":"cs"},{"@type":"Organization","@id":"https:\/\/hotelhouse.cz\/#organization","name":"HOTELHOUSE.cz","url":"https:\/\/hotelhouse.cz\/","logo":{"@type":"ImageObject","inLanguage":"cs","@id":"https:\/\/hotelhouse.cz\/#\/schema\/logo\/image\/","url":"https:\/\/hotelhouse.cz\/wp-content\/uploads\/2024\/12\/cropped-Logo_HotelHouse-2.jpg","contentUrl":"https:\/\/hotelhouse.cz\/wp-content\/uploads\/2024\/12\/cropped-Logo_HotelHouse-2.jpg","width":933,"height":516,"caption":"HOTELHOUSE.cz"},"image":{"@id":"https:\/\/hotelhouse.cz\/#\/schema\/logo\/image\/"},"sameAs":["https:\/\/www.instagram.com\/hotelhousecz\/"]},{"@type":"Person","@id":"https:\/\/hotelhouse.cz\/#\/schema\/person\/fa8caee3f0a9c6134afed3c541204812","name":"Van\u011bk Miroslav","image":{"@type":"ImageObject","inLanguage":"cs","@id":"https:\/\/hotelhouse.cz\/#\/schema\/person\/image\/","url":"https:\/\/secure.gravatar.com\/avatar\/cc93dbecbfc820d69a964ea4a1c72377?s=96&d=mm&r=g","contentUrl":"https:\/\/secure.gravatar.com\/avatar\/cc93dbecbfc820d69a964ea4a1c72377?s=96&d=mm&r=g","caption":"Van\u011bk Miroslav"},"sameAs":["http:\/\/www.hotelhouse.cz"],"url":"https:\/\/hotelhouse.cz\/index.php\/author\/mirvan\/"}]}},"_links":{"self":[{"href":"https:\/\/hotelhouse.cz\/index.php\/wp-json\/wp\/v2\/posts\/1516"}],"collection":[{"href":"https:\/\/hotelhouse.cz\/index.php\/wp-json\/wp\/v2\/posts"}],"about":[{"href":"https:\/\/hotelhouse.cz\/index.php\/wp-json\/wp\/v2\/types\/post"}],"author":[{"embeddable":true,"href":"https:\/\/hotelhouse.cz\/index.php\/wp-json\/wp\/v2\/users\/3"}],"replies":[{"embeddable":true,"href":"https:\/\/hotelhouse.cz\/index.php\/wp-json\/wp\/v2\/comments?post=1516"}],"version-history":[{"count":1,"href":"https:\/\/hotelhouse.cz\/index.php\/wp-json\/wp\/v2\/posts\/1516\/revisions"}],"predecessor-version":[{"id":1526,"href":"https:\/\/hotelhouse.cz\/index.php\/wp-json\/wp\/v2\/posts\/1516\/revisions\/1526"}],"wp:featuredmedia":[{"embeddable":true,"href":"https:\/\/hotelhouse.cz\/index.php\/wp-json\/wp\/v2\/media\/1518"}],"wp:attachment":[{"href":"https:\/\/hotelhouse.cz\/index.php\/wp-json\/wp\/v2\/media?parent=1516"}],"wp:term":[{"taxonomy":"category","embeddable":true,"href":"https:\/\/hotelhouse.cz\/index.php\/wp-json\/wp\/v2\/categories?post=1516"},{"taxonomy":"post_tag","embeddable":true,"href":"https:\/\/hotelhouse.cz\/index.php\/wp-json\/wp\/v2\/tags?post=1516"}],"curies":[{"name":"wp","href":"https:\/\/api.w.org\/{rel}","templated":true}]}}