{"id":1637,"date":"2020-08-31T00:01:04","date_gmt":"2020-08-30T22:01:04","guid":{"rendered":"https:\/\/hotelhouse.cz\/?p=1637"},"modified":"2020-08-30T20:28:16","modified_gmt":"2020-08-30T18:28:16","slug":"festival-open-house-praha-2020-zacina-uz-1-zari-doprovodnym-programem","status":"publish","type":"post","link":"https:\/\/hotelhouse.cz\/index.php\/2020\/08\/31\/festival-open-house-praha-2020-zacina-uz-1-zari-doprovodnym-programem\/","title":{"rendered":"Festival Open House Praha 2020 za\u010d\u00edn\u00e1 u\u017e 1. z\u00e1\u0159\u00ed doprovodn\u00fdm programem"},"content":{"rendered":"\n<p><strong>\u0160est\u00fd ro\u010dn\u00edk festivalu Open House Praha 2020 prob\u011bhne tentokr\u00e1t kv\u016fli pandemii koronaviru za netradi\u010dn\u00edch okolnost\u00ed. U\u017e v \u00fater\u00fd 1. z\u00e1\u0159\u00ed bude festival zah\u00e1jen doprovodn\u00fdm programem, kter\u00fd se ponese v komorn\u00edm duchu.<em> <\/em><\/strong><\/p>\n\n\n\n<p><em>\u201eRozhodli jsme se reagovat na aktu\u00e1ln\u00ed situaci s\u00e9ri\u00ed tematick\u00fdch akc\u00ed, kter\u00e9 roz\u0161i\u0159uj\u00ed hlavn\u00ed program festivalu a nech\u00e1vaj\u00ed n\u00e1v\u0161t\u011bvn\u00edky za\u017e\u00edvat architekturu jinak,\u201c <\/em>\u0159\u00edk\u00e1 \u0159editelka festivalu Andrea \u0160enky\u0159\u00edkov\u00e1. <\/p>\n\n\n\n<p>Site-specific hudebn\u00ed a tane\u010dn\u00ed performance, debata, filmov\u00e1 projekce, proch\u00e1zky a dal\u0161\u00ed akce \u010dekaj\u00ed ve\u0159ejnost v&nbsp;r\u016fzn\u00fdch festivalov\u00fdch objektech. V&nbsp;dom\u011b <a href=\"https:\/\/www.openhousepraha.cz\/budova\/?key=81\"><u><strong>Radost<\/strong><\/u><\/a><a href=\"https:\/\/www.openhousepraha.cz\/budova\/?key=81\"><\/a>se od \u00fater\u00fd 1. z\u00e1\u0159\u00ed otev\u0159e<strong> festivalov\u00e9 infocentrum<\/strong>, kde bude mo\u017en\u00e9 si zakoupit ti\u0161t\u011bn\u00e9ho pr\u016fvodce. O v\u00edkendu <strong>5. a 6. z\u00e1\u0159\u00ed <\/strong>bude zdarma zp\u0159\u00edstupn\u011bno <strong>v\u00edce ne\u017e 70&nbsp;objekt\u016f<\/strong> po cel\u00e9 Praze, od historick\u00fdch \u010di industri\u00e1ln\u00edch pam\u00e1tek, po modern\u00ed kancel\u00e1\u0159sk\u00e9 \u010di&nbsp;reziden\u010dn\u00ed budovy a prostory.<\/p>\n\n\n\n<figure class=\"wp-block-image size-large\"><img decoding=\"async\" src=\"https:\/\/homemagazine.cz\/wp-content\/uploads\/2020\/08\/CSOB_Kampus_Radlicka_exterier_foto_Tomas_Sysel-022-840x560.jpg\" alt=\"\" class=\"wp-image-1233\"\/><\/figure>\n\n\n\n<h3 class=\"wp-block-heading\"><strong>V\u00fdb\u011br z doprovodn\u00e9ho programu<\/strong><\/h3>\n\n\n\n<p>Nad\u0161en\u00ed z pozn\u00e1v\u00e1n\u00ed nov\u00fdch m\u00edst spojilo organiz\u00e1tory s hudebn\u00edky z uskupen\u00ed <a href=\"https:\/\/vaznyzajem.cz\/\"><u>V\u00e1\u017en\u00fd z\u00e1jem<\/u><\/a>, jejich\u017e hlavn\u00ed aktivitou je po\u0159\u00e1d\u00e1n\u00ed koncert\u016f v\u00e1\u017en\u00e9 hudby v neobvykl\u00fdch lokalit\u00e1ch, jako t\u0159eba v nemocnici, obchod\u011b \u010di byt\u011b. Festival zah\u00e1j\u00ed v \u00fater\u00fd <strong>1. z\u00e1\u0159\u00ed <\/strong>od <strong>16.00 hodin<\/strong> koncert v kubistick\u00e9 zahrad\u011b <strong>Kova\u0159ovicovy vily<\/strong>. Hudebn\u00edci vystoup\u00ed pak je\u0161t\u011b dvakr\u00e1t, v d\u00edln\u011b <strong>Braasi Factory<\/strong> v Hole\u0161ovic\u00edch a v budov\u011b b\u00fdval\u00e9ho <strong>V\u0161eobecn\u00e9ho penzijn\u00edho \u00fastavu<\/strong> na \u017di\u017ekov\u011b. Spiritu\u00e1ln\u00ed prostory <strong>Pra\u017esk\u00e9 k\u0159i\u017eovatky <\/strong>zase inspirovaly tane\u010dnici Jitku \u010cechovou z uskupen\u00ed <a href=\"http:\/\/www.praguepulsar.cz\/\"><u>Pulsar<\/u><\/a>, kter\u00e1 se p\u0159edstav\u00ed v \u00fater\u00fd<strong> 1.&nbsp;z\u00e1\u0159\u00ed<\/strong> od<strong> 19.00&nbsp;hodin<\/strong> v&nbsp;kr\u00e1tk\u00e9m s\u00f3lov\u00e9m v\u00fdstupu <a href=\"https:\/\/www.openhousepraha.cz\/2020\/08\/06\/de-profundis\/\"><em><u><strong>De Profundis<\/strong><\/u><\/em><\/a>s&nbsp;\u017eiv\u00fdm hudebn\u00edm doprovodem. Sou\u010d\u00e1st\u00ed programu je ve\u010dern\u00ed komentovan\u00e1 prohl\u00eddka kostela sv.&nbsp;Anny, na jeho\u017e rekonstrukci se pod\u00edlela architektka a patronka festivalu Eva Ji\u0159i\u010dn\u00e1. Leto\u0161n\u00ed tematick\u00fd okruh <a href=\"https:\/\/www.openhousepraha.cz\/festival\/tematicky-okruh-budovy-ozivajici\/\"><u>Budovy o\u017e\u00edvaj\u00edc\u00ed<\/u><\/a>dopln\u00ed ve st\u0159edu <strong>2. z\u00e1\u0159\u00ed <\/strong>od<strong> 18.30 hodin<\/strong>&nbsp;debata <a href=\"https:\/\/www.openhousepraha.cz\/2020\/08\/07\/city-makers-jak-ozivaji-prazdne-domy\/\"><em><u><strong>City Makers \u2013 Jak o\u017e\u00edvaj\u00ed pr\u00e1zdn\u00e9 domy?<\/strong><\/u><\/em><\/a>, kter\u00e1 se uskute\u010dn\u00ed v dom\u011b Radost. Hosty debaty jsou mimo jin\u00e9 z\u00e1stupci z \u0159ad zapojen\u00fdch budov, nap\u0159\u00edklad Mat\u011bj Velek (ze spolku Pra\u017esk\u00e9 centrum, Kas\u00e1rna Karl\u00edn), Martin Louda (z&nbsp;domu Radost), Michal To\u0161ovsk\u00fd (z Pra\u017esk\u00e9 tr\u017enice), nebo Petr Zeman (ze spolku Pr\u00e1zdn\u00e9 domy a z\u00e1rove\u0148 \u010dlen zastupitelstva Magistr\u00e1tu hl. m\u011bsta Prahy). Jedn\u00edm z are\u00e1l\u016f, kter\u00fd v bl\u00edzk\u00e9 budoucnosti \u010dek\u00e1 revitalizace je <a href=\"https:\/\/www.openhousepraha.cz\/budova\/?key=68\"><u><strong>Pra\u017esk\u00e1 tr\u017enice<\/strong><\/u><\/a>. U&nbsp;p\u0159\u00edle\u017eitosti 125. v\u00fdro\u010d\u00ed vzniku tohoto b\u00fdval\u00e9ho are\u00e1lu \u00dast\u0159edn\u00edch jatek kr\u00e1lovsk\u00e9ho m\u011bsta Prahy si organiz\u00e1to\u0159i p\u0159ipravili ve \u010dtvrtek<strong> 3. z\u00e1\u0159\u00ed <\/strong>od <strong>18.00 hodin<\/strong> speci\u00e1ln\u00ed <a href=\"https:\/\/www.openhousepraha.cz\/2020\/08\/08\/prazska-trznice-casy-minule-i-budouci\/\"><u>proch\u00e1zku<\/u><\/a> s&nbsp;architektem Petrem Ku\u010derou v\u011bnovanou historii i budoucnosti. Informace o&nbsp;v\u0161ech akc\u00edch doprovodn\u00e9ho programu a&nbsp;mo\u017enostech jejich rezervace jsou k dispozici na: <a href=\"https:\/\/www.openhousepraha.cz\/kalendar-akci\/\"><u>www.openhousepraha.cz\/kalendar-akci\/<\/u><\/a>.<\/p>\n\n\n\n<figure class=\"wp-block-image size-large\"><img decoding=\"async\" src=\"https:\/\/homemagazine.cz\/wp-content\/uploads\/2020\/08\/Palac_ARA_HubHub_foto_Jan_Faukner-1-840x560.jpg\" alt=\"\" class=\"wp-image-1248\"\/><\/figure>\n\n\n\n<h3 class=\"wp-block-heading\"><strong>Hlavn\u00ed program<\/strong><\/h3>\n\n\n\n<p>V\u00edkendov\u00fd sv\u00e1tek architektury p\u0159edstav\u00ed celkem <strong>30 budov a prostor\u016f<\/strong>, kter\u00e9 se letos zapojuj\u00ed do Open House Praha \u00fapln\u011b poprv\u00e9.<em> \u201eDoporu\u010dujeme n\u00e1v\u0161t\u011bvn\u00edk\u016fm, aby vyu\u017eili p\u0159\u00edle\u017eitost a zav\u00edtali na prohl\u00eddku budov i v okrajov\u00fdch m\u011bstsk\u00fdch \u010d\u00e1stech jako jsou Star\u00e9 \u010e\u00e1blice, Stra\u0161nice \u010di Nusle, kde jsme se v r\u00e1mci programu sna\u017eili vytvo\u0159it p\u0159\u00edjemn\u00e9 proch\u00e1zkov\u00e9 okruhy,\u201c <\/em>\u0159\u00edk\u00e1 \u0159editelka festivalu Andrea \u0160enky\u0159\u00edkov\u00e1. V Nusl\u00edch se n\u00e1v\u0161t\u011bvn\u00edci mohou t\u011b\u0161it nap\u0159\u00edklad na <a href=\"https:\/\/www.openhousepraha.cz\/budova\/?key=56\"><u><strong>Nuselskou radnici<\/strong><\/u><\/a>, are\u00e1l <a href=\"https:\/\/www.openhousepraha.cz\/budova\/?key=57\"><u><strong>Nuselsk\u00e9ho pivovaru<\/strong><\/u><\/a>, <a href=\"https:\/\/www.openhousepraha.cz\/budova\/?key=14\"><u><strong>Divadlo Na Fidlova\u010dce<\/strong><\/u><\/a> a b\u00fdval\u00fd Pal\u00e1c kultury, dnes <a href=\"https:\/\/www.openhousepraha.cz\/budova\/?key=38\"><u><strong>Kongresov\u00e9 centrum Praha<\/strong><\/u><\/a>. Tradi\u010dn\u00edm t\u00e9matem je i <strong>funer\u00e1ln\u00ed architektura<\/strong>. <em>\u201eSna\u017e\u00edme se lidi p\u0159iv\u00e1d\u011bt i na m\u00edsta, se kter\u00fdmi se poj\u00ed siln\u00e9 p\u0159\u00edb\u011bhy. D\u00edky komentovan\u00fdm prohl\u00eddk\u00e1m h\u0159bitov\u016f, hrobek \u010di krematoria m\u00e1me mo\u017enost si p\u0159ipomenout spletitou minulost na\u0161\u00ed zem\u011b a ukotvit tak l\u00e9pe na\u0161i sou\u010dasnou existenci,\u201c <\/em>dod\u00e1v\u00e1 k dramaturgii Andrea \u0160enky\u0159\u00edkov\u00e1. Leto\u0161n\u00edm <a href=\"https:\/\/www.openhousepraha.cz\/festival\/tematicky-okruh-budovy-ozivajici\/\"><u>tematick\u00fd okruh<\/u><\/a> je pak v\u011bnovan\u00fd ch\u00e1traj\u00edc\u00edm budov\u00e1m \u010di are\u00e1l\u016fm, do kter\u00fdch se postupn\u011b vrac\u00ed \u017eivot. Vstup do v\u0161ech budov \u010di are\u00e1l\u016f je <strong>zdarma bez nutnosti p\u0159edchoz\u00ed rezervace<\/strong>. Trasu je mo\u017en\u00e9 si i letos napl\u00e1novat d\u00edky spojen\u00ed s <a href=\"https:\/\/mapy.cz\/\"><u>Mapy.cz<\/u><\/a>, kde budou v t\u00fddnu p\u0159ed festivalem a o v\u00edkendu k&nbsp;dohled\u00e1n\u00ed v\u0161echny festivalov\u00e9 objekty. <\/p>\n\n\n\n<p><strong>Cel\u00fd program na: <a href=\"https:\/\/www.openhousepraha.cz\/festival\/https:\/\/www.openhousepraha.cz\/festival\/\"><u>www.openhousepraha.cz\/festival<\/u><\/a>.<\/strong><\/p>\n\n\n\n<figure class=\"wp-block-image size-large\"><img decoding=\"async\" src=\"https:\/\/homemagazine.cz\/wp-content\/uploads\/2020\/08\/Petschkuv_palac_20190519_foto_Vaclav_Zizka\u201309-840x560.jpg\" alt=\"\" class=\"wp-image-1250\"\/><\/figure>\n\n\n\n<h3 class=\"wp-block-heading\"><strong>Architektura pro v\u0161echny<\/strong><\/h3>\n\n\n\n<p>Mottem leto\u0161n\u00edho ro\u010dn\u00edku festivalu je\u201eArchitektura pro v\u0161echny\u201c. <em>\u201eJe m\u00fdm velk\u00fdm pot\u011b\u0161en\u00edm, \u017ee krom\u011b nesly\u0161\u00edc\u00edch n\u00e1v\u0161t\u011bvn\u00edk\u016f, kter\u00fdm jsme p\u0159ipravili prohl\u00eddky budov u\u017e v pr\u016fb\u011bhu p\u0159edchoz\u00edch dvou ro\u010dn\u00edk\u016f festivalu, letos poprv\u00e9 budeme moci d\u00edky dal\u0161\u00edm spolupracuj\u00edc\u00edm odborn\u00edk\u016fm a partner\u016fm pozvat na speci\u00e1ln\u00ed komentovan\u00e9 prohl\u00eddky i&nbsp;n\u00e1v\u0161t\u011bvn\u00edky se zrakov\u00fdm posti\u017een\u00edm,\u201c<\/em> \u0159\u00edk\u00e1 \u0159editelka festivalu Andrea \u0160enky\u0159\u00edkov\u00e1. Prohl\u00eddky se uskute\u010dn\u00ed v sedmi budov\u00e1ch a prostorech a jsou k nim p\u0159ipraveny i&nbsp;<strong>haptick\u00e9 pl\u00e1ny budov a jejich okol\u00ed <\/strong>a<strong> 3D model <\/strong>jednoho z objekt\u016f. <\/p>\n\n\n\n<p>Informace o&nbsp;prohl\u00eddk\u00e1ch pro n\u00e1v\u0161t\u011bvn\u00edky s hendikepem jsou k&nbsp;dispozici na: <a href=\"https:\/\/www.openhousepraha.cz\/festival\/bez-barier\/\"><u>www.openhousepraha.cz\/festival\/bez-barier\/<\/u><\/a>.<\/p>\n\n\n\n<figure class=\"wp-block-image size-large\"><img decoding=\"async\" src=\"https:\/\/homemagazine.cz\/wp-content\/uploads\/2020\/08\/OHP_deti_foto_Dusan_Vondra-2-840x560.jpg\" alt=\"\" class=\"wp-image-1246\"\/><\/figure>\n\n\n\n<h3 class=\"wp-block-heading\"><strong>Program pro rodiny s d\u011btmi<\/strong><\/h3>\n\n\n\n<p>Ani letos nezapom\u00ednaj\u00ed organiz\u00e1to\u0159i na d\u011bti, pro kter\u00e9 je ur\u010dena<strong> lego d\u00edlna <\/strong>v prostor\u00e1ch <strong>domu Radost <\/strong>na \u017di\u017ekov\u011b, kter\u00e1 bude otev\u0159ena zdarma po cel\u00fd festivalov\u00fd v\u00edkend od 10.00 do 18.00 hodin. Ze z\u00e1plavy lego kostek si zde mal\u00ed i velc\u00ed nad\u0161enci mohou postavit d\u016fm sv\u00fdch sn\u016f. Zav\u00edtat sem mohou i ti nejmen\u0161\u00ed stavitel\u00e9, na kter\u00e9 zde \u010dek\u00e1 d\u00edlni\u010dka s duplo kostkami. V osmi vybran\u00fdch budov\u00e1ch jsou pak p\u0159ipraveny pro d\u011bti od 5&nbsp;let komentovan\u00e9 prohl\u00eddky, v r\u00e1mci kter\u00fdch se d\u011bti z\u00e1bavnou formou sezn\u00e1m\u00ed s&nbsp;konkr\u00e9tn\u00ed stavbou. Na prohl\u00eddky<strong> nen\u00ed t\u0159eba se p\u0159edem registrovat<\/strong>. V\u00edce o programu pro d\u011bti k nalezen\u00ed na: <a href=\"https:\/\/www.openhousepraha.cz\/festival\/program-pro-deti\/\"><u>www.openhousepraha.cz\/festival\/program-pro-deti\/<\/u><\/a>.<\/p>\n\n\n\n<figure class=\"wp-block-image size-large\"><img decoding=\"async\" src=\"https:\/\/homemagazine.cz\/wp-content\/uploads\/2020\/08\/Dum_Radost_Cafe_Radost_foto_Jakub-\u010cu\u0161ka-5-840x555.jpg\" alt=\"\" class=\"wp-image-1235\"\/><\/figure>\n\n\n\n<h3 class=\"wp-block-heading\"><strong>Bezpe\u010dnostn\u00ed opat\u0159en\u00ed<\/strong><\/h3>\n\n\n\n<p>Organizace provozu v otev\u0159en\u00fdch budov\u00e1ch bude p\u0159izp\u016fsobena <a href=\"https:\/\/www.vlada.cz\/cz\/epidemie-koronaviru\/dulezite-informace\/mimoradna-opatreni-_-co-aktualne-plati-180234\/\"><u><strong>aktu\u00e1ln\u00edm na\u0159\u00edzen\u00edm vl\u00e1dy<\/strong><\/u><\/a> a informace budou pro n\u00e1v\u0161t\u011bvn\u00edky k dispozici p\u0159edem na webov\u00fdch str\u00e1nk\u00e1ch i&nbsp;p\u0159\u00edmo v jednotliv\u00fdch objektech. <em>\u201eProhl\u00eddky prob\u00edhaj\u00ed ve v\u011bt\u0161in\u011b zapojen\u00fdch dom\u016f pr\u016fb\u011b\u017en\u011b, ve skupin\u00e1ch omezen\u00e9 velikosti, n\u00e1v\u0161t\u011bvn\u00edci proto nemus\u00ed m\u00edt obavy o svou bezpe\u010dnost,\u201c<\/em> \u0159\u00edk\u00e1 Andrea \u0160enky\u0159\u00edkov\u00e1. <\/p>\n\n\n\n<p>Informace k bezpe\u010dnostn\u00edm opat\u0159en\u00edm pro n\u00e1v\u0161t\u011bvn\u00edky jsou pr\u016fb\u011b\u017en\u011b aktualizov\u00e1ny na: <a href=\"https:\/\/www.openhousepraha.cz\/bezpecnost\/\"><u>www.openhousepraha.cz\/bezpecnost\/<\/u><\/a>.<\/p>\n\n\n\n<h3 class=\"wp-block-heading\"><strong>Infocentrum<\/strong><\/h3>\n\n\n\n<p>Festivalov\u00e9 infocentrum se nach\u00e1z\u00ed v <strong>dom\u011b Radost<\/strong>, n\u00e1m. Winstona Churchilla 1800\/2, Praha 3, a je otev\u0159en\u00e9 od<strong> 1. z\u00e1\u0159\u00ed <\/strong>ve v\u0161edn\u00edch dnech od 10.00 do 18.00 hodin a&nbsp;o&nbsp;v\u00edkendu od 9.00 do 19.00 hodin. Dal\u0161\u00ed praktick\u00e9 informace jsou k dispozici na: <a href=\"https:\/\/www.openhousepraha.cz\/festival\/prakticke-informace\/\"><u>www.openhousepraha.cz\/festival\/prakticke-informace\/<\/u><\/a>.<\/p>\n\n\n\n<h3 class=\"wp-block-heading\"><strong>Dobrovoln\u00edci<\/strong><\/h3>\n\n\n\n<p>Festival by se neobe\u0161el <strong>bez stovek dobrovoln\u00edk\u016f<\/strong> z \u0159ad ve\u0159ejnosti i zapojen\u00fdch budov, kte\u0159\u00ed zaji\u0161\u0165uj\u00ed prohl\u00eddky i plynul\u00fd provoz v otev\u0159en\u00fdch objektech. Jejich n\u00e1bor prob\u00edh\u00e1 a\u017e do posledn\u00ed chv\u00edle na: <a href=\"https:\/\/www.openhousepraha.cz\/stante-se-dobrovolnikem\/\"><u>www.openhousepraha.cz\/stante-se-dobrovolnikem\/<\/u><\/a>.<\/p>\n\n\n\n<h3 class=\"wp-block-heading\"><strong>Open House Worldwide<\/strong><\/h3>\n\n\n\n<p>Open House Praha je sou\u010d\u00e1st\u00ed <strong>mezin\u00e1rodn\u00ed s\u00edt\u011b festival\u016f <\/strong><a href=\"http:\/\/www.openhouseworldwide.org\/\"><u>Open House Worldwide<\/u><\/a>, kter\u00e9 se konaj\u00ed ve <strong>46 m\u011bstech<\/strong> po cel\u00e9m sv\u011bt\u011b. Prvn\u00ed celosv\u011btov\u00fd Open House Global online event se uskute\u010dn\u00ed <strong>14. a 15. listopadu 2020<\/strong>.<\/p>\n\n\n\n<div style=\"height:20px\" aria-hidden=\"true\" class=\"wp-block-spacer\"><\/div>\n\n\n\n<ul class=\"wp-block-gallery columns-2 is-cropped wp-block-gallery-1 is-layout-flex wp-block-gallery-is-layout-flex\"><li class=\"blocks-gallery-item\"><figure><img decoding=\"async\" loading=\"lazy\" width=\"1024\" height=\"683\" src=\"https:\/\/hotelhouse.cz\/wp-content\/uploads\/2020\/08\/Braasi_Factory_interier_foto_Jan_Kasl-5-1024x683.jpg\" alt=\"\" data-id=\"1638\" data-link=\"https:\/\/hotelhouse.cz\/?attachment_id=1638\" class=\"wp-image-1638\" srcset=\"https:\/\/hotelhouse.cz\/wp-content\/uploads\/2020\/08\/Braasi_Factory_interier_foto_Jan_Kasl-5-1024x683.jpg 1024w, https:\/\/hotelhouse.cz\/wp-content\/uploads\/2020\/08\/Braasi_Factory_interier_foto_Jan_Kasl-5-300x200.jpg 300w, https:\/\/hotelhouse.cz\/wp-content\/uploads\/2020\/08\/Braasi_Factory_interier_foto_Jan_Kasl-5-768x512.jpg 768w, https:\/\/hotelhouse.cz\/wp-content\/uploads\/2020\/08\/Braasi_Factory_interier_foto_Jan_Kasl-5.jpg 1800w\" sizes=\"(max-width: 1024px) 100vw, 1024px\" \/><\/figure><\/li><li class=\"blocks-gallery-item\"><figure><img decoding=\"async\" loading=\"lazy\" width=\"1024\" height=\"683\" src=\"https:\/\/hotelhouse.cz\/wp-content\/uploads\/2020\/08\/CSOB_Kampus_Radlicka_exterier_foto_Tomas_Sysel-022-1024x683.jpg\" alt=\"\" data-id=\"1639\" data-link=\"https:\/\/hotelhouse.cz\/?attachment_id=1639\" class=\"wp-image-1639\" srcset=\"https:\/\/hotelhouse.cz\/wp-content\/uploads\/2020\/08\/CSOB_Kampus_Radlicka_exterier_foto_Tomas_Sysel-022-1024x683.jpg 1024w, https:\/\/hotelhouse.cz\/wp-content\/uploads\/2020\/08\/CSOB_Kampus_Radlicka_exterier_foto_Tomas_Sysel-022-300x200.jpg 300w, https:\/\/hotelhouse.cz\/wp-content\/uploads\/2020\/08\/CSOB_Kampus_Radlicka_exterier_foto_Tomas_Sysel-022-768x512.jpg 768w, https:\/\/hotelhouse.cz\/wp-content\/uploads\/2020\/08\/CSOB_Kampus_Radlicka_exterier_foto_Tomas_Sysel-022.jpg 1800w\" sizes=\"(max-width: 1024px) 100vw, 1024px\" \/><\/figure><\/li><li class=\"blocks-gallery-item\"><figure><img decoding=\"async\" loading=\"lazy\" width=\"1024\" height=\"683\" src=\"https:\/\/hotelhouse.cz\/wp-content\/uploads\/2020\/08\/Divadlo_Na_Fidlovacce_exterier_foto_Tomas_Sysel-003-1024x683.jpg\" alt=\"\" data-id=\"1640\" data-link=\"https:\/\/hotelhouse.cz\/?attachment_id=1640\" class=\"wp-image-1640\" srcset=\"https:\/\/hotelhouse.cz\/wp-content\/uploads\/2020\/08\/Divadlo_Na_Fidlovacce_exterier_foto_Tomas_Sysel-003-1024x683.jpg 1024w, https:\/\/hotelhouse.cz\/wp-content\/uploads\/2020\/08\/Divadlo_Na_Fidlovacce_exterier_foto_Tomas_Sysel-003-300x200.jpg 300w, https:\/\/hotelhouse.cz\/wp-content\/uploads\/2020\/08\/Divadlo_Na_Fidlovacce_exterier_foto_Tomas_Sysel-003-768x512.jpg 768w, https:\/\/hotelhouse.cz\/wp-content\/uploads\/2020\/08\/Divadlo_Na_Fidlovacce_exterier_foto_Tomas_Sysel-003.jpg 1800w\" sizes=\"(max-width: 1024px) 100vw, 1024px\" \/><\/figure><\/li><li class=\"blocks-gallery-item\"><figure><img decoding=\"async\" loading=\"lazy\" width=\"1024\" height=\"677\" src=\"https:\/\/hotelhouse.cz\/wp-content\/uploads\/2020\/08\/Dum_Radost_Cafe_Radost_foto_Jakub-\u010cu\u0161ka-5-1024x677.jpg\" alt=\"\" data-id=\"1641\" data-link=\"https:\/\/hotelhouse.cz\/?attachment_id=1641\" class=\"wp-image-1641\" srcset=\"https:\/\/hotelhouse.cz\/wp-content\/uploads\/2020\/08\/Dum_Radost_Cafe_Radost_foto_Jakub-\u010cu\u0161ka-5-1024x677.jpg 1024w, https:\/\/hotelhouse.cz\/wp-content\/uploads\/2020\/08\/Dum_Radost_Cafe_Radost_foto_Jakub-\u010cu\u0161ka-5-300x198.jpg 300w, https:\/\/hotelhouse.cz\/wp-content\/uploads\/2020\/08\/Dum_Radost_Cafe_Radost_foto_Jakub-\u010cu\u0161ka-5-768x508.jpg 768w, https:\/\/hotelhouse.cz\/wp-content\/uploads\/2020\/08\/Dum_Radost_Cafe_Radost_foto_Jakub-\u010cu\u0161ka-5.jpg 1815w\" sizes=\"(max-width: 1024px) 100vw, 1024px\" \/><\/figure><\/li><li class=\"blocks-gallery-item\"><figure><img decoding=\"async\" loading=\"lazy\" width=\"1024\" height=\"683\" src=\"https:\/\/hotelhouse.cz\/wp-content\/uploads\/2020\/08\/Dum_zemedelske_osvety_Tomas_Sysel-5-1024x683.jpg\" alt=\"\" data-id=\"1642\" data-link=\"https:\/\/hotelhouse.cz\/?attachment_id=1642\" class=\"wp-image-1642\" srcset=\"https:\/\/hotelhouse.cz\/wp-content\/uploads\/2020\/08\/Dum_zemedelske_osvety_Tomas_Sysel-5-1024x683.jpg 1024w, https:\/\/hotelhouse.cz\/wp-content\/uploads\/2020\/08\/Dum_zemedelske_osvety_Tomas_Sysel-5-300x200.jpg 300w, https:\/\/hotelhouse.cz\/wp-content\/uploads\/2020\/08\/Dum_zemedelske_osvety_Tomas_Sysel-5-768x512.jpg 768w, https:\/\/hotelhouse.cz\/wp-content\/uploads\/2020\/08\/Dum_zemedelske_osvety_Tomas_Sysel-5.jpg 1800w\" sizes=\"(max-width: 1024px) 100vw, 1024px\" \/><\/figure><\/li><li class=\"blocks-gallery-item\"><figure><img decoding=\"async\" loading=\"lazy\" width=\"1024\" height=\"683\" src=\"https:\/\/hotelhouse.cz\/wp-content\/uploads\/2020\/08\/Historicky_parnik_Vysehrad_20190519_foto_Tomas_Sapovalov-01-2-1024x683.jpg\" alt=\"\" data-id=\"1643\" data-link=\"https:\/\/hotelhouse.cz\/?attachment_id=1643\" class=\"wp-image-1643\" srcset=\"https:\/\/hotelhouse.cz\/wp-content\/uploads\/2020\/08\/Historicky_parnik_Vysehrad_20190519_foto_Tomas_Sapovalov-01-2-1024x683.jpg 1024w, https:\/\/hotelhouse.cz\/wp-content\/uploads\/2020\/08\/Historicky_parnik_Vysehrad_20190519_foto_Tomas_Sapovalov-01-2-300x200.jpg 300w, https:\/\/hotelhouse.cz\/wp-content\/uploads\/2020\/08\/Historicky_parnik_Vysehrad_20190519_foto_Tomas_Sapovalov-01-2-768x513.jpg 768w, https:\/\/hotelhouse.cz\/wp-content\/uploads\/2020\/08\/Historicky_parnik_Vysehrad_20190519_foto_Tomas_Sapovalov-01-2.jpg 1798w\" sizes=\"(max-width: 1024px) 100vw, 1024px\" \/><\/figure><\/li><li class=\"blocks-gallery-item\"><figure><img decoding=\"async\" loading=\"lazy\" width=\"1024\" height=\"683\" src=\"https:\/\/hotelhouse.cz\/wp-content\/uploads\/2020\/08\/Chranene_zdrav_pracoviste_Thomayerova_nemocnice_foto_Vladimir_Lacena-8-1024x683.jpg\" alt=\"\" data-id=\"1644\" data-link=\"https:\/\/hotelhouse.cz\/?attachment_id=1644\" class=\"wp-image-1644\" srcset=\"https:\/\/hotelhouse.cz\/wp-content\/uploads\/2020\/08\/Chranene_zdrav_pracoviste_Thomayerova_nemocnice_foto_Vladimir_Lacena-8-1024x683.jpg 1024w, https:\/\/hotelhouse.cz\/wp-content\/uploads\/2020\/08\/Chranene_zdrav_pracoviste_Thomayerova_nemocnice_foto_Vladimir_Lacena-8-300x200.jpg 300w, https:\/\/hotelhouse.cz\/wp-content\/uploads\/2020\/08\/Chranene_zdrav_pracoviste_Thomayerova_nemocnice_foto_Vladimir_Lacena-8-768x512.jpg 768w, https:\/\/hotelhouse.cz\/wp-content\/uploads\/2020\/08\/Chranene_zdrav_pracoviste_Thomayerova_nemocnice_foto_Vladimir_Lacena-8.jpg 1800w\" sizes=\"(max-width: 1024px) 100vw, 1024px\" \/><\/figure><\/li><li class=\"blocks-gallery-item\"><figure><img decoding=\"async\" loading=\"lazy\" width=\"1024\" height=\"576\" src=\"https:\/\/hotelhouse.cz\/wp-content\/uploads\/2020\/08\/Kasarny_Karlin_exterier_foto_Tomas_Sysel-009-1024x576.jpg\" alt=\"\" data-id=\"1645\" data-link=\"https:\/\/hotelhouse.cz\/?attachment_id=1645\" class=\"wp-image-1645\" srcset=\"https:\/\/hotelhouse.cz\/wp-content\/uploads\/2020\/08\/Kasarny_Karlin_exterier_foto_Tomas_Sysel-009-1024x576.jpg 1024w, https:\/\/hotelhouse.cz\/wp-content\/uploads\/2020\/08\/Kasarny_Karlin_exterier_foto_Tomas_Sysel-009-300x169.jpg 300w, https:\/\/hotelhouse.cz\/wp-content\/uploads\/2020\/08\/Kasarny_Karlin_exterier_foto_Tomas_Sysel-009-768x432.jpg 768w, https:\/\/hotelhouse.cz\/wp-content\/uploads\/2020\/08\/Kasarny_Karlin_exterier_foto_Tomas_Sysel-009-1140x641.jpg 1140w, https:\/\/hotelhouse.cz\/wp-content\/uploads\/2020\/08\/Kasarny_Karlin_exterier_foto_Tomas_Sysel-009-720x405.jpg 720w, https:\/\/hotelhouse.cz\/wp-content\/uploads\/2020\/08\/Kasarny_Karlin_exterier_foto_Tomas_Sysel-009.jpg 1950w\" sizes=\"(max-width: 1024px) 100vw, 1024px\" \/><\/figure><\/li><li class=\"blocks-gallery-item\"><figure><img decoding=\"async\" loading=\"lazy\" width=\"1024\" height=\"683\" src=\"https:\/\/hotelhouse.cz\/wp-content\/uploads\/2020\/08\/Kongresove_centrum_Praha_exterier_foto_Tomas_Sysel-029-1024x683.jpg\" alt=\"\" data-id=\"1646\" data-link=\"https:\/\/hotelhouse.cz\/?attachment_id=1646\" class=\"wp-image-1646\" srcset=\"https:\/\/hotelhouse.cz\/wp-content\/uploads\/2020\/08\/Kongresove_centrum_Praha_exterier_foto_Tomas_Sysel-029-1024x683.jpg 1024w, https:\/\/hotelhouse.cz\/wp-content\/uploads\/2020\/08\/Kongresove_centrum_Praha_exterier_foto_Tomas_Sysel-029-300x200.jpg 300w, https:\/\/hotelhouse.cz\/wp-content\/uploads\/2020\/08\/Kongresove_centrum_Praha_exterier_foto_Tomas_Sysel-029-768x513.jpg 768w, https:\/\/hotelhouse.cz\/wp-content\/uploads\/2020\/08\/Kongresove_centrum_Praha_exterier_foto_Tomas_Sysel-029.jpg 1798w\" sizes=\"(max-width: 1024px) 100vw, 1024px\" \/><\/figure><\/li><li class=\"blocks-gallery-item\"><figure><img decoding=\"async\" loading=\"lazy\" width=\"1024\" height=\"683\" src=\"https:\/\/hotelhouse.cz\/wp-content\/uploads\/2020\/08\/Kovarovicova_vila_exterier_foto_Tomas_Sysel-019-1024x683.jpg\" alt=\"\" data-id=\"1647\" data-link=\"https:\/\/hotelhouse.cz\/?attachment_id=1647\" class=\"wp-image-1647\" srcset=\"https:\/\/hotelhouse.cz\/wp-content\/uploads\/2020\/08\/Kovarovicova_vila_exterier_foto_Tomas_Sysel-019-1024x683.jpg 1024w, https:\/\/hotelhouse.cz\/wp-content\/uploads\/2020\/08\/Kovarovicova_vila_exterier_foto_Tomas_Sysel-019-300x200.jpg 300w, https:\/\/hotelhouse.cz\/wp-content\/uploads\/2020\/08\/Kovarovicova_vila_exterier_foto_Tomas_Sysel-019-768x513.jpg 768w, https:\/\/hotelhouse.cz\/wp-content\/uploads\/2020\/08\/Kovarovicova_vila_exterier_foto_Tomas_Sysel-019.jpg 1798w\" sizes=\"(max-width: 1024px) 100vw, 1024px\" \/><\/figure><\/li><li class=\"blocks-gallery-item\"><figure><img decoding=\"async\" loading=\"lazy\" width=\"1024\" height=\"683\" src=\"https:\/\/hotelhouse.cz\/wp-content\/uploads\/2020\/08\/Krematorium_Strasnice_20190518_foto_Daniel_Prazak\u201301-1024x683.jpg\" alt=\"\" data-id=\"1648\" data-link=\"https:\/\/hotelhouse.cz\/?attachment_id=1648\" class=\"wp-image-1648\" srcset=\"https:\/\/hotelhouse.cz\/wp-content\/uploads\/2020\/08\/Krematorium_Strasnice_20190518_foto_Daniel_Prazak\u201301-1024x683.jpg 1024w, https:\/\/hotelhouse.cz\/wp-content\/uploads\/2020\/08\/Krematorium_Strasnice_20190518_foto_Daniel_Prazak\u201301-300x200.jpg 300w, https:\/\/hotelhouse.cz\/wp-content\/uploads\/2020\/08\/Krematorium_Strasnice_20190518_foto_Daniel_Prazak\u201301-768x512.jpg 768w, https:\/\/hotelhouse.cz\/wp-content\/uploads\/2020\/08\/Krematorium_Strasnice_20190518_foto_Daniel_Prazak\u201301.jpg 1800w\" sizes=\"(max-width: 1024px) 100vw, 1024px\" \/><\/figure><\/li><li class=\"blocks-gallery-item\"><figure><img decoding=\"async\" loading=\"lazy\" width=\"1024\" height=\"683\" src=\"https:\/\/hotelhouse.cz\/wp-content\/uploads\/2020\/08\/Nuselsky_pivovar_exterier_foto_Tomas_Sysel-009-1024x683.jpg\" alt=\"\" data-id=\"1649\" data-link=\"https:\/\/hotelhouse.cz\/?attachment_id=1649\" class=\"wp-image-1649\" srcset=\"https:\/\/hotelhouse.cz\/wp-content\/uploads\/2020\/08\/Nuselsky_pivovar_exterier_foto_Tomas_Sysel-009-1024x683.jpg 1024w, https:\/\/hotelhouse.cz\/wp-content\/uploads\/2020\/08\/Nuselsky_pivovar_exterier_foto_Tomas_Sysel-009-300x200.jpg 300w, https:\/\/hotelhouse.cz\/wp-content\/uploads\/2020\/08\/Nuselsky_pivovar_exterier_foto_Tomas_Sysel-009-768x512.jpg 768w, https:\/\/hotelhouse.cz\/wp-content\/uploads\/2020\/08\/Nuselsky_pivovar_exterier_foto_Tomas_Sysel-009.jpg 1800w\" sizes=\"(max-width: 1024px) 100vw, 1024px\" \/><\/figure><\/li><li class=\"blocks-gallery-item\"><figure><img decoding=\"async\" loading=\"lazy\" width=\"1024\" height=\"683\" src=\"https:\/\/hotelhouse.cz\/wp-content\/uploads\/2020\/08\/OHP_Bez_barier_neslysici_foto-Du\u0161an_Vondra-1024x683.jpg\" alt=\"\" data-id=\"1650\" data-link=\"https:\/\/hotelhouse.cz\/?attachment_id=1650\" class=\"wp-image-1650\" srcset=\"https:\/\/hotelhouse.cz\/wp-content\/uploads\/2020\/08\/OHP_Bez_barier_neslysici_foto-Du\u0161an_Vondra-1024x683.jpg 1024w, https:\/\/hotelhouse.cz\/wp-content\/uploads\/2020\/08\/OHP_Bez_barier_neslysici_foto-Du\u0161an_Vondra-300x200.jpg 300w, https:\/\/hotelhouse.cz\/wp-content\/uploads\/2020\/08\/OHP_Bez_barier_neslysici_foto-Du\u0161an_Vondra-768x512.jpg 768w, https:\/\/hotelhouse.cz\/wp-content\/uploads\/2020\/08\/OHP_Bez_barier_neslysici_foto-Du\u0161an_Vondra.jpg 1800w\" sizes=\"(max-width: 1024px) 100vw, 1024px\" \/><\/figure><\/li><li class=\"blocks-gallery-item\"><figure><img decoding=\"async\" loading=\"lazy\" width=\"1024\" height=\"683\" src=\"https:\/\/hotelhouse.cz\/wp-content\/uploads\/2020\/08\/OHP_deti_foto_Dusan_Vondra-2-1024x683.jpg\" alt=\"\" data-id=\"1651\" data-link=\"https:\/\/hotelhouse.cz\/?attachment_id=1651\" class=\"wp-image-1651\" srcset=\"https:\/\/hotelhouse.cz\/wp-content\/uploads\/2020\/08\/OHP_deti_foto_Dusan_Vondra-2-1024x683.jpg 1024w, https:\/\/hotelhouse.cz\/wp-content\/uploads\/2020\/08\/OHP_deti_foto_Dusan_Vondra-2-300x200.jpg 300w, https:\/\/hotelhouse.cz\/wp-content\/uploads\/2020\/08\/OHP_deti_foto_Dusan_Vondra-2-768x512.jpg 768w, https:\/\/hotelhouse.cz\/wp-content\/uploads\/2020\/08\/OHP_deti_foto_Dusan_Vondra-2.jpg 1800w\" sizes=\"(max-width: 1024px) 100vw, 1024px\" \/><\/figure><\/li><li class=\"blocks-gallery-item\"><figure><img decoding=\"async\" loading=\"lazy\" width=\"1024\" height=\"683\" src=\"https:\/\/hotelhouse.cz\/wp-content\/uploads\/2020\/08\/Olsansky_hrbitov_\u2013_komplex_hrobek_exterier_foto_Tomas_Sysel-016-1024x683.jpg\" alt=\"\" data-id=\"1652\" data-link=\"https:\/\/hotelhouse.cz\/?attachment_id=1652\" class=\"wp-image-1652\" srcset=\"https:\/\/hotelhouse.cz\/wp-content\/uploads\/2020\/08\/Olsansky_hrbitov_\u2013_komplex_hrobek_exterier_foto_Tomas_Sysel-016-1024x683.jpg 1024w, https:\/\/hotelhouse.cz\/wp-content\/uploads\/2020\/08\/Olsansky_hrbitov_\u2013_komplex_hrobek_exterier_foto_Tomas_Sysel-016-300x200.jpg 300w, https:\/\/hotelhouse.cz\/wp-content\/uploads\/2020\/08\/Olsansky_hrbitov_\u2013_komplex_hrobek_exterier_foto_Tomas_Sysel-016-768x513.jpg 768w, https:\/\/hotelhouse.cz\/wp-content\/uploads\/2020\/08\/Olsansky_hrbitov_\u2013_komplex_hrobek_exterier_foto_Tomas_Sysel-016.jpg 1798w\" sizes=\"(max-width: 1024px) 100vw, 1024px\" \/><\/figure><\/li><li class=\"blocks-gallery-item\"><figure><img decoding=\"async\" loading=\"lazy\" width=\"1024\" height=\"683\" src=\"https:\/\/hotelhouse.cz\/wp-content\/uploads\/2020\/08\/Palac_ARA_HubHub_foto_Jan_Faukner-1-1024x683.jpg\" alt=\"\" data-id=\"1653\" data-link=\"https:\/\/hotelhouse.cz\/?attachment_id=1653\" class=\"wp-image-1653\" srcset=\"https:\/\/hotelhouse.cz\/wp-content\/uploads\/2020\/08\/Palac_ARA_HubHub_foto_Jan_Faukner-1-1024x683.jpg 1024w, https:\/\/hotelhouse.cz\/wp-content\/uploads\/2020\/08\/Palac_ARA_HubHub_foto_Jan_Faukner-1-300x200.jpg 300w, https:\/\/hotelhouse.cz\/wp-content\/uploads\/2020\/08\/Palac_ARA_HubHub_foto_Jan_Faukner-1-768x512.jpg 768w, https:\/\/hotelhouse.cz\/wp-content\/uploads\/2020\/08\/Palac_ARA_HubHub_foto_Jan_Faukner-1.jpg 1800w\" sizes=\"(max-width: 1024px) 100vw, 1024px\" \/><\/figure><\/li><li class=\"blocks-gallery-item\"><figure><img decoding=\"async\" loading=\"lazy\" width=\"1024\" height=\"683\" src=\"https:\/\/hotelhouse.cz\/wp-content\/uploads\/2020\/08\/Palac_Ericsson_20190518_foto_Katerina_Vodrazkova\u201302-1024x683.jpg\" alt=\"\" data-id=\"1654\" data-link=\"https:\/\/hotelhouse.cz\/?attachment_id=1654\" class=\"wp-image-1654\" srcset=\"https:\/\/hotelhouse.cz\/wp-content\/uploads\/2020\/08\/Palac_Ericsson_20190518_foto_Katerina_Vodrazkova\u201302-1024x683.jpg 1024w, https:\/\/hotelhouse.cz\/wp-content\/uploads\/2020\/08\/Palac_Ericsson_20190518_foto_Katerina_Vodrazkova\u201302-300x200.jpg 300w, https:\/\/hotelhouse.cz\/wp-content\/uploads\/2020\/08\/Palac_Ericsson_20190518_foto_Katerina_Vodrazkova\u201302-768x512.jpg 768w, https:\/\/hotelhouse.cz\/wp-content\/uploads\/2020\/08\/Palac_Ericsson_20190518_foto_Katerina_Vodrazkova\u201302.jpg 1800w\" sizes=\"(max-width: 1024px) 100vw, 1024px\" \/><\/figure><\/li><li class=\"blocks-gallery-item\"><figure><img decoding=\"async\" loading=\"lazy\" width=\"1024\" height=\"683\" src=\"https:\/\/hotelhouse.cz\/wp-content\/uploads\/2020\/08\/Petschkuv_palac_20190519_foto_Vaclav_Zizka\u201309-1024x683.jpg\" alt=\"\" data-id=\"1655\" data-link=\"https:\/\/hotelhouse.cz\/?attachment_id=1655\" class=\"wp-image-1655\" srcset=\"https:\/\/hotelhouse.cz\/wp-content\/uploads\/2020\/08\/Petschkuv_palac_20190519_foto_Vaclav_Zizka\u201309-1024x683.jpg 1024w, https:\/\/hotelhouse.cz\/wp-content\/uploads\/2020\/08\/Petschkuv_palac_20190519_foto_Vaclav_Zizka\u201309-300x200.jpg 300w, https:\/\/hotelhouse.cz\/wp-content\/uploads\/2020\/08\/Petschkuv_palac_20190519_foto_Vaclav_Zizka\u201309-768x512.jpg 768w, https:\/\/hotelhouse.cz\/wp-content\/uploads\/2020\/08\/Petschkuv_palac_20190519_foto_Vaclav_Zizka\u201309.jpg 1800w\" sizes=\"(max-width: 1024px) 100vw, 1024px\" \/><\/figure><\/li><li class=\"blocks-gallery-item\"><figure><img decoding=\"async\" loading=\"lazy\" width=\"1024\" height=\"683\" src=\"https:\/\/hotelhouse.cz\/wp-content\/uploads\/2020\/08\/Vystaviste_Praha_foto_archiv_budovy-1-1024x683.jpg\" alt=\"\" data-id=\"1656\" data-link=\"https:\/\/hotelhouse.cz\/?attachment_id=1656\" class=\"wp-image-1656\" srcset=\"https:\/\/hotelhouse.cz\/wp-content\/uploads\/2020\/08\/Vystaviste_Praha_foto_archiv_budovy-1-1024x683.jpg 1024w, https:\/\/hotelhouse.cz\/wp-content\/uploads\/2020\/08\/Vystaviste_Praha_foto_archiv_budovy-1-300x200.jpg 300w, https:\/\/hotelhouse.cz\/wp-content\/uploads\/2020\/08\/Vystaviste_Praha_foto_archiv_budovy-1-768x512.jpg 768w, https:\/\/hotelhouse.cz\/wp-content\/uploads\/2020\/08\/Vystaviste_Praha_foto_archiv_budovy-1.jpg 1800w\" sizes=\"(max-width: 1024px) 100vw, 1024px\" \/><\/figure><\/li><\/ul>\n\n\n\n<div style=\"height:20px\" aria-hidden=\"true\" class=\"wp-block-spacer\"><\/div>\n","protected":false},"excerpt":{"rendered":"<p>\u0160est\u00fd ro\u010dn\u00edk festivalu Open House Praha 2020 prob\u011bhne tentokr\u00e1t kv\u016fli pandemii koronaviru za netradi\u010dn\u00edch okolnost\u00ed. U\u017e v \u00fater\u00fd 1. z\u00e1\u0159\u00ed bude festival zah\u00e1jen doprovodn\u00fdm programem, kter\u00fd se ponese v komorn\u00edm duchu. \u201eRozhodli jsme se&#46;&#46;&#46;<\/p>\n","protected":false},"author":3,"featured_media":1646,"comment_status":"closed","ping_status":"closed","sticky":false,"template":"","format":"standard","meta":{"_monsterinsights_skip_tracking":false,"_monsterinsights_sitenote_active":false,"_monsterinsights_sitenote_note":"","_monsterinsights_sitenote_category":0,"footnotes":""},"categories":[2],"tags":[],"yoast_head":"<!-- This site is optimized with the Yoast SEO plugin v21.5 - https:\/\/yoast.com\/wordpress\/plugins\/seo\/ -->\n<title>Festival Open House Praha 2020 za\u010d\u00edn\u00e1 u\u017e 1. z\u00e1\u0159\u00ed doprovodn\u00fdm programem - HOTELHOUSE.cz<\/title>\n<meta name=\"robots\" content=\"index, follow, max-snippet:-1, max-image-preview:large, max-video-preview:-1\" \/>\n<link rel=\"canonical\" href=\"https:\/\/hotelhouse.cz\/index.php\/2020\/08\/31\/festival-open-house-praha-2020-zacina-uz-1-zari-doprovodnym-programem\/\" \/>\n<meta property=\"og:locale\" content=\"cs_CZ\" \/>\n<meta property=\"og:type\" content=\"article\" \/>\n<meta property=\"og:title\" content=\"Festival Open House Praha 2020 za\u010d\u00edn\u00e1 u\u017e 1. z\u00e1\u0159\u00ed doprovodn\u00fdm programem - HOTELHOUSE.cz\" \/>\n<meta property=\"og:description\" content=\"\u0160est\u00fd ro\u010dn\u00edk festivalu Open House Praha 2020 prob\u011bhne tentokr\u00e1t kv\u016fli pandemii koronaviru za netradi\u010dn\u00edch okolnost\u00ed. U\u017e v \u00fater\u00fd 1. z\u00e1\u0159\u00ed bude festival zah\u00e1jen doprovodn\u00fdm programem, kter\u00fd se ponese v komorn\u00edm duchu. \u201eRozhodli jsme se&#046;&#046;&#046;\" \/>\n<meta property=\"og:url\" content=\"https:\/\/hotelhouse.cz\/index.php\/2020\/08\/31\/festival-open-house-praha-2020-zacina-uz-1-zari-doprovodnym-programem\/\" \/>\n<meta property=\"og:site_name\" content=\"HOTELHOUSE.cz\" \/>\n<meta property=\"article:published_time\" content=\"2020-08-30T22:01:04+00:00\" \/>\n<meta property=\"article:modified_time\" content=\"2020-08-30T18:28:16+00:00\" \/>\n<meta property=\"og:image\" content=\"https:\/\/hotelhouse.cz\/wp-content\/uploads\/2020\/08\/Kongresove_centrum_Praha_exterier_foto_Tomas_Sysel-029.jpg\" \/>\n\t<meta property=\"og:image:width\" content=\"1798\" \/>\n\t<meta property=\"og:image:height\" content=\"1200\" \/>\n\t<meta property=\"og:image:type\" content=\"image\/jpeg\" \/>\n<meta name=\"author\" content=\"Van\u011bk Miroslav\" \/>\n<meta name=\"twitter:card\" content=\"summary_large_image\" \/>\n<meta name=\"twitter:label1\" content=\"Napsal(a)\" \/>\n\t<meta name=\"twitter:data1\" content=\"Van\u011bk Miroslav\" \/>\n\t<meta name=\"twitter:label2\" content=\"Odhadovan\u00e1 doba \u010dten\u00ed\" \/>\n\t<meta name=\"twitter:data2\" content=\"7 minut\" \/>\n<script type=\"application\/ld+json\" class=\"yoast-schema-graph\">{\"@context\":\"https:\/\/schema.org\",\"@graph\":[{\"@type\":\"Article\",\"@id\":\"https:\/\/hotelhouse.cz\/index.php\/2020\/08\/31\/festival-open-house-praha-2020-zacina-uz-1-zari-doprovodnym-programem\/#article\",\"isPartOf\":{\"@id\":\"https:\/\/hotelhouse.cz\/index.php\/2020\/08\/31\/festival-open-house-praha-2020-zacina-uz-1-zari-doprovodnym-programem\/\"},\"author\":{\"name\":\"Van\u011bk Miroslav\",\"@id\":\"https:\/\/hotelhouse.cz\/#\/schema\/person\/fa8caee3f0a9c6134afed3c541204812\"},\"headline\":\"Festival Open House Praha 2020 za\u010d\u00edn\u00e1 u\u017e 1. z\u00e1\u0159\u00ed doprovodn\u00fdm programem\",\"datePublished\":\"2020-08-30T22:01:04+00:00\",\"dateModified\":\"2020-08-30T18:28:16+00:00\",\"mainEntityOfPage\":{\"@id\":\"https:\/\/hotelhouse.cz\/index.php\/2020\/08\/31\/festival-open-house-praha-2020-zacina-uz-1-zari-doprovodnym-programem\/\"},\"wordCount\":1352,\"publisher\":{\"@id\":\"https:\/\/hotelhouse.cz\/#organization\"},\"articleSection\":[\"NEWS\"],\"inLanguage\":\"cs\"},{\"@type\":\"WebPage\",\"@id\":\"https:\/\/hotelhouse.cz\/index.php\/2020\/08\/31\/festival-open-house-praha-2020-zacina-uz-1-zari-doprovodnym-programem\/\",\"url\":\"https:\/\/hotelhouse.cz\/index.php\/2020\/08\/31\/festival-open-house-praha-2020-zacina-uz-1-zari-doprovodnym-programem\/\",\"name\":\"Festival Open House Praha 2020 za\u010d\u00edn\u00e1 u\u017e 1. z\u00e1\u0159\u00ed doprovodn\u00fdm programem - HOTELHOUSE.cz\",\"isPartOf\":{\"@id\":\"https:\/\/hotelhouse.cz\/#website\"},\"datePublished\":\"2020-08-30T22:01:04+00:00\",\"dateModified\":\"2020-08-30T18:28:16+00:00\",\"breadcrumb\":{\"@id\":\"https:\/\/hotelhouse.cz\/index.php\/2020\/08\/31\/festival-open-house-praha-2020-zacina-uz-1-zari-doprovodnym-programem\/#breadcrumb\"},\"inLanguage\":\"cs\",\"potentialAction\":[{\"@type\":\"ReadAction\",\"target\":[\"https:\/\/hotelhouse.cz\/index.php\/2020\/08\/31\/festival-open-house-praha-2020-zacina-uz-1-zari-doprovodnym-programem\/\"]}]},{\"@type\":\"BreadcrumbList\",\"@id\":\"https:\/\/hotelhouse.cz\/index.php\/2020\/08\/31\/festival-open-house-praha-2020-zacina-uz-1-zari-doprovodnym-programem\/#breadcrumb\",\"itemListElement\":[{\"@type\":\"ListItem\",\"position\":1,\"name\":\"Dom\u016f\",\"item\":\"https:\/\/hotelhouse.cz\/\"},{\"@type\":\"ListItem\",\"position\":2,\"name\":\"Festival Open House Praha 2020 za\u010d\u00edn\u00e1 u\u017e 1. z\u00e1\u0159\u00ed doprovodn\u00fdm programem\"}]},{\"@type\":\"WebSite\",\"@id\":\"https:\/\/hotelhouse.cz\/#website\",\"url\":\"https:\/\/hotelhouse.cz\/\",\"name\":\"HOTELHOUSE.cz\",\"description\":\"Port\u00e1l o hotelech, pensionech, spa resortech a restaurac\u00edch...\",\"publisher\":{\"@id\":\"https:\/\/hotelhouse.cz\/#organization\"},\"potentialAction\":[{\"@type\":\"SearchAction\",\"target\":{\"@type\":\"EntryPoint\",\"urlTemplate\":\"https:\/\/hotelhouse.cz\/?s={search_term_string}\"},\"query-input\":\"required name=search_term_string\"}],\"inLanguage\":\"cs\"},{\"@type\":\"Organization\",\"@id\":\"https:\/\/hotelhouse.cz\/#organization\",\"name\":\"HOTELHOUSE.cz\",\"url\":\"https:\/\/hotelhouse.cz\/\",\"logo\":{\"@type\":\"ImageObject\",\"inLanguage\":\"cs\",\"@id\":\"https:\/\/hotelhouse.cz\/#\/schema\/logo\/image\/\",\"url\":\"https:\/\/hotelhouse.cz\/wp-content\/uploads\/2024\/12\/cropped-Logo_HotelHouse-2.jpg\",\"contentUrl\":\"https:\/\/hotelhouse.cz\/wp-content\/uploads\/2024\/12\/cropped-Logo_HotelHouse-2.jpg\",\"width\":933,\"height\":516,\"caption\":\"HOTELHOUSE.cz\"},\"image\":{\"@id\":\"https:\/\/hotelhouse.cz\/#\/schema\/logo\/image\/\"},\"sameAs\":[\"https:\/\/www.instagram.com\/hotelhousecz\/\"]},{\"@type\":\"Person\",\"@id\":\"https:\/\/hotelhouse.cz\/#\/schema\/person\/fa8caee3f0a9c6134afed3c541204812\",\"name\":\"Van\u011bk Miroslav\",\"image\":{\"@type\":\"ImageObject\",\"inLanguage\":\"cs\",\"@id\":\"https:\/\/hotelhouse.cz\/#\/schema\/person\/image\/\",\"url\":\"https:\/\/secure.gravatar.com\/avatar\/cc93dbecbfc820d69a964ea4a1c72377?s=96&d=mm&r=g\",\"contentUrl\":\"https:\/\/secure.gravatar.com\/avatar\/cc93dbecbfc820d69a964ea4a1c72377?s=96&d=mm&r=g\",\"caption\":\"Van\u011bk Miroslav\"},\"sameAs\":[\"http:\/\/www.hotelhouse.cz\"],\"url\":\"https:\/\/hotelhouse.cz\/index.php\/author\/mirvan\/\"}]}<\/script>\n<!-- \/ Yoast SEO plugin. -->","yoast_head_json":{"title":"Festival Open House Praha 2020 za\u010d\u00edn\u00e1 u\u017e 1. z\u00e1\u0159\u00ed doprovodn\u00fdm programem - HOTELHOUSE.cz","robots":{"index":"index","follow":"follow","max-snippet":"max-snippet:-1","max-image-preview":"max-image-preview:large","max-video-preview":"max-video-preview:-1"},"canonical":"https:\/\/hotelhouse.cz\/index.php\/2020\/08\/31\/festival-open-house-praha-2020-zacina-uz-1-zari-doprovodnym-programem\/","og_locale":"cs_CZ","og_type":"article","og_title":"Festival Open House Praha 2020 za\u010d\u00edn\u00e1 u\u017e 1. z\u00e1\u0159\u00ed doprovodn\u00fdm programem - HOTELHOUSE.cz","og_description":"\u0160est\u00fd ro\u010dn\u00edk festivalu Open House Praha 2020 prob\u011bhne tentokr\u00e1t kv\u016fli pandemii koronaviru za netradi\u010dn\u00edch okolnost\u00ed. U\u017e v \u00fater\u00fd 1. z\u00e1\u0159\u00ed bude festival zah\u00e1jen doprovodn\u00fdm programem, kter\u00fd se ponese v komorn\u00edm duchu. \u201eRozhodli jsme se&#46;&#46;&#46;","og_url":"https:\/\/hotelhouse.cz\/index.php\/2020\/08\/31\/festival-open-house-praha-2020-zacina-uz-1-zari-doprovodnym-programem\/","og_site_name":"HOTELHOUSE.cz","article_published_time":"2020-08-30T22:01:04+00:00","article_modified_time":"2020-08-30T18:28:16+00:00","og_image":[{"width":1798,"height":1200,"url":"https:\/\/hotelhouse.cz\/wp-content\/uploads\/2020\/08\/Kongresove_centrum_Praha_exterier_foto_Tomas_Sysel-029.jpg","type":"image\/jpeg"}],"author":"Van\u011bk Miroslav","twitter_card":"summary_large_image","twitter_misc":{"Napsal(a)":"Van\u011bk Miroslav","Odhadovan\u00e1 doba \u010dten\u00ed":"7 minut"},"schema":{"@context":"https:\/\/schema.org","@graph":[{"@type":"Article","@id":"https:\/\/hotelhouse.cz\/index.php\/2020\/08\/31\/festival-open-house-praha-2020-zacina-uz-1-zari-doprovodnym-programem\/#article","isPartOf":{"@id":"https:\/\/hotelhouse.cz\/index.php\/2020\/08\/31\/festival-open-house-praha-2020-zacina-uz-1-zari-doprovodnym-programem\/"},"author":{"name":"Van\u011bk Miroslav","@id":"https:\/\/hotelhouse.cz\/#\/schema\/person\/fa8caee3f0a9c6134afed3c541204812"},"headline":"Festival Open House Praha 2020 za\u010d\u00edn\u00e1 u\u017e 1. z\u00e1\u0159\u00ed doprovodn\u00fdm programem","datePublished":"2020-08-30T22:01:04+00:00","dateModified":"2020-08-30T18:28:16+00:00","mainEntityOfPage":{"@id":"https:\/\/hotelhouse.cz\/index.php\/2020\/08\/31\/festival-open-house-praha-2020-zacina-uz-1-zari-doprovodnym-programem\/"},"wordCount":1352,"publisher":{"@id":"https:\/\/hotelhouse.cz\/#organization"},"articleSection":["NEWS"],"inLanguage":"cs"},{"@type":"WebPage","@id":"https:\/\/hotelhouse.cz\/index.php\/2020\/08\/31\/festival-open-house-praha-2020-zacina-uz-1-zari-doprovodnym-programem\/","url":"https:\/\/hotelhouse.cz\/index.php\/2020\/08\/31\/festival-open-house-praha-2020-zacina-uz-1-zari-doprovodnym-programem\/","name":"Festival Open House Praha 2020 za\u010d\u00edn\u00e1 u\u017e 1. z\u00e1\u0159\u00ed doprovodn\u00fdm programem - HOTELHOUSE.cz","isPartOf":{"@id":"https:\/\/hotelhouse.cz\/#website"},"datePublished":"2020-08-30T22:01:04+00:00","dateModified":"2020-08-30T18:28:16+00:00","breadcrumb":{"@id":"https:\/\/hotelhouse.cz\/index.php\/2020\/08\/31\/festival-open-house-praha-2020-zacina-uz-1-zari-doprovodnym-programem\/#breadcrumb"},"inLanguage":"cs","potentialAction":[{"@type":"ReadAction","target":["https:\/\/hotelhouse.cz\/index.php\/2020\/08\/31\/festival-open-house-praha-2020-zacina-uz-1-zari-doprovodnym-programem\/"]}]},{"@type":"BreadcrumbList","@id":"https:\/\/hotelhouse.cz\/index.php\/2020\/08\/31\/festival-open-house-praha-2020-zacina-uz-1-zari-doprovodnym-programem\/#breadcrumb","itemListElement":[{"@type":"ListItem","position":1,"name":"Dom\u016f","item":"https:\/\/hotelhouse.cz\/"},{"@type":"ListItem","position":2,"name":"Festival Open House Praha 2020 za\u010d\u00edn\u00e1 u\u017e 1. z\u00e1\u0159\u00ed doprovodn\u00fdm programem"}]},{"@type":"WebSite","@id":"https:\/\/hotelhouse.cz\/#website","url":"https:\/\/hotelhouse.cz\/","name":"HOTELHOUSE.cz","description":"Port\u00e1l o hotelech, pensionech, spa resortech a restaurac\u00edch...","publisher":{"@id":"https:\/\/hotelhouse.cz\/#organization"},"potentialAction":[{"@type":"SearchAction","target":{"@type":"EntryPoint","urlTemplate":"https:\/\/hotelhouse.cz\/?s={search_term_string}"},"query-input":"required name=search_term_string"}],"inLanguage":"cs"},{"@type":"Organization","@id":"https:\/\/hotelhouse.cz\/#organization","name":"HOTELHOUSE.cz","url":"https:\/\/hotelhouse.cz\/","logo":{"@type":"ImageObject","inLanguage":"cs","@id":"https:\/\/hotelhouse.cz\/#\/schema\/logo\/image\/","url":"https:\/\/hotelhouse.cz\/wp-content\/uploads\/2024\/12\/cropped-Logo_HotelHouse-2.jpg","contentUrl":"https:\/\/hotelhouse.cz\/wp-content\/uploads\/2024\/12\/cropped-Logo_HotelHouse-2.jpg","width":933,"height":516,"caption":"HOTELHOUSE.cz"},"image":{"@id":"https:\/\/hotelhouse.cz\/#\/schema\/logo\/image\/"},"sameAs":["https:\/\/www.instagram.com\/hotelhousecz\/"]},{"@type":"Person","@id":"https:\/\/hotelhouse.cz\/#\/schema\/person\/fa8caee3f0a9c6134afed3c541204812","name":"Van\u011bk Miroslav","image":{"@type":"ImageObject","inLanguage":"cs","@id":"https:\/\/hotelhouse.cz\/#\/schema\/person\/image\/","url":"https:\/\/secure.gravatar.com\/avatar\/cc93dbecbfc820d69a964ea4a1c72377?s=96&d=mm&r=g","contentUrl":"https:\/\/secure.gravatar.com\/avatar\/cc93dbecbfc820d69a964ea4a1c72377?s=96&d=mm&r=g","caption":"Van\u011bk Miroslav"},"sameAs":["http:\/\/www.hotelhouse.cz"],"url":"https:\/\/hotelhouse.cz\/index.php\/author\/mirvan\/"}]}},"_links":{"self":[{"href":"https:\/\/hotelhouse.cz\/index.php\/wp-json\/wp\/v2\/posts\/1637"}],"collection":[{"href":"https:\/\/hotelhouse.cz\/index.php\/wp-json\/wp\/v2\/posts"}],"about":[{"href":"https:\/\/hotelhouse.cz\/index.php\/wp-json\/wp\/v2\/types\/post"}],"author":[{"embeddable":true,"href":"https:\/\/hotelhouse.cz\/index.php\/wp-json\/wp\/v2\/users\/3"}],"replies":[{"embeddable":true,"href":"https:\/\/hotelhouse.cz\/index.php\/wp-json\/wp\/v2\/comments?post=1637"}],"version-history":[{"count":1,"href":"https:\/\/hotelhouse.cz\/index.php\/wp-json\/wp\/v2\/posts\/1637\/revisions"}],"predecessor-version":[{"id":1657,"href":"https:\/\/hotelhouse.cz\/index.php\/wp-json\/wp\/v2\/posts\/1637\/revisions\/1657"}],"wp:featuredmedia":[{"embeddable":true,"href":"https:\/\/hotelhouse.cz\/index.php\/wp-json\/wp\/v2\/media\/1646"}],"wp:attachment":[{"href":"https:\/\/hotelhouse.cz\/index.php\/wp-json\/wp\/v2\/media?parent=1637"}],"wp:term":[{"taxonomy":"category","embeddable":true,"href":"https:\/\/hotelhouse.cz\/index.php\/wp-json\/wp\/v2\/categories?post=1637"},{"taxonomy":"post_tag","embeddable":true,"href":"https:\/\/hotelhouse.cz\/index.php\/wp-json\/wp\/v2\/tags?post=1637"}],"curies":[{"name":"wp","href":"https:\/\/api.w.org\/{rel}","templated":true}]}}