{"id":2532,"date":"2022-02-11T00:01:24","date_gmt":"2022-02-10T23:01:24","guid":{"rendered":"https:\/\/hotelhouse.cz\/?p=2532"},"modified":"2022-02-10T23:48:13","modified_gmt":"2022-02-10T22:48:13","slug":"do-ceska-miri-prvni-hotel-ibis-styles-pod-vlajkou-hoteloveho-giganta-accor","status":"publish","type":"post","link":"https:\/\/hotelhouse.cz\/index.php\/2022\/02\/11\/do-ceska-miri-prvni-hotel-ibis-styles-pod-vlajkou-hoteloveho-giganta-accor\/","title":{"rendered":"Do \u010ceska m\u00ed\u0159\u00ed prvn\u00ed hotel ibis Styles pod vlajkou hotelov\u00e9ho giganta Accor"},"content":{"rendered":"\n<div style=\"height:20px\" aria-hidden=\"true\" class=\"wp-block-spacer\"><\/div>\n\n\n\n<p><strong>P\u0159edn\u00ed hotelov\u00e1 skupina Accor roz\u0161i\u0159uje svoje portfolio ve st\u0159edn\u00ed Evrop\u011b. Se spole\u010dnost\u00ed JR Managment \u2013 Hotel uzav\u0159ela skupina fran\u0161\u00edzovou dohodu o prvn\u00edm hotelu ibis Styles v \u010cesk\u00e9 republice. Hotel otev\u0159e v Ro\u017enov\u011b pod Radho\u0161t\u011bm a prvn\u00ed hosty p\u0159iv\u00edt\u00e1 v prosinci 2023.<\/strong><\/p>\n\n\n\n<div class=\"wp-block-image\"><figure class=\"aligncenter is-resized\"><img decoding=\"async\" loading=\"lazy\" src=\"https:\/\/hotelhouse.cz\/wp-content\/uploads\/2022\/02\/ibis-Styles-Hotel-Relax-Ro\u017enov-pod-Radho\u0161t\u011bm-2-1024x597.jpg\" alt=\"\" class=\"wp-image-2533\" width=\"1190\" height=\"694\" srcset=\"https:\/\/hotelhouse.cz\/wp-content\/uploads\/2022\/02\/ibis-Styles-Hotel-Relax-Ro\u017enov-pod-Radho\u0161t\u011bm-2-1024x597.jpg 1024w, https:\/\/hotelhouse.cz\/wp-content\/uploads\/2022\/02\/ibis-Styles-Hotel-Relax-Ro\u017enov-pod-Radho\u0161t\u011bm-2-300x175.jpg 300w, https:\/\/hotelhouse.cz\/wp-content\/uploads\/2022\/02\/ibis-Styles-Hotel-Relax-Ro\u017enov-pod-Radho\u0161t\u011bm-2-768x448.jpg 768w\" sizes=\"(max-width: 1190px) 100vw, 1190px\" \/><\/figure><\/div>\n\n\n\n<p><strong>Spole\u010dnost Accor d\u00e1le posiluje a roz\u0161i\u0159uje sv\u00e9 portfolio ve st\u0159edn\u00ed Evrop\u011b. Se spole\u010dnost\u00ed JR Management \u2013 Hotel, s.r.o. podepsala fran\u0161\u00edzovou smlouvu na rebranding st\u00e1vaj\u00edc\u00edho hotelu Relax v Ro\u017enov\u011b pod Radho\u0161t\u011bm, kter\u00fd bude v prosinci 2023 otev\u0159en pod zna\u010dkou Ibis Styles.<\/strong><\/p>\n\n\n\n<p>Jedin\u00fd hotel t\u00e9to zna\u010dky v \u010cesku nab\u00eddne 88 pokoj\u016f, restauraci s venkovn\u00ed terasou, kav\u00e1rnu a bar, 4 konferen\u010dn\u00ed s\u00e1ly s celkovou kapacitou 350 \u00fa\u010dastn\u00edk\u016f, fitness centrum, vnit\u0159n\u00ed a venkovn\u00ed baz\u00e9n, wellness centrum v\u010detn\u011b sauny, mas\u00e1\u017e\u00ed, vodol\u00e9\u010dby a elektrol\u00e9\u010dby, sportovn\u00ed za\u0159\u00edzen\u00ed jako minigolf, tenisov\u00e9 kurty, bowling, stoln\u00ed tenis a d\u011btsk\u00e9 h\u0159i\u0161t\u011b.<\/p>\n\n\n\n<p>St\u0159edn\u00ed Evropa je pro spole\u010dnost Accor jedn\u00edm z d\u016fle\u017eit\u00fdch trh\u016f, na kter\u00e9m v p\u0159\u00ed\u0161t\u00edch letech p\u0159ibude \u0159ada hotel\u016f i zna\u010dek v r\u016fzn\u00fdch destinac\u00edch. Jednou z nich je Ro\u017enov pod Radho\u0161t\u011bm, m\u011bsto v \u010cesk\u00e9 republice na hranici Zl\u00ednsk\u00e9ho a Moravskoslezsk\u00e9ho kraje, obklopen\u00e9 Beskydami, oblast\u00ed bohatou na p\u0159\u00edrodn\u00ed kr\u00e1sy a s turistick\u00fdmi atrakcemi pod \u0161ir\u00fdm nebem. Budouc\u00ed hotel se d\u00edky sv\u00e9mu rozs\u00e1hl\u00e9mu z\u00e1zem\u00ed zam\u011b\u0159\u00ed tak\u00e9 na firemn\u00ed pot\u0159eby \u0159ady spole\u010dnost\u00ed s\u00eddl\u00edc\u00ed v t\u00e9to oblasti.<\/p>\n\n\n\n<div class=\"wp-block-image\"><figure class=\"aligncenter is-resized\"><img decoding=\"async\" loading=\"lazy\" src=\"https:\/\/hotelhouse.cz\/wp-content\/uploads\/2022\/02\/ibis-Styles-Hotel-Relax-Ro\u017enov-pod-Radho\u0161t\u011bm-659x1024.jpg\" alt=\"\" class=\"wp-image-2534\" width=\"1073\" height=\"1668\" srcset=\"https:\/\/hotelhouse.cz\/wp-content\/uploads\/2022\/02\/ibis-Styles-Hotel-Relax-Ro\u017enov-pod-Radho\u0161t\u011bm-659x1024.jpg 659w, https:\/\/hotelhouse.cz\/wp-content\/uploads\/2022\/02\/ibis-Styles-Hotel-Relax-Ro\u017enov-pod-Radho\u0161t\u011bm-193x300.jpg 193w, https:\/\/hotelhouse.cz\/wp-content\/uploads\/2022\/02\/ibis-Styles-Hotel-Relax-Ro\u017enov-pod-Radho\u0161t\u011bm-768x1193.jpg 768w, https:\/\/hotelhouse.cz\/wp-content\/uploads\/2022\/02\/ibis-Styles-Hotel-Relax-Ro\u017enov-pod-Radho\u0161t\u011bm.jpg 1920w\" sizes=\"(max-width: 1073px) 100vw, 1073px\" \/><\/figure><\/div>\n\n\n\n<p>\u201e<em>Tato zna\u010dka je po cel\u00e9m sv\u011bt\u011b zn\u00e1m\u00e1 t\u00edm, \u017ee poskytuje nezapomenuteln\u00e9 z\u00e1\u017eitky d\u00edky jedine\u010dn\u00e9 atmosf\u00e9\u0159e a designu. Pod zna\u010dkou ibis Styles dnes funguje v\u00edce ne\u017e 550 hotel\u016f, z&nbsp;nich\u017e ka\u017ed\u00fd m\u00e1 sv\u016fj hrav\u00fd a poutav\u00fd styl inspirovan\u00fd jedine\u010dn\u00fdm t\u00e9matem. Tak\u00e9 v budouc\u00edm ibis Styles Hotel Relax Ro\u017enov pod Radho\u0161t\u011bm si budou host\u00e9 moci vychutnat jedine\u010dn\u00fd p\u0159\u00edb\u011bh vypr\u00e1v\u011bn\u00fd nap\u0159\u00ed\u010d cel\u00fdm hotelem.<\/em><\/p>\n\n\n\n<p><em>Jsme r\u00e1di, \u017ee m\u016f\u017eeme zna\u010dku ibis Styles Accor p\u0159edstavit na m\u00edstn\u00edm trhu a otev\u0159\u00edt prvn\u00ed hotel ibis Styles v \u010cesk\u00e9 republice pr\u00e1v\u011b v Ro\u017enov\u011b pod Radho\u0161t\u011bm. Jsme \u0161\u0165astn\u00ed a hrd\u00ed na to, \u017ee m\u016f\u017eeme b\u00fdt partnerem spole\u010dnosti JR Management \u2013 Hotel na t\u00e9to cest\u011b za nezapomenuteln\u00fdmi z\u00e1\u017eitky a p\u0159\u00edb\u011bhy,&#8220; <\/em>\u0159\u00edk\u00e1 <strong>Frank Reul \u2013 viceprezident spole\u010dnosti Accor pro rozvoj ve v\u00fdchodn\u00ed Evrop\u011b a Balk\u00e1nu.<\/strong><\/p>\n\n\n\n<p>\u201e<em>Ro\u017enov pod Radho\u0161t\u011bm je velmi dob\u0159e zn\u00e1m\u00fd Vala\u0161sk\u00fdm muzeem v p\u0159\u00edrod\u011b, nejstar\u0161\u00edm a&nbsp;nejv\u011bt\u0161\u00edm muzeem sv\u00e9ho druhu ve st\u0159edn\u00ed Evrop\u011b, kter\u00e9 vystavuje sb\u00edrky staveb a artefakt\u016f pod \u0161ir\u00fdm nebem. Moravsk\u00e1 tradi\u010dn\u00ed hudba p\u0159edstavuje \u010d\u00e1st evropsk\u00e9 hudebn\u00ed kultury spjat\u00e9 s&nbsp;moravsk\u00fdm regionem \u010cesk\u00e9 republiky. M\u011bsto se tak\u00e9 nach\u00e1z\u00ed v bl\u00edzkosti hory Radho\u0161\u0165 \u2013 nejnav\u0161t\u011bvovan\u011bj\u0161\u00ed hory v zemi, kter\u00e1 nab\u00edz\u00ed mnoho p\u0159\u00edle\u017eitost\u00ed pro ly\u017eov\u00e1n\u00ed, cykloturistiku i&nbsp;p\u011b\u0161\u00ed turistiku. Jsme vd\u011b\u010dni za d\u016fv\u011bru, kterou n\u00e1m dala skupina Accor, kdy\u017e spole\u010dn\u011b s n\u00e1mi zah\u00e1jila tento projekt pod zna\u010dkou ibis Styles,\u201c<\/em> dod\u00e1v\u00e1 <strong>Pavel Mal\u00e9\u0159, jednatel spole\u010dnosti JR Management \u2013 Hotel, s.r.o.<\/strong><\/p>\n\n\n\n<div style=\"height:20px\" aria-hidden=\"true\" class=\"wp-block-spacer\"><\/div>\n\n\n\n<h3 class=\"wp-block-heading\"> <strong>Jedine\u010dn\u00e9 hotely s kreativn\u00edm stylem<\/strong><\/h3>\n\n\n\n<p>ibis Styles je rychle rostouc\u00ed ekonomick\u00e1 zna\u010dka spole\u010dnosti Accor, kter\u00e1 host\u016fm nab\u00edz\u00ed z\u00e1\u017eitek zalo\u017een\u00fd na kreativn\u00edm a z\u00e1bavn\u00e9m designu. Tato stylov\u00e1 a povzn\u00e1\u0161ej\u00edc\u00ed atmosf\u00e9ra vyz\u00fdv\u00e1 hosty k objevov\u00e1n\u00ed sv\u011bta ukryt\u00e9ho v ka\u017ed\u00e9m hotelu t\u00e9to zna\u010dky. Zna\u010dka nab\u00edz\u00ed tak\u00e9 zvl\u00e1\u0161tn\u00ed vybaven\u00ed pro d\u011bti, d\u00edky \u010demu\u017e je skv\u011blou volbou pro rodi\u010de a rodiny. Ka\u017ed\u00fd hotel ibis Styles je jedine\u010dn\u00fd a jeho design odkazuje na tradici, historii a kulturu m\u00edsta, ve kter\u00e9m se nach\u00e1z\u00ed.<\/p>\n\n\n\n<div style=\"height:100px\" aria-hidden=\"true\" class=\"wp-block-spacer\"><\/div>\n\n\n\n<p><strong>Zdroj foto:<\/strong> Accor<\/p>\n\n\n\n<div style=\"height:40px\" aria-hidden=\"true\" class=\"wp-block-spacer\"><\/div>\n","protected":false},"excerpt":{"rendered":"<p>P\u0159edn\u00ed hotelov\u00e1 skupina Accor roz\u0161i\u0159uje svoje portfolio ve st\u0159edn\u00ed Evrop\u011b. Se spole\u010dnost\u00ed JR Managment \u2013 Hotel uzav\u0159ela skupina fran\u0161\u00edzovou dohodu o prvn\u00edm hotelu ibis Styles v \u010cesk\u00e9 republice. Hotel otev\u0159e v Ro\u017enov\u011b pod Radho\u0161t\u011bm&#46;&#46;&#46;<\/p>\n","protected":false},"author":1,"featured_media":2533,"comment_status":"closed","ping_status":"closed","sticky":false,"template":"","format":"standard","meta":{"_monsterinsights_skip_tracking":false,"_monsterinsights_sitenote_active":false,"_monsterinsights_sitenote_note":"","_monsterinsights_sitenote_category":0,"footnotes":""},"categories":[4,2],"tags":[],"yoast_head":"<!-- This site is optimized with the Yoast SEO plugin v21.5 - https:\/\/yoast.com\/wordpress\/plugins\/seo\/ -->\n<title>Do \u010ceska m\u00ed\u0159\u00ed prvn\u00ed hotel ibis Styles pod vlajkou hotelov\u00e9ho giganta Accor - HOTELHOUSE.cz<\/title>\n<meta name=\"robots\" content=\"index, follow, max-snippet:-1, max-image-preview:large, max-video-preview:-1\" \/>\n<link rel=\"canonical\" href=\"https:\/\/hotelhouse.cz\/index.php\/2022\/02\/11\/do-ceska-miri-prvni-hotel-ibis-styles-pod-vlajkou-hoteloveho-giganta-accor\/\" \/>\n<meta property=\"og:locale\" content=\"cs_CZ\" \/>\n<meta property=\"og:type\" content=\"article\" \/>\n<meta property=\"og:title\" content=\"Do \u010ceska m\u00ed\u0159\u00ed prvn\u00ed hotel ibis Styles pod vlajkou hotelov\u00e9ho giganta Accor - HOTELHOUSE.cz\" \/>\n<meta property=\"og:description\" content=\"P\u0159edn\u00ed hotelov\u00e1 skupina Accor roz\u0161i\u0159uje svoje portfolio ve st\u0159edn\u00ed Evrop\u011b. Se spole\u010dnost\u00ed JR Managment \u2013 Hotel uzav\u0159ela skupina fran\u0161\u00edzovou dohodu o prvn\u00edm hotelu ibis Styles v \u010cesk\u00e9 republice. Hotel otev\u0159e v Ro\u017enov\u011b pod Radho\u0161t\u011bm&#046;&#046;&#046;\" \/>\n<meta property=\"og:url\" content=\"https:\/\/hotelhouse.cz\/index.php\/2022\/02\/11\/do-ceska-miri-prvni-hotel-ibis-styles-pod-vlajkou-hoteloveho-giganta-accor\/\" \/>\n<meta property=\"og:site_name\" content=\"HOTELHOUSE.cz\" \/>\n<meta property=\"article:published_time\" content=\"2022-02-10T23:01:24+00:00\" \/>\n<meta property=\"article:modified_time\" content=\"2022-02-10T22:48:13+00:00\" \/>\n<meta property=\"og:image\" content=\"https:\/\/hotelhouse.cz\/wp-content\/uploads\/2022\/02\/ibis-Styles-Hotel-Relax-Ro\u017enov-pod-Radho\u0161t\u011bm-2.jpg\" \/>\n\t<meta property=\"og:image:width\" content=\"2400\" \/>\n\t<meta property=\"og:image:height\" content=\"1400\" \/>\n\t<meta property=\"og:image:type\" content=\"image\/jpeg\" \/>\n<meta name=\"author\" content=\"Mikol\u00e1\u0161ek (\u0161efredaktor HMG)\" \/>\n<meta name=\"twitter:card\" content=\"summary_large_image\" \/>\n<meta name=\"twitter:label1\" content=\"Napsal(a)\" \/>\n\t<meta name=\"twitter:data1\" content=\"Mikol\u00e1\u0161ek (\u0161efredaktor HMG)\" \/>\n\t<meta name=\"twitter:label2\" content=\"Odhadovan\u00e1 doba \u010dten\u00ed\" \/>\n\t<meta name=\"twitter:data2\" content=\"3 minuty\" \/>\n<script type=\"application\/ld+json\" class=\"yoast-schema-graph\">{\"@context\":\"https:\/\/schema.org\",\"@graph\":[{\"@type\":\"Article\",\"@id\":\"https:\/\/hotelhouse.cz\/index.php\/2022\/02\/11\/do-ceska-miri-prvni-hotel-ibis-styles-pod-vlajkou-hoteloveho-giganta-accor\/#article\",\"isPartOf\":{\"@id\":\"https:\/\/hotelhouse.cz\/index.php\/2022\/02\/11\/do-ceska-miri-prvni-hotel-ibis-styles-pod-vlajkou-hoteloveho-giganta-accor\/\"},\"author\":{\"name\":\"Mikol\u00e1\u0161ek (\u0161efredaktor HMG)\",\"@id\":\"https:\/\/hotelhouse.cz\/#\/schema\/person\/6f8df5654d33f7f700b98d242c71fc72\"},\"headline\":\"Do \u010ceska m\u00ed\u0159\u00ed prvn\u00ed hotel ibis Styles pod vlajkou hotelov\u00e9ho giganta Accor\",\"datePublished\":\"2022-02-10T23:01:24+00:00\",\"dateModified\":\"2022-02-10T22:48:13+00:00\",\"mainEntityOfPage\":{\"@id\":\"https:\/\/hotelhouse.cz\/index.php\/2022\/02\/11\/do-ceska-miri-prvni-hotel-ibis-styles-pod-vlajkou-hoteloveho-giganta-accor\/\"},\"wordCount\":711,\"publisher\":{\"@id\":\"https:\/\/hotelhouse.cz\/#organization\"},\"articleSection\":[\"HOTELY &amp; PENZIONY\",\"NEWS\"],\"inLanguage\":\"cs\"},{\"@type\":\"WebPage\",\"@id\":\"https:\/\/hotelhouse.cz\/index.php\/2022\/02\/11\/do-ceska-miri-prvni-hotel-ibis-styles-pod-vlajkou-hoteloveho-giganta-accor\/\",\"url\":\"https:\/\/hotelhouse.cz\/index.php\/2022\/02\/11\/do-ceska-miri-prvni-hotel-ibis-styles-pod-vlajkou-hoteloveho-giganta-accor\/\",\"name\":\"Do \u010ceska m\u00ed\u0159\u00ed prvn\u00ed hotel ibis Styles pod vlajkou hotelov\u00e9ho giganta Accor - HOTELHOUSE.cz\",\"isPartOf\":{\"@id\":\"https:\/\/hotelhouse.cz\/#website\"},\"datePublished\":\"2022-02-10T23:01:24+00:00\",\"dateModified\":\"2022-02-10T22:48:13+00:00\",\"breadcrumb\":{\"@id\":\"https:\/\/hotelhouse.cz\/index.php\/2022\/02\/11\/do-ceska-miri-prvni-hotel-ibis-styles-pod-vlajkou-hoteloveho-giganta-accor\/#breadcrumb\"},\"inLanguage\":\"cs\",\"potentialAction\":[{\"@type\":\"ReadAction\",\"target\":[\"https:\/\/hotelhouse.cz\/index.php\/2022\/02\/11\/do-ceska-miri-prvni-hotel-ibis-styles-pod-vlajkou-hoteloveho-giganta-accor\/\"]}]},{\"@type\":\"BreadcrumbList\",\"@id\":\"https:\/\/hotelhouse.cz\/index.php\/2022\/02\/11\/do-ceska-miri-prvni-hotel-ibis-styles-pod-vlajkou-hoteloveho-giganta-accor\/#breadcrumb\",\"itemListElement\":[{\"@type\":\"ListItem\",\"position\":1,\"name\":\"Dom\u016f\",\"item\":\"https:\/\/hotelhouse.cz\/\"},{\"@type\":\"ListItem\",\"position\":2,\"name\":\"Do \u010ceska m\u00ed\u0159\u00ed prvn\u00ed hotel ibis Styles pod vlajkou hotelov\u00e9ho giganta Accor\"}]},{\"@type\":\"WebSite\",\"@id\":\"https:\/\/hotelhouse.cz\/#website\",\"url\":\"https:\/\/hotelhouse.cz\/\",\"name\":\"HOTELHOUSE.cz\",\"description\":\"Port\u00e1l o hotelech, pensionech, spa resortech a restaurac\u00edch...\",\"publisher\":{\"@id\":\"https:\/\/hotelhouse.cz\/#organization\"},\"potentialAction\":[{\"@type\":\"SearchAction\",\"target\":{\"@type\":\"EntryPoint\",\"urlTemplate\":\"https:\/\/hotelhouse.cz\/?s={search_term_string}\"},\"query-input\":\"required name=search_term_string\"}],\"inLanguage\":\"cs\"},{\"@type\":\"Organization\",\"@id\":\"https:\/\/hotelhouse.cz\/#organization\",\"name\":\"HOTELHOUSE.cz\",\"url\":\"https:\/\/hotelhouse.cz\/\",\"logo\":{\"@type\":\"ImageObject\",\"inLanguage\":\"cs\",\"@id\":\"https:\/\/hotelhouse.cz\/#\/schema\/logo\/image\/\",\"url\":\"https:\/\/hotelhouse.cz\/wp-content\/uploads\/2024\/12\/cropped-Logo_HotelHouse-2.jpg\",\"contentUrl\":\"https:\/\/hotelhouse.cz\/wp-content\/uploads\/2024\/12\/cropped-Logo_HotelHouse-2.jpg\",\"width\":933,\"height\":516,\"caption\":\"HOTELHOUSE.cz\"},\"image\":{\"@id\":\"https:\/\/hotelhouse.cz\/#\/schema\/logo\/image\/\"},\"sameAs\":[\"https:\/\/www.instagram.com\/hotelhousecz\/\"]},{\"@type\":\"Person\",\"@id\":\"https:\/\/hotelhouse.cz\/#\/schema\/person\/6f8df5654d33f7f700b98d242c71fc72\",\"name\":\"Mikol\u00e1\u0161ek (\u0161efredaktor HMG)\",\"image\":{\"@type\":\"ImageObject\",\"inLanguage\":\"cs\",\"@id\":\"https:\/\/hotelhouse.cz\/#\/schema\/person\/image\/\",\"url\":\"https:\/\/secure.gravatar.com\/avatar\/1c8a35f186d8baabb0513b2bdd8e53cd?s=96&d=mm&r=g\",\"contentUrl\":\"https:\/\/secure.gravatar.com\/avatar\/1c8a35f186d8baabb0513b2bdd8e53cd?s=96&d=mm&r=g\",\"caption\":\"Mikol\u00e1\u0161ek (\u0161efredaktor HMG)\"},\"sameAs\":[\"http:\/\/www.hotelhouse.cz\"],\"url\":\"https:\/\/hotelhouse.cz\/index.php\/author\/ivomik\/\"}]}<\/script>\n<!-- \/ Yoast SEO plugin. -->","yoast_head_json":{"title":"Do \u010ceska m\u00ed\u0159\u00ed prvn\u00ed hotel ibis Styles pod vlajkou hotelov\u00e9ho giganta Accor - HOTELHOUSE.cz","robots":{"index":"index","follow":"follow","max-snippet":"max-snippet:-1","max-image-preview":"max-image-preview:large","max-video-preview":"max-video-preview:-1"},"canonical":"https:\/\/hotelhouse.cz\/index.php\/2022\/02\/11\/do-ceska-miri-prvni-hotel-ibis-styles-pod-vlajkou-hoteloveho-giganta-accor\/","og_locale":"cs_CZ","og_type":"article","og_title":"Do \u010ceska m\u00ed\u0159\u00ed prvn\u00ed hotel ibis Styles pod vlajkou hotelov\u00e9ho giganta Accor - HOTELHOUSE.cz","og_description":"P\u0159edn\u00ed hotelov\u00e1 skupina Accor roz\u0161i\u0159uje svoje portfolio ve st\u0159edn\u00ed Evrop\u011b. Se spole\u010dnost\u00ed JR Managment \u2013 Hotel uzav\u0159ela skupina fran\u0161\u00edzovou dohodu o prvn\u00edm hotelu ibis Styles v \u010cesk\u00e9 republice. Hotel otev\u0159e v Ro\u017enov\u011b pod Radho\u0161t\u011bm&#46;&#46;&#46;","og_url":"https:\/\/hotelhouse.cz\/index.php\/2022\/02\/11\/do-ceska-miri-prvni-hotel-ibis-styles-pod-vlajkou-hoteloveho-giganta-accor\/","og_site_name":"HOTELHOUSE.cz","article_published_time":"2022-02-10T23:01:24+00:00","article_modified_time":"2022-02-10T22:48:13+00:00","og_image":[{"width":2400,"height":1400,"url":"https:\/\/hotelhouse.cz\/wp-content\/uploads\/2022\/02\/ibis-Styles-Hotel-Relax-Ro\u017enov-pod-Radho\u0161t\u011bm-2.jpg","type":"image\/jpeg"}],"author":"Mikol\u00e1\u0161ek (\u0161efredaktor HMG)","twitter_card":"summary_large_image","twitter_misc":{"Napsal(a)":"Mikol\u00e1\u0161ek (\u0161efredaktor HMG)","Odhadovan\u00e1 doba \u010dten\u00ed":"3 minuty"},"schema":{"@context":"https:\/\/schema.org","@graph":[{"@type":"Article","@id":"https:\/\/hotelhouse.cz\/index.php\/2022\/02\/11\/do-ceska-miri-prvni-hotel-ibis-styles-pod-vlajkou-hoteloveho-giganta-accor\/#article","isPartOf":{"@id":"https:\/\/hotelhouse.cz\/index.php\/2022\/02\/11\/do-ceska-miri-prvni-hotel-ibis-styles-pod-vlajkou-hoteloveho-giganta-accor\/"},"author":{"name":"Mikol\u00e1\u0161ek (\u0161efredaktor HMG)","@id":"https:\/\/hotelhouse.cz\/#\/schema\/person\/6f8df5654d33f7f700b98d242c71fc72"},"headline":"Do \u010ceska m\u00ed\u0159\u00ed prvn\u00ed hotel ibis Styles pod vlajkou hotelov\u00e9ho giganta Accor","datePublished":"2022-02-10T23:01:24+00:00","dateModified":"2022-02-10T22:48:13+00:00","mainEntityOfPage":{"@id":"https:\/\/hotelhouse.cz\/index.php\/2022\/02\/11\/do-ceska-miri-prvni-hotel-ibis-styles-pod-vlajkou-hoteloveho-giganta-accor\/"},"wordCount":711,"publisher":{"@id":"https:\/\/hotelhouse.cz\/#organization"},"articleSection":["HOTELY &amp; PENZIONY","NEWS"],"inLanguage":"cs"},{"@type":"WebPage","@id":"https:\/\/hotelhouse.cz\/index.php\/2022\/02\/11\/do-ceska-miri-prvni-hotel-ibis-styles-pod-vlajkou-hoteloveho-giganta-accor\/","url":"https:\/\/hotelhouse.cz\/index.php\/2022\/02\/11\/do-ceska-miri-prvni-hotel-ibis-styles-pod-vlajkou-hoteloveho-giganta-accor\/","name":"Do \u010ceska m\u00ed\u0159\u00ed prvn\u00ed hotel ibis Styles pod vlajkou hotelov\u00e9ho giganta Accor - HOTELHOUSE.cz","isPartOf":{"@id":"https:\/\/hotelhouse.cz\/#website"},"datePublished":"2022-02-10T23:01:24+00:00","dateModified":"2022-02-10T22:48:13+00:00","breadcrumb":{"@id":"https:\/\/hotelhouse.cz\/index.php\/2022\/02\/11\/do-ceska-miri-prvni-hotel-ibis-styles-pod-vlajkou-hoteloveho-giganta-accor\/#breadcrumb"},"inLanguage":"cs","potentialAction":[{"@type":"ReadAction","target":["https:\/\/hotelhouse.cz\/index.php\/2022\/02\/11\/do-ceska-miri-prvni-hotel-ibis-styles-pod-vlajkou-hoteloveho-giganta-accor\/"]}]},{"@type":"BreadcrumbList","@id":"https:\/\/hotelhouse.cz\/index.php\/2022\/02\/11\/do-ceska-miri-prvni-hotel-ibis-styles-pod-vlajkou-hoteloveho-giganta-accor\/#breadcrumb","itemListElement":[{"@type":"ListItem","position":1,"name":"Dom\u016f","item":"https:\/\/hotelhouse.cz\/"},{"@type":"ListItem","position":2,"name":"Do \u010ceska m\u00ed\u0159\u00ed prvn\u00ed hotel ibis Styles pod vlajkou hotelov\u00e9ho giganta Accor"}]},{"@type":"WebSite","@id":"https:\/\/hotelhouse.cz\/#website","url":"https:\/\/hotelhouse.cz\/","name":"HOTELHOUSE.cz","description":"Port\u00e1l o hotelech, pensionech, spa resortech a restaurac\u00edch...","publisher":{"@id":"https:\/\/hotelhouse.cz\/#organization"},"potentialAction":[{"@type":"SearchAction","target":{"@type":"EntryPoint","urlTemplate":"https:\/\/hotelhouse.cz\/?s={search_term_string}"},"query-input":"required name=search_term_string"}],"inLanguage":"cs"},{"@type":"Organization","@id":"https:\/\/hotelhouse.cz\/#organization","name":"HOTELHOUSE.cz","url":"https:\/\/hotelhouse.cz\/","logo":{"@type":"ImageObject","inLanguage":"cs","@id":"https:\/\/hotelhouse.cz\/#\/schema\/logo\/image\/","url":"https:\/\/hotelhouse.cz\/wp-content\/uploads\/2024\/12\/cropped-Logo_HotelHouse-2.jpg","contentUrl":"https:\/\/hotelhouse.cz\/wp-content\/uploads\/2024\/12\/cropped-Logo_HotelHouse-2.jpg","width":933,"height":516,"caption":"HOTELHOUSE.cz"},"image":{"@id":"https:\/\/hotelhouse.cz\/#\/schema\/logo\/image\/"},"sameAs":["https:\/\/www.instagram.com\/hotelhousecz\/"]},{"@type":"Person","@id":"https:\/\/hotelhouse.cz\/#\/schema\/person\/6f8df5654d33f7f700b98d242c71fc72","name":"Mikol\u00e1\u0161ek (\u0161efredaktor HMG)","image":{"@type":"ImageObject","inLanguage":"cs","@id":"https:\/\/hotelhouse.cz\/#\/schema\/person\/image\/","url":"https:\/\/secure.gravatar.com\/avatar\/1c8a35f186d8baabb0513b2bdd8e53cd?s=96&d=mm&r=g","contentUrl":"https:\/\/secure.gravatar.com\/avatar\/1c8a35f186d8baabb0513b2bdd8e53cd?s=96&d=mm&r=g","caption":"Mikol\u00e1\u0161ek (\u0161efredaktor HMG)"},"sameAs":["http:\/\/www.hotelhouse.cz"],"url":"https:\/\/hotelhouse.cz\/index.php\/author\/ivomik\/"}]}},"_links":{"self":[{"href":"https:\/\/hotelhouse.cz\/index.php\/wp-json\/wp\/v2\/posts\/2532"}],"collection":[{"href":"https:\/\/hotelhouse.cz\/index.php\/wp-json\/wp\/v2\/posts"}],"about":[{"href":"https:\/\/hotelhouse.cz\/index.php\/wp-json\/wp\/v2\/types\/post"}],"author":[{"embeddable":true,"href":"https:\/\/hotelhouse.cz\/index.php\/wp-json\/wp\/v2\/users\/1"}],"replies":[{"embeddable":true,"href":"https:\/\/hotelhouse.cz\/index.php\/wp-json\/wp\/v2\/comments?post=2532"}],"version-history":[{"count":4,"href":"https:\/\/hotelhouse.cz\/index.php\/wp-json\/wp\/v2\/posts\/2532\/revisions"}],"predecessor-version":[{"id":2550,"href":"https:\/\/hotelhouse.cz\/index.php\/wp-json\/wp\/v2\/posts\/2532\/revisions\/2550"}],"wp:featuredmedia":[{"embeddable":true,"href":"https:\/\/hotelhouse.cz\/index.php\/wp-json\/wp\/v2\/media\/2533"}],"wp:attachment":[{"href":"https:\/\/hotelhouse.cz\/index.php\/wp-json\/wp\/v2\/media?parent=2532"}],"wp:term":[{"taxonomy":"category","embeddable":true,"href":"https:\/\/hotelhouse.cz\/index.php\/wp-json\/wp\/v2\/categories?post=2532"},{"taxonomy":"post_tag","embeddable":true,"href":"https:\/\/hotelhouse.cz\/index.php\/wp-json\/wp\/v2\/tags?post=2532"}],"curies":[{"name":"wp","href":"https:\/\/api.w.org\/{rel}","templated":true}]}}