{"id":2804,"date":"2022-04-01T01:51:02","date_gmt":"2022-03-31T23:51:02","guid":{"rendered":"https:\/\/hotelhouse.cz\/?p=2804"},"modified":"2022-04-02T02:12:39","modified_gmt":"2022-04-02T00:12:39","slug":"specialni-prohlidky-plzenskeho-historickeho-podzemi-za-svitu-baterek-12-az-17-dubna","status":"publish","type":"post","link":"https:\/\/hotelhouse.cz\/index.php\/2022\/04\/01\/specialni-prohlidky-plzenskeho-historickeho-podzemi-za-svitu-baterek-12-az-17-dubna\/","title":{"rendered":"Speci\u00e1ln\u00ed prohl\u00eddky Plze\u0148sk\u00e9ho historick\u00e9ho podzem\u00ed za svitu baterek 12. a\u017e 17. dubna"},"content":{"rendered":"\n<div style=\"height:20px\" aria-hidden=\"true\" class=\"wp-block-spacer\"><\/div>\n\n\n\n<p><strong>Vz\u00e1cn\u00e1 p\u0159\u00edle\u017eitost nav\u0161t\u00edvit Plze\u0148sk\u00e9 historick\u00e9ho podzem\u00ed a objevittajemstv\u00ed labyrintu chodeb, sklep\u016f s studn\u00ed pod z\u00e1pado\u010deskou metropol\u00ed netradi\u010dn\u011b za svitu baterek se naskytne od 12. do 17. dubna. V\u017edy od 16 a 17 hodin. <\/strong><\/p>\n\n\n\n<figure class=\"wp-block-image size-large\"><img decoding=\"async\" src=\"https:\/\/letniservis.cz\/wp-content\/uploads\/2022\/04\/Plze\u0148sk\u00e9-historick\u00e9-podzem\u00ed-10-1024x682.jpg\" alt=\"\" class=\"wp-image-1445\"\/><\/figure>\n\n\n\n<p><strong>Speci\u00e1ln\u00ed prohl\u00eddky v\u00e1s zavedou i do b\u011b\u017en\u011b nep\u0159\u00edstupn\u00e9 \u010d\u00e1sti podzemn\u00ed chodby. Vstupenky na prohl\u00eddku podzem\u00ed za svitu baterek jsou v&nbsp;prodeji na: <\/strong><a href=\"https:\/\/tickets.prazdroj.cz\/podzemi-za-svitu-baterek?buy=true#\/\"><strong>https:\/\/tickets.prazdroj.cz\/podzemi-za-svitu-baterek?buy=true#\/<\/strong><\/a><\/p>\n\n\n\n<figure class=\"wp-block-image size-large\"><img decoding=\"async\" src=\"https:\/\/letniservis.cz\/wp-content\/uploads\/2022\/04\/Plze\u0148sk\u00e9-historick\u00e9-podzem\u00ed-8-1024x682.jpg\" alt=\"\" class=\"wp-image-1444\"\/><\/figure>\n\n\n\n<p><strong>Plze\u0148sk\u00e9 historick\u00e9 podzem\u00ed<\/strong> je s&nbsp;d\u00e9lkou 13 km jedn\u00edm z nejv\u011bt\u0161\u00edch komplex\u016f podzemn\u00edch prostor u n\u00e1s. Ve\u0159ejnosti se otev\u0159elo p\u0159ed v\u00edce ne\u017e 35 lety po pe\u010dliv\u00fdch archeologick\u00fdch v\u00fdzkumech a n\u00e1ro\u010dn\u00e9 obnov\u011b, kter\u00e1 vyzdvihla staletou historii sahaj\u00edc\u00ed a\u017e k po\u010d\u00e1tk\u016fm m\u011bsta. P\u0159\u00edstupn\u00e9 je z&nbsp;p\u016fvodn\u00edho pr\u00e1vov\u00e1re\u010dn\u00e9ho domu z 15. stolet\u00ed, ve kter\u00e9m dnes s\u00eddl\u00ed unik\u00e1tn\u00ed <strong>Pivovarsk\u00e9 muzeum<\/strong>. <\/p>\n\n\n\n<ul class=\"wp-block-gallery columns-2 is-cropped wp-block-gallery-1 is-layout-flex wp-block-gallery-is-layout-flex\"><li class=\"blocks-gallery-item\"><figure><img decoding=\"async\" loading=\"lazy\" width=\"1024\" height=\"682\" src=\"https:\/\/hotelhouse.cz\/wp-content\/uploads\/2022\/04\/Plze\u0148sk\u00e9-historick\u00e9-podzem\u00ed-1-1024x682.jpg\" alt=\"\" data-id=\"2807\" data-link=\"https:\/\/hotelhouse.cz\/index.php\/2022\/04\/01\/specialni-prohlidky-plzenskeho-historickeho-podzemi-za-svitu-baterek-12-az-17-dubna\/plzenske-historicke-podzemi-1\/\" class=\"wp-image-2807\" srcset=\"https:\/\/hotelhouse.cz\/wp-content\/uploads\/2022\/04\/Plze\u0148sk\u00e9-historick\u00e9-podzem\u00ed-1-1024x682.jpg 1024w, https:\/\/hotelhouse.cz\/wp-content\/uploads\/2022\/04\/Plze\u0148sk\u00e9-historick\u00e9-podzem\u00ed-1-300x200.jpg 300w, https:\/\/hotelhouse.cz\/wp-content\/uploads\/2022\/04\/Plze\u0148sk\u00e9-historick\u00e9-podzem\u00ed-1-768x512.jpg 768w, https:\/\/hotelhouse.cz\/wp-content\/uploads\/2022\/04\/Plze\u0148sk\u00e9-historick\u00e9-podzem\u00ed-1.jpg 1250w\" sizes=\"(max-width: 1024px) 100vw, 1024px\" \/><\/figure><\/li><li class=\"blocks-gallery-item\"><figure><img decoding=\"async\" loading=\"lazy\" width=\"588\" height=\"850\" src=\"https:\/\/hotelhouse.cz\/wp-content\/uploads\/2022\/04\/Plze\u0148sk\u00e9-historick\u00e9-podzem\u00ed-2.jpg\" alt=\"\" data-id=\"2808\" data-link=\"https:\/\/hotelhouse.cz\/index.php\/2022\/04\/01\/specialni-prohlidky-plzenskeho-historickeho-podzemi-za-svitu-baterek-12-az-17-dubna\/plzenske-historicke-podzemi-2\/\" class=\"wp-image-2808\" srcset=\"https:\/\/hotelhouse.cz\/wp-content\/uploads\/2022\/04\/Plze\u0148sk\u00e9-historick\u00e9-podzem\u00ed-2.jpg 588w, https:\/\/hotelhouse.cz\/wp-content\/uploads\/2022\/04\/Plze\u0148sk\u00e9-historick\u00e9-podzem\u00ed-2-208x300.jpg 208w\" sizes=\"(max-width: 588px) 100vw, 588px\" \/><\/figure><\/li><\/ul>\n\n\n\n<p>Podzemn\u00ed prostory d\u0159\u00edve slou\u017eily k v\u00fdrob\u011b piva, skladov\u00e1n\u00ed potravin, ale tak\u00e9 jako obrann\u00fd syst\u00e9m b\u011bhem dob nepokoj\u016f. D\u00edky expon\u00e1t\u016fm a vystaven\u00fdm n\u00e1lez\u016fm proniknete b\u011bhem prohl\u00eddky do historie m\u011bsta a ka\u017edodenn\u00edho \u017eivota st\u0159edov\u011bk\u00fdch obyvatel m\u011bsta Plzn\u011b a tak\u00e9 se dozv\u00edte, jak podzem\u00ed od 13. stolet\u00ed vznikalo.<\/p>\n\n\n\n<div style=\"height:22px\" aria-hidden=\"true\" class=\"wp-block-spacer\"><\/div>\n\n\n\n<p><strong>Plze\u0148sk\u00fd Prazdroj, a.s.<\/strong><\/p>\n\n\n\n<p>U Prazdroje 64\/7, 301 00 Plze\u0148<\/p>\n\n\n\n<p><a href=\"http:\/\/www.prazdrojvisit.cz\/\"><strong>www.prazdrojvisit.cz<\/strong><\/a><\/p>\n\n\n\n<div style=\"height:100px\" aria-hidden=\"true\" class=\"wp-block-spacer\"><\/div>\n\n\n\n<ul class=\"wp-block-gallery columns-2 is-cropped wp-block-gallery-3 is-layout-flex wp-block-gallery-is-layout-flex\"><li class=\"blocks-gallery-item\"><figure><img decoding=\"async\" loading=\"lazy\" width=\"1024\" height=\"682\" src=\"https:\/\/hotelhouse.cz\/wp-content\/uploads\/2022\/04\/Plze\u0148sk\u00e9-historick\u00e9-podzem\u00ed-10-1-1024x682.jpg\" alt=\"\" data-id=\"2815\" data-link=\"https:\/\/hotelhouse.cz\/index.php\/2022\/04\/01\/specialni-prohlidky-plzenskeho-historickeho-podzemi-za-svitu-baterek-12-az-17-dubna\/plzenske-historicke-podzemi-10-2\/\" class=\"wp-image-2815\" srcset=\"https:\/\/hotelhouse.cz\/wp-content\/uploads\/2022\/04\/Plze\u0148sk\u00e9-historick\u00e9-podzem\u00ed-10-1-1024x682.jpg 1024w, https:\/\/hotelhouse.cz\/wp-content\/uploads\/2022\/04\/Plze\u0148sk\u00e9-historick\u00e9-podzem\u00ed-10-1-300x200.jpg 300w, https:\/\/hotelhouse.cz\/wp-content\/uploads\/2022\/04\/Plze\u0148sk\u00e9-historick\u00e9-podzem\u00ed-10-1-768x512.jpg 768w, https:\/\/hotelhouse.cz\/wp-content\/uploads\/2022\/04\/Plze\u0148sk\u00e9-historick\u00e9-podzem\u00ed-10-1.jpg 1250w\" sizes=\"(max-width: 1024px) 100vw, 1024px\" \/><\/figure><\/li><li class=\"blocks-gallery-item\"><figure><img decoding=\"async\" loading=\"lazy\" width=\"1024\" height=\"682\" src=\"https:\/\/hotelhouse.cz\/wp-content\/uploads\/2022\/04\/Plze\u0148sk\u00e9-historick\u00e9-podzem\u00ed-8-1024x682.jpg\" alt=\"\" data-id=\"2814\" data-link=\"https:\/\/hotelhouse.cz\/index.php\/2022\/04\/01\/specialni-prohlidky-plzenskeho-historickeho-podzemi-za-svitu-baterek-12-az-17-dubna\/plzenske-historicke-podzemi-8\/\" class=\"wp-image-2814\" srcset=\"https:\/\/hotelhouse.cz\/wp-content\/uploads\/2022\/04\/Plze\u0148sk\u00e9-historick\u00e9-podzem\u00ed-8-1024x682.jpg 1024w, https:\/\/hotelhouse.cz\/wp-content\/uploads\/2022\/04\/Plze\u0148sk\u00e9-historick\u00e9-podzem\u00ed-8-300x200.jpg 300w, https:\/\/hotelhouse.cz\/wp-content\/uploads\/2022\/04\/Plze\u0148sk\u00e9-historick\u00e9-podzem\u00ed-8-768x512.jpg 768w, https:\/\/hotelhouse.cz\/wp-content\/uploads\/2022\/04\/Plze\u0148sk\u00e9-historick\u00e9-podzem\u00ed-8.jpg 1250w\" sizes=\"(max-width: 1024px) 100vw, 1024px\" \/><\/figure><\/li><li class=\"blocks-gallery-item\"><figure><img decoding=\"async\" loading=\"lazy\" width=\"1024\" height=\"682\" src=\"https:\/\/hotelhouse.cz\/wp-content\/uploads\/2022\/04\/Plze\u0148sk\u00e9-historick\u00e9-podzem\u00ed-1-1024x682.jpg\" alt=\"\" data-id=\"2807\" data-link=\"https:\/\/hotelhouse.cz\/index.php\/2022\/04\/01\/specialni-prohlidky-plzenskeho-historickeho-podzemi-za-svitu-baterek-12-az-17-dubna\/plzenske-historicke-podzemi-1\/\" class=\"wp-image-2807\" srcset=\"https:\/\/hotelhouse.cz\/wp-content\/uploads\/2022\/04\/Plze\u0148sk\u00e9-historick\u00e9-podzem\u00ed-1-1024x682.jpg 1024w, https:\/\/hotelhouse.cz\/wp-content\/uploads\/2022\/04\/Plze\u0148sk\u00e9-historick\u00e9-podzem\u00ed-1-300x200.jpg 300w, https:\/\/hotelhouse.cz\/wp-content\/uploads\/2022\/04\/Plze\u0148sk\u00e9-historick\u00e9-podzem\u00ed-1-768x512.jpg 768w, https:\/\/hotelhouse.cz\/wp-content\/uploads\/2022\/04\/Plze\u0148sk\u00e9-historick\u00e9-podzem\u00ed-1.jpg 1250w\" sizes=\"(max-width: 1024px) 100vw, 1024px\" \/><\/figure><\/li><li class=\"blocks-gallery-item\"><figure><img decoding=\"async\" loading=\"lazy\" width=\"1024\" height=\"682\" src=\"https:\/\/hotelhouse.cz\/wp-content\/uploads\/2022\/04\/Plze\u0148sk\u00e9-historick\u00e9-podzem\u00ed-7-1024x682.jpg\" alt=\"\" data-id=\"2813\" data-link=\"https:\/\/hotelhouse.cz\/index.php\/2022\/04\/01\/specialni-prohlidky-plzenskeho-historickeho-podzemi-za-svitu-baterek-12-az-17-dubna\/plzenske-historicke-podzemi-7\/\" class=\"wp-image-2813\" srcset=\"https:\/\/hotelhouse.cz\/wp-content\/uploads\/2022\/04\/Plze\u0148sk\u00e9-historick\u00e9-podzem\u00ed-7-1024x682.jpg 1024w, https:\/\/hotelhouse.cz\/wp-content\/uploads\/2022\/04\/Plze\u0148sk\u00e9-historick\u00e9-podzem\u00ed-7-300x200.jpg 300w, https:\/\/hotelhouse.cz\/wp-content\/uploads\/2022\/04\/Plze\u0148sk\u00e9-historick\u00e9-podzem\u00ed-7-768x512.jpg 768w, https:\/\/hotelhouse.cz\/wp-content\/uploads\/2022\/04\/Plze\u0148sk\u00e9-historick\u00e9-podzem\u00ed-7.jpg 1250w\" sizes=\"(max-width: 1024px) 100vw, 1024px\" \/><\/figure><\/li><li class=\"blocks-gallery-item\"><figure><img decoding=\"async\" loading=\"lazy\" width=\"588\" height=\"850\" src=\"https:\/\/hotelhouse.cz\/wp-content\/uploads\/2022\/04\/Plze\u0148sk\u00e9-historick\u00e9-podzem\u00ed-2.jpg\" alt=\"\" data-id=\"2808\" data-link=\"https:\/\/hotelhouse.cz\/index.php\/2022\/04\/01\/specialni-prohlidky-plzenskeho-historickeho-podzemi-za-svitu-baterek-12-az-17-dubna\/plzenske-historicke-podzemi-2\/\" class=\"wp-image-2808\" srcset=\"https:\/\/hotelhouse.cz\/wp-content\/uploads\/2022\/04\/Plze\u0148sk\u00e9-historick\u00e9-podzem\u00ed-2.jpg 588w, https:\/\/hotelhouse.cz\/wp-content\/uploads\/2022\/04\/Plze\u0148sk\u00e9-historick\u00e9-podzem\u00ed-2-208x300.jpg 208w\" sizes=\"(max-width: 588px) 100vw, 588px\" \/><\/figure><\/li><li class=\"blocks-gallery-item\"><figure><img decoding=\"async\" src=\"https:\/\/hotelhouse.cz\/wp-content\/uploads\/2022\/04\/Plze\u0148sk\u00e9-historick\u00e9-podzem\u00ed-4.jpg\" alt=\"\" data-id=\"2810\" data-link=\"https:\/\/hotelhouse.cz\/index.php\/2022\/04\/01\/specialni-prohlidky-plzenskeho-historickeho-podzemi-za-svitu-baterek-12-az-17-dubna\/plzenske-historicke-podzemi-4\/\" class=\"wp-image-2810\"\/><\/figure><\/li><li class=\"blocks-gallery-item\"><figure><img decoding=\"async\" src=\"https:\/\/hotelhouse.cz\/wp-content\/uploads\/2022\/04\/Plze\u0148sk\u00e9-historick\u00e9-podzem\u00ed-5.jpg\" alt=\"\" data-id=\"2811\" data-link=\"https:\/\/hotelhouse.cz\/index.php\/2022\/04\/01\/specialni-prohlidky-plzenskeho-historickeho-podzemi-za-svitu-baterek-12-az-17-dubna\/plzenske-historicke-podzemi-5\/\" class=\"wp-image-2811\"\/><\/figure><\/li><li class=\"blocks-gallery-item\"><figure><img decoding=\"async\" loading=\"lazy\" width=\"843\" height=\"850\" src=\"https:\/\/hotelhouse.cz\/wp-content\/uploads\/2022\/04\/Plze\u0148sk\u00e9-historick\u00e9-podzem\u00ed-3.jpg\" alt=\"\" data-id=\"2809\" data-link=\"https:\/\/hotelhouse.cz\/index.php\/2022\/04\/01\/specialni-prohlidky-plzenskeho-historickeho-podzemi-za-svitu-baterek-12-az-17-dubna\/plzenske-historicke-podzemi-3\/\" class=\"wp-image-2809\" srcset=\"https:\/\/hotelhouse.cz\/wp-content\/uploads\/2022\/04\/Plze\u0148sk\u00e9-historick\u00e9-podzem\u00ed-3.jpg 843w, https:\/\/hotelhouse.cz\/wp-content\/uploads\/2022\/04\/Plze\u0148sk\u00e9-historick\u00e9-podzem\u00ed-3-150x150.jpg 150w, https:\/\/hotelhouse.cz\/wp-content\/uploads\/2022\/04\/Plze\u0148sk\u00e9-historick\u00e9-podzem\u00ed-3-298x300.jpg 298w, https:\/\/hotelhouse.cz\/wp-content\/uploads\/2022\/04\/Plze\u0148sk\u00e9-historick\u00e9-podzem\u00ed-3-768x774.jpg 768w, https:\/\/hotelhouse.cz\/wp-content\/uploads\/2022\/04\/Plze\u0148sk\u00e9-historick\u00e9-podzem\u00ed-3-80x80.jpg 80w\" sizes=\"(max-width: 843px) 100vw, 843px\" \/><\/figure><\/li><li class=\"blocks-gallery-item\"><figure><img decoding=\"async\" loading=\"lazy\" width=\"1024\" height=\"683\" src=\"https:\/\/hotelhouse.cz\/wp-content\/uploads\/2022\/04\/Plze\u0148sk\u00e9-historick\u00e9-podzem\u00ed-za-svitu-baterek-1-1024x683.jpg\" alt=\"\" data-id=\"2816\" data-link=\"https:\/\/hotelhouse.cz\/index.php\/2022\/04\/01\/specialni-prohlidky-plzenskeho-historickeho-podzemi-za-svitu-baterek-12-az-17-dubna\/plzenske-historicke-podzemi-za-svitu-baterek-1\/\" class=\"wp-image-2816\" srcset=\"https:\/\/hotelhouse.cz\/wp-content\/uploads\/2022\/04\/Plze\u0148sk\u00e9-historick\u00e9-podzem\u00ed-za-svitu-baterek-1-1024x683.jpg 1024w, https:\/\/hotelhouse.cz\/wp-content\/uploads\/2022\/04\/Plze\u0148sk\u00e9-historick\u00e9-podzem\u00ed-za-svitu-baterek-1-300x200.jpg 300w, https:\/\/hotelhouse.cz\/wp-content\/uploads\/2022\/04\/Plze\u0148sk\u00e9-historick\u00e9-podzem\u00ed-za-svitu-baterek-1-768x512.jpg 768w, https:\/\/hotelhouse.cz\/wp-content\/uploads\/2022\/04\/Plze\u0148sk\u00e9-historick\u00e9-podzem\u00ed-za-svitu-baterek-1.jpg 1250w\" sizes=\"(max-width: 1024px) 100vw, 1024px\" \/><\/figure><\/li><li class=\"blocks-gallery-item\"><figure><img decoding=\"async\" src=\"https:\/\/hotelhouse.cz\/wp-content\/uploads\/2022\/04\/Plze\u0148sk\u00e9-historick\u00e9-podzem\u00ed-6.jpg\" alt=\"\" data-id=\"2812\" data-link=\"https:\/\/hotelhouse.cz\/index.php\/2022\/04\/01\/specialni-prohlidky-plzenskeho-historickeho-podzemi-za-svitu-baterek-12-az-17-dubna\/plzenske-historicke-podzemi-6\/\" class=\"wp-image-2812\"\/><\/figure><\/li><li class=\"blocks-gallery-item\"><figure><img decoding=\"async\" loading=\"lazy\" width=\"1024\" height=\"683\" src=\"https:\/\/hotelhouse.cz\/wp-content\/uploads\/2022\/04\/Plze\u0148sk\u00e9-historick\u00e9-podzem\u00ed-za-svitu-baterek-16-1024x683.jpg\" alt=\"\" data-id=\"2817\" data-link=\"https:\/\/hotelhouse.cz\/index.php\/2022\/04\/01\/specialni-prohlidky-plzenskeho-historickeho-podzemi-za-svitu-baterek-12-az-17-dubna\/plzenske-historicke-podzemi-za-svitu-baterek-16\/\" class=\"wp-image-2817\" srcset=\"https:\/\/hotelhouse.cz\/wp-content\/uploads\/2022\/04\/Plze\u0148sk\u00e9-historick\u00e9-podzem\u00ed-za-svitu-baterek-16-1024x683.jpg 1024w, https:\/\/hotelhouse.cz\/wp-content\/uploads\/2022\/04\/Plze\u0148sk\u00e9-historick\u00e9-podzem\u00ed-za-svitu-baterek-16-300x200.jpg 300w, https:\/\/hotelhouse.cz\/wp-content\/uploads\/2022\/04\/Plze\u0148sk\u00e9-historick\u00e9-podzem\u00ed-za-svitu-baterek-16-768x512.jpg 768w, https:\/\/hotelhouse.cz\/wp-content\/uploads\/2022\/04\/Plze\u0148sk\u00e9-historick\u00e9-podzem\u00ed-za-svitu-baterek-16.jpg 1250w\" sizes=\"(max-width: 1024px) 100vw, 1024px\" \/><\/figure><\/li><\/ul>\n\n\n\n<p><strong>Zdroj foto: <\/strong>Plze\u0148sk\u00fd Prazdroj<\/p>\n\n\n\n<div style=\"height:48px\" aria-hidden=\"true\" class=\"wp-block-spacer\"><\/div>\n","protected":false},"excerpt":{"rendered":"<p>Vz\u00e1cn\u00e1 p\u0159\u00edle\u017eitost nav\u0161t\u00edvit Plze\u0148sk\u00e9 historick\u00e9ho podzem\u00ed a objevittajemstv\u00ed labyrintu chodeb, sklep\u016f s studn\u00ed pod z\u00e1pado\u010deskou metropol\u00ed netradi\u010dn\u011b za svitu baterek se naskytne od 12. do 17. dubna. V\u017edy od 16 a 17 hodin. Speci\u00e1ln\u00ed&#46;&#46;&#46;<\/p>\n","protected":false},"author":2,"featured_media":2805,"comment_status":"closed","ping_status":"closed","sticky":false,"template":"","format":"standard","meta":{"_monsterinsights_skip_tracking":false,"_monsterinsights_sitenote_active":false,"_monsterinsights_sitenote_note":"","_monsterinsights_sitenote_category":0,"footnotes":""},"categories":[26,2,23],"tags":[],"yoast_head":"<!-- This site is optimized with the Yoast SEO plugin v21.5 - https:\/\/yoast.com\/wordpress\/plugins\/seo\/ -->\n<title>Speci\u00e1ln\u00ed prohl\u00eddky Plze\u0148sk\u00e9ho historick\u00e9ho podzem\u00ed za svitu baterek 12. a\u017e 17. dubna - HOTELHOUSE.cz<\/title>\n<meta name=\"robots\" content=\"index, follow, max-snippet:-1, max-image-preview:large, max-video-preview:-1\" \/>\n<link rel=\"canonical\" href=\"https:\/\/hotelhouse.cz\/index.php\/2022\/04\/01\/specialni-prohlidky-plzenskeho-historickeho-podzemi-za-svitu-baterek-12-az-17-dubna\/\" \/>\n<meta property=\"og:locale\" content=\"cs_CZ\" \/>\n<meta property=\"og:type\" content=\"article\" \/>\n<meta property=\"og:title\" content=\"Speci\u00e1ln\u00ed prohl\u00eddky Plze\u0148sk\u00e9ho historick\u00e9ho podzem\u00ed za svitu baterek 12. a\u017e 17. dubna - HOTELHOUSE.cz\" \/>\n<meta property=\"og:description\" content=\"Vz\u00e1cn\u00e1 p\u0159\u00edle\u017eitost nav\u0161t\u00edvit Plze\u0148sk\u00e9 historick\u00e9ho podzem\u00ed a objevittajemstv\u00ed labyrintu chodeb, sklep\u016f s studn\u00ed pod z\u00e1pado\u010deskou metropol\u00ed netradi\u010dn\u011b za svitu baterek se naskytne od 12. do 17. dubna. V\u017edy od 16 a 17 hodin. Speci\u00e1ln\u00ed&#046;&#046;&#046;\" \/>\n<meta property=\"og:url\" content=\"https:\/\/hotelhouse.cz\/index.php\/2022\/04\/01\/specialni-prohlidky-plzenskeho-historickeho-podzemi-za-svitu-baterek-12-az-17-dubna\/\" \/>\n<meta property=\"og:site_name\" content=\"HOTELHOUSE.cz\" \/>\n<meta property=\"article:published_time\" content=\"2022-03-31T23:51:02+00:00\" \/>\n<meta property=\"article:modified_time\" content=\"2022-04-02T00:12:39+00:00\" \/>\n<meta property=\"og:image\" content=\"https:\/\/hotelhouse.cz\/wp-content\/uploads\/2022\/04\/Plze\u0148sk\u00e9-historick\u00e9-podzem\u00ed-10.jpg\" \/>\n\t<meta property=\"og:image:width\" content=\"1250\" \/>\n\t<meta property=\"og:image:height\" content=\"833\" \/>\n\t<meta property=\"og:image:type\" content=\"image\/jpeg\" \/>\n<meta name=\"author\" content=\"Hol\u00e1\u0148ov\u00e1 Jolana\" \/>\n<meta name=\"twitter:card\" content=\"summary_large_image\" \/>\n<meta name=\"twitter:label1\" content=\"Napsal(a)\" \/>\n\t<meta name=\"twitter:data1\" content=\"Hol\u00e1\u0148ov\u00e1 Jolana\" \/>\n\t<meta name=\"twitter:label2\" content=\"Odhadovan\u00e1 doba \u010dten\u00ed\" \/>\n\t<meta name=\"twitter:data2\" content=\"1 minuta\" \/>\n<script type=\"application\/ld+json\" class=\"yoast-schema-graph\">{\"@context\":\"https:\/\/schema.org\",\"@graph\":[{\"@type\":\"Article\",\"@id\":\"https:\/\/hotelhouse.cz\/index.php\/2022\/04\/01\/specialni-prohlidky-plzenskeho-historickeho-podzemi-za-svitu-baterek-12-az-17-dubna\/#article\",\"isPartOf\":{\"@id\":\"https:\/\/hotelhouse.cz\/index.php\/2022\/04\/01\/specialni-prohlidky-plzenskeho-historickeho-podzemi-za-svitu-baterek-12-az-17-dubna\/\"},\"author\":{\"name\":\"Hol\u00e1\u0148ov\u00e1 Jolana\",\"@id\":\"https:\/\/hotelhouse.cz\/#\/schema\/person\/4a69eae39f069d4a695854158f0891cd\"},\"headline\":\"Speci\u00e1ln\u00ed prohl\u00eddky Plze\u0148sk\u00e9ho historick\u00e9ho podzem\u00ed za svitu baterek 12. a\u017e 17. dubna\",\"datePublished\":\"2022-03-31T23:51:02+00:00\",\"dateModified\":\"2022-04-02T00:12:39+00:00\",\"mainEntityOfPage\":{\"@id\":\"https:\/\/hotelhouse.cz\/index.php\/2022\/04\/01\/specialni-prohlidky-plzenskeho-historickeho-podzemi-za-svitu-baterek-12-az-17-dubna\/\"},\"wordCount\":259,\"publisher\":{\"@id\":\"https:\/\/hotelhouse.cz\/#organization\"},\"articleSection\":[\"N\u00e1dhern\u00e1M\u00edsta.cz\",\"NEWS\",\"TIPY NA CESTOV\u00c1N\u00cd\"],\"inLanguage\":\"cs\"},{\"@type\":\"WebPage\",\"@id\":\"https:\/\/hotelhouse.cz\/index.php\/2022\/04\/01\/specialni-prohlidky-plzenskeho-historickeho-podzemi-za-svitu-baterek-12-az-17-dubna\/\",\"url\":\"https:\/\/hotelhouse.cz\/index.php\/2022\/04\/01\/specialni-prohlidky-plzenskeho-historickeho-podzemi-za-svitu-baterek-12-az-17-dubna\/\",\"name\":\"Speci\u00e1ln\u00ed prohl\u00eddky Plze\u0148sk\u00e9ho historick\u00e9ho podzem\u00ed za svitu baterek 12. a\u017e 17. dubna - HOTELHOUSE.cz\",\"isPartOf\":{\"@id\":\"https:\/\/hotelhouse.cz\/#website\"},\"datePublished\":\"2022-03-31T23:51:02+00:00\",\"dateModified\":\"2022-04-02T00:12:39+00:00\",\"breadcrumb\":{\"@id\":\"https:\/\/hotelhouse.cz\/index.php\/2022\/04\/01\/specialni-prohlidky-plzenskeho-historickeho-podzemi-za-svitu-baterek-12-az-17-dubna\/#breadcrumb\"},\"inLanguage\":\"cs\",\"potentialAction\":[{\"@type\":\"ReadAction\",\"target\":[\"https:\/\/hotelhouse.cz\/index.php\/2022\/04\/01\/specialni-prohlidky-plzenskeho-historickeho-podzemi-za-svitu-baterek-12-az-17-dubna\/\"]}]},{\"@type\":\"BreadcrumbList\",\"@id\":\"https:\/\/hotelhouse.cz\/index.php\/2022\/04\/01\/specialni-prohlidky-plzenskeho-historickeho-podzemi-za-svitu-baterek-12-az-17-dubna\/#breadcrumb\",\"itemListElement\":[{\"@type\":\"ListItem\",\"position\":1,\"name\":\"Dom\u016f\",\"item\":\"https:\/\/hotelhouse.cz\/\"},{\"@type\":\"ListItem\",\"position\":2,\"name\":\"Speci\u00e1ln\u00ed prohl\u00eddky Plze\u0148sk\u00e9ho historick\u00e9ho podzem\u00ed za svitu baterek 12. a\u017e 17. dubna\"}]},{\"@type\":\"WebSite\",\"@id\":\"https:\/\/hotelhouse.cz\/#website\",\"url\":\"https:\/\/hotelhouse.cz\/\",\"name\":\"HOTELHOUSE.cz\",\"description\":\"Port\u00e1l o hotelech, pensionech, spa resortech a restaurac\u00edch...\",\"publisher\":{\"@id\":\"https:\/\/hotelhouse.cz\/#organization\"},\"potentialAction\":[{\"@type\":\"SearchAction\",\"target\":{\"@type\":\"EntryPoint\",\"urlTemplate\":\"https:\/\/hotelhouse.cz\/?s={search_term_string}\"},\"query-input\":\"required name=search_term_string\"}],\"inLanguage\":\"cs\"},{\"@type\":\"Organization\",\"@id\":\"https:\/\/hotelhouse.cz\/#organization\",\"name\":\"HOTELHOUSE.cz\",\"url\":\"https:\/\/hotelhouse.cz\/\",\"logo\":{\"@type\":\"ImageObject\",\"inLanguage\":\"cs\",\"@id\":\"https:\/\/hotelhouse.cz\/#\/schema\/logo\/image\/\",\"url\":\"https:\/\/hotelhouse.cz\/wp-content\/uploads\/2024\/12\/cropped-Logo_HotelHouse-2.jpg\",\"contentUrl\":\"https:\/\/hotelhouse.cz\/wp-content\/uploads\/2024\/12\/cropped-Logo_HotelHouse-2.jpg\",\"width\":933,\"height\":516,\"caption\":\"HOTELHOUSE.cz\"},\"image\":{\"@id\":\"https:\/\/hotelhouse.cz\/#\/schema\/logo\/image\/\"},\"sameAs\":[\"https:\/\/www.instagram.com\/hotelhousecz\/\"]},{\"@type\":\"Person\",\"@id\":\"https:\/\/hotelhouse.cz\/#\/schema\/person\/4a69eae39f069d4a695854158f0891cd\",\"name\":\"Hol\u00e1\u0148ov\u00e1 Jolana\",\"image\":{\"@type\":\"ImageObject\",\"inLanguage\":\"cs\",\"@id\":\"https:\/\/hotelhouse.cz\/#\/schema\/person\/image\/\",\"url\":\"https:\/\/secure.gravatar.com\/avatar\/5863c504ed89cd419ff3a5e812c722ff?s=96&d=mm&r=g\",\"contentUrl\":\"https:\/\/secure.gravatar.com\/avatar\/5863c504ed89cd419ff3a5e812c722ff?s=96&d=mm&r=g\",\"caption\":\"Hol\u00e1\u0148ov\u00e1 Jolana\"},\"sameAs\":[\"http:\/\/www.hotelhouse.cz\"],\"url\":\"https:\/\/hotelhouse.cz\/index.php\/author\/jolhol\/\"}]}<\/script>\n<!-- \/ Yoast SEO plugin. -->","yoast_head_json":{"title":"Speci\u00e1ln\u00ed prohl\u00eddky Plze\u0148sk\u00e9ho historick\u00e9ho podzem\u00ed za svitu baterek 12. a\u017e 17. dubna - HOTELHOUSE.cz","robots":{"index":"index","follow":"follow","max-snippet":"max-snippet:-1","max-image-preview":"max-image-preview:large","max-video-preview":"max-video-preview:-1"},"canonical":"https:\/\/hotelhouse.cz\/index.php\/2022\/04\/01\/specialni-prohlidky-plzenskeho-historickeho-podzemi-za-svitu-baterek-12-az-17-dubna\/","og_locale":"cs_CZ","og_type":"article","og_title":"Speci\u00e1ln\u00ed prohl\u00eddky Plze\u0148sk\u00e9ho historick\u00e9ho podzem\u00ed za svitu baterek 12. a\u017e 17. dubna - HOTELHOUSE.cz","og_description":"Vz\u00e1cn\u00e1 p\u0159\u00edle\u017eitost nav\u0161t\u00edvit Plze\u0148sk\u00e9 historick\u00e9ho podzem\u00ed a objevittajemstv\u00ed labyrintu chodeb, sklep\u016f s studn\u00ed pod z\u00e1pado\u010deskou metropol\u00ed netradi\u010dn\u011b za svitu baterek se naskytne od 12. do 17. dubna. V\u017edy od 16 a 17 hodin. Speci\u00e1ln\u00ed&#46;&#46;&#46;","og_url":"https:\/\/hotelhouse.cz\/index.php\/2022\/04\/01\/specialni-prohlidky-plzenskeho-historickeho-podzemi-za-svitu-baterek-12-az-17-dubna\/","og_site_name":"HOTELHOUSE.cz","article_published_time":"2022-03-31T23:51:02+00:00","article_modified_time":"2022-04-02T00:12:39+00:00","og_image":[{"width":1250,"height":833,"url":"https:\/\/hotelhouse.cz\/wp-content\/uploads\/2022\/04\/Plze\u0148sk\u00e9-historick\u00e9-podzem\u00ed-10.jpg","type":"image\/jpeg"}],"author":"Hol\u00e1\u0148ov\u00e1 Jolana","twitter_card":"summary_large_image","twitter_misc":{"Napsal(a)":"Hol\u00e1\u0148ov\u00e1 Jolana","Odhadovan\u00e1 doba \u010dten\u00ed":"1 minuta"},"schema":{"@context":"https:\/\/schema.org","@graph":[{"@type":"Article","@id":"https:\/\/hotelhouse.cz\/index.php\/2022\/04\/01\/specialni-prohlidky-plzenskeho-historickeho-podzemi-za-svitu-baterek-12-az-17-dubna\/#article","isPartOf":{"@id":"https:\/\/hotelhouse.cz\/index.php\/2022\/04\/01\/specialni-prohlidky-plzenskeho-historickeho-podzemi-za-svitu-baterek-12-az-17-dubna\/"},"author":{"name":"Hol\u00e1\u0148ov\u00e1 Jolana","@id":"https:\/\/hotelhouse.cz\/#\/schema\/person\/4a69eae39f069d4a695854158f0891cd"},"headline":"Speci\u00e1ln\u00ed prohl\u00eddky Plze\u0148sk\u00e9ho historick\u00e9ho podzem\u00ed za svitu baterek 12. a\u017e 17. dubna","datePublished":"2022-03-31T23:51:02+00:00","dateModified":"2022-04-02T00:12:39+00:00","mainEntityOfPage":{"@id":"https:\/\/hotelhouse.cz\/index.php\/2022\/04\/01\/specialni-prohlidky-plzenskeho-historickeho-podzemi-za-svitu-baterek-12-az-17-dubna\/"},"wordCount":259,"publisher":{"@id":"https:\/\/hotelhouse.cz\/#organization"},"articleSection":["N\u00e1dhern\u00e1M\u00edsta.cz","NEWS","TIPY NA CESTOV\u00c1N\u00cd"],"inLanguage":"cs"},{"@type":"WebPage","@id":"https:\/\/hotelhouse.cz\/index.php\/2022\/04\/01\/specialni-prohlidky-plzenskeho-historickeho-podzemi-za-svitu-baterek-12-az-17-dubna\/","url":"https:\/\/hotelhouse.cz\/index.php\/2022\/04\/01\/specialni-prohlidky-plzenskeho-historickeho-podzemi-za-svitu-baterek-12-az-17-dubna\/","name":"Speci\u00e1ln\u00ed prohl\u00eddky Plze\u0148sk\u00e9ho historick\u00e9ho podzem\u00ed za svitu baterek 12. a\u017e 17. dubna - HOTELHOUSE.cz","isPartOf":{"@id":"https:\/\/hotelhouse.cz\/#website"},"datePublished":"2022-03-31T23:51:02+00:00","dateModified":"2022-04-02T00:12:39+00:00","breadcrumb":{"@id":"https:\/\/hotelhouse.cz\/index.php\/2022\/04\/01\/specialni-prohlidky-plzenskeho-historickeho-podzemi-za-svitu-baterek-12-az-17-dubna\/#breadcrumb"},"inLanguage":"cs","potentialAction":[{"@type":"ReadAction","target":["https:\/\/hotelhouse.cz\/index.php\/2022\/04\/01\/specialni-prohlidky-plzenskeho-historickeho-podzemi-za-svitu-baterek-12-az-17-dubna\/"]}]},{"@type":"BreadcrumbList","@id":"https:\/\/hotelhouse.cz\/index.php\/2022\/04\/01\/specialni-prohlidky-plzenskeho-historickeho-podzemi-za-svitu-baterek-12-az-17-dubna\/#breadcrumb","itemListElement":[{"@type":"ListItem","position":1,"name":"Dom\u016f","item":"https:\/\/hotelhouse.cz\/"},{"@type":"ListItem","position":2,"name":"Speci\u00e1ln\u00ed prohl\u00eddky Plze\u0148sk\u00e9ho historick\u00e9ho podzem\u00ed za svitu baterek 12. a\u017e 17. dubna"}]},{"@type":"WebSite","@id":"https:\/\/hotelhouse.cz\/#website","url":"https:\/\/hotelhouse.cz\/","name":"HOTELHOUSE.cz","description":"Port\u00e1l o hotelech, pensionech, spa resortech a restaurac\u00edch...","publisher":{"@id":"https:\/\/hotelhouse.cz\/#organization"},"potentialAction":[{"@type":"SearchAction","target":{"@type":"EntryPoint","urlTemplate":"https:\/\/hotelhouse.cz\/?s={search_term_string}"},"query-input":"required name=search_term_string"}],"inLanguage":"cs"},{"@type":"Organization","@id":"https:\/\/hotelhouse.cz\/#organization","name":"HOTELHOUSE.cz","url":"https:\/\/hotelhouse.cz\/","logo":{"@type":"ImageObject","inLanguage":"cs","@id":"https:\/\/hotelhouse.cz\/#\/schema\/logo\/image\/","url":"https:\/\/hotelhouse.cz\/wp-content\/uploads\/2024\/12\/cropped-Logo_HotelHouse-2.jpg","contentUrl":"https:\/\/hotelhouse.cz\/wp-content\/uploads\/2024\/12\/cropped-Logo_HotelHouse-2.jpg","width":933,"height":516,"caption":"HOTELHOUSE.cz"},"image":{"@id":"https:\/\/hotelhouse.cz\/#\/schema\/logo\/image\/"},"sameAs":["https:\/\/www.instagram.com\/hotelhousecz\/"]},{"@type":"Person","@id":"https:\/\/hotelhouse.cz\/#\/schema\/person\/4a69eae39f069d4a695854158f0891cd","name":"Hol\u00e1\u0148ov\u00e1 Jolana","image":{"@type":"ImageObject","inLanguage":"cs","@id":"https:\/\/hotelhouse.cz\/#\/schema\/person\/image\/","url":"https:\/\/secure.gravatar.com\/avatar\/5863c504ed89cd419ff3a5e812c722ff?s=96&d=mm&r=g","contentUrl":"https:\/\/secure.gravatar.com\/avatar\/5863c504ed89cd419ff3a5e812c722ff?s=96&d=mm&r=g","caption":"Hol\u00e1\u0148ov\u00e1 Jolana"},"sameAs":["http:\/\/www.hotelhouse.cz"],"url":"https:\/\/hotelhouse.cz\/index.php\/author\/jolhol\/"}]}},"_links":{"self":[{"href":"https:\/\/hotelhouse.cz\/index.php\/wp-json\/wp\/v2\/posts\/2804"}],"collection":[{"href":"https:\/\/hotelhouse.cz\/index.php\/wp-json\/wp\/v2\/posts"}],"about":[{"href":"https:\/\/hotelhouse.cz\/index.php\/wp-json\/wp\/v2\/types\/post"}],"author":[{"embeddable":true,"href":"https:\/\/hotelhouse.cz\/index.php\/wp-json\/wp\/v2\/users\/2"}],"replies":[{"embeddable":true,"href":"https:\/\/hotelhouse.cz\/index.php\/wp-json\/wp\/v2\/comments?post=2804"}],"version-history":[{"count":3,"href":"https:\/\/hotelhouse.cz\/index.php\/wp-json\/wp\/v2\/posts\/2804\/revisions"}],"predecessor-version":[{"id":2819,"href":"https:\/\/hotelhouse.cz\/index.php\/wp-json\/wp\/v2\/posts\/2804\/revisions\/2819"}],"wp:featuredmedia":[{"embeddable":true,"href":"https:\/\/hotelhouse.cz\/index.php\/wp-json\/wp\/v2\/media\/2805"}],"wp:attachment":[{"href":"https:\/\/hotelhouse.cz\/index.php\/wp-json\/wp\/v2\/media?parent=2804"}],"wp:term":[{"taxonomy":"category","embeddable":true,"href":"https:\/\/hotelhouse.cz\/index.php\/wp-json\/wp\/v2\/categories?post=2804"},{"taxonomy":"post_tag","embeddable":true,"href":"https:\/\/hotelhouse.cz\/index.php\/wp-json\/wp\/v2\/tags?post=2804"}],"curies":[{"name":"wp","href":"https:\/\/api.w.org\/{rel}","templated":true}]}}