{"id":296,"date":"2019-06-11T21:15:52","date_gmt":"2019-06-11T19:15:52","guid":{"rendered":"http:\/\/hotelhouse.cz\/?p=296"},"modified":"2019-06-12T02:59:32","modified_gmt":"2019-06-12T00:59:32","slug":"typicka-pro-italskou-kuchyni-korenena-salsiccia-otevira-letni-sezonu-v-bageterii-boulevard","status":"publish","type":"post","link":"https:\/\/hotelhouse.cz\/index.php\/2019\/06\/11\/typicka-pro-italskou-kuchyni-korenena-salsiccia-otevira-letni-sezonu-v-bageterii-boulevard\/","title":{"rendered":"Typick\u00e1 pro italskou kuchyni \u2013 ko\u0159en\u011bn\u00e1 salsiccia otev\u00edr\u00e1 letn\u00ed sez\u00f3nu v\u00a0Bageterii Boulevard"},"content":{"rendered":"\n<p><strong>Italsk\u00e1 kuchyn\u011b a l\u00e9to jsou neodd\u011bliteln\u00e1 dvojice. A moc dob\u0159e to v\u00ed i \u0161\u00e9fkucha\u0159 Tom\u00e1\u0161 Ju\u0159\u00edk z vyhl\u00e1\u0161en\u00e9 pra\u017esk\u00e9 restaurace La Finestra in Cucina, kter\u00fd p\u0159ipravil pro Bageterii Boulevard novou \u201eletn\u00ed limitku\u201c \u2013 sendvi\u010d Salsiccia a lan\u00fd\u017e, tedy kombinaci italsk\u00e9 tradice s chut\u00ed luxusu. Novinka v sob\u011b skr\u00fdv\u00e1 typickou italskou ko\u0159en\u011bnou klob\u00e1su salsiccia, tradi\u010dn\u00ed s\u00fdr pecorino a jemnou lan\u00fd\u017eovou majon\u00e9zu. Celkov\u00fd chu\u0165ov\u00fd z\u00e1\u017eitek nav\u00edc dopl\u0148uj\u00ed brambory a baby \u0161pen\u00e1t. Prost\u011b nadupan\u00fd italsk\u00fd sendvi\u010d focaccina, kter\u00fd v\u00e1s zasyt\u00ed a nalad\u00ed na l\u00e9to pln\u00e9 exkluzivn\u00edch chut\u00ed.  <\/strong><\/p>\n\n\n\n<p>Limitovan\u00e1 edice Specialit\u00e9 du Chef je v\u017edy n\u011bco nav\u00edc. Bageterie Boulevard touto \u0159adou chce uk\u00e1zat, \u017ee i kdy\u017e jsme ve sp\u011bchu, m\u016f\u017eeme se naj\u00edst kvalitn\u011b a z luxusn\u00edch surovin. A proto ka\u017ed\u00e1 nab\u00eddka obsahuje n\u011bjakou v\u00fdjime\u010dnou chu\u0165, surovinu \u010di kombinaci. V t\u00e9 aktu\u00e1ln\u00ed to je pr\u00e1v\u011b dokonale jemn\u00e1 lan\u00fd\u017eov\u00e1 majon\u00e9za a pro It\u00e1lii typick\u00e1 klob\u00e1sa salsiccia, von\u00edc\u00ed po lok\u00e1ln\u00edm ko\u0159en\u00ed, bylink\u00e1ch a v\u00edn\u011b. Po cel\u00e9 It\u00e1lii existuje mnoho druh\u016f t\u011bchto klob\u00e1s, dalo by se \u0159\u00edct, \u017ee co region, to jin\u00e1 chu\u0165. K t\u011bm nejzn\u00e1m\u011bj\u0161\u00edm nejsp\u00ed\u0161e pat\u0159\u00ed tosk\u00e1nsk\u00e1 salsiccia \u2013 pro n\u00e1s zn\u00e1m\u00e1 jako syrov\u00e1 klob\u00e1sa obsahuj\u00edc\u00ed po\u0159\u00e1dnou d\u00e1vku nahrubo nasekan\u00e9ho vep\u0159ov\u00e9ho masa.  <\/p>\n\n\n\n<figure class=\"wp-block-image\"><img decoding=\"async\" loading=\"lazy\" width=\"723\" height=\"1024\" src=\"http:\/\/hotelhouse.cz\/wp-content\/uploads\/2019\/06\/Salsiccia_5-2019-723x1024.jpg\" alt=\"\" class=\"wp-image-297\" srcset=\"https:\/\/hotelhouse.cz\/wp-content\/uploads\/2019\/06\/Salsiccia_5-2019-723x1024.jpg 723w, https:\/\/hotelhouse.cz\/wp-content\/uploads\/2019\/06\/Salsiccia_5-2019-212x300.jpg 212w, https:\/\/hotelhouse.cz\/wp-content\/uploads\/2019\/06\/Salsiccia_5-2019-768x1087.jpg 768w, https:\/\/hotelhouse.cz\/wp-content\/uploads\/2019\/06\/Salsiccia_5-2019.jpg 1138w\" sizes=\"(max-width: 723px) 100vw, 723px\" \/><\/figure>\n\n\n\n<p><strong>Focaccina Salciccia a lan\u00fd\u017e<\/strong> z&nbsp;Bageterie Boulevard je \u010dasov\u011b omezen\u00e1, a proto nen\u00ed dobr\u00e9 se dlouho rozm\u00fd\u0161let. Je k&nbsp;dost\u00e1n\u00ed na ka\u017ed\u00e9 pobo\u010dce bageterie, tedy i v t\u00e9 va\u0161\u00ed obl\u00edben\u00e9.  <\/p>\n\n\n\n<p>A chcete-li si letn\u00ed z\u00e1\u017eitek u\u017e\u00edt je\u0161t\u011b v\u00edce a osv\u011b\u017eit se po vydatn\u00e9 d\u00e1vce italsk\u00e9 chut\u00ed, Bageterie Boulevard u\u017e spustila prodej obl\u00edben\u00fdch letn\u00edch \u201eice drink\u016f\u201c. \u010cekaj\u00ed na v\u00e1s jak letn\u00ed st\u00e1lice pln\u00e9 vitaminu C v podob\u011b <strong>Dom\u00e1c\u00ed citron\u00e1dy<\/strong>, tak v\u0161emi v\u011bkov\u00fdmi kategoriemi zbo\u017e\u0148ovan\u00e9 jahody p\u0159ipraven\u00e9 jako <strong>Jahodov\u00fd sorbet<\/strong> nebo velmi obl\u00edben\u00e1 exotick\u00e1 <strong>Mangov\u00e1 limon\u00e1da<\/strong>. V\u0161echny drinky jsou samoz\u0159ejm\u011b dopln\u011bn\u00e9 ledem a \u010derstv\u00fdmi l\u00edstky m\u00e1ty, kter\u00e9 ka\u017ed\u00e9mu drinku dodaj\u00ed ten spr\u00e1vn\u00fd letn\u00ed \u0159\u00edz.<\/p>\n\n\n\n<p><strong>V\u00edce se o Bageterii Boulevard a jejich novink\u00e1ch se dozv\u00edte na webu <\/strong><a href=\"http:\/\/www.bb.cz\/\"><strong>www.bb.cz<\/strong><\/a><strong>. <\/strong><\/p>\n\n\n\n<figure><iframe loading=\"lazy\" width=\"720\" height=\"363\" src=\"https:\/\/www.youtube.com\/embed\/e0H9enUnjG4\" allowfullscreen=\"\"><\/iframe><\/figure>\n","protected":false},"excerpt":{"rendered":"<p>Italsk\u00e1 kuchyn\u011b a l\u00e9to jsou neodd\u011bliteln\u00e1 dvojice. A moc dob\u0159e to v\u00ed i \u0161\u00e9fkucha\u0159 Tom\u00e1\u0161 Ju\u0159\u00edk z vyhl\u00e1\u0161en\u00e9 pra\u017esk\u00e9 restaurace La Finestra in Cucina, kter\u00fd p\u0159ipravil pro Bageterii Boulevard novou \u201eletn\u00ed limitku\u201c \u2013 sendvi\u010d&#46;&#46;&#46;<\/p>\n","protected":false},"author":3,"featured_media":298,"comment_status":"closed","ping_status":"closed","sticky":false,"template":"","format":"standard","meta":{"_monsterinsights_skip_tracking":false,"_monsterinsights_sitenote_active":false,"_monsterinsights_sitenote_note":"","_monsterinsights_sitenote_category":0,"footnotes":""},"categories":[2,8],"tags":[],"yoast_head":"<!-- This site is optimized with the Yoast SEO plugin v21.5 - https:\/\/yoast.com\/wordpress\/plugins\/seo\/ -->\n<title>Typick\u00e1 pro italskou kuchyni \u2013 ko\u0159en\u011bn\u00e1 salsiccia otev\u00edr\u00e1 letn\u00ed sez\u00f3nu v\u00a0Bageterii Boulevard - HOTELHOUSE.cz<\/title>\n<meta name=\"robots\" content=\"index, follow, max-snippet:-1, max-image-preview:large, max-video-preview:-1\" \/>\n<link rel=\"canonical\" href=\"https:\/\/hotelhouse.cz\/index.php\/2019\/06\/11\/typicka-pro-italskou-kuchyni-korenena-salsiccia-otevira-letni-sezonu-v-bageterii-boulevard\/\" \/>\n<meta property=\"og:locale\" content=\"cs_CZ\" \/>\n<meta property=\"og:type\" content=\"article\" \/>\n<meta property=\"og:title\" content=\"Typick\u00e1 pro italskou kuchyni \u2013 ko\u0159en\u011bn\u00e1 salsiccia otev\u00edr\u00e1 letn\u00ed sez\u00f3nu v\u00a0Bageterii Boulevard - HOTELHOUSE.cz\" \/>\n<meta property=\"og:description\" content=\"Italsk\u00e1 kuchyn\u011b a l\u00e9to jsou neodd\u011bliteln\u00e1 dvojice. A moc dob\u0159e to v\u00ed i \u0161\u00e9fkucha\u0159 Tom\u00e1\u0161 Ju\u0159\u00edk z vyhl\u00e1\u0161en\u00e9 pra\u017esk\u00e9 restaurace La Finestra in Cucina, kter\u00fd p\u0159ipravil pro Bageterii Boulevard novou \u201eletn\u00ed limitku\u201c \u2013 sendvi\u010d&#046;&#046;&#046;\" \/>\n<meta property=\"og:url\" content=\"https:\/\/hotelhouse.cz\/index.php\/2019\/06\/11\/typicka-pro-italskou-kuchyni-korenena-salsiccia-otevira-letni-sezonu-v-bageterii-boulevard\/\" \/>\n<meta property=\"og:site_name\" content=\"HOTELHOUSE.cz\" \/>\n<meta property=\"article:published_time\" content=\"2019-06-11T19:15:52+00:00\" \/>\n<meta property=\"article:modified_time\" content=\"2019-06-12T00:59:32+00:00\" \/>\n<meta property=\"og:image\" content=\"https:\/\/hotelhouse.cz\/wp-content\/uploads\/2019\/06\/Salsiccia_5-20192_TTL.jpg\" \/>\n\t<meta property=\"og:image:width\" content=\"1138\" \/>\n\t<meta property=\"og:image:height\" content=\"780\" \/>\n\t<meta property=\"og:image:type\" content=\"image\/jpeg\" \/>\n<meta name=\"author\" content=\"Van\u011bk Miroslav\" \/>\n<meta name=\"twitter:card\" content=\"summary_large_image\" \/>\n<meta name=\"twitter:label1\" content=\"Napsal(a)\" \/>\n\t<meta name=\"twitter:data1\" content=\"Van\u011bk Miroslav\" \/>\n\t<meta name=\"twitter:label2\" content=\"Odhadovan\u00e1 doba \u010dten\u00ed\" \/>\n\t<meta name=\"twitter:data2\" content=\"2 minuty\" \/>\n<script type=\"application\/ld+json\" class=\"yoast-schema-graph\">{\"@context\":\"https:\/\/schema.org\",\"@graph\":[{\"@type\":\"Article\",\"@id\":\"https:\/\/hotelhouse.cz\/index.php\/2019\/06\/11\/typicka-pro-italskou-kuchyni-korenena-salsiccia-otevira-letni-sezonu-v-bageterii-boulevard\/#article\",\"isPartOf\":{\"@id\":\"https:\/\/hotelhouse.cz\/index.php\/2019\/06\/11\/typicka-pro-italskou-kuchyni-korenena-salsiccia-otevira-letni-sezonu-v-bageterii-boulevard\/\"},\"author\":{\"name\":\"Van\u011bk Miroslav\",\"@id\":\"https:\/\/hotelhouse.cz\/#\/schema\/person\/fa8caee3f0a9c6134afed3c541204812\"},\"headline\":\"Typick\u00e1 pro italskou kuchyni \u2013 ko\u0159en\u011bn\u00e1 salsiccia otev\u00edr\u00e1 letn\u00ed sez\u00f3nu v\u00a0Bageterii Boulevard\",\"datePublished\":\"2019-06-11T19:15:52+00:00\",\"dateModified\":\"2019-06-12T00:59:32+00:00\",\"mainEntityOfPage\":{\"@id\":\"https:\/\/hotelhouse.cz\/index.php\/2019\/06\/11\/typicka-pro-italskou-kuchyni-korenena-salsiccia-otevira-letni-sezonu-v-bageterii-boulevard\/\"},\"wordCount\":422,\"publisher\":{\"@id\":\"https:\/\/hotelhouse.cz\/#organization\"},\"articleSection\":[\"NEWS\",\"RESTAURACE &amp; BISTRA\"],\"inLanguage\":\"cs\"},{\"@type\":\"WebPage\",\"@id\":\"https:\/\/hotelhouse.cz\/index.php\/2019\/06\/11\/typicka-pro-italskou-kuchyni-korenena-salsiccia-otevira-letni-sezonu-v-bageterii-boulevard\/\",\"url\":\"https:\/\/hotelhouse.cz\/index.php\/2019\/06\/11\/typicka-pro-italskou-kuchyni-korenena-salsiccia-otevira-letni-sezonu-v-bageterii-boulevard\/\",\"name\":\"Typick\u00e1 pro italskou kuchyni \u2013 ko\u0159en\u011bn\u00e1 salsiccia otev\u00edr\u00e1 letn\u00ed sez\u00f3nu v\u00a0Bageterii Boulevard - HOTELHOUSE.cz\",\"isPartOf\":{\"@id\":\"https:\/\/hotelhouse.cz\/#website\"},\"datePublished\":\"2019-06-11T19:15:52+00:00\",\"dateModified\":\"2019-06-12T00:59:32+00:00\",\"breadcrumb\":{\"@id\":\"https:\/\/hotelhouse.cz\/index.php\/2019\/06\/11\/typicka-pro-italskou-kuchyni-korenena-salsiccia-otevira-letni-sezonu-v-bageterii-boulevard\/#breadcrumb\"},\"inLanguage\":\"cs\",\"potentialAction\":[{\"@type\":\"ReadAction\",\"target\":[\"https:\/\/hotelhouse.cz\/index.php\/2019\/06\/11\/typicka-pro-italskou-kuchyni-korenena-salsiccia-otevira-letni-sezonu-v-bageterii-boulevard\/\"]}]},{\"@type\":\"BreadcrumbList\",\"@id\":\"https:\/\/hotelhouse.cz\/index.php\/2019\/06\/11\/typicka-pro-italskou-kuchyni-korenena-salsiccia-otevira-letni-sezonu-v-bageterii-boulevard\/#breadcrumb\",\"itemListElement\":[{\"@type\":\"ListItem\",\"position\":1,\"name\":\"Dom\u016f\",\"item\":\"https:\/\/hotelhouse.cz\/\"},{\"@type\":\"ListItem\",\"position\":2,\"name\":\"Typick\u00e1 pro italskou kuchyni \u2013 ko\u0159en\u011bn\u00e1 salsiccia otev\u00edr\u00e1 letn\u00ed sez\u00f3nu v\u00a0Bageterii Boulevard\"}]},{\"@type\":\"WebSite\",\"@id\":\"https:\/\/hotelhouse.cz\/#website\",\"url\":\"https:\/\/hotelhouse.cz\/\",\"name\":\"HOTELHOUSE.cz\",\"description\":\"Port\u00e1l o hotelech, pensionech, spa resortech a restaurac\u00edch...\",\"publisher\":{\"@id\":\"https:\/\/hotelhouse.cz\/#organization\"},\"potentialAction\":[{\"@type\":\"SearchAction\",\"target\":{\"@type\":\"EntryPoint\",\"urlTemplate\":\"https:\/\/hotelhouse.cz\/?s={search_term_string}\"},\"query-input\":\"required name=search_term_string\"}],\"inLanguage\":\"cs\"},{\"@type\":\"Organization\",\"@id\":\"https:\/\/hotelhouse.cz\/#organization\",\"name\":\"HOTELHOUSE.cz\",\"url\":\"https:\/\/hotelhouse.cz\/\",\"logo\":{\"@type\":\"ImageObject\",\"inLanguage\":\"cs\",\"@id\":\"https:\/\/hotelhouse.cz\/#\/schema\/logo\/image\/\",\"url\":\"https:\/\/hotelhouse.cz\/wp-content\/uploads\/2024\/12\/cropped-Logo_HotelHouse-2.jpg\",\"contentUrl\":\"https:\/\/hotelhouse.cz\/wp-content\/uploads\/2024\/12\/cropped-Logo_HotelHouse-2.jpg\",\"width\":933,\"height\":516,\"caption\":\"HOTELHOUSE.cz\"},\"image\":{\"@id\":\"https:\/\/hotelhouse.cz\/#\/schema\/logo\/image\/\"},\"sameAs\":[\"https:\/\/www.instagram.com\/hotelhousecz\/\"]},{\"@type\":\"Person\",\"@id\":\"https:\/\/hotelhouse.cz\/#\/schema\/person\/fa8caee3f0a9c6134afed3c541204812\",\"name\":\"Van\u011bk Miroslav\",\"image\":{\"@type\":\"ImageObject\",\"inLanguage\":\"cs\",\"@id\":\"https:\/\/hotelhouse.cz\/#\/schema\/person\/image\/\",\"url\":\"https:\/\/secure.gravatar.com\/avatar\/cc93dbecbfc820d69a964ea4a1c72377?s=96&d=mm&r=g\",\"contentUrl\":\"https:\/\/secure.gravatar.com\/avatar\/cc93dbecbfc820d69a964ea4a1c72377?s=96&d=mm&r=g\",\"caption\":\"Van\u011bk Miroslav\"},\"sameAs\":[\"http:\/\/www.hotelhouse.cz\"],\"url\":\"https:\/\/hotelhouse.cz\/index.php\/author\/mirvan\/\"}]}<\/script>\n<!-- \/ Yoast SEO plugin. -->","yoast_head_json":{"title":"Typick\u00e1 pro italskou kuchyni \u2013 ko\u0159en\u011bn\u00e1 salsiccia otev\u00edr\u00e1 letn\u00ed sez\u00f3nu v\u00a0Bageterii Boulevard - HOTELHOUSE.cz","robots":{"index":"index","follow":"follow","max-snippet":"max-snippet:-1","max-image-preview":"max-image-preview:large","max-video-preview":"max-video-preview:-1"},"canonical":"https:\/\/hotelhouse.cz\/index.php\/2019\/06\/11\/typicka-pro-italskou-kuchyni-korenena-salsiccia-otevira-letni-sezonu-v-bageterii-boulevard\/","og_locale":"cs_CZ","og_type":"article","og_title":"Typick\u00e1 pro italskou kuchyni \u2013 ko\u0159en\u011bn\u00e1 salsiccia otev\u00edr\u00e1 letn\u00ed sez\u00f3nu v\u00a0Bageterii Boulevard - HOTELHOUSE.cz","og_description":"Italsk\u00e1 kuchyn\u011b a l\u00e9to jsou neodd\u011bliteln\u00e1 dvojice. A moc dob\u0159e to v\u00ed i \u0161\u00e9fkucha\u0159 Tom\u00e1\u0161 Ju\u0159\u00edk z vyhl\u00e1\u0161en\u00e9 pra\u017esk\u00e9 restaurace La Finestra in Cucina, kter\u00fd p\u0159ipravil pro Bageterii Boulevard novou \u201eletn\u00ed limitku\u201c \u2013 sendvi\u010d&#46;&#46;&#46;","og_url":"https:\/\/hotelhouse.cz\/index.php\/2019\/06\/11\/typicka-pro-italskou-kuchyni-korenena-salsiccia-otevira-letni-sezonu-v-bageterii-boulevard\/","og_site_name":"HOTELHOUSE.cz","article_published_time":"2019-06-11T19:15:52+00:00","article_modified_time":"2019-06-12T00:59:32+00:00","og_image":[{"width":1138,"height":780,"url":"https:\/\/hotelhouse.cz\/wp-content\/uploads\/2019\/06\/Salsiccia_5-20192_TTL.jpg","type":"image\/jpeg"}],"author":"Van\u011bk Miroslav","twitter_card":"summary_large_image","twitter_misc":{"Napsal(a)":"Van\u011bk Miroslav","Odhadovan\u00e1 doba \u010dten\u00ed":"2 minuty"},"schema":{"@context":"https:\/\/schema.org","@graph":[{"@type":"Article","@id":"https:\/\/hotelhouse.cz\/index.php\/2019\/06\/11\/typicka-pro-italskou-kuchyni-korenena-salsiccia-otevira-letni-sezonu-v-bageterii-boulevard\/#article","isPartOf":{"@id":"https:\/\/hotelhouse.cz\/index.php\/2019\/06\/11\/typicka-pro-italskou-kuchyni-korenena-salsiccia-otevira-letni-sezonu-v-bageterii-boulevard\/"},"author":{"name":"Van\u011bk Miroslav","@id":"https:\/\/hotelhouse.cz\/#\/schema\/person\/fa8caee3f0a9c6134afed3c541204812"},"headline":"Typick\u00e1 pro italskou kuchyni \u2013 ko\u0159en\u011bn\u00e1 salsiccia otev\u00edr\u00e1 letn\u00ed sez\u00f3nu v\u00a0Bageterii Boulevard","datePublished":"2019-06-11T19:15:52+00:00","dateModified":"2019-06-12T00:59:32+00:00","mainEntityOfPage":{"@id":"https:\/\/hotelhouse.cz\/index.php\/2019\/06\/11\/typicka-pro-italskou-kuchyni-korenena-salsiccia-otevira-letni-sezonu-v-bageterii-boulevard\/"},"wordCount":422,"publisher":{"@id":"https:\/\/hotelhouse.cz\/#organization"},"articleSection":["NEWS","RESTAURACE &amp; BISTRA"],"inLanguage":"cs"},{"@type":"WebPage","@id":"https:\/\/hotelhouse.cz\/index.php\/2019\/06\/11\/typicka-pro-italskou-kuchyni-korenena-salsiccia-otevira-letni-sezonu-v-bageterii-boulevard\/","url":"https:\/\/hotelhouse.cz\/index.php\/2019\/06\/11\/typicka-pro-italskou-kuchyni-korenena-salsiccia-otevira-letni-sezonu-v-bageterii-boulevard\/","name":"Typick\u00e1 pro italskou kuchyni \u2013 ko\u0159en\u011bn\u00e1 salsiccia otev\u00edr\u00e1 letn\u00ed sez\u00f3nu v\u00a0Bageterii Boulevard - HOTELHOUSE.cz","isPartOf":{"@id":"https:\/\/hotelhouse.cz\/#website"},"datePublished":"2019-06-11T19:15:52+00:00","dateModified":"2019-06-12T00:59:32+00:00","breadcrumb":{"@id":"https:\/\/hotelhouse.cz\/index.php\/2019\/06\/11\/typicka-pro-italskou-kuchyni-korenena-salsiccia-otevira-letni-sezonu-v-bageterii-boulevard\/#breadcrumb"},"inLanguage":"cs","potentialAction":[{"@type":"ReadAction","target":["https:\/\/hotelhouse.cz\/index.php\/2019\/06\/11\/typicka-pro-italskou-kuchyni-korenena-salsiccia-otevira-letni-sezonu-v-bageterii-boulevard\/"]}]},{"@type":"BreadcrumbList","@id":"https:\/\/hotelhouse.cz\/index.php\/2019\/06\/11\/typicka-pro-italskou-kuchyni-korenena-salsiccia-otevira-letni-sezonu-v-bageterii-boulevard\/#breadcrumb","itemListElement":[{"@type":"ListItem","position":1,"name":"Dom\u016f","item":"https:\/\/hotelhouse.cz\/"},{"@type":"ListItem","position":2,"name":"Typick\u00e1 pro italskou kuchyni \u2013 ko\u0159en\u011bn\u00e1 salsiccia otev\u00edr\u00e1 letn\u00ed sez\u00f3nu v\u00a0Bageterii Boulevard"}]},{"@type":"WebSite","@id":"https:\/\/hotelhouse.cz\/#website","url":"https:\/\/hotelhouse.cz\/","name":"HOTELHOUSE.cz","description":"Port\u00e1l o hotelech, pensionech, spa resortech a restaurac\u00edch...","publisher":{"@id":"https:\/\/hotelhouse.cz\/#organization"},"potentialAction":[{"@type":"SearchAction","target":{"@type":"EntryPoint","urlTemplate":"https:\/\/hotelhouse.cz\/?s={search_term_string}"},"query-input":"required name=search_term_string"}],"inLanguage":"cs"},{"@type":"Organization","@id":"https:\/\/hotelhouse.cz\/#organization","name":"HOTELHOUSE.cz","url":"https:\/\/hotelhouse.cz\/","logo":{"@type":"ImageObject","inLanguage":"cs","@id":"https:\/\/hotelhouse.cz\/#\/schema\/logo\/image\/","url":"https:\/\/hotelhouse.cz\/wp-content\/uploads\/2024\/12\/cropped-Logo_HotelHouse-2.jpg","contentUrl":"https:\/\/hotelhouse.cz\/wp-content\/uploads\/2024\/12\/cropped-Logo_HotelHouse-2.jpg","width":933,"height":516,"caption":"HOTELHOUSE.cz"},"image":{"@id":"https:\/\/hotelhouse.cz\/#\/schema\/logo\/image\/"},"sameAs":["https:\/\/www.instagram.com\/hotelhousecz\/"]},{"@type":"Person","@id":"https:\/\/hotelhouse.cz\/#\/schema\/person\/fa8caee3f0a9c6134afed3c541204812","name":"Van\u011bk Miroslav","image":{"@type":"ImageObject","inLanguage":"cs","@id":"https:\/\/hotelhouse.cz\/#\/schema\/person\/image\/","url":"https:\/\/secure.gravatar.com\/avatar\/cc93dbecbfc820d69a964ea4a1c72377?s=96&d=mm&r=g","contentUrl":"https:\/\/secure.gravatar.com\/avatar\/cc93dbecbfc820d69a964ea4a1c72377?s=96&d=mm&r=g","caption":"Van\u011bk Miroslav"},"sameAs":["http:\/\/www.hotelhouse.cz"],"url":"https:\/\/hotelhouse.cz\/index.php\/author\/mirvan\/"}]}},"_links":{"self":[{"href":"https:\/\/hotelhouse.cz\/index.php\/wp-json\/wp\/v2\/posts\/296"}],"collection":[{"href":"https:\/\/hotelhouse.cz\/index.php\/wp-json\/wp\/v2\/posts"}],"about":[{"href":"https:\/\/hotelhouse.cz\/index.php\/wp-json\/wp\/v2\/types\/post"}],"author":[{"embeddable":true,"href":"https:\/\/hotelhouse.cz\/index.php\/wp-json\/wp\/v2\/users\/3"}],"replies":[{"embeddable":true,"href":"https:\/\/hotelhouse.cz\/index.php\/wp-json\/wp\/v2\/comments?post=296"}],"version-history":[{"count":3,"href":"https:\/\/hotelhouse.cz\/index.php\/wp-json\/wp\/v2\/posts\/296\/revisions"}],"predecessor-version":[{"id":337,"href":"https:\/\/hotelhouse.cz\/index.php\/wp-json\/wp\/v2\/posts\/296\/revisions\/337"}],"wp:featuredmedia":[{"embeddable":true,"href":"https:\/\/hotelhouse.cz\/index.php\/wp-json\/wp\/v2\/media\/298"}],"wp:attachment":[{"href":"https:\/\/hotelhouse.cz\/index.php\/wp-json\/wp\/v2\/media?parent=296"}],"wp:term":[{"taxonomy":"category","embeddable":true,"href":"https:\/\/hotelhouse.cz\/index.php\/wp-json\/wp\/v2\/categories?post=296"},{"taxonomy":"post_tag","embeddable":true,"href":"https:\/\/hotelhouse.cz\/index.php\/wp-json\/wp\/v2\/tags?post=296"}],"curies":[{"name":"wp","href":"https:\/\/api.w.org\/{rel}","templated":true}]}}