{"id":3118,"date":"2022-06-07T00:53:55","date_gmt":"2022-06-06T22:53:55","guid":{"rendered":"https:\/\/hotelhouse.cz\/?p=3118"},"modified":"2022-06-07T22:32:08","modified_gmt":"2022-06-07T20:32:08","slug":"slavnost-cideru-se-blizi-11-a-12-6-v-prazske-trznici","status":"publish","type":"post","link":"https:\/\/hotelhouse.cz\/index.php\/2022\/06\/07\/slavnost-cideru-se-blizi-11-a-12-6-v-prazske-trznici\/","title":{"rendered":"Slavnost Cideru se bl\u00ed\u017e\u00ed: 11. a 12.6. v Pra\u017esk\u00e9 tr\u017enici"},"content":{"rendered":"\n<div style=\"height:20px\" aria-hidden=\"true\" class=\"wp-block-spacer\"><\/div>\n\n\n\n<p><strong>Nejv\u011bt\u0161\u00ed  slavnost cideru se kon\u00e1 ji\u017e tento v\u00edkend v Praze! Zkva\u0161en\u00fd jable\u010dn\u00fd  n\u00e1poj, kter\u00fd si z\u00edskal oblibu mezi konzumenty v\u0161ech v\u011bkov\u00fdch kategori\u00ed,  znovu dob\u00fdv\u00e1 Prahu. CIder a hlavn\u011b ten \u0159emesln\u00fd se bude nadch\u00e1zej\u00edc\u00ed  v\u00edkend oslavovat a hlavn\u011b ko\u0161tovat na u\u017e 5. ro\u010dn\u00edku Slavnosti Cideru.<\/strong><\/p>\n\n\n\n<div class=\"wp-block-image\"><figure class=\"aligncenter is-resized\"><img decoding=\"async\" loading=\"lazy\" src=\"https:\/\/hotelhouse.cz\/wp-content\/uploads\/2022\/06\/1654581210_1.png\" alt=\"\" class=\"wp-image-3119\" width=\"1029\" height=\"686\" srcset=\"https:\/\/hotelhouse.cz\/wp-content\/uploads\/2022\/06\/1654581210_1.png 900w, https:\/\/hotelhouse.cz\/wp-content\/uploads\/2022\/06\/1654581210_1-300x200.png 300w, https:\/\/hotelhouse.cz\/wp-content\/uploads\/2022\/06\/1654581210_1-768x512.png 768w\" sizes=\"(max-width: 1029px) 100vw, 1029px\" \/><\/figure><\/div>\n\n\n\n<p>A\u017e\n sto druh\u016f cideru v\u0161eho druhu od t\u00e9m\u011b\u0159 pades\u00e1tky v\u00fdrobc\u016f nejen z \u010cech \nbudete moci ochutnat v sobotu 11.6. a ned\u011bli 12.6. v Pra\u017esk\u00e9 tr\u017enici v \nHole\u0161ovic\u00edch. P\u0159i t\u00e9to p\u0159\u00edle\u017eitosti bude p\u0159edstaven\u00fd i nov\u011b vznikl\u00fd Svaz\n Mal\u00fdch V\u00fdrobc\u016f Cideru, jeho\u017e \u00fa\u010delem spolku je sdru\u017eovat mal\u00e9 v\u00fdrobce \n\u0159emesln\u00e9ho cideru a perry v \u010cesk\u00e9 republice. K tomu nem\u016f\u017ee chyb\u011bt tak\u00e9 \ndobr\u00e9 j\u00eddlo, DJs a z\u00e1bavn\u00fd doprovodn\u00fd program pro celu rodinu. Hned \nvedle se v sobotu uskute\u010dn\u00ed tak\u00e9 MINT Market, obl\u00edben\u00fd trh s autorsk\u00fdm \ndesignem a m\u00f3dou od nez\u00e1visl\u00fdch lok\u00e1ln\u00edch tv\u016frc\u016f.<\/p>\n\n\n\n<p>Kvalitu\n \u010desk\u00fdch v\u00fdrobc\u016f \u0159emesln\u00e9ho cideru potvrzuje nejen obl\u00edbenost tohoto \nn\u00e1poje mezi dom\u00e1c\u00edmi konzumenty, ale tak\u00e9 \u0159ada ocen\u011bn\u00ed, kter\u00e1 na\u0161i \ncidra\u0159i z\u00edsk\u00e1vaj\u00ed po cel\u00e9m sv\u011bt\u011b. \u010ce\u0161t\u00ed \u0159emesln\u00ed v\u00fdrobci pravideln\u011b \ndov\u00e1\u017e\u00ed ocen\u011bn\u00ed nejen ze sv\u011bta, ale i z \u010cech. Na posledn\u00edm World Cider \nSEAL 2022 v \u010cesk\u00fdch Bud\u011bjovic\u00edch z\u00edskali ocen\u011bn\u00ed Cid\u00e9rka Brno, S\u00edgr z \nJablka od pivovaru Volt, Cider Talk od Cider Sektu.<\/p>\n\n\n\n<p>Pokud  zn\u00e1te jen cidery od komer\u010dn\u00edch zna\u010dek, pln\u00e9 um\u011bl\u00fdch barviv, cukru a  \u00e9\u010dek, budete p\u0159\u00edjemn\u011b p\u0159ekvapeni. V\u00fdroba poctiv\u00e9ho cideru m\u00e1 toti\u017e v  \u010cech\u00e1ch letitou tradici. My\u0161lenka uspo\u0159\u00e1dat akci, jen\u017e by sdru\u017eovala a  podporovala v\u00fdrobce, kte\u0159\u00ed d\u011blaj\u00ed cider s l\u00e1skou a nasazen\u00edm, ale \u010dasto  se s n\u00edm nedostanou za hranice sv\u00e9ho regionu, vznikla p\u0159ed v\u00edce ne\u017e osmi  lety a od t\u00e9 doby nav\u0161t\u00edvily nejv\u011bt\u0161\u00ed cider festival v \u010cR des\u00edtky tis\u00edc  fanou\u0161k\u016f zkva\u0161en\u00fdch jablek. Proto\u017ee, jak \u0159\u00edk\u00e1 pan in\u017een\u00fdr Ev\u017een Uher z  B\u00edl\u00fdch Karpat: &#8222;V\u00edte, jak\u00fd cider je nejlep\u0161\u00ed? Ten prodan\u00fd.\u201c<\/p>\n\n\n\n<div style=\"height:20px\" aria-hidden=\"true\" class=\"wp-block-spacer\"><\/div>\n\n\n\n<div class=\"wp-block-image\"><figure class=\"aligncenter is-resized\"><img decoding=\"async\" loading=\"lazy\" src=\"https:\/\/hotelhouse.cz\/wp-content\/uploads\/2022\/06\/1654581242_2.jpg\" alt=\"\" class=\"wp-image-3120\" width=\"577\" height=\"814\" srcset=\"https:\/\/hotelhouse.cz\/wp-content\/uploads\/2022\/06\/1654581242_2.jpg 414w, https:\/\/hotelhouse.cz\/wp-content\/uploads\/2022\/06\/1654581242_2-213x300.jpg 213w\" sizes=\"(max-width: 577px) 100vw, 577px\" \/><\/figure><\/div>\n\n\n\n<div style=\"height:20px\" aria-hidden=\"true\" class=\"wp-block-spacer\"><\/div>\n\n\n\n<h3 class=\"wp-block-heading\">Program:<\/h3>\n\n\n\n<div style=\"height:20px\" aria-hidden=\"true\" class=\"wp-block-spacer\"><\/div>\n\n\n\n<p><strong>Slavnost Cideru + Mint Market Pra\u017esk\u00e1 tr\u017enice Hole\u0161ovice, Praha, 170 00<\/strong><\/p>\n\n\n\n<p><strong>sobota 11.6.2022 &#8211; Slavnost Cideru + Mint Market<\/strong><\/p>\n\n\n\n<p><strong>ned\u011ble 12.6.2022 &#8211; Slavnost Cideru<\/strong><\/p>\n\n\n\n<div style=\"height:20px\" aria-hidden=\"true\" class=\"wp-block-spacer\"><\/div>\n\n\n\n<p><strong>V\u00edce informac\u00ed na: <\/strong><a href=\"http:\/\/www.slavnostcideru.cz\"><strong>www.slavnostcideru.cz.<\/strong><\/a><\/p>\n\n\n\n<div style=\"height:100px\" aria-hidden=\"true\" class=\"wp-block-spacer\"><\/div>\n","protected":false},"excerpt":{"rendered":"<p>Nejv\u011bt\u0161\u00ed slavnost cideru se kon\u00e1 ji\u017e tento v\u00edkend v Praze! Zkva\u0161en\u00fd jable\u010dn\u00fd n\u00e1poj, kter\u00fd si z\u00edskal oblibu mezi konzumenty v\u0161ech v\u011bkov\u00fdch kategori\u00ed, znovu dob\u00fdv\u00e1 Prahu. CIder a hlavn\u011b ten \u0159emesln\u00fd se bude nadch\u00e1zej\u00edc\u00ed v\u00edkend&#46;&#46;&#46;<\/p>\n","protected":false},"author":3,"featured_media":3119,"comment_status":"closed","ping_status":"closed","sticky":false,"template":"","format":"standard","meta":{"_monsterinsights_skip_tracking":false,"_monsterinsights_sitenote_active":false,"_monsterinsights_sitenote_note":"","_monsterinsights_sitenote_category":0,"footnotes":""},"categories":[9,22,2],"tags":[],"yoast_head":"<!-- This site is optimized with the Yoast SEO plugin v21.5 - https:\/\/yoast.com\/wordpress\/plugins\/seo\/ -->\n<title>Slavnost Cideru se bl\u00ed\u017e\u00ed: 11. a 12.6. v Pra\u017esk\u00e9 tr\u017enici - HOTELHOUSE.cz<\/title>\n<meta name=\"robots\" content=\"index, follow, max-snippet:-1, max-image-preview:large, max-video-preview:-1\" \/>\n<link rel=\"canonical\" href=\"https:\/\/hotelhouse.cz\/index.php\/2022\/06\/07\/slavnost-cideru-se-blizi-11-a-12-6-v-prazske-trznici\/\" \/>\n<meta property=\"og:locale\" content=\"cs_CZ\" \/>\n<meta property=\"og:type\" content=\"article\" \/>\n<meta property=\"og:title\" content=\"Slavnost Cideru se bl\u00ed\u017e\u00ed: 11. a 12.6. v Pra\u017esk\u00e9 tr\u017enici - HOTELHOUSE.cz\" \/>\n<meta property=\"og:description\" content=\"Nejv\u011bt\u0161\u00ed slavnost cideru se kon\u00e1 ji\u017e tento v\u00edkend v Praze! Zkva\u0161en\u00fd jable\u010dn\u00fd n\u00e1poj, kter\u00fd si z\u00edskal oblibu mezi konzumenty v\u0161ech v\u011bkov\u00fdch kategori\u00ed, znovu dob\u00fdv\u00e1 Prahu. CIder a hlavn\u011b ten \u0159emesln\u00fd se bude nadch\u00e1zej\u00edc\u00ed v\u00edkend&#046;&#046;&#046;\" \/>\n<meta property=\"og:url\" content=\"https:\/\/hotelhouse.cz\/index.php\/2022\/06\/07\/slavnost-cideru-se-blizi-11-a-12-6-v-prazske-trznici\/\" \/>\n<meta property=\"og:site_name\" content=\"HOTELHOUSE.cz\" \/>\n<meta property=\"article:published_time\" content=\"2022-06-06T22:53:55+00:00\" \/>\n<meta property=\"article:modified_time\" content=\"2022-06-07T20:32:08+00:00\" \/>\n<meta property=\"og:image\" content=\"https:\/\/hotelhouse.cz\/wp-content\/uploads\/2022\/06\/1654581210_1.png\" \/>\n\t<meta property=\"og:image:width\" content=\"900\" \/>\n\t<meta property=\"og:image:height\" content=\"600\" \/>\n\t<meta property=\"og:image:type\" content=\"image\/png\" \/>\n<meta name=\"author\" content=\"Van\u011bk Miroslav\" \/>\n<meta name=\"twitter:card\" content=\"summary_large_image\" \/>\n<meta name=\"twitter:label1\" content=\"Napsal(a)\" \/>\n\t<meta name=\"twitter:data1\" content=\"Van\u011bk Miroslav\" \/>\n\t<meta name=\"twitter:label2\" content=\"Odhadovan\u00e1 doba \u010dten\u00ed\" \/>\n\t<meta name=\"twitter:data2\" content=\"2 minuty\" \/>\n<script type=\"application\/ld+json\" class=\"yoast-schema-graph\">{\"@context\":\"https:\/\/schema.org\",\"@graph\":[{\"@type\":\"Article\",\"@id\":\"https:\/\/hotelhouse.cz\/index.php\/2022\/06\/07\/slavnost-cideru-se-blizi-11-a-12-6-v-prazske-trznici\/#article\",\"isPartOf\":{\"@id\":\"https:\/\/hotelhouse.cz\/index.php\/2022\/06\/07\/slavnost-cideru-se-blizi-11-a-12-6-v-prazske-trznici\/\"},\"author\":{\"name\":\"Van\u011bk Miroslav\",\"@id\":\"https:\/\/hotelhouse.cz\/#\/schema\/person\/fa8caee3f0a9c6134afed3c541204812\"},\"headline\":\"Slavnost Cideru se bl\u00ed\u017e\u00ed: 11. a 12.6. v Pra\u017esk\u00e9 tr\u017enici\",\"datePublished\":\"2022-06-06T22:53:55+00:00\",\"dateModified\":\"2022-06-07T20:32:08+00:00\",\"mainEntityOfPage\":{\"@id\":\"https:\/\/hotelhouse.cz\/index.php\/2022\/06\/07\/slavnost-cideru-se-blizi-11-a-12-6-v-prazske-trznici\/\"},\"wordCount\":429,\"publisher\":{\"@id\":\"https:\/\/hotelhouse.cz\/#organization\"},\"articleSection\":[\"LOBY &amp; BARY &amp; ALKOHOL\",\"NaDovolenouDoPrahy.cz\",\"NEWS\"],\"inLanguage\":\"cs\"},{\"@type\":\"WebPage\",\"@id\":\"https:\/\/hotelhouse.cz\/index.php\/2022\/06\/07\/slavnost-cideru-se-blizi-11-a-12-6-v-prazske-trznici\/\",\"url\":\"https:\/\/hotelhouse.cz\/index.php\/2022\/06\/07\/slavnost-cideru-se-blizi-11-a-12-6-v-prazske-trznici\/\",\"name\":\"Slavnost Cideru se bl\u00ed\u017e\u00ed: 11. a 12.6. v Pra\u017esk\u00e9 tr\u017enici - HOTELHOUSE.cz\",\"isPartOf\":{\"@id\":\"https:\/\/hotelhouse.cz\/#website\"},\"datePublished\":\"2022-06-06T22:53:55+00:00\",\"dateModified\":\"2022-06-07T20:32:08+00:00\",\"breadcrumb\":{\"@id\":\"https:\/\/hotelhouse.cz\/index.php\/2022\/06\/07\/slavnost-cideru-se-blizi-11-a-12-6-v-prazske-trznici\/#breadcrumb\"},\"inLanguage\":\"cs\",\"potentialAction\":[{\"@type\":\"ReadAction\",\"target\":[\"https:\/\/hotelhouse.cz\/index.php\/2022\/06\/07\/slavnost-cideru-se-blizi-11-a-12-6-v-prazske-trznici\/\"]}]},{\"@type\":\"BreadcrumbList\",\"@id\":\"https:\/\/hotelhouse.cz\/index.php\/2022\/06\/07\/slavnost-cideru-se-blizi-11-a-12-6-v-prazske-trznici\/#breadcrumb\",\"itemListElement\":[{\"@type\":\"ListItem\",\"position\":1,\"name\":\"Dom\u016f\",\"item\":\"https:\/\/hotelhouse.cz\/\"},{\"@type\":\"ListItem\",\"position\":2,\"name\":\"Slavnost Cideru se bl\u00ed\u017e\u00ed: 11. a 12.6. v Pra\u017esk\u00e9 tr\u017enici\"}]},{\"@type\":\"WebSite\",\"@id\":\"https:\/\/hotelhouse.cz\/#website\",\"url\":\"https:\/\/hotelhouse.cz\/\",\"name\":\"HOTELHOUSE.cz\",\"description\":\"Port\u00e1l o hotelech, pensionech, spa resortech a restaurac\u00edch...\",\"publisher\":{\"@id\":\"https:\/\/hotelhouse.cz\/#organization\"},\"potentialAction\":[{\"@type\":\"SearchAction\",\"target\":{\"@type\":\"EntryPoint\",\"urlTemplate\":\"https:\/\/hotelhouse.cz\/?s={search_term_string}\"},\"query-input\":\"required name=search_term_string\"}],\"inLanguage\":\"cs\"},{\"@type\":\"Organization\",\"@id\":\"https:\/\/hotelhouse.cz\/#organization\",\"name\":\"HOTELHOUSE.cz\",\"url\":\"https:\/\/hotelhouse.cz\/\",\"logo\":{\"@type\":\"ImageObject\",\"inLanguage\":\"cs\",\"@id\":\"https:\/\/hotelhouse.cz\/#\/schema\/logo\/image\/\",\"url\":\"https:\/\/hotelhouse.cz\/wp-content\/uploads\/2024\/12\/cropped-Logo_HotelHouse-2.jpg\",\"contentUrl\":\"https:\/\/hotelhouse.cz\/wp-content\/uploads\/2024\/12\/cropped-Logo_HotelHouse-2.jpg\",\"width\":933,\"height\":516,\"caption\":\"HOTELHOUSE.cz\"},\"image\":{\"@id\":\"https:\/\/hotelhouse.cz\/#\/schema\/logo\/image\/\"},\"sameAs\":[\"https:\/\/www.instagram.com\/hotelhousecz\/\"]},{\"@type\":\"Person\",\"@id\":\"https:\/\/hotelhouse.cz\/#\/schema\/person\/fa8caee3f0a9c6134afed3c541204812\",\"name\":\"Van\u011bk Miroslav\",\"image\":{\"@type\":\"ImageObject\",\"inLanguage\":\"cs\",\"@id\":\"https:\/\/hotelhouse.cz\/#\/schema\/person\/image\/\",\"url\":\"https:\/\/secure.gravatar.com\/avatar\/cc93dbecbfc820d69a964ea4a1c72377?s=96&d=mm&r=g\",\"contentUrl\":\"https:\/\/secure.gravatar.com\/avatar\/cc93dbecbfc820d69a964ea4a1c72377?s=96&d=mm&r=g\",\"caption\":\"Van\u011bk Miroslav\"},\"sameAs\":[\"http:\/\/www.hotelhouse.cz\"],\"url\":\"https:\/\/hotelhouse.cz\/index.php\/author\/mirvan\/\"}]}<\/script>\n<!-- \/ Yoast SEO plugin. -->","yoast_head_json":{"title":"Slavnost Cideru se bl\u00ed\u017e\u00ed: 11. a 12.6. v Pra\u017esk\u00e9 tr\u017enici - HOTELHOUSE.cz","robots":{"index":"index","follow":"follow","max-snippet":"max-snippet:-1","max-image-preview":"max-image-preview:large","max-video-preview":"max-video-preview:-1"},"canonical":"https:\/\/hotelhouse.cz\/index.php\/2022\/06\/07\/slavnost-cideru-se-blizi-11-a-12-6-v-prazske-trznici\/","og_locale":"cs_CZ","og_type":"article","og_title":"Slavnost Cideru se bl\u00ed\u017e\u00ed: 11. a 12.6. v Pra\u017esk\u00e9 tr\u017enici - HOTELHOUSE.cz","og_description":"Nejv\u011bt\u0161\u00ed slavnost cideru se kon\u00e1 ji\u017e tento v\u00edkend v Praze! Zkva\u0161en\u00fd jable\u010dn\u00fd n\u00e1poj, kter\u00fd si z\u00edskal oblibu mezi konzumenty v\u0161ech v\u011bkov\u00fdch kategori\u00ed, znovu dob\u00fdv\u00e1 Prahu. CIder a hlavn\u011b ten \u0159emesln\u00fd se bude nadch\u00e1zej\u00edc\u00ed v\u00edkend&#46;&#46;&#46;","og_url":"https:\/\/hotelhouse.cz\/index.php\/2022\/06\/07\/slavnost-cideru-se-blizi-11-a-12-6-v-prazske-trznici\/","og_site_name":"HOTELHOUSE.cz","article_published_time":"2022-06-06T22:53:55+00:00","article_modified_time":"2022-06-07T20:32:08+00:00","og_image":[{"width":900,"height":600,"url":"https:\/\/hotelhouse.cz\/wp-content\/uploads\/2022\/06\/1654581210_1.png","type":"image\/png"}],"author":"Van\u011bk Miroslav","twitter_card":"summary_large_image","twitter_misc":{"Napsal(a)":"Van\u011bk Miroslav","Odhadovan\u00e1 doba \u010dten\u00ed":"2 minuty"},"schema":{"@context":"https:\/\/schema.org","@graph":[{"@type":"Article","@id":"https:\/\/hotelhouse.cz\/index.php\/2022\/06\/07\/slavnost-cideru-se-blizi-11-a-12-6-v-prazske-trznici\/#article","isPartOf":{"@id":"https:\/\/hotelhouse.cz\/index.php\/2022\/06\/07\/slavnost-cideru-se-blizi-11-a-12-6-v-prazske-trznici\/"},"author":{"name":"Van\u011bk Miroslav","@id":"https:\/\/hotelhouse.cz\/#\/schema\/person\/fa8caee3f0a9c6134afed3c541204812"},"headline":"Slavnost Cideru se bl\u00ed\u017e\u00ed: 11. a 12.6. v Pra\u017esk\u00e9 tr\u017enici","datePublished":"2022-06-06T22:53:55+00:00","dateModified":"2022-06-07T20:32:08+00:00","mainEntityOfPage":{"@id":"https:\/\/hotelhouse.cz\/index.php\/2022\/06\/07\/slavnost-cideru-se-blizi-11-a-12-6-v-prazske-trznici\/"},"wordCount":429,"publisher":{"@id":"https:\/\/hotelhouse.cz\/#organization"},"articleSection":["LOBY &amp; BARY &amp; ALKOHOL","NaDovolenouDoPrahy.cz","NEWS"],"inLanguage":"cs"},{"@type":"WebPage","@id":"https:\/\/hotelhouse.cz\/index.php\/2022\/06\/07\/slavnost-cideru-se-blizi-11-a-12-6-v-prazske-trznici\/","url":"https:\/\/hotelhouse.cz\/index.php\/2022\/06\/07\/slavnost-cideru-se-blizi-11-a-12-6-v-prazske-trznici\/","name":"Slavnost Cideru se bl\u00ed\u017e\u00ed: 11. a 12.6. v Pra\u017esk\u00e9 tr\u017enici - HOTELHOUSE.cz","isPartOf":{"@id":"https:\/\/hotelhouse.cz\/#website"},"datePublished":"2022-06-06T22:53:55+00:00","dateModified":"2022-06-07T20:32:08+00:00","breadcrumb":{"@id":"https:\/\/hotelhouse.cz\/index.php\/2022\/06\/07\/slavnost-cideru-se-blizi-11-a-12-6-v-prazske-trznici\/#breadcrumb"},"inLanguage":"cs","potentialAction":[{"@type":"ReadAction","target":["https:\/\/hotelhouse.cz\/index.php\/2022\/06\/07\/slavnost-cideru-se-blizi-11-a-12-6-v-prazske-trznici\/"]}]},{"@type":"BreadcrumbList","@id":"https:\/\/hotelhouse.cz\/index.php\/2022\/06\/07\/slavnost-cideru-se-blizi-11-a-12-6-v-prazske-trznici\/#breadcrumb","itemListElement":[{"@type":"ListItem","position":1,"name":"Dom\u016f","item":"https:\/\/hotelhouse.cz\/"},{"@type":"ListItem","position":2,"name":"Slavnost Cideru se bl\u00ed\u017e\u00ed: 11. a 12.6. v Pra\u017esk\u00e9 tr\u017enici"}]},{"@type":"WebSite","@id":"https:\/\/hotelhouse.cz\/#website","url":"https:\/\/hotelhouse.cz\/","name":"HOTELHOUSE.cz","description":"Port\u00e1l o hotelech, pensionech, spa resortech a restaurac\u00edch...","publisher":{"@id":"https:\/\/hotelhouse.cz\/#organization"},"potentialAction":[{"@type":"SearchAction","target":{"@type":"EntryPoint","urlTemplate":"https:\/\/hotelhouse.cz\/?s={search_term_string}"},"query-input":"required name=search_term_string"}],"inLanguage":"cs"},{"@type":"Organization","@id":"https:\/\/hotelhouse.cz\/#organization","name":"HOTELHOUSE.cz","url":"https:\/\/hotelhouse.cz\/","logo":{"@type":"ImageObject","inLanguage":"cs","@id":"https:\/\/hotelhouse.cz\/#\/schema\/logo\/image\/","url":"https:\/\/hotelhouse.cz\/wp-content\/uploads\/2024\/12\/cropped-Logo_HotelHouse-2.jpg","contentUrl":"https:\/\/hotelhouse.cz\/wp-content\/uploads\/2024\/12\/cropped-Logo_HotelHouse-2.jpg","width":933,"height":516,"caption":"HOTELHOUSE.cz"},"image":{"@id":"https:\/\/hotelhouse.cz\/#\/schema\/logo\/image\/"},"sameAs":["https:\/\/www.instagram.com\/hotelhousecz\/"]},{"@type":"Person","@id":"https:\/\/hotelhouse.cz\/#\/schema\/person\/fa8caee3f0a9c6134afed3c541204812","name":"Van\u011bk Miroslav","image":{"@type":"ImageObject","inLanguage":"cs","@id":"https:\/\/hotelhouse.cz\/#\/schema\/person\/image\/","url":"https:\/\/secure.gravatar.com\/avatar\/cc93dbecbfc820d69a964ea4a1c72377?s=96&d=mm&r=g","contentUrl":"https:\/\/secure.gravatar.com\/avatar\/cc93dbecbfc820d69a964ea4a1c72377?s=96&d=mm&r=g","caption":"Van\u011bk Miroslav"},"sameAs":["http:\/\/www.hotelhouse.cz"],"url":"https:\/\/hotelhouse.cz\/index.php\/author\/mirvan\/"}]}},"_links":{"self":[{"href":"https:\/\/hotelhouse.cz\/index.php\/wp-json\/wp\/v2\/posts\/3118"}],"collection":[{"href":"https:\/\/hotelhouse.cz\/index.php\/wp-json\/wp\/v2\/posts"}],"about":[{"href":"https:\/\/hotelhouse.cz\/index.php\/wp-json\/wp\/v2\/types\/post"}],"author":[{"embeddable":true,"href":"https:\/\/hotelhouse.cz\/index.php\/wp-json\/wp\/v2\/users\/3"}],"replies":[{"embeddable":true,"href":"https:\/\/hotelhouse.cz\/index.php\/wp-json\/wp\/v2\/comments?post=3118"}],"version-history":[{"count":2,"href":"https:\/\/hotelhouse.cz\/index.php\/wp-json\/wp\/v2\/posts\/3118\/revisions"}],"predecessor-version":[{"id":3122,"href":"https:\/\/hotelhouse.cz\/index.php\/wp-json\/wp\/v2\/posts\/3118\/revisions\/3122"}],"wp:featuredmedia":[{"embeddable":true,"href":"https:\/\/hotelhouse.cz\/index.php\/wp-json\/wp\/v2\/media\/3119"}],"wp:attachment":[{"href":"https:\/\/hotelhouse.cz\/index.php\/wp-json\/wp\/v2\/media?parent=3118"}],"wp:term":[{"taxonomy":"category","embeddable":true,"href":"https:\/\/hotelhouse.cz\/index.php\/wp-json\/wp\/v2\/categories?post=3118"},{"taxonomy":"post_tag","embeddable":true,"href":"https:\/\/hotelhouse.cz\/index.php\/wp-json\/wp\/v2\/tags?post=3118"}],"curies":[{"name":"wp","href":"https:\/\/api.w.org\/{rel}","templated":true}]}}