{"id":3274,"date":"2022-07-08T18:09:49","date_gmt":"2022-07-08T16:09:49","guid":{"rendered":"https:\/\/hotelhouse.cz\/?p=3274"},"modified":"2022-07-08T18:11:02","modified_gmt":"2022-07-08T16:11:02","slug":"tradicni-francouzsky-trh-se-letos-predstavi-jiz-po-patnacte","status":"publish","type":"post","link":"https:\/\/hotelhouse.cz\/index.php\/2022\/07\/08\/tradicni-francouzsky-trh-se-letos-predstavi-jiz-po-patnacte\/","title":{"rendered":"Tradi\u010dn\u00ed Francouzsk\u00fd trh se letos p\u0159edstav\u00ed ji\u017e po patn\u00e1ct\u00e9"},"content":{"rendered":"\n<div style=\"height:20px\" aria-hidden=\"true\" class=\"wp-block-spacer\"><\/div>\n\n\n\n<p><strong>Festival p\u0159edstav\u00ed delikatesy z Francie, vybran\u00e1 v\u00edna a \u0161umiv\u00e9 drinky a bohat\u00fd doprovodn\u00fd program pln\u00fd hudby a rodinn\u00e9 z\u00e1bavy.<\/strong><\/p>\n\n\n\n<figure class=\"wp-block-image\"><img decoding=\"async\" loading=\"lazy\" width=\"1000\" height=\"667\" src=\"https:\/\/hotelhouse.cz\/wp-content\/uploads\/2022\/07\/02.jpg\" alt=\"\" class=\"wp-image-3276\" srcset=\"https:\/\/hotelhouse.cz\/wp-content\/uploads\/2022\/07\/02.jpg 1000w, https:\/\/hotelhouse.cz\/wp-content\/uploads\/2022\/07\/02-300x200.jpg 300w, https:\/\/hotelhouse.cz\/wp-content\/uploads\/2022\/07\/02-768x512.jpg 768w\" sizes=\"(max-width: 1000px) 100vw, 1000px\" \/><\/figure>\n\n\n\n<p>Ani letos v l\u00e9t\u011b nebudou na pra\u017esk\u00e9 Kamp\u011b chyb\u011bt tradi\u010dn\u00ed Francouzsk\u00e9 trhy. Festival prob\u011bhne od 12. do 17. \u010dervence a n\u00e1v\u0161t\u011bvn\u00edci se mohou t\u011b\u0161it na vybran\u00e9 pochoutky z francouzsk\u00e9 kuchyn\u011b, vynikaj\u00edc\u00ed \u0161umiv\u00e1 v\u00edna, \u0159adu hudebn\u00edch vystoupen\u00ed a tak\u00e9 na bohat\u00fd doprovodn\u00fd program pro nejmen\u0161\u00ed n\u00e1v\u0161t\u011bvn\u00edky. Leto\u0161n\u00edm ambasadorem festivalu je zn\u00e1m\u00fd brn\u011bnsk\u00fd \u0161\u00e9fkucha\u0159 Tom\u00e1\u0161 Reger, kter\u00fd bude p\u00e1rovat francouzsk\u00e9 speciality s&nbsp;proslul\u00fdm Veuve Clicquot.<\/p>\n\n\n\n<div class=\"wp-block-image\"><figure class=\"aligncenter\"><img decoding=\"async\" src=\"https:\/\/letniservis.cz\/wp-content\/uploads\/2022\/06\/01.jpg\" alt=\"\" class=\"wp-image-1603\"\/><\/figure><\/div>\n\n\n\n<p>V&nbsp;r\u00e1mci leto\u0161n\u00edho ro\u010dn\u00edku se p\u0159edstav\u00ed \u0159ada zn\u00e1m\u00fdch vystavovatel\u016f, v\u010detn\u011b lah\u016fdk\u00e1\u0159stv\u00ed Le march\u00e9, Fransyr, \u0161ampa\u0148sk\u00e9ho domu Veuve Clicquot, pek\u00e1rny Nostress, Klobaskarny a mnoh\u00fdch dal\u0161\u00edch. Na fanou\u0161ky francouzsk\u00e9 kuchyn\u011b tu budou \u010dekat obl\u00edben\u00e9 speciality jako burgund\u0161t\u00ed \u0161neci, \u010derstv\u00e9 \u00fast\u0159ice a mu\u0161le, francouzsk\u00e9 s\u00fdry a su\u0161en\u00e9 klob\u00e1sy, sma\u017een\u00e9 foie gras, kachn\u00ed delikatesy, \u017eab\u00ed steh\u00fdnka, francouzsk\u00e9 kol\u00e1\u010de \u010di \u0161umiv\u00e1 v\u00edna Cr\u00e9mant.<\/p>\n\n\n\n<div class=\"wp-block-image\"><figure class=\"aligncenter\"><img decoding=\"async\" src=\"https:\/\/letniservis.cz\/wp-content\/uploads\/2022\/06\/05.jpg\" alt=\"\" class=\"wp-image-1607\"\/><\/figure><\/div>\n\n\n\n<p>\u201eTrhy na Kamp\u011b se letos konaj\u00ed ji\u017e po patn\u00e1ct\u00e9, co\u017e z&nbsp;nich d\u011bl\u00e1 jeden z&nbsp;nejstar\u0161\u00edch gastronomick\u00fdch festival\u016f v&nbsp;Praze. M\u00e1m radost, \u017ee se za tu dobu staly tak obl\u00edben\u00e9, a to nejen mezi Pra\u017eany. N\u00e1v\u0161t\u011bvn\u00edci sem p\u0159ich\u00e1zej\u00ed na\u010derpat trochu t\u00e9 francouzsk\u00e9 atmosf\u00e9ry, ochutnat speciality francouzsk\u00e9 kuchyn\u011b, osv\u011b\u017eit se sklenkou ros\u00e9, ale tak\u00e9 za\u017e\u00edt chv\u00edle pohody se sv\u00fdmi bl\u00edzk\u00fdmi,\u201c&nbsp;\u0159\u00edk\u00e1 organiz\u00e1tor Francouzsk\u00e9ho festivalu, Thomas Bouton.<\/p>\n\n\n\n<div class=\"wp-block-image\"><figure class=\"aligncenter\"><img decoding=\"async\" src=\"https:\/\/letniservis.cz\/wp-content\/uploads\/2022\/06\/Tomas-Reger-683x1024.jpg\" alt=\"\" class=\"wp-image-1610\"\/><\/figure><\/div>\n\n\n\n<p>Mezi vystavovatele leto\u0161n\u00edho jubilejn\u00edho ro\u010dn\u00edku se za\u0159ad\u00ed i Tom\u00e1\u0161 Reger, popul\u00e1rn\u00ed brn\u011bnsk\u00fd \u0161\u00e9fkucha\u0159 a spolumajitel restaurace Element, kter\u00fd spole\u010dn\u011b se \u0161ampa\u0148sk\u00fdm domem Veuve Clicquot p\u0159iprav\u00ed pro n\u00e1v\u0161t\u011bvn\u00edky trhu jedine\u010dn\u00e9 pokrmy nap\u00e1rovan\u00e9 s&nbsp;bublinkami tohoto exkluzivn\u00edho \u0161umiv\u00e9ho v\u00edna.<\/p>\n\n\n\n<div class=\"wp-block-image\"><figure class=\"aligncenter\"><img decoding=\"async\" src=\"https:\/\/letniservis.cz\/wp-content\/uploads\/2022\/06\/04.jpg\" alt=\"\" class=\"wp-image-1606\"\/><\/figure><\/div>\n\n\n\n<p>Nebude chyb\u011bt ani bohat\u00fd hudebn\u00ed doprovod, na zdej\u0161\u00edm podiu zazp\u00edv\u00e1 nap\u0159\u00edklad Mark\u00e9ta Poul\u00ed\u010dkov\u00e1 a na sv\u00e9 si p\u0159ijdou rovn\u011b\u017e milovn\u00edci jazzov\u00fdch a swingov\u00fdch melodi\u00ed. P\u0159edstav\u00ed se kapely jako futur Swing, duo Hot Sisters, Charlie and the Chocolate a sobotn\u00ed program se ponese v&nbsp;duchu klasick\u00e9 hudby v&nbsp;pod\u00e1n\u00ed Kl\u00e1rovo kvarteto. Dokonale uvoln\u011bnou atmosf\u00e9ru dokresl\u00ed program pro d\u011bti, kter\u00fd pro n\u011b bude p\u0159ipraven\u00fd ka\u017ed\u00fd den dopoledne, a to od st\u0159edy do soboty.<\/p>\n\n\n\n<div class=\"wp-block-image\"><figure class=\"aligncenter\"><img decoding=\"async\" src=\"https:\/\/letniservis.cz\/wp-content\/uploads\/2022\/06\/03.jpg\" alt=\"\" class=\"wp-image-1605\"\/><\/figure><\/div>\n\n\n\n<p>Trh bude slavnostn\u011b zah\u00e1jen francouzsk\u00fdm velvyslancem 12. \u010dervence v 11 hodin.<\/p>\n\n\n\n<div class=\"wp-block-image\"><figure class=\"aligncenter\"><img decoding=\"async\" src=\"https:\/\/letniservis.cz\/wp-content\/uploads\/2022\/06\/poster_2022-698x1024.jpeg\" alt=\"\" class=\"wp-image-1609\"\/><\/figure><\/div>\n\n\n\n<p><strong>Program a kompletn\u00ed seznam vystavovatel\u016f naleznete na:&nbsp;<\/strong><\/p>\n\n\n\n<p><strong><a href=\"http:\/\/www.francouzskytrh.cz\/cs\">www.francouzskytrh.cz\/cs<\/a><\/strong><\/p>\n\n\n\n<div style=\"height:37px\" aria-hidden=\"true\" class=\"wp-block-spacer\"><\/div>\n\n\n\n<ul class=\"wp-block-gallery columns-2 is-cropped wp-block-gallery-1 is-layout-flex wp-block-gallery-is-layout-flex\"><li class=\"blocks-gallery-item\"><figure><img decoding=\"async\" loading=\"lazy\" width=\"1000\" height=\"667\" src=\"https:\/\/hotelhouse.cz\/wp-content\/uploads\/2022\/07\/02.jpg\" alt=\"\" data-id=\"3276\" data-link=\"https:\/\/hotelhouse.cz\/index.php\/2022\/07\/08\/tradicni-francouzsky-trh-se-letos-predstavi-jiz-po-patnacte\/attachment\/02\/\" class=\"wp-image-3276\" srcset=\"https:\/\/hotelhouse.cz\/wp-content\/uploads\/2022\/07\/02.jpg 1000w, https:\/\/hotelhouse.cz\/wp-content\/uploads\/2022\/07\/02-300x200.jpg 300w, https:\/\/hotelhouse.cz\/wp-content\/uploads\/2022\/07\/02-768x512.jpg 768w\" sizes=\"(max-width: 1000px) 100vw, 1000px\" \/><\/figure><\/li><li class=\"blocks-gallery-item\"><figure><img decoding=\"async\" loading=\"lazy\" width=\"1000\" height=\"667\" src=\"https:\/\/hotelhouse.cz\/wp-content\/uploads\/2022\/07\/01.jpg\" alt=\"\" data-id=\"3275\" data-link=\"https:\/\/hotelhouse.cz\/index.php\/2022\/07\/08\/tradicni-francouzsky-trh-se-letos-predstavi-jiz-po-patnacte\/attachment\/01\/\" class=\"wp-image-3275\" srcset=\"https:\/\/hotelhouse.cz\/wp-content\/uploads\/2022\/07\/01.jpg 1000w, https:\/\/hotelhouse.cz\/wp-content\/uploads\/2022\/07\/01-300x200.jpg 300w, https:\/\/hotelhouse.cz\/wp-content\/uploads\/2022\/07\/01-768x512.jpg 768w\" sizes=\"(max-width: 1000px) 100vw, 1000px\" \/><\/figure><\/li><li class=\"blocks-gallery-item\"><figure><img decoding=\"async\" loading=\"lazy\" width=\"900\" height=\"600\" src=\"https:\/\/hotelhouse.cz\/wp-content\/uploads\/2022\/07\/05.jpg\" alt=\"\" data-id=\"3279\" data-link=\"https:\/\/hotelhouse.cz\/index.php\/2022\/07\/08\/tradicni-francouzsky-trh-se-letos-predstavi-jiz-po-patnacte\/attachment\/05\/\" class=\"wp-image-3279\" srcset=\"https:\/\/hotelhouse.cz\/wp-content\/uploads\/2022\/07\/05.jpg 900w, https:\/\/hotelhouse.cz\/wp-content\/uploads\/2022\/07\/05-300x200.jpg 300w, https:\/\/hotelhouse.cz\/wp-content\/uploads\/2022\/07\/05-768x512.jpg 768w\" sizes=\"(max-width: 900px) 100vw, 900px\" \/><\/figure><\/li><li class=\"blocks-gallery-item\"><figure><img decoding=\"async\" loading=\"lazy\" width=\"1000\" height=\"667\" src=\"https:\/\/hotelhouse.cz\/wp-content\/uploads\/2022\/07\/03.jpg\" alt=\"\" data-id=\"3277\" data-link=\"https:\/\/hotelhouse.cz\/index.php\/2022\/07\/08\/tradicni-francouzsky-trh-se-letos-predstavi-jiz-po-patnacte\/attachment\/03\/\" class=\"wp-image-3277\" srcset=\"https:\/\/hotelhouse.cz\/wp-content\/uploads\/2022\/07\/03.jpg 1000w, https:\/\/hotelhouse.cz\/wp-content\/uploads\/2022\/07\/03-300x200.jpg 300w, https:\/\/hotelhouse.cz\/wp-content\/uploads\/2022\/07\/03-768x512.jpg 768w\" sizes=\"(max-width: 1000px) 100vw, 1000px\" \/><\/figure><\/li><li class=\"blocks-gallery-item\"><figure><img decoding=\"async\" loading=\"lazy\" width=\"900\" height=\"600\" src=\"https:\/\/hotelhouse.cz\/wp-content\/uploads\/2022\/07\/06.jpg\" alt=\"\" data-id=\"3280\" data-link=\"https:\/\/hotelhouse.cz\/index.php\/2022\/07\/08\/tradicni-francouzsky-trh-se-letos-predstavi-jiz-po-patnacte\/attachment\/06\/\" class=\"wp-image-3280\" srcset=\"https:\/\/hotelhouse.cz\/wp-content\/uploads\/2022\/07\/06.jpg 900w, https:\/\/hotelhouse.cz\/wp-content\/uploads\/2022\/07\/06-300x200.jpg 300w, https:\/\/hotelhouse.cz\/wp-content\/uploads\/2022\/07\/06-768x512.jpg 768w\" sizes=\"(max-width: 900px) 100vw, 900px\" \/><\/figure><\/li><li class=\"blocks-gallery-item\"><figure><img decoding=\"async\" loading=\"lazy\" width=\"1000\" height=\"667\" src=\"https:\/\/hotelhouse.cz\/wp-content\/uploads\/2022\/07\/04.jpg\" alt=\"\" data-id=\"3278\" data-link=\"https:\/\/hotelhouse.cz\/index.php\/2022\/07\/08\/tradicni-francouzsky-trh-se-letos-predstavi-jiz-po-patnacte\/attachment\/04\/\" class=\"wp-image-3278\" srcset=\"https:\/\/hotelhouse.cz\/wp-content\/uploads\/2022\/07\/04.jpg 1000w, https:\/\/hotelhouse.cz\/wp-content\/uploads\/2022\/07\/04-300x200.jpg 300w, https:\/\/hotelhouse.cz\/wp-content\/uploads\/2022\/07\/04-768x512.jpg 768w\" sizes=\"(max-width: 1000px) 100vw, 1000px\" \/><\/figure><\/li><li class=\"blocks-gallery-item\"><figure><img decoding=\"async\" loading=\"lazy\" width=\"683\" height=\"1024\" src=\"https:\/\/hotelhouse.cz\/wp-content\/uploads\/2022\/07\/Tomas-Reger-683x1024.jpg\" alt=\"\" data-id=\"3283\" data-link=\"https:\/\/hotelhouse.cz\/index.php\/2022\/07\/08\/tradicni-francouzsky-trh-se-letos-predstavi-jiz-po-patnacte\/tomas-reger\/\" class=\"wp-image-3283\" srcset=\"https:\/\/hotelhouse.cz\/wp-content\/uploads\/2022\/07\/Tomas-Reger-683x1024.jpg 683w, https:\/\/hotelhouse.cz\/wp-content\/uploads\/2022\/07\/Tomas-Reger-200x300.jpg 200w, https:\/\/hotelhouse.cz\/wp-content\/uploads\/2022\/07\/Tomas-Reger-768x1152.jpg 768w, https:\/\/hotelhouse.cz\/wp-content\/uploads\/2022\/07\/Tomas-Reger.jpg 1575w\" sizes=\"(max-width: 683px) 100vw, 683px\" \/><\/figure><\/li><li class=\"blocks-gallery-item\"><figure><img decoding=\"async\" loading=\"lazy\" width=\"698\" height=\"1024\" src=\"https:\/\/hotelhouse.cz\/wp-content\/uploads\/2022\/07\/poster_2022-698x1024.jpeg\" alt=\"\" data-id=\"3281\" data-link=\"https:\/\/hotelhouse.cz\/index.php\/2022\/07\/08\/tradicni-francouzsky-trh-se-letos-predstavi-jiz-po-patnacte\/poster_2022\/\" class=\"wp-image-3281\" srcset=\"https:\/\/hotelhouse.cz\/wp-content\/uploads\/2022\/07\/poster_2022-698x1024.jpeg 698w, https:\/\/hotelhouse.cz\/wp-content\/uploads\/2022\/07\/poster_2022-204x300.jpeg 204w, https:\/\/hotelhouse.cz\/wp-content\/uploads\/2022\/07\/poster_2022-768x1127.jpeg 768w, https:\/\/hotelhouse.cz\/wp-content\/uploads\/2022\/07\/poster_2022.jpeg 845w\" sizes=\"(max-width: 698px) 100vw, 698px\" \/><\/figure><\/li><\/ul>\n\n\n\n<p><strong>Zdroj foto: <\/strong>Francouzskytrh.cz<\/p>\n\n\n\n<div style=\"height:35px\" aria-hidden=\"true\" class=\"wp-block-spacer\"><\/div>\n","protected":false},"excerpt":{"rendered":"<p>Festival p\u0159edstav\u00ed delikatesy z Francie, vybran\u00e1 v\u00edna a \u0161umiv\u00e9 drinky a bohat\u00fd doprovodn\u00fd program pln\u00fd hudby a rodinn\u00e9 z\u00e1bavy. Ani letos v l\u00e9t\u011b nebudou na pra\u017esk\u00e9 Kamp\u011b chyb\u011bt tradi\u010dn\u00ed Francouzsk\u00e9 trhy. Festival prob\u011bhne od&#46;&#46;&#46;<\/p>\n","protected":false},"author":3,"featured_media":3276,"comment_status":"closed","ping_status":"closed","sticky":false,"template":"","format":"standard","meta":{"_monsterinsights_skip_tracking":false,"_monsterinsights_sitenote_active":false,"_monsterinsights_sitenote_note":"","_monsterinsights_sitenote_category":0,"footnotes":""},"categories":[10,22,2,8],"tags":[],"yoast_head":"<!-- This site is optimized with the Yoast SEO plugin v21.5 - https:\/\/yoast.com\/wordpress\/plugins\/seo\/ -->\n<title>Tradi\u010dn\u00ed Francouzsk\u00fd trh se letos p\u0159edstav\u00ed ji\u017e po patn\u00e1ct\u00e9 - HOTELHOUSE.cz<\/title>\n<meta name=\"robots\" content=\"index, follow, max-snippet:-1, max-image-preview:large, max-video-preview:-1\" \/>\n<link rel=\"canonical\" href=\"https:\/\/hotelhouse.cz\/index.php\/2022\/07\/08\/tradicni-francouzsky-trh-se-letos-predstavi-jiz-po-patnacte\/\" \/>\n<meta property=\"og:locale\" content=\"cs_CZ\" \/>\n<meta property=\"og:type\" content=\"article\" \/>\n<meta property=\"og:title\" content=\"Tradi\u010dn\u00ed Francouzsk\u00fd trh se letos p\u0159edstav\u00ed ji\u017e po patn\u00e1ct\u00e9 - HOTELHOUSE.cz\" \/>\n<meta property=\"og:description\" content=\"Festival p\u0159edstav\u00ed delikatesy z Francie, vybran\u00e1 v\u00edna a \u0161umiv\u00e9 drinky a bohat\u00fd doprovodn\u00fd program pln\u00fd hudby a rodinn\u00e9 z\u00e1bavy. Ani letos v l\u00e9t\u011b nebudou na pra\u017esk\u00e9 Kamp\u011b chyb\u011bt tradi\u010dn\u00ed Francouzsk\u00e9 trhy. Festival prob\u011bhne od&#046;&#046;&#046;\" \/>\n<meta property=\"og:url\" content=\"https:\/\/hotelhouse.cz\/index.php\/2022\/07\/08\/tradicni-francouzsky-trh-se-letos-predstavi-jiz-po-patnacte\/\" \/>\n<meta property=\"og:site_name\" content=\"HOTELHOUSE.cz\" \/>\n<meta property=\"article:published_time\" content=\"2022-07-08T16:09:49+00:00\" \/>\n<meta property=\"article:modified_time\" content=\"2022-07-08T16:11:02+00:00\" \/>\n<meta property=\"og:image\" content=\"https:\/\/hotelhouse.cz\/wp-content\/uploads\/2022\/07\/02.jpg\" \/>\n\t<meta property=\"og:image:width\" content=\"1000\" \/>\n\t<meta property=\"og:image:height\" content=\"667\" \/>\n\t<meta property=\"og:image:type\" content=\"image\/jpeg\" \/>\n<meta name=\"author\" content=\"Van\u011bk Miroslav\" \/>\n<meta name=\"twitter:card\" content=\"summary_large_image\" \/>\n<meta name=\"twitter:label1\" content=\"Napsal(a)\" \/>\n\t<meta name=\"twitter:data1\" content=\"Van\u011bk Miroslav\" \/>\n\t<meta name=\"twitter:label2\" content=\"Odhadovan\u00e1 doba \u010dten\u00ed\" \/>\n\t<meta name=\"twitter:data2\" content=\"2 minuty\" \/>\n<script type=\"application\/ld+json\" class=\"yoast-schema-graph\">{\"@context\":\"https:\/\/schema.org\",\"@graph\":[{\"@type\":\"Article\",\"@id\":\"https:\/\/hotelhouse.cz\/index.php\/2022\/07\/08\/tradicni-francouzsky-trh-se-letos-predstavi-jiz-po-patnacte\/#article\",\"isPartOf\":{\"@id\":\"https:\/\/hotelhouse.cz\/index.php\/2022\/07\/08\/tradicni-francouzsky-trh-se-letos-predstavi-jiz-po-patnacte\/\"},\"author\":{\"name\":\"Van\u011bk Miroslav\",\"@id\":\"https:\/\/hotelhouse.cz\/#\/schema\/person\/fa8caee3f0a9c6134afed3c541204812\"},\"headline\":\"Tradi\u010dn\u00ed Francouzsk\u00fd trh se letos p\u0159edstav\u00ed ji\u017e po patn\u00e1ct\u00e9\",\"datePublished\":\"2022-07-08T16:09:49+00:00\",\"dateModified\":\"2022-07-08T16:11:02+00:00\",\"mainEntityOfPage\":{\"@id\":\"https:\/\/hotelhouse.cz\/index.php\/2022\/07\/08\/tradicni-francouzsky-trh-se-letos-predstavi-jiz-po-patnacte\/\"},\"wordCount\":477,\"publisher\":{\"@id\":\"https:\/\/hotelhouse.cz\/#organization\"},\"articleSection\":[\"KAV\u00c1RNY &amp; PRA\u017d\u00cdRNY\",\"NaDovolenouDoPrahy.cz\",\"NEWS\",\"RESTAURACE &amp; BISTRA\"],\"inLanguage\":\"cs\"},{\"@type\":\"WebPage\",\"@id\":\"https:\/\/hotelhouse.cz\/index.php\/2022\/07\/08\/tradicni-francouzsky-trh-se-letos-predstavi-jiz-po-patnacte\/\",\"url\":\"https:\/\/hotelhouse.cz\/index.php\/2022\/07\/08\/tradicni-francouzsky-trh-se-letos-predstavi-jiz-po-patnacte\/\",\"name\":\"Tradi\u010dn\u00ed Francouzsk\u00fd trh se letos p\u0159edstav\u00ed ji\u017e po patn\u00e1ct\u00e9 - HOTELHOUSE.cz\",\"isPartOf\":{\"@id\":\"https:\/\/hotelhouse.cz\/#website\"},\"datePublished\":\"2022-07-08T16:09:49+00:00\",\"dateModified\":\"2022-07-08T16:11:02+00:00\",\"breadcrumb\":{\"@id\":\"https:\/\/hotelhouse.cz\/index.php\/2022\/07\/08\/tradicni-francouzsky-trh-se-letos-predstavi-jiz-po-patnacte\/#breadcrumb\"},\"inLanguage\":\"cs\",\"potentialAction\":[{\"@type\":\"ReadAction\",\"target\":[\"https:\/\/hotelhouse.cz\/index.php\/2022\/07\/08\/tradicni-francouzsky-trh-se-letos-predstavi-jiz-po-patnacte\/\"]}]},{\"@type\":\"BreadcrumbList\",\"@id\":\"https:\/\/hotelhouse.cz\/index.php\/2022\/07\/08\/tradicni-francouzsky-trh-se-letos-predstavi-jiz-po-patnacte\/#breadcrumb\",\"itemListElement\":[{\"@type\":\"ListItem\",\"position\":1,\"name\":\"Dom\u016f\",\"item\":\"https:\/\/hotelhouse.cz\/\"},{\"@type\":\"ListItem\",\"position\":2,\"name\":\"Tradi\u010dn\u00ed Francouzsk\u00fd trh se letos p\u0159edstav\u00ed ji\u017e po patn\u00e1ct\u00e9\"}]},{\"@type\":\"WebSite\",\"@id\":\"https:\/\/hotelhouse.cz\/#website\",\"url\":\"https:\/\/hotelhouse.cz\/\",\"name\":\"HOTELHOUSE.cz\",\"description\":\"Port\u00e1l o hotelech, pensionech, spa resortech a restaurac\u00edch...\",\"publisher\":{\"@id\":\"https:\/\/hotelhouse.cz\/#organization\"},\"potentialAction\":[{\"@type\":\"SearchAction\",\"target\":{\"@type\":\"EntryPoint\",\"urlTemplate\":\"https:\/\/hotelhouse.cz\/?s={search_term_string}\"},\"query-input\":\"required name=search_term_string\"}],\"inLanguage\":\"cs\"},{\"@type\":\"Organization\",\"@id\":\"https:\/\/hotelhouse.cz\/#organization\",\"name\":\"HOTELHOUSE.cz\",\"url\":\"https:\/\/hotelhouse.cz\/\",\"logo\":{\"@type\":\"ImageObject\",\"inLanguage\":\"cs\",\"@id\":\"https:\/\/hotelhouse.cz\/#\/schema\/logo\/image\/\",\"url\":\"https:\/\/hotelhouse.cz\/wp-content\/uploads\/2024\/12\/cropped-Logo_HotelHouse-2.jpg\",\"contentUrl\":\"https:\/\/hotelhouse.cz\/wp-content\/uploads\/2024\/12\/cropped-Logo_HotelHouse-2.jpg\",\"width\":933,\"height\":516,\"caption\":\"HOTELHOUSE.cz\"},\"image\":{\"@id\":\"https:\/\/hotelhouse.cz\/#\/schema\/logo\/image\/\"},\"sameAs\":[\"https:\/\/www.instagram.com\/hotelhousecz\/\"]},{\"@type\":\"Person\",\"@id\":\"https:\/\/hotelhouse.cz\/#\/schema\/person\/fa8caee3f0a9c6134afed3c541204812\",\"name\":\"Van\u011bk Miroslav\",\"image\":{\"@type\":\"ImageObject\",\"inLanguage\":\"cs\",\"@id\":\"https:\/\/hotelhouse.cz\/#\/schema\/person\/image\/\",\"url\":\"https:\/\/secure.gravatar.com\/avatar\/cc93dbecbfc820d69a964ea4a1c72377?s=96&d=mm&r=g\",\"contentUrl\":\"https:\/\/secure.gravatar.com\/avatar\/cc93dbecbfc820d69a964ea4a1c72377?s=96&d=mm&r=g\",\"caption\":\"Van\u011bk Miroslav\"},\"sameAs\":[\"http:\/\/www.hotelhouse.cz\"],\"url\":\"https:\/\/hotelhouse.cz\/index.php\/author\/mirvan\/\"}]}<\/script>\n<!-- \/ Yoast SEO plugin. -->","yoast_head_json":{"title":"Tradi\u010dn\u00ed Francouzsk\u00fd trh se letos p\u0159edstav\u00ed ji\u017e po patn\u00e1ct\u00e9 - HOTELHOUSE.cz","robots":{"index":"index","follow":"follow","max-snippet":"max-snippet:-1","max-image-preview":"max-image-preview:large","max-video-preview":"max-video-preview:-1"},"canonical":"https:\/\/hotelhouse.cz\/index.php\/2022\/07\/08\/tradicni-francouzsky-trh-se-letos-predstavi-jiz-po-patnacte\/","og_locale":"cs_CZ","og_type":"article","og_title":"Tradi\u010dn\u00ed Francouzsk\u00fd trh se letos p\u0159edstav\u00ed ji\u017e po patn\u00e1ct\u00e9 - HOTELHOUSE.cz","og_description":"Festival p\u0159edstav\u00ed delikatesy z Francie, vybran\u00e1 v\u00edna a \u0161umiv\u00e9 drinky a bohat\u00fd doprovodn\u00fd program pln\u00fd hudby a rodinn\u00e9 z\u00e1bavy. Ani letos v l\u00e9t\u011b nebudou na pra\u017esk\u00e9 Kamp\u011b chyb\u011bt tradi\u010dn\u00ed Francouzsk\u00e9 trhy. Festival prob\u011bhne od&#46;&#46;&#46;","og_url":"https:\/\/hotelhouse.cz\/index.php\/2022\/07\/08\/tradicni-francouzsky-trh-se-letos-predstavi-jiz-po-patnacte\/","og_site_name":"HOTELHOUSE.cz","article_published_time":"2022-07-08T16:09:49+00:00","article_modified_time":"2022-07-08T16:11:02+00:00","og_image":[{"width":1000,"height":667,"url":"https:\/\/hotelhouse.cz\/wp-content\/uploads\/2022\/07\/02.jpg","type":"image\/jpeg"}],"author":"Van\u011bk Miroslav","twitter_card":"summary_large_image","twitter_misc":{"Napsal(a)":"Van\u011bk Miroslav","Odhadovan\u00e1 doba \u010dten\u00ed":"2 minuty"},"schema":{"@context":"https:\/\/schema.org","@graph":[{"@type":"Article","@id":"https:\/\/hotelhouse.cz\/index.php\/2022\/07\/08\/tradicni-francouzsky-trh-se-letos-predstavi-jiz-po-patnacte\/#article","isPartOf":{"@id":"https:\/\/hotelhouse.cz\/index.php\/2022\/07\/08\/tradicni-francouzsky-trh-se-letos-predstavi-jiz-po-patnacte\/"},"author":{"name":"Van\u011bk Miroslav","@id":"https:\/\/hotelhouse.cz\/#\/schema\/person\/fa8caee3f0a9c6134afed3c541204812"},"headline":"Tradi\u010dn\u00ed Francouzsk\u00fd trh se letos p\u0159edstav\u00ed ji\u017e po patn\u00e1ct\u00e9","datePublished":"2022-07-08T16:09:49+00:00","dateModified":"2022-07-08T16:11:02+00:00","mainEntityOfPage":{"@id":"https:\/\/hotelhouse.cz\/index.php\/2022\/07\/08\/tradicni-francouzsky-trh-se-letos-predstavi-jiz-po-patnacte\/"},"wordCount":477,"publisher":{"@id":"https:\/\/hotelhouse.cz\/#organization"},"articleSection":["KAV\u00c1RNY &amp; PRA\u017d\u00cdRNY","NaDovolenouDoPrahy.cz","NEWS","RESTAURACE &amp; BISTRA"],"inLanguage":"cs"},{"@type":"WebPage","@id":"https:\/\/hotelhouse.cz\/index.php\/2022\/07\/08\/tradicni-francouzsky-trh-se-letos-predstavi-jiz-po-patnacte\/","url":"https:\/\/hotelhouse.cz\/index.php\/2022\/07\/08\/tradicni-francouzsky-trh-se-letos-predstavi-jiz-po-patnacte\/","name":"Tradi\u010dn\u00ed Francouzsk\u00fd trh se letos p\u0159edstav\u00ed ji\u017e po patn\u00e1ct\u00e9 - HOTELHOUSE.cz","isPartOf":{"@id":"https:\/\/hotelhouse.cz\/#website"},"datePublished":"2022-07-08T16:09:49+00:00","dateModified":"2022-07-08T16:11:02+00:00","breadcrumb":{"@id":"https:\/\/hotelhouse.cz\/index.php\/2022\/07\/08\/tradicni-francouzsky-trh-se-letos-predstavi-jiz-po-patnacte\/#breadcrumb"},"inLanguage":"cs","potentialAction":[{"@type":"ReadAction","target":["https:\/\/hotelhouse.cz\/index.php\/2022\/07\/08\/tradicni-francouzsky-trh-se-letos-predstavi-jiz-po-patnacte\/"]}]},{"@type":"BreadcrumbList","@id":"https:\/\/hotelhouse.cz\/index.php\/2022\/07\/08\/tradicni-francouzsky-trh-se-letos-predstavi-jiz-po-patnacte\/#breadcrumb","itemListElement":[{"@type":"ListItem","position":1,"name":"Dom\u016f","item":"https:\/\/hotelhouse.cz\/"},{"@type":"ListItem","position":2,"name":"Tradi\u010dn\u00ed Francouzsk\u00fd trh se letos p\u0159edstav\u00ed ji\u017e po patn\u00e1ct\u00e9"}]},{"@type":"WebSite","@id":"https:\/\/hotelhouse.cz\/#website","url":"https:\/\/hotelhouse.cz\/","name":"HOTELHOUSE.cz","description":"Port\u00e1l o hotelech, pensionech, spa resortech a restaurac\u00edch...","publisher":{"@id":"https:\/\/hotelhouse.cz\/#organization"},"potentialAction":[{"@type":"SearchAction","target":{"@type":"EntryPoint","urlTemplate":"https:\/\/hotelhouse.cz\/?s={search_term_string}"},"query-input":"required name=search_term_string"}],"inLanguage":"cs"},{"@type":"Organization","@id":"https:\/\/hotelhouse.cz\/#organization","name":"HOTELHOUSE.cz","url":"https:\/\/hotelhouse.cz\/","logo":{"@type":"ImageObject","inLanguage":"cs","@id":"https:\/\/hotelhouse.cz\/#\/schema\/logo\/image\/","url":"https:\/\/hotelhouse.cz\/wp-content\/uploads\/2024\/12\/cropped-Logo_HotelHouse-2.jpg","contentUrl":"https:\/\/hotelhouse.cz\/wp-content\/uploads\/2024\/12\/cropped-Logo_HotelHouse-2.jpg","width":933,"height":516,"caption":"HOTELHOUSE.cz"},"image":{"@id":"https:\/\/hotelhouse.cz\/#\/schema\/logo\/image\/"},"sameAs":["https:\/\/www.instagram.com\/hotelhousecz\/"]},{"@type":"Person","@id":"https:\/\/hotelhouse.cz\/#\/schema\/person\/fa8caee3f0a9c6134afed3c541204812","name":"Van\u011bk Miroslav","image":{"@type":"ImageObject","inLanguage":"cs","@id":"https:\/\/hotelhouse.cz\/#\/schema\/person\/image\/","url":"https:\/\/secure.gravatar.com\/avatar\/cc93dbecbfc820d69a964ea4a1c72377?s=96&d=mm&r=g","contentUrl":"https:\/\/secure.gravatar.com\/avatar\/cc93dbecbfc820d69a964ea4a1c72377?s=96&d=mm&r=g","caption":"Van\u011bk Miroslav"},"sameAs":["http:\/\/www.hotelhouse.cz"],"url":"https:\/\/hotelhouse.cz\/index.php\/author\/mirvan\/"}]}},"_links":{"self":[{"href":"https:\/\/hotelhouse.cz\/index.php\/wp-json\/wp\/v2\/posts\/3274"}],"collection":[{"href":"https:\/\/hotelhouse.cz\/index.php\/wp-json\/wp\/v2\/posts"}],"about":[{"href":"https:\/\/hotelhouse.cz\/index.php\/wp-json\/wp\/v2\/types\/post"}],"author":[{"embeddable":true,"href":"https:\/\/hotelhouse.cz\/index.php\/wp-json\/wp\/v2\/users\/3"}],"replies":[{"embeddable":true,"href":"https:\/\/hotelhouse.cz\/index.php\/wp-json\/wp\/v2\/comments?post=3274"}],"version-history":[{"count":2,"href":"https:\/\/hotelhouse.cz\/index.php\/wp-json\/wp\/v2\/posts\/3274\/revisions"}],"predecessor-version":[{"id":3285,"href":"https:\/\/hotelhouse.cz\/index.php\/wp-json\/wp\/v2\/posts\/3274\/revisions\/3285"}],"wp:featuredmedia":[{"embeddable":true,"href":"https:\/\/hotelhouse.cz\/index.php\/wp-json\/wp\/v2\/media\/3276"}],"wp:attachment":[{"href":"https:\/\/hotelhouse.cz\/index.php\/wp-json\/wp\/v2\/media?parent=3274"}],"wp:term":[{"taxonomy":"category","embeddable":true,"href":"https:\/\/hotelhouse.cz\/index.php\/wp-json\/wp\/v2\/categories?post=3274"},{"taxonomy":"post_tag","embeddable":true,"href":"https:\/\/hotelhouse.cz\/index.php\/wp-json\/wp\/v2\/tags?post=3274"}],"curies":[{"name":"wp","href":"https:\/\/api.w.org\/{rel}","templated":true}]}}