{"id":3444,"date":"2022-08-03T00:01:41","date_gmt":"2022-08-02T22:01:41","guid":{"rendered":"https:\/\/hotelhouse.cz\/?p=3444"},"modified":"2022-08-01T12:38:15","modified_gmt":"2022-08-01T10:38:15","slug":"prosecco-festival-2022-villa-richter-na-prazskem-hrade","status":"publish","type":"post","link":"https:\/\/hotelhouse.cz\/index.php\/2022\/08\/03\/prosecco-festival-2022-villa-richter-na-prazskem-hrade\/","title":{"rendered":"Prosecco Festival 2022: Villa Richter na Pra\u017esk\u00e9m hrad\u011b"},"content":{"rendered":"\n<div style=\"height:35px\" aria-hidden=\"true\" class=\"wp-block-spacer\"><\/div>\n\n\n\n<p><strong>U\u017e 3. z\u00e1\u0159\u00ed 2022 se m\u016f\u017eete t\u011b\u0161it na nejlep\u0161\u00ed sv\u00e1tek milovn\u00edk\u016f dobr\u00e9ho Prosecca, kter\u00fd se jako ka\u017ed\u00fd rok bude konat v n\u00e1dhern\u00fdch prostor\u00e1ch nejstar\u0161\u00ed pra\u017esk\u00e9 Svatov\u00e1clavsk\u00e9 vinice, jej\u00ed\u017e sou\u010d\u00e1st\u00ed je i \u00fachvatn\u00e1 Villa Richter. Ta se za dobu sv\u00e9 existence prom\u011bnila ve v\u00fdznamn\u00fd gastronomick\u00fd bod, kter\u00fd se ty\u010d\u00ed nad na\u0161\u00ed metropol\u00ed na Pra\u017esk\u00e9m hrad\u011b\u2026<\/strong><\/p>\n\n\n\n<div class=\"wp-block-image\"><figure class=\"aligncenter\"><img decoding=\"async\" loading=\"lazy\" width=\"1024\" height=\"536\" src=\"https:\/\/hotelhouse.cz\/wp-content\/uploads\/2022\/07\/294363057_10160737413964416_5632467031152345522_n-1024x536.jpg\" alt=\"\" class=\"wp-image-3446\" srcset=\"https:\/\/hotelhouse.cz\/wp-content\/uploads\/2022\/07\/294363057_10160737413964416_5632467031152345522_n-1024x536.jpg 1024w, https:\/\/hotelhouse.cz\/wp-content\/uploads\/2022\/07\/294363057_10160737413964416_5632467031152345522_n-300x157.jpg 300w, https:\/\/hotelhouse.cz\/wp-content\/uploads\/2022\/07\/294363057_10160737413964416_5632467031152345522_n-768x402.jpg 768w, https:\/\/hotelhouse.cz\/wp-content\/uploads\/2022\/07\/294363057_10160737413964416_5632467031152345522_n.jpg 1920w\" sizes=\"(max-width: 1024px) 100vw, 1024px\" \/><\/figure><\/div>\n\n\n\n<p>I\nletos se m\u016f\u017eete t\u011b\u0161it na ta nejlep\u0161\u00ed Prosecca, je\u017e v&nbsp;r\u00e1mci\ndegustac\u00ed ochutn\u00e1te, a&nbsp;pro\u010d ne hned pln\u00fdmi dou\u0161ky. A&nbsp;a\u017e\nsi vyberete to sv\u00e9 obl\u00edben\u00e9, doporu\u010dujeme koupit rovnou n\u011bkolik\nlahv\u00ed, kter\u00e9 si m\u016f\u017eete v&nbsp;n\u00e1dhern\u00e9m prost\u0159ed\u00ed a&nbsp;atmosf\u00e9\u0159e\nvyp\u00edt se&nbsp;sv\u00fdmi bl\u00edzk\u00fdmi. \n<\/p>\n\n\n\n<p>Na\u0161e\nredakce na tomto sv\u00e1tku Prosecca ka\u017edoro\u010dn\u011b nem\u016f\u017ee chyb\u011bt a\nu\u017e\u00edv\u00e1me si to v\u017edy naplno. M\u00e1me tento festival opravdu r\u00e1di i\nd\u00edky tomu, \u017ee nad n\u00edm m\u00e1 z\u00e1\u0161titu italsk\u00e1 rodinn\u00e1 vina\u0159sk\u00e1\nzna\u010dka SERENA WINES 1881, jej\u00ed\u017e ko\u0159eny se daj\u00ed dohledat\nv&nbsp;Ben\u00e1tk\u00e1ch u\u017e roku 1390 a&nbsp;kterou Pietro Serena v&nbsp;roce\n1881 p\u0159ivedl k&nbsp;v\u00ednu. Dnes toto vyhl\u00e1\u0161en\u00e9 rodinn\u00e9 vina\u0159stv\u00ed\nnab\u00edz\u00ed sam\u00e9 \u00fa\u017easn\u00e9 skvosty, mj. i v&nbsp;podob\u011b pr\u00e1v\u011b\nprosecca. \n<\/p>\n\n\n\n<p><strong>N\u00e1m se na posledn\u00edm ro\u010dn\u00edku v roce 2021 poda\u0159ilo zastihnout Luca Serena, pokra\u010dovatele rodinn\u00e9 vina\u0159sk\u00e9 tradice za zna\u010dku SERENA WINES 1881, a rozhovor s n\u00edm v\u00e1m p\u0159in\u00e1\u0161\u00edme z\u00e1rove\u0148 jako pozv\u00e1nku na leto\u0161n\u00ed ro\u010dn\u00edk.<\/strong><\/p>\n\n\n\n<div style=\"height:20px\" aria-hidden=\"true\" class=\"wp-block-spacer\"><\/div>\n\n\n\n<h4 class=\"wp-block-heading\">PODCAST: Rozhovor s Luca Serena v r\u00e1mci <strong>Prossecco Festu 2021<\/strong><\/h4>\n\n\n\n<div style=\"height:20px\" aria-hidden=\"true\" class=\"wp-block-spacer\"><\/div>\n\n\n\n<figure class=\"wp-block-audio\"><audio controls src=\"https:\/\/hotelhouse.cz\/wp-content\/uploads\/2022\/07\/PODCAST-PROSECCO-FEST-22.mp3\"><\/audio><\/figure>\n\n\n\n<div style=\"height:34px\" aria-hidden=\"true\" class=\"wp-block-spacer\"><\/div>\n\n\n\n<h4 class=\"wp-block-heading\"><strong>A\nna co \u017ee se m\u016f\u017eete t\u011b\u0161it na leto\u0161n\u00edm Prossecco Festu 2022:<\/strong><\/h4>\n\n\n\n<p>Na\nakci budete moci ochutnat \u0161irokou \u0161k\u00e1lu \u0161umiv\u00fdch v\u00edn\nz&nbsp;vyhl\u00e1\u0161en\u00e9 italsk\u00e9 oblasti Prosecco. Nebudou chyb\u011bt ani\ntematick\u00e9 ochutn\u00e1vky cel\u00e9 chu\u0165ov\u00e9 palety Prosecca \u2013 v\u00edce ne\u017e\n14&nbsp;zna\u010dek. Samoz\u0159ejm\u011b tu naleznete v\u0161echny vyhl\u00e1\u0161en\u00e9\nzna\u010dky jako nap\u0159\u00edklad Serena 1881, Corte Delle Calli, Serenello,\nCostaross, Ville D\u2019Arfanta a&nbsp;mnoho dal\u0161\u00edch.<\/p>\n\n\n\n<p>Ro\u010dn\u00edk\n2022 m\u00e1 b\u00fdt v\u00fdznamn\u011bji spojen s&nbsp;hudbou. Sv\u00e9 vybran\u00e9\nProsecco si budete moci vychutnat p\u0159i poslechu Djs: Subgate, TGT, Im\nCyber a&nbsp;DJ Madelaine.<\/p>\n\n\n\n<p>V r\u00e1mci festivalu nebudou chyb\u011bt ani italsk\u00e9 speciality a pochoutky, je\u017e budou dokonale vylad\u011bny k&nbsp;\u0161umiv\u00fdm bublink\u00e1m, kter\u00fdch si u\u017eijete v\u00edce ne\u017e dost. Prost\u011b nezapomenuteln\u00fd z\u00e1\u017eitek pro v\u0161echny va\u0161e smysly v&nbsp;duchu prav\u00e9ho italsk\u00e9ho dolce vita!<\/p>\n\n\n\n<div style=\"height:20px\" aria-hidden=\"true\" class=\"wp-block-spacer\"><\/div>\n\n\n\n<h3 class=\"wp-block-heading\"><strong>Prosecco Festival 2022<\/strong><\/h3>\n\n\n\n<div style=\"height:20px\" aria-hidden=\"true\" class=\"wp-block-spacer\"><\/div>\n\n\n\n<p><strong>Kde:\n<\/strong>Svatov\u00e1clavsk\u00e1\nvinice \u2013 Villa Richter, Star\u00e9 z\u00e1meck\u00e9 schody 6, Praha 1<\/p>\n\n\n\n<p><strong>Kdy:\n<\/strong>sobota\n3. z\u00e1\u0159\u00ed 2022, od 12.00 do 20.00 hod.<\/p>\n\n\n\n<p><strong>Vstupn\u00e9:\n<\/strong>250\nK\u010d v\u010detn\u011b degusta\u010dn\u00ed skleni\u010dky. Vstupenky se kupuj\u00ed a\u017e na\nm\u00edst\u011b.<\/p>\n\n\n\n<p><strong>Degusta\u010dn\u00ed\n\u017eetony: <\/strong>10\nks za 300 K\u010d<\/p>\n\n\n\n<p><strong>Prodejn\u00ed\nceny Prosecca p\u0159i akci:<\/strong><\/p>\n\n\n\n<p><br> \u2013 Prosecco DOC, Prosecco Frizzante 0,5 dcl za 1 \u017eeton (30 K\u010d)<br> \u2013 Prosecco BIO, DOCG, Sekty 0,5 dcl za 2 \u017eetony (60 K\u010d)<\/p>\n\n\n\n<div style=\"height:45px\" aria-hidden=\"true\" class=\"wp-block-spacer\"><\/div>\n\n\n\n<ul class=\"wp-block-gallery columns-3 is-cropped wp-block-gallery-1 is-layout-flex wp-block-gallery-is-layout-flex\"><li class=\"blocks-gallery-item\"><figure><img decoding=\"async\" loading=\"lazy\" width=\"263\" height=\"834\" src=\"https:\/\/hotelhouse.cz\/wp-content\/uploads\/2022\/08\/Pro-doc-Organic-SERENELLO.jpg\" alt=\"\" data-id=\"3459\" data-link=\"https:\/\/hotelhouse.cz\/?attachment_id=3459\" class=\"wp-image-3459\" srcset=\"https:\/\/hotelhouse.cz\/wp-content\/uploads\/2022\/08\/Pro-doc-Organic-SERENELLO.jpg 263w, https:\/\/hotelhouse.cz\/wp-content\/uploads\/2022\/08\/Pro-doc-Organic-SERENELLO-95x300.jpg 95w\" sizes=\"(max-width: 263px) 100vw, 263px\" \/><\/figure><\/li><li class=\"blocks-gallery-item\"><figure><img decoding=\"async\" loading=\"lazy\" width=\"262\" height=\"834\" src=\"https:\/\/hotelhouse.cz\/wp-content\/uploads\/2022\/08\/PROSECCO-Rosee-Serenello-Brut.jpg\" alt=\"\" data-id=\"3460\" data-link=\"https:\/\/hotelhouse.cz\/?attachment_id=3460\" class=\"wp-image-3460\" srcset=\"https:\/\/hotelhouse.cz\/wp-content\/uploads\/2022\/08\/PROSECCO-Rosee-Serenello-Brut.jpg 262w, https:\/\/hotelhouse.cz\/wp-content\/uploads\/2022\/08\/PROSECCO-Rosee-Serenello-Brut-94x300.jpg 94w\" sizes=\"(max-width: 262px) 100vw, 262px\" \/><\/figure><\/li><li class=\"blocks-gallery-item\"><figure><img decoding=\"async\" loading=\"lazy\" width=\"278\" height=\"834\" src=\"https:\/\/hotelhouse.cz\/wp-content\/uploads\/2022\/08\/serenello-prova-arancione.jpg\" alt=\"\" data-id=\"3461\" data-link=\"https:\/\/hotelhouse.cz\/?attachment_id=3461\" class=\"wp-image-3461\" srcset=\"https:\/\/hotelhouse.cz\/wp-content\/uploads\/2022\/08\/serenello-prova-arancione.jpg 278w, https:\/\/hotelhouse.cz\/wp-content\/uploads\/2022\/08\/serenello-prova-arancione-100x300.jpg 100w\" sizes=\"(max-width: 278px) 100vw, 278px\" \/><\/figure><\/li><\/ul>\n\n\n\n<p><strong>Zdroj foto: <\/strong>SERENA WINES 1881<\/p>\n\n\n\n<div style=\"height:50px\" aria-hidden=\"true\" class=\"wp-block-spacer\"><\/div>\n","protected":false},"excerpt":{"rendered":"<p>U\u017e 3. z\u00e1\u0159\u00ed 2022 se m\u016f\u017eete t\u011b\u0161it na nejlep\u0161\u00ed sv\u00e1tek milovn\u00edk\u016f dobr\u00e9ho Prosecca, kter\u00fd se jako ka\u017ed\u00fd rok bude konat v n\u00e1dhern\u00fdch prostor\u00e1ch nejstar\u0161\u00ed pra\u017esk\u00e9 Svatov\u00e1clavsk\u00e9 vinice, jej\u00ed\u017e sou\u010d\u00e1st\u00ed je i \u00fachvatn\u00e1 Villa Richter.&#46;&#46;&#46;<\/p>\n","protected":false},"author":1,"featured_media":3446,"comment_status":"closed","ping_status":"closed","sticky":false,"template":"","format":"standard","meta":{"_monsterinsights_skip_tracking":false,"_monsterinsights_sitenote_active":false,"_monsterinsights_sitenote_note":"","_monsterinsights_sitenote_category":0,"footnotes":""},"categories":[9,26,22,2,1,11],"tags":[],"yoast_head":"<!-- This site is optimized with the Yoast SEO plugin v21.5 - https:\/\/yoast.com\/wordpress\/plugins\/seo\/ -->\n<title>Prosecco Festival 2022: Villa Richter na Pra\u017esk\u00e9m hrad\u011b - HOTELHOUSE.cz<\/title>\n<meta name=\"robots\" content=\"index, follow, max-snippet:-1, max-image-preview:large, max-video-preview:-1\" \/>\n<link rel=\"canonical\" href=\"https:\/\/hotelhouse.cz\/index.php\/2022\/08\/03\/prosecco-festival-2022-villa-richter-na-prazskem-hrade\/\" \/>\n<meta property=\"og:locale\" content=\"cs_CZ\" \/>\n<meta property=\"og:type\" content=\"article\" \/>\n<meta property=\"og:title\" content=\"Prosecco Festival 2022: Villa Richter na Pra\u017esk\u00e9m hrad\u011b - HOTELHOUSE.cz\" \/>\n<meta property=\"og:description\" content=\"U\u017e 3. z\u00e1\u0159\u00ed 2022 se m\u016f\u017eete t\u011b\u0161it na nejlep\u0161\u00ed sv\u00e1tek milovn\u00edk\u016f dobr\u00e9ho Prosecca, kter\u00fd se jako ka\u017ed\u00fd rok bude konat v n\u00e1dhern\u00fdch prostor\u00e1ch nejstar\u0161\u00ed pra\u017esk\u00e9 Svatov\u00e1clavsk\u00e9 vinice, jej\u00ed\u017e sou\u010d\u00e1st\u00ed je i \u00fachvatn\u00e1 Villa Richter.&#046;&#046;&#046;\" \/>\n<meta property=\"og:url\" content=\"https:\/\/hotelhouse.cz\/index.php\/2022\/08\/03\/prosecco-festival-2022-villa-richter-na-prazskem-hrade\/\" \/>\n<meta property=\"og:site_name\" content=\"HOTELHOUSE.cz\" \/>\n<meta property=\"article:published_time\" content=\"2022-08-02T22:01:41+00:00\" \/>\n<meta property=\"article:modified_time\" content=\"2022-08-01T10:38:15+00:00\" \/>\n<meta property=\"og:image\" content=\"https:\/\/hotelhouse.cz\/wp-content\/uploads\/2022\/07\/294363057_10160737413964416_5632467031152345522_n.jpg\" \/>\n\t<meta property=\"og:image:width\" content=\"1920\" \/>\n\t<meta property=\"og:image:height\" content=\"1005\" \/>\n\t<meta property=\"og:image:type\" content=\"image\/jpeg\" \/>\n<meta name=\"author\" content=\"Mikol\u00e1\u0161ek (\u0161efredaktor HMG)\" \/>\n<meta name=\"twitter:card\" content=\"summary_large_image\" \/>\n<meta name=\"twitter:label1\" content=\"Napsal(a)\" \/>\n\t<meta name=\"twitter:data1\" content=\"Mikol\u00e1\u0161ek (\u0161efredaktor HMG)\" \/>\n\t<meta name=\"twitter:label2\" content=\"Odhadovan\u00e1 doba \u010dten\u00ed\" \/>\n\t<meta name=\"twitter:data2\" content=\"3 minuty\" \/>\n<script type=\"application\/ld+json\" class=\"yoast-schema-graph\">{\"@context\":\"https:\/\/schema.org\",\"@graph\":[{\"@type\":\"Article\",\"@id\":\"https:\/\/hotelhouse.cz\/index.php\/2022\/08\/03\/prosecco-festival-2022-villa-richter-na-prazskem-hrade\/#article\",\"isPartOf\":{\"@id\":\"https:\/\/hotelhouse.cz\/index.php\/2022\/08\/03\/prosecco-festival-2022-villa-richter-na-prazskem-hrade\/\"},\"author\":{\"name\":\"Mikol\u00e1\u0161ek (\u0161efredaktor HMG)\",\"@id\":\"https:\/\/hotelhouse.cz\/#\/schema\/person\/6f8df5654d33f7f700b98d242c71fc72\"},\"headline\":\"Prosecco Festival 2022: Villa Richter na Pra\u017esk\u00e9m hrad\u011b\",\"datePublished\":\"2022-08-02T22:01:41+00:00\",\"dateModified\":\"2022-08-01T10:38:15+00:00\",\"mainEntityOfPage\":{\"@id\":\"https:\/\/hotelhouse.cz\/index.php\/2022\/08\/03\/prosecco-festival-2022-villa-richter-na-prazskem-hrade\/\"},\"wordCount\":528,\"publisher\":{\"@id\":\"https:\/\/hotelhouse.cz\/#organization\"},\"articleSection\":[\"LOBY &amp; BARY &amp; ALKOHOL\",\"N\u00e1dhern\u00e1M\u00edsta.cz\",\"NaDovolenouDoPrahy.cz\",\"NEWS\",\"ROZHOVORY &amp; PODCASTY\",\"VIN\u00c1RNY &amp; VINA\u0158STV\u00cd\"],\"inLanguage\":\"cs\"},{\"@type\":\"WebPage\",\"@id\":\"https:\/\/hotelhouse.cz\/index.php\/2022\/08\/03\/prosecco-festival-2022-villa-richter-na-prazskem-hrade\/\",\"url\":\"https:\/\/hotelhouse.cz\/index.php\/2022\/08\/03\/prosecco-festival-2022-villa-richter-na-prazskem-hrade\/\",\"name\":\"Prosecco Festival 2022: Villa Richter na Pra\u017esk\u00e9m hrad\u011b - HOTELHOUSE.cz\",\"isPartOf\":{\"@id\":\"https:\/\/hotelhouse.cz\/#website\"},\"datePublished\":\"2022-08-02T22:01:41+00:00\",\"dateModified\":\"2022-08-01T10:38:15+00:00\",\"breadcrumb\":{\"@id\":\"https:\/\/hotelhouse.cz\/index.php\/2022\/08\/03\/prosecco-festival-2022-villa-richter-na-prazskem-hrade\/#breadcrumb\"},\"inLanguage\":\"cs\",\"potentialAction\":[{\"@type\":\"ReadAction\",\"target\":[\"https:\/\/hotelhouse.cz\/index.php\/2022\/08\/03\/prosecco-festival-2022-villa-richter-na-prazskem-hrade\/\"]}]},{\"@type\":\"BreadcrumbList\",\"@id\":\"https:\/\/hotelhouse.cz\/index.php\/2022\/08\/03\/prosecco-festival-2022-villa-richter-na-prazskem-hrade\/#breadcrumb\",\"itemListElement\":[{\"@type\":\"ListItem\",\"position\":1,\"name\":\"Dom\u016f\",\"item\":\"https:\/\/hotelhouse.cz\/\"},{\"@type\":\"ListItem\",\"position\":2,\"name\":\"Prosecco Festival 2022: Villa Richter na Pra\u017esk\u00e9m hrad\u011b\"}]},{\"@type\":\"WebSite\",\"@id\":\"https:\/\/hotelhouse.cz\/#website\",\"url\":\"https:\/\/hotelhouse.cz\/\",\"name\":\"HOTELHOUSE.cz\",\"description\":\"Port\u00e1l o hotelech, pensionech, spa resortech a restaurac\u00edch...\",\"publisher\":{\"@id\":\"https:\/\/hotelhouse.cz\/#organization\"},\"potentialAction\":[{\"@type\":\"SearchAction\",\"target\":{\"@type\":\"EntryPoint\",\"urlTemplate\":\"https:\/\/hotelhouse.cz\/?s={search_term_string}\"},\"query-input\":\"required name=search_term_string\"}],\"inLanguage\":\"cs\"},{\"@type\":\"Organization\",\"@id\":\"https:\/\/hotelhouse.cz\/#organization\",\"name\":\"HOTELHOUSE.cz\",\"url\":\"https:\/\/hotelhouse.cz\/\",\"logo\":{\"@type\":\"ImageObject\",\"inLanguage\":\"cs\",\"@id\":\"https:\/\/hotelhouse.cz\/#\/schema\/logo\/image\/\",\"url\":\"https:\/\/hotelhouse.cz\/wp-content\/uploads\/2024\/12\/cropped-Logo_HotelHouse-2.jpg\",\"contentUrl\":\"https:\/\/hotelhouse.cz\/wp-content\/uploads\/2024\/12\/cropped-Logo_HotelHouse-2.jpg\",\"width\":933,\"height\":516,\"caption\":\"HOTELHOUSE.cz\"},\"image\":{\"@id\":\"https:\/\/hotelhouse.cz\/#\/schema\/logo\/image\/\"},\"sameAs\":[\"https:\/\/www.instagram.com\/hotelhousecz\/\"]},{\"@type\":\"Person\",\"@id\":\"https:\/\/hotelhouse.cz\/#\/schema\/person\/6f8df5654d33f7f700b98d242c71fc72\",\"name\":\"Mikol\u00e1\u0161ek (\u0161efredaktor HMG)\",\"image\":{\"@type\":\"ImageObject\",\"inLanguage\":\"cs\",\"@id\":\"https:\/\/hotelhouse.cz\/#\/schema\/person\/image\/\",\"url\":\"https:\/\/secure.gravatar.com\/avatar\/1c8a35f186d8baabb0513b2bdd8e53cd?s=96&d=mm&r=g\",\"contentUrl\":\"https:\/\/secure.gravatar.com\/avatar\/1c8a35f186d8baabb0513b2bdd8e53cd?s=96&d=mm&r=g\",\"caption\":\"Mikol\u00e1\u0161ek (\u0161efredaktor HMG)\"},\"sameAs\":[\"http:\/\/www.hotelhouse.cz\"],\"url\":\"https:\/\/hotelhouse.cz\/index.php\/author\/ivomik\/\"}]}<\/script>\n<!-- \/ Yoast SEO plugin. -->","yoast_head_json":{"title":"Prosecco Festival 2022: Villa Richter na Pra\u017esk\u00e9m hrad\u011b - HOTELHOUSE.cz","robots":{"index":"index","follow":"follow","max-snippet":"max-snippet:-1","max-image-preview":"max-image-preview:large","max-video-preview":"max-video-preview:-1"},"canonical":"https:\/\/hotelhouse.cz\/index.php\/2022\/08\/03\/prosecco-festival-2022-villa-richter-na-prazskem-hrade\/","og_locale":"cs_CZ","og_type":"article","og_title":"Prosecco Festival 2022: Villa Richter na Pra\u017esk\u00e9m hrad\u011b - HOTELHOUSE.cz","og_description":"U\u017e 3. z\u00e1\u0159\u00ed 2022 se m\u016f\u017eete t\u011b\u0161it na nejlep\u0161\u00ed sv\u00e1tek milovn\u00edk\u016f dobr\u00e9ho Prosecca, kter\u00fd se jako ka\u017ed\u00fd rok bude konat v n\u00e1dhern\u00fdch prostor\u00e1ch nejstar\u0161\u00ed pra\u017esk\u00e9 Svatov\u00e1clavsk\u00e9 vinice, jej\u00ed\u017e sou\u010d\u00e1st\u00ed je i \u00fachvatn\u00e1 Villa Richter.&#46;&#46;&#46;","og_url":"https:\/\/hotelhouse.cz\/index.php\/2022\/08\/03\/prosecco-festival-2022-villa-richter-na-prazskem-hrade\/","og_site_name":"HOTELHOUSE.cz","article_published_time":"2022-08-02T22:01:41+00:00","article_modified_time":"2022-08-01T10:38:15+00:00","og_image":[{"width":1920,"height":1005,"url":"https:\/\/hotelhouse.cz\/wp-content\/uploads\/2022\/07\/294363057_10160737413964416_5632467031152345522_n.jpg","type":"image\/jpeg"}],"author":"Mikol\u00e1\u0161ek (\u0161efredaktor HMG)","twitter_card":"summary_large_image","twitter_misc":{"Napsal(a)":"Mikol\u00e1\u0161ek (\u0161efredaktor HMG)","Odhadovan\u00e1 doba \u010dten\u00ed":"3 minuty"},"schema":{"@context":"https:\/\/schema.org","@graph":[{"@type":"Article","@id":"https:\/\/hotelhouse.cz\/index.php\/2022\/08\/03\/prosecco-festival-2022-villa-richter-na-prazskem-hrade\/#article","isPartOf":{"@id":"https:\/\/hotelhouse.cz\/index.php\/2022\/08\/03\/prosecco-festival-2022-villa-richter-na-prazskem-hrade\/"},"author":{"name":"Mikol\u00e1\u0161ek (\u0161efredaktor HMG)","@id":"https:\/\/hotelhouse.cz\/#\/schema\/person\/6f8df5654d33f7f700b98d242c71fc72"},"headline":"Prosecco Festival 2022: Villa Richter na Pra\u017esk\u00e9m hrad\u011b","datePublished":"2022-08-02T22:01:41+00:00","dateModified":"2022-08-01T10:38:15+00:00","mainEntityOfPage":{"@id":"https:\/\/hotelhouse.cz\/index.php\/2022\/08\/03\/prosecco-festival-2022-villa-richter-na-prazskem-hrade\/"},"wordCount":528,"publisher":{"@id":"https:\/\/hotelhouse.cz\/#organization"},"articleSection":["LOBY &amp; BARY &amp; ALKOHOL","N\u00e1dhern\u00e1M\u00edsta.cz","NaDovolenouDoPrahy.cz","NEWS","ROZHOVORY &amp; PODCASTY","VIN\u00c1RNY &amp; VINA\u0158STV\u00cd"],"inLanguage":"cs"},{"@type":"WebPage","@id":"https:\/\/hotelhouse.cz\/index.php\/2022\/08\/03\/prosecco-festival-2022-villa-richter-na-prazskem-hrade\/","url":"https:\/\/hotelhouse.cz\/index.php\/2022\/08\/03\/prosecco-festival-2022-villa-richter-na-prazskem-hrade\/","name":"Prosecco Festival 2022: Villa Richter na Pra\u017esk\u00e9m hrad\u011b - HOTELHOUSE.cz","isPartOf":{"@id":"https:\/\/hotelhouse.cz\/#website"},"datePublished":"2022-08-02T22:01:41+00:00","dateModified":"2022-08-01T10:38:15+00:00","breadcrumb":{"@id":"https:\/\/hotelhouse.cz\/index.php\/2022\/08\/03\/prosecco-festival-2022-villa-richter-na-prazskem-hrade\/#breadcrumb"},"inLanguage":"cs","potentialAction":[{"@type":"ReadAction","target":["https:\/\/hotelhouse.cz\/index.php\/2022\/08\/03\/prosecco-festival-2022-villa-richter-na-prazskem-hrade\/"]}]},{"@type":"BreadcrumbList","@id":"https:\/\/hotelhouse.cz\/index.php\/2022\/08\/03\/prosecco-festival-2022-villa-richter-na-prazskem-hrade\/#breadcrumb","itemListElement":[{"@type":"ListItem","position":1,"name":"Dom\u016f","item":"https:\/\/hotelhouse.cz\/"},{"@type":"ListItem","position":2,"name":"Prosecco Festival 2022: Villa Richter na Pra\u017esk\u00e9m hrad\u011b"}]},{"@type":"WebSite","@id":"https:\/\/hotelhouse.cz\/#website","url":"https:\/\/hotelhouse.cz\/","name":"HOTELHOUSE.cz","description":"Port\u00e1l o hotelech, pensionech, spa resortech a restaurac\u00edch...","publisher":{"@id":"https:\/\/hotelhouse.cz\/#organization"},"potentialAction":[{"@type":"SearchAction","target":{"@type":"EntryPoint","urlTemplate":"https:\/\/hotelhouse.cz\/?s={search_term_string}"},"query-input":"required name=search_term_string"}],"inLanguage":"cs"},{"@type":"Organization","@id":"https:\/\/hotelhouse.cz\/#organization","name":"HOTELHOUSE.cz","url":"https:\/\/hotelhouse.cz\/","logo":{"@type":"ImageObject","inLanguage":"cs","@id":"https:\/\/hotelhouse.cz\/#\/schema\/logo\/image\/","url":"https:\/\/hotelhouse.cz\/wp-content\/uploads\/2024\/12\/cropped-Logo_HotelHouse-2.jpg","contentUrl":"https:\/\/hotelhouse.cz\/wp-content\/uploads\/2024\/12\/cropped-Logo_HotelHouse-2.jpg","width":933,"height":516,"caption":"HOTELHOUSE.cz"},"image":{"@id":"https:\/\/hotelhouse.cz\/#\/schema\/logo\/image\/"},"sameAs":["https:\/\/www.instagram.com\/hotelhousecz\/"]},{"@type":"Person","@id":"https:\/\/hotelhouse.cz\/#\/schema\/person\/6f8df5654d33f7f700b98d242c71fc72","name":"Mikol\u00e1\u0161ek (\u0161efredaktor HMG)","image":{"@type":"ImageObject","inLanguage":"cs","@id":"https:\/\/hotelhouse.cz\/#\/schema\/person\/image\/","url":"https:\/\/secure.gravatar.com\/avatar\/1c8a35f186d8baabb0513b2bdd8e53cd?s=96&d=mm&r=g","contentUrl":"https:\/\/secure.gravatar.com\/avatar\/1c8a35f186d8baabb0513b2bdd8e53cd?s=96&d=mm&r=g","caption":"Mikol\u00e1\u0161ek (\u0161efredaktor HMG)"},"sameAs":["http:\/\/www.hotelhouse.cz"],"url":"https:\/\/hotelhouse.cz\/index.php\/author\/ivomik\/"}]}},"_links":{"self":[{"href":"https:\/\/hotelhouse.cz\/index.php\/wp-json\/wp\/v2\/posts\/3444"}],"collection":[{"href":"https:\/\/hotelhouse.cz\/index.php\/wp-json\/wp\/v2\/posts"}],"about":[{"href":"https:\/\/hotelhouse.cz\/index.php\/wp-json\/wp\/v2\/types\/post"}],"author":[{"embeddable":true,"href":"https:\/\/hotelhouse.cz\/index.php\/wp-json\/wp\/v2\/users\/1"}],"replies":[{"embeddable":true,"href":"https:\/\/hotelhouse.cz\/index.php\/wp-json\/wp\/v2\/comments?post=3444"}],"version-history":[{"count":3,"href":"https:\/\/hotelhouse.cz\/index.php\/wp-json\/wp\/v2\/posts\/3444\/revisions"}],"predecessor-version":[{"id":3462,"href":"https:\/\/hotelhouse.cz\/index.php\/wp-json\/wp\/v2\/posts\/3444\/revisions\/3462"}],"wp:featuredmedia":[{"embeddable":true,"href":"https:\/\/hotelhouse.cz\/index.php\/wp-json\/wp\/v2\/media\/3446"}],"wp:attachment":[{"href":"https:\/\/hotelhouse.cz\/index.php\/wp-json\/wp\/v2\/media?parent=3444"}],"wp:term":[{"taxonomy":"category","embeddable":true,"href":"https:\/\/hotelhouse.cz\/index.php\/wp-json\/wp\/v2\/categories?post=3444"},{"taxonomy":"post_tag","embeddable":true,"href":"https:\/\/hotelhouse.cz\/index.php\/wp-json\/wp\/v2\/tags?post=3444"}],"curies":[{"name":"wp","href":"https:\/\/api.w.org\/{rel}","templated":true}]}}