{"id":3484,"date":"2022-08-04T00:47:03","date_gmt":"2022-08-03T22:47:03","guid":{"rendered":"https:\/\/hotelhouse.cz\/?p=3484"},"modified":"2022-08-04T22:52:12","modified_gmt":"2022-08-04T20:52:12","slug":"zahranicni-turiste-se-vratili-do-prahy-zajem-o-regiony-a-hory-je-mezirocne-nizsi-cesi-letos-odjeli-k-mori","status":"publish","type":"post","link":"https:\/\/hotelhouse.cz\/index.php\/2022\/08\/04\/zahranicni-turiste-se-vratili-do-prahy-zajem-o-regiony-a-hory-je-mezirocne-nizsi-cesi-letos-odjeli-k-mori\/","title":{"rendered":"Zahrani\u010dn\u00ed turist\u00e9 se vr\u00e1tili do Prahy, z\u00e1jem o regiony a hory je meziro\u010dn\u011b ni\u017e\u0161\u00ed, \u010ce\u0161i letos odjeli k mo\u0159i"},"content":{"rendered":"\n<div style=\"height:26px\" aria-hidden=\"true\" class=\"wp-block-spacer\"><\/div>\n\n\n\n<p><strong>\u010cesk\u00e1 hotelov\u00e1 s\u00ed\u0165 PYTLOUN HOTELS, kter\u00e1 funguje ji\u017e od roku 2003 a v sou\u010dasn\u00e9 dob\u011b provozuje t\u0159in\u00e1ct designov\u00fdch, tradi\u010dn\u00edch i apartm\u00e1nov\u00fdch hotel\u016f v \u010cR, zve\u0159ejnila aktu\u00e1ln\u00ed statistiky obsazenosti a z\u00e1jmu tuzemsk\u00fdch a zahrani\u010dn\u00edch a host\u016f po ubytov\u00e1n\u00ed v jej\u00ed s\u00edti hotel\u016f. <\/strong><\/p>\n\n\n\n<div style=\"height:20px\" aria-hidden=\"true\" class=\"wp-block-spacer\"><\/div>\n\n\n\n<div class=\"wp-block-image\"><figure class=\"aligncenter is-resized\"><img decoding=\"async\" loading=\"lazy\" src=\"https:\/\/hotelhouse.cz\/wp-content\/uploads\/2022\/08\/VV-2_.jpg\" alt=\"\" class=\"wp-image-3491\" width=\"781\" height=\"522\" srcset=\"https:\/\/hotelhouse.cz\/wp-content\/uploads\/2022\/08\/VV-2_.jpg 615w, https:\/\/hotelhouse.cz\/wp-content\/uploads\/2022\/08\/VV-2_-300x200.jpg 300w\" sizes=\"(max-width: 781px) 100vw, 781px\" \/><\/figure><\/div>\n\n\n\n<div style=\"height:20px\" aria-hidden=\"true\" class=\"wp-block-spacer\"><\/div>\n\n\n\n<p>Ze statistik vypl\u00fdv\u00e1, \u017ee v\u00a0Praze se ji\u017e po\u010det zahrani\u010dn\u00edch turist\u016f vr\u00e1til na p\u0159edcovidovou \u00farove\u0148 a n\u011bkter\u00e9 hotely v\u00a0centru Prahy hl\u00e1s\u00ed t\u00e9m\u011b\u0159 100% obsazenost. Zahrani\u010dn\u00ed turist\u00e9 p\u0159ij\u00ed\u017ed\u011bj\u00edc\u00ed do Prahy jsou nej\u010dast\u011bji z\u00a0Evropy (N\u011bmecko, UK, Nizozem\u00ed, D\u00e1nsko, \u0160v\u00e9dsko) a Bl\u00edzk\u00e9ho v\u00fdchodu (Izrael), pomalu se objevuj\u00ed i Ameri\u010dan\u00e9. Klienti z\u00a0Asie zat\u00edm v\u00a0Praze chyb\u00ed. V\u011bt\u0161ina zahrani\u010dn\u00edch host\u016f p\u0159ij\u00ed\u017ed\u00ed do Prahy v pr\u016fm\u011bru na 2-3 noci. \u010cechy letos v\u00a0l\u00e9t\u011b Praha p\u0159\u00edli\u0161 nel\u00e1k\u00e1 a v\u00a0s\u00edti PYTLOUN HOTELS se jich ubytovalo o 270 % m\u00e9n\u011b ne\u017e minul\u00fd rok ve stejn\u00e9m obdob\u00ed.<\/p>\n\n\n\n<div style=\"height:20px\" aria-hidden=\"true\" class=\"wp-block-spacer\"><\/div>\n\n\n\n<ul class=\"wp-block-gallery columns-2 is-cropped wp-block-gallery-1 is-layout-flex wp-block-gallery-is-layout-flex\"><li class=\"blocks-gallery-item\"><figure><img decoding=\"async\" loading=\"lazy\" width=\"896\" height=\"448\" src=\"https:\/\/hotelhouse.cz\/wp-content\/uploads\/2022\/08\/PHH_Virivka_leto_.jpg\" alt=\"\" data-id=\"3489\" data-link=\"https:\/\/hotelhouse.cz\/?attachment_id=3489\" class=\"wp-image-3489\" srcset=\"https:\/\/hotelhouse.cz\/wp-content\/uploads\/2022\/08\/PHH_Virivka_leto_.jpg 896w, https:\/\/hotelhouse.cz\/wp-content\/uploads\/2022\/08\/PHH_Virivka_leto_-300x150.jpg 300w, https:\/\/hotelhouse.cz\/wp-content\/uploads\/2022\/08\/PHH_Virivka_leto_-768x384.jpg 768w\" sizes=\"(max-width: 896px) 100vw, 896px\" \/><\/figure><\/li><li class=\"blocks-gallery-item\"><figure><img decoding=\"async\" loading=\"lazy\" width=\"600\" height=\"400\" src=\"https:\/\/hotelhouse.cz\/wp-content\/uploads\/2022\/08\/PZHC_dbl_2.jpg\" alt=\"\" data-id=\"3490\" data-link=\"https:\/\/hotelhouse.cz\/?attachment_id=3490\" class=\"wp-image-3490\" srcset=\"https:\/\/hotelhouse.cz\/wp-content\/uploads\/2022\/08\/PZHC_dbl_2.jpg 600w, https:\/\/hotelhouse.cz\/wp-content\/uploads\/2022\/08\/PZHC_dbl_2-300x200.jpg 300w\" sizes=\"(max-width: 600px) 100vw, 600px\" \/><\/figure><\/li><\/ul>\n\n\n\n<div style=\"height:20px\" aria-hidden=\"true\" class=\"wp-block-spacer\"><\/div>\n\n\n\n<p>\u201eOba na\u0161e hotely v\u00a0centru Prahy m\u00e1me bezm\u00e1la vyprodan\u00e9 a co se t\u00fd\u010de cen za pokoj jsme t\u00e9m\u011b\u0159 zp\u011bt na cen\u00e1ch p\u0159ed covidem,\u201c <strong>\u0159\u00edk\u00e1 Luk\u00e1\u0161 Pytloun, gener\u00e1ln\u00ed \u0159editel s\u00edt\u011b PYTLOUN HOTELS, a dod\u00e1v\u00e1<\/strong>: \u201ePokud jde o regiony a hory, v\u00a0na\u0161em p\u0159\u00edpad\u011b tedy Liberec, Krkono\u0161e a Kru\u0161n\u00e9 hory \u2013 popt\u00e1vka a obsazenost je oproti minul\u00e9mu roku slab\u0161\u00ed zhruba o 10 %. Klientela je p\u0159ev\u00e1\u017en\u011b \u010desk\u00e1 a host\u00e9 p\u0159ij\u00ed\u017ed\u011bj\u00ed v\u00a0pr\u016fm\u011bru na 1-2 noci. P\u0159i\u010d\u00edt\u00e1m to jednozna\u010dn\u011b z\u00e1jmu \u010cech\u016f vym\u011bnit tuzemskou dovolenou za zahrani\u010dn\u00ed a cestovat letos v l\u00e9t\u011b po dvou letech uzav\u0159en\u00ed k\u00a0mo\u0159i. Cenov\u011b jsme v\u00a0regionech a na hor\u00e1ch na \u00farovni minul\u00e9ho roku, pop\u0159. o n\u011bco ni\u017e\u0161\u00ed. K\u00a0v\u00fdrazn\u011bj\u0161\u00edmu zdra\u017een\u00ed cen pokoj\u016f jsme i p\u0159es razantn\u00ed n\u00e1r\u016fst cen energi\u00ed, surovin a n\u00e1klad\u016f na lidsk\u00e9 zdroje zat\u00edm nep\u0159ikro\u010dili.\u201c<\/p>\n\n\n\n<div style=\"height:36px\" aria-hidden=\"true\" class=\"wp-block-spacer\"><\/div>\n\n\n\n<ul class=\"wp-block-gallery columns-2 is-cropped wp-block-gallery-3 is-layout-flex wp-block-gallery-is-layout-flex\"><li class=\"blocks-gallery-item\"><figure><img decoding=\"async\" loading=\"lazy\" width=\"900\" height=\"600\" src=\"https:\/\/hotelhouse.cz\/wp-content\/uploads\/2022\/08\/Grand-Hotel-Imperial-\u010deln\u00ed-pohled.jpg\" alt=\"\" data-id=\"3485\" data-link=\"https:\/\/hotelhouse.cz\/?attachment_id=3485\" class=\"wp-image-3485\" srcset=\"https:\/\/hotelhouse.cz\/wp-content\/uploads\/2022\/08\/Grand-Hotel-Imperial-\u010deln\u00ed-pohled.jpg 900w, https:\/\/hotelhouse.cz\/wp-content\/uploads\/2022\/08\/Grand-Hotel-Imperial-\u010deln\u00ed-pohled-300x200.jpg 300w, https:\/\/hotelhouse.cz\/wp-content\/uploads\/2022\/08\/Grand-Hotel-Imperial-\u010deln\u00ed-pohled-768x512.jpg 768w\" sizes=\"(max-width: 900px) 100vw, 900px\" \/><\/figure><\/li><li class=\"blocks-gallery-item\"><figure><img decoding=\"async\" loading=\"lazy\" width=\"630\" height=\"420\" src=\"https:\/\/hotelhouse.cz\/wp-content\/uploads\/2022\/08\/Grand-Hotel-Imperial-\u010deln\u00ed-ve\u010dern\u00ed-pohled.jpg\" alt=\"\" data-id=\"3486\" data-link=\"https:\/\/hotelhouse.cz\/?attachment_id=3486\" class=\"wp-image-3486\" srcset=\"https:\/\/hotelhouse.cz\/wp-content\/uploads\/2022\/08\/Grand-Hotel-Imperial-\u010deln\u00ed-ve\u010dern\u00ed-pohled.jpg 630w, https:\/\/hotelhouse.cz\/wp-content\/uploads\/2022\/08\/Grand-Hotel-Imperial-\u010deln\u00ed-ve\u010dern\u00ed-pohled-300x200.jpg 300w\" sizes=\"(max-width: 630px) 100vw, 630px\" \/><\/figure><\/li><li class=\"blocks-gallery-item\"><figure><img decoding=\"async\" loading=\"lazy\" width=\"695\" height=\"925\" src=\"https:\/\/hotelhouse.cz\/wp-content\/uploads\/2022\/08\/IMG_20220324_152815.jpg\" alt=\"\" data-id=\"3487\" data-link=\"https:\/\/hotelhouse.cz\/?attachment_id=3487\" class=\"wp-image-3487\" srcset=\"https:\/\/hotelhouse.cz\/wp-content\/uploads\/2022\/08\/IMG_20220324_152815.jpg 695w, https:\/\/hotelhouse.cz\/wp-content\/uploads\/2022\/08\/IMG_20220324_152815-225x300.jpg 225w\" sizes=\"(max-width: 695px) 100vw, 695px\" \/><\/figure><\/li><li class=\"blocks-gallery-item\"><figure><img decoding=\"async\" loading=\"lazy\" width=\"1024\" height=\"683\" src=\"https:\/\/hotelhouse.cz\/wp-content\/uploads\/2022\/08\/Lukas-Pytloun-2_-1024x683.jpg\" alt=\"\" data-id=\"3488\" data-link=\"https:\/\/hotelhouse.cz\/?attachment_id=3488\" class=\"wp-image-3488\" srcset=\"https:\/\/hotelhouse.cz\/wp-content\/uploads\/2022\/08\/Lukas-Pytloun-2_-1024x683.jpg 1024w, https:\/\/hotelhouse.cz\/wp-content\/uploads\/2022\/08\/Lukas-Pytloun-2_-300x200.jpg 300w, https:\/\/hotelhouse.cz\/wp-content\/uploads\/2022\/08\/Lukas-Pytloun-2_-768x512.jpg 768w, https:\/\/hotelhouse.cz\/wp-content\/uploads\/2022\/08\/Lukas-Pytloun-2_.jpg 1872w\" sizes=\"(max-width: 1024px) 100vw, 1024px\" \/><\/figure><\/li><li class=\"blocks-gallery-item\"><figure><img decoding=\"async\" loading=\"lazy\" width=\"896\" height=\"448\" src=\"https:\/\/hotelhouse.cz\/wp-content\/uploads\/2022\/08\/PHH_Virivka_leto_.jpg\" alt=\"\" data-id=\"3489\" data-link=\"https:\/\/hotelhouse.cz\/?attachment_id=3489\" class=\"wp-image-3489\" srcset=\"https:\/\/hotelhouse.cz\/wp-content\/uploads\/2022\/08\/PHH_Virivka_leto_.jpg 896w, https:\/\/hotelhouse.cz\/wp-content\/uploads\/2022\/08\/PHH_Virivka_leto_-300x150.jpg 300w, https:\/\/hotelhouse.cz\/wp-content\/uploads\/2022\/08\/PHH_Virivka_leto_-768x384.jpg 768w\" sizes=\"(max-width: 896px) 100vw, 896px\" \/><\/figure><\/li><li class=\"blocks-gallery-item\"><figure><img decoding=\"async\" loading=\"lazy\" width=\"600\" height=\"400\" src=\"https:\/\/hotelhouse.cz\/wp-content\/uploads\/2022\/08\/PZHC_dbl_2.jpg\" alt=\"\" data-id=\"3490\" data-link=\"https:\/\/hotelhouse.cz\/?attachment_id=3490\" class=\"wp-image-3490\" srcset=\"https:\/\/hotelhouse.cz\/wp-content\/uploads\/2022\/08\/PZHC_dbl_2.jpg 600w, https:\/\/hotelhouse.cz\/wp-content\/uploads\/2022\/08\/PZHC_dbl_2-300x200.jpg 300w\" sizes=\"(max-width: 600px) 100vw, 600px\" \/><\/figure><\/li><li class=\"blocks-gallery-item\"><figure><img decoding=\"async\" loading=\"lazy\" width=\"615\" height=\"411\" src=\"https:\/\/hotelhouse.cz\/wp-content\/uploads\/2022\/08\/VV-2_.jpg\" alt=\"\" data-id=\"3491\" data-link=\"https:\/\/hotelhouse.cz\/?attachment_id=3491\" class=\"wp-image-3491\" srcset=\"https:\/\/hotelhouse.cz\/wp-content\/uploads\/2022\/08\/VV-2_.jpg 615w, https:\/\/hotelhouse.cz\/wp-content\/uploads\/2022\/08\/VV-2_-300x200.jpg 300w\" sizes=\"(max-width: 615px) 100vw, 615px\" \/><\/figure><\/li><\/ul>\n\n\n\n<p><strong>Zdroj foto: <\/strong>PYTLOUN HOTELS <\/p>\n\n\n\n<div style=\"height:51px\" aria-hidden=\"true\" class=\"wp-block-spacer\"><\/div>\n","protected":false},"excerpt":{"rendered":"<p>\u010cesk\u00e1 hotelov\u00e1 s\u00ed\u0165 PYTLOUN HOTELS, kter\u00e1 funguje ji\u017e od roku 2003 a v sou\u010dasn\u00e9 dob\u011b provozuje t\u0159in\u00e1ct designov\u00fdch, tradi\u010dn\u00edch i apartm\u00e1nov\u00fdch hotel\u016f v \u010cR, zve\u0159ejnila aktu\u00e1ln\u00ed statistiky obsazenosti a z\u00e1jmu tuzemsk\u00fdch a zahrani\u010dn\u00edch a&#46;&#46;&#46;<\/p>\n","protected":false},"author":3,"featured_media":3491,"comment_status":"closed","ping_status":"closed","sticky":false,"template":"","format":"standard","meta":{"_monsterinsights_skip_tracking":false,"_monsterinsights_sitenote_active":false,"_monsterinsights_sitenote_note":"","_monsterinsights_sitenote_category":0,"footnotes":""},"categories":[4,2,23],"tags":[],"yoast_head":"<!-- This site is optimized with the Yoast SEO plugin v21.5 - https:\/\/yoast.com\/wordpress\/plugins\/seo\/ -->\n<title>Zahrani\u010dn\u00ed turist\u00e9 se vr\u00e1tili do Prahy, z\u00e1jem o regiony a hory je meziro\u010dn\u011b ni\u017e\u0161\u00ed, \u010ce\u0161i letos odjeli k mo\u0159i - HOTELHOUSE.cz<\/title>\n<meta name=\"robots\" content=\"index, follow, max-snippet:-1, max-image-preview:large, max-video-preview:-1\" \/>\n<link rel=\"canonical\" href=\"https:\/\/hotelhouse.cz\/index.php\/2022\/08\/04\/zahranicni-turiste-se-vratili-do-prahy-zajem-o-regiony-a-hory-je-mezirocne-nizsi-cesi-letos-odjeli-k-mori\/\" \/>\n<meta property=\"og:locale\" content=\"cs_CZ\" \/>\n<meta property=\"og:type\" content=\"article\" \/>\n<meta property=\"og:title\" content=\"Zahrani\u010dn\u00ed turist\u00e9 se vr\u00e1tili do Prahy, z\u00e1jem o regiony a hory je meziro\u010dn\u011b ni\u017e\u0161\u00ed, \u010ce\u0161i letos odjeli k mo\u0159i - HOTELHOUSE.cz\" \/>\n<meta property=\"og:description\" content=\"\u010cesk\u00e1 hotelov\u00e1 s\u00ed\u0165 PYTLOUN HOTELS, kter\u00e1 funguje ji\u017e od roku 2003 a v sou\u010dasn\u00e9 dob\u011b provozuje t\u0159in\u00e1ct designov\u00fdch, tradi\u010dn\u00edch i apartm\u00e1nov\u00fdch hotel\u016f v \u010cR, zve\u0159ejnila aktu\u00e1ln\u00ed statistiky obsazenosti a z\u00e1jmu tuzemsk\u00fdch a zahrani\u010dn\u00edch a&#046;&#046;&#046;\" \/>\n<meta property=\"og:url\" content=\"https:\/\/hotelhouse.cz\/index.php\/2022\/08\/04\/zahranicni-turiste-se-vratili-do-prahy-zajem-o-regiony-a-hory-je-mezirocne-nizsi-cesi-letos-odjeli-k-mori\/\" \/>\n<meta property=\"og:site_name\" content=\"HOTELHOUSE.cz\" \/>\n<meta property=\"article:published_time\" content=\"2022-08-03T22:47:03+00:00\" \/>\n<meta property=\"article:modified_time\" content=\"2022-08-04T20:52:12+00:00\" \/>\n<meta property=\"og:image\" content=\"https:\/\/hotelhouse.cz\/wp-content\/uploads\/2022\/08\/VV-2_.jpg\" \/>\n\t<meta property=\"og:image:width\" content=\"615\" \/>\n\t<meta property=\"og:image:height\" content=\"411\" \/>\n\t<meta property=\"og:image:type\" content=\"image\/jpeg\" \/>\n<meta name=\"author\" content=\"Van\u011bk Miroslav\" \/>\n<meta name=\"twitter:card\" content=\"summary_large_image\" \/>\n<meta name=\"twitter:label1\" content=\"Napsal(a)\" \/>\n\t<meta name=\"twitter:data1\" content=\"Van\u011bk Miroslav\" \/>\n\t<meta name=\"twitter:label2\" content=\"Odhadovan\u00e1 doba \u010dten\u00ed\" \/>\n\t<meta name=\"twitter:data2\" content=\"2 minuty\" \/>\n<script type=\"application\/ld+json\" class=\"yoast-schema-graph\">{\"@context\":\"https:\/\/schema.org\",\"@graph\":[{\"@type\":\"Article\",\"@id\":\"https:\/\/hotelhouse.cz\/index.php\/2022\/08\/04\/zahranicni-turiste-se-vratili-do-prahy-zajem-o-regiony-a-hory-je-mezirocne-nizsi-cesi-letos-odjeli-k-mori\/#article\",\"isPartOf\":{\"@id\":\"https:\/\/hotelhouse.cz\/index.php\/2022\/08\/04\/zahranicni-turiste-se-vratili-do-prahy-zajem-o-regiony-a-hory-je-mezirocne-nizsi-cesi-letos-odjeli-k-mori\/\"},\"author\":{\"name\":\"Van\u011bk Miroslav\",\"@id\":\"https:\/\/hotelhouse.cz\/#\/schema\/person\/fa8caee3f0a9c6134afed3c541204812\"},\"headline\":\"Zahrani\u010dn\u00ed turist\u00e9 se vr\u00e1tili do Prahy, z\u00e1jem o regiony a hory je meziro\u010dn\u011b ni\u017e\u0161\u00ed, \u010ce\u0161i letos odjeli k mo\u0159i\",\"datePublished\":\"2022-08-03T22:47:03+00:00\",\"dateModified\":\"2022-08-04T20:52:12+00:00\",\"mainEntityOfPage\":{\"@id\":\"https:\/\/hotelhouse.cz\/index.php\/2022\/08\/04\/zahranicni-turiste-se-vratili-do-prahy-zajem-o-regiony-a-hory-je-mezirocne-nizsi-cesi-letos-odjeli-k-mori\/\"},\"wordCount\":385,\"publisher\":{\"@id\":\"https:\/\/hotelhouse.cz\/#organization\"},\"articleSection\":[\"HOTELY &amp; PENZIONY\",\"NEWS\",\"TIPY NA CESTOV\u00c1N\u00cd\"],\"inLanguage\":\"cs\"},{\"@type\":\"WebPage\",\"@id\":\"https:\/\/hotelhouse.cz\/index.php\/2022\/08\/04\/zahranicni-turiste-se-vratili-do-prahy-zajem-o-regiony-a-hory-je-mezirocne-nizsi-cesi-letos-odjeli-k-mori\/\",\"url\":\"https:\/\/hotelhouse.cz\/index.php\/2022\/08\/04\/zahranicni-turiste-se-vratili-do-prahy-zajem-o-regiony-a-hory-je-mezirocne-nizsi-cesi-letos-odjeli-k-mori\/\",\"name\":\"Zahrani\u010dn\u00ed turist\u00e9 se vr\u00e1tili do Prahy, z\u00e1jem o regiony a hory je meziro\u010dn\u011b ni\u017e\u0161\u00ed, \u010ce\u0161i letos odjeli k mo\u0159i - HOTELHOUSE.cz\",\"isPartOf\":{\"@id\":\"https:\/\/hotelhouse.cz\/#website\"},\"datePublished\":\"2022-08-03T22:47:03+00:00\",\"dateModified\":\"2022-08-04T20:52:12+00:00\",\"breadcrumb\":{\"@id\":\"https:\/\/hotelhouse.cz\/index.php\/2022\/08\/04\/zahranicni-turiste-se-vratili-do-prahy-zajem-o-regiony-a-hory-je-mezirocne-nizsi-cesi-letos-odjeli-k-mori\/#breadcrumb\"},\"inLanguage\":\"cs\",\"potentialAction\":[{\"@type\":\"ReadAction\",\"target\":[\"https:\/\/hotelhouse.cz\/index.php\/2022\/08\/04\/zahranicni-turiste-se-vratili-do-prahy-zajem-o-regiony-a-hory-je-mezirocne-nizsi-cesi-letos-odjeli-k-mori\/\"]}]},{\"@type\":\"BreadcrumbList\",\"@id\":\"https:\/\/hotelhouse.cz\/index.php\/2022\/08\/04\/zahranicni-turiste-se-vratili-do-prahy-zajem-o-regiony-a-hory-je-mezirocne-nizsi-cesi-letos-odjeli-k-mori\/#breadcrumb\",\"itemListElement\":[{\"@type\":\"ListItem\",\"position\":1,\"name\":\"Dom\u016f\",\"item\":\"https:\/\/hotelhouse.cz\/\"},{\"@type\":\"ListItem\",\"position\":2,\"name\":\"Zahrani\u010dn\u00ed turist\u00e9 se vr\u00e1tili do Prahy, z\u00e1jem o regiony a hory je meziro\u010dn\u011b ni\u017e\u0161\u00ed, \u010ce\u0161i letos odjeli k mo\u0159i\"}]},{\"@type\":\"WebSite\",\"@id\":\"https:\/\/hotelhouse.cz\/#website\",\"url\":\"https:\/\/hotelhouse.cz\/\",\"name\":\"HOTELHOUSE.cz\",\"description\":\"Port\u00e1l o hotelech, pensionech, spa resortech a restaurac\u00edch...\",\"publisher\":{\"@id\":\"https:\/\/hotelhouse.cz\/#organization\"},\"potentialAction\":[{\"@type\":\"SearchAction\",\"target\":{\"@type\":\"EntryPoint\",\"urlTemplate\":\"https:\/\/hotelhouse.cz\/?s={search_term_string}\"},\"query-input\":\"required name=search_term_string\"}],\"inLanguage\":\"cs\"},{\"@type\":\"Organization\",\"@id\":\"https:\/\/hotelhouse.cz\/#organization\",\"name\":\"HOTELHOUSE.cz\",\"url\":\"https:\/\/hotelhouse.cz\/\",\"logo\":{\"@type\":\"ImageObject\",\"inLanguage\":\"cs\",\"@id\":\"https:\/\/hotelhouse.cz\/#\/schema\/logo\/image\/\",\"url\":\"https:\/\/hotelhouse.cz\/wp-content\/uploads\/2024\/12\/cropped-Logo_HotelHouse-2.jpg\",\"contentUrl\":\"https:\/\/hotelhouse.cz\/wp-content\/uploads\/2024\/12\/cropped-Logo_HotelHouse-2.jpg\",\"width\":933,\"height\":516,\"caption\":\"HOTELHOUSE.cz\"},\"image\":{\"@id\":\"https:\/\/hotelhouse.cz\/#\/schema\/logo\/image\/\"},\"sameAs\":[\"https:\/\/www.instagram.com\/hotelhousecz\/\"]},{\"@type\":\"Person\",\"@id\":\"https:\/\/hotelhouse.cz\/#\/schema\/person\/fa8caee3f0a9c6134afed3c541204812\",\"name\":\"Van\u011bk Miroslav\",\"image\":{\"@type\":\"ImageObject\",\"inLanguage\":\"cs\",\"@id\":\"https:\/\/hotelhouse.cz\/#\/schema\/person\/image\/\",\"url\":\"https:\/\/secure.gravatar.com\/avatar\/cc93dbecbfc820d69a964ea4a1c72377?s=96&d=mm&r=g\",\"contentUrl\":\"https:\/\/secure.gravatar.com\/avatar\/cc93dbecbfc820d69a964ea4a1c72377?s=96&d=mm&r=g\",\"caption\":\"Van\u011bk Miroslav\"},\"sameAs\":[\"http:\/\/www.hotelhouse.cz\"],\"url\":\"https:\/\/hotelhouse.cz\/index.php\/author\/mirvan\/\"}]}<\/script>\n<!-- \/ Yoast SEO plugin. -->","yoast_head_json":{"title":"Zahrani\u010dn\u00ed turist\u00e9 se vr\u00e1tili do Prahy, z\u00e1jem o regiony a hory je meziro\u010dn\u011b ni\u017e\u0161\u00ed, \u010ce\u0161i letos odjeli k mo\u0159i - HOTELHOUSE.cz","robots":{"index":"index","follow":"follow","max-snippet":"max-snippet:-1","max-image-preview":"max-image-preview:large","max-video-preview":"max-video-preview:-1"},"canonical":"https:\/\/hotelhouse.cz\/index.php\/2022\/08\/04\/zahranicni-turiste-se-vratili-do-prahy-zajem-o-regiony-a-hory-je-mezirocne-nizsi-cesi-letos-odjeli-k-mori\/","og_locale":"cs_CZ","og_type":"article","og_title":"Zahrani\u010dn\u00ed turist\u00e9 se vr\u00e1tili do Prahy, z\u00e1jem o regiony a hory je meziro\u010dn\u011b ni\u017e\u0161\u00ed, \u010ce\u0161i letos odjeli k mo\u0159i - HOTELHOUSE.cz","og_description":"\u010cesk\u00e1 hotelov\u00e1 s\u00ed\u0165 PYTLOUN HOTELS, kter\u00e1 funguje ji\u017e od roku 2003 a v sou\u010dasn\u00e9 dob\u011b provozuje t\u0159in\u00e1ct designov\u00fdch, tradi\u010dn\u00edch i apartm\u00e1nov\u00fdch hotel\u016f v \u010cR, zve\u0159ejnila aktu\u00e1ln\u00ed statistiky obsazenosti a z\u00e1jmu tuzemsk\u00fdch a zahrani\u010dn\u00edch a&#46;&#46;&#46;","og_url":"https:\/\/hotelhouse.cz\/index.php\/2022\/08\/04\/zahranicni-turiste-se-vratili-do-prahy-zajem-o-regiony-a-hory-je-mezirocne-nizsi-cesi-letos-odjeli-k-mori\/","og_site_name":"HOTELHOUSE.cz","article_published_time":"2022-08-03T22:47:03+00:00","article_modified_time":"2022-08-04T20:52:12+00:00","og_image":[{"width":615,"height":411,"url":"https:\/\/hotelhouse.cz\/wp-content\/uploads\/2022\/08\/VV-2_.jpg","type":"image\/jpeg"}],"author":"Van\u011bk Miroslav","twitter_card":"summary_large_image","twitter_misc":{"Napsal(a)":"Van\u011bk Miroslav","Odhadovan\u00e1 doba \u010dten\u00ed":"2 minuty"},"schema":{"@context":"https:\/\/schema.org","@graph":[{"@type":"Article","@id":"https:\/\/hotelhouse.cz\/index.php\/2022\/08\/04\/zahranicni-turiste-se-vratili-do-prahy-zajem-o-regiony-a-hory-je-mezirocne-nizsi-cesi-letos-odjeli-k-mori\/#article","isPartOf":{"@id":"https:\/\/hotelhouse.cz\/index.php\/2022\/08\/04\/zahranicni-turiste-se-vratili-do-prahy-zajem-o-regiony-a-hory-je-mezirocne-nizsi-cesi-letos-odjeli-k-mori\/"},"author":{"name":"Van\u011bk Miroslav","@id":"https:\/\/hotelhouse.cz\/#\/schema\/person\/fa8caee3f0a9c6134afed3c541204812"},"headline":"Zahrani\u010dn\u00ed turist\u00e9 se vr\u00e1tili do Prahy, z\u00e1jem o regiony a hory je meziro\u010dn\u011b ni\u017e\u0161\u00ed, \u010ce\u0161i letos odjeli k mo\u0159i","datePublished":"2022-08-03T22:47:03+00:00","dateModified":"2022-08-04T20:52:12+00:00","mainEntityOfPage":{"@id":"https:\/\/hotelhouse.cz\/index.php\/2022\/08\/04\/zahranicni-turiste-se-vratili-do-prahy-zajem-o-regiony-a-hory-je-mezirocne-nizsi-cesi-letos-odjeli-k-mori\/"},"wordCount":385,"publisher":{"@id":"https:\/\/hotelhouse.cz\/#organization"},"articleSection":["HOTELY &amp; PENZIONY","NEWS","TIPY NA CESTOV\u00c1N\u00cd"],"inLanguage":"cs"},{"@type":"WebPage","@id":"https:\/\/hotelhouse.cz\/index.php\/2022\/08\/04\/zahranicni-turiste-se-vratili-do-prahy-zajem-o-regiony-a-hory-je-mezirocne-nizsi-cesi-letos-odjeli-k-mori\/","url":"https:\/\/hotelhouse.cz\/index.php\/2022\/08\/04\/zahranicni-turiste-se-vratili-do-prahy-zajem-o-regiony-a-hory-je-mezirocne-nizsi-cesi-letos-odjeli-k-mori\/","name":"Zahrani\u010dn\u00ed turist\u00e9 se vr\u00e1tili do Prahy, z\u00e1jem o regiony a hory je meziro\u010dn\u011b ni\u017e\u0161\u00ed, \u010ce\u0161i letos odjeli k mo\u0159i - HOTELHOUSE.cz","isPartOf":{"@id":"https:\/\/hotelhouse.cz\/#website"},"datePublished":"2022-08-03T22:47:03+00:00","dateModified":"2022-08-04T20:52:12+00:00","breadcrumb":{"@id":"https:\/\/hotelhouse.cz\/index.php\/2022\/08\/04\/zahranicni-turiste-se-vratili-do-prahy-zajem-o-regiony-a-hory-je-mezirocne-nizsi-cesi-letos-odjeli-k-mori\/#breadcrumb"},"inLanguage":"cs","potentialAction":[{"@type":"ReadAction","target":["https:\/\/hotelhouse.cz\/index.php\/2022\/08\/04\/zahranicni-turiste-se-vratili-do-prahy-zajem-o-regiony-a-hory-je-mezirocne-nizsi-cesi-letos-odjeli-k-mori\/"]}]},{"@type":"BreadcrumbList","@id":"https:\/\/hotelhouse.cz\/index.php\/2022\/08\/04\/zahranicni-turiste-se-vratili-do-prahy-zajem-o-regiony-a-hory-je-mezirocne-nizsi-cesi-letos-odjeli-k-mori\/#breadcrumb","itemListElement":[{"@type":"ListItem","position":1,"name":"Dom\u016f","item":"https:\/\/hotelhouse.cz\/"},{"@type":"ListItem","position":2,"name":"Zahrani\u010dn\u00ed turist\u00e9 se vr\u00e1tili do Prahy, z\u00e1jem o regiony a hory je meziro\u010dn\u011b ni\u017e\u0161\u00ed, \u010ce\u0161i letos odjeli k mo\u0159i"}]},{"@type":"WebSite","@id":"https:\/\/hotelhouse.cz\/#website","url":"https:\/\/hotelhouse.cz\/","name":"HOTELHOUSE.cz","description":"Port\u00e1l o hotelech, pensionech, spa resortech a restaurac\u00edch...","publisher":{"@id":"https:\/\/hotelhouse.cz\/#organization"},"potentialAction":[{"@type":"SearchAction","target":{"@type":"EntryPoint","urlTemplate":"https:\/\/hotelhouse.cz\/?s={search_term_string}"},"query-input":"required name=search_term_string"}],"inLanguage":"cs"},{"@type":"Organization","@id":"https:\/\/hotelhouse.cz\/#organization","name":"HOTELHOUSE.cz","url":"https:\/\/hotelhouse.cz\/","logo":{"@type":"ImageObject","inLanguage":"cs","@id":"https:\/\/hotelhouse.cz\/#\/schema\/logo\/image\/","url":"https:\/\/hotelhouse.cz\/wp-content\/uploads\/2024\/12\/cropped-Logo_HotelHouse-2.jpg","contentUrl":"https:\/\/hotelhouse.cz\/wp-content\/uploads\/2024\/12\/cropped-Logo_HotelHouse-2.jpg","width":933,"height":516,"caption":"HOTELHOUSE.cz"},"image":{"@id":"https:\/\/hotelhouse.cz\/#\/schema\/logo\/image\/"},"sameAs":["https:\/\/www.instagram.com\/hotelhousecz\/"]},{"@type":"Person","@id":"https:\/\/hotelhouse.cz\/#\/schema\/person\/fa8caee3f0a9c6134afed3c541204812","name":"Van\u011bk Miroslav","image":{"@type":"ImageObject","inLanguage":"cs","@id":"https:\/\/hotelhouse.cz\/#\/schema\/person\/image\/","url":"https:\/\/secure.gravatar.com\/avatar\/cc93dbecbfc820d69a964ea4a1c72377?s=96&d=mm&r=g","contentUrl":"https:\/\/secure.gravatar.com\/avatar\/cc93dbecbfc820d69a964ea4a1c72377?s=96&d=mm&r=g","caption":"Van\u011bk Miroslav"},"sameAs":["http:\/\/www.hotelhouse.cz"],"url":"https:\/\/hotelhouse.cz\/index.php\/author\/mirvan\/"}]}},"_links":{"self":[{"href":"https:\/\/hotelhouse.cz\/index.php\/wp-json\/wp\/v2\/posts\/3484"}],"collection":[{"href":"https:\/\/hotelhouse.cz\/index.php\/wp-json\/wp\/v2\/posts"}],"about":[{"href":"https:\/\/hotelhouse.cz\/index.php\/wp-json\/wp\/v2\/types\/post"}],"author":[{"embeddable":true,"href":"https:\/\/hotelhouse.cz\/index.php\/wp-json\/wp\/v2\/users\/3"}],"replies":[{"embeddable":true,"href":"https:\/\/hotelhouse.cz\/index.php\/wp-json\/wp\/v2\/comments?post=3484"}],"version-history":[{"count":1,"href":"https:\/\/hotelhouse.cz\/index.php\/wp-json\/wp\/v2\/posts\/3484\/revisions"}],"predecessor-version":[{"id":3492,"href":"https:\/\/hotelhouse.cz\/index.php\/wp-json\/wp\/v2\/posts\/3484\/revisions\/3492"}],"wp:featuredmedia":[{"embeddable":true,"href":"https:\/\/hotelhouse.cz\/index.php\/wp-json\/wp\/v2\/media\/3491"}],"wp:attachment":[{"href":"https:\/\/hotelhouse.cz\/index.php\/wp-json\/wp\/v2\/media?parent=3484"}],"wp:term":[{"taxonomy":"category","embeddable":true,"href":"https:\/\/hotelhouse.cz\/index.php\/wp-json\/wp\/v2\/categories?post=3484"},{"taxonomy":"post_tag","embeddable":true,"href":"https:\/\/hotelhouse.cz\/index.php\/wp-json\/wp\/v2\/tags?post=3484"}],"curies":[{"name":"wp","href":"https:\/\/api.w.org\/{rel}","templated":true}]}}