{"id":3907,"date":"2022-10-24T00:01:45","date_gmt":"2022-10-23T22:01:45","guid":{"rendered":"https:\/\/hotelhouse.cz\/?p=3907"},"modified":"2022-10-22T23:43:02","modified_gmt":"2022-10-22T21:43:02","slug":"nekonecne-plaze-i-uchvatne-hory-dopravce-salamair-spoji-pravidelnymi-primymi-lety-prahu-a-oman","status":"publish","type":"post","link":"https:\/\/hotelhouse.cz\/index.php\/2022\/10\/24\/nekonecne-plaze-i-uchvatne-hory-dopravce-salamair-spoji-pravidelnymi-primymi-lety-prahu-a-oman\/","title":{"rendered":"Nekone\u010dn\u00e9 pl\u00e1\u017ee i \u00fachvatn\u00e9 hory. Dopravce SalamAir spoj\u00ed pravideln\u00fdmi p\u0159\u00edm\u00fdmi lety Prahu a Om\u00e1n"},"content":{"rendered":"\n<div style=\"height:32px\" aria-hidden=\"true\" class=\"wp-block-spacer\"><\/div>\n\n\n\n<p><strong>Leti\u0161t\u011b Praha nab\u00eddne b\u011bhem zimn\u00ed sez\u00f3ny dal\u0161\u00ed p\u0159\u00edm\u00e9 spojen\u00ed za teplem a exotikou. Dopravce SalamAir bude dvakr\u00e1t t\u00fddn\u011b l\u00e9tat z\u00a0Prahy do Om\u00e1nu. N\u00e1dhern\u00e9 pl\u00e1\u017ee, \u00fachvatn\u00e9 hory a pou\u0161t\u011b, vodop\u00e1dy, modern\u00ed m\u011bsta i historie. To v\u0161e \u010dek\u00e1 na cestuj\u00edc\u00ed v Maskatu, hlavn\u00edm m\u011bst\u011b Om\u00e1nsk\u00e9ho sultan\u00e1tu, a v Sal\u00e1ly, kter\u00fd se nach\u00e1z\u00ed v\u00a0provincii Dhofar u Arabsk\u00e9ho mo\u0159e. Spojen\u00ed do obou m\u011bst zajist\u00ed modern\u00ed letouny Airbus A321neo. <\/strong> <\/p>\n\n\n\n<div style=\"height:20px\" aria-hidden=\"true\" class=\"wp-block-spacer\"><\/div>\n\n\n\n<figure class=\"wp-block-image\"><img decoding=\"async\" loading=\"lazy\" width=\"1024\" height=\"682\" src=\"https:\/\/hotelhouse.cz\/wp-content\/uploads\/2022\/10\/SalamAir-Praha-Sal\u00e1la-1-1024x682.jpg\" alt=\"\" class=\"wp-image-3908\" srcset=\"https:\/\/hotelhouse.cz\/wp-content\/uploads\/2022\/10\/SalamAir-Praha-Sal\u00e1la-1-1024x682.jpg 1024w, https:\/\/hotelhouse.cz\/wp-content\/uploads\/2022\/10\/SalamAir-Praha-Sal\u00e1la-1-300x200.jpg 300w, https:\/\/hotelhouse.cz\/wp-content\/uploads\/2022\/10\/SalamAir-Praha-Sal\u00e1la-1-768x512.jpg 768w, https:\/\/hotelhouse.cz\/wp-content\/uploads\/2022\/10\/SalamAir-Praha-Sal\u00e1la-1.jpg 2000w\" sizes=\"(max-width: 1024px) 100vw, 1024px\" \/><\/figure>\n\n\n\n<div style=\"height:20px\" aria-hidden=\"true\" class=\"wp-block-spacer\"><\/div>\n\n\n\n<p>\u201e<em>Spojen\u00ed z\u00a0\u010cesk\u00e9 republiky do Sal\u00e1ly v Om\u00e1nu m\u00e1 jednozna\u010dn\u011b turistick\u00fd potenci\u00e1l. V\u00a0p\u0159\u00edpad\u011b p\u0159\u00edm\u00e9 linky do Maskatu v\u0161ak sledujeme tak\u00e9 potenci\u00e1l obchodn\u00ed a d\u00e1le tak\u00e9 mo\u017enost p\u0159estup\u016f do vzd\u00e1len\u011bj\u0161\u00edch destinac\u00ed na Bl\u00edzk\u00e9m V\u00fdchod\u011b a Asii. Po\u010d\u00edt\u00e1me s\u00a0t\u00edm, \u017ee by leteck\u00e1 spole\u010dnost SalamAir mohla b\u011bhem zimn\u00ed letov\u00e9 sez\u00f3ny mezi Om\u00e1nem a \u010ceskou republikou p\u0159epravit a\u017e dev\u011bt tis\u00edc cestuj\u00edc\u00edch v\u00a0jednom sm\u011bru. Doposud byly destinace v Om\u00e1nu obsluhov\u00e1ny z\u00a0Prahy p\u0159ev\u00e1\u017en\u011b sez\u00f3nn\u00edmi charterov\u00fdmi linkami,\u201c<\/em> <strong>\u0159\u00edk\u00e1 \u0159editel leteck\u00e9ho obchodu Leti\u0161t\u011b Praha Jaroslav Filip<\/strong>.<\/p>\n\n\n\n<div style=\"height:20px\" aria-hidden=\"true\" class=\"wp-block-spacer\"><\/div>\n\n\n\n<figure class=\"wp-block-image\"><img decoding=\"async\" loading=\"lazy\" width=\"1024\" height=\"682\" src=\"https:\/\/hotelhouse.cz\/wp-content\/uploads\/2022\/10\/SalamAir-Praha-Sal\u00e1la-3-1024x682.jpg\" alt=\"\" class=\"wp-image-3910\" srcset=\"https:\/\/hotelhouse.cz\/wp-content\/uploads\/2022\/10\/SalamAir-Praha-Sal\u00e1la-3-1024x682.jpg 1024w, https:\/\/hotelhouse.cz\/wp-content\/uploads\/2022\/10\/SalamAir-Praha-Sal\u00e1la-3-300x200.jpg 300w, https:\/\/hotelhouse.cz\/wp-content\/uploads\/2022\/10\/SalamAir-Praha-Sal\u00e1la-3-768x512.jpg 768w, https:\/\/hotelhouse.cz\/wp-content\/uploads\/2022\/10\/SalamAir-Praha-Sal\u00e1la-3.jpg 2000w\" sizes=\"(max-width: 1024px) 100vw, 1024px\" \/><\/figure>\n\n\n\n<div style=\"height:20px\" aria-hidden=\"true\" class=\"wp-block-spacer\"><\/div>\n\n\n\n<p>SalamAir bude od 21. \u0159\u00edjna provozovat dv\u011b pravideln\u00e9 linky do Om\u00e1nu. Z Prahy do Maskatu bude l\u00e9tat ka\u017edou st\u0159edu a do Sal\u00e1ly ka\u017ed\u00fd p\u00e1tek. Let z Prahy do Maskatu bude trvat p\u0159ibli\u017en\u011b \u0161est hodin a patn\u00e1ct minut, do Sal\u00e1ly se polet\u00ed o hodinu d\u00e9le.<\/p>\n\n\n\n<div style=\"height:20px\" aria-hidden=\"true\" class=\"wp-block-spacer\"><\/div>\n\n\n\n<figure class=\"wp-block-image\"><img decoding=\"async\" loading=\"lazy\" width=\"1024\" height=\"682\" src=\"https:\/\/hotelhouse.cz\/wp-content\/uploads\/2022\/10\/SalamAir-Praha-Sal\u00e1la-4-1024x682.jpg\" alt=\"\" class=\"wp-image-3911\" srcset=\"https:\/\/hotelhouse.cz\/wp-content\/uploads\/2022\/10\/SalamAir-Praha-Sal\u00e1la-4-1024x682.jpg 1024w, https:\/\/hotelhouse.cz\/wp-content\/uploads\/2022\/10\/SalamAir-Praha-Sal\u00e1la-4-300x200.jpg 300w, https:\/\/hotelhouse.cz\/wp-content\/uploads\/2022\/10\/SalamAir-Praha-Sal\u00e1la-4-768x512.jpg 768w, https:\/\/hotelhouse.cz\/wp-content\/uploads\/2022\/10\/SalamAir-Praha-Sal\u00e1la-4.jpg 2000w\" sizes=\"(max-width: 1024px) 100vw, 1024px\" \/><\/figure>\n\n\n\n<div style=\"height:20px\" aria-hidden=\"true\" class=\"wp-block-spacer\"><\/div>\n\n\n\n<p>\u201e<em>Za\u010d\u00e1tek provozu let\u016f z Prahy do Maskatu a Sal\u00e1ly na\u0161\u00ed leteckou spole\u010dnost\u00ed pova\u017eujeme za d\u016fle\u017eit\u00fd miln\u00edk. Nov\u00e9 spojen\u00ed vytv\u00e1\u0159\u00ed vynikaj\u00edc\u00ed p\u0159\u00edle\u017eitost pro \u010cechy, kte\u0159\u00ed tak mohou prozkoumat Om\u00e1n a nav\u0161t\u00edvit dal\u0161\u00ed destinace. Hlavn\u00ed m\u011bsto Om\u00e1nu, Maskat, je neoby\u010dejn\u011b kr\u00e1sn\u00e9, je to o\u00e1za historie a kultury obklopen\u00e1 mo\u0159em, horami a pou\u0161t\u00ed. Maskat je d\u016fle\u017eit\u00fdm centrem obchodu, ekonomick\u00fdch aktivit a je pova\u017eov\u00e1n za administrativn\u00ed centrum Om\u00e1nu. T\u011b\u0161\u00edme se tak\u00e9 na turisty z Prahy v malebn\u00e9 Sal\u00e1ly. SalamAir chce otev\u0159\u00edt v\u0161echny cesty na r\u016fzn\u00e9 trhy, umo\u017enit cestov\u00e1n\u00ed, obchod a z\u00e1rove\u0148 vytvo\u0159it mo\u017enosti pro nov\u00e9 cestovatele, kte\u0159\u00ed cht\u011bj\u00ed poznat a za\u017e\u00edt nezapomenutelnou dovolenou,\u201c<\/em> <strong>\u0159ekl kapit\u00e1n a z\u00e1rove\u0148 gener\u00e1ln\u00ed \u0159editel spole\u010dnosti SalamAir Mohamed Ahmed.<\/strong><\/p>\n\n\n\n<div style=\"height:20px\" aria-hidden=\"true\" class=\"wp-block-spacer\"><\/div>\n\n\n\n<figure class=\"wp-block-image\"><img decoding=\"async\" loading=\"lazy\" width=\"1024\" height=\"682\" src=\"https:\/\/hotelhouse.cz\/wp-content\/uploads\/2022\/10\/SalamAir-Praha-Sal\u00e1la-2-1024x682.jpg\" alt=\"\" class=\"wp-image-3909\" srcset=\"https:\/\/hotelhouse.cz\/wp-content\/uploads\/2022\/10\/SalamAir-Praha-Sal\u00e1la-2-1024x682.jpg 1024w, https:\/\/hotelhouse.cz\/wp-content\/uploads\/2022\/10\/SalamAir-Praha-Sal\u00e1la-2-300x200.jpg 300w, https:\/\/hotelhouse.cz\/wp-content\/uploads\/2022\/10\/SalamAir-Praha-Sal\u00e1la-2-768x512.jpg 768w, https:\/\/hotelhouse.cz\/wp-content\/uploads\/2022\/10\/SalamAir-Praha-Sal\u00e1la-2.jpg 2000w\" sizes=\"(max-width: 1024px) 100vw, 1024px\" \/><\/figure>\n\n\n\n<div style=\"height:20px\" aria-hidden=\"true\" class=\"wp-block-spacer\"><\/div>\n\n\n\n<h3 class=\"wp-block-heading\"><strong>O SalamAir<\/strong><\/h3>\n\n\n\n<p>Spole\u010dnost SalamAir zah\u00e1jila svoji \u010dinnost v roce 2017 s c\u00edlem stanovit nov\u00e9 standardy v leteck\u00e9m pr\u016fmyslu v Om\u00e1nu. SalamAir uspokojuje rostouc\u00ed popt\u00e1vku po cenov\u011b dostupn\u00fdch mo\u017enostech cestov\u00e1n\u00ed a jeho c\u00edlem je vytv\u00e1\u0159et dal\u0161\u00ed p\u0159\u00edle\u017eitosti pro zam\u011bstnanost a byznys v Om\u00e1nu. Za p\u011bt let spole\u010dnost SalamAir dos\u00e1hla r\u016fstu a roz\u0161\u00ed\u0159ila sv\u00e9 pole p\u016fsobnosti. Z\u00edskala ocen\u011bn\u00ed Nejd\u016fv\u011bryhodn\u011bj\u0161\u00ed om\u00e1nsk\u00e1 zna\u010dka 2021 a Nejmlad\u0161\u00ed flotila v Asii pro roky 2021 a 2022 od spole\u010dnosti Ch-Aviation. Provozuje \u0161est letoun\u016f A320neo a \u010dty\u0159i letouny A321neo. <\/p>\n\n\n\n<p><strong>Dal\u0161\u00ed aktu\u00e1ln\u00ed informace naleznete tak\u00e9 na Twitteru Leti\u0161t\u011b Praha<\/strong> <a rel=\"noreferrer noopener\" href=\"http:\/\/www.twitter.com\/pragueairport\" target=\"_blank\"><strong>@PragueAirport<\/strong><\/a>.<\/p>\n\n\n\n<div style=\"height:56px\" aria-hidden=\"true\" class=\"wp-block-spacer\"><\/div>\n\n\n\n<ul class=\"wp-block-gallery columns-3 is-cropped wp-block-gallery-1 is-layout-flex wp-block-gallery-is-layout-flex\"><li class=\"blocks-gallery-item\"><figure><img decoding=\"async\" loading=\"lazy\" width=\"1024\" height=\"682\" src=\"https:\/\/hotelhouse.cz\/wp-content\/uploads\/2022\/10\/SalamAir-Praha-Sal\u00e1la-1-1024x682.jpg\" alt=\"\" data-id=\"3908\" data-link=\"https:\/\/hotelhouse.cz\/?attachment_id=3908\" class=\"wp-image-3908\" srcset=\"https:\/\/hotelhouse.cz\/wp-content\/uploads\/2022\/10\/SalamAir-Praha-Sal\u00e1la-1-1024x682.jpg 1024w, https:\/\/hotelhouse.cz\/wp-content\/uploads\/2022\/10\/SalamAir-Praha-Sal\u00e1la-1-300x200.jpg 300w, https:\/\/hotelhouse.cz\/wp-content\/uploads\/2022\/10\/SalamAir-Praha-Sal\u00e1la-1-768x512.jpg 768w, https:\/\/hotelhouse.cz\/wp-content\/uploads\/2022\/10\/SalamAir-Praha-Sal\u00e1la-1.jpg 2000w\" sizes=\"(max-width: 1024px) 100vw, 1024px\" \/><\/figure><\/li><li class=\"blocks-gallery-item\"><figure><img decoding=\"async\" loading=\"lazy\" width=\"1024\" height=\"682\" src=\"https:\/\/hotelhouse.cz\/wp-content\/uploads\/2022\/10\/SalamAir-Praha-Sal\u00e1la-4-1024x682.jpg\" alt=\"\" data-id=\"3911\" data-link=\"https:\/\/hotelhouse.cz\/?attachment_id=3911\" class=\"wp-image-3911\" srcset=\"https:\/\/hotelhouse.cz\/wp-content\/uploads\/2022\/10\/SalamAir-Praha-Sal\u00e1la-4-1024x682.jpg 1024w, https:\/\/hotelhouse.cz\/wp-content\/uploads\/2022\/10\/SalamAir-Praha-Sal\u00e1la-4-300x200.jpg 300w, https:\/\/hotelhouse.cz\/wp-content\/uploads\/2022\/10\/SalamAir-Praha-Sal\u00e1la-4-768x512.jpg 768w, https:\/\/hotelhouse.cz\/wp-content\/uploads\/2022\/10\/SalamAir-Praha-Sal\u00e1la-4.jpg 2000w\" sizes=\"(max-width: 1024px) 100vw, 1024px\" \/><\/figure><\/li><li class=\"blocks-gallery-item\"><figure><img decoding=\"async\" loading=\"lazy\" width=\"1024\" height=\"682\" src=\"https:\/\/hotelhouse.cz\/wp-content\/uploads\/2022\/10\/SalamAir-Praha-Sal\u00e1la-2-1024x682.jpg\" alt=\"\" data-id=\"3909\" data-link=\"https:\/\/hotelhouse.cz\/?attachment_id=3909\" class=\"wp-image-3909\" srcset=\"https:\/\/hotelhouse.cz\/wp-content\/uploads\/2022\/10\/SalamAir-Praha-Sal\u00e1la-2-1024x682.jpg 1024w, https:\/\/hotelhouse.cz\/wp-content\/uploads\/2022\/10\/SalamAir-Praha-Sal\u00e1la-2-300x200.jpg 300w, https:\/\/hotelhouse.cz\/wp-content\/uploads\/2022\/10\/SalamAir-Praha-Sal\u00e1la-2-768x512.jpg 768w, https:\/\/hotelhouse.cz\/wp-content\/uploads\/2022\/10\/SalamAir-Praha-Sal\u00e1la-2.jpg 2000w\" sizes=\"(max-width: 1024px) 100vw, 1024px\" \/><\/figure><\/li><li class=\"blocks-gallery-item\"><figure><img decoding=\"async\" loading=\"lazy\" width=\"1024\" height=\"682\" src=\"https:\/\/hotelhouse.cz\/wp-content\/uploads\/2022\/10\/SalamAir-Praha-Sal\u00e1la-3-1024x682.jpg\" alt=\"\" data-id=\"3910\" data-link=\"https:\/\/hotelhouse.cz\/?attachment_id=3910\" class=\"wp-image-3910\" srcset=\"https:\/\/hotelhouse.cz\/wp-content\/uploads\/2022\/10\/SalamAir-Praha-Sal\u00e1la-3-1024x682.jpg 1024w, https:\/\/hotelhouse.cz\/wp-content\/uploads\/2022\/10\/SalamAir-Praha-Sal\u00e1la-3-300x200.jpg 300w, https:\/\/hotelhouse.cz\/wp-content\/uploads\/2022\/10\/SalamAir-Praha-Sal\u00e1la-3-768x512.jpg 768w, https:\/\/hotelhouse.cz\/wp-content\/uploads\/2022\/10\/SalamAir-Praha-Sal\u00e1la-3.jpg 2000w\" sizes=\"(max-width: 1024px) 100vw, 1024px\" \/><\/figure><\/li><\/ul>\n\n\n\n<p><strong>Zdroj foto: <\/strong>Prague.aero,  <strong>Leti\u0161t\u011b Praha<\/strong> <\/p>\n\n\n\n<div style=\"height:100px\" aria-hidden=\"true\" class=\"wp-block-spacer\"><\/div>\n","protected":false},"excerpt":{"rendered":"<p>Leti\u0161t\u011b Praha nab\u00eddne b\u011bhem zimn\u00ed sez\u00f3ny dal\u0161\u00ed p\u0159\u00edm\u00e9 spojen\u00ed za teplem a exotikou. Dopravce SalamAir bude dvakr\u00e1t t\u00fddn\u011b l\u00e9tat z\u00a0Prahy do Om\u00e1nu. N\u00e1dhern\u00e9 pl\u00e1\u017ee, \u00fachvatn\u00e9 hory a pou\u0161t\u011b, vodop\u00e1dy, modern\u00ed m\u011bsta i historie. To&#46;&#46;&#46;<\/p>\n","protected":false},"author":3,"featured_media":3908,"comment_status":"closed","ping_status":"closed","sticky":false,"template":"","format":"standard","meta":{"_monsterinsights_skip_tracking":false,"_monsterinsights_sitenote_active":false,"_monsterinsights_sitenote_note":"","_monsterinsights_sitenote_category":0,"footnotes":""},"categories":[24,21,2,23],"tags":[],"yoast_head":"<!-- This site is optimized with the Yoast SEO plugin v21.5 - https:\/\/yoast.com\/wordpress\/plugins\/seo\/ -->\n<title>Nekone\u010dn\u00e9 pl\u00e1\u017ee i \u00fachvatn\u00e9 hory. Dopravce SalamAir spoj\u00ed pravideln\u00fdmi p\u0159\u00edm\u00fdmi lety Prahu a Om\u00e1n - HOTELHOUSE.cz<\/title>\n<meta name=\"robots\" content=\"index, follow, max-snippet:-1, max-image-preview:large, max-video-preview:-1\" \/>\n<link rel=\"canonical\" href=\"https:\/\/hotelhouse.cz\/index.php\/2022\/10\/24\/nekonecne-plaze-i-uchvatne-hory-dopravce-salamair-spoji-pravidelnymi-primymi-lety-prahu-a-oman\/\" \/>\n<meta property=\"og:locale\" content=\"cs_CZ\" \/>\n<meta property=\"og:type\" content=\"article\" \/>\n<meta property=\"og:title\" content=\"Nekone\u010dn\u00e9 pl\u00e1\u017ee i \u00fachvatn\u00e9 hory. Dopravce SalamAir spoj\u00ed pravideln\u00fdmi p\u0159\u00edm\u00fdmi lety Prahu a Om\u00e1n - HOTELHOUSE.cz\" \/>\n<meta property=\"og:description\" content=\"Leti\u0161t\u011b Praha nab\u00eddne b\u011bhem zimn\u00ed sez\u00f3ny dal\u0161\u00ed p\u0159\u00edm\u00e9 spojen\u00ed za teplem a exotikou. Dopravce SalamAir bude dvakr\u00e1t t\u00fddn\u011b l\u00e9tat z\u00a0Prahy do Om\u00e1nu. N\u00e1dhern\u00e9 pl\u00e1\u017ee, \u00fachvatn\u00e9 hory a pou\u0161t\u011b, vodop\u00e1dy, modern\u00ed m\u011bsta i historie. To&#046;&#046;&#046;\" \/>\n<meta property=\"og:url\" content=\"https:\/\/hotelhouse.cz\/index.php\/2022\/10\/24\/nekonecne-plaze-i-uchvatne-hory-dopravce-salamair-spoji-pravidelnymi-primymi-lety-prahu-a-oman\/\" \/>\n<meta property=\"og:site_name\" content=\"HOTELHOUSE.cz\" \/>\n<meta property=\"article:published_time\" content=\"2022-10-23T22:01:45+00:00\" \/>\n<meta property=\"article:modified_time\" content=\"2022-10-22T21:43:02+00:00\" \/>\n<meta property=\"og:image\" content=\"https:\/\/hotelhouse.cz\/wp-content\/uploads\/2022\/10\/SalamAir-Praha-Sal\u00e1la-1.jpg\" \/>\n\t<meta property=\"og:image:width\" content=\"2000\" \/>\n\t<meta property=\"og:image:height\" content=\"1333\" \/>\n\t<meta property=\"og:image:type\" content=\"image\/jpeg\" \/>\n<meta name=\"author\" content=\"Van\u011bk Miroslav\" \/>\n<meta name=\"twitter:card\" content=\"summary_large_image\" \/>\n<meta name=\"twitter:label1\" content=\"Napsal(a)\" \/>\n\t<meta name=\"twitter:data1\" content=\"Van\u011bk Miroslav\" \/>\n\t<meta name=\"twitter:label2\" content=\"Odhadovan\u00e1 doba \u010dten\u00ed\" \/>\n\t<meta name=\"twitter:data2\" content=\"3 minuty\" \/>\n<script type=\"application\/ld+json\" class=\"yoast-schema-graph\">{\"@context\":\"https:\/\/schema.org\",\"@graph\":[{\"@type\":\"Article\",\"@id\":\"https:\/\/hotelhouse.cz\/index.php\/2022\/10\/24\/nekonecne-plaze-i-uchvatne-hory-dopravce-salamair-spoji-pravidelnymi-primymi-lety-prahu-a-oman\/#article\",\"isPartOf\":{\"@id\":\"https:\/\/hotelhouse.cz\/index.php\/2022\/10\/24\/nekonecne-plaze-i-uchvatne-hory-dopravce-salamair-spoji-pravidelnymi-primymi-lety-prahu-a-oman\/\"},\"author\":{\"name\":\"Van\u011bk Miroslav\",\"@id\":\"https:\/\/hotelhouse.cz\/#\/schema\/person\/fa8caee3f0a9c6134afed3c541204812\"},\"headline\":\"Nekone\u010dn\u00e9 pl\u00e1\u017ee i \u00fachvatn\u00e9 hory. Dopravce SalamAir spoj\u00ed pravideln\u00fdmi p\u0159\u00edm\u00fdmi lety Prahu a Om\u00e1n\",\"datePublished\":\"2022-10-23T22:01:45+00:00\",\"dateModified\":\"2022-10-22T21:43:02+00:00\",\"mainEntityOfPage\":{\"@id\":\"https:\/\/hotelhouse.cz\/index.php\/2022\/10\/24\/nekonecne-plaze-i-uchvatne-hory-dopravce-salamair-spoji-pravidelnymi-primymi-lety-prahu-a-oman\/\"},\"wordCount\":570,\"publisher\":{\"@id\":\"https:\/\/hotelhouse.cz\/#organization\"},\"articleSection\":[\"LETENKY\",\"LETI\u0160T\u011a &amp; SALONKY\",\"NEWS\",\"TIPY NA CESTOV\u00c1N\u00cd\"],\"inLanguage\":\"cs\"},{\"@type\":\"WebPage\",\"@id\":\"https:\/\/hotelhouse.cz\/index.php\/2022\/10\/24\/nekonecne-plaze-i-uchvatne-hory-dopravce-salamair-spoji-pravidelnymi-primymi-lety-prahu-a-oman\/\",\"url\":\"https:\/\/hotelhouse.cz\/index.php\/2022\/10\/24\/nekonecne-plaze-i-uchvatne-hory-dopravce-salamair-spoji-pravidelnymi-primymi-lety-prahu-a-oman\/\",\"name\":\"Nekone\u010dn\u00e9 pl\u00e1\u017ee i \u00fachvatn\u00e9 hory. Dopravce SalamAir spoj\u00ed pravideln\u00fdmi p\u0159\u00edm\u00fdmi lety Prahu a Om\u00e1n - HOTELHOUSE.cz\",\"isPartOf\":{\"@id\":\"https:\/\/hotelhouse.cz\/#website\"},\"datePublished\":\"2022-10-23T22:01:45+00:00\",\"dateModified\":\"2022-10-22T21:43:02+00:00\",\"breadcrumb\":{\"@id\":\"https:\/\/hotelhouse.cz\/index.php\/2022\/10\/24\/nekonecne-plaze-i-uchvatne-hory-dopravce-salamair-spoji-pravidelnymi-primymi-lety-prahu-a-oman\/#breadcrumb\"},\"inLanguage\":\"cs\",\"potentialAction\":[{\"@type\":\"ReadAction\",\"target\":[\"https:\/\/hotelhouse.cz\/index.php\/2022\/10\/24\/nekonecne-plaze-i-uchvatne-hory-dopravce-salamair-spoji-pravidelnymi-primymi-lety-prahu-a-oman\/\"]}]},{\"@type\":\"BreadcrumbList\",\"@id\":\"https:\/\/hotelhouse.cz\/index.php\/2022\/10\/24\/nekonecne-plaze-i-uchvatne-hory-dopravce-salamair-spoji-pravidelnymi-primymi-lety-prahu-a-oman\/#breadcrumb\",\"itemListElement\":[{\"@type\":\"ListItem\",\"position\":1,\"name\":\"Dom\u016f\",\"item\":\"https:\/\/hotelhouse.cz\/\"},{\"@type\":\"ListItem\",\"position\":2,\"name\":\"Nekone\u010dn\u00e9 pl\u00e1\u017ee i \u00fachvatn\u00e9 hory. Dopravce SalamAir spoj\u00ed pravideln\u00fdmi p\u0159\u00edm\u00fdmi lety Prahu a Om\u00e1n\"}]},{\"@type\":\"WebSite\",\"@id\":\"https:\/\/hotelhouse.cz\/#website\",\"url\":\"https:\/\/hotelhouse.cz\/\",\"name\":\"HOTELHOUSE.cz\",\"description\":\"Port\u00e1l o hotelech, pensionech, spa resortech a restaurac\u00edch...\",\"publisher\":{\"@id\":\"https:\/\/hotelhouse.cz\/#organization\"},\"potentialAction\":[{\"@type\":\"SearchAction\",\"target\":{\"@type\":\"EntryPoint\",\"urlTemplate\":\"https:\/\/hotelhouse.cz\/?s={search_term_string}\"},\"query-input\":\"required name=search_term_string\"}],\"inLanguage\":\"cs\"},{\"@type\":\"Organization\",\"@id\":\"https:\/\/hotelhouse.cz\/#organization\",\"name\":\"HOTELHOUSE.cz\",\"url\":\"https:\/\/hotelhouse.cz\/\",\"logo\":{\"@type\":\"ImageObject\",\"inLanguage\":\"cs\",\"@id\":\"https:\/\/hotelhouse.cz\/#\/schema\/logo\/image\/\",\"url\":\"https:\/\/hotelhouse.cz\/wp-content\/uploads\/2024\/12\/cropped-Logo_HotelHouse-2.jpg\",\"contentUrl\":\"https:\/\/hotelhouse.cz\/wp-content\/uploads\/2024\/12\/cropped-Logo_HotelHouse-2.jpg\",\"width\":933,\"height\":516,\"caption\":\"HOTELHOUSE.cz\"},\"image\":{\"@id\":\"https:\/\/hotelhouse.cz\/#\/schema\/logo\/image\/\"},\"sameAs\":[\"https:\/\/www.instagram.com\/hotelhousecz\/\"]},{\"@type\":\"Person\",\"@id\":\"https:\/\/hotelhouse.cz\/#\/schema\/person\/fa8caee3f0a9c6134afed3c541204812\",\"name\":\"Van\u011bk Miroslav\",\"image\":{\"@type\":\"ImageObject\",\"inLanguage\":\"cs\",\"@id\":\"https:\/\/hotelhouse.cz\/#\/schema\/person\/image\/\",\"url\":\"https:\/\/secure.gravatar.com\/avatar\/cc93dbecbfc820d69a964ea4a1c72377?s=96&d=mm&r=g\",\"contentUrl\":\"https:\/\/secure.gravatar.com\/avatar\/cc93dbecbfc820d69a964ea4a1c72377?s=96&d=mm&r=g\",\"caption\":\"Van\u011bk Miroslav\"},\"sameAs\":[\"http:\/\/www.hotelhouse.cz\"],\"url\":\"https:\/\/hotelhouse.cz\/index.php\/author\/mirvan\/\"}]}<\/script>\n<!-- \/ Yoast SEO plugin. -->","yoast_head_json":{"title":"Nekone\u010dn\u00e9 pl\u00e1\u017ee i \u00fachvatn\u00e9 hory. Dopravce SalamAir spoj\u00ed pravideln\u00fdmi p\u0159\u00edm\u00fdmi lety Prahu a Om\u00e1n - HOTELHOUSE.cz","robots":{"index":"index","follow":"follow","max-snippet":"max-snippet:-1","max-image-preview":"max-image-preview:large","max-video-preview":"max-video-preview:-1"},"canonical":"https:\/\/hotelhouse.cz\/index.php\/2022\/10\/24\/nekonecne-plaze-i-uchvatne-hory-dopravce-salamair-spoji-pravidelnymi-primymi-lety-prahu-a-oman\/","og_locale":"cs_CZ","og_type":"article","og_title":"Nekone\u010dn\u00e9 pl\u00e1\u017ee i \u00fachvatn\u00e9 hory. Dopravce SalamAir spoj\u00ed pravideln\u00fdmi p\u0159\u00edm\u00fdmi lety Prahu a Om\u00e1n - HOTELHOUSE.cz","og_description":"Leti\u0161t\u011b Praha nab\u00eddne b\u011bhem zimn\u00ed sez\u00f3ny dal\u0161\u00ed p\u0159\u00edm\u00e9 spojen\u00ed za teplem a exotikou. Dopravce SalamAir bude dvakr\u00e1t t\u00fddn\u011b l\u00e9tat z\u00a0Prahy do Om\u00e1nu. N\u00e1dhern\u00e9 pl\u00e1\u017ee, \u00fachvatn\u00e9 hory a pou\u0161t\u011b, vodop\u00e1dy, modern\u00ed m\u011bsta i historie. To&#46;&#46;&#46;","og_url":"https:\/\/hotelhouse.cz\/index.php\/2022\/10\/24\/nekonecne-plaze-i-uchvatne-hory-dopravce-salamair-spoji-pravidelnymi-primymi-lety-prahu-a-oman\/","og_site_name":"HOTELHOUSE.cz","article_published_time":"2022-10-23T22:01:45+00:00","article_modified_time":"2022-10-22T21:43:02+00:00","og_image":[{"width":2000,"height":1333,"url":"https:\/\/hotelhouse.cz\/wp-content\/uploads\/2022\/10\/SalamAir-Praha-Sal\u00e1la-1.jpg","type":"image\/jpeg"}],"author":"Van\u011bk Miroslav","twitter_card":"summary_large_image","twitter_misc":{"Napsal(a)":"Van\u011bk Miroslav","Odhadovan\u00e1 doba \u010dten\u00ed":"3 minuty"},"schema":{"@context":"https:\/\/schema.org","@graph":[{"@type":"Article","@id":"https:\/\/hotelhouse.cz\/index.php\/2022\/10\/24\/nekonecne-plaze-i-uchvatne-hory-dopravce-salamair-spoji-pravidelnymi-primymi-lety-prahu-a-oman\/#article","isPartOf":{"@id":"https:\/\/hotelhouse.cz\/index.php\/2022\/10\/24\/nekonecne-plaze-i-uchvatne-hory-dopravce-salamair-spoji-pravidelnymi-primymi-lety-prahu-a-oman\/"},"author":{"name":"Van\u011bk Miroslav","@id":"https:\/\/hotelhouse.cz\/#\/schema\/person\/fa8caee3f0a9c6134afed3c541204812"},"headline":"Nekone\u010dn\u00e9 pl\u00e1\u017ee i \u00fachvatn\u00e9 hory. Dopravce SalamAir spoj\u00ed pravideln\u00fdmi p\u0159\u00edm\u00fdmi lety Prahu a Om\u00e1n","datePublished":"2022-10-23T22:01:45+00:00","dateModified":"2022-10-22T21:43:02+00:00","mainEntityOfPage":{"@id":"https:\/\/hotelhouse.cz\/index.php\/2022\/10\/24\/nekonecne-plaze-i-uchvatne-hory-dopravce-salamair-spoji-pravidelnymi-primymi-lety-prahu-a-oman\/"},"wordCount":570,"publisher":{"@id":"https:\/\/hotelhouse.cz\/#organization"},"articleSection":["LETENKY","LETI\u0160T\u011a &amp; SALONKY","NEWS","TIPY NA CESTOV\u00c1N\u00cd"],"inLanguage":"cs"},{"@type":"WebPage","@id":"https:\/\/hotelhouse.cz\/index.php\/2022\/10\/24\/nekonecne-plaze-i-uchvatne-hory-dopravce-salamair-spoji-pravidelnymi-primymi-lety-prahu-a-oman\/","url":"https:\/\/hotelhouse.cz\/index.php\/2022\/10\/24\/nekonecne-plaze-i-uchvatne-hory-dopravce-salamair-spoji-pravidelnymi-primymi-lety-prahu-a-oman\/","name":"Nekone\u010dn\u00e9 pl\u00e1\u017ee i \u00fachvatn\u00e9 hory. Dopravce SalamAir spoj\u00ed pravideln\u00fdmi p\u0159\u00edm\u00fdmi lety Prahu a Om\u00e1n - HOTELHOUSE.cz","isPartOf":{"@id":"https:\/\/hotelhouse.cz\/#website"},"datePublished":"2022-10-23T22:01:45+00:00","dateModified":"2022-10-22T21:43:02+00:00","breadcrumb":{"@id":"https:\/\/hotelhouse.cz\/index.php\/2022\/10\/24\/nekonecne-plaze-i-uchvatne-hory-dopravce-salamair-spoji-pravidelnymi-primymi-lety-prahu-a-oman\/#breadcrumb"},"inLanguage":"cs","potentialAction":[{"@type":"ReadAction","target":["https:\/\/hotelhouse.cz\/index.php\/2022\/10\/24\/nekonecne-plaze-i-uchvatne-hory-dopravce-salamair-spoji-pravidelnymi-primymi-lety-prahu-a-oman\/"]}]},{"@type":"BreadcrumbList","@id":"https:\/\/hotelhouse.cz\/index.php\/2022\/10\/24\/nekonecne-plaze-i-uchvatne-hory-dopravce-salamair-spoji-pravidelnymi-primymi-lety-prahu-a-oman\/#breadcrumb","itemListElement":[{"@type":"ListItem","position":1,"name":"Dom\u016f","item":"https:\/\/hotelhouse.cz\/"},{"@type":"ListItem","position":2,"name":"Nekone\u010dn\u00e9 pl\u00e1\u017ee i \u00fachvatn\u00e9 hory. Dopravce SalamAir spoj\u00ed pravideln\u00fdmi p\u0159\u00edm\u00fdmi lety Prahu a Om\u00e1n"}]},{"@type":"WebSite","@id":"https:\/\/hotelhouse.cz\/#website","url":"https:\/\/hotelhouse.cz\/","name":"HOTELHOUSE.cz","description":"Port\u00e1l o hotelech, pensionech, spa resortech a restaurac\u00edch...","publisher":{"@id":"https:\/\/hotelhouse.cz\/#organization"},"potentialAction":[{"@type":"SearchAction","target":{"@type":"EntryPoint","urlTemplate":"https:\/\/hotelhouse.cz\/?s={search_term_string}"},"query-input":"required name=search_term_string"}],"inLanguage":"cs"},{"@type":"Organization","@id":"https:\/\/hotelhouse.cz\/#organization","name":"HOTELHOUSE.cz","url":"https:\/\/hotelhouse.cz\/","logo":{"@type":"ImageObject","inLanguage":"cs","@id":"https:\/\/hotelhouse.cz\/#\/schema\/logo\/image\/","url":"https:\/\/hotelhouse.cz\/wp-content\/uploads\/2024\/12\/cropped-Logo_HotelHouse-2.jpg","contentUrl":"https:\/\/hotelhouse.cz\/wp-content\/uploads\/2024\/12\/cropped-Logo_HotelHouse-2.jpg","width":933,"height":516,"caption":"HOTELHOUSE.cz"},"image":{"@id":"https:\/\/hotelhouse.cz\/#\/schema\/logo\/image\/"},"sameAs":["https:\/\/www.instagram.com\/hotelhousecz\/"]},{"@type":"Person","@id":"https:\/\/hotelhouse.cz\/#\/schema\/person\/fa8caee3f0a9c6134afed3c541204812","name":"Van\u011bk Miroslav","image":{"@type":"ImageObject","inLanguage":"cs","@id":"https:\/\/hotelhouse.cz\/#\/schema\/person\/image\/","url":"https:\/\/secure.gravatar.com\/avatar\/cc93dbecbfc820d69a964ea4a1c72377?s=96&d=mm&r=g","contentUrl":"https:\/\/secure.gravatar.com\/avatar\/cc93dbecbfc820d69a964ea4a1c72377?s=96&d=mm&r=g","caption":"Van\u011bk Miroslav"},"sameAs":["http:\/\/www.hotelhouse.cz"],"url":"https:\/\/hotelhouse.cz\/index.php\/author\/mirvan\/"}]}},"_links":{"self":[{"href":"https:\/\/hotelhouse.cz\/index.php\/wp-json\/wp\/v2\/posts\/3907"}],"collection":[{"href":"https:\/\/hotelhouse.cz\/index.php\/wp-json\/wp\/v2\/posts"}],"about":[{"href":"https:\/\/hotelhouse.cz\/index.php\/wp-json\/wp\/v2\/types\/post"}],"author":[{"embeddable":true,"href":"https:\/\/hotelhouse.cz\/index.php\/wp-json\/wp\/v2\/users\/3"}],"replies":[{"embeddable":true,"href":"https:\/\/hotelhouse.cz\/index.php\/wp-json\/wp\/v2\/comments?post=3907"}],"version-history":[{"count":1,"href":"https:\/\/hotelhouse.cz\/index.php\/wp-json\/wp\/v2\/posts\/3907\/revisions"}],"predecessor-version":[{"id":3912,"href":"https:\/\/hotelhouse.cz\/index.php\/wp-json\/wp\/v2\/posts\/3907\/revisions\/3912"}],"wp:featuredmedia":[{"embeddable":true,"href":"https:\/\/hotelhouse.cz\/index.php\/wp-json\/wp\/v2\/media\/3908"}],"wp:attachment":[{"href":"https:\/\/hotelhouse.cz\/index.php\/wp-json\/wp\/v2\/media?parent=3907"}],"wp:term":[{"taxonomy":"category","embeddable":true,"href":"https:\/\/hotelhouse.cz\/index.php\/wp-json\/wp\/v2\/categories?post=3907"},{"taxonomy":"post_tag","embeddable":true,"href":"https:\/\/hotelhouse.cz\/index.php\/wp-json\/wp\/v2\/tags?post=3907"}],"curies":[{"name":"wp","href":"https:\/\/api.w.org\/{rel}","templated":true}]}}