{"id":3975,"date":"2022-11-04T23:18:44","date_gmt":"2022-11-04T22:18:44","guid":{"rendered":"https:\/\/hotelhouse.cz\/?p=3975"},"modified":"2022-11-04T23:19:11","modified_gmt":"2022-11-04T22:19:11","slug":"dva-exkluzivni-vecery-s-michelinskym-kucharem-patrikem-jarosem-a-markem-fichtnerem-v-restauraci-cerveny-jelen","status":"publish","type":"post","link":"https:\/\/hotelhouse.cz\/index.php\/2022\/11\/04\/dva-exkluzivni-vecery-s-michelinskym-kucharem-patrikem-jarosem-a-markem-fichtnerem-v-restauraci-cerveny-jelen\/","title":{"rendered":"Dva exkluzivn\u00ed ve\u010dery s michelinsk\u00fdm kucha\u0159em Patrikem Jaro\u0161em a Markem Fichtnerem v restauraci \u010cerven\u00fd Jelen"},"content":{"rendered":"\n<div style=\"height:43px\" aria-hidden=\"true\" class=\"wp-block-spacer\"><\/div>\n\n\n\n<p><strong>Pouh\u00e9 dva dny \u2013 9. a 10. listopadu bude v Trezoru \u0160pork, kter\u00fd je sou\u010d\u00e1st\u00ed restaurace \u010cerven\u00fd Jelen v&nbsp;centru Prahy, dostupn\u00fd jedine\u010dn\u00fd kulin\u00e1\u0159sk\u00fd z\u00e1\u017eitek. Hostem seri\u00e1lu gastronomick\u00fdch ud\u00e1lost\u00ed se sv\u011btovou \u0161pi\u010dkou Marek &amp; Friends bude michelinsk\u00fd kucha\u0159 Patrik Jaro\u0161. Spole\u010dn\u011b  s Markem Fichtnerem, executive chefem \u010cerven\u00e9ho Jelena, uva\u0159\u00ed  sedmichodov\u00e9  lan\u00fd\u017eov\u00e9 menu. <\/strong> <\/p>\n\n\n\n<div style=\"height:20px\" aria-hidden=\"true\" class=\"wp-block-spacer\"><\/div>\n\n\n\n<div class=\"wp-block-image\"><figure class=\"aligncenter is-resized\"><img decoding=\"async\" loading=\"lazy\" src=\"https:\/\/hotelhouse.cz\/wp-content\/uploads\/2022\/11\/06-Patrik-Jaro\u0161_Marek-Fichtner_\u010cerven\u00fd-Jelen_TTL.jpg\" alt=\"\" class=\"wp-image-3992\" width=\"894\" height=\"675\" srcset=\"https:\/\/hotelhouse.cz\/wp-content\/uploads\/2022\/11\/06-Patrik-Jaro\u0161_Marek-Fichtner_\u010cerven\u00fd-Jelen_TTL.jpg 784w, https:\/\/hotelhouse.cz\/wp-content\/uploads\/2022\/11\/06-Patrik-Jaro\u0161_Marek-Fichtner_\u010cerven\u00fd-Jelen_TTL-300x227.jpg 300w, https:\/\/hotelhouse.cz\/wp-content\/uploads\/2022\/11\/06-Patrik-Jaro\u0161_Marek-Fichtner_\u010cerven\u00fd-Jelen_TTL-768x580.jpg 768w\" sizes=\"(max-width: 894px) 100vw, 894px\" \/><\/figure><\/div>\n\n\n\n<div style=\"height:20px\" aria-hidden=\"true\" class=\"wp-block-spacer\"><\/div>\n\n\n\n<p><strong>Patrik Jaro\u0161<\/strong> je nejmlad\u0161\u00edm dr\u017eitelem michelinsk\u00e9 hv\u011bzdy v&nbsp;N\u011bmecku (z mnichovsk\u00e9 restaurace Aubergine, 1994) a bronzov\u00fdm medailistou ve sv\u011btov\u00e9m fin\u00e1le sout\u011b\u017ee Bocus d&#8217;Or (1995). Je tv\u016frcem mnoha gastronomick\u00fdch koncept\u016f a uzn\u00e1van\u00fdm odborn\u00edkem pro \u0159\u00edzen\u00ed velk\u00fdch gastronomick\u00fdch projekt\u016f. Patrik se narodil v \u010cesku, od 10 let \u017eije v&nbsp;N\u011bmecku, s Markem jsou dlouholet\u00ed p\u0159\u00e1tel\u00e9.  V sou\u010dasn\u00e9 dob\u011b vlastn\u00ed n\u011bkolik restaurac\u00ed ve m\u011bst\u011b Cologne, z\u00e1rove\u0148 je jedn\u00edm ze spoluzakladatel\u016f a spolumajitel\u016f \u010cerven\u00e9ho Jelena a dal\u0161\u00edch \u0161esti restaurac\u00ed v&nbsp;Plzni. Patrik je autorem v\u00edce jak 20 kucha\u0159sk\u00fdch knih, v\u010detn\u011b knihy o lan\u00fd\u017e\u00edch, kter\u00fdmi je inspirov\u00e1no menu dal\u0161\u00ed kapitoly Marek &amp; Friends, zalo\u017een\u00e9 na vz\u00e1cn\u00fdch b\u00edl\u00fdch italsk\u00fdch i \u010dern\u00fdch francouzsk\u00fdch lan\u00fd\u017e\u00edch.<\/p>\n\n\n\n<p>P\u00e1smo <strong>Marek &amp; Friends<\/strong> je to nejlep\u0161\u00ed, co Trezor pota\u017emo \u010cerven\u00fd Jelen nab\u00edz\u00ed. Jde pouze o n\u011bkolik dn\u00ed v roce, p\u0159i kter\u00fdch si s&nbsp;Markem Fichtnerem p\u0159\u00edmo v Jelenovi zava\u0159\u00ed sv\u011btov\u00ed michelin\u0161t\u00ed kucha\u0159i. V&nbsp;leto\u0161n\u00edm roce to byl t\u0159eba t\u0159\u00edmichelinsk\u00fd Thomas B\u00fchner, jako dal\u0161\u00ed host v Trezoru se p\u0159edstav\u00ed \u0161v\u00e9dsk\u00fd \u0161\u00e9fkucha\u0159 Sebastian Gibrand, st\u0159\u00edbrn\u00fd medailista z Bocuse d\u2019Or. Spole\u010dn\u011b sestav\u00ed jedine\u010dn\u00e9 menu, kter\u00e9 se pak v Trezoru pod\u00e1v\u00e1 jeden, maxim\u00e1ln\u011b dva dny.  <\/p>\n\n\n\n<div style=\"height:20px\" aria-hidden=\"true\" class=\"wp-block-spacer\"><\/div>\n\n\n\n<ul class=\"wp-block-gallery columns-2 is-cropped wp-block-gallery-1 is-layout-flex wp-block-gallery-is-layout-flex\"><li class=\"blocks-gallery-item\"><figure><img decoding=\"async\" loading=\"lazy\" width=\"682\" height=\"1024\" src=\"https:\/\/hotelhouse.cz\/wp-content\/uploads\/2022\/11\/04-Marek-Fichtner-682x1024.jpg\" alt=\"\" data-id=\"3990\" data-link=\"https:\/\/hotelhouse.cz\/?attachment_id=3990\" class=\"wp-image-3990\" srcset=\"https:\/\/hotelhouse.cz\/wp-content\/uploads\/2022\/11\/04-Marek-Fichtner-682x1024.jpg 682w, https:\/\/hotelhouse.cz\/wp-content\/uploads\/2022\/11\/04-Marek-Fichtner-200x300.jpg 200w, https:\/\/hotelhouse.cz\/wp-content\/uploads\/2022\/11\/04-Marek-Fichtner-768x1152.jpg 768w, https:\/\/hotelhouse.cz\/wp-content\/uploads\/2022\/11\/04-Marek-Fichtner.jpg 833w\" sizes=\"(max-width: 682px) 100vw, 682px\" \/><\/figure><\/li><li class=\"blocks-gallery-item\"><figure><img decoding=\"async\" loading=\"lazy\" width=\"682\" height=\"1024\" src=\"https:\/\/hotelhouse.cz\/wp-content\/uploads\/2022\/11\/03-Patrik-Jaro\u0161-682x1024.jpg\" alt=\"\" data-id=\"3989\" data-link=\"https:\/\/hotelhouse.cz\/?attachment_id=3989\" class=\"wp-image-3989\" srcset=\"https:\/\/hotelhouse.cz\/wp-content\/uploads\/2022\/11\/03-Patrik-Jaro\u0161-682x1024.jpg 682w, https:\/\/hotelhouse.cz\/wp-content\/uploads\/2022\/11\/03-Patrik-Jaro\u0161-200x300.jpg 200w, https:\/\/hotelhouse.cz\/wp-content\/uploads\/2022\/11\/03-Patrik-Jaro\u0161-768x1154.jpg 768w, https:\/\/hotelhouse.cz\/wp-content\/uploads\/2022\/11\/03-Patrik-Jaro\u0161.jpg 832w\" sizes=\"(max-width: 682px) 100vw, 682px\" \/><\/figure><\/li><\/ul>\n\n\n\n<div style=\"height:20px\" aria-hidden=\"true\" class=\"wp-block-spacer\"><\/div>\n\n\n\n<p><strong>Marek &amp; Friends<\/strong> \u2013 <strong>Lan\u00fd\u017eov\u00fd ve\u010der s Patrikem Jaro\u0161em<\/strong> \u2013 <strong>9. a 10. listopadu<\/strong> <\/p>\n\n\n\n<p><strong>Amuse bouche<\/strong> |Sekt Brut Reserve, Br\u00fcndlmayer ? <strong>Profiterolka<\/strong>| p\u011bna z \u010dern\u00e9ho lan\u00fd\u017ee | pe\u010den\u00fd p\u00f3rek |lan\u00fd\u017eov\u00fd dresink |Gr\u00fcner Veltliner Der Ott 2020, Bernhardt Ott ? <strong>Ka\u0161tanov\u00fd kr\u00e9m<\/strong>| Madeira | \u010dern\u00e9 lan\u00fd\u017ee ? <strong>Telec\u00ed brzl\u00edk<\/strong>| \u0161pen\u00e1tov\u00e9 risotto| b\u00edl\u00e9 lan\u00fd\u017ee | Chardonnay Langhe Bastia DOC Conterno Fantino, Piemonte  ? <strong>Kambala<\/strong> | bramborov\u00e1 p\u011bna | \u010dekanka | b\u00edl\u00e9 lan\u00fd\u017ee | Chablis Premier Cru Vaillon \u201eLes Minots\u201c 2020, Patrick Piuze ? <strong>Pln\u011bn\u00e1 k\u0159epelka<\/strong> | f\u00edky | \u010dern\u00fd ko\u0159en | \u010dern\u00e9 lan\u00fd\u017ee |C\u00f3tede Nuits 2018, Domaine Gerard Julien ? <strong>Pomeran\u010dov\u00e1 Alja\u0161ka<\/strong> | om\u00e1\u010dka z ml\u00e9\u010dn\u00e9 \u010dokol\u00e1dy | pralinka z krvav\u00fdch pomeran\u010d\u016f| Grand Marnier | Ryzlink vla\u0161sk\u00fd, v\u00fdb\u011br z cib\u00e9b 2017, Vican<\/p>\n\n\n\n<div style=\"height:20px\" aria-hidden=\"true\" class=\"wp-block-spacer\"><\/div>\n\n\n\n<h2 class=\"wp-block-heading\"><strong>O restauraci \u010cerven\u00fd Jelen<\/strong><\/h2>\n\n\n\n<p>Restaurace \u010cerven\u00fd Jelen vznikla v roce 2019 podle projektu architekta Stanislava Fialy v prostorech b\u00fdval\u00e9 Anglicko-\u010deskoslovensk\u00e9 banky navr\u017een\u00e9 \u010desk\u00fdm architektem Josefem Go\u010d\u00e1rem. Nach\u00e1z\u00ed se v pra\u017esk\u00e9 Hybernsk\u00e9 ulici v barokn\u00edm Sw\u00e9erts-Sporckov\u011b pal\u00e1ci, jeho\u017e p\u016fvodn\u00edm majitelem byl hrab\u011b \u0160pork, zakladatel \u010desk\u00e9ho myslivectv\u00ed, \u0159\u00e1du sv. Huberta a don\u00e1tor um\u011bn\u00ed. K jeho z\u00e1lib\u011b v myslivectv\u00ed odkazuje nejen n\u00e1zev restaurace, ale tak\u00e9 sochy l\u00e9taj\u00edc\u00edch \u010derven\u00fdch jelen\u016f z d\u00edlny \u010desk\u00e9ho socha\u0159e Michala Gabriela.  <\/p>\n\n\n\n<p>Restaurace \u010cerven\u00fd Jelen propojuje kr\u00e1snou go\u010d\u00e1rovskou \u201emodernisticko-funkcionalisticko-kubistickou\u201c achitekturu, v\u0159el\u00fd a pohostinn\u00fd servis, kvalitn\u00ed v\u00fdb\u011br n\u00e1poj\u016f a modern\u00ed pojet\u00ed gastronomie zalo\u017een\u00e9 na citliv\u00e9m mixu kvalitn\u00edho grilovan\u00e9ho masa, zeleniny a ? la carte j\u00eddel od t\u00fdmu pracuj\u00edc\u00edho pod veden\u00edm zn\u00e1m\u00e9ho \u0161\u00e9fkucha\u0159e Marka Fichtnera.<\/p>\n\n\n\n<div style=\"height:20px\" aria-hidden=\"true\" class=\"wp-block-spacer\"><\/div>\n\n\n\n<h2 class=\"wp-block-heading\"><strong>\u010cerven\u00fd\njelen &amp; Trezor \u0160pork<\/strong><\/h2>\n\n\n\n<p><strong>Hybernsk\u00e1 1034\/5, Praha 1<\/strong><\/p>\n\n\n\n<p><a href=\"http:\/\/www.cervenyjelen.cz\/\"><strong>www.cervenyjelen.cz<\/strong><\/a><\/p>\n\n\n\n<p><a href=\"http:\/\/www.trezorspork.cz\"><strong>www.trezorspork.cz<\/strong><\/a><\/p>\n\n\n\n<p><a href=\"http:\/\/www.facebook.com\/cervenyjelen\"><strong>www.facebook.com\/cervenyjelen<\/strong><\/a><\/p>\n\n\n\n<p><a href=\"http:\/\/www.instagram.com\/cerveny_jelen\/\"><strong>www.instagram.com\/cerveny_jelen\/<\/strong><\/a><\/p>\n\n\n\n<p><strong><a href=\"http:\/\/www.instagram.com\/trezor_spork\/\">www.instagram.com\/trezor_spork<\/a><\/strong><\/p>\n\n\n\n<div style=\"height:55px\" aria-hidden=\"true\" class=\"wp-block-spacer\"><\/div>\n\n\n\n<ul class=\"wp-block-gallery columns-2 is-cropped wp-block-gallery-3 is-layout-flex wp-block-gallery-is-layout-flex\"><li class=\"blocks-gallery-item\"><figure><img decoding=\"async\" loading=\"lazy\" width=\"682\" height=\"1024\" src=\"https:\/\/hotelhouse.cz\/wp-content\/uploads\/2022\/11\/01-Patrik-Jaro\u0161-682x1024.jpg\" alt=\"\" data-id=\"3987\" data-link=\"https:\/\/hotelhouse.cz\/?attachment_id=3987\" class=\"wp-image-3987\" srcset=\"https:\/\/hotelhouse.cz\/wp-content\/uploads\/2022\/11\/01-Patrik-Jaro\u0161-682x1024.jpg 682w, https:\/\/hotelhouse.cz\/wp-content\/uploads\/2022\/11\/01-Patrik-Jaro\u0161-200x300.jpg 200w, https:\/\/hotelhouse.cz\/wp-content\/uploads\/2022\/11\/01-Patrik-Jaro\u0161-768x1152.jpg 768w, https:\/\/hotelhouse.cz\/wp-content\/uploads\/2022\/11\/01-Patrik-Jaro\u0161.jpg 833w\" sizes=\"(max-width: 682px) 100vw, 682px\" \/><\/figure><\/li><li class=\"blocks-gallery-item\"><figure><img decoding=\"async\" loading=\"lazy\" width=\"682\" height=\"1024\" src=\"https:\/\/hotelhouse.cz\/wp-content\/uploads\/2022\/11\/02-Patrik-Jaro\u0161-682x1024.jpg\" alt=\"\" data-id=\"3988\" data-link=\"https:\/\/hotelhouse.cz\/?attachment_id=3988\" class=\"wp-image-3988\" srcset=\"https:\/\/hotelhouse.cz\/wp-content\/uploads\/2022\/11\/02-Patrik-Jaro\u0161-682x1024.jpg 682w, https:\/\/hotelhouse.cz\/wp-content\/uploads\/2022\/11\/02-Patrik-Jaro\u0161-200x300.jpg 200w, https:\/\/hotelhouse.cz\/wp-content\/uploads\/2022\/11\/02-Patrik-Jaro\u0161-768x1152.jpg 768w, https:\/\/hotelhouse.cz\/wp-content\/uploads\/2022\/11\/02-Patrik-Jaro\u0161.jpg 833w\" sizes=\"(max-width: 682px) 100vw, 682px\" \/><\/figure><\/li><li class=\"blocks-gallery-item\"><figure><img decoding=\"async\" loading=\"lazy\" width=\"682\" height=\"1024\" src=\"https:\/\/hotelhouse.cz\/wp-content\/uploads\/2022\/11\/03-Patrik-Jaro\u0161-682x1024.jpg\" alt=\"\" data-id=\"3989\" data-link=\"https:\/\/hotelhouse.cz\/?attachment_id=3989\" class=\"wp-image-3989\" srcset=\"https:\/\/hotelhouse.cz\/wp-content\/uploads\/2022\/11\/03-Patrik-Jaro\u0161-682x1024.jpg 682w, https:\/\/hotelhouse.cz\/wp-content\/uploads\/2022\/11\/03-Patrik-Jaro\u0161-200x300.jpg 200w, https:\/\/hotelhouse.cz\/wp-content\/uploads\/2022\/11\/03-Patrik-Jaro\u0161-768x1154.jpg 768w, https:\/\/hotelhouse.cz\/wp-content\/uploads\/2022\/11\/03-Patrik-Jaro\u0161.jpg 832w\" sizes=\"(max-width: 682px) 100vw, 682px\" \/><\/figure><\/li><li class=\"blocks-gallery-item\"><figure><img decoding=\"async\" loading=\"lazy\" width=\"682\" height=\"1024\" src=\"https:\/\/hotelhouse.cz\/wp-content\/uploads\/2022\/11\/04-Marek-Fichtner-682x1024.jpg\" alt=\"\" data-id=\"3990\" data-link=\"https:\/\/hotelhouse.cz\/?attachment_id=3990\" class=\"wp-image-3990\" srcset=\"https:\/\/hotelhouse.cz\/wp-content\/uploads\/2022\/11\/04-Marek-Fichtner-682x1024.jpg 682w, https:\/\/hotelhouse.cz\/wp-content\/uploads\/2022\/11\/04-Marek-Fichtner-200x300.jpg 200w, https:\/\/hotelhouse.cz\/wp-content\/uploads\/2022\/11\/04-Marek-Fichtner-768x1152.jpg 768w, https:\/\/hotelhouse.cz\/wp-content\/uploads\/2022\/11\/04-Marek-Fichtner.jpg 833w\" sizes=\"(max-width: 682px) 100vw, 682px\" \/><\/figure><\/li><li class=\"blocks-gallery-item\"><figure><img decoding=\"async\" loading=\"lazy\" width=\"642\" height=\"1024\" src=\"https:\/\/hotelhouse.cz\/wp-content\/uploads\/2022\/11\/06-Patrik-Jaro\u0161_Marek-Fichtner_\u010cerven\u00fd-Jelen-642x1024.jpg\" alt=\"\" data-id=\"3991\" data-link=\"https:\/\/hotelhouse.cz\/?attachment_id=3991\" class=\"wp-image-3991\" srcset=\"https:\/\/hotelhouse.cz\/wp-content\/uploads\/2022\/11\/06-Patrik-Jaro\u0161_Marek-Fichtner_\u010cerven\u00fd-Jelen-642x1024.jpg 642w, https:\/\/hotelhouse.cz\/wp-content\/uploads\/2022\/11\/06-Patrik-Jaro\u0161_Marek-Fichtner_\u010cerven\u00fd-Jelen-188x300.jpg 188w, https:\/\/hotelhouse.cz\/wp-content\/uploads\/2022\/11\/06-Patrik-Jaro\u0161_Marek-Fichtner_\u010cerven\u00fd-Jelen-768x1224.jpg 768w, https:\/\/hotelhouse.cz\/wp-content\/uploads\/2022\/11\/06-Patrik-Jaro\u0161_Marek-Fichtner_\u010cerven\u00fd-Jelen.jpg 784w\" sizes=\"(max-width: 642px) 100vw, 642px\" \/><\/figure><\/li><\/ul>\n\n\n\n<p><strong>Zdroj foto: <\/strong>Restaurace \u010cerven\u00fd Jelen<\/p>\n\n\n\n<div style=\"height:36px\" aria-hidden=\"true\" class=\"wp-block-spacer\"><\/div>\n\n\n\n<p><\/p>\n","protected":false},"excerpt":{"rendered":"<p>Pouh\u00e9 dva dny \u2013 9. a 10. listopadu bude v Trezoru \u0160pork, kter\u00fd je sou\u010d\u00e1st\u00ed restaurace \u010cerven\u00fd Jelen v&nbsp;centru Prahy, dostupn\u00fd jedine\u010dn\u00fd kulin\u00e1\u0159sk\u00fd z\u00e1\u017eitek. Hostem seri\u00e1lu gastronomick\u00fdch ud\u00e1lost\u00ed se sv\u011btovou \u0161pi\u010dkou Marek &amp; Friends&#46;&#46;&#46;<\/p>\n","protected":false},"author":1,"featured_media":3992,"comment_status":"closed","ping_status":"closed","sticky":false,"template":"","format":"standard","meta":{"_monsterinsights_skip_tracking":false,"_monsterinsights_sitenote_active":false,"_monsterinsights_sitenote_note":"","_monsterinsights_sitenote_category":0,"footnotes":""},"categories":[2,8],"tags":[],"yoast_head":"<!-- This site is optimized with the Yoast SEO plugin v21.5 - https:\/\/yoast.com\/wordpress\/plugins\/seo\/ -->\n<title>Dva exkluzivn\u00ed ve\u010dery s michelinsk\u00fdm kucha\u0159em Patrikem Jaro\u0161em a Markem Fichtnerem v restauraci \u010cerven\u00fd Jelen - HOTELHOUSE.cz<\/title>\n<meta name=\"robots\" content=\"index, follow, max-snippet:-1, max-image-preview:large, max-video-preview:-1\" \/>\n<link rel=\"canonical\" href=\"https:\/\/hotelhouse.cz\/index.php\/2022\/11\/04\/dva-exkluzivni-vecery-s-michelinskym-kucharem-patrikem-jarosem-a-markem-fichtnerem-v-restauraci-cerveny-jelen\/\" \/>\n<meta property=\"og:locale\" content=\"cs_CZ\" \/>\n<meta property=\"og:type\" content=\"article\" \/>\n<meta property=\"og:title\" content=\"Dva exkluzivn\u00ed ve\u010dery s michelinsk\u00fdm kucha\u0159em Patrikem Jaro\u0161em a Markem Fichtnerem v restauraci \u010cerven\u00fd Jelen - HOTELHOUSE.cz\" \/>\n<meta property=\"og:description\" content=\"Pouh\u00e9 dva dny \u2013 9. a 10. listopadu bude v Trezoru \u0160pork, kter\u00fd je sou\u010d\u00e1st\u00ed restaurace \u010cerven\u00fd Jelen v&nbsp;centru Prahy, dostupn\u00fd jedine\u010dn\u00fd kulin\u00e1\u0159sk\u00fd z\u00e1\u017eitek. Hostem seri\u00e1lu gastronomick\u00fdch ud\u00e1lost\u00ed se sv\u011btovou \u0161pi\u010dkou Marek &amp; Friends&#046;&#046;&#046;\" \/>\n<meta property=\"og:url\" content=\"https:\/\/hotelhouse.cz\/index.php\/2022\/11\/04\/dva-exkluzivni-vecery-s-michelinskym-kucharem-patrikem-jarosem-a-markem-fichtnerem-v-restauraci-cerveny-jelen\/\" \/>\n<meta property=\"og:site_name\" content=\"HOTELHOUSE.cz\" \/>\n<meta property=\"article:published_time\" content=\"2022-11-04T22:18:44+00:00\" \/>\n<meta property=\"article:modified_time\" content=\"2022-11-04T22:19:11+00:00\" \/>\n<meta property=\"og:image\" content=\"https:\/\/hotelhouse.cz\/wp-content\/uploads\/2022\/11\/06-Patrik-Jaro\u0161_Marek-Fichtner_\u010cerven\u00fd-Jelen_TTL.jpg\" \/>\n\t<meta property=\"og:image:width\" content=\"784\" \/>\n\t<meta property=\"og:image:height\" content=\"592\" \/>\n\t<meta property=\"og:image:type\" content=\"image\/jpeg\" \/>\n<meta name=\"author\" content=\"Mikol\u00e1\u0161ek (\u0161efredaktor HMG)\" \/>\n<meta name=\"twitter:card\" content=\"summary_large_image\" \/>\n<meta name=\"twitter:label1\" content=\"Napsal(a)\" \/>\n\t<meta name=\"twitter:data1\" content=\"Mikol\u00e1\u0161ek (\u0161efredaktor HMG)\" \/>\n\t<meta name=\"twitter:label2\" content=\"Odhadovan\u00e1 doba \u010dten\u00ed\" \/>\n\t<meta name=\"twitter:data2\" content=\"3 minuty\" \/>\n<script type=\"application\/ld+json\" class=\"yoast-schema-graph\">{\"@context\":\"https:\/\/schema.org\",\"@graph\":[{\"@type\":\"Article\",\"@id\":\"https:\/\/hotelhouse.cz\/index.php\/2022\/11\/04\/dva-exkluzivni-vecery-s-michelinskym-kucharem-patrikem-jarosem-a-markem-fichtnerem-v-restauraci-cerveny-jelen\/#article\",\"isPartOf\":{\"@id\":\"https:\/\/hotelhouse.cz\/index.php\/2022\/11\/04\/dva-exkluzivni-vecery-s-michelinskym-kucharem-patrikem-jarosem-a-markem-fichtnerem-v-restauraci-cerveny-jelen\/\"},\"author\":{\"name\":\"Mikol\u00e1\u0161ek (\u0161efredaktor HMG)\",\"@id\":\"https:\/\/hotelhouse.cz\/#\/schema\/person\/6f8df5654d33f7f700b98d242c71fc72\"},\"headline\":\"Dva exkluzivn\u00ed ve\u010dery s michelinsk\u00fdm kucha\u0159em Patrikem Jaro\u0161em a Markem Fichtnerem v restauraci \u010cerven\u00fd Jelen\",\"datePublished\":\"2022-11-04T22:18:44+00:00\",\"dateModified\":\"2022-11-04T22:19:11+00:00\",\"mainEntityOfPage\":{\"@id\":\"https:\/\/hotelhouse.cz\/index.php\/2022\/11\/04\/dva-exkluzivni-vecery-s-michelinskym-kucharem-patrikem-jarosem-a-markem-fichtnerem-v-restauraci-cerveny-jelen\/\"},\"wordCount\":641,\"publisher\":{\"@id\":\"https:\/\/hotelhouse.cz\/#organization\"},\"articleSection\":[\"NEWS\",\"RESTAURACE &amp; BISTRA\"],\"inLanguage\":\"cs\"},{\"@type\":\"WebPage\",\"@id\":\"https:\/\/hotelhouse.cz\/index.php\/2022\/11\/04\/dva-exkluzivni-vecery-s-michelinskym-kucharem-patrikem-jarosem-a-markem-fichtnerem-v-restauraci-cerveny-jelen\/\",\"url\":\"https:\/\/hotelhouse.cz\/index.php\/2022\/11\/04\/dva-exkluzivni-vecery-s-michelinskym-kucharem-patrikem-jarosem-a-markem-fichtnerem-v-restauraci-cerveny-jelen\/\",\"name\":\"Dva exkluzivn\u00ed ve\u010dery s michelinsk\u00fdm kucha\u0159em Patrikem Jaro\u0161em a Markem Fichtnerem v restauraci \u010cerven\u00fd Jelen - HOTELHOUSE.cz\",\"isPartOf\":{\"@id\":\"https:\/\/hotelhouse.cz\/#website\"},\"datePublished\":\"2022-11-04T22:18:44+00:00\",\"dateModified\":\"2022-11-04T22:19:11+00:00\",\"breadcrumb\":{\"@id\":\"https:\/\/hotelhouse.cz\/index.php\/2022\/11\/04\/dva-exkluzivni-vecery-s-michelinskym-kucharem-patrikem-jarosem-a-markem-fichtnerem-v-restauraci-cerveny-jelen\/#breadcrumb\"},\"inLanguage\":\"cs\",\"potentialAction\":[{\"@type\":\"ReadAction\",\"target\":[\"https:\/\/hotelhouse.cz\/index.php\/2022\/11\/04\/dva-exkluzivni-vecery-s-michelinskym-kucharem-patrikem-jarosem-a-markem-fichtnerem-v-restauraci-cerveny-jelen\/\"]}]},{\"@type\":\"BreadcrumbList\",\"@id\":\"https:\/\/hotelhouse.cz\/index.php\/2022\/11\/04\/dva-exkluzivni-vecery-s-michelinskym-kucharem-patrikem-jarosem-a-markem-fichtnerem-v-restauraci-cerveny-jelen\/#breadcrumb\",\"itemListElement\":[{\"@type\":\"ListItem\",\"position\":1,\"name\":\"Dom\u016f\",\"item\":\"https:\/\/hotelhouse.cz\/\"},{\"@type\":\"ListItem\",\"position\":2,\"name\":\"Dva exkluzivn\u00ed ve\u010dery s michelinsk\u00fdm kucha\u0159em Patrikem Jaro\u0161em a Markem Fichtnerem v restauraci \u010cerven\u00fd Jelen\"}]},{\"@type\":\"WebSite\",\"@id\":\"https:\/\/hotelhouse.cz\/#website\",\"url\":\"https:\/\/hotelhouse.cz\/\",\"name\":\"HOTELHOUSE.cz\",\"description\":\"Port\u00e1l o hotelech, pensionech, spa resortech a restaurac\u00edch...\",\"publisher\":{\"@id\":\"https:\/\/hotelhouse.cz\/#organization\"},\"potentialAction\":[{\"@type\":\"SearchAction\",\"target\":{\"@type\":\"EntryPoint\",\"urlTemplate\":\"https:\/\/hotelhouse.cz\/?s={search_term_string}\"},\"query-input\":\"required name=search_term_string\"}],\"inLanguage\":\"cs\"},{\"@type\":\"Organization\",\"@id\":\"https:\/\/hotelhouse.cz\/#organization\",\"name\":\"HOTELHOUSE.cz\",\"url\":\"https:\/\/hotelhouse.cz\/\",\"logo\":{\"@type\":\"ImageObject\",\"inLanguage\":\"cs\",\"@id\":\"https:\/\/hotelhouse.cz\/#\/schema\/logo\/image\/\",\"url\":\"https:\/\/hotelhouse.cz\/wp-content\/uploads\/2024\/12\/cropped-Logo_HotelHouse-2.jpg\",\"contentUrl\":\"https:\/\/hotelhouse.cz\/wp-content\/uploads\/2024\/12\/cropped-Logo_HotelHouse-2.jpg\",\"width\":933,\"height\":516,\"caption\":\"HOTELHOUSE.cz\"},\"image\":{\"@id\":\"https:\/\/hotelhouse.cz\/#\/schema\/logo\/image\/\"},\"sameAs\":[\"https:\/\/www.instagram.com\/hotelhousecz\/\"]},{\"@type\":\"Person\",\"@id\":\"https:\/\/hotelhouse.cz\/#\/schema\/person\/6f8df5654d33f7f700b98d242c71fc72\",\"name\":\"Mikol\u00e1\u0161ek (\u0161efredaktor HMG)\",\"image\":{\"@type\":\"ImageObject\",\"inLanguage\":\"cs\",\"@id\":\"https:\/\/hotelhouse.cz\/#\/schema\/person\/image\/\",\"url\":\"https:\/\/secure.gravatar.com\/avatar\/1c8a35f186d8baabb0513b2bdd8e53cd?s=96&d=mm&r=g\",\"contentUrl\":\"https:\/\/secure.gravatar.com\/avatar\/1c8a35f186d8baabb0513b2bdd8e53cd?s=96&d=mm&r=g\",\"caption\":\"Mikol\u00e1\u0161ek (\u0161efredaktor HMG)\"},\"sameAs\":[\"http:\/\/www.hotelhouse.cz\"],\"url\":\"https:\/\/hotelhouse.cz\/index.php\/author\/ivomik\/\"}]}<\/script>\n<!-- \/ Yoast SEO plugin. -->","yoast_head_json":{"title":"Dva exkluzivn\u00ed ve\u010dery s michelinsk\u00fdm kucha\u0159em Patrikem Jaro\u0161em a Markem Fichtnerem v restauraci \u010cerven\u00fd Jelen - HOTELHOUSE.cz","robots":{"index":"index","follow":"follow","max-snippet":"max-snippet:-1","max-image-preview":"max-image-preview:large","max-video-preview":"max-video-preview:-1"},"canonical":"https:\/\/hotelhouse.cz\/index.php\/2022\/11\/04\/dva-exkluzivni-vecery-s-michelinskym-kucharem-patrikem-jarosem-a-markem-fichtnerem-v-restauraci-cerveny-jelen\/","og_locale":"cs_CZ","og_type":"article","og_title":"Dva exkluzivn\u00ed ve\u010dery s michelinsk\u00fdm kucha\u0159em Patrikem Jaro\u0161em a Markem Fichtnerem v restauraci \u010cerven\u00fd Jelen - HOTELHOUSE.cz","og_description":"Pouh\u00e9 dva dny \u2013 9. a 10. listopadu bude v Trezoru \u0160pork, kter\u00fd je sou\u010d\u00e1st\u00ed restaurace \u010cerven\u00fd Jelen v&nbsp;centru Prahy, dostupn\u00fd jedine\u010dn\u00fd kulin\u00e1\u0159sk\u00fd z\u00e1\u017eitek. Hostem seri\u00e1lu gastronomick\u00fdch ud\u00e1lost\u00ed se sv\u011btovou \u0161pi\u010dkou Marek &amp; Friends&#46;&#46;&#46;","og_url":"https:\/\/hotelhouse.cz\/index.php\/2022\/11\/04\/dva-exkluzivni-vecery-s-michelinskym-kucharem-patrikem-jarosem-a-markem-fichtnerem-v-restauraci-cerveny-jelen\/","og_site_name":"HOTELHOUSE.cz","article_published_time":"2022-11-04T22:18:44+00:00","article_modified_time":"2022-11-04T22:19:11+00:00","og_image":[{"width":784,"height":592,"url":"https:\/\/hotelhouse.cz\/wp-content\/uploads\/2022\/11\/06-Patrik-Jaro\u0161_Marek-Fichtner_\u010cerven\u00fd-Jelen_TTL.jpg","type":"image\/jpeg"}],"author":"Mikol\u00e1\u0161ek (\u0161efredaktor HMG)","twitter_card":"summary_large_image","twitter_misc":{"Napsal(a)":"Mikol\u00e1\u0161ek (\u0161efredaktor HMG)","Odhadovan\u00e1 doba \u010dten\u00ed":"3 minuty"},"schema":{"@context":"https:\/\/schema.org","@graph":[{"@type":"Article","@id":"https:\/\/hotelhouse.cz\/index.php\/2022\/11\/04\/dva-exkluzivni-vecery-s-michelinskym-kucharem-patrikem-jarosem-a-markem-fichtnerem-v-restauraci-cerveny-jelen\/#article","isPartOf":{"@id":"https:\/\/hotelhouse.cz\/index.php\/2022\/11\/04\/dva-exkluzivni-vecery-s-michelinskym-kucharem-patrikem-jarosem-a-markem-fichtnerem-v-restauraci-cerveny-jelen\/"},"author":{"name":"Mikol\u00e1\u0161ek (\u0161efredaktor HMG)","@id":"https:\/\/hotelhouse.cz\/#\/schema\/person\/6f8df5654d33f7f700b98d242c71fc72"},"headline":"Dva exkluzivn\u00ed ve\u010dery s michelinsk\u00fdm kucha\u0159em Patrikem Jaro\u0161em a Markem Fichtnerem v restauraci \u010cerven\u00fd Jelen","datePublished":"2022-11-04T22:18:44+00:00","dateModified":"2022-11-04T22:19:11+00:00","mainEntityOfPage":{"@id":"https:\/\/hotelhouse.cz\/index.php\/2022\/11\/04\/dva-exkluzivni-vecery-s-michelinskym-kucharem-patrikem-jarosem-a-markem-fichtnerem-v-restauraci-cerveny-jelen\/"},"wordCount":641,"publisher":{"@id":"https:\/\/hotelhouse.cz\/#organization"},"articleSection":["NEWS","RESTAURACE &amp; BISTRA"],"inLanguage":"cs"},{"@type":"WebPage","@id":"https:\/\/hotelhouse.cz\/index.php\/2022\/11\/04\/dva-exkluzivni-vecery-s-michelinskym-kucharem-patrikem-jarosem-a-markem-fichtnerem-v-restauraci-cerveny-jelen\/","url":"https:\/\/hotelhouse.cz\/index.php\/2022\/11\/04\/dva-exkluzivni-vecery-s-michelinskym-kucharem-patrikem-jarosem-a-markem-fichtnerem-v-restauraci-cerveny-jelen\/","name":"Dva exkluzivn\u00ed ve\u010dery s michelinsk\u00fdm kucha\u0159em Patrikem Jaro\u0161em a Markem Fichtnerem v restauraci \u010cerven\u00fd Jelen - HOTELHOUSE.cz","isPartOf":{"@id":"https:\/\/hotelhouse.cz\/#website"},"datePublished":"2022-11-04T22:18:44+00:00","dateModified":"2022-11-04T22:19:11+00:00","breadcrumb":{"@id":"https:\/\/hotelhouse.cz\/index.php\/2022\/11\/04\/dva-exkluzivni-vecery-s-michelinskym-kucharem-patrikem-jarosem-a-markem-fichtnerem-v-restauraci-cerveny-jelen\/#breadcrumb"},"inLanguage":"cs","potentialAction":[{"@type":"ReadAction","target":["https:\/\/hotelhouse.cz\/index.php\/2022\/11\/04\/dva-exkluzivni-vecery-s-michelinskym-kucharem-patrikem-jarosem-a-markem-fichtnerem-v-restauraci-cerveny-jelen\/"]}]},{"@type":"BreadcrumbList","@id":"https:\/\/hotelhouse.cz\/index.php\/2022\/11\/04\/dva-exkluzivni-vecery-s-michelinskym-kucharem-patrikem-jarosem-a-markem-fichtnerem-v-restauraci-cerveny-jelen\/#breadcrumb","itemListElement":[{"@type":"ListItem","position":1,"name":"Dom\u016f","item":"https:\/\/hotelhouse.cz\/"},{"@type":"ListItem","position":2,"name":"Dva exkluzivn\u00ed ve\u010dery s michelinsk\u00fdm kucha\u0159em Patrikem Jaro\u0161em a Markem Fichtnerem v restauraci \u010cerven\u00fd Jelen"}]},{"@type":"WebSite","@id":"https:\/\/hotelhouse.cz\/#website","url":"https:\/\/hotelhouse.cz\/","name":"HOTELHOUSE.cz","description":"Port\u00e1l o hotelech, pensionech, spa resortech a restaurac\u00edch...","publisher":{"@id":"https:\/\/hotelhouse.cz\/#organization"},"potentialAction":[{"@type":"SearchAction","target":{"@type":"EntryPoint","urlTemplate":"https:\/\/hotelhouse.cz\/?s={search_term_string}"},"query-input":"required name=search_term_string"}],"inLanguage":"cs"},{"@type":"Organization","@id":"https:\/\/hotelhouse.cz\/#organization","name":"HOTELHOUSE.cz","url":"https:\/\/hotelhouse.cz\/","logo":{"@type":"ImageObject","inLanguage":"cs","@id":"https:\/\/hotelhouse.cz\/#\/schema\/logo\/image\/","url":"https:\/\/hotelhouse.cz\/wp-content\/uploads\/2024\/12\/cropped-Logo_HotelHouse-2.jpg","contentUrl":"https:\/\/hotelhouse.cz\/wp-content\/uploads\/2024\/12\/cropped-Logo_HotelHouse-2.jpg","width":933,"height":516,"caption":"HOTELHOUSE.cz"},"image":{"@id":"https:\/\/hotelhouse.cz\/#\/schema\/logo\/image\/"},"sameAs":["https:\/\/www.instagram.com\/hotelhousecz\/"]},{"@type":"Person","@id":"https:\/\/hotelhouse.cz\/#\/schema\/person\/6f8df5654d33f7f700b98d242c71fc72","name":"Mikol\u00e1\u0161ek (\u0161efredaktor HMG)","image":{"@type":"ImageObject","inLanguage":"cs","@id":"https:\/\/hotelhouse.cz\/#\/schema\/person\/image\/","url":"https:\/\/secure.gravatar.com\/avatar\/1c8a35f186d8baabb0513b2bdd8e53cd?s=96&d=mm&r=g","contentUrl":"https:\/\/secure.gravatar.com\/avatar\/1c8a35f186d8baabb0513b2bdd8e53cd?s=96&d=mm&r=g","caption":"Mikol\u00e1\u0161ek (\u0161efredaktor HMG)"},"sameAs":["http:\/\/www.hotelhouse.cz"],"url":"https:\/\/hotelhouse.cz\/index.php\/author\/ivomik\/"}]}},"_links":{"self":[{"href":"https:\/\/hotelhouse.cz\/index.php\/wp-json\/wp\/v2\/posts\/3975"}],"collection":[{"href":"https:\/\/hotelhouse.cz\/index.php\/wp-json\/wp\/v2\/posts"}],"about":[{"href":"https:\/\/hotelhouse.cz\/index.php\/wp-json\/wp\/v2\/types\/post"}],"author":[{"embeddable":true,"href":"https:\/\/hotelhouse.cz\/index.php\/wp-json\/wp\/v2\/users\/1"}],"replies":[{"embeddable":true,"href":"https:\/\/hotelhouse.cz\/index.php\/wp-json\/wp\/v2\/comments?post=3975"}],"version-history":[{"count":3,"href":"https:\/\/hotelhouse.cz\/index.php\/wp-json\/wp\/v2\/posts\/3975\/revisions"}],"predecessor-version":[{"id":3993,"href":"https:\/\/hotelhouse.cz\/index.php\/wp-json\/wp\/v2\/posts\/3975\/revisions\/3993"}],"wp:featuredmedia":[{"embeddable":true,"href":"https:\/\/hotelhouse.cz\/index.php\/wp-json\/wp\/v2\/media\/3992"}],"wp:attachment":[{"href":"https:\/\/hotelhouse.cz\/index.php\/wp-json\/wp\/v2\/media?parent=3975"}],"wp:term":[{"taxonomy":"category","embeddable":true,"href":"https:\/\/hotelhouse.cz\/index.php\/wp-json\/wp\/v2\/categories?post=3975"},{"taxonomy":"post_tag","embeddable":true,"href":"https:\/\/hotelhouse.cz\/index.php\/wp-json\/wp\/v2\/tags?post=3975"}],"curies":[{"name":"wp","href":"https:\/\/api.w.org\/{rel}","templated":true}]}}