{"id":4357,"date":"2023-02-03T01:29:58","date_gmt":"2023-02-03T00:29:58","guid":{"rendered":"https:\/\/hotelhouse.cz\/?p=4357"},"modified":"2023-02-03T01:29:58","modified_gmt":"2023-02-03T00:29:58","slug":"restaurace-the-artisan-slavi-valentyn-laskou-k-jidlu","status":"publish","type":"post","link":"https:\/\/hotelhouse.cz\/index.php\/2023\/02\/03\/restaurace-the-artisan-slavi-valentyn-laskou-k-jidlu\/","title":{"rendered":"Restaurace The Artisan slav\u00ed Valent\u00fdn l\u00e1skou k j\u00eddlu"},"content":{"rendered":"\n<div style=\"height:50px\" aria-hidden=\"true\" class=\"wp-block-spacer\"><\/div>\n\n\n\n<p><strong>Na hosty bude \u010dekat sv\u00e1te\u010dn\u00ed gastronomick\u00fd z\u00e1\u017eitek<\/strong><\/p>\n\n\n\n<p><strong>Den svat\u00e9ho Valent\u00fdna se ji\u017e bl\u00ed\u017e\u00ed, oslavte ho s t\u011bmi, kter\u00e9 m\u00e1te r\u00e1di stylov\u011b s valent\u00fdnskou nab\u00eddkou v pra\u017esk\u00e9 restauraci The Artisan. \u0160\u00e9fkucha\u0159 David Rejhon pro sv\u00e9 hosty sestavil speci\u00e1ln\u011b navr\u017een\u00e9 menu, ve kter\u00e9m vzd\u00e1v\u00e1 hold vyt\u0159\u00edben\u00fdm chut\u00edm a kvalitn\u00edm surovin\u00e1m.<\/strong><\/p>\n\n\n\n<div style=\"height:20px\" aria-hidden=\"true\" class=\"wp-block-spacer\"><\/div>\n\n\n\n<figure class=\"wp-block-image\"><img decoding=\"async\" loading=\"lazy\" width=\"1024\" height=\"683\" src=\"https:\/\/hotelhouse.cz\/wp-content\/uploads\/2023\/02\/foto2-1024x683.jpg\" alt=\"\" class=\"wp-image-4359\" srcset=\"https:\/\/hotelhouse.cz\/wp-content\/uploads\/2023\/02\/foto2-1024x683.jpg 1024w, https:\/\/hotelhouse.cz\/wp-content\/uploads\/2023\/02\/foto2-300x200.jpg 300w, https:\/\/hotelhouse.cz\/wp-content\/uploads\/2023\/02\/foto2-768x512.jpg 768w, https:\/\/hotelhouse.cz\/wp-content\/uploads\/2023\/02\/foto2.jpg 1080w\" sizes=\"(max-width: 1024px) 100vw, 1024px\" \/><\/figure>\n\n\n\n<div style=\"height:20px\" aria-hidden=\"true\" class=\"wp-block-spacer\"><\/div>\n\n\n\n<p>Valent\u00fdnsk\u00e9 menu, serv\u00edrovan\u00e9 exkluzivn\u011b 14. \u00fanora, p\u0159iprav\u00ed host\u016fm \u010dty\u0159chodov\u00fd gastronomick\u00fd z\u00e1\u017eitek, kter\u00fd nab\u00eddne \u010derstv\u00e9 ryby a pr\u00e9miov\u00e9 hov\u011bz\u00ed od pe\u010dliv\u011b vybran\u00fdch lok\u00e1ln\u00edch dodavatel\u016f. Na \u00favod \u010dek\u00e1 hosty sklenka \u0161umiv\u00e9ho v\u00edna a p\u0159ekvapen\u00ed \u0161\u00e9fkucha\u0159e v\u00a0podob\u011b prvn\u00edho sousta. N\u00e1sledovat bude p\u0159edkrm, kde hraj\u00ed prim s\u00fdry z\u00a0rodinn\u00e9 farmy Krasoles\u00ed dopln\u011bn\u00e9 dom\u00e1c\u00edmi hru\u0161kov\u00fdmi povidly a l\u00edskov\u00fdmi o\u0159echy. Hlavn\u00ed chody nab\u00eddnou sume\u010dka \u017eralo\u010d\u00edho z\u00a0ekologick\u00e9 farmy Ryb\u00ed zahrada a steak z\u00a0vyzr\u00e1l\u00e9 sv\u00ed\u010dkov\u00e9 od \u0159ezn\u00edk\u016f z\u00a0Amaso. Sladkou te\u010dku obstar\u00e1 dom\u00e1c\u00ed jahodov\u00fd dezert s\u00a0mandlemi a r\u016f\u017eov\u00fdm pep\u0159em. T\u011b\u0161it se m\u016f\u017eete tak\u00e9 na interaktivn\u00ed servis a p\u0159\u00edjemnou atmosf\u00e9ru za doprovodu \u017eiv\u00e9 hudby. \u00a0<\/p>\n\n\n\n<div style=\"height:20px\" aria-hidden=\"true\" class=\"wp-block-spacer\"><\/div>\n\n\n\n<ul class=\"wp-block-gallery columns-2 is-cropped wp-block-gallery-1 is-layout-flex wp-block-gallery-is-layout-flex\"><li class=\"blocks-gallery-item\"><figure><img decoding=\"async\" loading=\"lazy\" width=\"577\" height=\"1024\" src=\"https:\/\/hotelhouse.cz\/wp-content\/uploads\/2023\/02\/foto4-577x1024.jpg\" alt=\"\" data-id=\"4361\" data-link=\"https:\/\/hotelhouse.cz\/?attachment_id=4361\" class=\"wp-image-4361\" srcset=\"https:\/\/hotelhouse.cz\/wp-content\/uploads\/2023\/02\/foto4-577x1024.jpg 577w, https:\/\/hotelhouse.cz\/wp-content\/uploads\/2023\/02\/foto4-169x300.jpg 169w, https:\/\/hotelhouse.cz\/wp-content\/uploads\/2023\/02\/foto4.jpg 761w\" sizes=\"(max-width: 577px) 100vw, 577px\" \/><\/figure><\/li><li class=\"blocks-gallery-item\"><figure><img decoding=\"async\" loading=\"lazy\" width=\"683\" height=\"1024\" src=\"https:\/\/hotelhouse.cz\/wp-content\/uploads\/2023\/02\/foto3-683x1024.jpg\" alt=\"\" data-id=\"4360\" data-link=\"https:\/\/hotelhouse.cz\/?attachment_id=4360\" class=\"wp-image-4360\" srcset=\"https:\/\/hotelhouse.cz\/wp-content\/uploads\/2023\/02\/foto3-683x1024.jpg 683w, https:\/\/hotelhouse.cz\/wp-content\/uploads\/2023\/02\/foto3-200x300.jpg 200w, https:\/\/hotelhouse.cz\/wp-content\/uploads\/2023\/02\/foto3-768x1152.jpg 768w, https:\/\/hotelhouse.cz\/wp-content\/uploads\/2023\/02\/foto3.jpg 900w\" sizes=\"(max-width: 683px) 100vw, 683px\" \/><\/figure><\/li><\/ul>\n\n\n\n<div style=\"height:20px\" aria-hidden=\"true\" class=\"wp-block-spacer\"><\/div>\n\n\n\n<p>L\u00e1sku k dobr\u00e9mu j\u00eddlu v\u0161ak m\u016f\u017eete oslavit u\u017e b\u011bhem valent\u00fdnsk\u00e9ho v\u00edkendu. V Artisanu nebude chyb\u011bt serv\u00edrovan\u00fd ned\u011bln\u00ed brunch s tradi\u010dn\u011b bohat\u00fdm menu. T\u011b\u0161it se m\u016f\u017eete na \u0161irok\u00fd v\u00fdb\u011br p\u0159edkrm\u016f,   hov\u011bz\u00ed tatar\u00e1k, pe\u010den\u00e9 kachn\u00ed stehno v kombinaci s dom\u00e1c\u00edm \u010derven\u00fdm zel\u00edm a bramborov\u00fdmi \u0161i\u0161kami \u010di sta\u0159en\u00fd ro\u0161t\u011bnec z Josper grilu. Milovn\u00edky sladk\u00fdch chut\u00ed pot\u011b\u0161\u00ed nab\u00eddka dezert\u016f m\u00edstn\u00edch mistr\u016f cukr\u00e1\u0159\u016f jako jsou \u010dokol\u00e1dov\u00fd dort s vanilkou a vi\u0161n\u011bmi, medov\u00e1 tartaletka s o\u0159echy nebo malinov\u00fd sorbet s \u0161umiv\u00fdm v\u00ednem a jedl\u00fdmi kv\u011bty. <\/p>\n\n\n\n<p>The Artisan je modern\u00ed \u010desk\u00e1 restaurace, kter\u00e1 vyu\u017e\u00edv\u00e1 v\u00fdhradn\u011b suroviny od lok\u00e1ln\u00edch dodavatel\u016f, db\u00e1 na kvalitu, vlastn\u00ed produkci, dodr\u017eov\u00e1n\u00ed sez\u00f3nnosti surovin a udr\u017eitelnost sv\u00e9ho provozu. Dominantou restaurace je otev\u0159en\u00e1 kuchyn\u011b, v n\u00ed\u017e ti nejpovolan\u011bj\u0161\u00ed v \u010dele se \u0161\u00e9fkucha\u0159em Davidem Rejhonem p\u0159edv\u00e1d\u011bj\u00ed sv\u00e9 um\u011bn\u00ed p\u0159\u00edmo p\u0159ed zraky host\u016f.\u00a0<\/p>\n\n\n\n<div style=\"height:20px\" aria-hidden=\"true\" class=\"wp-block-spacer\"><\/div>\n\n\n\n<div class=\"wp-block-image\"><figure class=\"aligncenter\"><img decoding=\"async\" loading=\"lazy\" width=\"683\" height=\"1024\" src=\"https:\/\/hotelhouse.cz\/wp-content\/uploads\/2023\/02\/foto1-683x1024.jpg\" alt=\"\" class=\"wp-image-4358\" srcset=\"https:\/\/hotelhouse.cz\/wp-content\/uploads\/2023\/02\/foto1-683x1024.jpg 683w, https:\/\/hotelhouse.cz\/wp-content\/uploads\/2023\/02\/foto1-200x300.jpg 200w, https:\/\/hotelhouse.cz\/wp-content\/uploads\/2023\/02\/foto1-768x1152.jpg 768w, https:\/\/hotelhouse.cz\/wp-content\/uploads\/2023\/02\/foto1.jpg 900w\" sizes=\"(max-width: 683px) 100vw, 683px\" \/><\/figure><\/div>\n\n\n\n<div style=\"height:20px\" aria-hidden=\"true\" class=\"wp-block-spacer\"><\/div>\n\n\n\n<p><strong>Speci\u00e1ln\u00ed valent\u00fdnsk\u00fd brunch prob\u011bhne 12. \u00fanora od 12:30 a \u201ezamilovan\u00e9 \u201cmenu The Artisan si budou host\u00e9 moci vychutnat 14. \u00fanora od 18:00.\u00a0\u00a0<\/strong><\/p>\n\n\n\n<div style=\"height:20px\" aria-hidden=\"true\" class=\"wp-block-spacer\"><\/div>\n\n\n\n<p><strong>V\u00edce informac\u00ed o restauraci The Artisan a jej\u00ed nab\u00eddce naleznete na <\/strong><a href=\"http:\/\/www.theartisan.cz\/\"><strong>www.theartisan.cz<\/strong><\/a><strong>.<\/strong><\/p>\n\n\n\n<div style=\"height:59px\" aria-hidden=\"true\" class=\"wp-block-spacer\"><\/div>\n\n\n\n<ul class=\"wp-block-gallery columns-2 is-cropped wp-block-gallery-3 is-layout-flex wp-block-gallery-is-layout-flex\"><li class=\"blocks-gallery-item\"><figure><img decoding=\"async\" loading=\"lazy\" width=\"683\" height=\"1024\" src=\"https:\/\/hotelhouse.cz\/wp-content\/uploads\/2023\/02\/foto1-683x1024.jpg\" alt=\"\" data-id=\"4358\" data-link=\"https:\/\/hotelhouse.cz\/?attachment_id=4358\" class=\"wp-image-4358\" srcset=\"https:\/\/hotelhouse.cz\/wp-content\/uploads\/2023\/02\/foto1-683x1024.jpg 683w, https:\/\/hotelhouse.cz\/wp-content\/uploads\/2023\/02\/foto1-200x300.jpg 200w, https:\/\/hotelhouse.cz\/wp-content\/uploads\/2023\/02\/foto1-768x1152.jpg 768w, https:\/\/hotelhouse.cz\/wp-content\/uploads\/2023\/02\/foto1.jpg 900w\" sizes=\"(max-width: 683px) 100vw, 683px\" \/><\/figure><\/li><li class=\"blocks-gallery-item\"><figure><img decoding=\"async\" loading=\"lazy\" width=\"683\" height=\"1024\" src=\"https:\/\/hotelhouse.cz\/wp-content\/uploads\/2023\/02\/foto3-683x1024.jpg\" alt=\"\" data-id=\"4360\" data-link=\"https:\/\/hotelhouse.cz\/?attachment_id=4360\" class=\"wp-image-4360\" srcset=\"https:\/\/hotelhouse.cz\/wp-content\/uploads\/2023\/02\/foto3-683x1024.jpg 683w, https:\/\/hotelhouse.cz\/wp-content\/uploads\/2023\/02\/foto3-200x300.jpg 200w, https:\/\/hotelhouse.cz\/wp-content\/uploads\/2023\/02\/foto3-768x1152.jpg 768w, https:\/\/hotelhouse.cz\/wp-content\/uploads\/2023\/02\/foto3.jpg 900w\" sizes=\"(max-width: 683px) 100vw, 683px\" \/><\/figure><\/li><li class=\"blocks-gallery-item\"><figure><img decoding=\"async\" loading=\"lazy\" width=\"577\" height=\"1024\" src=\"https:\/\/hotelhouse.cz\/wp-content\/uploads\/2023\/02\/foto4-577x1024.jpg\" alt=\"\" data-id=\"4361\" data-link=\"https:\/\/hotelhouse.cz\/?attachment_id=4361\" class=\"wp-image-4361\" srcset=\"https:\/\/hotelhouse.cz\/wp-content\/uploads\/2023\/02\/foto4-577x1024.jpg 577w, https:\/\/hotelhouse.cz\/wp-content\/uploads\/2023\/02\/foto4-169x300.jpg 169w, https:\/\/hotelhouse.cz\/wp-content\/uploads\/2023\/02\/foto4.jpg 761w\" sizes=\"(max-width: 577px) 100vw, 577px\" \/><\/figure><\/li><li class=\"blocks-gallery-item\"><figure><img decoding=\"async\" loading=\"lazy\" width=\"1024\" height=\"683\" src=\"https:\/\/hotelhouse.cz\/wp-content\/uploads\/2023\/02\/foto2-1024x683.jpg\" alt=\"\" data-id=\"4359\" data-link=\"https:\/\/hotelhouse.cz\/?attachment_id=4359\" class=\"wp-image-4359\" srcset=\"https:\/\/hotelhouse.cz\/wp-content\/uploads\/2023\/02\/foto2-1024x683.jpg 1024w, https:\/\/hotelhouse.cz\/wp-content\/uploads\/2023\/02\/foto2-300x200.jpg 300w, https:\/\/hotelhouse.cz\/wp-content\/uploads\/2023\/02\/foto2-768x512.jpg 768w, https:\/\/hotelhouse.cz\/wp-content\/uploads\/2023\/02\/foto2.jpg 1080w\" sizes=\"(max-width: 1024px) 100vw, 1024px\" \/><\/figure><\/li><\/ul>\n\n\n\n<p><strong>Zdroj foto:<\/strong> The Artisan<\/p>\n\n\n\n<div style=\"height:100px\" aria-hidden=\"true\" class=\"wp-block-spacer\"><\/div>\n","protected":false},"excerpt":{"rendered":"<p>Na hosty bude \u010dekat sv\u00e1te\u010dn\u00ed gastronomick\u00fd z\u00e1\u017eitek Den svat\u00e9ho Valent\u00fdna se ji\u017e bl\u00ed\u017e\u00ed, oslavte ho s t\u011bmi, kter\u00e9 m\u00e1te r\u00e1di stylov\u011b s valent\u00fdnskou nab\u00eddkou v pra\u017esk\u00e9 restauraci The Artisan. \u0160\u00e9fkucha\u0159 David Rejhon pro sv\u00e9&#46;&#46;&#46;<\/p>\n","protected":false},"author":1,"featured_media":4359,"comment_status":"closed","ping_status":"closed","sticky":false,"template":"","format":"standard","meta":{"_monsterinsights_skip_tracking":false,"_monsterinsights_sitenote_active":false,"_monsterinsights_sitenote_note":"","_monsterinsights_sitenote_category":0,"footnotes":""},"categories":[4,22,2,8],"tags":[],"yoast_head":"<!-- This site is optimized with the Yoast SEO plugin v21.5 - https:\/\/yoast.com\/wordpress\/plugins\/seo\/ -->\n<title>Restaurace The Artisan slav\u00ed Valent\u00fdn l\u00e1skou k j\u00eddlu - HOTELHOUSE.cz<\/title>\n<meta name=\"robots\" content=\"index, follow, max-snippet:-1, max-image-preview:large, max-video-preview:-1\" \/>\n<link rel=\"canonical\" href=\"https:\/\/hotelhouse.cz\/index.php\/2023\/02\/03\/restaurace-the-artisan-slavi-valentyn-laskou-k-jidlu\/\" \/>\n<meta property=\"og:locale\" content=\"cs_CZ\" \/>\n<meta property=\"og:type\" content=\"article\" \/>\n<meta property=\"og:title\" content=\"Restaurace The Artisan slav\u00ed Valent\u00fdn l\u00e1skou k j\u00eddlu - HOTELHOUSE.cz\" \/>\n<meta property=\"og:description\" content=\"Na hosty bude \u010dekat sv\u00e1te\u010dn\u00ed gastronomick\u00fd z\u00e1\u017eitek Den svat\u00e9ho Valent\u00fdna se ji\u017e bl\u00ed\u017e\u00ed, oslavte ho s t\u011bmi, kter\u00e9 m\u00e1te r\u00e1di stylov\u011b s valent\u00fdnskou nab\u00eddkou v pra\u017esk\u00e9 restauraci The Artisan. \u0160\u00e9fkucha\u0159 David Rejhon pro sv\u00e9&#046;&#046;&#046;\" \/>\n<meta property=\"og:url\" content=\"https:\/\/hotelhouse.cz\/index.php\/2023\/02\/03\/restaurace-the-artisan-slavi-valentyn-laskou-k-jidlu\/\" \/>\n<meta property=\"og:site_name\" content=\"HOTELHOUSE.cz\" \/>\n<meta property=\"article:published_time\" content=\"2023-02-03T00:29:58+00:00\" \/>\n<meta property=\"og:image\" content=\"https:\/\/hotelhouse.cz\/wp-content\/uploads\/2023\/02\/foto2.jpg\" \/>\n\t<meta property=\"og:image:width\" content=\"1080\" \/>\n\t<meta property=\"og:image:height\" content=\"720\" \/>\n\t<meta property=\"og:image:type\" content=\"image\/jpeg\" \/>\n<meta name=\"author\" content=\"Mikol\u00e1\u0161ek (\u0161efredaktor HMG)\" \/>\n<meta name=\"twitter:card\" content=\"summary_large_image\" \/>\n<meta name=\"twitter:label1\" content=\"Napsal(a)\" \/>\n\t<meta name=\"twitter:data1\" content=\"Mikol\u00e1\u0161ek (\u0161efredaktor HMG)\" \/>\n\t<meta name=\"twitter:label2\" content=\"Odhadovan\u00e1 doba \u010dten\u00ed\" \/>\n\t<meta name=\"twitter:data2\" content=\"2 minuty\" \/>\n<script type=\"application\/ld+json\" class=\"yoast-schema-graph\">{\"@context\":\"https:\/\/schema.org\",\"@graph\":[{\"@type\":\"Article\",\"@id\":\"https:\/\/hotelhouse.cz\/index.php\/2023\/02\/03\/restaurace-the-artisan-slavi-valentyn-laskou-k-jidlu\/#article\",\"isPartOf\":{\"@id\":\"https:\/\/hotelhouse.cz\/index.php\/2023\/02\/03\/restaurace-the-artisan-slavi-valentyn-laskou-k-jidlu\/\"},\"author\":{\"name\":\"Mikol\u00e1\u0161ek (\u0161efredaktor HMG)\",\"@id\":\"https:\/\/hotelhouse.cz\/#\/schema\/person\/6f8df5654d33f7f700b98d242c71fc72\"},\"headline\":\"Restaurace The Artisan slav\u00ed Valent\u00fdn l\u00e1skou k j\u00eddlu\",\"datePublished\":\"2023-02-03T00:29:58+00:00\",\"dateModified\":\"2023-02-03T00:29:58+00:00\",\"mainEntityOfPage\":{\"@id\":\"https:\/\/hotelhouse.cz\/index.php\/2023\/02\/03\/restaurace-the-artisan-slavi-valentyn-laskou-k-jidlu\/\"},\"wordCount\":450,\"publisher\":{\"@id\":\"https:\/\/hotelhouse.cz\/#organization\"},\"articleSection\":[\"HOTELY &amp; PENZIONY\",\"NaDovolenouDoPrahy.cz\",\"NEWS\",\"RESTAURACE &amp; BISTRA\"],\"inLanguage\":\"cs\"},{\"@type\":\"WebPage\",\"@id\":\"https:\/\/hotelhouse.cz\/index.php\/2023\/02\/03\/restaurace-the-artisan-slavi-valentyn-laskou-k-jidlu\/\",\"url\":\"https:\/\/hotelhouse.cz\/index.php\/2023\/02\/03\/restaurace-the-artisan-slavi-valentyn-laskou-k-jidlu\/\",\"name\":\"Restaurace The Artisan slav\u00ed Valent\u00fdn l\u00e1skou k j\u00eddlu - HOTELHOUSE.cz\",\"isPartOf\":{\"@id\":\"https:\/\/hotelhouse.cz\/#website\"},\"datePublished\":\"2023-02-03T00:29:58+00:00\",\"dateModified\":\"2023-02-03T00:29:58+00:00\",\"breadcrumb\":{\"@id\":\"https:\/\/hotelhouse.cz\/index.php\/2023\/02\/03\/restaurace-the-artisan-slavi-valentyn-laskou-k-jidlu\/#breadcrumb\"},\"inLanguage\":\"cs\",\"potentialAction\":[{\"@type\":\"ReadAction\",\"target\":[\"https:\/\/hotelhouse.cz\/index.php\/2023\/02\/03\/restaurace-the-artisan-slavi-valentyn-laskou-k-jidlu\/\"]}]},{\"@type\":\"BreadcrumbList\",\"@id\":\"https:\/\/hotelhouse.cz\/index.php\/2023\/02\/03\/restaurace-the-artisan-slavi-valentyn-laskou-k-jidlu\/#breadcrumb\",\"itemListElement\":[{\"@type\":\"ListItem\",\"position\":1,\"name\":\"Dom\u016f\",\"item\":\"https:\/\/hotelhouse.cz\/\"},{\"@type\":\"ListItem\",\"position\":2,\"name\":\"Restaurace The Artisan slav\u00ed Valent\u00fdn l\u00e1skou k j\u00eddlu\"}]},{\"@type\":\"WebSite\",\"@id\":\"https:\/\/hotelhouse.cz\/#website\",\"url\":\"https:\/\/hotelhouse.cz\/\",\"name\":\"HOTELHOUSE.cz\",\"description\":\"Port\u00e1l o hotelech, pensionech, spa resortech a restaurac\u00edch...\",\"publisher\":{\"@id\":\"https:\/\/hotelhouse.cz\/#organization\"},\"potentialAction\":[{\"@type\":\"SearchAction\",\"target\":{\"@type\":\"EntryPoint\",\"urlTemplate\":\"https:\/\/hotelhouse.cz\/?s={search_term_string}\"},\"query-input\":\"required name=search_term_string\"}],\"inLanguage\":\"cs\"},{\"@type\":\"Organization\",\"@id\":\"https:\/\/hotelhouse.cz\/#organization\",\"name\":\"HOTELHOUSE.cz\",\"url\":\"https:\/\/hotelhouse.cz\/\",\"logo\":{\"@type\":\"ImageObject\",\"inLanguage\":\"cs\",\"@id\":\"https:\/\/hotelhouse.cz\/#\/schema\/logo\/image\/\",\"url\":\"https:\/\/hotelhouse.cz\/wp-content\/uploads\/2024\/12\/cropped-Logo_HotelHouse-2.jpg\",\"contentUrl\":\"https:\/\/hotelhouse.cz\/wp-content\/uploads\/2024\/12\/cropped-Logo_HotelHouse-2.jpg\",\"width\":933,\"height\":516,\"caption\":\"HOTELHOUSE.cz\"},\"image\":{\"@id\":\"https:\/\/hotelhouse.cz\/#\/schema\/logo\/image\/\"},\"sameAs\":[\"https:\/\/www.instagram.com\/hotelhousecz\/\"]},{\"@type\":\"Person\",\"@id\":\"https:\/\/hotelhouse.cz\/#\/schema\/person\/6f8df5654d33f7f700b98d242c71fc72\",\"name\":\"Mikol\u00e1\u0161ek (\u0161efredaktor HMG)\",\"image\":{\"@type\":\"ImageObject\",\"inLanguage\":\"cs\",\"@id\":\"https:\/\/hotelhouse.cz\/#\/schema\/person\/image\/\",\"url\":\"https:\/\/secure.gravatar.com\/avatar\/1c8a35f186d8baabb0513b2bdd8e53cd?s=96&d=mm&r=g\",\"contentUrl\":\"https:\/\/secure.gravatar.com\/avatar\/1c8a35f186d8baabb0513b2bdd8e53cd?s=96&d=mm&r=g\",\"caption\":\"Mikol\u00e1\u0161ek (\u0161efredaktor HMG)\"},\"sameAs\":[\"http:\/\/www.hotelhouse.cz\"],\"url\":\"https:\/\/hotelhouse.cz\/index.php\/author\/ivomik\/\"}]}<\/script>\n<!-- \/ Yoast SEO plugin. -->","yoast_head_json":{"title":"Restaurace The Artisan slav\u00ed Valent\u00fdn l\u00e1skou k j\u00eddlu - HOTELHOUSE.cz","robots":{"index":"index","follow":"follow","max-snippet":"max-snippet:-1","max-image-preview":"max-image-preview:large","max-video-preview":"max-video-preview:-1"},"canonical":"https:\/\/hotelhouse.cz\/index.php\/2023\/02\/03\/restaurace-the-artisan-slavi-valentyn-laskou-k-jidlu\/","og_locale":"cs_CZ","og_type":"article","og_title":"Restaurace The Artisan slav\u00ed Valent\u00fdn l\u00e1skou k j\u00eddlu - HOTELHOUSE.cz","og_description":"Na hosty bude \u010dekat sv\u00e1te\u010dn\u00ed gastronomick\u00fd z\u00e1\u017eitek Den svat\u00e9ho Valent\u00fdna se ji\u017e bl\u00ed\u017e\u00ed, oslavte ho s t\u011bmi, kter\u00e9 m\u00e1te r\u00e1di stylov\u011b s valent\u00fdnskou nab\u00eddkou v pra\u017esk\u00e9 restauraci The Artisan. \u0160\u00e9fkucha\u0159 David Rejhon pro sv\u00e9&#46;&#46;&#46;","og_url":"https:\/\/hotelhouse.cz\/index.php\/2023\/02\/03\/restaurace-the-artisan-slavi-valentyn-laskou-k-jidlu\/","og_site_name":"HOTELHOUSE.cz","article_published_time":"2023-02-03T00:29:58+00:00","og_image":[{"width":1080,"height":720,"url":"https:\/\/hotelhouse.cz\/wp-content\/uploads\/2023\/02\/foto2.jpg","type":"image\/jpeg"}],"author":"Mikol\u00e1\u0161ek (\u0161efredaktor HMG)","twitter_card":"summary_large_image","twitter_misc":{"Napsal(a)":"Mikol\u00e1\u0161ek (\u0161efredaktor HMG)","Odhadovan\u00e1 doba \u010dten\u00ed":"2 minuty"},"schema":{"@context":"https:\/\/schema.org","@graph":[{"@type":"Article","@id":"https:\/\/hotelhouse.cz\/index.php\/2023\/02\/03\/restaurace-the-artisan-slavi-valentyn-laskou-k-jidlu\/#article","isPartOf":{"@id":"https:\/\/hotelhouse.cz\/index.php\/2023\/02\/03\/restaurace-the-artisan-slavi-valentyn-laskou-k-jidlu\/"},"author":{"name":"Mikol\u00e1\u0161ek (\u0161efredaktor HMG)","@id":"https:\/\/hotelhouse.cz\/#\/schema\/person\/6f8df5654d33f7f700b98d242c71fc72"},"headline":"Restaurace The Artisan slav\u00ed Valent\u00fdn l\u00e1skou k j\u00eddlu","datePublished":"2023-02-03T00:29:58+00:00","dateModified":"2023-02-03T00:29:58+00:00","mainEntityOfPage":{"@id":"https:\/\/hotelhouse.cz\/index.php\/2023\/02\/03\/restaurace-the-artisan-slavi-valentyn-laskou-k-jidlu\/"},"wordCount":450,"publisher":{"@id":"https:\/\/hotelhouse.cz\/#organization"},"articleSection":["HOTELY &amp; PENZIONY","NaDovolenouDoPrahy.cz","NEWS","RESTAURACE &amp; BISTRA"],"inLanguage":"cs"},{"@type":"WebPage","@id":"https:\/\/hotelhouse.cz\/index.php\/2023\/02\/03\/restaurace-the-artisan-slavi-valentyn-laskou-k-jidlu\/","url":"https:\/\/hotelhouse.cz\/index.php\/2023\/02\/03\/restaurace-the-artisan-slavi-valentyn-laskou-k-jidlu\/","name":"Restaurace The Artisan slav\u00ed Valent\u00fdn l\u00e1skou k j\u00eddlu - HOTELHOUSE.cz","isPartOf":{"@id":"https:\/\/hotelhouse.cz\/#website"},"datePublished":"2023-02-03T00:29:58+00:00","dateModified":"2023-02-03T00:29:58+00:00","breadcrumb":{"@id":"https:\/\/hotelhouse.cz\/index.php\/2023\/02\/03\/restaurace-the-artisan-slavi-valentyn-laskou-k-jidlu\/#breadcrumb"},"inLanguage":"cs","potentialAction":[{"@type":"ReadAction","target":["https:\/\/hotelhouse.cz\/index.php\/2023\/02\/03\/restaurace-the-artisan-slavi-valentyn-laskou-k-jidlu\/"]}]},{"@type":"BreadcrumbList","@id":"https:\/\/hotelhouse.cz\/index.php\/2023\/02\/03\/restaurace-the-artisan-slavi-valentyn-laskou-k-jidlu\/#breadcrumb","itemListElement":[{"@type":"ListItem","position":1,"name":"Dom\u016f","item":"https:\/\/hotelhouse.cz\/"},{"@type":"ListItem","position":2,"name":"Restaurace The Artisan slav\u00ed Valent\u00fdn l\u00e1skou k j\u00eddlu"}]},{"@type":"WebSite","@id":"https:\/\/hotelhouse.cz\/#website","url":"https:\/\/hotelhouse.cz\/","name":"HOTELHOUSE.cz","description":"Port\u00e1l o hotelech, pensionech, spa resortech a restaurac\u00edch...","publisher":{"@id":"https:\/\/hotelhouse.cz\/#organization"},"potentialAction":[{"@type":"SearchAction","target":{"@type":"EntryPoint","urlTemplate":"https:\/\/hotelhouse.cz\/?s={search_term_string}"},"query-input":"required name=search_term_string"}],"inLanguage":"cs"},{"@type":"Organization","@id":"https:\/\/hotelhouse.cz\/#organization","name":"HOTELHOUSE.cz","url":"https:\/\/hotelhouse.cz\/","logo":{"@type":"ImageObject","inLanguage":"cs","@id":"https:\/\/hotelhouse.cz\/#\/schema\/logo\/image\/","url":"https:\/\/hotelhouse.cz\/wp-content\/uploads\/2024\/12\/cropped-Logo_HotelHouse-2.jpg","contentUrl":"https:\/\/hotelhouse.cz\/wp-content\/uploads\/2024\/12\/cropped-Logo_HotelHouse-2.jpg","width":933,"height":516,"caption":"HOTELHOUSE.cz"},"image":{"@id":"https:\/\/hotelhouse.cz\/#\/schema\/logo\/image\/"},"sameAs":["https:\/\/www.instagram.com\/hotelhousecz\/"]},{"@type":"Person","@id":"https:\/\/hotelhouse.cz\/#\/schema\/person\/6f8df5654d33f7f700b98d242c71fc72","name":"Mikol\u00e1\u0161ek (\u0161efredaktor HMG)","image":{"@type":"ImageObject","inLanguage":"cs","@id":"https:\/\/hotelhouse.cz\/#\/schema\/person\/image\/","url":"https:\/\/secure.gravatar.com\/avatar\/1c8a35f186d8baabb0513b2bdd8e53cd?s=96&d=mm&r=g","contentUrl":"https:\/\/secure.gravatar.com\/avatar\/1c8a35f186d8baabb0513b2bdd8e53cd?s=96&d=mm&r=g","caption":"Mikol\u00e1\u0161ek (\u0161efredaktor HMG)"},"sameAs":["http:\/\/www.hotelhouse.cz"],"url":"https:\/\/hotelhouse.cz\/index.php\/author\/ivomik\/"}]}},"_links":{"self":[{"href":"https:\/\/hotelhouse.cz\/index.php\/wp-json\/wp\/v2\/posts\/4357"}],"collection":[{"href":"https:\/\/hotelhouse.cz\/index.php\/wp-json\/wp\/v2\/posts"}],"about":[{"href":"https:\/\/hotelhouse.cz\/index.php\/wp-json\/wp\/v2\/types\/post"}],"author":[{"embeddable":true,"href":"https:\/\/hotelhouse.cz\/index.php\/wp-json\/wp\/v2\/users\/1"}],"replies":[{"embeddable":true,"href":"https:\/\/hotelhouse.cz\/index.php\/wp-json\/wp\/v2\/comments?post=4357"}],"version-history":[{"count":1,"href":"https:\/\/hotelhouse.cz\/index.php\/wp-json\/wp\/v2\/posts\/4357\/revisions"}],"predecessor-version":[{"id":4362,"href":"https:\/\/hotelhouse.cz\/index.php\/wp-json\/wp\/v2\/posts\/4357\/revisions\/4362"}],"wp:featuredmedia":[{"embeddable":true,"href":"https:\/\/hotelhouse.cz\/index.php\/wp-json\/wp\/v2\/media\/4359"}],"wp:attachment":[{"href":"https:\/\/hotelhouse.cz\/index.php\/wp-json\/wp\/v2\/media?parent=4357"}],"wp:term":[{"taxonomy":"category","embeddable":true,"href":"https:\/\/hotelhouse.cz\/index.php\/wp-json\/wp\/v2\/categories?post=4357"},{"taxonomy":"post_tag","embeddable":true,"href":"https:\/\/hotelhouse.cz\/index.php\/wp-json\/wp\/v2\/tags?post=4357"}],"curies":[{"name":"wp","href":"https:\/\/api.w.org\/{rel}","templated":true}]}}