{"id":4427,"date":"2023-03-02T14:06:02","date_gmt":"2023-03-02T13:06:02","guid":{"rendered":"https:\/\/hotelhouse.cz\/?p=4427"},"modified":"2023-03-03T14:12:40","modified_gmt":"2023-03-03T13:12:40","slug":"z-brna-se-bude-letat-na-djerbu-a-do-italske-kalabrie","status":"publish","type":"post","link":"https:\/\/hotelhouse.cz\/index.php\/2023\/03\/02\/z-brna-se-bude-letat-na-djerbu-a-do-italske-kalabrie\/","title":{"rendered":"Z Brna se bude l\u00e9tat na Djerbu a do italsk\u00e9 Kal\u00e1brie"},"content":{"rendered":"\n<div style=\"height:43px\" aria-hidden=\"true\" class=\"wp-block-spacer\"><\/div>\n\n\n\n<p><strong>Rezervace dovolen\u00fdch trhaj\u00ed v\u00a0leto\u0161n\u00edm roce rekordy a z\u00e1jem roste tak\u00e9 o odlety z\u00a0region\u00e1ln\u00edch leti\u0161\u0165. Cestovn\u00ed kancel\u00e1\u0159 \u010cedok v\u00a0leto\u0161n\u00ed sez\u00f3n\u011b proto p\u0159ipravila expanzi v\u00a0Brn\u011b a nab\u00eddne cestuj\u00edc\u00edm celkem 19 destinac\u00ed, mezi kter\u00e9 pat\u0159\u00ed u\u017e celkem dev\u011bt novinek. Do prodeje toti\u017e p\u0159id\u00e1v\u00e1 dv\u011b nov\u00e9 destinace, ostrov Djerba a italskou Kal\u00e1brii, do kter\u00fdch se za\u010dne l\u00e9tat jednou t\u00fddn\u011b od poloviny \u010dervna. Na italsk\u00e9 leti\u0161t\u011b Lamezie Terme polet\u00ed prvn\u00ed klienti 12. \u010dervna 2023, do Tuniska startuj\u00ed p\u0159\u00edm\u00e9 lety o den pozd\u011bji, tedy 13. \u010dervna 2023. Na cestuj\u00edc\u00ed z\u00a0Jihomoravsk\u00e9ho kraje i bl\u00edzk\u00fdch sp\u00e1dov\u00fdch oblast\u00ed \u010dek\u00e1 spojen\u00ed tak\u00e9 do Alb\u00e1nie, na portugalskou Madeiru, do\u00a0t\u0159\u00ed egyptsk\u00fdch letovisek u Rud\u00e9ho mo\u0159e, na \u0159eck\u00fd ostrov Thassos a do dal\u0161\u00edch obl\u00edben\u00fdch letn\u00edch letovisek. \u010cedok bude na sv\u00e9 charterov\u00e9 lety z\u00a0Brna vyu\u017e\u00edvat kompletn\u011b cel\u00e9 b\u00e1zovan\u00e9 letadlo typu Boeing 737 leteck\u00e9 spole\u010dnosti Smartwings i dal\u0161\u00ed kapacity \u010desk\u00e9ho dopravce. Z\u00e1jezdy do v\u0161ech destinac\u00ed jsou ji\u017e v\u00a0prodeji. <\/strong> <\/p>\n\n\n\n<div style=\"height:20px\" aria-hidden=\"true\" class=\"wp-block-spacer\"><\/div>\n\n\n\n<figure class=\"wp-block-image\"><img decoding=\"async\" loading=\"lazy\" width=\"1024\" height=\"683\" src=\"https:\/\/hotelhouse.cz\/wp-content\/uploads\/2023\/03\/\u010cedok_Djerba_iStock-1181248777-1024x683.jpg\" alt=\"\" class=\"wp-image-4428\" srcset=\"https:\/\/hotelhouse.cz\/wp-content\/uploads\/2023\/03\/\u010cedok_Djerba_iStock-1181248777-1024x683.jpg 1024w, https:\/\/hotelhouse.cz\/wp-content\/uploads\/2023\/03\/\u010cedok_Djerba_iStock-1181248777-300x200.jpg 300w, https:\/\/hotelhouse.cz\/wp-content\/uploads\/2023\/03\/\u010cedok_Djerba_iStock-1181248777-768x512.jpg 768w, https:\/\/hotelhouse.cz\/wp-content\/uploads\/2023\/03\/\u010cedok_Djerba_iStock-1181248777.jpg 1697w\" sizes=\"(max-width: 1024px) 100vw, 1024px\" \/><\/figure>\n\n\n\n<div style=\"height:20px\" aria-hidden=\"true\" class=\"wp-block-spacer\"><\/div>\n\n\n\n<p>\u201e<em>Z\u00e1jem o odlety z\u00a0Brna p\u0159ekonal o\u010dek\u00e1van\u00e9 prodejn\u00ed v\u00fdsledky, proto je\u0161t\u011b letos nab\u00eddku roz\u0161\u00ed\u0159\u00edme o dal\u0161\u00ed dv\u011b novinky. B\u011bhem letn\u00ed sez\u00f3ny polet\u00ed na\u0161e charterov\u00e9 lety jednou t\u00fddn\u011b nov\u011b na tunisk\u00fd ostrov Djerba a\u00a0do\u00a0Lamezia Terme v\u00a0popul\u00e1rn\u00ed oblasti italsk\u00e9 Kal\u00e1brie. Na\u0161e expanze na brn\u011bnsk\u00e9m leti\u0161ti tak pokra\u010duje, celkem na\u00a0cestuj\u00edc\u00ed \u010dek\u00e1 rekordn\u00edch 19 destinac\u00ed, v\u010detn\u011b m\u00edst, kam se doposud z\u00a0moravsk\u00e9 metropole nel\u00e9talo,\u201c <\/em>p\u0159edstavil Miroslav Kub\u00e1\u010d, \u0159editel charterov\u00fdch z\u00e1jezd\u016f \u010cedoku.\u010cedok nab\u00eddne v\u00a0popul\u00e1rn\u00ed turistick\u00e9 lokalit\u011b v\u00a0Tunisku p\u0159ev\u00e1\u017en\u011b ubytov\u00e1n\u00ed ve \u010dty\u0159hv\u011bzdi\u010dkov\u00fdch hotel\u00edch nebo v\u00a0p\u011btihv\u011bzdi\u010dkov\u00fdch resortech s\u00a0all inclusive. D\u00edky dlouh\u00fdm p\u00edse\u010dn\u00fdm pl\u00e1\u017e\u00edm s\u00a0pozvoln\u00fdm vstupem do\u00a0St\u0159edozemn\u00edho mo\u0159e je Djerba obl\u00edben\u00e1 zejm\u00e9na u rodin s\u00a0d\u011btmi. Na ostrov\u011b mohou n\u00e1v\u0161t\u011bvn\u00edci vid\u011bt nejv\u011bt\u0161\u00ed m\u011bsto Houmt Souk, pevnost Bori el-Kebir, \u0159\u00edmskou hr\u00e1z El Kantara nebo \u017eidovsk\u00e9 pam\u00e1tky. Na\u00a0v\u00fdlety se jezd\u00ed tak\u00e9 do z\u00e1bavn\u00edho parku Djerba Explore s\u00a0nejv\u011bt\u0161\u00ed krokod\u00fdl\u00ed farmou ve\u00a0St\u0159edomo\u0159\u00ed nebo do m\u011bsta hrn\u010d\u00ed\u0159\u016f Guellala. Ji\u017en\u00ed \u010d\u00e1st It\u00e1lie v\u00a0oblasti kolem Lamezie Terme l\u00e1k\u00e1 hlavn\u011b na\u00a0\u010dty\u0159hv\u011bzdi\u010dkov\u00e9 ubytov\u00e1n\u00ed, pl\u00e1\u017ee, skv\u011blou italskou kuchyni a v\u00fdlety po ji\u017en\u00ed It\u00e1lii, v\u010detn\u011b pozn\u00e1vac\u00edch okruh\u016f. Z\u00a0Kal\u00e1brie vedou cesty turist\u016f nej\u010dast\u011bji do m\u011bst Tropea, Pizzo nebo lod\u00ed na bl\u00edzk\u00e9 Liparsk\u00e9 ostrovy. Ve v\u0161ech destinac\u00edch bude klient\u016fm k\u00a0dispozici \u010desk\u00fd deleg\u00e1t.<\/p>\n\n\n\n<div style=\"height:20px\" aria-hidden=\"true\" class=\"wp-block-spacer\"><\/div>\n\n\n\n<figure class=\"wp-block-image\"><img decoding=\"async\" loading=\"lazy\" width=\"1024\" height=\"576\" src=\"https:\/\/hotelhouse.cz\/wp-content\/uploads\/2023\/03\/\u010cedok_Kal\u00e1brie_iStock-1169689411-1024x576.jpg\" alt=\"\" class=\"wp-image-4429\" srcset=\"https:\/\/hotelhouse.cz\/wp-content\/uploads\/2023\/03\/\u010cedok_Kal\u00e1brie_iStock-1169689411-1024x576.jpg 1024w, https:\/\/hotelhouse.cz\/wp-content\/uploads\/2023\/03\/\u010cedok_Kal\u00e1brie_iStock-1169689411-300x169.jpg 300w, https:\/\/hotelhouse.cz\/wp-content\/uploads\/2023\/03\/\u010cedok_Kal\u00e1brie_iStock-1169689411-768x432.jpg 768w, https:\/\/hotelhouse.cz\/wp-content\/uploads\/2023\/03\/\u010cedok_Kal\u00e1brie_iStock-1169689411.jpg 1365w\" sizes=\"(max-width: 1024px) 100vw, 1024px\" \/><\/figure>\n\n\n\n<div style=\"height:20px\" aria-hidden=\"true\" class=\"wp-block-spacer\"><\/div>\n\n\n\n<p>\u201e<em>Cestovatel\u00e9 v p\u0159edprodej\u00edch rezervuj\u00ed nej\u010dast\u011bji rodinn\u00e9 pokoje, \u010dty\u0159hv\u011bzdi\u010dkov\u00e9 a p\u011btihv\u011bzdi\u010dkov\u00e9 hotely, u\u00a0stravov\u00e1n\u00ed vede jednozna\u010dn\u011b all inclusive. Z\u00a0destinac\u00ed dostupn\u00fdch p\u0159\u00edmo z\u00a0Brna si ve first minute vyb\u00edraj\u00ed nejv\u00edce Turecko, \u0160pan\u011blsko, Egypt nebo \u0159eck\u00e9 ostrovy. Da\u0159\u00ed se i nov\u00fdm destinac\u00edm, z\u00e1jem je o Alb\u00e1nii nebo portugalskou Madeiru, kter\u00e1 l\u00e1k\u00e1 na aktivn\u00ed dovolenou i n\u00e1dhernou p\u0159\u00edrodu. V\u011b\u0159\u00edme, \u017ee z\u00e1jem bude i o novinky,\u201c<\/em> dodal Miroslav Kub\u00e1\u010d.<\/p>\n\n\n\n<p>\nI\nna tuniskou Djerbu a do Kal\u00e1brie budou klienti l\u00e9tat s&nbsp;leteckou\nspole\u010dnost\u00ed Smartwings na&nbsp;palub\u011b Boeingu&nbsp;737\nv&nbsp;konfiguraci pro 189 cestuj\u00edc\u00edch v&nbsp;ekonomick\u00e9 t\u0159\u00edd\u011b.\nDoba letu na&nbsp;nejv\u011bt\u0161\u00ed tunisk\u00fd ostrov potrv\u00e1 p\u0159ibli\u017en\u011b\ndv\u011b a p\u016fl hodiny, do ji\u017en\u00ed It\u00e1lie pak necel\u00e9 dv\u011b hodiny.<\/p>\n\n\n\n<p>\u201e<em>Aktivita stabiln\u00edho hr\u00e1\u010de na trhu, cestovn\u00ed kancel\u00e1\u0159e \u010cedok, je dal\u0161\u00edm atraktivn\u00edm o\u017eiven\u00edm trhu s nab\u00eddkou leteck\u00fdch spojen\u00ed do dovolenkov\u00fdch destinac\u00ed z Brna. Jsme r\u00e1di, \u017ee po\u010det pl\u00e1novan\u00fdch destinac\u00ed, ze kter\u00fdch si mohou cestuj\u00edc\u00ed vyb\u00edrat, se t\u00edmto op\u011bt rozr\u016fst\u00e1. T\u011b\u0161\u00ed n\u00e1s tak\u00e9 z\u00e1jem cestuj\u00edc\u00edch o nov\u00e9 a znovuzaveden\u00e9 destinace, a tak ji\u017e nyn\u00ed leto\u0161n\u00ed letn\u00ed sez\u00f3nu s nad\u0161en\u00edm o\u010dek\u00e1v\u00e1me a piln\u011b se na ni p\u0159ipravujeme,&#8220;<\/em>\u00a0doplnil Radek Lang,\u00a0Airport Services Manager, LETI\u0160T\u011a BRNO a.s.\u00a0<\/p>\n\n\n\n<p>Kompletn\u00ed nab\u00eddka z\u00e1jezd\u016f z Brna je v prodeji na webov\u00fdch str\u00e1nk\u00e1ch <a href=\"http:\/\/www.cedok.cz\/\">www.cedok.cz<\/a>, na\u00a0infolince, pobo\u010dk\u00e1ch \u010cedoku po cel\u00e9 \u010cR nebo v\u00a0\u0161irok\u00e9 s\u00edti provizn\u00edch prodejc\u016f.<\/p>\n\n\n\n<div style=\"height:20px\" aria-hidden=\"true\" class=\"wp-block-spacer\"><\/div>\n\n\n\n<figure class=\"wp-block-image\"><img decoding=\"async\" loading=\"lazy\" width=\"1024\" height=\"722\" src=\"https:\/\/hotelhouse.cz\/wp-content\/uploads\/2023\/03\/\u010cedok_Mapa-destinac\u00ed_Brno_L\u00e9\u0165o-2023-1024x722.jpg\" alt=\"\" class=\"wp-image-4430\" srcset=\"https:\/\/hotelhouse.cz\/wp-content\/uploads\/2023\/03\/\u010cedok_Mapa-destinac\u00ed_Brno_L\u00e9\u0165o-2023-1024x722.jpg 1024w, https:\/\/hotelhouse.cz\/wp-content\/uploads\/2023\/03\/\u010cedok_Mapa-destinac\u00ed_Brno_L\u00e9\u0165o-2023-300x211.jpg 300w, https:\/\/hotelhouse.cz\/wp-content\/uploads\/2023\/03\/\u010cedok_Mapa-destinac\u00ed_Brno_L\u00e9\u0165o-2023-768x541.jpg 768w\" sizes=\"(max-width: 1024px) 100vw, 1024px\" \/><\/figure>\n\n\n\n<div style=\"height:20px\" aria-hidden=\"true\" class=\"wp-block-spacer\"><\/div>\n\n\n\n<h3 class=\"wp-block-heading\"><strong>P\u0159ehled\ndestinac\u00ed \u010cedoku z Brna v&nbsp;letn\u00ed sez\u00f3n\u011b 2023:<\/strong><\/h3>\n\n\n\n<h4 class=\"wp-block-heading\"><strong>Destinace\t\tZem\u011b\t\t\t<\/strong><\/h4>\n\n\n\n<p>Antalya\t\t\tTurecko<\/p>\n\n\n\n<p>Burgas\t\t\tBulharsko<\/p>\n\n\n\n<p><strong>Djerba\t\t\tTunisko<\/strong><\/p>\n\n\n\n<p>Fuerteventura\t\tKan\u00e1rsk\u00e9\nostrovy\/\u0160pan\u011blsko<\/p>\n\n\n\n<p>Hurghada\t\tEgypt<\/p>\n\n\n\n<p>Kavala\n(Thassos)\t\u0158ecko\t<\/p>\n\n\n\n<p>Korfu\t\t\t\u0158ecko<\/p>\n\n\n\n<p>Kos\t\t\t\u0158ecko<\/p>\n\n\n\n<p>Kr\u00e9ta\/Heraklion\t\u0158ecko<\/p>\n\n\n\n<p><strong>Lamezia\nTerme\tIt\u00e1lie\t<\/strong><\/p>\n\n\n\n<p>Madeira\t\tPortugalsko\t\t\t\t<\/p>\n\n\n\n<p>Mallorca\t\tBale\u00e1rsk\u00e9\nostrovy\/\u0160pan\u011blsko\t\t<\/p>\n\n\n\n<p>Marsa\nAlam\t\tEgypt<\/p>\n\n\n\n<p>Rhodos\t\t\t\u0158ecko<\/p>\n\n\n\n<p>Taba\t\t\tEgypt<\/p>\n\n\n\n<p>Tenerife\t\tKan\u00e1rsk\u00e9\nostrovy\/\u0160pan\u011blsko<\/p>\n\n\n\n<p>Tirana\t\t\tAlb\u00e1nie\t<\/p>\n\n\n\n<p>Varna\t\t\tBulharsko<\/p>\n\n\n\n<p>Zakynthos \u0158ecko<\/p>\n\n\n\n<div style=\"height:49px\" aria-hidden=\"true\" class=\"wp-block-spacer\"><\/div>\n\n\n\n<ul class=\"wp-block-gallery columns-2 is-cropped wp-block-gallery-1 is-layout-flex wp-block-gallery-is-layout-flex\"><li class=\"blocks-gallery-item\"><figure><img decoding=\"async\" loading=\"lazy\" width=\"1024\" height=\"683\" src=\"https:\/\/hotelhouse.cz\/wp-content\/uploads\/2023\/03\/\u010cedok_Djerba_iStock-1181248777-1024x683.jpg\" alt=\"\" data-id=\"4428\" data-link=\"https:\/\/hotelhouse.cz\/?attachment_id=4428\" class=\"wp-image-4428\" srcset=\"https:\/\/hotelhouse.cz\/wp-content\/uploads\/2023\/03\/\u010cedok_Djerba_iStock-1181248777-1024x683.jpg 1024w, https:\/\/hotelhouse.cz\/wp-content\/uploads\/2023\/03\/\u010cedok_Djerba_iStock-1181248777-300x200.jpg 300w, https:\/\/hotelhouse.cz\/wp-content\/uploads\/2023\/03\/\u010cedok_Djerba_iStock-1181248777-768x512.jpg 768w, https:\/\/hotelhouse.cz\/wp-content\/uploads\/2023\/03\/\u010cedok_Djerba_iStock-1181248777.jpg 1697w\" sizes=\"(max-width: 1024px) 100vw, 1024px\" \/><\/figure><\/li><li class=\"blocks-gallery-item\"><figure><img decoding=\"async\" loading=\"lazy\" width=\"1024\" height=\"576\" src=\"https:\/\/hotelhouse.cz\/wp-content\/uploads\/2023\/03\/\u010cedok_Kal\u00e1brie_iStock-1169689411-1024x576.jpg\" alt=\"\" data-id=\"4429\" data-link=\"https:\/\/hotelhouse.cz\/?attachment_id=4429\" class=\"wp-image-4429\" srcset=\"https:\/\/hotelhouse.cz\/wp-content\/uploads\/2023\/03\/\u010cedok_Kal\u00e1brie_iStock-1169689411-1024x576.jpg 1024w, https:\/\/hotelhouse.cz\/wp-content\/uploads\/2023\/03\/\u010cedok_Kal\u00e1brie_iStock-1169689411-300x169.jpg 300w, https:\/\/hotelhouse.cz\/wp-content\/uploads\/2023\/03\/\u010cedok_Kal\u00e1brie_iStock-1169689411-768x432.jpg 768w, https:\/\/hotelhouse.cz\/wp-content\/uploads\/2023\/03\/\u010cedok_Kal\u00e1brie_iStock-1169689411.jpg 1365w\" sizes=\"(max-width: 1024px) 100vw, 1024px\" \/><\/figure><\/li><li class=\"blocks-gallery-item\"><figure><img decoding=\"async\" loading=\"lazy\" width=\"1024\" height=\"722\" src=\"https:\/\/hotelhouse.cz\/wp-content\/uploads\/2023\/03\/\u010cedok_Mapa-destinac\u00ed_Brno_L\u00e9\u0165o-2023-1024x722.jpg\" alt=\"\" data-id=\"4430\" data-link=\"https:\/\/hotelhouse.cz\/?attachment_id=4430\" class=\"wp-image-4430\" srcset=\"https:\/\/hotelhouse.cz\/wp-content\/uploads\/2023\/03\/\u010cedok_Mapa-destinac\u00ed_Brno_L\u00e9\u0165o-2023-1024x722.jpg 1024w, https:\/\/hotelhouse.cz\/wp-content\/uploads\/2023\/03\/\u010cedok_Mapa-destinac\u00ed_Brno_L\u00e9\u0165o-2023-300x211.jpg 300w, https:\/\/hotelhouse.cz\/wp-content\/uploads\/2023\/03\/\u010cedok_Mapa-destinac\u00ed_Brno_L\u00e9\u0165o-2023-768x541.jpg 768w\" sizes=\"(max-width: 1024px) 100vw, 1024px\" \/><\/figure><\/li><\/ul>\n\n\n\n<p><strong>Zdroj foto:<\/strong> \u010cedok<\/p>\n\n\n\n<div style=\"height:46px\" aria-hidden=\"true\" class=\"wp-block-spacer\"><\/div>\n","protected":false},"excerpt":{"rendered":"<p>Rezervace dovolen\u00fdch trhaj\u00ed v\u00a0leto\u0161n\u00edm roce rekordy a z\u00e1jem roste tak\u00e9 o odlety z\u00a0region\u00e1ln\u00edch leti\u0161\u0165. Cestovn\u00ed kancel\u00e1\u0159 \u010cedok v\u00a0leto\u0161n\u00ed sez\u00f3n\u011b proto p\u0159ipravila expanzi v\u00a0Brn\u011b a nab\u00eddne cestuj\u00edc\u00edm celkem 19 destinac\u00ed, mezi kter\u00e9 pat\u0159\u00ed u\u017e celkem&#46;&#46;&#46;<\/p>\n","protected":false},"author":3,"featured_media":4428,"comment_status":"closed","ping_status":"closed","sticky":false,"template":"","format":"standard","meta":{"_monsterinsights_skip_tracking":false,"_monsterinsights_sitenote_active":false,"_monsterinsights_sitenote_note":"","_monsterinsights_sitenote_category":0,"footnotes":""},"categories":[24,2,23],"tags":[],"yoast_head":"<!-- This site is optimized with the Yoast SEO plugin v21.5 - https:\/\/yoast.com\/wordpress\/plugins\/seo\/ -->\n<title>Z Brna se bude l\u00e9tat na Djerbu a do italsk\u00e9 Kal\u00e1brie - HOTELHOUSE.cz<\/title>\n<meta name=\"robots\" content=\"index, follow, max-snippet:-1, max-image-preview:large, max-video-preview:-1\" \/>\n<link rel=\"canonical\" href=\"https:\/\/hotelhouse.cz\/index.php\/2023\/03\/02\/z-brna-se-bude-letat-na-djerbu-a-do-italske-kalabrie\/\" \/>\n<meta property=\"og:locale\" content=\"cs_CZ\" \/>\n<meta property=\"og:type\" content=\"article\" \/>\n<meta property=\"og:title\" content=\"Z Brna se bude l\u00e9tat na Djerbu a do italsk\u00e9 Kal\u00e1brie - HOTELHOUSE.cz\" \/>\n<meta property=\"og:description\" content=\"Rezervace dovolen\u00fdch trhaj\u00ed v\u00a0leto\u0161n\u00edm roce rekordy a z\u00e1jem roste tak\u00e9 o odlety z\u00a0region\u00e1ln\u00edch leti\u0161\u0165. Cestovn\u00ed kancel\u00e1\u0159 \u010cedok v\u00a0leto\u0161n\u00ed sez\u00f3n\u011b proto p\u0159ipravila expanzi v\u00a0Brn\u011b a nab\u00eddne cestuj\u00edc\u00edm celkem 19 destinac\u00ed, mezi kter\u00e9 pat\u0159\u00ed u\u017e celkem&#046;&#046;&#046;\" \/>\n<meta property=\"og:url\" content=\"https:\/\/hotelhouse.cz\/index.php\/2023\/03\/02\/z-brna-se-bude-letat-na-djerbu-a-do-italske-kalabrie\/\" \/>\n<meta property=\"og:site_name\" content=\"HOTELHOUSE.cz\" \/>\n<meta property=\"article:published_time\" content=\"2023-03-02T13:06:02+00:00\" \/>\n<meta property=\"article:modified_time\" content=\"2023-03-03T13:12:40+00:00\" \/>\n<meta property=\"og:image\" content=\"https:\/\/hotelhouse.cz\/wp-content\/uploads\/2023\/03\/\u010cedok_Djerba_iStock-1181248777.jpg\" \/>\n\t<meta property=\"og:image:width\" content=\"1697\" \/>\n\t<meta property=\"og:image:height\" content=\"1132\" \/>\n\t<meta property=\"og:image:type\" content=\"image\/jpeg\" \/>\n<meta name=\"author\" content=\"Van\u011bk Miroslav\" \/>\n<meta name=\"twitter:card\" content=\"summary_large_image\" \/>\n<meta name=\"twitter:label1\" content=\"Napsal(a)\" \/>\n\t<meta name=\"twitter:data1\" content=\"Van\u011bk Miroslav\" \/>\n\t<meta name=\"twitter:label2\" content=\"Odhadovan\u00e1 doba \u010dten\u00ed\" \/>\n\t<meta name=\"twitter:data2\" content=\"4 minuty\" \/>\n<script type=\"application\/ld+json\" class=\"yoast-schema-graph\">{\"@context\":\"https:\/\/schema.org\",\"@graph\":[{\"@type\":\"Article\",\"@id\":\"https:\/\/hotelhouse.cz\/index.php\/2023\/03\/02\/z-brna-se-bude-letat-na-djerbu-a-do-italske-kalabrie\/#article\",\"isPartOf\":{\"@id\":\"https:\/\/hotelhouse.cz\/index.php\/2023\/03\/02\/z-brna-se-bude-letat-na-djerbu-a-do-italske-kalabrie\/\"},\"author\":{\"name\":\"Van\u011bk Miroslav\",\"@id\":\"https:\/\/hotelhouse.cz\/#\/schema\/person\/fa8caee3f0a9c6134afed3c541204812\"},\"headline\":\"Z Brna se bude l\u00e9tat na Djerbu a do italsk\u00e9 Kal\u00e1brie\",\"datePublished\":\"2023-03-02T13:06:02+00:00\",\"dateModified\":\"2023-03-03T13:12:40+00:00\",\"mainEntityOfPage\":{\"@id\":\"https:\/\/hotelhouse.cz\/index.php\/2023\/03\/02\/z-brna-se-bude-letat-na-djerbu-a-do-italske-kalabrie\/\"},\"wordCount\":861,\"publisher\":{\"@id\":\"https:\/\/hotelhouse.cz\/#organization\"},\"articleSection\":[\"LETENKY\",\"NEWS\",\"TIPY NA CESTOV\u00c1N\u00cd\"],\"inLanguage\":\"cs\"},{\"@type\":\"WebPage\",\"@id\":\"https:\/\/hotelhouse.cz\/index.php\/2023\/03\/02\/z-brna-se-bude-letat-na-djerbu-a-do-italske-kalabrie\/\",\"url\":\"https:\/\/hotelhouse.cz\/index.php\/2023\/03\/02\/z-brna-se-bude-letat-na-djerbu-a-do-italske-kalabrie\/\",\"name\":\"Z Brna se bude l\u00e9tat na Djerbu a do italsk\u00e9 Kal\u00e1brie - HOTELHOUSE.cz\",\"isPartOf\":{\"@id\":\"https:\/\/hotelhouse.cz\/#website\"},\"datePublished\":\"2023-03-02T13:06:02+00:00\",\"dateModified\":\"2023-03-03T13:12:40+00:00\",\"breadcrumb\":{\"@id\":\"https:\/\/hotelhouse.cz\/index.php\/2023\/03\/02\/z-brna-se-bude-letat-na-djerbu-a-do-italske-kalabrie\/#breadcrumb\"},\"inLanguage\":\"cs\",\"potentialAction\":[{\"@type\":\"ReadAction\",\"target\":[\"https:\/\/hotelhouse.cz\/index.php\/2023\/03\/02\/z-brna-se-bude-letat-na-djerbu-a-do-italske-kalabrie\/\"]}]},{\"@type\":\"BreadcrumbList\",\"@id\":\"https:\/\/hotelhouse.cz\/index.php\/2023\/03\/02\/z-brna-se-bude-letat-na-djerbu-a-do-italske-kalabrie\/#breadcrumb\",\"itemListElement\":[{\"@type\":\"ListItem\",\"position\":1,\"name\":\"Dom\u016f\",\"item\":\"https:\/\/hotelhouse.cz\/\"},{\"@type\":\"ListItem\",\"position\":2,\"name\":\"Z Brna se bude l\u00e9tat na Djerbu a do italsk\u00e9 Kal\u00e1brie\"}]},{\"@type\":\"WebSite\",\"@id\":\"https:\/\/hotelhouse.cz\/#website\",\"url\":\"https:\/\/hotelhouse.cz\/\",\"name\":\"HOTELHOUSE.cz\",\"description\":\"Port\u00e1l o hotelech, pensionech, spa resortech a restaurac\u00edch...\",\"publisher\":{\"@id\":\"https:\/\/hotelhouse.cz\/#organization\"},\"potentialAction\":[{\"@type\":\"SearchAction\",\"target\":{\"@type\":\"EntryPoint\",\"urlTemplate\":\"https:\/\/hotelhouse.cz\/?s={search_term_string}\"},\"query-input\":\"required name=search_term_string\"}],\"inLanguage\":\"cs\"},{\"@type\":\"Organization\",\"@id\":\"https:\/\/hotelhouse.cz\/#organization\",\"name\":\"HOTELHOUSE.cz\",\"url\":\"https:\/\/hotelhouse.cz\/\",\"logo\":{\"@type\":\"ImageObject\",\"inLanguage\":\"cs\",\"@id\":\"https:\/\/hotelhouse.cz\/#\/schema\/logo\/image\/\",\"url\":\"https:\/\/hotelhouse.cz\/wp-content\/uploads\/2024\/12\/cropped-Logo_HotelHouse-2.jpg\",\"contentUrl\":\"https:\/\/hotelhouse.cz\/wp-content\/uploads\/2024\/12\/cropped-Logo_HotelHouse-2.jpg\",\"width\":933,\"height\":516,\"caption\":\"HOTELHOUSE.cz\"},\"image\":{\"@id\":\"https:\/\/hotelhouse.cz\/#\/schema\/logo\/image\/\"},\"sameAs\":[\"https:\/\/www.instagram.com\/hotelhousecz\/\"]},{\"@type\":\"Person\",\"@id\":\"https:\/\/hotelhouse.cz\/#\/schema\/person\/fa8caee3f0a9c6134afed3c541204812\",\"name\":\"Van\u011bk Miroslav\",\"image\":{\"@type\":\"ImageObject\",\"inLanguage\":\"cs\",\"@id\":\"https:\/\/hotelhouse.cz\/#\/schema\/person\/image\/\",\"url\":\"https:\/\/secure.gravatar.com\/avatar\/cc93dbecbfc820d69a964ea4a1c72377?s=96&d=mm&r=g\",\"contentUrl\":\"https:\/\/secure.gravatar.com\/avatar\/cc93dbecbfc820d69a964ea4a1c72377?s=96&d=mm&r=g\",\"caption\":\"Van\u011bk Miroslav\"},\"sameAs\":[\"http:\/\/www.hotelhouse.cz\"],\"url\":\"https:\/\/hotelhouse.cz\/index.php\/author\/mirvan\/\"}]}<\/script>\n<!-- \/ Yoast SEO plugin. -->","yoast_head_json":{"title":"Z Brna se bude l\u00e9tat na Djerbu a do italsk\u00e9 Kal\u00e1brie - HOTELHOUSE.cz","robots":{"index":"index","follow":"follow","max-snippet":"max-snippet:-1","max-image-preview":"max-image-preview:large","max-video-preview":"max-video-preview:-1"},"canonical":"https:\/\/hotelhouse.cz\/index.php\/2023\/03\/02\/z-brna-se-bude-letat-na-djerbu-a-do-italske-kalabrie\/","og_locale":"cs_CZ","og_type":"article","og_title":"Z Brna se bude l\u00e9tat na Djerbu a do italsk\u00e9 Kal\u00e1brie - HOTELHOUSE.cz","og_description":"Rezervace dovolen\u00fdch trhaj\u00ed v\u00a0leto\u0161n\u00edm roce rekordy a z\u00e1jem roste tak\u00e9 o odlety z\u00a0region\u00e1ln\u00edch leti\u0161\u0165. Cestovn\u00ed kancel\u00e1\u0159 \u010cedok v\u00a0leto\u0161n\u00ed sez\u00f3n\u011b proto p\u0159ipravila expanzi v\u00a0Brn\u011b a nab\u00eddne cestuj\u00edc\u00edm celkem 19 destinac\u00ed, mezi kter\u00e9 pat\u0159\u00ed u\u017e celkem&#46;&#46;&#46;","og_url":"https:\/\/hotelhouse.cz\/index.php\/2023\/03\/02\/z-brna-se-bude-letat-na-djerbu-a-do-italske-kalabrie\/","og_site_name":"HOTELHOUSE.cz","article_published_time":"2023-03-02T13:06:02+00:00","article_modified_time":"2023-03-03T13:12:40+00:00","og_image":[{"width":1697,"height":1132,"url":"https:\/\/hotelhouse.cz\/wp-content\/uploads\/2023\/03\/\u010cedok_Djerba_iStock-1181248777.jpg","type":"image\/jpeg"}],"author":"Van\u011bk Miroslav","twitter_card":"summary_large_image","twitter_misc":{"Napsal(a)":"Van\u011bk Miroslav","Odhadovan\u00e1 doba \u010dten\u00ed":"4 minuty"},"schema":{"@context":"https:\/\/schema.org","@graph":[{"@type":"Article","@id":"https:\/\/hotelhouse.cz\/index.php\/2023\/03\/02\/z-brna-se-bude-letat-na-djerbu-a-do-italske-kalabrie\/#article","isPartOf":{"@id":"https:\/\/hotelhouse.cz\/index.php\/2023\/03\/02\/z-brna-se-bude-letat-na-djerbu-a-do-italske-kalabrie\/"},"author":{"name":"Van\u011bk Miroslav","@id":"https:\/\/hotelhouse.cz\/#\/schema\/person\/fa8caee3f0a9c6134afed3c541204812"},"headline":"Z Brna se bude l\u00e9tat na Djerbu a do italsk\u00e9 Kal\u00e1brie","datePublished":"2023-03-02T13:06:02+00:00","dateModified":"2023-03-03T13:12:40+00:00","mainEntityOfPage":{"@id":"https:\/\/hotelhouse.cz\/index.php\/2023\/03\/02\/z-brna-se-bude-letat-na-djerbu-a-do-italske-kalabrie\/"},"wordCount":861,"publisher":{"@id":"https:\/\/hotelhouse.cz\/#organization"},"articleSection":["LETENKY","NEWS","TIPY NA CESTOV\u00c1N\u00cd"],"inLanguage":"cs"},{"@type":"WebPage","@id":"https:\/\/hotelhouse.cz\/index.php\/2023\/03\/02\/z-brna-se-bude-letat-na-djerbu-a-do-italske-kalabrie\/","url":"https:\/\/hotelhouse.cz\/index.php\/2023\/03\/02\/z-brna-se-bude-letat-na-djerbu-a-do-italske-kalabrie\/","name":"Z Brna se bude l\u00e9tat na Djerbu a do italsk\u00e9 Kal\u00e1brie - HOTELHOUSE.cz","isPartOf":{"@id":"https:\/\/hotelhouse.cz\/#website"},"datePublished":"2023-03-02T13:06:02+00:00","dateModified":"2023-03-03T13:12:40+00:00","breadcrumb":{"@id":"https:\/\/hotelhouse.cz\/index.php\/2023\/03\/02\/z-brna-se-bude-letat-na-djerbu-a-do-italske-kalabrie\/#breadcrumb"},"inLanguage":"cs","potentialAction":[{"@type":"ReadAction","target":["https:\/\/hotelhouse.cz\/index.php\/2023\/03\/02\/z-brna-se-bude-letat-na-djerbu-a-do-italske-kalabrie\/"]}]},{"@type":"BreadcrumbList","@id":"https:\/\/hotelhouse.cz\/index.php\/2023\/03\/02\/z-brna-se-bude-letat-na-djerbu-a-do-italske-kalabrie\/#breadcrumb","itemListElement":[{"@type":"ListItem","position":1,"name":"Dom\u016f","item":"https:\/\/hotelhouse.cz\/"},{"@type":"ListItem","position":2,"name":"Z Brna se bude l\u00e9tat na Djerbu a do italsk\u00e9 Kal\u00e1brie"}]},{"@type":"WebSite","@id":"https:\/\/hotelhouse.cz\/#website","url":"https:\/\/hotelhouse.cz\/","name":"HOTELHOUSE.cz","description":"Port\u00e1l o hotelech, pensionech, spa resortech a restaurac\u00edch...","publisher":{"@id":"https:\/\/hotelhouse.cz\/#organization"},"potentialAction":[{"@type":"SearchAction","target":{"@type":"EntryPoint","urlTemplate":"https:\/\/hotelhouse.cz\/?s={search_term_string}"},"query-input":"required name=search_term_string"}],"inLanguage":"cs"},{"@type":"Organization","@id":"https:\/\/hotelhouse.cz\/#organization","name":"HOTELHOUSE.cz","url":"https:\/\/hotelhouse.cz\/","logo":{"@type":"ImageObject","inLanguage":"cs","@id":"https:\/\/hotelhouse.cz\/#\/schema\/logo\/image\/","url":"https:\/\/hotelhouse.cz\/wp-content\/uploads\/2024\/12\/cropped-Logo_HotelHouse-2.jpg","contentUrl":"https:\/\/hotelhouse.cz\/wp-content\/uploads\/2024\/12\/cropped-Logo_HotelHouse-2.jpg","width":933,"height":516,"caption":"HOTELHOUSE.cz"},"image":{"@id":"https:\/\/hotelhouse.cz\/#\/schema\/logo\/image\/"},"sameAs":["https:\/\/www.instagram.com\/hotelhousecz\/"]},{"@type":"Person","@id":"https:\/\/hotelhouse.cz\/#\/schema\/person\/fa8caee3f0a9c6134afed3c541204812","name":"Van\u011bk Miroslav","image":{"@type":"ImageObject","inLanguage":"cs","@id":"https:\/\/hotelhouse.cz\/#\/schema\/person\/image\/","url":"https:\/\/secure.gravatar.com\/avatar\/cc93dbecbfc820d69a964ea4a1c72377?s=96&d=mm&r=g","contentUrl":"https:\/\/secure.gravatar.com\/avatar\/cc93dbecbfc820d69a964ea4a1c72377?s=96&d=mm&r=g","caption":"Van\u011bk Miroslav"},"sameAs":["http:\/\/www.hotelhouse.cz"],"url":"https:\/\/hotelhouse.cz\/index.php\/author\/mirvan\/"}]}},"_links":{"self":[{"href":"https:\/\/hotelhouse.cz\/index.php\/wp-json\/wp\/v2\/posts\/4427"}],"collection":[{"href":"https:\/\/hotelhouse.cz\/index.php\/wp-json\/wp\/v2\/posts"}],"about":[{"href":"https:\/\/hotelhouse.cz\/index.php\/wp-json\/wp\/v2\/types\/post"}],"author":[{"embeddable":true,"href":"https:\/\/hotelhouse.cz\/index.php\/wp-json\/wp\/v2\/users\/3"}],"replies":[{"embeddable":true,"href":"https:\/\/hotelhouse.cz\/index.php\/wp-json\/wp\/v2\/comments?post=4427"}],"version-history":[{"count":1,"href":"https:\/\/hotelhouse.cz\/index.php\/wp-json\/wp\/v2\/posts\/4427\/revisions"}],"predecessor-version":[{"id":4431,"href":"https:\/\/hotelhouse.cz\/index.php\/wp-json\/wp\/v2\/posts\/4427\/revisions\/4431"}],"wp:featuredmedia":[{"embeddable":true,"href":"https:\/\/hotelhouse.cz\/index.php\/wp-json\/wp\/v2\/media\/4428"}],"wp:attachment":[{"href":"https:\/\/hotelhouse.cz\/index.php\/wp-json\/wp\/v2\/media?parent=4427"}],"wp:term":[{"taxonomy":"category","embeddable":true,"href":"https:\/\/hotelhouse.cz\/index.php\/wp-json\/wp\/v2\/categories?post=4427"},{"taxonomy":"post_tag","embeddable":true,"href":"https:\/\/hotelhouse.cz\/index.php\/wp-json\/wp\/v2\/tags?post=4427"}],"curies":[{"name":"wp","href":"https:\/\/api.w.org\/{rel}","templated":true}]}}