{"id":5217,"date":"2023-07-13T00:01:26","date_gmt":"2023-07-12T22:01:26","guid":{"rendered":"https:\/\/hotelhouse.cz\/?p=5217"},"modified":"2023-07-15T00:47:54","modified_gmt":"2023-07-14T22:47:54","slug":"tradicni-francouzsky-trh-se-nove-predstavi-v-zahradach-trojskeho-zamku","status":"publish","type":"post","link":"https:\/\/hotelhouse.cz\/index.php\/2023\/07\/13\/tradicni-francouzsky-trh-se-nove-predstavi-v-zahradach-trojskeho-zamku\/","title":{"rendered":"Tradi\u010dn\u00ed Francouzsk\u00fd trh se nov\u011b p\u0159edstav\u00ed v\u00a0zahrad\u00e1ch Trojsk\u00e9ho z\u00e1mku"},"content":{"rendered":"\n<div style=\"height:61px\" aria-hidden=\"true\" class=\"wp-block-spacer\"><\/div>\n\n\n\n<p><strong>N\u00e1v\u0161t\u011bvn\u00edci se mohou t\u011b\u0161it na \u010dty\u0159i des\u00edtky vystavovatel\u016f, v\u00edce m\u00edsta k\u00a0odpo\u010dinku a bohat\u00fd doprovodn\u00fd program pro rodiny s d\u011btmi<\/strong>.<\/p>\n\n\n\n<div style=\"height:35px\" aria-hidden=\"true\" class=\"wp-block-spacer\"><\/div>\n\n\n\n<h2 class=\"wp-block-heading\">AUDIO POZV\u00c1NKA:<\/h2>\n\n\n\n<div style=\"height:35px\" aria-hidden=\"true\" class=\"wp-block-spacer\"><\/div>\n\n\n\n<figure class=\"wp-block-audio\"><audio controls src=\"https:\/\/hotelhouse.cz\/wp-content\/uploads\/2023\/07\/PODCAST-Francouzsky-trh.mp3\"><\/audio><\/figure>\n\n\n\n<div style=\"height:26px\" aria-hidden=\"true\" class=\"wp-block-spacer\"><\/div>\n\n\n\n<p style=\"text-align:center\"><strong> Odstartoval tradi\u010dn\u00ed Francouzsk\u00fd trh, kter\u00fd se letos kon\u00e1 od 13. &#8211; 16. \u010dervence v zahrad\u011b Trojsk\u00e9ho z\u00e1mku. <\/strong><\/p>\n\n\n\n<div style=\"height:43px\" aria-hidden=\"true\" class=\"wp-block-spacer\"><\/div>\n\n\n\n<p><strong>Letos ji\u017e 16. ro\u010dn\u00edk Francouzsk\u00e9ho trhu, kter\u00fd nab\u00eddne vynikaj\u00edc\u00ed v\u00edno a pochoutky ze zem\u011b galsk\u00e9ho kohouta, se bude konat od \u010dtvrtka 13. \u010dervence do ned\u011ble 16. \u010dervence 2023. Stejn\u011b jako ka\u017ed\u00fd rok budou m\u00edt n\u00e1v\u0161t\u011bvn\u00edci mo\u017enost ochutnat vybran\u00e9 francouzsk\u00e9 speciality a u\u017e\u00edt si nezapomenutelnou atmosf\u00e9ru trh\u016f, letos ov\u0161em ve zcela nov\u00e9 atraktivn\u00ed lokalit\u011b Trojsk\u00e9ho z\u00e1mku. Krom\u011b dobrot \u010dek\u00e1 n\u00e1v\u0161t\u011bvn\u00edky i z\u00e1bavn\u00ed program pro d\u011bti a \u0159ada hudebn\u00edch vystoupen\u00ed.<\/strong><\/p>\n\n\n\n<div style=\"height:20px\" aria-hidden=\"true\" class=\"wp-block-spacer\"><\/div>\n\n\n\n<figure class=\"wp-block-image size-large\"><img decoding=\"async\" src=\"https:\/\/letniservis.cz\/wp-content\/uploads\/2023\/07\/Let\u00edme-z-Kampy-do-Troji-1024x389.jpg\" alt=\"\" class=\"wp-image-2267\"\/><\/figure>\n\n\n\n<div style=\"height:20px\" aria-hidden=\"true\" class=\"wp-block-spacer\"><\/div>\n\n\n\n<p>\u201eRozhodnut\u00ed p\u0159en\u00e9st Francouzsk\u00fd trh na nov\u00e9 m\u00edsto pro n\u00e1s nebylo jednoduch\u00e9. Na Kamp\u011b jsme str\u00e1vili patn\u00e1ct let a m\u00e1me na tuto lokalitu spoustu kr\u00e1sn\u00fdch vzpom\u00ednek, nicm\u00e9n\u011b st\u00e1le rostouc\u00ed obliba akce n\u00e1m neumo\u017e\u0148ovala zajistit pro n\u00e1v\u0161t\u011bvn\u00edky, kter\u00fdch loni dorazilo v\u00edce ne\u017e 60 tis\u00edc, takov\u00fd komfort, jak\u00fd bychom si p\u0159edstavovali. Proto se letos poprv\u00e9 p\u0159esuneme do zahrad Trojsk\u00e9ho z\u00e1mku, kter\u00fd jsme si okam\u017eit\u011b zamilovali,\u201c \u0159\u00edk\u00e1 Thomas Bouton, zakladatel a hlavn\u00ed organiz\u00e1tor Francouzsk\u00e9ho trhu.<\/p>\n\n\n\n<p>Z\u00e1mek v Tr\u00f3ji a jeho p\u0159ilehl\u00e1 zahrada a park vytv\u00e1\u0159\u00ed kouzelnou atmosf\u00e9ru, kter\u00e1 n\u00e1v\u0161t\u011bvn\u00edk\u016fm nab\u00eddne v\u00edce zelen\u011b a m\u00edst k&nbsp;odpo\u010dinku, aby si b\u011bhem sv\u00e9 n\u00e1v\u0161t\u011bvy mohli u\u017e\u00edt to nejlep\u0161\u00ed z&nbsp;Francie. \u201eN\u00e1v\u0161t\u011bvn\u00edk\u016fm letos nab\u00eddneme v\u00edce ne\u017e 170 m\u00edst k&nbsp;sezen\u00ed, k&nbsp;dispozici budou tak\u00e9 stolky, pohodln\u00e1 leh\u00e1tka a nov\u011b t\u0159i h\u0159i\u0161t\u011b na p\u00e9tanque,\u201c <strong>dod\u00e1v\u00e1 Thomas Bouton<\/strong>.<\/p>\n\n\n\n<div style=\"height:20px\" aria-hidden=\"true\" class=\"wp-block-spacer\"><\/div>\n\n\n\n<div class=\"wp-block-image size-large\"><figure class=\"aligncenter is-resized\"><img decoding=\"async\" loading=\"lazy\" src=\"https:\/\/letniservis.cz\/wp-content\/uploads\/2023\/07\/Francouzsk\u00e9-trhy.jpg\" alt=\"\" class=\"wp-image-2266\" width=\"884\" height=\"884\"\/><\/figure><\/div>\n\n\n\n<div style=\"height:20px\" aria-hidden=\"true\" class=\"wp-block-spacer\"><\/div>\n\n\n\n<p>Z\u00e1mek se nach\u00e1z\u00ed v doch\u00e1zkov\u00e9 vzd\u00e1lenosti od obl\u00edben\u00e9ho parku Stromovka, v&nbsp;bezprost\u0159edn\u00ed bl\u00edzkosti nechyb\u00ed pra\u017esk\u00e1 ZOO \u010di botanick\u00e1 zahrada. Lid\u00e9 tak mohou jednodu\u0161e vyrazit na proch\u00e1zku, vyj\u00ed\u017e\u010fku na kole nebo vyu\u017e\u00edt frekventovan\u00e9 autobusov\u00e9 spojen\u00ed a u\u017e\u00edt si tu pravou Francii na z\u00e1mku. Alternativn\u011b lze cestovat za Francouzsk\u00fdm trhem tak trochu jinak&nbsp;\u2013 na palub\u011b&nbsp;lodi nebo parn\u00edku, a je\u0161t\u011b si odn\u00e9st skv\u011bl\u00fd z\u00e1\u017eitek. Pravideln\u00e1 lodn\u00ed linka vyplouv\u00e1&nbsp;z Ra\u0161\u00ednova n\u00e1b\u0159e\u017e\u00ed a cesta<strong> <\/strong>do p\u0159\u00edstavi\u0161t\u011b lod\u00ed na C\u00edsa\u0159sk\u00e9m ostrov\u011b pobl\u00ed\u017e Trojsk\u00e9ho z\u00e1mku trv\u00e1 75 minut.<\/p>\n\n\n\n<p>Celkov\u011b se p\u0159edstav\u00ed 39 vystavovatel\u016f a v\u00fdrobc\u016f francouzsk\u00fdch krajov\u00fdch specialit, a to ka\u017ed\u00fd den od 11:00 do 22:00 (o v\u00edkendu od 10:00). N\u00e1v\u0161t\u011bvn\u00edci se mohou t\u011b\u0161it na tradi\u010dn\u00ed lah\u016fdky jakou jsou \u00fast\u0159ice, \u0161neci z Bourgogne, \u017eab\u00ed steh\u00fdnka, v\u00fdb\u011br region\u00e1ln\u00edch s\u00fdr\u016f, \u0161unek a su\u0161en\u00fdch klob\u00e1s, kachn\u00edch delikates, jako je foie gras, nebudou v\u0161ak chyb\u011bt ani obl\u00edben\u00e9 francouzsk\u00e9 slan\u00e9 kol\u00e1\u010de a jemn\u00e9 pe\u010divo. \u0160irokou nab\u00eddku b\u00edl\u00fdch, r\u016f\u017eov\u00fdch, \u010derven\u00fdch a \u0161umiv\u00fdch v\u00edn z&nbsp;tradi\u010dn\u00edch odr\u016fd p\u011bstovan\u00fdch v nejzn\u00e1m\u011bj\u0161\u00edch vina\u0159sk\u00fdch oblastech jako je Alsasko, Burgundsko, Bordeaux \u010di Champagne a Loira, dopln\u00ed i v\u00edna z&nbsp;m\u00e9n\u011b zn\u00e1m\u00fdch autochtonn\u00edch odr\u016fd a nov\u011b tak\u00e9 francouzsk\u00e1 piva z&nbsp;minipivovar\u016f.<\/p>\n\n\n\n<p>Trhy ale nejsou pouze o dobr\u00e9m j\u00eddle a pit\u00ed. Dokonale uvoln\u011bnou atmosf\u00e9ru dokresl\u00ed i hudebn\u00ed doprovod a bohat\u00fd program pro d\u011bti. P\u0159edstav\u00ed se obl\u00edben\u00e1 \u010desk\u00e1 zp\u011bva\u010dka Radka Fi\u0161arov\u00e1, kter\u00e1 sv\u00fdm hv\u011bzdn\u00fdm vystoupen\u00edm odstartuje celou akci. Po dobu kon\u00e1n\u00ed trhu se p\u0159edstav\u00ed i dal\u0161\u00ed hudebn\u00edci, kte\u0159\u00ed Troju zaplav\u00ed francouzsk\u00fdmi hudebn\u00edmi rytmy a melodiemi.<\/p>\n\n\n\n<div style=\"height:20px\" aria-hidden=\"true\" class=\"wp-block-spacer\"><\/div>\n\n\n\n<div class=\"wp-block-image\"><figure class=\"aligncenter is-resized\"><img decoding=\"async\" loading=\"lazy\" src=\"https:\/\/hotelhouse.cz\/wp-content\/uploads\/2023\/07\/Let\u00edme-z-Kampy-do-Troji_V.jpg\" alt=\"\" class=\"wp-image-5221\" width=\"882\" height=\"757\" srcset=\"https:\/\/hotelhouse.cz\/wp-content\/uploads\/2023\/07\/Let\u00edme-z-Kampy-do-Troji_V.jpg 757w, https:\/\/hotelhouse.cz\/wp-content\/uploads\/2023\/07\/Let\u00edme-z-Kampy-do-Troji_V-300x258.jpg 300w\" sizes=\"(max-width: 882px) 100vw, 882px\" \/><\/figure><\/div>\n\n\n\n<div style=\"height:20px\" aria-hidden=\"true\" class=\"wp-block-spacer\"><\/div>\n\n\n\n<p><strong>Slavnostn\u00ed otev\u0159en\u00ed trhu se uskute\u010dn\u00ed ve \u010dtvrtek 13.\u010dervence v&nbsp;11 hodin za p\u0159\u00edtomnosti J.E. Alexise Dutertre, velvyslance Francie v \u010cesk\u00e9 republice.<\/strong><\/p>\n\n\n\n<p><strong>Program a kompletn\u00ed seznam vystavovatel\u016f naleznete na: <a href=\"http:\/\/www.francouzskytrh.cz\/cs\">http:\/\/www.francouzskytrh.cz\/cs<\/a><\/strong><\/p>\n\n\n\n<div style=\"height:100px\" aria-hidden=\"true\" class=\"wp-block-spacer\"><\/div>\n\n\n\n<ul class=\"wp-block-gallery columns-2 is-cropped wp-block-gallery-1 is-layout-flex wp-block-gallery-is-layout-flex\"><li class=\"blocks-gallery-item\"><figure><img decoding=\"async\" loading=\"lazy\" width=\"708\" height=\"708\" src=\"https:\/\/hotelhouse.cz\/wp-content\/uploads\/2023\/07\/Francouzsk\u00e9-trhy.jpg\" alt=\"\" data-id=\"5219\" data-link=\"https:\/\/hotelhouse.cz\/?attachment_id=5219\" class=\"wp-image-5219\" srcset=\"https:\/\/hotelhouse.cz\/wp-content\/uploads\/2023\/07\/Francouzsk\u00e9-trhy.jpg 708w, https:\/\/hotelhouse.cz\/wp-content\/uploads\/2023\/07\/Francouzsk\u00e9-trhy-150x150.jpg 150w, https:\/\/hotelhouse.cz\/wp-content\/uploads\/2023\/07\/Francouzsk\u00e9-trhy-300x300.jpg 300w, https:\/\/hotelhouse.cz\/wp-content\/uploads\/2023\/07\/Francouzsk\u00e9-trhy-80x80.jpg 80w, https:\/\/hotelhouse.cz\/wp-content\/uploads\/2023\/07\/Francouzsk\u00e9-trhy-320x320.jpg 320w\" sizes=\"(max-width: 708px) 100vw, 708px\" \/><\/figure><\/li><li class=\"blocks-gallery-item\"><figure><img decoding=\"async\" loading=\"lazy\" width=\"757\" height=\"650\" src=\"https:\/\/hotelhouse.cz\/wp-content\/uploads\/2023\/07\/Let\u00edme-z-Kampy-do-Troji_V.jpg\" alt=\"\" data-id=\"5221\" data-link=\"https:\/\/hotelhouse.cz\/?attachment_id=5221\" class=\"wp-image-5221\" srcset=\"https:\/\/hotelhouse.cz\/wp-content\/uploads\/2023\/07\/Let\u00edme-z-Kampy-do-Troji_V.jpg 757w, https:\/\/hotelhouse.cz\/wp-content\/uploads\/2023\/07\/Let\u00edme-z-Kampy-do-Troji_V-300x258.jpg 300w\" sizes=\"(max-width: 757px) 100vw, 757px\" \/><\/figure><\/li><li class=\"blocks-gallery-item\"><figure><img decoding=\"async\" loading=\"lazy\" width=\"1024\" height=\"389\" src=\"https:\/\/hotelhouse.cz\/wp-content\/uploads\/2023\/07\/Let\u00edme-z-Kampy-do-Troji-1-1024x389.jpg\" alt=\"\" data-id=\"5220\" data-link=\"https:\/\/hotelhouse.cz\/?attachment_id=5220\" class=\"wp-image-5220\" srcset=\"https:\/\/hotelhouse.cz\/wp-content\/uploads\/2023\/07\/Let\u00edme-z-Kampy-do-Troji-1-1024x389.jpg 1024w, https:\/\/hotelhouse.cz\/wp-content\/uploads\/2023\/07\/Let\u00edme-z-Kampy-do-Troji-1-300x114.jpg 300w, https:\/\/hotelhouse.cz\/wp-content\/uploads\/2023\/07\/Let\u00edme-z-Kampy-do-Troji-1-768x292.jpg 768w, https:\/\/hotelhouse.cz\/wp-content\/uploads\/2023\/07\/Let\u00edme-z-Kampy-do-Troji-1-1320x500.jpg 1320w, https:\/\/hotelhouse.cz\/wp-content\/uploads\/2023\/07\/Let\u00edme-z-Kampy-do-Troji-1.jpg 1709w\" sizes=\"(max-width: 1024px) 100vw, 1024px\" \/><\/figure><\/li><\/ul>\n\n\n\n<p><strong>Zdroj foto: <\/strong>Francouzsk\u00e9 trhy<\/p>\n\n\n\n<div style=\"height:100px\" aria-hidden=\"true\" class=\"wp-block-spacer\"><\/div>\n\n\n\n<p><\/p>\n","protected":false},"excerpt":{"rendered":"<p>N\u00e1v\u0161t\u011bvn\u00edci se mohou t\u011b\u0161it na \u010dty\u0159i des\u00edtky vystavovatel\u016f, v\u00edce m\u00edsta k\u00a0odpo\u010dinku a bohat\u00fd doprovodn\u00fd program pro rodiny s d\u011btmi. AUDIO POZV\u00c1NKA: Odstartoval tradi\u010dn\u00ed Francouzsk\u00fd trh, kter\u00fd se letos kon\u00e1 od 13. &#8211; 16. \u010dervence&#46;&#46;&#46;<\/p>\n","protected":false},"author":2,"featured_media":5218,"comment_status":"closed","ping_status":"closed","sticky":false,"template":"","format":"standard","meta":{"_monsterinsights_skip_tracking":false,"_monsterinsights_sitenote_active":false,"_monsterinsights_sitenote_note":"","_monsterinsights_sitenote_category":0,"footnotes":""},"categories":[26,22,2,23,28],"tags":[],"yoast_head":"<!-- This site is optimized with the Yoast SEO plugin v21.5 - https:\/\/yoast.com\/wordpress\/plugins\/seo\/ -->\n<title>Tradi\u010dn\u00ed Francouzsk\u00fd trh se nov\u011b p\u0159edstav\u00ed v\u00a0zahrad\u00e1ch Trojsk\u00e9ho z\u00e1mku - HOTELHOUSE.cz<\/title>\n<meta name=\"robots\" content=\"index, follow, max-snippet:-1, max-image-preview:large, max-video-preview:-1\" \/>\n<link rel=\"canonical\" href=\"https:\/\/hotelhouse.cz\/index.php\/2023\/07\/13\/tradicni-francouzsky-trh-se-nove-predstavi-v-zahradach-trojskeho-zamku\/\" \/>\n<meta property=\"og:locale\" content=\"cs_CZ\" \/>\n<meta property=\"og:type\" content=\"article\" \/>\n<meta property=\"og:title\" content=\"Tradi\u010dn\u00ed Francouzsk\u00fd trh se nov\u011b p\u0159edstav\u00ed v\u00a0zahrad\u00e1ch Trojsk\u00e9ho z\u00e1mku - HOTELHOUSE.cz\" \/>\n<meta property=\"og:description\" content=\"N\u00e1v\u0161t\u011bvn\u00edci se mohou t\u011b\u0161it na \u010dty\u0159i des\u00edtky vystavovatel\u016f, v\u00edce m\u00edsta k\u00a0odpo\u010dinku a bohat\u00fd doprovodn\u00fd program pro rodiny s d\u011btmi. AUDIO POZV\u00c1NKA: Odstartoval tradi\u010dn\u00ed Francouzsk\u00fd trh, kter\u00fd se letos kon\u00e1 od 13. &#8211; 16. \u010dervence&#046;&#046;&#046;\" \/>\n<meta property=\"og:url\" content=\"https:\/\/hotelhouse.cz\/index.php\/2023\/07\/13\/tradicni-francouzsky-trh-se-nove-predstavi-v-zahradach-trojskeho-zamku\/\" \/>\n<meta property=\"og:site_name\" content=\"HOTELHOUSE.cz\" \/>\n<meta property=\"article:published_time\" content=\"2023-07-12T22:01:26+00:00\" \/>\n<meta property=\"article:modified_time\" content=\"2023-07-14T22:47:54+00:00\" \/>\n<meta property=\"og:image\" content=\"https:\/\/hotelhouse.cz\/wp-content\/uploads\/2023\/07\/Let\u00edme-z-Kampy-do-Troji.jpg\" \/>\n\t<meta property=\"og:image:width\" content=\"1709\" \/>\n\t<meta property=\"og:image:height\" content=\"650\" \/>\n\t<meta property=\"og:image:type\" content=\"image\/jpeg\" \/>\n<meta name=\"author\" content=\"Hol\u00e1\u0148ov\u00e1 Jolana\" \/>\n<meta name=\"twitter:card\" content=\"summary_large_image\" \/>\n<meta name=\"twitter:label1\" content=\"Napsal(a)\" \/>\n\t<meta name=\"twitter:data1\" content=\"Hol\u00e1\u0148ov\u00e1 Jolana\" \/>\n\t<meta name=\"twitter:label2\" content=\"Odhadovan\u00e1 doba \u010dten\u00ed\" \/>\n\t<meta name=\"twitter:data2\" content=\"4 minuty\" \/>\n<script type=\"application\/ld+json\" class=\"yoast-schema-graph\">{\"@context\":\"https:\/\/schema.org\",\"@graph\":[{\"@type\":\"Article\",\"@id\":\"https:\/\/hotelhouse.cz\/index.php\/2023\/07\/13\/tradicni-francouzsky-trh-se-nove-predstavi-v-zahradach-trojskeho-zamku\/#article\",\"isPartOf\":{\"@id\":\"https:\/\/hotelhouse.cz\/index.php\/2023\/07\/13\/tradicni-francouzsky-trh-se-nove-predstavi-v-zahradach-trojskeho-zamku\/\"},\"author\":{\"name\":\"Hol\u00e1\u0148ov\u00e1 Jolana\",\"@id\":\"https:\/\/hotelhouse.cz\/#\/schema\/person\/4a69eae39f069d4a695854158f0891cd\"},\"headline\":\"Tradi\u010dn\u00ed Francouzsk\u00fd trh se nov\u011b p\u0159edstav\u00ed v\u00a0zahrad\u00e1ch Trojsk\u00e9ho z\u00e1mku\",\"datePublished\":\"2023-07-12T22:01:26+00:00\",\"dateModified\":\"2023-07-14T22:47:54+00:00\",\"mainEntityOfPage\":{\"@id\":\"https:\/\/hotelhouse.cz\/index.php\/2023\/07\/13\/tradicni-francouzsky-trh-se-nove-predstavi-v-zahradach-trojskeho-zamku\/\"},\"wordCount\":730,\"publisher\":{\"@id\":\"https:\/\/hotelhouse.cz\/#organization\"},\"articleSection\":[\"N\u00e1dhern\u00e1M\u00edsta.cz\",\"NaDovolenouDoPrahy.cz\",\"NEWS\",\"TIPY NA CESTOV\u00c1N\u00cd\",\"TIPY NA J\u00cdDLO\"],\"inLanguage\":\"cs\"},{\"@type\":\"WebPage\",\"@id\":\"https:\/\/hotelhouse.cz\/index.php\/2023\/07\/13\/tradicni-francouzsky-trh-se-nove-predstavi-v-zahradach-trojskeho-zamku\/\",\"url\":\"https:\/\/hotelhouse.cz\/index.php\/2023\/07\/13\/tradicni-francouzsky-trh-se-nove-predstavi-v-zahradach-trojskeho-zamku\/\",\"name\":\"Tradi\u010dn\u00ed Francouzsk\u00fd trh se nov\u011b p\u0159edstav\u00ed v\u00a0zahrad\u00e1ch Trojsk\u00e9ho z\u00e1mku - HOTELHOUSE.cz\",\"isPartOf\":{\"@id\":\"https:\/\/hotelhouse.cz\/#website\"},\"datePublished\":\"2023-07-12T22:01:26+00:00\",\"dateModified\":\"2023-07-14T22:47:54+00:00\",\"breadcrumb\":{\"@id\":\"https:\/\/hotelhouse.cz\/index.php\/2023\/07\/13\/tradicni-francouzsky-trh-se-nove-predstavi-v-zahradach-trojskeho-zamku\/#breadcrumb\"},\"inLanguage\":\"cs\",\"potentialAction\":[{\"@type\":\"ReadAction\",\"target\":[\"https:\/\/hotelhouse.cz\/index.php\/2023\/07\/13\/tradicni-francouzsky-trh-se-nove-predstavi-v-zahradach-trojskeho-zamku\/\"]}]},{\"@type\":\"BreadcrumbList\",\"@id\":\"https:\/\/hotelhouse.cz\/index.php\/2023\/07\/13\/tradicni-francouzsky-trh-se-nove-predstavi-v-zahradach-trojskeho-zamku\/#breadcrumb\",\"itemListElement\":[{\"@type\":\"ListItem\",\"position\":1,\"name\":\"Dom\u016f\",\"item\":\"https:\/\/hotelhouse.cz\/\"},{\"@type\":\"ListItem\",\"position\":2,\"name\":\"Tradi\u010dn\u00ed Francouzsk\u00fd trh se nov\u011b p\u0159edstav\u00ed v\u00a0zahrad\u00e1ch Trojsk\u00e9ho z\u00e1mku\"}]},{\"@type\":\"WebSite\",\"@id\":\"https:\/\/hotelhouse.cz\/#website\",\"url\":\"https:\/\/hotelhouse.cz\/\",\"name\":\"HOTELHOUSE.cz\",\"description\":\"Port\u00e1l o hotelech, pensionech, spa resortech a restaurac\u00edch...\",\"publisher\":{\"@id\":\"https:\/\/hotelhouse.cz\/#organization\"},\"potentialAction\":[{\"@type\":\"SearchAction\",\"target\":{\"@type\":\"EntryPoint\",\"urlTemplate\":\"https:\/\/hotelhouse.cz\/?s={search_term_string}\"},\"query-input\":\"required name=search_term_string\"}],\"inLanguage\":\"cs\"},{\"@type\":\"Organization\",\"@id\":\"https:\/\/hotelhouse.cz\/#organization\",\"name\":\"HOTELHOUSE.cz\",\"url\":\"https:\/\/hotelhouse.cz\/\",\"logo\":{\"@type\":\"ImageObject\",\"inLanguage\":\"cs\",\"@id\":\"https:\/\/hotelhouse.cz\/#\/schema\/logo\/image\/\",\"url\":\"https:\/\/hotelhouse.cz\/wp-content\/uploads\/2024\/12\/cropped-Logo_HotelHouse-2.jpg\",\"contentUrl\":\"https:\/\/hotelhouse.cz\/wp-content\/uploads\/2024\/12\/cropped-Logo_HotelHouse-2.jpg\",\"width\":933,\"height\":516,\"caption\":\"HOTELHOUSE.cz\"},\"image\":{\"@id\":\"https:\/\/hotelhouse.cz\/#\/schema\/logo\/image\/\"},\"sameAs\":[\"https:\/\/www.instagram.com\/hotelhousecz\/\"]},{\"@type\":\"Person\",\"@id\":\"https:\/\/hotelhouse.cz\/#\/schema\/person\/4a69eae39f069d4a695854158f0891cd\",\"name\":\"Hol\u00e1\u0148ov\u00e1 Jolana\",\"image\":{\"@type\":\"ImageObject\",\"inLanguage\":\"cs\",\"@id\":\"https:\/\/hotelhouse.cz\/#\/schema\/person\/image\/\",\"url\":\"https:\/\/secure.gravatar.com\/avatar\/5863c504ed89cd419ff3a5e812c722ff?s=96&d=mm&r=g\",\"contentUrl\":\"https:\/\/secure.gravatar.com\/avatar\/5863c504ed89cd419ff3a5e812c722ff?s=96&d=mm&r=g\",\"caption\":\"Hol\u00e1\u0148ov\u00e1 Jolana\"},\"sameAs\":[\"http:\/\/www.hotelhouse.cz\"],\"url\":\"https:\/\/hotelhouse.cz\/index.php\/author\/jolhol\/\"}]}<\/script>\n<!-- \/ Yoast SEO plugin. -->","yoast_head_json":{"title":"Tradi\u010dn\u00ed Francouzsk\u00fd trh se nov\u011b p\u0159edstav\u00ed v\u00a0zahrad\u00e1ch Trojsk\u00e9ho z\u00e1mku - HOTELHOUSE.cz","robots":{"index":"index","follow":"follow","max-snippet":"max-snippet:-1","max-image-preview":"max-image-preview:large","max-video-preview":"max-video-preview:-1"},"canonical":"https:\/\/hotelhouse.cz\/index.php\/2023\/07\/13\/tradicni-francouzsky-trh-se-nove-predstavi-v-zahradach-trojskeho-zamku\/","og_locale":"cs_CZ","og_type":"article","og_title":"Tradi\u010dn\u00ed Francouzsk\u00fd trh se nov\u011b p\u0159edstav\u00ed v\u00a0zahrad\u00e1ch Trojsk\u00e9ho z\u00e1mku - HOTELHOUSE.cz","og_description":"N\u00e1v\u0161t\u011bvn\u00edci se mohou t\u011b\u0161it na \u010dty\u0159i des\u00edtky vystavovatel\u016f, v\u00edce m\u00edsta k\u00a0odpo\u010dinku a bohat\u00fd doprovodn\u00fd program pro rodiny s d\u011btmi. AUDIO POZV\u00c1NKA: Odstartoval tradi\u010dn\u00ed Francouzsk\u00fd trh, kter\u00fd se letos kon\u00e1 od 13. &#8211; 16. \u010dervence&#46;&#46;&#46;","og_url":"https:\/\/hotelhouse.cz\/index.php\/2023\/07\/13\/tradicni-francouzsky-trh-se-nove-predstavi-v-zahradach-trojskeho-zamku\/","og_site_name":"HOTELHOUSE.cz","article_published_time":"2023-07-12T22:01:26+00:00","article_modified_time":"2023-07-14T22:47:54+00:00","og_image":[{"width":1709,"height":650,"url":"https:\/\/hotelhouse.cz\/wp-content\/uploads\/2023\/07\/Let\u00edme-z-Kampy-do-Troji.jpg","type":"image\/jpeg"}],"author":"Hol\u00e1\u0148ov\u00e1 Jolana","twitter_card":"summary_large_image","twitter_misc":{"Napsal(a)":"Hol\u00e1\u0148ov\u00e1 Jolana","Odhadovan\u00e1 doba \u010dten\u00ed":"4 minuty"},"schema":{"@context":"https:\/\/schema.org","@graph":[{"@type":"Article","@id":"https:\/\/hotelhouse.cz\/index.php\/2023\/07\/13\/tradicni-francouzsky-trh-se-nove-predstavi-v-zahradach-trojskeho-zamku\/#article","isPartOf":{"@id":"https:\/\/hotelhouse.cz\/index.php\/2023\/07\/13\/tradicni-francouzsky-trh-se-nove-predstavi-v-zahradach-trojskeho-zamku\/"},"author":{"name":"Hol\u00e1\u0148ov\u00e1 Jolana","@id":"https:\/\/hotelhouse.cz\/#\/schema\/person\/4a69eae39f069d4a695854158f0891cd"},"headline":"Tradi\u010dn\u00ed Francouzsk\u00fd trh se nov\u011b p\u0159edstav\u00ed v\u00a0zahrad\u00e1ch Trojsk\u00e9ho z\u00e1mku","datePublished":"2023-07-12T22:01:26+00:00","dateModified":"2023-07-14T22:47:54+00:00","mainEntityOfPage":{"@id":"https:\/\/hotelhouse.cz\/index.php\/2023\/07\/13\/tradicni-francouzsky-trh-se-nove-predstavi-v-zahradach-trojskeho-zamku\/"},"wordCount":730,"publisher":{"@id":"https:\/\/hotelhouse.cz\/#organization"},"articleSection":["N\u00e1dhern\u00e1M\u00edsta.cz","NaDovolenouDoPrahy.cz","NEWS","TIPY NA CESTOV\u00c1N\u00cd","TIPY NA J\u00cdDLO"],"inLanguage":"cs"},{"@type":"WebPage","@id":"https:\/\/hotelhouse.cz\/index.php\/2023\/07\/13\/tradicni-francouzsky-trh-se-nove-predstavi-v-zahradach-trojskeho-zamku\/","url":"https:\/\/hotelhouse.cz\/index.php\/2023\/07\/13\/tradicni-francouzsky-trh-se-nove-predstavi-v-zahradach-trojskeho-zamku\/","name":"Tradi\u010dn\u00ed Francouzsk\u00fd trh se nov\u011b p\u0159edstav\u00ed v\u00a0zahrad\u00e1ch Trojsk\u00e9ho z\u00e1mku - HOTELHOUSE.cz","isPartOf":{"@id":"https:\/\/hotelhouse.cz\/#website"},"datePublished":"2023-07-12T22:01:26+00:00","dateModified":"2023-07-14T22:47:54+00:00","breadcrumb":{"@id":"https:\/\/hotelhouse.cz\/index.php\/2023\/07\/13\/tradicni-francouzsky-trh-se-nove-predstavi-v-zahradach-trojskeho-zamku\/#breadcrumb"},"inLanguage":"cs","potentialAction":[{"@type":"ReadAction","target":["https:\/\/hotelhouse.cz\/index.php\/2023\/07\/13\/tradicni-francouzsky-trh-se-nove-predstavi-v-zahradach-trojskeho-zamku\/"]}]},{"@type":"BreadcrumbList","@id":"https:\/\/hotelhouse.cz\/index.php\/2023\/07\/13\/tradicni-francouzsky-trh-se-nove-predstavi-v-zahradach-trojskeho-zamku\/#breadcrumb","itemListElement":[{"@type":"ListItem","position":1,"name":"Dom\u016f","item":"https:\/\/hotelhouse.cz\/"},{"@type":"ListItem","position":2,"name":"Tradi\u010dn\u00ed Francouzsk\u00fd trh se nov\u011b p\u0159edstav\u00ed v\u00a0zahrad\u00e1ch Trojsk\u00e9ho z\u00e1mku"}]},{"@type":"WebSite","@id":"https:\/\/hotelhouse.cz\/#website","url":"https:\/\/hotelhouse.cz\/","name":"HOTELHOUSE.cz","description":"Port\u00e1l o hotelech, pensionech, spa resortech a restaurac\u00edch...","publisher":{"@id":"https:\/\/hotelhouse.cz\/#organization"},"potentialAction":[{"@type":"SearchAction","target":{"@type":"EntryPoint","urlTemplate":"https:\/\/hotelhouse.cz\/?s={search_term_string}"},"query-input":"required name=search_term_string"}],"inLanguage":"cs"},{"@type":"Organization","@id":"https:\/\/hotelhouse.cz\/#organization","name":"HOTELHOUSE.cz","url":"https:\/\/hotelhouse.cz\/","logo":{"@type":"ImageObject","inLanguage":"cs","@id":"https:\/\/hotelhouse.cz\/#\/schema\/logo\/image\/","url":"https:\/\/hotelhouse.cz\/wp-content\/uploads\/2024\/12\/cropped-Logo_HotelHouse-2.jpg","contentUrl":"https:\/\/hotelhouse.cz\/wp-content\/uploads\/2024\/12\/cropped-Logo_HotelHouse-2.jpg","width":933,"height":516,"caption":"HOTELHOUSE.cz"},"image":{"@id":"https:\/\/hotelhouse.cz\/#\/schema\/logo\/image\/"},"sameAs":["https:\/\/www.instagram.com\/hotelhousecz\/"]},{"@type":"Person","@id":"https:\/\/hotelhouse.cz\/#\/schema\/person\/4a69eae39f069d4a695854158f0891cd","name":"Hol\u00e1\u0148ov\u00e1 Jolana","image":{"@type":"ImageObject","inLanguage":"cs","@id":"https:\/\/hotelhouse.cz\/#\/schema\/person\/image\/","url":"https:\/\/secure.gravatar.com\/avatar\/5863c504ed89cd419ff3a5e812c722ff?s=96&d=mm&r=g","contentUrl":"https:\/\/secure.gravatar.com\/avatar\/5863c504ed89cd419ff3a5e812c722ff?s=96&d=mm&r=g","caption":"Hol\u00e1\u0148ov\u00e1 Jolana"},"sameAs":["http:\/\/www.hotelhouse.cz"],"url":"https:\/\/hotelhouse.cz\/index.php\/author\/jolhol\/"}]}},"_links":{"self":[{"href":"https:\/\/hotelhouse.cz\/index.php\/wp-json\/wp\/v2\/posts\/5217"}],"collection":[{"href":"https:\/\/hotelhouse.cz\/index.php\/wp-json\/wp\/v2\/posts"}],"about":[{"href":"https:\/\/hotelhouse.cz\/index.php\/wp-json\/wp\/v2\/types\/post"}],"author":[{"embeddable":true,"href":"https:\/\/hotelhouse.cz\/index.php\/wp-json\/wp\/v2\/users\/2"}],"replies":[{"embeddable":true,"href":"https:\/\/hotelhouse.cz\/index.php\/wp-json\/wp\/v2\/comments?post=5217"}],"version-history":[{"count":2,"href":"https:\/\/hotelhouse.cz\/index.php\/wp-json\/wp\/v2\/posts\/5217\/revisions"}],"predecessor-version":[{"id":5225,"href":"https:\/\/hotelhouse.cz\/index.php\/wp-json\/wp\/v2\/posts\/5217\/revisions\/5225"}],"wp:featuredmedia":[{"embeddable":true,"href":"https:\/\/hotelhouse.cz\/index.php\/wp-json\/wp\/v2\/media\/5218"}],"wp:attachment":[{"href":"https:\/\/hotelhouse.cz\/index.php\/wp-json\/wp\/v2\/media?parent=5217"}],"wp:term":[{"taxonomy":"category","embeddable":true,"href":"https:\/\/hotelhouse.cz\/index.php\/wp-json\/wp\/v2\/categories?post=5217"},{"taxonomy":"post_tag","embeddable":true,"href":"https:\/\/hotelhouse.cz\/index.php\/wp-json\/wp\/v2\/tags?post=5217"}],"curies":[{"name":"wp","href":"https:\/\/api.w.org\/{rel}","templated":true}]}}