{"id":5288,"date":"2023-07-27T00:37:33","date_gmt":"2023-07-26T22:37:33","guid":{"rendered":"https:\/\/hotelhouse.cz\/?p=5288"},"modified":"2023-07-27T00:49:34","modified_gmt":"2023-07-26T22:49:34","slug":"stmivani-na-stezce-krkonose-serie-ctyr-vecernich-prohlidek-startuje-jiz-2-srpna","status":"publish","type":"post","link":"https:\/\/hotelhouse.cz\/index.php\/2023\/07\/27\/stmivani-na-stezce-krkonose-serie-ctyr-vecernich-prohlidek-startuje-jiz-2-srpna\/","title":{"rendered":"Stm\u00edv\u00e1n\u00ed na Stezce Krkono\u0161e: S\u00e9rie \u010dty\u0159 ve\u010dern\u00edch prohl\u00eddek startuje ji\u017e 2. srpna"},"content":{"rendered":"\n<div style=\"height:47px\" aria-hidden=\"true\" class=\"wp-block-spacer\"><\/div>\n\n\n\n<h4 class=\"wp-block-heading\"><strong>I v&nbsp;lese to po setm\u011bn\u00ed \u017dIJE!<\/strong><\/h4>\n\n\n\n<p><strong>Vydejte se za n\u00e1mi n\u011bkterou st\u0159edu v srpnu a p\u0159esv\u011bd\u010dte se sami.<\/strong><\/p>\n\n\n\n<p><strong>M\u00e1te voln\u00e9 letn\u00ed ve\u010dery? P\u0159ije\u010fte do Jansk\u00fdch L\u00e1zn\u00ed. Stezka korunami strom\u016f Krkono\u0161e v\u00e1s zve na nezapomenuteln\u00e9 setk\u00e1n\u00ed pln\u00e9 z\u00e1bavy a pozn\u00e1v\u00e1n\u00ed. S\u00e9rie \u010dty\u0159 ve\u010dern\u00edch prohl\u00eddek startuje ji\u017e 2. srpna a slibuje odhalit tajemstv\u00ed lesa a jeho no\u010dn\u00edch obyvatel v&nbsp;r\u00e1mci jedine\u010dn\u00e9ho z\u00e1\u017eitkov\u00e9ho dobrodru\u017estv\u00ed. <\/strong> <\/p>\n\n\n\n<div style=\"height:20px\" aria-hidden=\"true\" class=\"wp-block-spacer\"><\/div>\n\n\n\n<figure class=\"wp-block-image\"><img decoding=\"async\" loading=\"lazy\" width=\"1024\" height=\"683\" src=\"https:\/\/hotelhouse.cz\/wp-content\/uploads\/2023\/07\/Stmivani_1-1024x683.jpg\" alt=\"\" class=\"wp-image-5292\" srcset=\"https:\/\/hotelhouse.cz\/wp-content\/uploads\/2023\/07\/Stmivani_1-1024x683.jpg 1024w, https:\/\/hotelhouse.cz\/wp-content\/uploads\/2023\/07\/Stmivani_1-300x200.jpg 300w, https:\/\/hotelhouse.cz\/wp-content\/uploads\/2023\/07\/Stmivani_1-768x512.jpg 768w, https:\/\/hotelhouse.cz\/wp-content\/uploads\/2023\/07\/Stmivani_1.jpg 1450w\" sizes=\"(max-width: 1024px) 100vw, 1024px\" \/><\/figure>\n\n\n\n<div style=\"height:20px\" aria-hidden=\"true\" class=\"wp-block-spacer\"><\/div>\n\n\n\n<p>Vydejte se v podve\u010der na okouzluj\u00edc\u00ed putov\u00e1n\u00ed korunami strom\u016f, kde v\u00e1s odborn\u00fd pr\u016fvodce ze Spr\u00e1vy Krkono\u0161sk\u00e9ho n\u00e1rodn\u00edho parku provede podmanivou lesn\u00ed \u0159\u00ed\u0161\u00ed. Prohl\u00eddka v\u00e1m poskytne fascinuj\u00edc\u00ed vhled do \u017eivota n\u00e1rodn\u00edho parku a osv\u011btl\u00ed tajemn\u00e9 chov\u00e1n\u00ed \u017eivo\u010dich\u016f p\u0159izp\u016fsoben\u00e9 no\u010dn\u00edmu cyklu. Porozum\u00edte nap\u0159\u00edklad tomu, pro\u010d se jeleni rozhoduj\u00ed b\u00fdt aktivn\u00ed ve dne a jindy v noci, pono\u0159\u00edte se do zkoum\u00e1n\u00ed sv\u011bta ope\u0159enc\u016f a vlastnost\u00ed jejich pe\u0159\u00ed. A mo\u017en\u00e1 se setk\u00e1te i s nepolapiteln\u00fdm a vz\u00e1cn\u00fdm no\u010dn\u00edm zv\u00ed\u0159etem, kter\u00e9 o\u017e\u00edv\u00e1 se z\u00e1padem slunce.<\/p>\n\n\n\n<div style=\"height:34px\" aria-hidden=\"true\" class=\"wp-block-spacer\"><\/div>\n\n\n\n<figure class=\"wp-block-image\"><img decoding=\"async\" loading=\"lazy\" width=\"1024\" height=\"683\" src=\"https:\/\/hotelhouse.cz\/wp-content\/uploads\/2023\/07\/Stm_4-1024x683.jpg\" alt=\"\" class=\"wp-image-5290\" srcset=\"https:\/\/hotelhouse.cz\/wp-content\/uploads\/2023\/07\/Stm_4-1024x683.jpg 1024w, https:\/\/hotelhouse.cz\/wp-content\/uploads\/2023\/07\/Stm_4-300x200.jpg 300w, https:\/\/hotelhouse.cz\/wp-content\/uploads\/2023\/07\/Stm_4-768x512.jpg 768w, https:\/\/hotelhouse.cz\/wp-content\/uploads\/2023\/07\/Stm_4.jpg 1450w\" sizes=\"(max-width: 1024px) 100vw, 1024px\" \/><\/figure>\n\n\n\n<div style=\"height:20px\" aria-hidden=\"true\" class=\"wp-block-spacer\"><\/div>\n\n\n\n<p>A\u017e se ve\u010dern\u00ed dobrodru\u017estv\u00ed za\u010dne bl\u00ed\u017eit ke sv\u00e9mu konci, vystoup\u00e1te na vrchol vyhl\u00eddkov\u00e9 v\u011b\u017ee, kde se v\u00e1m otev\u0159e \u00fachvatn\u00fd panoramatick\u00fd v\u00fdhled na okoln\u00ed krajinu. Zde o\u010dek\u00e1vejte mal\u00e9 lahodn\u00e9 ob\u010derstven\u00ed a sklenku prosecca \u010di nealko sektu. Aby byl ve\u010der dokonal\u00fd, podmanivou atmosf\u00e9ru podtrhne proslul\u00e9 smy\u010dcov\u00e9 kvarteto Trutnoforte, kter\u00e9 p\u0159edvede fascinuj\u00edc\u00ed \u017eiv\u00e9 vystoupen\u00ed.<\/p>\n\n\n\n<p><strong>Prvn\u00ed ve\u010dern\u00ed prohl\u00eddka se kon\u00e1 2. srpna od 19:45 hod. <\/strong>\u010cas za\u010d\u00e1tku ka\u017ed\u00e9 st\u0159ede\u010dn\u00ed prohl\u00eddky z\u00e1vis\u00ed na momentu z\u00e1padu slunce, kter\u00fdm je prohl\u00eddka Stezky zakon\u010dena.<strong> Vstupenky jsou k zakoupen\u00ed na <\/strong><a href=\"https:\/\/eshop.stezkakrkonose.cz\/stmivani\"><strong>e-shopu<\/strong><\/a><strong>&nbsp;Stezky <\/strong>a pro zachov\u00e1n\u00ed v\u00fdjime\u010dn\u00e9 komorn\u00ed atmosf\u00e9ry je kapacita omezen\u00e1. V&nbsp;cen\u011b je pr\u016fvodce, ob\u010derstven\u00ed, \u017eiv\u00fd koncert a sklenka prosecca \u010di nealko sektu.<\/p>\n\n\n\n<div style=\"height:20px\" aria-hidden=\"true\" class=\"wp-block-spacer\"><\/div>\n\n\n\n<ul class=\"wp-block-gallery columns-2 is-cropped wp-block-gallery-1 is-layout-flex wp-block-gallery-is-layout-flex\"><li class=\"blocks-gallery-item\"><figure><img decoding=\"async\" loading=\"lazy\" width=\"683\" height=\"1024\" src=\"https:\/\/hotelhouse.cz\/wp-content\/uploads\/2023\/07\/Stm_3-683x1024.jpg\" alt=\"\" data-id=\"5289\" data-link=\"https:\/\/hotelhouse.cz\/?attachment_id=5289\" class=\"wp-image-5289\" srcset=\"https:\/\/hotelhouse.cz\/wp-content\/uploads\/2023\/07\/Stm_3-683x1024.jpg 683w, https:\/\/hotelhouse.cz\/wp-content\/uploads\/2023\/07\/Stm_3-200x300.jpg 200w, https:\/\/hotelhouse.cz\/wp-content\/uploads\/2023\/07\/Stm_3-768x1152.jpg 768w, https:\/\/hotelhouse.cz\/wp-content\/uploads\/2023\/07\/Stm_3.jpg 807w\" sizes=\"(max-width: 683px) 100vw, 683px\" \/><\/figure><\/li><li class=\"blocks-gallery-item\"><figure><img decoding=\"async\" loading=\"lazy\" width=\"1024\" height=\"683\" src=\"https:\/\/hotelhouse.cz\/wp-content\/uploads\/2023\/07\/Stmiivaanii_2-1024x683.jpg\" alt=\"\" data-id=\"5291\" data-link=\"https:\/\/hotelhouse.cz\/?attachment_id=5291\" class=\"wp-image-5291\" srcset=\"https:\/\/hotelhouse.cz\/wp-content\/uploads\/2023\/07\/Stmiivaanii_2-1024x683.jpg 1024w, https:\/\/hotelhouse.cz\/wp-content\/uploads\/2023\/07\/Stmiivaanii_2-300x200.jpg 300w, https:\/\/hotelhouse.cz\/wp-content\/uploads\/2023\/07\/Stmiivaanii_2-768x512.jpg 768w, https:\/\/hotelhouse.cz\/wp-content\/uploads\/2023\/07\/Stmiivaanii_2.jpg 1450w\" sizes=\"(max-width: 1024px) 100vw, 1024px\" \/><\/figure><\/li><\/ul>\n\n\n\n<div style=\"height:20px\" aria-hidden=\"true\" class=\"wp-block-spacer\"><\/div>\n\n\n\n<h2 class=\"wp-block-heading\">\n<strong>O\nStezce<\/strong><\/h2>\n\n\n\n<p>Stezka korunami strom\u016f Krkono\u0161e se nach\u00e1z\u00ed na okraji Jansk\u00fdch L\u00e1zn\u00ed v Krkono\u0161\u00edch. Jedn\u00e1 se o z\u00e1\u017eitkovou a nau\u010dnou Stezku v celkov\u00e9 d\u00e9lce 1 511 metr\u016f, kter\u00e1 je zakon\u010dena v\u00fdstupem na 45 metr\u016f vysokou vyhl\u00eddkovou v\u011b\u017e. N\u00e1v\u0161t\u011bvn\u00edci se na trase Stezky vydaj\u00ed od ko\u0159en\u016f, p\u0159es visut\u00fd chodn\u00edk a unik\u00e1tn\u00ed podzemn\u00ed jeskyni a\u017e ke korun\u00e1m strom\u016f na vrcholu vyhl\u00eddkov\u00e9 v\u011b\u017ee. Na rozd\u00edl od b\u011b\u017en\u00e9ho v\u00fdletu do lesa jim Stezka korunami strom\u016f Krkono\u0161e uk\u00e1\u017ee les z jin\u00e9 perspektivy a jedine\u010dn\u00e1 podzemn\u00ed expozice nab\u00eddne mo\u017enost prostudovat mikrosv\u011bt p\u016fdy. Z vrcholu Stezky je mo\u017en\u00e9 si vychutnat v\u00fdhledy do korun strom\u016f sm\u00ed\u0161en\u00e9ho krkono\u0161sk\u00e9ho lesa i do krajiny kolem. Cesta dol\u016f pak m\u016f\u017ee b\u00fdt v\u00fdrazn\u011b urychlena j\u00edzdou v tobog\u00e1nu, jeho\u017e tubus o pr\u016fm\u011bru jeden metr je dlouh\u00fd 80 metr\u016f. P\u016fvodn\u011b byl tobog\u00e1n ur\u010den d\u011btem, ale hojn\u011b jej vyu\u017e\u00edvaj\u00ed v\u0161ichni n\u00e1v\u0161t\u011bvn\u00edci, v\u010detn\u011b senior\u016f. Zat\u00edm nejstar\u0161\u00edmu jezdci na tobog\u00e1nu bylo \u00factyhodn\u00fdch 85 let. Za p\u011bkn\u00e9ho po\u010das\u00ed lze dos\u00e1hnout v tobog\u00e1nu rychlosti a\u017e 30 km\/h, za \u0161patn\u00e9ho po\u010das\u00ed tobog\u00e1nem sjet mo\u017en\u00e9 nen\u00ed. Rychlost, kter\u00e9 by bylo mo\u017en\u00e9 dos\u00e1hnout (s podporou napr\u0161en\u00e9 vody), by mohla toti\u017e dos\u00e1hnout a\u017e 80 km\/h.<\/p>\n\n\n\n<p>Stezka je vhodn\u00e1 pro v\u0161echny ty, kdo se zaj\u00edmaj\u00ed o \u010deskou p\u0159\u00edrodu, vyhled\u00e1vaj\u00ed aktivn\u00ed odpo\u010dinek, dobrodru\u017estv\u00ed a r\u00e1di se dozv\u00ed nov\u00e9 a zaj\u00edmav\u00e9 informace. Jeliko\u017e je Stezka v cel\u00e9 sv\u00e9 d\u00e9lce bezbari\u00e9rov\u00e1, mohou ji nav\u0161t\u00edvit i n\u00e1v\u0161t\u011bvn\u00edci s hendikepem \u010di rodiny s d\u011btmi v ko\u010d\u00e1rku. Pro d\u011bti je tak\u00e9 v are\u00e1lu Stezky vybudov\u00e1no interaktivn\u00ed h\u0159i\u0161t\u011b Emil\u016fv lesn\u00ed sv\u011bt, kde mohou vyu\u017e\u00edvat skluzavky, houpa\u010dky, p\u00edskovi\u0161t\u011b a prol\u00e9za\u010dky v\u0161eho druhu \u010di nav\u0161t\u00edvit koz\u00ed ohr\u00e1dku.<\/p>\n\n\n\n<p><strong> V\u00edce informac\u00ed naleznete na <\/strong><a href=\"https:\/\/www.facebook.com\/stezkakorunamistromukrkonose\/\"><strong>facebookov\u00e9m profilu<\/strong><\/a><strong> nebo <\/strong><a href=\"https:\/\/www.stezkakrkonose.cz\/\"><strong>webov\u00fdch str\u00e1nk\u00e1ch<\/strong><\/a><strong>.<\/strong><\/p>\n\n\n\n<div style=\"height:100px\" aria-hidden=\"true\" class=\"wp-block-spacer\"><\/div>\n\n\n\n<ul class=\"wp-block-gallery columns-2 is-cropped wp-block-gallery-3 is-layout-flex wp-block-gallery-is-layout-flex\"><li class=\"blocks-gallery-item\"><figure><img decoding=\"async\" loading=\"lazy\" width=\"1024\" height=\"683\" src=\"https:\/\/hotelhouse.cz\/wp-content\/uploads\/2023\/07\/Stmivani_1-1024x683.jpg\" alt=\"\" data-id=\"5292\" data-link=\"https:\/\/hotelhouse.cz\/?attachment_id=5292\" class=\"wp-image-5292\" srcset=\"https:\/\/hotelhouse.cz\/wp-content\/uploads\/2023\/07\/Stmivani_1-1024x683.jpg 1024w, https:\/\/hotelhouse.cz\/wp-content\/uploads\/2023\/07\/Stmivani_1-300x200.jpg 300w, https:\/\/hotelhouse.cz\/wp-content\/uploads\/2023\/07\/Stmivani_1-768x512.jpg 768w, https:\/\/hotelhouse.cz\/wp-content\/uploads\/2023\/07\/Stmivani_1.jpg 1450w\" sizes=\"(max-width: 1024px) 100vw, 1024px\" \/><\/figure><\/li><li class=\"blocks-gallery-item\"><figure><img decoding=\"async\" loading=\"lazy\" width=\"1024\" height=\"683\" src=\"https:\/\/hotelhouse.cz\/wp-content\/uploads\/2023\/07\/Stm_4-1024x683.jpg\" alt=\"\" data-id=\"5290\" data-link=\"https:\/\/hotelhouse.cz\/?attachment_id=5290\" class=\"wp-image-5290\" srcset=\"https:\/\/hotelhouse.cz\/wp-content\/uploads\/2023\/07\/Stm_4-1024x683.jpg 1024w, https:\/\/hotelhouse.cz\/wp-content\/uploads\/2023\/07\/Stm_4-300x200.jpg 300w, https:\/\/hotelhouse.cz\/wp-content\/uploads\/2023\/07\/Stm_4-768x512.jpg 768w, https:\/\/hotelhouse.cz\/wp-content\/uploads\/2023\/07\/Stm_4.jpg 1450w\" sizes=\"(max-width: 1024px) 100vw, 1024px\" \/><\/figure><\/li><li class=\"blocks-gallery-item\"><figure><img decoding=\"async\" loading=\"lazy\" width=\"1024\" height=\"683\" src=\"https:\/\/hotelhouse.cz\/wp-content\/uploads\/2023\/07\/Stmiivaanii_2-1024x683.jpg\" alt=\"\" data-id=\"5291\" data-link=\"https:\/\/hotelhouse.cz\/?attachment_id=5291\" class=\"wp-image-5291\" srcset=\"https:\/\/hotelhouse.cz\/wp-content\/uploads\/2023\/07\/Stmiivaanii_2-1024x683.jpg 1024w, https:\/\/hotelhouse.cz\/wp-content\/uploads\/2023\/07\/Stmiivaanii_2-300x200.jpg 300w, https:\/\/hotelhouse.cz\/wp-content\/uploads\/2023\/07\/Stmiivaanii_2-768x512.jpg 768w, https:\/\/hotelhouse.cz\/wp-content\/uploads\/2023\/07\/Stmiivaanii_2.jpg 1450w\" sizes=\"(max-width: 1024px) 100vw, 1024px\" \/><\/figure><\/li><li class=\"blocks-gallery-item\"><figure><img decoding=\"async\" loading=\"lazy\" width=\"683\" height=\"1024\" src=\"https:\/\/hotelhouse.cz\/wp-content\/uploads\/2023\/07\/Stm_3-683x1024.jpg\" alt=\"\" data-id=\"5289\" data-link=\"https:\/\/hotelhouse.cz\/?attachment_id=5289\" class=\"wp-image-5289\" srcset=\"https:\/\/hotelhouse.cz\/wp-content\/uploads\/2023\/07\/Stm_3-683x1024.jpg 683w, https:\/\/hotelhouse.cz\/wp-content\/uploads\/2023\/07\/Stm_3-200x300.jpg 200w, https:\/\/hotelhouse.cz\/wp-content\/uploads\/2023\/07\/Stm_3-768x1152.jpg 768w, https:\/\/hotelhouse.cz\/wp-content\/uploads\/2023\/07\/Stm_3.jpg 807w\" sizes=\"(max-width: 683px) 100vw, 683px\" \/><\/figure><\/li><\/ul>\n\n\n\n<p><strong>Zdroj foto: <\/strong>Stezka korunami strom\u016f Krkono\u0161e<\/p>\n\n\n\n<div style=\"height:100px\" aria-hidden=\"true\" class=\"wp-block-spacer\"><\/div>\n\n\n\n<p><\/p>\n","protected":false},"excerpt":{"rendered":"<p>I v&nbsp;lese to po setm\u011bn\u00ed \u017dIJE! Vydejte se za n\u00e1mi n\u011bkterou st\u0159edu v srpnu a p\u0159esv\u011bd\u010dte se sami. M\u00e1te voln\u00e9 letn\u00ed ve\u010dery? P\u0159ije\u010fte do Jansk\u00fdch L\u00e1zn\u00ed. Stezka korunami strom\u016f Krkono\u0161e v\u00e1s zve na nezapomenuteln\u00e9&#46;&#46;&#46;<\/p>\n","protected":false},"author":2,"featured_media":5292,"comment_status":"closed","ping_status":"closed","sticky":false,"template":"","format":"standard","meta":{"_monsterinsights_skip_tracking":false,"_monsterinsights_sitenote_active":false,"_monsterinsights_sitenote_note":"","_monsterinsights_sitenote_category":0,"footnotes":""},"categories":[26,2,23],"tags":[],"yoast_head":"<!-- This site is optimized with the Yoast SEO plugin v21.5 - https:\/\/yoast.com\/wordpress\/plugins\/seo\/ -->\n<title>Stm\u00edv\u00e1n\u00ed na Stezce Krkono\u0161e: S\u00e9rie \u010dty\u0159 ve\u010dern\u00edch prohl\u00eddek startuje ji\u017e 2. srpna - HOTELHOUSE.cz<\/title>\n<meta name=\"robots\" content=\"index, follow, max-snippet:-1, max-image-preview:large, max-video-preview:-1\" \/>\n<link rel=\"canonical\" href=\"https:\/\/hotelhouse.cz\/index.php\/2023\/07\/27\/stmivani-na-stezce-krkonose-serie-ctyr-vecernich-prohlidek-startuje-jiz-2-srpna\/\" \/>\n<meta property=\"og:locale\" content=\"cs_CZ\" \/>\n<meta property=\"og:type\" content=\"article\" \/>\n<meta property=\"og:title\" content=\"Stm\u00edv\u00e1n\u00ed na Stezce Krkono\u0161e: S\u00e9rie \u010dty\u0159 ve\u010dern\u00edch prohl\u00eddek startuje ji\u017e 2. srpna - HOTELHOUSE.cz\" \/>\n<meta property=\"og:description\" content=\"I v&nbsp;lese to po setm\u011bn\u00ed \u017dIJE! Vydejte se za n\u00e1mi n\u011bkterou st\u0159edu v srpnu a p\u0159esv\u011bd\u010dte se sami. M\u00e1te voln\u00e9 letn\u00ed ve\u010dery? P\u0159ije\u010fte do Jansk\u00fdch L\u00e1zn\u00ed. Stezka korunami strom\u016f Krkono\u0161e v\u00e1s zve na nezapomenuteln\u00e9&#046;&#046;&#046;\" \/>\n<meta property=\"og:url\" content=\"https:\/\/hotelhouse.cz\/index.php\/2023\/07\/27\/stmivani-na-stezce-krkonose-serie-ctyr-vecernich-prohlidek-startuje-jiz-2-srpna\/\" \/>\n<meta property=\"og:site_name\" content=\"HOTELHOUSE.cz\" \/>\n<meta property=\"article:published_time\" content=\"2023-07-26T22:37:33+00:00\" \/>\n<meta property=\"article:modified_time\" content=\"2023-07-26T22:49:34+00:00\" \/>\n<meta property=\"og:image\" content=\"https:\/\/hotelhouse.cz\/wp-content\/uploads\/2023\/07\/Stmivani_1.jpg\" \/>\n\t<meta property=\"og:image:width\" content=\"1450\" \/>\n\t<meta property=\"og:image:height\" content=\"967\" \/>\n\t<meta property=\"og:image:type\" content=\"image\/jpeg\" \/>\n<meta name=\"author\" content=\"Hol\u00e1\u0148ov\u00e1 Jolana\" \/>\n<meta name=\"twitter:card\" content=\"summary_large_image\" \/>\n<meta name=\"twitter:label1\" content=\"Napsal(a)\" \/>\n\t<meta name=\"twitter:data1\" content=\"Hol\u00e1\u0148ov\u00e1 Jolana\" \/>\n\t<meta name=\"twitter:label2\" content=\"Odhadovan\u00e1 doba \u010dten\u00ed\" \/>\n\t<meta name=\"twitter:data2\" content=\"4 minuty\" \/>\n<script type=\"application\/ld+json\" class=\"yoast-schema-graph\">{\"@context\":\"https:\/\/schema.org\",\"@graph\":[{\"@type\":\"Article\",\"@id\":\"https:\/\/hotelhouse.cz\/index.php\/2023\/07\/27\/stmivani-na-stezce-krkonose-serie-ctyr-vecernich-prohlidek-startuje-jiz-2-srpna\/#article\",\"isPartOf\":{\"@id\":\"https:\/\/hotelhouse.cz\/index.php\/2023\/07\/27\/stmivani-na-stezce-krkonose-serie-ctyr-vecernich-prohlidek-startuje-jiz-2-srpna\/\"},\"author\":{\"name\":\"Hol\u00e1\u0148ov\u00e1 Jolana\",\"@id\":\"https:\/\/hotelhouse.cz\/#\/schema\/person\/4a69eae39f069d4a695854158f0891cd\"},\"headline\":\"Stm\u00edv\u00e1n\u00ed na Stezce Krkono\u0161e: S\u00e9rie \u010dty\u0159 ve\u010dern\u00edch prohl\u00eddek startuje ji\u017e 2. srpna\",\"datePublished\":\"2023-07-26T22:37:33+00:00\",\"dateModified\":\"2023-07-26T22:49:34+00:00\",\"mainEntityOfPage\":{\"@id\":\"https:\/\/hotelhouse.cz\/index.php\/2023\/07\/27\/stmivani-na-stezce-krkonose-serie-ctyr-vecernich-prohlidek-startuje-jiz-2-srpna\/\"},\"wordCount\":750,\"publisher\":{\"@id\":\"https:\/\/hotelhouse.cz\/#organization\"},\"articleSection\":[\"N\u00e1dhern\u00e1M\u00edsta.cz\",\"NEWS\",\"TIPY NA CESTOV\u00c1N\u00cd\"],\"inLanguage\":\"cs\"},{\"@type\":\"WebPage\",\"@id\":\"https:\/\/hotelhouse.cz\/index.php\/2023\/07\/27\/stmivani-na-stezce-krkonose-serie-ctyr-vecernich-prohlidek-startuje-jiz-2-srpna\/\",\"url\":\"https:\/\/hotelhouse.cz\/index.php\/2023\/07\/27\/stmivani-na-stezce-krkonose-serie-ctyr-vecernich-prohlidek-startuje-jiz-2-srpna\/\",\"name\":\"Stm\u00edv\u00e1n\u00ed na Stezce Krkono\u0161e: S\u00e9rie \u010dty\u0159 ve\u010dern\u00edch prohl\u00eddek startuje ji\u017e 2. srpna - HOTELHOUSE.cz\",\"isPartOf\":{\"@id\":\"https:\/\/hotelhouse.cz\/#website\"},\"datePublished\":\"2023-07-26T22:37:33+00:00\",\"dateModified\":\"2023-07-26T22:49:34+00:00\",\"breadcrumb\":{\"@id\":\"https:\/\/hotelhouse.cz\/index.php\/2023\/07\/27\/stmivani-na-stezce-krkonose-serie-ctyr-vecernich-prohlidek-startuje-jiz-2-srpna\/#breadcrumb\"},\"inLanguage\":\"cs\",\"potentialAction\":[{\"@type\":\"ReadAction\",\"target\":[\"https:\/\/hotelhouse.cz\/index.php\/2023\/07\/27\/stmivani-na-stezce-krkonose-serie-ctyr-vecernich-prohlidek-startuje-jiz-2-srpna\/\"]}]},{\"@type\":\"BreadcrumbList\",\"@id\":\"https:\/\/hotelhouse.cz\/index.php\/2023\/07\/27\/stmivani-na-stezce-krkonose-serie-ctyr-vecernich-prohlidek-startuje-jiz-2-srpna\/#breadcrumb\",\"itemListElement\":[{\"@type\":\"ListItem\",\"position\":1,\"name\":\"Dom\u016f\",\"item\":\"https:\/\/hotelhouse.cz\/\"},{\"@type\":\"ListItem\",\"position\":2,\"name\":\"Stm\u00edv\u00e1n\u00ed na Stezce Krkono\u0161e: S\u00e9rie \u010dty\u0159 ve\u010dern\u00edch prohl\u00eddek startuje ji\u017e 2. srpna\"}]},{\"@type\":\"WebSite\",\"@id\":\"https:\/\/hotelhouse.cz\/#website\",\"url\":\"https:\/\/hotelhouse.cz\/\",\"name\":\"HOTELHOUSE.cz\",\"description\":\"Port\u00e1l o hotelech, pensionech, spa resortech a restaurac\u00edch...\",\"publisher\":{\"@id\":\"https:\/\/hotelhouse.cz\/#organization\"},\"potentialAction\":[{\"@type\":\"SearchAction\",\"target\":{\"@type\":\"EntryPoint\",\"urlTemplate\":\"https:\/\/hotelhouse.cz\/?s={search_term_string}\"},\"query-input\":\"required name=search_term_string\"}],\"inLanguage\":\"cs\"},{\"@type\":\"Organization\",\"@id\":\"https:\/\/hotelhouse.cz\/#organization\",\"name\":\"HOTELHOUSE.cz\",\"url\":\"https:\/\/hotelhouse.cz\/\",\"logo\":{\"@type\":\"ImageObject\",\"inLanguage\":\"cs\",\"@id\":\"https:\/\/hotelhouse.cz\/#\/schema\/logo\/image\/\",\"url\":\"https:\/\/hotelhouse.cz\/wp-content\/uploads\/2024\/12\/cropped-Logo_HotelHouse-2.jpg\",\"contentUrl\":\"https:\/\/hotelhouse.cz\/wp-content\/uploads\/2024\/12\/cropped-Logo_HotelHouse-2.jpg\",\"width\":933,\"height\":516,\"caption\":\"HOTELHOUSE.cz\"},\"image\":{\"@id\":\"https:\/\/hotelhouse.cz\/#\/schema\/logo\/image\/\"},\"sameAs\":[\"https:\/\/www.instagram.com\/hotelhousecz\/\"]},{\"@type\":\"Person\",\"@id\":\"https:\/\/hotelhouse.cz\/#\/schema\/person\/4a69eae39f069d4a695854158f0891cd\",\"name\":\"Hol\u00e1\u0148ov\u00e1 Jolana\",\"image\":{\"@type\":\"ImageObject\",\"inLanguage\":\"cs\",\"@id\":\"https:\/\/hotelhouse.cz\/#\/schema\/person\/image\/\",\"url\":\"https:\/\/secure.gravatar.com\/avatar\/5863c504ed89cd419ff3a5e812c722ff?s=96&d=mm&r=g\",\"contentUrl\":\"https:\/\/secure.gravatar.com\/avatar\/5863c504ed89cd419ff3a5e812c722ff?s=96&d=mm&r=g\",\"caption\":\"Hol\u00e1\u0148ov\u00e1 Jolana\"},\"sameAs\":[\"http:\/\/www.hotelhouse.cz\"],\"url\":\"https:\/\/hotelhouse.cz\/index.php\/author\/jolhol\/\"}]}<\/script>\n<!-- \/ Yoast SEO plugin. -->","yoast_head_json":{"title":"Stm\u00edv\u00e1n\u00ed na Stezce Krkono\u0161e: S\u00e9rie \u010dty\u0159 ve\u010dern\u00edch prohl\u00eddek startuje ji\u017e 2. srpna - HOTELHOUSE.cz","robots":{"index":"index","follow":"follow","max-snippet":"max-snippet:-1","max-image-preview":"max-image-preview:large","max-video-preview":"max-video-preview:-1"},"canonical":"https:\/\/hotelhouse.cz\/index.php\/2023\/07\/27\/stmivani-na-stezce-krkonose-serie-ctyr-vecernich-prohlidek-startuje-jiz-2-srpna\/","og_locale":"cs_CZ","og_type":"article","og_title":"Stm\u00edv\u00e1n\u00ed na Stezce Krkono\u0161e: S\u00e9rie \u010dty\u0159 ve\u010dern\u00edch prohl\u00eddek startuje ji\u017e 2. srpna - HOTELHOUSE.cz","og_description":"I v&nbsp;lese to po setm\u011bn\u00ed \u017dIJE! Vydejte se za n\u00e1mi n\u011bkterou st\u0159edu v srpnu a p\u0159esv\u011bd\u010dte se sami. M\u00e1te voln\u00e9 letn\u00ed ve\u010dery? P\u0159ije\u010fte do Jansk\u00fdch L\u00e1zn\u00ed. Stezka korunami strom\u016f Krkono\u0161e v\u00e1s zve na nezapomenuteln\u00e9&#46;&#46;&#46;","og_url":"https:\/\/hotelhouse.cz\/index.php\/2023\/07\/27\/stmivani-na-stezce-krkonose-serie-ctyr-vecernich-prohlidek-startuje-jiz-2-srpna\/","og_site_name":"HOTELHOUSE.cz","article_published_time":"2023-07-26T22:37:33+00:00","article_modified_time":"2023-07-26T22:49:34+00:00","og_image":[{"width":1450,"height":967,"url":"https:\/\/hotelhouse.cz\/wp-content\/uploads\/2023\/07\/Stmivani_1.jpg","type":"image\/jpeg"}],"author":"Hol\u00e1\u0148ov\u00e1 Jolana","twitter_card":"summary_large_image","twitter_misc":{"Napsal(a)":"Hol\u00e1\u0148ov\u00e1 Jolana","Odhadovan\u00e1 doba \u010dten\u00ed":"4 minuty"},"schema":{"@context":"https:\/\/schema.org","@graph":[{"@type":"Article","@id":"https:\/\/hotelhouse.cz\/index.php\/2023\/07\/27\/stmivani-na-stezce-krkonose-serie-ctyr-vecernich-prohlidek-startuje-jiz-2-srpna\/#article","isPartOf":{"@id":"https:\/\/hotelhouse.cz\/index.php\/2023\/07\/27\/stmivani-na-stezce-krkonose-serie-ctyr-vecernich-prohlidek-startuje-jiz-2-srpna\/"},"author":{"name":"Hol\u00e1\u0148ov\u00e1 Jolana","@id":"https:\/\/hotelhouse.cz\/#\/schema\/person\/4a69eae39f069d4a695854158f0891cd"},"headline":"Stm\u00edv\u00e1n\u00ed na Stezce Krkono\u0161e: S\u00e9rie \u010dty\u0159 ve\u010dern\u00edch prohl\u00eddek startuje ji\u017e 2. srpna","datePublished":"2023-07-26T22:37:33+00:00","dateModified":"2023-07-26T22:49:34+00:00","mainEntityOfPage":{"@id":"https:\/\/hotelhouse.cz\/index.php\/2023\/07\/27\/stmivani-na-stezce-krkonose-serie-ctyr-vecernich-prohlidek-startuje-jiz-2-srpna\/"},"wordCount":750,"publisher":{"@id":"https:\/\/hotelhouse.cz\/#organization"},"articleSection":["N\u00e1dhern\u00e1M\u00edsta.cz","NEWS","TIPY NA CESTOV\u00c1N\u00cd"],"inLanguage":"cs"},{"@type":"WebPage","@id":"https:\/\/hotelhouse.cz\/index.php\/2023\/07\/27\/stmivani-na-stezce-krkonose-serie-ctyr-vecernich-prohlidek-startuje-jiz-2-srpna\/","url":"https:\/\/hotelhouse.cz\/index.php\/2023\/07\/27\/stmivani-na-stezce-krkonose-serie-ctyr-vecernich-prohlidek-startuje-jiz-2-srpna\/","name":"Stm\u00edv\u00e1n\u00ed na Stezce Krkono\u0161e: S\u00e9rie \u010dty\u0159 ve\u010dern\u00edch prohl\u00eddek startuje ji\u017e 2. srpna - HOTELHOUSE.cz","isPartOf":{"@id":"https:\/\/hotelhouse.cz\/#website"},"datePublished":"2023-07-26T22:37:33+00:00","dateModified":"2023-07-26T22:49:34+00:00","breadcrumb":{"@id":"https:\/\/hotelhouse.cz\/index.php\/2023\/07\/27\/stmivani-na-stezce-krkonose-serie-ctyr-vecernich-prohlidek-startuje-jiz-2-srpna\/#breadcrumb"},"inLanguage":"cs","potentialAction":[{"@type":"ReadAction","target":["https:\/\/hotelhouse.cz\/index.php\/2023\/07\/27\/stmivani-na-stezce-krkonose-serie-ctyr-vecernich-prohlidek-startuje-jiz-2-srpna\/"]}]},{"@type":"BreadcrumbList","@id":"https:\/\/hotelhouse.cz\/index.php\/2023\/07\/27\/stmivani-na-stezce-krkonose-serie-ctyr-vecernich-prohlidek-startuje-jiz-2-srpna\/#breadcrumb","itemListElement":[{"@type":"ListItem","position":1,"name":"Dom\u016f","item":"https:\/\/hotelhouse.cz\/"},{"@type":"ListItem","position":2,"name":"Stm\u00edv\u00e1n\u00ed na Stezce Krkono\u0161e: S\u00e9rie \u010dty\u0159 ve\u010dern\u00edch prohl\u00eddek startuje ji\u017e 2. srpna"}]},{"@type":"WebSite","@id":"https:\/\/hotelhouse.cz\/#website","url":"https:\/\/hotelhouse.cz\/","name":"HOTELHOUSE.cz","description":"Port\u00e1l o hotelech, pensionech, spa resortech a restaurac\u00edch...","publisher":{"@id":"https:\/\/hotelhouse.cz\/#organization"},"potentialAction":[{"@type":"SearchAction","target":{"@type":"EntryPoint","urlTemplate":"https:\/\/hotelhouse.cz\/?s={search_term_string}"},"query-input":"required name=search_term_string"}],"inLanguage":"cs"},{"@type":"Organization","@id":"https:\/\/hotelhouse.cz\/#organization","name":"HOTELHOUSE.cz","url":"https:\/\/hotelhouse.cz\/","logo":{"@type":"ImageObject","inLanguage":"cs","@id":"https:\/\/hotelhouse.cz\/#\/schema\/logo\/image\/","url":"https:\/\/hotelhouse.cz\/wp-content\/uploads\/2024\/12\/cropped-Logo_HotelHouse-2.jpg","contentUrl":"https:\/\/hotelhouse.cz\/wp-content\/uploads\/2024\/12\/cropped-Logo_HotelHouse-2.jpg","width":933,"height":516,"caption":"HOTELHOUSE.cz"},"image":{"@id":"https:\/\/hotelhouse.cz\/#\/schema\/logo\/image\/"},"sameAs":["https:\/\/www.instagram.com\/hotelhousecz\/"]},{"@type":"Person","@id":"https:\/\/hotelhouse.cz\/#\/schema\/person\/4a69eae39f069d4a695854158f0891cd","name":"Hol\u00e1\u0148ov\u00e1 Jolana","image":{"@type":"ImageObject","inLanguage":"cs","@id":"https:\/\/hotelhouse.cz\/#\/schema\/person\/image\/","url":"https:\/\/secure.gravatar.com\/avatar\/5863c504ed89cd419ff3a5e812c722ff?s=96&d=mm&r=g","contentUrl":"https:\/\/secure.gravatar.com\/avatar\/5863c504ed89cd419ff3a5e812c722ff?s=96&d=mm&r=g","caption":"Hol\u00e1\u0148ov\u00e1 Jolana"},"sameAs":["http:\/\/www.hotelhouse.cz"],"url":"https:\/\/hotelhouse.cz\/index.php\/author\/jolhol\/"}]}},"_links":{"self":[{"href":"https:\/\/hotelhouse.cz\/index.php\/wp-json\/wp\/v2\/posts\/5288"}],"collection":[{"href":"https:\/\/hotelhouse.cz\/index.php\/wp-json\/wp\/v2\/posts"}],"about":[{"href":"https:\/\/hotelhouse.cz\/index.php\/wp-json\/wp\/v2\/types\/post"}],"author":[{"embeddable":true,"href":"https:\/\/hotelhouse.cz\/index.php\/wp-json\/wp\/v2\/users\/2"}],"replies":[{"embeddable":true,"href":"https:\/\/hotelhouse.cz\/index.php\/wp-json\/wp\/v2\/comments?post=5288"}],"version-history":[{"count":3,"href":"https:\/\/hotelhouse.cz\/index.php\/wp-json\/wp\/v2\/posts\/5288\/revisions"}],"predecessor-version":[{"id":5295,"href":"https:\/\/hotelhouse.cz\/index.php\/wp-json\/wp\/v2\/posts\/5288\/revisions\/5295"}],"wp:featuredmedia":[{"embeddable":true,"href":"https:\/\/hotelhouse.cz\/index.php\/wp-json\/wp\/v2\/media\/5292"}],"wp:attachment":[{"href":"https:\/\/hotelhouse.cz\/index.php\/wp-json\/wp\/v2\/media?parent=5288"}],"wp:term":[{"taxonomy":"category","embeddable":true,"href":"https:\/\/hotelhouse.cz\/index.php\/wp-json\/wp\/v2\/categories?post=5288"},{"taxonomy":"post_tag","embeddable":true,"href":"https:\/\/hotelhouse.cz\/index.php\/wp-json\/wp\/v2\/tags?post=5288"}],"curies":[{"name":"wp","href":"https:\/\/api.w.org\/{rel}","templated":true}]}}