{"id":5720,"date":"2023-11-16T02:05:42","date_gmt":"2023-11-16T01:05:42","guid":{"rendered":"https:\/\/hotelhouse.cz\/?p=5720"},"modified":"2023-11-16T02:11:18","modified_gmt":"2023-11-16T01:11:18","slug":"marek-friends-v-trezoru-spork-exkluzivni-vecer-s-michelinskym-sefkucharem-patrikem-jarosem-a-vinarskou-legendou-f-x-pichlerem","status":"publish","type":"post","link":"https:\/\/hotelhouse.cz\/index.php\/2023\/11\/16\/marek-friends-v-trezoru-spork-exkluzivni-vecer-s-michelinskym-sefkucharem-patrikem-jarosem-a-vinarskou-legendou-f-x-pichlerem\/","title":{"rendered":"Marek &amp; Friends v Trezoru \u0160pork Exkluzivn\u00ed ve\u010der s michelinsk\u00fdm \u0161\u00e9fkucha\u0159em Patrikem Jaro\u0161em a vina\u0159skou legendou F. X. Pichlerem"},"content":{"rendered":"\n<div style=\"height:44px\" aria-hidden=\"true\" class=\"wp-block-spacer\"><\/div>\n\n\n\n<p><strong>Jeden jedin\u00fd den \u2013 29. listopadu \u2013 bude <\/strong><strong>v Trezoru \u0160pork, kter\u00fd je sou\u010d\u00e1st\u00ed restaurace \u010cerven\u00fd Jelen v&nbsp;centru Prahy, dostupn\u00fd unik\u00e1tn\u00ed kulin\u00e1\u0159sk\u00fd z\u00e1\u017eitek. Seri\u00e1l gastronomick\u00fdch ud\u00e1lost\u00ed se sv\u011btovou \u0161pi\u010dkou Marek &amp; Friends bude m\u00edt tentokr\u00e1t rovnou dva vyj\u00edme\u010dn\u00e9 hosty. Dr\u017eitele michelinsk\u00e9 hv\u011bzdy a bronzov\u00e9ho medailistu sv\u011btov\u00e9ho fin\u00e1le sout\u011b\u017ee Bocuse d&#8217;Or Patrika Jaro\u0161e, kter\u00fd spolu s executive chefem \u010cerven\u00e9ho Jelena Markem Fichtnerem uva\u0159\u00ed sedmichodov\u00e9 menu s amuse bouche, a F. X. Pichlera. Proslul\u00fd rakousk\u00fd vina\u0159 se postar\u00e1 o perfektn\u00ed vinn\u00e9 p\u00e1rov\u00e1n\u00ed.<\/strong><\/p>\n\n\n\n<div style=\"height:44px\" aria-hidden=\"true\" class=\"wp-block-spacer\"><\/div>\n\n\n\n<figure class=\"wp-block-image size-large\"><img decoding=\"async\" loading=\"lazy\" width=\"1024\" height=\"695\" src=\"https:\/\/hotelhouse.cz\/wp-content\/uploads\/2023\/11\/Patrik-Jaros_V-1024x695.jpg\" alt=\"Marek &amp; Friends v Trezoru \u0160pork Exkluzivn\u00ed ve\u010der s michelinsk\u00fdm \u0161\u00e9fkucha\u0159em Patrikem Jaro\u0161em a vina\u0159skou legendou F. X. Pichlerem\" class=\"wp-image-5727\" srcset=\"https:\/\/hotelhouse.cz\/wp-content\/uploads\/2023\/11\/Patrik-Jaros_V-1024x695.jpg 1024w, https:\/\/hotelhouse.cz\/wp-content\/uploads\/2023\/11\/Patrik-Jaros_V-300x204.jpg 300w, https:\/\/hotelhouse.cz\/wp-content\/uploads\/2023\/11\/Patrik-Jaros_V-768x521.jpg 768w, https:\/\/hotelhouse.cz\/wp-content\/uploads\/2023\/11\/Patrik-Jaros_V.jpg 1061w\" sizes=\"(max-width: 1024px) 100vw, 1024px\" \/><\/figure>\n\n\n\n<div style=\"height:44px\" aria-hidden=\"true\" class=\"wp-block-spacer\"><\/div>\n\n\n\n<p><strong>Patrik Jaro\u0161<\/strong> je nejmlad\u0161\u00edm dr\u017eitelem michelinsk\u00e9 hv\u011bzdy v&nbsp;N\u011bmecku (z mnichovsk\u00e9 restaurace Aubergine, 1994) a bronzov\u00fdm medailistou ve sv\u011btov\u00e9m fin\u00e1le sout\u011b\u017ee Bocus d&#8217;Or (1995). Narodil se v \u010cesku, od 10 let \u017eije v&nbsp;N\u011bmecku, s Markem jsou dlouholet\u00ed p\u0159\u00e1tel\u00e9. Patrik je tv\u016frcem mnoha gastronomick\u00fdch koncept\u016f a uzn\u00e1van\u00fdm odborn\u00edkem na \u0159\u00edzen\u00ed velk\u00fdch gastronomick\u00fdch projekt\u016f. Je tak\u00e9 prezidentem akademie Bocuse d\u2019Or v&nbsp;N\u011bmecku, spoluzakladatelem a spolumajitelem \u010cerven\u00e9ho Jelena a n\u011bkolika restaurac\u00ed v&nbsp;Plzni. Napsal v\u00edce jak 20 kucha\u0159sk\u00fdch knih.<\/p>\n\n\n\n<div style=\"height:44px\" aria-hidden=\"true\" class=\"wp-block-spacer\"><\/div>\n\n\n\n<figure class=\"wp-block-image size-full\"><img decoding=\"async\" loading=\"lazy\" width=\"975\" height=\"615\" src=\"https:\/\/hotelhouse.cz\/wp-content\/uploads\/2023\/11\/06-Patrik-Jaros_Marek-Fichtner_Cerveny-Jelen_V.jpg\" alt=\"Marek &amp; Friends v Trezoru \u0160pork Exkluzivn\u00ed ve\u010der s michelinsk\u00fdm \u0161\u00e9fkucha\u0159em Patrikem Jaro\u0161em a vina\u0159skou legendou F. X. Pichlerem\" class=\"wp-image-5726\" srcset=\"https:\/\/hotelhouse.cz\/wp-content\/uploads\/2023\/11\/06-Patrik-Jaros_Marek-Fichtner_Cerveny-Jelen_V.jpg 975w, https:\/\/hotelhouse.cz\/wp-content\/uploads\/2023\/11\/06-Patrik-Jaros_Marek-Fichtner_Cerveny-Jelen_V-300x189.jpg 300w, https:\/\/hotelhouse.cz\/wp-content\/uploads\/2023\/11\/06-Patrik-Jaros_Marek-Fichtner_Cerveny-Jelen_V-768x484.jpg 768w\" sizes=\"(max-width: 975px) 100vw, 975px\" \/><\/figure>\n\n\n\n<div style=\"height:44px\" aria-hidden=\"true\" class=\"wp-block-spacer\"><\/div>\n\n\n\n<p>P\u00e1smo <strong>Marek &amp; Friends<\/strong> je to nejlep\u0161\u00ed, co Trezor pota\u017emo \u010cerven\u00fd Jelen nab\u00edz\u00ed. Jde pouze o n\u011bkolik dn\u00ed v roce, p\u0159i kter\u00fdch s&nbsp;Markem Fichtnerem va\u0159\u00ed michelin\u0161t\u00ed kucha\u0159i, v\u00edt\u011bzov\u00e9 Bocus d&#8217;Or a renomovan\u00ed kucha\u0159i. V&nbsp;lo\u0148sk\u00e9m roce to byl t\u0159eba t\u0159\u00edmichelinsk\u00fd Thomas B\u00fchner, letos v&nbsp;\u00fanoru v \u010cerven\u00e9m Jelenovi p\u0159iv\u00edtali \u0161v\u00e9dsk\u00e9ho \u0161\u00e9fkucha\u0159e Sebastiana Gibranda, vicemistra Bocuse d\u2019Or z roku 2019, a v&nbsp;\u0159\u00edjnu byl Markov\u00fdm hostem dvouhv\u011bzdi\u010dkov\u00fd michelinsk\u00fd \u0161\u00e9fkucha\u0159 Sebastian Frank. Spole\u010dn\u011b sestaven\u00e9 jedine\u010dn\u00e9 menu se pak v Trezoru pod\u00e1v\u00e1 jeden, maxim\u00e1ln\u011b dva dny.<\/p>\n\n\n\n<div style=\"height:44px\" aria-hidden=\"true\" class=\"wp-block-spacer\"><\/div>\n\n\n\n<figure class=\"wp-block-gallery has-nested-images columns-default is-cropped wp-block-gallery-1 is-layout-flex wp-block-gallery-is-layout-flex\">\n<figure class=\"wp-block-image size-large\"><img decoding=\"async\" loading=\"lazy\" width=\"682\" height=\"1024\" data-id=\"5728\" src=\"https:\/\/hotelhouse.cz\/wp-content\/uploads\/2023\/11\/04-Marek-Fichtner-682x1024.jpg\" alt=\"Marek &amp; Friends v Trezoru \u0160pork Exkluzivn\u00ed ve\u010der s michelinsk\u00fdm \u0161\u00e9fkucha\u0159em Patrikem Jaro\u0161em a vina\u0159skou legendou F. X. Pichlerem\" class=\"wp-image-5728\" srcset=\"https:\/\/hotelhouse.cz\/wp-content\/uploads\/2023\/11\/04-Marek-Fichtner-682x1024.jpg 682w, https:\/\/hotelhouse.cz\/wp-content\/uploads\/2023\/11\/04-Marek-Fichtner-200x300.jpg 200w, https:\/\/hotelhouse.cz\/wp-content\/uploads\/2023\/11\/04-Marek-Fichtner-768x1153.jpg 768w, https:\/\/hotelhouse.cz\/wp-content\/uploads\/2023\/11\/04-Marek-Fichtner-1023x1536.jpg 1023w, https:\/\/hotelhouse.cz\/wp-content\/uploads\/2023\/11\/04-Marek-Fichtner.jpg 1177w\" sizes=\"(max-width: 682px) 100vw, 682px\" \/><\/figure>\n\n\n\n<figure class=\"wp-block-image size-large\"><img decoding=\"async\" loading=\"lazy\" width=\"682\" height=\"1024\" data-id=\"5724\" src=\"https:\/\/hotelhouse.cz\/wp-content\/uploads\/2023\/11\/02-Patrik-Jaros-682x1024.jpg\" alt=\"Marek &amp; Friends v Trezoru \u0160pork Exkluzivn\u00ed ve\u010der s michelinsk\u00fdm \u0161\u00e9fkucha\u0159em Patrikem Jaro\u0161em a vina\u0159skou legendou F. X. Pichlerem\" class=\"wp-image-5724\" srcset=\"https:\/\/hotelhouse.cz\/wp-content\/uploads\/2023\/11\/02-Patrik-Jaros-682x1024.jpg 682w, https:\/\/hotelhouse.cz\/wp-content\/uploads\/2023\/11\/02-Patrik-Jaros-200x300.jpg 200w, https:\/\/hotelhouse.cz\/wp-content\/uploads\/2023\/11\/02-Patrik-Jaros-768x1152.jpg 768w, https:\/\/hotelhouse.cz\/wp-content\/uploads\/2023\/11\/02-Patrik-Jaros-1024x1536.jpg 1024w, https:\/\/hotelhouse.cz\/wp-content\/uploads\/2023\/11\/02-Patrik-Jaros.jpg 1175w\" sizes=\"(max-width: 682px) 100vw, 682px\" \/><\/figure>\n<\/figure>\n\n\n\n<div style=\"height:44px\" aria-hidden=\"true\" class=\"wp-block-spacer\"><\/div>\n\n\n\n<h3 class=\"wp-block-heading\"><strong>Marek &amp; Friends \u2013 kulin\u00e1\u0159sk\u00fd ve\u010der s s Patrikem Jaro\u0161em a F. X. Pichlerem \u2013 29. 11. od 18 hodin<\/strong>.<\/h3>\n\n\n\n<div style=\"height:1px\" aria-hidden=\"true\" class=\"wp-block-spacer\"><\/div>\n\n\n\n<p>Riesling Ried Burgstall (2021) * <strong>Amuse Bouche <\/strong>? <strong>Hov\u011bz\u00ed tatar\u00e1k<\/strong>| \u017eitn\u00fd chl\u00e9b | k\u0159epel\u010d\u00ed vaj\u00ed\u010dko | kapary z \u010dern\u00e9ho bezu * <strong>Poln\u00ed\u010dek &amp; Topinambury<\/strong> | \u010derven\u00e1 \u0159epa | slan\u00fd citron | Vinaigrette z pe\u010den\u00e9 cibule | Gr\u00fcner Veltliner Ried Klostersatz (2021) * <strong>Uzen\u00fd losos<\/strong>| pa\u017eitkov\u00fd Creme fra\u00eeche | Gr\u00fcner Veltliner Ried Loibenberg (2021) * <strong>Pe\u010den\u00e9 jelito<\/strong>| major\u00e1nka | karamelizovan\u00e9 jablko | bramborovo-cibulov\u00e1 ka\u0161e | Riesling Steinertal Smaragd (2021) * <strong>Rak<\/strong> | pe\u010den\u00fd kv\u011bt\u00e1k | Bisque | Riesling Ried Kellerberg (2021) * <strong>Prso z \u010dern\u00fdch ku\u0159at <\/strong>| P\u00e9rigordsk\u00fd \u010dern\u00fd lan\u00fd\u017e | konfitovan\u00fd celer | Gr\u00fcner Veltliner M Smaragd (2017) * <strong>Makov\u00fd Kaiserschmarrn<\/strong>| kompot z Pink lady jablek | \u0161tr\u016fdlov\u00e1 zmrzlina | Sekt Brut Reserve (NV)<\/p>\n\n\n\n<div style=\"height:1px\" aria-hidden=\"true\" class=\"wp-block-spacer\"><\/div>\n\n\n\n<p><strong>V\u00edce informac\u00ed a rezervace (po\u010det m\u00edst je omezen) na <a href=\"https:\/\/www.trezorspork.cz\/marek-and-friends\">www.trezorspork.cz\/marek-and-friends<\/a><\/strong><\/p>\n\n\n\n<div style=\"height:45px\" aria-hidden=\"true\" class=\"wp-block-spacer\"><\/div>\n\n\n\n<figure class=\"wp-block-image size-large\"><img decoding=\"async\" loading=\"lazy\" width=\"1024\" height=\"767\" src=\"https:\/\/hotelhouse.cz\/wp-content\/uploads\/2023\/11\/unnamed-1024x767.jpg\" alt=\"Marek &amp; Friends v Trezoru \u0160pork Exkluzivn\u00ed ve\u010der s michelinsk\u00fdm \u0161\u00e9fkucha\u0159em Patrikem Jaro\u0161em a vina\u0159skou legendou F. X. Pichlerem\" class=\"wp-image-5735\" srcset=\"https:\/\/hotelhouse.cz\/wp-content\/uploads\/2023\/11\/unnamed-1024x767.jpg 1024w, https:\/\/hotelhouse.cz\/wp-content\/uploads\/2023\/11\/unnamed-300x225.jpg 300w, https:\/\/hotelhouse.cz\/wp-content\/uploads\/2023\/11\/unnamed-768x575.jpg 768w, https:\/\/hotelhouse.cz\/wp-content\/uploads\/2023\/11\/unnamed.jpg 1280w\" sizes=\"(max-width: 1024px) 100vw, 1024px\" \/><\/figure>\n\n\n\n<div style=\"height:45px\" aria-hidden=\"true\" class=\"wp-block-spacer\"><\/div>\n\n\n\n<h2 class=\"wp-block-heading\"><strong>O restauraci \u010cerven\u00fd Jelen<\/strong><\/h2>\n\n\n\n<div style=\"height:4px\" aria-hidden=\"true\" class=\"wp-block-spacer\"><\/div>\n\n\n\n<p>Restaurace \u010cerven\u00fd Jelen vznikla v roce 2019 podle projektu architekta Stanislava Fialy v prostorech b\u00fdval\u00e9 Anglicko-\u010deskoslovensk\u00e9 banky navr\u017een\u00e9 \u010desk\u00fdm architektem Josefem Go\u010d\u00e1rem. Nach\u00e1z\u00ed se v pra\u017esk\u00e9 Hybernsk\u00e9 ulici v barokn\u00edm Sw\u00e9erts-Sporckov\u011b pal\u00e1ci, jeho\u017e p\u016fvodn\u00edm majitelem byl hrab\u011b \u0160pork, zakladatel \u010desk\u00e9ho myslivectv\u00ed, \u0159\u00e1du sv. Huberta a don\u00e1tor um\u011bn\u00ed. K jeho z\u00e1lib\u011b v myslivectv\u00ed odkazuje nejen n\u00e1zev restaurace, ale tak\u00e9 sochy l\u00e9taj\u00edc\u00edch \u010derven\u00fdch jelen\u016f z d\u00edlny \u010desk\u00e9ho socha\u0159e Michala Gabriela.<\/p>\n\n\n\n<p>Restaurace \u010cerven\u00fd Jelen propojuje kr\u00e1snou go\u010d\u00e1rovskou \u201emodernisticko-funkcionalisticko-kubistickou\u201c achitekturu, v\u0159el\u00fd a pohostinn\u00fd servis, kvalitn\u00ed v\u00fdb\u011br n\u00e1poj\u016f a modern\u00ed pojet\u00ed gastronomie zalo\u017een\u00e9 na citliv\u00e9m mixu kvalitn\u00edho grilovan\u00e9ho masa, zeleniny a la carte j\u00eddel od t\u00fdmu pracuj\u00edc\u00edho pod veden\u00edm zn\u00e1m\u00e9ho \u0161\u00e9fkucha\u0159e Marka Fichtnera.<\/p>\n\n\n\n<div style=\"height:45px\" aria-hidden=\"true\" class=\"wp-block-spacer\"><\/div>\n\n\n\n<figure class=\"wp-block-image size-full\"><img decoding=\"async\" loading=\"lazy\" width=\"1366\" height=\"768\" src=\"https:\/\/hotelhouse.cz\/wp-content\/uploads\/2023\/11\/2a7a2a_5756cf30f3b04baf9a560d2fb47757e9mv2.webp\" alt=\"Marek &amp; Friends v Trezoru \u0160pork Exkluzivn\u00ed ve\u010der s michelinsk\u00fdm \u0161\u00e9fkucha\u0159em Patrikem Jaro\u0161em a vina\u0159skou legendou F. X. Pichlerem\" class=\"wp-image-5731\"\/><\/figure>\n\n\n\n<div style=\"height:45px\" aria-hidden=\"true\" class=\"wp-block-spacer\"><\/div>\n\n\n\n<h2 class=\"wp-block-heading\"><strong>O vina\u0159stv\u00ed F. X. Pichler<\/strong><\/h2>\n\n\n\n<div style=\"height:4px\" aria-hidden=\"true\" class=\"wp-block-spacer\"><\/div>\n\n\n\n<p>Lucas Franz Pichler p\u0159edstavuje sedmou generaci presti\u017en\u00edho vina\u0159stv\u00ed F. X. Pichler z rakousk\u00e9ho m\u011bste\u010dka Oberloiben ve Wachau. Jeho v\u00edna jsou dlouhodob\u011b hodnocena na p\u0159edn\u00edch p\u0159\u00ed\u010dk\u00e1ch po cel\u00e9m sv\u011bt\u011b a je uzn\u00e1v\u00e1n jako legenda vina\u0159stv\u00ed v Rakousku. V\u00edna, kter\u00e1 produkuje, vynikaj\u00ed svoj\u00ed \u010distotou, eleganc\u00ed, noblesou a nekompromisn\u00ed preciznost\u00ed.<\/p>\n\n\n\n<div style=\"height:35px\" aria-hidden=\"true\" class=\"wp-block-spacer\"><\/div>\n\n\n\n<figure class=\"wp-block-image size-full\"><img decoding=\"async\" loading=\"lazy\" width=\"1024\" height=\"490\" src=\"https:\/\/hotelhouse.cz\/wp-content\/uploads\/2023\/11\/Cerveny-jelen-prezentace-1024x490-1.jpg\" alt=\"Gurm\u00e1nsk\u00fd tip: Svatomartinsk\u00e9 menu Marka Fichtnera v restauraci \u010cerven\u00fd jelen\" class=\"wp-image-5696\" srcset=\"https:\/\/hotelhouse.cz\/wp-content\/uploads\/2023\/11\/Cerveny-jelen-prezentace-1024x490-1.jpg 1024w, https:\/\/hotelhouse.cz\/wp-content\/uploads\/2023\/11\/Cerveny-jelen-prezentace-1024x490-1-300x144.jpg 300w, https:\/\/hotelhouse.cz\/wp-content\/uploads\/2023\/11\/Cerveny-jelen-prezentace-1024x490-1-768x368.jpg 768w\" sizes=\"(max-width: 1024px) 100vw, 1024px\" \/><\/figure>\n\n\n\n<div style=\"height:41px\" aria-hidden=\"true\" class=\"wp-block-spacer\"><\/div>\n\n\n\n<h2 class=\"wp-block-heading\"><strong>\u010cerven\u00fd jelen &amp; Trezor \u0160pork<\/strong><\/h2>\n\n\n\n<div style=\"height:15px\" aria-hidden=\"true\" class=\"wp-block-spacer\"><\/div>\n\n\n\n<p><strong>Hybernsk\u00e1 1034\/5, Praha 1<\/strong><\/p>\n\n\n\n<div style=\"height:15px\" aria-hidden=\"true\" class=\"wp-block-spacer\"><\/div>\n\n\n\n<p><a href=\"http:\/\/www.cervenyjelen.cz\/\"><strong>www.cervenyjelen.cz<\/strong><\/a><\/p>\n\n\n\n<p><strong><a href=\"http:\/\/www.trezorspork.cz\">www.trezorspork.cz<\/a><\/strong><\/p>\n\n\n\n<p><a href=\"http:\/\/www.facebook.com\/cervenyjelen\"><strong>www.facebook.com\/cervenyjelen<\/strong><\/a><\/p>\n\n\n\n<p><a href=\"http:\/\/www.instagram.com\/cerveny_jelen\/\"><strong>www.instagram.com\/cerveny_jelen\/<\/strong><\/a><\/p>\n\n\n\n<p><a href=\"http:\/\/www.instagram.com\/trezor_spork\/\"><strong>www.instagram.com\/trezor_spork\/<\/strong><\/a><\/p>\n\n\n\n<div style=\"height:100px\" aria-hidden=\"true\" class=\"wp-block-spacer\"><\/div>\n\n\n\n<figure class=\"wp-block-gallery has-nested-images columns-2 is-cropped wp-block-gallery-3 is-layout-flex wp-block-gallery-is-layout-flex\">\n<figure class=\"wp-block-image size-large\"><img decoding=\"async\" loading=\"lazy\" width=\"682\" height=\"1024\" data-id=\"5729\" src=\"https:\/\/hotelhouse.cz\/wp-content\/uploads\/2023\/11\/03-Patrik-Jaros-682x1024.jpg\" alt=\"Marek &amp; Friends v Trezoru \u0160pork Exkluzivn\u00ed ve\u010der s michelinsk\u00fdm \u0161\u00e9fkucha\u0159em Patrikem Jaro\u0161em a vina\u0159skou legendou F. X. Pichlerem\" class=\"wp-image-5729\" srcset=\"https:\/\/hotelhouse.cz\/wp-content\/uploads\/2023\/11\/03-Patrik-Jaros-682x1024.jpg 682w, https:\/\/hotelhouse.cz\/wp-content\/uploads\/2023\/11\/03-Patrik-Jaros-200x300.jpg 200w, https:\/\/hotelhouse.cz\/wp-content\/uploads\/2023\/11\/03-Patrik-Jaros-768x1154.jpg 768w, https:\/\/hotelhouse.cz\/wp-content\/uploads\/2023\/11\/03-Patrik-Jaros.jpg 968w\" sizes=\"(max-width: 682px) 100vw, 682px\" \/><\/figure>\n\n\n\n<figure class=\"wp-block-image size-large\"><img decoding=\"async\" loading=\"lazy\" width=\"1024\" height=\"677\" data-id=\"5730\" src=\"https:\/\/hotelhouse.cz\/wp-content\/uploads\/2023\/11\/04-Marek-Fichtner_V-1024x677.jpg\" alt=\"Marek &amp; Friends v Trezoru \u0160pork Exkluzivn\u00ed ve\u010der s michelinsk\u00fdm \u0161\u00e9fkucha\u0159em Patrikem Jaro\u0161em a vina\u0159skou legendou F. X. Pichlerem\" class=\"wp-image-5730\" srcset=\"https:\/\/hotelhouse.cz\/wp-content\/uploads\/2023\/11\/04-Marek-Fichtner_V-1024x677.jpg 1024w, https:\/\/hotelhouse.cz\/wp-content\/uploads\/2023\/11\/04-Marek-Fichtner_V-300x198.jpg 300w, https:\/\/hotelhouse.cz\/wp-content\/uploads\/2023\/11\/04-Marek-Fichtner_V-768x508.jpg 768w, https:\/\/hotelhouse.cz\/wp-content\/uploads\/2023\/11\/04-Marek-Fichtner_V.jpg 1177w\" sizes=\"(max-width: 1024px) 100vw, 1024px\" \/><\/figure>\n\n\n\n<figure class=\"wp-block-image size-large\"><img decoding=\"async\" loading=\"lazy\" width=\"682\" height=\"1024\" data-id=\"5728\" src=\"https:\/\/hotelhouse.cz\/wp-content\/uploads\/2023\/11\/04-Marek-Fichtner-682x1024.jpg\" alt=\"Marek &amp; Friends v Trezoru \u0160pork Exkluzivn\u00ed ve\u010der s michelinsk\u00fdm \u0161\u00e9fkucha\u0159em Patrikem Jaro\u0161em a vina\u0159skou legendou F. X. Pichlerem\" class=\"wp-image-5728\" srcset=\"https:\/\/hotelhouse.cz\/wp-content\/uploads\/2023\/11\/04-Marek-Fichtner-682x1024.jpg 682w, https:\/\/hotelhouse.cz\/wp-content\/uploads\/2023\/11\/04-Marek-Fichtner-200x300.jpg 200w, https:\/\/hotelhouse.cz\/wp-content\/uploads\/2023\/11\/04-Marek-Fichtner-768x1153.jpg 768w, https:\/\/hotelhouse.cz\/wp-content\/uploads\/2023\/11\/04-Marek-Fichtner-1023x1536.jpg 1023w, https:\/\/hotelhouse.cz\/wp-content\/uploads\/2023\/11\/04-Marek-Fichtner.jpg 1177w\" sizes=\"(max-width: 682px) 100vw, 682px\" \/><\/figure>\n\n\n\n<figure class=\"wp-block-image size-large\"><img decoding=\"async\" loading=\"lazy\" width=\"682\" height=\"1024\" data-id=\"5724\" src=\"https:\/\/hotelhouse.cz\/wp-content\/uploads\/2023\/11\/02-Patrik-Jaros-682x1024.jpg\" alt=\"Marek &amp; Friends v Trezoru \u0160pork Exkluzivn\u00ed ve\u010der s michelinsk\u00fdm \u0161\u00e9fkucha\u0159em Patrikem Jaro\u0161em a vina\u0159skou legendou F. X. Pichlerem\" class=\"wp-image-5724\" srcset=\"https:\/\/hotelhouse.cz\/wp-content\/uploads\/2023\/11\/02-Patrik-Jaros-682x1024.jpg 682w, https:\/\/hotelhouse.cz\/wp-content\/uploads\/2023\/11\/02-Patrik-Jaros-200x300.jpg 200w, https:\/\/hotelhouse.cz\/wp-content\/uploads\/2023\/11\/02-Patrik-Jaros-768x1152.jpg 768w, https:\/\/hotelhouse.cz\/wp-content\/uploads\/2023\/11\/02-Patrik-Jaros-1024x1536.jpg 1024w, https:\/\/hotelhouse.cz\/wp-content\/uploads\/2023\/11\/02-Patrik-Jaros.jpg 1175w\" sizes=\"(max-width: 682px) 100vw, 682px\" \/><\/figure>\n\n\n\n<figure class=\"wp-block-image size-large\"><img decoding=\"async\" loading=\"lazy\" width=\"682\" height=\"1024\" data-id=\"5723\" src=\"https:\/\/hotelhouse.cz\/wp-content\/uploads\/2023\/11\/01-Patrik-Jaros-682x1024.jpg\" alt=\"Marek &amp; Friends v Trezoru \u0160pork Exkluzivn\u00ed ve\u010der s michelinsk\u00fdm \u0161\u00e9fkucha\u0159em Patrikem Jaro\u0161em a vina\u0159skou legendou F. X. Pichlerem\" class=\"wp-image-5723\" srcset=\"https:\/\/hotelhouse.cz\/wp-content\/uploads\/2023\/11\/01-Patrik-Jaros-682x1024.jpg 682w, https:\/\/hotelhouse.cz\/wp-content\/uploads\/2023\/11\/01-Patrik-Jaros-200x300.jpg 200w, https:\/\/hotelhouse.cz\/wp-content\/uploads\/2023\/11\/01-Patrik-Jaros-768x1153.jpg 768w, https:\/\/hotelhouse.cz\/wp-content\/uploads\/2023\/11\/01-Patrik-Jaros-1023x1536.jpg 1023w, https:\/\/hotelhouse.cz\/wp-content\/uploads\/2023\/11\/01-Patrik-Jaros.jpg 1079w\" sizes=\"(max-width: 682px) 100vw, 682px\" \/><\/figure>\n\n\n\n<figure class=\"wp-block-image size-large\"><img decoding=\"async\" loading=\"lazy\" width=\"642\" height=\"1024\" data-id=\"5725\" src=\"https:\/\/hotelhouse.cz\/wp-content\/uploads\/2023\/11\/06-Patrik-Jaros_Marek-Fichtner_Cerveny-Jelen-642x1024.jpg\" alt=\"Marek &amp; Friends v Trezoru \u0160pork Exkluzivn\u00ed ve\u010der s michelinsk\u00fdm \u0161\u00e9fkucha\u0159em Patrikem Jaro\u0161em a vina\u0159skou legendou F. X. Pichlerem\" class=\"wp-image-5725\" srcset=\"https:\/\/hotelhouse.cz\/wp-content\/uploads\/2023\/11\/06-Patrik-Jaros_Marek-Fichtner_Cerveny-Jelen-642x1024.jpg 642w, https:\/\/hotelhouse.cz\/wp-content\/uploads\/2023\/11\/06-Patrik-Jaros_Marek-Fichtner_Cerveny-Jelen-188x300.jpg 188w, https:\/\/hotelhouse.cz\/wp-content\/uploads\/2023\/11\/06-Patrik-Jaros_Marek-Fichtner_Cerveny-Jelen-768x1225.jpg 768w, https:\/\/hotelhouse.cz\/wp-content\/uploads\/2023\/11\/06-Patrik-Jaros_Marek-Fichtner_Cerveny-Jelen-963x1536.jpg 963w, https:\/\/hotelhouse.cz\/wp-content\/uploads\/2023\/11\/06-Patrik-Jaros_Marek-Fichtner_Cerveny-Jelen.jpg 975w\" sizes=\"(max-width: 642px) 100vw, 642px\" \/><\/figure>\n\n\n\n<figure class=\"wp-block-image size-large\"><img decoding=\"async\" loading=\"lazy\" width=\"683\" height=\"1024\" data-id=\"5722\" src=\"https:\/\/hotelhouse.cz\/wp-content\/uploads\/2023\/11\/Patrik-Jaros-683x1024.jpeg\" alt=\"Marek &amp; Friends v Trezoru \u0160pork Exkluzivn\u00ed ve\u010der s michelinsk\u00fdm \u0161\u00e9fkucha\u0159em Patrikem Jaro\u0161em a vina\u0159skou legendou F. X. Pichlerem\" class=\"wp-image-5722\" srcset=\"https:\/\/hotelhouse.cz\/wp-content\/uploads\/2023\/11\/Patrik-Jaros-683x1024.jpeg 683w, https:\/\/hotelhouse.cz\/wp-content\/uploads\/2023\/11\/Patrik-Jaros-200x300.jpeg 200w, https:\/\/hotelhouse.cz\/wp-content\/uploads\/2023\/11\/Patrik-Jaros-768x1151.jpeg 768w, https:\/\/hotelhouse.cz\/wp-content\/uploads\/2023\/11\/Patrik-Jaros-1025x1536.jpeg 1025w, https:\/\/hotelhouse.cz\/wp-content\/uploads\/2023\/11\/Patrik-Jaros.jpeg 1061w\" sizes=\"(max-width: 683px) 100vw, 683px\" \/><\/figure>\n\n\n\n<figure class=\"wp-block-image size-large\"><img decoding=\"async\" loading=\"lazy\" width=\"1024\" height=\"695\" data-id=\"5727\" src=\"https:\/\/hotelhouse.cz\/wp-content\/uploads\/2023\/11\/Patrik-Jaros_V-1024x695.jpg\" alt=\"Marek &amp; Friends v Trezoru \u0160pork Exkluzivn\u00ed ve\u010der s michelinsk\u00fdm \u0161\u00e9fkucha\u0159em Patrikem Jaro\u0161em a vina\u0159skou legendou F. X. Pichlerem\" class=\"wp-image-5727\" srcset=\"https:\/\/hotelhouse.cz\/wp-content\/uploads\/2023\/11\/Patrik-Jaros_V-1024x695.jpg 1024w, https:\/\/hotelhouse.cz\/wp-content\/uploads\/2023\/11\/Patrik-Jaros_V-300x204.jpg 300w, https:\/\/hotelhouse.cz\/wp-content\/uploads\/2023\/11\/Patrik-Jaros_V-768x521.jpg 768w, https:\/\/hotelhouse.cz\/wp-content\/uploads\/2023\/11\/Patrik-Jaros_V.jpg 1061w\" sizes=\"(max-width: 1024px) 100vw, 1024px\" \/><\/figure>\n\n\n\n<figure class=\"wp-block-image size-large\"><img decoding=\"async\" loading=\"lazy\" width=\"975\" height=\"615\" data-id=\"5726\" src=\"https:\/\/hotelhouse.cz\/wp-content\/uploads\/2023\/11\/06-Patrik-Jaros_Marek-Fichtner_Cerveny-Jelen_V.jpg\" alt=\"Marek &amp; Friends v Trezoru \u0160pork Exkluzivn\u00ed ve\u010der s michelinsk\u00fdm \u0161\u00e9fkucha\u0159em Patrikem Jaro\u0161em a vina\u0159skou legendou F. X. Pichlerem\" class=\"wp-image-5726\" srcset=\"https:\/\/hotelhouse.cz\/wp-content\/uploads\/2023\/11\/06-Patrik-Jaros_Marek-Fichtner_Cerveny-Jelen_V.jpg 975w, https:\/\/hotelhouse.cz\/wp-content\/uploads\/2023\/11\/06-Patrik-Jaros_Marek-Fichtner_Cerveny-Jelen_V-300x189.jpg 300w, https:\/\/hotelhouse.cz\/wp-content\/uploads\/2023\/11\/06-Patrik-Jaros_Marek-Fichtner_Cerveny-Jelen_V-768x484.jpg 768w\" sizes=\"(max-width: 975px) 100vw, 975px\" \/><\/figure>\n<\/figure>\n\n\n\n<div style=\"height:35px\" aria-hidden=\"true\" class=\"wp-block-spacer\"><\/div>\n\n\n\n<p><strong>Zdroj foto: <\/strong>\u010cERVEN\u00dd JELEN, Trezor \u0160pork <\/p>\n\n\n\n<div style=\"height:45px\" aria-hidden=\"true\" class=\"wp-block-spacer\"><\/div>\n","protected":false},"excerpt":{"rendered":"<p>Jeden jedin\u00fd den \u2013 29. listopadu \u2013 bude v Trezoru \u0160pork, kter\u00fd je sou\u010d\u00e1st\u00ed restaurace \u010cerven\u00fd Jelen v&nbsp;centru Prahy, dostupn\u00fd unik\u00e1tn\u00ed kulin\u00e1\u0159sk\u00fd z\u00e1\u017eitek. Seri\u00e1l gastronomick\u00fdch ud\u00e1lost\u00ed se sv\u011btovou \u0161pi\u010dkou Marek &amp; Friends bude m\u00edt&#46;&#46;&#46;<\/p>\n","protected":false},"author":3,"featured_media":5727,"comment_status":"closed","ping_status":"closed","sticky":false,"template":"","format":"standard","meta":{"_monsterinsights_skip_tracking":false,"_monsterinsights_sitenote_active":false,"_monsterinsights_sitenote_note":"","_monsterinsights_sitenote_category":0,"footnotes":""},"categories":[26,22,2,8,28,11],"tags":[],"yoast_head":"<!-- This site is optimized with the Yoast SEO plugin v21.5 - https:\/\/yoast.com\/wordpress\/plugins\/seo\/ -->\n<title>Marek &amp; Friends v Trezoru \u0160pork Exkluzivn\u00ed ve\u010der s michelinsk\u00fdm \u0161\u00e9fkucha\u0159em Patrikem Jaro\u0161em a vina\u0159skou legendou F. X. Pichlerem - HOTELHOUSE.cz<\/title>\n<meta name=\"description\" content=\"Marek &amp; Friends v Trezoru \u0160pork Exkluzivn\u00ed ve\u010der s michelinsk\u00fdm \u0161\u00e9fkucha\u0159em Patrikem Jaro\u0161em a vina\u0159skou legendou F. X. Pichlerem.\" \/>\n<meta name=\"robots\" content=\"index, follow, max-snippet:-1, max-image-preview:large, max-video-preview:-1\" \/>\n<link rel=\"canonical\" href=\"https:\/\/hotelhouse.cz\/index.php\/2023\/11\/16\/marek-friends-v-trezoru-spork-exkluzivni-vecer-s-michelinskym-sefkucharem-patrikem-jarosem-a-vinarskou-legendou-f-x-pichlerem\/\" \/>\n<meta property=\"og:locale\" content=\"cs_CZ\" \/>\n<meta property=\"og:type\" content=\"article\" \/>\n<meta property=\"og:title\" content=\"Marek &amp; Friends v Trezoru \u0160pork Exkluzivn\u00ed ve\u010der s michelinsk\u00fdm \u0161\u00e9fkucha\u0159em Patrikem Jaro\u0161em a vina\u0159skou legendou F. X. Pichlerem - HOTELHOUSE.cz\" \/>\n<meta property=\"og:description\" content=\"Marek &amp; Friends v Trezoru \u0160pork Exkluzivn\u00ed ve\u010der s michelinsk\u00fdm \u0161\u00e9fkucha\u0159em Patrikem Jaro\u0161em a vina\u0159skou legendou F. X. Pichlerem.\" \/>\n<meta property=\"og:url\" content=\"https:\/\/hotelhouse.cz\/index.php\/2023\/11\/16\/marek-friends-v-trezoru-spork-exkluzivni-vecer-s-michelinskym-sefkucharem-patrikem-jarosem-a-vinarskou-legendou-f-x-pichlerem\/\" \/>\n<meta property=\"og:site_name\" content=\"HOTELHOUSE.cz\" \/>\n<meta property=\"article:published_time\" content=\"2023-11-16T01:05:42+00:00\" \/>\n<meta property=\"article:modified_time\" content=\"2023-11-16T01:11:18+00:00\" \/>\n<meta property=\"og:image\" content=\"https:\/\/hotelhouse.cz\/wp-content\/uploads\/2023\/11\/Patrik-Jaros_V.jpg\" \/>\n\t<meta property=\"og:image:width\" content=\"1061\" \/>\n\t<meta property=\"og:image:height\" content=\"720\" \/>\n\t<meta property=\"og:image:type\" content=\"image\/jpeg\" \/>\n<meta name=\"author\" content=\"Van\u011bk Miroslav\" \/>\n<meta name=\"twitter:card\" content=\"summary_large_image\" \/>\n<meta name=\"twitter:label1\" content=\"Napsal(a)\" \/>\n\t<meta name=\"twitter:data1\" content=\"Van\u011bk Miroslav\" \/>\n\t<meta name=\"twitter:label2\" content=\"Odhadovan\u00e1 doba \u010dten\u00ed\" \/>\n\t<meta name=\"twitter:data2\" content=\"7 minut\" \/>\n<script type=\"application\/ld+json\" class=\"yoast-schema-graph\">{\"@context\":\"https:\/\/schema.org\",\"@graph\":[{\"@type\":\"Article\",\"@id\":\"https:\/\/hotelhouse.cz\/index.php\/2023\/11\/16\/marek-friends-v-trezoru-spork-exkluzivni-vecer-s-michelinskym-sefkucharem-patrikem-jarosem-a-vinarskou-legendou-f-x-pichlerem\/#article\",\"isPartOf\":{\"@id\":\"https:\/\/hotelhouse.cz\/index.php\/2023\/11\/16\/marek-friends-v-trezoru-spork-exkluzivni-vecer-s-michelinskym-sefkucharem-patrikem-jarosem-a-vinarskou-legendou-f-x-pichlerem\/\"},\"author\":{\"name\":\"Van\u011bk Miroslav\",\"@id\":\"https:\/\/hotelhouse.cz\/#\/schema\/person\/fa8caee3f0a9c6134afed3c541204812\"},\"headline\":\"Marek &amp; Friends v Trezoru \u0160pork Exkluzivn\u00ed ve\u010der s michelinsk\u00fdm \u0161\u00e9fkucha\u0159em Patrikem Jaro\u0161em a vina\u0159skou legendou F. X. Pichlerem\",\"datePublished\":\"2023-11-16T01:05:42+00:00\",\"dateModified\":\"2023-11-16T01:11:18+00:00\",\"mainEntityOfPage\":{\"@id\":\"https:\/\/hotelhouse.cz\/index.php\/2023\/11\/16\/marek-friends-v-trezoru-spork-exkluzivni-vecer-s-michelinskym-sefkucharem-patrikem-jarosem-a-vinarskou-legendou-f-x-pichlerem\/\"},\"wordCount\":745,\"publisher\":{\"@id\":\"https:\/\/hotelhouse.cz\/#organization\"},\"articleSection\":[\"N\u00e1dhern\u00e1M\u00edsta.cz\",\"NaDovolenouDoPrahy.cz\",\"NEWS\",\"RESTAURACE &amp; BISTRA\",\"TIPY NA J\u00cdDLO\",\"VIN\u00c1RNY &amp; VINA\u0158STV\u00cd\"],\"inLanguage\":\"cs\"},{\"@type\":\"WebPage\",\"@id\":\"https:\/\/hotelhouse.cz\/index.php\/2023\/11\/16\/marek-friends-v-trezoru-spork-exkluzivni-vecer-s-michelinskym-sefkucharem-patrikem-jarosem-a-vinarskou-legendou-f-x-pichlerem\/\",\"url\":\"https:\/\/hotelhouse.cz\/index.php\/2023\/11\/16\/marek-friends-v-trezoru-spork-exkluzivni-vecer-s-michelinskym-sefkucharem-patrikem-jarosem-a-vinarskou-legendou-f-x-pichlerem\/\",\"name\":\"Marek &amp; Friends v Trezoru \u0160pork Exkluzivn\u00ed ve\u010der s michelinsk\u00fdm \u0161\u00e9fkucha\u0159em Patrikem Jaro\u0161em a vina\u0159skou legendou F. X. Pichlerem - HOTELHOUSE.cz\",\"isPartOf\":{\"@id\":\"https:\/\/hotelhouse.cz\/#website\"},\"datePublished\":\"2023-11-16T01:05:42+00:00\",\"dateModified\":\"2023-11-16T01:11:18+00:00\",\"description\":\"Marek & Friends v Trezoru \u0160pork Exkluzivn\u00ed ve\u010der s michelinsk\u00fdm \u0161\u00e9fkucha\u0159em Patrikem Jaro\u0161em a vina\u0159skou legendou F. X. Pichlerem.\",\"breadcrumb\":{\"@id\":\"https:\/\/hotelhouse.cz\/index.php\/2023\/11\/16\/marek-friends-v-trezoru-spork-exkluzivni-vecer-s-michelinskym-sefkucharem-patrikem-jarosem-a-vinarskou-legendou-f-x-pichlerem\/#breadcrumb\"},\"inLanguage\":\"cs\",\"potentialAction\":[{\"@type\":\"ReadAction\",\"target\":[\"https:\/\/hotelhouse.cz\/index.php\/2023\/11\/16\/marek-friends-v-trezoru-spork-exkluzivni-vecer-s-michelinskym-sefkucharem-patrikem-jarosem-a-vinarskou-legendou-f-x-pichlerem\/\"]}]},{\"@type\":\"BreadcrumbList\",\"@id\":\"https:\/\/hotelhouse.cz\/index.php\/2023\/11\/16\/marek-friends-v-trezoru-spork-exkluzivni-vecer-s-michelinskym-sefkucharem-patrikem-jarosem-a-vinarskou-legendou-f-x-pichlerem\/#breadcrumb\",\"itemListElement\":[{\"@type\":\"ListItem\",\"position\":1,\"name\":\"Dom\u016f\",\"item\":\"https:\/\/hotelhouse.cz\/\"},{\"@type\":\"ListItem\",\"position\":2,\"name\":\"Marek &amp; Friends v Trezoru \u0160pork Exkluzivn\u00ed ve\u010der s michelinsk\u00fdm \u0161\u00e9fkucha\u0159em Patrikem Jaro\u0161em a vina\u0159skou legendou F. X. Pichlerem\"}]},{\"@type\":\"WebSite\",\"@id\":\"https:\/\/hotelhouse.cz\/#website\",\"url\":\"https:\/\/hotelhouse.cz\/\",\"name\":\"HOTELHOUSE.cz\",\"description\":\"Port\u00e1l o hotelech, pensionech, spa resortech a restaurac\u00edch...\",\"publisher\":{\"@id\":\"https:\/\/hotelhouse.cz\/#organization\"},\"potentialAction\":[{\"@type\":\"SearchAction\",\"target\":{\"@type\":\"EntryPoint\",\"urlTemplate\":\"https:\/\/hotelhouse.cz\/?s={search_term_string}\"},\"query-input\":\"required name=search_term_string\"}],\"inLanguage\":\"cs\"},{\"@type\":\"Organization\",\"@id\":\"https:\/\/hotelhouse.cz\/#organization\",\"name\":\"HOTELHOUSE.cz\",\"url\":\"https:\/\/hotelhouse.cz\/\",\"logo\":{\"@type\":\"ImageObject\",\"inLanguage\":\"cs\",\"@id\":\"https:\/\/hotelhouse.cz\/#\/schema\/logo\/image\/\",\"url\":\"https:\/\/hotelhouse.cz\/wp-content\/uploads\/2024\/12\/cropped-Logo_HotelHouse-2.jpg\",\"contentUrl\":\"https:\/\/hotelhouse.cz\/wp-content\/uploads\/2024\/12\/cropped-Logo_HotelHouse-2.jpg\",\"width\":933,\"height\":516,\"caption\":\"HOTELHOUSE.cz\"},\"image\":{\"@id\":\"https:\/\/hotelhouse.cz\/#\/schema\/logo\/image\/\"},\"sameAs\":[\"https:\/\/www.instagram.com\/hotelhousecz\/\"]},{\"@type\":\"Person\",\"@id\":\"https:\/\/hotelhouse.cz\/#\/schema\/person\/fa8caee3f0a9c6134afed3c541204812\",\"name\":\"Van\u011bk Miroslav\",\"image\":{\"@type\":\"ImageObject\",\"inLanguage\":\"cs\",\"@id\":\"https:\/\/hotelhouse.cz\/#\/schema\/person\/image\/\",\"url\":\"https:\/\/secure.gravatar.com\/avatar\/cc93dbecbfc820d69a964ea4a1c72377?s=96&d=mm&r=g\",\"contentUrl\":\"https:\/\/secure.gravatar.com\/avatar\/cc93dbecbfc820d69a964ea4a1c72377?s=96&d=mm&r=g\",\"caption\":\"Van\u011bk Miroslav\"},\"sameAs\":[\"http:\/\/www.hotelhouse.cz\"],\"url\":\"https:\/\/hotelhouse.cz\/index.php\/author\/mirvan\/\"}]}<\/script>\n<!-- \/ Yoast SEO plugin. -->","yoast_head_json":{"title":"Marek &amp; Friends v Trezoru \u0160pork Exkluzivn\u00ed ve\u010der s michelinsk\u00fdm \u0161\u00e9fkucha\u0159em Patrikem Jaro\u0161em a vina\u0159skou legendou F. X. Pichlerem - HOTELHOUSE.cz","description":"Marek & Friends v Trezoru \u0160pork Exkluzivn\u00ed ve\u010der s michelinsk\u00fdm \u0161\u00e9fkucha\u0159em Patrikem Jaro\u0161em a vina\u0159skou legendou F. X. Pichlerem.","robots":{"index":"index","follow":"follow","max-snippet":"max-snippet:-1","max-image-preview":"max-image-preview:large","max-video-preview":"max-video-preview:-1"},"canonical":"https:\/\/hotelhouse.cz\/index.php\/2023\/11\/16\/marek-friends-v-trezoru-spork-exkluzivni-vecer-s-michelinskym-sefkucharem-patrikem-jarosem-a-vinarskou-legendou-f-x-pichlerem\/","og_locale":"cs_CZ","og_type":"article","og_title":"Marek &amp; Friends v Trezoru \u0160pork Exkluzivn\u00ed ve\u010der s michelinsk\u00fdm \u0161\u00e9fkucha\u0159em Patrikem Jaro\u0161em a vina\u0159skou legendou F. X. Pichlerem - HOTELHOUSE.cz","og_description":"Marek & Friends v Trezoru \u0160pork Exkluzivn\u00ed ve\u010der s michelinsk\u00fdm \u0161\u00e9fkucha\u0159em Patrikem Jaro\u0161em a vina\u0159skou legendou F. X. Pichlerem.","og_url":"https:\/\/hotelhouse.cz\/index.php\/2023\/11\/16\/marek-friends-v-trezoru-spork-exkluzivni-vecer-s-michelinskym-sefkucharem-patrikem-jarosem-a-vinarskou-legendou-f-x-pichlerem\/","og_site_name":"HOTELHOUSE.cz","article_published_time":"2023-11-16T01:05:42+00:00","article_modified_time":"2023-11-16T01:11:18+00:00","og_image":[{"width":1061,"height":720,"url":"https:\/\/hotelhouse.cz\/wp-content\/uploads\/2023\/11\/Patrik-Jaros_V.jpg","type":"image\/jpeg"}],"author":"Van\u011bk Miroslav","twitter_card":"summary_large_image","twitter_misc":{"Napsal(a)":"Van\u011bk Miroslav","Odhadovan\u00e1 doba \u010dten\u00ed":"7 minut"},"schema":{"@context":"https:\/\/schema.org","@graph":[{"@type":"Article","@id":"https:\/\/hotelhouse.cz\/index.php\/2023\/11\/16\/marek-friends-v-trezoru-spork-exkluzivni-vecer-s-michelinskym-sefkucharem-patrikem-jarosem-a-vinarskou-legendou-f-x-pichlerem\/#article","isPartOf":{"@id":"https:\/\/hotelhouse.cz\/index.php\/2023\/11\/16\/marek-friends-v-trezoru-spork-exkluzivni-vecer-s-michelinskym-sefkucharem-patrikem-jarosem-a-vinarskou-legendou-f-x-pichlerem\/"},"author":{"name":"Van\u011bk Miroslav","@id":"https:\/\/hotelhouse.cz\/#\/schema\/person\/fa8caee3f0a9c6134afed3c541204812"},"headline":"Marek &amp; Friends v Trezoru \u0160pork Exkluzivn\u00ed ve\u010der s michelinsk\u00fdm \u0161\u00e9fkucha\u0159em Patrikem Jaro\u0161em a vina\u0159skou legendou F. X. Pichlerem","datePublished":"2023-11-16T01:05:42+00:00","dateModified":"2023-11-16T01:11:18+00:00","mainEntityOfPage":{"@id":"https:\/\/hotelhouse.cz\/index.php\/2023\/11\/16\/marek-friends-v-trezoru-spork-exkluzivni-vecer-s-michelinskym-sefkucharem-patrikem-jarosem-a-vinarskou-legendou-f-x-pichlerem\/"},"wordCount":745,"publisher":{"@id":"https:\/\/hotelhouse.cz\/#organization"},"articleSection":["N\u00e1dhern\u00e1M\u00edsta.cz","NaDovolenouDoPrahy.cz","NEWS","RESTAURACE &amp; BISTRA","TIPY NA J\u00cdDLO","VIN\u00c1RNY &amp; VINA\u0158STV\u00cd"],"inLanguage":"cs"},{"@type":"WebPage","@id":"https:\/\/hotelhouse.cz\/index.php\/2023\/11\/16\/marek-friends-v-trezoru-spork-exkluzivni-vecer-s-michelinskym-sefkucharem-patrikem-jarosem-a-vinarskou-legendou-f-x-pichlerem\/","url":"https:\/\/hotelhouse.cz\/index.php\/2023\/11\/16\/marek-friends-v-trezoru-spork-exkluzivni-vecer-s-michelinskym-sefkucharem-patrikem-jarosem-a-vinarskou-legendou-f-x-pichlerem\/","name":"Marek &amp; Friends v Trezoru \u0160pork Exkluzivn\u00ed ve\u010der s michelinsk\u00fdm \u0161\u00e9fkucha\u0159em Patrikem Jaro\u0161em a vina\u0159skou legendou F. X. Pichlerem - HOTELHOUSE.cz","isPartOf":{"@id":"https:\/\/hotelhouse.cz\/#website"},"datePublished":"2023-11-16T01:05:42+00:00","dateModified":"2023-11-16T01:11:18+00:00","description":"Marek & Friends v Trezoru \u0160pork Exkluzivn\u00ed ve\u010der s michelinsk\u00fdm \u0161\u00e9fkucha\u0159em Patrikem Jaro\u0161em a vina\u0159skou legendou F. X. Pichlerem.","breadcrumb":{"@id":"https:\/\/hotelhouse.cz\/index.php\/2023\/11\/16\/marek-friends-v-trezoru-spork-exkluzivni-vecer-s-michelinskym-sefkucharem-patrikem-jarosem-a-vinarskou-legendou-f-x-pichlerem\/#breadcrumb"},"inLanguage":"cs","potentialAction":[{"@type":"ReadAction","target":["https:\/\/hotelhouse.cz\/index.php\/2023\/11\/16\/marek-friends-v-trezoru-spork-exkluzivni-vecer-s-michelinskym-sefkucharem-patrikem-jarosem-a-vinarskou-legendou-f-x-pichlerem\/"]}]},{"@type":"BreadcrumbList","@id":"https:\/\/hotelhouse.cz\/index.php\/2023\/11\/16\/marek-friends-v-trezoru-spork-exkluzivni-vecer-s-michelinskym-sefkucharem-patrikem-jarosem-a-vinarskou-legendou-f-x-pichlerem\/#breadcrumb","itemListElement":[{"@type":"ListItem","position":1,"name":"Dom\u016f","item":"https:\/\/hotelhouse.cz\/"},{"@type":"ListItem","position":2,"name":"Marek &amp; Friends v Trezoru \u0160pork Exkluzivn\u00ed ve\u010der s michelinsk\u00fdm \u0161\u00e9fkucha\u0159em Patrikem Jaro\u0161em a vina\u0159skou legendou F. X. Pichlerem"}]},{"@type":"WebSite","@id":"https:\/\/hotelhouse.cz\/#website","url":"https:\/\/hotelhouse.cz\/","name":"HOTELHOUSE.cz","description":"Port\u00e1l o hotelech, pensionech, spa resortech a restaurac\u00edch...","publisher":{"@id":"https:\/\/hotelhouse.cz\/#organization"},"potentialAction":[{"@type":"SearchAction","target":{"@type":"EntryPoint","urlTemplate":"https:\/\/hotelhouse.cz\/?s={search_term_string}"},"query-input":"required name=search_term_string"}],"inLanguage":"cs"},{"@type":"Organization","@id":"https:\/\/hotelhouse.cz\/#organization","name":"HOTELHOUSE.cz","url":"https:\/\/hotelhouse.cz\/","logo":{"@type":"ImageObject","inLanguage":"cs","@id":"https:\/\/hotelhouse.cz\/#\/schema\/logo\/image\/","url":"https:\/\/hotelhouse.cz\/wp-content\/uploads\/2024\/12\/cropped-Logo_HotelHouse-2.jpg","contentUrl":"https:\/\/hotelhouse.cz\/wp-content\/uploads\/2024\/12\/cropped-Logo_HotelHouse-2.jpg","width":933,"height":516,"caption":"HOTELHOUSE.cz"},"image":{"@id":"https:\/\/hotelhouse.cz\/#\/schema\/logo\/image\/"},"sameAs":["https:\/\/www.instagram.com\/hotelhousecz\/"]},{"@type":"Person","@id":"https:\/\/hotelhouse.cz\/#\/schema\/person\/fa8caee3f0a9c6134afed3c541204812","name":"Van\u011bk Miroslav","image":{"@type":"ImageObject","inLanguage":"cs","@id":"https:\/\/hotelhouse.cz\/#\/schema\/person\/image\/","url":"https:\/\/secure.gravatar.com\/avatar\/cc93dbecbfc820d69a964ea4a1c72377?s=96&d=mm&r=g","contentUrl":"https:\/\/secure.gravatar.com\/avatar\/cc93dbecbfc820d69a964ea4a1c72377?s=96&d=mm&r=g","caption":"Van\u011bk Miroslav"},"sameAs":["http:\/\/www.hotelhouse.cz"],"url":"https:\/\/hotelhouse.cz\/index.php\/author\/mirvan\/"}]}},"_links":{"self":[{"href":"https:\/\/hotelhouse.cz\/index.php\/wp-json\/wp\/v2\/posts\/5720"}],"collection":[{"href":"https:\/\/hotelhouse.cz\/index.php\/wp-json\/wp\/v2\/posts"}],"about":[{"href":"https:\/\/hotelhouse.cz\/index.php\/wp-json\/wp\/v2\/types\/post"}],"author":[{"embeddable":true,"href":"https:\/\/hotelhouse.cz\/index.php\/wp-json\/wp\/v2\/users\/3"}],"replies":[{"embeddable":true,"href":"https:\/\/hotelhouse.cz\/index.php\/wp-json\/wp\/v2\/comments?post=5720"}],"version-history":[{"count":3,"href":"https:\/\/hotelhouse.cz\/index.php\/wp-json\/wp\/v2\/posts\/5720\/revisions"}],"predecessor-version":[{"id":5737,"href":"https:\/\/hotelhouse.cz\/index.php\/wp-json\/wp\/v2\/posts\/5720\/revisions\/5737"}],"wp:featuredmedia":[{"embeddable":true,"href":"https:\/\/hotelhouse.cz\/index.php\/wp-json\/wp\/v2\/media\/5727"}],"wp:attachment":[{"href":"https:\/\/hotelhouse.cz\/index.php\/wp-json\/wp\/v2\/media?parent=5720"}],"wp:term":[{"taxonomy":"category","embeddable":true,"href":"https:\/\/hotelhouse.cz\/index.php\/wp-json\/wp\/v2\/categories?post=5720"},{"taxonomy":"post_tag","embeddable":true,"href":"https:\/\/hotelhouse.cz\/index.php\/wp-json\/wp\/v2\/tags?post=5720"}],"curies":[{"name":"wp","href":"https:\/\/api.w.org\/{rel}","templated":true}]}}