{"id":5755,"date":"2023-11-23T02:29:38","date_gmt":"2023-11-23T01:29:38","guid":{"rendered":"https:\/\/hotelhouse.cz\/?p=5755"},"modified":"2023-11-23T02:35:04","modified_gmt":"2023-11-23T01:35:04","slug":"dobrovareni-s-monikou-absolonovou-v-restauraci-cerveny-jelen","status":"publish","type":"post","link":"https:\/\/hotelhouse.cz\/index.php\/2023\/11\/23\/dobrovareni-s-monikou-absolonovou-v-restauraci-cerveny-jelen\/","title":{"rendered":"Dobrova\u0159en\u00ed s\u00a0Monikou Absolonovou v restauraci \u010cerven\u00fd Jelen"},"content":{"rendered":"\n<div style=\"height:45px\" aria-hidden=\"true\" class=\"wp-block-spacer\"><\/div>\n\n\n\n<p><strong>Origin\u00e1ln\u00ed charitativn\u00ed projekt Dobroj\u00eddlo v&nbsp;restauraci \u010cerven\u00fd Jelen v&nbsp;centru Prahy pro leto\u0161n\u00ed rok zakon\u010d\u00ed \u201edobroexternistka\u201c Monika Absolonov\u00e1. Zn\u00e1m\u00e1 zp\u011bva\u010dka spole\u010dn\u011b s Markem Fichtnerem, executive chefem \u010cerven\u00e9ho Jelena, p\u0159ipravila delik\u00e1tn\u00ed chod: Grilovan\u00e9 tyg\u0159\u00ed krevety se \u017eloutkov\u00fdmi linguini, \u0161afr\u00e1novou om\u00e1\u010dkou s ryzlinkem a kade\u0159\u00e1vkem. <\/strong><\/p>\n\n\n\n<div style=\"height:45px\" aria-hidden=\"true\" class=\"wp-block-spacer\"><\/div>\n\n\n\n<figure class=\"wp-block-image size-full\"><img decoding=\"async\" src=\"https:\/\/prazskeprikopy.cz\/wp-content\/uploads\/2023\/11\/04-Sefkuchar-Marek-Fichtner-a-Monika-Absolonova-pri-priprave-Dobrojidla_TTL.png\" alt=\"Dobrova\u0159en\u00ed s\u00a0Monikou Absolonovou v restauraci \u010cerven\u00fd Jelen\" class=\"wp-image-2556\"\/><\/figure>\n\n\n\n<div style=\"height:45px\" aria-hidden=\"true\" class=\"wp-block-spacer\"><\/div>\n\n\n\n<p><strong>Na menu bude pouze od 27. listopadu do 17. prosince. 50 korun z ka\u017ed\u00e9ho prodan\u00e9ho j\u00eddla v\u011bnuje restaurace Nada\u010dn\u00edmu fondu Kapka nad\u011bje.<\/strong><\/p>\n\n\n\n<div style=\"height:45px\" aria-hidden=\"true\" class=\"wp-block-spacer\"><\/div>\n\n\n<div class=\"wp-block-image\">\n<figure class=\"aligncenter size-full is-resized\"><img decoding=\"async\" loading=\"lazy\" src=\"https:\/\/hotelhouse.cz\/wp-content\/uploads\/2023\/11\/06-Dobrojidlo-Moniky-Absolonove-Grilovane-tygri-krevety-se-zloutkovymi-linguini-safranovou-omackou-s-ryzlinkem-a-kaderavkem_TTTL.png\" alt=\"Dobrova\u0159en\u00ed s\u00a0Monikou Absolonovou v restauraci \u010cerven\u00fd Jelen\" class=\"wp-image-5758\" style=\"width:820px;height:601px\" width=\"820\" height=\"601\" srcset=\"https:\/\/hotelhouse.cz\/wp-content\/uploads\/2023\/11\/06-Dobrojidlo-Moniky-Absolonove-Grilovane-tygri-krevety-se-zloutkovymi-linguini-safranovou-omackou-s-ryzlinkem-a-kaderavkem_TTTL.png 741w, https:\/\/hotelhouse.cz\/wp-content\/uploads\/2023\/11\/06-Dobrojidlo-Moniky-Absolonove-Grilovane-tygri-krevety-se-zloutkovymi-linguini-safranovou-omackou-s-ryzlinkem-a-kaderavkem_TTTL-300x220.png 300w\" sizes=\"(max-width: 820px) 100vw, 820px\" \/><\/figure><\/div>\n\n\n<div style=\"height:45px\" aria-hidden=\"true\" class=\"wp-block-spacer\"><\/div>\n\n\n\n<p>\u201e<em>Jsem moc r\u00e1da, \u017ee jsem byla k&nbsp;dobrova\u0159en\u00ed Markem p\u0159izv\u00e1na. Taky mne t\u011b\u0161\u00ed, \u017ee ud\u011blal v\u00fdjimku, a p\u0159esto\u017ee mo\u0159sk\u00e9 plody \u00fapln\u011b nepat\u0159\u00ed na j\u00eddeln\u00ed l\u00edstek \u010cerven\u00e9ho Jelena, tak je tentokr\u00e1t za\u0159adil, proto\u017ee j\u00e1 i moji synov\u00e9 krevety milujeme. Spole\u010dn\u011b jsme tedy vymysleli, nebo sp\u00ed\u0161 Marek, ale j\u00e1 jsem ho dopl\u0148ovala, tenhle recept \u2013 krevety na v\u00edn\u011b se \u0161afr\u00e1nem a s&nbsp;dom\u00e1c\u00edmi t\u011bstovinami. Va\u0159en\u00ed s&nbsp;Markem m\u011b moc bavilo, je prost\u011b \u00fa\u017easn\u00e9, kdy\u017e n\u011bkdo um\u00ed takhle skv\u011ble svoji pr\u00e1ci, to je pak radost ho pozorovat<\/em>,\u201c <strong>\u0159\u00edk\u00e1 Monika Absolonov\u00e1 a rovnou odpov\u00edd\u00e1 na ot\u00e1zku, pro\u010d si vybrala pr\u00e1v\u011b Kapku nad\u011bje? <\/strong><\/p>\n\n\n\n<p>\u201e<em>To bylo jasn\u00e9 rozhodnut\u00ed, proto\u017ee j\u00e1 s&nbsp;Kapkou nad\u011bje spolupracuju u\u017e hodn\u011b dlouho, m\u00e1m moc r\u00e1da Vendulu Pizingerovou, v\u00e1\u017e\u00edm si j\u00ed a v\u011b\u0159\u00edm tomu, co u\u017e spoustu let d\u011bl\u00e1. Tak\u017ee budu nad\u0161en\u00e1, kdy\u017e v\u0161ichni, kte\u0159\u00ed p\u0159ijdou do Jelena na ob\u011bd nebo na ve\u010de\u0159i, ochutnaj\u00ed na\u0161e j\u00eddlo a spole\u010dn\u011b s&nbsp;n\u00e1mi tak p\u0159isp\u011bj\u00ed Kapce. A v\u0161em p\u0159eji kr\u00e1sn\u00fd advent!<\/em>\u201c<\/p>\n\n\n\n<div style=\"height:45px\" aria-hidden=\"true\" class=\"wp-block-spacer\"><\/div>\n\n\n\n<figure class=\"wp-block-image size-large\"><img decoding=\"async\" src=\"https:\/\/prazskeprikopy.cz\/wp-content\/uploads\/2023\/11\/03-Sefkuchar-Marek-Fichtner-a-Monika-Absolonova-pri-priprave-Dobrojidla-1024x683.jpeg\" alt=\"Dobrova\u0159en\u00ed s\u00a0Monikou Absolonovou v restauraci \u010cerven\u00fd Jelen\" class=\"wp-image-2550\"\/><\/figure>\n\n\n\n<div style=\"height:45px\" aria-hidden=\"true\" class=\"wp-block-spacer\"><\/div>\n\n\n\n<p>Sou\u010d\u00e1st\u00ed projektu <strong>Dobroj\u00eddlo<\/strong>, kter\u00fd v&nbsp;\u010cerven\u00e9m Jelenovi realizuj\u00ed u\u017e t\u0159et\u00edm rokem, je dobrova\u0159en\u00ed, dobrope\u010den\u00ed a dobro\u010depov\u00e1n\u00ed. Princip je jednoduch\u00fd. Ve v\u0161ech p\u0159\u00edpadech zn\u00e1m\u00e1 osobnost str\u00e1v\u00ed n\u011bkolik hodin s executive chefem Markem Fichtnerem, pastry chefkou Kl\u00e1rou \u0158ezn\u00ed\u010dkovou \u010di mistrem v\u00fd\u010depn\u00edm M\u00edrou Nekoln\u00fdm. V p\u0159\u00edpad\u011b dobrova\u0159en\u00ed \u010di dobrope\u010den\u00ed vznikne d\u00edky t\u00e9to spolupr\u00e1ci nev\u0161edn\u00ed pokrm, kter\u00fd se na menu \u010cerven\u00e9ho Jelena objev\u00ed jen na p\u00e1r dn\u016f. <\/p>\n\n\n\n<p><strong>V\u00fdt\u011b\u017eek z prodeje pot\u00e9 m\u00ed\u0159\u00ed na podporu vybran\u00e9 dobro\u010dinn\u00e9 organizace.<\/strong><\/p>\n\n\n\n<div style=\"height:45px\" aria-hidden=\"true\" class=\"wp-block-spacer\"><\/div>\n\n\n\n<figure class=\"wp-block-gallery has-nested-images columns-default is-cropped wp-block-gallery-1 is-layout-flex wp-block-gallery-is-layout-flex\">\n<figure class=\"wp-block-image size-large\"><img decoding=\"async\" data-id=\"2551\" src=\"https:\/\/prazskeprikopy.cz\/wp-content\/uploads\/2023\/11\/05-Tygri-krevety-soucast-Dobrojidla-Moniky-Absolonove-683x1024.jpeg\" alt=\"Dobrova\u0159en\u00ed s\u00a0Monikou Absolonovou v restauraci \u010cerven\u00fd Jelen\" class=\"wp-image-2551\"\/><\/figure>\n\n\n\n<figure class=\"wp-block-image size-large\"><img decoding=\"async\" data-id=\"2549\" src=\"https:\/\/prazskeprikopy.cz\/wp-content\/uploads\/2023\/11\/01-Monika-Absolonova-pri-priprave-Dobrojidla-683x1024.jpeg\" alt=\"Dobrova\u0159en\u00ed s\u00a0Monikou Absolonovou v restauraci \u010cerven\u00fd Jelen\" class=\"wp-image-2549\"\/><\/figure>\n\n\n\n<figure class=\"wp-block-image size-large\"><img decoding=\"async\" data-id=\"2553\" src=\"https:\/\/prazskeprikopy.cz\/wp-content\/uploads\/2023\/11\/06-Dobrojidlo-Moniky-Absolonove-Grilovane-tygri-krevety-se-zloutkovymi-linguini-safranovou-omackou-s-ryzlinkem-a-kaderavkem-682x1024.jpeg\" alt=\"Dobrova\u0159en\u00ed s\u00a0Monikou Absolonovou v restauraci \u010cerven\u00fd Jelen\" class=\"wp-image-2553\"\/><\/figure>\n<\/figure>\n\n\n\n<div style=\"height:45px\" aria-hidden=\"true\" class=\"wp-block-spacer\"><\/div>\n\n\n\n<p>Dosud se do <strong>Dobroj\u00eddla<\/strong> zapojili t\u0159eba <strong>Marta Jandov\u00e1, Emma Smetana a Jordan Haj<\/strong>, v\u00fdtvarnice <strong>Eli\u0161ka Podzimkov\u00e1<\/strong>, foodblogerka <strong>Mark\u00e9ta Pavleje<\/strong>, zp\u011bv\u00e1k<strong> Ben Cristovao<\/strong> \u010di here\u010dka <strong>Patricie Pag\u00e1\u010dov\u00e1<\/strong>. V\u00edt\u011bzce sout\u011b\u017ee MasterChef Veronice Beskydiarov\u00e9 alias <strong>Besky<\/strong> se poda\u0159ilo prodejem t\u00e9m\u011b\u0159 1 700 kus\u016f jej\u00edho \u201edobrodezertu\u201c Nebesky s Besky z\u00edskat pro nadaci Adra 25 000 K\u010d. Zn\u00e1m\u00fd cukr\u00e1\u0159 a porotce sout\u011b\u017ee Pe\u010de cel\u00e1 zem\u011b <strong>Josef Mar\u0161\u00e1lek<\/strong> vytvo\u0159il neodolatelnou Manhattan tartaletku, jej\u00ed\u017e prodej p\u0159inesl 28&nbsp;740 K\u010d na konto organizace Dortem proti rakovin\u011b.<\/p>\n\n\n\n<div style=\"height:45px\" aria-hidden=\"true\" class=\"wp-block-spacer\"><\/div>\n\n\n\n<figure class=\"wp-block-image size-large\"><img decoding=\"async\" src=\"https:\/\/prazskeprikopy.cz\/wp-content\/uploads\/2023\/10\/unnamed-1024x767.jpg\" alt=\"Dobrova\u0159en\u00ed s\u00a0Monikou Absolonovou v restauraci \u010cerven\u00fd Jelen\" class=\"wp-image-1185\"\/><\/figure>\n\n\n\n<div style=\"height:45px\" aria-hidden=\"true\" class=\"wp-block-spacer\"><\/div>\n\n\n\n<h2 class=\"wp-block-heading\"><strong>O restauraci \u010cerven\u00fd Jelen<\/strong><\/h2>\n\n\n\n<div style=\"height:4px\" aria-hidden=\"true\" class=\"wp-block-spacer\"><\/div>\n\n\n\n<p>Restaurace \u010cerven\u00fd Jelen vznikla v roce 2019 podle projektu architekta Stanislava Fialy v prostorech b\u00fdval\u00e9 Anglicko-\u010deskoslovensk\u00e9 banky navr\u017een\u00e9 \u010desk\u00fdm architektem Josefem Go\u010d\u00e1rem. Nach\u00e1z\u00ed se v pra\u017esk\u00e9 Hybernsk\u00e9 ulici v barokn\u00edm Sw\u00e9erts-Sporckov\u011b pal\u00e1ci, jeho\u017e p\u016fvodn\u00edm majitelem byl hrab\u011b \u0160pork, zakladatel \u010desk\u00e9ho myslivectv\u00ed, \u0159\u00e1du sv. Huberta a don\u00e1tor um\u011bn\u00ed. K jeho z\u00e1lib\u011b v myslivectv\u00ed odkazuje nejen n\u00e1zev restaurace, ale tak\u00e9 sochy l\u00e9taj\u00edc\u00edch \u010derven\u00fdch jelen\u016f z d\u00edlny \u010desk\u00e9ho socha\u0159e Michala Gabriela.<\/p>\n\n\n\n<p>Restaurace \u010cerven\u00fd Jelen propojuje kr\u00e1snou go\u010d\u00e1rovskou \u201emodernisticko-funkcionalisticko-kubistickou\u201c achitekturu, v\u0159el\u00fd a pohostinn\u00fd servis, kvalitn\u00ed v\u00fdb\u011br n\u00e1poj\u016f a modern\u00ed pojet\u00ed gastronomie zalo\u017een\u00e9 na citliv\u00e9m mixu kvalitn\u00edho grilovan\u00e9ho masa, zeleniny a la carte j\u00eddel od t\u00fdmu pracuj\u00edc\u00edho pod veden\u00edm zn\u00e1m\u00e9ho \u0161\u00e9fkucha\u0159e Marka Fichtnera.<\/p>\n\n\n\n<div style=\"height:45px\" aria-hidden=\"true\" class=\"wp-block-spacer\"><\/div>\n\n\n\n<figure class=\"wp-block-image size-full\"><img decoding=\"async\" loading=\"lazy\" width=\"1366\" height=\"768\" src=\"https:\/\/hotelhouse.cz\/wp-content\/uploads\/2023\/11\/2a7a2a_5756cf30f3b04baf9a560d2fb47757e9mv2.webp\" alt=\"Dobrova\u0159en\u00ed s\u00a0Monikou Absolonovou v restauraci \u010cerven\u00fd Jelen\" class=\"wp-image-5731\"\/><\/figure>\n\n\n\n<div style=\"height:45px\" aria-hidden=\"true\" class=\"wp-block-spacer\"><\/div>\n\n\n\n<div style=\"height:45px\" aria-hidden=\"true\" class=\"wp-block-spacer\"><\/div>\n\n\n\n<div style=\"height:41px\" aria-hidden=\"true\" class=\"wp-block-spacer\"><\/div>\n\n\n\n<h2 class=\"wp-block-heading\"><strong>\u010cerven\u00fd jelen &amp; Trezor \u0160pork<\/strong><\/h2>\n\n\n\n<div style=\"height:15px\" aria-hidden=\"true\" class=\"wp-block-spacer\"><\/div>\n\n\n\n<p><strong>Hybernsk\u00e1 1034\/5, Praha 1<\/strong><\/p>\n\n\n\n<div style=\"height:15px\" aria-hidden=\"true\" class=\"wp-block-spacer\"><\/div>\n\n\n\n<p><a href=\"http:\/\/www.cervenyjelen.cz\/\"><strong>www.cervenyjelen.cz<\/strong><\/a><\/p>\n\n\n\n<p><strong><a href=\"http:\/\/www.trezorspork.cz\">www.trezorspork.cz<\/a><\/strong><\/p>\n\n\n\n<p><a href=\"http:\/\/www.facebook.com\/cervenyjelen\"><strong>www.facebook.com\/cervenyjelen<\/strong><\/a><\/p>\n\n\n\n<p><a href=\"http:\/\/www.instagram.com\/cerveny_jelen\/\"><strong>www.instagram.com\/cerveny_jelen\/<\/strong><\/a><\/p>\n\n\n\n<p><a href=\"http:\/\/www.instagram.com\/trezor_spork\/\"><strong>www.instagram.com\/trezor_spork\/<\/strong><\/a><\/p>\n\n\n\n<div style=\"height:41px\" aria-hidden=\"true\" class=\"wp-block-spacer\"><\/div>\n\n\n\n<figure class=\"wp-block-gallery has-nested-images columns-2 is-cropped wp-block-gallery-3 is-layout-flex wp-block-gallery-is-layout-flex\">\n<figure class=\"wp-block-image size-large\"><img decoding=\"async\" data-id=\"2550\" src=\"https:\/\/prazskeprikopy.cz\/wp-content\/uploads\/2023\/11\/03-Sefkuchar-Marek-Fichtner-a-Monika-Absolonova-pri-priprave-Dobrojidla-1024x683.jpeg\" alt=\"Dobrova\u0159en\u00ed s\u00a0Monikou Absolonovou v restauraci \u010cerven\u00fd Jelen\" class=\"wp-image-2550\"\/><\/figure>\n\n\n\n<figure class=\"wp-block-image size-large\"><img decoding=\"async\" data-id=\"2556\" src=\"https:\/\/prazskeprikopy.cz\/wp-content\/uploads\/2023\/11\/04-Sefkuchar-Marek-Fichtner-a-Monika-Absolonova-pri-priprave-Dobrojidla_TTL.png\" alt=\"Dobrova\u0159en\u00ed s\u00a0Monikou Absolonovou v restauraci \u010cerven\u00fd Jelen\" class=\"wp-image-2556\"\/><\/figure>\n\n\n\n<figure class=\"wp-block-image size-large\"><img decoding=\"async\" data-id=\"2552\" src=\"https:\/\/prazskeprikopy.cz\/wp-content\/uploads\/2023\/11\/04-Sefkuchar-Marek-Fichtner-a-Monika-Absolonova-pri-priprave-Dobrojidla-683x1024.jpeg\" alt=\"Dobrova\u0159en\u00ed s\u00a0Monikou Absolonovou v restauraci \u010cerven\u00fd Jelen\" class=\"wp-image-2552\"\/><\/figure>\n\n\n\n<figure class=\"wp-block-image size-large\"><img decoding=\"async\" data-id=\"2549\" src=\"https:\/\/prazskeprikopy.cz\/wp-content\/uploads\/2023\/11\/01-Monika-Absolonova-pri-priprave-Dobrojidla-683x1024.jpeg\" alt=\"Dobrova\u0159en\u00ed s\u00a0Monikou Absolonovou v restauraci \u010cerven\u00fd Jelen\" class=\"wp-image-2549\"\/><\/figure>\n\n\n\n<figure class=\"wp-block-image size-large\"><img decoding=\"async\" data-id=\"2555\" src=\"https:\/\/prazskeprikopy.cz\/wp-content\/uploads\/2023\/11\/02-Monika-Absolonova-pri-priprave-Dobrojidla_TTL.png\" alt=\"Dobrova\u0159en\u00ed s\u00a0Monikou Absolonovou v restauraci \u010cerven\u00fd Jelen\" class=\"wp-image-2555\"\/><\/figure>\n\n\n\n<figure class=\"wp-block-image size-large\"><img decoding=\"async\" data-id=\"2554\" src=\"https:\/\/prazskeprikopy.cz\/wp-content\/uploads\/2023\/11\/02-Monika-Absolonova-pri-priprave-Dobrojidla-683x1024.jpeg\" alt=\"Dobrova\u0159en\u00ed s\u00a0Monikou Absolonovou v restauraci \u010cerven\u00fd Jelen\" class=\"wp-image-2554\"\/><\/figure>\n\n\n\n<figure class=\"wp-block-image size-large\"><img decoding=\"async\" data-id=\"2551\" src=\"https:\/\/prazskeprikopy.cz\/wp-content\/uploads\/2023\/11\/05-Tygri-krevety-soucast-Dobrojidla-Moniky-Absolonove-683x1024.jpeg\" alt=\"Dobrova\u0159en\u00ed s\u00a0Monikou Absolonovou v restauraci \u010cerven\u00fd Jelen\" class=\"wp-image-2551\"\/><\/figure>\n\n\n\n<figure class=\"wp-block-image size-large\"><img decoding=\"async\" data-id=\"2553\" src=\"https:\/\/prazskeprikopy.cz\/wp-content\/uploads\/2023\/11\/06-Dobrojidlo-Moniky-Absolonove-Grilovane-tygri-krevety-se-zloutkovymi-linguini-safranovou-omackou-s-ryzlinkem-a-kaderavkem-682x1024.jpeg\" alt=\"Dobrova\u0159en\u00ed s\u00a0Monikou Absolonovou v restauraci \u010cerven\u00fd Jelen\" class=\"wp-image-2553\"\/><\/figure>\n<\/figure>\n\n\n\n<figure class=\"wp-block-image size-full\"><img decoding=\"async\" loading=\"lazy\" width=\"1024\" height=\"490\" src=\"https:\/\/hotelhouse.cz\/wp-content\/uploads\/2023\/11\/Cerveny-jelen-prezentace-1024x490-1.jpg\" alt=\"Dobrova\u0159en\u00ed s\u00a0Monikou Absolonovou v restauraci \u010cerven\u00fd Jelen\" class=\"wp-image-5696\" srcset=\"https:\/\/hotelhouse.cz\/wp-content\/uploads\/2023\/11\/Cerveny-jelen-prezentace-1024x490-1.jpg 1024w, https:\/\/hotelhouse.cz\/wp-content\/uploads\/2023\/11\/Cerveny-jelen-prezentace-1024x490-1-300x144.jpg 300w, https:\/\/hotelhouse.cz\/wp-content\/uploads\/2023\/11\/Cerveny-jelen-prezentace-1024x490-1-768x368.jpg 768w\" sizes=\"(max-width: 1024px) 100vw, 1024px\" \/><\/figure>\n\n\n\n<div style=\"height:41px\" aria-hidden=\"true\" class=\"wp-block-spacer\"><\/div>\n\n\n\n<p><strong>Zdroj foto: <\/strong>\u010cerven\u00fd Jelen<\/p>\n\n\n\n<div style=\"height:100px\" aria-hidden=\"true\" class=\"wp-block-spacer\"><\/div>\n","protected":false},"excerpt":{"rendered":"<p>Origin\u00e1ln\u00ed charitativn\u00ed projekt Dobroj\u00eddlo v&nbsp;restauraci \u010cerven\u00fd Jelen v&nbsp;centru Prahy pro leto\u0161n\u00ed rok zakon\u010d\u00ed \u201edobroexternistka\u201c Monika Absolonov\u00e1. Zn\u00e1m\u00e1 zp\u011bva\u010dka spole\u010dn\u011b s Markem Fichtnerem, executive chefem \u010cerven\u00e9ho Jelena, p\u0159ipravila delik\u00e1tn\u00ed chod: Grilovan\u00e9 tyg\u0159\u00ed krevety se \u017eloutkov\u00fdmi&#46;&#46;&#46;<\/p>\n","protected":false},"author":3,"featured_media":5756,"comment_status":"closed","ping_status":"closed","sticky":false,"template":"","format":"standard","meta":{"_monsterinsights_skip_tracking":false,"_monsterinsights_sitenote_active":false,"_monsterinsights_sitenote_note":"","_monsterinsights_sitenote_category":0,"footnotes":""},"categories":[26,22,2,8,28],"tags":[],"yoast_head":"<!-- This site is optimized with the Yoast SEO plugin v21.5 - https:\/\/yoast.com\/wordpress\/plugins\/seo\/ -->\n<title>Dobrova\u0159en\u00ed s\u00a0Monikou Absolonovou v restauraci \u010cerven\u00fd Jelen - HOTELHOUSE.cz<\/title>\n<meta name=\"description\" content=\"Origin\u00e1ln\u00ed charitativn\u00ed projekt Dobroj\u00eddlo v\u00a0restauraci \u010cerven\u00fd Jelen v\u00a0centru Prahy pro leto\u0161n\u00ed rok zakon\u010d\u00ed \u201edobroexternistka\u201c Monika Absolonov\u00e1.\" \/>\n<meta name=\"robots\" content=\"index, follow, max-snippet:-1, max-image-preview:large, max-video-preview:-1\" \/>\n<link rel=\"canonical\" href=\"https:\/\/hotelhouse.cz\/index.php\/2023\/11\/23\/dobrovareni-s-monikou-absolonovou-v-restauraci-cerveny-jelen\/\" \/>\n<meta property=\"og:locale\" content=\"cs_CZ\" \/>\n<meta property=\"og:type\" content=\"article\" \/>\n<meta property=\"og:title\" content=\"Dobrova\u0159en\u00ed s\u00a0Monikou Absolonovou v restauraci \u010cerven\u00fd Jelen - HOTELHOUSE.cz\" \/>\n<meta property=\"og:description\" content=\"Origin\u00e1ln\u00ed charitativn\u00ed projekt Dobroj\u00eddlo v\u00a0restauraci \u010cerven\u00fd Jelen v\u00a0centru Prahy pro leto\u0161n\u00ed rok zakon\u010d\u00ed \u201edobroexternistka\u201c Monika Absolonov\u00e1.\" \/>\n<meta property=\"og:url\" content=\"https:\/\/hotelhouse.cz\/index.php\/2023\/11\/23\/dobrovareni-s-monikou-absolonovou-v-restauraci-cerveny-jelen\/\" \/>\n<meta property=\"og:site_name\" content=\"HOTELHOUSE.cz\" \/>\n<meta property=\"article:published_time\" content=\"2023-11-23T01:29:38+00:00\" \/>\n<meta property=\"article:modified_time\" content=\"2023-11-23T01:35:04+00:00\" \/>\n<meta property=\"og:image\" content=\"https:\/\/hotelhouse.cz\/wp-content\/uploads\/2023\/11\/04-Sefkuchar-Marek-Fichtner-a-Monika-Absolonova-pri-priprave-Dobrojidla_TTL.png\" \/>\n\t<meta property=\"og:image:width\" content=\"858\" \/>\n\t<meta property=\"og:image:height\" content=\"569\" \/>\n\t<meta property=\"og:image:type\" content=\"image\/png\" \/>\n<meta name=\"author\" content=\"Van\u011bk Miroslav\" \/>\n<meta name=\"twitter:card\" content=\"summary_large_image\" \/>\n<meta name=\"twitter:label1\" content=\"Napsal(a)\" \/>\n\t<meta name=\"twitter:data1\" content=\"Van\u011bk Miroslav\" \/>\n\t<meta name=\"twitter:label2\" content=\"Odhadovan\u00e1 doba \u010dten\u00ed\" \/>\n\t<meta name=\"twitter:data2\" content=\"7 minut\" \/>\n<script type=\"application\/ld+json\" class=\"yoast-schema-graph\">{\"@context\":\"https:\/\/schema.org\",\"@graph\":[{\"@type\":\"Article\",\"@id\":\"https:\/\/hotelhouse.cz\/index.php\/2023\/11\/23\/dobrovareni-s-monikou-absolonovou-v-restauraci-cerveny-jelen\/#article\",\"isPartOf\":{\"@id\":\"https:\/\/hotelhouse.cz\/index.php\/2023\/11\/23\/dobrovareni-s-monikou-absolonovou-v-restauraci-cerveny-jelen\/\"},\"author\":{\"name\":\"Van\u011bk Miroslav\",\"@id\":\"https:\/\/hotelhouse.cz\/#\/schema\/person\/fa8caee3f0a9c6134afed3c541204812\"},\"headline\":\"Dobrova\u0159en\u00ed s\u00a0Monikou Absolonovou v restauraci \u010cerven\u00fd Jelen\",\"datePublished\":\"2023-11-23T01:29:38+00:00\",\"dateModified\":\"2023-11-23T01:35:04+00:00\",\"mainEntityOfPage\":{\"@id\":\"https:\/\/hotelhouse.cz\/index.php\/2023\/11\/23\/dobrovareni-s-monikou-absolonovou-v-restauraci-cerveny-jelen\/\"},\"wordCount\":693,\"publisher\":{\"@id\":\"https:\/\/hotelhouse.cz\/#organization\"},\"articleSection\":[\"N\u00e1dhern\u00e1M\u00edsta.cz\",\"NaDovolenouDoPrahy.cz\",\"NEWS\",\"RESTAURACE &amp; BISTRA\",\"TIPY NA J\u00cdDLO\"],\"inLanguage\":\"cs\"},{\"@type\":\"WebPage\",\"@id\":\"https:\/\/hotelhouse.cz\/index.php\/2023\/11\/23\/dobrovareni-s-monikou-absolonovou-v-restauraci-cerveny-jelen\/\",\"url\":\"https:\/\/hotelhouse.cz\/index.php\/2023\/11\/23\/dobrovareni-s-monikou-absolonovou-v-restauraci-cerveny-jelen\/\",\"name\":\"Dobrova\u0159en\u00ed s\u00a0Monikou Absolonovou v restauraci \u010cerven\u00fd Jelen - HOTELHOUSE.cz\",\"isPartOf\":{\"@id\":\"https:\/\/hotelhouse.cz\/#website\"},\"datePublished\":\"2023-11-23T01:29:38+00:00\",\"dateModified\":\"2023-11-23T01:35:04+00:00\",\"description\":\"Origin\u00e1ln\u00ed charitativn\u00ed projekt Dobroj\u00eddlo v\u00a0restauraci \u010cerven\u00fd Jelen v\u00a0centru Prahy pro leto\u0161n\u00ed rok zakon\u010d\u00ed \u201edobroexternistka\u201c Monika Absolonov\u00e1.\",\"breadcrumb\":{\"@id\":\"https:\/\/hotelhouse.cz\/index.php\/2023\/11\/23\/dobrovareni-s-monikou-absolonovou-v-restauraci-cerveny-jelen\/#breadcrumb\"},\"inLanguage\":\"cs\",\"potentialAction\":[{\"@type\":\"ReadAction\",\"target\":[\"https:\/\/hotelhouse.cz\/index.php\/2023\/11\/23\/dobrovareni-s-monikou-absolonovou-v-restauraci-cerveny-jelen\/\"]}]},{\"@type\":\"BreadcrumbList\",\"@id\":\"https:\/\/hotelhouse.cz\/index.php\/2023\/11\/23\/dobrovareni-s-monikou-absolonovou-v-restauraci-cerveny-jelen\/#breadcrumb\",\"itemListElement\":[{\"@type\":\"ListItem\",\"position\":1,\"name\":\"Dom\u016f\",\"item\":\"https:\/\/hotelhouse.cz\/\"},{\"@type\":\"ListItem\",\"position\":2,\"name\":\"Dobrova\u0159en\u00ed s\u00a0Monikou Absolonovou v restauraci \u010cerven\u00fd Jelen\"}]},{\"@type\":\"WebSite\",\"@id\":\"https:\/\/hotelhouse.cz\/#website\",\"url\":\"https:\/\/hotelhouse.cz\/\",\"name\":\"HOTELHOUSE.cz\",\"description\":\"Port\u00e1l o hotelech, pensionech, spa resortech a restaurac\u00edch...\",\"publisher\":{\"@id\":\"https:\/\/hotelhouse.cz\/#organization\"},\"potentialAction\":[{\"@type\":\"SearchAction\",\"target\":{\"@type\":\"EntryPoint\",\"urlTemplate\":\"https:\/\/hotelhouse.cz\/?s={search_term_string}\"},\"query-input\":\"required name=search_term_string\"}],\"inLanguage\":\"cs\"},{\"@type\":\"Organization\",\"@id\":\"https:\/\/hotelhouse.cz\/#organization\",\"name\":\"HOTELHOUSE.cz\",\"url\":\"https:\/\/hotelhouse.cz\/\",\"logo\":{\"@type\":\"ImageObject\",\"inLanguage\":\"cs\",\"@id\":\"https:\/\/hotelhouse.cz\/#\/schema\/logo\/image\/\",\"url\":\"https:\/\/hotelhouse.cz\/wp-content\/uploads\/2024\/12\/cropped-Logo_HotelHouse-2.jpg\",\"contentUrl\":\"https:\/\/hotelhouse.cz\/wp-content\/uploads\/2024\/12\/cropped-Logo_HotelHouse-2.jpg\",\"width\":933,\"height\":516,\"caption\":\"HOTELHOUSE.cz\"},\"image\":{\"@id\":\"https:\/\/hotelhouse.cz\/#\/schema\/logo\/image\/\"},\"sameAs\":[\"https:\/\/www.instagram.com\/hotelhousecz\/\"]},{\"@type\":\"Person\",\"@id\":\"https:\/\/hotelhouse.cz\/#\/schema\/person\/fa8caee3f0a9c6134afed3c541204812\",\"name\":\"Van\u011bk Miroslav\",\"image\":{\"@type\":\"ImageObject\",\"inLanguage\":\"cs\",\"@id\":\"https:\/\/hotelhouse.cz\/#\/schema\/person\/image\/\",\"url\":\"https:\/\/secure.gravatar.com\/avatar\/cc93dbecbfc820d69a964ea4a1c72377?s=96&d=mm&r=g\",\"contentUrl\":\"https:\/\/secure.gravatar.com\/avatar\/cc93dbecbfc820d69a964ea4a1c72377?s=96&d=mm&r=g\",\"caption\":\"Van\u011bk Miroslav\"},\"sameAs\":[\"http:\/\/www.hotelhouse.cz\"],\"url\":\"https:\/\/hotelhouse.cz\/index.php\/author\/mirvan\/\"}]}<\/script>\n<!-- \/ Yoast SEO plugin. -->","yoast_head_json":{"title":"Dobrova\u0159en\u00ed s\u00a0Monikou Absolonovou v restauraci \u010cerven\u00fd Jelen - HOTELHOUSE.cz","description":"Origin\u00e1ln\u00ed charitativn\u00ed projekt Dobroj\u00eddlo v\u00a0restauraci \u010cerven\u00fd Jelen v\u00a0centru Prahy pro leto\u0161n\u00ed rok zakon\u010d\u00ed \u201edobroexternistka\u201c Monika Absolonov\u00e1.","robots":{"index":"index","follow":"follow","max-snippet":"max-snippet:-1","max-image-preview":"max-image-preview:large","max-video-preview":"max-video-preview:-1"},"canonical":"https:\/\/hotelhouse.cz\/index.php\/2023\/11\/23\/dobrovareni-s-monikou-absolonovou-v-restauraci-cerveny-jelen\/","og_locale":"cs_CZ","og_type":"article","og_title":"Dobrova\u0159en\u00ed s\u00a0Monikou Absolonovou v restauraci \u010cerven\u00fd Jelen - HOTELHOUSE.cz","og_description":"Origin\u00e1ln\u00ed charitativn\u00ed projekt Dobroj\u00eddlo v\u00a0restauraci \u010cerven\u00fd Jelen v\u00a0centru Prahy pro leto\u0161n\u00ed rok zakon\u010d\u00ed \u201edobroexternistka\u201c Monika Absolonov\u00e1.","og_url":"https:\/\/hotelhouse.cz\/index.php\/2023\/11\/23\/dobrovareni-s-monikou-absolonovou-v-restauraci-cerveny-jelen\/","og_site_name":"HOTELHOUSE.cz","article_published_time":"2023-11-23T01:29:38+00:00","article_modified_time":"2023-11-23T01:35:04+00:00","og_image":[{"width":858,"height":569,"url":"https:\/\/hotelhouse.cz\/wp-content\/uploads\/2023\/11\/04-Sefkuchar-Marek-Fichtner-a-Monika-Absolonova-pri-priprave-Dobrojidla_TTL.png","type":"image\/png"}],"author":"Van\u011bk Miroslav","twitter_card":"summary_large_image","twitter_misc":{"Napsal(a)":"Van\u011bk Miroslav","Odhadovan\u00e1 doba \u010dten\u00ed":"7 minut"},"schema":{"@context":"https:\/\/schema.org","@graph":[{"@type":"Article","@id":"https:\/\/hotelhouse.cz\/index.php\/2023\/11\/23\/dobrovareni-s-monikou-absolonovou-v-restauraci-cerveny-jelen\/#article","isPartOf":{"@id":"https:\/\/hotelhouse.cz\/index.php\/2023\/11\/23\/dobrovareni-s-monikou-absolonovou-v-restauraci-cerveny-jelen\/"},"author":{"name":"Van\u011bk Miroslav","@id":"https:\/\/hotelhouse.cz\/#\/schema\/person\/fa8caee3f0a9c6134afed3c541204812"},"headline":"Dobrova\u0159en\u00ed s\u00a0Monikou Absolonovou v restauraci \u010cerven\u00fd Jelen","datePublished":"2023-11-23T01:29:38+00:00","dateModified":"2023-11-23T01:35:04+00:00","mainEntityOfPage":{"@id":"https:\/\/hotelhouse.cz\/index.php\/2023\/11\/23\/dobrovareni-s-monikou-absolonovou-v-restauraci-cerveny-jelen\/"},"wordCount":693,"publisher":{"@id":"https:\/\/hotelhouse.cz\/#organization"},"articleSection":["N\u00e1dhern\u00e1M\u00edsta.cz","NaDovolenouDoPrahy.cz","NEWS","RESTAURACE &amp; BISTRA","TIPY NA J\u00cdDLO"],"inLanguage":"cs"},{"@type":"WebPage","@id":"https:\/\/hotelhouse.cz\/index.php\/2023\/11\/23\/dobrovareni-s-monikou-absolonovou-v-restauraci-cerveny-jelen\/","url":"https:\/\/hotelhouse.cz\/index.php\/2023\/11\/23\/dobrovareni-s-monikou-absolonovou-v-restauraci-cerveny-jelen\/","name":"Dobrova\u0159en\u00ed s\u00a0Monikou Absolonovou v restauraci \u010cerven\u00fd Jelen - HOTELHOUSE.cz","isPartOf":{"@id":"https:\/\/hotelhouse.cz\/#website"},"datePublished":"2023-11-23T01:29:38+00:00","dateModified":"2023-11-23T01:35:04+00:00","description":"Origin\u00e1ln\u00ed charitativn\u00ed projekt Dobroj\u00eddlo v\u00a0restauraci \u010cerven\u00fd Jelen v\u00a0centru Prahy pro leto\u0161n\u00ed rok zakon\u010d\u00ed \u201edobroexternistka\u201c Monika Absolonov\u00e1.","breadcrumb":{"@id":"https:\/\/hotelhouse.cz\/index.php\/2023\/11\/23\/dobrovareni-s-monikou-absolonovou-v-restauraci-cerveny-jelen\/#breadcrumb"},"inLanguage":"cs","potentialAction":[{"@type":"ReadAction","target":["https:\/\/hotelhouse.cz\/index.php\/2023\/11\/23\/dobrovareni-s-monikou-absolonovou-v-restauraci-cerveny-jelen\/"]}]},{"@type":"BreadcrumbList","@id":"https:\/\/hotelhouse.cz\/index.php\/2023\/11\/23\/dobrovareni-s-monikou-absolonovou-v-restauraci-cerveny-jelen\/#breadcrumb","itemListElement":[{"@type":"ListItem","position":1,"name":"Dom\u016f","item":"https:\/\/hotelhouse.cz\/"},{"@type":"ListItem","position":2,"name":"Dobrova\u0159en\u00ed s\u00a0Monikou Absolonovou v restauraci \u010cerven\u00fd Jelen"}]},{"@type":"WebSite","@id":"https:\/\/hotelhouse.cz\/#website","url":"https:\/\/hotelhouse.cz\/","name":"HOTELHOUSE.cz","description":"Port\u00e1l o hotelech, pensionech, spa resortech a restaurac\u00edch...","publisher":{"@id":"https:\/\/hotelhouse.cz\/#organization"},"potentialAction":[{"@type":"SearchAction","target":{"@type":"EntryPoint","urlTemplate":"https:\/\/hotelhouse.cz\/?s={search_term_string}"},"query-input":"required name=search_term_string"}],"inLanguage":"cs"},{"@type":"Organization","@id":"https:\/\/hotelhouse.cz\/#organization","name":"HOTELHOUSE.cz","url":"https:\/\/hotelhouse.cz\/","logo":{"@type":"ImageObject","inLanguage":"cs","@id":"https:\/\/hotelhouse.cz\/#\/schema\/logo\/image\/","url":"https:\/\/hotelhouse.cz\/wp-content\/uploads\/2024\/12\/cropped-Logo_HotelHouse-2.jpg","contentUrl":"https:\/\/hotelhouse.cz\/wp-content\/uploads\/2024\/12\/cropped-Logo_HotelHouse-2.jpg","width":933,"height":516,"caption":"HOTELHOUSE.cz"},"image":{"@id":"https:\/\/hotelhouse.cz\/#\/schema\/logo\/image\/"},"sameAs":["https:\/\/www.instagram.com\/hotelhousecz\/"]},{"@type":"Person","@id":"https:\/\/hotelhouse.cz\/#\/schema\/person\/fa8caee3f0a9c6134afed3c541204812","name":"Van\u011bk Miroslav","image":{"@type":"ImageObject","inLanguage":"cs","@id":"https:\/\/hotelhouse.cz\/#\/schema\/person\/image\/","url":"https:\/\/secure.gravatar.com\/avatar\/cc93dbecbfc820d69a964ea4a1c72377?s=96&d=mm&r=g","contentUrl":"https:\/\/secure.gravatar.com\/avatar\/cc93dbecbfc820d69a964ea4a1c72377?s=96&d=mm&r=g","caption":"Van\u011bk Miroslav"},"sameAs":["http:\/\/www.hotelhouse.cz"],"url":"https:\/\/hotelhouse.cz\/index.php\/author\/mirvan\/"}]}},"_links":{"self":[{"href":"https:\/\/hotelhouse.cz\/index.php\/wp-json\/wp\/v2\/posts\/5755"}],"collection":[{"href":"https:\/\/hotelhouse.cz\/index.php\/wp-json\/wp\/v2\/posts"}],"about":[{"href":"https:\/\/hotelhouse.cz\/index.php\/wp-json\/wp\/v2\/types\/post"}],"author":[{"embeddable":true,"href":"https:\/\/hotelhouse.cz\/index.php\/wp-json\/wp\/v2\/users\/3"}],"replies":[{"embeddable":true,"href":"https:\/\/hotelhouse.cz\/index.php\/wp-json\/wp\/v2\/comments?post=5755"}],"version-history":[{"count":2,"href":"https:\/\/hotelhouse.cz\/index.php\/wp-json\/wp\/v2\/posts\/5755\/revisions"}],"predecessor-version":[{"id":5759,"href":"https:\/\/hotelhouse.cz\/index.php\/wp-json\/wp\/v2\/posts\/5755\/revisions\/5759"}],"wp:featuredmedia":[{"embeddable":true,"href":"https:\/\/hotelhouse.cz\/index.php\/wp-json\/wp\/v2\/media\/5756"}],"wp:attachment":[{"href":"https:\/\/hotelhouse.cz\/index.php\/wp-json\/wp\/v2\/media?parent=5755"}],"wp:term":[{"taxonomy":"category","embeddable":true,"href":"https:\/\/hotelhouse.cz\/index.php\/wp-json\/wp\/v2\/categories?post=5755"},{"taxonomy":"post_tag","embeddable":true,"href":"https:\/\/hotelhouse.cz\/index.php\/wp-json\/wp\/v2\/tags?post=5755"}],"curies":[{"name":"wp","href":"https:\/\/api.w.org\/{rel}","templated":true}]}}