{"id":5776,"date":"2023-12-05T01:47:03","date_gmt":"2023-12-05T00:47:03","guid":{"rendered":"https:\/\/hotelhouse.cz\/?p=5776"},"modified":"2023-12-05T01:54:13","modified_gmt":"2023-12-05T00:54:13","slug":"sakali-leta-slavi-30-let-jake-zajimavosti-jste-o-filmu-mozna-nevedeli","status":"publish","type":"post","link":"https:\/\/hotelhouse.cz\/index.php\/2023\/12\/05\/sakali-leta-slavi-30-let-jake-zajimavosti-jste-o-filmu-mozna-nevedeli\/","title":{"rendered":"\u0160akal\u00ed l\u00e9ta slav\u00ed 30 let! Jak\u00e9 zaj\u00edmavosti jste o filmu mo\u017en\u00e1 nev\u011bd\u011bli?"},"content":{"rendered":"\n<div style=\"height:45px\" aria-hidden=\"true\" class=\"wp-block-spacer\"><\/div>\n\n\n\n<p><strong>Letos v&nbsp;prosinci uplynulo p\u0159esn\u011b 30 let od premi\u00e9ry \u00fasp\u011b\u0161n\u00e9ho filmu Jana H\u0159ebejka \u0160akal\u00ed l\u00e9ta. Origin\u00e1ln\u00ed muzik\u00e1lov\u00e1 komedie situovan\u00e1 do Dejvic konce 50. let, do Dejvic \u017eij\u00edc\u00edch poklidn\u011b sv\u00fdm malom\u011bstsk\u00fdm \u017eivotem ve st\u00ednu rud\u00e9 hv\u011bzdy na \u0161pici hotelu International. Zda\u0159il\u00fd muzik\u00e1l v&nbsp;90. letech p\u0159\u00edjemn\u011b p\u0159ekvapil, chodily na n\u011bj davy lid\u00ed a z\u00edskal dokonce \u010cesk\u00e9ho lva za nejlep\u0161\u00ed film roku 1993. U p\u0159\u00edle\u017eitosti kulat\u00e9ho v\u00fdro\u010d\u00ed se nyn\u00ed konalo v&nbsp;hotelu slavnostn\u00ed prom\u00edt\u00e1n\u00ed filmu po 30 letech, kde se se\u0161li tv\u016frci spole\u010dn\u011b s&nbsp;hlavn\u00edmi herci, aby oslavili jubileum a znovu se symbolicky setkali v&nbsp;hlavn\u00edm centru d\u011bn\u00ed v&nbsp;dejvick\u00e9m Grand hotelu International. Pod\u00edvejte se v&nbsp;galerii, jak se prom\u011bnili hlavn\u00ed hrdinov\u00e9 filmu, a p\u0159e\u010dt\u011bte si zaj\u00edmavosti, kter\u00e9 jste mo\u017en\u00e1 dosud netu\u0161ili.<\/strong><\/p>\n\n\n\n<div style=\"height:45px\" aria-hidden=\"true\" class=\"wp-block-spacer\"><\/div>\n\n\n<div class=\"wp-block-image\">\n<figure class=\"aligncenter size-large\"><img decoding=\"async\" loading=\"lazy\" width=\"1024\" height=\"682\" src=\"https:\/\/hotelhouse.cz\/wp-content\/uploads\/2023\/12\/Hotel-International-dnes-1024x682.jpg\" alt=\"\u0160akal\u00ed l\u00e9ta slav\u00ed 30 let! Jak\u00e9 zaj\u00edmavosti jste o filmu mo\u017en\u00e1 nev\u011bd\u011bli?\" class=\"wp-image-5784\" srcset=\"https:\/\/hotelhouse.cz\/wp-content\/uploads\/2023\/12\/Hotel-International-dnes-1024x682.jpg 1024w, https:\/\/hotelhouse.cz\/wp-content\/uploads\/2023\/12\/Hotel-International-dnes-300x200.jpg 300w, https:\/\/hotelhouse.cz\/wp-content\/uploads\/2023\/12\/Hotel-International-dnes-768x512.jpg 768w, https:\/\/hotelhouse.cz\/wp-content\/uploads\/2023\/12\/Hotel-International-dnes.jpg 1280w\" sizes=\"(max-width: 1024px) 100vw, 1024px\" \/><\/figure><\/div>\n\n\n<div style=\"height:45px\" aria-hidden=\"true\" class=\"wp-block-spacer\"><\/div>\n\n\n\n<ol>\n<li>Tv\u016frci filmu hledali neherce v tane\u010dn\u00edch skupin\u00e1ch, proto\u017ee z\u00e1sadn\u00ed podm\u00ednkou bylo zvl\u00e1dnout tane\u010dn\u00ed party. Jedinou v\u00fdjimkou byl herec Jan Semot\u00e1n (K\u0161anda, foto v galerii), kter\u00fd m\u011bl od za\u010d\u00e1tku roli jistou, proto\u017ee si re\u017eis\u00e9r Jan H\u0159ebejk neum\u011bl p\u0159edstavit n\u011bkoho lep\u0161\u00edho.<\/li>\n<\/ol>\n\n\n\n<ol start=\"2\">\n<li>M\u00edsto Josefa Abrh\u00e1ma m\u011bl p\u016fvodn\u011b hr\u00e1t roli tat\u00ednka-policisty Petr N\u00e1ro\u017en\u00fd.<\/li>\n<\/ol>\n\n\n\n<ol start=\"3\">\n<li>V komparzu filmu tancovala tehdy 15let\u00e1 here\u010dka Lenka Krobotov\u00e1.<\/li>\n<\/ol>\n\n\n\n<div style=\"height:45px\" aria-hidden=\"true\" class=\"wp-block-spacer\"><\/div>\n\n\n<div class=\"wp-block-image\">\n<figure class=\"aligncenter size-large\"><img decoding=\"async\" loading=\"lazy\" width=\"1024\" height=\"682\" src=\"https:\/\/hotelhouse.cz\/wp-content\/uploads\/2023\/12\/Jan-Semotan-Jan-Hrebejk-Sylva-Tomankova-Jakub-Spalek-Jan-Malir-Jan-Kalousek-1024x682.jpg\" alt=\"\u0160akal\u00ed l\u00e9ta slav\u00ed 30 let! Jak\u00e9 zaj\u00edmavosti jste o filmu mo\u017en\u00e1 nev\u011bd\u011bli?\" class=\"wp-image-5779\" srcset=\"https:\/\/hotelhouse.cz\/wp-content\/uploads\/2023\/12\/Jan-Semotan-Jan-Hrebejk-Sylva-Tomankova-Jakub-Spalek-Jan-Malir-Jan-Kalousek-1024x682.jpg 1024w, https:\/\/hotelhouse.cz\/wp-content\/uploads\/2023\/12\/Jan-Semotan-Jan-Hrebejk-Sylva-Tomankova-Jakub-Spalek-Jan-Malir-Jan-Kalousek-300x200.jpg 300w, https:\/\/hotelhouse.cz\/wp-content\/uploads\/2023\/12\/Jan-Semotan-Jan-Hrebejk-Sylva-Tomankova-Jakub-Spalek-Jan-Malir-Jan-Kalousek-768x512.jpg 768w, https:\/\/hotelhouse.cz\/wp-content\/uploads\/2023\/12\/Jan-Semotan-Jan-Hrebejk-Sylva-Tomankova-Jakub-Spalek-Jan-Malir-Jan-Kalousek.jpg 1280w\" sizes=\"(max-width: 1024px) 100vw, 1024px\" \/><\/figure><\/div>\n\n\n<div style=\"height:45px\" aria-hidden=\"true\" class=\"wp-block-spacer\"><\/div>\n\n\n\n<ol start=\"4\">\n<li>Hotel International (dnes Grand hotel International) byl postaven mezi lety 1952 \u2013 1956 ve stylu socialistick\u00e9ho realismu, nebo tak\u00e9 \u201esorely\u201c, jak se tomuto architektonick\u00e9mu slohu n\u011bkdy zkr\u00e1cen\u011b \u0159\u00edk\u00e1. Budova m\u011bla p\u016fvodn\u011b slou\u017eit pouze k ubytov\u00e1n\u00ed voj\u00e1k\u016f, ale nakonec byl z\u00e1m\u011br zm\u011bn\u011bn a z budovy se stal hotel. P\u016fvodn\u011b byl sou\u010d\u00e1st\u00ed stavby tak\u00e9 protiatomov\u00fd kryt, ve kter\u00e9m by mohlo p\u0159e\u017e\u00edt 600 osob po dobu 14 dn\u00ed, ten je nyn\u00ed vyu\u017e\u00edv\u00e1n jako sklad. V pades\u00e1t\u00fdch letech se nicm\u00e9n\u011b jednalo o nejluxusn\u011bj\u0161\u00ed hotel v \u010ceskoslovensku.<\/li>\n<\/ol>\n\n\n\n<ol start=\"5\">\n<li>Bejbinu m\u011bla p\u016fvodn\u011b hr\u00e1t Anna Geislerov\u00e1, ale vzhledem k tomu, \u017ee by nezvl\u00e1dala n\u00e1ro\u010dn\u00e9 tane\u010dn\u00ed sc\u00e9ny, byla vybr\u00e1na na z\u00e1klad\u011b konkurzu Sylva Tom\u00e1nkov\u00e1.<\/li>\n<\/ol>\n\n\n\n<ol start=\"6\">\n<li>T\u011bsn\u011b p\u0159ed zazn\u011bn\u00edm p\u00edsn\u011b &#8222;Na kolena&#8220; se z\u00e1b\u011brem mihne re\u017eis\u00e9r Jan H\u0159ebejk.<\/li>\n<\/ol>\n\n\n\n<div style=\"height:45px\" aria-hidden=\"true\" class=\"wp-block-spacer\"><\/div>\n\n\n\n<figure class=\"wp-block-gallery has-nested-images columns-default is-cropped wp-block-gallery-1 is-layout-flex wp-block-gallery-is-layout-flex\">\n<figure class=\"wp-block-image size-large\"><img decoding=\"async\" loading=\"lazy\" width=\"1024\" height=\"682\" data-id=\"5782\" src=\"https:\/\/hotelhouse.cz\/wp-content\/uploads\/2023\/12\/Jan-Semotan-Ksanda-Jan-Hrebejk-1024x682.jpg\" alt=\"\u0160akal\u00ed l\u00e9ta slav\u00ed 30 let! Jak\u00e9 zaj\u00edmavosti jste o filmu mo\u017en\u00e1 nev\u011bd\u011bli?\" class=\"wp-image-5782\" srcset=\"https:\/\/hotelhouse.cz\/wp-content\/uploads\/2023\/12\/Jan-Semotan-Ksanda-Jan-Hrebejk-1024x682.jpg 1024w, https:\/\/hotelhouse.cz\/wp-content\/uploads\/2023\/12\/Jan-Semotan-Ksanda-Jan-Hrebejk-300x200.jpg 300w, https:\/\/hotelhouse.cz\/wp-content\/uploads\/2023\/12\/Jan-Semotan-Ksanda-Jan-Hrebejk-768x512.jpg 768w, https:\/\/hotelhouse.cz\/wp-content\/uploads\/2023\/12\/Jan-Semotan-Ksanda-Jan-Hrebejk.jpg 1280w\" sizes=\"(max-width: 1024px) 100vw, 1024px\" \/><\/figure>\n\n\n\n<figure class=\"wp-block-image size-large\"><img decoding=\"async\" loading=\"lazy\" width=\"1024\" height=\"682\" data-id=\"5781\" src=\"https:\/\/hotelhouse.cz\/wp-content\/uploads\/2023\/12\/Jan-Malir-Jiri-Jezek-Jakub-Spalek-1024x682.jpg\" alt=\"\u0160akal\u00ed l\u00e9ta slav\u00ed 30 let! Jak\u00e9 zaj\u00edmavosti jste o filmu mo\u017en\u00e1 nev\u011bd\u011bli?\" class=\"wp-image-5781\" srcset=\"https:\/\/hotelhouse.cz\/wp-content\/uploads\/2023\/12\/Jan-Malir-Jiri-Jezek-Jakub-Spalek-1024x682.jpg 1024w, https:\/\/hotelhouse.cz\/wp-content\/uploads\/2023\/12\/Jan-Malir-Jiri-Jezek-Jakub-Spalek-300x200.jpg 300w, https:\/\/hotelhouse.cz\/wp-content\/uploads\/2023\/12\/Jan-Malir-Jiri-Jezek-Jakub-Spalek-768x512.jpg 768w, https:\/\/hotelhouse.cz\/wp-content\/uploads\/2023\/12\/Jan-Malir-Jiri-Jezek-Jakub-Spalek.jpg 1280w\" sizes=\"(max-width: 1024px) 100vw, 1024px\" \/><\/figure>\n<\/figure>\n\n\n\n<div style=\"height:45px\" aria-hidden=\"true\" class=\"wp-block-spacer\"><\/div>\n\n\n\n<ol start=\"7\">\n<li>Martina Dejdara (Bejby) mrzelo, \u017ee \u00fasp\u011b\u0161n\u00e9 songy nemohl zp\u00edvat s\u00e1m, ale pouze h\u00fdbal \u00fasty do zp\u011bvu Jana Kalouska. Tak\u00e9 za Jakuba \u0160palka (Eda) zp\u00edval Ivan Hlas a za Jitku Asterovou (Milada) zp\u00edvala Leona Mach\u00e1lkov\u00e1 a Anna K.<\/li>\n<\/ol>\n\n\n\n<ol start=\"8\">\n<li>Postavu Bejbiny hr\u00e1la Sylva Tom\u00e1nkov\u00e1, nazp\u00edvala ji Kate\u0159ina Buri\u00e1nkov\u00e1 a nadabovala A\u0148a Geislerov\u00e1.<\/li>\n<\/ol>\n\n\n\n<ol start=\"9\">\n<li>Auto\u0159i u\u017e v roce 1991 po\u017e\u00e1dali Ivana Hlase, aby jim slo\u017eil k filmu p\u00edsni\u010dky. Nato\u010den\u00ed demosn\u00edmku p\u00edsni\u010dky &#8222;Na kolena&#8220; uhradil spolu\u017e\u00e1k Jarchovsk\u00e9ho a H\u0159ebejka z katedry produkce Jakub Mejd\u0159ick\u00fd. Kdy\u017e si skladbu vyslechl Ji\u0159\u00ed Je\u017eek ze spole\u010dnosti Space Films, p\u0159esto\u017ee m\u011bl na stole t\u00e9m\u011b\u0159 t\u0159icet jin\u00fdch sc\u00e9n\u00e1\u0159\u016f, okam\u017eit\u011b se rozhodl pro \u0160akal\u00ed l\u00e9ta.<\/li>\n<\/ol>\n\n\n\n<ol start=\"10\">\n<li>Pov\u00eddka, podle kter\u00e9 se muzik\u00e1l zfilmoval, m\u011bla k re\u017eis\u00e9rovi komplikovanou cestu. V roce 1986 vydal &#8222;\u010ceskoslovensk\u00fd spisovatel&#8220; Petru \u0160abachovi pov\u00eddkovou knihu &#8222;Jak potopit Austr\u00e1lii&#8220;. Autorova p\u0159\u00edtelkyn\u011b v\u011bnovala jeden v\u00fdtisk sv\u00e9mu synovci, sc\u00e9n\u00e1ristovi Petru Jarchovsk\u00e9mu, kamar\u00e1dovi a spolu\u017e\u00e1kovi Jana H\u0159ebejka. Pov\u00eddka m\u011bla p\u0159itom jen dvacet stran.<\/li>\n<\/ol>\n\n\n\n<ol start=\"11\">\n<li>Ho\u0159\u00edc\u00ed Tatra 603 na konci filmu m\u00e1 SPZ, kter\u00e1 se v dob\u011b, kdy se film odehr\u00e1v\u00e1, nepou\u017e\u00edvala. Tyto SPZ za\u010daly b\u00fdt zav\u00e1d\u011bny postupn\u011b a\u017e po roce 1960. Nav\u00edc se jedn\u00e1 o model Tatry, kter\u00fd se za\u010dal vyr\u00e1b\u011bt a\u017e koncem 60. let 20. stolet\u00ed. Historick\u00e1 vozidla pro jubileum premi\u00e9ry zap\u016fj\u010dili pan Stanislav Jir\u00e1sek a spole\u010dnost Kofola \u010cR.<\/li>\n<\/ol>\n\n\n\n<div style=\"height:44px\" aria-hidden=\"true\" class=\"wp-block-spacer\"><\/div>\n\n\n<div class=\"wp-block-image\">\n<figure class=\"aligncenter size-large\"><img decoding=\"async\" loading=\"lazy\" width=\"1024\" height=\"682\" src=\"https:\/\/hotelhouse.cz\/wp-content\/uploads\/2023\/12\/Promitani-Sakalich-let-v-Internationalu-po-30-letech-1024x682.jpg\" alt=\"\u0160akal\u00ed l\u00e9ta slav\u00ed 30 let! Jak\u00e9 zaj\u00edmavosti jste o filmu mo\u017en\u00e1 nev\u011bd\u011bli?\" class=\"wp-image-5786\" srcset=\"https:\/\/hotelhouse.cz\/wp-content\/uploads\/2023\/12\/Promitani-Sakalich-let-v-Internationalu-po-30-letech-1024x682.jpg 1024w, https:\/\/hotelhouse.cz\/wp-content\/uploads\/2023\/12\/Promitani-Sakalich-let-v-Internationalu-po-30-letech-300x200.jpg 300w, https:\/\/hotelhouse.cz\/wp-content\/uploads\/2023\/12\/Promitani-Sakalich-let-v-Internationalu-po-30-letech-768x512.jpg 768w, https:\/\/hotelhouse.cz\/wp-content\/uploads\/2023\/12\/Promitani-Sakalich-let-v-Internationalu-po-30-letech.jpg 1280w\" sizes=\"(max-width: 1024px) 100vw, 1024px\" \/><\/figure><\/div>\n\n\n<div style=\"height:44px\" aria-hidden=\"true\" class=\"wp-block-spacer\"><\/div>\n\n\n\n<h2 class=\"wp-block-heading\"><strong>O Grand hotelu International<\/strong><\/h2>\n\n\n\n<div style=\"height:22px\" aria-hidden=\"true\" class=\"wp-block-spacer\"><\/div>\n\n\n\n<p>Kdysi nejluxusn\u011bj\u0161\u00ed hotel v \u010ceskoslovensku, pra\u017esk\u00fd Hotel International, p\u0159evzala v dubnu roku 2023 nejv\u011bt\u0161\u00ed \u010desk\u00e1 hotelov\u00e1 s\u00ed\u0165 Czech Inn Hotels, kter\u00e1 v&nbsp;sou\u010dasnosti provozuje p\u0159es 20 hotel\u016f v&nbsp;\u010cR i v&nbsp;zahrani\u010d\u00ed, a nab\u00edz\u00ed v\u00edce ne\u017e 7000 l\u016f\u017eek. <\/p>\n\n\n\n<p><em>\u201eInternational je klasick\u00fd grandhotel, ikona a v\u00fdznamn\u00e1 pra\u017esk\u00e1 kulturn\u00ed pam\u00e1tka. B\u00fdval to symbol luxusu a pod n\u00e1mi zase bude. S rekonstrukc\u00ed jsme za\u010dali ihned po p\u0159evzet\u00ed a letos na podzim jsme dokon\u010dili prvn\u00ed etapu. Jubileum premi\u00e9ry \u0160akal\u00edch let pro n\u00e1s proto bylo oslavou, \u017ee se hotel vrac\u00ed zp\u011bt na v\u00fdslun\u00ed,\u201c<\/em> <strong>\u0159\u00edk\u00e1 Jaroslav Svoboda, zakladatel a majitel spole\u010dnosti Czech Inn Hotels. <\/strong><\/p>\n\n\n\n<p>Od hotelu International si spole\u010dnost v&nbsp;budoucnu slibuje roz\u0161\u00ed\u0159en\u00ed slu\u017eeb p\u0159edev\u0161\u00edm pro sv\u00e9 byznysov\u00e9 klienty a \u010cechy, na kter\u00e9 se zam\u011b\u0159uje. V sou\u010dasn\u00e9 dob\u011b hotel nab\u00edz\u00ed celkem 278 pokoj\u016f, 14 konferen\u010dn\u00edch m\u00edstnost\u00ed o celkov\u00e9 kapacit\u011b 1200 osob a z\u00e1rove\u0148 prostory pro soukrom\u00e9 spole\u010densk\u00e9 akce. Sou\u010d\u00e1st\u00ed hotelu jsou restaurace, bary a fitness. V interi\u00e9ru hotelu dodnes nalezneme unik\u00e1tn\u00ed v\u00fdzdobu z 50. let. Pod\u00edleli se na n\u00ed p\u0159edn\u00ed \u010de\u0161t\u00ed a sloven\u0161t\u00ed um\u011blci a \u0159emesln\u00edci. Zpracov\u00e1n\u00ed a design ozdobn\u00fdch prvk\u016f a sv\u00edtidel svou kvalitou p\u0159\u00edjemn\u011b p\u0159ekvap\u00ed a m\u016f\u017eeme bez nads\u00e1zky \u0159\u00edci, \u017ee je nad\u010dasov\u00fd.<\/p>\n\n\n\n<div style=\"height:100px\" aria-hidden=\"true\" class=\"wp-block-spacer\"><\/div>\n\n\n\n<figure class=\"wp-block-gallery has-nested-images columns-2 is-cropped wp-block-gallery-3 is-layout-flex wp-block-gallery-is-layout-flex\">\n<figure class=\"wp-block-image size-large\"><img decoding=\"async\" loading=\"lazy\" width=\"1024\" height=\"682\" data-id=\"5784\" src=\"https:\/\/hotelhouse.cz\/wp-content\/uploads\/2023\/12\/Hotel-International-dnes-1024x682.jpg\" alt=\"\u0160akal\u00ed l\u00e9ta slav\u00ed 30 let! Jak\u00e9 zaj\u00edmavosti jste o filmu mo\u017en\u00e1 nev\u011bd\u011bli?\" class=\"wp-image-5784\" srcset=\"https:\/\/hotelhouse.cz\/wp-content\/uploads\/2023\/12\/Hotel-International-dnes-1024x682.jpg 1024w, https:\/\/hotelhouse.cz\/wp-content\/uploads\/2023\/12\/Hotel-International-dnes-300x200.jpg 300w, https:\/\/hotelhouse.cz\/wp-content\/uploads\/2023\/12\/Hotel-International-dnes-768x512.jpg 768w, https:\/\/hotelhouse.cz\/wp-content\/uploads\/2023\/12\/Hotel-International-dnes.jpg 1280w\" sizes=\"(max-width: 1024px) 100vw, 1024px\" \/><\/figure>\n\n\n\n<figure class=\"wp-block-image size-large\"><img decoding=\"async\" loading=\"lazy\" width=\"1024\" height=\"682\" data-id=\"5786\" src=\"https:\/\/hotelhouse.cz\/wp-content\/uploads\/2023\/12\/Promitani-Sakalich-let-v-Internationalu-po-30-letech-1024x682.jpg\" alt=\"\u0160akal\u00ed l\u00e9ta slav\u00ed 30 let! Jak\u00e9 zaj\u00edmavosti jste o filmu mo\u017en\u00e1 nev\u011bd\u011bli?\" class=\"wp-image-5786\" srcset=\"https:\/\/hotelhouse.cz\/wp-content\/uploads\/2023\/12\/Promitani-Sakalich-let-v-Internationalu-po-30-letech-1024x682.jpg 1024w, https:\/\/hotelhouse.cz\/wp-content\/uploads\/2023\/12\/Promitani-Sakalich-let-v-Internationalu-po-30-letech-300x200.jpg 300w, https:\/\/hotelhouse.cz\/wp-content\/uploads\/2023\/12\/Promitani-Sakalich-let-v-Internationalu-po-30-letech-768x512.jpg 768w, https:\/\/hotelhouse.cz\/wp-content\/uploads\/2023\/12\/Promitani-Sakalich-let-v-Internationalu-po-30-letech.jpg 1280w\" sizes=\"(max-width: 1024px) 100vw, 1024px\" \/><\/figure>\n\n\n\n<figure class=\"wp-block-image size-large\"><img decoding=\"async\" loading=\"lazy\" width=\"682\" height=\"1024\" data-id=\"5785\" src=\"https:\/\/hotelhouse.cz\/wp-content\/uploads\/2023\/12\/Nejluxusnejsi-hotel-v-Ceskoslovensku_dnesni-podoba-682x1024.jpg\" alt=\"\u0160akal\u00ed l\u00e9ta slav\u00ed 30 let! Jak\u00e9 zaj\u00edmavosti jste o filmu mo\u017en\u00e1 nev\u011bd\u011bli?\" class=\"wp-image-5785\" srcset=\"https:\/\/hotelhouse.cz\/wp-content\/uploads\/2023\/12\/Nejluxusnejsi-hotel-v-Ceskoslovensku_dnesni-podoba-682x1024.jpg 682w, https:\/\/hotelhouse.cz\/wp-content\/uploads\/2023\/12\/Nejluxusnejsi-hotel-v-Ceskoslovensku_dnesni-podoba-200x300.jpg 200w, https:\/\/hotelhouse.cz\/wp-content\/uploads\/2023\/12\/Nejluxusnejsi-hotel-v-Ceskoslovensku_dnesni-podoba-768x1152.jpg 768w, https:\/\/hotelhouse.cz\/wp-content\/uploads\/2023\/12\/Nejluxusnejsi-hotel-v-Ceskoslovensku_dnesni-podoba.jpg 853w\" sizes=\"(max-width: 682px) 100vw, 682px\" \/><\/figure>\n\n\n\n<figure class=\"wp-block-image size-large\"><img decoding=\"async\" loading=\"lazy\" width=\"1024\" height=\"682\" data-id=\"5778\" src=\"https:\/\/hotelhouse.cz\/wp-content\/uploads\/2023\/12\/Ikonicka-hvezda-hotelu-International-1024x682.jpg\" alt=\"\u0160akal\u00ed l\u00e9ta slav\u00ed 30 let! Jak\u00e9 zaj\u00edmavosti jste o filmu mo\u017en\u00e1 nev\u011bd\u011bli?\" class=\"wp-image-5778\" srcset=\"https:\/\/hotelhouse.cz\/wp-content\/uploads\/2023\/12\/Ikonicka-hvezda-hotelu-International-1024x682.jpg 1024w, https:\/\/hotelhouse.cz\/wp-content\/uploads\/2023\/12\/Ikonicka-hvezda-hotelu-International-300x200.jpg 300w, https:\/\/hotelhouse.cz\/wp-content\/uploads\/2023\/12\/Ikonicka-hvezda-hotelu-International-768x512.jpg 768w, https:\/\/hotelhouse.cz\/wp-content\/uploads\/2023\/12\/Ikonicka-hvezda-hotelu-International.jpg 1280w\" sizes=\"(max-width: 1024px) 100vw, 1024px\" \/><\/figure>\n\n\n\n<figure class=\"wp-block-image size-large\"><img decoding=\"async\" loading=\"lazy\" width=\"1024\" height=\"682\" data-id=\"5780\" src=\"https:\/\/hotelhouse.cz\/wp-content\/uploads\/2023\/12\/Jan-Kalousek-Jan-Malir-Jan-Hrebejk-1024x682.jpg\" alt=\"\" class=\"wp-image-5780\" srcset=\"https:\/\/hotelhouse.cz\/wp-content\/uploads\/2023\/12\/Jan-Kalousek-Jan-Malir-Jan-Hrebejk-1024x682.jpg 1024w, https:\/\/hotelhouse.cz\/wp-content\/uploads\/2023\/12\/Jan-Kalousek-Jan-Malir-Jan-Hrebejk-300x200.jpg 300w, https:\/\/hotelhouse.cz\/wp-content\/uploads\/2023\/12\/Jan-Kalousek-Jan-Malir-Jan-Hrebejk-768x512.jpg 768w, https:\/\/hotelhouse.cz\/wp-content\/uploads\/2023\/12\/Jan-Kalousek-Jan-Malir-Jan-Hrebejk.jpg 1280w\" sizes=\"(max-width: 1024px) 100vw, 1024px\" \/><\/figure>\n\n\n\n<figure class=\"wp-block-image size-large\"><img decoding=\"async\" loading=\"lazy\" width=\"1024\" height=\"682\" data-id=\"5781\" src=\"https:\/\/hotelhouse.cz\/wp-content\/uploads\/2023\/12\/Jan-Malir-Jiri-Jezek-Jakub-Spalek-1024x682.jpg\" alt=\"\u0160akal\u00ed l\u00e9ta slav\u00ed 30 let! Jak\u00e9 zaj\u00edmavosti jste o filmu mo\u017en\u00e1 nev\u011bd\u011bli?\" class=\"wp-image-5781\" srcset=\"https:\/\/hotelhouse.cz\/wp-content\/uploads\/2023\/12\/Jan-Malir-Jiri-Jezek-Jakub-Spalek-1024x682.jpg 1024w, https:\/\/hotelhouse.cz\/wp-content\/uploads\/2023\/12\/Jan-Malir-Jiri-Jezek-Jakub-Spalek-300x200.jpg 300w, https:\/\/hotelhouse.cz\/wp-content\/uploads\/2023\/12\/Jan-Malir-Jiri-Jezek-Jakub-Spalek-768x512.jpg 768w, https:\/\/hotelhouse.cz\/wp-content\/uploads\/2023\/12\/Jan-Malir-Jiri-Jezek-Jakub-Spalek.jpg 1280w\" sizes=\"(max-width: 1024px) 100vw, 1024px\" \/><\/figure>\n\n\n\n<figure class=\"wp-block-image size-large\"><img decoding=\"async\" loading=\"lazy\" width=\"966\" height=\"1024\" data-id=\"5783\" src=\"https:\/\/hotelhouse.cz\/wp-content\/uploads\/2023\/12\/Jan-Kalousek-966x1024.jpg\" alt=\"\u0160akal\u00ed l\u00e9ta slav\u00ed 30 let! Jak\u00e9 zaj\u00edmavosti jste o filmu mo\u017en\u00e1 nev\u011bd\u011bli?\" class=\"wp-image-5783\" srcset=\"https:\/\/hotelhouse.cz\/wp-content\/uploads\/2023\/12\/Jan-Kalousek-966x1024.jpg 966w, https:\/\/hotelhouse.cz\/wp-content\/uploads\/2023\/12\/Jan-Kalousek-283x300.jpg 283w, https:\/\/hotelhouse.cz\/wp-content\/uploads\/2023\/12\/Jan-Kalousek-768x814.jpg 768w, https:\/\/hotelhouse.cz\/wp-content\/uploads\/2023\/12\/Jan-Kalousek.jpg 1207w\" sizes=\"(max-width: 966px) 100vw, 966px\" \/><\/figure>\n\n\n\n<figure class=\"wp-block-image size-large\"><img decoding=\"async\" loading=\"lazy\" width=\"1024\" height=\"682\" data-id=\"5782\" src=\"https:\/\/hotelhouse.cz\/wp-content\/uploads\/2023\/12\/Jan-Semotan-Ksanda-Jan-Hrebejk-1024x682.jpg\" alt=\"\u0160akal\u00ed l\u00e9ta slav\u00ed 30 let! Jak\u00e9 zaj\u00edmavosti jste o filmu mo\u017en\u00e1 nev\u011bd\u011bli?\" class=\"wp-image-5782\" srcset=\"https:\/\/hotelhouse.cz\/wp-content\/uploads\/2023\/12\/Jan-Semotan-Ksanda-Jan-Hrebejk-1024x682.jpg 1024w, https:\/\/hotelhouse.cz\/wp-content\/uploads\/2023\/12\/Jan-Semotan-Ksanda-Jan-Hrebejk-300x200.jpg 300w, https:\/\/hotelhouse.cz\/wp-content\/uploads\/2023\/12\/Jan-Semotan-Ksanda-Jan-Hrebejk-768x512.jpg 768w, https:\/\/hotelhouse.cz\/wp-content\/uploads\/2023\/12\/Jan-Semotan-Ksanda-Jan-Hrebejk.jpg 1280w\" sizes=\"(max-width: 1024px) 100vw, 1024px\" \/><\/figure>\n\n\n\n<figure class=\"wp-block-image size-large\"><img decoding=\"async\" loading=\"lazy\" width=\"1024\" height=\"682\" data-id=\"5779\" src=\"https:\/\/hotelhouse.cz\/wp-content\/uploads\/2023\/12\/Jan-Semotan-Jan-Hrebejk-Sylva-Tomankova-Jakub-Spalek-Jan-Malir-Jan-Kalousek-1024x682.jpg\" alt=\"\u0160akal\u00ed l\u00e9ta slav\u00ed 30 let! Jak\u00e9 zaj\u00edmavosti jste o filmu mo\u017en\u00e1 nev\u011bd\u011bli?\" class=\"wp-image-5779\" srcset=\"https:\/\/hotelhouse.cz\/wp-content\/uploads\/2023\/12\/Jan-Semotan-Jan-Hrebejk-Sylva-Tomankova-Jakub-Spalek-Jan-Malir-Jan-Kalousek-1024x682.jpg 1024w, https:\/\/hotelhouse.cz\/wp-content\/uploads\/2023\/12\/Jan-Semotan-Jan-Hrebejk-Sylva-Tomankova-Jakub-Spalek-Jan-Malir-Jan-Kalousek-300x200.jpg 300w, https:\/\/hotelhouse.cz\/wp-content\/uploads\/2023\/12\/Jan-Semotan-Jan-Hrebejk-Sylva-Tomankova-Jakub-Spalek-Jan-Malir-Jan-Kalousek-768x512.jpg 768w, https:\/\/hotelhouse.cz\/wp-content\/uploads\/2023\/12\/Jan-Semotan-Jan-Hrebejk-Sylva-Tomankova-Jakub-Spalek-Jan-Malir-Jan-Kalousek.jpg 1280w\" sizes=\"(max-width: 1024px) 100vw, 1024px\" \/><\/figure>\n\n\n\n<figure class=\"wp-block-image size-large\"><img decoding=\"async\" loading=\"lazy\" width=\"600\" height=\"434\" data-id=\"5777\" src=\"https:\/\/hotelhouse.cz\/wp-content\/uploads\/2023\/12\/Sakali-leta_ilustrace-CSFD.jpg\" alt=\"\u0160akal\u00ed l\u00e9ta slav\u00ed 30 let! Jak\u00e9 zaj\u00edmavosti jste o filmu mo\u017en\u00e1 nev\u011bd\u011bli?\" class=\"wp-image-5777\" srcset=\"https:\/\/hotelhouse.cz\/wp-content\/uploads\/2023\/12\/Sakali-leta_ilustrace-CSFD.jpg 600w, https:\/\/hotelhouse.cz\/wp-content\/uploads\/2023\/12\/Sakali-leta_ilustrace-CSFD-300x217.jpg 300w\" sizes=\"(max-width: 600px) 100vw, 600px\" \/><\/figure>\n<\/figure>\n\n\n\n<div style=\"height:33px\" aria-hidden=\"true\" class=\"wp-block-spacer\"><\/div>\n\n\n\n<p><strong>Zdroj: <\/strong>\u010cSFD, Czech Inn Hotels, Grand Hotel International<\/p>\n\n\n\n<div style=\"height:100px\" aria-hidden=\"true\" class=\"wp-block-spacer\"><\/div>\n","protected":false},"excerpt":{"rendered":"<p>Letos v&nbsp;prosinci uplynulo p\u0159esn\u011b 30 let od premi\u00e9ry \u00fasp\u011b\u0161n\u00e9ho filmu Jana H\u0159ebejka \u0160akal\u00ed l\u00e9ta. Origin\u00e1ln\u00ed muzik\u00e1lov\u00e1 komedie situovan\u00e1 do Dejvic konce 50. let, do Dejvic \u017eij\u00edc\u00edch poklidn\u011b sv\u00fdm malom\u011bstsk\u00fdm \u017eivotem ve st\u00ednu rud\u00e9 hv\u011bzdy&#46;&#46;&#46;<\/p>\n","protected":false},"author":3,"featured_media":5784,"comment_status":"closed","ping_status":"closed","sticky":false,"template":"","format":"standard","meta":{"_monsterinsights_skip_tracking":false,"_monsterinsights_sitenote_active":false,"_monsterinsights_sitenote_note":"","_monsterinsights_sitenote_category":0,"footnotes":""},"categories":[4,26,22,2],"tags":[],"yoast_head":"<!-- This site is optimized with the Yoast SEO plugin v21.5 - https:\/\/yoast.com\/wordpress\/plugins\/seo\/ -->\n<title>\u0160akal\u00ed l\u00e9ta slav\u00ed 30 let! Jak\u00e9 zaj\u00edmavosti jste o filmu mo\u017en\u00e1 nev\u011bd\u011bli? - HOTELHOUSE.cz<\/title>\n<meta name=\"description\" content=\"Letos v\u00a0prosinci uplynulo p\u0159esn\u011b 30 let od premi\u00e9ry \u00fasp\u011b\u0161n\u00e9ho filmu Jana H\u0159ebejka \u0160akal\u00ed l\u00e9ta. Origin\u00e1ln\u00ed muzik\u00e1lov\u00e1 komedie situovan\u00e1 do Dejvic konce 50. let, do Dejvic \u017eij\u00edc\u00edch poklidn\u011b sv\u00fdm malom\u011bstsk\u00fdm \u017eivotem ve st\u00ednu rud\u00e9 hv\u011bzdy na \u0161pici hotelu International.\" \/>\n<meta name=\"robots\" content=\"index, follow, max-snippet:-1, max-image-preview:large, max-video-preview:-1\" \/>\n<link rel=\"canonical\" href=\"https:\/\/hotelhouse.cz\/index.php\/2023\/12\/05\/sakali-leta-slavi-30-let-jake-zajimavosti-jste-o-filmu-mozna-nevedeli\/\" \/>\n<meta property=\"og:locale\" content=\"cs_CZ\" \/>\n<meta property=\"og:type\" content=\"article\" \/>\n<meta property=\"og:title\" content=\"\u0160akal\u00ed l\u00e9ta slav\u00ed 30 let! Jak\u00e9 zaj\u00edmavosti jste o filmu mo\u017en\u00e1 nev\u011bd\u011bli? - HOTELHOUSE.cz\" \/>\n<meta property=\"og:description\" content=\"Letos v\u00a0prosinci uplynulo p\u0159esn\u011b 30 let od premi\u00e9ry \u00fasp\u011b\u0161n\u00e9ho filmu Jana H\u0159ebejka \u0160akal\u00ed l\u00e9ta. Origin\u00e1ln\u00ed muzik\u00e1lov\u00e1 komedie situovan\u00e1 do Dejvic konce 50. let, do Dejvic \u017eij\u00edc\u00edch poklidn\u011b sv\u00fdm malom\u011bstsk\u00fdm \u017eivotem ve st\u00ednu rud\u00e9 hv\u011bzdy na \u0161pici hotelu International.\" \/>\n<meta property=\"og:url\" content=\"https:\/\/hotelhouse.cz\/index.php\/2023\/12\/05\/sakali-leta-slavi-30-let-jake-zajimavosti-jste-o-filmu-mozna-nevedeli\/\" \/>\n<meta property=\"og:site_name\" content=\"HOTELHOUSE.cz\" \/>\n<meta property=\"article:published_time\" content=\"2023-12-05T00:47:03+00:00\" \/>\n<meta property=\"article:modified_time\" content=\"2023-12-05T00:54:13+00:00\" \/>\n<meta property=\"og:image\" content=\"https:\/\/hotelhouse.cz\/wp-content\/uploads\/2023\/12\/Hotel-International-dnes.jpg\" \/>\n\t<meta property=\"og:image:width\" content=\"1280\" \/>\n\t<meta property=\"og:image:height\" content=\"853\" \/>\n\t<meta property=\"og:image:type\" content=\"image\/jpeg\" \/>\n<meta name=\"author\" content=\"Van\u011bk Miroslav\" \/>\n<meta name=\"twitter:card\" content=\"summary_large_image\" \/>\n<meta name=\"twitter:label1\" content=\"Napsal(a)\" \/>\n\t<meta name=\"twitter:data1\" content=\"Van\u011bk Miroslav\" \/>\n\t<meta name=\"twitter:label2\" content=\"Odhadovan\u00e1 doba \u010dten\u00ed\" \/>\n\t<meta name=\"twitter:data2\" content=\"7 minut\" \/>\n<script type=\"application\/ld+json\" class=\"yoast-schema-graph\">{\"@context\":\"https:\/\/schema.org\",\"@graph\":[{\"@type\":\"Article\",\"@id\":\"https:\/\/hotelhouse.cz\/index.php\/2023\/12\/05\/sakali-leta-slavi-30-let-jake-zajimavosti-jste-o-filmu-mozna-nevedeli\/#article\",\"isPartOf\":{\"@id\":\"https:\/\/hotelhouse.cz\/index.php\/2023\/12\/05\/sakali-leta-slavi-30-let-jake-zajimavosti-jste-o-filmu-mozna-nevedeli\/\"},\"author\":{\"name\":\"Van\u011bk Miroslav\",\"@id\":\"https:\/\/hotelhouse.cz\/#\/schema\/person\/fa8caee3f0a9c6134afed3c541204812\"},\"headline\":\"\u0160akal\u00ed l\u00e9ta slav\u00ed 30 let! Jak\u00e9 zaj\u00edmavosti jste o filmu mo\u017en\u00e1 nev\u011bd\u011bli?\",\"datePublished\":\"2023-12-05T00:47:03+00:00\",\"dateModified\":\"2023-12-05T00:54:13+00:00\",\"mainEntityOfPage\":{\"@id\":\"https:\/\/hotelhouse.cz\/index.php\/2023\/12\/05\/sakali-leta-slavi-30-let-jake-zajimavosti-jste-o-filmu-mozna-nevedeli\/\"},\"wordCount\":951,\"publisher\":{\"@id\":\"https:\/\/hotelhouse.cz\/#organization\"},\"articleSection\":[\"HOTELY &amp; PENZIONY\",\"N\u00e1dhern\u00e1M\u00edsta.cz\",\"NaDovolenouDoPrahy.cz\",\"NEWS\"],\"inLanguage\":\"cs\"},{\"@type\":\"WebPage\",\"@id\":\"https:\/\/hotelhouse.cz\/index.php\/2023\/12\/05\/sakali-leta-slavi-30-let-jake-zajimavosti-jste-o-filmu-mozna-nevedeli\/\",\"url\":\"https:\/\/hotelhouse.cz\/index.php\/2023\/12\/05\/sakali-leta-slavi-30-let-jake-zajimavosti-jste-o-filmu-mozna-nevedeli\/\",\"name\":\"\u0160akal\u00ed l\u00e9ta slav\u00ed 30 let! Jak\u00e9 zaj\u00edmavosti jste o filmu mo\u017en\u00e1 nev\u011bd\u011bli? - HOTELHOUSE.cz\",\"isPartOf\":{\"@id\":\"https:\/\/hotelhouse.cz\/#website\"},\"datePublished\":\"2023-12-05T00:47:03+00:00\",\"dateModified\":\"2023-12-05T00:54:13+00:00\",\"description\":\"Letos v\u00a0prosinci uplynulo p\u0159esn\u011b 30 let od premi\u00e9ry \u00fasp\u011b\u0161n\u00e9ho filmu Jana H\u0159ebejka \u0160akal\u00ed l\u00e9ta. Origin\u00e1ln\u00ed muzik\u00e1lov\u00e1 komedie situovan\u00e1 do Dejvic konce 50. let, do Dejvic \u017eij\u00edc\u00edch poklidn\u011b sv\u00fdm malom\u011bstsk\u00fdm \u017eivotem ve st\u00ednu rud\u00e9 hv\u011bzdy na \u0161pici hotelu International.\",\"breadcrumb\":{\"@id\":\"https:\/\/hotelhouse.cz\/index.php\/2023\/12\/05\/sakali-leta-slavi-30-let-jake-zajimavosti-jste-o-filmu-mozna-nevedeli\/#breadcrumb\"},\"inLanguage\":\"cs\",\"potentialAction\":[{\"@type\":\"ReadAction\",\"target\":[\"https:\/\/hotelhouse.cz\/index.php\/2023\/12\/05\/sakali-leta-slavi-30-let-jake-zajimavosti-jste-o-filmu-mozna-nevedeli\/\"]}]},{\"@type\":\"BreadcrumbList\",\"@id\":\"https:\/\/hotelhouse.cz\/index.php\/2023\/12\/05\/sakali-leta-slavi-30-let-jake-zajimavosti-jste-o-filmu-mozna-nevedeli\/#breadcrumb\",\"itemListElement\":[{\"@type\":\"ListItem\",\"position\":1,\"name\":\"Dom\u016f\",\"item\":\"https:\/\/hotelhouse.cz\/\"},{\"@type\":\"ListItem\",\"position\":2,\"name\":\"\u0160akal\u00ed l\u00e9ta slav\u00ed 30 let! Jak\u00e9 zaj\u00edmavosti jste o filmu mo\u017en\u00e1 nev\u011bd\u011bli?\"}]},{\"@type\":\"WebSite\",\"@id\":\"https:\/\/hotelhouse.cz\/#website\",\"url\":\"https:\/\/hotelhouse.cz\/\",\"name\":\"HOTELHOUSE.cz\",\"description\":\"Port\u00e1l o hotelech, pensionech, spa resortech a restaurac\u00edch...\",\"publisher\":{\"@id\":\"https:\/\/hotelhouse.cz\/#organization\"},\"potentialAction\":[{\"@type\":\"SearchAction\",\"target\":{\"@type\":\"EntryPoint\",\"urlTemplate\":\"https:\/\/hotelhouse.cz\/?s={search_term_string}\"},\"query-input\":\"required name=search_term_string\"}],\"inLanguage\":\"cs\"},{\"@type\":\"Organization\",\"@id\":\"https:\/\/hotelhouse.cz\/#organization\",\"name\":\"HOTELHOUSE.cz\",\"url\":\"https:\/\/hotelhouse.cz\/\",\"logo\":{\"@type\":\"ImageObject\",\"inLanguage\":\"cs\",\"@id\":\"https:\/\/hotelhouse.cz\/#\/schema\/logo\/image\/\",\"url\":\"https:\/\/hotelhouse.cz\/wp-content\/uploads\/2024\/12\/cropped-Logo_HotelHouse-2.jpg\",\"contentUrl\":\"https:\/\/hotelhouse.cz\/wp-content\/uploads\/2024\/12\/cropped-Logo_HotelHouse-2.jpg\",\"width\":933,\"height\":516,\"caption\":\"HOTELHOUSE.cz\"},\"image\":{\"@id\":\"https:\/\/hotelhouse.cz\/#\/schema\/logo\/image\/\"},\"sameAs\":[\"https:\/\/www.instagram.com\/hotelhousecz\/\"]},{\"@type\":\"Person\",\"@id\":\"https:\/\/hotelhouse.cz\/#\/schema\/person\/fa8caee3f0a9c6134afed3c541204812\",\"name\":\"Van\u011bk Miroslav\",\"image\":{\"@type\":\"ImageObject\",\"inLanguage\":\"cs\",\"@id\":\"https:\/\/hotelhouse.cz\/#\/schema\/person\/image\/\",\"url\":\"https:\/\/secure.gravatar.com\/avatar\/cc93dbecbfc820d69a964ea4a1c72377?s=96&d=mm&r=g\",\"contentUrl\":\"https:\/\/secure.gravatar.com\/avatar\/cc93dbecbfc820d69a964ea4a1c72377?s=96&d=mm&r=g\",\"caption\":\"Van\u011bk Miroslav\"},\"sameAs\":[\"http:\/\/www.hotelhouse.cz\"],\"url\":\"https:\/\/hotelhouse.cz\/index.php\/author\/mirvan\/\"}]}<\/script>\n<!-- \/ Yoast SEO plugin. -->","yoast_head_json":{"title":"\u0160akal\u00ed l\u00e9ta slav\u00ed 30 let! Jak\u00e9 zaj\u00edmavosti jste o filmu mo\u017en\u00e1 nev\u011bd\u011bli? - HOTELHOUSE.cz","description":"Letos v\u00a0prosinci uplynulo p\u0159esn\u011b 30 let od premi\u00e9ry \u00fasp\u011b\u0161n\u00e9ho filmu Jana H\u0159ebejka \u0160akal\u00ed l\u00e9ta. Origin\u00e1ln\u00ed muzik\u00e1lov\u00e1 komedie situovan\u00e1 do Dejvic konce 50. let, do Dejvic \u017eij\u00edc\u00edch poklidn\u011b sv\u00fdm malom\u011bstsk\u00fdm \u017eivotem ve st\u00ednu rud\u00e9 hv\u011bzdy na \u0161pici hotelu International.","robots":{"index":"index","follow":"follow","max-snippet":"max-snippet:-1","max-image-preview":"max-image-preview:large","max-video-preview":"max-video-preview:-1"},"canonical":"https:\/\/hotelhouse.cz\/index.php\/2023\/12\/05\/sakali-leta-slavi-30-let-jake-zajimavosti-jste-o-filmu-mozna-nevedeli\/","og_locale":"cs_CZ","og_type":"article","og_title":"\u0160akal\u00ed l\u00e9ta slav\u00ed 30 let! Jak\u00e9 zaj\u00edmavosti jste o filmu mo\u017en\u00e1 nev\u011bd\u011bli? - HOTELHOUSE.cz","og_description":"Letos v\u00a0prosinci uplynulo p\u0159esn\u011b 30 let od premi\u00e9ry \u00fasp\u011b\u0161n\u00e9ho filmu Jana H\u0159ebejka \u0160akal\u00ed l\u00e9ta. Origin\u00e1ln\u00ed muzik\u00e1lov\u00e1 komedie situovan\u00e1 do Dejvic konce 50. let, do Dejvic \u017eij\u00edc\u00edch poklidn\u011b sv\u00fdm malom\u011bstsk\u00fdm \u017eivotem ve st\u00ednu rud\u00e9 hv\u011bzdy na \u0161pici hotelu International.","og_url":"https:\/\/hotelhouse.cz\/index.php\/2023\/12\/05\/sakali-leta-slavi-30-let-jake-zajimavosti-jste-o-filmu-mozna-nevedeli\/","og_site_name":"HOTELHOUSE.cz","article_published_time":"2023-12-05T00:47:03+00:00","article_modified_time":"2023-12-05T00:54:13+00:00","og_image":[{"width":1280,"height":853,"url":"https:\/\/hotelhouse.cz\/wp-content\/uploads\/2023\/12\/Hotel-International-dnes.jpg","type":"image\/jpeg"}],"author":"Van\u011bk Miroslav","twitter_card":"summary_large_image","twitter_misc":{"Napsal(a)":"Van\u011bk Miroslav","Odhadovan\u00e1 doba \u010dten\u00ed":"7 minut"},"schema":{"@context":"https:\/\/schema.org","@graph":[{"@type":"Article","@id":"https:\/\/hotelhouse.cz\/index.php\/2023\/12\/05\/sakali-leta-slavi-30-let-jake-zajimavosti-jste-o-filmu-mozna-nevedeli\/#article","isPartOf":{"@id":"https:\/\/hotelhouse.cz\/index.php\/2023\/12\/05\/sakali-leta-slavi-30-let-jake-zajimavosti-jste-o-filmu-mozna-nevedeli\/"},"author":{"name":"Van\u011bk Miroslav","@id":"https:\/\/hotelhouse.cz\/#\/schema\/person\/fa8caee3f0a9c6134afed3c541204812"},"headline":"\u0160akal\u00ed l\u00e9ta slav\u00ed 30 let! Jak\u00e9 zaj\u00edmavosti jste o filmu mo\u017en\u00e1 nev\u011bd\u011bli?","datePublished":"2023-12-05T00:47:03+00:00","dateModified":"2023-12-05T00:54:13+00:00","mainEntityOfPage":{"@id":"https:\/\/hotelhouse.cz\/index.php\/2023\/12\/05\/sakali-leta-slavi-30-let-jake-zajimavosti-jste-o-filmu-mozna-nevedeli\/"},"wordCount":951,"publisher":{"@id":"https:\/\/hotelhouse.cz\/#organization"},"articleSection":["HOTELY &amp; PENZIONY","N\u00e1dhern\u00e1M\u00edsta.cz","NaDovolenouDoPrahy.cz","NEWS"],"inLanguage":"cs"},{"@type":"WebPage","@id":"https:\/\/hotelhouse.cz\/index.php\/2023\/12\/05\/sakali-leta-slavi-30-let-jake-zajimavosti-jste-o-filmu-mozna-nevedeli\/","url":"https:\/\/hotelhouse.cz\/index.php\/2023\/12\/05\/sakali-leta-slavi-30-let-jake-zajimavosti-jste-o-filmu-mozna-nevedeli\/","name":"\u0160akal\u00ed l\u00e9ta slav\u00ed 30 let! Jak\u00e9 zaj\u00edmavosti jste o filmu mo\u017en\u00e1 nev\u011bd\u011bli? - HOTELHOUSE.cz","isPartOf":{"@id":"https:\/\/hotelhouse.cz\/#website"},"datePublished":"2023-12-05T00:47:03+00:00","dateModified":"2023-12-05T00:54:13+00:00","description":"Letos v\u00a0prosinci uplynulo p\u0159esn\u011b 30 let od premi\u00e9ry \u00fasp\u011b\u0161n\u00e9ho filmu Jana H\u0159ebejka \u0160akal\u00ed l\u00e9ta. Origin\u00e1ln\u00ed muzik\u00e1lov\u00e1 komedie situovan\u00e1 do Dejvic konce 50. let, do Dejvic \u017eij\u00edc\u00edch poklidn\u011b sv\u00fdm malom\u011bstsk\u00fdm \u017eivotem ve st\u00ednu rud\u00e9 hv\u011bzdy na \u0161pici hotelu International.","breadcrumb":{"@id":"https:\/\/hotelhouse.cz\/index.php\/2023\/12\/05\/sakali-leta-slavi-30-let-jake-zajimavosti-jste-o-filmu-mozna-nevedeli\/#breadcrumb"},"inLanguage":"cs","potentialAction":[{"@type":"ReadAction","target":["https:\/\/hotelhouse.cz\/index.php\/2023\/12\/05\/sakali-leta-slavi-30-let-jake-zajimavosti-jste-o-filmu-mozna-nevedeli\/"]}]},{"@type":"BreadcrumbList","@id":"https:\/\/hotelhouse.cz\/index.php\/2023\/12\/05\/sakali-leta-slavi-30-let-jake-zajimavosti-jste-o-filmu-mozna-nevedeli\/#breadcrumb","itemListElement":[{"@type":"ListItem","position":1,"name":"Dom\u016f","item":"https:\/\/hotelhouse.cz\/"},{"@type":"ListItem","position":2,"name":"\u0160akal\u00ed l\u00e9ta slav\u00ed 30 let! Jak\u00e9 zaj\u00edmavosti jste o filmu mo\u017en\u00e1 nev\u011bd\u011bli?"}]},{"@type":"WebSite","@id":"https:\/\/hotelhouse.cz\/#website","url":"https:\/\/hotelhouse.cz\/","name":"HOTELHOUSE.cz","description":"Port\u00e1l o hotelech, pensionech, spa resortech a restaurac\u00edch...","publisher":{"@id":"https:\/\/hotelhouse.cz\/#organization"},"potentialAction":[{"@type":"SearchAction","target":{"@type":"EntryPoint","urlTemplate":"https:\/\/hotelhouse.cz\/?s={search_term_string}"},"query-input":"required name=search_term_string"}],"inLanguage":"cs"},{"@type":"Organization","@id":"https:\/\/hotelhouse.cz\/#organization","name":"HOTELHOUSE.cz","url":"https:\/\/hotelhouse.cz\/","logo":{"@type":"ImageObject","inLanguage":"cs","@id":"https:\/\/hotelhouse.cz\/#\/schema\/logo\/image\/","url":"https:\/\/hotelhouse.cz\/wp-content\/uploads\/2024\/12\/cropped-Logo_HotelHouse-2.jpg","contentUrl":"https:\/\/hotelhouse.cz\/wp-content\/uploads\/2024\/12\/cropped-Logo_HotelHouse-2.jpg","width":933,"height":516,"caption":"HOTELHOUSE.cz"},"image":{"@id":"https:\/\/hotelhouse.cz\/#\/schema\/logo\/image\/"},"sameAs":["https:\/\/www.instagram.com\/hotelhousecz\/"]},{"@type":"Person","@id":"https:\/\/hotelhouse.cz\/#\/schema\/person\/fa8caee3f0a9c6134afed3c541204812","name":"Van\u011bk Miroslav","image":{"@type":"ImageObject","inLanguage":"cs","@id":"https:\/\/hotelhouse.cz\/#\/schema\/person\/image\/","url":"https:\/\/secure.gravatar.com\/avatar\/cc93dbecbfc820d69a964ea4a1c72377?s=96&d=mm&r=g","contentUrl":"https:\/\/secure.gravatar.com\/avatar\/cc93dbecbfc820d69a964ea4a1c72377?s=96&d=mm&r=g","caption":"Van\u011bk Miroslav"},"sameAs":["http:\/\/www.hotelhouse.cz"],"url":"https:\/\/hotelhouse.cz\/index.php\/author\/mirvan\/"}]}},"_links":{"self":[{"href":"https:\/\/hotelhouse.cz\/index.php\/wp-json\/wp\/v2\/posts\/5776"}],"collection":[{"href":"https:\/\/hotelhouse.cz\/index.php\/wp-json\/wp\/v2\/posts"}],"about":[{"href":"https:\/\/hotelhouse.cz\/index.php\/wp-json\/wp\/v2\/types\/post"}],"author":[{"embeddable":true,"href":"https:\/\/hotelhouse.cz\/index.php\/wp-json\/wp\/v2\/users\/3"}],"replies":[{"embeddable":true,"href":"https:\/\/hotelhouse.cz\/index.php\/wp-json\/wp\/v2\/comments?post=5776"}],"version-history":[{"count":2,"href":"https:\/\/hotelhouse.cz\/index.php\/wp-json\/wp\/v2\/posts\/5776\/revisions"}],"predecessor-version":[{"id":5788,"href":"https:\/\/hotelhouse.cz\/index.php\/wp-json\/wp\/v2\/posts\/5776\/revisions\/5788"}],"wp:featuredmedia":[{"embeddable":true,"href":"https:\/\/hotelhouse.cz\/index.php\/wp-json\/wp\/v2\/media\/5784"}],"wp:attachment":[{"href":"https:\/\/hotelhouse.cz\/index.php\/wp-json\/wp\/v2\/media?parent=5776"}],"wp:term":[{"taxonomy":"category","embeddable":true,"href":"https:\/\/hotelhouse.cz\/index.php\/wp-json\/wp\/v2\/categories?post=5776"},{"taxonomy":"post_tag","embeddable":true,"href":"https:\/\/hotelhouse.cz\/index.php\/wp-json\/wp\/v2\/tags?post=5776"}],"curies":[{"name":"wp","href":"https:\/\/api.w.org\/{rel}","templated":true}]}}