{"id":5797,"date":"2023-12-13T01:04:17","date_gmt":"2023-12-13T00:04:17","guid":{"rendered":"https:\/\/hotelhouse.cz\/?p=5797"},"modified":"2023-12-18T01:41:32","modified_gmt":"2023-12-18T00:41:32","slug":"palladium-laka-vanocni-atmosferou-k-nakupum-darku-a-k-pomoci-detem","status":"publish","type":"post","link":"https:\/\/hotelhouse.cz\/index.php\/2023\/12\/13\/palladium-laka-vanocni-atmosferou-k-nakupum-darku-a-k-pomoci-detem\/","title":{"rendered":"Palladium l\u00e1k\u00e1 v\u00e1no\u010dn\u00ed atmosf\u00e9rou k\u00a0n\u00e1kup\u016fm d\u00e1rk\u016f a k\u00a0pomoci d\u011btem"},"content":{"rendered":"\n<div style=\"height:44px\" aria-hidden=\"true\" class=\"wp-block-spacer\"><\/div>\n\n\n\n<p><strong>V\u00e1no\u010dn\u00ed \u010das je nejen obdob\u00edm sh\u00e1n\u011bn\u00ed d\u00e1rk\u016f pro bl\u00edzk\u00e9 a p\u0159\u00e1tele ale tak\u00e9 \u010dasem dobro\u010dinnosti. S&nbsp;c\u00edlem podpo\u0159it pot\u0159ebn\u00e9 proto i <a href=\"https:\/\/prazskeprikopy.cz\/index.php\/palladium\/\">Palladium<\/a>, krom\u011b p\u0159\u00edjemn\u00e9 v\u00e1no\u010dn\u00ed atmosf\u00e9ry, nab\u00edz\u00ed p\u0159\u00edle\u017eitost pro pomoc d\u011btem v&nbsp;nesnadn\u00fdch \u017eivotn\u00edch situac\u00edch.<\/strong><\/p>\n\n\n\n<div style=\"height:50px\" aria-hidden=\"true\" class=\"wp-block-spacer\"><\/div>\n\n\n\n<figure class=\"wp-block-image size-large\"><img decoding=\"async\" src=\"https:\/\/celebrityhouse.cz\/wp-content\/uploads\/2023\/12\/Radost-detem-2-028-1024x682.jpg\" alt=\"Palladium l\u00e1k\u00e1 v\u00e1no\u010dn\u00ed atmosf\u00e9rou k\u00a0n\u00e1kup\u016fm d\u00e1rk\u016f a k\u00a0pomoci d\u011btem\" class=\"wp-image-7887\"\/><\/figure>\n\n\n\n<div style=\"height:44px\" aria-hidden=\"true\" class=\"wp-block-spacer\"><\/div>\n\n\n\n<p><strong>V&nbsp;p\u0159\u00edzem\u00ed, u vstupu z&nbsp;n\u00e1m\u011bst\u00ed Republiky nep\u0159ehl\u00e9dnete \u201e<a href=\"https:\/\/prazskeprikopy.cz\/index.php\/2023\/11\/09\/palladium-laka-vanocni-atmosferou-k-nakupum-darku-a-k-pomoci-detem\/\">Strom Radosti<\/a>\u201c<\/strong>, symbol ji\u017e dev\u00e1t\u00e9ho ro\u010dn\u00edku charitativn\u00ed akce zam\u011b\u0159en\u00e9 na d\u011bti v&nbsp;nelehk\u00fdch \u017eivotn\u00edch situac\u00edch. <strong>Strom Radosti podporuj\u00ed i zn\u00e1m\u00e9 osobnosti, nap\u0159\u00edklad Lucie \u0160af\u00e1\u0159ov\u00e1, Tom\u00e1\u0161 Plekanec \u010di B\u00e1ra \u0160t\u011bp\u00e1nov\u00e1<\/strong>, kte\u0159\u00ed se z\u00fa\u010dastnili druh\u00e9ho charitativn\u00edho ve\u010dera v&nbsp;n\u00e1kupn\u00edm centru Palladium.<\/p>\n\n\n\n<div style=\"height:55px\" aria-hidden=\"true\" class=\"wp-block-spacer\"><\/div>\n\n\n<div class=\"wp-block-image\">\n<figure class=\"aligncenter size-large\"><img decoding=\"async\" src=\"https:\/\/prazskeprikopy.cz\/wp-content\/uploads\/2023\/12\/Radost-detem-2-045-1024x682.jpg\" alt=\"\" class=\"wp-image-2929\"\/><\/figure><\/div>\n\n\n<div style=\"height:55px\" aria-hidden=\"true\" class=\"wp-block-spacer\"><\/div>\n\n\n\n<p>Stejn\u011b jako v&nbsp;p\u0159edchoz\u00edch letech chce \u201eNada\u010dn\u00ed fond Radost d\u011btem\u201c z\u00edskat spolu se z\u00e1kazn\u00edky <strong><a href=\"https:\/\/prazskeprikopy.cz\/index.php\/palladium\/\">n\u00e1kupn\u00edho centra Palladium<\/a><\/strong> a\u017e <strong>300 d\u00e1rk\u016f pro t\u011b\u017ece nemocn\u00e9 d\u011bti a d\u011bti z&nbsp;d\u011btsk\u00fdch domov\u016f.<\/strong> <strong>D\u011btsk\u00e1 p\u0159\u00e1n\u00ed se pln\u00ed v&nbsp;obdob\u00ed od 9. 11. 2023 do 22. 12. 2023 <\/strong>a n\u00e1v\u0161t\u011bvn\u00edci n\u00e1kupn\u00edho centra tak mohou t\u011bmto d\u011btem dop\u0159\u00e1t kr\u00e1sn\u011bj\u0161\u00ed V\u00e1noce. K&nbsp;dne\u0161n\u00edmu dni bylo spln\u011bno celkem ji\u017e t\u00e9m\u011b\u0159 200 p\u0159\u00e1n\u00ed! V\u0161em, kdo pom\u00e1haj\u00ed, d\u011bkujeme!<\/p>\n\n\n\n<div style=\"height:55px\" aria-hidden=\"true\" class=\"wp-block-spacer\"><\/div>\n\n\n\n<figure class=\"wp-block-gallery has-nested-images columns-default is-cropped wp-block-gallery-1 is-layout-flex wp-block-gallery-is-layout-flex\">\n<figure class=\"wp-block-image size-large\"><img decoding=\"async\" data-id=\"2928\" src=\"https:\/\/prazskeprikopy.cz\/wp-content\/uploads\/2023\/12\/RD-Palladium-110-683x1024.jpg\" alt=\"Palladium l\u00e1k\u00e1 v\u00e1no\u010dn\u00ed atmosf\u00e9rou k\u00a0n\u00e1kup\u016fm d\u00e1rk\u016f a k\u00a0pomoci d\u011btem\" class=\"wp-image-2928\"\/><\/figure>\n\n\n\n<figure class=\"wp-block-image size-large\"><img decoding=\"async\" data-id=\"2926\" src=\"https:\/\/prazskeprikopy.cz\/wp-content\/uploads\/2023\/12\/Vanoce-v-Palladiu-1-684x1024.jpg\" alt=\"Palladium l\u00e1k\u00e1 v\u00e1no\u010dn\u00ed atmosf\u00e9rou k\u00a0n\u00e1kup\u016fm d\u00e1rk\u016f a k\u00a0pomoci d\u011btem\" class=\"wp-image-2926\"\/><\/figure>\n<\/figure>\n\n\n\n<div style=\"height:55px\" aria-hidden=\"true\" class=\"wp-block-spacer\"><\/div>\n\n\n\n<h3 class=\"wp-block-heading\"> P\u0159ehled d\u011btsk\u00fdch p\u0159\u00e1n\u00ed na odkaze: <\/h3>\n\n\n\n<p><a href=\"https:\/\/www.palladiumpraha.cz\/data\/uploader\/2023\/PAL_web_novinky_Strom_radosti_prehled_darku_07122023.pdf\">https:\/\/www.palladiumpraha.cz\/data\/uploader\/2023\/PAL_web_novinky_Strom_radosti_prehled_darku_07122023.pdf<\/a>.<\/p>\n\n\n\n<div style=\"height:29px\" aria-hidden=\"true\" class=\"wp-block-spacer\"><\/div>\n\n\n\n<p><strong>Podrobnosti o akci naleznete na webu<\/strong>:<\/p>\n\n\n\n<p><a href=\"https:\/\/www.palladiumpraha.cz\/charitativni-akce-strom-radosti-patro-0\/\">https:\/\/www.palladiumpraha.cz\/charitativni-akce-strom-radosti-patro-0\/<\/a><\/p>\n\n\n\n<div style=\"height:55px\" aria-hidden=\"true\" class=\"wp-block-spacer\"><\/div>\n\n\n<div class=\"wp-block-image\">\n<figure class=\"aligncenter size-large\"><img decoding=\"async\" src=\"https:\/\/prazskeprikopy.cz\/wp-content\/uploads\/2023\/12\/TS-Strom-Radosti-7-1024x683.jpg\" alt=\"Palladium l\u00e1k\u00e1 v\u00e1no\u010dn\u00ed atmosf\u00e9rou k\u00a0n\u00e1kup\u016fm d\u00e1rk\u016f a k\u00a0pomoci d\u011btem\" class=\"wp-image-2930\"\/><\/figure><\/div>\n\n\n<div style=\"height:55px\" aria-hidden=\"true\" class=\"wp-block-spacer\"><\/div>\n\n\n\n<p><strong>V\u00e1no\u010dn\u00ed dekorace n\u00e1kupn\u00edho centra Palladium se letos <\/strong>inspiruje slovansk\u00fdm zvykem \u00fadajn\u011b ji\u017e ze 7. stolet\u00ed, kdy se k\u0159es\u0165ansk\u00e9 stromky v\u011b\u0161ely \u0161pi\u010dkou dol\u016f, aby tvarem troj\u00faheln\u00edku p\u0159ipom\u00ednaly Svatou Trojici. Velkolep\u00fd v\u00e1no\u010dn\u00ed strom zav\u011b\u0161en\u00fd \u0161pi\u010dkou dol\u016f dominuje v\u00e1no\u010dn\u00ed v\u00fdzdob\u011b v&nbsp;prostoru zadn\u00edho atria. <\/p>\n\n\n\n<p>Dal\u0161\u00ed sou\u010d\u00e1st\u00ed dekorac\u00ed jsou ozdoby ve tvaru koule, betl\u00e9m a obl\u00edben\u00e9 fotokoutky pro n\u00e1v\u0161t\u011bvn\u00edky. Venkovn\u00ed v\u00fdzdoba zv\u00fdraz\u0148uje obrysy historick\u00e9 fas\u00e1dy kas\u00e1rensk\u00e9 budovy sm\u011brem do n\u00e1m\u011bst\u00ed Republiky a historick\u00e9 budovy j\u00edzd\u00e1rny v&nbsp;ulici Na Po\u0159\u00ed\u010d\u00ed.<\/p>\n\n\n\n<div style=\"height:100px\" aria-hidden=\"true\" class=\"wp-block-spacer\"><\/div>\n\n\n\n<figure class=\"wp-block-gallery has-nested-images columns-2 is-cropped wp-block-gallery-3 is-layout-flex wp-block-gallery-is-layout-flex\">\n<figure class=\"wp-block-image size-large\"><img decoding=\"async\" data-id=\"2927\" src=\"https:\/\/prazskeprikopy.cz\/wp-content\/uploads\/2023\/12\/Radost-detem-2-028-1024x682.jpg\" alt=\"Palladium l\u00e1k\u00e1 v\u00e1no\u010dn\u00ed atmosf\u00e9rou k\u00a0n\u00e1kup\u016fm d\u00e1rk\u016f a k\u00a0pomoci d\u011btem\" class=\"wp-image-2927\"\/><\/figure>\n\n\n\n<figure class=\"wp-block-image size-large\"><img decoding=\"async\" data-id=\"2929\" src=\"https:\/\/prazskeprikopy.cz\/wp-content\/uploads\/2023\/12\/Radost-detem-2-045-1024x682.jpg\" alt=\"Palladium l\u00e1k\u00e1 v\u00e1no\u010dn\u00ed atmosf\u00e9rou k\u00a0n\u00e1kup\u016fm d\u00e1rk\u016f a k\u00a0pomoci d\u011btem\" class=\"wp-image-2929\"\/><\/figure>\n\n\n\n<figure class=\"wp-block-image size-large\"><img decoding=\"async\" data-id=\"2928\" src=\"https:\/\/prazskeprikopy.cz\/wp-content\/uploads\/2023\/12\/RD-Palladium-110-683x1024.jpg\" alt=\"Palladium l\u00e1k\u00e1 v\u00e1no\u010dn\u00ed atmosf\u00e9rou k\u00a0n\u00e1kup\u016fm d\u00e1rk\u016f a k\u00a0pomoci d\u011btem\" class=\"wp-image-2928\"\/><\/figure>\n\n\n\n<figure class=\"wp-block-image size-large\"><img decoding=\"async\" data-id=\"2926\" src=\"https:\/\/prazskeprikopy.cz\/wp-content\/uploads\/2023\/12\/Vanoce-v-Palladiu-1-684x1024.jpg\" alt=\"Palladium l\u00e1k\u00e1 v\u00e1no\u010dn\u00ed atmosf\u00e9rou k\u00a0n\u00e1kup\u016fm d\u00e1rk\u016f a k\u00a0pomoci d\u011btem\" class=\"wp-image-2926\"\/><\/figure>\n\n\n\n<figure class=\"wp-block-image size-large\"><img decoding=\"async\" data-id=\"2930\" src=\"https:\/\/prazskeprikopy.cz\/wp-content\/uploads\/2023\/12\/TS-Strom-Radosti-7-1024x683.jpg\" alt=\"Palladium l\u00e1k\u00e1 v\u00e1no\u010dn\u00ed atmosf\u00e9rou k\u00a0n\u00e1kup\u016fm d\u00e1rk\u016f a k\u00a0pomoci d\u011btem\" class=\"wp-image-2930\"\/><\/figure>\n<\/figure>\n\n\n\n<div style=\"height:30px\" aria-hidden=\"true\" class=\"wp-block-spacer\"><\/div>\n\n\n\n<p><strong>Foto:<\/strong> Pavel V\u00edtek a Palladium<\/p>\n\n\n\n<div style=\"height:100px\" aria-hidden=\"true\" class=\"wp-block-spacer\"><\/div>\n","protected":false},"excerpt":{"rendered":"<p>V\u00e1no\u010dn\u00ed \u010das je nejen obdob\u00edm sh\u00e1n\u011bn\u00ed d\u00e1rk\u016f pro bl\u00edzk\u00e9 a p\u0159\u00e1tele ale tak\u00e9 \u010dasem dobro\u010dinnosti. S&nbsp;c\u00edlem podpo\u0159it pot\u0159ebn\u00e9 proto i Palladium, krom\u011b p\u0159\u00edjemn\u00e9 v\u00e1no\u010dn\u00ed atmosf\u00e9ry, nab\u00edz\u00ed p\u0159\u00edle\u017eitost pro pomoc d\u011btem v&nbsp;nesnadn\u00fdch \u017eivotn\u00edch situac\u00edch. V&nbsp;p\u0159\u00edzem\u00ed,&#46;&#46;&#46;<\/p>\n","protected":false},"author":6,"featured_media":5798,"comment_status":"closed","ping_status":"closed","sticky":false,"template":"","format":"standard","meta":{"_monsterinsights_skip_tracking":false,"_monsterinsights_sitenote_active":false,"_monsterinsights_sitenote_note":"","_monsterinsights_sitenote_category":0,"footnotes":""},"categories":[15,26,22,29,2],"tags":[],"yoast_head":"<!-- This site is optimized with the Yoast SEO plugin v21.5 - https:\/\/yoast.com\/wordpress\/plugins\/seo\/ -->\n<title>Palladium l\u00e1k\u00e1 v\u00e1no\u010dn\u00ed atmosf\u00e9rou k\u00a0n\u00e1kup\u016fm d\u00e1rk\u016f a k\u00a0pomoci d\u011btem - HOTELHOUSE.cz<\/title>\n<meta name=\"description\" content=\"V\u00e1no\u010dn\u00ed \u010das je nejen obdob\u00edm sh\u00e1n\u011bn\u00ed d\u00e1rk\u016f pro bl\u00edzk\u00e9 a p\u0159\u00e1tele ale tak\u00e9 \u010dasem dobro\u010dinnosti. S\u00a0c\u00edlem podpo\u0159it pot\u0159ebn\u00e9 proto i Palladium, krom\u011b p\u0159\u00edjemn\u00e9 v\u00e1no\u010dn\u00ed atmosf\u00e9ry, nab\u00edz\u00ed p\u0159\u00edle\u017eitost pro pomoc d\u011btem v\u00a0nesnadn\u00fdch \u017eivotn\u00edch situac\u00edch.\" \/>\n<meta name=\"robots\" content=\"index, follow, max-snippet:-1, max-image-preview:large, max-video-preview:-1\" \/>\n<link rel=\"canonical\" href=\"https:\/\/hotelhouse.cz\/index.php\/2023\/12\/13\/palladium-laka-vanocni-atmosferou-k-nakupum-darku-a-k-pomoci-detem\/\" \/>\n<meta property=\"og:locale\" content=\"cs_CZ\" \/>\n<meta property=\"og:type\" content=\"article\" \/>\n<meta property=\"og:title\" content=\"Palladium l\u00e1k\u00e1 v\u00e1no\u010dn\u00ed atmosf\u00e9rou k\u00a0n\u00e1kup\u016fm d\u00e1rk\u016f a k\u00a0pomoci d\u011btem - HOTELHOUSE.cz\" \/>\n<meta property=\"og:description\" content=\"V\u00e1no\u010dn\u00ed \u010das je nejen obdob\u00edm sh\u00e1n\u011bn\u00ed d\u00e1rk\u016f pro bl\u00edzk\u00e9 a p\u0159\u00e1tele ale tak\u00e9 \u010dasem dobro\u010dinnosti. S\u00a0c\u00edlem podpo\u0159it pot\u0159ebn\u00e9 proto i Palladium, krom\u011b p\u0159\u00edjemn\u00e9 v\u00e1no\u010dn\u00ed atmosf\u00e9ry, nab\u00edz\u00ed p\u0159\u00edle\u017eitost pro pomoc d\u011btem v\u00a0nesnadn\u00fdch \u017eivotn\u00edch situac\u00edch.\" \/>\n<meta property=\"og:url\" content=\"https:\/\/hotelhouse.cz\/index.php\/2023\/12\/13\/palladium-laka-vanocni-atmosferou-k-nakupum-darku-a-k-pomoci-detem\/\" \/>\n<meta property=\"og:site_name\" content=\"HOTELHOUSE.cz\" \/>\n<meta property=\"article:published_time\" content=\"2023-12-13T00:04:17+00:00\" \/>\n<meta property=\"article:modified_time\" content=\"2023-12-18T00:41:32+00:00\" \/>\n<meta property=\"og:image\" content=\"https:\/\/hotelhouse.cz\/wp-content\/uploads\/2023\/12\/Radost-detem-2-028.jpg\" \/>\n\t<meta property=\"og:image:width\" content=\"1450\" \/>\n\t<meta property=\"og:image:height\" content=\"966\" \/>\n\t<meta property=\"og:image:type\" content=\"image\/jpeg\" \/>\n<meta name=\"author\" content=\"Jordana Pechov\u00e1\" \/>\n<meta name=\"twitter:card\" content=\"summary_large_image\" \/>\n<meta name=\"twitter:label1\" content=\"Napsal(a)\" \/>\n\t<meta name=\"twitter:data1\" content=\"Jordana Pechov\u00e1\" \/>\n\t<meta name=\"twitter:label2\" content=\"Odhadovan\u00e1 doba \u010dten\u00ed\" \/>\n\t<meta name=\"twitter:data2\" content=\"4 minuty\" \/>\n<script type=\"application\/ld+json\" class=\"yoast-schema-graph\">{\"@context\":\"https:\/\/schema.org\",\"@graph\":[{\"@type\":\"Article\",\"@id\":\"https:\/\/hotelhouse.cz\/index.php\/2023\/12\/13\/palladium-laka-vanocni-atmosferou-k-nakupum-darku-a-k-pomoci-detem\/#article\",\"isPartOf\":{\"@id\":\"https:\/\/hotelhouse.cz\/index.php\/2023\/12\/13\/palladium-laka-vanocni-atmosferou-k-nakupum-darku-a-k-pomoci-detem\/\"},\"author\":{\"name\":\"Jordana Pechov\u00e1\",\"@id\":\"https:\/\/hotelhouse.cz\/#\/schema\/person\/04a07c8edd47cde8c2fb8cb4254655aa\"},\"headline\":\"Palladium l\u00e1k\u00e1 v\u00e1no\u010dn\u00ed atmosf\u00e9rou k\u00a0n\u00e1kup\u016fm d\u00e1rk\u016f a k\u00a0pomoci d\u011btem\",\"datePublished\":\"2023-12-13T00:04:17+00:00\",\"dateModified\":\"2023-12-18T00:41:32+00:00\",\"mainEntityOfPage\":{\"@id\":\"https:\/\/hotelhouse.cz\/index.php\/2023\/12\/13\/palladium-laka-vanocni-atmosferou-k-nakupum-darku-a-k-pomoci-detem\/\"},\"wordCount\":411,\"publisher\":{\"@id\":\"https:\/\/hotelhouse.cz\/#organization\"},\"articleSection\":[\"FOTOREPORTY\",\"N\u00e1dhern\u00e1M\u00edsta.cz\",\"NaDovolenouDoPrahy.cz\",\"N\u00c1KUPN\u00cd CENTRA\",\"NEWS\"],\"inLanguage\":\"cs\"},{\"@type\":\"WebPage\",\"@id\":\"https:\/\/hotelhouse.cz\/index.php\/2023\/12\/13\/palladium-laka-vanocni-atmosferou-k-nakupum-darku-a-k-pomoci-detem\/\",\"url\":\"https:\/\/hotelhouse.cz\/index.php\/2023\/12\/13\/palladium-laka-vanocni-atmosferou-k-nakupum-darku-a-k-pomoci-detem\/\",\"name\":\"Palladium l\u00e1k\u00e1 v\u00e1no\u010dn\u00ed atmosf\u00e9rou k\u00a0n\u00e1kup\u016fm d\u00e1rk\u016f a k\u00a0pomoci d\u011btem - HOTELHOUSE.cz\",\"isPartOf\":{\"@id\":\"https:\/\/hotelhouse.cz\/#website\"},\"datePublished\":\"2023-12-13T00:04:17+00:00\",\"dateModified\":\"2023-12-18T00:41:32+00:00\",\"description\":\"V\u00e1no\u010dn\u00ed \u010das je nejen obdob\u00edm sh\u00e1n\u011bn\u00ed d\u00e1rk\u016f pro bl\u00edzk\u00e9 a p\u0159\u00e1tele ale tak\u00e9 \u010dasem dobro\u010dinnosti. S\u00a0c\u00edlem podpo\u0159it pot\u0159ebn\u00e9 proto i Palladium, krom\u011b p\u0159\u00edjemn\u00e9 v\u00e1no\u010dn\u00ed atmosf\u00e9ry, nab\u00edz\u00ed p\u0159\u00edle\u017eitost pro pomoc d\u011btem v\u00a0nesnadn\u00fdch \u017eivotn\u00edch situac\u00edch.\",\"breadcrumb\":{\"@id\":\"https:\/\/hotelhouse.cz\/index.php\/2023\/12\/13\/palladium-laka-vanocni-atmosferou-k-nakupum-darku-a-k-pomoci-detem\/#breadcrumb\"},\"inLanguage\":\"cs\",\"potentialAction\":[{\"@type\":\"ReadAction\",\"target\":[\"https:\/\/hotelhouse.cz\/index.php\/2023\/12\/13\/palladium-laka-vanocni-atmosferou-k-nakupum-darku-a-k-pomoci-detem\/\"]}]},{\"@type\":\"BreadcrumbList\",\"@id\":\"https:\/\/hotelhouse.cz\/index.php\/2023\/12\/13\/palladium-laka-vanocni-atmosferou-k-nakupum-darku-a-k-pomoci-detem\/#breadcrumb\",\"itemListElement\":[{\"@type\":\"ListItem\",\"position\":1,\"name\":\"Dom\u016f\",\"item\":\"https:\/\/hotelhouse.cz\/\"},{\"@type\":\"ListItem\",\"position\":2,\"name\":\"Palladium l\u00e1k\u00e1 v\u00e1no\u010dn\u00ed atmosf\u00e9rou k\u00a0n\u00e1kup\u016fm d\u00e1rk\u016f a k\u00a0pomoci d\u011btem\"}]},{\"@type\":\"WebSite\",\"@id\":\"https:\/\/hotelhouse.cz\/#website\",\"url\":\"https:\/\/hotelhouse.cz\/\",\"name\":\"HOTELHOUSE.cz\",\"description\":\"Port\u00e1l o hotelech, pensionech, spa resortech a restaurac\u00edch...\",\"publisher\":{\"@id\":\"https:\/\/hotelhouse.cz\/#organization\"},\"potentialAction\":[{\"@type\":\"SearchAction\",\"target\":{\"@type\":\"EntryPoint\",\"urlTemplate\":\"https:\/\/hotelhouse.cz\/?s={search_term_string}\"},\"query-input\":\"required name=search_term_string\"}],\"inLanguage\":\"cs\"},{\"@type\":\"Organization\",\"@id\":\"https:\/\/hotelhouse.cz\/#organization\",\"name\":\"HOTELHOUSE.cz\",\"url\":\"https:\/\/hotelhouse.cz\/\",\"logo\":{\"@type\":\"ImageObject\",\"inLanguage\":\"cs\",\"@id\":\"https:\/\/hotelhouse.cz\/#\/schema\/logo\/image\/\",\"url\":\"https:\/\/hotelhouse.cz\/wp-content\/uploads\/2024\/12\/cropped-Logo_HotelHouse-2.jpg\",\"contentUrl\":\"https:\/\/hotelhouse.cz\/wp-content\/uploads\/2024\/12\/cropped-Logo_HotelHouse-2.jpg\",\"width\":933,\"height\":516,\"caption\":\"HOTELHOUSE.cz\"},\"image\":{\"@id\":\"https:\/\/hotelhouse.cz\/#\/schema\/logo\/image\/\"},\"sameAs\":[\"https:\/\/www.instagram.com\/hotelhousecz\/\"]},{\"@type\":\"Person\",\"@id\":\"https:\/\/hotelhouse.cz\/#\/schema\/person\/04a07c8edd47cde8c2fb8cb4254655aa\",\"name\":\"Jordana Pechov\u00e1\",\"image\":{\"@type\":\"ImageObject\",\"inLanguage\":\"cs\",\"@id\":\"https:\/\/hotelhouse.cz\/#\/schema\/person\/image\/\",\"url\":\"https:\/\/secure.gravatar.com\/avatar\/d3ad7f43789eed68b221d01c6d7ac4e5?s=96&d=mm&r=g\",\"contentUrl\":\"https:\/\/secure.gravatar.com\/avatar\/d3ad7f43789eed68b221d01c6d7ac4e5?s=96&d=mm&r=g\",\"caption\":\"Jordana Pechov\u00e1\"},\"sameAs\":[\"http:\/\/HOTELHOUSE.cz\"],\"url\":\"https:\/\/hotelhouse.cz\/index.php\/author\/jorpech\/\"}]}<\/script>\n<!-- \/ Yoast SEO plugin. -->","yoast_head_json":{"title":"Palladium l\u00e1k\u00e1 v\u00e1no\u010dn\u00ed atmosf\u00e9rou k\u00a0n\u00e1kup\u016fm d\u00e1rk\u016f a k\u00a0pomoci d\u011btem - HOTELHOUSE.cz","description":"V\u00e1no\u010dn\u00ed \u010das je nejen obdob\u00edm sh\u00e1n\u011bn\u00ed d\u00e1rk\u016f pro bl\u00edzk\u00e9 a p\u0159\u00e1tele ale tak\u00e9 \u010dasem dobro\u010dinnosti. S\u00a0c\u00edlem podpo\u0159it pot\u0159ebn\u00e9 proto i Palladium, krom\u011b p\u0159\u00edjemn\u00e9 v\u00e1no\u010dn\u00ed atmosf\u00e9ry, nab\u00edz\u00ed p\u0159\u00edle\u017eitost pro pomoc d\u011btem v\u00a0nesnadn\u00fdch \u017eivotn\u00edch situac\u00edch.","robots":{"index":"index","follow":"follow","max-snippet":"max-snippet:-1","max-image-preview":"max-image-preview:large","max-video-preview":"max-video-preview:-1"},"canonical":"https:\/\/hotelhouse.cz\/index.php\/2023\/12\/13\/palladium-laka-vanocni-atmosferou-k-nakupum-darku-a-k-pomoci-detem\/","og_locale":"cs_CZ","og_type":"article","og_title":"Palladium l\u00e1k\u00e1 v\u00e1no\u010dn\u00ed atmosf\u00e9rou k\u00a0n\u00e1kup\u016fm d\u00e1rk\u016f a k\u00a0pomoci d\u011btem - HOTELHOUSE.cz","og_description":"V\u00e1no\u010dn\u00ed \u010das je nejen obdob\u00edm sh\u00e1n\u011bn\u00ed d\u00e1rk\u016f pro bl\u00edzk\u00e9 a p\u0159\u00e1tele ale tak\u00e9 \u010dasem dobro\u010dinnosti. S\u00a0c\u00edlem podpo\u0159it pot\u0159ebn\u00e9 proto i Palladium, krom\u011b p\u0159\u00edjemn\u00e9 v\u00e1no\u010dn\u00ed atmosf\u00e9ry, nab\u00edz\u00ed p\u0159\u00edle\u017eitost pro pomoc d\u011btem v\u00a0nesnadn\u00fdch \u017eivotn\u00edch situac\u00edch.","og_url":"https:\/\/hotelhouse.cz\/index.php\/2023\/12\/13\/palladium-laka-vanocni-atmosferou-k-nakupum-darku-a-k-pomoci-detem\/","og_site_name":"HOTELHOUSE.cz","article_published_time":"2023-12-13T00:04:17+00:00","article_modified_time":"2023-12-18T00:41:32+00:00","og_image":[{"width":1450,"height":966,"url":"https:\/\/hotelhouse.cz\/wp-content\/uploads\/2023\/12\/Radost-detem-2-028.jpg","type":"image\/jpeg"}],"author":"Jordana Pechov\u00e1","twitter_card":"summary_large_image","twitter_misc":{"Napsal(a)":"Jordana Pechov\u00e1","Odhadovan\u00e1 doba \u010dten\u00ed":"4 minuty"},"schema":{"@context":"https:\/\/schema.org","@graph":[{"@type":"Article","@id":"https:\/\/hotelhouse.cz\/index.php\/2023\/12\/13\/palladium-laka-vanocni-atmosferou-k-nakupum-darku-a-k-pomoci-detem\/#article","isPartOf":{"@id":"https:\/\/hotelhouse.cz\/index.php\/2023\/12\/13\/palladium-laka-vanocni-atmosferou-k-nakupum-darku-a-k-pomoci-detem\/"},"author":{"name":"Jordana Pechov\u00e1","@id":"https:\/\/hotelhouse.cz\/#\/schema\/person\/04a07c8edd47cde8c2fb8cb4254655aa"},"headline":"Palladium l\u00e1k\u00e1 v\u00e1no\u010dn\u00ed atmosf\u00e9rou k\u00a0n\u00e1kup\u016fm d\u00e1rk\u016f a k\u00a0pomoci d\u011btem","datePublished":"2023-12-13T00:04:17+00:00","dateModified":"2023-12-18T00:41:32+00:00","mainEntityOfPage":{"@id":"https:\/\/hotelhouse.cz\/index.php\/2023\/12\/13\/palladium-laka-vanocni-atmosferou-k-nakupum-darku-a-k-pomoci-detem\/"},"wordCount":411,"publisher":{"@id":"https:\/\/hotelhouse.cz\/#organization"},"articleSection":["FOTOREPORTY","N\u00e1dhern\u00e1M\u00edsta.cz","NaDovolenouDoPrahy.cz","N\u00c1KUPN\u00cd CENTRA","NEWS"],"inLanguage":"cs"},{"@type":"WebPage","@id":"https:\/\/hotelhouse.cz\/index.php\/2023\/12\/13\/palladium-laka-vanocni-atmosferou-k-nakupum-darku-a-k-pomoci-detem\/","url":"https:\/\/hotelhouse.cz\/index.php\/2023\/12\/13\/palladium-laka-vanocni-atmosferou-k-nakupum-darku-a-k-pomoci-detem\/","name":"Palladium l\u00e1k\u00e1 v\u00e1no\u010dn\u00ed atmosf\u00e9rou k\u00a0n\u00e1kup\u016fm d\u00e1rk\u016f a k\u00a0pomoci d\u011btem - HOTELHOUSE.cz","isPartOf":{"@id":"https:\/\/hotelhouse.cz\/#website"},"datePublished":"2023-12-13T00:04:17+00:00","dateModified":"2023-12-18T00:41:32+00:00","description":"V\u00e1no\u010dn\u00ed \u010das je nejen obdob\u00edm sh\u00e1n\u011bn\u00ed d\u00e1rk\u016f pro bl\u00edzk\u00e9 a p\u0159\u00e1tele ale tak\u00e9 \u010dasem dobro\u010dinnosti. S\u00a0c\u00edlem podpo\u0159it pot\u0159ebn\u00e9 proto i Palladium, krom\u011b p\u0159\u00edjemn\u00e9 v\u00e1no\u010dn\u00ed atmosf\u00e9ry, nab\u00edz\u00ed p\u0159\u00edle\u017eitost pro pomoc d\u011btem v\u00a0nesnadn\u00fdch \u017eivotn\u00edch situac\u00edch.","breadcrumb":{"@id":"https:\/\/hotelhouse.cz\/index.php\/2023\/12\/13\/palladium-laka-vanocni-atmosferou-k-nakupum-darku-a-k-pomoci-detem\/#breadcrumb"},"inLanguage":"cs","potentialAction":[{"@type":"ReadAction","target":["https:\/\/hotelhouse.cz\/index.php\/2023\/12\/13\/palladium-laka-vanocni-atmosferou-k-nakupum-darku-a-k-pomoci-detem\/"]}]},{"@type":"BreadcrumbList","@id":"https:\/\/hotelhouse.cz\/index.php\/2023\/12\/13\/palladium-laka-vanocni-atmosferou-k-nakupum-darku-a-k-pomoci-detem\/#breadcrumb","itemListElement":[{"@type":"ListItem","position":1,"name":"Dom\u016f","item":"https:\/\/hotelhouse.cz\/"},{"@type":"ListItem","position":2,"name":"Palladium l\u00e1k\u00e1 v\u00e1no\u010dn\u00ed atmosf\u00e9rou k\u00a0n\u00e1kup\u016fm d\u00e1rk\u016f a k\u00a0pomoci d\u011btem"}]},{"@type":"WebSite","@id":"https:\/\/hotelhouse.cz\/#website","url":"https:\/\/hotelhouse.cz\/","name":"HOTELHOUSE.cz","description":"Port\u00e1l o hotelech, pensionech, spa resortech a restaurac\u00edch...","publisher":{"@id":"https:\/\/hotelhouse.cz\/#organization"},"potentialAction":[{"@type":"SearchAction","target":{"@type":"EntryPoint","urlTemplate":"https:\/\/hotelhouse.cz\/?s={search_term_string}"},"query-input":"required name=search_term_string"}],"inLanguage":"cs"},{"@type":"Organization","@id":"https:\/\/hotelhouse.cz\/#organization","name":"HOTELHOUSE.cz","url":"https:\/\/hotelhouse.cz\/","logo":{"@type":"ImageObject","inLanguage":"cs","@id":"https:\/\/hotelhouse.cz\/#\/schema\/logo\/image\/","url":"https:\/\/hotelhouse.cz\/wp-content\/uploads\/2024\/12\/cropped-Logo_HotelHouse-2.jpg","contentUrl":"https:\/\/hotelhouse.cz\/wp-content\/uploads\/2024\/12\/cropped-Logo_HotelHouse-2.jpg","width":933,"height":516,"caption":"HOTELHOUSE.cz"},"image":{"@id":"https:\/\/hotelhouse.cz\/#\/schema\/logo\/image\/"},"sameAs":["https:\/\/www.instagram.com\/hotelhousecz\/"]},{"@type":"Person","@id":"https:\/\/hotelhouse.cz\/#\/schema\/person\/04a07c8edd47cde8c2fb8cb4254655aa","name":"Jordana Pechov\u00e1","image":{"@type":"ImageObject","inLanguage":"cs","@id":"https:\/\/hotelhouse.cz\/#\/schema\/person\/image\/","url":"https:\/\/secure.gravatar.com\/avatar\/d3ad7f43789eed68b221d01c6d7ac4e5?s=96&d=mm&r=g","contentUrl":"https:\/\/secure.gravatar.com\/avatar\/d3ad7f43789eed68b221d01c6d7ac4e5?s=96&d=mm&r=g","caption":"Jordana Pechov\u00e1"},"sameAs":["http:\/\/HOTELHOUSE.cz"],"url":"https:\/\/hotelhouse.cz\/index.php\/author\/jorpech\/"}]}},"_links":{"self":[{"href":"https:\/\/hotelhouse.cz\/index.php\/wp-json\/wp\/v2\/posts\/5797"}],"collection":[{"href":"https:\/\/hotelhouse.cz\/index.php\/wp-json\/wp\/v2\/posts"}],"about":[{"href":"https:\/\/hotelhouse.cz\/index.php\/wp-json\/wp\/v2\/types\/post"}],"author":[{"embeddable":true,"href":"https:\/\/hotelhouse.cz\/index.php\/wp-json\/wp\/v2\/users\/6"}],"replies":[{"embeddable":true,"href":"https:\/\/hotelhouse.cz\/index.php\/wp-json\/wp\/v2\/comments?post=5797"}],"version-history":[{"count":1,"href":"https:\/\/hotelhouse.cz\/index.php\/wp-json\/wp\/v2\/posts\/5797\/revisions"}],"predecessor-version":[{"id":5799,"href":"https:\/\/hotelhouse.cz\/index.php\/wp-json\/wp\/v2\/posts\/5797\/revisions\/5799"}],"wp:featuredmedia":[{"embeddable":true,"href":"https:\/\/hotelhouse.cz\/index.php\/wp-json\/wp\/v2\/media\/5798"}],"wp:attachment":[{"href":"https:\/\/hotelhouse.cz\/index.php\/wp-json\/wp\/v2\/media?parent=5797"}],"wp:term":[{"taxonomy":"category","embeddable":true,"href":"https:\/\/hotelhouse.cz\/index.php\/wp-json\/wp\/v2\/categories?post=5797"},{"taxonomy":"post_tag","embeddable":true,"href":"https:\/\/hotelhouse.cz\/index.php\/wp-json\/wp\/v2\/tags?post=5797"}],"curies":[{"name":"wp","href":"https:\/\/api.w.org\/{rel}","templated":true}]}}