{"id":5808,"date":"2023-12-20T00:01:00","date_gmt":"2023-12-19T23:01:00","guid":{"rendered":"https:\/\/hotelhouse.cz\/?p=5808"},"modified":"2023-12-19T22:20:33","modified_gmt":"2023-12-19T21:20:33","slug":"vanoce-plne-pohody-v-the-emblem-hotel-prague","status":"publish","type":"post","link":"https:\/\/hotelhouse.cz\/index.php\/2023\/12\/20\/vanoce-plne-pohody-v-the-emblem-hotel-prague\/","title":{"rendered":"V\u00e1noce pln\u00e9 pohody v\u00a0The Emblem Hotel Prague"},"content":{"rendered":"\n<div style=\"height:44px\" aria-hidden=\"true\" class=\"wp-block-spacer\"><\/div>\n\n\n\n<p><strong>V\u00e1no\u010dn\u00ed obdob\u00ed n\u00e1m p\u0159in\u00e1\u0161\u00ed nejen v\u016fni sko\u0159ice a z\u00e1\u0159e v\u00e1no\u010dn\u00edch sv\u011btel, ale tak\u00e9 pot\u0159ebu nad\u011blit sv\u00fdm bl\u00edzk\u00fdm pod strome\u010dek origin\u00e1ln\u00ed d\u00e1rek. A t\u00edm se m\u016f\u017ee st\u00e1t nezapomenuteln\u00fd relax, kter\u00fd v\u00a0dne\u0161n\u00ed hektick\u00e9 dob\u011b v\u0161ichni \u017eivotn\u011b pot\u0159ebujeme. <\/strong><\/p>\n\n\n\n<div style=\"height:44px\" aria-hidden=\"true\" class=\"wp-block-spacer\"><\/div>\n\n\n\n<figure class=\"wp-block-image size-large\"><img decoding=\"async\" loading=\"lazy\" width=\"1024\" height=\"703\" src=\"https:\/\/hotelhouse.cz\/wp-content\/uploads\/2023\/12\/image00004_TTL-1024x703.jpg\" alt=\"Modelka Jordana Pechov\u00e1 lifestyle\" class=\"wp-image-5818\" srcset=\"https:\/\/hotelhouse.cz\/wp-content\/uploads\/2023\/12\/image00004_TTL-1024x703.jpg 1024w, https:\/\/hotelhouse.cz\/wp-content\/uploads\/2023\/12\/image00004_TTL-300x206.jpg 300w, https:\/\/hotelhouse.cz\/wp-content\/uploads\/2023\/12\/image00004_TTL-768x528.jpg 768w, https:\/\/hotelhouse.cz\/wp-content\/uploads\/2023\/12\/image00004_TTL.jpg 1450w\" sizes=\"(max-width: 1024px) 100vw, 1024px\" \/><\/figure>\n\n\n\n<div style=\"height:44px\" aria-hidden=\"true\" class=\"wp-block-spacer\"><\/div>\n\n\n\n<p><strong>V <a href=\"https:\/\/prazskeprikopy.cz\/index.php\/the-emblem-hotel-prague\/\">The Emblem Hotel Prague<\/a>, boutique hotelu nach\u00e1zej\u00edc\u00edm se v srdci historick\u00e9 Prahy, m\u016f\u017eete naleznout d\u00e1rek pln\u00fd harmonie a odpo\u010dinku. M\u00edstn\u00ed holistick\u00e9 l\u00e1zn\u011b nejsou pouze pro ubytovan\u00e9 hosty, ale st\u00e1vaj\u00ed se otev\u0159en\u00fdm r\u00e1jem pro ka\u017ed\u00e9ho, kdo tou\u017e\u00ed po jedine\u010dn\u00e9 relaxaci.<\/strong><\/p>\n\n\n\n<div style=\"height:49px\" aria-hidden=\"true\" class=\"wp-block-spacer\"><\/div>\n\n\n\n<figure class=\"wp-block-gallery has-nested-images columns-default is-cropped wp-block-gallery-1 is-layout-flex wp-block-gallery-is-layout-flex\">\n<figure class=\"wp-block-image size-large\"><img decoding=\"async\" data-id=\"2972\" src=\"https:\/\/prazskeprikopy.cz\/wp-content\/uploads\/2023\/12\/Emblemvanoce2-1024x1024.jpg\" alt=\"V\u00e1noce pln\u00e9 pohody v\u00a0The Emblem Hotel Prague\" class=\"wp-image-2972\"\/><\/figure>\n\n\n\n<figure class=\"wp-block-image size-large\"><img decoding=\"async\" data-id=\"2971\" src=\"https:\/\/prazskeprikopy.cz\/wp-content\/uploads\/2023\/12\/EmblemVanoce1-682x1024.jpg\" alt=\"V\u00e1noce pln\u00e9 pohody v\u00a0The Emblem Hotel Prague\" class=\"wp-image-2971\"\/><\/figure>\n<\/figure>\n\n\n\n<div style=\"height:49px\" aria-hidden=\"true\" class=\"wp-block-spacer\"><\/div>\n\n\n\n<p>The Emblem Hotel Prague v\u00e1s vt\u00e1hne do sv\u011bta v\u00e1no\u010dn\u00ed elegance a exkluzivity, spojuj\u00edc\u00ed modern\u00ed design s historick\u00fdm \u0161armem m\u011bsta. Ov\u0161em to, co zde opravdu vy\u010dn\u00edv\u00e1, jsou v\u00e1no\u010dn\u00ed l\u00e1zn\u011b M Spa. Toto \u00fato\u010di\u0161t\u011b klidu a relaxace nab\u00edz\u00ed rozmanit\u00e9 procedury od tradi\u010dn\u00edch v\u00e1no\u010dn\u00edch mas\u00e1\u017e\u00ed po modern\u00ed o\u0161et\u0159en\u00ed cel\u00e9ho t\u011bla.<\/p>\n\n\n\n<div style=\"height:49px\" aria-hidden=\"true\" class=\"wp-block-spacer\"><\/div>\n\n\n<div class=\"wp-block-image\">\n<figure class=\"aligncenter size-large\"><img decoding=\"async\" src=\"https:\/\/prazskeprikopy.cz\/wp-content\/uploads\/2023\/12\/IMG_3392-1-1024x685.jpg\" alt=\"V\u00e1noce pln\u00e9 pohody v\u00a0The Emblem Hotel Prague\" class=\"wp-image-2969\"\/><\/figure><\/div>\n\n\n<div style=\"height:49px\" aria-hidden=\"true\" class=\"wp-block-spacer\"><\/div>\n\n\n\n<p>M Spa, zasazen\u00e9 v nejvy\u0161\u0161\u00edm pat\u0159e hotelu Emblem, je m\u00edstem, kde se v\u00e1no\u010dn\u00ed pohoda st\u00e1v\u00e1 skute\u010dnost\u00ed. Otev\u0159en\u00e9 24 hodin denn\u011b, modern\u00ed wellness centrum je vybaveno finskou saunou, p\u00e1rou a Kneippov\u00fdm chodn\u00edkem. Dokonal\u00fd odpo\u010dinek kon\u010d\u00ed v poklidn\u00e9 relaxa\u010dn\u00ed m\u00edstnosti nebo p\u0159\u00edmo na st\u0159e\u0161n\u00ed terase s&nbsp;v\u00ed\u0159ivkou, kde se n\u00e1v\u0161t\u011bvn\u00edk\u016fm otev\u00edr\u00e1 impozantn\u00ed v\u00fdhled na starou Prahu, kter\u00e1 je obzvl\u00e1\u0161\u0165 v&nbsp;zim\u011b magick\u00e1.<\/p>\n\n\n\n<div style=\"height:49px\" aria-hidden=\"true\" class=\"wp-block-spacer\"><\/div>\n\n\n<div class=\"wp-block-image\">\n<figure class=\"aligncenter size-large\"><img decoding=\"async\" src=\"https:\/\/prazskeprikopy.cz\/wp-content\/uploads\/2023\/12\/Rooftop-Alex-Timpow-1-1024x683.jpg\" alt=\"V\u00e1noce pln\u00e9 pohody v\u00a0The Emblem Hotel Prague\" class=\"wp-image-2970\"\/><\/figure><\/div>\n\n\n<div style=\"height:49px\" aria-hidden=\"true\" class=\"wp-block-spacer\"><\/div>\n\n\n\n<p>U\u017eijte si radost obdarov\u00e1v\u00e1n\u00ed t\u00edm, \u017ee letos pod strome\u010dek nad\u011bl\u00edte nejen pravou v\u00e1no\u010dn\u00ed atmosf\u00e9ru, ale i krystalick\u00fd okam\u017eik relaxace. Voucher do M Spa v The Emblem Hotel Prague m\u016f\u017ee b\u00fdt kouzelnou vstupenkou do sv\u011bta nekone\u010dn\u00e9 relaxace, ale tak\u00e9 mo\u017enost\u00ed vybrat si l\u00e1ze\u0148sk\u00e9 o\u0161et\u0159en\u00ed dle vlastn\u00edho a za\u017e\u00edt tak jedine\u010dn\u00fd okam\u017eik v\u00e1no\u010dn\u00ed pohody. Darujte nejen z\u00e1\u017eitek, ale tak\u00e9 mo\u017enost volby, d\u00edky \u010demu\u017e bude v\u00e1\u0161 d\u00e1rek skute\u010dn\u011b osobn\u00edm v\u00fdrazem p\u00e9\u010de a l\u00e1sky.<\/p>\n\n\n\n<div style=\"height:40px\" aria-hidden=\"true\" class=\"wp-block-spacer\"><\/div>\n\n\n<div class=\"wp-block-image\">\n<figure class=\"alignleft is-resized\"><img decoding=\"async\" loading=\"lazy\" src=\"https:\/\/hotelhouse.cz\/wp-content\/uploads\/2023\/08\/image.png\" alt=\"\" class=\"wp-image-5342\" style=\"width:265px;height:265px\" width=\"265\" height=\"265\" srcset=\"https:\/\/hotelhouse.cz\/wp-content\/uploads\/2023\/08\/image.png 635w, https:\/\/hotelhouse.cz\/wp-content\/uploads\/2023\/08\/image-150x150.png 150w, https:\/\/hotelhouse.cz\/wp-content\/uploads\/2023\/08\/image-300x300.png 300w, https:\/\/hotelhouse.cz\/wp-content\/uploads\/2023\/08\/image-80x80.png 80w, https:\/\/hotelhouse.cz\/wp-content\/uploads\/2023\/08\/image-320x320.png 320w\" sizes=\"(max-width: 265px) 100vw, 265px\" \/><\/figure><\/div>\n\n\n<h2 class=\"wp-block-heading\"><strong>THE EMBLEM HOTEL<\/strong><\/h2>\n\n\n\n<h4 class=\"wp-block-heading\">Platn\u00e9\u0159sk\u00e1 111\/19, Praha 1<\/h4>\n\n\n\n<h4 class=\"wp-block-heading\">Tel.: +420 226 202 500&nbsp;<\/h4>\n\n\n\n<h4 class=\"wp-block-heading\"><a href=\"mailto:emblem@emblemprague.com\">emblem@emblemprague.com<\/a><\/h4>\n\n\n\n<h4 class=\"wp-block-heading\"><a href=\"https:\/\/www.facebook.com\/PalladiumPraha.cz\">Facebook<\/a>&nbsp; &nbsp;| &nbsp;<a href=\"https:\/\/www.instagram.com\/theemblempraguehotel\/\">Instagram<\/a> |&nbsp;<a href=\"https:\/\/www.linkedin.com\/company\/the-emblem-hotel\/\">LinkedIn<\/a>&nbsp;|&nbsp;<a href=\"https:\/\/www.tripadvisor.com\/Hotel_Review-g274707-d4367787-Reviews-The_Emblem_Prague_Hotel-Prague_Bohemia.html\">Tripadvisor<\/a>&nbsp;|<\/h4>\n\n\n\n<h4 class=\"wp-block-heading\"><a href=\"http:\/\/www.emblemprague.com\/\">www.emblemprague.com<\/a><\/h4>\n\n\n\n<div style=\"height:111px\" aria-hidden=\"true\" class=\"wp-block-spacer\"><\/div>\n\n\n\n<figure class=\"wp-block-gallery has-nested-images columns-2 is-cropped wp-block-gallery-3 is-layout-flex wp-block-gallery-is-layout-flex\">\n<figure class=\"wp-block-image size-large\"><img decoding=\"async\" data-id=\"2972\" src=\"https:\/\/prazskeprikopy.cz\/wp-content\/uploads\/2023\/12\/Emblemvanoce2-1024x1024.jpg\" alt=\"V\u00e1noce pln\u00e9 pohody v\u00a0The Emblem Hotel Prague\" class=\"wp-image-2972\"\/><\/figure>\n\n\n\n<figure class=\"wp-block-image size-large\"><img decoding=\"async\" data-id=\"2971\" src=\"https:\/\/prazskeprikopy.cz\/wp-content\/uploads\/2023\/12\/EmblemVanoce1-682x1024.jpg\" alt=\"V\u00e1noce pln\u00e9 pohody v\u00a0The Emblem Hotel Prague\" class=\"wp-image-2971\"\/><\/figure>\n\n\n\n<figure class=\"wp-block-image size-large\"><img decoding=\"async\" loading=\"lazy\" width=\"1024\" height=\"1024\" data-id=\"5817\" src=\"https:\/\/hotelhouse.cz\/wp-content\/uploads\/2023\/12\/image00001-1024x1024.jpeg\" alt=\"Modelka Jordana Pechov\u00e1 lifestyle\" class=\"wp-image-5817\" srcset=\"https:\/\/hotelhouse.cz\/wp-content\/uploads\/2023\/12\/image00001-1024x1024.jpeg 1024w, https:\/\/hotelhouse.cz\/wp-content\/uploads\/2023\/12\/image00001-300x300.jpeg 300w, https:\/\/hotelhouse.cz\/wp-content\/uploads\/2023\/12\/image00001-150x150.jpeg 150w, https:\/\/hotelhouse.cz\/wp-content\/uploads\/2023\/12\/image00001-768x768.jpeg 768w, https:\/\/hotelhouse.cz\/wp-content\/uploads\/2023\/12\/image00001-80x80.jpeg 80w, https:\/\/hotelhouse.cz\/wp-content\/uploads\/2023\/12\/image00001-320x320.jpeg 320w, https:\/\/hotelhouse.cz\/wp-content\/uploads\/2023\/12\/image00001.jpeg 1450w\" sizes=\"(max-width: 1024px) 100vw, 1024px\" \/><\/figure>\n\n\n\n<figure class=\"wp-block-image size-large\"><img decoding=\"async\" loading=\"lazy\" width=\"1024\" height=\"703\" data-id=\"5818\" src=\"https:\/\/hotelhouse.cz\/wp-content\/uploads\/2023\/12\/image00004_TTL-1024x703.jpg\" alt=\"Modelka Jordana Pechov\u00e1 lifestyle\" class=\"wp-image-5818\" srcset=\"https:\/\/hotelhouse.cz\/wp-content\/uploads\/2023\/12\/image00004_TTL-1024x703.jpg 1024w, https:\/\/hotelhouse.cz\/wp-content\/uploads\/2023\/12\/image00004_TTL-300x206.jpg 300w, https:\/\/hotelhouse.cz\/wp-content\/uploads\/2023\/12\/image00004_TTL-768x528.jpg 768w, https:\/\/hotelhouse.cz\/wp-content\/uploads\/2023\/12\/image00004_TTL.jpg 1450w\" sizes=\"(max-width: 1024px) 100vw, 1024px\" \/><\/figure>\n\n\n\n<figure class=\"wp-block-image size-large\"><img decoding=\"async\" data-id=\"2969\" src=\"https:\/\/prazskeprikopy.cz\/wp-content\/uploads\/2023\/12\/IMG_3392-1-1024x685.jpg\" alt=\"V\u00e1noce pln\u00e9 pohody v\u00a0The Emblem Hotel Prague\" class=\"wp-image-2969\"\/><\/figure>\n\n\n\n<figure class=\"wp-block-image size-large\"><img decoding=\"async\" data-id=\"2970\" src=\"https:\/\/prazskeprikopy.cz\/wp-content\/uploads\/2023\/12\/Rooftop-Alex-Timpow-1-1024x683.jpg\" alt=\"V\u00e1noce pln\u00e9 pohody v\u00a0The Emblem Hotel Prague\" class=\"wp-image-2970\"\/><\/figure>\n\n\n\n<figure class=\"wp-block-image size-large\"><img decoding=\"async\" data-id=\"1235\" src=\"https:\/\/prazskeprikopy.cz\/wp-content\/uploads\/2023\/11\/Front-Entrance-1024x683.jpg\" alt=\"V\u00e1noce pln\u00e9 pohody v\u00a0The Emblem Hotel Prague\" class=\"wp-image-1235\"\/><\/figure>\n<\/figure>\n\n\n\n<div style=\"height:35px\" aria-hidden=\"true\" class=\"wp-block-spacer\"><\/div>\n\n\n\n<p><strong>Zdroj foto:<\/strong> The Emblem Hotel Prague<\/p>\n\n\n\n<div style=\"height:100px\" aria-hidden=\"true\" class=\"wp-block-spacer\"><\/div>\n\n\n\n<p><\/p>\n","protected":false},"excerpt":{"rendered":"<p>V\u00e1no\u010dn\u00ed obdob\u00ed n\u00e1m p\u0159in\u00e1\u0161\u00ed nejen v\u016fni sko\u0159ice a z\u00e1\u0159e v\u00e1no\u010dn\u00edch sv\u011btel, ale tak\u00e9 pot\u0159ebu nad\u011blit sv\u00fdm bl\u00edzk\u00fdm pod strome\u010dek origin\u00e1ln\u00ed d\u00e1rek. A t\u00edm se m\u016f\u017ee st\u00e1t nezapomenuteln\u00fd relax, kter\u00fd v\u00a0dne\u0161n\u00ed hektick\u00e9 dob\u011b v\u0161ichni \u017eivotn\u011b&#46;&#46;&#46;<\/p>\n","protected":false},"author":3,"featured_media":5818,"comment_status":"closed","ping_status":"closed","sticky":false,"template":"","format":"standard","meta":{"_monsterinsights_skip_tracking":false,"_monsterinsights_sitenote_active":false,"_monsterinsights_sitenote_note":"","_monsterinsights_sitenote_category":0,"footnotes":""},"categories":[4,9,26,22,2],"tags":[],"yoast_head":"<!-- This site is optimized with the Yoast SEO plugin v21.5 - https:\/\/yoast.com\/wordpress\/plugins\/seo\/ -->\n<title>V\u00e1noce pln\u00e9 pohody v\u00a0The Emblem Hotel Prague - HOTELHOUSE.cz<\/title>\n<meta name=\"description\" content=\"V\u00e1no\u010dn\u00ed obdob\u00ed n\u00e1m p\u0159in\u00e1\u0161\u00ed nejen v\u016fni sko\u0159ice a z\u00e1\u0159e v\u00e1no\u010dn\u00edch sv\u011btel, ale tak\u00e9 pot\u0159ebu nad\u011blit sv\u00fdm bl\u00edzk\u00fdm pod strome\u010dek origin\u00e1ln\u00ed d\u00e1rek. A t\u00edm se m\u016f\u017ee st\u00e1t nezapomenuteln\u00fd relax, kter\u00fd v\u00a0dne\u0161n\u00ed hektick\u00e9 dob\u011b v\u0161ichni \u017eivotn\u011b pot\u0159ebujeme.\" \/>\n<meta name=\"robots\" content=\"index, follow, max-snippet:-1, max-image-preview:large, max-video-preview:-1\" \/>\n<link rel=\"canonical\" href=\"https:\/\/hotelhouse.cz\/index.php\/2023\/12\/20\/vanoce-plne-pohody-v-the-emblem-hotel-prague\/\" \/>\n<meta property=\"og:locale\" content=\"cs_CZ\" \/>\n<meta property=\"og:type\" content=\"article\" \/>\n<meta property=\"og:title\" content=\"V\u00e1noce pln\u00e9 pohody v\u00a0The Emblem Hotel Prague - HOTELHOUSE.cz\" \/>\n<meta property=\"og:description\" content=\"V\u00e1no\u010dn\u00ed obdob\u00ed n\u00e1m p\u0159in\u00e1\u0161\u00ed nejen v\u016fni sko\u0159ice a z\u00e1\u0159e v\u00e1no\u010dn\u00edch sv\u011btel, ale tak\u00e9 pot\u0159ebu nad\u011blit sv\u00fdm bl\u00edzk\u00fdm pod strome\u010dek origin\u00e1ln\u00ed d\u00e1rek. A t\u00edm se m\u016f\u017ee st\u00e1t nezapomenuteln\u00fd relax, kter\u00fd v\u00a0dne\u0161n\u00ed hektick\u00e9 dob\u011b v\u0161ichni \u017eivotn\u011b pot\u0159ebujeme.\" \/>\n<meta property=\"og:url\" content=\"https:\/\/hotelhouse.cz\/index.php\/2023\/12\/20\/vanoce-plne-pohody-v-the-emblem-hotel-prague\/\" \/>\n<meta property=\"og:site_name\" content=\"HOTELHOUSE.cz\" \/>\n<meta property=\"article:published_time\" content=\"2023-12-19T23:01:00+00:00\" \/>\n<meta property=\"article:modified_time\" content=\"2023-12-19T21:20:33+00:00\" \/>\n<meta property=\"og:image\" content=\"https:\/\/hotelhouse.cz\/wp-content\/uploads\/2023\/12\/image00004_TTL.jpg\" \/>\n\t<meta property=\"og:image:width\" content=\"1450\" \/>\n\t<meta property=\"og:image:height\" content=\"996\" \/>\n\t<meta property=\"og:image:type\" content=\"image\/jpeg\" \/>\n<meta name=\"author\" content=\"Van\u011bk Miroslav\" \/>\n<meta name=\"twitter:card\" content=\"summary_large_image\" \/>\n<meta name=\"twitter:label1\" content=\"Napsal(a)\" \/>\n\t<meta name=\"twitter:data1\" content=\"Van\u011bk Miroslav\" \/>\n\t<meta name=\"twitter:label2\" content=\"Odhadovan\u00e1 doba \u010dten\u00ed\" \/>\n\t<meta name=\"twitter:data2\" content=\"5 minut\" \/>\n<script type=\"application\/ld+json\" class=\"yoast-schema-graph\">{\"@context\":\"https:\/\/schema.org\",\"@graph\":[{\"@type\":\"Article\",\"@id\":\"https:\/\/hotelhouse.cz\/index.php\/2023\/12\/20\/vanoce-plne-pohody-v-the-emblem-hotel-prague\/#article\",\"isPartOf\":{\"@id\":\"https:\/\/hotelhouse.cz\/index.php\/2023\/12\/20\/vanoce-plne-pohody-v-the-emblem-hotel-prague\/\"},\"author\":{\"name\":\"Van\u011bk Miroslav\",\"@id\":\"https:\/\/hotelhouse.cz\/#\/schema\/person\/fa8caee3f0a9c6134afed3c541204812\"},\"headline\":\"V\u00e1noce pln\u00e9 pohody v\u00a0The Emblem Hotel Prague\",\"datePublished\":\"2023-12-19T23:01:00+00:00\",\"dateModified\":\"2023-12-19T21:20:33+00:00\",\"mainEntityOfPage\":{\"@id\":\"https:\/\/hotelhouse.cz\/index.php\/2023\/12\/20\/vanoce-plne-pohody-v-the-emblem-hotel-prague\/\"},\"wordCount\":420,\"publisher\":{\"@id\":\"https:\/\/hotelhouse.cz\/#organization\"},\"articleSection\":[\"HOTELY &amp; PENZIONY\",\"LOBY &amp; BARY &amp; ALKOHOL\",\"N\u00e1dhern\u00e1M\u00edsta.cz\",\"NaDovolenouDoPrahy.cz\",\"NEWS\"],\"inLanguage\":\"cs\"},{\"@type\":\"WebPage\",\"@id\":\"https:\/\/hotelhouse.cz\/index.php\/2023\/12\/20\/vanoce-plne-pohody-v-the-emblem-hotel-prague\/\",\"url\":\"https:\/\/hotelhouse.cz\/index.php\/2023\/12\/20\/vanoce-plne-pohody-v-the-emblem-hotel-prague\/\",\"name\":\"V\u00e1noce pln\u00e9 pohody v\u00a0The Emblem Hotel Prague - HOTELHOUSE.cz\",\"isPartOf\":{\"@id\":\"https:\/\/hotelhouse.cz\/#website\"},\"datePublished\":\"2023-12-19T23:01:00+00:00\",\"dateModified\":\"2023-12-19T21:20:33+00:00\",\"description\":\"V\u00e1no\u010dn\u00ed obdob\u00ed n\u00e1m p\u0159in\u00e1\u0161\u00ed nejen v\u016fni sko\u0159ice a z\u00e1\u0159e v\u00e1no\u010dn\u00edch sv\u011btel, ale tak\u00e9 pot\u0159ebu nad\u011blit sv\u00fdm bl\u00edzk\u00fdm pod strome\u010dek origin\u00e1ln\u00ed d\u00e1rek. A t\u00edm se m\u016f\u017ee st\u00e1t nezapomenuteln\u00fd relax, kter\u00fd v\u00a0dne\u0161n\u00ed hektick\u00e9 dob\u011b v\u0161ichni \u017eivotn\u011b pot\u0159ebujeme.\",\"breadcrumb\":{\"@id\":\"https:\/\/hotelhouse.cz\/index.php\/2023\/12\/20\/vanoce-plne-pohody-v-the-emblem-hotel-prague\/#breadcrumb\"},\"inLanguage\":\"cs\",\"potentialAction\":[{\"@type\":\"ReadAction\",\"target\":[\"https:\/\/hotelhouse.cz\/index.php\/2023\/12\/20\/vanoce-plne-pohody-v-the-emblem-hotel-prague\/\"]}]},{\"@type\":\"BreadcrumbList\",\"@id\":\"https:\/\/hotelhouse.cz\/index.php\/2023\/12\/20\/vanoce-plne-pohody-v-the-emblem-hotel-prague\/#breadcrumb\",\"itemListElement\":[{\"@type\":\"ListItem\",\"position\":1,\"name\":\"Dom\u016f\",\"item\":\"https:\/\/hotelhouse.cz\/\"},{\"@type\":\"ListItem\",\"position\":2,\"name\":\"V\u00e1noce pln\u00e9 pohody v\u00a0The Emblem Hotel Prague\"}]},{\"@type\":\"WebSite\",\"@id\":\"https:\/\/hotelhouse.cz\/#website\",\"url\":\"https:\/\/hotelhouse.cz\/\",\"name\":\"HOTELHOUSE.cz\",\"description\":\"Port\u00e1l o hotelech, pensionech, spa resortech a restaurac\u00edch...\",\"publisher\":{\"@id\":\"https:\/\/hotelhouse.cz\/#organization\"},\"potentialAction\":[{\"@type\":\"SearchAction\",\"target\":{\"@type\":\"EntryPoint\",\"urlTemplate\":\"https:\/\/hotelhouse.cz\/?s={search_term_string}\"},\"query-input\":\"required name=search_term_string\"}],\"inLanguage\":\"cs\"},{\"@type\":\"Organization\",\"@id\":\"https:\/\/hotelhouse.cz\/#organization\",\"name\":\"HOTELHOUSE.cz\",\"url\":\"https:\/\/hotelhouse.cz\/\",\"logo\":{\"@type\":\"ImageObject\",\"inLanguage\":\"cs\",\"@id\":\"https:\/\/hotelhouse.cz\/#\/schema\/logo\/image\/\",\"url\":\"https:\/\/hotelhouse.cz\/wp-content\/uploads\/2024\/12\/cropped-Logo_HotelHouse-2.jpg\",\"contentUrl\":\"https:\/\/hotelhouse.cz\/wp-content\/uploads\/2024\/12\/cropped-Logo_HotelHouse-2.jpg\",\"width\":933,\"height\":516,\"caption\":\"HOTELHOUSE.cz\"},\"image\":{\"@id\":\"https:\/\/hotelhouse.cz\/#\/schema\/logo\/image\/\"},\"sameAs\":[\"https:\/\/www.instagram.com\/hotelhousecz\/\"]},{\"@type\":\"Person\",\"@id\":\"https:\/\/hotelhouse.cz\/#\/schema\/person\/fa8caee3f0a9c6134afed3c541204812\",\"name\":\"Van\u011bk Miroslav\",\"image\":{\"@type\":\"ImageObject\",\"inLanguage\":\"cs\",\"@id\":\"https:\/\/hotelhouse.cz\/#\/schema\/person\/image\/\",\"url\":\"https:\/\/secure.gravatar.com\/avatar\/cc93dbecbfc820d69a964ea4a1c72377?s=96&d=mm&r=g\",\"contentUrl\":\"https:\/\/secure.gravatar.com\/avatar\/cc93dbecbfc820d69a964ea4a1c72377?s=96&d=mm&r=g\",\"caption\":\"Van\u011bk Miroslav\"},\"sameAs\":[\"http:\/\/www.hotelhouse.cz\"],\"url\":\"https:\/\/hotelhouse.cz\/index.php\/author\/mirvan\/\"}]}<\/script>\n<!-- \/ Yoast SEO plugin. -->","yoast_head_json":{"title":"V\u00e1noce pln\u00e9 pohody v\u00a0The Emblem Hotel Prague - HOTELHOUSE.cz","description":"V\u00e1no\u010dn\u00ed obdob\u00ed n\u00e1m p\u0159in\u00e1\u0161\u00ed nejen v\u016fni sko\u0159ice a z\u00e1\u0159e v\u00e1no\u010dn\u00edch sv\u011btel, ale tak\u00e9 pot\u0159ebu nad\u011blit sv\u00fdm bl\u00edzk\u00fdm pod strome\u010dek origin\u00e1ln\u00ed d\u00e1rek. A t\u00edm se m\u016f\u017ee st\u00e1t nezapomenuteln\u00fd relax, kter\u00fd v\u00a0dne\u0161n\u00ed hektick\u00e9 dob\u011b v\u0161ichni \u017eivotn\u011b pot\u0159ebujeme.","robots":{"index":"index","follow":"follow","max-snippet":"max-snippet:-1","max-image-preview":"max-image-preview:large","max-video-preview":"max-video-preview:-1"},"canonical":"https:\/\/hotelhouse.cz\/index.php\/2023\/12\/20\/vanoce-plne-pohody-v-the-emblem-hotel-prague\/","og_locale":"cs_CZ","og_type":"article","og_title":"V\u00e1noce pln\u00e9 pohody v\u00a0The Emblem Hotel Prague - HOTELHOUSE.cz","og_description":"V\u00e1no\u010dn\u00ed obdob\u00ed n\u00e1m p\u0159in\u00e1\u0161\u00ed nejen v\u016fni sko\u0159ice a z\u00e1\u0159e v\u00e1no\u010dn\u00edch sv\u011btel, ale tak\u00e9 pot\u0159ebu nad\u011blit sv\u00fdm bl\u00edzk\u00fdm pod strome\u010dek origin\u00e1ln\u00ed d\u00e1rek. A t\u00edm se m\u016f\u017ee st\u00e1t nezapomenuteln\u00fd relax, kter\u00fd v\u00a0dne\u0161n\u00ed hektick\u00e9 dob\u011b v\u0161ichni \u017eivotn\u011b pot\u0159ebujeme.","og_url":"https:\/\/hotelhouse.cz\/index.php\/2023\/12\/20\/vanoce-plne-pohody-v-the-emblem-hotel-prague\/","og_site_name":"HOTELHOUSE.cz","article_published_time":"2023-12-19T23:01:00+00:00","article_modified_time":"2023-12-19T21:20:33+00:00","og_image":[{"width":1450,"height":996,"url":"https:\/\/hotelhouse.cz\/wp-content\/uploads\/2023\/12\/image00004_TTL.jpg","type":"image\/jpeg"}],"author":"Van\u011bk Miroslav","twitter_card":"summary_large_image","twitter_misc":{"Napsal(a)":"Van\u011bk Miroslav","Odhadovan\u00e1 doba \u010dten\u00ed":"5 minut"},"schema":{"@context":"https:\/\/schema.org","@graph":[{"@type":"Article","@id":"https:\/\/hotelhouse.cz\/index.php\/2023\/12\/20\/vanoce-plne-pohody-v-the-emblem-hotel-prague\/#article","isPartOf":{"@id":"https:\/\/hotelhouse.cz\/index.php\/2023\/12\/20\/vanoce-plne-pohody-v-the-emblem-hotel-prague\/"},"author":{"name":"Van\u011bk Miroslav","@id":"https:\/\/hotelhouse.cz\/#\/schema\/person\/fa8caee3f0a9c6134afed3c541204812"},"headline":"V\u00e1noce pln\u00e9 pohody v\u00a0The Emblem Hotel Prague","datePublished":"2023-12-19T23:01:00+00:00","dateModified":"2023-12-19T21:20:33+00:00","mainEntityOfPage":{"@id":"https:\/\/hotelhouse.cz\/index.php\/2023\/12\/20\/vanoce-plne-pohody-v-the-emblem-hotel-prague\/"},"wordCount":420,"publisher":{"@id":"https:\/\/hotelhouse.cz\/#organization"},"articleSection":["HOTELY &amp; PENZIONY","LOBY &amp; BARY &amp; ALKOHOL","N\u00e1dhern\u00e1M\u00edsta.cz","NaDovolenouDoPrahy.cz","NEWS"],"inLanguage":"cs"},{"@type":"WebPage","@id":"https:\/\/hotelhouse.cz\/index.php\/2023\/12\/20\/vanoce-plne-pohody-v-the-emblem-hotel-prague\/","url":"https:\/\/hotelhouse.cz\/index.php\/2023\/12\/20\/vanoce-plne-pohody-v-the-emblem-hotel-prague\/","name":"V\u00e1noce pln\u00e9 pohody v\u00a0The Emblem Hotel Prague - HOTELHOUSE.cz","isPartOf":{"@id":"https:\/\/hotelhouse.cz\/#website"},"datePublished":"2023-12-19T23:01:00+00:00","dateModified":"2023-12-19T21:20:33+00:00","description":"V\u00e1no\u010dn\u00ed obdob\u00ed n\u00e1m p\u0159in\u00e1\u0161\u00ed nejen v\u016fni sko\u0159ice a z\u00e1\u0159e v\u00e1no\u010dn\u00edch sv\u011btel, ale tak\u00e9 pot\u0159ebu nad\u011blit sv\u00fdm bl\u00edzk\u00fdm pod strome\u010dek origin\u00e1ln\u00ed d\u00e1rek. A t\u00edm se m\u016f\u017ee st\u00e1t nezapomenuteln\u00fd relax, kter\u00fd v\u00a0dne\u0161n\u00ed hektick\u00e9 dob\u011b v\u0161ichni \u017eivotn\u011b pot\u0159ebujeme.","breadcrumb":{"@id":"https:\/\/hotelhouse.cz\/index.php\/2023\/12\/20\/vanoce-plne-pohody-v-the-emblem-hotel-prague\/#breadcrumb"},"inLanguage":"cs","potentialAction":[{"@type":"ReadAction","target":["https:\/\/hotelhouse.cz\/index.php\/2023\/12\/20\/vanoce-plne-pohody-v-the-emblem-hotel-prague\/"]}]},{"@type":"BreadcrumbList","@id":"https:\/\/hotelhouse.cz\/index.php\/2023\/12\/20\/vanoce-plne-pohody-v-the-emblem-hotel-prague\/#breadcrumb","itemListElement":[{"@type":"ListItem","position":1,"name":"Dom\u016f","item":"https:\/\/hotelhouse.cz\/"},{"@type":"ListItem","position":2,"name":"V\u00e1noce pln\u00e9 pohody v\u00a0The Emblem Hotel Prague"}]},{"@type":"WebSite","@id":"https:\/\/hotelhouse.cz\/#website","url":"https:\/\/hotelhouse.cz\/","name":"HOTELHOUSE.cz","description":"Port\u00e1l o hotelech, pensionech, spa resortech a restaurac\u00edch...","publisher":{"@id":"https:\/\/hotelhouse.cz\/#organization"},"potentialAction":[{"@type":"SearchAction","target":{"@type":"EntryPoint","urlTemplate":"https:\/\/hotelhouse.cz\/?s={search_term_string}"},"query-input":"required name=search_term_string"}],"inLanguage":"cs"},{"@type":"Organization","@id":"https:\/\/hotelhouse.cz\/#organization","name":"HOTELHOUSE.cz","url":"https:\/\/hotelhouse.cz\/","logo":{"@type":"ImageObject","inLanguage":"cs","@id":"https:\/\/hotelhouse.cz\/#\/schema\/logo\/image\/","url":"https:\/\/hotelhouse.cz\/wp-content\/uploads\/2024\/12\/cropped-Logo_HotelHouse-2.jpg","contentUrl":"https:\/\/hotelhouse.cz\/wp-content\/uploads\/2024\/12\/cropped-Logo_HotelHouse-2.jpg","width":933,"height":516,"caption":"HOTELHOUSE.cz"},"image":{"@id":"https:\/\/hotelhouse.cz\/#\/schema\/logo\/image\/"},"sameAs":["https:\/\/www.instagram.com\/hotelhousecz\/"]},{"@type":"Person","@id":"https:\/\/hotelhouse.cz\/#\/schema\/person\/fa8caee3f0a9c6134afed3c541204812","name":"Van\u011bk Miroslav","image":{"@type":"ImageObject","inLanguage":"cs","@id":"https:\/\/hotelhouse.cz\/#\/schema\/person\/image\/","url":"https:\/\/secure.gravatar.com\/avatar\/cc93dbecbfc820d69a964ea4a1c72377?s=96&d=mm&r=g","contentUrl":"https:\/\/secure.gravatar.com\/avatar\/cc93dbecbfc820d69a964ea4a1c72377?s=96&d=mm&r=g","caption":"Van\u011bk Miroslav"},"sameAs":["http:\/\/www.hotelhouse.cz"],"url":"https:\/\/hotelhouse.cz\/index.php\/author\/mirvan\/"}]}},"_links":{"self":[{"href":"https:\/\/hotelhouse.cz\/index.php\/wp-json\/wp\/v2\/posts\/5808"}],"collection":[{"href":"https:\/\/hotelhouse.cz\/index.php\/wp-json\/wp\/v2\/posts"}],"about":[{"href":"https:\/\/hotelhouse.cz\/index.php\/wp-json\/wp\/v2\/types\/post"}],"author":[{"embeddable":true,"href":"https:\/\/hotelhouse.cz\/index.php\/wp-json\/wp\/v2\/users\/3"}],"replies":[{"embeddable":true,"href":"https:\/\/hotelhouse.cz\/index.php\/wp-json\/wp\/v2\/comments?post=5808"}],"version-history":[{"count":2,"href":"https:\/\/hotelhouse.cz\/index.php\/wp-json\/wp\/v2\/posts\/5808\/revisions"}],"predecessor-version":[{"id":5819,"href":"https:\/\/hotelhouse.cz\/index.php\/wp-json\/wp\/v2\/posts\/5808\/revisions\/5819"}],"wp:featuredmedia":[{"embeddable":true,"href":"https:\/\/hotelhouse.cz\/index.php\/wp-json\/wp\/v2\/media\/5818"}],"wp:attachment":[{"href":"https:\/\/hotelhouse.cz\/index.php\/wp-json\/wp\/v2\/media?parent=5808"}],"wp:term":[{"taxonomy":"category","embeddable":true,"href":"https:\/\/hotelhouse.cz\/index.php\/wp-json\/wp\/v2\/categories?post=5808"},{"taxonomy":"post_tag","embeddable":true,"href":"https:\/\/hotelhouse.cz\/index.php\/wp-json\/wp\/v2\/tags?post=5808"}],"curies":[{"name":"wp","href":"https:\/\/api.w.org\/{rel}","templated":true}]}}