{"id":5897,"date":"2024-01-21T00:20:33","date_gmt":"2024-01-20T23:20:33","guid":{"rendered":"https:\/\/hotelhouse.cz\/?p=5897"},"modified":"2024-01-21T00:20:35","modified_gmt":"2024-01-20T23:20:35","slug":"parizsky-fashion-week-je-tady-znacka-ds-automobiles-je-opet-partnerem","status":"publish","type":"post","link":"https:\/\/hotelhouse.cz\/index.php\/2024\/01\/21\/parizsky-fashion-week-je-tady-znacka-ds-automobiles-je-opet-partnerem\/","title":{"rendered":"Pa\u0159\u00ed\u017esk\u00fd Fashion Week je tady! Zna\u010dka DS Automobiles je op\u011bt partnerem"},"content":{"rendered":"\n<div style=\"height:48px\" aria-hidden=\"true\" class=\"wp-block-spacer\"><\/div>\n\n\n\n<p><strong>Spole\u010dnost DS Automobiles p\u0159ich\u00e1z\u00ed s exkluzivn\u00ed flotilou model\u016f DS 7 E-TENSE a DS 9 E-TENSE s ozna\u010den\u00edm Paris Fashion Week\u00ae, kter\u00e9 budou vozit novin\u00e1\u0159e, influencery a tv\u016frce ulicemi Pa\u0159\u00ed\u017ee, aby si u\u017eili stylovou j\u00edzdu s nulov\u00fdmi emisemi ve vozech vybaven\u00fdch syst\u00e9mem ChatGPT, kter\u00fd je sou\u010d\u00e1st\u00ed DS IRIS SYSTEM. Modely DS 7 a DS 9 vybaven\u00e9 plug-in hybridn\u00edmi motory E-TENSE zt\u011bles\u0148uj\u00ed dokonalou kombinaci francouzsk\u00e9ho luxusu a technologick\u00fdch inovac\u00ed.<\/strong><\/p>\n\n\n\n<div style=\"height:49px\" aria-hidden=\"true\" class=\"wp-block-spacer\"><\/div>\n\n\n<div class=\"wp-block-image\">\n<figure class=\"aligncenter size-large\"><img decoding=\"async\" src=\"https:\/\/womenhouse.cz\/wp-content\/uploads\/2024\/01\/ds7pfw-1024x769.jpg\" alt=\"Pa\u0159\u00ed\u017esk\u00fd Fashion Week je tady! Zna\u010dka DS Automobiles je op\u011bt partnerem\" class=\"wp-image-12365\"\/><\/figure><\/div>\n\n\n<div style=\"height:49px\" aria-hidden=\"true\" class=\"wp-block-spacer\"><\/div>\n\n\n\n<p><strong>Program pa\u0159\u00ed\u017esk\u00e9ho t\u00fddne m\u00f3dy za\u010d\u00edn\u00e1 v \u00fater\u00fd 16. ledna \u0161esti dny v\u011bnovan\u00fdmi p\u00e1nsk\u00e9 konfek\u010dn\u00ed m\u00f3d\u011b pro sez\u00f3nu podzim\/zima 2024\u20132025, od pond\u011bl\u00ed 22. do \u010dtvrtka 25. ledna bude n\u00e1sledovat m\u00f3da Haute Couture na obdob\u00ed jaro\/l\u00e9to. D\u00e1msk\u00e1 m\u00f3da pro sez\u00f3nu podzim\/zima 2024\u20132025 bude k vid\u011bn\u00ed od pond\u011bl\u00ed 26. \u00fanora do \u00fater\u00fd 5. b\u0159ezna.<\/strong><\/p>\n\n\n\n<div style=\"height:49px\" aria-hidden=\"true\" class=\"wp-block-spacer\"><\/div>\n\n\n<div class=\"wp-block-image\">\n<figure class=\"aligncenter size-large\"><img decoding=\"async\" src=\"https:\/\/prazskeprikopy.cz\/wp-content\/uploads\/2024\/01\/ds7pfw_V-1024x478.jpg\" alt=\"DS Automobiles: Zna\u010dka DS je op\u011bt partnerem Pa\u0159\u00ed\u017esk\u00e9ho Fashion Weeku\" class=\"wp-image-3170\"\/><\/figure><\/div>\n\n\n<div style=\"height:49px\" aria-hidden=\"true\" class=\"wp-block-spacer\"><\/div>\n\n\n\n<p>Z\u00e1kladem strategie spole\u010dnosti DS Automobiles, kter\u00e1 od roku 2019 nab\u00edz\u00ed 100% elektrifikovanou modelovou \u0159adu, je elektrifikace. Ka\u017ed\u00fd model, od 100% elektrick\u00e9ho modelu Nov\u00e1 DS 3 E-TENSE a\u017e po plug-in hybridn\u00ed model DS 9 E-TENSE s&nbsp;v\u00fdkonem 360 kon\u00ed, sv\u011bd\u010d\u00ed o z\u00e1vazku zna\u010dky k udr\u017eiteln\u00e9 mobilit\u011b. Od roku 2024 budou v\u0161echny nov\u00e9 vozy DS Automobiles v\u00fdhradn\u011b 100% elektrick\u00e9, co\u017e ukazuje, jak se zna\u010dka stav\u00ed k energetick\u00e9 transformaci.<\/p>\n\n\n\n<div style=\"height:49px\" aria-hidden=\"true\" class=\"wp-block-spacer\"><\/div>\n\n\n\n<figure class=\"wp-block-image size-large\"><img decoding=\"async\" src=\"https:\/\/prazskeprikopy.cz\/wp-content\/uploads\/2024\/01\/391732882_650145947240063_5424397043030044908_n-1024x379.jpg\" alt=\"DS Automobiles: Zna\u010dka DS je op\u011bt partnerem Pa\u0159\u00ed\u017esk\u00e9ho Fashion Weeku\" class=\"wp-image-3171\"\/><\/figure>\n\n\n\n<div style=\"height:49px\" aria-hidden=\"true\" class=\"wp-block-spacer\"><\/div>\n\n\n\n<p>Propojen\u00ed mezi DS Automobiles a sv\u011btem m\u00f3dy je \u00fazk\u00e9. Jedine\u010dn\u00e9 prvky, jako je perle\u0165ov\u00e9 pro\u0161\u00edv\u00e1n\u00ed, gilo\u0161ov\u00e1n\u00ed Clous de Paris nebo motiv hodinkov\u00e9ho p\u00e1sku Bracelet na sedadlech, v kreativn\u00edch a inovativn\u00edch design\u00e9rsk\u00fdch kruz\u00edch nesm\u00edrn\u011b rezonuj\u00ed.<\/p>\n\n\n\n<p>Pro nejnov\u011bj\u0161\u00ed ro\u010dn\u00edk pa\u0159\u00ed\u017esk\u00e9ho t\u00fddne m\u00f3dy si spole\u010dnost DS Automobiles p\u0159ipravila n\u011bkolik p\u0159ekvapen\u00ed, v\u010detn\u011b vozu DS 9 v&nbsp;interferen\u010dn\u00edm odst\u00ednu, kter\u00fd se leskne jako krovky brouka.<\/p>\n\n\n\n<div style=\"height:49px\" aria-hidden=\"true\" class=\"wp-block-spacer\"><\/div>\n\n\n\n<figure class=\"wp-block-image size-large\"><img decoding=\"async\" src=\"https:\/\/prazskeprikopy.cz\/wp-content\/uploads\/2024\/01\/e0dabc1cb32e59d2c0f438e9f2dafe28f7cadf06-1024x648.png\" alt=\"DS Automobiles: Zna\u010dka DS je op\u011bt partnerem Pa\u0159\u00ed\u017esk\u00e9ho Fashion Weeku\" class=\"wp-image-3172\"\/><\/figure>\n\n\n\n<div style=\"height:49px\" aria-hidden=\"true\" class=\"wp-block-spacer\"><\/div>\n\n\n\n<p><strong>B\u011bhem t\u011bchto t\u00fddn\u016f v\u011bnovan\u00fdch m\u00f3d\u011b bude DS Automobiles sledovat Paris Fashion Week na Instagramu @DS_automobiles, kde p\u0159edstav\u00ed celou \u0159adu stories v\u011bnovan\u00fdch symbolick\u00fdm pa\u0159\u00ed\u017esk\u00fdm m\u00edst\u016fm, stylu a pot\u011b\u0161en\u00ed z cestov\u00e1n\u00ed po Pa\u0159\u00ed\u017ei ve vozech DS 7 a DS 9. Prvn\u00ed z nich u\u017e jsou k vid\u011bn\u00ed dokonce od 18. ledna!<\/strong><\/p>\n\n\n\n<div style=\"height:100px\" aria-hidden=\"true\" class=\"wp-block-spacer\"><\/div>\n\n\n\n<p><strong>Zdroj foto: <\/strong>DS AUTOMOBILES<\/p>\n\n\n\n<div style=\"height:100px\" aria-hidden=\"true\" class=\"wp-block-spacer\"><\/div>\n","protected":false},"excerpt":{"rendered":"<p>Spole\u010dnost DS Automobiles p\u0159ich\u00e1z\u00ed s exkluzivn\u00ed flotilou model\u016f DS 7 E-TENSE a DS 9 E-TENSE s ozna\u010den\u00edm Paris Fashion Week\u00ae, kter\u00e9 budou vozit novin\u00e1\u0159e, influencery a tv\u016frce ulicemi Pa\u0159\u00ed\u017ee, aby si u\u017eili stylovou j\u00edzdu&#46;&#46;&#46;<\/p>\n","protected":false},"author":1,"featured_media":5898,"comment_status":"closed","ping_status":"closed","sticky":false,"template":"","format":"standard","meta":{"_monsterinsights_skip_tracking":false,"_monsterinsights_sitenote_active":false,"_monsterinsights_sitenote_note":"","_monsterinsights_sitenote_category":0,"footnotes":""},"categories":[2,23],"tags":[],"yoast_head":"<!-- This site is optimized with the Yoast SEO plugin v21.5 - https:\/\/yoast.com\/wordpress\/plugins\/seo\/ -->\n<title>Pa\u0159\u00ed\u017esk\u00fd Fashion Week je tady! Zna\u010dka DS Automobiles je op\u011bt partnerem - HOTELHOUSE.cz<\/title>\n<meta name=\"description\" content=\"Propojen\u00ed mezi DS Automobiles a sv\u011btem m\u00f3dy je \u00fazk\u00e9. Jedine\u010dn\u00e9 prvky, jako je perle\u0165ov\u00e9 pro\u0161\u00edv\u00e1n\u00ed, gilo\u0161ov\u00e1n\u00ed Clous de Paris nebo motiv hodinkov\u00e9ho p\u00e1sku Bracelet na sedadlech, v kreativn\u00edch a inovativn\u00edch design\u00e9rsk\u00fdch kruz\u00edch nesm\u00edrn\u011b rezonuj\u00ed.\" \/>\n<meta name=\"robots\" content=\"index, follow, max-snippet:-1, max-image-preview:large, max-video-preview:-1\" \/>\n<link rel=\"canonical\" href=\"https:\/\/hotelhouse.cz\/index.php\/2024\/01\/21\/parizsky-fashion-week-je-tady-znacka-ds-automobiles-je-opet-partnerem\/\" \/>\n<meta property=\"og:locale\" content=\"cs_CZ\" \/>\n<meta property=\"og:type\" content=\"article\" \/>\n<meta property=\"og:title\" content=\"Pa\u0159\u00ed\u017esk\u00fd Fashion Week je tady! Zna\u010dka DS Automobiles je op\u011bt partnerem - HOTELHOUSE.cz\" \/>\n<meta property=\"og:description\" content=\"Propojen\u00ed mezi DS Automobiles a sv\u011btem m\u00f3dy je \u00fazk\u00e9. Jedine\u010dn\u00e9 prvky, jako je perle\u0165ov\u00e9 pro\u0161\u00edv\u00e1n\u00ed, gilo\u0161ov\u00e1n\u00ed Clous de Paris nebo motiv hodinkov\u00e9ho p\u00e1sku Bracelet na sedadlech, v kreativn\u00edch a inovativn\u00edch design\u00e9rsk\u00fdch kruz\u00edch nesm\u00edrn\u011b rezonuj\u00ed.\" \/>\n<meta property=\"og:url\" content=\"https:\/\/hotelhouse.cz\/index.php\/2024\/01\/21\/parizsky-fashion-week-je-tady-znacka-ds-automobiles-je-opet-partnerem\/\" \/>\n<meta property=\"og:site_name\" content=\"HOTELHOUSE.cz\" \/>\n<meta property=\"article:published_time\" content=\"2024-01-20T23:20:33+00:00\" \/>\n<meta property=\"article:modified_time\" content=\"2024-01-20T23:20:35+00:00\" \/>\n<meta property=\"og:image\" content=\"https:\/\/hotelhouse.cz\/wp-content\/uploads\/2024\/01\/ds7pfw.jpg\" \/>\n\t<meta property=\"og:image:width\" content=\"1450\" \/>\n\t<meta property=\"og:image:height\" content=\"1089\" \/>\n\t<meta property=\"og:image:type\" content=\"image\/jpeg\" \/>\n<meta name=\"author\" content=\"Mikol\u00e1\u0161ek (\u0161efredaktor HMG)\" \/>\n<meta name=\"twitter:card\" content=\"summary_large_image\" \/>\n<meta name=\"twitter:label1\" content=\"Napsal(a)\" \/>\n\t<meta name=\"twitter:data1\" content=\"Mikol\u00e1\u0161ek (\u0161efredaktor HMG)\" \/>\n\t<meta name=\"twitter:label2\" content=\"Odhadovan\u00e1 doba \u010dten\u00ed\" \/>\n\t<meta name=\"twitter:data2\" content=\"3 minuty\" \/>\n<script type=\"application\/ld+json\" class=\"yoast-schema-graph\">{\"@context\":\"https:\/\/schema.org\",\"@graph\":[{\"@type\":\"Article\",\"@id\":\"https:\/\/hotelhouse.cz\/index.php\/2024\/01\/21\/parizsky-fashion-week-je-tady-znacka-ds-automobiles-je-opet-partnerem\/#article\",\"isPartOf\":{\"@id\":\"https:\/\/hotelhouse.cz\/index.php\/2024\/01\/21\/parizsky-fashion-week-je-tady-znacka-ds-automobiles-je-opet-partnerem\/\"},\"author\":{\"name\":\"Mikol\u00e1\u0161ek (\u0161efredaktor HMG)\",\"@id\":\"https:\/\/hotelhouse.cz\/#\/schema\/person\/6f8df5654d33f7f700b98d242c71fc72\"},\"headline\":\"Pa\u0159\u00ed\u017esk\u00fd Fashion Week je tady! Zna\u010dka DS Automobiles je op\u011bt partnerem\",\"datePublished\":\"2024-01-20T23:20:33+00:00\",\"dateModified\":\"2024-01-20T23:20:35+00:00\",\"mainEntityOfPage\":{\"@id\":\"https:\/\/hotelhouse.cz\/index.php\/2024\/01\/21\/parizsky-fashion-week-je-tady-znacka-ds-automobiles-je-opet-partnerem\/\"},\"wordCount\":396,\"publisher\":{\"@id\":\"https:\/\/hotelhouse.cz\/#organization\"},\"articleSection\":[\"NEWS\",\"TIPY NA CESTOV\u00c1N\u00cd\"],\"inLanguage\":\"cs\"},{\"@type\":\"WebPage\",\"@id\":\"https:\/\/hotelhouse.cz\/index.php\/2024\/01\/21\/parizsky-fashion-week-je-tady-znacka-ds-automobiles-je-opet-partnerem\/\",\"url\":\"https:\/\/hotelhouse.cz\/index.php\/2024\/01\/21\/parizsky-fashion-week-je-tady-znacka-ds-automobiles-je-opet-partnerem\/\",\"name\":\"Pa\u0159\u00ed\u017esk\u00fd Fashion Week je tady! Zna\u010dka DS Automobiles je op\u011bt partnerem - HOTELHOUSE.cz\",\"isPartOf\":{\"@id\":\"https:\/\/hotelhouse.cz\/#website\"},\"datePublished\":\"2024-01-20T23:20:33+00:00\",\"dateModified\":\"2024-01-20T23:20:35+00:00\",\"description\":\"Propojen\u00ed mezi DS Automobiles a sv\u011btem m\u00f3dy je \u00fazk\u00e9. Jedine\u010dn\u00e9 prvky, jako je perle\u0165ov\u00e9 pro\u0161\u00edv\u00e1n\u00ed, gilo\u0161ov\u00e1n\u00ed Clous de Paris nebo motiv hodinkov\u00e9ho p\u00e1sku Bracelet na sedadlech, v kreativn\u00edch a inovativn\u00edch design\u00e9rsk\u00fdch kruz\u00edch nesm\u00edrn\u011b rezonuj\u00ed.\",\"breadcrumb\":{\"@id\":\"https:\/\/hotelhouse.cz\/index.php\/2024\/01\/21\/parizsky-fashion-week-je-tady-znacka-ds-automobiles-je-opet-partnerem\/#breadcrumb\"},\"inLanguage\":\"cs\",\"potentialAction\":[{\"@type\":\"ReadAction\",\"target\":[\"https:\/\/hotelhouse.cz\/index.php\/2024\/01\/21\/parizsky-fashion-week-je-tady-znacka-ds-automobiles-je-opet-partnerem\/\"]}]},{\"@type\":\"BreadcrumbList\",\"@id\":\"https:\/\/hotelhouse.cz\/index.php\/2024\/01\/21\/parizsky-fashion-week-je-tady-znacka-ds-automobiles-je-opet-partnerem\/#breadcrumb\",\"itemListElement\":[{\"@type\":\"ListItem\",\"position\":1,\"name\":\"Dom\u016f\",\"item\":\"https:\/\/hotelhouse.cz\/\"},{\"@type\":\"ListItem\",\"position\":2,\"name\":\"Pa\u0159\u00ed\u017esk\u00fd Fashion Week je tady! Zna\u010dka DS Automobiles je op\u011bt partnerem\"}]},{\"@type\":\"WebSite\",\"@id\":\"https:\/\/hotelhouse.cz\/#website\",\"url\":\"https:\/\/hotelhouse.cz\/\",\"name\":\"HOTELHOUSE.cz\",\"description\":\"Port\u00e1l o hotelech, pensionech, spa resortech a restaurac\u00edch...\",\"publisher\":{\"@id\":\"https:\/\/hotelhouse.cz\/#organization\"},\"potentialAction\":[{\"@type\":\"SearchAction\",\"target\":{\"@type\":\"EntryPoint\",\"urlTemplate\":\"https:\/\/hotelhouse.cz\/?s={search_term_string}\"},\"query-input\":\"required name=search_term_string\"}],\"inLanguage\":\"cs\"},{\"@type\":\"Organization\",\"@id\":\"https:\/\/hotelhouse.cz\/#organization\",\"name\":\"HOTELHOUSE.cz\",\"url\":\"https:\/\/hotelhouse.cz\/\",\"logo\":{\"@type\":\"ImageObject\",\"inLanguage\":\"cs\",\"@id\":\"https:\/\/hotelhouse.cz\/#\/schema\/logo\/image\/\",\"url\":\"https:\/\/hotelhouse.cz\/wp-content\/uploads\/2024\/12\/cropped-Logo_HotelHouse-2.jpg\",\"contentUrl\":\"https:\/\/hotelhouse.cz\/wp-content\/uploads\/2024\/12\/cropped-Logo_HotelHouse-2.jpg\",\"width\":933,\"height\":516,\"caption\":\"HOTELHOUSE.cz\"},\"image\":{\"@id\":\"https:\/\/hotelhouse.cz\/#\/schema\/logo\/image\/\"},\"sameAs\":[\"https:\/\/www.instagram.com\/hotelhousecz\/\"]},{\"@type\":\"Person\",\"@id\":\"https:\/\/hotelhouse.cz\/#\/schema\/person\/6f8df5654d33f7f700b98d242c71fc72\",\"name\":\"Mikol\u00e1\u0161ek (\u0161efredaktor HMG)\",\"image\":{\"@type\":\"ImageObject\",\"inLanguage\":\"cs\",\"@id\":\"https:\/\/hotelhouse.cz\/#\/schema\/person\/image\/\",\"url\":\"https:\/\/secure.gravatar.com\/avatar\/1c8a35f186d8baabb0513b2bdd8e53cd?s=96&d=mm&r=g\",\"contentUrl\":\"https:\/\/secure.gravatar.com\/avatar\/1c8a35f186d8baabb0513b2bdd8e53cd?s=96&d=mm&r=g\",\"caption\":\"Mikol\u00e1\u0161ek (\u0161efredaktor HMG)\"},\"sameAs\":[\"http:\/\/www.hotelhouse.cz\"],\"url\":\"https:\/\/hotelhouse.cz\/index.php\/author\/ivomik\/\"}]}<\/script>\n<!-- \/ Yoast SEO plugin. -->","yoast_head_json":{"title":"Pa\u0159\u00ed\u017esk\u00fd Fashion Week je tady! Zna\u010dka DS Automobiles je op\u011bt partnerem - HOTELHOUSE.cz","description":"Propojen\u00ed mezi DS Automobiles a sv\u011btem m\u00f3dy je \u00fazk\u00e9. Jedine\u010dn\u00e9 prvky, jako je perle\u0165ov\u00e9 pro\u0161\u00edv\u00e1n\u00ed, gilo\u0161ov\u00e1n\u00ed Clous de Paris nebo motiv hodinkov\u00e9ho p\u00e1sku Bracelet na sedadlech, v kreativn\u00edch a inovativn\u00edch design\u00e9rsk\u00fdch kruz\u00edch nesm\u00edrn\u011b rezonuj\u00ed.","robots":{"index":"index","follow":"follow","max-snippet":"max-snippet:-1","max-image-preview":"max-image-preview:large","max-video-preview":"max-video-preview:-1"},"canonical":"https:\/\/hotelhouse.cz\/index.php\/2024\/01\/21\/parizsky-fashion-week-je-tady-znacka-ds-automobiles-je-opet-partnerem\/","og_locale":"cs_CZ","og_type":"article","og_title":"Pa\u0159\u00ed\u017esk\u00fd Fashion Week je tady! Zna\u010dka DS Automobiles je op\u011bt partnerem - HOTELHOUSE.cz","og_description":"Propojen\u00ed mezi DS Automobiles a sv\u011btem m\u00f3dy je \u00fazk\u00e9. Jedine\u010dn\u00e9 prvky, jako je perle\u0165ov\u00e9 pro\u0161\u00edv\u00e1n\u00ed, gilo\u0161ov\u00e1n\u00ed Clous de Paris nebo motiv hodinkov\u00e9ho p\u00e1sku Bracelet na sedadlech, v kreativn\u00edch a inovativn\u00edch design\u00e9rsk\u00fdch kruz\u00edch nesm\u00edrn\u011b rezonuj\u00ed.","og_url":"https:\/\/hotelhouse.cz\/index.php\/2024\/01\/21\/parizsky-fashion-week-je-tady-znacka-ds-automobiles-je-opet-partnerem\/","og_site_name":"HOTELHOUSE.cz","article_published_time":"2024-01-20T23:20:33+00:00","article_modified_time":"2024-01-20T23:20:35+00:00","og_image":[{"width":1450,"height":1089,"url":"https:\/\/hotelhouse.cz\/wp-content\/uploads\/2024\/01\/ds7pfw.jpg","type":"image\/jpeg"}],"author":"Mikol\u00e1\u0161ek (\u0161efredaktor HMG)","twitter_card":"summary_large_image","twitter_misc":{"Napsal(a)":"Mikol\u00e1\u0161ek (\u0161efredaktor HMG)","Odhadovan\u00e1 doba \u010dten\u00ed":"3 minuty"},"schema":{"@context":"https:\/\/schema.org","@graph":[{"@type":"Article","@id":"https:\/\/hotelhouse.cz\/index.php\/2024\/01\/21\/parizsky-fashion-week-je-tady-znacka-ds-automobiles-je-opet-partnerem\/#article","isPartOf":{"@id":"https:\/\/hotelhouse.cz\/index.php\/2024\/01\/21\/parizsky-fashion-week-je-tady-znacka-ds-automobiles-je-opet-partnerem\/"},"author":{"name":"Mikol\u00e1\u0161ek (\u0161efredaktor HMG)","@id":"https:\/\/hotelhouse.cz\/#\/schema\/person\/6f8df5654d33f7f700b98d242c71fc72"},"headline":"Pa\u0159\u00ed\u017esk\u00fd Fashion Week je tady! Zna\u010dka DS Automobiles je op\u011bt partnerem","datePublished":"2024-01-20T23:20:33+00:00","dateModified":"2024-01-20T23:20:35+00:00","mainEntityOfPage":{"@id":"https:\/\/hotelhouse.cz\/index.php\/2024\/01\/21\/parizsky-fashion-week-je-tady-znacka-ds-automobiles-je-opet-partnerem\/"},"wordCount":396,"publisher":{"@id":"https:\/\/hotelhouse.cz\/#organization"},"articleSection":["NEWS","TIPY NA CESTOV\u00c1N\u00cd"],"inLanguage":"cs"},{"@type":"WebPage","@id":"https:\/\/hotelhouse.cz\/index.php\/2024\/01\/21\/parizsky-fashion-week-je-tady-znacka-ds-automobiles-je-opet-partnerem\/","url":"https:\/\/hotelhouse.cz\/index.php\/2024\/01\/21\/parizsky-fashion-week-je-tady-znacka-ds-automobiles-je-opet-partnerem\/","name":"Pa\u0159\u00ed\u017esk\u00fd Fashion Week je tady! Zna\u010dka DS Automobiles je op\u011bt partnerem - HOTELHOUSE.cz","isPartOf":{"@id":"https:\/\/hotelhouse.cz\/#website"},"datePublished":"2024-01-20T23:20:33+00:00","dateModified":"2024-01-20T23:20:35+00:00","description":"Propojen\u00ed mezi DS Automobiles a sv\u011btem m\u00f3dy je \u00fazk\u00e9. Jedine\u010dn\u00e9 prvky, jako je perle\u0165ov\u00e9 pro\u0161\u00edv\u00e1n\u00ed, gilo\u0161ov\u00e1n\u00ed Clous de Paris nebo motiv hodinkov\u00e9ho p\u00e1sku Bracelet na sedadlech, v kreativn\u00edch a inovativn\u00edch design\u00e9rsk\u00fdch kruz\u00edch nesm\u00edrn\u011b rezonuj\u00ed.","breadcrumb":{"@id":"https:\/\/hotelhouse.cz\/index.php\/2024\/01\/21\/parizsky-fashion-week-je-tady-znacka-ds-automobiles-je-opet-partnerem\/#breadcrumb"},"inLanguage":"cs","potentialAction":[{"@type":"ReadAction","target":["https:\/\/hotelhouse.cz\/index.php\/2024\/01\/21\/parizsky-fashion-week-je-tady-znacka-ds-automobiles-je-opet-partnerem\/"]}]},{"@type":"BreadcrumbList","@id":"https:\/\/hotelhouse.cz\/index.php\/2024\/01\/21\/parizsky-fashion-week-je-tady-znacka-ds-automobiles-je-opet-partnerem\/#breadcrumb","itemListElement":[{"@type":"ListItem","position":1,"name":"Dom\u016f","item":"https:\/\/hotelhouse.cz\/"},{"@type":"ListItem","position":2,"name":"Pa\u0159\u00ed\u017esk\u00fd Fashion Week je tady! Zna\u010dka DS Automobiles je op\u011bt partnerem"}]},{"@type":"WebSite","@id":"https:\/\/hotelhouse.cz\/#website","url":"https:\/\/hotelhouse.cz\/","name":"HOTELHOUSE.cz","description":"Port\u00e1l o hotelech, pensionech, spa resortech a restaurac\u00edch...","publisher":{"@id":"https:\/\/hotelhouse.cz\/#organization"},"potentialAction":[{"@type":"SearchAction","target":{"@type":"EntryPoint","urlTemplate":"https:\/\/hotelhouse.cz\/?s={search_term_string}"},"query-input":"required name=search_term_string"}],"inLanguage":"cs"},{"@type":"Organization","@id":"https:\/\/hotelhouse.cz\/#organization","name":"HOTELHOUSE.cz","url":"https:\/\/hotelhouse.cz\/","logo":{"@type":"ImageObject","inLanguage":"cs","@id":"https:\/\/hotelhouse.cz\/#\/schema\/logo\/image\/","url":"https:\/\/hotelhouse.cz\/wp-content\/uploads\/2024\/12\/cropped-Logo_HotelHouse-2.jpg","contentUrl":"https:\/\/hotelhouse.cz\/wp-content\/uploads\/2024\/12\/cropped-Logo_HotelHouse-2.jpg","width":933,"height":516,"caption":"HOTELHOUSE.cz"},"image":{"@id":"https:\/\/hotelhouse.cz\/#\/schema\/logo\/image\/"},"sameAs":["https:\/\/www.instagram.com\/hotelhousecz\/"]},{"@type":"Person","@id":"https:\/\/hotelhouse.cz\/#\/schema\/person\/6f8df5654d33f7f700b98d242c71fc72","name":"Mikol\u00e1\u0161ek (\u0161efredaktor HMG)","image":{"@type":"ImageObject","inLanguage":"cs","@id":"https:\/\/hotelhouse.cz\/#\/schema\/person\/image\/","url":"https:\/\/secure.gravatar.com\/avatar\/1c8a35f186d8baabb0513b2bdd8e53cd?s=96&d=mm&r=g","contentUrl":"https:\/\/secure.gravatar.com\/avatar\/1c8a35f186d8baabb0513b2bdd8e53cd?s=96&d=mm&r=g","caption":"Mikol\u00e1\u0161ek (\u0161efredaktor HMG)"},"sameAs":["http:\/\/www.hotelhouse.cz"],"url":"https:\/\/hotelhouse.cz\/index.php\/author\/ivomik\/"}]}},"_links":{"self":[{"href":"https:\/\/hotelhouse.cz\/index.php\/wp-json\/wp\/v2\/posts\/5897"}],"collection":[{"href":"https:\/\/hotelhouse.cz\/index.php\/wp-json\/wp\/v2\/posts"}],"about":[{"href":"https:\/\/hotelhouse.cz\/index.php\/wp-json\/wp\/v2\/types\/post"}],"author":[{"embeddable":true,"href":"https:\/\/hotelhouse.cz\/index.php\/wp-json\/wp\/v2\/users\/1"}],"replies":[{"embeddable":true,"href":"https:\/\/hotelhouse.cz\/index.php\/wp-json\/wp\/v2\/comments?post=5897"}],"version-history":[{"count":1,"href":"https:\/\/hotelhouse.cz\/index.php\/wp-json\/wp\/v2\/posts\/5897\/revisions"}],"predecessor-version":[{"id":5899,"href":"https:\/\/hotelhouse.cz\/index.php\/wp-json\/wp\/v2\/posts\/5897\/revisions\/5899"}],"wp:featuredmedia":[{"embeddable":true,"href":"https:\/\/hotelhouse.cz\/index.php\/wp-json\/wp\/v2\/media\/5898"}],"wp:attachment":[{"href":"https:\/\/hotelhouse.cz\/index.php\/wp-json\/wp\/v2\/media?parent=5897"}],"wp:term":[{"taxonomy":"category","embeddable":true,"href":"https:\/\/hotelhouse.cz\/index.php\/wp-json\/wp\/v2\/categories?post=5897"},{"taxonomy":"post_tag","embeddable":true,"href":"https:\/\/hotelhouse.cz\/index.php\/wp-json\/wp\/v2\/tags?post=5897"}],"curies":[{"name":"wp","href":"https:\/\/api.w.org\/{rel}","templated":true}]}}