{"id":5946,"date":"2024-02-12T00:01:00","date_gmt":"2024-02-11T23:01:00","guid":{"rendered":"https:\/\/hotelhouse.cz\/?p=5946"},"modified":"2024-02-13T20:40:39","modified_gmt":"2024-02-13T19:40:39","slug":"nabidku-nakupni-galerie-myslbek-rozsiri-kiosek-bubblify-prvni-zakazniky-privita-unikatni-valentynskou-akci","status":"publish","type":"post","link":"https:\/\/hotelhouse.cz\/index.php\/2024\/02\/12\/nabidku-nakupni-galerie-myslbek-rozsiri-kiosek-bubblify-prvni-zakazniky-privita-unikatni-valentynskou-akci\/","title":{"rendered":"Nab\u00eddku N\u00e1kupn\u00ed galerie Myslbek roz\u0161\u00ed\u0159\u00ed kiosek Bubblify, prvn\u00ed z\u00e1kazn\u00edky p\u0159iv\u00edt\u00e1 unik\u00e1tn\u00ed valent\u00fdnskou akc\u00ed"},"content":{"rendered":"\n<div style=\"height:50px\" aria-hidden=\"true\" class=\"wp-block-spacer\"><\/div>\n\n\n\n<p><strong>Na za\u010d\u00e1tku \u00fanora dopln\u00ed N\u00e1kupn\u00ed galerie Myslbek sv\u00e9 portfolio zna\u010dek o Bubblify. Nov\u00fd kiosek bude prvn\u00ed pobo\u010dkou tuzemsk\u00e9 zna\u010dky bubble tea p\u0159\u00edmo v&nbsp;historick\u00e9m centru Prahy. Jedn\u00e1 se tak o&nbsp;dal\u0161\u00ed ze zna\u010dek, kter\u00fdmi n\u00e1kupn\u00ed galerie <a href=\"https:\/\/naprikopeulice.cz\/\">v pra\u017esk\u00e9 ulici Na P\u0159\u00edkop\u011b<\/a> c\u00edl\u00ed na mlad\u0161\u00ed generace z\u00e1kazn\u00edk\u016f.<\/strong><\/p>\n\n\n\n<div style=\"height:49px\" aria-hidden=\"true\" class=\"wp-block-spacer\"><\/div>\n\n\n<div class=\"wp-block-image\">\n<figure class=\"aligncenter size-large\"><img decoding=\"async\" loading=\"lazy\" width=\"1024\" height=\"683\" src=\"https:\/\/hotelhouse.cz\/wp-content\/uploads\/2024\/02\/Stanek-Bubblify-2-1024x683.jpg\" alt=\"Nab\u00eddku N\u00e1kupn\u00ed galerie Myslbek roz\u0161\u00ed\u0159\u00ed kiosek Bubblify, prvn\u00ed z\u00e1kazn\u00edky p\u0159iv\u00edt\u00e1 unik\u00e1tn\u00ed valent\u00fdnskou akc\u00ed\" class=\"wp-image-5947\" srcset=\"https:\/\/hotelhouse.cz\/wp-content\/uploads\/2024\/02\/Stanek-Bubblify-2-1024x683.jpg 1024w, https:\/\/hotelhouse.cz\/wp-content\/uploads\/2024\/02\/Stanek-Bubblify-2-300x200.jpg 300w, https:\/\/hotelhouse.cz\/wp-content\/uploads\/2024\/02\/Stanek-Bubblify-2-768x512.jpg 768w, https:\/\/hotelhouse.cz\/wp-content\/uploads\/2024\/02\/Stanek-Bubblify-2-1536x1024.jpg 1536w, https:\/\/hotelhouse.cz\/wp-content\/uploads\/2024\/02\/Stanek-Bubblify-2.jpg 1650w\" sizes=\"(max-width: 1024px) 100vw, 1024px\" \/><\/figure><\/div>\n\n\n<div style=\"height:49px\" aria-hidden=\"true\" class=\"wp-block-spacer\"><\/div>\n\n\n\n<p>Sou\u010d\u00e1st\u00ed otev\u00edrac\u00ed valent\u00fdnsk\u00e9 akce v Myslbeku bude tematick\u00e1 bal\u00f3nkov\u00e1 v\u00fdzdoba a dopln\u011bn\u00ed n\u00e1poj\u016f o \u010derven\u00e1 srd\u00ed\u010dka z \u017eel\u00e9. Z\u00e1kazn\u00edci si z akce odnesou d\u00e1rek zdarma a na m\u00edst\u011b tak\u00e9 prob\u011bhne setk\u00e1n\u00ed s influencerem Adamem Kajumim.<\/p>\n\n\n\n<div style=\"height:49px\" aria-hidden=\"true\" class=\"wp-block-spacer\"><\/div>\n\n\n<div class=\"wp-block-image\">\n<figure class=\"aligncenter size-large\"><img decoding=\"async\" src=\"https:\/\/prazskeprikopy.cz\/wp-content\/uploads\/2024\/02\/DSC08746-1024x683.jpg\" alt=\"Nab\u00eddku N\u00e1kupn\u00ed galerie Myslbek roz\u0161\u00ed\u0159\u00ed kiosek Bubblify, prvn\u00ed z\u00e1kazn\u00edky p\u0159iv\u00edt\u00e1 unik\u00e1tn\u00ed valent\u00fdnskou akc\u00ed\" class=\"wp-image-3677\"\/><\/figure><\/div>\n\n\n<div style=\"height:49px\" aria-hidden=\"true\" class=\"wp-block-spacer\"><\/div>\n\n\n\n<p>\u201e<em>Lokalita v historick\u00e9m centru Prahy je pro n\u00e1s kl\u00ed\u010dov\u00e1 a jedn\u00e1 se o obchodn\u011b velmi strategickou pobo\u010dku, jeliko\u017e je zde velk\u00fd pohyb jak m\u00edstn\u00edch, tak i turist\u016f ze zahrani\u010d\u00ed. Slibujeme si velk\u00fd z\u00e1jem ze strany obou skupin, kter\u00e9 maj\u00ed na\u0161e v\u00fdrobky v oblib\u011b,\u201d<\/em> \u0159\u00edk\u00e1 <strong>Andrea Fenn, jednatelka spole\u010dnosti Bubblify International, s.r.o..<\/strong><\/p>\n\n\n\n<p>\u201e<em>Zna\u010dka <\/em><em><strong>Bubblify<\/strong><\/em><em> skv\u011ble dopl\u0148uje sortiment segmentu F&amp;B a posiluje tenant mix c\u00edl\u00edc\u00ed na mlad\u00e9. Jsme r\u00e1di, \u017ee bubble tea produkty m\u016f\u017eeme na\u0161im z\u00e1kazn\u00edk\u016fm nab\u00eddnout. Vedle Bubblify si u n\u00e1s mlad\u0161\u00ed z\u00e1kazn\u00edci p\u0159ijdou na sv\u00e9 tak\u00e9 v m\u00f3dn\u00edm \u0159et\u011bzci H&amp;M, dm drogerii nebo restauraci Vapiano,\u201d <\/em>dod\u00e1v\u00e1 <strong>Lenka Beld\u00edkov\u00e1 ze spole\u010dnosti Cushman &amp;&nbsp;Wakefield, marketingov\u00e1 mana\u017eerka N\u00e1kupn\u00ed galerie Myslbek<\/strong>.<\/p>\n\n\n\n<div style=\"height:49px\" aria-hidden=\"true\" class=\"wp-block-spacer\"><\/div>\n\n\n\n<figure class=\"wp-block-gallery has-nested-images columns-default is-cropped wp-block-gallery-1 is-layout-flex wp-block-gallery-is-layout-flex\">\n<figure class=\"wp-block-image size-large\"><img decoding=\"async\" data-id=\"3684\" src=\"https:\/\/prazskeprikopy.cz\/wp-content\/uploads\/2024\/02\/Priprava-bubbletea-1024x683.jpg\" alt=\"Nab\u00eddku N\u00e1kupn\u00ed galerie Myslbek roz\u0161\u00ed\u0159\u00ed kiosek Bubblify, prvn\u00ed z\u00e1kazn\u00edky p\u0159iv\u00edt\u00e1 unik\u00e1tn\u00ed valent\u00fdnskou akc\u00ed\" class=\"wp-image-3684\"\/><\/figure>\n\n\n\n<figure class=\"wp-block-image size-large\"><img decoding=\"async\" data-id=\"3676\" src=\"https:\/\/prazskeprikopy.cz\/wp-content\/uploads\/2024\/02\/Bubbletea-1024x683.jpg\" alt=\"Nab\u00eddku N\u00e1kupn\u00ed galerie Myslbek roz\u0161\u00ed\u0159\u00ed kiosek Bubblify, prvn\u00ed z\u00e1kazn\u00edky p\u0159iv\u00edt\u00e1 unik\u00e1tn\u00ed valent\u00fdnskou akc\u00ed\" class=\"wp-image-3676\"\/><\/figure>\n<\/figure>\n\n\n\n<div style=\"height:49px\" aria-hidden=\"true\" class=\"wp-block-spacer\"><\/div>\n\n\n\n<p>N\u00e1pojov\u00fd kiosek bude um\u00edst\u011bn v p\u0159\u00edzem\u00ed n\u00e1kupn\u00ed galerie vedle eskal\u00e1tor\u016f do prvn\u00edho patra. Ve sv\u00e9m sortimentu nab\u00eddne krom\u011b klasick\u00fdch bubble tea s \u010derstv\u00fdm ovocem tak\u00e9 ml\u00e9\u010dn\u00e9 \u010daje. Bubblify sv\u00fdm z\u00e1kazn\u00edk\u016fm umo\u017en\u00ed zvolit si dle osobn\u00edch preferenc\u00ed m\u00edru sladkosti n\u00e1poje.<\/p>\n\n\n\n<div style=\"height:48px\" aria-hidden=\"true\" class=\"wp-block-spacer\"><\/div>\n\n\n<div class=\"wp-block-image\">\n<figure class=\"aligncenter size-large\"><img decoding=\"async\" src=\"https:\/\/prazskeprikopy.cz\/wp-content\/uploads\/2024\/02\/MB_budova-20-1-1024x683.jpg\" alt=\"Nab\u00eddku N\u00e1kupn\u00ed galerie Myslbek roz\u0161\u00ed\u0159\u00ed kiosek Bubblify, prvn\u00ed z\u00e1kazn\u00edky p\u0159iv\u00edt\u00e1 unik\u00e1tn\u00ed valent\u00fdnskou akc\u00ed\" class=\"wp-image-3690\"\/><\/figure><\/div>\n\n\n<div style=\"height:48px\" aria-hidden=\"true\" class=\"wp-block-spacer\"><\/div>\n\n\n\n<h2 class=\"wp-block-heading\"><strong>N\u00e1kupn\u00ed galerie Myslbek<\/strong><\/h2>\n\n\n\n<div style=\"height:21px\" aria-hidden=\"true\" class=\"wp-block-spacer\"><\/div>\n\n\n\n<p><strong>N\u00e1kupn\u00ed galerie Myslbek se nach\u00e1z\u00ed v&nbsp;nejpresti\u017en\u011bj\u0161\u00ed \u010d\u00e1sti Prahy mezi high street Na P\u0159\u00edkop\u011b a&nbsp;Ovocn\u00fdm trhem. Dostupn\u00e1 je ze stanic metra M\u016fstek nebo N\u00e1m\u011bst\u00ed republiky a tramvaj\u00ed proj\u00ed\u017ed\u011bj\u00edc\u00edch centrem. <\/strong><\/p>\n\n\n\n<p>Krom\u011b obchod\u016f s oble\u010den\u00edm, dopl\u0148ky a restaurac\u00ed zde mohou z\u00e1kazn\u00edci zav\u00edtat i do jedin\u00e9ho kamenn\u00e9ho obchodu \u010desk\u00e9 origin\u00e1ln\u00ed zna\u010dky Angry Beards \u010di unik\u00e1tn\u00edho koncept store Guess men. V Myslbeku se nach\u00e1z\u00ed tak\u00e9 flagship store H&amp;M s H&amp;M Home, kter\u00e9 sou\u010dasn\u011b nab\u00edzej\u00ed jako jedin\u00e9 v \u010cR i speci\u00e1ln\u00ed design\u00e9rsk\u00e9 kolekce.<\/p>\n\n\n\n<div style=\"height:100px\" aria-hidden=\"true\" class=\"wp-block-spacer\"><\/div>\n\n\n\n<figure class=\"wp-block-gallery has-nested-images columns-2 is-cropped wp-block-gallery-3 is-layout-flex wp-block-gallery-is-layout-flex\">\n<figure class=\"wp-block-image size-large\"><img decoding=\"async\" data-id=\"3677\" src=\"https:\/\/prazskeprikopy.cz\/wp-content\/uploads\/2024\/02\/DSC08746-1024x683.jpg\" alt=\"Nab\u00eddku N\u00e1kupn\u00ed galerie Myslbek roz\u0161\u00ed\u0159\u00ed kiosek Bubblify, prvn\u00ed z\u00e1kazn\u00edky p\u0159iv\u00edt\u00e1 unik\u00e1tn\u00ed valent\u00fdnskou akc\u00ed\" class=\"wp-image-3677\"\/><\/figure>\n\n\n\n<figure class=\"wp-block-image size-large\"><img decoding=\"async\" data-id=\"3676\" src=\"https:\/\/prazskeprikopy.cz\/wp-content\/uploads\/2024\/02\/Bubbletea-1024x683.jpg\" alt=\"Nab\u00eddku N\u00e1kupn\u00ed galerie Myslbek roz\u0161\u00ed\u0159\u00ed kiosek Bubblify, prvn\u00ed z\u00e1kazn\u00edky p\u0159iv\u00edt\u00e1 unik\u00e1tn\u00ed valent\u00fdnskou akc\u00ed\" class=\"wp-image-3676\"\/><\/figure>\n\n\n\n<figure class=\"wp-block-image size-large\"><img decoding=\"async\" data-id=\"3684\" src=\"https:\/\/prazskeprikopy.cz\/wp-content\/uploads\/2024\/02\/Priprava-bubbletea-1024x683.jpg\" alt=\"Nab\u00eddku N\u00e1kupn\u00ed galerie Myslbek roz\u0161\u00ed\u0159\u00ed kiosek Bubblify, prvn\u00ed z\u00e1kazn\u00edky p\u0159iv\u00edt\u00e1 unik\u00e1tn\u00ed valent\u00fdnskou akc\u00ed\" class=\"wp-image-3684\"\/><\/figure>\n\n\n\n<figure class=\"wp-block-image size-large\"><img decoding=\"async\" data-id=\"3675\" src=\"https:\/\/prazskeprikopy.cz\/wp-content\/uploads\/2024\/02\/DSC08787-1024x683.jpg\" alt=\"Nab\u00eddku N\u00e1kupn\u00ed galerie Myslbek roz\u0161\u00ed\u0159\u00ed kiosek Bubblify, prvn\u00ed z\u00e1kazn\u00edky p\u0159iv\u00edt\u00e1 unik\u00e1tn\u00ed valent\u00fdnskou akc\u00ed\" class=\"wp-image-3675\"\/><\/figure>\n\n\n\n<figure class=\"wp-block-image size-large\"><img decoding=\"async\" data-id=\"3682\" src=\"https:\/\/prazskeprikopy.cz\/wp-content\/uploads\/2024\/02\/DSC08733-1024x683.jpg\" alt=\"Nab\u00eddku N\u00e1kupn\u00ed galerie Myslbek roz\u0161\u00ed\u0159\u00ed kiosek Bubblify, prvn\u00ed z\u00e1kazn\u00edky p\u0159iv\u00edt\u00e1 unik\u00e1tn\u00ed valent\u00fdnskou akc\u00ed\" class=\"wp-image-3682\"\/><\/figure>\n\n\n\n<figure class=\"wp-block-image size-large\"><img decoding=\"async\" data-id=\"3685\" src=\"https:\/\/prazskeprikopy.cz\/wp-content\/uploads\/2024\/02\/DSC08739-1024x683.jpg\" alt=\"Nab\u00eddku N\u00e1kupn\u00ed galerie Myslbek roz\u0161\u00ed\u0159\u00ed kiosek Bubblify, prvn\u00ed z\u00e1kazn\u00edky p\u0159iv\u00edt\u00e1 unik\u00e1tn\u00ed valent\u00fdnskou akc\u00ed\" class=\"wp-image-3685\"\/><\/figure>\n\n\n\n<figure class=\"wp-block-image size-large\"><img decoding=\"async\" data-id=\"3680\" src=\"https:\/\/prazskeprikopy.cz\/wp-content\/uploads\/2024\/02\/DSC08707-1024x683.jpg\" alt=\"Nab\u00eddku N\u00e1kupn\u00ed galerie Myslbek roz\u0161\u00ed\u0159\u00ed kiosek Bubblify, prvn\u00ed z\u00e1kazn\u00edky p\u0159iv\u00edt\u00e1 unik\u00e1tn\u00ed valent\u00fdnskou akc\u00ed\" class=\"wp-image-3680\"\/><\/figure>\n\n\n\n<figure class=\"wp-block-image size-large\"><img decoding=\"async\" data-id=\"3679\" src=\"https:\/\/prazskeprikopy.cz\/wp-content\/uploads\/2024\/02\/DSC08743-1024x683.jpg\" alt=\"Nab\u00eddku N\u00e1kupn\u00ed galerie Myslbek roz\u0161\u00ed\u0159\u00ed kiosek Bubblify, prvn\u00ed z\u00e1kazn\u00edky p\u0159iv\u00edt\u00e1 unik\u00e1tn\u00ed valent\u00fdnskou akc\u00ed\" class=\"wp-image-3679\"\/><\/figure>\n\n\n\n<figure class=\"wp-block-image size-large\"><img decoding=\"async\" data-id=\"3678\" src=\"https:\/\/prazskeprikopy.cz\/wp-content\/uploads\/2024\/02\/DSC08721-682x1024.jpg\" alt=\"Nab\u00eddku N\u00e1kupn\u00ed galerie Myslbek roz\u0161\u00ed\u0159\u00ed kiosek Bubblify, prvn\u00ed z\u00e1kazn\u00edky p\u0159iv\u00edt\u00e1 unik\u00e1tn\u00ed valent\u00fdnskou akc\u00ed\" class=\"wp-image-3678\"\/><\/figure>\n\n\n\n<figure class=\"wp-block-image size-large\"><img decoding=\"async\" data-id=\"3683\" src=\"https:\/\/prazskeprikopy.cz\/wp-content\/uploads\/2024\/02\/DSC08712-1024x683.jpg\" alt=\"Nab\u00eddku N\u00e1kupn\u00ed galerie Myslbek roz\u0161\u00ed\u0159\u00ed kiosek Bubblify, prvn\u00ed z\u00e1kazn\u00edky p\u0159iv\u00edt\u00e1 unik\u00e1tn\u00ed valent\u00fdnskou akc\u00ed\" class=\"wp-image-3683\"\/><\/figure>\n\n\n\n<figure class=\"wp-block-image size-large\"><img decoding=\"async\" data-id=\"3681\" src=\"https:\/\/prazskeprikopy.cz\/wp-content\/uploads\/2024\/02\/Stanek-Bubblify-2-1024x683.jpg\" alt=\"Nab\u00eddku N\u00e1kupn\u00ed galerie Myslbek roz\u0161\u00ed\u0159\u00ed kiosek Bubblify, prvn\u00ed z\u00e1kazn\u00edky p\u0159iv\u00edt\u00e1 unik\u00e1tn\u00ed valent\u00fdnskou akc\u00ed\" class=\"wp-image-3681\"\/><\/figure>\n<\/figure>\n\n\n\n<div style=\"height:100px\" aria-hidden=\"true\" class=\"wp-block-spacer\"><\/div>\n\n\n\n<figure class=\"wp-block-gallery has-nested-images columns-default is-cropped wp-block-gallery-5 is-layout-flex wp-block-gallery-is-layout-flex\">\n<figure class=\"wp-block-image size-large\"><img decoding=\"async\" data-id=\"3689\" src=\"https:\/\/prazskeprikopy.cz\/wp-content\/uploads\/2024\/02\/MB_galerie-interier-4-1024x683.jpg\" alt=\"Nab\u00eddku N\u00e1kupn\u00ed galerie Myslbek roz\u0161\u00ed\u0159\u00ed kiosek Bubblify, prvn\u00ed z\u00e1kazn\u00edky p\u0159iv\u00edt\u00e1 unik\u00e1tn\u00ed valent\u00fdnskou akc\u00ed\" class=\"wp-image-3689\"\/><\/figure>\n\n\n\n<figure class=\"wp-block-image size-large\"><img decoding=\"async\" data-id=\"3688\" src=\"https:\/\/prazskeprikopy.cz\/wp-content\/uploads\/2024\/02\/MB_galerie-interier-11-1024x683.jpg\" alt=\"Nab\u00eddku N\u00e1kupn\u00ed galerie Myslbek roz\u0161\u00ed\u0159\u00ed kiosek Bubblify, prvn\u00ed z\u00e1kazn\u00edky p\u0159iv\u00edt\u00e1 unik\u00e1tn\u00ed valent\u00fdnskou akc\u00ed\" class=\"wp-image-3688\"\/><\/figure>\n\n\n\n<figure class=\"wp-block-image size-large\"><img decoding=\"async\" data-id=\"3687\" src=\"https:\/\/prazskeprikopy.cz\/wp-content\/uploads\/2024\/02\/MB_galerie-interier-14-1024x683.jpg\" alt=\"Nab\u00eddku N\u00e1kupn\u00ed galerie Myslbek roz\u0161\u00ed\u0159\u00ed kiosek Bubblify, prvn\u00ed z\u00e1kazn\u00edky p\u0159iv\u00edt\u00e1 unik\u00e1tn\u00ed valent\u00fdnskou akc\u00ed\" class=\"wp-image-3687\"\/><\/figure>\n\n\n\n<figure class=\"wp-block-image size-large\"><img decoding=\"async\" data-id=\"3690\" src=\"https:\/\/prazskeprikopy.cz\/wp-content\/uploads\/2024\/02\/MB_budova-20-1-1024x683.jpg\" alt=\"Nab\u00eddku N\u00e1kupn\u00ed galerie Myslbek roz\u0161\u00ed\u0159\u00ed kiosek Bubblify, prvn\u00ed z\u00e1kazn\u00edky p\u0159iv\u00edt\u00e1 unik\u00e1tn\u00ed valent\u00fdnskou akc\u00ed\" class=\"wp-image-3690\"\/><\/figure>\n<\/figure>\n\n\n\n<div style=\"height:33px\" aria-hidden=\"true\" class=\"wp-block-spacer\"><\/div>\n\n\n\n<p><strong>Zdroj foto: <\/strong>Myslbek, Bubblify<\/p>\n\n\n\n<div style=\"height:100px\" aria-hidden=\"true\" class=\"wp-block-spacer\"><\/div>\n","protected":false},"excerpt":{"rendered":"<p>Na za\u010d\u00e1tku \u00fanora dopln\u00ed N\u00e1kupn\u00ed galerie Myslbek sv\u00e9 portfolio zna\u010dek o Bubblify. Nov\u00fd kiosek bude prvn\u00ed pobo\u010dkou tuzemsk\u00e9 zna\u010dky bubble tea p\u0159\u00edmo v&nbsp;historick\u00e9m centru Prahy. Jedn\u00e1 se tak o&nbsp;dal\u0161\u00ed ze zna\u010dek, kter\u00fdmi n\u00e1kupn\u00ed galerie&#46;&#46;&#46;<\/p>\n","protected":false},"author":2,"featured_media":5947,"comment_status":"closed","ping_status":"closed","sticky":false,"template":"","format":"standard","meta":{"_monsterinsights_skip_tracking":false,"_monsterinsights_sitenote_active":false,"_monsterinsights_sitenote_note":"","_monsterinsights_sitenote_category":0,"footnotes":""},"categories":[22,29,2],"tags":[37,36,38],"yoast_head":"<!-- This site is optimized with the Yoast SEO plugin v21.5 - https:\/\/yoast.com\/wordpress\/plugins\/seo\/ -->\n<title>Nab\u00eddku N\u00e1kupn\u00ed galerie Myslbek roz\u0161\u00ed\u0159\u00ed kiosek Bubblify, prvn\u00ed z\u00e1kazn\u00edky p\u0159iv\u00edt\u00e1 unik\u00e1tn\u00ed valent\u00fdnskou akc\u00ed - HOTELHOUSE.cz<\/title>\n<meta name=\"description\" content=\"Na za\u010d\u00e1tku \u00fanora dopln\u00ed N\u00e1kupn\u00ed galerie Myslbek sv\u00e9 portfolio zna\u010dek o Bubblify. Nov\u00fd kiosek bude prvn\u00ed pobo\u010dkou tuzemsk\u00e9 zna\u010dky bubble tea p\u0159\u00edmo v historick\u00e9m centru Prahy. Jedn\u00e1 se tak o dal\u0161\u00ed ze zna\u010dek, kter\u00fdmi n\u00e1kupn\u00ed galerie v pra\u017esk\u00e9 ulici Na P\u0159\u00edkop\u011b c\u00edl\u00ed na mlad\u0161\u00ed generace z\u00e1kazn\u00edk\u016f.\" \/>\n<meta name=\"robots\" content=\"index, follow, max-snippet:-1, max-image-preview:large, max-video-preview:-1\" \/>\n<link rel=\"canonical\" href=\"https:\/\/hotelhouse.cz\/index.php\/2024\/02\/12\/nabidku-nakupni-galerie-myslbek-rozsiri-kiosek-bubblify-prvni-zakazniky-privita-unikatni-valentynskou-akci\/\" \/>\n<meta property=\"og:locale\" content=\"cs_CZ\" \/>\n<meta property=\"og:type\" content=\"article\" \/>\n<meta property=\"og:title\" content=\"Nab\u00eddku N\u00e1kupn\u00ed galerie Myslbek roz\u0161\u00ed\u0159\u00ed kiosek Bubblify, prvn\u00ed z\u00e1kazn\u00edky p\u0159iv\u00edt\u00e1 unik\u00e1tn\u00ed valent\u00fdnskou akc\u00ed - HOTELHOUSE.cz\" \/>\n<meta property=\"og:description\" content=\"Na za\u010d\u00e1tku \u00fanora dopln\u00ed N\u00e1kupn\u00ed galerie Myslbek sv\u00e9 portfolio zna\u010dek o Bubblify. Nov\u00fd kiosek bude prvn\u00ed pobo\u010dkou tuzemsk\u00e9 zna\u010dky bubble tea p\u0159\u00edmo v historick\u00e9m centru Prahy. Jedn\u00e1 se tak o dal\u0161\u00ed ze zna\u010dek, kter\u00fdmi n\u00e1kupn\u00ed galerie v pra\u017esk\u00e9 ulici Na P\u0159\u00edkop\u011b c\u00edl\u00ed na mlad\u0161\u00ed generace z\u00e1kazn\u00edk\u016f.\" \/>\n<meta property=\"og:url\" content=\"https:\/\/hotelhouse.cz\/index.php\/2024\/02\/12\/nabidku-nakupni-galerie-myslbek-rozsiri-kiosek-bubblify-prvni-zakazniky-privita-unikatni-valentynskou-akci\/\" \/>\n<meta property=\"og:site_name\" content=\"HOTELHOUSE.cz\" \/>\n<meta property=\"article:published_time\" content=\"2024-02-11T23:01:00+00:00\" \/>\n<meta property=\"article:modified_time\" content=\"2024-02-13T19:40:39+00:00\" \/>\n<meta property=\"og:image\" content=\"https:\/\/hotelhouse.cz\/wp-content\/uploads\/2024\/02\/Stanek-Bubblify-2.jpg\" \/>\n\t<meta property=\"og:image:width\" content=\"1650\" \/>\n\t<meta property=\"og:image:height\" content=\"1100\" \/>\n\t<meta property=\"og:image:type\" content=\"image\/jpeg\" \/>\n<meta name=\"author\" content=\"Hol\u00e1\u0148ov\u00e1 Jolana\" \/>\n<meta name=\"twitter:card\" content=\"summary_large_image\" \/>\n<meta name=\"twitter:label1\" content=\"Napsal(a)\" \/>\n\t<meta name=\"twitter:data1\" content=\"Hol\u00e1\u0148ov\u00e1 Jolana\" \/>\n\t<meta name=\"twitter:label2\" content=\"Odhadovan\u00e1 doba \u010dten\u00ed\" \/>\n\t<meta name=\"twitter:data2\" content=\"6 minut\" \/>\n<script type=\"application\/ld+json\" class=\"yoast-schema-graph\">{\"@context\":\"https:\/\/schema.org\",\"@graph\":[{\"@type\":\"Article\",\"@id\":\"https:\/\/hotelhouse.cz\/index.php\/2024\/02\/12\/nabidku-nakupni-galerie-myslbek-rozsiri-kiosek-bubblify-prvni-zakazniky-privita-unikatni-valentynskou-akci\/#article\",\"isPartOf\":{\"@id\":\"https:\/\/hotelhouse.cz\/index.php\/2024\/02\/12\/nabidku-nakupni-galerie-myslbek-rozsiri-kiosek-bubblify-prvni-zakazniky-privita-unikatni-valentynskou-akci\/\"},\"author\":{\"name\":\"Hol\u00e1\u0148ov\u00e1 Jolana\",\"@id\":\"https:\/\/hotelhouse.cz\/#\/schema\/person\/4a69eae39f069d4a695854158f0891cd\"},\"headline\":\"Nab\u00eddku N\u00e1kupn\u00ed galerie Myslbek roz\u0161\u00ed\u0159\u00ed kiosek Bubblify, prvn\u00ed z\u00e1kazn\u00edky p\u0159iv\u00edt\u00e1 unik\u00e1tn\u00ed valent\u00fdnskou akc\u00ed\",\"datePublished\":\"2024-02-11T23:01:00+00:00\",\"dateModified\":\"2024-02-13T19:40:39+00:00\",\"mainEntityOfPage\":{\"@id\":\"https:\/\/hotelhouse.cz\/index.php\/2024\/02\/12\/nabidku-nakupni-galerie-myslbek-rozsiri-kiosek-bubblify-prvni-zakazniky-privita-unikatni-valentynskou-akci\/\"},\"wordCount\":464,\"publisher\":{\"@id\":\"https:\/\/hotelhouse.cz\/#organization\"},\"keywords\":[\"bubblify\",\"myslbek\",\"n\u00e1kupn\u00ed galerie\"],\"articleSection\":[\"NaDovolenouDoPrahy.cz\",\"N\u00c1KUPN\u00cd CENTRA\",\"NEWS\"],\"inLanguage\":\"cs\"},{\"@type\":\"WebPage\",\"@id\":\"https:\/\/hotelhouse.cz\/index.php\/2024\/02\/12\/nabidku-nakupni-galerie-myslbek-rozsiri-kiosek-bubblify-prvni-zakazniky-privita-unikatni-valentynskou-akci\/\",\"url\":\"https:\/\/hotelhouse.cz\/index.php\/2024\/02\/12\/nabidku-nakupni-galerie-myslbek-rozsiri-kiosek-bubblify-prvni-zakazniky-privita-unikatni-valentynskou-akci\/\",\"name\":\"Nab\u00eddku N\u00e1kupn\u00ed galerie Myslbek roz\u0161\u00ed\u0159\u00ed kiosek Bubblify, prvn\u00ed z\u00e1kazn\u00edky p\u0159iv\u00edt\u00e1 unik\u00e1tn\u00ed valent\u00fdnskou akc\u00ed - HOTELHOUSE.cz\",\"isPartOf\":{\"@id\":\"https:\/\/hotelhouse.cz\/#website\"},\"datePublished\":\"2024-02-11T23:01:00+00:00\",\"dateModified\":\"2024-02-13T19:40:39+00:00\",\"description\":\"Na za\u010d\u00e1tku \u00fanora dopln\u00ed N\u00e1kupn\u00ed galerie Myslbek sv\u00e9 portfolio zna\u010dek o Bubblify. Nov\u00fd kiosek bude prvn\u00ed pobo\u010dkou tuzemsk\u00e9 zna\u010dky bubble tea p\u0159\u00edmo v historick\u00e9m centru Prahy. Jedn\u00e1 se tak o dal\u0161\u00ed ze zna\u010dek, kter\u00fdmi n\u00e1kupn\u00ed galerie v pra\u017esk\u00e9 ulici Na P\u0159\u00edkop\u011b c\u00edl\u00ed na mlad\u0161\u00ed generace z\u00e1kazn\u00edk\u016f.\",\"breadcrumb\":{\"@id\":\"https:\/\/hotelhouse.cz\/index.php\/2024\/02\/12\/nabidku-nakupni-galerie-myslbek-rozsiri-kiosek-bubblify-prvni-zakazniky-privita-unikatni-valentynskou-akci\/#breadcrumb\"},\"inLanguage\":\"cs\",\"potentialAction\":[{\"@type\":\"ReadAction\",\"target\":[\"https:\/\/hotelhouse.cz\/index.php\/2024\/02\/12\/nabidku-nakupni-galerie-myslbek-rozsiri-kiosek-bubblify-prvni-zakazniky-privita-unikatni-valentynskou-akci\/\"]}]},{\"@type\":\"BreadcrumbList\",\"@id\":\"https:\/\/hotelhouse.cz\/index.php\/2024\/02\/12\/nabidku-nakupni-galerie-myslbek-rozsiri-kiosek-bubblify-prvni-zakazniky-privita-unikatni-valentynskou-akci\/#breadcrumb\",\"itemListElement\":[{\"@type\":\"ListItem\",\"position\":1,\"name\":\"Dom\u016f\",\"item\":\"https:\/\/hotelhouse.cz\/\"},{\"@type\":\"ListItem\",\"position\":2,\"name\":\"Nab\u00eddku N\u00e1kupn\u00ed galerie Myslbek roz\u0161\u00ed\u0159\u00ed kiosek Bubblify, prvn\u00ed z\u00e1kazn\u00edky p\u0159iv\u00edt\u00e1 unik\u00e1tn\u00ed valent\u00fdnskou akc\u00ed\"}]},{\"@type\":\"WebSite\",\"@id\":\"https:\/\/hotelhouse.cz\/#website\",\"url\":\"https:\/\/hotelhouse.cz\/\",\"name\":\"HOTELHOUSE.cz\",\"description\":\"Port\u00e1l o hotelech, pensionech, spa resortech a restaurac\u00edch...\",\"publisher\":{\"@id\":\"https:\/\/hotelhouse.cz\/#organization\"},\"potentialAction\":[{\"@type\":\"SearchAction\",\"target\":{\"@type\":\"EntryPoint\",\"urlTemplate\":\"https:\/\/hotelhouse.cz\/?s={search_term_string}\"},\"query-input\":\"required name=search_term_string\"}],\"inLanguage\":\"cs\"},{\"@type\":\"Organization\",\"@id\":\"https:\/\/hotelhouse.cz\/#organization\",\"name\":\"HOTELHOUSE.cz\",\"url\":\"https:\/\/hotelhouse.cz\/\",\"logo\":{\"@type\":\"ImageObject\",\"inLanguage\":\"cs\",\"@id\":\"https:\/\/hotelhouse.cz\/#\/schema\/logo\/image\/\",\"url\":\"https:\/\/hotelhouse.cz\/wp-content\/uploads\/2024\/12\/cropped-Logo_HotelHouse-2.jpg\",\"contentUrl\":\"https:\/\/hotelhouse.cz\/wp-content\/uploads\/2024\/12\/cropped-Logo_HotelHouse-2.jpg\",\"width\":933,\"height\":516,\"caption\":\"HOTELHOUSE.cz\"},\"image\":{\"@id\":\"https:\/\/hotelhouse.cz\/#\/schema\/logo\/image\/\"},\"sameAs\":[\"https:\/\/www.instagram.com\/hotelhousecz\/\"]},{\"@type\":\"Person\",\"@id\":\"https:\/\/hotelhouse.cz\/#\/schema\/person\/4a69eae39f069d4a695854158f0891cd\",\"name\":\"Hol\u00e1\u0148ov\u00e1 Jolana\",\"image\":{\"@type\":\"ImageObject\",\"inLanguage\":\"cs\",\"@id\":\"https:\/\/hotelhouse.cz\/#\/schema\/person\/image\/\",\"url\":\"https:\/\/secure.gravatar.com\/avatar\/5863c504ed89cd419ff3a5e812c722ff?s=96&d=mm&r=g\",\"contentUrl\":\"https:\/\/secure.gravatar.com\/avatar\/5863c504ed89cd419ff3a5e812c722ff?s=96&d=mm&r=g\",\"caption\":\"Hol\u00e1\u0148ov\u00e1 Jolana\"},\"sameAs\":[\"http:\/\/www.hotelhouse.cz\"],\"url\":\"https:\/\/hotelhouse.cz\/index.php\/author\/jolhol\/\"}]}<\/script>\n<!-- \/ Yoast SEO plugin. -->","yoast_head_json":{"title":"Nab\u00eddku N\u00e1kupn\u00ed galerie Myslbek roz\u0161\u00ed\u0159\u00ed kiosek Bubblify, prvn\u00ed z\u00e1kazn\u00edky p\u0159iv\u00edt\u00e1 unik\u00e1tn\u00ed valent\u00fdnskou akc\u00ed - HOTELHOUSE.cz","description":"Na za\u010d\u00e1tku \u00fanora dopln\u00ed N\u00e1kupn\u00ed galerie Myslbek sv\u00e9 portfolio zna\u010dek o Bubblify. Nov\u00fd kiosek bude prvn\u00ed pobo\u010dkou tuzemsk\u00e9 zna\u010dky bubble tea p\u0159\u00edmo v historick\u00e9m centru Prahy. Jedn\u00e1 se tak o dal\u0161\u00ed ze zna\u010dek, kter\u00fdmi n\u00e1kupn\u00ed galerie v pra\u017esk\u00e9 ulici Na P\u0159\u00edkop\u011b c\u00edl\u00ed na mlad\u0161\u00ed generace z\u00e1kazn\u00edk\u016f.","robots":{"index":"index","follow":"follow","max-snippet":"max-snippet:-1","max-image-preview":"max-image-preview:large","max-video-preview":"max-video-preview:-1"},"canonical":"https:\/\/hotelhouse.cz\/index.php\/2024\/02\/12\/nabidku-nakupni-galerie-myslbek-rozsiri-kiosek-bubblify-prvni-zakazniky-privita-unikatni-valentynskou-akci\/","og_locale":"cs_CZ","og_type":"article","og_title":"Nab\u00eddku N\u00e1kupn\u00ed galerie Myslbek roz\u0161\u00ed\u0159\u00ed kiosek Bubblify, prvn\u00ed z\u00e1kazn\u00edky p\u0159iv\u00edt\u00e1 unik\u00e1tn\u00ed valent\u00fdnskou akc\u00ed - HOTELHOUSE.cz","og_description":"Na za\u010d\u00e1tku \u00fanora dopln\u00ed N\u00e1kupn\u00ed galerie Myslbek sv\u00e9 portfolio zna\u010dek o Bubblify. Nov\u00fd kiosek bude prvn\u00ed pobo\u010dkou tuzemsk\u00e9 zna\u010dky bubble tea p\u0159\u00edmo v historick\u00e9m centru Prahy. Jedn\u00e1 se tak o dal\u0161\u00ed ze zna\u010dek, kter\u00fdmi n\u00e1kupn\u00ed galerie v pra\u017esk\u00e9 ulici Na P\u0159\u00edkop\u011b c\u00edl\u00ed na mlad\u0161\u00ed generace z\u00e1kazn\u00edk\u016f.","og_url":"https:\/\/hotelhouse.cz\/index.php\/2024\/02\/12\/nabidku-nakupni-galerie-myslbek-rozsiri-kiosek-bubblify-prvni-zakazniky-privita-unikatni-valentynskou-akci\/","og_site_name":"HOTELHOUSE.cz","article_published_time":"2024-02-11T23:01:00+00:00","article_modified_time":"2024-02-13T19:40:39+00:00","og_image":[{"width":1650,"height":1100,"url":"https:\/\/hotelhouse.cz\/wp-content\/uploads\/2024\/02\/Stanek-Bubblify-2.jpg","type":"image\/jpeg"}],"author":"Hol\u00e1\u0148ov\u00e1 Jolana","twitter_card":"summary_large_image","twitter_misc":{"Napsal(a)":"Hol\u00e1\u0148ov\u00e1 Jolana","Odhadovan\u00e1 doba \u010dten\u00ed":"6 minut"},"schema":{"@context":"https:\/\/schema.org","@graph":[{"@type":"Article","@id":"https:\/\/hotelhouse.cz\/index.php\/2024\/02\/12\/nabidku-nakupni-galerie-myslbek-rozsiri-kiosek-bubblify-prvni-zakazniky-privita-unikatni-valentynskou-akci\/#article","isPartOf":{"@id":"https:\/\/hotelhouse.cz\/index.php\/2024\/02\/12\/nabidku-nakupni-galerie-myslbek-rozsiri-kiosek-bubblify-prvni-zakazniky-privita-unikatni-valentynskou-akci\/"},"author":{"name":"Hol\u00e1\u0148ov\u00e1 Jolana","@id":"https:\/\/hotelhouse.cz\/#\/schema\/person\/4a69eae39f069d4a695854158f0891cd"},"headline":"Nab\u00eddku N\u00e1kupn\u00ed galerie Myslbek roz\u0161\u00ed\u0159\u00ed kiosek Bubblify, prvn\u00ed z\u00e1kazn\u00edky p\u0159iv\u00edt\u00e1 unik\u00e1tn\u00ed valent\u00fdnskou akc\u00ed","datePublished":"2024-02-11T23:01:00+00:00","dateModified":"2024-02-13T19:40:39+00:00","mainEntityOfPage":{"@id":"https:\/\/hotelhouse.cz\/index.php\/2024\/02\/12\/nabidku-nakupni-galerie-myslbek-rozsiri-kiosek-bubblify-prvni-zakazniky-privita-unikatni-valentynskou-akci\/"},"wordCount":464,"publisher":{"@id":"https:\/\/hotelhouse.cz\/#organization"},"keywords":["bubblify","myslbek","n\u00e1kupn\u00ed galerie"],"articleSection":["NaDovolenouDoPrahy.cz","N\u00c1KUPN\u00cd CENTRA","NEWS"],"inLanguage":"cs"},{"@type":"WebPage","@id":"https:\/\/hotelhouse.cz\/index.php\/2024\/02\/12\/nabidku-nakupni-galerie-myslbek-rozsiri-kiosek-bubblify-prvni-zakazniky-privita-unikatni-valentynskou-akci\/","url":"https:\/\/hotelhouse.cz\/index.php\/2024\/02\/12\/nabidku-nakupni-galerie-myslbek-rozsiri-kiosek-bubblify-prvni-zakazniky-privita-unikatni-valentynskou-akci\/","name":"Nab\u00eddku N\u00e1kupn\u00ed galerie Myslbek roz\u0161\u00ed\u0159\u00ed kiosek Bubblify, prvn\u00ed z\u00e1kazn\u00edky p\u0159iv\u00edt\u00e1 unik\u00e1tn\u00ed valent\u00fdnskou akc\u00ed - HOTELHOUSE.cz","isPartOf":{"@id":"https:\/\/hotelhouse.cz\/#website"},"datePublished":"2024-02-11T23:01:00+00:00","dateModified":"2024-02-13T19:40:39+00:00","description":"Na za\u010d\u00e1tku \u00fanora dopln\u00ed N\u00e1kupn\u00ed galerie Myslbek sv\u00e9 portfolio zna\u010dek o Bubblify. Nov\u00fd kiosek bude prvn\u00ed pobo\u010dkou tuzemsk\u00e9 zna\u010dky bubble tea p\u0159\u00edmo v historick\u00e9m centru Prahy. Jedn\u00e1 se tak o dal\u0161\u00ed ze zna\u010dek, kter\u00fdmi n\u00e1kupn\u00ed galerie v pra\u017esk\u00e9 ulici Na P\u0159\u00edkop\u011b c\u00edl\u00ed na mlad\u0161\u00ed generace z\u00e1kazn\u00edk\u016f.","breadcrumb":{"@id":"https:\/\/hotelhouse.cz\/index.php\/2024\/02\/12\/nabidku-nakupni-galerie-myslbek-rozsiri-kiosek-bubblify-prvni-zakazniky-privita-unikatni-valentynskou-akci\/#breadcrumb"},"inLanguage":"cs","potentialAction":[{"@type":"ReadAction","target":["https:\/\/hotelhouse.cz\/index.php\/2024\/02\/12\/nabidku-nakupni-galerie-myslbek-rozsiri-kiosek-bubblify-prvni-zakazniky-privita-unikatni-valentynskou-akci\/"]}]},{"@type":"BreadcrumbList","@id":"https:\/\/hotelhouse.cz\/index.php\/2024\/02\/12\/nabidku-nakupni-galerie-myslbek-rozsiri-kiosek-bubblify-prvni-zakazniky-privita-unikatni-valentynskou-akci\/#breadcrumb","itemListElement":[{"@type":"ListItem","position":1,"name":"Dom\u016f","item":"https:\/\/hotelhouse.cz\/"},{"@type":"ListItem","position":2,"name":"Nab\u00eddku N\u00e1kupn\u00ed galerie Myslbek roz\u0161\u00ed\u0159\u00ed kiosek Bubblify, prvn\u00ed z\u00e1kazn\u00edky p\u0159iv\u00edt\u00e1 unik\u00e1tn\u00ed valent\u00fdnskou akc\u00ed"}]},{"@type":"WebSite","@id":"https:\/\/hotelhouse.cz\/#website","url":"https:\/\/hotelhouse.cz\/","name":"HOTELHOUSE.cz","description":"Port\u00e1l o hotelech, pensionech, spa resortech a restaurac\u00edch...","publisher":{"@id":"https:\/\/hotelhouse.cz\/#organization"},"potentialAction":[{"@type":"SearchAction","target":{"@type":"EntryPoint","urlTemplate":"https:\/\/hotelhouse.cz\/?s={search_term_string}"},"query-input":"required name=search_term_string"}],"inLanguage":"cs"},{"@type":"Organization","@id":"https:\/\/hotelhouse.cz\/#organization","name":"HOTELHOUSE.cz","url":"https:\/\/hotelhouse.cz\/","logo":{"@type":"ImageObject","inLanguage":"cs","@id":"https:\/\/hotelhouse.cz\/#\/schema\/logo\/image\/","url":"https:\/\/hotelhouse.cz\/wp-content\/uploads\/2024\/12\/cropped-Logo_HotelHouse-2.jpg","contentUrl":"https:\/\/hotelhouse.cz\/wp-content\/uploads\/2024\/12\/cropped-Logo_HotelHouse-2.jpg","width":933,"height":516,"caption":"HOTELHOUSE.cz"},"image":{"@id":"https:\/\/hotelhouse.cz\/#\/schema\/logo\/image\/"},"sameAs":["https:\/\/www.instagram.com\/hotelhousecz\/"]},{"@type":"Person","@id":"https:\/\/hotelhouse.cz\/#\/schema\/person\/4a69eae39f069d4a695854158f0891cd","name":"Hol\u00e1\u0148ov\u00e1 Jolana","image":{"@type":"ImageObject","inLanguage":"cs","@id":"https:\/\/hotelhouse.cz\/#\/schema\/person\/image\/","url":"https:\/\/secure.gravatar.com\/avatar\/5863c504ed89cd419ff3a5e812c722ff?s=96&d=mm&r=g","contentUrl":"https:\/\/secure.gravatar.com\/avatar\/5863c504ed89cd419ff3a5e812c722ff?s=96&d=mm&r=g","caption":"Hol\u00e1\u0148ov\u00e1 Jolana"},"sameAs":["http:\/\/www.hotelhouse.cz"],"url":"https:\/\/hotelhouse.cz\/index.php\/author\/jolhol\/"}]}},"_links":{"self":[{"href":"https:\/\/hotelhouse.cz\/index.php\/wp-json\/wp\/v2\/posts\/5946"}],"collection":[{"href":"https:\/\/hotelhouse.cz\/index.php\/wp-json\/wp\/v2\/posts"}],"about":[{"href":"https:\/\/hotelhouse.cz\/index.php\/wp-json\/wp\/v2\/types\/post"}],"author":[{"embeddable":true,"href":"https:\/\/hotelhouse.cz\/index.php\/wp-json\/wp\/v2\/users\/2"}],"replies":[{"embeddable":true,"href":"https:\/\/hotelhouse.cz\/index.php\/wp-json\/wp\/v2\/comments?post=5946"}],"version-history":[{"count":1,"href":"https:\/\/hotelhouse.cz\/index.php\/wp-json\/wp\/v2\/posts\/5946\/revisions"}],"predecessor-version":[{"id":5948,"href":"https:\/\/hotelhouse.cz\/index.php\/wp-json\/wp\/v2\/posts\/5946\/revisions\/5948"}],"wp:featuredmedia":[{"embeddable":true,"href":"https:\/\/hotelhouse.cz\/index.php\/wp-json\/wp\/v2\/media\/5947"}],"wp:attachment":[{"href":"https:\/\/hotelhouse.cz\/index.php\/wp-json\/wp\/v2\/media?parent=5946"}],"wp:term":[{"taxonomy":"category","embeddable":true,"href":"https:\/\/hotelhouse.cz\/index.php\/wp-json\/wp\/v2\/categories?post=5946"},{"taxonomy":"post_tag","embeddable":true,"href":"https:\/\/hotelhouse.cz\/index.php\/wp-json\/wp\/v2\/tags?post=5946"}],"curies":[{"name":"wp","href":"https:\/\/api.w.org\/{rel}","templated":true}]}}