{"id":5985,"date":"2024-03-11T00:01:00","date_gmt":"2024-03-10T23:01:00","guid":{"rendered":"https:\/\/hotelhouse.cz\/?p=5985"},"modified":"2024-03-09T01:17:26","modified_gmt":"2024-03-09T00:17:26","slug":"restaurace-la-veranda-cesnek-z-lesa","status":"publish","type":"post","link":"https:\/\/hotelhouse.cz\/index.php\/2024\/03\/11\/restaurace-la-veranda-cesnek-z-lesa\/","title":{"rendered":"Restaurace La Veranda: \u010cesnek z lesa"},"content":{"rendered":"\n<div style=\"height:48px\" aria-hidden=\"true\" class=\"wp-block-spacer\"><\/div>\n\n\n\n<p><strong>Do di\u00e1\u0159e si zapi\u0161te p\u0159elom b\u0159ezna a dubna. A m\u00edsto: Restaurace La Veranda, Eli\u0161ky Kr\u00e1snohorsk\u00e9 10\/2, Praha 1 \u2013 Josefov.<\/strong><\/p>\n\n\n\n<div style=\"height:48px\" aria-hidden=\"true\" class=\"wp-block-spacer\"><\/div>\n\n\n\n<figure class=\"wp-block-image size-large\"><img decoding=\"async\" loading=\"lazy\" width=\"1024\" height=\"848\" src=\"https:\/\/hotelhouse.cz\/wp-content\/uploads\/2024\/03\/DSC04401_1-1024x848.jpg\" alt=\"\" class=\"wp-image-5986\" srcset=\"https:\/\/hotelhouse.cz\/wp-content\/uploads\/2024\/03\/DSC04401_1-1024x848.jpg 1024w, https:\/\/hotelhouse.cz\/wp-content\/uploads\/2024\/03\/DSC04401_1-300x248.jpg 300w, https:\/\/hotelhouse.cz\/wp-content\/uploads\/2024\/03\/DSC04401_1-768x636.jpg 768w, https:\/\/hotelhouse.cz\/wp-content\/uploads\/2024\/03\/DSC04401_1.jpg 1220w\" sizes=\"(max-width: 1024px) 100vw, 1024px\" \/><\/figure>\n\n\n\n<div style=\"height:48px\" aria-hidden=\"true\" class=\"wp-block-spacer\"><\/div>\n\n\n\n<p>Z\u00e1le\u017e\u00ed na po\u010das\u00ed, ale jedno je jist\u00e9, p\u0159ibli\u017en\u011b v&nbsp;tomto obdob\u00ed p\u0159ich\u00e1z\u00ed \u010das \u010desneku z&nbsp;lesa. Netu\u0161\u00edte, kter\u00fd to je? Jedn\u00e1 se o v\u0161emi milovan\u00fd medv\u011bd\u00ed \u010desnek, kter\u00fd se stal hitem posledn\u00edch let restaurac\u00ed i dom\u00e1cnost\u00ed. Chu\u0165 je b\u00e1je\u010dn\u00e1, av\u0161ak slab\u0161\u00ed oproti klasick\u00e9mu \u010desneku.<\/p>\n\n\n\n<div style=\"height:50px\" aria-hidden=\"true\" class=\"wp-block-spacer\"><\/div>\n\n\n\n<figure class=\"wp-block-image size-large\"><img decoding=\"async\" src=\"https:\/\/prazskaparizska.cz\/wp-content\/uploads\/2024\/03\/lv-2-1024x662.png\" alt=\"\" class=\"wp-image-2864\"\/><\/figure>\n\n\n\n<div style=\"height:50px\" aria-hidden=\"true\" class=\"wp-block-spacer\"><\/div>\n\n\n\n<p>Medv\u011bd\u00ed \u010desnek se pou\u017e\u00edv\u00e1 jako l\u00e9\u010div\u00e1 rostlina, zelenina a p\u011bstuje se i na okrasu.<\/p>\n\n\n\n<p>Ve dvacetilet\u00e9 ikonick\u00e9 restauraci La Veranda v&nbsp;centru historick\u00e9 Prahy se tato surovina stala srdcovkou. Rok, co rok p\u0159ipravuje t\u00fdm restaurace uhran\u010div\u00e9 menu, kter\u00e9 je sez\u00f3nn\u00ed, \u010dasov\u011b omezen\u00e9, ale o to opojn\u011bj\u0161\u00ed. Leto\u0161n\u00ed rok je ve znamen\u00ed <strong>Tartaletky s&nbsp;hr\u00e1\u0161kem, vejcem 63<\/strong><strong>?<\/strong><strong>C a smr\u017ei pln\u011bn\u00fdmi koz\u00edm tvarohem<\/strong>, kterou st\u0159\u00eddaj\u00ed <strong>Ravioly s&nbsp;ricottou, \u017eloutkem a medv\u011bd\u00edm s&nbsp;\u010dern\u00fdm \u010desnekem<\/strong>. Kdo v&nbsp;tuto chv\u00edli st\u00e1le v\u00e1h\u00e1, existuje \u0159e\u0161en\u00ed v&nbsp;podob\u011b <strong>K\u0159epelky s&nbsp;mladou zeleninou, kop\u0159ivovou n\u00e1divkou a \u010desnekov\u00fdm velout\u00e9<\/strong>.<\/p>\n\n\n\n<div style=\"height:50px\" aria-hidden=\"true\" class=\"wp-block-spacer\"><\/div>\n\n\n\n<figure class=\"wp-block-gallery has-nested-images columns-default is-cropped wp-block-gallery-1 is-layout-flex wp-block-gallery-is-layout-flex\">\n<figure class=\"wp-block-image size-large\"><img decoding=\"async\" data-id=\"2860\" src=\"https:\/\/prazskaparizska.cz\/wp-content\/uploads\/2024\/03\/DSC04683.jpg\" alt=\"\" class=\"wp-image-2860\"\/><\/figure>\n\n\n\n<figure class=\"wp-block-image size-large\"><img decoding=\"async\" data-id=\"2862\" src=\"https:\/\/prazskaparizska.cz\/wp-content\/uploads\/2024\/03\/cokoladovy-fondant-2.jpg\" alt=\"\" class=\"wp-image-2862\"\/><\/figure>\n\n\n\n<figure class=\"wp-block-image size-large\"><img decoding=\"async\" data-id=\"2861\" src=\"https:\/\/prazskaparizska.cz\/wp-content\/uploads\/2024\/03\/DSC04569.jpg\" alt=\"\" class=\"wp-image-2861\"\/><\/figure>\n<\/figure>\n\n\n\n<div style=\"height:50px\" aria-hidden=\"true\" class=\"wp-block-spacer\"><\/div>\n\n\n\n<p>P\u0159esn\u00fd \u010das spu\u0161t\u011bn\u00ed \u010desnekov\u00e9ho menu bude ozn\u00e1men na soci\u00e1ln\u00edch s\u00edt\u00edch @laveranda_praha. Proto sledujte a neprop\u00e1sn\u011bte tuto gastronomickou ud\u00e1lost jara.<\/p>\n\n\n\n<div style=\"height:50px\" aria-hidden=\"true\" class=\"wp-block-spacer\"><\/div>\n\n\n\n<figure class=\"wp-block-image size-large\"><img decoding=\"async\" src=\"https:\/\/prazskaparizska.cz\/wp-content\/uploads\/2024\/03\/interier-1024x679.png\" alt=\"\" class=\"wp-image-2865\"\/><\/figure>\n\n\n\n<div style=\"height:66px\" aria-hidden=\"true\" class=\"wp-block-spacer\"><\/div>\n\n\n<div class=\"wp-block-image is-resized\">\n<figure class=\"alignleft size-large\"><img decoding=\"async\" loading=\"lazy\" src=\"https:\/\/prazskaparizska.cz\/wp-content\/uploads\/2024\/03\/image-1024x510.png\" alt=\"\" class=\"wp-image-2866\" style=\"width:428px;height:213px\" width=\"428\" height=\"213\"\/><\/figure><\/div>\n\n\n<div style=\"height:20px\" aria-hidden=\"true\" class=\"wp-block-spacer\"><\/div>\n\n\n\n<h2 class=\"wp-block-heading\">La Veranda<\/h2>\n\n\n\n<p><strong>Eli\u0161ky Kr\u00e1snohorsk\u00e9 10\/2, Praha 1 \u2013 Josefov<\/strong><\/p>\n\n\n\n<p><strong>V\u00edce info na <a href=\"https:\/\/www.laveranda.cz\">laveranda.cz<\/a><\/strong><\/p>\n\n\n\n<div style=\"height:100px\" aria-hidden=\"true\" class=\"wp-block-spacer\"><\/div>\n\n\n\n<figure class=\"wp-block-gallery has-nested-images columns-2 is-cropped wp-block-gallery-3 is-layout-flex wp-block-gallery-is-layout-flex\">\n<figure class=\"wp-block-image size-large\"><img decoding=\"async\" data-id=\"2863\" src=\"https:\/\/prazskaparizska.cz\/wp-content\/uploads\/2024\/03\/DSC04401_1-1024x848.jpg\" alt=\"\" class=\"wp-image-2863\"\/><\/figure>\n\n\n\n<figure class=\"wp-block-image size-large\"><img decoding=\"async\" data-id=\"2864\" src=\"https:\/\/prazskaparizska.cz\/wp-content\/uploads\/2024\/03\/lv-2-1024x662.png\" alt=\"\" class=\"wp-image-2864\"\/><\/figure>\n\n\n\n<figure class=\"wp-block-image size-large\"><img decoding=\"async\" data-id=\"2862\" src=\"https:\/\/prazskaparizska.cz\/wp-content\/uploads\/2024\/03\/cokoladovy-fondant-2.jpg\" alt=\"\" class=\"wp-image-2862\"\/><\/figure>\n\n\n\n<figure class=\"wp-block-image size-large\"><img decoding=\"async\" data-id=\"2861\" src=\"https:\/\/prazskaparizska.cz\/wp-content\/uploads\/2024\/03\/DSC04569.jpg\" alt=\"\" class=\"wp-image-2861\"\/><\/figure>\n\n\n\n<figure class=\"wp-block-image size-large\"><img decoding=\"async\" data-id=\"2860\" src=\"https:\/\/prazskaparizska.cz\/wp-content\/uploads\/2024\/03\/DSC04683.jpg\" alt=\"\" class=\"wp-image-2860\"\/><\/figure>\n\n\n\n<figure class=\"wp-block-image size-large\"><img decoding=\"async\" data-id=\"2865\" src=\"https:\/\/prazskaparizska.cz\/wp-content\/uploads\/2024\/03\/interier-1024x679.png\" alt=\"\" class=\"wp-image-2865\"\/><\/figure>\n<\/figure>\n\n\n\n<div style=\"height:35px\" aria-hidden=\"true\" class=\"wp-block-spacer\"><\/div>\n\n\n\n<p><strong>Zdroj foto: <\/strong>Restaurace La Veranda<\/p>\n\n\n\n<div style=\"height:100px\" aria-hidden=\"true\" class=\"wp-block-spacer\"><\/div>\n","protected":false},"excerpt":{"rendered":"<p>Do di\u00e1\u0159e si zapi\u0161te p\u0159elom b\u0159ezna a dubna. A m\u00edsto: Restaurace La Veranda, Eli\u0161ky Kr\u00e1snohorsk\u00e9 10\/2, Praha 1 \u2013 Josefov. Z\u00e1le\u017e\u00ed na po\u010das\u00ed, ale jedno je jist\u00e9, p\u0159ibli\u017en\u011b v&nbsp;tomto obdob\u00ed p\u0159ich\u00e1z\u00ed \u010das \u010desneku z&nbsp;lesa.&#46;&#46;&#46;<\/p>\n","protected":false},"author":3,"featured_media":5986,"comment_status":"closed","ping_status":"closed","sticky":false,"template":"","format":"standard","meta":{"_monsterinsights_skip_tracking":false,"_monsterinsights_sitenote_active":false,"_monsterinsights_sitenote_note":"","_monsterinsights_sitenote_category":0,"footnotes":""},"categories":[22,2,8,28],"tags":[61,30,62,56,60],"yoast_head":"<!-- This site is optimized with the Yoast SEO plugin v21.5 - https:\/\/yoast.com\/wordpress\/plugins\/seo\/ -->\n<title>Restaurace La Veranda: \u010cesnek z lesa - HOTELHOUSE.cz<\/title>\n<meta name=\"description\" content=\"Do di\u00e1\u0159e si zapi\u0161te p\u0159elom b\u0159ezna a dubna. A m\u00edsto: Restaurace La Veranda, Eli\u0161ky Kr\u00e1snohorsk\u00e9 10\/2, Praha 1 \u2013 Josefov.Z\u00e1le\u017e\u00ed na po\u010das\u00ed, ale jedno je jist\u00e9, p\u0159ibli\u017en\u011b v\u00a0tomto obdob\u00ed p\u0159ich\u00e1z\u00ed \u010das \u010desneku z\u00a0lesa. Netu\u0161\u00edte, kter\u00fd to je? Jedn\u00e1 se o v\u0161emi milovan\u00fd medv\u011bd\u00ed \u010desnek, kter\u00fd se stal hitem posledn\u00edch let restaurac\u00ed i dom\u00e1cnost\u00ed. Chu\u0165 je b\u00e1je\u010dn\u00e1, av\u0161ak slab\u0161\u00ed oproti klasick\u00e9mu \u010desneku.\" \/>\n<meta name=\"robots\" content=\"index, follow, max-snippet:-1, max-image-preview:large, max-video-preview:-1\" \/>\n<link rel=\"canonical\" href=\"https:\/\/hotelhouse.cz\/index.php\/2024\/03\/11\/restaurace-la-veranda-cesnek-z-lesa\/\" \/>\n<meta property=\"og:locale\" content=\"cs_CZ\" \/>\n<meta property=\"og:type\" content=\"article\" \/>\n<meta property=\"og:title\" content=\"Restaurace La Veranda: \u010cesnek z lesa - HOTELHOUSE.cz\" \/>\n<meta property=\"og:description\" content=\"Do di\u00e1\u0159e si zapi\u0161te p\u0159elom b\u0159ezna a dubna. A m\u00edsto: Restaurace La Veranda, Eli\u0161ky Kr\u00e1snohorsk\u00e9 10\/2, Praha 1 \u2013 Josefov.Z\u00e1le\u017e\u00ed na po\u010das\u00ed, ale jedno je jist\u00e9, p\u0159ibli\u017en\u011b v\u00a0tomto obdob\u00ed p\u0159ich\u00e1z\u00ed \u010das \u010desneku z\u00a0lesa. Netu\u0161\u00edte, kter\u00fd to je? Jedn\u00e1 se o v\u0161emi milovan\u00fd medv\u011bd\u00ed \u010desnek, kter\u00fd se stal hitem posledn\u00edch let restaurac\u00ed i dom\u00e1cnost\u00ed. Chu\u0165 je b\u00e1je\u010dn\u00e1, av\u0161ak slab\u0161\u00ed oproti klasick\u00e9mu \u010desneku.\" \/>\n<meta property=\"og:url\" content=\"https:\/\/hotelhouse.cz\/index.php\/2024\/03\/11\/restaurace-la-veranda-cesnek-z-lesa\/\" \/>\n<meta property=\"og:site_name\" content=\"HOTELHOUSE.cz\" \/>\n<meta property=\"article:published_time\" content=\"2024-03-10T23:01:00+00:00\" \/>\n<meta property=\"article:modified_time\" content=\"2024-03-09T00:17:26+00:00\" \/>\n<meta property=\"og:image\" content=\"https:\/\/hotelhouse.cz\/wp-content\/uploads\/2024\/03\/DSC04401_1.jpg\" \/>\n\t<meta property=\"og:image:width\" content=\"1220\" \/>\n\t<meta property=\"og:image:height\" content=\"1010\" \/>\n\t<meta property=\"og:image:type\" content=\"image\/jpeg\" \/>\n<meta name=\"author\" content=\"Van\u011bk Miroslav\" \/>\n<meta name=\"twitter:card\" content=\"summary_large_image\" \/>\n<meta name=\"twitter:label1\" content=\"Napsal(a)\" \/>\n\t<meta name=\"twitter:data1\" content=\"Van\u011bk Miroslav\" \/>\n\t<meta name=\"twitter:label2\" content=\"Odhadovan\u00e1 doba \u010dten\u00ed\" \/>\n\t<meta name=\"twitter:data2\" content=\"4 minuty\" \/>\n<script type=\"application\/ld+json\" class=\"yoast-schema-graph\">{\"@context\":\"https:\/\/schema.org\",\"@graph\":[{\"@type\":\"Article\",\"@id\":\"https:\/\/hotelhouse.cz\/index.php\/2024\/03\/11\/restaurace-la-veranda-cesnek-z-lesa\/#article\",\"isPartOf\":{\"@id\":\"https:\/\/hotelhouse.cz\/index.php\/2024\/03\/11\/restaurace-la-veranda-cesnek-z-lesa\/\"},\"author\":{\"name\":\"Van\u011bk Miroslav\",\"@id\":\"https:\/\/hotelhouse.cz\/#\/schema\/person\/fa8caee3f0a9c6134afed3c541204812\"},\"headline\":\"Restaurace La Veranda: \u010cesnek z lesa\",\"datePublished\":\"2024-03-10T23:01:00+00:00\",\"dateModified\":\"2024-03-09T00:17:26+00:00\",\"mainEntityOfPage\":{\"@id\":\"https:\/\/hotelhouse.cz\/index.php\/2024\/03\/11\/restaurace-la-veranda-cesnek-z-lesa\/\"},\"wordCount\":267,\"publisher\":{\"@id\":\"https:\/\/hotelhouse.cz\/#organization\"},\"keywords\":[\"\u010cesnek z lesa\",\"gastro\",\"Pra\u017esk\u00e1 Pa\u0159\u00ed\u017esk\u00e1\",\"restaurace\",\"Restaurace La Veranda\"],\"articleSection\":[\"NaDovolenouDoPrahy.cz\",\"NEWS\",\"RESTAURACE &amp; BISTRA\",\"TIPY NA J\u00cdDLO\"],\"inLanguage\":\"cs\"},{\"@type\":\"WebPage\",\"@id\":\"https:\/\/hotelhouse.cz\/index.php\/2024\/03\/11\/restaurace-la-veranda-cesnek-z-lesa\/\",\"url\":\"https:\/\/hotelhouse.cz\/index.php\/2024\/03\/11\/restaurace-la-veranda-cesnek-z-lesa\/\",\"name\":\"Restaurace La Veranda: \u010cesnek z lesa - HOTELHOUSE.cz\",\"isPartOf\":{\"@id\":\"https:\/\/hotelhouse.cz\/#website\"},\"datePublished\":\"2024-03-10T23:01:00+00:00\",\"dateModified\":\"2024-03-09T00:17:26+00:00\",\"description\":\"Do di\u00e1\u0159e si zapi\u0161te p\u0159elom b\u0159ezna a dubna. A m\u00edsto: Restaurace La Veranda, Eli\u0161ky Kr\u00e1snohorsk\u00e9 10\/2, Praha 1 \u2013 Josefov.Z\u00e1le\u017e\u00ed na po\u010das\u00ed, ale jedno je jist\u00e9, p\u0159ibli\u017en\u011b v\u00a0tomto obdob\u00ed p\u0159ich\u00e1z\u00ed \u010das \u010desneku z\u00a0lesa. Netu\u0161\u00edte, kter\u00fd to je? Jedn\u00e1 se o v\u0161emi milovan\u00fd medv\u011bd\u00ed \u010desnek, kter\u00fd se stal hitem posledn\u00edch let restaurac\u00ed i dom\u00e1cnost\u00ed. Chu\u0165 je b\u00e1je\u010dn\u00e1, av\u0161ak slab\u0161\u00ed oproti klasick\u00e9mu \u010desneku.\",\"breadcrumb\":{\"@id\":\"https:\/\/hotelhouse.cz\/index.php\/2024\/03\/11\/restaurace-la-veranda-cesnek-z-lesa\/#breadcrumb\"},\"inLanguage\":\"cs\",\"potentialAction\":[{\"@type\":\"ReadAction\",\"target\":[\"https:\/\/hotelhouse.cz\/index.php\/2024\/03\/11\/restaurace-la-veranda-cesnek-z-lesa\/\"]}]},{\"@type\":\"BreadcrumbList\",\"@id\":\"https:\/\/hotelhouse.cz\/index.php\/2024\/03\/11\/restaurace-la-veranda-cesnek-z-lesa\/#breadcrumb\",\"itemListElement\":[{\"@type\":\"ListItem\",\"position\":1,\"name\":\"Dom\u016f\",\"item\":\"https:\/\/hotelhouse.cz\/\"},{\"@type\":\"ListItem\",\"position\":2,\"name\":\"Restaurace La Veranda: \u010cesnek z lesa\"}]},{\"@type\":\"WebSite\",\"@id\":\"https:\/\/hotelhouse.cz\/#website\",\"url\":\"https:\/\/hotelhouse.cz\/\",\"name\":\"HOTELHOUSE.cz\",\"description\":\"Port\u00e1l o hotelech, pensionech, spa resortech a restaurac\u00edch...\",\"publisher\":{\"@id\":\"https:\/\/hotelhouse.cz\/#organization\"},\"potentialAction\":[{\"@type\":\"SearchAction\",\"target\":{\"@type\":\"EntryPoint\",\"urlTemplate\":\"https:\/\/hotelhouse.cz\/?s={search_term_string}\"},\"query-input\":\"required name=search_term_string\"}],\"inLanguage\":\"cs\"},{\"@type\":\"Organization\",\"@id\":\"https:\/\/hotelhouse.cz\/#organization\",\"name\":\"HOTELHOUSE.cz\",\"url\":\"https:\/\/hotelhouse.cz\/\",\"logo\":{\"@type\":\"ImageObject\",\"inLanguage\":\"cs\",\"@id\":\"https:\/\/hotelhouse.cz\/#\/schema\/logo\/image\/\",\"url\":\"https:\/\/hotelhouse.cz\/wp-content\/uploads\/2024\/12\/cropped-Logo_HotelHouse-2.jpg\",\"contentUrl\":\"https:\/\/hotelhouse.cz\/wp-content\/uploads\/2024\/12\/cropped-Logo_HotelHouse-2.jpg\",\"width\":933,\"height\":516,\"caption\":\"HOTELHOUSE.cz\"},\"image\":{\"@id\":\"https:\/\/hotelhouse.cz\/#\/schema\/logo\/image\/\"},\"sameAs\":[\"https:\/\/www.instagram.com\/hotelhousecz\/\"]},{\"@type\":\"Person\",\"@id\":\"https:\/\/hotelhouse.cz\/#\/schema\/person\/fa8caee3f0a9c6134afed3c541204812\",\"name\":\"Van\u011bk Miroslav\",\"image\":{\"@type\":\"ImageObject\",\"inLanguage\":\"cs\",\"@id\":\"https:\/\/hotelhouse.cz\/#\/schema\/person\/image\/\",\"url\":\"https:\/\/secure.gravatar.com\/avatar\/cc93dbecbfc820d69a964ea4a1c72377?s=96&d=mm&r=g\",\"contentUrl\":\"https:\/\/secure.gravatar.com\/avatar\/cc93dbecbfc820d69a964ea4a1c72377?s=96&d=mm&r=g\",\"caption\":\"Van\u011bk Miroslav\"},\"sameAs\":[\"http:\/\/www.hotelhouse.cz\"],\"url\":\"https:\/\/hotelhouse.cz\/index.php\/author\/mirvan\/\"}]}<\/script>\n<!-- \/ Yoast SEO plugin. -->","yoast_head_json":{"title":"Restaurace La Veranda: \u010cesnek z lesa - HOTELHOUSE.cz","description":"Do di\u00e1\u0159e si zapi\u0161te p\u0159elom b\u0159ezna a dubna. A m\u00edsto: Restaurace La Veranda, Eli\u0161ky Kr\u00e1snohorsk\u00e9 10\/2, Praha 1 \u2013 Josefov.Z\u00e1le\u017e\u00ed na po\u010das\u00ed, ale jedno je jist\u00e9, p\u0159ibli\u017en\u011b v\u00a0tomto obdob\u00ed p\u0159ich\u00e1z\u00ed \u010das \u010desneku z\u00a0lesa. Netu\u0161\u00edte, kter\u00fd to je? Jedn\u00e1 se o v\u0161emi milovan\u00fd medv\u011bd\u00ed \u010desnek, kter\u00fd se stal hitem posledn\u00edch let restaurac\u00ed i dom\u00e1cnost\u00ed. Chu\u0165 je b\u00e1je\u010dn\u00e1, av\u0161ak slab\u0161\u00ed oproti klasick\u00e9mu \u010desneku.","robots":{"index":"index","follow":"follow","max-snippet":"max-snippet:-1","max-image-preview":"max-image-preview:large","max-video-preview":"max-video-preview:-1"},"canonical":"https:\/\/hotelhouse.cz\/index.php\/2024\/03\/11\/restaurace-la-veranda-cesnek-z-lesa\/","og_locale":"cs_CZ","og_type":"article","og_title":"Restaurace La Veranda: \u010cesnek z lesa - HOTELHOUSE.cz","og_description":"Do di\u00e1\u0159e si zapi\u0161te p\u0159elom b\u0159ezna a dubna. A m\u00edsto: Restaurace La Veranda, Eli\u0161ky Kr\u00e1snohorsk\u00e9 10\/2, Praha 1 \u2013 Josefov.Z\u00e1le\u017e\u00ed na po\u010das\u00ed, ale jedno je jist\u00e9, p\u0159ibli\u017en\u011b v\u00a0tomto obdob\u00ed p\u0159ich\u00e1z\u00ed \u010das \u010desneku z\u00a0lesa. Netu\u0161\u00edte, kter\u00fd to je? Jedn\u00e1 se o v\u0161emi milovan\u00fd medv\u011bd\u00ed \u010desnek, kter\u00fd se stal hitem posledn\u00edch let restaurac\u00ed i dom\u00e1cnost\u00ed. Chu\u0165 je b\u00e1je\u010dn\u00e1, av\u0161ak slab\u0161\u00ed oproti klasick\u00e9mu \u010desneku.","og_url":"https:\/\/hotelhouse.cz\/index.php\/2024\/03\/11\/restaurace-la-veranda-cesnek-z-lesa\/","og_site_name":"HOTELHOUSE.cz","article_published_time":"2024-03-10T23:01:00+00:00","article_modified_time":"2024-03-09T00:17:26+00:00","og_image":[{"width":1220,"height":1010,"url":"https:\/\/hotelhouse.cz\/wp-content\/uploads\/2024\/03\/DSC04401_1.jpg","type":"image\/jpeg"}],"author":"Van\u011bk Miroslav","twitter_card":"summary_large_image","twitter_misc":{"Napsal(a)":"Van\u011bk Miroslav","Odhadovan\u00e1 doba \u010dten\u00ed":"4 minuty"},"schema":{"@context":"https:\/\/schema.org","@graph":[{"@type":"Article","@id":"https:\/\/hotelhouse.cz\/index.php\/2024\/03\/11\/restaurace-la-veranda-cesnek-z-lesa\/#article","isPartOf":{"@id":"https:\/\/hotelhouse.cz\/index.php\/2024\/03\/11\/restaurace-la-veranda-cesnek-z-lesa\/"},"author":{"name":"Van\u011bk Miroslav","@id":"https:\/\/hotelhouse.cz\/#\/schema\/person\/fa8caee3f0a9c6134afed3c541204812"},"headline":"Restaurace La Veranda: \u010cesnek z lesa","datePublished":"2024-03-10T23:01:00+00:00","dateModified":"2024-03-09T00:17:26+00:00","mainEntityOfPage":{"@id":"https:\/\/hotelhouse.cz\/index.php\/2024\/03\/11\/restaurace-la-veranda-cesnek-z-lesa\/"},"wordCount":267,"publisher":{"@id":"https:\/\/hotelhouse.cz\/#organization"},"keywords":["\u010cesnek z lesa","gastro","Pra\u017esk\u00e1 Pa\u0159\u00ed\u017esk\u00e1","restaurace","Restaurace La Veranda"],"articleSection":["NaDovolenouDoPrahy.cz","NEWS","RESTAURACE &amp; BISTRA","TIPY NA J\u00cdDLO"],"inLanguage":"cs"},{"@type":"WebPage","@id":"https:\/\/hotelhouse.cz\/index.php\/2024\/03\/11\/restaurace-la-veranda-cesnek-z-lesa\/","url":"https:\/\/hotelhouse.cz\/index.php\/2024\/03\/11\/restaurace-la-veranda-cesnek-z-lesa\/","name":"Restaurace La Veranda: \u010cesnek z lesa - HOTELHOUSE.cz","isPartOf":{"@id":"https:\/\/hotelhouse.cz\/#website"},"datePublished":"2024-03-10T23:01:00+00:00","dateModified":"2024-03-09T00:17:26+00:00","description":"Do di\u00e1\u0159e si zapi\u0161te p\u0159elom b\u0159ezna a dubna. A m\u00edsto: Restaurace La Veranda, Eli\u0161ky Kr\u00e1snohorsk\u00e9 10\/2, Praha 1 \u2013 Josefov.Z\u00e1le\u017e\u00ed na po\u010das\u00ed, ale jedno je jist\u00e9, p\u0159ibli\u017en\u011b v\u00a0tomto obdob\u00ed p\u0159ich\u00e1z\u00ed \u010das \u010desneku z\u00a0lesa. Netu\u0161\u00edte, kter\u00fd to je? Jedn\u00e1 se o v\u0161emi milovan\u00fd medv\u011bd\u00ed \u010desnek, kter\u00fd se stal hitem posledn\u00edch let restaurac\u00ed i dom\u00e1cnost\u00ed. Chu\u0165 je b\u00e1je\u010dn\u00e1, av\u0161ak slab\u0161\u00ed oproti klasick\u00e9mu \u010desneku.","breadcrumb":{"@id":"https:\/\/hotelhouse.cz\/index.php\/2024\/03\/11\/restaurace-la-veranda-cesnek-z-lesa\/#breadcrumb"},"inLanguage":"cs","potentialAction":[{"@type":"ReadAction","target":["https:\/\/hotelhouse.cz\/index.php\/2024\/03\/11\/restaurace-la-veranda-cesnek-z-lesa\/"]}]},{"@type":"BreadcrumbList","@id":"https:\/\/hotelhouse.cz\/index.php\/2024\/03\/11\/restaurace-la-veranda-cesnek-z-lesa\/#breadcrumb","itemListElement":[{"@type":"ListItem","position":1,"name":"Dom\u016f","item":"https:\/\/hotelhouse.cz\/"},{"@type":"ListItem","position":2,"name":"Restaurace La Veranda: \u010cesnek z lesa"}]},{"@type":"WebSite","@id":"https:\/\/hotelhouse.cz\/#website","url":"https:\/\/hotelhouse.cz\/","name":"HOTELHOUSE.cz","description":"Port\u00e1l o hotelech, pensionech, spa resortech a restaurac\u00edch...","publisher":{"@id":"https:\/\/hotelhouse.cz\/#organization"},"potentialAction":[{"@type":"SearchAction","target":{"@type":"EntryPoint","urlTemplate":"https:\/\/hotelhouse.cz\/?s={search_term_string}"},"query-input":"required name=search_term_string"}],"inLanguage":"cs"},{"@type":"Organization","@id":"https:\/\/hotelhouse.cz\/#organization","name":"HOTELHOUSE.cz","url":"https:\/\/hotelhouse.cz\/","logo":{"@type":"ImageObject","inLanguage":"cs","@id":"https:\/\/hotelhouse.cz\/#\/schema\/logo\/image\/","url":"https:\/\/hotelhouse.cz\/wp-content\/uploads\/2024\/12\/cropped-Logo_HotelHouse-2.jpg","contentUrl":"https:\/\/hotelhouse.cz\/wp-content\/uploads\/2024\/12\/cropped-Logo_HotelHouse-2.jpg","width":933,"height":516,"caption":"HOTELHOUSE.cz"},"image":{"@id":"https:\/\/hotelhouse.cz\/#\/schema\/logo\/image\/"},"sameAs":["https:\/\/www.instagram.com\/hotelhousecz\/"]},{"@type":"Person","@id":"https:\/\/hotelhouse.cz\/#\/schema\/person\/fa8caee3f0a9c6134afed3c541204812","name":"Van\u011bk Miroslav","image":{"@type":"ImageObject","inLanguage":"cs","@id":"https:\/\/hotelhouse.cz\/#\/schema\/person\/image\/","url":"https:\/\/secure.gravatar.com\/avatar\/cc93dbecbfc820d69a964ea4a1c72377?s=96&d=mm&r=g","contentUrl":"https:\/\/secure.gravatar.com\/avatar\/cc93dbecbfc820d69a964ea4a1c72377?s=96&d=mm&r=g","caption":"Van\u011bk Miroslav"},"sameAs":["http:\/\/www.hotelhouse.cz"],"url":"https:\/\/hotelhouse.cz\/index.php\/author\/mirvan\/"}]}},"_links":{"self":[{"href":"https:\/\/hotelhouse.cz\/index.php\/wp-json\/wp\/v2\/posts\/5985"}],"collection":[{"href":"https:\/\/hotelhouse.cz\/index.php\/wp-json\/wp\/v2\/posts"}],"about":[{"href":"https:\/\/hotelhouse.cz\/index.php\/wp-json\/wp\/v2\/types\/post"}],"author":[{"embeddable":true,"href":"https:\/\/hotelhouse.cz\/index.php\/wp-json\/wp\/v2\/users\/3"}],"replies":[{"embeddable":true,"href":"https:\/\/hotelhouse.cz\/index.php\/wp-json\/wp\/v2\/comments?post=5985"}],"version-history":[{"count":1,"href":"https:\/\/hotelhouse.cz\/index.php\/wp-json\/wp\/v2\/posts\/5985\/revisions"}],"predecessor-version":[{"id":5987,"href":"https:\/\/hotelhouse.cz\/index.php\/wp-json\/wp\/v2\/posts\/5985\/revisions\/5987"}],"wp:featuredmedia":[{"embeddable":true,"href":"https:\/\/hotelhouse.cz\/index.php\/wp-json\/wp\/v2\/media\/5986"}],"wp:attachment":[{"href":"https:\/\/hotelhouse.cz\/index.php\/wp-json\/wp\/v2\/media?parent=5985"}],"wp:term":[{"taxonomy":"category","embeddable":true,"href":"https:\/\/hotelhouse.cz\/index.php\/wp-json\/wp\/v2\/categories?post=5985"},{"taxonomy":"post_tag","embeddable":true,"href":"https:\/\/hotelhouse.cz\/index.php\/wp-json\/wp\/v2\/tags?post=5985"}],"curies":[{"name":"wp","href":"https:\/\/api.w.org\/{rel}","templated":true}]}}