{"id":6031,"date":"2024-03-16T00:01:00","date_gmt":"2024-03-15T23:01:00","guid":{"rendered":"https:\/\/hotelhouse.cz\/?p=6031"},"modified":"2024-03-15T22:51:12","modified_gmt":"2024-03-15T21:51:12","slug":"pozvanka-18-brezna-obchodni-dum-bila-labut-slavi-85-vyroci-1939-2024","status":"publish","type":"post","link":"https:\/\/hotelhouse.cz\/index.php\/2024\/03\/16\/pozvanka-18-brezna-obchodni-dum-bila-labut-slavi-85-vyroci-1939-2024\/","title":{"rendered":"POZV\u00c1NKA &#8211; 18. b\u0159ezna: Obchodn\u00ed d\u016fm B\u00edl\u00e1 labu\u0165 slav\u00ed 85. v\u00fdro\u010d\u00ed (1939 &#8211; 2024)"},"content":{"rendered":"\n<div style=\"height:50px\" aria-hidden=\"true\" class=\"wp-block-spacer\"><\/div>\n\n\n\n<p><strong>Ji\u017e v pond\u011bl\u00ed 18. b\u0159ezna m\u016f\u017eete zav\u00edtat mezi 10:00 &#8211; 19:00 hodinou do <a href=\"https:\/\/www.bilalabut.cz\/\">obchodn\u00edho domu B\u00edl\u00e1 labu\u0165<\/a> v ulici Na Po\u0159\u00ed\u010d\u00ed<\/strong> <strong>23 na Praze 1.<\/strong> <\/p>\n\n\n\n<p><strong>Bude se zde konat oslava 85. v\u00fdro\u010d\u00ed od otev\u0159en\u00ed ikonick\u00e9ho obchodn\u00edho domu. A to si rozhodn\u011b nenechte uj\u00edt!<\/strong><\/p>\n\n\n\n<div style=\"height:50px\" aria-hidden=\"true\" class=\"wp-block-spacer\"><\/div>\n\n\n<div class=\"wp-block-image\">\n<figure class=\"aligncenter size-large\"><img decoding=\"async\" src=\"https:\/\/prazskeprikopy.cz\/wp-content\/uploads\/2024\/03\/IMG-20240313-WA0003-1024x768.jpg\" alt=\"POZV\u00c1NKA - 18. b\u0159ezna: Obchodn\u00ed d\u016fm B\u00edl\u00e1 labu\u0165 slav\u00ed 85. v\u00fdro\u010d\u00ed (1939 - 2024)\" class=\"wp-image-4273\"\/><\/figure><\/div>\n\n\n<div style=\"height:50px\" aria-hidden=\"true\" class=\"wp-block-spacer\"><\/div>\n\n\n\n<h2 class=\"wp-block-heading\">85. v\u00fdro\u010d\u00ed OD B\u00cdL\u00c1 LABU\u0164 (1939 &#8211; 2024)<\/h2>\n\n\n\n<div style=\"height:22px\" aria-hidden=\"true\" class=\"wp-block-spacer\"><\/div>\n\n\n\n<p><strong>T\u011b\u0161it se m\u016f\u017eete na hudebn\u00ed doprovod, d\u00e1rky v podob\u011b n\u00e1kupn\u00edch voucher\u016f a spoustu dal\u0161\u00edho!<\/strong><\/p>\n\n\n\n<p>P\u0159i n\u00e1v\u0161t\u011bv\u011b uvid\u00edte nov\u00e9 obchody a <strong><a href=\"https:\/\/prazskeprikopy.cz\/index.php\/bila-labut\/\">B\u00edlou labu\u0165 <\/a><\/strong> ve zcela nov\u00e9m kab\u00e1tu.<\/p>\n\n\n\n<p><strong>Nezapome\u0148te se p\u0159ij\u00edt pod\u00edvat 18. b\u0159ezna mezi 10:00 &#8211; 19:00 hodinou do B\u00edl\u00e9 labut\u011b do<a href=\"https:\/\/naporiciulice.cz\/\"> ulice Na Po\u0159\u00ed\u010d\u00ed<\/a> 23.<\/strong><\/p>\n\n\n\n<div style=\"height:22px\" aria-hidden=\"true\" class=\"wp-block-spacer\"><\/div>\n\n\n\n<h2 class=\"wp-block-heading\">PROGRAM: 18. b\u0159ezna 2024<\/h2>\n\n\n\n<div style=\"height:22px\" aria-hidden=\"true\" class=\"wp-block-spacer\"><\/div>\n\n\n\n<p><strong>Oslavou 85. v\u00fdro\u010d\u00ed otev\u0159en\u00ed B\u00edl\u00e9 labut\u011b bude prov\u00e1zet Pepa V\u00e1gner. B\u011bhem dne si budete moci poslechnout saxofonistu Vladislava Drtinu, hudebn\u00ed doprovod bude pod veden\u00edm DJ Mirka Raisla.<\/strong><\/p>\n\n\n\n<div style=\"height:24px\" aria-hidden=\"true\" class=\"wp-block-spacer\"><\/div>\n\n\n\n<h2 class=\"wp-block-heading\">PROGRAM:<\/h2>\n\n\n\n<div style=\"height:24px\" aria-hidden=\"true\" class=\"wp-block-spacer\"><\/div>\n\n\n\n<h4 class=\"wp-block-heading\">13:30 &#8211; Zah\u00e1jen\u00ed hlavn\u00edho programu a p\u0159ekvapen\u00ed ze sv\u011bta m\u00f3dy<\/h4>\n\n\n\n<h4 class=\"wp-block-heading\">14:00 &#8211; Olga Lounov\u00e1<\/h4>\n\n\n\n<h4 class=\"wp-block-heading\">14:30 &#8211; Pepa V\u00e1gner<\/h4>\n\n\n\n<h4 class=\"wp-block-heading\">15:00 &#8211; Technick\u00e1 p\u0159est\u00e1vka<\/h4>\n\n\n\n<h4 class=\"wp-block-heading\">16:00 &#8211; Moder\u00e1tor Pepa V\u00e1gner<\/h4>\n\n\n\n<h4 class=\"wp-block-heading\">16:30 &#8211; Olga Lounov\u00e1<\/h4>\n\n\n\n<h4 class=\"wp-block-heading\">16:50  &#8211; Pepa V\u00e1gner<\/h4>\n\n\n\n<h4 class=\"wp-block-heading\">17:00 &#8211; Vystoupen\u00ed skupiny HOLKI<\/h4>\n\n\n\n<h4 class=\"wp-block-heading\">17:40 &#8211; Videodiskot\u00e9ka s DJ Mirkem Raislem<\/h4>\n\n\n\n<h4 class=\"wp-block-heading\">18:00 &#8211; Moder\u00e1tor Pepa V\u00e1gner<\/h4>\n\n\n\n<div style=\"height:54px\" aria-hidden=\"true\" class=\"wp-block-spacer\"><\/div>\n\n\n\n<figure class=\"wp-block-gallery has-nested-images columns-default is-cropped wp-block-gallery-1 is-layout-flex wp-block-gallery-is-layout-flex\">\n<figure class=\"wp-block-image size-large\"><img decoding=\"async\" data-id=\"4270\" src=\"https:\/\/prazskeprikopy.cz\/wp-content\/uploads\/2024\/03\/IMG-20240313-WA0000-990x1024.jpg\" alt=\"POZV\u00c1NKA - 18. b\u0159ezna: Obchodn\u00ed d\u016fm B\u00edl\u00e1 labu\u0165 slav\u00ed 85. v\u00fdro\u010d\u00ed (1939 - 2024)\" class=\"wp-image-4270\"\/><\/figure>\n\n\n\n<figure class=\"wp-block-image size-large\"><img decoding=\"async\" data-id=\"4274\" src=\"https:\/\/prazskeprikopy.cz\/wp-content\/uploads\/2024\/03\/IMG-20240313-WA0001-1024x768.jpg\" alt=\"POZV\u00c1NKA - 18. b\u0159ezna: Obchodn\u00ed d\u016fm B\u00edl\u00e1 labu\u0165 slav\u00ed 85. v\u00fdro\u010d\u00ed (1939 - 2024)\" class=\"wp-image-4274\"\/><\/figure>\n<\/figure>\n\n\n\n<div style=\"height:50px\" aria-hidden=\"true\" class=\"wp-block-spacer\"><\/div>\n\n\n\n<h2 class=\"wp-block-heading\">OD B\u00cdL\u00c1 LABU\u0164 V NOV\u00c9M<\/h2>\n\n\n\n<div style=\"height:50px\" aria-hidden=\"true\" class=\"wp-block-spacer\"><\/div>\n\n\n\n<p><strong>Obchodn\u00ed d\u016fm B\u00edl\u00e1 labu\u0165<\/strong> je kompletn\u011b v nov\u00e9m. V pond\u011bl\u00ed se tak budete moci na vlastn\u00ed o\u010di p\u0159esv\u011bd\u010dit, jak modern\u00ed kab\u00e1t B\u00edl\u00e9 labuti slu\u0161\u00ed.  Naleznete zde celkem 7. pater zaj\u00edmav\u00fdch obchod\u016f a slu\u017eeb nejr\u016fzn\u011bj\u0161\u00edch zna\u010dek.<\/p>\n\n\n\n<p>V suter\u00e9nu se nach\u00e1z\u00ed nejen kav\u00e1rna <strong>COSTA COFFEE, bar Bubblify, Trdlokafe, italsk\u00e1 cukr\u00e1rna AMARENA, Fine Poke Hawaiian Bistro, prodejna BIOOO.cz, Koh-i-noor<\/strong>,<strong> Electroworld, Vape In Czech, Carlo Romani Jewellery a kv\u011btiny Nov\u00e1k.<\/strong><\/p>\n\n\n\n<p>V mezipat\u0159e objev\u00edte galerii d\u00e1msk\u00e9 a zna\u010dkov\u00e9 m\u00f3dy<strong> BEST COLLECTION<\/strong>.<\/p>\n\n\n\n<p>V 1. pat\u0159e je obchod spot\u0159ebn\u00edho zbo\u017e\u00ed <strong>TEDi a trendy m\u00f3dn\u00edho oble\u010den\u00ed SINSEY<\/strong>. A hned nad nimi vzniklo \u00fapln\u011b nov\u00e9 2. patro v\u011bnovan\u00e9 fashion zna\u010dk\u00e1m. <\/p>\n\n\n\n<div style=\"height:50px\" aria-hidden=\"true\" class=\"wp-block-spacer\"><\/div>\n\n\n\n<figure class=\"wp-block-gallery has-nested-images columns-3 is-cropped wp-block-gallery-3 is-layout-flex wp-block-gallery-is-layout-flex\">\n<figure class=\"wp-block-image size-large\"><img decoding=\"async\" data-id=\"4306\" src=\"https:\/\/prazskeprikopy.cz\/wp-content\/uploads\/2024\/03\/IMG_5265-768x1024.jpg\" alt=\"\" class=\"wp-image-4306\"\/><\/figure>\n\n\n\n<figure class=\"wp-block-image size-large\"><img decoding=\"async\" data-id=\"4238\" src=\"https:\/\/prazskeprikopy.cz\/wp-content\/uploads\/2024\/03\/429797543_17933933987811875_4245215280249461652_n-1024x1024.jpg\" alt=\"\" class=\"wp-image-4238\"\/><\/figure>\n\n\n\n<figure class=\"wp-block-image size-large\"><img decoding=\"async\" data-id=\"4305\" src=\"https:\/\/prazskeprikopy.cz\/wp-content\/uploads\/2024\/03\/IMG_5255-1024x768.jpg\" alt=\"\" class=\"wp-image-4305\"\/><\/figure>\n\n\n\n<figure class=\"wp-block-image size-large\"><img decoding=\"async\" data-id=\"4310\" src=\"https:\/\/prazskeprikopy.cz\/wp-content\/uploads\/2024\/03\/IMG_5261-1024x768.jpg\" alt=\"\" class=\"wp-image-4310\"\/><\/figure>\n\n\n\n<figure class=\"wp-block-image size-large\"><img decoding=\"async\" data-id=\"4317\" src=\"https:\/\/prazskeprikopy.cz\/wp-content\/uploads\/2024\/03\/IMG_5312-472x1024.png\" alt=\"\" class=\"wp-image-4317\"\/><\/figure>\n\n\n\n<figure class=\"wp-block-image size-large\"><img decoding=\"async\" data-id=\"4315\" src=\"https:\/\/prazskeprikopy.cz\/wp-content\/uploads\/2024\/03\/IMG_5271-1024x768.jpg\" alt=\"\" class=\"wp-image-4315\"\/><\/figure>\n<\/figure>\n\n\n\n<div style=\"height:50px\" aria-hidden=\"true\" class=\"wp-block-spacer\"><\/div>\n\n\n\n<p>Toto v\u00fdjime\u010dn\u00e9 patro je pln\u00e9 p\u00e1nsk\u00e9, d\u00e1msk\u00e9 a tak\u00e9 d\u011btsk\u00e9 m\u00f3dy.  Dominuj\u00ed zde zna\u010dky jako<strong> Steilmann, Bla\u017eek, Koutn\u00fd Prost\u011bjov, BEST collection, Elegance, KIDs prestige a V\u00e1\u0161 krej\u010d\u00ed.<\/strong><\/p>\n\n\n\n<p>Ve 3. pat\u0159e najdete <strong>knihy Dobrovsk\u00fd<\/strong>, zna\u010dkovou prodejnu<strong> SCANquilt<\/strong>, p\u00e1nskou m\u00f3du<strong> GENTLEMAN<\/strong> a sportovn\u00ed oble\u010den\u00ed <strong>Boxeur Des Rues<\/strong>.<\/p>\n\n\n\n<p>4. a 5. patro pat\u0159\u00ed <strong>modern\u00edmu fitness centru MAX FITNESS<\/strong>, je\u017e se rozkl\u00e1d\u00e1 na t\u00e9m\u011b\u0159 2.000 m2.<\/p>\n\n\n\n<p>V 5. pat\u0159e nav\u00edc najdete i restauraci s poctivou \u010deskou kuchyn\u00ed <strong>U Rozva\u0159il\u016f<\/strong>.<\/p>\n\n\n\n<p>Suter\u00e9n obchodn\u00edho domu B\u00edl\u00e1 labu\u0165  je vyhrazen <strong>prodejn\u011b potravin LIDL<\/strong>.<\/p>\n\n\n\n<div style=\"height:50px\" aria-hidden=\"true\" class=\"wp-block-spacer\"><\/div>\n\n\n\n<h2 class=\"wp-block-heading\">O OBCHODN\u00cdM DOM\u011a B\u00cdL\u00c1 LABU\u0164<\/h2>\n\n\n\n<div style=\"height:50px\" aria-hidden=\"true\" class=\"wp-block-spacer\"><\/div>\n\n\n\n<p><strong>Na m\u00edst\u011b dne\u0161n\u00edho obchodn\u00edho domu B\u00edl\u00e1 labu\u0165 se v minulosti nach\u00e1zely dva sladovnick\u00e9 domy s velk\u00fdmi zahradami, kter\u00fdm se od roku 1653 \u0159\u00edkalo \u201eU b\u00edl\u00e9 labut\u011b\u201c. Po velk\u00e9m po\u017e\u00e1ru v roce 1653, kter\u00fd zas\u00e1hl tak\u00e9 tyto domy, n\u00e1sledovala vlekl\u00e1 obnova obou t\u011bchto objekt\u016f.<\/strong><\/p>\n\n\n\n<p>Ve 30. letech 20. stolet\u00ed si nemovitosti U b\u00edl\u00e9 labut\u011b koupil podnikatel Jaroslav Brouk, spolumajitel Brouk a Babka na Letn\u00e9. Star\u00e9 budovy dal zbo\u0159it a na m\u00edst\u011b nechal t\u011bsn\u011b p\u0159ed druhou sv\u011btovou v\u00e1lkou postavit podle pl\u00e1n\u016f architekta Josefa Kitricha a Josefa Hrub\u00e9ho funkcionalistick\u00fd obchodn\u00ed d\u016fm s obestav\u011bnou plochou 70.000 m3 o celkov\u00e9 plo\u0161e 20.000 m2 a prodejn\u00ed plochou 15.000 m2 a jemu\u017e dal n\u00e1zev B\u00edl\u00e1 labu\u0165.<\/p>\n\n\n\n<p>Vnit\u0159n\u00ed komunikace tvo\u0159ila dv\u011b pevn\u00e1 schodi\u0161t\u011b a 5 velk\u00fdch osobn\u00edch rychlov\u00fdtah\u016f. Malou senzac\u00ed byl eskal\u00e1tor z p\u0159\u00edzem\u00ed do prvn\u00edho patra, nebo\u0165 se jednalo o prvn\u00ed pohybliv\u00e9 schodi\u0161t\u011b v Praze um\u00edst\u011bn\u00e9 v objektu. Hlavn\u00ed pr\u016f\u010del\u00ed pal\u00e1ce tvo\u0159ilo obrovsk\u00e9 okno o rozm\u011brech 30 x 18 m, zasklen\u00e9 nepr\u016fhledn\u00fdm st\u0159\u00edbro\u0161ed\u00fdm izola\u010dn\u00edm sklem, slo\u017een\u00e9 ze dvou tabul\u00ed \u010dir\u00e9ho skla a v\u00fdpln\u011b ze skeln\u00e9 vaty.<\/p>\n\n\n\n<p>Evropsk\u00fdm unik\u00e1tem, zde poprv\u00e9 pou\u017eit\u00fdm, byly pneumatick\u00e9 pokladny. Ka\u017ed\u00e9 prodejn\u00ed odd\u011blen\u00ed bylo spojeno speci\u00e1ln\u00edm potrub\u00edm s \u00fast\u0159edn\u00ed pokladnou v p\u00e1t\u00e9m pat\u0159e. Obchodn\u00ed d\u016fm byl slavnostn\u011b otev\u0159en, pokud se to tak d\u00e1 \u0159\u00edci, ve smutn\u00e9 dob\u011b 19. 3. 1939. Od t\u00e9 doby prob\u011bhlo n\u011bkolik zm\u011bn a d\u00edl\u010d\u00edch rekonstrukc\u00ed. Za b\u00fdval\u00e9ho re\u017eimu d\u016fm plnil stejnou funkci, a proto mohl b\u00fdt po revoluci dne 15. 8. 1990 p\u0159iv\u00edt\u00e1n 400.000.000 z\u00e1kazn\u00edk.<\/p>\n\n\n\n<div style=\"height:50px\" aria-hidden=\"true\" class=\"wp-block-spacer\"><\/div>\n\n\n<div class=\"wp-block-image\">\n<figure class=\"aligncenter size-large\"><img decoding=\"async\" src=\"https:\/\/prazskeprikopy.cz\/wp-content\/uploads\/2024\/03\/Historie-OD-Bila-Labut-1024x459.jpg\" alt=\"POZV\u00c1NKA - 18. b\u0159ezna: Obchodn\u00ed d\u016fm B\u00edl\u00e1 labu\u0165 slav\u00ed 85. v\u00fdro\u010d\u00ed (1939 - 2024)\" class=\"wp-image-4275\"\/><\/figure><\/div>\n\n\n<div style=\"height:50px\" aria-hidden=\"true\" class=\"wp-block-spacer\"><\/div>\n\n\n\n<p><strong>Od roku 1991 je obchodn\u00ed d\u016fm B\u00edl\u00e1 labu\u0165 vlastn\u011bn a provozov\u00e1n spole\u010dnost\u00ed Transakta a.s. (d\u0159\u00edve Rephana a.s.). B\u011bhem t\u00e9to doby prob\u011bhlo v B\u00edl\u00e9 labuti n\u011bkolik z\u00e1sadn\u00edch zm\u011bn, kter\u00fdmi byl zv\u00fd\u0161en rozsah prodejn\u00edch podla\u017e\u00ed a zm\u011bn\u011bno upo\u0159\u00e1d\u00e1n\u00ed jednotliv\u00fdch prodejen. <\/strong><\/p>\n\n\n\n<p>Mezi t\u011bmito zm\u011bnami lze p\u0159edev\u0161\u00edm uv\u00e9st vlo\u017een\u00ed mezipatra mezi p\u0159\u00edzem\u00ed a 1. patro obchodn\u00edho domu a instalaci dvou nov\u00fdch ramen eskal\u00e1tor\u016f mezi t\u011bmito podla\u017e\u00edmi, \u010d\u00edm\u017e do\u0161lo mimo jin\u00e9 k vytvo\u0159en\u00ed velmi zaj\u00edmav\u00e9ho estetick\u00e9ho prvku, kter\u00fd sv\u00fdm pojet\u00edm navazoval na p\u016fvodn\u00ed d\u0159ev\u011bn\u00fd eskal\u00e1tor z roku 1939, kter\u00fd se na tomto m\u00edst\u011b p\u016fvodn\u011b nach\u00e1zel. D\u00e1le do\u0161lo tak\u00e9 k z\u0159\u00edzen\u00ed velkoplo\u0161n\u00e9ho supermarketu potravin v cel\u00e9m prvn\u00edm suter\u00e9nu obchodn\u00edho domu, kter\u00fd je dnes provozov\u00e1n spole\u010dnost\u00ed LIDL. Po celou dobu existence je B\u00edl\u00e1 labu\u0165 plnosortimentn\u00edm obchodn\u00edm domem.<\/p>\n\n\n\n<div style=\"height:50px\" aria-hidden=\"true\" class=\"wp-block-spacer\"><\/div>\n\n\n\n<h2 class=\"wp-block-heading\">VIDEO HISTORIE:<\/h2>\n\n\n\n<div style=\"height:76px\" aria-hidden=\"true\" class=\"wp-block-spacer\"><\/div>\n\n\n\n<figure class=\"wp-block-embed is-type-video is-provider-youtube wp-block-embed-youtube wp-embed-aspect-4-3 wp-has-aspect-ratio\"><div class=\"wp-block-embed__wrapper\">\n<div class=\"video-container\"><iframe loading=\"lazy\" title=\"B\u00edl\u00e1 labu\u0165   historie\" width=\"500\" height=\"375\" src=\"https:\/\/www.youtube.com\/embed\/9SZ2UVscit4?feature=oembed&#038;wmode=opaque\" frameborder=\"0\" allow=\"accelerometer; autoplay; clipboard-write; encrypted-media; gyroscope; picture-in-picture; web-share\" allowfullscreen><\/iframe><\/div>\n<\/div><\/figure>\n\n\n\n<div style=\"height:76px\" aria-hidden=\"true\" class=\"wp-block-spacer\"><\/div>\n\n\n\n<h1 class=\"wp-block-heading\">B\u00cdL\u00c1 LABU\u0164 (OBCHODN\u00cd D\u016eM)<\/h1>\n\n\n\n<div style=\"height:35px\" aria-hidden=\"true\" class=\"wp-block-spacer\"><\/div>\n\n\n\n<h4 class=\"wp-block-heading\">Na Po\u0159\u00ed\u010d\u00ed 23, 110 00 Praha 1&nbsp;<\/h4>\n\n\n\n<h4 class=\"wp-block-heading\">Tel.: +420 222 320 227<\/h4>\n\n\n\n<h4 class=\"wp-block-heading\"><a href=\"mailto:in%66o@%74ra%6esakt%61%2ecz\">info@transakta.cz<\/a><\/h4>\n\n\n\n<h4 class=\"wp-block-heading\"><a href=\"https:\/\/www.facebook.com\/ODbilalabut\">Facebook<\/a>&nbsp; |   &nbsp;<a href=\"https:\/\/www.instagram.com\/bilalabut_od\/\">Instagram<\/a>   |    <a href=\"https:\/\/www.youtube.com\/@bilalabut7536\">Youtube<\/a>   |   <a href=\"https:\/\/www.bilalabut.cz\/mapa-centra\/\">Pl\u00e1n centra<\/a>   |    <\/h4>\n\n\n\n<h4 class=\"wp-block-heading\">V\u00edce informac\u00ed na <a href=\"https:\/\/www.bilalabut.cz\/\">www.bilalabut.cz<\/a><\/h4>\n\n\n\n<div style=\"height:34px\" aria-hidden=\"true\" class=\"wp-block-spacer\"><\/div>\n\n\n\n<h2 class=\"wp-block-heading\">Otev\u00edrac\u00ed doba:<\/h2>\n\n\n\n<div style=\"height:19px\" aria-hidden=\"true\" class=\"wp-block-spacer\"><\/div>\n\n\n\n<h4 class=\"wp-block-heading\">Obchodn\u00ed d\u016fm B\u00edl\u00e1 labu\u0165 <\/h4>\n\n\n\n<h5 class=\"wp-block-heading\">PO \u2013 P\u00c1 9:00 \u2013 20:00 SO 9:00 \u2013 18:00 NE 10:00 \u2013 18:00 hod.<\/h5>\n\n\n\n<h4 class=\"wp-block-heading\">Lidl <\/h4>\n\n\n\n<h5 class=\"wp-block-heading\">PO \u2013 SO 7:00 \u2013 22:00 NE 8:00 \u2013 22:00 hod.<\/h5>\n\n\n\n<h4 class=\"wp-block-heading\">MAX Fitness <\/h4>\n\n\n\n<h5 class=\"wp-block-heading\">PO \u2013 SO 6:00 \u2013 22:00 NE 7:00 \u2013 22:00 hod.<\/h5>\n\n\n\n<h4 class=\"wp-block-heading\">Kav\u00e1rna Costa Coffee <\/h4>\n\n\n\n<h5 class=\"wp-block-heading\">PO \u2013 P\u00c1 7:00 \u2013 19:00 hod.<\/h5>\n\n\n\n<div style=\"height:111px\" aria-hidden=\"true\" class=\"wp-block-spacer\"><\/div>\n\n\n\n<figure class=\"wp-block-gallery has-nested-images columns-2 is-cropped wp-block-gallery-5 is-layout-flex wp-block-gallery-is-layout-flex\">\n<figure class=\"wp-block-image size-large\"><img decoding=\"async\" data-id=\"4231\" src=\"https:\/\/prazskeprikopy.cz\/wp-content\/uploads\/2024\/03\/725816422489945145.jpg\" alt=\"POZV\u00c1NKA - 18. b\u0159ezna: Obchodn\u00ed d\u016fm B\u00edl\u00e1 labu\u0165 slav\u00ed 85. v\u00fdro\u010d\u00ed (1939 - 2024)\" class=\"wp-image-4231\"\/><\/figure>\n\n\n\n<figure class=\"wp-block-image size-large\"><img decoding=\"async\" data-id=\"4230\" src=\"https:\/\/prazskeprikopy.cz\/wp-content\/uploads\/2024\/03\/387103760_806650981465531_5022382670980737647_n-1024x765.jpg\" alt=\"POZV\u00c1NKA - 18. b\u0159ezna: Obchodn\u00ed d\u016fm B\u00edl\u00e1 labu\u0165 slav\u00ed 85. v\u00fdro\u010d\u00ed (1939 - 2024)\" class=\"wp-image-4230\"\/><\/figure>\n\n\n\n<figure class=\"wp-block-image size-large\"><img decoding=\"async\" data-id=\"4272\" src=\"https:\/\/prazskeprikopy.cz\/wp-content\/uploads\/2024\/03\/IMG-20240313-WA0004-948x1024.jpg\" alt=\"POZV\u00c1NKA - 18. b\u0159ezna: Obchodn\u00ed d\u016fm B\u00edl\u00e1 labu\u0165 slav\u00ed 85. v\u00fdro\u010d\u00ed (1939 - 2024)\" class=\"wp-image-4272\"\/><\/figure>\n\n\n\n<figure class=\"wp-block-image size-large\"><img decoding=\"async\" data-id=\"4270\" src=\"https:\/\/prazskeprikopy.cz\/wp-content\/uploads\/2024\/03\/IMG-20240313-WA0000-990x1024.jpg\" alt=\"POZV\u00c1NKA - 18. b\u0159ezna: Obchodn\u00ed d\u016fm B\u00edl\u00e1 labu\u0165 slav\u00ed 85. v\u00fdro\u010d\u00ed (1939 - 2024)\" class=\"wp-image-4270\"\/><\/figure>\n\n\n\n<figure class=\"wp-block-image size-large\"><img decoding=\"async\" data-id=\"4274\" src=\"https:\/\/prazskeprikopy.cz\/wp-content\/uploads\/2024\/03\/IMG-20240313-WA0001-1024x768.jpg\" alt=\"POZV\u00c1NKA - 18. b\u0159ezna: Obchodn\u00ed d\u016fm B\u00edl\u00e1 labu\u0165 slav\u00ed 85. v\u00fdro\u010d\u00ed (1939 - 2024)\" class=\"wp-image-4274\"\/><\/figure>\n\n\n\n<figure class=\"wp-block-image size-large\"><img decoding=\"async\" data-id=\"4232\" src=\"https:\/\/prazskeprikopy.cz\/wp-content\/uploads\/2024\/03\/298880988_487228653407767_2217796340877552538_n-1024x572.jpg\" alt=\"POZV\u00c1NKA - 18. b\u0159ezna: Obchodn\u00ed d\u016fm B\u00edl\u00e1 labu\u0165 slav\u00ed 85. v\u00fdro\u010d\u00ed (1939 - 2024)\" class=\"wp-image-4232\"\/><\/figure>\n\n\n\n<figure class=\"wp-block-image size-large\"><img decoding=\"async\" data-id=\"4237\" src=\"https:\/\/prazskeprikopy.cz\/wp-content\/uploads\/2024\/03\/241882119_4128319107293824_3253506710149986064_n.jpg\" alt=\"POZV\u00c1NKA - 18. b\u0159ezna: Obchodn\u00ed d\u016fm B\u00edl\u00e1 labu\u0165 slav\u00ed 85. v\u00fdro\u010d\u00ed (1939 - 2024)\" class=\"wp-image-4237\"\/><\/figure>\n\n\n\n<figure class=\"wp-block-image size-large\"><img decoding=\"async\" data-id=\"4236\" src=\"https:\/\/prazskeprikopy.cz\/wp-content\/uploads\/2024\/03\/241830556_4128319200627148_3986394111877996338_n.jpg\" alt=\"POZV\u00c1NKA - 18. b\u0159ezna: Obchodn\u00ed d\u016fm B\u00edl\u00e1 labu\u0165 slav\u00ed 85. v\u00fdro\u010d\u00ed (1939 - 2024)\" class=\"wp-image-4236\"\/><\/figure>\n\n\n\n<figure class=\"wp-block-image size-large\"><img decoding=\"async\" data-id=\"4233\" src=\"https:\/\/prazskeprikopy.cz\/wp-content\/uploads\/2024\/03\/241820777_4128319087293826_1719519781521717108_n.jpg\" alt=\"POZV\u00c1NKA - 18. b\u0159ezna: Obchodn\u00ed d\u016fm B\u00edl\u00e1 labu\u0165 slav\u00ed 85. v\u00fdro\u010d\u00ed (1939 - 2024)\" class=\"wp-image-4233\"\/><\/figure>\n\n\n\n<figure class=\"wp-block-image size-large\"><img decoding=\"async\" data-id=\"4306\" src=\"https:\/\/prazskeprikopy.cz\/wp-content\/uploads\/2024\/03\/IMG_5265-768x1024.jpg\" alt=\"\" class=\"wp-image-4306\"\/><\/figure>\n\n\n\n<figure class=\"wp-block-image size-large\"><img decoding=\"async\" data-id=\"4238\" src=\"https:\/\/prazskeprikopy.cz\/wp-content\/uploads\/2024\/03\/429797543_17933933987811875_4245215280249461652_n-1024x1024.jpg\" alt=\"POZV\u00c1NKA - 18. b\u0159ezna: Obchodn\u00ed d\u016fm B\u00edl\u00e1 labu\u0165 slav\u00ed 85. v\u00fdro\u010d\u00ed (1939 - 2024)\" class=\"wp-image-4238\"\/><\/figure>\n\n\n\n<figure class=\"wp-block-image size-large\"><img decoding=\"async\" data-id=\"4305\" src=\"https:\/\/prazskeprikopy.cz\/wp-content\/uploads\/2024\/03\/IMG_5255-1024x768.jpg\" alt=\"\" class=\"wp-image-4305\"\/><\/figure>\n\n\n\n<figure class=\"wp-block-image size-large\"><img decoding=\"async\" data-id=\"4307\" src=\"https:\/\/prazskeprikopy.cz\/wp-content\/uploads\/2024\/03\/IMG_5258-1024x768.jpg\" alt=\"\" class=\"wp-image-4307\"\/><\/figure>\n\n\n\n<figure class=\"wp-block-image size-large\"><img decoding=\"async\" data-id=\"4310\" src=\"https:\/\/prazskeprikopy.cz\/wp-content\/uploads\/2024\/03\/IMG_5261-1024x768.jpg\" alt=\"\" class=\"wp-image-4310\"\/><\/figure>\n\n\n\n<figure class=\"wp-block-image size-large\"><img decoding=\"async\" data-id=\"4309\" src=\"https:\/\/prazskeprikopy.cz\/wp-content\/uploads\/2024\/03\/IMG_5260-1024x768.jpg\" alt=\"\" class=\"wp-image-4309\"\/><\/figure>\n\n\n\n<figure class=\"wp-block-image size-large\"><img decoding=\"async\" data-id=\"4312\" src=\"https:\/\/prazskeprikopy.cz\/wp-content\/uploads\/2024\/03\/IMG_5270-1024x768.jpg\" alt=\"\" class=\"wp-image-4312\"\/><\/figure>\n\n\n\n<figure class=\"wp-block-image size-large\"><img decoding=\"async\" data-id=\"4315\" src=\"https:\/\/prazskeprikopy.cz\/wp-content\/uploads\/2024\/03\/IMG_5271-1024x768.jpg\" alt=\"\" class=\"wp-image-4315\"\/><\/figure>\n\n\n\n<figure class=\"wp-block-image size-large\"><img decoding=\"async\" data-id=\"4313\" src=\"https:\/\/prazskeprikopy.cz\/wp-content\/uploads\/2024\/03\/IMG_5273-1024x768.jpg\" alt=\"\" class=\"wp-image-4313\"\/><\/figure>\n\n\n\n<figure class=\"wp-block-image size-large\"><img decoding=\"async\" data-id=\"4314\" src=\"https:\/\/prazskeprikopy.cz\/wp-content\/uploads\/2024\/03\/IMG_5280-1024x768.jpg\" alt=\"\" class=\"wp-image-4314\"\/><\/figure>\n\n\n\n<figure class=\"wp-block-image size-large\"><img decoding=\"async\" data-id=\"4316\" src=\"https:\/\/prazskeprikopy.cz\/wp-content\/uploads\/2024\/03\/IMG_5282-1024x768.jpg\" alt=\"\" class=\"wp-image-4316\"\/><\/figure>\n\n\n\n<figure class=\"wp-block-image size-large\"><img decoding=\"async\" data-id=\"4303\" src=\"https:\/\/prazskeprikopy.cz\/wp-content\/uploads\/2024\/03\/IMG_5287.jpg\" alt=\"\" class=\"wp-image-4303\"\/><\/figure>\n\n\n\n<figure class=\"wp-block-image size-large\"><img decoding=\"async\" data-id=\"4304\" src=\"https:\/\/prazskeprikopy.cz\/wp-content\/uploads\/2024\/03\/IMG_5290.jpg\" alt=\"\" class=\"wp-image-4304\"\/><\/figure>\n\n\n\n<figure class=\"wp-block-image size-large\"><img decoding=\"async\" data-id=\"4271\" src=\"https:\/\/prazskeprikopy.cz\/wp-content\/uploads\/2024\/03\/IMG-20240313-WA0002-1020x1024.jpg\" alt=\"POZV\u00c1NKA - 18. b\u0159ezna: Obchodn\u00ed d\u016fm B\u00edl\u00e1 labu\u0165 slav\u00ed 85. v\u00fdro\u010d\u00ed (1939 - 2024)\" class=\"wp-image-4271\"\/><\/figure>\n<\/figure>\n\n\n\n<div style=\"height:100px\" aria-hidden=\"true\" class=\"wp-block-spacer\"><\/div>\n\n\n<div class=\"wp-block-image\">\n<figure class=\"aligncenter size-large is-resized\"><img decoding=\"async\" loading=\"lazy\" src=\"https:\/\/prazskeprikopy.cz\/wp-content\/uploads\/2024\/03\/421179990_877486174382011_6587027431401415850_n-1-1024x1024.jpg\" alt=\"POZV\u00c1NKA - 18. b\u0159ezna: Obchodn\u00ed d\u016fm B\u00edl\u00e1 labu\u0165 slav\u00ed 85. v\u00fdro\u010d\u00ed (1939 - 2024)\" class=\"wp-image-4234\" style=\"width:456px;height:456px\" width=\"456\" height=\"456\"\/><\/figure><\/div>\n\n\n<div style=\"height:111px\" aria-hidden=\"true\" class=\"wp-block-spacer\"><\/div>\n\n\n\n<p><strong>Zdroj foto a video: <\/strong>OD B\u00edl\u00e1 labu\u0165<\/p>\n\n\n\n<div style=\"height:100px\" aria-hidden=\"true\" class=\"wp-block-spacer\"><\/div>\n","protected":false},"excerpt":{"rendered":"<p>Ji\u017e v pond\u011bl\u00ed 18. b\u0159ezna m\u016f\u017eete zav\u00edtat mezi 10:00 &#8211; 19:00 hodinou do obchodn\u00edho domu B\u00edl\u00e1 labu\u0165 v ulici Na Po\u0159\u00ed\u010d\u00ed 23 na Praze 1. Bude se zde konat oslava 85. v\u00fdro\u010d\u00ed od otev\u0159en\u00ed&#46;&#46;&#46;<\/p>\n","protected":false},"author":1,"featured_media":6032,"comment_status":"closed","ping_status":"closed","sticky":false,"template":"","format":"standard","meta":{"_monsterinsights_skip_tracking":false,"_monsterinsights_sitenote_active":false,"_monsterinsights_sitenote_note":"","_monsterinsights_sitenote_category":0,"footnotes":""},"categories":[29,2],"tags":[69,70,42],"yoast_head":"<!-- This site is optimized with the Yoast SEO plugin v21.5 - https:\/\/yoast.com\/wordpress\/plugins\/seo\/ -->\n<title>POZV\u00c1NKA - 18. b\u0159ezna: Obchodn\u00ed d\u016fm B\u00edl\u00e1 labu\u0165 slav\u00ed 85. v\u00fdro\u010d\u00ed (1939 - 2024) - HOTELHOUSE.cz<\/title>\n<meta name=\"description\" content=\"Ji\u017e v pond\u011bl\u00ed 18. b\u0159ezna m\u016f\u017eete zav\u00edtat mezi 10:00 - 19:00 hodinou do obchodn\u00edho domu B\u00edl\u00e1 labu\u0165 v ulici Na Po\u0159\u00ed\u010d\u00ed 23 na Praze 1. Bude se zde konat oslava 85. v\u00fdro\u010d\u00ed od otev\u0159en\u00ed ikonick\u00e9ho obchodn\u00edho domu. A to si rozhodn\u011b nenechte uj\u00edt!\" \/>\n<meta name=\"robots\" content=\"index, follow, max-snippet:-1, max-image-preview:large, max-video-preview:-1\" \/>\n<link rel=\"canonical\" href=\"https:\/\/hotelhouse.cz\/index.php\/2024\/03\/16\/pozvanka-18-brezna-obchodni-dum-bila-labut-slavi-85-vyroci-1939-2024\/\" \/>\n<meta property=\"og:locale\" content=\"cs_CZ\" \/>\n<meta property=\"og:type\" content=\"article\" \/>\n<meta property=\"og:title\" content=\"POZV\u00c1NKA - 18. b\u0159ezna: Obchodn\u00ed d\u016fm B\u00edl\u00e1 labu\u0165 slav\u00ed 85. v\u00fdro\u010d\u00ed (1939 - 2024) - HOTELHOUSE.cz\" \/>\n<meta property=\"og:description\" content=\"Ji\u017e v pond\u011bl\u00ed 18. b\u0159ezna m\u016f\u017eete zav\u00edtat mezi 10:00 - 19:00 hodinou do obchodn\u00edho domu B\u00edl\u00e1 labu\u0165 v ulici Na Po\u0159\u00ed\u010d\u00ed 23 na Praze 1. Bude se zde konat oslava 85. v\u00fdro\u010d\u00ed od otev\u0159en\u00ed ikonick\u00e9ho obchodn\u00edho domu. A to si rozhodn\u011b nenechte uj\u00edt!\" \/>\n<meta property=\"og:url\" content=\"https:\/\/hotelhouse.cz\/index.php\/2024\/03\/16\/pozvanka-18-brezna-obchodni-dum-bila-labut-slavi-85-vyroci-1939-2024\/\" \/>\n<meta property=\"og:site_name\" content=\"HOTELHOUSE.cz\" \/>\n<meta property=\"article:published_time\" content=\"2024-03-15T23:01:00+00:00\" \/>\n<meta property=\"article:modified_time\" content=\"2024-03-15T21:51:12+00:00\" \/>\n<meta property=\"og:image\" content=\"https:\/\/hotelhouse.cz\/wp-content\/uploads\/2024\/03\/IMG_Bila_Labut.jpg\" \/>\n\t<meta property=\"og:image:width\" content=\"2000\" \/>\n\t<meta property=\"og:image:height\" content=\"1400\" \/>\n\t<meta property=\"og:image:type\" content=\"image\/jpeg\" \/>\n<meta name=\"author\" content=\"Mikol\u00e1\u0161ek (\u0161efredaktor HMG)\" \/>\n<meta name=\"twitter:card\" content=\"summary_large_image\" \/>\n<meta name=\"twitter:label1\" content=\"Napsal(a)\" \/>\n\t<meta name=\"twitter:data1\" content=\"Mikol\u00e1\u0161ek (\u0161efredaktor HMG)\" \/>\n\t<meta name=\"twitter:label2\" content=\"Odhadovan\u00e1 doba \u010dten\u00ed\" \/>\n\t<meta name=\"twitter:data2\" content=\"12 minut\" \/>\n<script type=\"application\/ld+json\" class=\"yoast-schema-graph\">{\"@context\":\"https:\/\/schema.org\",\"@graph\":[{\"@type\":\"Article\",\"@id\":\"https:\/\/hotelhouse.cz\/index.php\/2024\/03\/16\/pozvanka-18-brezna-obchodni-dum-bila-labut-slavi-85-vyroci-1939-2024\/#article\",\"isPartOf\":{\"@id\":\"https:\/\/hotelhouse.cz\/index.php\/2024\/03\/16\/pozvanka-18-brezna-obchodni-dum-bila-labut-slavi-85-vyroci-1939-2024\/\"},\"author\":{\"name\":\"Mikol\u00e1\u0161ek (\u0161efredaktor HMG)\",\"@id\":\"https:\/\/hotelhouse.cz\/#\/schema\/person\/6f8df5654d33f7f700b98d242c71fc72\"},\"headline\":\"POZV\u00c1NKA &#8211; 18. b\u0159ezna: Obchodn\u00ed d\u016fm B\u00edl\u00e1 labu\u0165 slav\u00ed 85. v\u00fdro\u010d\u00ed (1939 &#8211; 2024)\",\"datePublished\":\"2024-03-15T23:01:00+00:00\",\"dateModified\":\"2024-03-15T21:51:12+00:00\",\"mainEntityOfPage\":{\"@id\":\"https:\/\/hotelhouse.cz\/index.php\/2024\/03\/16\/pozvanka-18-brezna-obchodni-dum-bila-labut-slavi-85-vyroci-1939-2024\/\"},\"wordCount\":1037,\"publisher\":{\"@id\":\"https:\/\/hotelhouse.cz\/#organization\"},\"keywords\":[\"B\u00edl\u00e1 labu\u0165\",\"Obchodn\u00ed d\u016fm B\u00edl\u00e1 labu\u0165 slav\u00ed 85. v\u00fdro\u010d\u00ed\",\"pra\u017esk\u00e9 p\u0159\u00edkopy\"],\"articleSection\":[\"N\u00c1KUPN\u00cd CENTRA\",\"NEWS\"],\"inLanguage\":\"cs\"},{\"@type\":\"WebPage\",\"@id\":\"https:\/\/hotelhouse.cz\/index.php\/2024\/03\/16\/pozvanka-18-brezna-obchodni-dum-bila-labut-slavi-85-vyroci-1939-2024\/\",\"url\":\"https:\/\/hotelhouse.cz\/index.php\/2024\/03\/16\/pozvanka-18-brezna-obchodni-dum-bila-labut-slavi-85-vyroci-1939-2024\/\",\"name\":\"POZV\u00c1NKA - 18. b\u0159ezna: Obchodn\u00ed d\u016fm B\u00edl\u00e1 labu\u0165 slav\u00ed 85. v\u00fdro\u010d\u00ed (1939 - 2024) - HOTELHOUSE.cz\",\"isPartOf\":{\"@id\":\"https:\/\/hotelhouse.cz\/#website\"},\"datePublished\":\"2024-03-15T23:01:00+00:00\",\"dateModified\":\"2024-03-15T21:51:12+00:00\",\"description\":\"Ji\u017e v pond\u011bl\u00ed 18. b\u0159ezna m\u016f\u017eete zav\u00edtat mezi 10:00 - 19:00 hodinou do obchodn\u00edho domu B\u00edl\u00e1 labu\u0165 v ulici Na Po\u0159\u00ed\u010d\u00ed 23 na Praze 1. Bude se zde konat oslava 85. v\u00fdro\u010d\u00ed od otev\u0159en\u00ed ikonick\u00e9ho obchodn\u00edho domu. A to si rozhodn\u011b nenechte uj\u00edt!\",\"breadcrumb\":{\"@id\":\"https:\/\/hotelhouse.cz\/index.php\/2024\/03\/16\/pozvanka-18-brezna-obchodni-dum-bila-labut-slavi-85-vyroci-1939-2024\/#breadcrumb\"},\"inLanguage\":\"cs\",\"potentialAction\":[{\"@type\":\"ReadAction\",\"target\":[\"https:\/\/hotelhouse.cz\/index.php\/2024\/03\/16\/pozvanka-18-brezna-obchodni-dum-bila-labut-slavi-85-vyroci-1939-2024\/\"]}]},{\"@type\":\"BreadcrumbList\",\"@id\":\"https:\/\/hotelhouse.cz\/index.php\/2024\/03\/16\/pozvanka-18-brezna-obchodni-dum-bila-labut-slavi-85-vyroci-1939-2024\/#breadcrumb\",\"itemListElement\":[{\"@type\":\"ListItem\",\"position\":1,\"name\":\"Dom\u016f\",\"item\":\"https:\/\/hotelhouse.cz\/\"},{\"@type\":\"ListItem\",\"position\":2,\"name\":\"POZV\u00c1NKA &#8211; 18. b\u0159ezna: Obchodn\u00ed d\u016fm B\u00edl\u00e1 labu\u0165 slav\u00ed 85. v\u00fdro\u010d\u00ed (1939 &#8211; 2024)\"}]},{\"@type\":\"WebSite\",\"@id\":\"https:\/\/hotelhouse.cz\/#website\",\"url\":\"https:\/\/hotelhouse.cz\/\",\"name\":\"HOTELHOUSE.cz\",\"description\":\"Port\u00e1l o hotelech, pensionech, spa resortech a restaurac\u00edch...\",\"publisher\":{\"@id\":\"https:\/\/hotelhouse.cz\/#organization\"},\"potentialAction\":[{\"@type\":\"SearchAction\",\"target\":{\"@type\":\"EntryPoint\",\"urlTemplate\":\"https:\/\/hotelhouse.cz\/?s={search_term_string}\"},\"query-input\":\"required name=search_term_string\"}],\"inLanguage\":\"cs\"},{\"@type\":\"Organization\",\"@id\":\"https:\/\/hotelhouse.cz\/#organization\",\"name\":\"HOTELHOUSE.cz\",\"url\":\"https:\/\/hotelhouse.cz\/\",\"logo\":{\"@type\":\"ImageObject\",\"inLanguage\":\"cs\",\"@id\":\"https:\/\/hotelhouse.cz\/#\/schema\/logo\/image\/\",\"url\":\"https:\/\/hotelhouse.cz\/wp-content\/uploads\/2024\/12\/cropped-Logo_HotelHouse-2.jpg\",\"contentUrl\":\"https:\/\/hotelhouse.cz\/wp-content\/uploads\/2024\/12\/cropped-Logo_HotelHouse-2.jpg\",\"width\":933,\"height\":516,\"caption\":\"HOTELHOUSE.cz\"},\"image\":{\"@id\":\"https:\/\/hotelhouse.cz\/#\/schema\/logo\/image\/\"},\"sameAs\":[\"https:\/\/www.instagram.com\/hotelhousecz\/\"]},{\"@type\":\"Person\",\"@id\":\"https:\/\/hotelhouse.cz\/#\/schema\/person\/6f8df5654d33f7f700b98d242c71fc72\",\"name\":\"Mikol\u00e1\u0161ek (\u0161efredaktor HMG)\",\"image\":{\"@type\":\"ImageObject\",\"inLanguage\":\"cs\",\"@id\":\"https:\/\/hotelhouse.cz\/#\/schema\/person\/image\/\",\"url\":\"https:\/\/secure.gravatar.com\/avatar\/1c8a35f186d8baabb0513b2bdd8e53cd?s=96&d=mm&r=g\",\"contentUrl\":\"https:\/\/secure.gravatar.com\/avatar\/1c8a35f186d8baabb0513b2bdd8e53cd?s=96&d=mm&r=g\",\"caption\":\"Mikol\u00e1\u0161ek (\u0161efredaktor HMG)\"},\"sameAs\":[\"http:\/\/www.hotelhouse.cz\"],\"url\":\"https:\/\/hotelhouse.cz\/index.php\/author\/ivomik\/\"}]}<\/script>\n<!-- \/ Yoast SEO plugin. -->","yoast_head_json":{"title":"POZV\u00c1NKA - 18. b\u0159ezna: Obchodn\u00ed d\u016fm B\u00edl\u00e1 labu\u0165 slav\u00ed 85. v\u00fdro\u010d\u00ed (1939 - 2024) - HOTELHOUSE.cz","description":"Ji\u017e v pond\u011bl\u00ed 18. b\u0159ezna m\u016f\u017eete zav\u00edtat mezi 10:00 - 19:00 hodinou do obchodn\u00edho domu B\u00edl\u00e1 labu\u0165 v ulici Na Po\u0159\u00ed\u010d\u00ed 23 na Praze 1. Bude se zde konat oslava 85. v\u00fdro\u010d\u00ed od otev\u0159en\u00ed ikonick\u00e9ho obchodn\u00edho domu. A to si rozhodn\u011b nenechte uj\u00edt!","robots":{"index":"index","follow":"follow","max-snippet":"max-snippet:-1","max-image-preview":"max-image-preview:large","max-video-preview":"max-video-preview:-1"},"canonical":"https:\/\/hotelhouse.cz\/index.php\/2024\/03\/16\/pozvanka-18-brezna-obchodni-dum-bila-labut-slavi-85-vyroci-1939-2024\/","og_locale":"cs_CZ","og_type":"article","og_title":"POZV\u00c1NKA - 18. b\u0159ezna: Obchodn\u00ed d\u016fm B\u00edl\u00e1 labu\u0165 slav\u00ed 85. v\u00fdro\u010d\u00ed (1939 - 2024) - HOTELHOUSE.cz","og_description":"Ji\u017e v pond\u011bl\u00ed 18. b\u0159ezna m\u016f\u017eete zav\u00edtat mezi 10:00 - 19:00 hodinou do obchodn\u00edho domu B\u00edl\u00e1 labu\u0165 v ulici Na Po\u0159\u00ed\u010d\u00ed 23 na Praze 1. Bude se zde konat oslava 85. v\u00fdro\u010d\u00ed od otev\u0159en\u00ed ikonick\u00e9ho obchodn\u00edho domu. A to si rozhodn\u011b nenechte uj\u00edt!","og_url":"https:\/\/hotelhouse.cz\/index.php\/2024\/03\/16\/pozvanka-18-brezna-obchodni-dum-bila-labut-slavi-85-vyroci-1939-2024\/","og_site_name":"HOTELHOUSE.cz","article_published_time":"2024-03-15T23:01:00+00:00","article_modified_time":"2024-03-15T21:51:12+00:00","og_image":[{"width":2000,"height":1400,"url":"https:\/\/hotelhouse.cz\/wp-content\/uploads\/2024\/03\/IMG_Bila_Labut.jpg","type":"image\/jpeg"}],"author":"Mikol\u00e1\u0161ek (\u0161efredaktor HMG)","twitter_card":"summary_large_image","twitter_misc":{"Napsal(a)":"Mikol\u00e1\u0161ek (\u0161efredaktor HMG)","Odhadovan\u00e1 doba \u010dten\u00ed":"12 minut"},"schema":{"@context":"https:\/\/schema.org","@graph":[{"@type":"Article","@id":"https:\/\/hotelhouse.cz\/index.php\/2024\/03\/16\/pozvanka-18-brezna-obchodni-dum-bila-labut-slavi-85-vyroci-1939-2024\/#article","isPartOf":{"@id":"https:\/\/hotelhouse.cz\/index.php\/2024\/03\/16\/pozvanka-18-brezna-obchodni-dum-bila-labut-slavi-85-vyroci-1939-2024\/"},"author":{"name":"Mikol\u00e1\u0161ek (\u0161efredaktor HMG)","@id":"https:\/\/hotelhouse.cz\/#\/schema\/person\/6f8df5654d33f7f700b98d242c71fc72"},"headline":"POZV\u00c1NKA &#8211; 18. b\u0159ezna: Obchodn\u00ed d\u016fm B\u00edl\u00e1 labu\u0165 slav\u00ed 85. v\u00fdro\u010d\u00ed (1939 &#8211; 2024)","datePublished":"2024-03-15T23:01:00+00:00","dateModified":"2024-03-15T21:51:12+00:00","mainEntityOfPage":{"@id":"https:\/\/hotelhouse.cz\/index.php\/2024\/03\/16\/pozvanka-18-brezna-obchodni-dum-bila-labut-slavi-85-vyroci-1939-2024\/"},"wordCount":1037,"publisher":{"@id":"https:\/\/hotelhouse.cz\/#organization"},"keywords":["B\u00edl\u00e1 labu\u0165","Obchodn\u00ed d\u016fm B\u00edl\u00e1 labu\u0165 slav\u00ed 85. v\u00fdro\u010d\u00ed","pra\u017esk\u00e9 p\u0159\u00edkopy"],"articleSection":["N\u00c1KUPN\u00cd CENTRA","NEWS"],"inLanguage":"cs"},{"@type":"WebPage","@id":"https:\/\/hotelhouse.cz\/index.php\/2024\/03\/16\/pozvanka-18-brezna-obchodni-dum-bila-labut-slavi-85-vyroci-1939-2024\/","url":"https:\/\/hotelhouse.cz\/index.php\/2024\/03\/16\/pozvanka-18-brezna-obchodni-dum-bila-labut-slavi-85-vyroci-1939-2024\/","name":"POZV\u00c1NKA - 18. b\u0159ezna: Obchodn\u00ed d\u016fm B\u00edl\u00e1 labu\u0165 slav\u00ed 85. v\u00fdro\u010d\u00ed (1939 - 2024) - HOTELHOUSE.cz","isPartOf":{"@id":"https:\/\/hotelhouse.cz\/#website"},"datePublished":"2024-03-15T23:01:00+00:00","dateModified":"2024-03-15T21:51:12+00:00","description":"Ji\u017e v pond\u011bl\u00ed 18. b\u0159ezna m\u016f\u017eete zav\u00edtat mezi 10:00 - 19:00 hodinou do obchodn\u00edho domu B\u00edl\u00e1 labu\u0165 v ulici Na Po\u0159\u00ed\u010d\u00ed 23 na Praze 1. Bude se zde konat oslava 85. v\u00fdro\u010d\u00ed od otev\u0159en\u00ed ikonick\u00e9ho obchodn\u00edho domu. A to si rozhodn\u011b nenechte uj\u00edt!","breadcrumb":{"@id":"https:\/\/hotelhouse.cz\/index.php\/2024\/03\/16\/pozvanka-18-brezna-obchodni-dum-bila-labut-slavi-85-vyroci-1939-2024\/#breadcrumb"},"inLanguage":"cs","potentialAction":[{"@type":"ReadAction","target":["https:\/\/hotelhouse.cz\/index.php\/2024\/03\/16\/pozvanka-18-brezna-obchodni-dum-bila-labut-slavi-85-vyroci-1939-2024\/"]}]},{"@type":"BreadcrumbList","@id":"https:\/\/hotelhouse.cz\/index.php\/2024\/03\/16\/pozvanka-18-brezna-obchodni-dum-bila-labut-slavi-85-vyroci-1939-2024\/#breadcrumb","itemListElement":[{"@type":"ListItem","position":1,"name":"Dom\u016f","item":"https:\/\/hotelhouse.cz\/"},{"@type":"ListItem","position":2,"name":"POZV\u00c1NKA &#8211; 18. b\u0159ezna: Obchodn\u00ed d\u016fm B\u00edl\u00e1 labu\u0165 slav\u00ed 85. v\u00fdro\u010d\u00ed (1939 &#8211; 2024)"}]},{"@type":"WebSite","@id":"https:\/\/hotelhouse.cz\/#website","url":"https:\/\/hotelhouse.cz\/","name":"HOTELHOUSE.cz","description":"Port\u00e1l o hotelech, pensionech, spa resortech a restaurac\u00edch...","publisher":{"@id":"https:\/\/hotelhouse.cz\/#organization"},"potentialAction":[{"@type":"SearchAction","target":{"@type":"EntryPoint","urlTemplate":"https:\/\/hotelhouse.cz\/?s={search_term_string}"},"query-input":"required name=search_term_string"}],"inLanguage":"cs"},{"@type":"Organization","@id":"https:\/\/hotelhouse.cz\/#organization","name":"HOTELHOUSE.cz","url":"https:\/\/hotelhouse.cz\/","logo":{"@type":"ImageObject","inLanguage":"cs","@id":"https:\/\/hotelhouse.cz\/#\/schema\/logo\/image\/","url":"https:\/\/hotelhouse.cz\/wp-content\/uploads\/2024\/12\/cropped-Logo_HotelHouse-2.jpg","contentUrl":"https:\/\/hotelhouse.cz\/wp-content\/uploads\/2024\/12\/cropped-Logo_HotelHouse-2.jpg","width":933,"height":516,"caption":"HOTELHOUSE.cz"},"image":{"@id":"https:\/\/hotelhouse.cz\/#\/schema\/logo\/image\/"},"sameAs":["https:\/\/www.instagram.com\/hotelhousecz\/"]},{"@type":"Person","@id":"https:\/\/hotelhouse.cz\/#\/schema\/person\/6f8df5654d33f7f700b98d242c71fc72","name":"Mikol\u00e1\u0161ek (\u0161efredaktor HMG)","image":{"@type":"ImageObject","inLanguage":"cs","@id":"https:\/\/hotelhouse.cz\/#\/schema\/person\/image\/","url":"https:\/\/secure.gravatar.com\/avatar\/1c8a35f186d8baabb0513b2bdd8e53cd?s=96&d=mm&r=g","contentUrl":"https:\/\/secure.gravatar.com\/avatar\/1c8a35f186d8baabb0513b2bdd8e53cd?s=96&d=mm&r=g","caption":"Mikol\u00e1\u0161ek (\u0161efredaktor HMG)"},"sameAs":["http:\/\/www.hotelhouse.cz"],"url":"https:\/\/hotelhouse.cz\/index.php\/author\/ivomik\/"}]}},"_links":{"self":[{"href":"https:\/\/hotelhouse.cz\/index.php\/wp-json\/wp\/v2\/posts\/6031"}],"collection":[{"href":"https:\/\/hotelhouse.cz\/index.php\/wp-json\/wp\/v2\/posts"}],"about":[{"href":"https:\/\/hotelhouse.cz\/index.php\/wp-json\/wp\/v2\/types\/post"}],"author":[{"embeddable":true,"href":"https:\/\/hotelhouse.cz\/index.php\/wp-json\/wp\/v2\/users\/1"}],"replies":[{"embeddable":true,"href":"https:\/\/hotelhouse.cz\/index.php\/wp-json\/wp\/v2\/comments?post=6031"}],"version-history":[{"count":1,"href":"https:\/\/hotelhouse.cz\/index.php\/wp-json\/wp\/v2\/posts\/6031\/revisions"}],"predecessor-version":[{"id":6033,"href":"https:\/\/hotelhouse.cz\/index.php\/wp-json\/wp\/v2\/posts\/6031\/revisions\/6033"}],"wp:featuredmedia":[{"embeddable":true,"href":"https:\/\/hotelhouse.cz\/index.php\/wp-json\/wp\/v2\/media\/6032"}],"wp:attachment":[{"href":"https:\/\/hotelhouse.cz\/index.php\/wp-json\/wp\/v2\/media?parent=6031"}],"wp:term":[{"taxonomy":"category","embeddable":true,"href":"https:\/\/hotelhouse.cz\/index.php\/wp-json\/wp\/v2\/categories?post=6031"},{"taxonomy":"post_tag","embeddable":true,"href":"https:\/\/hotelhouse.cz\/index.php\/wp-json\/wp\/v2\/tags?post=6031"}],"curies":[{"name":"wp","href":"https:\/\/api.w.org\/{rel}","templated":true}]}}