{"id":6050,"date":"2024-03-22T00:41:00","date_gmt":"2024-03-21T23:41:00","guid":{"rendered":"https:\/\/hotelhouse.cz\/?p=6050"},"modified":"2024-06-05T20:33:19","modified_gmt":"2024-06-05T18:33:19","slug":"restaurace-the-artisan-serviruje-na-prazskych-prikopech-velikonocni-menu-plne-svezesti","status":"publish","type":"post","link":"https:\/\/hotelhouse.cz\/index.php\/2024\/03\/22\/restaurace-the-artisan-serviruje-na-prazskych-prikopech-velikonocni-menu-plne-svezesti\/","title":{"rendered":"Restaurace The Artisan serv\u00edruje na Pra\u017esk\u00fdch P\u0159\u00edkopech velikono\u010dn\u00ed menu pln\u00e9 sv\u011b\u017eesti"},"content":{"rendered":"\n<div style=\"height:50px\" aria-hidden=\"true\" class=\"wp-block-spacer\"><\/div>\n\n\n\n<p><strong>Posledn\u00ed b\u0159eznov\u00e1 ned\u011ble p\u0159inese na <a href=\"https:\/\/prazskeprikopy.cz\/index.php\/lokalita-prazske-prikopy-hradebni-korzo\/\">Pra\u017esk\u00fdch P\u0159\u00edkopech<\/a> brunchov\u00e9 hody: ochutn\u00e1te lahodn\u00e9ho kr\u00e1l\u00edka s&nbsp;kop\u0159ivovou n\u00e1divkou, rizoto s&nbsp;medv\u011bd\u00edm \u010desnekem nebo cand\u00e1ta se smetanov\u00fdm \u0161pen\u00e1tem<\/strong>.<\/p>\n\n\n\n<div style=\"height:50px\" aria-hidden=\"true\" class=\"wp-block-spacer\"><\/div>\n\n\n<div class=\"wp-block-image\">\n<figure class=\"aligncenter size-large\"><img decoding=\"async\" src=\"https:\/\/prazskeprikopy.cz\/wp-content\/uploads\/2024\/03\/Foto6-1024x681.jpg\" alt=\"Restaurace The Artisan serv\u00edruje na Pra\u017esk\u00fdch P\u0159\u00edkopech velikono\u010dn\u00ed menu pln\u00e9 sv\u011b\u017eesti\" class=\"wp-image-4437\"\/><\/figure><\/div>\n\n\n<div style=\"height:50px\" aria-hidden=\"true\" class=\"wp-block-spacer\"><\/div>\n\n\n\n<p><strong>Pra\u017esk\u00e1 restaurace The Artisan s\u00eddl\u00edc\u00ed <a href=\"https:\/\/vcelniciulice.cz\/\">V Celnici<\/a> v\u00edt\u00e1 p\u0159\u00edchod jara s nov\u00fdm velikono\u010dn\u00edm menu. Sv\u011b\u017e\u00ed chut\u011b p\u0159in\u00e1\u0161\u00ed vybran\u00e9 speciality inspirovan\u00e9 Velikonocemi jak v&nbsp;t\u00fddenn\u00ed nab\u00eddce, tak ve speci\u00e1ln\u011b sestaven\u00e9m brunchov\u00e9m menu, kter\u00e9 posledn\u00ed b\u0159eznovou ned\u011bli oslavuje sv\u00e1tky jara.<\/strong><\/p>\n\n\n\n<div style=\"height:50px\" aria-hidden=\"true\" class=\"wp-block-spacer\"><\/div>\n\n\n<div class=\"wp-block-image\">\n<figure class=\"aligncenter size-large\"><img decoding=\"async\" src=\"https:\/\/prazskeprikopy.cz\/wp-content\/uploads\/2024\/03\/Foto8-1024x681.jpg\" alt=\"Restaurace The Artisan serv\u00edruje na Pra\u017esk\u00fdch P\u0159\u00edkopech velikono\u010dn\u00ed menu pln\u00e9 sv\u011b\u017eesti\" class=\"wp-image-4439\"\/><\/figure><\/div>\n\n\n<div style=\"height:50px\" aria-hidden=\"true\" class=\"wp-block-spacer\"><\/div>\n\n\n\n<p>Jaro v&nbsp;restauraci The Artisan spojuje tradice i neot\u0159elou gastronomii. <\/p>\n\n\n\n<p>\u201eInspirac\u00ed je probouzej\u00edc\u00ed se p\u0159\u00edroda, v&nbsp;jednotliv\u00fdch chodech tak nesm\u00ed chyb\u011bt zelen\u00e9 v\u00fdhonky, kop\u0159ivy, \u0161pen\u00e1t nebo medv\u011bd\u00ed \u010desnek, kter\u00e9 nejen na Zelen\u00fd \u010dtvrtek t\u011blu dodaj\u00ed pot\u0159ebnou s\u00edlu a&nbsp;energii. I proto jsme za\u0159adili na\u0161i dom\u00e1c\u00ed fermentovanou a nakl\u00e1danou zeleninu, kter\u00e1 na\u0161im pokrm\u016fm dod\u00e1 pot\u0159ebnou sv\u011b\u017eest a \u0159adu d\u016fle\u017eit\u00fdch \u017eivin,\u201c <strong>\u0159\u00edk\u00e1 David Rejhon, \u0161\u00e9fkucha\u0159 restaurace The Artisan.<\/strong><\/p>\n\n\n\n<div style=\"height:50px\" aria-hidden=\"true\" class=\"wp-block-spacer\"><\/div>\n\n\n<div class=\"wp-block-image\">\n<figure class=\"aligncenter size-large\"><img decoding=\"async\" src=\"https:\/\/prazskeprikopy.cz\/wp-content\/uploads\/2024\/03\/Foto4-1024x681.jpg\" alt=\"Restaurace The Artisan serv\u00edruje na Pra\u017esk\u00fdch P\u0159\u00edkopech velikono\u010dn\u00ed menu pln\u00e9 sv\u011b\u017eesti\" class=\"wp-image-4435\"\/><\/figure><\/div>\n\n\n<div style=\"height:50px\" aria-hidden=\"true\" class=\"wp-block-spacer\"><\/div>\n\n\n\n<p>Jarn\u00ed menu nab\u00eddne tradici v podob\u011b jehn\u011b\u010d\u00edho kol\u00ednka s&nbsp;bramborovou ka\u0161\u00ed nebo kr\u00e1l\u00edka ve sv\u011b\u017e\u00ed kombinaci s&nbsp;kop\u0159ivovou n\u00e1divkou, rizoto s&nbsp;medv\u011bd\u00edm \u010desnekem nebo cand\u00e1ta se smetanov\u00fdm \u0161pen\u00e1tem a&nbsp;polentou. Chyb\u011bt nesm\u00ed ani sal\u00e1t s&nbsp;kop\u0159ivou a medv\u011bd\u00edm \u010desnekem. Sladkou te\u010dkou na z\u00e1v\u011br bude grilovan\u00fd mazanec, medovn\u00edk nebo mrkvov\u00fd dort se zmrzlinou.<\/p>\n\n\n\n<div style=\"height:50px\" aria-hidden=\"true\" class=\"wp-block-spacer\"><\/div>\n\n\n\n<figure class=\"wp-block-gallery has-nested-images columns-default is-cropped wp-block-gallery-1 is-layout-flex wp-block-gallery-is-layout-flex\">\n<figure class=\"wp-block-image size-large\"><img decoding=\"async\" data-id=\"4436\" src=\"https:\/\/prazskeprikopy.cz\/wp-content\/uploads\/2024\/03\/Foto7-1024x681.jpg\" alt=\"Restaurace The Artisan serv\u00edruje na Pra\u017esk\u00fdch P\u0159\u00edkopech velikono\u010dn\u00ed menu pln\u00e9 sv\u011b\u017eesti\" class=\"wp-image-4436\"\/><\/figure>\n\n\n\n<figure class=\"wp-block-image size-large\"><img decoding=\"async\" data-id=\"4433\" src=\"https:\/\/prazskeprikopy.cz\/wp-content\/uploads\/2024\/03\/Foto3-1024x681.jpg\" alt=\"Restaurace The Artisan serv\u00edruje na Pra\u017esk\u00fdch P\u0159\u00edkopech velikono\u010dn\u00ed menu pln\u00e9 sv\u011b\u017eesti\" class=\"wp-image-4433\"\/><\/figure>\n<\/figure>\n\n\n\n<div style=\"height:50px\" aria-hidden=\"true\" class=\"wp-block-spacer\"><\/div>\n\n\n\n<p>B\u011bhem velikono\u010dn\u00edho brunche, kter\u00fd se uskute\u010dn\u00ed posledn\u00ed b\u0159eznovou ned\u011bli, si mohou host\u00e9 vychutnat speciality, jako je \u0161pen\u00e1tov\u00e9 rizoto nebo jehn\u011b\u010d\u00ed kol\u00ednko s&nbsp;bylinkami, rybu na m\u00e1sle s&nbsp;fermentovanou zeleninou, tradi\u010dn\u00ed kop\u0159ivovou n\u00e1divkou nebo mrkvov\u00fd tatar\u00e1k. Milovn\u00edci klasiky se mohou t\u011b\u0161it na kr\u00e1l\u00edka na slanin\u011b nebo pra\u017eskou \u0161unku s&nbsp;ho\u0159\u010di\u010dn\u00fdm glaz\u00e9. Sladk\u00e9 zakon\u010den\u00ed \u010dek\u00e1 hosty v podob\u011b mazance, pern\u00ed\u010dk\u016f, lineck\u00e9ho pe\u010diva s&nbsp;meru\u0148kovou marmel\u00e1dou nebo tematick\u00e9ho mechov\u00e9ho \u010di mrkvov\u00e9ho dortu.<\/p>\n\n\n\n<div style=\"height:50px\" aria-hidden=\"true\" class=\"wp-block-spacer\"><\/div>\n\n\n<div class=\"wp-block-image\">\n<figure class=\"aligncenter size-large\"><img decoding=\"async\" src=\"https:\/\/prazskeprikopy.cz\/wp-content\/uploads\/2024\/03\/Foto1-1024x681.jpg\" alt=\"Restaurace The Artisan serv\u00edruje na Pra\u017esk\u00fdch P\u0159\u00edkopech velikono\u010dn\u00ed menu pln\u00e9 sv\u011b\u017eesti\" class=\"wp-image-4440\"\/><\/figure><\/div>\n\n\n<div style=\"height:50px\" aria-hidden=\"true\" class=\"wp-block-spacer\"><\/div>\n\n\n\n<p><strong>V\u00edce informac\u00ed naleznete na: <a href=\"http:\/\/www.theartisan.cz\/\"><u>www.theartisan.cz<\/u><\/a> nebo na facebookov\u00e9 str\u00e1nce pra\u017esk\u00e9ho hotelu <a href=\"https:\/\/www.facebook.com\/PragueMarriottHotel\">Marriott<\/a> a restaurace <a href=\"https:\/\/www.facebook.com\/theartisanprague\">The Artisan<\/a>.<\/strong><\/p>\n\n\n\n<div style=\"height:100px\" aria-hidden=\"true\" class=\"wp-block-spacer\"><\/div>\n\n\n\n<figure class=\"wp-block-gallery has-nested-images columns-2 is-cropped wp-block-gallery-3 is-layout-flex wp-block-gallery-is-layout-flex\">\n<figure class=\"wp-block-image size-large\"><img decoding=\"async\" data-id=\"4438\" src=\"https:\/\/prazskeprikopy.cz\/wp-content\/uploads\/2024\/03\/Foto5-1024x681.jpg\" alt=\"Restaurace The Artisan serv\u00edruje na Pra\u017esk\u00fdch P\u0159\u00edkopech velikono\u010dn\u00ed menu pln\u00e9 sv\u011b\u017eesti\" class=\"wp-image-4438\"\/><\/figure>\n\n\n\n<figure class=\"wp-block-image size-large\"><img decoding=\"async\" data-id=\"4439\" src=\"https:\/\/prazskeprikopy.cz\/wp-content\/uploads\/2024\/03\/Foto8-1024x681.jpg\" alt=\"Restaurace The Artisan serv\u00edruje na Pra\u017esk\u00fdch P\u0159\u00edkopech velikono\u010dn\u00ed menu pln\u00e9 sv\u011b\u017eesti\" class=\"wp-image-4439\"\/><\/figure>\n\n\n\n<figure class=\"wp-block-image size-large\"><img decoding=\"async\" data-id=\"4435\" src=\"https:\/\/prazskeprikopy.cz\/wp-content\/uploads\/2024\/03\/Foto4-1024x681.jpg\" alt=\"Restaurace The Artisan serv\u00edruje na Pra\u017esk\u00fdch P\u0159\u00edkopech velikono\u010dn\u00ed menu pln\u00e9 sv\u011b\u017eesti\" class=\"wp-image-4435\"\/><\/figure>\n\n\n\n<figure class=\"wp-block-image size-large\"><img decoding=\"async\" data-id=\"4437\" src=\"https:\/\/prazskeprikopy.cz\/wp-content\/uploads\/2024\/03\/Foto6-1024x681.jpg\" alt=\"Restaurace The Artisan serv\u00edruje na Pra\u017esk\u00fdch P\u0159\u00edkopech velikono\u010dn\u00ed menu pln\u00e9 sv\u011b\u017eesti\" class=\"wp-image-4437\"\/><\/figure>\n\n\n\n<figure class=\"wp-block-image size-large\"><img decoding=\"async\" data-id=\"4436\" src=\"https:\/\/prazskeprikopy.cz\/wp-content\/uploads\/2024\/03\/Foto7-1024x681.jpg\" alt=\"Restaurace The Artisan serv\u00edruje na Pra\u017esk\u00fdch P\u0159\u00edkopech velikono\u010dn\u00ed menu pln\u00e9 sv\u011b\u017eesti\" class=\"wp-image-4436\"\/><\/figure>\n\n\n\n<figure class=\"wp-block-image size-large\"><img decoding=\"async\" data-id=\"4440\" src=\"https:\/\/prazskeprikopy.cz\/wp-content\/uploads\/2024\/03\/Foto1-1024x681.jpg\" alt=\"Restaurace The Artisan serv\u00edruje na Pra\u017esk\u00fdch P\u0159\u00edkopech velikono\u010dn\u00ed menu pln\u00e9 sv\u011b\u017eesti\" class=\"wp-image-4440\"\/><\/figure>\n\n\n\n<figure class=\"wp-block-image size-large\"><img decoding=\"async\" data-id=\"4433\" src=\"https:\/\/prazskeprikopy.cz\/wp-content\/uploads\/2024\/03\/Foto3-1024x681.jpg\" alt=\"Restaurace The Artisan serv\u00edruje na Pra\u017esk\u00fdch P\u0159\u00edkopech velikono\u010dn\u00ed menu pln\u00e9 sv\u011b\u017eesti\" class=\"wp-image-4433\"\/><\/figure>\n\n\n\n<figure class=\"wp-block-image size-large\"><img decoding=\"async\" data-id=\"4434\" src=\"https:\/\/prazskeprikopy.cz\/wp-content\/uploads\/2024\/03\/Foto2-681x1024.jpg\" alt=\"Restaurace The Artisan serv\u00edruje na Pra\u017esk\u00fdch P\u0159\u00edkopech velikono\u010dn\u00ed menu pln\u00e9 sv\u011b\u017eesti\" class=\"wp-image-4434\"\/><\/figure>\n<\/figure>\n\n\n\n<div style=\"height:33px\" aria-hidden=\"true\" class=\"wp-block-spacer\"><\/div>\n\n\n\n<p><strong>Zdroj foto: <\/strong>The Artisan, Hotel Marriott<\/p>\n\n\n\n<div style=\"height:100px\" aria-hidden=\"true\" class=\"wp-block-spacer\"><\/div>\n","protected":false},"excerpt":{"rendered":"<p>Posledn\u00ed b\u0159eznov\u00e1 ned\u011ble p\u0159inese na Pra\u017esk\u00fdch P\u0159\u00edkopech brunchov\u00e9 hody: ochutn\u00e1te lahodn\u00e9ho kr\u00e1l\u00edka s&nbsp;kop\u0159ivovou n\u00e1divkou, rizoto s&nbsp;medv\u011bd\u00edm \u010desnekem nebo cand\u00e1ta se smetanov\u00fdm \u0161pen\u00e1tem. Pra\u017esk\u00e1 restaurace The Artisan s\u00eddl\u00edc\u00ed V Celnici v\u00edt\u00e1 p\u0159\u00edchod jara s nov\u00fdm&#46;&#46;&#46;<\/p>\n","protected":false},"author":3,"featured_media":6051,"comment_status":"closed","ping_status":"closed","sticky":false,"template":"","format":"standard","meta":{"_monsterinsights_skip_tracking":false,"_monsterinsights_sitenote_active":false,"_monsterinsights_sitenote_note":"","_monsterinsights_sitenote_category":0,"footnotes":""},"categories":[2,8,28],"tags":[],"yoast_head":"<!-- This site is optimized with the Yoast SEO plugin v21.5 - https:\/\/yoast.com\/wordpress\/plugins\/seo\/ -->\n<title>Restaurace The Artisan serv\u00edruje na Pra\u017esk\u00fdch P\u0159\u00edkopech velikono\u010dn\u00ed menu pln\u00e9 sv\u011b\u017eesti - HOTELHOUSE.cz<\/title>\n<meta name=\"description\" content=\"Pra\u017esk\u00e1 restaurace The Artisan v\u00edt\u00e1 p\u0159\u00edchod jara s nov\u00fdm velikono\u010dn\u00edm menu. Sv\u011b\u017e\u00ed chut\u011b p\u0159in\u00e1\u0161\u00ed vybran\u00e9 speciality inspirovan\u00e9 Velikonocemi.\" \/>\n<meta name=\"robots\" content=\"index, follow, max-snippet:-1, max-image-preview:large, max-video-preview:-1\" \/>\n<link rel=\"canonical\" href=\"https:\/\/hotelhouse.cz\/index.php\/2024\/03\/22\/restaurace-the-artisan-serviruje-na-prazskych-prikopech-velikonocni-menu-plne-svezesti\/\" \/>\n<meta property=\"og:locale\" content=\"cs_CZ\" \/>\n<meta property=\"og:type\" content=\"article\" \/>\n<meta property=\"og:title\" content=\"Restaurace The Artisan serv\u00edruje na Pra\u017esk\u00fdch P\u0159\u00edkopech velikono\u010dn\u00ed menu pln\u00e9 sv\u011b\u017eesti - HOTELHOUSE.cz\" \/>\n<meta property=\"og:description\" content=\"Pra\u017esk\u00e1 restaurace The Artisan v\u00edt\u00e1 p\u0159\u00edchod jara s nov\u00fdm velikono\u010dn\u00edm menu. Sv\u011b\u017e\u00ed chut\u011b p\u0159in\u00e1\u0161\u00ed vybran\u00e9 speciality inspirovan\u00e9 Velikonocemi.\" \/>\n<meta property=\"og:url\" content=\"https:\/\/hotelhouse.cz\/index.php\/2024\/03\/22\/restaurace-the-artisan-serviruje-na-prazskych-prikopech-velikonocni-menu-plne-svezesti\/\" \/>\n<meta property=\"og:site_name\" content=\"HOTELHOUSE.cz\" \/>\n<meta property=\"article:published_time\" content=\"2024-03-21T23:41:00+00:00\" \/>\n<meta property=\"article:modified_time\" content=\"2024-06-05T18:33:19+00:00\" \/>\n<meta property=\"og:image\" content=\"https:\/\/hotelhouse.cz\/wp-content\/uploads\/2024\/03\/Foto5-1.jpg\" \/>\n\t<meta property=\"og:image:width\" content=\"1450\" \/>\n\t<meta property=\"og:image:height\" content=\"964\" \/>\n\t<meta property=\"og:image:type\" content=\"image\/jpeg\" \/>\n<meta name=\"author\" content=\"Van\u011bk Miroslav\" \/>\n<meta name=\"twitter:card\" content=\"summary_large_image\" \/>\n<meta name=\"twitter:label1\" content=\"Napsal(a)\" \/>\n\t<meta name=\"twitter:data1\" content=\"Van\u011bk Miroslav\" \/>\n\t<meta name=\"twitter:label2\" content=\"Odhadovan\u00e1 doba \u010dten\u00ed\" \/>\n\t<meta name=\"twitter:data2\" content=\"5 minut\" \/>\n<script type=\"application\/ld+json\" class=\"yoast-schema-graph\">{\"@context\":\"https:\/\/schema.org\",\"@graph\":[{\"@type\":\"Article\",\"@id\":\"https:\/\/hotelhouse.cz\/index.php\/2024\/03\/22\/restaurace-the-artisan-serviruje-na-prazskych-prikopech-velikonocni-menu-plne-svezesti\/#article\",\"isPartOf\":{\"@id\":\"https:\/\/hotelhouse.cz\/index.php\/2024\/03\/22\/restaurace-the-artisan-serviruje-na-prazskych-prikopech-velikonocni-menu-plne-svezesti\/\"},\"author\":{\"name\":\"Van\u011bk Miroslav\",\"@id\":\"https:\/\/hotelhouse.cz\/#\/schema\/person\/fa8caee3f0a9c6134afed3c541204812\"},\"headline\":\"Restaurace The Artisan serv\u00edruje na Pra\u017esk\u00fdch P\u0159\u00edkopech velikono\u010dn\u00ed menu pln\u00e9 sv\u011b\u017eesti\",\"datePublished\":\"2024-03-21T23:41:00+00:00\",\"dateModified\":\"2024-06-05T18:33:19+00:00\",\"mainEntityOfPage\":{\"@id\":\"https:\/\/hotelhouse.cz\/index.php\/2024\/03\/22\/restaurace-the-artisan-serviruje-na-prazskych-prikopech-velikonocni-menu-plne-svezesti\/\"},\"wordCount\":417,\"publisher\":{\"@id\":\"https:\/\/hotelhouse.cz\/#organization\"},\"articleSection\":[\"NEWS\",\"RESTAURACE &amp; BISTRA\",\"TIPY NA J\u00cdDLO\"],\"inLanguage\":\"cs\"},{\"@type\":\"WebPage\",\"@id\":\"https:\/\/hotelhouse.cz\/index.php\/2024\/03\/22\/restaurace-the-artisan-serviruje-na-prazskych-prikopech-velikonocni-menu-plne-svezesti\/\",\"url\":\"https:\/\/hotelhouse.cz\/index.php\/2024\/03\/22\/restaurace-the-artisan-serviruje-na-prazskych-prikopech-velikonocni-menu-plne-svezesti\/\",\"name\":\"Restaurace The Artisan serv\u00edruje na Pra\u017esk\u00fdch P\u0159\u00edkopech velikono\u010dn\u00ed menu pln\u00e9 sv\u011b\u017eesti - HOTELHOUSE.cz\",\"isPartOf\":{\"@id\":\"https:\/\/hotelhouse.cz\/#website\"},\"datePublished\":\"2024-03-21T23:41:00+00:00\",\"dateModified\":\"2024-06-05T18:33:19+00:00\",\"description\":\"Pra\u017esk\u00e1 restaurace The Artisan v\u00edt\u00e1 p\u0159\u00edchod jara s nov\u00fdm velikono\u010dn\u00edm menu. Sv\u011b\u017e\u00ed chut\u011b p\u0159in\u00e1\u0161\u00ed vybran\u00e9 speciality inspirovan\u00e9 Velikonocemi.\",\"breadcrumb\":{\"@id\":\"https:\/\/hotelhouse.cz\/index.php\/2024\/03\/22\/restaurace-the-artisan-serviruje-na-prazskych-prikopech-velikonocni-menu-plne-svezesti\/#breadcrumb\"},\"inLanguage\":\"cs\",\"potentialAction\":[{\"@type\":\"ReadAction\",\"target\":[\"https:\/\/hotelhouse.cz\/index.php\/2024\/03\/22\/restaurace-the-artisan-serviruje-na-prazskych-prikopech-velikonocni-menu-plne-svezesti\/\"]}]},{\"@type\":\"BreadcrumbList\",\"@id\":\"https:\/\/hotelhouse.cz\/index.php\/2024\/03\/22\/restaurace-the-artisan-serviruje-na-prazskych-prikopech-velikonocni-menu-plne-svezesti\/#breadcrumb\",\"itemListElement\":[{\"@type\":\"ListItem\",\"position\":1,\"name\":\"Dom\u016f\",\"item\":\"https:\/\/hotelhouse.cz\/\"},{\"@type\":\"ListItem\",\"position\":2,\"name\":\"Restaurace The Artisan serv\u00edruje na Pra\u017esk\u00fdch P\u0159\u00edkopech velikono\u010dn\u00ed menu pln\u00e9 sv\u011b\u017eesti\"}]},{\"@type\":\"WebSite\",\"@id\":\"https:\/\/hotelhouse.cz\/#website\",\"url\":\"https:\/\/hotelhouse.cz\/\",\"name\":\"HOTELHOUSE.cz\",\"description\":\"Port\u00e1l o hotelech, pensionech, spa resortech a restaurac\u00edch...\",\"publisher\":{\"@id\":\"https:\/\/hotelhouse.cz\/#organization\"},\"potentialAction\":[{\"@type\":\"SearchAction\",\"target\":{\"@type\":\"EntryPoint\",\"urlTemplate\":\"https:\/\/hotelhouse.cz\/?s={search_term_string}\"},\"query-input\":\"required name=search_term_string\"}],\"inLanguage\":\"cs\"},{\"@type\":\"Organization\",\"@id\":\"https:\/\/hotelhouse.cz\/#organization\",\"name\":\"HOTELHOUSE.cz\",\"url\":\"https:\/\/hotelhouse.cz\/\",\"logo\":{\"@type\":\"ImageObject\",\"inLanguage\":\"cs\",\"@id\":\"https:\/\/hotelhouse.cz\/#\/schema\/logo\/image\/\",\"url\":\"https:\/\/hotelhouse.cz\/wp-content\/uploads\/2024\/12\/cropped-Logo_HotelHouse-2.jpg\",\"contentUrl\":\"https:\/\/hotelhouse.cz\/wp-content\/uploads\/2024\/12\/cropped-Logo_HotelHouse-2.jpg\",\"width\":933,\"height\":516,\"caption\":\"HOTELHOUSE.cz\"},\"image\":{\"@id\":\"https:\/\/hotelhouse.cz\/#\/schema\/logo\/image\/\"},\"sameAs\":[\"https:\/\/www.instagram.com\/hotelhousecz\/\"]},{\"@type\":\"Person\",\"@id\":\"https:\/\/hotelhouse.cz\/#\/schema\/person\/fa8caee3f0a9c6134afed3c541204812\",\"name\":\"Van\u011bk Miroslav\",\"image\":{\"@type\":\"ImageObject\",\"inLanguage\":\"cs\",\"@id\":\"https:\/\/hotelhouse.cz\/#\/schema\/person\/image\/\",\"url\":\"https:\/\/secure.gravatar.com\/avatar\/cc93dbecbfc820d69a964ea4a1c72377?s=96&d=mm&r=g\",\"contentUrl\":\"https:\/\/secure.gravatar.com\/avatar\/cc93dbecbfc820d69a964ea4a1c72377?s=96&d=mm&r=g\",\"caption\":\"Van\u011bk Miroslav\"},\"sameAs\":[\"http:\/\/www.hotelhouse.cz\"],\"url\":\"https:\/\/hotelhouse.cz\/index.php\/author\/mirvan\/\"}]}<\/script>\n<!-- \/ Yoast SEO plugin. -->","yoast_head_json":{"title":"Restaurace The Artisan serv\u00edruje na Pra\u017esk\u00fdch P\u0159\u00edkopech velikono\u010dn\u00ed menu pln\u00e9 sv\u011b\u017eesti - HOTELHOUSE.cz","description":"Pra\u017esk\u00e1 restaurace The Artisan v\u00edt\u00e1 p\u0159\u00edchod jara s nov\u00fdm velikono\u010dn\u00edm menu. Sv\u011b\u017e\u00ed chut\u011b p\u0159in\u00e1\u0161\u00ed vybran\u00e9 speciality inspirovan\u00e9 Velikonocemi.","robots":{"index":"index","follow":"follow","max-snippet":"max-snippet:-1","max-image-preview":"max-image-preview:large","max-video-preview":"max-video-preview:-1"},"canonical":"https:\/\/hotelhouse.cz\/index.php\/2024\/03\/22\/restaurace-the-artisan-serviruje-na-prazskych-prikopech-velikonocni-menu-plne-svezesti\/","og_locale":"cs_CZ","og_type":"article","og_title":"Restaurace The Artisan serv\u00edruje na Pra\u017esk\u00fdch P\u0159\u00edkopech velikono\u010dn\u00ed menu pln\u00e9 sv\u011b\u017eesti - HOTELHOUSE.cz","og_description":"Pra\u017esk\u00e1 restaurace The Artisan v\u00edt\u00e1 p\u0159\u00edchod jara s nov\u00fdm velikono\u010dn\u00edm menu. Sv\u011b\u017e\u00ed chut\u011b p\u0159in\u00e1\u0161\u00ed vybran\u00e9 speciality inspirovan\u00e9 Velikonocemi.","og_url":"https:\/\/hotelhouse.cz\/index.php\/2024\/03\/22\/restaurace-the-artisan-serviruje-na-prazskych-prikopech-velikonocni-menu-plne-svezesti\/","og_site_name":"HOTELHOUSE.cz","article_published_time":"2024-03-21T23:41:00+00:00","article_modified_time":"2024-06-05T18:33:19+00:00","og_image":[{"width":1450,"height":964,"url":"https:\/\/hotelhouse.cz\/wp-content\/uploads\/2024\/03\/Foto5-1.jpg","type":"image\/jpeg"}],"author":"Van\u011bk Miroslav","twitter_card":"summary_large_image","twitter_misc":{"Napsal(a)":"Van\u011bk Miroslav","Odhadovan\u00e1 doba \u010dten\u00ed":"5 minut"},"schema":{"@context":"https:\/\/schema.org","@graph":[{"@type":"Article","@id":"https:\/\/hotelhouse.cz\/index.php\/2024\/03\/22\/restaurace-the-artisan-serviruje-na-prazskych-prikopech-velikonocni-menu-plne-svezesti\/#article","isPartOf":{"@id":"https:\/\/hotelhouse.cz\/index.php\/2024\/03\/22\/restaurace-the-artisan-serviruje-na-prazskych-prikopech-velikonocni-menu-plne-svezesti\/"},"author":{"name":"Van\u011bk Miroslav","@id":"https:\/\/hotelhouse.cz\/#\/schema\/person\/fa8caee3f0a9c6134afed3c541204812"},"headline":"Restaurace The Artisan serv\u00edruje na Pra\u017esk\u00fdch P\u0159\u00edkopech velikono\u010dn\u00ed menu pln\u00e9 sv\u011b\u017eesti","datePublished":"2024-03-21T23:41:00+00:00","dateModified":"2024-06-05T18:33:19+00:00","mainEntityOfPage":{"@id":"https:\/\/hotelhouse.cz\/index.php\/2024\/03\/22\/restaurace-the-artisan-serviruje-na-prazskych-prikopech-velikonocni-menu-plne-svezesti\/"},"wordCount":417,"publisher":{"@id":"https:\/\/hotelhouse.cz\/#organization"},"articleSection":["NEWS","RESTAURACE &amp; BISTRA","TIPY NA J\u00cdDLO"],"inLanguage":"cs"},{"@type":"WebPage","@id":"https:\/\/hotelhouse.cz\/index.php\/2024\/03\/22\/restaurace-the-artisan-serviruje-na-prazskych-prikopech-velikonocni-menu-plne-svezesti\/","url":"https:\/\/hotelhouse.cz\/index.php\/2024\/03\/22\/restaurace-the-artisan-serviruje-na-prazskych-prikopech-velikonocni-menu-plne-svezesti\/","name":"Restaurace The Artisan serv\u00edruje na Pra\u017esk\u00fdch P\u0159\u00edkopech velikono\u010dn\u00ed menu pln\u00e9 sv\u011b\u017eesti - HOTELHOUSE.cz","isPartOf":{"@id":"https:\/\/hotelhouse.cz\/#website"},"datePublished":"2024-03-21T23:41:00+00:00","dateModified":"2024-06-05T18:33:19+00:00","description":"Pra\u017esk\u00e1 restaurace The Artisan v\u00edt\u00e1 p\u0159\u00edchod jara s nov\u00fdm velikono\u010dn\u00edm menu. Sv\u011b\u017e\u00ed chut\u011b p\u0159in\u00e1\u0161\u00ed vybran\u00e9 speciality inspirovan\u00e9 Velikonocemi.","breadcrumb":{"@id":"https:\/\/hotelhouse.cz\/index.php\/2024\/03\/22\/restaurace-the-artisan-serviruje-na-prazskych-prikopech-velikonocni-menu-plne-svezesti\/#breadcrumb"},"inLanguage":"cs","potentialAction":[{"@type":"ReadAction","target":["https:\/\/hotelhouse.cz\/index.php\/2024\/03\/22\/restaurace-the-artisan-serviruje-na-prazskych-prikopech-velikonocni-menu-plne-svezesti\/"]}]},{"@type":"BreadcrumbList","@id":"https:\/\/hotelhouse.cz\/index.php\/2024\/03\/22\/restaurace-the-artisan-serviruje-na-prazskych-prikopech-velikonocni-menu-plne-svezesti\/#breadcrumb","itemListElement":[{"@type":"ListItem","position":1,"name":"Dom\u016f","item":"https:\/\/hotelhouse.cz\/"},{"@type":"ListItem","position":2,"name":"Restaurace The Artisan serv\u00edruje na Pra\u017esk\u00fdch P\u0159\u00edkopech velikono\u010dn\u00ed menu pln\u00e9 sv\u011b\u017eesti"}]},{"@type":"WebSite","@id":"https:\/\/hotelhouse.cz\/#website","url":"https:\/\/hotelhouse.cz\/","name":"HOTELHOUSE.cz","description":"Port\u00e1l o hotelech, pensionech, spa resortech a restaurac\u00edch...","publisher":{"@id":"https:\/\/hotelhouse.cz\/#organization"},"potentialAction":[{"@type":"SearchAction","target":{"@type":"EntryPoint","urlTemplate":"https:\/\/hotelhouse.cz\/?s={search_term_string}"},"query-input":"required name=search_term_string"}],"inLanguage":"cs"},{"@type":"Organization","@id":"https:\/\/hotelhouse.cz\/#organization","name":"HOTELHOUSE.cz","url":"https:\/\/hotelhouse.cz\/","logo":{"@type":"ImageObject","inLanguage":"cs","@id":"https:\/\/hotelhouse.cz\/#\/schema\/logo\/image\/","url":"https:\/\/hotelhouse.cz\/wp-content\/uploads\/2024\/12\/cropped-Logo_HotelHouse-2.jpg","contentUrl":"https:\/\/hotelhouse.cz\/wp-content\/uploads\/2024\/12\/cropped-Logo_HotelHouse-2.jpg","width":933,"height":516,"caption":"HOTELHOUSE.cz"},"image":{"@id":"https:\/\/hotelhouse.cz\/#\/schema\/logo\/image\/"},"sameAs":["https:\/\/www.instagram.com\/hotelhousecz\/"]},{"@type":"Person","@id":"https:\/\/hotelhouse.cz\/#\/schema\/person\/fa8caee3f0a9c6134afed3c541204812","name":"Van\u011bk Miroslav","image":{"@type":"ImageObject","inLanguage":"cs","@id":"https:\/\/hotelhouse.cz\/#\/schema\/person\/image\/","url":"https:\/\/secure.gravatar.com\/avatar\/cc93dbecbfc820d69a964ea4a1c72377?s=96&d=mm&r=g","contentUrl":"https:\/\/secure.gravatar.com\/avatar\/cc93dbecbfc820d69a964ea4a1c72377?s=96&d=mm&r=g","caption":"Van\u011bk Miroslav"},"sameAs":["http:\/\/www.hotelhouse.cz"],"url":"https:\/\/hotelhouse.cz\/index.php\/author\/mirvan\/"}]}},"_links":{"self":[{"href":"https:\/\/hotelhouse.cz\/index.php\/wp-json\/wp\/v2\/posts\/6050"}],"collection":[{"href":"https:\/\/hotelhouse.cz\/index.php\/wp-json\/wp\/v2\/posts"}],"about":[{"href":"https:\/\/hotelhouse.cz\/index.php\/wp-json\/wp\/v2\/types\/post"}],"author":[{"embeddable":true,"href":"https:\/\/hotelhouse.cz\/index.php\/wp-json\/wp\/v2\/users\/3"}],"replies":[{"embeddable":true,"href":"https:\/\/hotelhouse.cz\/index.php\/wp-json\/wp\/v2\/comments?post=6050"}],"version-history":[{"count":1,"href":"https:\/\/hotelhouse.cz\/index.php\/wp-json\/wp\/v2\/posts\/6050\/revisions"}],"predecessor-version":[{"id":6052,"href":"https:\/\/hotelhouse.cz\/index.php\/wp-json\/wp\/v2\/posts\/6050\/revisions\/6052"}],"wp:featuredmedia":[{"embeddable":true,"href":"https:\/\/hotelhouse.cz\/index.php\/wp-json\/wp\/v2\/media\/6051"}],"wp:attachment":[{"href":"https:\/\/hotelhouse.cz\/index.php\/wp-json\/wp\/v2\/media?parent=6050"}],"wp:term":[{"taxonomy":"category","embeddable":true,"href":"https:\/\/hotelhouse.cz\/index.php\/wp-json\/wp\/v2\/categories?post=6050"},{"taxonomy":"post_tag","embeddable":true,"href":"https:\/\/hotelhouse.cz\/index.php\/wp-json\/wp\/v2\/tags?post=6050"}],"curies":[{"name":"wp","href":"https:\/\/api.w.org\/{rel}","templated":true}]}}