{"id":6053,"date":"2024-03-25T00:01:00","date_gmt":"2024-03-24T23:01:00","guid":{"rendered":"https:\/\/hotelhouse.cz\/?p=6053"},"modified":"2024-03-22T22:49:07","modified_gmt":"2024-03-22T21:49:07","slug":"na-prazskych-prikopech-v-cervenem-jelenovi-velikonocni-menu-marka-fichtnera-v-bance-a-beranek-s-mazancem-u-vas-doma","status":"publish","type":"post","link":"https:\/\/hotelhouse.cz\/index.php\/2024\/03\/25\/na-prazskych-prikopech-v-cervenem-jelenovi-velikonocni-menu-marka-fichtnera-v-bance-a-beranek-s-mazancem-u-vas-doma\/","title":{"rendered":"Na Pra\u017esk\u00fdch P\u0159\u00edkopech v \u010cerven\u00e9m Jelenovi: Velikono\u010dn\u00ed menu Marka Fichtnera v\u00a0Bance a ber\u00e1nek s\u00a0mazancem u v\u00e1s doma"},"content":{"rendered":"\n<div style=\"height:54px\" aria-hidden=\"true\" class=\"wp-block-spacer\"><\/div>\n\n\n\n<p><strong>Velikonoce prov\u00e1zej\u00ed tradi\u010dn\u00ed pokrmy, jejich\u017e p\u0159\u00edprava vy\u017eaduje dostatek \u010dasu a zku\u0161enost\u00ed. Nem\u00e1te-li jedno \u010di druh\u00e9, vyplat\u00ed se spolehnout na zku\u0161en\u00e9 profesion\u00e1ly. <\/strong><\/p>\n\n\n\n<div style=\"height:54px\" aria-hidden=\"true\" class=\"wp-block-spacer\"><\/div>\n\n\n<div class=\"wp-block-image\">\n<figure class=\"aligncenter size-large\"><img decoding=\"async\" loading=\"lazy\" width=\"1024\" height=\"649\" src=\"https:\/\/hotelhouse.cz\/wp-content\/uploads\/2024\/03\/05-Kralici-hrbet_V-1024x649.jpg\" alt=\"Na Pra\u017esk\u00fdch P\u0159\u00edkopech v \u010cerven\u00e9m Jelenovi: Velikono\u010dn\u00ed menu Marka Fichtnera v\u00a0Bance a ber\u00e1nek s\u00a0mazancem u v\u00e1s doma\" class=\"wp-image-6054\" srcset=\"https:\/\/hotelhouse.cz\/wp-content\/uploads\/2024\/03\/05-Kralici-hrbet_V-1024x649.jpg 1024w, https:\/\/hotelhouse.cz\/wp-content\/uploads\/2024\/03\/05-Kralici-hrbet_V-300x190.jpg 300w, https:\/\/hotelhouse.cz\/wp-content\/uploads\/2024\/03\/05-Kralici-hrbet_V-768x487.jpg 768w, https:\/\/hotelhouse.cz\/wp-content\/uploads\/2024\/03\/05-Kralici-hrbet_V.jpg 1450w\" sizes=\"(max-width: 1024px) 100vw, 1024px\" \/><\/figure><\/div>\n\n\n<div style=\"height:54px\" aria-hidden=\"true\" class=\"wp-block-spacer\"><\/div>\n\n\n\n<p><strong>Nam\u00edsto zdlouhav\u00e9ho chyst\u00e1n\u00ed kop\u0159ivov\u00e9 n\u00e1divky \u010di \u0161\u0165avnat\u00e9 pe\u010d\u00ednky se od 28. b\u0159ezna do 3. dubna m\u016f\u017eete vydat do obl\u00edben\u00e9 <a href=\"https:\/\/www.cervenyjelen.cz\/\">restaurace \u010cerven\u00fd Jelen<\/a> na <a href=\"https:\/\/prazskeprikopy.cz\/index.php\/lokalita-prazske-prikopy-hradebni-korzo\/\">Pra\u017esk\u00fdch P\u0159\u00edkopech<\/a> na tematick\u00e9 velikono\u010dn\u00ed menu. <\/strong><\/p>\n\n\n\n<div style=\"height:50px\" aria-hidden=\"true\" class=\"wp-block-spacer\"><\/div>\n\n\n<div class=\"wp-block-image\">\n<figure class=\"aligncenter size-large\"><img decoding=\"async\" src=\"https:\/\/prazskeprikopy.cz\/wp-content\/uploads\/2024\/03\/03-Jehneci-kolinko-s-omackou-z-cerveneho-vina-a-koprivovou-nadivkou-Cerveny-jelen_V-1024x750.jpg\" alt=\"Na Pra\u017esk\u00fdch P\u0159\u00edkopech v \u010cerven\u00e9m Jelenovi: Velikono\u010dn\u00ed menu Marka Fichtnera v\u00a0Bance a ber\u00e1nek s\u00a0mazancem u v\u00e1s doma\" class=\"wp-image-4456\"\/><\/figure><\/div>\n\n\n<div style=\"height:50px\" aria-hidden=\"true\" class=\"wp-block-spacer\"><\/div>\n\n\n\n<p>Speciality p\u0159ipraven\u00e9 t\u00fdmem profesion\u00e1l\u016f pod veden\u00edm <strong>\u0161\u00e9fkucha\u0159e Marka Fichtnera<\/strong> se budou pod\u00e1vat v <strong>Bance<\/strong> \u2013 kubisticko-modernistick\u00e9m prostoru b\u00fdval\u00e9 Anglo-rakousk\u00e9 banky jako sou\u010d\u00e1st a la carte nab\u00eddky v\u017edy od 15:00 hod. v <strong><a href=\"https:\/\/hybernskaulice.cz\/\">Hybernsk\u00e9 ulici<\/a><\/strong>.<\/p>\n\n\n\n<div style=\"height:50px\" aria-hidden=\"true\" class=\"wp-block-spacer\"><\/div>\n\n\n\n<figure class=\"wp-block-image size-large\"><img decoding=\"async\" src=\"https:\/\/prazskeprikopy.cz\/wp-content\/uploads\/2024\/03\/01-Teleci-svickova-v-bylinkove-kruste-s-Madeira-omackou-Cerveny-Jelen_V-1024x645.jpg\" alt=\"Na Pra\u017esk\u00fdch P\u0159\u00edkopech v \u010cerven\u00e9m Jelenovi: Velikono\u010dn\u00ed menu Marka Fichtnera v\u00a0Bance a ber\u00e1nek s\u00a0mazancem u v\u00e1s doma\" class=\"wp-image-4448\"\/><\/figure>\n\n\n\n<div style=\"height:50px\" aria-hidden=\"true\" class=\"wp-block-spacer\"><\/div>\n\n\n\n<p>A co by to bylo za Velikonoce bez <strong>pleten\u00e9ho m\u00e1slov\u00e9ho mazance s mandlemi<\/strong> \u010di <strong>mramorov\u00e9ho ber\u00e1nka s polevou z kvalitn\u00ed 70% \u010dokol\u00e1dy<\/strong>? <\/p>\n\n\n\n<div style=\"height:50px\" aria-hidden=\"true\" class=\"wp-block-spacer\"><\/div>\n\n\n\n<figure class=\"wp-block-image size-large\"><img decoding=\"async\" src=\"https:\/\/prazskeprikopy.cz\/wp-content\/uploads\/2024\/03\/07-Jablecny-dortik-s-jahodovym-zele-s-bazalkou-Cerveny-Jelen_V-1024x659.jpg\" alt=\"Na Pra\u017esk\u00fdch P\u0159\u00edkopech v \u010cerven\u00e9m Jelenovi: Velikono\u010dn\u00ed menu Marka Fichtnera v\u00a0Bance a ber\u00e1nek s\u00a0mazancem u v\u00e1s doma\" class=\"wp-image-4447\"\/><\/figure>\n\n\n\n<div style=\"height:50px\" aria-hidden=\"true\" class=\"wp-block-spacer\"><\/div>\n\n\n\n<p><strong>V \u010cerven\u00e9m Jelenovi je s&nbsp;l\u00e1skou pe\u010de zku\u0161en\u00e1 cukr\u00e1\u0159ka Kl\u00e1ra \u0158ezn\u00ed\u010dkov\u00e1. Sta\u010d\u00ed jen v\u010das objednat na <a href=\"http:\/\/www.spork.cz\/collections\/velikonoce-budou\">www.spork.cz<\/a> a n\u00e1sledn\u011b vyzvednout: ka\u017ed\u00fd den mezi od 15 a 18 hodinou.<\/strong><\/p>\n\n\n\n<div style=\"height:50px\" aria-hidden=\"true\" class=\"wp-block-spacer\"><\/div>\n\n\n<div class=\"wp-block-image\">\n<figure class=\"aligncenter size-large\"><img decoding=\"async\" src=\"https:\/\/prazskeprikopy.cz\/wp-content\/uploads\/2024\/03\/10-Beranek-Cerveny-Jelen_V-1024x676.jpg\" alt=\"Na Pra\u017esk\u00fdch P\u0159\u00edkopech v \u010cerven\u00e9m Jelenovi: Velikono\u010dn\u00ed menu Marka Fichtnera v\u00a0Bance a ber\u00e1nek s\u00a0mazancem u v\u00e1s doma\" class=\"wp-image-4452\"\/><\/figure><\/div>\n\n\n<div style=\"height:50px\" aria-hidden=\"true\" class=\"wp-block-spacer\"><\/div>\n\n\n\n<h2 class=\"wp-block-heading\"><strong>Velikono\u010dn\u00ed nab\u00eddka v \u010cerven\u00e9m Jelenovi<\/strong><\/h2>\n\n\n\n<div style=\"height:23px\" aria-hidden=\"true\" class=\"wp-block-spacer\"><\/div>\n\n\n\n<h5 class=\"wp-block-heading\">Telec\u00ed sv\u00ed\u010dkov\u00e1 v bylinkov\u00e9 krust\u011b s&nbsp;Madeira om\u00e1\u010dkou | jarn\u00ed mrkvi\u010dky s javorov\u00fdm sirupem | bramborov\u00e9 pyr\u00e9 s medv\u011bd\u00edm \u010desnekem<\/h5>\n\n\n\n<h5 class=\"wp-block-heading\">Jehn\u011b\u010d\u00ed kol\u00ednko s om\u00e1\u010dkou z \u010derven\u00e9ho v\u00edna | jarn\u00ed mrkvi\u010dky s javorov\u00fdm sirupem | kop\u0159ivov\u00e1 n\u00e1divka<\/h5>\n\n\n\n<h5 class=\"wp-block-heading\">Kr\u00e1li\u010d\u00ed h\u0159bet v Iberijsk\u00e9m \u0161peku s om\u00e1\u010dkou z P\u00e9rigordsk\u00e9ho lan\u00fd\u017ee | hr\u00e1\u0161kov\u00e9 sufl\u00e9 | \u0161pen\u00e1tov\u00e9 listy<\/h5>\n\n\n\n<h5 class=\"wp-block-heading\">Jable\u010dn\u00fd dort\u00edk | mrkvov\u00fd pi\u0161kot | jablka Granny Smith| jahodov\u00e9 \u017eel\u00e9 s bazalkou<\/h5>\n\n\n\n<div style=\"height:100px\" aria-hidden=\"true\" class=\"wp-block-spacer\"><\/div>\n\n\n<div class=\"wp-block-image\">\n<figure class=\"aligncenter size-full\"><img decoding=\"async\" src=\"https:\/\/prazskeprikopy.cz\/wp-content\/uploads\/2024\/02\/image.png\" alt=\"\" class=\"wp-image-3882\"\/><\/figure><\/div>\n\n\n<div style=\"height:41px\" aria-hidden=\"true\" class=\"wp-block-spacer\"><\/div>\n\n\n\n<h2 class=\"wp-block-heading\"><strong>O restauraci \u010cerven\u00fd Jelen<\/strong><\/h2>\n\n\n\n<div style=\"height:33px\" aria-hidden=\"true\" class=\"wp-block-spacer\"><\/div>\n\n\n\n<p><strong><a href=\"https:\/\/prazskeprikopy.cz\/index.php\/cerveny-jelen\/\">Restaurace \u010cerven\u00fd Jelen<\/a><\/strong> vznikla v roce 2019 podle projektu architekta Stanislava Fialy v prostorech b\u00fdval\u00e9 Anglicko-\u010deskoslovensk\u00e9 banky navr\u017een\u00e9 \u010desk\u00fdm architektem Josefem Go\u010d\u00e1rem. Nach\u00e1z\u00ed se v pra\u017esk\u00e9 Hybernsk\u00e9 ulici v barokn\u00edm Sw\u00e9erts-Sporckov\u011b pal\u00e1ci, jeho\u017e p\u016fvodn\u00edm majitelem byl hrab\u011b \u0160pork, zakladatel \u010desk\u00e9ho myslivectv\u00ed, \u0159\u00e1du sv. Huberta a don\u00e1tor um\u011bn\u00ed. K jeho z\u00e1lib\u011b v myslivectv\u00ed odkazuje nejen n\u00e1zev restaurace, ale tak\u00e9 sochy l\u00e9taj\u00edc\u00edch \u010derven\u00fdch jelen\u016f z d\u00edlny \u010desk\u00e9ho socha\u0159e Michala Gabriela.<\/p>\n\n\n\n<p><strong><a href=\"https:\/\/www.cervenyjelen.cz\">Restaurace \u010cerven\u00fd Jelen<\/a> <\/strong>propojuje kr\u00e1snou go\u010d\u00e1rovskou \u201emodernisticko-funkcionalisticko-kubistickou\u201c achitekturu, v\u0159el\u00fd a pohostinn\u00fd servis, kvalitn\u00ed v\u00fdb\u011br n\u00e1poj\u016f a modern\u00ed pojet\u00ed gastronomie zalo\u017een\u00e9 na citliv\u00e9m mixu kvalitn\u00edho grilovan\u00e9ho masa, zeleniny a la carte j\u00eddel od t\u00fdmu pracuj\u00edc\u00edho pod veden\u00edm zn\u00e1m\u00e9ho \u0161\u00e9fkucha\u0159e Marka Fichtnera.<\/p>\n\n\n\n<div style=\"height:45px\" aria-hidden=\"true\" class=\"wp-block-spacer\"><\/div>\n\n\n\n<figure class=\"wp-block-image size-full\"><img decoding=\"async\" loading=\"lazy\" width=\"1366\" height=\"768\" src=\"https:\/\/hotelhouse.cz\/wp-content\/uploads\/2023\/11\/2a7a2a_5756cf30f3b04baf9a560d2fb47757e9mv2.webp\" alt=\"Oslavte Valent\u00fdna na Pra\u017esk\u00fdch P\u0159\u00edkopech v restauraci \u010cerven\u00fd Jelen: Serv\u00edrovat se bude Valent\u00fdnsk\u00e9 menu v\u00a0Trezoru Marka Fichtnera\" class=\"wp-image-5731\"\/><\/figure>\n\n\n\n<div style=\"height:45px\" aria-hidden=\"true\" class=\"wp-block-spacer\"><\/div>\n\n\n\n<h2 class=\"wp-block-heading\"><strong>\u010cerven\u00fd Jelen &amp; Trezor \u0160pork<\/strong><\/h2>\n\n\n\n<div style=\"height:15px\" aria-hidden=\"true\" class=\"wp-block-spacer\"><\/div>\n\n\n\n<h3 class=\"wp-block-heading\"><strong>Hybernsk\u00e1 1034\/5, Praha 1<\/strong><\/h3>\n\n\n\n<div style=\"height:15px\" aria-hidden=\"true\" class=\"wp-block-spacer\"><\/div>\n\n\n\n<p><a href=\"http:\/\/www.cervenyjelen.cz\/\"><strong>www.cervenyjelen.cz<\/strong><\/a><\/p>\n\n\n\n<p><strong><a href=\"http:\/\/www.trezorspork.cz\">www.trezorspork.cz<\/a><\/strong><\/p>\n\n\n\n<p><a href=\"http:\/\/www.facebook.com\/cervenyjelen\"><strong>www.facebook.com\/cervenyjelen<\/strong><\/a><\/p>\n\n\n\n<p><a href=\"http:\/\/www.instagram.com\/cerveny_jelen\/\"><strong>www.instagram.com\/cerveny_jelen\/<\/strong><\/a><\/p>\n\n\n\n<p><a href=\"http:\/\/www.instagram.com\/trezor_spork\/\"><strong>www.instagram.com\/trezor_spork\/<\/strong><\/a><\/p>\n\n\n\n<div style=\"height:100px\" aria-hidden=\"true\" class=\"wp-block-spacer\"><\/div>\n\n\n\n<figure class=\"wp-block-gallery has-nested-images columns-2 is-cropped wp-block-gallery-1 is-layout-flex wp-block-gallery-is-layout-flex\">\n<figure class=\"wp-block-image size-large\"><img decoding=\"async\" data-id=\"4456\" src=\"https:\/\/prazskeprikopy.cz\/wp-content\/uploads\/2024\/03\/03-Jehneci-kolinko-s-omackou-z-cerveneho-vina-a-koprivovou-nadivkou-Cerveny-jelen_V-1024x750.jpg\" alt=\"Na Pra\u017esk\u00fdch P\u0159\u00edkopech v \u010cerven\u00e9m Jelenovi: Velikono\u010dn\u00ed menu Marka Fichtnera v\u00a0Bance a ber\u00e1nek s\u00a0mazancem u v\u00e1s doma\" class=\"wp-image-4456\"\/><\/figure>\n\n\n\n<figure class=\"wp-block-image size-large\"><img decoding=\"async\" data-id=\"4448\" src=\"https:\/\/prazskeprikopy.cz\/wp-content\/uploads\/2024\/03\/01-Teleci-svickova-v-bylinkove-kruste-s-Madeira-omackou-Cerveny-Jelen_V-1024x645.jpg\" alt=\"Na Pra\u017esk\u00fdch P\u0159\u00edkopech v \u010cerven\u00e9m Jelenovi: Velikono\u010dn\u00ed menu Marka Fichtnera v\u00a0Bance a ber\u00e1nek s\u00a0mazancem u v\u00e1s doma\" class=\"wp-image-4448\"\/><\/figure>\n\n\n\n<figure class=\"wp-block-image size-large\"><img decoding=\"async\" data-id=\"4454\" src=\"https:\/\/prazskeprikopy.cz\/wp-content\/uploads\/2024\/03\/06-Kralici-hrbet-v-Iberijskem-speku-s-omackou-z-Perigordskeho-lanyze-Cerveny-Jelen-683x1024.jpg\" alt=\"Na Pra\u017esk\u00fdch P\u0159\u00edkopech v \u010cerven\u00e9m Jelenovi: Velikono\u010dn\u00ed menu Marka Fichtnera v\u00a0Bance a ber\u00e1nek s\u00a0mazancem u v\u00e1s doma\" class=\"wp-image-4454\"\/><\/figure>\n\n\n\n<figure class=\"wp-block-image size-large\"><img decoding=\"async\" data-id=\"4457\" src=\"https:\/\/prazskeprikopy.cz\/wp-content\/uploads\/2024\/03\/04-Jehneci-kolinko-s-omackou-z-cerveneho-vina-a-koprivovou-nadivkou-Cerveny-jelen-683x1024.jpg\" alt=\"Na Pra\u017esk\u00fdch P\u0159\u00edkopech v \u010cerven\u00e9m Jelenovi: Velikono\u010dn\u00ed menu Marka Fichtnera v\u00a0Bance a ber\u00e1nek s\u00a0mazancem u v\u00e1s doma\" class=\"wp-image-4457\"\/><\/figure>\n\n\n\n<figure class=\"wp-block-image size-large\"><img decoding=\"async\" data-id=\"4446\" src=\"https:\/\/prazskeprikopy.cz\/wp-content\/uploads\/2024\/03\/02-Teleci-svickova-v-bylinkove-kruste-s-Madeira-omackou-Cerveny-Jelen-683x1024.jpg\" alt=\"Na Pra\u017esk\u00fdch P\u0159\u00edkopech v \u010cerven\u00e9m Jelenovi: Velikono\u010dn\u00ed menu Marka Fichtnera v\u00a0Bance a ber\u00e1nek s\u00a0mazancem u v\u00e1s doma\" class=\"wp-image-4446\"\/><\/figure>\n\n\n\n<figure class=\"wp-block-image size-large\"><img decoding=\"async\" data-id=\"4445\" src=\"https:\/\/prazskeprikopy.cz\/wp-content\/uploads\/2024\/03\/03-Jehneci-kolinko-s-omackou-z-cerveneho-vina-a-koprivovou-nadivkou-Cerveny-jelen-683x1024.jpg\" alt=\"Na Pra\u017esk\u00fdch P\u0159\u00edkopech v \u010cerven\u00e9m Jelenovi: Velikono\u010dn\u00ed menu Marka Fichtnera v\u00a0Bance a ber\u00e1nek s\u00a0mazancem u v\u00e1s doma\" class=\"wp-image-4445\"\/><\/figure>\n\n\n\n<figure class=\"wp-block-image size-large\"><img decoding=\"async\" data-id=\"4444\" src=\"https:\/\/prazskeprikopy.cz\/wp-content\/uploads\/2024\/03\/01-Teleci-svickova-v-bylinkove-kruste-s-Madeira-omackou-Cerveny-Jelen-683x1024.jpg\" alt=\"Na Pra\u017esk\u00fdch P\u0159\u00edkopech v \u010cerven\u00e9m Jelenovi: Velikono\u010dn\u00ed menu Marka Fichtnera v\u00a0Bance a ber\u00e1nek s\u00a0mazancem u v\u00e1s doma\" class=\"wp-image-4444\"\/><\/figure>\n\n\n\n<figure class=\"wp-block-image size-large\"><img decoding=\"async\" data-id=\"4451\" src=\"https:\/\/prazskeprikopy.cz\/wp-content\/uploads\/2024\/03\/05-Kralici-hrbet-v-Iberijskem-speku-s-omackou-z-Perigordskeho-lanyze-Cerveny-Jelen-683x1024.jpg\" alt=\"Na Pra\u017esk\u00fdch P\u0159\u00edkopech v \u010cerven\u00e9m Jelenovi: Velikono\u010dn\u00ed menu Marka Fichtnera v\u00a0Bance a ber\u00e1nek s\u00a0mazancem u v\u00e1s doma\" class=\"wp-image-4451\"\/><\/figure>\n\n\n\n<figure class=\"wp-block-image size-large\"><img decoding=\"async\" data-id=\"4447\" src=\"https:\/\/prazskeprikopy.cz\/wp-content\/uploads\/2024\/03\/07-Jablecny-dortik-s-jahodovym-zele-s-bazalkou-Cerveny-Jelen_V-1024x659.jpg\" alt=\"Na Pra\u017esk\u00fdch P\u0159\u00edkopech v \u010cerven\u00e9m Jelenovi: Velikono\u010dn\u00ed menu Marka Fichtnera v\u00a0Bance a ber\u00e1nek s\u00a0mazancem u v\u00e1s doma\" class=\"wp-image-4447\"\/><\/figure>\n\n\n\n<figure class=\"wp-block-image size-large\"><img decoding=\"async\" data-id=\"4452\" src=\"https:\/\/prazskeprikopy.cz\/wp-content\/uploads\/2024\/03\/10-Beranek-Cerveny-Jelen_V-1024x676.jpg\" alt=\"Na Pra\u017esk\u00fdch P\u0159\u00edkopech v \u010cerven\u00e9m Jelenovi: Velikono\u010dn\u00ed menu Marka Fichtnera v\u00a0Bance a ber\u00e1nek s\u00a0mazancem u v\u00e1s doma\" class=\"wp-image-4452\"\/><\/figure>\n\n\n\n<figure class=\"wp-block-image size-large\"><img decoding=\"async\" data-id=\"4453\" src=\"https:\/\/prazskeprikopy.cz\/wp-content\/uploads\/2024\/03\/08-Jablecny-dortik-s-jahodovym-zele-s-bazalkou-Cerveny-Jelen-683x1024.jpg\" alt=\"Na Pra\u017esk\u00fdch P\u0159\u00edkopech v \u010cerven\u00e9m Jelenovi: Velikono\u010dn\u00ed menu Marka Fichtnera v\u00a0Bance a ber\u00e1nek s\u00a0mazancem u v\u00e1s doma\" class=\"wp-image-4453\"\/><\/figure>\n\n\n\n<figure class=\"wp-block-image size-large\"><img decoding=\"async\" data-id=\"4450\" src=\"https:\/\/prazskeprikopy.cz\/wp-content\/uploads\/2024\/03\/10-Beranek-Cerveny-Jelen-683x1024.jpeg\" alt=\"Na Pra\u017esk\u00fdch P\u0159\u00edkopech v \u010cerven\u00e9m Jelenovi: Velikono\u010dn\u00ed menu Marka Fichtnera v\u00a0Bance a ber\u00e1nek s\u00a0mazancem u v\u00e1s doma\" class=\"wp-image-4450\"\/><\/figure>\n\n\n\n<figure class=\"wp-block-image size-large\"><img decoding=\"async\" data-id=\"4455\" src=\"https:\/\/prazskeprikopy.cz\/wp-content\/uploads\/2024\/03\/09-Sefkuchar-Marek-Fichtner-683x1024.jpg\" alt=\"Na Pra\u017esk\u00fdch P\u0159\u00edkopech v \u010cerven\u00e9m Jelenovi: Velikono\u010dn\u00ed menu Marka Fichtnera v\u00a0Bance a ber\u00e1nek s\u00a0mazancem u v\u00e1s doma\" class=\"wp-image-4455\"\/><\/figure>\n<\/figure>\n\n\n\n<div style=\"height:30px\" aria-hidden=\"true\" class=\"wp-block-spacer\"><\/div>\n\n\n\n<p><strong>Zdroj foto:<\/strong> \u010cerven\u00fd Jelen, Trezor \u0160pork<\/p>\n\n\n\n<div style=\"height:100px\" aria-hidden=\"true\" class=\"wp-block-spacer\"><\/div>\n","protected":false},"excerpt":{"rendered":"<p>Velikonoce prov\u00e1zej\u00ed tradi\u010dn\u00ed pokrmy, jejich\u017e p\u0159\u00edprava vy\u017eaduje dostatek \u010dasu a zku\u0161enost\u00ed. Nem\u00e1te-li jedno \u010di druh\u00e9, vyplat\u00ed se spolehnout na zku\u0161en\u00e9 profesion\u00e1ly. Nam\u00edsto zdlouhav\u00e9ho chyst\u00e1n\u00ed kop\u0159ivov\u00e9 n\u00e1divky \u010di \u0161\u0165avnat\u00e9 pe\u010d\u00ednky se od 28. b\u0159ezna do&#46;&#46;&#46;<\/p>\n","protected":false},"author":1,"featured_media":6054,"comment_status":"closed","ping_status":"closed","sticky":false,"template":"","format":"standard","meta":{"_monsterinsights_skip_tracking":false,"_monsterinsights_sitenote_active":false,"_monsterinsights_sitenote_note":"","_monsterinsights_sitenote_category":0,"footnotes":""},"categories":[2,8,28],"tags":[],"yoast_head":"<!-- This site is optimized with the Yoast SEO plugin v21.5 - https:\/\/yoast.com\/wordpress\/plugins\/seo\/ -->\n<title>Na Pra\u017esk\u00fdch P\u0159\u00edkopech v \u010cerven\u00e9m Jelenovi: Velikono\u010dn\u00ed menu Marka Fichtnera v\u00a0Bance a ber\u00e1nek s\u00a0mazancem u v\u00e1s doma - HOTELHOUSE.cz<\/title>\n<meta name=\"description\" content=\"Nam\u00edsto zdlouhav\u00e9ho chyst\u00e1n\u00ed kop\u0159ivov\u00e9 n\u00e1divky \u010di \u0161\u0165avnat\u00e9 pe\u010d\u00ednky se od 28. b\u0159ezna do 3. dubna m\u016f\u017eete vydat do obl\u00edben\u00e9 restaurace \u010cerven\u00fd Jelen na Pra\u017esk\u00fdch P\u0159\u00edkopech na tematick\u00e9 velikono\u010dn\u00ed menu.\" \/>\n<meta name=\"robots\" content=\"index, follow, max-snippet:-1, max-image-preview:large, max-video-preview:-1\" \/>\n<link rel=\"canonical\" href=\"https:\/\/hotelhouse.cz\/index.php\/2024\/03\/25\/na-prazskych-prikopech-v-cervenem-jelenovi-velikonocni-menu-marka-fichtnera-v-bance-a-beranek-s-mazancem-u-vas-doma\/\" \/>\n<meta property=\"og:locale\" content=\"cs_CZ\" \/>\n<meta property=\"og:type\" content=\"article\" \/>\n<meta property=\"og:title\" content=\"Na Pra\u017esk\u00fdch P\u0159\u00edkopech v \u010cerven\u00e9m Jelenovi: Velikono\u010dn\u00ed menu Marka Fichtnera v\u00a0Bance a ber\u00e1nek s\u00a0mazancem u v\u00e1s doma - HOTELHOUSE.cz\" \/>\n<meta property=\"og:description\" content=\"Nam\u00edsto zdlouhav\u00e9ho chyst\u00e1n\u00ed kop\u0159ivov\u00e9 n\u00e1divky \u010di \u0161\u0165avnat\u00e9 pe\u010d\u00ednky se od 28. b\u0159ezna do 3. dubna m\u016f\u017eete vydat do obl\u00edben\u00e9 restaurace \u010cerven\u00fd Jelen na Pra\u017esk\u00fdch P\u0159\u00edkopech na tematick\u00e9 velikono\u010dn\u00ed menu.\" \/>\n<meta property=\"og:url\" content=\"https:\/\/hotelhouse.cz\/index.php\/2024\/03\/25\/na-prazskych-prikopech-v-cervenem-jelenovi-velikonocni-menu-marka-fichtnera-v-bance-a-beranek-s-mazancem-u-vas-doma\/\" \/>\n<meta property=\"og:site_name\" content=\"HOTELHOUSE.cz\" \/>\n<meta property=\"article:published_time\" content=\"2024-03-24T23:01:00+00:00\" \/>\n<meta property=\"article:modified_time\" content=\"2024-03-22T21:49:07+00:00\" \/>\n<meta property=\"og:image\" content=\"https:\/\/hotelhouse.cz\/wp-content\/uploads\/2024\/03\/05-Kralici-hrbet_V.jpg\" \/>\n\t<meta property=\"og:image:width\" content=\"1450\" \/>\n\t<meta property=\"og:image:height\" content=\"919\" \/>\n\t<meta property=\"og:image:type\" content=\"image\/jpeg\" \/>\n<meta name=\"author\" content=\"Mikol\u00e1\u0161ek (\u0161efredaktor HMG)\" \/>\n<meta name=\"twitter:card\" content=\"summary_large_image\" \/>\n<meta name=\"twitter:label1\" content=\"Napsal(a)\" \/>\n\t<meta name=\"twitter:data1\" content=\"Mikol\u00e1\u0161ek (\u0161efredaktor HMG)\" \/>\n\t<meta name=\"twitter:label2\" content=\"Odhadovan\u00e1 doba \u010dten\u00ed\" \/>\n\t<meta name=\"twitter:data2\" content=\"6 minut\" \/>\n<script type=\"application\/ld+json\" class=\"yoast-schema-graph\">{\"@context\":\"https:\/\/schema.org\",\"@graph\":[{\"@type\":\"Article\",\"@id\":\"https:\/\/hotelhouse.cz\/index.php\/2024\/03\/25\/na-prazskych-prikopech-v-cervenem-jelenovi-velikonocni-menu-marka-fichtnera-v-bance-a-beranek-s-mazancem-u-vas-doma\/#article\",\"isPartOf\":{\"@id\":\"https:\/\/hotelhouse.cz\/index.php\/2024\/03\/25\/na-prazskych-prikopech-v-cervenem-jelenovi-velikonocni-menu-marka-fichtnera-v-bance-a-beranek-s-mazancem-u-vas-doma\/\"},\"author\":{\"name\":\"Mikol\u00e1\u0161ek (\u0161efredaktor HMG)\",\"@id\":\"https:\/\/hotelhouse.cz\/#\/schema\/person\/6f8df5654d33f7f700b98d242c71fc72\"},\"headline\":\"Na Pra\u017esk\u00fdch P\u0159\u00edkopech v \u010cerven\u00e9m Jelenovi: Velikono\u010dn\u00ed menu Marka Fichtnera v\u00a0Bance a ber\u00e1nek s\u00a0mazancem u v\u00e1s doma\",\"datePublished\":\"2024-03-24T23:01:00+00:00\",\"dateModified\":\"2024-03-22T21:49:07+00:00\",\"mainEntityOfPage\":{\"@id\":\"https:\/\/hotelhouse.cz\/index.php\/2024\/03\/25\/na-prazskych-prikopech-v-cervenem-jelenovi-velikonocni-menu-marka-fichtnera-v-bance-a-beranek-s-mazancem-u-vas-doma\/\"},\"wordCount\":481,\"publisher\":{\"@id\":\"https:\/\/hotelhouse.cz\/#organization\"},\"articleSection\":[\"NEWS\",\"RESTAURACE &amp; BISTRA\",\"TIPY NA J\u00cdDLO\"],\"inLanguage\":\"cs\"},{\"@type\":\"WebPage\",\"@id\":\"https:\/\/hotelhouse.cz\/index.php\/2024\/03\/25\/na-prazskych-prikopech-v-cervenem-jelenovi-velikonocni-menu-marka-fichtnera-v-bance-a-beranek-s-mazancem-u-vas-doma\/\",\"url\":\"https:\/\/hotelhouse.cz\/index.php\/2024\/03\/25\/na-prazskych-prikopech-v-cervenem-jelenovi-velikonocni-menu-marka-fichtnera-v-bance-a-beranek-s-mazancem-u-vas-doma\/\",\"name\":\"Na Pra\u017esk\u00fdch P\u0159\u00edkopech v \u010cerven\u00e9m Jelenovi: Velikono\u010dn\u00ed menu Marka Fichtnera v\u00a0Bance a ber\u00e1nek s\u00a0mazancem u v\u00e1s doma - HOTELHOUSE.cz\",\"isPartOf\":{\"@id\":\"https:\/\/hotelhouse.cz\/#website\"},\"datePublished\":\"2024-03-24T23:01:00+00:00\",\"dateModified\":\"2024-03-22T21:49:07+00:00\",\"description\":\"Nam\u00edsto zdlouhav\u00e9ho chyst\u00e1n\u00ed kop\u0159ivov\u00e9 n\u00e1divky \u010di \u0161\u0165avnat\u00e9 pe\u010d\u00ednky se od 28. b\u0159ezna do 3. dubna m\u016f\u017eete vydat do obl\u00edben\u00e9 restaurace \u010cerven\u00fd Jelen na Pra\u017esk\u00fdch P\u0159\u00edkopech na tematick\u00e9 velikono\u010dn\u00ed menu.\",\"breadcrumb\":{\"@id\":\"https:\/\/hotelhouse.cz\/index.php\/2024\/03\/25\/na-prazskych-prikopech-v-cervenem-jelenovi-velikonocni-menu-marka-fichtnera-v-bance-a-beranek-s-mazancem-u-vas-doma\/#breadcrumb\"},\"inLanguage\":\"cs\",\"potentialAction\":[{\"@type\":\"ReadAction\",\"target\":[\"https:\/\/hotelhouse.cz\/index.php\/2024\/03\/25\/na-prazskych-prikopech-v-cervenem-jelenovi-velikonocni-menu-marka-fichtnera-v-bance-a-beranek-s-mazancem-u-vas-doma\/\"]}]},{\"@type\":\"BreadcrumbList\",\"@id\":\"https:\/\/hotelhouse.cz\/index.php\/2024\/03\/25\/na-prazskych-prikopech-v-cervenem-jelenovi-velikonocni-menu-marka-fichtnera-v-bance-a-beranek-s-mazancem-u-vas-doma\/#breadcrumb\",\"itemListElement\":[{\"@type\":\"ListItem\",\"position\":1,\"name\":\"Dom\u016f\",\"item\":\"https:\/\/hotelhouse.cz\/\"},{\"@type\":\"ListItem\",\"position\":2,\"name\":\"Na Pra\u017esk\u00fdch P\u0159\u00edkopech v \u010cerven\u00e9m Jelenovi: Velikono\u010dn\u00ed menu Marka Fichtnera v\u00a0Bance a ber\u00e1nek s\u00a0mazancem u v\u00e1s doma\"}]},{\"@type\":\"WebSite\",\"@id\":\"https:\/\/hotelhouse.cz\/#website\",\"url\":\"https:\/\/hotelhouse.cz\/\",\"name\":\"HOTELHOUSE.cz\",\"description\":\"Port\u00e1l o hotelech, pensionech, spa resortech a restaurac\u00edch...\",\"publisher\":{\"@id\":\"https:\/\/hotelhouse.cz\/#organization\"},\"potentialAction\":[{\"@type\":\"SearchAction\",\"target\":{\"@type\":\"EntryPoint\",\"urlTemplate\":\"https:\/\/hotelhouse.cz\/?s={search_term_string}\"},\"query-input\":\"required name=search_term_string\"}],\"inLanguage\":\"cs\"},{\"@type\":\"Organization\",\"@id\":\"https:\/\/hotelhouse.cz\/#organization\",\"name\":\"HOTELHOUSE.cz\",\"url\":\"https:\/\/hotelhouse.cz\/\",\"logo\":{\"@type\":\"ImageObject\",\"inLanguage\":\"cs\",\"@id\":\"https:\/\/hotelhouse.cz\/#\/schema\/logo\/image\/\",\"url\":\"https:\/\/hotelhouse.cz\/wp-content\/uploads\/2024\/12\/cropped-Logo_HotelHouse-2.jpg\",\"contentUrl\":\"https:\/\/hotelhouse.cz\/wp-content\/uploads\/2024\/12\/cropped-Logo_HotelHouse-2.jpg\",\"width\":933,\"height\":516,\"caption\":\"HOTELHOUSE.cz\"},\"image\":{\"@id\":\"https:\/\/hotelhouse.cz\/#\/schema\/logo\/image\/\"},\"sameAs\":[\"https:\/\/www.instagram.com\/hotelhousecz\/\"]},{\"@type\":\"Person\",\"@id\":\"https:\/\/hotelhouse.cz\/#\/schema\/person\/6f8df5654d33f7f700b98d242c71fc72\",\"name\":\"Mikol\u00e1\u0161ek (\u0161efredaktor HMG)\",\"image\":{\"@type\":\"ImageObject\",\"inLanguage\":\"cs\",\"@id\":\"https:\/\/hotelhouse.cz\/#\/schema\/person\/image\/\",\"url\":\"https:\/\/secure.gravatar.com\/avatar\/1c8a35f186d8baabb0513b2bdd8e53cd?s=96&d=mm&r=g\",\"contentUrl\":\"https:\/\/secure.gravatar.com\/avatar\/1c8a35f186d8baabb0513b2bdd8e53cd?s=96&d=mm&r=g\",\"caption\":\"Mikol\u00e1\u0161ek (\u0161efredaktor HMG)\"},\"sameAs\":[\"http:\/\/www.hotelhouse.cz\"],\"url\":\"https:\/\/hotelhouse.cz\/index.php\/author\/ivomik\/\"}]}<\/script>\n<!-- \/ Yoast SEO plugin. -->","yoast_head_json":{"title":"Na Pra\u017esk\u00fdch P\u0159\u00edkopech v \u010cerven\u00e9m Jelenovi: Velikono\u010dn\u00ed menu Marka Fichtnera v\u00a0Bance a ber\u00e1nek s\u00a0mazancem u v\u00e1s doma - HOTELHOUSE.cz","description":"Nam\u00edsto zdlouhav\u00e9ho chyst\u00e1n\u00ed kop\u0159ivov\u00e9 n\u00e1divky \u010di \u0161\u0165avnat\u00e9 pe\u010d\u00ednky se od 28. b\u0159ezna do 3. dubna m\u016f\u017eete vydat do obl\u00edben\u00e9 restaurace \u010cerven\u00fd Jelen na Pra\u017esk\u00fdch P\u0159\u00edkopech na tematick\u00e9 velikono\u010dn\u00ed menu.","robots":{"index":"index","follow":"follow","max-snippet":"max-snippet:-1","max-image-preview":"max-image-preview:large","max-video-preview":"max-video-preview:-1"},"canonical":"https:\/\/hotelhouse.cz\/index.php\/2024\/03\/25\/na-prazskych-prikopech-v-cervenem-jelenovi-velikonocni-menu-marka-fichtnera-v-bance-a-beranek-s-mazancem-u-vas-doma\/","og_locale":"cs_CZ","og_type":"article","og_title":"Na Pra\u017esk\u00fdch P\u0159\u00edkopech v \u010cerven\u00e9m Jelenovi: Velikono\u010dn\u00ed menu Marka Fichtnera v\u00a0Bance a ber\u00e1nek s\u00a0mazancem u v\u00e1s doma - HOTELHOUSE.cz","og_description":"Nam\u00edsto zdlouhav\u00e9ho chyst\u00e1n\u00ed kop\u0159ivov\u00e9 n\u00e1divky \u010di \u0161\u0165avnat\u00e9 pe\u010d\u00ednky se od 28. b\u0159ezna do 3. dubna m\u016f\u017eete vydat do obl\u00edben\u00e9 restaurace \u010cerven\u00fd Jelen na Pra\u017esk\u00fdch P\u0159\u00edkopech na tematick\u00e9 velikono\u010dn\u00ed menu.","og_url":"https:\/\/hotelhouse.cz\/index.php\/2024\/03\/25\/na-prazskych-prikopech-v-cervenem-jelenovi-velikonocni-menu-marka-fichtnera-v-bance-a-beranek-s-mazancem-u-vas-doma\/","og_site_name":"HOTELHOUSE.cz","article_published_time":"2024-03-24T23:01:00+00:00","article_modified_time":"2024-03-22T21:49:07+00:00","og_image":[{"width":1450,"height":919,"url":"https:\/\/hotelhouse.cz\/wp-content\/uploads\/2024\/03\/05-Kralici-hrbet_V.jpg","type":"image\/jpeg"}],"author":"Mikol\u00e1\u0161ek (\u0161efredaktor HMG)","twitter_card":"summary_large_image","twitter_misc":{"Napsal(a)":"Mikol\u00e1\u0161ek (\u0161efredaktor HMG)","Odhadovan\u00e1 doba \u010dten\u00ed":"6 minut"},"schema":{"@context":"https:\/\/schema.org","@graph":[{"@type":"Article","@id":"https:\/\/hotelhouse.cz\/index.php\/2024\/03\/25\/na-prazskych-prikopech-v-cervenem-jelenovi-velikonocni-menu-marka-fichtnera-v-bance-a-beranek-s-mazancem-u-vas-doma\/#article","isPartOf":{"@id":"https:\/\/hotelhouse.cz\/index.php\/2024\/03\/25\/na-prazskych-prikopech-v-cervenem-jelenovi-velikonocni-menu-marka-fichtnera-v-bance-a-beranek-s-mazancem-u-vas-doma\/"},"author":{"name":"Mikol\u00e1\u0161ek (\u0161efredaktor HMG)","@id":"https:\/\/hotelhouse.cz\/#\/schema\/person\/6f8df5654d33f7f700b98d242c71fc72"},"headline":"Na Pra\u017esk\u00fdch P\u0159\u00edkopech v \u010cerven\u00e9m Jelenovi: Velikono\u010dn\u00ed menu Marka Fichtnera v\u00a0Bance a ber\u00e1nek s\u00a0mazancem u v\u00e1s doma","datePublished":"2024-03-24T23:01:00+00:00","dateModified":"2024-03-22T21:49:07+00:00","mainEntityOfPage":{"@id":"https:\/\/hotelhouse.cz\/index.php\/2024\/03\/25\/na-prazskych-prikopech-v-cervenem-jelenovi-velikonocni-menu-marka-fichtnera-v-bance-a-beranek-s-mazancem-u-vas-doma\/"},"wordCount":481,"publisher":{"@id":"https:\/\/hotelhouse.cz\/#organization"},"articleSection":["NEWS","RESTAURACE &amp; BISTRA","TIPY NA J\u00cdDLO"],"inLanguage":"cs"},{"@type":"WebPage","@id":"https:\/\/hotelhouse.cz\/index.php\/2024\/03\/25\/na-prazskych-prikopech-v-cervenem-jelenovi-velikonocni-menu-marka-fichtnera-v-bance-a-beranek-s-mazancem-u-vas-doma\/","url":"https:\/\/hotelhouse.cz\/index.php\/2024\/03\/25\/na-prazskych-prikopech-v-cervenem-jelenovi-velikonocni-menu-marka-fichtnera-v-bance-a-beranek-s-mazancem-u-vas-doma\/","name":"Na Pra\u017esk\u00fdch P\u0159\u00edkopech v \u010cerven\u00e9m Jelenovi: Velikono\u010dn\u00ed menu Marka Fichtnera v\u00a0Bance a ber\u00e1nek s\u00a0mazancem u v\u00e1s doma - HOTELHOUSE.cz","isPartOf":{"@id":"https:\/\/hotelhouse.cz\/#website"},"datePublished":"2024-03-24T23:01:00+00:00","dateModified":"2024-03-22T21:49:07+00:00","description":"Nam\u00edsto zdlouhav\u00e9ho chyst\u00e1n\u00ed kop\u0159ivov\u00e9 n\u00e1divky \u010di \u0161\u0165avnat\u00e9 pe\u010d\u00ednky se od 28. b\u0159ezna do 3. dubna m\u016f\u017eete vydat do obl\u00edben\u00e9 restaurace \u010cerven\u00fd Jelen na Pra\u017esk\u00fdch P\u0159\u00edkopech na tematick\u00e9 velikono\u010dn\u00ed menu.","breadcrumb":{"@id":"https:\/\/hotelhouse.cz\/index.php\/2024\/03\/25\/na-prazskych-prikopech-v-cervenem-jelenovi-velikonocni-menu-marka-fichtnera-v-bance-a-beranek-s-mazancem-u-vas-doma\/#breadcrumb"},"inLanguage":"cs","potentialAction":[{"@type":"ReadAction","target":["https:\/\/hotelhouse.cz\/index.php\/2024\/03\/25\/na-prazskych-prikopech-v-cervenem-jelenovi-velikonocni-menu-marka-fichtnera-v-bance-a-beranek-s-mazancem-u-vas-doma\/"]}]},{"@type":"BreadcrumbList","@id":"https:\/\/hotelhouse.cz\/index.php\/2024\/03\/25\/na-prazskych-prikopech-v-cervenem-jelenovi-velikonocni-menu-marka-fichtnera-v-bance-a-beranek-s-mazancem-u-vas-doma\/#breadcrumb","itemListElement":[{"@type":"ListItem","position":1,"name":"Dom\u016f","item":"https:\/\/hotelhouse.cz\/"},{"@type":"ListItem","position":2,"name":"Na Pra\u017esk\u00fdch P\u0159\u00edkopech v \u010cerven\u00e9m Jelenovi: Velikono\u010dn\u00ed menu Marka Fichtnera v\u00a0Bance a ber\u00e1nek s\u00a0mazancem u v\u00e1s doma"}]},{"@type":"WebSite","@id":"https:\/\/hotelhouse.cz\/#website","url":"https:\/\/hotelhouse.cz\/","name":"HOTELHOUSE.cz","description":"Port\u00e1l o hotelech, pensionech, spa resortech a restaurac\u00edch...","publisher":{"@id":"https:\/\/hotelhouse.cz\/#organization"},"potentialAction":[{"@type":"SearchAction","target":{"@type":"EntryPoint","urlTemplate":"https:\/\/hotelhouse.cz\/?s={search_term_string}"},"query-input":"required name=search_term_string"}],"inLanguage":"cs"},{"@type":"Organization","@id":"https:\/\/hotelhouse.cz\/#organization","name":"HOTELHOUSE.cz","url":"https:\/\/hotelhouse.cz\/","logo":{"@type":"ImageObject","inLanguage":"cs","@id":"https:\/\/hotelhouse.cz\/#\/schema\/logo\/image\/","url":"https:\/\/hotelhouse.cz\/wp-content\/uploads\/2024\/12\/cropped-Logo_HotelHouse-2.jpg","contentUrl":"https:\/\/hotelhouse.cz\/wp-content\/uploads\/2024\/12\/cropped-Logo_HotelHouse-2.jpg","width":933,"height":516,"caption":"HOTELHOUSE.cz"},"image":{"@id":"https:\/\/hotelhouse.cz\/#\/schema\/logo\/image\/"},"sameAs":["https:\/\/www.instagram.com\/hotelhousecz\/"]},{"@type":"Person","@id":"https:\/\/hotelhouse.cz\/#\/schema\/person\/6f8df5654d33f7f700b98d242c71fc72","name":"Mikol\u00e1\u0161ek (\u0161efredaktor HMG)","image":{"@type":"ImageObject","inLanguage":"cs","@id":"https:\/\/hotelhouse.cz\/#\/schema\/person\/image\/","url":"https:\/\/secure.gravatar.com\/avatar\/1c8a35f186d8baabb0513b2bdd8e53cd?s=96&d=mm&r=g","contentUrl":"https:\/\/secure.gravatar.com\/avatar\/1c8a35f186d8baabb0513b2bdd8e53cd?s=96&d=mm&r=g","caption":"Mikol\u00e1\u0161ek (\u0161efredaktor HMG)"},"sameAs":["http:\/\/www.hotelhouse.cz"],"url":"https:\/\/hotelhouse.cz\/index.php\/author\/ivomik\/"}]}},"_links":{"self":[{"href":"https:\/\/hotelhouse.cz\/index.php\/wp-json\/wp\/v2\/posts\/6053"}],"collection":[{"href":"https:\/\/hotelhouse.cz\/index.php\/wp-json\/wp\/v2\/posts"}],"about":[{"href":"https:\/\/hotelhouse.cz\/index.php\/wp-json\/wp\/v2\/types\/post"}],"author":[{"embeddable":true,"href":"https:\/\/hotelhouse.cz\/index.php\/wp-json\/wp\/v2\/users\/1"}],"replies":[{"embeddable":true,"href":"https:\/\/hotelhouse.cz\/index.php\/wp-json\/wp\/v2\/comments?post=6053"}],"version-history":[{"count":1,"href":"https:\/\/hotelhouse.cz\/index.php\/wp-json\/wp\/v2\/posts\/6053\/revisions"}],"predecessor-version":[{"id":6055,"href":"https:\/\/hotelhouse.cz\/index.php\/wp-json\/wp\/v2\/posts\/6053\/revisions\/6055"}],"wp:featuredmedia":[{"embeddable":true,"href":"https:\/\/hotelhouse.cz\/index.php\/wp-json\/wp\/v2\/media\/6054"}],"wp:attachment":[{"href":"https:\/\/hotelhouse.cz\/index.php\/wp-json\/wp\/v2\/media?parent=6053"}],"wp:term":[{"taxonomy":"category","embeddable":true,"href":"https:\/\/hotelhouse.cz\/index.php\/wp-json\/wp\/v2\/categories?post=6053"},{"taxonomy":"post_tag","embeddable":true,"href":"https:\/\/hotelhouse.cz\/index.php\/wp-json\/wp\/v2\/tags?post=6053"}],"curies":[{"name":"wp","href":"https:\/\/api.w.org\/{rel}","templated":true}]}}