{"id":6189,"date":"2024-05-13T01:49:46","date_gmt":"2024-05-12T23:49:46","guid":{"rendered":"https:\/\/hotelhouse.cz\/?p=6189"},"modified":"2024-05-13T02:10:10","modified_gmt":"2024-05-13T00:10:10","slug":"jarni-sezona-cerstvosti-a-bylinek-startuje-v-hale-22","status":"publish","type":"post","link":"https:\/\/hotelhouse.cz\/index.php\/2024\/05\/13\/jarni-sezona-cerstvosti-a-bylinek-startuje-v-hale-22\/","title":{"rendered":"Jarn\u00ed sez\u00f3na \u010derstvosti a bylinek startuje v\u00a0Hale 22!"},"content":{"rendered":"\n<div style=\"height:51px\" aria-hidden=\"true\" class=\"wp-block-spacer\"><\/div>\n\n\n\n<p><strong>U\u017e jste si n\u011bkdy povzdechli nad t\u00edm, pro\u010d nem\u00e1me v&nbsp;\u010cesk\u00e9 republice trhy, jak\u00e9 zn\u00e1te ze zahrani\u010d\u00ed? Takov\u00e9 ty poctiv\u00e9 celoro\u010dn\u00ed trhy v&nbsp;hal\u00e1ch, kde kupujete kvalitn\u00ed maso a v\u00fdrobky p\u0159\u00edmo od farm\u00e1\u0159\u016f, ko\u0161e a bed\u00fdnky p\u0159et\u00e9kaj\u00ed \u010derstv\u00fdm ovoce a zeleninou a vy nev\u00edte, po \u010dem d\u0159\u00edve s\u00e1hnout? My takov\u00e9 m\u00edsto ale m\u00e1me! Tento \u201eutajen\u00fd\u201c poklad se nach\u00e1z\u00ed v&nbsp;Hole\u0161ovick\u00e9 tr\u017enici v&nbsp;Hale 22. A proto\u017ee je jaro u\u017e v&nbsp;pln\u00e9m proudu, najdete zde nyn\u00ed krom\u011b ovoce a&nbsp;zeleniny tak\u00e9 hojnou d\u00e1vku jarn\u00edch sazenic, kv\u011btiny a bylinky, kter\u00e9 nesm\u00ed chyb\u011bt ve va\u0161\u00ed kuchyni a&nbsp;na zahr\u00e1dce.<\/strong><\/p>\n\n\n\n<div style=\"height:47px\" aria-hidden=\"true\" class=\"wp-block-spacer\"><\/div>\n\n\n<div class=\"wp-block-image\">\n<figure class=\"aligncenter size-large\"><img decoding=\"async\" src=\"https:\/\/womenhouse.cz\/wp-content\/uploads\/2024\/05\/Hala-22_farmari.jpg\" alt=\"Jarn\u00ed sez\u00f3na \u010derstvosti a bylinek startuje v\u00a0Hale 22! P\u0159ij\u010fte si pro to nejlep\u0161\u00ed, co farm\u00e1\u0159i nab\u00edzej\u00ed\" class=\"wp-image-13130\"\/><\/figure><\/div>\n\n\n<div style=\"height:47px\" aria-hidden=\"true\" class=\"wp-block-spacer\"><\/div>\n\n\n\n<p>Hala 22 nen\u00ed jen oby\u010dejn\u00e1 tr\u017enice, je to legenda. B\u011bhem sv\u00e9 existence sem na\u0161lo cestu tis\u00edce lid\u00ed z Hole\u0161ovic i z cel\u00e9 Prahy a potkat zde m\u016f\u017eete i \u0161\u00e9fkucha\u0159e z nejlep\u0161\u00edch pra\u017esk\u00fdch restaurac\u00ed. Hole\u0161ovickou tr\u017enici nav\u0161t\u00edvil i \u0161t\u00e1b \u0161pan\u011blsk\u00e9 televize zam\u011b\u0159en\u00e9 na podobn\u00e1 tr\u017ei\u0161t\u011b po cel\u00e9m sv\u011bt\u011b. A ne\u0161et\u0159il chv\u00e1lou.<\/p>\n\n\n\n<div style=\"height:47px\" aria-hidden=\"true\" class=\"wp-block-spacer\"><\/div>\n\n\n\n<h2 class=\"wp-block-heading\"><strong>Nejv\u011bt\u0161\u00ed nab\u00eddka produkt\u016f od farm\u00e1\u0159\u016f<\/strong><\/h2>\n\n\n\n<div style=\"height:10px\" aria-hidden=\"true\" class=\"wp-block-spacer\"><\/div>\n\n\n\n<p>Hala 22 je tradi\u010dn\u011b \u00fato\u010di\u0161t\u011bm zejm\u00e9na pro mal\u00e9 farm\u00e1\u0159e, kte\u0159\u00ed v\u011bt\u0161inou prod\u00e1vaj\u00ed od pond\u011bl\u00ed do soboty sv\u00e9 vlastn\u00ed produkty. A kdy\u017e je tady nepotk\u00e1te osobn\u011b, zaru\u010den\u011b byste je na\u0161li na pol\u00edch nebo na cest\u011b za n\u011bkter\u00fdm ze sv\u00fdch odb\u011bratel\u016f. V&nbsp;hlavn\u00ed roli aktu\u00e1ln\u00ed jarn\u00ed sez\u00f3ny se p\u0159edstav\u00ed zn\u00e1m\u00e9 i m\u00e9n\u011b zn\u00e1m\u00e9 bylinky, sazeni\u010dky, kv\u011btiny, ovoce i zelenina. Krom\u011b toho zde koup\u00edte prvot\u0159\u00eddn\u00ed maso a v\u00fdrobky z&nbsp;farem. David Mor\u00e1vek nab\u00eddne BIO hov\u011bz\u00ed maso, Ivan Tak\u00e1cz uzeniny bez lepku a pan\u00ed Ilona Riegelov\u00e1 m\u00e1 pro v\u00e1s z\u00e1sobu bylinek, a to i pro vlastn\u00ed p\u011bstov\u00e1n\u00ed doma. A st\u00e1le to nen\u00ed v\u0161e, co v\u00e1s \u010dek\u00e1! Najdete tu i BIO dr\u016fbe\u017e\u00ed farmu, su\u0161en\u00e9 a&nbsp;uzen\u00e9 ryby, med nebo sladkou te\u010dku z&nbsp;pek\u00e1rny And\u011blsk\u00e9 kol\u00e1\u010dky a nov\u011b tak\u00e9 Lesy \u010cesk\u00e9 republiky s nab\u00eddkou chlazen\u00e9 i mrazen\u00e9 zv\u011b\u0159iny, kdy se jedn\u00e1 o prvn\u00ed prodejn\u00ed m\u00edsto v Praze.<\/p>\n\n\n\n<div style=\"height:47px\" aria-hidden=\"true\" class=\"wp-block-spacer\"><\/div>\n\n\n<div class=\"wp-block-image\">\n<figure class=\"aligncenter size-full\"><img decoding=\"async\" src=\"https:\/\/womenhouse.cz\/wp-content\/uploads\/2024\/05\/IMG-20240419-WA0020.jpg\" alt=\"Jarn\u00ed sez\u00f3na \u010derstvosti a bylinek startuje v\u00a0Hale 22! P\u0159ij\u010fte si pro to nejlep\u0161\u00ed, co farm\u00e1\u0159i nab\u00edzej\u00ed\" class=\"wp-image-13128\"\/><\/figure><\/div>\n\n\n<div style=\"height:47px\" aria-hidden=\"true\" class=\"wp-block-spacer\"><\/div>\n\n\n\n<p>O v\u00edkendech se zde konaj\u00ed akce a st\u00e1nky nab\u00edzej\u00ed vegansk\u00e9 pe\u010divo, BIO ku\u0159ata, vejce z&nbsp;voln\u00e9ho chovu a dal\u0161\u00ed sezonn\u00ed speciality. Sami farm\u00e1\u0159i v\u00e1m r\u00e1di porad\u00ed, jak si vyp\u011bstovat vlastn\u00ed bylinky nebo brambory t\u0159eba na balk\u00f3n\u011b. Tak\u00e9 se p\u0159\u00edmo od p\u011bstitel\u016f m\u016f\u017eete dozv\u011bd\u011bt tipy na p\u0159\u00edpravu j\u00eddel z&nbsp;nab\u00edzen\u00fdch surovin.<\/p>\n\n\n\n<div style=\"height:47px\" aria-hidden=\"true\" class=\"wp-block-spacer\"><\/div>\n\n\n\n<h2 class=\"wp-block-heading\"><strong>Food Truck Point<\/strong><\/h2>\n\n\n\n<div style=\"height:8px\" aria-hidden=\"true\" class=\"wp-block-spacer\"><\/div>\n\n\n\n<p>N\u00e1v\u0161t\u011bva Haly 22 nemus\u00ed b\u00fdt jen o n\u00e1kupu surovin. Vedle n\u00ed se nach\u00e1z\u00ed st\u00e1le se rozr\u016fstaj\u00edc\u00ed food truck point, kde si m\u016f\u017eete dop\u0159\u00e1t \u0161irokou \u0161k\u00e1lu lah\u016fdek od slan\u00fdch po sladk\u00e9 a ochutnat osv\u011b\u017euj\u00edc\u00ed n\u00e1poje. <strong>Pavlo&#8217;s street food<\/strong> pro v\u00e1s chyst\u00e1 burgery ze \u0161\u0165avnat\u00e9ho farm\u00e1\u0159sk\u00e9ho hov\u011bz\u00edho masa, <strong>La Paletta<\/strong> nab\u00edz\u00ed pala\u010dinky na r\u016fzn\u00e9 variace a pro milovn\u00edky tradi\u010dn\u00edch \u0159eck\u00fdch souvlaki s&nbsp;tzatziki pro v\u00e1s otev\u0159el sv\u016fj <strong>truck Nataniel Nakas<\/strong>. Ve vybran\u00e9 dny zpest\u0159\u00ed podve\u010dern\u00ed atmosf\u00e9ru DJs z&nbsp;Radia 1 nebo RUDE BOYS a t\u011b\u0161it se m\u016f\u017eete i na dal\u0161\u00ed kulturn\u00ed akce, kter\u00e9 se tu chystaj\u00ed.<\/p>\n\n\n\n<h2 class=\"wp-block-heading\"><strong>Program ve Food Truck Pointu<\/strong><\/h2>\n\n\n\n<div style=\"height:10px\" aria-hidden=\"true\" class=\"wp-block-spacer\"><\/div>\n\n\n\n<p>Od kv\u011btna bude v z\u00f3n\u011b s pouli\u010dn\u00edm j\u00eddlem p\u011bkn\u011b ru\u0161no. Vyrazte do venkovn\u00edho kina, ka\u017ed\u00e9 \u00fater\u00fd na DJs RUDE BOYS, ka\u017ed\u00fd \u010dtvrtek na DJs Radia 1 nebo ned\u011bln\u00ed divad\u00fdlka pro d\u011bti. To v\u0161e s poctiv\u00fdm street foodem v ruce a osv\u011b\u017euj\u00edc\u00edmi drinky.<\/p>\n\n\n\n<div style=\"height:47px\" aria-hidden=\"true\" class=\"wp-block-spacer\"><\/div>\n\n\n<div class=\"wp-block-image\">\n<figure class=\"aligncenter size-full\"><img decoding=\"async\" src=\"https:\/\/womenhouse.cz\/wp-content\/uploads\/2024\/05\/FTP1_Holesovicka-trznice.jpg\" alt=\"Jarn\u00ed sez\u00f3na \u010derstvosti a bylinek startuje v\u00a0Hale 22! P\u0159ij\u010fte si pro to nejlep\u0161\u00ed, co farm\u00e1\u0159i nab\u00edzej\u00ed\" class=\"wp-image-13127\"\/><\/figure><\/div>\n\n\n<div style=\"height:47px\" aria-hidden=\"true\" class=\"wp-block-spacer\"><\/div>\n\n\n\n<h2 class=\"wp-block-heading\"><strong>Ob\u010derstven\u00ed<\/strong><\/h2>\n\n\n\n<div style=\"height:8px\" aria-hidden=\"true\" class=\"wp-block-spacer\"><\/div>\n\n\n\n<p>&#8211; Pala\u010dinky, kafe, prosecco u @lapaletta<\/p>\n\n\n\n<p>&#8211; Burgery &amp; hranolky od @pavlosstreetfood<\/p>\n\n\n\n<p>&#8211; \u0158eck\u00e9 souvlaki, pita a tzatziki od @greek_souvlaki_cz<\/p>\n\n\n\n<p>&#8211; Pod\u0159ipsk\u00e9 pivo<\/p>\n\n\n\n<div style=\"height:47px\" aria-hidden=\"true\" class=\"wp-block-spacer\"><\/div>\n\n\n\n<h2 class=\"wp-block-heading\"><strong>Kdy dorazit?<\/strong><\/h2>\n\n\n\n<div style=\"height:9px\" aria-hidden=\"true\" class=\"wp-block-spacer\"><\/div>\n\n\n\n<p>Hala 22 je otev\u0159ena denn\u011b krom\u011b ned\u011ble od 7.30 do 17.00 hodin. Ve \u010dtvrtek m\u016f\u017eete nakoupit a\u017e do 19.00 hodin, v&nbsp;sobotu pak do 14.00 hodin s&nbsp;roz\u0161\u00ed\u0159enou nab\u00eddkou, kterou obvykle v&nbsp;letn\u00edch m\u011bs\u00edc\u00edch najdete i mimo samotnou Halu 22.&nbsp;Food Truck Point bude otev\u0159en do podzimu dle po\u010das\u00ed a venkovn\u00edch teplot zejm\u00e9na v&nbsp;t\u00fddnu. Otev\u00edrac\u00ed dobu jednotliv\u00fdch food truck\u016f a akce v&nbsp;letn\u00edch m\u011bs\u00edc\u00edch sledujte na webu a soci\u00e1ln\u00edch s\u00edt\u00edch Hole\u0161ovick\u00e9 tr\u017enice.<\/p>\n\n\n\n<div style=\"height:47px\" aria-hidden=\"true\" class=\"wp-block-spacer\"><\/div>\n\n\n\n<figure class=\"wp-block-gallery has-nested-images columns-2 is-cropped wp-block-gallery-1 is-layout-flex wp-block-gallery-is-layout-flex\">\n<figure class=\"wp-block-image size-large\"><img decoding=\"async\" data-id=\"13130\" src=\"https:\/\/womenhouse.cz\/wp-content\/uploads\/2024\/05\/Hala-22_farmari.jpg\" alt=\"Jarn\u00ed sez\u00f3na \u010derstvosti a bylinek startuje v\u00a0Hale 22! P\u0159ij\u010fte si pro to nejlep\u0161\u00ed, co farm\u00e1\u0159i nab\u00edzej\u00ed\" class=\"wp-image-13130\"\/><\/figure>\n\n\n\n<figure class=\"wp-block-image size-large\"><img decoding=\"async\" data-id=\"13128\" src=\"https:\/\/womenhouse.cz\/wp-content\/uploads\/2024\/05\/IMG-20240419-WA0020.jpg\" alt=\"Jarn\u00ed sez\u00f3na \u010derstvosti a bylinek startuje v\u00a0Hale 22! P\u0159ij\u010fte si pro to nejlep\u0161\u00ed, co farm\u00e1\u0159i nab\u00edzej\u00ed\" class=\"wp-image-13128\"\/><\/figure>\n\n\n\n<figure class=\"wp-block-image size-large\"><img decoding=\"async\" data-id=\"13127\" src=\"https:\/\/womenhouse.cz\/wp-content\/uploads\/2024\/05\/FTP1_Holesovicka-trznice.jpg\" alt=\"Jarn\u00ed sez\u00f3na \u010derstvosti a bylinek startuje v\u00a0Hale 22! P\u0159ij\u010fte si pro to nejlep\u0161\u00ed, co farm\u00e1\u0159i nab\u00edzej\u00ed\" class=\"wp-image-13127\"\/><\/figure>\n\n\n\n<figure class=\"wp-block-image size-large\"><img decoding=\"async\" data-id=\"13126\" src=\"https:\/\/womenhouse.cz\/wp-content\/uploads\/2024\/05\/FTP2-683x1024.jpeg\" alt=\"Jarn\u00ed sez\u00f3na \u010derstvosti a bylinek startuje v\u00a0Hale 22! P\u0159ij\u010fte si pro to nejlep\u0161\u00ed, co farm\u00e1\u0159i nab\u00edzej\u00ed\" class=\"wp-image-13126\"\/><\/figure>\n\n\n\n<figure class=\"wp-block-image size-large\"><img decoding=\"async\" data-id=\"13129\" src=\"https:\/\/womenhouse.cz\/wp-content\/uploads\/2024\/05\/Program-FTP_hlavni-foto-1024x1024.jpeg\" alt=\"Jarn\u00ed sez\u00f3na \u010derstvosti a bylinek startuje v\u00a0Hale 22! P\u0159ij\u010fte si pro to nejlep\u0161\u00ed, co farm\u00e1\u0159i nab\u00edzej\u00ed\" class=\"wp-image-13129\"\/><\/figure>\n<\/figure>\n\n\n\n<div style=\"height:47px\" aria-hidden=\"true\" class=\"wp-block-spacer\"><\/div>\n\n\n\n<p><strong>Zdroj foto:<\/strong> Hole\u0161ovick\u00e1 tr\u017enice<\/p>\n\n\n\n<div style=\"height:100px\" aria-hidden=\"true\" class=\"wp-block-spacer\"><\/div>\n","protected":false},"excerpt":{"rendered":"<p>U\u017e jste si n\u011bkdy povzdechli nad t\u00edm, pro\u010d nem\u00e1me v&nbsp;\u010cesk\u00e9 republice trhy, jak\u00e9 zn\u00e1te ze zahrani\u010d\u00ed? Takov\u00e9 ty poctiv\u00e9 celoro\u010dn\u00ed trhy v&nbsp;hal\u00e1ch, kde kupujete kvalitn\u00ed maso a v\u00fdrobky p\u0159\u00edmo od farm\u00e1\u0159\u016f, ko\u0161e a bed\u00fdnky&#46;&#46;&#46;<\/p>\n","protected":false},"author":2,"featured_media":6190,"comment_status":"closed","ping_status":"closed","sticky":false,"template":"","format":"standard","meta":{"_monsterinsights_skip_tracking":false,"_monsterinsights_sitenote_active":false,"_monsterinsights_sitenote_note":"","_monsterinsights_sitenote_category":0,"footnotes":""},"categories":[29,2,28],"tags":[],"yoast_head":"<!-- This site is optimized with the Yoast SEO plugin v21.5 - https:\/\/yoast.com\/wordpress\/plugins\/seo\/ -->\n<title>Jarn\u00ed sez\u00f3na \u010derstvosti a bylinek startuje v\u00a0Hale 22! - HOTELHOUSE.cz<\/title>\n<meta name=\"robots\" content=\"index, follow, max-snippet:-1, max-image-preview:large, max-video-preview:-1\" \/>\n<link rel=\"canonical\" href=\"https:\/\/hotelhouse.cz\/index.php\/2024\/05\/13\/jarni-sezona-cerstvosti-a-bylinek-startuje-v-hale-22\/\" \/>\n<meta property=\"og:locale\" content=\"cs_CZ\" \/>\n<meta property=\"og:type\" content=\"article\" \/>\n<meta property=\"og:title\" content=\"Jarn\u00ed sez\u00f3na \u010derstvosti a bylinek startuje v\u00a0Hale 22! - HOTELHOUSE.cz\" \/>\n<meta property=\"og:description\" content=\"U\u017e jste si n\u011bkdy povzdechli nad t\u00edm, pro\u010d nem\u00e1me v&nbsp;\u010cesk\u00e9 republice trhy, jak\u00e9 zn\u00e1te ze zahrani\u010d\u00ed? Takov\u00e9 ty poctiv\u00e9 celoro\u010dn\u00ed trhy v&nbsp;hal\u00e1ch, kde kupujete kvalitn\u00ed maso a v\u00fdrobky p\u0159\u00edmo od farm\u00e1\u0159\u016f, ko\u0161e a bed\u00fdnky&#046;&#046;&#046;\" \/>\n<meta property=\"og:url\" content=\"https:\/\/hotelhouse.cz\/index.php\/2024\/05\/13\/jarni-sezona-cerstvosti-a-bylinek-startuje-v-hale-22\/\" \/>\n<meta property=\"og:site_name\" content=\"HOTELHOUSE.cz\" \/>\n<meta property=\"article:published_time\" content=\"2024-05-12T23:49:46+00:00\" \/>\n<meta property=\"article:modified_time\" content=\"2024-05-13T00:10:10+00:00\" \/>\n<meta property=\"og:image\" content=\"https:\/\/hotelhouse.cz\/wp-content\/uploads\/2024\/05\/Hala-22_farmari.jpg\" \/>\n\t<meta property=\"og:image:width\" content=\"1000\" \/>\n\t<meta property=\"og:image:height\" content=\"667\" \/>\n\t<meta property=\"og:image:type\" content=\"image\/jpeg\" \/>\n<meta name=\"author\" content=\"Hol\u00e1\u0148ov\u00e1 Jolana\" \/>\n<meta name=\"twitter:card\" content=\"summary_large_image\" \/>\n<meta name=\"twitter:label1\" content=\"Napsal(a)\" \/>\n\t<meta name=\"twitter:data1\" content=\"Hol\u00e1\u0148ov\u00e1 Jolana\" \/>\n\t<meta name=\"twitter:label2\" content=\"Odhadovan\u00e1 doba \u010dten\u00ed\" \/>\n\t<meta name=\"twitter:data2\" content=\"5 minut\" \/>\n<script type=\"application\/ld+json\" class=\"yoast-schema-graph\">{\"@context\":\"https:\/\/schema.org\",\"@graph\":[{\"@type\":\"Article\",\"@id\":\"https:\/\/hotelhouse.cz\/index.php\/2024\/05\/13\/jarni-sezona-cerstvosti-a-bylinek-startuje-v-hale-22\/#article\",\"isPartOf\":{\"@id\":\"https:\/\/hotelhouse.cz\/index.php\/2024\/05\/13\/jarni-sezona-cerstvosti-a-bylinek-startuje-v-hale-22\/\"},\"author\":{\"name\":\"Hol\u00e1\u0148ov\u00e1 Jolana\",\"@id\":\"https:\/\/hotelhouse.cz\/#\/schema\/person\/4a69eae39f069d4a695854158f0891cd\"},\"headline\":\"Jarn\u00ed sez\u00f3na \u010derstvosti a bylinek startuje v\u00a0Hale 22!\",\"datePublished\":\"2024-05-12T23:49:46+00:00\",\"dateModified\":\"2024-05-13T00:10:10+00:00\",\"mainEntityOfPage\":{\"@id\":\"https:\/\/hotelhouse.cz\/index.php\/2024\/05\/13\/jarni-sezona-cerstvosti-a-bylinek-startuje-v-hale-22\/\"},\"wordCount\":821,\"publisher\":{\"@id\":\"https:\/\/hotelhouse.cz\/#organization\"},\"articleSection\":[\"N\u00c1KUPN\u00cd CENTRA\",\"NEWS\",\"TIPY NA J\u00cdDLO\"],\"inLanguage\":\"cs\"},{\"@type\":\"WebPage\",\"@id\":\"https:\/\/hotelhouse.cz\/index.php\/2024\/05\/13\/jarni-sezona-cerstvosti-a-bylinek-startuje-v-hale-22\/\",\"url\":\"https:\/\/hotelhouse.cz\/index.php\/2024\/05\/13\/jarni-sezona-cerstvosti-a-bylinek-startuje-v-hale-22\/\",\"name\":\"Jarn\u00ed sez\u00f3na \u010derstvosti a bylinek startuje v\u00a0Hale 22! - HOTELHOUSE.cz\",\"isPartOf\":{\"@id\":\"https:\/\/hotelhouse.cz\/#website\"},\"datePublished\":\"2024-05-12T23:49:46+00:00\",\"dateModified\":\"2024-05-13T00:10:10+00:00\",\"breadcrumb\":{\"@id\":\"https:\/\/hotelhouse.cz\/index.php\/2024\/05\/13\/jarni-sezona-cerstvosti-a-bylinek-startuje-v-hale-22\/#breadcrumb\"},\"inLanguage\":\"cs\",\"potentialAction\":[{\"@type\":\"ReadAction\",\"target\":[\"https:\/\/hotelhouse.cz\/index.php\/2024\/05\/13\/jarni-sezona-cerstvosti-a-bylinek-startuje-v-hale-22\/\"]}]},{\"@type\":\"BreadcrumbList\",\"@id\":\"https:\/\/hotelhouse.cz\/index.php\/2024\/05\/13\/jarni-sezona-cerstvosti-a-bylinek-startuje-v-hale-22\/#breadcrumb\",\"itemListElement\":[{\"@type\":\"ListItem\",\"position\":1,\"name\":\"Dom\u016f\",\"item\":\"https:\/\/hotelhouse.cz\/\"},{\"@type\":\"ListItem\",\"position\":2,\"name\":\"Jarn\u00ed sez\u00f3na \u010derstvosti a bylinek startuje v\u00a0Hale 22!\"}]},{\"@type\":\"WebSite\",\"@id\":\"https:\/\/hotelhouse.cz\/#website\",\"url\":\"https:\/\/hotelhouse.cz\/\",\"name\":\"HOTELHOUSE.cz\",\"description\":\"Port\u00e1l o hotelech, pensionech, spa resortech a restaurac\u00edch...\",\"publisher\":{\"@id\":\"https:\/\/hotelhouse.cz\/#organization\"},\"potentialAction\":[{\"@type\":\"SearchAction\",\"target\":{\"@type\":\"EntryPoint\",\"urlTemplate\":\"https:\/\/hotelhouse.cz\/?s={search_term_string}\"},\"query-input\":\"required name=search_term_string\"}],\"inLanguage\":\"cs\"},{\"@type\":\"Organization\",\"@id\":\"https:\/\/hotelhouse.cz\/#organization\",\"name\":\"HOTELHOUSE.cz\",\"url\":\"https:\/\/hotelhouse.cz\/\",\"logo\":{\"@type\":\"ImageObject\",\"inLanguage\":\"cs\",\"@id\":\"https:\/\/hotelhouse.cz\/#\/schema\/logo\/image\/\",\"url\":\"https:\/\/hotelhouse.cz\/wp-content\/uploads\/2024\/12\/cropped-Logo_HotelHouse-2.jpg\",\"contentUrl\":\"https:\/\/hotelhouse.cz\/wp-content\/uploads\/2024\/12\/cropped-Logo_HotelHouse-2.jpg\",\"width\":933,\"height\":516,\"caption\":\"HOTELHOUSE.cz\"},\"image\":{\"@id\":\"https:\/\/hotelhouse.cz\/#\/schema\/logo\/image\/\"},\"sameAs\":[\"https:\/\/www.instagram.com\/hotelhousecz\/\"]},{\"@type\":\"Person\",\"@id\":\"https:\/\/hotelhouse.cz\/#\/schema\/person\/4a69eae39f069d4a695854158f0891cd\",\"name\":\"Hol\u00e1\u0148ov\u00e1 Jolana\",\"image\":{\"@type\":\"ImageObject\",\"inLanguage\":\"cs\",\"@id\":\"https:\/\/hotelhouse.cz\/#\/schema\/person\/image\/\",\"url\":\"https:\/\/secure.gravatar.com\/avatar\/5863c504ed89cd419ff3a5e812c722ff?s=96&d=mm&r=g\",\"contentUrl\":\"https:\/\/secure.gravatar.com\/avatar\/5863c504ed89cd419ff3a5e812c722ff?s=96&d=mm&r=g\",\"caption\":\"Hol\u00e1\u0148ov\u00e1 Jolana\"},\"sameAs\":[\"http:\/\/www.hotelhouse.cz\"],\"url\":\"https:\/\/hotelhouse.cz\/index.php\/author\/jolhol\/\"}]}<\/script>\n<!-- \/ Yoast SEO plugin. -->","yoast_head_json":{"title":"Jarn\u00ed sez\u00f3na \u010derstvosti a bylinek startuje v\u00a0Hale 22! - HOTELHOUSE.cz","robots":{"index":"index","follow":"follow","max-snippet":"max-snippet:-1","max-image-preview":"max-image-preview:large","max-video-preview":"max-video-preview:-1"},"canonical":"https:\/\/hotelhouse.cz\/index.php\/2024\/05\/13\/jarni-sezona-cerstvosti-a-bylinek-startuje-v-hale-22\/","og_locale":"cs_CZ","og_type":"article","og_title":"Jarn\u00ed sez\u00f3na \u010derstvosti a bylinek startuje v\u00a0Hale 22! - HOTELHOUSE.cz","og_description":"U\u017e jste si n\u011bkdy povzdechli nad t\u00edm, pro\u010d nem\u00e1me v&nbsp;\u010cesk\u00e9 republice trhy, jak\u00e9 zn\u00e1te ze zahrani\u010d\u00ed? Takov\u00e9 ty poctiv\u00e9 celoro\u010dn\u00ed trhy v&nbsp;hal\u00e1ch, kde kupujete kvalitn\u00ed maso a v\u00fdrobky p\u0159\u00edmo od farm\u00e1\u0159\u016f, ko\u0161e a bed\u00fdnky&#46;&#46;&#46;","og_url":"https:\/\/hotelhouse.cz\/index.php\/2024\/05\/13\/jarni-sezona-cerstvosti-a-bylinek-startuje-v-hale-22\/","og_site_name":"HOTELHOUSE.cz","article_published_time":"2024-05-12T23:49:46+00:00","article_modified_time":"2024-05-13T00:10:10+00:00","og_image":[{"width":1000,"height":667,"url":"https:\/\/hotelhouse.cz\/wp-content\/uploads\/2024\/05\/Hala-22_farmari.jpg","type":"image\/jpeg"}],"author":"Hol\u00e1\u0148ov\u00e1 Jolana","twitter_card":"summary_large_image","twitter_misc":{"Napsal(a)":"Hol\u00e1\u0148ov\u00e1 Jolana","Odhadovan\u00e1 doba \u010dten\u00ed":"5 minut"},"schema":{"@context":"https:\/\/schema.org","@graph":[{"@type":"Article","@id":"https:\/\/hotelhouse.cz\/index.php\/2024\/05\/13\/jarni-sezona-cerstvosti-a-bylinek-startuje-v-hale-22\/#article","isPartOf":{"@id":"https:\/\/hotelhouse.cz\/index.php\/2024\/05\/13\/jarni-sezona-cerstvosti-a-bylinek-startuje-v-hale-22\/"},"author":{"name":"Hol\u00e1\u0148ov\u00e1 Jolana","@id":"https:\/\/hotelhouse.cz\/#\/schema\/person\/4a69eae39f069d4a695854158f0891cd"},"headline":"Jarn\u00ed sez\u00f3na \u010derstvosti a bylinek startuje v\u00a0Hale 22!","datePublished":"2024-05-12T23:49:46+00:00","dateModified":"2024-05-13T00:10:10+00:00","mainEntityOfPage":{"@id":"https:\/\/hotelhouse.cz\/index.php\/2024\/05\/13\/jarni-sezona-cerstvosti-a-bylinek-startuje-v-hale-22\/"},"wordCount":821,"publisher":{"@id":"https:\/\/hotelhouse.cz\/#organization"},"articleSection":["N\u00c1KUPN\u00cd CENTRA","NEWS","TIPY NA J\u00cdDLO"],"inLanguage":"cs"},{"@type":"WebPage","@id":"https:\/\/hotelhouse.cz\/index.php\/2024\/05\/13\/jarni-sezona-cerstvosti-a-bylinek-startuje-v-hale-22\/","url":"https:\/\/hotelhouse.cz\/index.php\/2024\/05\/13\/jarni-sezona-cerstvosti-a-bylinek-startuje-v-hale-22\/","name":"Jarn\u00ed sez\u00f3na \u010derstvosti a bylinek startuje v\u00a0Hale 22! - HOTELHOUSE.cz","isPartOf":{"@id":"https:\/\/hotelhouse.cz\/#website"},"datePublished":"2024-05-12T23:49:46+00:00","dateModified":"2024-05-13T00:10:10+00:00","breadcrumb":{"@id":"https:\/\/hotelhouse.cz\/index.php\/2024\/05\/13\/jarni-sezona-cerstvosti-a-bylinek-startuje-v-hale-22\/#breadcrumb"},"inLanguage":"cs","potentialAction":[{"@type":"ReadAction","target":["https:\/\/hotelhouse.cz\/index.php\/2024\/05\/13\/jarni-sezona-cerstvosti-a-bylinek-startuje-v-hale-22\/"]}]},{"@type":"BreadcrumbList","@id":"https:\/\/hotelhouse.cz\/index.php\/2024\/05\/13\/jarni-sezona-cerstvosti-a-bylinek-startuje-v-hale-22\/#breadcrumb","itemListElement":[{"@type":"ListItem","position":1,"name":"Dom\u016f","item":"https:\/\/hotelhouse.cz\/"},{"@type":"ListItem","position":2,"name":"Jarn\u00ed sez\u00f3na \u010derstvosti a bylinek startuje v\u00a0Hale 22!"}]},{"@type":"WebSite","@id":"https:\/\/hotelhouse.cz\/#website","url":"https:\/\/hotelhouse.cz\/","name":"HOTELHOUSE.cz","description":"Port\u00e1l o hotelech, pensionech, spa resortech a restaurac\u00edch...","publisher":{"@id":"https:\/\/hotelhouse.cz\/#organization"},"potentialAction":[{"@type":"SearchAction","target":{"@type":"EntryPoint","urlTemplate":"https:\/\/hotelhouse.cz\/?s={search_term_string}"},"query-input":"required name=search_term_string"}],"inLanguage":"cs"},{"@type":"Organization","@id":"https:\/\/hotelhouse.cz\/#organization","name":"HOTELHOUSE.cz","url":"https:\/\/hotelhouse.cz\/","logo":{"@type":"ImageObject","inLanguage":"cs","@id":"https:\/\/hotelhouse.cz\/#\/schema\/logo\/image\/","url":"https:\/\/hotelhouse.cz\/wp-content\/uploads\/2024\/12\/cropped-Logo_HotelHouse-2.jpg","contentUrl":"https:\/\/hotelhouse.cz\/wp-content\/uploads\/2024\/12\/cropped-Logo_HotelHouse-2.jpg","width":933,"height":516,"caption":"HOTELHOUSE.cz"},"image":{"@id":"https:\/\/hotelhouse.cz\/#\/schema\/logo\/image\/"},"sameAs":["https:\/\/www.instagram.com\/hotelhousecz\/"]},{"@type":"Person","@id":"https:\/\/hotelhouse.cz\/#\/schema\/person\/4a69eae39f069d4a695854158f0891cd","name":"Hol\u00e1\u0148ov\u00e1 Jolana","image":{"@type":"ImageObject","inLanguage":"cs","@id":"https:\/\/hotelhouse.cz\/#\/schema\/person\/image\/","url":"https:\/\/secure.gravatar.com\/avatar\/5863c504ed89cd419ff3a5e812c722ff?s=96&d=mm&r=g","contentUrl":"https:\/\/secure.gravatar.com\/avatar\/5863c504ed89cd419ff3a5e812c722ff?s=96&d=mm&r=g","caption":"Hol\u00e1\u0148ov\u00e1 Jolana"},"sameAs":["http:\/\/www.hotelhouse.cz"],"url":"https:\/\/hotelhouse.cz\/index.php\/author\/jolhol\/"}]}},"_links":{"self":[{"href":"https:\/\/hotelhouse.cz\/index.php\/wp-json\/wp\/v2\/posts\/6189"}],"collection":[{"href":"https:\/\/hotelhouse.cz\/index.php\/wp-json\/wp\/v2\/posts"}],"about":[{"href":"https:\/\/hotelhouse.cz\/index.php\/wp-json\/wp\/v2\/types\/post"}],"author":[{"embeddable":true,"href":"https:\/\/hotelhouse.cz\/index.php\/wp-json\/wp\/v2\/users\/2"}],"replies":[{"embeddable":true,"href":"https:\/\/hotelhouse.cz\/index.php\/wp-json\/wp\/v2\/comments?post=6189"}],"version-history":[{"count":1,"href":"https:\/\/hotelhouse.cz\/index.php\/wp-json\/wp\/v2\/posts\/6189\/revisions"}],"predecessor-version":[{"id":6191,"href":"https:\/\/hotelhouse.cz\/index.php\/wp-json\/wp\/v2\/posts\/6189\/revisions\/6191"}],"wp:featuredmedia":[{"embeddable":true,"href":"https:\/\/hotelhouse.cz\/index.php\/wp-json\/wp\/v2\/media\/6190"}],"wp:attachment":[{"href":"https:\/\/hotelhouse.cz\/index.php\/wp-json\/wp\/v2\/media?parent=6189"}],"wp:term":[{"taxonomy":"category","embeddable":true,"href":"https:\/\/hotelhouse.cz\/index.php\/wp-json\/wp\/v2\/categories?post=6189"},{"taxonomy":"post_tag","embeddable":true,"href":"https:\/\/hotelhouse.cz\/index.php\/wp-json\/wp\/v2\/tags?post=6189"}],"curies":[{"name":"wp","href":"https:\/\/api.w.org\/{rel}","templated":true}]}}