{"id":6246,"date":"2024-05-29T00:01:00","date_gmt":"2024-05-28T22:01:00","guid":{"rendered":"https:\/\/hotelhouse.cz\/?p=6246"},"modified":"2024-05-31T02:15:13","modified_gmt":"2024-05-31T00:15:13","slug":"zakaznici-first-a-business-class-se-v-lete-mohou-seznamit-s-novou-exkluzivni-toaletni-sadou-bulgari-pro-letosni-letni-sezonu","status":"publish","type":"post","link":"https:\/\/hotelhouse.cz\/index.php\/2024\/05\/29\/zakaznici-first-a-business-class-se-v-lete-mohou-seznamit-s-novou-exkluzivni-toaletni-sadou-bulgari-pro-letosni-letni-sezonu\/","title":{"rendered":"Z\u00e1kazn\u00edci First a Business Class se v l\u00e9t\u011b mohou sezn\u00e1mit s novou exkluzivn\u00ed toaletn\u00ed sadou Bulgari pro leto\u0161n\u00ed letn\u00ed sez\u00f3nu"},"content":{"rendered":"\n<div style=\"height:35px\" aria-hidden=\"true\" class=\"wp-block-spacer\"><\/div>\n\n\n\n<p><strong>Z\u00e1kazn\u00edci First a Business Class se v l\u00e9t\u011b mohou sezn\u00e1mit s novou exkluzivn\u00ed toaletn\u00ed sadou Bulgari pro leto\u0161n\u00ed letn\u00ed sez\u00f3nu. Nov\u00e1 \u0159ada, kter\u00e1 bude postupn\u011b dostupn\u00e1 na vybran\u00fdch tras\u00e1ch a d\u00e1lkov\u00fdch letech, obsahuje barevn\u00e9 palety, kter\u00e9 lad\u00ed s&nbsp;nov\u011b modernizovan\u00fdmi interi\u00e9ry kabin Emirates, spolu s&nbsp;nejnov\u011bj\u0161\u00edmi a nejprod\u00e1van\u011bj\u0161\u00edmi v\u016fn\u011bmi od luxusn\u00ed italsk\u00e9 zna\u010dky Bulgari.<\/strong><\/p>\n\n\n\n<div style=\"height:32px\" aria-hidden=\"true\" class=\"wp-block-spacer\"><\/div>\n\n\n<div class=\"wp-block-image\">\n<figure class=\"aligncenter size-large\"><img decoding=\"async\" src=\"https:\/\/womenhouse.cz\/wp-content\/uploads\/2024\/05\/Foto1-1024x683.jpg\" alt=\"Bulgari na palub\u011b Emirates. Exkluzivn\u00ed toaletn\u00ed sady pro letn\u00ed sez\u00f3nu\" class=\"wp-image-13299\"\/><\/figure><\/div>\n\n\n<div style=\"height:32px\" aria-hidden=\"true\" class=\"wp-block-spacer\"><\/div>\n\n\n\n<p>Nov\u00e1 \u0159ada obsahuje v\u00fdb\u011br z&nbsp;8 luxusn\u00edch sad pro First a Business Class v&nbsp;r\u016fzn\u00fdch barv\u00e1ch a proveden\u00edch s&nbsp;\u0159adou cestovn\u00edch pom\u016fcek uvnit\u0159. Z\u00e1kazn\u00edci se mohou t\u011b\u0161it na v\u016fn\u011b Bulgari, v\u010detn\u011b kolekce High-Perfumery Collection Le Gemme dostupn\u00e9 v&nbsp;designu vytvo\u0159en\u00e9m exkluzivn\u011b pro Emirates. V&nbsp;sad\u011b nechyb\u00ed cestovn\u00ed zrc\u00e1tko lakovan\u00e9 zlatem a dal\u0161\u00ed kosmetick\u00e9 pom\u016fcky, v\u010detn\u011b novinky v&nbsp;podob\u011b p\u011bnov\u00fdch \u0161punt\u016f do u\u0161\u00ed a m\u011bkk\u00fdch elastick\u00fdch sponek do vlas\u016f.<\/p>\n\n\n\n<div style=\"height:32px\" aria-hidden=\"true\" class=\"wp-block-spacer\"><\/div>\n\n\n\n<h2 class=\"wp-block-heading\"><strong>Toaletn\u00ed sady First Class<\/strong><\/h2>\n\n\n\n<div style=\"height:12px\" aria-hidden=\"true\" class=\"wp-block-spacer\"><\/div>\n\n\n\n<p>Luxusn\u00ed \u0159ada pro mu\u017ee ve First Class obsahuje dv\u011b sady s&nbsp;r\u016fzn\u00fdmi dopl\u0148ky, kter\u00e9 z\u00e1kazn\u00edk\u016fm Emirates zajist\u00ed je\u0161t\u011b pohodln\u011bj\u0161\u00ed let. Vyb\u00edrat mohou zde dvou tvar\u016f, klasick\u00e1 toaletn\u00ed ta\u0161ka a elegantn\u00ed p\u0159\u00edru\u010dn\u00ed pouzdro, ob\u011b v&nbsp;ka\u0161tanov\u011b hn\u011bd\u00e9 barv\u011b ze syntetick\u00e9 k\u016f\u017ei dopln\u011bn\u00e9 zelen\u00fdmi detaily a kr\u00e9mov\u00fdm lemov\u00e1n\u00edm. Uvnit\u0159 se nach\u00e1z\u00ed 30ml flakon parf\u00e9movan\u00e9 vody BVLGARI LE GEMME KOBRAA. V\u016fn\u011b inspirovan\u00e1 tajemn\u00fdm kamenem Snake Jasper, symbolem mocn\u00e9 regenerace a \u017eivotn\u00ed s\u00edly, je zalo\u017een\u00e1 na jedn\u00e9 z nejposv\u00e1tn\u011bj\u0161\u00edch surovin \u2013 kadidlu. Vyvinul ji parf\u00e9mov\u00fd m\u00e1g Jacques Cavallier a zachov\u00e1v\u00e1 \u010dist\u00e9, sv\u011b\u017e\u00ed tv\u00e1\u0159e b\u00edl\u00e9ho vonn\u00e9ho kadidla a z\u00e1rove\u0148 p\u0159id\u00e1v\u00e1 siln\u00e9 kou\u0159ov\u00e9 t\u00f3ny. Sada obsahuje dal\u0161\u00ed produkty Bulgari, jako je balz\u00e1m po holen\u00ed, t\u011blov\u00e1 emulze, toaletn\u00ed ru\u010dn\u00edk a balz\u00e1m na rty, kter\u00e9 jsou z\u00e1kazn\u00edk\u016fm nab\u00edzeny v ta\u0161ti\u010dce Bulgari. Sada obsahuje tak\u00e9 holic\u00ed strojek Gillette, p\u011bnu na holen\u00ed, zubn\u00ed set, deodorant, kapesn\u00ed\u010dky, \u0161punty do u\u0161\u00ed a skl\u00e1dac\u00ed kart\u00e1\u010d na vlasy.<\/p>\n\n\n\n<p>Nab\u00eddka pro \u017eeny ve First Class zahrnuje dv\u011b metalick\u00e9 ta\u0161ky v barv\u011b champagne a bronzu s tyrkysov\u00fdm lemov\u00e1n\u00edm, detaily a pod\u0161\u00edvkou. Jedna ta\u0161ka m\u00e1 tvar toaletn\u00edho kuf\u0159\u00edku a druh\u00e1 p\u0159ipom\u00edn\u00e1 psan\u00ed\u010dko. Uvnit\u0159 se nach\u00e1z\u00ed exkluzivn\u00ed 30ml flakon parf\u00e9movan\u00e9 vody BVLGARI LE GEMME OROM. Tuto v\u00fdjime\u010dnou v\u016fni vytvo\u0159ila parfum\u00e9rka Sophie Labb\u00e9. Jej\u00ed t\u00f3ny ud\u00e1v\u00e1 vanilka, druh\u00e9 nejdra\u017e\u0161\u00ed ko\u0159en\u00ed na sv\u011bt\u011b. BVLGARI LE GEMME OROM vyza\u0159uje intenzivn\u00ed jantarov\u011b d\u0159evitou v\u016fni, kter\u00e1 obsahuje bourbonskou vanilku a vz\u00e1cn\u00e9 p\u0159\u00edrodn\u00ed d\u0159evo oud. Sou\u010d\u00e1st\u00ed sady je tak\u00e9 grav\u00edrovan\u00e9 zlat\u011b lakovan\u00e9 zrc\u00e1tko &#8211; pam\u00e1te\u010dn\u00ed kousek vyroben\u00fd exkluzivn\u011b pro Emirates, uzav\u0159en\u00fd v m\u011bkk\u00e9m pouzd\u0159e, spolu s dal\u0161\u00edmi produkty t\u00e9to zna\u010dky, jako je emulze na obli\u010dej a t\u011blo, \u010distic\u00ed ru\u010dn\u00edk a balz\u00e1m na rty. Aby cestuj\u00edc\u00ed ve First Class dorazili do c\u00edle odpo\u010dat\u00ed, obsahuje sada tak\u00e9 \u0161punty do u\u0161\u00ed, zubn\u00ed set, deodorant, kapesn\u00ed\u010dky, skl\u00e1dac\u00ed kart\u00e1\u010d na vlasy a novou m\u011bkkou \u010dernou elastickou gumi\u010dku do vlas\u016f.<\/p>\n\n\n\n<div style=\"height:32px\" aria-hidden=\"true\" class=\"wp-block-spacer\"><\/div>\n\n\n<div class=\"wp-block-image\">\n<figure class=\"aligncenter size-large\"><img decoding=\"async\" src=\"https:\/\/womenhouse.cz\/wp-content\/uploads\/2024\/05\/Foto2-1024x683.jpg\" alt=\"Bulgari na palub\u011b Emirates. Exkluzivn\u00ed toaletn\u00ed sady pro letn\u00ed sez\u00f3nu\" class=\"wp-image-13296\"\/><\/figure><\/div>\n\n\n<div style=\"height:32px\" aria-hidden=\"true\" class=\"wp-block-spacer\"><\/div>\n\n\n\n<h2 class=\"wp-block-heading\"><strong>Toaletn\u00ed sady pro Business Class<\/strong><\/h2>\n\n\n\n<div style=\"height:11px\" aria-hidden=\"true\" class=\"wp-block-spacer\"><\/div>\n\n\n\n<p>\u0158ada Business Class ve stylov\u00e9m jemn\u00e9m kr\u00e9mov\u00e9m odst\u00ednu s n\u00e1dechem kor\u00e1lov\u00e9 nab\u00edz\u00ed dva designy d\u00e1msk\u00fdch ta\u0161ek, pouzdro a klasickou siluetu toaletn\u00ed ta\u0161ky, ob\u011b vyroben\u00e9 ze syntetick\u00e9 k\u016f\u017ee. Sady toaletn\u00edch pot\u0159eb obsahuj\u00ed ikonickou v\u016fni BVLGARI OMNIA CORAL Eau de Toilette. Inspirov\u00e1n vitalitou \u010derven\u00e9ho kor\u00e1lu, mistr parfum\u00e9r Alberto Morillas vytvo\u0159il v\u016fni Omnia Coral, kter\u00e1 p\u0159in\u00e1\u0161\u00ed v\u016fni bergamotov\u00e9 esence v&nbsp;kombinaci s goji s jemn\u00fdmi n\u00e1dechy jasn\u011b zbarven\u00fdch t\u00f3n\u016f oran\u017eov\u00e9ho ibi\u0161ku. Kv\u011btinov\u00e9 t\u00f3ny dokresluj\u00ed sv\u011b\u017eest lekn\u00ednu a ovocn\u00fd akcent gran\u00e1tov\u00e9ho jablka, kter\u00fd se m\u00eds\u00ed s elegantn\u00ed v\u016fn\u00ed cedrov\u00e9ho d\u0159eva. Pasa\u017e\u00e9\u0159i obdr\u017e\u00ed tak\u00e9 dopl\u0148kovou emulzi na obli\u010dej a t\u011blov\u00e9 ml\u00e9ko s v\u016fn\u00ed Omnia Coral spolu s balz\u00e1mem na rty Bulgari.<\/p>\n\n\n\n<p>P\u00e1nsk\u00e1 kolekce Business Class obsahuje dv\u011b ta\u0161ky z ka\u0161tanov\u011b hn\u011bd\u00e9 l\u00e1tky s kr\u00e9mov\u00fdmi akcenty z um\u011bl\u00e9 k\u016f\u017ee, v p\u0159\u00edru\u010dn\u00edm stylu a klasick\u00e9 proveden\u00ed toaletn\u00ed ta\u0161ky. V\u016fn\u011b obsa\u017een\u00e1 v t\u011bchto sad\u00e1ch je parf\u00e9movan\u00e1 voda BVLGARI MAN IN BLACK, ikonick\u00fd p\u00e1nsk\u00fd bestseller zna\u010dky. Alberto Morillas, autor tohoto jantarov\u011b ko\u0159en\u011bn\u00e9ho olfaktorick\u00e9ho skvostu, p\u0159in\u00e1\u0161\u00ed magnetickou v\u016fni s t\u00f3ny aromatick\u00e9ho ko\u0159en\u00ed v&nbsp;kombinaci s k\u016f\u017e\u00ed. Inspirov\u00e1na stejnou ikonickou v\u016fn\u00ed, je sou\u010d\u00e1st\u00ed balen\u00ed tak\u00e9 balz\u00e1m po holen\u00ed a t\u011blov\u00e9 ml\u00e9ko s v\u016fn\u00ed BVLGARI MAN IN BLACK, d\u00e1le holic\u00ed strojek Gillette, p\u011bna na holen\u00ed, zubn\u00ed set, \u0161punty do u\u0161\u00ed, deodorant, kapesn\u00ed\u010dky a skl\u00e1dac\u00ed kart\u00e1\u010d na vlasy z p\u0161eni\u010dn\u00e9 sl\u00e1my.<\/p>\n\n\n\n<p>Emirates spolupracuje s&nbsp;italskou zna\u010dkou ji\u017e v\u00edce ne\u017e 15 let. B\u011bhem letn\u00ed sez\u00f3ny 2024 budou toaletn\u00ed sady Bulgari ji\u017e 16. kolekc\u00ed nab\u00edzenou na palub\u011b letadel, kter\u00e1 z\u00e1kazn\u00edk\u016fm Emirates po cel\u00e9m sv\u011bt\u011b nab\u00eddne vybran\u00e9 luxusn\u00ed sady.<\/p>\n\n\n\n<div style=\"height:32px\" aria-hidden=\"true\" class=\"wp-block-spacer\"><\/div>\n\n\n\n<figure class=\"wp-block-gallery has-nested-images columns-2 is-cropped wp-block-gallery-1 is-layout-flex wp-block-gallery-is-layout-flex\">\n<figure class=\"wp-block-image size-large\"><img decoding=\"async\" data-id=\"13299\" src=\"https:\/\/womenhouse.cz\/wp-content\/uploads\/2024\/05\/Foto1-1024x683.jpg\" alt=\"Bulgari na palub\u011b Emirates. Exkluzivn\u00ed toaletn\u00ed sady pro letn\u00ed sez\u00f3nu\" class=\"wp-image-13299\"\/><\/figure>\n\n\n\n<figure class=\"wp-block-image size-large\"><img decoding=\"async\" data-id=\"13296\" src=\"https:\/\/womenhouse.cz\/wp-content\/uploads\/2024\/05\/Foto2-1024x683.jpg\" alt=\"Bulgari na palub\u011b Emirates. Exkluzivn\u00ed toaletn\u00ed sady pro letn\u00ed sez\u00f3nu\" class=\"wp-image-13296\"\/><\/figure>\n\n\n\n<figure class=\"wp-block-image size-large\"><img decoding=\"async\" data-id=\"13297\" src=\"https:\/\/womenhouse.cz\/wp-content\/uploads\/2024\/05\/Foto3-1024x683.jpg\" alt=\"Bulgari na palub\u011b Emirates. Exkluzivn\u00ed toaletn\u00ed sady pro letn\u00ed sez\u00f3nu\" class=\"wp-image-13297\"\/><\/figure>\n\n\n\n<figure class=\"wp-block-image size-large\"><img decoding=\"async\" data-id=\"13298\" src=\"https:\/\/womenhouse.cz\/wp-content\/uploads\/2024\/05\/Foto4-1024x683.jpg\" alt=\"Bulgari na palub\u011b Emirates. Exkluzivn\u00ed toaletn\u00ed sady pro letn\u00ed sez\u00f3nu\" class=\"wp-image-13298\"\/><\/figure>\n<\/figure>\n\n\n\n<div style=\"height:32px\" aria-hidden=\"true\" class=\"wp-block-spacer\"><\/div>\n\n\n\n<p><strong>Zdroj foto: <\/strong>Emirates<\/p>\n\n\n\n<div style=\"height:100px\" aria-hidden=\"true\" class=\"wp-block-spacer\"><\/div>\n","protected":false},"excerpt":{"rendered":"<p>Z\u00e1kazn\u00edci First a Business Class se v l\u00e9t\u011b mohou sezn\u00e1mit s novou exkluzivn\u00ed toaletn\u00ed sadou Bulgari pro leto\u0161n\u00ed letn\u00ed sez\u00f3nu. Nov\u00e1 \u0159ada, kter\u00e1 bude postupn\u011b dostupn\u00e1 na vybran\u00fdch tras\u00e1ch a d\u00e1lkov\u00fdch letech, obsahuje barevn\u00e9&#46;&#46;&#46;<\/p>\n","protected":false},"author":2,"featured_media":6247,"comment_status":"closed","ping_status":"closed","sticky":false,"template":"","format":"standard","meta":{"_monsterinsights_skip_tracking":false,"_monsterinsights_sitenote_active":false,"_monsterinsights_sitenote_note":"","_monsterinsights_sitenote_category":0,"footnotes":""},"categories":[2,23],"tags":[],"yoast_head":"<!-- This site is optimized with the Yoast SEO plugin v21.5 - https:\/\/yoast.com\/wordpress\/plugins\/seo\/ -->\n<title>Z\u00e1kazn\u00edci First a Business Class se v l\u00e9t\u011b mohou sezn\u00e1mit s novou exkluzivn\u00ed toaletn\u00ed sadou Bulgari pro leto\u0161n\u00ed letn\u00ed sez\u00f3nu - HOTELHOUSE.cz<\/title>\n<meta name=\"description\" content=\"Z\u00e1kazn\u00edci First a Business Class se v l\u00e9t\u011b mohou sezn\u00e1mit s novou exkluzivn\u00ed toaletn\u00ed sadou Bulgari pro leto\u0161n\u00ed letn\u00ed sez\u00f3nu.\" \/>\n<meta name=\"robots\" content=\"index, follow, max-snippet:-1, max-image-preview:large, max-video-preview:-1\" \/>\n<link rel=\"canonical\" href=\"https:\/\/hotelhouse.cz\/index.php\/2024\/05\/29\/zakaznici-first-a-business-class-se-v-lete-mohou-seznamit-s-novou-exkluzivni-toaletni-sadou-bulgari-pro-letosni-letni-sezonu\/\" \/>\n<meta property=\"og:locale\" content=\"cs_CZ\" \/>\n<meta property=\"og:type\" content=\"article\" \/>\n<meta property=\"og:title\" content=\"Z\u00e1kazn\u00edci First a Business Class se v l\u00e9t\u011b mohou sezn\u00e1mit s novou exkluzivn\u00ed toaletn\u00ed sadou Bulgari pro leto\u0161n\u00ed letn\u00ed sez\u00f3nu - HOTELHOUSE.cz\" \/>\n<meta property=\"og:description\" content=\"Z\u00e1kazn\u00edci First a Business Class se v l\u00e9t\u011b mohou sezn\u00e1mit s novou exkluzivn\u00ed toaletn\u00ed sadou Bulgari pro leto\u0161n\u00ed letn\u00ed sez\u00f3nu.\" \/>\n<meta property=\"og:url\" content=\"https:\/\/hotelhouse.cz\/index.php\/2024\/05\/29\/zakaznici-first-a-business-class-se-v-lete-mohou-seznamit-s-novou-exkluzivni-toaletni-sadou-bulgari-pro-letosni-letni-sezonu\/\" \/>\n<meta property=\"og:site_name\" content=\"HOTELHOUSE.cz\" \/>\n<meta property=\"article:published_time\" content=\"2024-05-28T22:01:00+00:00\" \/>\n<meta property=\"article:modified_time\" content=\"2024-05-31T00:15:13+00:00\" \/>\n<meta property=\"og:image\" content=\"https:\/\/hotelhouse.cz\/wp-content\/uploads\/2024\/05\/Foto4.jpg\" \/>\n\t<meta property=\"og:image:width\" content=\"1500\" \/>\n\t<meta property=\"og:image:height\" content=\"1000\" \/>\n\t<meta property=\"og:image:type\" content=\"image\/jpeg\" \/>\n<meta name=\"author\" content=\"Hol\u00e1\u0148ov\u00e1 Jolana\" \/>\n<meta name=\"twitter:card\" content=\"summary_large_image\" \/>\n<meta name=\"twitter:label1\" content=\"Napsal(a)\" \/>\n\t<meta name=\"twitter:data1\" content=\"Hol\u00e1\u0148ov\u00e1 Jolana\" \/>\n\t<meta name=\"twitter:label2\" content=\"Odhadovan\u00e1 doba \u010dten\u00ed\" \/>\n\t<meta name=\"twitter:data2\" content=\"5 minut\" \/>\n<script type=\"application\/ld+json\" class=\"yoast-schema-graph\">{\"@context\":\"https:\/\/schema.org\",\"@graph\":[{\"@type\":\"Article\",\"@id\":\"https:\/\/hotelhouse.cz\/index.php\/2024\/05\/29\/zakaznici-first-a-business-class-se-v-lete-mohou-seznamit-s-novou-exkluzivni-toaletni-sadou-bulgari-pro-letosni-letni-sezonu\/#article\",\"isPartOf\":{\"@id\":\"https:\/\/hotelhouse.cz\/index.php\/2024\/05\/29\/zakaznici-first-a-business-class-se-v-lete-mohou-seznamit-s-novou-exkluzivni-toaletni-sadou-bulgari-pro-letosni-letni-sezonu\/\"},\"author\":{\"name\":\"Hol\u00e1\u0148ov\u00e1 Jolana\",\"@id\":\"https:\/\/hotelhouse.cz\/#\/schema\/person\/4a69eae39f069d4a695854158f0891cd\"},\"headline\":\"Z\u00e1kazn\u00edci First a Business Class se v l\u00e9t\u011b mohou sezn\u00e1mit s novou exkluzivn\u00ed toaletn\u00ed sadou Bulgari pro leto\u0161n\u00ed letn\u00ed sez\u00f3nu\",\"datePublished\":\"2024-05-28T22:01:00+00:00\",\"dateModified\":\"2024-05-31T00:15:13+00:00\",\"mainEntityOfPage\":{\"@id\":\"https:\/\/hotelhouse.cz\/index.php\/2024\/05\/29\/zakaznici-first-a-business-class-se-v-lete-mohou-seznamit-s-novou-exkluzivni-toaletni-sadou-bulgari-pro-letosni-letni-sezonu\/\"},\"wordCount\":957,\"publisher\":{\"@id\":\"https:\/\/hotelhouse.cz\/#organization\"},\"articleSection\":[\"NEWS\",\"TIPY NA CESTOV\u00c1N\u00cd\"],\"inLanguage\":\"cs\"},{\"@type\":\"WebPage\",\"@id\":\"https:\/\/hotelhouse.cz\/index.php\/2024\/05\/29\/zakaznici-first-a-business-class-se-v-lete-mohou-seznamit-s-novou-exkluzivni-toaletni-sadou-bulgari-pro-letosni-letni-sezonu\/\",\"url\":\"https:\/\/hotelhouse.cz\/index.php\/2024\/05\/29\/zakaznici-first-a-business-class-se-v-lete-mohou-seznamit-s-novou-exkluzivni-toaletni-sadou-bulgari-pro-letosni-letni-sezonu\/\",\"name\":\"Z\u00e1kazn\u00edci First a Business Class se v l\u00e9t\u011b mohou sezn\u00e1mit s novou exkluzivn\u00ed toaletn\u00ed sadou Bulgari pro leto\u0161n\u00ed letn\u00ed sez\u00f3nu - HOTELHOUSE.cz\",\"isPartOf\":{\"@id\":\"https:\/\/hotelhouse.cz\/#website\"},\"datePublished\":\"2024-05-28T22:01:00+00:00\",\"dateModified\":\"2024-05-31T00:15:13+00:00\",\"description\":\"Z\u00e1kazn\u00edci First a Business Class se v l\u00e9t\u011b mohou sezn\u00e1mit s novou exkluzivn\u00ed toaletn\u00ed sadou Bulgari pro leto\u0161n\u00ed letn\u00ed sez\u00f3nu.\",\"breadcrumb\":{\"@id\":\"https:\/\/hotelhouse.cz\/index.php\/2024\/05\/29\/zakaznici-first-a-business-class-se-v-lete-mohou-seznamit-s-novou-exkluzivni-toaletni-sadou-bulgari-pro-letosni-letni-sezonu\/#breadcrumb\"},\"inLanguage\":\"cs\",\"potentialAction\":[{\"@type\":\"ReadAction\",\"target\":[\"https:\/\/hotelhouse.cz\/index.php\/2024\/05\/29\/zakaznici-first-a-business-class-se-v-lete-mohou-seznamit-s-novou-exkluzivni-toaletni-sadou-bulgari-pro-letosni-letni-sezonu\/\"]}]},{\"@type\":\"BreadcrumbList\",\"@id\":\"https:\/\/hotelhouse.cz\/index.php\/2024\/05\/29\/zakaznici-first-a-business-class-se-v-lete-mohou-seznamit-s-novou-exkluzivni-toaletni-sadou-bulgari-pro-letosni-letni-sezonu\/#breadcrumb\",\"itemListElement\":[{\"@type\":\"ListItem\",\"position\":1,\"name\":\"Dom\u016f\",\"item\":\"https:\/\/hotelhouse.cz\/\"},{\"@type\":\"ListItem\",\"position\":2,\"name\":\"Z\u00e1kazn\u00edci First a Business Class se v l\u00e9t\u011b mohou sezn\u00e1mit s novou exkluzivn\u00ed toaletn\u00ed sadou Bulgari pro leto\u0161n\u00ed letn\u00ed sez\u00f3nu\"}]},{\"@type\":\"WebSite\",\"@id\":\"https:\/\/hotelhouse.cz\/#website\",\"url\":\"https:\/\/hotelhouse.cz\/\",\"name\":\"HOTELHOUSE.cz\",\"description\":\"Port\u00e1l o hotelech, pensionech, spa resortech a restaurac\u00edch...\",\"publisher\":{\"@id\":\"https:\/\/hotelhouse.cz\/#organization\"},\"potentialAction\":[{\"@type\":\"SearchAction\",\"target\":{\"@type\":\"EntryPoint\",\"urlTemplate\":\"https:\/\/hotelhouse.cz\/?s={search_term_string}\"},\"query-input\":\"required name=search_term_string\"}],\"inLanguage\":\"cs\"},{\"@type\":\"Organization\",\"@id\":\"https:\/\/hotelhouse.cz\/#organization\",\"name\":\"HOTELHOUSE.cz\",\"url\":\"https:\/\/hotelhouse.cz\/\",\"logo\":{\"@type\":\"ImageObject\",\"inLanguage\":\"cs\",\"@id\":\"https:\/\/hotelhouse.cz\/#\/schema\/logo\/image\/\",\"url\":\"https:\/\/hotelhouse.cz\/wp-content\/uploads\/2024\/12\/cropped-Logo_HotelHouse-2.jpg\",\"contentUrl\":\"https:\/\/hotelhouse.cz\/wp-content\/uploads\/2024\/12\/cropped-Logo_HotelHouse-2.jpg\",\"width\":933,\"height\":516,\"caption\":\"HOTELHOUSE.cz\"},\"image\":{\"@id\":\"https:\/\/hotelhouse.cz\/#\/schema\/logo\/image\/\"},\"sameAs\":[\"https:\/\/www.instagram.com\/hotelhousecz\/\"]},{\"@type\":\"Person\",\"@id\":\"https:\/\/hotelhouse.cz\/#\/schema\/person\/4a69eae39f069d4a695854158f0891cd\",\"name\":\"Hol\u00e1\u0148ov\u00e1 Jolana\",\"image\":{\"@type\":\"ImageObject\",\"inLanguage\":\"cs\",\"@id\":\"https:\/\/hotelhouse.cz\/#\/schema\/person\/image\/\",\"url\":\"https:\/\/secure.gravatar.com\/avatar\/5863c504ed89cd419ff3a5e812c722ff?s=96&d=mm&r=g\",\"contentUrl\":\"https:\/\/secure.gravatar.com\/avatar\/5863c504ed89cd419ff3a5e812c722ff?s=96&d=mm&r=g\",\"caption\":\"Hol\u00e1\u0148ov\u00e1 Jolana\"},\"sameAs\":[\"http:\/\/www.hotelhouse.cz\"],\"url\":\"https:\/\/hotelhouse.cz\/index.php\/author\/jolhol\/\"}]}<\/script>\n<!-- \/ Yoast SEO plugin. -->","yoast_head_json":{"title":"Z\u00e1kazn\u00edci First a Business Class se v l\u00e9t\u011b mohou sezn\u00e1mit s novou exkluzivn\u00ed toaletn\u00ed sadou Bulgari pro leto\u0161n\u00ed letn\u00ed sez\u00f3nu - HOTELHOUSE.cz","description":"Z\u00e1kazn\u00edci First a Business Class se v l\u00e9t\u011b mohou sezn\u00e1mit s novou exkluzivn\u00ed toaletn\u00ed sadou Bulgari pro leto\u0161n\u00ed letn\u00ed sez\u00f3nu.","robots":{"index":"index","follow":"follow","max-snippet":"max-snippet:-1","max-image-preview":"max-image-preview:large","max-video-preview":"max-video-preview:-1"},"canonical":"https:\/\/hotelhouse.cz\/index.php\/2024\/05\/29\/zakaznici-first-a-business-class-se-v-lete-mohou-seznamit-s-novou-exkluzivni-toaletni-sadou-bulgari-pro-letosni-letni-sezonu\/","og_locale":"cs_CZ","og_type":"article","og_title":"Z\u00e1kazn\u00edci First a Business Class se v l\u00e9t\u011b mohou sezn\u00e1mit s novou exkluzivn\u00ed toaletn\u00ed sadou Bulgari pro leto\u0161n\u00ed letn\u00ed sez\u00f3nu - HOTELHOUSE.cz","og_description":"Z\u00e1kazn\u00edci First a Business Class se v l\u00e9t\u011b mohou sezn\u00e1mit s novou exkluzivn\u00ed toaletn\u00ed sadou Bulgari pro leto\u0161n\u00ed letn\u00ed sez\u00f3nu.","og_url":"https:\/\/hotelhouse.cz\/index.php\/2024\/05\/29\/zakaznici-first-a-business-class-se-v-lete-mohou-seznamit-s-novou-exkluzivni-toaletni-sadou-bulgari-pro-letosni-letni-sezonu\/","og_site_name":"HOTELHOUSE.cz","article_published_time":"2024-05-28T22:01:00+00:00","article_modified_time":"2024-05-31T00:15:13+00:00","og_image":[{"width":1500,"height":1000,"url":"https:\/\/hotelhouse.cz\/wp-content\/uploads\/2024\/05\/Foto4.jpg","type":"image\/jpeg"}],"author":"Hol\u00e1\u0148ov\u00e1 Jolana","twitter_card":"summary_large_image","twitter_misc":{"Napsal(a)":"Hol\u00e1\u0148ov\u00e1 Jolana","Odhadovan\u00e1 doba \u010dten\u00ed":"5 minut"},"schema":{"@context":"https:\/\/schema.org","@graph":[{"@type":"Article","@id":"https:\/\/hotelhouse.cz\/index.php\/2024\/05\/29\/zakaznici-first-a-business-class-se-v-lete-mohou-seznamit-s-novou-exkluzivni-toaletni-sadou-bulgari-pro-letosni-letni-sezonu\/#article","isPartOf":{"@id":"https:\/\/hotelhouse.cz\/index.php\/2024\/05\/29\/zakaznici-first-a-business-class-se-v-lete-mohou-seznamit-s-novou-exkluzivni-toaletni-sadou-bulgari-pro-letosni-letni-sezonu\/"},"author":{"name":"Hol\u00e1\u0148ov\u00e1 Jolana","@id":"https:\/\/hotelhouse.cz\/#\/schema\/person\/4a69eae39f069d4a695854158f0891cd"},"headline":"Z\u00e1kazn\u00edci First a Business Class se v l\u00e9t\u011b mohou sezn\u00e1mit s novou exkluzivn\u00ed toaletn\u00ed sadou Bulgari pro leto\u0161n\u00ed letn\u00ed sez\u00f3nu","datePublished":"2024-05-28T22:01:00+00:00","dateModified":"2024-05-31T00:15:13+00:00","mainEntityOfPage":{"@id":"https:\/\/hotelhouse.cz\/index.php\/2024\/05\/29\/zakaznici-first-a-business-class-se-v-lete-mohou-seznamit-s-novou-exkluzivni-toaletni-sadou-bulgari-pro-letosni-letni-sezonu\/"},"wordCount":957,"publisher":{"@id":"https:\/\/hotelhouse.cz\/#organization"},"articleSection":["NEWS","TIPY NA CESTOV\u00c1N\u00cd"],"inLanguage":"cs"},{"@type":"WebPage","@id":"https:\/\/hotelhouse.cz\/index.php\/2024\/05\/29\/zakaznici-first-a-business-class-se-v-lete-mohou-seznamit-s-novou-exkluzivni-toaletni-sadou-bulgari-pro-letosni-letni-sezonu\/","url":"https:\/\/hotelhouse.cz\/index.php\/2024\/05\/29\/zakaznici-first-a-business-class-se-v-lete-mohou-seznamit-s-novou-exkluzivni-toaletni-sadou-bulgari-pro-letosni-letni-sezonu\/","name":"Z\u00e1kazn\u00edci First a Business Class se v l\u00e9t\u011b mohou sezn\u00e1mit s novou exkluzivn\u00ed toaletn\u00ed sadou Bulgari pro leto\u0161n\u00ed letn\u00ed sez\u00f3nu - HOTELHOUSE.cz","isPartOf":{"@id":"https:\/\/hotelhouse.cz\/#website"},"datePublished":"2024-05-28T22:01:00+00:00","dateModified":"2024-05-31T00:15:13+00:00","description":"Z\u00e1kazn\u00edci First a Business Class se v l\u00e9t\u011b mohou sezn\u00e1mit s novou exkluzivn\u00ed toaletn\u00ed sadou Bulgari pro leto\u0161n\u00ed letn\u00ed sez\u00f3nu.","breadcrumb":{"@id":"https:\/\/hotelhouse.cz\/index.php\/2024\/05\/29\/zakaznici-first-a-business-class-se-v-lete-mohou-seznamit-s-novou-exkluzivni-toaletni-sadou-bulgari-pro-letosni-letni-sezonu\/#breadcrumb"},"inLanguage":"cs","potentialAction":[{"@type":"ReadAction","target":["https:\/\/hotelhouse.cz\/index.php\/2024\/05\/29\/zakaznici-first-a-business-class-se-v-lete-mohou-seznamit-s-novou-exkluzivni-toaletni-sadou-bulgari-pro-letosni-letni-sezonu\/"]}]},{"@type":"BreadcrumbList","@id":"https:\/\/hotelhouse.cz\/index.php\/2024\/05\/29\/zakaznici-first-a-business-class-se-v-lete-mohou-seznamit-s-novou-exkluzivni-toaletni-sadou-bulgari-pro-letosni-letni-sezonu\/#breadcrumb","itemListElement":[{"@type":"ListItem","position":1,"name":"Dom\u016f","item":"https:\/\/hotelhouse.cz\/"},{"@type":"ListItem","position":2,"name":"Z\u00e1kazn\u00edci First a Business Class se v l\u00e9t\u011b mohou sezn\u00e1mit s novou exkluzivn\u00ed toaletn\u00ed sadou Bulgari pro leto\u0161n\u00ed letn\u00ed sez\u00f3nu"}]},{"@type":"WebSite","@id":"https:\/\/hotelhouse.cz\/#website","url":"https:\/\/hotelhouse.cz\/","name":"HOTELHOUSE.cz","description":"Port\u00e1l o hotelech, pensionech, spa resortech a restaurac\u00edch...","publisher":{"@id":"https:\/\/hotelhouse.cz\/#organization"},"potentialAction":[{"@type":"SearchAction","target":{"@type":"EntryPoint","urlTemplate":"https:\/\/hotelhouse.cz\/?s={search_term_string}"},"query-input":"required name=search_term_string"}],"inLanguage":"cs"},{"@type":"Organization","@id":"https:\/\/hotelhouse.cz\/#organization","name":"HOTELHOUSE.cz","url":"https:\/\/hotelhouse.cz\/","logo":{"@type":"ImageObject","inLanguage":"cs","@id":"https:\/\/hotelhouse.cz\/#\/schema\/logo\/image\/","url":"https:\/\/hotelhouse.cz\/wp-content\/uploads\/2024\/12\/cropped-Logo_HotelHouse-2.jpg","contentUrl":"https:\/\/hotelhouse.cz\/wp-content\/uploads\/2024\/12\/cropped-Logo_HotelHouse-2.jpg","width":933,"height":516,"caption":"HOTELHOUSE.cz"},"image":{"@id":"https:\/\/hotelhouse.cz\/#\/schema\/logo\/image\/"},"sameAs":["https:\/\/www.instagram.com\/hotelhousecz\/"]},{"@type":"Person","@id":"https:\/\/hotelhouse.cz\/#\/schema\/person\/4a69eae39f069d4a695854158f0891cd","name":"Hol\u00e1\u0148ov\u00e1 Jolana","image":{"@type":"ImageObject","inLanguage":"cs","@id":"https:\/\/hotelhouse.cz\/#\/schema\/person\/image\/","url":"https:\/\/secure.gravatar.com\/avatar\/5863c504ed89cd419ff3a5e812c722ff?s=96&d=mm&r=g","contentUrl":"https:\/\/secure.gravatar.com\/avatar\/5863c504ed89cd419ff3a5e812c722ff?s=96&d=mm&r=g","caption":"Hol\u00e1\u0148ov\u00e1 Jolana"},"sameAs":["http:\/\/www.hotelhouse.cz"],"url":"https:\/\/hotelhouse.cz\/index.php\/author\/jolhol\/"}]}},"_links":{"self":[{"href":"https:\/\/hotelhouse.cz\/index.php\/wp-json\/wp\/v2\/posts\/6246"}],"collection":[{"href":"https:\/\/hotelhouse.cz\/index.php\/wp-json\/wp\/v2\/posts"}],"about":[{"href":"https:\/\/hotelhouse.cz\/index.php\/wp-json\/wp\/v2\/types\/post"}],"author":[{"embeddable":true,"href":"https:\/\/hotelhouse.cz\/index.php\/wp-json\/wp\/v2\/users\/2"}],"replies":[{"embeddable":true,"href":"https:\/\/hotelhouse.cz\/index.php\/wp-json\/wp\/v2\/comments?post=6246"}],"version-history":[{"count":2,"href":"https:\/\/hotelhouse.cz\/index.php\/wp-json\/wp\/v2\/posts\/6246\/revisions"}],"predecessor-version":[{"id":6265,"href":"https:\/\/hotelhouse.cz\/index.php\/wp-json\/wp\/v2\/posts\/6246\/revisions\/6265"}],"wp:featuredmedia":[{"embeddable":true,"href":"https:\/\/hotelhouse.cz\/index.php\/wp-json\/wp\/v2\/media\/6247"}],"wp:attachment":[{"href":"https:\/\/hotelhouse.cz\/index.php\/wp-json\/wp\/v2\/media?parent=6246"}],"wp:term":[{"taxonomy":"category","embeddable":true,"href":"https:\/\/hotelhouse.cz\/index.php\/wp-json\/wp\/v2\/categories?post=6246"},{"taxonomy":"post_tag","embeddable":true,"href":"https:\/\/hotelhouse.cz\/index.php\/wp-json\/wp\/v2\/tags?post=6246"}],"curies":[{"name":"wp","href":"https:\/\/api.w.org\/{rel}","templated":true}]}}