{"id":6276,"date":"2024-06-11T00:01:00","date_gmt":"2024-06-10T22:01:00","guid":{"rendered":"https:\/\/hotelhouse.cz\/?p=6276"},"modified":"2024-06-11T02:56:43","modified_gmt":"2024-06-11T00:56:43","slug":"treti-serie-letnich-hudebnich-zazitku-startuje-v-cervnu-pod-sirym-nebem","status":"publish","type":"post","link":"https:\/\/hotelhouse.cz\/index.php\/2024\/06\/11\/treti-serie-letnich-hudebnich-zazitku-startuje-v-cervnu-pod-sirym-nebem\/","title":{"rendered":"T\u0159et\u00ed s\u00e9rie letn\u00edch hudebn\u00edch z\u00e1\u017eitk\u016f startuje v\u00a0\u010dervnu pod \u0161ir\u00fdm nebem"},"content":{"rendered":"\n<div style=\"height:45px\" aria-hidden=\"true\" class=\"wp-block-spacer\"><\/div>\n\n\n\n<p><strong>Praha, \u010derven 2024 \u2013 L\u00e9to na V\u00fdstavi\u0161ti bude i letos pat\u0159it nad\u011bjn\u00fdm hudebn\u00edm talent\u016fm tuzemsk\u00e9 sc\u00e9ny, kte\u0159\u00ed se p\u0159edstav\u00ed b\u011bhem t\u0159et\u00ed s\u00e9rie venkovn\u00edch koncert\u016f Check it. Od \u010dervna do z\u00e1\u0159\u00ed si tak budou moci n\u00e1v\u0161t\u011bvn\u00edci u\u017e\u00edt \u0161est pohodov\u00fdch koncert\u016f, kter\u00e9 nab\u00eddnou nejr\u016fzn\u011bj\u0161\u00ed hudebn\u00ed \u017e\u00e1nry. Bez ohledu na to, jestli preferujete pop, rock nebo elektronickou hudbu Check it m\u00e1 pro ka\u017ed\u00e9ho n\u011bco. Koncerty se uskute\u010dn\u00ed v prostoru Skateplazy vedle SHELTER cafe. P\u0159ij\u010fte se p\u0159\u00edjemn\u011b naladit a&nbsp;u\u017e\u00edt si pohodov\u00fd ve\u010der na V\u00fdstavi\u0161ti trochu jinak. Vstup na koncerty je zdarma.<\/strong><\/p>\n\n\n\n<div style=\"height:45px\" aria-hidden=\"true\" class=\"wp-block-spacer\"><\/div>\n\n\n<div class=\"wp-block-image\">\n<figure class=\"aligncenter size-large\"><img decoding=\"async\" loading=\"lazy\" width=\"1024\" height=\"683\" src=\"https:\/\/hotelhouse.cz\/wp-content\/uploads\/2024\/06\/DSC09006-1024x683.jpg\" alt=\"T\u0159et\u00ed s\u00e9rie letn\u00edch hudebn\u00edch z\u00e1\u017eitk\u016f startuje v\u00a0\u010dervnu pod \u0161ir\u00fdm nebem\" class=\"wp-image-6277\" srcset=\"https:\/\/hotelhouse.cz\/wp-content\/uploads\/2024\/06\/DSC09006-1024x683.jpg 1024w, https:\/\/hotelhouse.cz\/wp-content\/uploads\/2024\/06\/DSC09006-300x200.jpg 300w, https:\/\/hotelhouse.cz\/wp-content\/uploads\/2024\/06\/DSC09006-768x512.jpg 768w, https:\/\/hotelhouse.cz\/wp-content\/uploads\/2024\/06\/DSC09006.jpg 1500w\" sizes=\"(max-width: 1024px) 100vw, 1024px\" \/><\/figure><\/div>\n\n\n<div style=\"height:45px\" aria-hidden=\"true\" class=\"wp-block-spacer\"><\/div>\n\n\n\n<p>Koncept navazuje na \u00fasp\u011b\u0161n\u00e9 p\u0159ede\u0161l\u00e9 dva ro\u010dn\u00edky a op\u011bt se vrac\u00ed s neot\u0159el\u00fdm line-upem \u010desk\u00fdch nad\u011bjn\u00fdch za\u010d\u00ednaj\u00edc\u00edch um\u011blc\u016f. <em>\u201eKoncertn\u00ed s\u00e9rie Check it propojuje neokoukan\u00e1 m\u00edsta are\u00e1lu V\u00fdstavi\u0161t\u011b a&nbsp;\u010derstv\u00e9 objevy na dom\u00e1c\u00ed alternativn\u00ed hudebn\u00ed sc\u00e9n\u011b. Na terase u Skateplazy se v&nbsp;leto\u0161n\u00edm roce m\u016f\u017eete t\u011b\u0161it mimo jin\u00e9 na zp\u011bva\u010dku M\u00e1\u0159\u00ed, leto\u0161n\u00ed v\u00edt\u011bzku sout\u011b\u017ee Start\u00e9r radia Wave, charismatick\u00e9 Fumar Mata nebo \u00fapln\u011b nov\u00fd projekt Harr. V&nbsp;n\u011bm se se\u0161li hudebn\u00edci z&nbsp;ji\u017e zaveden\u00fdch dom\u00e1c\u00edch projekt\u016f Teepee, Am\u00e9lie Siba, Manon Meurt a February,\u201c <\/em>\u0159\u00edk\u00e1 k&nbsp;programu Barbora \u0160ubrtov\u00e1, hudebn\u00ed dramaturgyn\u011b V\u00fdstavi\u0161t\u011b&nbsp;Praha a k&nbsp;hudebn\u00edmu zam\u011b\u0159en\u00ed leto\u0161n\u00edch koncert\u016f dod\u00e1v\u00e1: \u201e<em>Dramaturgie projektu reflektuje aktu\u00e1ln\u00ed v\u00fdvoj na dom\u00e1c\u00ed sc\u00e9n\u011b a zam\u011b\u0159uje se p\u0159edev\u0161\u00edm na indie rock a pop s&nbsp;p\u0159esahem do elektroniky.\u201c<\/em><\/p>\n\n\n\n<div style=\"height:45px\" aria-hidden=\"true\" class=\"wp-block-spacer\"><\/div>\n\n\n<div class=\"wp-block-image\">\n<figure class=\"aligncenter size-large\"><img decoding=\"async\" src=\"https:\/\/celebrityhouse.cz\/wp-content\/uploads\/2024\/06\/DSC08885-1024x683.jpg\" alt=\"T\u0159et\u00ed s\u00e9rie letn\u00edch hudebn\u00edch z\u00e1\u017eitk\u016f startuje v\u00a0\u010dervnu pod \u0161ir\u00fdm nebem\" class=\"wp-image-8734\"\/><\/figure><\/div>\n\n\n<div style=\"height:45px\" aria-hidden=\"true\" class=\"wp-block-spacer\"><\/div>\n\n\n\n<h2 class=\"wp-block-heading\">Na leto\u0161n\u00edm Check it se p\u0159edstav\u00ed:<\/h2>\n\n\n\n<div style=\"height:21px\" aria-hidden=\"true\" class=\"wp-block-spacer\"><\/div>\n\n\n\n<h2 class=\"wp-block-heading\">M\u00e1\u0159\u00ed<\/h2>\n\n\n\n<div style=\"height:21px\" aria-hidden=\"true\" class=\"wp-block-spacer\"><\/div>\n\n\n\n<p>T\u0159et\u00ed s\u00e9rii Check it zah\u00e1j\u00ed 12. \u010dervna n\u011b\u017en\u00e1 zp\u011bva\u010dka M\u00e1\u0159\u00ed, kter\u00e1 v lo\u0148sk\u00e9m roce vydala debutov\u00e9 album L\u00e9to znovu p\u0159ijde. Tato deska kombinuje zvuky kytar, synth\u016f, elektra a popu s ruchy pra\u017esk\u00fdch ulic. Autorsk\u00e9 texty jsou v\u00fdpov\u011bd\u00ed mlad\u00e9 d\u00edvky, kter\u00e1 d\u00edky autentick\u00e9mu projevu dok\u00e1\u017ee poslucha\u010de vt\u00e1hnout do sv\u011bta dosp\u00edv\u00e1n\u00ed a ve\u010dern\u00edho m\u011bsta. Spoluautorem je multiinstrumentalista a skladatel \u0160imon Keller. S kapelou maj\u00ed za sebou koncerty nap\u0159. s Post hudbou, Am\u00e9li\u00ed Siba, I Love You Honey Bunny, Hello Marcel, Viah, Zapom\u011blsem, Waterbased (SK), Tess Parks (CAN), Gengahr (UK) nebo The Vices (NL). O M\u00e1\u0159\u00ed jste se mohli n\u011bkolikr\u00e1t do\u010d\u00edst v \u010dasopisu Headliner. Letos se stala v\u00edt\u011bzkou v hudebn\u00ed sout\u011b\u017ei Start\u00e9r Radia Wave.<\/p>\n\n\n\n<p><strong><em><strong><em>Koncert prob\u011bhne 12. 6. od 17.30 hod. v&nbsp;open-air \u010d\u00e1sti V\u00fdstavi\u0161t\u011b u Skateplazy, vstupn\u00e9 je zdarma.<\/em><\/strong><\/em><\/strong><strong><em><strong><em><\/em><\/strong><\/em><\/strong><\/p>\n\n\n\n<p>**********<\/p>\n\n\n\n<div style=\"height:45px\" aria-hidden=\"true\" class=\"wp-block-spacer\"><\/div>\n\n\n<div class=\"wp-block-image\">\n<figure class=\"aligncenter size-large\"><img decoding=\"async\" src=\"https:\/\/celebrityhouse.cz\/wp-content\/uploads\/2024\/06\/DSC09958-1024x683.jpg\" alt=\"T\u0159et\u00ed s\u00e9rie letn\u00edch hudebn\u00edch z\u00e1\u017eitk\u016f startuje v\u00a0\u010dervnu pod \u0161ir\u00fdm nebem\" class=\"wp-image-8743\"\/><\/figure><\/div>\n\n\n<div style=\"height:45px\" aria-hidden=\"true\" class=\"wp-block-spacer\"><\/div>\n\n\n\n<h2 class=\"wp-block-heading\">Fumar Mata<\/h2>\n\n\n\n<div style=\"height:21px\" aria-hidden=\"true\" class=\"wp-block-spacer\"><\/div>\n\n\n\n<p>Vych\u00e1zej\u00edc\u00ed pra\u017esk\u00e1 formace Fumar Mata, kter\u00e1 okouzluj\u00edc\u00edm charismatem s atmosf\u00e9rou nezvratn\u011b p\u0159ipom\u00edn\u00e1 vibe The Brian Jonestown Massacre, l\u00e1k\u00e1 do p\u0159edn\u00edch \u0159ad generaci nov\u00fdch nad\u0161enc\u016f, jim\u017e otev\u00edr\u00e1 sv\u011bt neo-psychedelie. Fumar Mata byla zalo\u017eena ve sklep\u011b pra\u017esk\u00e9 kav\u00e1rny Spoko, kam se adolescenti uch\u00fdlili p\u0159ed pandemi\u00ed, odkud vych\u00e1zely t\u00f3ny t\u00e1hl\u00fdch melodi\u00ed rozlazen\u00e9 Jolany. Z vinohradsk\u00e9ho sklepa se \u010d\u00edm d\u00e1l \u010dast\u011bji p\u0159esouvali do nechvaln\u011b zn\u00e1m\u00fdch pra\u017esk\u00fdch klub\u016f a bar\u016f, kam si je p\u0159ich\u00e1zelo poslechnout \u010d\u00edm d\u00e1l t\u00edm v\u00edce lid\u00ed.<\/p>\n\n\n\n<p><strong><em><strong><em>Koncert prob\u011bhne 26. 6. od 17.30 hod. v&nbsp;open-air \u010d\u00e1sti V\u00fdstavi\u0161t\u011b u Skateplazy, vstupn\u00e9 je zdarma.<\/em><\/strong><\/em><\/strong><strong><em><strong><em><\/em><\/strong><\/em><\/strong><\/p>\n\n\n\n<p>**********<\/p>\n\n\n\n<div style=\"height:45px\" aria-hidden=\"true\" class=\"wp-block-spacer\"><\/div>\n\n\n<div class=\"wp-block-image\">\n<figure class=\"aligncenter size-large\"><img decoding=\"async\" src=\"https:\/\/celebrityhouse.cz\/wp-content\/uploads\/2024\/06\/DSC00002-1024x683.jpg\" alt=\"T\u0159et\u00ed s\u00e9rie letn\u00edch hudebn\u00edch z\u00e1\u017eitk\u016f startuje v\u00a0\u010dervnu pod \u0161ir\u00fdm nebem\" class=\"wp-image-8744\"\/><\/figure><\/div>\n\n\n<div style=\"height:45px\" aria-hidden=\"true\" class=\"wp-block-spacer\"><\/div>\n\n\n\n<h2 class=\"wp-block-heading\">Harr<\/h2>\n\n\n\n<div style=\"height:21px\" aria-hidden=\"true\" class=\"wp-block-spacer\"><\/div>\n\n\n\n<p>Za\u010d\u00e1tkem \u010dervence&nbsp;rozezn\u00ed Skateplazu kapela Harr, v jej\u00ed\u017e hudb\u011b se prol\u00ednaj\u00ed masivn\u00ed kytarov\u00e9 plochy a vok\u00e1ly s nezastavitelnou groovy rytmikou, \u010d\u00edm\u017e tvo\u0159\u00ed unik\u00e1tn\u00ed melancholickou j\u00edzdu ozv\u011bn. Na \u010desk\u00e9 hudebn\u00ed sc\u00e9n\u011b nejsou \u00fapln\u00fdmi nov\u00e1\u010dky. M\u016f\u017eete je zn\u00e1t z jin\u00fdch kapel, projekt\u016f nebo i kav\u00e1ren. Do jedn\u00e9 takov\u00e9, ve kter\u00e9 pra\u017e\u00ed k\u00e1vu Vlad Uskov, zn\u00e1m\u00fd z kapely February, chodil r\u00e1d Vutus, kter\u00fd si u\u017e dlouho schov\u00e1val p\u00edsni\u010dky do \u0161upl\u00edku a rozhodl se s&nbsp;nimi j\u00edt do sv\u011bta. Dal\u0161\u00ed \u0161\u0165astn\u00e1 n\u00e1hoda, setk\u00e1n\u00ed ve v\u00fdtahu Vutuse s Vojtou Pej\u0161ou z Manon Meurt, p\u0159ivedla dal\u0161\u00edho \u010dlena do kapely. \u010ctve\u0159ici doplnil buben\u00edk Tonda Proch\u00e1zka, kter\u00fd se zn\u00e1 s Vojtou z b\u00fdval\u00e9 kapely Amelie Siba a v sou\u010dasn\u00e9 dob\u011b je na nez\u00e1visl\u00e9 sc\u00e9n\u011b aktivn\u00ed p\u0159edev\u0161\u00edm s teepee.<\/p>\n\n\n\n<p><strong><em><strong><em>Koncert prob\u011bhne 3. 7. od 17.30 hod. v&nbsp;open-air \u010d\u00e1sti V\u00fdstavi\u0161t\u011b u Skateplazy, vstupn\u00e9 je zdarma.<\/em><\/strong><\/em><\/strong><strong><em><strong><em><\/em><\/strong><\/em><\/strong><\/p>\n\n\n\n<p>**********<\/p>\n\n\n\n<div style=\"height:45px\" aria-hidden=\"true\" class=\"wp-block-spacer\"><\/div>\n\n\n<div class=\"wp-block-image\">\n<figure class=\"aligncenter size-large\"><img decoding=\"async\" src=\"https:\/\/celebrityhouse.cz\/wp-content\/uploads\/2024\/06\/DSC09993-1024x683.jpg\" alt=\"T\u0159et\u00ed s\u00e9rie letn\u00edch hudebn\u00edch z\u00e1\u017eitk\u016f startuje v\u00a0\u010dervnu pod \u0161ir\u00fdm nebem\" class=\"wp-image-8740\"\/><\/figure><\/div>\n\n\n<div style=\"height:45px\" aria-hidden=\"true\" class=\"wp-block-spacer\"><\/div>\n\n\n\n<h2 class=\"wp-block-heading\">Mo\u0159e dn\u00ed&nbsp;<\/h2>\n\n\n\n<div style=\"height:21px\" aria-hidden=\"true\" class=\"wp-block-spacer\"><\/div>\n\n\n\n<p>P\u00edsni\u010dky (nejen) o l\u00e1sce a p\u0159\u00edb\u011bz\u00edch, kter\u00e9 k n\u00ed vedou. Nov\u00e1 ostravsk\u00e1 kapela v \u010dele s Marcynem Hamplem a Luk\u00e1\u0161em Luk\u00e1\u0161em je vystav\u011bn\u00e1 na z\u00e1kladech psychedelie a popov\u00e9ho p\u00edsni\u010dk\u00e1\u0159stv\u00ed. Kapela se ve sv\u00e9 tvorb\u011b inspirovala seri\u00e1lem Twin Peaks a \u010derp\u00e1 z vliv\u016f De\u017ea Ursinyho, skupiny Buty, kanadsk\u00e9ho p\u00edsni\u010dk\u00e1\u0159e Mac DeMarca nebo kapely The Brian Jonestown Massacre. Sestavu dopl\u0148uj\u00ed kytarista Marek Slonina, basistka Krist\u00fdna Krompolcov\u00e1, kl\u00e1vesista Kubo Hajduch a buben\u00edk Petr Nov\u00e1k. Kapela byla za\u0159azena \u010dasopisem Headliner mezi 50 nad\u011bj\u00ed \u010desk\u00e9 hudby a ozna\u010dena za objev nez\u00e1visl\u00e9 sc\u00e9ny.<\/p>\n\n\n\n<p><strong><em><strong><em>Koncert prob\u011bhne 17. 7. od 17.30 hod. v&nbsp;open-air \u010d\u00e1sti V\u00fdstavi\u0161t\u011b u Skateplazy, vstupn\u00e9 je zdarma.<\/em><\/strong><\/em><\/strong><strong><em><strong><em><\/em><\/strong><\/em><\/strong><\/p>\n\n\n\n<p>**********<\/p>\n\n\n\n<div style=\"height:45px\" aria-hidden=\"true\" class=\"wp-block-spacer\"><\/div>\n\n\n<div class=\"wp-block-image\">\n<figure class=\"aligncenter size-large\"><img decoding=\"async\" src=\"https:\/\/celebrityhouse.cz\/wp-content\/uploads\/2024\/06\/DSC09048-1024x683.jpg\" alt=\"T\u0159et\u00ed s\u00e9rie letn\u00edch hudebn\u00edch z\u00e1\u017eitk\u016f startuje v\u00a0\u010dervnu pod \u0161ir\u00fdm nebem\" class=\"wp-image-8736\"\/><\/figure><\/div>\n\n\n<div style=\"height:45px\" aria-hidden=\"true\" class=\"wp-block-spacer\"><\/div>\n\n\n\n<h2 class=\"wp-block-heading\">Elma<\/h2>\n\n\n\n<div style=\"height:21px\" aria-hidden=\"true\" class=\"wp-block-spacer\"><\/div>\n\n\n\n<p>ELMA je um\u011bleck\u00fd pseudonym mlad\u00e9 texta\u0159ky a zp\u011bva\u010dky Eli\u0161ky Markov\u00e9 z mal\u00e9 vesnice u Chlumce nad Cidlinou, kter\u00e1 v sou\u010dasn\u00e9 dob\u011b bydl\u00ed ve Velk\u00e9 Brit\u00e1nii. Pod sv\u00fdm um\u011bleck\u00fdm jm\u00e9nem p\u016fsob\u00ed od roku 2022, kdy debutovala \u00edp\u00ed\u010dkem Roller Coaster, kter\u00e9 obsahuje \u010dty\u0159i singly. Loni na n\u011bj nav\u00e1zala dv\u011bma singly. Jedn\u00edm z nich, p\u00edsni\u010dkou When Will It End, kter\u00e1 se pitv\u00e1 ve sm\u011bsici pocit\u016f, co zbydou po zlomen\u00e9m srdci, zaujala i ve Start\u00e9ru R\u00e1dia Wave. V textech ELMA \u010derp\u00e1 ze sv\u00fdch osobn\u00edch pro\u017eitk\u016f, zku\u0161enost\u00ed a emoc\u00ed. Ale jak sama \u0159\u00edk\u00e1, nejlep\u0161\u00ed texty, kter\u00e9 napsala, jsou ty, o nich\u017e nep\u0159em\u00fd\u0161lela, ale kter\u00e9 <em>\u201ep\u0159i\u0161ly k&nbsp;n\u00ed\u201c<\/em>. A jej\u00edmu up\u0159\u00edmn\u00e9mu, otev\u0159en\u00e9mu a v n\u011b\u010dem a\u017e k\u0159ehk\u00e9mu projevu to slu\u0161\u00ed. Zkr\u00e1tka, od t\u00e9to talentovan\u00e9 hudebnice se je\u0161t\u011b m\u016f\u017eeme do\u010dkat hodn\u011b zaj\u00edmav\u00e9 muziky. U\u017e t\u0159eba letos na ja\u0159e, kdy hodl\u00e1 vydat nov\u00fd singl Dress Me Up.<\/p>\n\n\n\n<p><strong><em><strong><em>Koncert prob\u011bhne 14. 8. od 17.30 hod. v&nbsp;open-air \u010d\u00e1sti V\u00fdstavi\u0161t\u011b u Skateplazy, vstupn\u00e9 je zdarma.<\/em><\/strong><\/em><\/strong><strong><em><strong><em><\/em><\/strong><\/em><\/strong><\/p>\n\n\n\n<p>**********<\/p>\n\n\n\n<div style=\"height:45px\" aria-hidden=\"true\" class=\"wp-block-spacer\"><\/div>\n\n\n<div class=\"wp-block-image\">\n<figure class=\"aligncenter size-large\"><img decoding=\"async\" src=\"https:\/\/celebrityhouse.cz\/wp-content\/uploads\/2024\/06\/LBA00607-1024x683.jpg\" alt=\"T\u0159et\u00ed s\u00e9rie letn\u00edch hudebn\u00edch z\u00e1\u017eitk\u016f startuje v\u00a0\u010dervnu pod \u0161ir\u00fdm nebem\" class=\"wp-image-8738\"\/><\/figure><\/div>\n\n\n<div style=\"height:45px\" aria-hidden=\"true\" class=\"wp-block-spacer\"><\/div>\n\n\n\n<h2 class=\"wp-block-heading\">Kaya&nbsp;+&nbsp;Oiee&nbsp;<\/h2>\n\n\n\n<div style=\"height:21px\" aria-hidden=\"true\" class=\"wp-block-spacer\"><\/div>\n\n\n\n<p>S&nbsp;l\u00e9tem a t\u0159et\u00ed s\u00e9ri\u00ed koncert\u016f talentovan\u00fdch um\u011blc\u016f Check it na V\u00fdstavi\u0161ti se rozlou\u010d\u00edme 4. z\u00e1\u0159\u00ed&nbsp;dvojkoncertem. Mladi\u010dk\u00e1 Kaya se stala nejmlad\u0161\u00ed \u010deskou a slovenskou interpretkou um\u00edst\u011bnou na ob\u0159\u00ed billboardovou plochu na Time Square v New Yorku. A vy ji m\u016f\u017eete vid\u011bt na V\u00fdstavi\u0161ti. OIEE je barevn\u00fd elektronick\u00fd s\u00f3lov\u00fd projekt Bence Kocsis zah\u00e1jen\u00fd v roce 2019. Bence je zn\u00e1m\u00e9 jm\u00e9no na ma\u010farsk\u00e9 undergroundov\u00e9 hudebn\u00ed sc\u00e9n\u011b.<\/p>\n\n\n\n<p><strong><em><strong><em>Koncert prob\u011bhne 4. 9. od 17.30 hod. v&nbsp;open-air \u010d\u00e1sti V\u00fdstavi\u0161t\u011b u Skateplazy, vstupn\u00e9 je zdarma.<\/em><\/strong><\/em><\/strong><strong><em><strong><em><\/em><\/strong><\/em><\/strong><\/p>\n\n\n\n<p>**********<\/p>\n\n\n\n<div style=\"height:45px\" aria-hidden=\"true\" class=\"wp-block-spacer\"><\/div>\n\n\n<div class=\"wp-block-image\">\n<figure class=\"aligncenter size-large\"><img decoding=\"async\" src=\"https:\/\/celebrityhouse.cz\/wp-content\/uploads\/2024\/06\/vystavistekoncertVyktoryja-99-1024x683.jpg\" alt=\"T\u0159et\u00ed s\u00e9rie letn\u00edch hudebn\u00edch z\u00e1\u017eitk\u016f startuje v\u00a0\u010dervnu pod \u0161ir\u00fdm nebem\" class=\"wp-image-8735\"\/><\/figure><\/div>\n\n\n<div style=\"height:45px\" aria-hidden=\"true\" class=\"wp-block-spacer\"><\/div>\n\n\n\n<p><strong>Kudy na V\u00fdstavi\u0161t\u011b ke Skateplaze:<\/strong>&nbsp;Nejl\u00e9pe se k n\u00e1m dostanete od tramvaje parkem Stromovka vstupem u Bruselsk\u00e9 br\u00e1ny, Bistra No. 2 nebo br\u00e1nou vedle fitness a workout h\u0159i\u0161t\u011b. P\u0159ij\u010fte i s d\u011btmi \u010di \u010dty\u0159noh\u00fdmi mazl\u00ed\u010dky. D\u011bti nech\u00e1te vy\u0159\u00e1dit na p\u0159ilehl\u00e9m d\u011btsk\u00e9m h\u0159i\u0161ti a s pejsky se m\u016f\u017eete proj\u00edt po are\u00e1lu.<\/p>\n\n\n\n<p>V\u00edce na: <a href=\"http:\/\/www.navystavisti.cz\"><u>www.navystavisti.cz<\/u><\/a>&nbsp;&nbsp;&nbsp;<\/p>\n\n\n\n<div style=\"height:45px\" aria-hidden=\"true\" class=\"wp-block-spacer\"><\/div>\n\n\n\n<figure class=\"wp-block-gallery has-nested-images columns-2 is-cropped wp-block-gallery-1 is-layout-flex wp-block-gallery-is-layout-flex\">\n<figure class=\"wp-block-image size-large\"><img decoding=\"async\" loading=\"lazy\" width=\"1024\" height=\"683\" data-id=\"6291\" src=\"https:\/\/hotelhouse.cz\/wp-content\/uploads\/2024\/06\/DSC09958-1024x683.jpg\" alt=\"T\u0159et\u00ed s\u00e9rie letn\u00edch hudebn\u00edch z\u00e1\u017eitk\u016f startuje v\u00a0\u010dervnu pod \u0161ir\u00fdm nebem\" class=\"wp-image-6291\" srcset=\"https:\/\/hotelhouse.cz\/wp-content\/uploads\/2024\/06\/DSC09958-1024x683.jpg 1024w, https:\/\/hotelhouse.cz\/wp-content\/uploads\/2024\/06\/DSC09958-300x200.jpg 300w, https:\/\/hotelhouse.cz\/wp-content\/uploads\/2024\/06\/DSC09958-768x512.jpg 768w, https:\/\/hotelhouse.cz\/wp-content\/uploads\/2024\/06\/DSC09958-1536x1024.jpg 1536w, https:\/\/hotelhouse.cz\/wp-content\/uploads\/2024\/06\/DSC09958-2048x1365.jpg 2048w\" sizes=\"(max-width: 1024px) 100vw, 1024px\" \/><\/figure>\n\n\n\n<figure class=\"wp-block-image size-large\"><img decoding=\"async\" loading=\"lazy\" width=\"1024\" height=\"683\" data-id=\"6289\" src=\"https:\/\/hotelhouse.cz\/wp-content\/uploads\/2024\/06\/DSC08864-1024x683.jpg\" alt=\"T\u0159et\u00ed s\u00e9rie letn\u00edch hudebn\u00edch z\u00e1\u017eitk\u016f startuje v\u00a0\u010dervnu pod \u0161ir\u00fdm nebem\" class=\"wp-image-6289\" srcset=\"https:\/\/hotelhouse.cz\/wp-content\/uploads\/2024\/06\/DSC08864-1024x683.jpg 1024w, https:\/\/hotelhouse.cz\/wp-content\/uploads\/2024\/06\/DSC08864-300x200.jpg 300w, https:\/\/hotelhouse.cz\/wp-content\/uploads\/2024\/06\/DSC08864-768x512.jpg 768w, https:\/\/hotelhouse.cz\/wp-content\/uploads\/2024\/06\/DSC08864-1536x1024.jpg 1536w, https:\/\/hotelhouse.cz\/wp-content\/uploads\/2024\/06\/DSC08864-2048x1365.jpg 2048w\" sizes=\"(max-width: 1024px) 100vw, 1024px\" \/><\/figure>\n\n\n\n<figure class=\"wp-block-image size-large\"><img decoding=\"async\" loading=\"lazy\" width=\"1024\" height=\"683\" data-id=\"6290\" src=\"https:\/\/hotelhouse.cz\/wp-content\/uploads\/2024\/06\/DSC00002-1024x683.jpg\" alt=\"T\u0159et\u00ed s\u00e9rie letn\u00edch hudebn\u00edch z\u00e1\u017eitk\u016f startuje v\u00a0\u010dervnu pod \u0161ir\u00fdm nebem\" class=\"wp-image-6290\" srcset=\"https:\/\/hotelhouse.cz\/wp-content\/uploads\/2024\/06\/DSC00002-1024x683.jpg 1024w, https:\/\/hotelhouse.cz\/wp-content\/uploads\/2024\/06\/DSC00002-300x200.jpg 300w, https:\/\/hotelhouse.cz\/wp-content\/uploads\/2024\/06\/DSC00002-768x512.jpg 768w, https:\/\/hotelhouse.cz\/wp-content\/uploads\/2024\/06\/DSC00002-1536x1024.jpg 1536w, https:\/\/hotelhouse.cz\/wp-content\/uploads\/2024\/06\/DSC00002-2048x1365.jpg 2048w\" sizes=\"(max-width: 1024px) 100vw, 1024px\" \/><\/figure>\n\n\n\n<figure class=\"wp-block-image size-large\"><img decoding=\"async\" loading=\"lazy\" width=\"1024\" height=\"683\" data-id=\"6288\" src=\"https:\/\/hotelhouse.cz\/wp-content\/uploads\/2024\/06\/DSC09993-1024x683.jpg\" alt=\"T\u0159et\u00ed s\u00e9rie letn\u00edch hudebn\u00edch z\u00e1\u017eitk\u016f startuje v\u00a0\u010dervnu pod \u0161ir\u00fdm nebem\" class=\"wp-image-6288\" srcset=\"https:\/\/hotelhouse.cz\/wp-content\/uploads\/2024\/06\/DSC09993-1024x683.jpg 1024w, https:\/\/hotelhouse.cz\/wp-content\/uploads\/2024\/06\/DSC09993-300x200.jpg 300w, https:\/\/hotelhouse.cz\/wp-content\/uploads\/2024\/06\/DSC09993-768x512.jpg 768w, https:\/\/hotelhouse.cz\/wp-content\/uploads\/2024\/06\/DSC09993-1536x1024.jpg 1536w, https:\/\/hotelhouse.cz\/wp-content\/uploads\/2024\/06\/DSC09993-2048x1365.jpg 2048w\" sizes=\"(max-width: 1024px) 100vw, 1024px\" \/><\/figure>\n\n\n\n<figure class=\"wp-block-image size-large\"><img decoding=\"async\" loading=\"lazy\" width=\"1024\" height=\"683\" data-id=\"6287\" src=\"https:\/\/hotelhouse.cz\/wp-content\/uploads\/2024\/06\/DSC09968-1024x683.jpg\" alt=\"T\u0159et\u00ed s\u00e9rie letn\u00edch hudebn\u00edch z\u00e1\u017eitk\u016f startuje v\u00a0\u010dervnu pod \u0161ir\u00fdm nebem\" class=\"wp-image-6287\" srcset=\"https:\/\/hotelhouse.cz\/wp-content\/uploads\/2024\/06\/DSC09968-1024x683.jpg 1024w, https:\/\/hotelhouse.cz\/wp-content\/uploads\/2024\/06\/DSC09968-300x200.jpg 300w, https:\/\/hotelhouse.cz\/wp-content\/uploads\/2024\/06\/DSC09968-768x512.jpg 768w, https:\/\/hotelhouse.cz\/wp-content\/uploads\/2024\/06\/DSC09968-1536x1024.jpg 1536w, https:\/\/hotelhouse.cz\/wp-content\/uploads\/2024\/06\/DSC09968-2048x1365.jpg 2048w\" sizes=\"(max-width: 1024px) 100vw, 1024px\" \/><\/figure>\n\n\n\n<figure class=\"wp-block-image size-large\"><img decoding=\"async\" loading=\"lazy\" width=\"1024\" height=\"683\" data-id=\"6286\" src=\"https:\/\/hotelhouse.cz\/wp-content\/uploads\/2024\/06\/vystavistekoncertVyktoryja-34-1024x683.jpg\" alt=\"T\u0159et\u00ed s\u00e9rie letn\u00edch hudebn\u00edch z\u00e1\u017eitk\u016f startuje v\u00a0\u010dervnu pod \u0161ir\u00fdm nebem\" class=\"wp-image-6286\" srcset=\"https:\/\/hotelhouse.cz\/wp-content\/uploads\/2024\/06\/vystavistekoncertVyktoryja-34-1024x683.jpg 1024w, https:\/\/hotelhouse.cz\/wp-content\/uploads\/2024\/06\/vystavistekoncertVyktoryja-34-300x200.jpg 300w, https:\/\/hotelhouse.cz\/wp-content\/uploads\/2024\/06\/vystavistekoncertVyktoryja-34-768x512.jpg 768w, https:\/\/hotelhouse.cz\/wp-content\/uploads\/2024\/06\/vystavistekoncertVyktoryja-34-1536x1024.jpg 1536w, https:\/\/hotelhouse.cz\/wp-content\/uploads\/2024\/06\/vystavistekoncertVyktoryja-34-2048x1365.jpg 2048w\" sizes=\"(max-width: 1024px) 100vw, 1024px\" \/><\/figure>\n\n\n\n<figure class=\"wp-block-image size-large\"><img decoding=\"async\" loading=\"lazy\" width=\"1024\" height=\"644\" data-id=\"6285\" src=\"https:\/\/hotelhouse.cz\/wp-content\/uploads\/2024\/06\/vystavistekoncertVyktoryja-46-1024x644.jpg\" alt=\"T\u0159et\u00ed s\u00e9rie letn\u00edch hudebn\u00edch z\u00e1\u017eitk\u016f startuje v\u00a0\u010dervnu pod \u0161ir\u00fdm nebem\" class=\"wp-image-6285\" srcset=\"https:\/\/hotelhouse.cz\/wp-content\/uploads\/2024\/06\/vystavistekoncertVyktoryja-46-1024x644.jpg 1024w, https:\/\/hotelhouse.cz\/wp-content\/uploads\/2024\/06\/vystavistekoncertVyktoryja-46-300x189.jpg 300w, https:\/\/hotelhouse.cz\/wp-content\/uploads\/2024\/06\/vystavistekoncertVyktoryja-46-768x483.jpg 768w, https:\/\/hotelhouse.cz\/wp-content\/uploads\/2024\/06\/vystavistekoncertVyktoryja-46-1536x966.jpg 1536w, https:\/\/hotelhouse.cz\/wp-content\/uploads\/2024\/06\/vystavistekoncertVyktoryja-46-2048x1288.jpg 2048w\" sizes=\"(max-width: 1024px) 100vw, 1024px\" \/><\/figure>\n\n\n\n<figure class=\"wp-block-image size-large\"><img decoding=\"async\" loading=\"lazy\" width=\"1024\" height=\"683\" data-id=\"6284\" src=\"https:\/\/hotelhouse.cz\/wp-content\/uploads\/2024\/06\/LBA00607-1024x683.jpg\" alt=\"T\u0159et\u00ed s\u00e9rie letn\u00edch hudebn\u00edch z\u00e1\u017eitk\u016f startuje v\u00a0\u010dervnu pod \u0161ir\u00fdm nebem\" class=\"wp-image-6284\" srcset=\"https:\/\/hotelhouse.cz\/wp-content\/uploads\/2024\/06\/LBA00607-1024x683.jpg 1024w, https:\/\/hotelhouse.cz\/wp-content\/uploads\/2024\/06\/LBA00607-300x200.jpg 300w, https:\/\/hotelhouse.cz\/wp-content\/uploads\/2024\/06\/LBA00607-768x512.jpg 768w, https:\/\/hotelhouse.cz\/wp-content\/uploads\/2024\/06\/LBA00607-1536x1024.jpg 1536w, https:\/\/hotelhouse.cz\/wp-content\/uploads\/2024\/06\/LBA00607-2048x1365.jpg 2048w\" sizes=\"(max-width: 1024px) 100vw, 1024px\" \/><\/figure>\n\n\n\n<figure class=\"wp-block-image size-large\"><img decoding=\"async\" loading=\"lazy\" width=\"1024\" height=\"683\" data-id=\"6282\" src=\"https:\/\/hotelhouse.cz\/wp-content\/uploads\/2024\/06\/vystavistekoncertVyktoryja-99-1024x683.jpg\" alt=\"T\u0159et\u00ed s\u00e9rie letn\u00edch hudebn\u00edch z\u00e1\u017eitk\u016f startuje v\u00a0\u010dervnu pod \u0161ir\u00fdm nebem\" class=\"wp-image-6282\" srcset=\"https:\/\/hotelhouse.cz\/wp-content\/uploads\/2024\/06\/vystavistekoncertVyktoryja-99-1024x683.jpg 1024w, https:\/\/hotelhouse.cz\/wp-content\/uploads\/2024\/06\/vystavistekoncertVyktoryja-99-300x200.jpg 300w, https:\/\/hotelhouse.cz\/wp-content\/uploads\/2024\/06\/vystavistekoncertVyktoryja-99-768x512.jpg 768w, https:\/\/hotelhouse.cz\/wp-content\/uploads\/2024\/06\/vystavistekoncertVyktoryja-99-1536x1024.jpg 1536w, https:\/\/hotelhouse.cz\/wp-content\/uploads\/2024\/06\/vystavistekoncertVyktoryja-99-2048x1365.jpg 2048w\" sizes=\"(max-width: 1024px) 100vw, 1024px\" \/><\/figure>\n\n\n\n<figure class=\"wp-block-image size-large\"><img decoding=\"async\" loading=\"lazy\" width=\"1024\" height=\"683\" data-id=\"6283\" src=\"https:\/\/hotelhouse.cz\/wp-content\/uploads\/2024\/06\/DSC09048-1024x683.jpg\" alt=\"T\u0159et\u00ed s\u00e9rie letn\u00edch hudebn\u00edch z\u00e1\u017eitk\u016f startuje v\u00a0\u010dervnu pod \u0161ir\u00fdm nebem\" class=\"wp-image-6283\" srcset=\"https:\/\/hotelhouse.cz\/wp-content\/uploads\/2024\/06\/DSC09048-1024x683.jpg 1024w, https:\/\/hotelhouse.cz\/wp-content\/uploads\/2024\/06\/DSC09048-300x200.jpg 300w, https:\/\/hotelhouse.cz\/wp-content\/uploads\/2024\/06\/DSC09048-768x512.jpg 768w, https:\/\/hotelhouse.cz\/wp-content\/uploads\/2024\/06\/DSC09048-1536x1024.jpg 1536w, https:\/\/hotelhouse.cz\/wp-content\/uploads\/2024\/06\/DSC09048-2048x1365.jpg 2048w\" sizes=\"(max-width: 1024px) 100vw, 1024px\" \/><\/figure>\n\n\n\n<figure class=\"wp-block-image size-large\"><img decoding=\"async\" loading=\"lazy\" width=\"1024\" height=\"683\" data-id=\"6280\" src=\"https:\/\/hotelhouse.cz\/wp-content\/uploads\/2024\/06\/DSC08885-1024x683.jpg\" alt=\"T\u0159et\u00ed s\u00e9rie letn\u00edch hudebn\u00edch z\u00e1\u017eitk\u016f startuje v\u00a0\u010dervnu pod \u0161ir\u00fdm nebem\" class=\"wp-image-6280\" srcset=\"https:\/\/hotelhouse.cz\/wp-content\/uploads\/2024\/06\/DSC08885-1024x683.jpg 1024w, https:\/\/hotelhouse.cz\/wp-content\/uploads\/2024\/06\/DSC08885-300x200.jpg 300w, https:\/\/hotelhouse.cz\/wp-content\/uploads\/2024\/06\/DSC08885-768x512.jpg 768w, https:\/\/hotelhouse.cz\/wp-content\/uploads\/2024\/06\/DSC08885-1536x1024.jpg 1536w, https:\/\/hotelhouse.cz\/wp-content\/uploads\/2024\/06\/DSC08885-2048x1365.jpg 2048w\" sizes=\"(max-width: 1024px) 100vw, 1024px\" \/><\/figure>\n\n\n\n<figure class=\"wp-block-image size-large\"><img decoding=\"async\" loading=\"lazy\" width=\"1024\" height=\"683\" data-id=\"6281\" src=\"https:\/\/hotelhouse.cz\/wp-content\/uploads\/2024\/06\/vystavistekoncertVyktoryja-53-1024x683.jpg\" alt=\"T\u0159et\u00ed s\u00e9rie letn\u00edch hudebn\u00edch z\u00e1\u017eitk\u016f startuje v\u00a0\u010dervnu pod \u0161ir\u00fdm nebem\" class=\"wp-image-6281\" srcset=\"https:\/\/hotelhouse.cz\/wp-content\/uploads\/2024\/06\/vystavistekoncertVyktoryja-53-1024x683.jpg 1024w, https:\/\/hotelhouse.cz\/wp-content\/uploads\/2024\/06\/vystavistekoncertVyktoryja-53-300x200.jpg 300w, https:\/\/hotelhouse.cz\/wp-content\/uploads\/2024\/06\/vystavistekoncertVyktoryja-53-768x512.jpg 768w, https:\/\/hotelhouse.cz\/wp-content\/uploads\/2024\/06\/vystavistekoncertVyktoryja-53-1536x1024.jpg 1536w, https:\/\/hotelhouse.cz\/wp-content\/uploads\/2024\/06\/vystavistekoncertVyktoryja-53-2048x1365.jpg 2048w\" sizes=\"(max-width: 1024px) 100vw, 1024px\" \/><\/figure>\n\n\n\n<figure class=\"wp-block-image size-large\"><img decoding=\"async\" loading=\"lazy\" width=\"1024\" height=\"683\" data-id=\"6279\" src=\"https:\/\/hotelhouse.cz\/wp-content\/uploads\/2024\/06\/LBA00628-1024x683.jpg\" alt=\"T\u0159et\u00ed s\u00e9rie letn\u00edch hudebn\u00edch z\u00e1\u017eitk\u016f startuje v\u00a0\u010dervnu pod \u0161ir\u00fdm nebem\" class=\"wp-image-6279\" srcset=\"https:\/\/hotelhouse.cz\/wp-content\/uploads\/2024\/06\/LBA00628-1024x683.jpg 1024w, https:\/\/hotelhouse.cz\/wp-content\/uploads\/2024\/06\/LBA00628-300x200.jpg 300w, https:\/\/hotelhouse.cz\/wp-content\/uploads\/2024\/06\/LBA00628-768x512.jpg 768w, https:\/\/hotelhouse.cz\/wp-content\/uploads\/2024\/06\/LBA00628-1536x1024.jpg 1536w, https:\/\/hotelhouse.cz\/wp-content\/uploads\/2024\/06\/LBA00628-2048x1365.jpg 2048w\" sizes=\"(max-width: 1024px) 100vw, 1024px\" \/><\/figure>\n\n\n\n<figure class=\"wp-block-image size-large\"><img decoding=\"async\" loading=\"lazy\" width=\"1024\" height=\"683\" data-id=\"6277\" src=\"https:\/\/hotelhouse.cz\/wp-content\/uploads\/2024\/06\/DSC09006-1024x683.jpg\" alt=\"T\u0159et\u00ed s\u00e9rie letn\u00edch hudebn\u00edch z\u00e1\u017eitk\u016f startuje v\u00a0\u010dervnu pod \u0161ir\u00fdm nebem\" class=\"wp-image-6277\" srcset=\"https:\/\/hotelhouse.cz\/wp-content\/uploads\/2024\/06\/DSC09006-1024x683.jpg 1024w, https:\/\/hotelhouse.cz\/wp-content\/uploads\/2024\/06\/DSC09006-300x200.jpg 300w, https:\/\/hotelhouse.cz\/wp-content\/uploads\/2024\/06\/DSC09006-768x512.jpg 768w, https:\/\/hotelhouse.cz\/wp-content\/uploads\/2024\/06\/DSC09006.jpg 1500w\" sizes=\"(max-width: 1024px) 100vw, 1024px\" \/><\/figure>\n\n\n\n<figure class=\"wp-block-image size-large\"><img decoding=\"async\" loading=\"lazy\" width=\"1024\" height=\"683\" data-id=\"6278\" src=\"https:\/\/hotelhouse.cz\/wp-content\/uploads\/2024\/06\/DSC09028-1024x683.jpg\" alt=\"T\u0159et\u00ed s\u00e9rie letn\u00edch hudebn\u00edch z\u00e1\u017eitk\u016f startuje v\u00a0\u010dervnu pod \u0161ir\u00fdm nebem\" class=\"wp-image-6278\" srcset=\"https:\/\/hotelhouse.cz\/wp-content\/uploads\/2024\/06\/DSC09028-1024x683.jpg 1024w, https:\/\/hotelhouse.cz\/wp-content\/uploads\/2024\/06\/DSC09028-300x200.jpg 300w, https:\/\/hotelhouse.cz\/wp-content\/uploads\/2024\/06\/DSC09028-768x512.jpg 768w, https:\/\/hotelhouse.cz\/wp-content\/uploads\/2024\/06\/DSC09028.jpg 1500w\" sizes=\"(max-width: 1024px) 100vw, 1024px\" \/><\/figure>\n<\/figure>\n\n\n\n<div style=\"height:45px\" aria-hidden=\"true\" class=\"wp-block-spacer\"><\/div>\n\n\n\n<p><strong><strong>Zdroj foto<\/strong>:<\/strong> Na V\u00fdstavi\u0161ti<\/p>\n\n\n\n<div style=\"height:45px\" aria-hidden=\"true\" class=\"wp-block-spacer\"><\/div>\n","protected":false},"excerpt":{"rendered":"<p>Praha, \u010derven 2024 \u2013 L\u00e9to na V\u00fdstavi\u0161ti bude i letos pat\u0159it nad\u011bjn\u00fdm hudebn\u00edm talent\u016fm tuzemsk\u00e9 sc\u00e9ny, kte\u0159\u00ed se p\u0159edstav\u00ed b\u011bhem t\u0159et\u00ed s\u00e9rie venkovn\u00edch koncert\u016f Check it. Od \u010dervna do z\u00e1\u0159\u00ed si tak budou moci&#46;&#46;&#46;<\/p>\n","protected":false},"author":6,"featured_media":6277,"comment_status":"closed","ping_status":"closed","sticky":false,"template":"","format":"standard","meta":{"_monsterinsights_skip_tracking":false,"_monsterinsights_sitenote_active":false,"_monsterinsights_sitenote_note":"","_monsterinsights_sitenote_category":0,"footnotes":""},"categories":[15,2],"tags":[],"yoast_head":"<!-- This site is optimized with the Yoast SEO plugin v21.5 - https:\/\/yoast.com\/wordpress\/plugins\/seo\/ -->\n<title>T\u0159et\u00ed s\u00e9rie letn\u00edch hudebn\u00edch z\u00e1\u017eitk\u016f startuje v\u00a0\u010dervnu pod \u0161ir\u00fdm nebem - HOTELHOUSE.cz<\/title>\n<meta name=\"description\" content=\"L\u00e9to na V\u00fdstavi\u0161ti bude i letos pat\u0159it nad\u011bjn\u00fdm hudebn\u00edm talent\u016fm tuzemsk\u00e9 sc\u00e9ny, kte\u0159\u00ed se p\u0159edstav\u00ed b\u011bhem t\u0159et\u00ed s\u00e9rie venkovn\u00edch koncert\u016f.\" \/>\n<meta name=\"robots\" content=\"index, follow, max-snippet:-1, max-image-preview:large, max-video-preview:-1\" \/>\n<link rel=\"canonical\" href=\"https:\/\/hotelhouse.cz\/index.php\/2024\/06\/11\/treti-serie-letnich-hudebnich-zazitku-startuje-v-cervnu-pod-sirym-nebem\/\" \/>\n<meta property=\"og:locale\" content=\"cs_CZ\" \/>\n<meta property=\"og:type\" content=\"article\" \/>\n<meta property=\"og:title\" content=\"T\u0159et\u00ed s\u00e9rie letn\u00edch hudebn\u00edch z\u00e1\u017eitk\u016f startuje v\u00a0\u010dervnu pod \u0161ir\u00fdm nebem - HOTELHOUSE.cz\" \/>\n<meta property=\"og:description\" content=\"L\u00e9to na V\u00fdstavi\u0161ti bude i letos pat\u0159it nad\u011bjn\u00fdm hudebn\u00edm talent\u016fm tuzemsk\u00e9 sc\u00e9ny, kte\u0159\u00ed se p\u0159edstav\u00ed b\u011bhem t\u0159et\u00ed s\u00e9rie venkovn\u00edch koncert\u016f.\" \/>\n<meta property=\"og:url\" content=\"https:\/\/hotelhouse.cz\/index.php\/2024\/06\/11\/treti-serie-letnich-hudebnich-zazitku-startuje-v-cervnu-pod-sirym-nebem\/\" \/>\n<meta property=\"og:site_name\" content=\"HOTELHOUSE.cz\" \/>\n<meta property=\"article:published_time\" content=\"2024-06-10T22:01:00+00:00\" \/>\n<meta property=\"article:modified_time\" content=\"2024-06-11T00:56:43+00:00\" \/>\n<meta property=\"og:image\" content=\"https:\/\/hotelhouse.cz\/wp-content\/uploads\/2024\/06\/DSC09006.jpg\" \/>\n\t<meta property=\"og:image:width\" content=\"1500\" \/>\n\t<meta property=\"og:image:height\" content=\"1000\" \/>\n\t<meta property=\"og:image:type\" content=\"image\/jpeg\" \/>\n<meta name=\"author\" content=\"Jordana Pechov\u00e1\" \/>\n<meta name=\"twitter:card\" content=\"summary_large_image\" \/>\n<meta name=\"twitter:label1\" content=\"Napsal(a)\" \/>\n\t<meta name=\"twitter:data1\" content=\"Jordana Pechov\u00e1\" \/>\n\t<meta name=\"twitter:label2\" content=\"Odhadovan\u00e1 doba \u010dten\u00ed\" \/>\n\t<meta name=\"twitter:data2\" content=\"10 minut\" \/>\n<script type=\"application\/ld+json\" class=\"yoast-schema-graph\">{\"@context\":\"https:\/\/schema.org\",\"@graph\":[{\"@type\":\"Article\",\"@id\":\"https:\/\/hotelhouse.cz\/index.php\/2024\/06\/11\/treti-serie-letnich-hudebnich-zazitku-startuje-v-cervnu-pod-sirym-nebem\/#article\",\"isPartOf\":{\"@id\":\"https:\/\/hotelhouse.cz\/index.php\/2024\/06\/11\/treti-serie-letnich-hudebnich-zazitku-startuje-v-cervnu-pod-sirym-nebem\/\"},\"author\":{\"name\":\"Jordana Pechov\u00e1\",\"@id\":\"https:\/\/hotelhouse.cz\/#\/schema\/person\/04a07c8edd47cde8c2fb8cb4254655aa\"},\"headline\":\"T\u0159et\u00ed s\u00e9rie letn\u00edch hudebn\u00edch z\u00e1\u017eitk\u016f startuje v\u00a0\u010dervnu pod \u0161ir\u00fdm nebem\",\"datePublished\":\"2024-06-10T22:01:00+00:00\",\"dateModified\":\"2024-06-11T00:56:43+00:00\",\"mainEntityOfPage\":{\"@id\":\"https:\/\/hotelhouse.cz\/index.php\/2024\/06\/11\/treti-serie-letnich-hudebnich-zazitku-startuje-v-cervnu-pod-sirym-nebem\/\"},\"wordCount\":1340,\"publisher\":{\"@id\":\"https:\/\/hotelhouse.cz\/#organization\"},\"articleSection\":[\"FOTOREPORTY\",\"NEWS\"],\"inLanguage\":\"cs\"},{\"@type\":\"WebPage\",\"@id\":\"https:\/\/hotelhouse.cz\/index.php\/2024\/06\/11\/treti-serie-letnich-hudebnich-zazitku-startuje-v-cervnu-pod-sirym-nebem\/\",\"url\":\"https:\/\/hotelhouse.cz\/index.php\/2024\/06\/11\/treti-serie-letnich-hudebnich-zazitku-startuje-v-cervnu-pod-sirym-nebem\/\",\"name\":\"T\u0159et\u00ed s\u00e9rie letn\u00edch hudebn\u00edch z\u00e1\u017eitk\u016f startuje v\u00a0\u010dervnu pod \u0161ir\u00fdm nebem - HOTELHOUSE.cz\",\"isPartOf\":{\"@id\":\"https:\/\/hotelhouse.cz\/#website\"},\"datePublished\":\"2024-06-10T22:01:00+00:00\",\"dateModified\":\"2024-06-11T00:56:43+00:00\",\"description\":\"L\u00e9to na V\u00fdstavi\u0161ti bude i letos pat\u0159it nad\u011bjn\u00fdm hudebn\u00edm talent\u016fm tuzemsk\u00e9 sc\u00e9ny, kte\u0159\u00ed se p\u0159edstav\u00ed b\u011bhem t\u0159et\u00ed s\u00e9rie venkovn\u00edch koncert\u016f.\",\"breadcrumb\":{\"@id\":\"https:\/\/hotelhouse.cz\/index.php\/2024\/06\/11\/treti-serie-letnich-hudebnich-zazitku-startuje-v-cervnu-pod-sirym-nebem\/#breadcrumb\"},\"inLanguage\":\"cs\",\"potentialAction\":[{\"@type\":\"ReadAction\",\"target\":[\"https:\/\/hotelhouse.cz\/index.php\/2024\/06\/11\/treti-serie-letnich-hudebnich-zazitku-startuje-v-cervnu-pod-sirym-nebem\/\"]}]},{\"@type\":\"BreadcrumbList\",\"@id\":\"https:\/\/hotelhouse.cz\/index.php\/2024\/06\/11\/treti-serie-letnich-hudebnich-zazitku-startuje-v-cervnu-pod-sirym-nebem\/#breadcrumb\",\"itemListElement\":[{\"@type\":\"ListItem\",\"position\":1,\"name\":\"Dom\u016f\",\"item\":\"https:\/\/hotelhouse.cz\/\"},{\"@type\":\"ListItem\",\"position\":2,\"name\":\"T\u0159et\u00ed s\u00e9rie letn\u00edch hudebn\u00edch z\u00e1\u017eitk\u016f startuje v\u00a0\u010dervnu pod \u0161ir\u00fdm nebem\"}]},{\"@type\":\"WebSite\",\"@id\":\"https:\/\/hotelhouse.cz\/#website\",\"url\":\"https:\/\/hotelhouse.cz\/\",\"name\":\"HOTELHOUSE.cz\",\"description\":\"Port\u00e1l o hotelech, pensionech, spa resortech a restaurac\u00edch...\",\"publisher\":{\"@id\":\"https:\/\/hotelhouse.cz\/#organization\"},\"potentialAction\":[{\"@type\":\"SearchAction\",\"target\":{\"@type\":\"EntryPoint\",\"urlTemplate\":\"https:\/\/hotelhouse.cz\/?s={search_term_string}\"},\"query-input\":\"required name=search_term_string\"}],\"inLanguage\":\"cs\"},{\"@type\":\"Organization\",\"@id\":\"https:\/\/hotelhouse.cz\/#organization\",\"name\":\"HOTELHOUSE.cz\",\"url\":\"https:\/\/hotelhouse.cz\/\",\"logo\":{\"@type\":\"ImageObject\",\"inLanguage\":\"cs\",\"@id\":\"https:\/\/hotelhouse.cz\/#\/schema\/logo\/image\/\",\"url\":\"https:\/\/hotelhouse.cz\/wp-content\/uploads\/2024\/12\/cropped-Logo_HotelHouse-2.jpg\",\"contentUrl\":\"https:\/\/hotelhouse.cz\/wp-content\/uploads\/2024\/12\/cropped-Logo_HotelHouse-2.jpg\",\"width\":933,\"height\":516,\"caption\":\"HOTELHOUSE.cz\"},\"image\":{\"@id\":\"https:\/\/hotelhouse.cz\/#\/schema\/logo\/image\/\"},\"sameAs\":[\"https:\/\/www.instagram.com\/hotelhousecz\/\"]},{\"@type\":\"Person\",\"@id\":\"https:\/\/hotelhouse.cz\/#\/schema\/person\/04a07c8edd47cde8c2fb8cb4254655aa\",\"name\":\"Jordana Pechov\u00e1\",\"image\":{\"@type\":\"ImageObject\",\"inLanguage\":\"cs\",\"@id\":\"https:\/\/hotelhouse.cz\/#\/schema\/person\/image\/\",\"url\":\"https:\/\/secure.gravatar.com\/avatar\/d3ad7f43789eed68b221d01c6d7ac4e5?s=96&d=mm&r=g\",\"contentUrl\":\"https:\/\/secure.gravatar.com\/avatar\/d3ad7f43789eed68b221d01c6d7ac4e5?s=96&d=mm&r=g\",\"caption\":\"Jordana Pechov\u00e1\"},\"sameAs\":[\"http:\/\/HOTELHOUSE.cz\"],\"url\":\"https:\/\/hotelhouse.cz\/index.php\/author\/jorpech\/\"}]}<\/script>\n<!-- \/ Yoast SEO plugin. -->","yoast_head_json":{"title":"T\u0159et\u00ed s\u00e9rie letn\u00edch hudebn\u00edch z\u00e1\u017eitk\u016f startuje v\u00a0\u010dervnu pod \u0161ir\u00fdm nebem - HOTELHOUSE.cz","description":"L\u00e9to na V\u00fdstavi\u0161ti bude i letos pat\u0159it nad\u011bjn\u00fdm hudebn\u00edm talent\u016fm tuzemsk\u00e9 sc\u00e9ny, kte\u0159\u00ed se p\u0159edstav\u00ed b\u011bhem t\u0159et\u00ed s\u00e9rie venkovn\u00edch koncert\u016f.","robots":{"index":"index","follow":"follow","max-snippet":"max-snippet:-1","max-image-preview":"max-image-preview:large","max-video-preview":"max-video-preview:-1"},"canonical":"https:\/\/hotelhouse.cz\/index.php\/2024\/06\/11\/treti-serie-letnich-hudebnich-zazitku-startuje-v-cervnu-pod-sirym-nebem\/","og_locale":"cs_CZ","og_type":"article","og_title":"T\u0159et\u00ed s\u00e9rie letn\u00edch hudebn\u00edch z\u00e1\u017eitk\u016f startuje v\u00a0\u010dervnu pod \u0161ir\u00fdm nebem - HOTELHOUSE.cz","og_description":"L\u00e9to na V\u00fdstavi\u0161ti bude i letos pat\u0159it nad\u011bjn\u00fdm hudebn\u00edm talent\u016fm tuzemsk\u00e9 sc\u00e9ny, kte\u0159\u00ed se p\u0159edstav\u00ed b\u011bhem t\u0159et\u00ed s\u00e9rie venkovn\u00edch koncert\u016f.","og_url":"https:\/\/hotelhouse.cz\/index.php\/2024\/06\/11\/treti-serie-letnich-hudebnich-zazitku-startuje-v-cervnu-pod-sirym-nebem\/","og_site_name":"HOTELHOUSE.cz","article_published_time":"2024-06-10T22:01:00+00:00","article_modified_time":"2024-06-11T00:56:43+00:00","og_image":[{"width":1500,"height":1000,"url":"https:\/\/hotelhouse.cz\/wp-content\/uploads\/2024\/06\/DSC09006.jpg","type":"image\/jpeg"}],"author":"Jordana Pechov\u00e1","twitter_card":"summary_large_image","twitter_misc":{"Napsal(a)":"Jordana Pechov\u00e1","Odhadovan\u00e1 doba \u010dten\u00ed":"10 minut"},"schema":{"@context":"https:\/\/schema.org","@graph":[{"@type":"Article","@id":"https:\/\/hotelhouse.cz\/index.php\/2024\/06\/11\/treti-serie-letnich-hudebnich-zazitku-startuje-v-cervnu-pod-sirym-nebem\/#article","isPartOf":{"@id":"https:\/\/hotelhouse.cz\/index.php\/2024\/06\/11\/treti-serie-letnich-hudebnich-zazitku-startuje-v-cervnu-pod-sirym-nebem\/"},"author":{"name":"Jordana Pechov\u00e1","@id":"https:\/\/hotelhouse.cz\/#\/schema\/person\/04a07c8edd47cde8c2fb8cb4254655aa"},"headline":"T\u0159et\u00ed s\u00e9rie letn\u00edch hudebn\u00edch z\u00e1\u017eitk\u016f startuje v\u00a0\u010dervnu pod \u0161ir\u00fdm nebem","datePublished":"2024-06-10T22:01:00+00:00","dateModified":"2024-06-11T00:56:43+00:00","mainEntityOfPage":{"@id":"https:\/\/hotelhouse.cz\/index.php\/2024\/06\/11\/treti-serie-letnich-hudebnich-zazitku-startuje-v-cervnu-pod-sirym-nebem\/"},"wordCount":1340,"publisher":{"@id":"https:\/\/hotelhouse.cz\/#organization"},"articleSection":["FOTOREPORTY","NEWS"],"inLanguage":"cs"},{"@type":"WebPage","@id":"https:\/\/hotelhouse.cz\/index.php\/2024\/06\/11\/treti-serie-letnich-hudebnich-zazitku-startuje-v-cervnu-pod-sirym-nebem\/","url":"https:\/\/hotelhouse.cz\/index.php\/2024\/06\/11\/treti-serie-letnich-hudebnich-zazitku-startuje-v-cervnu-pod-sirym-nebem\/","name":"T\u0159et\u00ed s\u00e9rie letn\u00edch hudebn\u00edch z\u00e1\u017eitk\u016f startuje v\u00a0\u010dervnu pod \u0161ir\u00fdm nebem - HOTELHOUSE.cz","isPartOf":{"@id":"https:\/\/hotelhouse.cz\/#website"},"datePublished":"2024-06-10T22:01:00+00:00","dateModified":"2024-06-11T00:56:43+00:00","description":"L\u00e9to na V\u00fdstavi\u0161ti bude i letos pat\u0159it nad\u011bjn\u00fdm hudebn\u00edm talent\u016fm tuzemsk\u00e9 sc\u00e9ny, kte\u0159\u00ed se p\u0159edstav\u00ed b\u011bhem t\u0159et\u00ed s\u00e9rie venkovn\u00edch koncert\u016f.","breadcrumb":{"@id":"https:\/\/hotelhouse.cz\/index.php\/2024\/06\/11\/treti-serie-letnich-hudebnich-zazitku-startuje-v-cervnu-pod-sirym-nebem\/#breadcrumb"},"inLanguage":"cs","potentialAction":[{"@type":"ReadAction","target":["https:\/\/hotelhouse.cz\/index.php\/2024\/06\/11\/treti-serie-letnich-hudebnich-zazitku-startuje-v-cervnu-pod-sirym-nebem\/"]}]},{"@type":"BreadcrumbList","@id":"https:\/\/hotelhouse.cz\/index.php\/2024\/06\/11\/treti-serie-letnich-hudebnich-zazitku-startuje-v-cervnu-pod-sirym-nebem\/#breadcrumb","itemListElement":[{"@type":"ListItem","position":1,"name":"Dom\u016f","item":"https:\/\/hotelhouse.cz\/"},{"@type":"ListItem","position":2,"name":"T\u0159et\u00ed s\u00e9rie letn\u00edch hudebn\u00edch z\u00e1\u017eitk\u016f startuje v\u00a0\u010dervnu pod \u0161ir\u00fdm nebem"}]},{"@type":"WebSite","@id":"https:\/\/hotelhouse.cz\/#website","url":"https:\/\/hotelhouse.cz\/","name":"HOTELHOUSE.cz","description":"Port\u00e1l o hotelech, pensionech, spa resortech a restaurac\u00edch...","publisher":{"@id":"https:\/\/hotelhouse.cz\/#organization"},"potentialAction":[{"@type":"SearchAction","target":{"@type":"EntryPoint","urlTemplate":"https:\/\/hotelhouse.cz\/?s={search_term_string}"},"query-input":"required name=search_term_string"}],"inLanguage":"cs"},{"@type":"Organization","@id":"https:\/\/hotelhouse.cz\/#organization","name":"HOTELHOUSE.cz","url":"https:\/\/hotelhouse.cz\/","logo":{"@type":"ImageObject","inLanguage":"cs","@id":"https:\/\/hotelhouse.cz\/#\/schema\/logo\/image\/","url":"https:\/\/hotelhouse.cz\/wp-content\/uploads\/2024\/12\/cropped-Logo_HotelHouse-2.jpg","contentUrl":"https:\/\/hotelhouse.cz\/wp-content\/uploads\/2024\/12\/cropped-Logo_HotelHouse-2.jpg","width":933,"height":516,"caption":"HOTELHOUSE.cz"},"image":{"@id":"https:\/\/hotelhouse.cz\/#\/schema\/logo\/image\/"},"sameAs":["https:\/\/www.instagram.com\/hotelhousecz\/"]},{"@type":"Person","@id":"https:\/\/hotelhouse.cz\/#\/schema\/person\/04a07c8edd47cde8c2fb8cb4254655aa","name":"Jordana Pechov\u00e1","image":{"@type":"ImageObject","inLanguage":"cs","@id":"https:\/\/hotelhouse.cz\/#\/schema\/person\/image\/","url":"https:\/\/secure.gravatar.com\/avatar\/d3ad7f43789eed68b221d01c6d7ac4e5?s=96&d=mm&r=g","contentUrl":"https:\/\/secure.gravatar.com\/avatar\/d3ad7f43789eed68b221d01c6d7ac4e5?s=96&d=mm&r=g","caption":"Jordana Pechov\u00e1"},"sameAs":["http:\/\/HOTELHOUSE.cz"],"url":"https:\/\/hotelhouse.cz\/index.php\/author\/jorpech\/"}]}},"_links":{"self":[{"href":"https:\/\/hotelhouse.cz\/index.php\/wp-json\/wp\/v2\/posts\/6276"}],"collection":[{"href":"https:\/\/hotelhouse.cz\/index.php\/wp-json\/wp\/v2\/posts"}],"about":[{"href":"https:\/\/hotelhouse.cz\/index.php\/wp-json\/wp\/v2\/types\/post"}],"author":[{"embeddable":true,"href":"https:\/\/hotelhouse.cz\/index.php\/wp-json\/wp\/v2\/users\/6"}],"replies":[{"embeddable":true,"href":"https:\/\/hotelhouse.cz\/index.php\/wp-json\/wp\/v2\/comments?post=6276"}],"version-history":[{"count":1,"href":"https:\/\/hotelhouse.cz\/index.php\/wp-json\/wp\/v2\/posts\/6276\/revisions"}],"predecessor-version":[{"id":6292,"href":"https:\/\/hotelhouse.cz\/index.php\/wp-json\/wp\/v2\/posts\/6276\/revisions\/6292"}],"wp:featuredmedia":[{"embeddable":true,"href":"https:\/\/hotelhouse.cz\/index.php\/wp-json\/wp\/v2\/media\/6277"}],"wp:attachment":[{"href":"https:\/\/hotelhouse.cz\/index.php\/wp-json\/wp\/v2\/media?parent=6276"}],"wp:term":[{"taxonomy":"category","embeddable":true,"href":"https:\/\/hotelhouse.cz\/index.php\/wp-json\/wp\/v2\/categories?post=6276"},{"taxonomy":"post_tag","embeddable":true,"href":"https:\/\/hotelhouse.cz\/index.php\/wp-json\/wp\/v2\/tags?post=6276"}],"curies":[{"name":"wp","href":"https:\/\/api.w.org\/{rel}","templated":true}]}}