{"id":6306,"date":"2024-06-13T00:01:17","date_gmt":"2024-06-12T22:01:17","guid":{"rendered":"https:\/\/hotelhouse.cz\/?p=6306"},"modified":"2024-06-11T02:56:58","modified_gmt":"2024-06-11T00:56:58","slug":"nove-otevrene-8-a-9-patro-v-maji-narodni-nabidne-uchvatnou-rooftop-restauraci-a-bar-fly-vista","status":"publish","type":"post","link":"https:\/\/hotelhouse.cz\/index.php\/2024\/06\/13\/nove-otevrene-8-a-9-patro-v-maji-narodni-nabidne-uchvatnou-rooftop-restauraci-a-bar-fly-vista\/","title":{"rendered":"Nov\u011b otev\u0159en\u00e9 8. a 9. patro v M\u00e1ji N\u00e1rodn\u00ed nab\u00eddne \u00fachvatnou rooftop restauraci a bar Fly Vista"},"content":{"rendered":"\n<div style=\"height:45px\" aria-hidden=\"true\" class=\"wp-block-spacer\"><\/div>\n\n\n\n<p><strong>M\u00e1j N\u00e1rodn\u00ed, modern\u00ed centrum z\u00e1bavy, her a z\u00e1\u017eitk\u016f, se Pra\u017ean\u016fm a n\u00e1v\u0161t\u011bvn\u00edk\u016fm metropole otev\u0159e u\u017e 24. \u010dervna. Ka\u017ed\u00e9 z dev\u00edti pater v M\u00e1ji N\u00e1rodn\u00ed bude specifick\u00e9, origin\u00e1ln\u00ed, z\u00e1bavn\u00e9 a v&nbsp;mnoha ohledech unik\u00e1tn\u00ed. <\/strong><\/p>\n\n\n\n<div style=\"height:45px\" aria-hidden=\"true\" class=\"wp-block-spacer\"><\/div>\n\n\n\n<figure class=\"wp-block-image size-large\"><img decoding=\"async\" loading=\"lazy\" width=\"1024\" height=\"643\" src=\"https:\/\/hotelhouse.cz\/wp-content\/uploads\/2024\/06\/438160307_122134138958222884_86811157-1024x643.jpg\" alt=\"\" class=\"wp-image-6307\" srcset=\"https:\/\/hotelhouse.cz\/wp-content\/uploads\/2024\/06\/438160307_122134138958222884_86811157-1024x643.jpg 1024w, https:\/\/hotelhouse.cz\/wp-content\/uploads\/2024\/06\/438160307_122134138958222884_86811157-300x188.jpg 300w, https:\/\/hotelhouse.cz\/wp-content\/uploads\/2024\/06\/438160307_122134138958222884_86811157-768x482.jpg 768w, https:\/\/hotelhouse.cz\/wp-content\/uploads\/2024\/06\/438160307_122134138958222884_86811157-1536x964.jpg 1536w, https:\/\/hotelhouse.cz\/wp-content\/uploads\/2024\/06\/438160307_122134138958222884_86811157.jpg 2048w\" sizes=\"(max-width: 1024px) 100vw, 1024px\" \/><\/figure>\n\n\n\n<div style=\"height:45px\" aria-hidden=\"true\" class=\"wp-block-spacer\"><\/div>\n\n\n\n<p><strong>Pomyslnou korunkou jedine\u010dn\u00e9ho konceptu je rooftop restaurace a bar Fly Vista v&nbsp;8. pat\u0159e a v 9. pat\u0159e \u2013 40 metr\u016f nad zem\u00ed \u2013 nejv\u00fd\u0161e polo\u017een\u00e1 panoramatick\u00e1 terasa v centru Prahy s unik\u00e1tn\u00edm 360stup\u0148ov\u00fdm v\u00fdhledem. Pr\u00e1v\u011b z&nbsp;tohoto m\u00edsta se otev\u00edraj\u00ed nejp\u016fsobiv\u011bj\u0161\u00ed panoramata, jak\u00e1 lze v&nbsp;Praze spat\u0159it.<\/strong><\/p>\n\n\n\n<div style=\"height:44px\" aria-hidden=\"true\" class=\"wp-block-spacer\"><\/div>\n\n\n<div class=\"wp-block-image\">\n<figure class=\"aligncenter size-full\"><img decoding=\"async\" src=\"https:\/\/prazskeprikopy.cz\/wp-content\/uploads\/2024\/06\/image.jpeg\" alt=\"Nov\u011b otev\u0159en\u00e9 8. a 9. patro v M\u00e1ji N\u00e1rodn\u00ed nab\u00eddne \u00fachvatnou rooftop restauraci a bar Fly Vista.\" class=\"wp-image-6451\"\/><\/figure><\/div>\n\n\n<div style=\"height:44px\" aria-hidden=\"true\" class=\"wp-block-spacer\"><\/div>\n\n\n\n<p>\u201e<em>Vyhl\u00eddkov\u00e1 terasa neuv\u011b\u0159iteln\u00fdm zp\u016fsobem pomohla akcelerovat cel\u00fd projekt. V\u00fdhled ze st\u0159echy byl rozhoduj\u00edc\u00edm impulsem ke zm\u011bn\u011b p\u016fvodn\u00edho konceptu, kter\u00fd po\u010d\u00edtal ve spodn\u00edch patrech s obchodn\u00edm domem a v dal\u0161\u00edch prostorech s&nbsp;kancel\u00e1\u0159emi. V\u0161ichni, kdo zat\u00edm terasu nav\u0161t\u00edvili, se shodli, \u017ee nic podobn\u00e9ho v Praze nevid\u011bli. Ocitnete se na nejvy\u0161\u0161\u00ed st\u0159e\u0161e v Praze 1. Jedin\u00e1 vy\u0161\u0161\u00ed st\u0159echa, ale nep\u0159\u00edstupn\u00e1, je asi 100 metr\u016f vzd\u00e1len\u00fd kostel Panny Marie Sn\u011b\u017en\u00e9. U n\u00e1s se m\u016f\u017eete t\u011b\u0161it na rozlehlou st\u0159echu, ze kter\u00e9 je dechberouc\u00ed v\u00fdhled<\/em>,\u201c \u0159\u00edk\u00e1 <strong>Martin Kl\u00e1n<\/strong>, \u010dlen spr\u00e1vn\u00ed rady developersk\u00e9 spole\u010dnosti AMADEUS Real Estate, kter\u00e1 ikonickou budovu b\u00fdval\u00e9ho obchodn\u00edho domu M\u00e1j od roku 2019 vlastn\u00ed.<\/p>\n\n\n\n<div style=\"height:44px\" aria-hidden=\"true\" class=\"wp-block-spacer\"><\/div>\n\n\n<div class=\"wp-block-image\">\n<figure class=\"aligncenter size-large\"><img decoding=\"async\" src=\"https:\/\/prazskeprikopy.cz\/wp-content\/uploads\/2024\/06\/Fly_Vista_vyhlidka-1024x682.jpeg\" alt=\"Nov\u011b otev\u0159en\u00e9 8. a 9. patro v M\u00e1ji N\u00e1rodn\u00ed nab\u00eddne \u00fachvatnou rooftop restauraci a bar Fly Vista\" class=\"wp-image-6442\"\/><\/figure><\/div>\n\n\n<div style=\"height:44px\" aria-hidden=\"true\" class=\"wp-block-spacer\"><\/div>\n\n\n\n<p>Ocitnout se 40 metr\u016f nad zem\u00ed je doslova nadpozemsk\u00fd z\u00e1\u017eitek. P\u0159i pohledu z v\u00fd\u0161ky jsou nejen auta \u010di lid\u00e9 v hektick\u00e9m ruchu metropole, ale i v\u0161ednodenn\u00ed starosti r\u00e1zem docela nepatrn\u00e9. Z <strong>nejv\u00fd\u0161e polo\u017een\u00e9 vyhl\u00eddkov\u00e9 terasy v centru Prahy <\/strong>se nad st\u0159echami otev\u00edraj\u00ed n\u00e1dhern\u00e1 panoramata, kter\u00e1 jsou k vid\u011bn\u00ed pouze tady. Historie a sou\u010dasnost pulsuj\u00edc\u00edho m\u011bsta spl\u00fdvaj\u00ed do jednoho dokonal\u00e9ho obrazu.<\/p>\n\n\n\n<p>Jen o p\u00e1r metr\u016f n\u00ed\u017ee, v&nbsp;8. pat\u0159e M\u00e1je N\u00e1rodn\u00ed, se nach\u00e1z\u00ed <strong>rooftop<\/strong> <strong>restaurace a bar Fly Vista<\/strong>. Sou\u010d\u00e1st\u00ed je i <strong>Champagne bar,<\/strong> kter\u00fd nab\u00edz\u00ed v\u00edce ne\u017e 100 druh\u016f \u0161ampa\u0148sk\u00fdch v\u00edn, co\u017e p\u0159edstavuje jednu z&nbsp;nejv\u011bt\u0161\u00edch nab\u00eddek lahodn\u00e9ho \u0161umiv\u00e9ho n\u00e1poje v&nbsp;Praze.<\/p>\n\n\n\n<div style=\"height:44px\" aria-hidden=\"true\" class=\"wp-block-spacer\"><\/div>\n\n\n\n<figure class=\"wp-block-gallery has-nested-images columns-default is-cropped wp-block-gallery-1 is-layout-flex wp-block-gallery-is-layout-flex\"><div class=\"wp-block-image\">\n<figure class=\"aligncenter size-large\"><img decoding=\"async\" data-id=\"6449\" src=\"https:\/\/prazskeprikopy.cz\/wp-content\/uploads\/2024\/06\/436402298_122130899852222884_25844375-1024x755.jpg\" alt=\"Nov\u011b otev\u0159en\u00e9 8. a 9. patro v M\u00e1ji N\u00e1rodn\u00ed nab\u00eddne \u00fachvatnou rooftop restauraci a bar Fly Vista\" class=\"wp-image-6449\"\/><\/figure><\/div><\/figure>\n\n\n\n<div style=\"height:44px\" aria-hidden=\"true\" class=\"wp-block-spacer\"><\/div>\n\n\n\n<p>\u00datuln\u00fd interi\u00e9r Fly Visty kombinuje modern\u00ed design s&nbsp;prvky nad\u010dasov\u00e9 elegance. Dominantou je bar z b\u00edl\u00e9ho mramoru, kter\u00fd se s d\u00e9lkou 36 metr\u016f py\u0161n\u00ed titulem nejdel\u0161\u00ed interi\u00e9rov\u00fd bar v \u010cesk\u00e9 republice. K\u0159i\u0161\u0165\u00e1lov\u00e9 lustry dod\u00e1vaj\u00ed prostoru n\u00e1dech luxusu a obrovsk\u00fd ice bucket s rozm\u011bry 1,8 x 0,9 x 0,89 metru pr\u00e1vem pout\u00e1 pozornost n\u00e1v\u0161t\u011bvn\u00edk\u016f. Speciality z menu restaurace, a\u0165 u\u017e je to sn\u00eddan\u011b, brunch, ob\u011bd, nebo ve\u010de\u0159e, jsou v&nbsp;p\u0159\u00edpad\u011b p\u0159\u00edzniv\u00e9ho po\u010das\u00ed pod\u00e1v\u00e1ny na st\u0159e\u0161n\u00ed terase s&nbsp;okouzluj\u00edc\u00edm v\u00fdhledem na Prahu.<\/p>\n\n\n\n<div style=\"height:44px\" aria-hidden=\"true\" class=\"wp-block-spacer\"><\/div>\n\n\n\n<figure class=\"wp-block-gallery has-nested-images columns-default is-cropped wp-block-gallery-3 is-layout-flex wp-block-gallery-is-layout-flex\">\n<figure class=\"wp-block-image size-large\"><img decoding=\"async\" data-id=\"6447\" src=\"https:\/\/prazskeprikopy.cz\/wp-content\/uploads\/2024\/06\/437116375_122131206776222884_50525883-819x1024.jpg\" alt=\"Nov\u011b otev\u0159en\u00e9 8. a 9. patro v M\u00e1ji N\u00e1rodn\u00ed nab\u00eddne \u00fachvatnou rooftop restauraci a bar Fly Vista\" class=\"wp-image-6447\"\/><\/figure>\n\n\n\n<figure class=\"wp-block-image size-large\"><img decoding=\"async\" data-id=\"6446\" src=\"https:\/\/prazskeprikopy.cz\/wp-content\/uploads\/2024\/06\/438093208_122134818524222884_69591323-1024x1024.jpg\" alt=\"Nov\u011b otev\u0159en\u00e9 8. a 9. patro v M\u00e1ji N\u00e1rodn\u00ed nab\u00eddne \u00fachvatnou rooftop restauraci a bar Fly Vista\" class=\"wp-image-6446\"\/><\/figure>\n\n\n\n<figure class=\"wp-block-image size-large\"><img decoding=\"async\" data-id=\"6448\" src=\"https:\/\/prazskeprikopy.cz\/wp-content\/uploads\/2024\/06\/438172550_122139472862222884_7994760439483460501_n-819x1024.jpg\" alt=\"Nov\u011b otev\u0159en\u00e9 8. a 9. patro v M\u00e1ji N\u00e1rodn\u00ed nab\u00eddne \u00fachvatnou rooftop restauraci a bar Fly Vista\" class=\"wp-image-6448\"\/><\/figure>\n<\/figure>\n\n\n\n<div style=\"height:44px\" aria-hidden=\"true\" class=\"wp-block-spacer\"><\/div>\n\n\n\n<p>Sklenka v\u00edna v ruce, slunce pomalu zapad\u00e1 a na obzoru se otev\u00edr\u00e1 pohled na majest\u00e1tn\u00ed panorama Pra\u017esk\u00e9ho hradu\u2026. Nebo v\u00fdte\u010dn\u00e1 sn\u00eddan\u011b na terase zalit\u00e1 prvn\u00edmi paprsky rann\u00edho slunce, kter\u00e9 probouzej\u00ed metropoli do nov\u00e9ho dne\u2026 Pr\u00e1v\u011b takov\u00e9 z\u00e1\u017eitky p\u0159inese <strong>restaurace a bar Fly Vista <\/strong>\u2013 m\u00edsto, kde dokonal\u00fd gastronomick\u00fd z\u00e1\u017eitek umoc\u0148uje v\u00fdjime\u010dn\u00e1 atmosf\u00e9ra. <strong>Fly Vista <\/strong>je ide\u00e1ln\u00ed volbou pro v\u0161echny, kte\u0159\u00ed tou\u017e\u00ed po klidn\u00e9m posezen\u00ed s p\u0159\u00e1teli, romantick\u00e9 ve\u010de\u0159i \u010di nev\u0161edn\u00ed oslav\u011b v sam\u00e9m srdci Prahy.&nbsp;<br><br><\/p>\n\n\n\n<p><strong>Od otev\u0159en\u00ed 24 .6. bude prozat\u00ed<\/strong><strong>m M<\/strong><strong>\u00e1j N\u00e1rodn\u00ed fungovat testovac\u00edm provozu.<\/strong><\/p>\n\n\n\n<p><strong>V\u00edce na <a href=\"https:\/\/flyvista.cz\/\">https:\/\/flyvista.cz\/<\/a><\/strong><\/p>\n\n\n\n<div style=\"height:100px\" aria-hidden=\"true\" class=\"wp-block-spacer\"><\/div>\n\n\n\n<figure class=\"wp-block-gallery has-nested-images columns-2 is-cropped wp-block-gallery-5 is-layout-flex wp-block-gallery-is-layout-flex\">\n<figure class=\"wp-block-image size-large\"><img decoding=\"async\" data-id=\"6443\" src=\"https:\/\/prazskeprikopy.cz\/wp-content\/uploads\/2024\/06\/437134045_122134552868222884_64373184-1024x561.jpg\" alt=\"Nov\u011b otev\u0159en\u00e9 8. a 9. patro v M\u00e1ji N\u00e1rodn\u00ed nab\u00eddne \u00fachvatnou rooftop restauraci a bar Fly Vista\" class=\"wp-image-6443\"\/><\/figure>\n\n\n\n<figure class=\"wp-block-image size-large\"><img decoding=\"async\" data-id=\"6450\" src=\"https:\/\/prazskeprikopy.cz\/wp-content\/uploads\/2024\/06\/Fly_Vista_vizualizace-1024x626.png\" alt=\"Nov\u011b otev\u0159en\u00e9 8. a 9. patro v M\u00e1ji N\u00e1rodn\u00ed nab\u00eddne \u00fachvatnou rooftop restauraci a bar Fly Vista\" class=\"wp-image-6450\"\/><\/figure>\n\n\n\n<figure class=\"wp-block-image size-large\"><img decoding=\"async\" data-id=\"6445\" src=\"https:\/\/prazskeprikopy.cz\/wp-content\/uploads\/2024\/06\/438160307_122134138958222884_86811157-1024x643.jpg\" alt=\"Nov\u011b otev\u0159en\u00e9 8. a 9. patro v M\u00e1ji N\u00e1rodn\u00ed nab\u00eddne \u00fachvatnou rooftop restauraci a bar Fly Vista\" class=\"wp-image-6445\"\/><\/figure>\n\n\n\n<figure class=\"wp-block-image size-large\"><img decoding=\"async\" data-id=\"6449\" src=\"https:\/\/prazskeprikopy.cz\/wp-content\/uploads\/2024\/06\/436402298_122130899852222884_25844375-1024x755.jpg\" alt=\"Nov\u011b otev\u0159en\u00e9 8. a 9. patro v M\u00e1ji N\u00e1rodn\u00ed nab\u00eddne \u00fachvatnou rooftop restauraci a bar Fly Vista\" class=\"wp-image-6449\"\/><\/figure>\n\n\n\n<figure class=\"wp-block-image size-large\"><img decoding=\"async\" data-id=\"6448\" src=\"https:\/\/prazskeprikopy.cz\/wp-content\/uploads\/2024\/06\/438172550_122139472862222884_7994760439483460501_n-819x1024.jpg\" alt=\"Nov\u011b otev\u0159en\u00e9 8. a 9. patro v M\u00e1ji N\u00e1rodn\u00ed nab\u00eddne \u00fachvatnou rooftop restauraci a bar Fly Vista\" class=\"wp-image-6448\"\/><\/figure>\n\n\n\n<figure class=\"wp-block-image size-large\"><img decoding=\"async\" data-id=\"6446\" src=\"https:\/\/prazskeprikopy.cz\/wp-content\/uploads\/2024\/06\/438093208_122134818524222884_69591323-1024x1024.jpg\" alt=\"Nov\u011b otev\u0159en\u00e9 8. a 9. patro v M\u00e1ji N\u00e1rodn\u00ed nab\u00eddne \u00fachvatnou rooftop restauraci a bar Fly Vista\" class=\"wp-image-6446\"\/><\/figure>\n\n\n\n<figure class=\"wp-block-image size-large\"><img decoding=\"async\" data-id=\"6447\" src=\"https:\/\/prazskeprikopy.cz\/wp-content\/uploads\/2024\/06\/437116375_122131206776222884_50525883-819x1024.jpg\" alt=\"Nov\u011b otev\u0159en\u00e9 8. a 9. patro v M\u00e1ji N\u00e1rodn\u00ed nab\u00eddne \u00fachvatnou rooftop restauraci a bar Fly Vista\" class=\"wp-image-6447\"\/><\/figure>\n\n\n\n<figure class=\"wp-block-image size-large\"><img decoding=\"async\" data-id=\"6444\" src=\"https:\/\/prazskeprikopy.cz\/wp-content\/uploads\/2024\/06\/441692645_17912011520938718_407905140-821x1024.jpg\" alt=\"Nov\u011b otev\u0159en\u00e9 8. a 9. patro v M\u00e1ji N\u00e1rodn\u00ed nab\u00eddne \u00fachvatnou rooftop restauraci a bar Fly Vista\" class=\"wp-image-6444\"\/><\/figure>\n\n\n\n<figure class=\"wp-block-image size-large\"><img decoding=\"async\" data-id=\"6442\" src=\"https:\/\/prazskeprikopy.cz\/wp-content\/uploads\/2024\/06\/Fly_Vista_vyhlidka-1024x682.jpeg\" alt=\"Nov\u011b otev\u0159en\u00e9 8. a 9. patro v M\u00e1ji N\u00e1rodn\u00ed nab\u00eddne \u00fachvatnou rooftop restauraci a bar Fly Vista\" class=\"wp-image-6442\"\/><\/figure>\n<\/figure>\n\n\n\n<div style=\"height:22px\" aria-hidden=\"true\" class=\"wp-block-spacer\"><\/div>\n\n\n\n<figure class=\"wp-block-image size-large\"><img decoding=\"async\" src=\"https:\/\/prazskeprikopy.cz\/wp-content\/uploads\/2024\/06\/436465065_122130912008222884_20714322-819x1024.jpg\" alt=\"Nov\u011b otev\u0159en\u00e9 8. a 9. patro v M\u00e1ji N\u00e1rodn\u00ed nab\u00eddne \u00fachvatnou rooftop restauraci a bar Fly Vista\" class=\"wp-image-6441\"\/><\/figure>\n\n\n\n<p><strong>Zdroj foto: <\/strong>FLYVISTA, M\u00e1j N\u00e1rodn\u00ed<\/p>\n\n\n\n<div style=\"height:100px\" aria-hidden=\"true\" class=\"wp-block-spacer\"><\/div>\n","protected":false},"excerpt":{"rendered":"<p>M\u00e1j N\u00e1rodn\u00ed, modern\u00ed centrum z\u00e1bavy, her a z\u00e1\u017eitk\u016f, se Pra\u017ean\u016fm a n\u00e1v\u0161t\u011bvn\u00edk\u016fm metropole otev\u0159e u\u017e 24. \u010dervna. Ka\u017ed\u00e9 z dev\u00edti pater v M\u00e1ji N\u00e1rodn\u00ed bude specifick\u00e9, origin\u00e1ln\u00ed, z\u00e1bavn\u00e9 a v&nbsp;mnoha ohledech unik\u00e1tn\u00ed. Pomyslnou korunkou&#46;&#46;&#46;<\/p>\n","protected":false},"author":3,"featured_media":6307,"comment_status":"closed","ping_status":"closed","sticky":false,"template":"","format":"standard","meta":{"_monsterinsights_skip_tracking":false,"_monsterinsights_sitenote_active":false,"_monsterinsights_sitenote_note":"","_monsterinsights_sitenote_category":0,"footnotes":""},"categories":[9,26,22,29,2],"tags":[88,93,42,89],"yoast_head":"<!-- This site is optimized with the Yoast SEO plugin v21.5 - https:\/\/yoast.com\/wordpress\/plugins\/seo\/ -->\n<title>Nov\u011b otev\u0159en\u00e9 8. a 9. patro v M\u00e1ji N\u00e1rodn\u00ed nab\u00eddne \u00fachvatnou rooftop restauraci a bar Fly Vista - HOTELHOUSE.cz<\/title>\n<meta name=\"description\" content=\"Pomyslnou korunkou jedine\u010dn\u00e9ho konceptu je rooftop restaurace a bar Fly Vista v 8. pat\u0159e a v 9. pat\u0159e \u2013 40 metr\u016f nad zem\u00ed \u2013 nejv\u00fd\u0161e polo\u017een\u00e1 panoramatick\u00e1 terasa v centru Prahy s unik\u00e1tn\u00edm 360stup\u0148ov\u00fdm v\u00fdhledem.\" \/>\n<meta name=\"robots\" content=\"index, follow, max-snippet:-1, max-image-preview:large, max-video-preview:-1\" \/>\n<link rel=\"canonical\" href=\"https:\/\/hotelhouse.cz\/index.php\/2024\/06\/13\/nove-otevrene-8-a-9-patro-v-maji-narodni-nabidne-uchvatnou-rooftop-restauraci-a-bar-fly-vista\/\" \/>\n<meta property=\"og:locale\" content=\"cs_CZ\" \/>\n<meta property=\"og:type\" content=\"article\" \/>\n<meta property=\"og:title\" content=\"Nov\u011b otev\u0159en\u00e9 8. a 9. patro v M\u00e1ji N\u00e1rodn\u00ed nab\u00eddne \u00fachvatnou rooftop restauraci a bar Fly Vista - HOTELHOUSE.cz\" \/>\n<meta property=\"og:description\" content=\"Pomyslnou korunkou jedine\u010dn\u00e9ho konceptu je rooftop restaurace a bar Fly Vista v 8. pat\u0159e a v 9. pat\u0159e \u2013 40 metr\u016f nad zem\u00ed \u2013 nejv\u00fd\u0161e polo\u017een\u00e1 panoramatick\u00e1 terasa v centru Prahy s unik\u00e1tn\u00edm 360stup\u0148ov\u00fdm v\u00fdhledem.\" \/>\n<meta property=\"og:url\" content=\"https:\/\/hotelhouse.cz\/index.php\/2024\/06\/13\/nove-otevrene-8-a-9-patro-v-maji-narodni-nabidne-uchvatnou-rooftop-restauraci-a-bar-fly-vista\/\" \/>\n<meta property=\"og:site_name\" content=\"HOTELHOUSE.cz\" \/>\n<meta property=\"article:published_time\" content=\"2024-06-12T22:01:17+00:00\" \/>\n<meta property=\"article:modified_time\" content=\"2024-06-11T00:56:58+00:00\" \/>\n<meta property=\"og:image\" content=\"https:\/\/hotelhouse.cz\/wp-content\/uploads\/2024\/06\/438160307_122134138958222884_86811157.jpg\" \/>\n\t<meta property=\"og:image:width\" content=\"2048\" \/>\n\t<meta property=\"og:image:height\" content=\"1285\" \/>\n\t<meta property=\"og:image:type\" content=\"image\/jpeg\" \/>\n<meta name=\"author\" content=\"Van\u011bk Miroslav\" \/>\n<meta name=\"twitter:card\" content=\"summary_large_image\" \/>\n<meta name=\"twitter:label1\" content=\"Napsal(a)\" \/>\n\t<meta name=\"twitter:data1\" content=\"Van\u011bk Miroslav\" \/>\n\t<meta name=\"twitter:label2\" content=\"Odhadovan\u00e1 doba \u010dten\u00ed\" \/>\n\t<meta name=\"twitter:data2\" content=\"6 minut\" \/>\n<script type=\"application\/ld+json\" class=\"yoast-schema-graph\">{\"@context\":\"https:\/\/schema.org\",\"@graph\":[{\"@type\":\"Article\",\"@id\":\"https:\/\/hotelhouse.cz\/index.php\/2024\/06\/13\/nove-otevrene-8-a-9-patro-v-maji-narodni-nabidne-uchvatnou-rooftop-restauraci-a-bar-fly-vista\/#article\",\"isPartOf\":{\"@id\":\"https:\/\/hotelhouse.cz\/index.php\/2024\/06\/13\/nove-otevrene-8-a-9-patro-v-maji-narodni-nabidne-uchvatnou-rooftop-restauraci-a-bar-fly-vista\/\"},\"author\":{\"name\":\"Van\u011bk Miroslav\",\"@id\":\"https:\/\/hotelhouse.cz\/#\/schema\/person\/fa8caee3f0a9c6134afed3c541204812\"},\"headline\":\"Nov\u011b otev\u0159en\u00e9 8. a 9. patro v M\u00e1ji N\u00e1rodn\u00ed nab\u00eddne \u00fachvatnou rooftop restauraci a bar Fly Vista\",\"datePublished\":\"2024-06-12T22:01:17+00:00\",\"dateModified\":\"2024-06-11T00:56:58+00:00\",\"mainEntityOfPage\":{\"@id\":\"https:\/\/hotelhouse.cz\/index.php\/2024\/06\/13\/nove-otevrene-8-a-9-patro-v-maji-narodni-nabidne-uchvatnou-rooftop-restauraci-a-bar-fly-vista\/\"},\"wordCount\":655,\"publisher\":{\"@id\":\"https:\/\/hotelhouse.cz\/#organization\"},\"keywords\":[\"Bar\",\"M\u00e1j N\u00e1rodn\u00ed\",\"pra\u017esk\u00e9 p\u0159\u00edkopy\",\"rooftop\"],\"articleSection\":[\"LOBY &amp; BARY &amp; ALKOHOL\",\"N\u00e1dhern\u00e1M\u00edsta.cz\",\"NaDovolenouDoPrahy.cz\",\"N\u00c1KUPN\u00cd CENTRA\",\"NEWS\"],\"inLanguage\":\"cs\"},{\"@type\":\"WebPage\",\"@id\":\"https:\/\/hotelhouse.cz\/index.php\/2024\/06\/13\/nove-otevrene-8-a-9-patro-v-maji-narodni-nabidne-uchvatnou-rooftop-restauraci-a-bar-fly-vista\/\",\"url\":\"https:\/\/hotelhouse.cz\/index.php\/2024\/06\/13\/nove-otevrene-8-a-9-patro-v-maji-narodni-nabidne-uchvatnou-rooftop-restauraci-a-bar-fly-vista\/\",\"name\":\"Nov\u011b otev\u0159en\u00e9 8. a 9. patro v M\u00e1ji N\u00e1rodn\u00ed nab\u00eddne \u00fachvatnou rooftop restauraci a bar Fly Vista - HOTELHOUSE.cz\",\"isPartOf\":{\"@id\":\"https:\/\/hotelhouse.cz\/#website\"},\"datePublished\":\"2024-06-12T22:01:17+00:00\",\"dateModified\":\"2024-06-11T00:56:58+00:00\",\"description\":\"Pomyslnou korunkou jedine\u010dn\u00e9ho konceptu je rooftop restaurace a bar Fly Vista v 8. pat\u0159e a v 9. pat\u0159e \u2013 40 metr\u016f nad zem\u00ed \u2013 nejv\u00fd\u0161e polo\u017een\u00e1 panoramatick\u00e1 terasa v centru Prahy s unik\u00e1tn\u00edm 360stup\u0148ov\u00fdm v\u00fdhledem.\",\"breadcrumb\":{\"@id\":\"https:\/\/hotelhouse.cz\/index.php\/2024\/06\/13\/nove-otevrene-8-a-9-patro-v-maji-narodni-nabidne-uchvatnou-rooftop-restauraci-a-bar-fly-vista\/#breadcrumb\"},\"inLanguage\":\"cs\",\"potentialAction\":[{\"@type\":\"ReadAction\",\"target\":[\"https:\/\/hotelhouse.cz\/index.php\/2024\/06\/13\/nove-otevrene-8-a-9-patro-v-maji-narodni-nabidne-uchvatnou-rooftop-restauraci-a-bar-fly-vista\/\"]}]},{\"@type\":\"BreadcrumbList\",\"@id\":\"https:\/\/hotelhouse.cz\/index.php\/2024\/06\/13\/nove-otevrene-8-a-9-patro-v-maji-narodni-nabidne-uchvatnou-rooftop-restauraci-a-bar-fly-vista\/#breadcrumb\",\"itemListElement\":[{\"@type\":\"ListItem\",\"position\":1,\"name\":\"Dom\u016f\",\"item\":\"https:\/\/hotelhouse.cz\/\"},{\"@type\":\"ListItem\",\"position\":2,\"name\":\"Nov\u011b otev\u0159en\u00e9 8. a 9. patro v M\u00e1ji N\u00e1rodn\u00ed nab\u00eddne \u00fachvatnou rooftop restauraci a bar Fly Vista\"}]},{\"@type\":\"WebSite\",\"@id\":\"https:\/\/hotelhouse.cz\/#website\",\"url\":\"https:\/\/hotelhouse.cz\/\",\"name\":\"HOTELHOUSE.cz\",\"description\":\"Port\u00e1l o hotelech, pensionech, spa resortech a restaurac\u00edch...\",\"publisher\":{\"@id\":\"https:\/\/hotelhouse.cz\/#organization\"},\"potentialAction\":[{\"@type\":\"SearchAction\",\"target\":{\"@type\":\"EntryPoint\",\"urlTemplate\":\"https:\/\/hotelhouse.cz\/?s={search_term_string}\"},\"query-input\":\"required name=search_term_string\"}],\"inLanguage\":\"cs\"},{\"@type\":\"Organization\",\"@id\":\"https:\/\/hotelhouse.cz\/#organization\",\"name\":\"HOTELHOUSE.cz\",\"url\":\"https:\/\/hotelhouse.cz\/\",\"logo\":{\"@type\":\"ImageObject\",\"inLanguage\":\"cs\",\"@id\":\"https:\/\/hotelhouse.cz\/#\/schema\/logo\/image\/\",\"url\":\"https:\/\/hotelhouse.cz\/wp-content\/uploads\/2024\/12\/cropped-Logo_HotelHouse-2.jpg\",\"contentUrl\":\"https:\/\/hotelhouse.cz\/wp-content\/uploads\/2024\/12\/cropped-Logo_HotelHouse-2.jpg\",\"width\":933,\"height\":516,\"caption\":\"HOTELHOUSE.cz\"},\"image\":{\"@id\":\"https:\/\/hotelhouse.cz\/#\/schema\/logo\/image\/\"},\"sameAs\":[\"https:\/\/www.instagram.com\/hotelhousecz\/\"]},{\"@type\":\"Person\",\"@id\":\"https:\/\/hotelhouse.cz\/#\/schema\/person\/fa8caee3f0a9c6134afed3c541204812\",\"name\":\"Van\u011bk Miroslav\",\"image\":{\"@type\":\"ImageObject\",\"inLanguage\":\"cs\",\"@id\":\"https:\/\/hotelhouse.cz\/#\/schema\/person\/image\/\",\"url\":\"https:\/\/secure.gravatar.com\/avatar\/cc93dbecbfc820d69a964ea4a1c72377?s=96&d=mm&r=g\",\"contentUrl\":\"https:\/\/secure.gravatar.com\/avatar\/cc93dbecbfc820d69a964ea4a1c72377?s=96&d=mm&r=g\",\"caption\":\"Van\u011bk Miroslav\"},\"sameAs\":[\"http:\/\/www.hotelhouse.cz\"],\"url\":\"https:\/\/hotelhouse.cz\/index.php\/author\/mirvan\/\"}]}<\/script>\n<!-- \/ Yoast SEO plugin. -->","yoast_head_json":{"title":"Nov\u011b otev\u0159en\u00e9 8. a 9. patro v M\u00e1ji N\u00e1rodn\u00ed nab\u00eddne \u00fachvatnou rooftop restauraci a bar Fly Vista - HOTELHOUSE.cz","description":"Pomyslnou korunkou jedine\u010dn\u00e9ho konceptu je rooftop restaurace a bar Fly Vista v 8. pat\u0159e a v 9. pat\u0159e \u2013 40 metr\u016f nad zem\u00ed \u2013 nejv\u00fd\u0161e polo\u017een\u00e1 panoramatick\u00e1 terasa v centru Prahy s unik\u00e1tn\u00edm 360stup\u0148ov\u00fdm v\u00fdhledem.","robots":{"index":"index","follow":"follow","max-snippet":"max-snippet:-1","max-image-preview":"max-image-preview:large","max-video-preview":"max-video-preview:-1"},"canonical":"https:\/\/hotelhouse.cz\/index.php\/2024\/06\/13\/nove-otevrene-8-a-9-patro-v-maji-narodni-nabidne-uchvatnou-rooftop-restauraci-a-bar-fly-vista\/","og_locale":"cs_CZ","og_type":"article","og_title":"Nov\u011b otev\u0159en\u00e9 8. a 9. patro v M\u00e1ji N\u00e1rodn\u00ed nab\u00eddne \u00fachvatnou rooftop restauraci a bar Fly Vista - HOTELHOUSE.cz","og_description":"Pomyslnou korunkou jedine\u010dn\u00e9ho konceptu je rooftop restaurace a bar Fly Vista v 8. pat\u0159e a v 9. pat\u0159e \u2013 40 metr\u016f nad zem\u00ed \u2013 nejv\u00fd\u0161e polo\u017een\u00e1 panoramatick\u00e1 terasa v centru Prahy s unik\u00e1tn\u00edm 360stup\u0148ov\u00fdm v\u00fdhledem.","og_url":"https:\/\/hotelhouse.cz\/index.php\/2024\/06\/13\/nove-otevrene-8-a-9-patro-v-maji-narodni-nabidne-uchvatnou-rooftop-restauraci-a-bar-fly-vista\/","og_site_name":"HOTELHOUSE.cz","article_published_time":"2024-06-12T22:01:17+00:00","article_modified_time":"2024-06-11T00:56:58+00:00","og_image":[{"width":2048,"height":1285,"url":"https:\/\/hotelhouse.cz\/wp-content\/uploads\/2024\/06\/438160307_122134138958222884_86811157.jpg","type":"image\/jpeg"}],"author":"Van\u011bk Miroslav","twitter_card":"summary_large_image","twitter_misc":{"Napsal(a)":"Van\u011bk Miroslav","Odhadovan\u00e1 doba \u010dten\u00ed":"6 minut"},"schema":{"@context":"https:\/\/schema.org","@graph":[{"@type":"Article","@id":"https:\/\/hotelhouse.cz\/index.php\/2024\/06\/13\/nove-otevrene-8-a-9-patro-v-maji-narodni-nabidne-uchvatnou-rooftop-restauraci-a-bar-fly-vista\/#article","isPartOf":{"@id":"https:\/\/hotelhouse.cz\/index.php\/2024\/06\/13\/nove-otevrene-8-a-9-patro-v-maji-narodni-nabidne-uchvatnou-rooftop-restauraci-a-bar-fly-vista\/"},"author":{"name":"Van\u011bk Miroslav","@id":"https:\/\/hotelhouse.cz\/#\/schema\/person\/fa8caee3f0a9c6134afed3c541204812"},"headline":"Nov\u011b otev\u0159en\u00e9 8. a 9. patro v M\u00e1ji N\u00e1rodn\u00ed nab\u00eddne \u00fachvatnou rooftop restauraci a bar Fly Vista","datePublished":"2024-06-12T22:01:17+00:00","dateModified":"2024-06-11T00:56:58+00:00","mainEntityOfPage":{"@id":"https:\/\/hotelhouse.cz\/index.php\/2024\/06\/13\/nove-otevrene-8-a-9-patro-v-maji-narodni-nabidne-uchvatnou-rooftop-restauraci-a-bar-fly-vista\/"},"wordCount":655,"publisher":{"@id":"https:\/\/hotelhouse.cz\/#organization"},"keywords":["Bar","M\u00e1j N\u00e1rodn\u00ed","pra\u017esk\u00e9 p\u0159\u00edkopy","rooftop"],"articleSection":["LOBY &amp; BARY &amp; ALKOHOL","N\u00e1dhern\u00e1M\u00edsta.cz","NaDovolenouDoPrahy.cz","N\u00c1KUPN\u00cd CENTRA","NEWS"],"inLanguage":"cs"},{"@type":"WebPage","@id":"https:\/\/hotelhouse.cz\/index.php\/2024\/06\/13\/nove-otevrene-8-a-9-patro-v-maji-narodni-nabidne-uchvatnou-rooftop-restauraci-a-bar-fly-vista\/","url":"https:\/\/hotelhouse.cz\/index.php\/2024\/06\/13\/nove-otevrene-8-a-9-patro-v-maji-narodni-nabidne-uchvatnou-rooftop-restauraci-a-bar-fly-vista\/","name":"Nov\u011b otev\u0159en\u00e9 8. a 9. patro v M\u00e1ji N\u00e1rodn\u00ed nab\u00eddne \u00fachvatnou rooftop restauraci a bar Fly Vista - HOTELHOUSE.cz","isPartOf":{"@id":"https:\/\/hotelhouse.cz\/#website"},"datePublished":"2024-06-12T22:01:17+00:00","dateModified":"2024-06-11T00:56:58+00:00","description":"Pomyslnou korunkou jedine\u010dn\u00e9ho konceptu je rooftop restaurace a bar Fly Vista v 8. pat\u0159e a v 9. pat\u0159e \u2013 40 metr\u016f nad zem\u00ed \u2013 nejv\u00fd\u0161e polo\u017een\u00e1 panoramatick\u00e1 terasa v centru Prahy s unik\u00e1tn\u00edm 360stup\u0148ov\u00fdm v\u00fdhledem.","breadcrumb":{"@id":"https:\/\/hotelhouse.cz\/index.php\/2024\/06\/13\/nove-otevrene-8-a-9-patro-v-maji-narodni-nabidne-uchvatnou-rooftop-restauraci-a-bar-fly-vista\/#breadcrumb"},"inLanguage":"cs","potentialAction":[{"@type":"ReadAction","target":["https:\/\/hotelhouse.cz\/index.php\/2024\/06\/13\/nove-otevrene-8-a-9-patro-v-maji-narodni-nabidne-uchvatnou-rooftop-restauraci-a-bar-fly-vista\/"]}]},{"@type":"BreadcrumbList","@id":"https:\/\/hotelhouse.cz\/index.php\/2024\/06\/13\/nove-otevrene-8-a-9-patro-v-maji-narodni-nabidne-uchvatnou-rooftop-restauraci-a-bar-fly-vista\/#breadcrumb","itemListElement":[{"@type":"ListItem","position":1,"name":"Dom\u016f","item":"https:\/\/hotelhouse.cz\/"},{"@type":"ListItem","position":2,"name":"Nov\u011b otev\u0159en\u00e9 8. a 9. patro v M\u00e1ji N\u00e1rodn\u00ed nab\u00eddne \u00fachvatnou rooftop restauraci a bar Fly Vista"}]},{"@type":"WebSite","@id":"https:\/\/hotelhouse.cz\/#website","url":"https:\/\/hotelhouse.cz\/","name":"HOTELHOUSE.cz","description":"Port\u00e1l o hotelech, pensionech, spa resortech a restaurac\u00edch...","publisher":{"@id":"https:\/\/hotelhouse.cz\/#organization"},"potentialAction":[{"@type":"SearchAction","target":{"@type":"EntryPoint","urlTemplate":"https:\/\/hotelhouse.cz\/?s={search_term_string}"},"query-input":"required name=search_term_string"}],"inLanguage":"cs"},{"@type":"Organization","@id":"https:\/\/hotelhouse.cz\/#organization","name":"HOTELHOUSE.cz","url":"https:\/\/hotelhouse.cz\/","logo":{"@type":"ImageObject","inLanguage":"cs","@id":"https:\/\/hotelhouse.cz\/#\/schema\/logo\/image\/","url":"https:\/\/hotelhouse.cz\/wp-content\/uploads\/2024\/12\/cropped-Logo_HotelHouse-2.jpg","contentUrl":"https:\/\/hotelhouse.cz\/wp-content\/uploads\/2024\/12\/cropped-Logo_HotelHouse-2.jpg","width":933,"height":516,"caption":"HOTELHOUSE.cz"},"image":{"@id":"https:\/\/hotelhouse.cz\/#\/schema\/logo\/image\/"},"sameAs":["https:\/\/www.instagram.com\/hotelhousecz\/"]},{"@type":"Person","@id":"https:\/\/hotelhouse.cz\/#\/schema\/person\/fa8caee3f0a9c6134afed3c541204812","name":"Van\u011bk Miroslav","image":{"@type":"ImageObject","inLanguage":"cs","@id":"https:\/\/hotelhouse.cz\/#\/schema\/person\/image\/","url":"https:\/\/secure.gravatar.com\/avatar\/cc93dbecbfc820d69a964ea4a1c72377?s=96&d=mm&r=g","contentUrl":"https:\/\/secure.gravatar.com\/avatar\/cc93dbecbfc820d69a964ea4a1c72377?s=96&d=mm&r=g","caption":"Van\u011bk Miroslav"},"sameAs":["http:\/\/www.hotelhouse.cz"],"url":"https:\/\/hotelhouse.cz\/index.php\/author\/mirvan\/"}]}},"_links":{"self":[{"href":"https:\/\/hotelhouse.cz\/index.php\/wp-json\/wp\/v2\/posts\/6306"}],"collection":[{"href":"https:\/\/hotelhouse.cz\/index.php\/wp-json\/wp\/v2\/posts"}],"about":[{"href":"https:\/\/hotelhouse.cz\/index.php\/wp-json\/wp\/v2\/types\/post"}],"author":[{"embeddable":true,"href":"https:\/\/hotelhouse.cz\/index.php\/wp-json\/wp\/v2\/users\/3"}],"replies":[{"embeddable":true,"href":"https:\/\/hotelhouse.cz\/index.php\/wp-json\/wp\/v2\/comments?post=6306"}],"version-history":[{"count":1,"href":"https:\/\/hotelhouse.cz\/index.php\/wp-json\/wp\/v2\/posts\/6306\/revisions"}],"predecessor-version":[{"id":6308,"href":"https:\/\/hotelhouse.cz\/index.php\/wp-json\/wp\/v2\/posts\/6306\/revisions\/6308"}],"wp:featuredmedia":[{"embeddable":true,"href":"https:\/\/hotelhouse.cz\/index.php\/wp-json\/wp\/v2\/media\/6307"}],"wp:attachment":[{"href":"https:\/\/hotelhouse.cz\/index.php\/wp-json\/wp\/v2\/media?parent=6306"}],"wp:term":[{"taxonomy":"category","embeddable":true,"href":"https:\/\/hotelhouse.cz\/index.php\/wp-json\/wp\/v2\/categories?post=6306"},{"taxonomy":"post_tag","embeddable":true,"href":"https:\/\/hotelhouse.cz\/index.php\/wp-json\/wp\/v2\/tags?post=6306"}],"curies":[{"name":"wp","href":"https:\/\/api.w.org\/{rel}","templated":true}]}}