{"id":6318,"date":"2024-06-17T00:26:00","date_gmt":"2024-06-16T22:26:00","guid":{"rendered":"https:\/\/hotelhouse.cz\/?p=6318"},"modified":"2024-06-17T02:34:13","modified_gmt":"2024-06-17T00:34:13","slug":"maj-narodni-oblibena-prodejna-tesco-se-vraci-jiz-tento-mesic","status":"publish","type":"post","link":"https:\/\/hotelhouse.cz\/index.php\/2024\/06\/17\/maj-narodni-oblibena-prodejna-tesco-se-vraci-jiz-tento-mesic\/","title":{"rendered":"M\u00e1j N\u00e1rodn\u00ed: Obl\u00edben\u00e1 prodejna Tesco se vrac\u00ed ji\u017e tento m\u011bs\u00edc"},"content":{"rendered":"\n<div style=\"height:45px\" aria-hidden=\"true\" class=\"wp-block-spacer\"><\/div>\n\n\n\n<p><strong>Slavnostn\u00ed otev\u0159en\u00ed prodejny Tesco v obchodn\u00edm dom\u011b M\u00e1j na <a href=\"https:\/\/narodniulice.cz\/\">pra\u017esk\u00e9 ulici N\u00e1rodn\u00ed<\/a> prob\u011bhne v pond\u011bl\u00ed 24. \u010dervna v 9:00 hodin. Prostor a nab\u00eddka sortimentu jsou \u0159e\u0161eny unik\u00e1tn\u00edm zp\u016fsobem, kter\u00fd p\u0159esn\u011b odpov\u00edd\u00e1 um\u00edst\u011bn\u00ed v centru m\u011bsta a jeho n\u00e1v\u0161t\u011bvn\u00edk\u016fm. Z\u00e1rove\u0148 zde bude nov\u011b otev\u0159ena prodejna \u017dabky.<\/strong><\/p>\n\n\n\n<div style=\"height:45px\" aria-hidden=\"true\" class=\"wp-block-spacer\"><\/div>\n\n\n<div class=\"wp-block-image\">\n<figure class=\"aligncenter size-large\"><img decoding=\"async\" loading=\"lazy\" width=\"1024\" height=\"683\" src=\"https:\/\/hotelhouse.cz\/wp-content\/uploads\/2024\/06\/Nabidka-sortimentu-se-zameri-zejmena-na-cerstve-potraviny-1024x683.jpg\" alt=\"M\u00e1j N\u00e1rodn\u00ed: Obl\u00edben\u00e1 prodejna Tesco se vrac\u00ed ji\u017e tento m\u011bs\u00edc\" class=\"wp-image-6319\" srcset=\"https:\/\/hotelhouse.cz\/wp-content\/uploads\/2024\/06\/Nabidka-sortimentu-se-zameri-zejmena-na-cerstve-potraviny-1024x683.jpg 1024w, https:\/\/hotelhouse.cz\/wp-content\/uploads\/2024\/06\/Nabidka-sortimentu-se-zameri-zejmena-na-cerstve-potraviny-300x200.jpg 300w, https:\/\/hotelhouse.cz\/wp-content\/uploads\/2024\/06\/Nabidka-sortimentu-se-zameri-zejmena-na-cerstve-potraviny-768x512.jpg 768w, https:\/\/hotelhouse.cz\/wp-content\/uploads\/2024\/06\/Nabidka-sortimentu-se-zameri-zejmena-na-cerstve-potraviny-1536x1024.jpg 1536w, https:\/\/hotelhouse.cz\/wp-content\/uploads\/2024\/06\/Nabidka-sortimentu-se-zameri-zejmena-na-cerstve-potraviny.jpg 2048w\" sizes=\"(max-width: 1024px) 100vw, 1024px\" \/><\/figure><\/div>\n\n\n<div style=\"height:45px\" aria-hidden=\"true\" class=\"wp-block-spacer\"><\/div>\n\n\n\n<p>\u201e<em>Prodejna Tesco na N\u00e1rodn\u00ed t\u0159\u00edd\u011b pat\u0159\u00ed mezi vlajkov\u00e9 lod\u011b na\u0161\u00ed spole\u010dnosti a p\u0159edstavuje jednu z na\u0161ich prvn\u00edch prodejen, kter\u00e9 jsme na \u010desk\u00e9m trhu otev\u0159eli. M\u00e1me proto obrovskou radost, \u017ee budeme m\u00edt p\u0159\u00edle\u017eitost otev\u0159\u00edt prodejnu po kompletn\u00ed rekonstrukci v nov\u00e9m modern\u00edm designu, kter\u00fd zat\u00edm jinde nepou\u017e\u00edv\u00e1me. Pro spole\u010dnost Tesco je znovuotev\u0159en\u00ed v\u011bhlasn\u00e9 prodejny v\u00fdznamn\u00fdm krokem v pl\u00e1novan\u00e9m r\u016fstu, z\u00e1rove\u0148 je pro n\u00e1s z\u00e1vazkem p\u016fsobit jako odpov\u011bdn\u00e1 firma a podporovat m\u00edstn\u00ed komunity. P\u0159i p\u0159\u00edle\u017eitosti otev\u0159en\u00ed nov\u00e9 prodejny podpo\u0159\u00edme p\u0159\u00edsp\u011bvkem 50 000 korun m\u00edstn\u00ed organizaci \u017divot 90. Obchod bude darovat sv\u00e9 potravinov\u00e9 p\u0159ebytky Potravinov\u00e9 bance pro Prahu a St\u0159edo\u010desk\u00fd kraj<\/em>,\u201c<strong> \u0159\u00edk\u00e1 Katar\u00edna Navr\u00e1tilov\u00e1, gener\u00e1ln\u00ed \u0159editelka spole\u010dnosti Tesco \u010cesk\u00e1 republika<\/strong>.<\/p>\n\n\n\n<div style=\"height:45px\" aria-hidden=\"true\" class=\"wp-block-spacer\"><\/div>\n\n\n<div class=\"wp-block-image\">\n<figure class=\"aligncenter size-large\"><img decoding=\"async\" src=\"https:\/\/prazskeprikopy.cz\/wp-content\/uploads\/2024\/06\/Prodejna-Tesco-na-Narodni-bude-mit-unikatni-rozvrzeni-1024x576.jpg\" alt=\"M\u00e1j N\u00e1rodn\u00ed: Obl\u00edben\u00e1 prodejna Tesco se vrac\u00ed ji\u017e tento m\u011bs\u00edc\" class=\"wp-image-6561\"\/><\/figure><\/div>\n\n\n<div style=\"height:45px\" aria-hidden=\"true\" class=\"wp-block-spacer\"><\/div>\n\n\n\n<p>Prostor, design i nab\u00eddka sortimentu jsou \u0159e\u0161eny unik\u00e1tn\u00edm zp\u016fsobem vytvo\u0159en\u00fdm speci\u00e1ln\u011b pro tuto prodejnu. Pro navozen\u00ed p\u0159\u00edjemn\u011bj\u0161\u00edho prost\u0159ed\u00ed firma vyu\u017e\u00edv\u00e1 v\u00edce d\u0159ev\u011bn\u00fdch prvk\u016f ne\u017e v&nbsp;jin\u00fdch prodejn\u00e1ch. V&nbsp;pek\u00e1rn\u011b a v&nbsp;pokladn\u00ed z\u00f3n\u011b je zvolen design cihlov\u00e9 fas\u00e1dy. Na n\u011bkolika m\u00edstech jsou na reg\u00e1lech um\u00edst\u011bny v\u00fdrazn\u00e9 brandov\u00e9 r\u00e1my pro speci\u00e1ln\u00ed vystaven\u00ed zbo\u017e\u00ed. Nab\u00eddka sortimentu se prim\u00e1rn\u011b zam\u011b\u0159\u00ed na \u010derstv\u00e9 potraviny jako ovoce, zeleninu, pe\u010divo, ml\u00e9\u010dn\u00e9 v\u00fdrobky, rostlinn\u00e9 alternativy, d\u00e1le pak r\u016fzn\u00e9 snacky, v\u00fdhodn\u00e1 menu ide\u00e1ln\u00ed na ob\u011bdy a sva\u010diny, hotov\u00e1 j\u00eddla, nealkoholick\u00e9 i alkoholick\u00e9 n\u00e1poje, zahrani\u010dn\u00ed kuchyn\u011b a pr\u00e9miov\u00e9 zbo\u017e\u00ed. K dispozici budou tak\u00e9 slu\u017eby virtu\u00e1ln\u00edho oper\u00e1tora Tesco Mobile.<\/p>\n\n\n\n<div style=\"height:45px\" aria-hidden=\"true\" class=\"wp-block-spacer\"><\/div>\n\n\n<div class=\"wp-block-image\">\n<figure class=\"aligncenter size-large\"><img decoding=\"async\" src=\"https:\/\/prazskeprikopy.cz\/wp-content\/uploads\/2024\/05\/443718946_904009715074122_443017283697934061_n-1024x683.jpg\" alt=\"M\u00e1j N\u00e1rodn\u00ed: Obl\u00edben\u00e1 prodejna Tesco se vrac\u00ed ji\u017e tento m\u011bs\u00edc\" class=\"wp-image-6004\"\/><\/figure><\/div>\n\n\n<div style=\"height:44px\" aria-hidden=\"true\" class=\"wp-block-spacer\"><\/div>\n\n\n\n<p><strong>U p\u0159\u00edle\u017eitosti slavnostn\u00edho otev\u0159en\u00ed prodejny v\u011brn\u00fdm z\u00e1kazn\u00edk\u016fm s&nbsp;programem Clubcard Tesco nab\u00eddne slevu ve v\u00fd\u0161i 20 % na ve\u0161ker\u00fd sortiment v&nbsp;prvn\u00edch dvou dnech (24.-25. \u010dervna). Prvn\u00ed z\u00e1kazn\u00edci dostanou jako d\u00e1rek na oslavu \u0161umiv\u00e9 v\u00edno.<\/strong><\/p>\n\n\n\n<div style=\"height:20px\" aria-hidden=\"true\" class=\"wp-block-spacer\"><\/div>\n\n\n\n<p><strong>Prodejna Tesco bude op\u011bt um\u00edst\u011bna v&nbsp;podzemn\u00edm pat\u0159e. Nov\u011b v&nbsp;p\u0159\u00edzem\u00ed pak bude otev\u0159ena prodejna \u017dabka.<\/strong><\/p>\n\n\n\n<div style=\"height:100px\" aria-hidden=\"true\" class=\"wp-block-spacer\"><\/div>\n\n\n\n<figure class=\"wp-block-gallery has-nested-images columns-2 is-cropped wp-block-gallery-1 is-layout-flex wp-block-gallery-is-layout-flex\">\n<figure class=\"wp-block-image size-large\"><img decoding=\"async\" data-id=\"6562\" src=\"https:\/\/prazskeprikopy.cz\/wp-content\/uploads\/2024\/06\/Nabidka-sortimentu-se-zameri-zejmena-na-cerstve-potraviny-1024x683.jpg\" alt=\"M\u00e1j N\u00e1rodn\u00ed: Obl\u00edben\u00e1 prodejna Tesco se vrac\u00ed ji\u017e tento m\u011bs\u00edc\" class=\"wp-image-6562\"\/><\/figure>\n\n\n\n<figure class=\"wp-block-image size-large\"><img decoding=\"async\" data-id=\"6561\" src=\"https:\/\/prazskeprikopy.cz\/wp-content\/uploads\/2024\/06\/Prodejna-Tesco-na-Narodni-bude-mit-unikatni-rozvrzeni-1024x576.jpg\" alt=\"M\u00e1j N\u00e1rodn\u00ed: Obl\u00edben\u00e1 prodejna Tesco se vrac\u00ed ji\u017e tento m\u011bs\u00edc\" class=\"wp-image-6561\"\/><\/figure>\n\n\n\n<figure class=\"wp-block-image size-large\"><img decoding=\"async\" data-id=\"6054\" src=\"https:\/\/prazskeprikopy.cz\/wp-content\/uploads\/2024\/05\/443718946_904009715074122_443017283697934061_n-1-1024x683.jpg\" alt=\"M\u00e1j N\u00e1rodn\u00ed: Obl\u00edben\u00e1 prodejna Tesco se vrac\u00ed ji\u017e tento m\u011bs\u00edc\" class=\"wp-image-6054\"\/><\/figure>\n<\/figure>\n\n\n\n<div style=\"height:30px\" aria-hidden=\"true\" class=\"wp-block-spacer\"><\/div>\n\n\n\n<p><strong>Zdroj foto:<\/strong> Tesco<\/p>\n\n\n\n<div style=\"height:100px\" aria-hidden=\"true\" class=\"wp-block-spacer\"><\/div>\n","protected":false},"excerpt":{"rendered":"<p>Slavnostn\u00ed otev\u0159en\u00ed prodejny Tesco v obchodn\u00edm dom\u011b M\u00e1j na pra\u017esk\u00e9 ulici N\u00e1rodn\u00ed prob\u011bhne v pond\u011bl\u00ed 24. \u010dervna v 9:00 hodin. Prostor a nab\u00eddka sortimentu jsou \u0159e\u0161eny unik\u00e1tn\u00edm zp\u016fsobem, kter\u00fd p\u0159esn\u011b odpov\u00edd\u00e1 um\u00edst\u011bn\u00ed v centru&#46;&#46;&#46;<\/p>\n","protected":false},"author":3,"featured_media":6319,"comment_status":"closed","ping_status":"closed","sticky":false,"template":"","format":"standard","meta":{"_monsterinsights_skip_tracking":false,"_monsterinsights_sitenote_active":false,"_monsterinsights_sitenote_note":"","_monsterinsights_sitenote_category":0,"footnotes":""},"categories":[29,2],"tags":[],"yoast_head":"<!-- This site is optimized with the Yoast SEO plugin v21.5 - https:\/\/yoast.com\/wordpress\/plugins\/seo\/ -->\n<title>M\u00e1j N\u00e1rodn\u00ed: Obl\u00edben\u00e1 prodejna Tesco se vrac\u00ed ji\u017e tento m\u011bs\u00edc - HOTELHOUSE.cz<\/title>\n<meta name=\"description\" content=\"Slavnostn\u00ed otev\u0159en\u00ed prodejny Tesco v obchodn\u00edm dom\u011b M\u00e1j na pra\u017esk\u00e9 ulici N\u00e1rodn\u00ed prob\u011bhne v pond\u011bl\u00ed 24. \u010dervna v 9:00 hodin.\" \/>\n<meta name=\"robots\" content=\"index, follow, max-snippet:-1, max-image-preview:large, max-video-preview:-1\" \/>\n<link rel=\"canonical\" href=\"https:\/\/hotelhouse.cz\/index.php\/2024\/06\/17\/maj-narodni-oblibena-prodejna-tesco-se-vraci-jiz-tento-mesic\/\" \/>\n<meta property=\"og:locale\" content=\"cs_CZ\" \/>\n<meta property=\"og:type\" content=\"article\" \/>\n<meta property=\"og:title\" content=\"M\u00e1j N\u00e1rodn\u00ed: Obl\u00edben\u00e1 prodejna Tesco se vrac\u00ed ji\u017e tento m\u011bs\u00edc - HOTELHOUSE.cz\" \/>\n<meta property=\"og:description\" content=\"Slavnostn\u00ed otev\u0159en\u00ed prodejny Tesco v obchodn\u00edm dom\u011b M\u00e1j na pra\u017esk\u00e9 ulici N\u00e1rodn\u00ed prob\u011bhne v pond\u011bl\u00ed 24. \u010dervna v 9:00 hodin.\" \/>\n<meta property=\"og:url\" content=\"https:\/\/hotelhouse.cz\/index.php\/2024\/06\/17\/maj-narodni-oblibena-prodejna-tesco-se-vraci-jiz-tento-mesic\/\" \/>\n<meta property=\"og:site_name\" content=\"HOTELHOUSE.cz\" \/>\n<meta property=\"article:published_time\" content=\"2024-06-16T22:26:00+00:00\" \/>\n<meta property=\"article:modified_time\" content=\"2024-06-17T00:34:13+00:00\" \/>\n<meta property=\"og:image\" content=\"https:\/\/hotelhouse.cz\/wp-content\/uploads\/2024\/06\/Nabidka-sortimentu-se-zameri-zejmena-na-cerstve-potraviny.jpg\" \/>\n\t<meta property=\"og:image:width\" content=\"2048\" \/>\n\t<meta property=\"og:image:height\" content=\"1365\" \/>\n\t<meta property=\"og:image:type\" content=\"image\/jpeg\" \/>\n<meta name=\"author\" content=\"Van\u011bk Miroslav\" \/>\n<meta name=\"twitter:card\" content=\"summary_large_image\" \/>\n<meta name=\"twitter:label1\" content=\"Napsal(a)\" \/>\n\t<meta name=\"twitter:data1\" content=\"Van\u011bk Miroslav\" \/>\n\t<meta name=\"twitter:label2\" content=\"Odhadovan\u00e1 doba \u010dten\u00ed\" \/>\n\t<meta name=\"twitter:data2\" content=\"3 minuty\" \/>\n<script type=\"application\/ld+json\" class=\"yoast-schema-graph\">{\"@context\":\"https:\/\/schema.org\",\"@graph\":[{\"@type\":\"Article\",\"@id\":\"https:\/\/hotelhouse.cz\/index.php\/2024\/06\/17\/maj-narodni-oblibena-prodejna-tesco-se-vraci-jiz-tento-mesic\/#article\",\"isPartOf\":{\"@id\":\"https:\/\/hotelhouse.cz\/index.php\/2024\/06\/17\/maj-narodni-oblibena-prodejna-tesco-se-vraci-jiz-tento-mesic\/\"},\"author\":{\"name\":\"Van\u011bk Miroslav\",\"@id\":\"https:\/\/hotelhouse.cz\/#\/schema\/person\/fa8caee3f0a9c6134afed3c541204812\"},\"headline\":\"M\u00e1j N\u00e1rodn\u00ed: Obl\u00edben\u00e1 prodejna Tesco se vrac\u00ed ji\u017e tento m\u011bs\u00edc\",\"datePublished\":\"2024-06-16T22:26:00+00:00\",\"dateModified\":\"2024-06-17T00:34:13+00:00\",\"mainEntityOfPage\":{\"@id\":\"https:\/\/hotelhouse.cz\/index.php\/2024\/06\/17\/maj-narodni-oblibena-prodejna-tesco-se-vraci-jiz-tento-mesic\/\"},\"wordCount\":463,\"publisher\":{\"@id\":\"https:\/\/hotelhouse.cz\/#organization\"},\"articleSection\":[\"N\u00c1KUPN\u00cd CENTRA\",\"NEWS\"],\"inLanguage\":\"cs\"},{\"@type\":\"WebPage\",\"@id\":\"https:\/\/hotelhouse.cz\/index.php\/2024\/06\/17\/maj-narodni-oblibena-prodejna-tesco-se-vraci-jiz-tento-mesic\/\",\"url\":\"https:\/\/hotelhouse.cz\/index.php\/2024\/06\/17\/maj-narodni-oblibena-prodejna-tesco-se-vraci-jiz-tento-mesic\/\",\"name\":\"M\u00e1j N\u00e1rodn\u00ed: Obl\u00edben\u00e1 prodejna Tesco se vrac\u00ed ji\u017e tento m\u011bs\u00edc - HOTELHOUSE.cz\",\"isPartOf\":{\"@id\":\"https:\/\/hotelhouse.cz\/#website\"},\"datePublished\":\"2024-06-16T22:26:00+00:00\",\"dateModified\":\"2024-06-17T00:34:13+00:00\",\"description\":\"Slavnostn\u00ed otev\u0159en\u00ed prodejny Tesco v obchodn\u00edm dom\u011b M\u00e1j na pra\u017esk\u00e9 ulici N\u00e1rodn\u00ed prob\u011bhne v pond\u011bl\u00ed 24. \u010dervna v 9:00 hodin.\",\"breadcrumb\":{\"@id\":\"https:\/\/hotelhouse.cz\/index.php\/2024\/06\/17\/maj-narodni-oblibena-prodejna-tesco-se-vraci-jiz-tento-mesic\/#breadcrumb\"},\"inLanguage\":\"cs\",\"potentialAction\":[{\"@type\":\"ReadAction\",\"target\":[\"https:\/\/hotelhouse.cz\/index.php\/2024\/06\/17\/maj-narodni-oblibena-prodejna-tesco-se-vraci-jiz-tento-mesic\/\"]}]},{\"@type\":\"BreadcrumbList\",\"@id\":\"https:\/\/hotelhouse.cz\/index.php\/2024\/06\/17\/maj-narodni-oblibena-prodejna-tesco-se-vraci-jiz-tento-mesic\/#breadcrumb\",\"itemListElement\":[{\"@type\":\"ListItem\",\"position\":1,\"name\":\"Dom\u016f\",\"item\":\"https:\/\/hotelhouse.cz\/\"},{\"@type\":\"ListItem\",\"position\":2,\"name\":\"M\u00e1j N\u00e1rodn\u00ed: Obl\u00edben\u00e1 prodejna Tesco se vrac\u00ed ji\u017e tento m\u011bs\u00edc\"}]},{\"@type\":\"WebSite\",\"@id\":\"https:\/\/hotelhouse.cz\/#website\",\"url\":\"https:\/\/hotelhouse.cz\/\",\"name\":\"HOTELHOUSE.cz\",\"description\":\"Port\u00e1l o hotelech, pensionech, spa resortech a restaurac\u00edch...\",\"publisher\":{\"@id\":\"https:\/\/hotelhouse.cz\/#organization\"},\"potentialAction\":[{\"@type\":\"SearchAction\",\"target\":{\"@type\":\"EntryPoint\",\"urlTemplate\":\"https:\/\/hotelhouse.cz\/?s={search_term_string}\"},\"query-input\":\"required name=search_term_string\"}],\"inLanguage\":\"cs\"},{\"@type\":\"Organization\",\"@id\":\"https:\/\/hotelhouse.cz\/#organization\",\"name\":\"HOTELHOUSE.cz\",\"url\":\"https:\/\/hotelhouse.cz\/\",\"logo\":{\"@type\":\"ImageObject\",\"inLanguage\":\"cs\",\"@id\":\"https:\/\/hotelhouse.cz\/#\/schema\/logo\/image\/\",\"url\":\"https:\/\/hotelhouse.cz\/wp-content\/uploads\/2024\/12\/cropped-Logo_HotelHouse-2.jpg\",\"contentUrl\":\"https:\/\/hotelhouse.cz\/wp-content\/uploads\/2024\/12\/cropped-Logo_HotelHouse-2.jpg\",\"width\":933,\"height\":516,\"caption\":\"HOTELHOUSE.cz\"},\"image\":{\"@id\":\"https:\/\/hotelhouse.cz\/#\/schema\/logo\/image\/\"},\"sameAs\":[\"https:\/\/www.instagram.com\/hotelhousecz\/\"]},{\"@type\":\"Person\",\"@id\":\"https:\/\/hotelhouse.cz\/#\/schema\/person\/fa8caee3f0a9c6134afed3c541204812\",\"name\":\"Van\u011bk Miroslav\",\"image\":{\"@type\":\"ImageObject\",\"inLanguage\":\"cs\",\"@id\":\"https:\/\/hotelhouse.cz\/#\/schema\/person\/image\/\",\"url\":\"https:\/\/secure.gravatar.com\/avatar\/cc93dbecbfc820d69a964ea4a1c72377?s=96&d=mm&r=g\",\"contentUrl\":\"https:\/\/secure.gravatar.com\/avatar\/cc93dbecbfc820d69a964ea4a1c72377?s=96&d=mm&r=g\",\"caption\":\"Van\u011bk Miroslav\"},\"sameAs\":[\"http:\/\/www.hotelhouse.cz\"],\"url\":\"https:\/\/hotelhouse.cz\/index.php\/author\/mirvan\/\"}]}<\/script>\n<!-- \/ Yoast SEO plugin. -->","yoast_head_json":{"title":"M\u00e1j N\u00e1rodn\u00ed: Obl\u00edben\u00e1 prodejna Tesco se vrac\u00ed ji\u017e tento m\u011bs\u00edc - HOTELHOUSE.cz","description":"Slavnostn\u00ed otev\u0159en\u00ed prodejny Tesco v obchodn\u00edm dom\u011b M\u00e1j na pra\u017esk\u00e9 ulici N\u00e1rodn\u00ed prob\u011bhne v pond\u011bl\u00ed 24. \u010dervna v 9:00 hodin.","robots":{"index":"index","follow":"follow","max-snippet":"max-snippet:-1","max-image-preview":"max-image-preview:large","max-video-preview":"max-video-preview:-1"},"canonical":"https:\/\/hotelhouse.cz\/index.php\/2024\/06\/17\/maj-narodni-oblibena-prodejna-tesco-se-vraci-jiz-tento-mesic\/","og_locale":"cs_CZ","og_type":"article","og_title":"M\u00e1j N\u00e1rodn\u00ed: Obl\u00edben\u00e1 prodejna Tesco se vrac\u00ed ji\u017e tento m\u011bs\u00edc - HOTELHOUSE.cz","og_description":"Slavnostn\u00ed otev\u0159en\u00ed prodejny Tesco v obchodn\u00edm dom\u011b M\u00e1j na pra\u017esk\u00e9 ulici N\u00e1rodn\u00ed prob\u011bhne v pond\u011bl\u00ed 24. \u010dervna v 9:00 hodin.","og_url":"https:\/\/hotelhouse.cz\/index.php\/2024\/06\/17\/maj-narodni-oblibena-prodejna-tesco-se-vraci-jiz-tento-mesic\/","og_site_name":"HOTELHOUSE.cz","article_published_time":"2024-06-16T22:26:00+00:00","article_modified_time":"2024-06-17T00:34:13+00:00","og_image":[{"width":2048,"height":1365,"url":"https:\/\/hotelhouse.cz\/wp-content\/uploads\/2024\/06\/Nabidka-sortimentu-se-zameri-zejmena-na-cerstve-potraviny.jpg","type":"image\/jpeg"}],"author":"Van\u011bk Miroslav","twitter_card":"summary_large_image","twitter_misc":{"Napsal(a)":"Van\u011bk Miroslav","Odhadovan\u00e1 doba \u010dten\u00ed":"3 minuty"},"schema":{"@context":"https:\/\/schema.org","@graph":[{"@type":"Article","@id":"https:\/\/hotelhouse.cz\/index.php\/2024\/06\/17\/maj-narodni-oblibena-prodejna-tesco-se-vraci-jiz-tento-mesic\/#article","isPartOf":{"@id":"https:\/\/hotelhouse.cz\/index.php\/2024\/06\/17\/maj-narodni-oblibena-prodejna-tesco-se-vraci-jiz-tento-mesic\/"},"author":{"name":"Van\u011bk Miroslav","@id":"https:\/\/hotelhouse.cz\/#\/schema\/person\/fa8caee3f0a9c6134afed3c541204812"},"headline":"M\u00e1j N\u00e1rodn\u00ed: Obl\u00edben\u00e1 prodejna Tesco se vrac\u00ed ji\u017e tento m\u011bs\u00edc","datePublished":"2024-06-16T22:26:00+00:00","dateModified":"2024-06-17T00:34:13+00:00","mainEntityOfPage":{"@id":"https:\/\/hotelhouse.cz\/index.php\/2024\/06\/17\/maj-narodni-oblibena-prodejna-tesco-se-vraci-jiz-tento-mesic\/"},"wordCount":463,"publisher":{"@id":"https:\/\/hotelhouse.cz\/#organization"},"articleSection":["N\u00c1KUPN\u00cd CENTRA","NEWS"],"inLanguage":"cs"},{"@type":"WebPage","@id":"https:\/\/hotelhouse.cz\/index.php\/2024\/06\/17\/maj-narodni-oblibena-prodejna-tesco-se-vraci-jiz-tento-mesic\/","url":"https:\/\/hotelhouse.cz\/index.php\/2024\/06\/17\/maj-narodni-oblibena-prodejna-tesco-se-vraci-jiz-tento-mesic\/","name":"M\u00e1j N\u00e1rodn\u00ed: Obl\u00edben\u00e1 prodejna Tesco se vrac\u00ed ji\u017e tento m\u011bs\u00edc - HOTELHOUSE.cz","isPartOf":{"@id":"https:\/\/hotelhouse.cz\/#website"},"datePublished":"2024-06-16T22:26:00+00:00","dateModified":"2024-06-17T00:34:13+00:00","description":"Slavnostn\u00ed otev\u0159en\u00ed prodejny Tesco v obchodn\u00edm dom\u011b M\u00e1j na pra\u017esk\u00e9 ulici N\u00e1rodn\u00ed prob\u011bhne v pond\u011bl\u00ed 24. \u010dervna v 9:00 hodin.","breadcrumb":{"@id":"https:\/\/hotelhouse.cz\/index.php\/2024\/06\/17\/maj-narodni-oblibena-prodejna-tesco-se-vraci-jiz-tento-mesic\/#breadcrumb"},"inLanguage":"cs","potentialAction":[{"@type":"ReadAction","target":["https:\/\/hotelhouse.cz\/index.php\/2024\/06\/17\/maj-narodni-oblibena-prodejna-tesco-se-vraci-jiz-tento-mesic\/"]}]},{"@type":"BreadcrumbList","@id":"https:\/\/hotelhouse.cz\/index.php\/2024\/06\/17\/maj-narodni-oblibena-prodejna-tesco-se-vraci-jiz-tento-mesic\/#breadcrumb","itemListElement":[{"@type":"ListItem","position":1,"name":"Dom\u016f","item":"https:\/\/hotelhouse.cz\/"},{"@type":"ListItem","position":2,"name":"M\u00e1j N\u00e1rodn\u00ed: Obl\u00edben\u00e1 prodejna Tesco se vrac\u00ed ji\u017e tento m\u011bs\u00edc"}]},{"@type":"WebSite","@id":"https:\/\/hotelhouse.cz\/#website","url":"https:\/\/hotelhouse.cz\/","name":"HOTELHOUSE.cz","description":"Port\u00e1l o hotelech, pensionech, spa resortech a restaurac\u00edch...","publisher":{"@id":"https:\/\/hotelhouse.cz\/#organization"},"potentialAction":[{"@type":"SearchAction","target":{"@type":"EntryPoint","urlTemplate":"https:\/\/hotelhouse.cz\/?s={search_term_string}"},"query-input":"required name=search_term_string"}],"inLanguage":"cs"},{"@type":"Organization","@id":"https:\/\/hotelhouse.cz\/#organization","name":"HOTELHOUSE.cz","url":"https:\/\/hotelhouse.cz\/","logo":{"@type":"ImageObject","inLanguage":"cs","@id":"https:\/\/hotelhouse.cz\/#\/schema\/logo\/image\/","url":"https:\/\/hotelhouse.cz\/wp-content\/uploads\/2024\/12\/cropped-Logo_HotelHouse-2.jpg","contentUrl":"https:\/\/hotelhouse.cz\/wp-content\/uploads\/2024\/12\/cropped-Logo_HotelHouse-2.jpg","width":933,"height":516,"caption":"HOTELHOUSE.cz"},"image":{"@id":"https:\/\/hotelhouse.cz\/#\/schema\/logo\/image\/"},"sameAs":["https:\/\/www.instagram.com\/hotelhousecz\/"]},{"@type":"Person","@id":"https:\/\/hotelhouse.cz\/#\/schema\/person\/fa8caee3f0a9c6134afed3c541204812","name":"Van\u011bk Miroslav","image":{"@type":"ImageObject","inLanguage":"cs","@id":"https:\/\/hotelhouse.cz\/#\/schema\/person\/image\/","url":"https:\/\/secure.gravatar.com\/avatar\/cc93dbecbfc820d69a964ea4a1c72377?s=96&d=mm&r=g","contentUrl":"https:\/\/secure.gravatar.com\/avatar\/cc93dbecbfc820d69a964ea4a1c72377?s=96&d=mm&r=g","caption":"Van\u011bk Miroslav"},"sameAs":["http:\/\/www.hotelhouse.cz"],"url":"https:\/\/hotelhouse.cz\/index.php\/author\/mirvan\/"}]}},"_links":{"self":[{"href":"https:\/\/hotelhouse.cz\/index.php\/wp-json\/wp\/v2\/posts\/6318"}],"collection":[{"href":"https:\/\/hotelhouse.cz\/index.php\/wp-json\/wp\/v2\/posts"}],"about":[{"href":"https:\/\/hotelhouse.cz\/index.php\/wp-json\/wp\/v2\/types\/post"}],"author":[{"embeddable":true,"href":"https:\/\/hotelhouse.cz\/index.php\/wp-json\/wp\/v2\/users\/3"}],"replies":[{"embeddable":true,"href":"https:\/\/hotelhouse.cz\/index.php\/wp-json\/wp\/v2\/comments?post=6318"}],"version-history":[{"count":1,"href":"https:\/\/hotelhouse.cz\/index.php\/wp-json\/wp\/v2\/posts\/6318\/revisions"}],"predecessor-version":[{"id":6320,"href":"https:\/\/hotelhouse.cz\/index.php\/wp-json\/wp\/v2\/posts\/6318\/revisions\/6320"}],"wp:featuredmedia":[{"embeddable":true,"href":"https:\/\/hotelhouse.cz\/index.php\/wp-json\/wp\/v2\/media\/6319"}],"wp:attachment":[{"href":"https:\/\/hotelhouse.cz\/index.php\/wp-json\/wp\/v2\/media?parent=6318"}],"wp:term":[{"taxonomy":"category","embeddable":true,"href":"https:\/\/hotelhouse.cz\/index.php\/wp-json\/wp\/v2\/categories?post=6318"},{"taxonomy":"post_tag","embeddable":true,"href":"https:\/\/hotelhouse.cz\/index.php\/wp-json\/wp\/v2\/tags?post=6318"}],"curies":[{"name":"wp","href":"https:\/\/api.w.org\/{rel}","templated":true}]}}