{"id":6344,"date":"2024-06-28T00:01:00","date_gmt":"2024-06-27T22:01:00","guid":{"rendered":"https:\/\/hotelhouse.cz\/?p=6344"},"modified":"2024-06-28T00:20:44","modified_gmt":"2024-06-27T22:20:44","slug":"kralovska-zahrada-prazskeho-hradu-se-promeni-v-jedinecnou-garden-party","status":"publish","type":"post","link":"https:\/\/hotelhouse.cz\/index.php\/2024\/06\/28\/kralovska-zahrada-prazskeho-hradu-se-promeni-v-jedinecnou-garden-party\/","title":{"rendered":"Kr\u00e1lovsk\u00e1 zahrada Pra\u017esk\u00e9ho hradu se prom\u011bn\u00ed v\u00a0jedine\u010dnou Garden Party"},"content":{"rendered":"\n<div style=\"height:44px\" aria-hidden=\"true\" class=\"wp-block-spacer\"><\/div>\n\n\n\n<p><strong>T\u011b\u0161it se m\u016f\u017eete na gurm\u00e1nsk\u00fd z\u00e1\u017eitek ze v\u0161ech kout\u016f Evropy, \u017eiv\u00e1 hudebn\u00ed vystoupen\u00ed, doprovodn\u00fd program pro mal\u00e9 i velk\u00e9 a&nbsp;\u00fachvatn\u00fd pohled na Prahu z&nbsp;terasy Belvederu<\/strong><\/p>\n\n\n\n<div style=\"height:45px\" aria-hidden=\"true\" class=\"wp-block-spacer\"><\/div>\n\n\n<div class=\"wp-block-image\">\n<figure class=\"aligncenter size-large\"><img decoding=\"async\" loading=\"lazy\" width=\"1024\" height=\"390\" src=\"https:\/\/hotelhouse.cz\/wp-content\/uploads\/2024\/06\/444923776_122112810080302686_8836556098922060150_n-1024x390.jpg\" alt=\"Kr\u00e1lovsk\u00e1 zahrada Pra\u017esk\u00e9ho hradu se prom\u011bn\u00ed v\u00a0jedine\u010dnou Garden Party\" class=\"wp-image-6345\" srcset=\"https:\/\/hotelhouse.cz\/wp-content\/uploads\/2024\/06\/444923776_122112810080302686_8836556098922060150_n-1024x390.jpg 1024w, https:\/\/hotelhouse.cz\/wp-content\/uploads\/2024\/06\/444923776_122112810080302686_8836556098922060150_n-300x114.jpg 300w, https:\/\/hotelhouse.cz\/wp-content\/uploads\/2024\/06\/444923776_122112810080302686_8836556098922060150_n-768x292.jpg 768w, https:\/\/hotelhouse.cz\/wp-content\/uploads\/2024\/06\/444923776_122112810080302686_8836556098922060150_n-1536x584.jpg 1536w, https:\/\/hotelhouse.cz\/wp-content\/uploads\/2024\/06\/444923776_122112810080302686_8836556098922060150_n-2048x779.jpg 2048w\" sizes=\"(max-width: 1024px) 100vw, 1024px\" \/><\/figure><\/div>\n\n\n<div style=\"height:45px\" aria-hidden=\"true\" class=\"wp-block-spacer\"><\/div>\n\n\n\n<p>Posledn\u00ed \u010dervnov\u00fd v\u00edkend se Kr\u00e1lovsk\u00e1 zahrada <a href=\"https:\/\/prazskyhrad.cz\/\"><strong>Pra\u017esk\u00e9ho hradu<\/strong><\/a> prom\u011bn\u00ed v jedine\u010dnou <strong>Garden Party<\/strong>. <strong>Od p\u00e1tku 28. do ned\u011ble 30. \u010dervna zde v\u00edce ne\u017e t\u0159i des\u00edtky vystavovatel\u016f naserv\u00edruj\u00ed vybran\u00e9 delikatesy ze v\u0161ech kout\u016f Evropy<\/strong>. Nebude chyb\u011bt bohat\u00fd doprovodn\u00fd program, v\u010detn\u011b hudebn\u00edch vystoupen\u00edch m\u00edstn\u00edch i evropsk\u00fdch um\u011blc\u016f, jako jsou Duo Duko, Charlie and the Chocolates, Ond\u0159ej \u0160tver\u00e1\u010dek Jazz Trio, Petra Erneyi Jazz Trio a La\u010de Manu\u0161a a Tibor \u017dida. Pro d\u011bti bude p\u0159ipraven tak\u00e9 z\u00e1bavn\u00fd program, v\u010detn\u011b show popul\u00e1rn\u00edho Pana Kravaty v&nbsp;sobotu dopoledne. \u0160kol\u00e1ci si nav\u00edc mohou za svou celoro\u010dn\u00ed p\u00edli odn\u00e9st sladkou odm\u011bnu.<\/p>\n\n\n\n<div style=\"height:45px\" aria-hidden=\"true\" class=\"wp-block-spacer\"><\/div>\n\n\n<div class=\"wp-block-image\">\n<figure class=\"aligncenter size-large\"><img decoding=\"async\" src=\"https:\/\/prazskeprikopy.cz\/wp-content\/uploads\/2024\/06\/440424943_122098366124302686_9009555320570739462_n-1024x768.jpg\" alt=\"Kr\u00e1lovsk\u00e1 zahrada Pra\u017esk\u00e9ho hradu se prom\u011bn\u00ed v\u00a0jedine\u010dnou Garden Party\" class=\"wp-image-7033\"\/><\/figure><\/div>\n\n\n<div style=\"height:45px\" aria-hidden=\"true\" class=\"wp-block-spacer\"><\/div>\n\n\n\n<p>Festival je nov\u00fdm projektem, kter\u00fd nejen slav\u00ed leto\u0161n\u00ed 20. v\u00fdro\u010d\u00ed vstupu \u010cesk\u00e9 republiky do Evropsk\u00e9 unie, ale tak\u00e9 p\u0159in\u00e1\u0161\u00ed do Kr\u00e1lovsk\u00e9 zahrady jedine\u010dnou atmosf\u00e9ru, v\u010detn\u011b skv\u011bl\u00e9 p\u0159\u00edle\u017eitost ochutnat rozmanit\u00e9 evropsk\u00e9 delikatesy. Speci\u00e1ln\u00edm hostem budou obl\u00edben\u00e9 Francouzsk\u00e9 trhy, kter\u00e9 jsou zn\u00e1m\u00e9 sv\u00fdm \u0161armem a bohatou nab\u00eddkou autentick\u00fdch pokrm\u016f.<\/p>\n\n\n\n<div style=\"height:45px\" aria-hidden=\"true\" class=\"wp-block-spacer\"><\/div>\n\n\n<div class=\"wp-block-image\">\n<figure class=\"aligncenter size-large\"><img decoding=\"async\" src=\"https:\/\/prazskeprikopy.cz\/wp-content\/uploads\/2024\/06\/448831189_122120644394302686_3476364690899112022_n-1024x1024.jpg\" alt=\"Kr\u00e1lovsk\u00e1 zahrada Pra\u017esk\u00e9ho hradu se prom\u011bn\u00ed v\u00a0jedine\u010dnou Garden Party\" class=\"wp-image-7032\"\/><\/figure><\/div>\n\n\n<div style=\"height:45px\" aria-hidden=\"true\" class=\"wp-block-spacer\"><\/div>\n\n\n\n<p>\u201eNavazujeme na dlouhou tradici Francouzsk\u00fdch trh\u016f, kter\u00e9 se letos p\u0159edstav\u00ed v&nbsp;roli speci\u00e1ln\u00edho hosta festivalu Garden Party. Tento koncept pohodln\u011b pojme rostouc\u00ed po\u010det n\u00e1v\u0161t\u011bvn\u00edk\u016f. Roz\u0161\u00ed\u0159en\u00e1 nab\u00eddka vystavovatel\u016f uspokoj\u00ed chut\u011b \u0161ir\u0161\u00edho publika a nab\u00eddne i dal\u0161\u00ed evropsk\u00e9 lah\u016fdky, jako jsou francouzsk\u00e1 v\u00edna a s\u00fdry, irsk\u00e9 \u00fast\u0159ice, \u0159eck\u00e9 olivy, \u0161pan\u011blsk\u00e1 \u0161unka, italsk\u00e1 k\u00e1va, pasta nebo r\u016fzn\u00e9 slovinsk\u00e9 speciality. Nebudou chyb\u011bt ani obl\u00edben\u00e9 francouzsk\u00e9 tradice, ochutn\u00e1vka \u0161nek\u016f a nab\u00eddky p\u016fvodn\u00edch francouzsk\u00fdch trh\u016f,\u201c <strong>\u0159\u00edk\u00e1 Thomas Bouton, zakladatel a hlavn\u00ed organiz\u00e1tor pra\u017esk\u00e9 Garden Party<\/strong>.<\/p>\n\n\n\n<div style=\"height:45px\" aria-hidden=\"true\" class=\"wp-block-spacer\"><\/div>\n\n\n\n<figure class=\"wp-block-gallery has-nested-images columns-default is-cropped wp-block-gallery-1 is-layout-flex wp-block-gallery-is-layout-flex\">\n<figure class=\"wp-block-image size-large\"><img decoding=\"async\" data-id=\"7023\" src=\"https:\/\/prazskeprikopy.cz\/wp-content\/uploads\/2024\/06\/441729555_122113203968302686_2976132660913308955_n-1024x1024.jpg\" alt=\"Kr\u00e1lovsk\u00e1 zahrada Pra\u017esk\u00e9ho hradu se prom\u011bn\u00ed v\u00a0jedine\u010dnou Garden Party\" class=\"wp-image-7023\"\/><\/figure>\n\n\n\n<figure class=\"wp-block-image size-large\"><img decoding=\"async\" data-id=\"7030\" src=\"https:\/\/prazskeprikopy.cz\/wp-content\/uploads\/2024\/06\/438145468_122114999000302686_6152945487701448215_n-1024x683.jpg\" alt=\"Kr\u00e1lovsk\u00e1 zahrada Pra\u017esk\u00e9ho hradu se prom\u011bn\u00ed v\u00a0jedine\u010dnou Garden Party\" class=\"wp-image-7030\"\/><\/figure>\n<\/figure>\n\n\n\n<div style=\"height:45px\" aria-hidden=\"true\" class=\"wp-block-spacer\"><\/div>\n\n\n\n<p>P\u016fvodn\u011b renesan\u010dn\u00ed Kr\u00e1lovsk\u00e1 zahrada se d\u00edky sv\u00e9 poloze stane o\u00e1zou klidu v&nbsp;centru Prahy vyb\u00edzej\u00edc\u00ed k&nbsp;tomu, u\u017e\u00edt si relaxaci v tr\u00e1v\u011b se sklenkou bublinek, kvalitn\u00edho v\u00edna, cideru nebo t\u0159eba cr\u00e9mantu. B\u00fdval\u00e9 st\u0159edov\u011bk\u00e9 vinice ve st\u00ednu<strong> <a href=\"https:\/\/prazskyhrad.cz\/\">Pra\u017esk\u00e9ho hradu<\/a> <\/strong>vytv\u00e1\u0159ej\u00ed ide\u00e1ln\u00ed kulisy pro Garden Party s&nbsp;vybran\u00fdmi evropsk\u00fdmi specialitami. Pro vstup doporu\u010dujeme vyu\u017e\u00edt p\u0159\u00edstup do zahrad z&nbsp;tramvajov\u00e9 zast\u00e1vky linek 22 a 23 Kr\u00e1lovsk\u00fd letohr\u00e1dek nebo Pra\u017esk\u00fd hrad.<\/p>\n\n\n\n<div style=\"height:45px\" aria-hidden=\"true\" class=\"wp-block-spacer\"><\/div>\n\n\n\n<figure class=\"wp-block-gallery has-nested-images columns-default is-cropped wp-block-gallery-3 is-layout-flex wp-block-gallery-is-layout-flex\">\n<figure class=\"wp-block-image size-large\"><img decoding=\"async\" data-id=\"7027\" src=\"https:\/\/prazskeprikopy.cz\/wp-content\/uploads\/2024\/06\/448368793_122119097192302686_8876715390627914000_n-1024x1024.jpg\" alt=\"Kr\u00e1lovsk\u00e1 zahrada Pra\u017esk\u00e9ho hradu se prom\u011bn\u00ed v\u00a0jedine\u010dnou Garden Party\" class=\"wp-image-7027\"\/><\/figure>\n\n\n\n<figure class=\"wp-block-image size-large\"><img decoding=\"async\" data-id=\"7026\" src=\"https:\/\/prazskeprikopy.cz\/wp-content\/uploads\/2024\/06\/448316066_122119097240302686_691997543689847924_n-1024x1024.jpg\" alt=\"Kr\u00e1lovsk\u00e1 zahrada Pra\u017esk\u00e9ho hradu se prom\u011bn\u00ed v\u00a0jedine\u010dnou Garden Party\" class=\"wp-image-7026\"\/><\/figure>\n<\/figure>\n\n\n\n<div style=\"height:45px\" aria-hidden=\"true\" class=\"wp-block-spacer\"><\/div>\n\n\n\n<p><strong>Zahrada Pra\u017esk\u00e9ho hradu bude pro n\u00e1v\u0161t\u011bvn\u00edky festivalu otev\u0159ena od p\u00e1tku 28. do ned\u011ble 30. \u010dervna, ka\u017ed\u00fd den od 10 do 20 hodin. Vstupn\u00e9 je 150 K\u010d, d\u011bti do 15 let maj\u00ed vstup zdarma.<\/strong><\/p>\n\n\n\n<div style=\"height:11px\" aria-hidden=\"true\" class=\"wp-block-spacer\"><\/div>\n\n\n\n<p><strong>Program a kompletn\u00ed seznam vystavovatel\u016f naleznete na: <a href=\"http:\/\/www.praguegardenparty.cz\/\">www.praguegardenparty.cz<\/a><\/strong>.<\/p>\n\n\n\n<div style=\"height:100px\" aria-hidden=\"true\" class=\"wp-block-spacer\"><\/div>\n\n\n\n<figure class=\"wp-block-gallery has-nested-images columns-default is-cropped wp-block-gallery-5 is-layout-flex wp-block-gallery-is-layout-flex\">\n<figure class=\"wp-block-image size-large\"><img decoding=\"async\" data-id=\"7035\" src=\"https:\/\/prazskeprikopy.cz\/wp-content\/uploads\/2024\/06\/438079129_122098366826302686_4927613571380636519_n-724x1024.jpg\" alt=\"Kr\u00e1lovsk\u00e1 zahrada Pra\u017esk\u00e9ho hradu se prom\u011bn\u00ed v\u00a0jedine\u010dnou Garden Party\" class=\"wp-image-7035\"\/><\/figure>\n\n\n\n<figure class=\"wp-block-image size-large\"><img decoding=\"async\" data-id=\"7033\" src=\"https:\/\/prazskeprikopy.cz\/wp-content\/uploads\/2024\/06\/440424943_122098366124302686_9009555320570739462_n-1024x768.jpg\" alt=\"Kr\u00e1lovsk\u00e1 zahrada Pra\u017esk\u00e9ho hradu se prom\u011bn\u00ed v\u00a0jedine\u010dnou Garden Party\" class=\"wp-image-7033\"\/><\/figure>\n\n\n\n<figure class=\"wp-block-image size-large\"><img decoding=\"async\" data-id=\"7034\" src=\"https:\/\/prazskeprikopy.cz\/wp-content\/uploads\/2024\/06\/444923776_122112810080302686_8836556098922060150_n-1024x390.jpg\" alt=\"Kr\u00e1lovsk\u00e1 zahrada Pra\u017esk\u00e9ho hradu se prom\u011bn\u00ed v\u00a0jedine\u010dnou Garden Party\" class=\"wp-image-7034\"\/><\/figure>\n\n\n\n<figure class=\"wp-block-image size-large\"><img decoding=\"async\" data-id=\"7030\" src=\"https:\/\/prazskeprikopy.cz\/wp-content\/uploads\/2024\/06\/438145468_122114999000302686_6152945487701448215_n-1024x683.jpg\" alt=\"Kr\u00e1lovsk\u00e1 zahrada Pra\u017esk\u00e9ho hradu se prom\u011bn\u00ed v\u00a0jedine\u010dnou Garden Party\" class=\"wp-image-7030\"\/><\/figure>\n\n\n\n<figure class=\"wp-block-image size-large\"><img decoding=\"async\" data-id=\"7031\" src=\"https:\/\/prazskeprikopy.cz\/wp-content\/uploads\/2024\/06\/441527769_122114999018302686_6834608477374558072_n-1024x683.jpg\" alt=\"Kr\u00e1lovsk\u00e1 zahrada Pra\u017esk\u00e9ho hradu se prom\u011bn\u00ed v\u00a0jedine\u010dnou Garden Party\" class=\"wp-image-7031\"\/><\/figure>\n\n\n\n<figure class=\"wp-block-image size-large\"><img decoding=\"async\" data-id=\"7023\" src=\"https:\/\/prazskeprikopy.cz\/wp-content\/uploads\/2024\/06\/441729555_122113203968302686_2976132660913308955_n-1024x1024.jpg\" alt=\"Kr\u00e1lovsk\u00e1 zahrada Pra\u017esk\u00e9ho hradu se prom\u011bn\u00ed v\u00a0jedine\u010dnou Garden Party\" class=\"wp-image-7023\"\/><\/figure>\n\n\n\n<figure class=\"wp-block-image size-large\"><img decoding=\"async\" data-id=\"7026\" src=\"https:\/\/prazskeprikopy.cz\/wp-content\/uploads\/2024\/06\/448316066_122119097240302686_691997543689847924_n-1024x1024.jpg\" alt=\"Kr\u00e1lovsk\u00e1 zahrada Pra\u017esk\u00e9ho hradu se prom\u011bn\u00ed v\u00a0jedine\u010dnou Garden Party\" class=\"wp-image-7026\"\/><\/figure>\n\n\n\n<figure class=\"wp-block-image size-large\"><img decoding=\"async\" data-id=\"7028\" src=\"https:\/\/prazskeprikopy.cz\/wp-content\/uploads\/2024\/06\/448316886_122119097258302686_6550736267338654951_n-1024x1024.jpg\" alt=\"Kr\u00e1lovsk\u00e1 zahrada Pra\u017esk\u00e9ho hradu se prom\u011bn\u00ed v\u00a0jedine\u010dnou Garden Party\" class=\"wp-image-7028\"\/><\/figure>\n\n\n\n<figure class=\"wp-block-image size-large\"><img decoding=\"async\" data-id=\"7027\" src=\"https:\/\/prazskeprikopy.cz\/wp-content\/uploads\/2024\/06\/448368793_122119097192302686_8876715390627914000_n-1024x1024.jpg\" alt=\"Kr\u00e1lovsk\u00e1 zahrada Pra\u017esk\u00e9ho hradu se prom\u011bn\u00ed v\u00a0jedine\u010dnou Garden Party\" class=\"wp-image-7027\"\/><\/figure>\n\n\n\n<figure class=\"wp-block-image size-large\"><img decoding=\"async\" data-id=\"7029\" src=\"https:\/\/prazskeprikopy.cz\/wp-content\/uploads\/2024\/06\/448737955_122120544782302686_5440343923583518543_n-1024x1024.jpg\" alt=\"Kr\u00e1lovsk\u00e1 zahrada Pra\u017esk\u00e9ho hradu se prom\u011bn\u00ed v\u00a0jedine\u010dnou Garden Party\" class=\"wp-image-7029\"\/><\/figure>\n\n\n\n<figure class=\"wp-block-image size-large\"><img decoding=\"async\" data-id=\"7024\" src=\"https:\/\/prazskeprikopy.cz\/wp-content\/uploads\/2024\/06\/448742946_122120544794302686_4036774400746041811_n-1024x1024.jpg\" alt=\"Kr\u00e1lovsk\u00e1 zahrada Pra\u017esk\u00e9ho hradu se prom\u011bn\u00ed v\u00a0jedine\u010dnou Garden Party\" class=\"wp-image-7024\"\/><\/figure>\n\n\n\n<figure class=\"wp-block-image size-large\"><img decoding=\"async\" data-id=\"7025\" src=\"https:\/\/prazskeprikopy.cz\/wp-content\/uploads\/2024\/06\/448831164_122120544812302686_2552100006020303027_n-1024x1024.jpg\" alt=\"Kr\u00e1lovsk\u00e1 zahrada Pra\u017esk\u00e9ho hradu se prom\u011bn\u00ed v\u00a0jedine\u010dnou Garden Party\" class=\"wp-image-7025\"\/><\/figure>\n\n\n\n<figure class=\"wp-block-image size-large\"><img decoding=\"async\" data-id=\"7032\" src=\"https:\/\/prazskeprikopy.cz\/wp-content\/uploads\/2024\/06\/448831189_122120644394302686_3476364690899112022_n-1024x1024.jpg\" alt=\"Kr\u00e1lovsk\u00e1 zahrada Pra\u017esk\u00e9ho hradu se prom\u011bn\u00ed v\u00a0jedine\u010dnou Garden Party\" class=\"wp-image-7032\"\/><\/figure>\n<\/figure>\n\n\n\n<div style=\"height:30px\" aria-hidden=\"true\" class=\"wp-block-spacer\"><\/div>\n\n\n\n<p><strong>Zdroj foto:<\/strong> Prague Garden Party<\/p>\n\n\n\n<div style=\"height:100px\" aria-hidden=\"true\" class=\"wp-block-spacer\"><\/div>\n","protected":false},"excerpt":{"rendered":"<p>T\u011b\u0161it se m\u016f\u017eete na gurm\u00e1nsk\u00fd z\u00e1\u017eitek ze v\u0161ech kout\u016f Evropy, \u017eiv\u00e1 hudebn\u00ed vystoupen\u00ed, doprovodn\u00fd program pro mal\u00e9 i velk\u00e9 a&nbsp;\u00fachvatn\u00fd pohled na Prahu z&nbsp;terasy Belvederu Posledn\u00ed \u010dervnov\u00fd v\u00edkend se Kr\u00e1lovsk\u00e1 zahrada Pra\u017esk\u00e9ho hradu prom\u011bn\u00ed&#46;&#46;&#46;<\/p>\n","protected":false},"author":3,"featured_media":6345,"comment_status":"closed","ping_status":"closed","sticky":false,"template":"","format":"standard","meta":{"_monsterinsights_skip_tracking":false,"_monsterinsights_sitenote_active":false,"_monsterinsights_sitenote_note":"","_monsterinsights_sitenote_category":0,"footnotes":""},"categories":[26,22,2,28],"tags":[],"yoast_head":"<!-- This site is optimized with the Yoast SEO plugin v21.5 - https:\/\/yoast.com\/wordpress\/plugins\/seo\/ -->\n<title>Kr\u00e1lovsk\u00e1 zahrada Pra\u017esk\u00e9ho hradu se prom\u011bn\u00ed v\u00a0jedine\u010dnou Garden Party - HOTELHOUSE.cz<\/title>\n<meta name=\"description\" content=\"T\u011b\u0161it se m\u016f\u017eete na gurm\u00e1nsk\u00fd z\u00e1\u017eitek ze v\u0161ech kout\u016f Evropy, \u017eiv\u00e1 hudebn\u00ed vystoupen\u00ed, doprovodn\u00fd program pro mal\u00e9 i velk\u00e9 a\u00a0\u00fachvatn\u00fd pohled na Prahu z\u00a0terasy Belvederu\" \/>\n<meta name=\"robots\" content=\"index, follow, max-snippet:-1, max-image-preview:large, max-video-preview:-1\" \/>\n<link rel=\"canonical\" href=\"https:\/\/hotelhouse.cz\/index.php\/2024\/06\/28\/kralovska-zahrada-prazskeho-hradu-se-promeni-v-jedinecnou-garden-party\/\" \/>\n<meta property=\"og:locale\" content=\"cs_CZ\" \/>\n<meta property=\"og:type\" content=\"article\" \/>\n<meta property=\"og:title\" content=\"Kr\u00e1lovsk\u00e1 zahrada Pra\u017esk\u00e9ho hradu se prom\u011bn\u00ed v\u00a0jedine\u010dnou Garden Party - HOTELHOUSE.cz\" \/>\n<meta property=\"og:description\" content=\"T\u011b\u0161it se m\u016f\u017eete na gurm\u00e1nsk\u00fd z\u00e1\u017eitek ze v\u0161ech kout\u016f Evropy, \u017eiv\u00e1 hudebn\u00ed vystoupen\u00ed, doprovodn\u00fd program pro mal\u00e9 i velk\u00e9 a\u00a0\u00fachvatn\u00fd pohled na Prahu z\u00a0terasy Belvederu\" \/>\n<meta property=\"og:url\" content=\"https:\/\/hotelhouse.cz\/index.php\/2024\/06\/28\/kralovska-zahrada-prazskeho-hradu-se-promeni-v-jedinecnou-garden-party\/\" \/>\n<meta property=\"og:site_name\" content=\"HOTELHOUSE.cz\" \/>\n<meta property=\"article:published_time\" content=\"2024-06-27T22:01:00+00:00\" \/>\n<meta property=\"article:modified_time\" content=\"2024-06-27T22:20:44+00:00\" \/>\n<meta property=\"og:image\" content=\"https:\/\/hotelhouse.cz\/wp-content\/uploads\/2024\/06\/444923776_122112810080302686_8836556098922060150_n-scaled.jpg\" \/>\n\t<meta property=\"og:image:width\" content=\"2560\" \/>\n\t<meta property=\"og:image:height\" content=\"974\" \/>\n\t<meta property=\"og:image:type\" content=\"image\/jpeg\" \/>\n<meta name=\"author\" content=\"Van\u011bk Miroslav\" \/>\n<meta name=\"twitter:card\" content=\"summary_large_image\" \/>\n<meta name=\"twitter:label1\" content=\"Napsal(a)\" \/>\n\t<meta name=\"twitter:data1\" content=\"Van\u011bk Miroslav\" \/>\n\t<meta name=\"twitter:label2\" content=\"Odhadovan\u00e1 doba \u010dten\u00ed\" \/>\n\t<meta name=\"twitter:data2\" content=\"6 minut\" \/>\n<script type=\"application\/ld+json\" class=\"yoast-schema-graph\">{\"@context\":\"https:\/\/schema.org\",\"@graph\":[{\"@type\":\"Article\",\"@id\":\"https:\/\/hotelhouse.cz\/index.php\/2024\/06\/28\/kralovska-zahrada-prazskeho-hradu-se-promeni-v-jedinecnou-garden-party\/#article\",\"isPartOf\":{\"@id\":\"https:\/\/hotelhouse.cz\/index.php\/2024\/06\/28\/kralovska-zahrada-prazskeho-hradu-se-promeni-v-jedinecnou-garden-party\/\"},\"author\":{\"name\":\"Van\u011bk Miroslav\",\"@id\":\"https:\/\/hotelhouse.cz\/#\/schema\/person\/fa8caee3f0a9c6134afed3c541204812\"},\"headline\":\"Kr\u00e1lovsk\u00e1 zahrada Pra\u017esk\u00e9ho hradu se prom\u011bn\u00ed v\u00a0jedine\u010dnou Garden Party\",\"datePublished\":\"2024-06-27T22:01:00+00:00\",\"dateModified\":\"2024-06-27T22:20:44+00:00\",\"mainEntityOfPage\":{\"@id\":\"https:\/\/hotelhouse.cz\/index.php\/2024\/06\/28\/kralovska-zahrada-prazskeho-hradu-se-promeni-v-jedinecnou-garden-party\/\"},\"wordCount\":503,\"publisher\":{\"@id\":\"https:\/\/hotelhouse.cz\/#organization\"},\"articleSection\":[\"N\u00e1dhern\u00e1M\u00edsta.cz\",\"NaDovolenouDoPrahy.cz\",\"NEWS\",\"TIPY NA J\u00cdDLO\"],\"inLanguage\":\"cs\"},{\"@type\":\"WebPage\",\"@id\":\"https:\/\/hotelhouse.cz\/index.php\/2024\/06\/28\/kralovska-zahrada-prazskeho-hradu-se-promeni-v-jedinecnou-garden-party\/\",\"url\":\"https:\/\/hotelhouse.cz\/index.php\/2024\/06\/28\/kralovska-zahrada-prazskeho-hradu-se-promeni-v-jedinecnou-garden-party\/\",\"name\":\"Kr\u00e1lovsk\u00e1 zahrada Pra\u017esk\u00e9ho hradu se prom\u011bn\u00ed v\u00a0jedine\u010dnou Garden Party - HOTELHOUSE.cz\",\"isPartOf\":{\"@id\":\"https:\/\/hotelhouse.cz\/#website\"},\"datePublished\":\"2024-06-27T22:01:00+00:00\",\"dateModified\":\"2024-06-27T22:20:44+00:00\",\"description\":\"T\u011b\u0161it se m\u016f\u017eete na gurm\u00e1nsk\u00fd z\u00e1\u017eitek ze v\u0161ech kout\u016f Evropy, \u017eiv\u00e1 hudebn\u00ed vystoupen\u00ed, doprovodn\u00fd program pro mal\u00e9 i velk\u00e9 a\u00a0\u00fachvatn\u00fd pohled na Prahu z\u00a0terasy Belvederu\",\"breadcrumb\":{\"@id\":\"https:\/\/hotelhouse.cz\/index.php\/2024\/06\/28\/kralovska-zahrada-prazskeho-hradu-se-promeni-v-jedinecnou-garden-party\/#breadcrumb\"},\"inLanguage\":\"cs\",\"potentialAction\":[{\"@type\":\"ReadAction\",\"target\":[\"https:\/\/hotelhouse.cz\/index.php\/2024\/06\/28\/kralovska-zahrada-prazskeho-hradu-se-promeni-v-jedinecnou-garden-party\/\"]}]},{\"@type\":\"BreadcrumbList\",\"@id\":\"https:\/\/hotelhouse.cz\/index.php\/2024\/06\/28\/kralovska-zahrada-prazskeho-hradu-se-promeni-v-jedinecnou-garden-party\/#breadcrumb\",\"itemListElement\":[{\"@type\":\"ListItem\",\"position\":1,\"name\":\"Dom\u016f\",\"item\":\"https:\/\/hotelhouse.cz\/\"},{\"@type\":\"ListItem\",\"position\":2,\"name\":\"Kr\u00e1lovsk\u00e1 zahrada Pra\u017esk\u00e9ho hradu se prom\u011bn\u00ed v\u00a0jedine\u010dnou Garden Party\"}]},{\"@type\":\"WebSite\",\"@id\":\"https:\/\/hotelhouse.cz\/#website\",\"url\":\"https:\/\/hotelhouse.cz\/\",\"name\":\"HOTELHOUSE.cz\",\"description\":\"Port\u00e1l o hotelech, pensionech, spa resortech a restaurac\u00edch...\",\"publisher\":{\"@id\":\"https:\/\/hotelhouse.cz\/#organization\"},\"potentialAction\":[{\"@type\":\"SearchAction\",\"target\":{\"@type\":\"EntryPoint\",\"urlTemplate\":\"https:\/\/hotelhouse.cz\/?s={search_term_string}\"},\"query-input\":\"required name=search_term_string\"}],\"inLanguage\":\"cs\"},{\"@type\":\"Organization\",\"@id\":\"https:\/\/hotelhouse.cz\/#organization\",\"name\":\"HOTELHOUSE.cz\",\"url\":\"https:\/\/hotelhouse.cz\/\",\"logo\":{\"@type\":\"ImageObject\",\"inLanguage\":\"cs\",\"@id\":\"https:\/\/hotelhouse.cz\/#\/schema\/logo\/image\/\",\"url\":\"https:\/\/hotelhouse.cz\/wp-content\/uploads\/2024\/12\/cropped-Logo_HotelHouse-2.jpg\",\"contentUrl\":\"https:\/\/hotelhouse.cz\/wp-content\/uploads\/2024\/12\/cropped-Logo_HotelHouse-2.jpg\",\"width\":933,\"height\":516,\"caption\":\"HOTELHOUSE.cz\"},\"image\":{\"@id\":\"https:\/\/hotelhouse.cz\/#\/schema\/logo\/image\/\"},\"sameAs\":[\"https:\/\/www.instagram.com\/hotelhousecz\/\"]},{\"@type\":\"Person\",\"@id\":\"https:\/\/hotelhouse.cz\/#\/schema\/person\/fa8caee3f0a9c6134afed3c541204812\",\"name\":\"Van\u011bk Miroslav\",\"image\":{\"@type\":\"ImageObject\",\"inLanguage\":\"cs\",\"@id\":\"https:\/\/hotelhouse.cz\/#\/schema\/person\/image\/\",\"url\":\"https:\/\/secure.gravatar.com\/avatar\/cc93dbecbfc820d69a964ea4a1c72377?s=96&d=mm&r=g\",\"contentUrl\":\"https:\/\/secure.gravatar.com\/avatar\/cc93dbecbfc820d69a964ea4a1c72377?s=96&d=mm&r=g\",\"caption\":\"Van\u011bk Miroslav\"},\"sameAs\":[\"http:\/\/www.hotelhouse.cz\"],\"url\":\"https:\/\/hotelhouse.cz\/index.php\/author\/mirvan\/\"}]}<\/script>\n<!-- \/ Yoast SEO plugin. -->","yoast_head_json":{"title":"Kr\u00e1lovsk\u00e1 zahrada Pra\u017esk\u00e9ho hradu se prom\u011bn\u00ed v\u00a0jedine\u010dnou Garden Party - HOTELHOUSE.cz","description":"T\u011b\u0161it se m\u016f\u017eete na gurm\u00e1nsk\u00fd z\u00e1\u017eitek ze v\u0161ech kout\u016f Evropy, \u017eiv\u00e1 hudebn\u00ed vystoupen\u00ed, doprovodn\u00fd program pro mal\u00e9 i velk\u00e9 a\u00a0\u00fachvatn\u00fd pohled na Prahu z\u00a0terasy Belvederu","robots":{"index":"index","follow":"follow","max-snippet":"max-snippet:-1","max-image-preview":"max-image-preview:large","max-video-preview":"max-video-preview:-1"},"canonical":"https:\/\/hotelhouse.cz\/index.php\/2024\/06\/28\/kralovska-zahrada-prazskeho-hradu-se-promeni-v-jedinecnou-garden-party\/","og_locale":"cs_CZ","og_type":"article","og_title":"Kr\u00e1lovsk\u00e1 zahrada Pra\u017esk\u00e9ho hradu se prom\u011bn\u00ed v\u00a0jedine\u010dnou Garden Party - HOTELHOUSE.cz","og_description":"T\u011b\u0161it se m\u016f\u017eete na gurm\u00e1nsk\u00fd z\u00e1\u017eitek ze v\u0161ech kout\u016f Evropy, \u017eiv\u00e1 hudebn\u00ed vystoupen\u00ed, doprovodn\u00fd program pro mal\u00e9 i velk\u00e9 a\u00a0\u00fachvatn\u00fd pohled na Prahu z\u00a0terasy Belvederu","og_url":"https:\/\/hotelhouse.cz\/index.php\/2024\/06\/28\/kralovska-zahrada-prazskeho-hradu-se-promeni-v-jedinecnou-garden-party\/","og_site_name":"HOTELHOUSE.cz","article_published_time":"2024-06-27T22:01:00+00:00","article_modified_time":"2024-06-27T22:20:44+00:00","og_image":[{"width":2560,"height":974,"url":"https:\/\/hotelhouse.cz\/wp-content\/uploads\/2024\/06\/444923776_122112810080302686_8836556098922060150_n-scaled.jpg","type":"image\/jpeg"}],"author":"Van\u011bk Miroslav","twitter_card":"summary_large_image","twitter_misc":{"Napsal(a)":"Van\u011bk Miroslav","Odhadovan\u00e1 doba \u010dten\u00ed":"6 minut"},"schema":{"@context":"https:\/\/schema.org","@graph":[{"@type":"Article","@id":"https:\/\/hotelhouse.cz\/index.php\/2024\/06\/28\/kralovska-zahrada-prazskeho-hradu-se-promeni-v-jedinecnou-garden-party\/#article","isPartOf":{"@id":"https:\/\/hotelhouse.cz\/index.php\/2024\/06\/28\/kralovska-zahrada-prazskeho-hradu-se-promeni-v-jedinecnou-garden-party\/"},"author":{"name":"Van\u011bk Miroslav","@id":"https:\/\/hotelhouse.cz\/#\/schema\/person\/fa8caee3f0a9c6134afed3c541204812"},"headline":"Kr\u00e1lovsk\u00e1 zahrada Pra\u017esk\u00e9ho hradu se prom\u011bn\u00ed v\u00a0jedine\u010dnou Garden Party","datePublished":"2024-06-27T22:01:00+00:00","dateModified":"2024-06-27T22:20:44+00:00","mainEntityOfPage":{"@id":"https:\/\/hotelhouse.cz\/index.php\/2024\/06\/28\/kralovska-zahrada-prazskeho-hradu-se-promeni-v-jedinecnou-garden-party\/"},"wordCount":503,"publisher":{"@id":"https:\/\/hotelhouse.cz\/#organization"},"articleSection":["N\u00e1dhern\u00e1M\u00edsta.cz","NaDovolenouDoPrahy.cz","NEWS","TIPY NA J\u00cdDLO"],"inLanguage":"cs"},{"@type":"WebPage","@id":"https:\/\/hotelhouse.cz\/index.php\/2024\/06\/28\/kralovska-zahrada-prazskeho-hradu-se-promeni-v-jedinecnou-garden-party\/","url":"https:\/\/hotelhouse.cz\/index.php\/2024\/06\/28\/kralovska-zahrada-prazskeho-hradu-se-promeni-v-jedinecnou-garden-party\/","name":"Kr\u00e1lovsk\u00e1 zahrada Pra\u017esk\u00e9ho hradu se prom\u011bn\u00ed v\u00a0jedine\u010dnou Garden Party - HOTELHOUSE.cz","isPartOf":{"@id":"https:\/\/hotelhouse.cz\/#website"},"datePublished":"2024-06-27T22:01:00+00:00","dateModified":"2024-06-27T22:20:44+00:00","description":"T\u011b\u0161it se m\u016f\u017eete na gurm\u00e1nsk\u00fd z\u00e1\u017eitek ze v\u0161ech kout\u016f Evropy, \u017eiv\u00e1 hudebn\u00ed vystoupen\u00ed, doprovodn\u00fd program pro mal\u00e9 i velk\u00e9 a\u00a0\u00fachvatn\u00fd pohled na Prahu z\u00a0terasy Belvederu","breadcrumb":{"@id":"https:\/\/hotelhouse.cz\/index.php\/2024\/06\/28\/kralovska-zahrada-prazskeho-hradu-se-promeni-v-jedinecnou-garden-party\/#breadcrumb"},"inLanguage":"cs","potentialAction":[{"@type":"ReadAction","target":["https:\/\/hotelhouse.cz\/index.php\/2024\/06\/28\/kralovska-zahrada-prazskeho-hradu-se-promeni-v-jedinecnou-garden-party\/"]}]},{"@type":"BreadcrumbList","@id":"https:\/\/hotelhouse.cz\/index.php\/2024\/06\/28\/kralovska-zahrada-prazskeho-hradu-se-promeni-v-jedinecnou-garden-party\/#breadcrumb","itemListElement":[{"@type":"ListItem","position":1,"name":"Dom\u016f","item":"https:\/\/hotelhouse.cz\/"},{"@type":"ListItem","position":2,"name":"Kr\u00e1lovsk\u00e1 zahrada Pra\u017esk\u00e9ho hradu se prom\u011bn\u00ed v\u00a0jedine\u010dnou Garden Party"}]},{"@type":"WebSite","@id":"https:\/\/hotelhouse.cz\/#website","url":"https:\/\/hotelhouse.cz\/","name":"HOTELHOUSE.cz","description":"Port\u00e1l o hotelech, pensionech, spa resortech a restaurac\u00edch...","publisher":{"@id":"https:\/\/hotelhouse.cz\/#organization"},"potentialAction":[{"@type":"SearchAction","target":{"@type":"EntryPoint","urlTemplate":"https:\/\/hotelhouse.cz\/?s={search_term_string}"},"query-input":"required name=search_term_string"}],"inLanguage":"cs"},{"@type":"Organization","@id":"https:\/\/hotelhouse.cz\/#organization","name":"HOTELHOUSE.cz","url":"https:\/\/hotelhouse.cz\/","logo":{"@type":"ImageObject","inLanguage":"cs","@id":"https:\/\/hotelhouse.cz\/#\/schema\/logo\/image\/","url":"https:\/\/hotelhouse.cz\/wp-content\/uploads\/2024\/12\/cropped-Logo_HotelHouse-2.jpg","contentUrl":"https:\/\/hotelhouse.cz\/wp-content\/uploads\/2024\/12\/cropped-Logo_HotelHouse-2.jpg","width":933,"height":516,"caption":"HOTELHOUSE.cz"},"image":{"@id":"https:\/\/hotelhouse.cz\/#\/schema\/logo\/image\/"},"sameAs":["https:\/\/www.instagram.com\/hotelhousecz\/"]},{"@type":"Person","@id":"https:\/\/hotelhouse.cz\/#\/schema\/person\/fa8caee3f0a9c6134afed3c541204812","name":"Van\u011bk Miroslav","image":{"@type":"ImageObject","inLanguage":"cs","@id":"https:\/\/hotelhouse.cz\/#\/schema\/person\/image\/","url":"https:\/\/secure.gravatar.com\/avatar\/cc93dbecbfc820d69a964ea4a1c72377?s=96&d=mm&r=g","contentUrl":"https:\/\/secure.gravatar.com\/avatar\/cc93dbecbfc820d69a964ea4a1c72377?s=96&d=mm&r=g","caption":"Van\u011bk Miroslav"},"sameAs":["http:\/\/www.hotelhouse.cz"],"url":"https:\/\/hotelhouse.cz\/index.php\/author\/mirvan\/"}]}},"_links":{"self":[{"href":"https:\/\/hotelhouse.cz\/index.php\/wp-json\/wp\/v2\/posts\/6344"}],"collection":[{"href":"https:\/\/hotelhouse.cz\/index.php\/wp-json\/wp\/v2\/posts"}],"about":[{"href":"https:\/\/hotelhouse.cz\/index.php\/wp-json\/wp\/v2\/types\/post"}],"author":[{"embeddable":true,"href":"https:\/\/hotelhouse.cz\/index.php\/wp-json\/wp\/v2\/users\/3"}],"replies":[{"embeddable":true,"href":"https:\/\/hotelhouse.cz\/index.php\/wp-json\/wp\/v2\/comments?post=6344"}],"version-history":[{"count":1,"href":"https:\/\/hotelhouse.cz\/index.php\/wp-json\/wp\/v2\/posts\/6344\/revisions"}],"predecessor-version":[{"id":6346,"href":"https:\/\/hotelhouse.cz\/index.php\/wp-json\/wp\/v2\/posts\/6344\/revisions\/6346"}],"wp:featuredmedia":[{"embeddable":true,"href":"https:\/\/hotelhouse.cz\/index.php\/wp-json\/wp\/v2\/media\/6345"}],"wp:attachment":[{"href":"https:\/\/hotelhouse.cz\/index.php\/wp-json\/wp\/v2\/media?parent=6344"}],"wp:term":[{"taxonomy":"category","embeddable":true,"href":"https:\/\/hotelhouse.cz\/index.php\/wp-json\/wp\/v2\/categories?post=6344"},{"taxonomy":"post_tag","embeddable":true,"href":"https:\/\/hotelhouse.cz\/index.php\/wp-json\/wp\/v2\/tags?post=6344"}],"curies":[{"name":"wp","href":"https:\/\/api.w.org\/{rel}","templated":true}]}}