{"id":6448,"date":"2024-09-04T00:01:00","date_gmt":"2024-09-03T22:01:00","guid":{"rendered":"https:\/\/hotelhouse.cz\/?p=6448"},"modified":"2024-09-04T02:03:29","modified_gmt":"2024-09-04T00:03:29","slug":"prazske-prikopy-na-narodni-ulici-probehlo-otevreni-noveho-baru-forbina","status":"publish","type":"post","link":"https:\/\/hotelhouse.cz\/index.php\/2024\/09\/04\/prazske-prikopy-na-narodni-ulici-probehlo-otevreni-noveho-baru-forbina\/","title":{"rendered":"Pra\u017esk\u00e9 P\u0159\u00edkopy: Na N\u00e1rodn\u00ed ulici prob\u011bhlo otev\u0159en\u00ed nov\u00e9ho baru Forb\u00edna"},"content":{"rendered":"\n<div style=\"height:43px\" aria-hidden=\"true\" class=\"wp-block-spacer\"><\/div>\n\n\n\n<p><strong>V prostorech Pal\u00e1ce La\u017eansk\u00fdch v pra\u017esk\u00e9 ulici N\u00e1rodn\u00ed se dne 23.08.2024 otev\u0159el nov\u00fd bar Forb\u00edna s unik\u00e1tn\u00edm konceptem.<\/strong><\/p>\n\n\n\n<div style=\"height:42px\" aria-hidden=\"true\" class=\"wp-block-spacer\"><\/div>\n\n\n\n<figure class=\"wp-block-image size-large\"><img decoding=\"async\" loading=\"lazy\" width=\"1024\" height=\"691\" src=\"https:\/\/hotelhouse.cz\/wp-content\/uploads\/2024\/09\/Honaz-Zima_Forbina_TTL-1024x691.jpg\" alt=\"\" class=\"wp-image-6449\" srcset=\"https:\/\/hotelhouse.cz\/wp-content\/uploads\/2024\/09\/Honaz-Zima_Forbina_TTL-1024x691.jpg 1024w, https:\/\/hotelhouse.cz\/wp-content\/uploads\/2024\/09\/Honaz-Zima_Forbina_TTL-300x202.jpg 300w, https:\/\/hotelhouse.cz\/wp-content\/uploads\/2024\/09\/Honaz-Zima_Forbina_TTL-768x518.jpg 768w, https:\/\/hotelhouse.cz\/wp-content\/uploads\/2024\/09\/Honaz-Zima_Forbina_TTL.jpg 1450w\" sizes=\"(max-width: 1024px) 100vw, 1024px\" \/><\/figure>\n\n\n\n<div style=\"height:42px\" aria-hidden=\"true\" class=\"wp-block-spacer\"><\/div>\n\n\n\n<p><strong>V nov\u011b zrekonstruovan\u00e9m prostoru p\u0159\u00edstupn\u00e9m z foyer Kav\u00e1rny Slavia <a href=\"https:\/\/narodniulice.cz\/\">v ulici N\u00e1rodn\u00ed<\/a> vznikl nov\u00fd bar Forb\u00edna inspirovan\u00fd divadeln\u00ed t\u00e9matikou. <\/strong><\/p>\n\n\n\n<div style=\"height:42px\" aria-hidden=\"true\" class=\"wp-block-spacer\"><\/div>\n\n\n<div class=\"wp-block-image\">\n<figure class=\"aligncenter size-large\"><img decoding=\"async\" src=\"https:\/\/prazskeprikopy.cz\/wp-content\/uploads\/2024\/09\/Kuba-Zeman_Forbina_V-1024x645.jpg\" alt=\"Na N\u00e1rodn\u00ed ulici prob\u011bhlo otev\u0159en\u00ed nov\u00e9ho baru Forb\u00edna\" class=\"wp-image-8568\"\/><\/figure><\/div>\n\n\n<div style=\"height:42px\" aria-hidden=\"true\" class=\"wp-block-spacer\"><\/div>\n\n\n\n<p><strong>Samotn\u00e9 koktejlov\u00e9 menu je postaven\u00e9 na vypr\u00e1v\u011bn\u00ed p\u0159\u00edb\u011bh\u016f, a tak se ka\u017ed\u00fd drink bude za pomoci modern\u00edch barov\u00fdch technologi\u00ed pod\u00edlet na jedine\u010dn\u00e9m z\u00e1\u017eitku.<\/strong><\/p>\n\n\n\n<div style=\"height:42px\" aria-hidden=\"true\" class=\"wp-block-spacer\"><\/div>\n\n\n\n<figure class=\"wp-block-gallery has-nested-images columns-default is-cropped wp-block-gallery-1 is-layout-flex wp-block-gallery-is-layout-flex\">\n<figure class=\"wp-block-image size-large\"><img decoding=\"async\" data-id=\"8563\" src=\"https:\/\/prazskeprikopy.cz\/wp-content\/uploads\/2024\/09\/Honaz-Zima_Forbina-768x1024.jpg\" alt=\"Na N\u00e1rodn\u00ed ulici prob\u011bhlo otev\u0159en\u00ed nov\u00e9ho baru Forb\u00edna\" class=\"wp-image-8563\"\/><\/figure>\n\n\n\n<figure class=\"wp-block-image size-large\"><img decoding=\"async\" data-id=\"8565\" src=\"https:\/\/prazskeprikopy.cz\/wp-content\/uploads\/2024\/09\/Honaz-Zima_Forbina_2-768x1024.jpg\" alt=\"Na N\u00e1rodn\u00ed ulici prob\u011bhlo otev\u0159en\u00ed nov\u00e9ho baru Forb\u00edna\" class=\"wp-image-8565\"\/><\/figure>\n<\/figure>\n\n\n\n<div style=\"height:42px\" aria-hidden=\"true\" class=\"wp-block-spacer\"><\/div>\n\n\n\n<p>\u201eBar Forb\u00edna je um\u00edst\u011bn v prostoru, kde se do 30. let 20. stolet\u00ed nach\u00e1zel kule\u010dn\u00edkov\u00fd s\u00e1l a po v\u00e1lce restaurace. Po rekonstrukci koncem 90. let byl interi\u00e9r dopln\u011bn velk\u00fdm barov\u00fdm pultem. Nyn\u00ed padlo rozhodnut\u00ed prostor obnovit a znovu otev\u0159\u00edt ve\u0159ejnosti. K tomuto \u00fa\u010delu jsme oslovili architektonick\u00e9 studio Olgoj Chorchoj, kter\u00e9 interi\u00e9r baru navrhlo\u201c, <strong>vysv\u011btluje Jozef Onderka za rodinu provozovatel\u016f.<\/strong><\/p>\n\n\n\n<div style=\"height:42px\" aria-hidden=\"true\" class=\"wp-block-spacer\"><\/div>\n\n\n\n<figure class=\"wp-block-gallery has-nested-images columns-default is-cropped wp-block-gallery-3 is-layout-flex wp-block-gallery-is-layout-flex\">\n<figure class=\"wp-block-image size-large\"><img decoding=\"async\" data-id=\"8567\" src=\"https:\/\/prazskeprikopy.cz\/wp-content\/uploads\/2024\/09\/Honaz-Zima_Forbina_3-768x1024.jpg\" alt=\"Na N\u00e1rodn\u00ed ulici prob\u011bhlo otev\u0159en\u00ed nov\u00e9ho baru Forb\u00edna\" class=\"wp-image-8567\"\/><\/figure>\n\n\n\n<figure class=\"wp-block-image size-large\"><img decoding=\"async\" data-id=\"8572\" src=\"https:\/\/prazskeprikopy.cz\/wp-content\/uploads\/2024\/09\/Honaz-Zima_Forbina_7-768x1024.jpg\" alt=\"Na N\u00e1rodn\u00ed ulici prob\u011bhlo otev\u0159en\u00ed nov\u00e9ho baru Forb\u00edna\" class=\"wp-image-8572\"\/><\/figure>\n<\/figure>\n\n\n\n<div style=\"height:42px\" aria-hidden=\"true\" class=\"wp-block-spacer\"><\/div>\n\n\n\n<p>\u201cPal\u00e1c La\u017eansk\u00fdch si zaslou\u017e\u00ed ty nejkvalitn\u011bj\u0161\u00ed materi\u00e1ly, kter\u00e9 nalezneme jak ve Slavii, tak i v Parnasu, na n\u011bj\u017e jsme se sna\u017eili nav\u00e1zat. Jedn\u00e1 se p\u0159edev\u0161\u00edm o p\u0159\u00edrodn\u00ed materi\u00e1ly jako je k\u00e1men, nap\u0159\u00edklad Taj Mahal s \u00fapravou leather, nebo d\u0159ev\u011bn\u00e9 obklady jako je palisandr santos\u201d, <strong>\u0159\u00edk\u00e1 Martin Klanica ze studia Olgoj Chorchoj<\/strong>.<\/p>\n\n\n\n<div style=\"height:42px\" aria-hidden=\"true\" class=\"wp-block-spacer\"><\/div>\n\n\n\n<figure class=\"wp-block-gallery has-nested-images columns-default is-cropped wp-block-gallery-5 is-layout-flex wp-block-gallery-is-layout-flex\">\n<figure class=\"wp-block-image size-large\"><img decoding=\"async\" data-id=\"8558\" src=\"https:\/\/prazskeprikopy.cz\/wp-content\/uploads\/2024\/09\/Honaz-Zima_Forbina_4-768x1024.jpg\" alt=\"Na N\u00e1rodn\u00ed ulici prob\u011bhlo otev\u0159en\u00ed nov\u00e9ho baru Forb\u00edna\" class=\"wp-image-8558\"\/><\/figure>\n\n\n\n<figure class=\"wp-block-image size-large\"><img decoding=\"async\" data-id=\"8557\" src=\"https:\/\/prazskeprikopy.cz\/wp-content\/uploads\/2024\/09\/Honaz-Zima_Forbina_5-768x1024.jpg\" alt=\"Na N\u00e1rodn\u00ed ulici prob\u011bhlo otev\u0159en\u00ed nov\u00e9ho baru Forb\u00edna\" class=\"wp-image-8557\"\/><\/figure>\n<\/figure>\n\n\n\n<div style=\"height:42px\" aria-hidden=\"true\" class=\"wp-block-spacer\"><\/div>\n\n\n\n<p>Sou\u010d\u00e1st\u00ed baru budou rovn\u011b\u017e autorsk\u00e9 intarzie, voln\u011b navazuj\u00edc\u00ed na historick\u00e9 intarzie v restauraci Parnas. \u201cMotivy, kter\u00e9 se v baru Forb\u00edna objevuj\u00ed, maj\u00ed vytv\u00e1\u0159et poetiku magick\u00e9 zahrady ukr\u00fdvaj\u00edc\u00ed p\u0159\u00edb\u011bhy,\u201d <strong>p\u0159ibli\u017euje jejich autor Michal Ba\u010d\u00e1k<\/strong>. <\/p>\n\n\n\n<p>Samotn\u00fd n\u00e1zev forb\u00edna v divadeln\u00edm slovn\u00edku znamen\u00e1 p\u0159edsc\u00e9nu neboli prostor p\u0159ed jevi\u0161t\u011bm. Forb\u00ednu ve sv\u00e9 dob\u011b proslavili Jan Werich s Ji\u0159\u00edm Voskovcem, kte\u0159\u00ed ji ve chv\u00edli, kdy bylo nutn\u00e9 vym\u011bnit kulisy na hlavn\u00ed sc\u00e9n\u011b, vyu\u017e\u00edvali na kr\u00e1tk\u00e1 vystoupen\u00ed reaguj\u00edc\u00ed na aktu\u00e1ln\u00ed d\u011bn\u00ed ve spole\u010dnosti. Na forb\u00edn\u011b vystoupili z hereck\u00fdch rol\u00ed a vytvo\u0159ili tak tv\u016fr\u010d\u00ed prostor, kde postaven\u00ed ani v\u011bk nehraje roli.<\/p>\n\n\n\n<div style=\"height:42px\" aria-hidden=\"true\" class=\"wp-block-spacer\"><\/div>\n\n\n<div class=\"wp-block-image\">\n<figure class=\"aligncenter size-large\"><img decoding=\"async\" src=\"https:\/\/prazskeprikopy.cz\/wp-content\/uploads\/2024\/09\/Forbina_2024_08_Kuba_Zeman-1760791_V-1024x760.jpg\" alt=\"Na N\u00e1rodn\u00ed ulici prob\u011bhlo otev\u0159en\u00ed nov\u00e9ho baru Forb\u00edna\" class=\"wp-image-8571\"\/><\/figure><\/div>\n\n\n<div style=\"height:42px\" aria-hidden=\"true\" class=\"wp-block-spacer\"><\/div>\n\n\n\n<p>A p\u0159esn\u011b to je c\u00edlem baru Forb\u00edna. \u201eR\u00e1di bychom, aby byl ve\u010der v baru Forb\u00edna pro hosty z\u00e1\u017eitkem, stejn\u011b jako je n\u00e1v\u0161t\u011bva divadla. U\u017e u samotn\u00e9ho vstupu na hosty d\u00fdchne divadeln\u00ed atmosf\u00e9ra, a to ze sametov\u00e9 opony, j\u00ed\u017e se od mramorov\u00e9 font\u00e1nky bude vch\u00e1zet do prostoru baru.\u201d <strong>popisuje gener\u00e1ln\u00ed mana\u017eer podniku a spoluautor konceptu Frederik \u0160paner.<\/strong><\/p>\n\n\n\n<p>T\u00e9matika divadla se nejv\u00edce prom\u00edtne do koktejlov\u00e9ho signature menu, kter\u00e9 bude postaven\u00e9 na vypr\u00e1v\u011bn\u00ed divadeln\u00edch p\u0159\u00edb\u011bh\u016f. Menu bude rozd\u011bleno do \u010dty\u0159 \u010d\u00e1st\u00ed, stejn\u011b jako jsou \u010dty\u0159i soubory N\u00e1rodn\u00edho divadla. T\u011b\u0161it se m\u016f\u017eete na nab\u00eddku vych\u00e1zej\u00edc\u00ed z p\u0159edstaven\u00ed \u010dinohry, baletu, opery a laterny magiky. Barmani Forb\u00edny prozrazuj\u00ed, \u017ee bude mo\u017en\u00e9 ochutnat koktejly jako nap\u0159\u00edklad Labut\u00ed jezero, Kouzeln\u00fd cirkus, Don Giovanni nebo Sluha dvou p\u00e1n\u016f.<\/p>\n\n\n\n<div style=\"height:42px\" aria-hidden=\"true\" class=\"wp-block-spacer\"><\/div>\n\n\n\n<figure class=\"wp-block-gallery has-nested-images columns-default is-cropped wp-block-gallery-7 is-layout-flex wp-block-gallery-is-layout-flex\">\n<figure class=\"wp-block-image size-large\"><img decoding=\"async\" data-id=\"8561\" src=\"https:\/\/prazskeprikopy.cz\/wp-content\/uploads\/2024\/09\/Jan-Cihak_forbina-57-683x1024.jpg\" alt=\"Na N\u00e1rodn\u00ed ulici prob\u011bhlo otev\u0159en\u00ed nov\u00e9ho baru Forb\u00edna\" class=\"wp-image-8561\"\/><\/figure>\n\n\n\n<figure class=\"wp-block-image size-large\"><img decoding=\"async\" data-id=\"8559\" src=\"https:\/\/prazskeprikopy.cz\/wp-content\/uploads\/2024\/09\/Jan-Cihak_forbina-16-683x1024.jpg\" alt=\"Na N\u00e1rodn\u00ed ulici prob\u011bhlo otev\u0159en\u00ed nov\u00e9ho baru Forb\u00edna\" class=\"wp-image-8559\"\/><\/figure>\n<\/figure>\n\n\n\n<div style=\"height:42px\" aria-hidden=\"true\" class=\"wp-block-spacer\"><\/div>\n\n\n\n<h2 class=\"wp-block-heading\">BAR FORB\u00cdNA<\/h2>\n\n\n\n<div style=\"height:14px\" aria-hidden=\"true\" class=\"wp-block-spacer\"><\/div>\n\n\n\n<h4 class=\"wp-block-heading\">N\u00e1rodn\u00ed 1, Praha 1<\/h4>\n\n\n\n<h4 class=\"wp-block-heading\">www.barforbina.cz<\/h4>\n\n\n\n<div style=\"height:14px\" aria-hidden=\"true\" class=\"wp-block-spacer\"><\/div>\n\n\n\n<h4 class=\"wp-block-heading\">Otev\u00edrac\u00ed doba:<\/h4>\n\n\n\n<h4 class=\"wp-block-heading\">PO &#8211; NE: 18:00  &#8211;  02:00 hodin<\/h4>\n\n\n\n<div style=\"height:111px\" aria-hidden=\"true\" class=\"wp-block-spacer\"><\/div>\n\n\n\n<figure class=\"wp-block-gallery has-nested-images columns-2 is-cropped wp-block-gallery-9 is-layout-flex wp-block-gallery-is-layout-flex\">\n<figure class=\"wp-block-image size-large\"><img decoding=\"async\" data-id=\"8569\" src=\"https:\/\/prazskeprikopy.cz\/wp-content\/uploads\/2024\/09\/Honaz-Zima_Forbina_TTL-1024x691.jpg\" alt=\"Na N\u00e1rodn\u00ed ulici prob\u011bhlo otev\u0159en\u00ed nov\u00e9ho baru Forb\u00edna\" class=\"wp-image-8569\"\/><\/figure>\n\n\n\n<figure class=\"wp-block-image size-large\"><img decoding=\"async\" data-id=\"8568\" src=\"https:\/\/prazskeprikopy.cz\/wp-content\/uploads\/2024\/09\/Kuba-Zeman_Forbina_V-1024x645.jpg\" alt=\"Na N\u00e1rodn\u00ed ulici prob\u011bhlo otev\u0159en\u00ed nov\u00e9ho baru Forb\u00edna\" class=\"wp-image-8568\"\/><\/figure>\n\n\n\n<figure class=\"wp-block-image size-large\"><img decoding=\"async\" data-id=\"8557\" src=\"https:\/\/prazskeprikopy.cz\/wp-content\/uploads\/2024\/09\/Honaz-Zima_Forbina_5-768x1024.jpg\" alt=\"Na N\u00e1rodn\u00ed ulici prob\u011bhlo otev\u0159en\u00ed nov\u00e9ho baru Forb\u00edna\" class=\"wp-image-8557\"\/><\/figure>\n\n\n\n<figure class=\"wp-block-image size-large\"><img decoding=\"async\" data-id=\"8565\" src=\"https:\/\/prazskeprikopy.cz\/wp-content\/uploads\/2024\/09\/Honaz-Zima_Forbina_2-768x1024.jpg\" alt=\"Na N\u00e1rodn\u00ed ulici prob\u011bhlo otev\u0159en\u00ed nov\u00e9ho baru Forb\u00edna\" class=\"wp-image-8565\"\/><\/figure>\n\n\n\n<figure class=\"wp-block-image size-large\"><img decoding=\"async\" data-id=\"8573\" src=\"https:\/\/prazskeprikopy.cz\/wp-content\/uploads\/2024\/09\/456508828_17916337109972476_8719224125595634720_n-819x1024.jpg\" alt=\"Na N\u00e1rodn\u00ed ulici prob\u011bhlo otev\u0159en\u00ed nov\u00e9ho baru Forb\u00edna\" class=\"wp-image-8573\"\/><\/figure>\n\n\n\n<figure class=\"wp-block-image size-large\"><img decoding=\"async\" data-id=\"8560\" src=\"https:\/\/prazskeprikopy.cz\/wp-content\/uploads\/2024\/09\/Forbina_2024_08_Kuba_Zeman-1780248-819x1024.jpg\" alt=\"Na N\u00e1rodn\u00ed ulici prob\u011bhlo otev\u0159en\u00ed nov\u00e9ho baru Forb\u00edna\" class=\"wp-image-8560\"\/><\/figure>\n\n\n\n<figure class=\"wp-block-image size-large\"><img decoding=\"async\" data-id=\"8556\" src=\"https:\/\/prazskeprikopy.cz\/wp-content\/uploads\/2024\/09\/Forbina_2024_08_Kuba_Zeman-1780248_V-1024x591.jpg\" alt=\"Na N\u00e1rodn\u00ed ulici prob\u011bhlo otev\u0159en\u00ed nov\u00e9ho baru Forb\u00edna\" class=\"wp-image-8556\"\/><\/figure>\n\n\n\n<figure class=\"wp-block-image size-large\"><img decoding=\"async\" data-id=\"8564\" src=\"https:\/\/prazskeprikopy.cz\/wp-content\/uploads\/2024\/09\/Forbina_2024_08_by_Kuba_Zeman-1780115-819x1024.jpg\" alt=\"Na N\u00e1rodn\u00ed ulici prob\u011bhlo otev\u0159en\u00ed nov\u00e9ho baru Forb\u00edna\" class=\"wp-image-8564\"\/><\/figure>\n\n\n\n<figure class=\"wp-block-image size-large\"><img decoding=\"async\" data-id=\"8570\" src=\"https:\/\/prazskeprikopy.cz\/wp-content\/uploads\/2024\/09\/Forbina_2024_08_Kuba_Zeman-1760791-819x1024.jpg\" alt=\"Na N\u00e1rodn\u00ed ulici prob\u011bhlo otev\u0159en\u00ed nov\u00e9ho baru Forb\u00edna\" class=\"wp-image-8570\"\/><\/figure>\n\n\n\n<figure class=\"wp-block-image size-large\"><img decoding=\"async\" data-id=\"8567\" src=\"https:\/\/prazskeprikopy.cz\/wp-content\/uploads\/2024\/09\/Honaz-Zima_Forbina_3-768x1024.jpg\" alt=\"Na N\u00e1rodn\u00ed ulici prob\u011bhlo otev\u0159en\u00ed nov\u00e9ho baru Forb\u00edna\" class=\"wp-image-8567\"\/><\/figure>\n\n\n\n<figure class=\"wp-block-image size-large\"><img decoding=\"async\" data-id=\"8558\" src=\"https:\/\/prazskeprikopy.cz\/wp-content\/uploads\/2024\/09\/Honaz-Zima_Forbina_4-768x1024.jpg\" alt=\"Na N\u00e1rodn\u00ed ulici prob\u011bhlo otev\u0159en\u00ed nov\u00e9ho baru Forb\u00edna\" class=\"wp-image-8558\"\/><\/figure>\n\n\n\n<figure class=\"wp-block-image size-large\"><img decoding=\"async\" data-id=\"8566\" src=\"https:\/\/prazskeprikopy.cz\/wp-content\/uploads\/2024\/09\/Honaz-Zima_Forbina_6-768x1024.jpg\" alt=\"Na N\u00e1rodn\u00ed ulici prob\u011bhlo otev\u0159en\u00ed nov\u00e9ho baru Forb\u00edna\" class=\"wp-image-8566\"\/><\/figure>\n\n\n\n<figure class=\"wp-block-image size-large\"><img decoding=\"async\" data-id=\"8563\" src=\"https:\/\/prazskeprikopy.cz\/wp-content\/uploads\/2024\/09\/Honaz-Zima_Forbina-768x1024.jpg\" alt=\"Na N\u00e1rodn\u00ed ulici prob\u011bhlo otev\u0159en\u00ed nov\u00e9ho baru Forb\u00edna\" class=\"wp-image-8563\"\/><\/figure>\n\n\n\n<figure class=\"wp-block-image size-large\"><img decoding=\"async\" data-id=\"8572\" src=\"https:\/\/prazskeprikopy.cz\/wp-content\/uploads\/2024\/09\/Honaz-Zima_Forbina_7-768x1024.jpg\" alt=\"Na N\u00e1rodn\u00ed ulici prob\u011bhlo otev\u0159en\u00ed nov\u00e9ho baru Forb\u00edna\" class=\"wp-image-8572\"\/><\/figure>\n\n\n\n<figure class=\"wp-block-image size-large\"><img decoding=\"async\" data-id=\"8559\" src=\"https:\/\/prazskeprikopy.cz\/wp-content\/uploads\/2024\/09\/Jan-Cihak_forbina-16-683x1024.jpg\" alt=\"Na N\u00e1rodn\u00ed ulici prob\u011bhlo otev\u0159en\u00ed nov\u00e9ho baru Forb\u00edna\" class=\"wp-image-8559\"\/><\/figure>\n\n\n\n<figure class=\"wp-block-image size-large\"><img decoding=\"async\" data-id=\"8574\" src=\"https:\/\/prazskeprikopy.cz\/wp-content\/uploads\/2024\/09\/457272263_122125024148368991_5624020485250905562_n-819x1024.jpg\" alt=\"Na N\u00e1rodn\u00ed ulici prob\u011bhlo otev\u0159en\u00ed nov\u00e9ho baru Forb\u00edna\" class=\"wp-image-8574\"\/><\/figure>\n\n\n\n<figure class=\"wp-block-image size-large\"><img decoding=\"async\" data-id=\"8561\" src=\"https:\/\/prazskeprikopy.cz\/wp-content\/uploads\/2024\/09\/Jan-Cihak_forbina-57-683x1024.jpg\" alt=\"Na N\u00e1rodn\u00ed ulici prob\u011bhlo otev\u0159en\u00ed nov\u00e9ho baru Forb\u00edna\" class=\"wp-image-8561\"\/><\/figure>\n\n\n\n<figure class=\"wp-block-image size-large\"><img decoding=\"async\" data-id=\"8562\" src=\"https:\/\/prazskeprikopy.cz\/wp-content\/uploads\/2024\/09\/Kuba-Zeman_Forbina-683x1024.jpg\" alt=\"Na N\u00e1rodn\u00ed ulici prob\u011bhlo otev\u0159en\u00ed nov\u00e9ho baru Forb\u00edna\" class=\"wp-image-8562\"\/><\/figure>\n\n\n\n<figure class=\"wp-block-image size-large\"><img decoding=\"async\" data-id=\"8571\" src=\"https:\/\/prazskeprikopy.cz\/wp-content\/uploads\/2024\/09\/Forbina_2024_08_Kuba_Zeman-1760791_V-1024x760.jpg\" alt=\"\" class=\"wp-image-8571\"\/><\/figure>\n<\/figure>\n\n\n\n<div style=\"height:33px\" aria-hidden=\"true\" class=\"wp-block-spacer\"><\/div>\n\n\n\n<p><strong>Zdroj foto:<\/strong> BAR FORB\u00cdNA<\/p>\n\n\n\n<div style=\"height:121px\" aria-hidden=\"true\" class=\"wp-block-spacer\"><\/div>\n","protected":false},"excerpt":{"rendered":"<p>V prostorech Pal\u00e1ce La\u017eansk\u00fdch v pra\u017esk\u00e9 ulici N\u00e1rodn\u00ed se dne 23.08.2024 otev\u0159el nov\u00fd bar Forb\u00edna s unik\u00e1tn\u00edm konceptem. V nov\u011b zrekonstruovan\u00e9m prostoru p\u0159\u00edstupn\u00e9m z foyer Kav\u00e1rny Slavia v ulici N\u00e1rodn\u00ed vznikl nov\u00fd bar Forb\u00edna&#46;&#46;&#46;<\/p>\n","protected":false},"author":3,"featured_media":6449,"comment_status":"closed","ping_status":"closed","sticky":false,"template":"","format":"standard","meta":{"_monsterinsights_skip_tracking":false,"_monsterinsights_sitenote_active":false,"_monsterinsights_sitenote_note":"","_monsterinsights_sitenote_category":0,"footnotes":""},"categories":[9,26,2],"tags":[],"yoast_head":"<!-- This site is optimized with the Yoast SEO plugin v21.5 - https:\/\/yoast.com\/wordpress\/plugins\/seo\/ -->\n<title>Pra\u017esk\u00e9 P\u0159\u00edkopy: Na N\u00e1rodn\u00ed ulici prob\u011bhlo otev\u0159en\u00ed nov\u00e9ho baru Forb\u00edna - HOTELHOUSE.cz<\/title>\n<meta name=\"robots\" content=\"index, follow, max-snippet:-1, max-image-preview:large, max-video-preview:-1\" \/>\n<link rel=\"canonical\" href=\"https:\/\/hotelhouse.cz\/index.php\/2024\/09\/04\/prazske-prikopy-na-narodni-ulici-probehlo-otevreni-noveho-baru-forbina\/\" \/>\n<meta property=\"og:locale\" content=\"cs_CZ\" \/>\n<meta property=\"og:type\" content=\"article\" \/>\n<meta property=\"og:title\" content=\"Pra\u017esk\u00e9 P\u0159\u00edkopy: Na N\u00e1rodn\u00ed ulici prob\u011bhlo otev\u0159en\u00ed nov\u00e9ho baru Forb\u00edna - HOTELHOUSE.cz\" \/>\n<meta property=\"og:description\" content=\"V prostorech Pal\u00e1ce La\u017eansk\u00fdch v pra\u017esk\u00e9 ulici N\u00e1rodn\u00ed se dne 23.08.2024 otev\u0159el nov\u00fd bar Forb\u00edna s unik\u00e1tn\u00edm konceptem. V nov\u011b zrekonstruovan\u00e9m prostoru p\u0159\u00edstupn\u00e9m z foyer Kav\u00e1rny Slavia v ulici N\u00e1rodn\u00ed vznikl nov\u00fd bar Forb\u00edna&#046;&#046;&#046;\" \/>\n<meta property=\"og:url\" content=\"https:\/\/hotelhouse.cz\/index.php\/2024\/09\/04\/prazske-prikopy-na-narodni-ulici-probehlo-otevreni-noveho-baru-forbina\/\" \/>\n<meta property=\"og:site_name\" content=\"HOTELHOUSE.cz\" \/>\n<meta property=\"article:published_time\" content=\"2024-09-03T22:01:00+00:00\" \/>\n<meta property=\"article:modified_time\" content=\"2024-09-04T00:03:29+00:00\" \/>\n<meta property=\"og:image\" content=\"https:\/\/hotelhouse.cz\/wp-content\/uploads\/2024\/09\/Honaz-Zima_Forbina_TTL.jpg\" \/>\n\t<meta property=\"og:image:width\" content=\"1450\" \/>\n\t<meta property=\"og:image:height\" content=\"978\" \/>\n\t<meta property=\"og:image:type\" content=\"image\/jpeg\" \/>\n<meta name=\"author\" content=\"Van\u011bk Miroslav\" \/>\n<meta name=\"twitter:card\" content=\"summary_large_image\" \/>\n<meta name=\"twitter:label1\" content=\"Napsal(a)\" \/>\n\t<meta name=\"twitter:data1\" content=\"Van\u011bk Miroslav\" \/>\n\t<meta name=\"twitter:label2\" content=\"Odhadovan\u00e1 doba \u010dten\u00ed\" \/>\n\t<meta name=\"twitter:data2\" content=\"9 minut\" \/>\n<script type=\"application\/ld+json\" class=\"yoast-schema-graph\">{\"@context\":\"https:\/\/schema.org\",\"@graph\":[{\"@type\":\"Article\",\"@id\":\"https:\/\/hotelhouse.cz\/index.php\/2024\/09\/04\/prazske-prikopy-na-narodni-ulici-probehlo-otevreni-noveho-baru-forbina\/#article\",\"isPartOf\":{\"@id\":\"https:\/\/hotelhouse.cz\/index.php\/2024\/09\/04\/prazske-prikopy-na-narodni-ulici-probehlo-otevreni-noveho-baru-forbina\/\"},\"author\":{\"name\":\"Van\u011bk Miroslav\",\"@id\":\"https:\/\/hotelhouse.cz\/#\/schema\/person\/fa8caee3f0a9c6134afed3c541204812\"},\"headline\":\"Pra\u017esk\u00e9 P\u0159\u00edkopy: Na N\u00e1rodn\u00ed ulici prob\u011bhlo otev\u0159en\u00ed nov\u00e9ho baru Forb\u00edna\",\"datePublished\":\"2024-09-03T22:01:00+00:00\",\"dateModified\":\"2024-09-04T00:03:29+00:00\",\"mainEntityOfPage\":{\"@id\":\"https:\/\/hotelhouse.cz\/index.php\/2024\/09\/04\/prazske-prikopy-na-narodni-ulici-probehlo-otevreni-noveho-baru-forbina\/\"},\"wordCount\":553,\"publisher\":{\"@id\":\"https:\/\/hotelhouse.cz\/#organization\"},\"articleSection\":[\"LOBY &amp; BARY &amp; ALKOHOL\",\"N\u00e1dhern\u00e1M\u00edsta.cz\",\"NEWS\"],\"inLanguage\":\"cs\"},{\"@type\":\"WebPage\",\"@id\":\"https:\/\/hotelhouse.cz\/index.php\/2024\/09\/04\/prazske-prikopy-na-narodni-ulici-probehlo-otevreni-noveho-baru-forbina\/\",\"url\":\"https:\/\/hotelhouse.cz\/index.php\/2024\/09\/04\/prazske-prikopy-na-narodni-ulici-probehlo-otevreni-noveho-baru-forbina\/\",\"name\":\"Pra\u017esk\u00e9 P\u0159\u00edkopy: Na N\u00e1rodn\u00ed ulici prob\u011bhlo otev\u0159en\u00ed nov\u00e9ho baru Forb\u00edna - HOTELHOUSE.cz\",\"isPartOf\":{\"@id\":\"https:\/\/hotelhouse.cz\/#website\"},\"datePublished\":\"2024-09-03T22:01:00+00:00\",\"dateModified\":\"2024-09-04T00:03:29+00:00\",\"breadcrumb\":{\"@id\":\"https:\/\/hotelhouse.cz\/index.php\/2024\/09\/04\/prazske-prikopy-na-narodni-ulici-probehlo-otevreni-noveho-baru-forbina\/#breadcrumb\"},\"inLanguage\":\"cs\",\"potentialAction\":[{\"@type\":\"ReadAction\",\"target\":[\"https:\/\/hotelhouse.cz\/index.php\/2024\/09\/04\/prazske-prikopy-na-narodni-ulici-probehlo-otevreni-noveho-baru-forbina\/\"]}]},{\"@type\":\"BreadcrumbList\",\"@id\":\"https:\/\/hotelhouse.cz\/index.php\/2024\/09\/04\/prazske-prikopy-na-narodni-ulici-probehlo-otevreni-noveho-baru-forbina\/#breadcrumb\",\"itemListElement\":[{\"@type\":\"ListItem\",\"position\":1,\"name\":\"Dom\u016f\",\"item\":\"https:\/\/hotelhouse.cz\/\"},{\"@type\":\"ListItem\",\"position\":2,\"name\":\"Pra\u017esk\u00e9 P\u0159\u00edkopy: Na N\u00e1rodn\u00ed ulici prob\u011bhlo otev\u0159en\u00ed nov\u00e9ho baru Forb\u00edna\"}]},{\"@type\":\"WebSite\",\"@id\":\"https:\/\/hotelhouse.cz\/#website\",\"url\":\"https:\/\/hotelhouse.cz\/\",\"name\":\"HOTELHOUSE.cz\",\"description\":\"Port\u00e1l o hotelech, pensionech, spa resortech a restaurac\u00edch...\",\"publisher\":{\"@id\":\"https:\/\/hotelhouse.cz\/#organization\"},\"potentialAction\":[{\"@type\":\"SearchAction\",\"target\":{\"@type\":\"EntryPoint\",\"urlTemplate\":\"https:\/\/hotelhouse.cz\/?s={search_term_string}\"},\"query-input\":\"required name=search_term_string\"}],\"inLanguage\":\"cs\"},{\"@type\":\"Organization\",\"@id\":\"https:\/\/hotelhouse.cz\/#organization\",\"name\":\"HOTELHOUSE.cz\",\"url\":\"https:\/\/hotelhouse.cz\/\",\"logo\":{\"@type\":\"ImageObject\",\"inLanguage\":\"cs\",\"@id\":\"https:\/\/hotelhouse.cz\/#\/schema\/logo\/image\/\",\"url\":\"https:\/\/hotelhouse.cz\/wp-content\/uploads\/2024\/12\/cropped-Logo_HotelHouse-2.jpg\",\"contentUrl\":\"https:\/\/hotelhouse.cz\/wp-content\/uploads\/2024\/12\/cropped-Logo_HotelHouse-2.jpg\",\"width\":933,\"height\":516,\"caption\":\"HOTELHOUSE.cz\"},\"image\":{\"@id\":\"https:\/\/hotelhouse.cz\/#\/schema\/logo\/image\/\"},\"sameAs\":[\"https:\/\/www.instagram.com\/hotelhousecz\/\"]},{\"@type\":\"Person\",\"@id\":\"https:\/\/hotelhouse.cz\/#\/schema\/person\/fa8caee3f0a9c6134afed3c541204812\",\"name\":\"Van\u011bk Miroslav\",\"image\":{\"@type\":\"ImageObject\",\"inLanguage\":\"cs\",\"@id\":\"https:\/\/hotelhouse.cz\/#\/schema\/person\/image\/\",\"url\":\"https:\/\/secure.gravatar.com\/avatar\/cc93dbecbfc820d69a964ea4a1c72377?s=96&d=mm&r=g\",\"contentUrl\":\"https:\/\/secure.gravatar.com\/avatar\/cc93dbecbfc820d69a964ea4a1c72377?s=96&d=mm&r=g\",\"caption\":\"Van\u011bk Miroslav\"},\"sameAs\":[\"http:\/\/www.hotelhouse.cz\"],\"url\":\"https:\/\/hotelhouse.cz\/index.php\/author\/mirvan\/\"}]}<\/script>\n<!-- \/ Yoast SEO plugin. -->","yoast_head_json":{"title":"Pra\u017esk\u00e9 P\u0159\u00edkopy: Na N\u00e1rodn\u00ed ulici prob\u011bhlo otev\u0159en\u00ed nov\u00e9ho baru Forb\u00edna - HOTELHOUSE.cz","robots":{"index":"index","follow":"follow","max-snippet":"max-snippet:-1","max-image-preview":"max-image-preview:large","max-video-preview":"max-video-preview:-1"},"canonical":"https:\/\/hotelhouse.cz\/index.php\/2024\/09\/04\/prazske-prikopy-na-narodni-ulici-probehlo-otevreni-noveho-baru-forbina\/","og_locale":"cs_CZ","og_type":"article","og_title":"Pra\u017esk\u00e9 P\u0159\u00edkopy: Na N\u00e1rodn\u00ed ulici prob\u011bhlo otev\u0159en\u00ed nov\u00e9ho baru Forb\u00edna - HOTELHOUSE.cz","og_description":"V prostorech Pal\u00e1ce La\u017eansk\u00fdch v pra\u017esk\u00e9 ulici N\u00e1rodn\u00ed se dne 23.08.2024 otev\u0159el nov\u00fd bar Forb\u00edna s unik\u00e1tn\u00edm konceptem. V nov\u011b zrekonstruovan\u00e9m prostoru p\u0159\u00edstupn\u00e9m z foyer Kav\u00e1rny Slavia v ulici N\u00e1rodn\u00ed vznikl nov\u00fd bar Forb\u00edna&#46;&#46;&#46;","og_url":"https:\/\/hotelhouse.cz\/index.php\/2024\/09\/04\/prazske-prikopy-na-narodni-ulici-probehlo-otevreni-noveho-baru-forbina\/","og_site_name":"HOTELHOUSE.cz","article_published_time":"2024-09-03T22:01:00+00:00","article_modified_time":"2024-09-04T00:03:29+00:00","og_image":[{"width":1450,"height":978,"url":"https:\/\/hotelhouse.cz\/wp-content\/uploads\/2024\/09\/Honaz-Zima_Forbina_TTL.jpg","type":"image\/jpeg"}],"author":"Van\u011bk Miroslav","twitter_card":"summary_large_image","twitter_misc":{"Napsal(a)":"Van\u011bk Miroslav","Odhadovan\u00e1 doba \u010dten\u00ed":"9 minut"},"schema":{"@context":"https:\/\/schema.org","@graph":[{"@type":"Article","@id":"https:\/\/hotelhouse.cz\/index.php\/2024\/09\/04\/prazske-prikopy-na-narodni-ulici-probehlo-otevreni-noveho-baru-forbina\/#article","isPartOf":{"@id":"https:\/\/hotelhouse.cz\/index.php\/2024\/09\/04\/prazske-prikopy-na-narodni-ulici-probehlo-otevreni-noveho-baru-forbina\/"},"author":{"name":"Van\u011bk Miroslav","@id":"https:\/\/hotelhouse.cz\/#\/schema\/person\/fa8caee3f0a9c6134afed3c541204812"},"headline":"Pra\u017esk\u00e9 P\u0159\u00edkopy: Na N\u00e1rodn\u00ed ulici prob\u011bhlo otev\u0159en\u00ed nov\u00e9ho baru Forb\u00edna","datePublished":"2024-09-03T22:01:00+00:00","dateModified":"2024-09-04T00:03:29+00:00","mainEntityOfPage":{"@id":"https:\/\/hotelhouse.cz\/index.php\/2024\/09\/04\/prazske-prikopy-na-narodni-ulici-probehlo-otevreni-noveho-baru-forbina\/"},"wordCount":553,"publisher":{"@id":"https:\/\/hotelhouse.cz\/#organization"},"articleSection":["LOBY &amp; BARY &amp; ALKOHOL","N\u00e1dhern\u00e1M\u00edsta.cz","NEWS"],"inLanguage":"cs"},{"@type":"WebPage","@id":"https:\/\/hotelhouse.cz\/index.php\/2024\/09\/04\/prazske-prikopy-na-narodni-ulici-probehlo-otevreni-noveho-baru-forbina\/","url":"https:\/\/hotelhouse.cz\/index.php\/2024\/09\/04\/prazske-prikopy-na-narodni-ulici-probehlo-otevreni-noveho-baru-forbina\/","name":"Pra\u017esk\u00e9 P\u0159\u00edkopy: Na N\u00e1rodn\u00ed ulici prob\u011bhlo otev\u0159en\u00ed nov\u00e9ho baru Forb\u00edna - HOTELHOUSE.cz","isPartOf":{"@id":"https:\/\/hotelhouse.cz\/#website"},"datePublished":"2024-09-03T22:01:00+00:00","dateModified":"2024-09-04T00:03:29+00:00","breadcrumb":{"@id":"https:\/\/hotelhouse.cz\/index.php\/2024\/09\/04\/prazske-prikopy-na-narodni-ulici-probehlo-otevreni-noveho-baru-forbina\/#breadcrumb"},"inLanguage":"cs","potentialAction":[{"@type":"ReadAction","target":["https:\/\/hotelhouse.cz\/index.php\/2024\/09\/04\/prazske-prikopy-na-narodni-ulici-probehlo-otevreni-noveho-baru-forbina\/"]}]},{"@type":"BreadcrumbList","@id":"https:\/\/hotelhouse.cz\/index.php\/2024\/09\/04\/prazske-prikopy-na-narodni-ulici-probehlo-otevreni-noveho-baru-forbina\/#breadcrumb","itemListElement":[{"@type":"ListItem","position":1,"name":"Dom\u016f","item":"https:\/\/hotelhouse.cz\/"},{"@type":"ListItem","position":2,"name":"Pra\u017esk\u00e9 P\u0159\u00edkopy: Na N\u00e1rodn\u00ed ulici prob\u011bhlo otev\u0159en\u00ed nov\u00e9ho baru Forb\u00edna"}]},{"@type":"WebSite","@id":"https:\/\/hotelhouse.cz\/#website","url":"https:\/\/hotelhouse.cz\/","name":"HOTELHOUSE.cz","description":"Port\u00e1l o hotelech, pensionech, spa resortech a restaurac\u00edch...","publisher":{"@id":"https:\/\/hotelhouse.cz\/#organization"},"potentialAction":[{"@type":"SearchAction","target":{"@type":"EntryPoint","urlTemplate":"https:\/\/hotelhouse.cz\/?s={search_term_string}"},"query-input":"required name=search_term_string"}],"inLanguage":"cs"},{"@type":"Organization","@id":"https:\/\/hotelhouse.cz\/#organization","name":"HOTELHOUSE.cz","url":"https:\/\/hotelhouse.cz\/","logo":{"@type":"ImageObject","inLanguage":"cs","@id":"https:\/\/hotelhouse.cz\/#\/schema\/logo\/image\/","url":"https:\/\/hotelhouse.cz\/wp-content\/uploads\/2024\/12\/cropped-Logo_HotelHouse-2.jpg","contentUrl":"https:\/\/hotelhouse.cz\/wp-content\/uploads\/2024\/12\/cropped-Logo_HotelHouse-2.jpg","width":933,"height":516,"caption":"HOTELHOUSE.cz"},"image":{"@id":"https:\/\/hotelhouse.cz\/#\/schema\/logo\/image\/"},"sameAs":["https:\/\/www.instagram.com\/hotelhousecz\/"]},{"@type":"Person","@id":"https:\/\/hotelhouse.cz\/#\/schema\/person\/fa8caee3f0a9c6134afed3c541204812","name":"Van\u011bk Miroslav","image":{"@type":"ImageObject","inLanguage":"cs","@id":"https:\/\/hotelhouse.cz\/#\/schema\/person\/image\/","url":"https:\/\/secure.gravatar.com\/avatar\/cc93dbecbfc820d69a964ea4a1c72377?s=96&d=mm&r=g","contentUrl":"https:\/\/secure.gravatar.com\/avatar\/cc93dbecbfc820d69a964ea4a1c72377?s=96&d=mm&r=g","caption":"Van\u011bk Miroslav"},"sameAs":["http:\/\/www.hotelhouse.cz"],"url":"https:\/\/hotelhouse.cz\/index.php\/author\/mirvan\/"}]}},"_links":{"self":[{"href":"https:\/\/hotelhouse.cz\/index.php\/wp-json\/wp\/v2\/posts\/6448"}],"collection":[{"href":"https:\/\/hotelhouse.cz\/index.php\/wp-json\/wp\/v2\/posts"}],"about":[{"href":"https:\/\/hotelhouse.cz\/index.php\/wp-json\/wp\/v2\/types\/post"}],"author":[{"embeddable":true,"href":"https:\/\/hotelhouse.cz\/index.php\/wp-json\/wp\/v2\/users\/3"}],"replies":[{"embeddable":true,"href":"https:\/\/hotelhouse.cz\/index.php\/wp-json\/wp\/v2\/comments?post=6448"}],"version-history":[{"count":2,"href":"https:\/\/hotelhouse.cz\/index.php\/wp-json\/wp\/v2\/posts\/6448\/revisions"}],"predecessor-version":[{"id":6452,"href":"https:\/\/hotelhouse.cz\/index.php\/wp-json\/wp\/v2\/posts\/6448\/revisions\/6452"}],"wp:featuredmedia":[{"embeddable":true,"href":"https:\/\/hotelhouse.cz\/index.php\/wp-json\/wp\/v2\/media\/6449"}],"wp:attachment":[{"href":"https:\/\/hotelhouse.cz\/index.php\/wp-json\/wp\/v2\/media?parent=6448"}],"wp:term":[{"taxonomy":"category","embeddable":true,"href":"https:\/\/hotelhouse.cz\/index.php\/wp-json\/wp\/v2\/categories?post=6448"},{"taxonomy":"post_tag","embeddable":true,"href":"https:\/\/hotelhouse.cz\/index.php\/wp-json\/wp\/v2\/tags?post=6448"}],"curies":[{"name":"wp","href":"https:\/\/api.w.org\/{rel}","templated":true}]}}