{"id":6467,"date":"2024-09-13T00:01:00","date_gmt":"2024-09-12T22:01:00","guid":{"rendered":"https:\/\/hotelhouse.cz\/?p=6467"},"modified":"2024-09-13T01:56:54","modified_gmt":"2024-09-12T23:56:54","slug":"lavrs-market-2024-dva-dny-ve-znameni-slow-fashion-lokalnich-znacek-a-udrzitelnosti-poprve-ve-slovanskem-dome-v-centru-prahy","status":"publish","type":"post","link":"https:\/\/hotelhouse.cz\/index.php\/2024\/09\/13\/lavrs-market-2024-dva-dny-ve-znameni-slow-fashion-lokalnich-znacek-a-udrzitelnosti-poprve-ve-slovanskem-dome-v-centru-prahy\/","title":{"rendered":"LAVRS Market 2024: Dva dny ve znamen\u00ed slow fashion, lok\u00e1ln\u00edch zna\u010dek a udr\u017eitelnosti poprv\u00e9 ve Slovansk\u00e9m dom\u011b v\u00a0centru Prahy"},"content":{"rendered":"\n<div style=\"height:42px\" aria-hidden=\"true\" class=\"wp-block-spacer\"><\/div>\n\n\n\n<p><strong>T\u0159et\u00ed ro\u010dn\u00edk <a href=\"https:\/\/www.lavrsmarket.cz\/program\">LAVRS Marketu<\/a> se&nbsp;uskute\u010dn\u00ed v p\u00e1tek 20. a v&nbsp;sobotu 21. z\u00e1\u0159\u00ed poprv\u00e9 <a href=\"https:\/\/www.empire-hall.cz\/\">v Empire Hall<\/a> ve Slovansk\u00e9m dom\u011b. Na jednom m\u00edst\u011b, p\u0159\u00edmo v&nbsp;centru Prahy tak bude dostupn\u00e1 nab\u00eddka v\u00fdb\u011brov\u00fdch second hand\u016f a origin\u00e1ln\u00edch \u010desk\u00fdch zna\u010dek. <\/strong><\/p>\n\n\n\n<div style=\"height:43px\" aria-hidden=\"true\" class=\"wp-block-spacer\"><\/div>\n\n\n\n<figure class=\"wp-block-image size-large\"><img decoding=\"async\" src=\"https:\/\/womenhouse.cz\/wp-content\/uploads\/2024\/09\/Lavrs-Market-2024-1024x363.jpg\" alt=\"\" class=\"wp-image-13800\"\/><\/figure>\n\n\n\n<div style=\"height:43px\" aria-hidden=\"true\" class=\"wp-block-spacer\"><\/div>\n\n\n\n<p><strong>Nanejv\u00fd\u0161 aktu\u00e1ln\u00ed t\u00e9mata, jako jsou udr\u017eitelnost, slow fashion \u010di podpora cirkul\u00e1rn\u00ed ekonomiky, v&nbsp;teorii i praxi p\u0159ibl\u00ed\u017e\u00ed kreativn\u00ed workshopy a edukativn\u00ed p\u0159edn\u00e1\u0161ky.<\/strong><\/p>\n\n\n\n<div style=\"height:42px\" aria-hidden=\"true\" class=\"wp-block-spacer\"><\/div>\n\n\n<div class=\"wp-block-image is-resized\">\n<figure class=\"aligncenter size-large\"><img decoding=\"async\" src=\"https:\/\/womenhouse.cz\/wp-content\/uploads\/2024\/09\/LM24_OBRAZOVKA_1080x1920-1-576x1024.jpg\" alt=\"\" class=\"wp-image-13805\"\/><\/figure><\/div>\n\n\n<div style=\"height:42px\" aria-hidden=\"true\" class=\"wp-block-spacer\"><\/div>\n\n\n\n<p>V\u00edce ne\u017e 1 600 m<sup>2 <\/sup>nov\u011b zrekonstruovan\u00fdch prostor v&nbsp;elegantn\u00edm stylu Art Deco v Empire Hall zapln\u00ed <strong>sekce Slow fashion<\/strong> s <strong>v\u00fdb\u011brov\u00fdmi second handy a kvalitn\u00edmi \u010desk\u00fdmi m\u00f3dn\u00edmi zna\u010dkami<\/strong>, a to v&nbsp;historicky <strong>nejvy\u0161\u0161\u00edm po\u010dtu ze v\u0161ech ro\u010dn\u00edk\u016f<\/strong>. Jednou z&nbsp;novinek bude <strong>Designers z\u00f3na<\/strong>, kde se mimo jin\u00e9 p\u0159edstav\u00ed zna\u010dka <strong>On The Boat<\/strong> od <strong>Jany Horej\u0161ov\u00e9<\/strong> \u2013 udr\u017eiteln\u011b, eticky a ekologicky vyr\u00e1b\u011bn\u00e9 oble\u010den\u00ed, \u010di <strong>Jan Bican<\/strong>, um\u011blec zn\u00e1m\u00fd svou origin\u00e1ln\u00ed upcyklovanou m\u00f3dou a zda\u0159il\u00fdmi kolaboracemi se zna\u010dkami jako je PUMA, Zalando nebo v\u00fdro\u010dn\u00edmi kolekcemi pro Rekola, Forbes \u010di Galerii \u0160antovka. Svou origin\u00e1ln\u00ed tvorbu zde p\u0159edstav\u00ed tak\u00e9 udr\u017eiteln\u00e1 zna\u010dka <strong>AFKA<\/strong>, kter\u00e1 ve sv\u00fdch kolekc\u00edch upcykluje, redesignuje a vyu\u017e\u00edv\u00e1 pouze ru\u010dn\u00ed zpracovan\u00ed udr\u017eiteln\u00fdch materi\u00e1l\u016f s certifik\u00e1ty.<\/p>\n\n\n\n<div style=\"height:42px\" aria-hidden=\"true\" class=\"wp-block-spacer\"><\/div>\n\n\n\n<figure class=\"wp-block-image size-large\"><img decoding=\"async\" src=\"https:\/\/prazskeprikopy.cz\/wp-content\/uploads\/2024\/09\/5103b1_c6ea1cdffcec400a87c66a2b49dbc840mv2-1024x576.jpg\" alt=\"LAVRS Market 2024: Dva dny ve znamen\u00ed slow fashion, lok\u00e1ln\u00edch zna\u010dek a udr\u017eitelnosti poprv\u00e9 ve Slovansk\u00e9m dom\u011b v\u00a0centru Prahy\" class=\"wp-image-8779\"\/><\/figure>\n\n\n\n<div style=\"height:42px\" aria-hidden=\"true\" class=\"wp-block-spacer\"><\/div>\n\n\n\n<p>Roz\u0161\u00ed\u0159en\u00e1 bude tak\u00e9 <strong>Beauty z\u00f3na<\/strong>, nov\u011b p\u0159ibude prostor pro prodej a n\u00e1kup d\u011btsk\u00e9ho oble\u010den\u00ed na <strong>baby marketu<\/strong>, k&nbsp;tomu <strong>d\u011btsk\u00fd koutek<\/strong> a chyb\u011bt nebude ani obl\u00edben\u00e9 <strong>tetov\u00e1n\u00ed<\/strong>. Stejn\u011b jako vloni zazn\u00ed \u017eiv\u00e1 hudba v&nbsp;pod\u00e1n\u00ed <strong>The Elevators<\/strong> a&nbsp;dal\u0161\u00edch um\u011blc\u016f. <\/p>\n\n\n\n<p>Celou akc\u00ed op\u011bt provede zn\u00e1m\u00fd moder\u00e1tor Evropy 2 <strong>Petr \u0158\u00edbal<\/strong>.<\/p>\n\n\n\n<p>Ambasadorkou a&nbsp;garantkou LAVRS Marketu je ji\u017e tradi\u010dn\u011b <strong>Kamila Vodochodsk\u00e1<\/strong>, n\u00e1vrh\u00e1\u0159ka, stylistka, a&nbsp;p\u0159edev\u0161\u00edm m\u00f3dn\u00ed kou\u010dka a&nbsp;bojovnice za udr\u017eitelnou m\u00f3du a&nbsp;udr\u017eitelnost celkov\u011b. Inspirativn\u00ed informace a zku\u0161enosti budou b\u011bhem p\u0159edn\u00e1\u0161ek sd\u00edlet tak\u00e9 environment\u00e1ln\u00ed aktivistka a green influencerka <strong>Nat\u00e1lie Pa\u017eick\u00e1<\/strong> \u010di <strong>Roz\u00e1rie Ha\u0161kovcov\u00e1<\/strong>, zn\u00e1m\u00e1 na Instagramu jako Shluk Bun\u011bk, a mnoho dal\u0161\u00edch respektovan\u00fdch osobnost\u00ed z&nbsp;environment\u00e1ln\u00ed oblasti.<\/p>\n\n\n\n<div style=\"height:42px\" aria-hidden=\"true\" class=\"wp-block-spacer\"><\/div>\n\n\n\n<figure class=\"wp-block-image size-large\"><img decoding=\"async\" src=\"https:\/\/prazskeprikopy.cz\/wp-content\/uploads\/2024\/09\/457248619_485192397607816_1637025412469442648_n-1024x389.jpg\" alt=\"LAVRS Market 2024: Dva dny ve znamen\u00ed slow fashion, lok\u00e1ln\u00edch zna\u010dek a udr\u017eitelnosti poprv\u00e9 ve Slovansk\u00e9m dom\u011b v\u00a0centru Prahy\" class=\"wp-image-8780\"\/><\/figure>\n\n\n\n<div style=\"height:42px\" aria-hidden=\"true\" class=\"wp-block-spacer\"><\/div>\n\n\n\n<h4 class=\"wp-block-heading\"><a href=\"http:\/\/www.lavrsmarket.cz\/\"><strong>www.lavrsmarket.cz<\/strong><\/a><\/h4>\n\n\n\n<h4 class=\"wp-block-heading\"><strong><a href=\"https:\/\/www.instagram.com\/lavrsmarket\">https:\/\/www.instagram.com\/lavrsmarket<\/a><\/strong><\/h4>\n\n\n\n<h4 class=\"wp-block-heading\"><a href=\"https:\/\/www.facebook.com\/Lavrsmarket\"><strong>www.facebook.com\/Lavrsmarket<\/strong><\/a><\/h4>\n\n\n\n<div style=\"height:111px\" aria-hidden=\"true\" class=\"wp-block-spacer\"><\/div>\n\n\n\n<figure class=\"wp-block-gallery has-nested-images columns-default is-cropped wp-block-gallery-1 is-layout-flex wp-block-gallery-is-layout-flex\">\n<figure class=\"wp-block-image size-large\"><img decoding=\"async\" data-id=\"8782\" src=\"https:\/\/prazskeprikopy.cz\/wp-content\/uploads\/2024\/09\/457505180_485199357607120_7141261709075100701_n-1024x389.jpg\" alt=\"LAVRS Market 2024: Dva dny ve znamen\u00ed slow fashion, lok\u00e1ln\u00edch zna\u010dek a udr\u017eitelnosti poprv\u00e9 ve Slovansk\u00e9m dom\u011b v\u00a0centru Prahy\" class=\"wp-image-8782\"\/><\/figure>\n\n\n\n<figure class=\"wp-block-image size-large\"><img decoding=\"async\" data-id=\"8779\" src=\"https:\/\/prazskeprikopy.cz\/wp-content\/uploads\/2024\/09\/5103b1_c6ea1cdffcec400a87c66a2b49dbc840mv2-1024x576.jpg\" alt=\"LAVRS Market 2024: Dva dny ve znamen\u00ed slow fashion, lok\u00e1ln\u00edch zna\u010dek a udr\u017eitelnosti poprv\u00e9 ve Slovansk\u00e9m dom\u011b v\u00a0centru Prahy\" class=\"wp-image-8779\"\/><\/figure>\n\n\n\n<figure class=\"wp-block-image size-large\"><img decoding=\"async\" data-id=\"8780\" src=\"https:\/\/prazskeprikopy.cz\/wp-content\/uploads\/2024\/09\/457248619_485192397607816_1637025412469442648_n-1024x389.jpg\" alt=\"LAVRS Market 2024: Dva dny ve znamen\u00ed slow fashion, lok\u00e1ln\u00edch zna\u010dek a udr\u017eitelnosti poprv\u00e9 ve Slovansk\u00e9m dom\u011b v\u00a0centru Prahy\" class=\"wp-image-8780\"\/><\/figure>\n\n\n\n<figure class=\"wp-block-image size-large\"><img decoding=\"async\" data-id=\"8781\" src=\"https:\/\/prazskeprikopy.cz\/wp-content\/uploads\/2024\/09\/Lavrs-Market-2024-1024x363.jpg\" alt=\"LAVRS Market 2024: Dva dny ve znamen\u00ed slow fashion, lok\u00e1ln\u00edch zna\u010dek a udr\u017eitelnosti poprv\u00e9 ve Slovansk\u00e9m dom\u011b v\u00a0centru Prahy\" class=\"wp-image-8781\"\/><\/figure>\n<\/figure>\n\n\n\n<div style=\"height:60px\" aria-hidden=\"true\" class=\"wp-block-spacer\"><\/div>\n\n\n\n<p><strong>Zdroj foto: <\/strong>LAVRS MARKET<\/p>\n\n\n\n<div style=\"height:141px\" aria-hidden=\"true\" class=\"wp-block-spacer\"><\/div>\n","protected":false},"excerpt":{"rendered":"<p>T\u0159et\u00ed ro\u010dn\u00edk LAVRS Marketu se&nbsp;uskute\u010dn\u00ed v p\u00e1tek 20. a v&nbsp;sobotu 21. z\u00e1\u0159\u00ed poprv\u00e9 v Empire Hall ve Slovansk\u00e9m dom\u011b. Na jednom m\u00edst\u011b, p\u0159\u00edmo v&nbsp;centru Prahy tak bude dostupn\u00e1 nab\u00eddka v\u00fdb\u011brov\u00fdch second hand\u016f a origin\u00e1ln\u00edch&#46;&#46;&#46;<\/p>\n","protected":false},"author":8,"featured_media":6468,"comment_status":"closed","ping_status":"closed","sticky":false,"template":"","format":"standard","meta":{"_monsterinsights_skip_tracking":false,"_monsterinsights_sitenote_active":false,"_monsterinsights_sitenote_note":"","_monsterinsights_sitenote_category":0,"footnotes":""},"categories":[29,2],"tags":[],"yoast_head":"<!-- This site is optimized with the Yoast SEO plugin v21.5 - https:\/\/yoast.com\/wordpress\/plugins\/seo\/ -->\n<title>LAVRS Market 2024: Dva dny ve znamen\u00ed slow fashion, lok\u00e1ln\u00edch zna\u010dek a udr\u017eitelnosti poprv\u00e9 ve Slovansk\u00e9m dom\u011b v\u00a0centru Prahy - HOTELHOUSE.cz<\/title>\n<meta name=\"description\" content=\"T\u0159et\u00ed ro\u010dn\u00edk LAVRS Marketu se\u00a0uskute\u010dn\u00ed v p\u00e1tek 20. a v\u00a0sobotu 21. z\u00e1\u0159\u00ed poprv\u00e9 v Empire Hall ve Slovansk\u00e9m dom\u011b.\" \/>\n<meta name=\"robots\" content=\"index, follow, max-snippet:-1, max-image-preview:large, max-video-preview:-1\" \/>\n<link rel=\"canonical\" href=\"https:\/\/hotelhouse.cz\/index.php\/2024\/09\/13\/lavrs-market-2024-dva-dny-ve-znameni-slow-fashion-lokalnich-znacek-a-udrzitelnosti-poprve-ve-slovanskem-dome-v-centru-prahy\/\" \/>\n<meta property=\"og:locale\" content=\"cs_CZ\" \/>\n<meta property=\"og:type\" content=\"article\" \/>\n<meta property=\"og:title\" content=\"LAVRS Market 2024: Dva dny ve znamen\u00ed slow fashion, lok\u00e1ln\u00edch zna\u010dek a udr\u017eitelnosti poprv\u00e9 ve Slovansk\u00e9m dom\u011b v\u00a0centru Prahy - HOTELHOUSE.cz\" \/>\n<meta property=\"og:description\" content=\"T\u0159et\u00ed ro\u010dn\u00edk LAVRS Marketu se\u00a0uskute\u010dn\u00ed v p\u00e1tek 20. a v\u00a0sobotu 21. z\u00e1\u0159\u00ed poprv\u00e9 v Empire Hall ve Slovansk\u00e9m dom\u011b.\" \/>\n<meta property=\"og:url\" content=\"https:\/\/hotelhouse.cz\/index.php\/2024\/09\/13\/lavrs-market-2024-dva-dny-ve-znameni-slow-fashion-lokalnich-znacek-a-udrzitelnosti-poprve-ve-slovanskem-dome-v-centru-prahy\/\" \/>\n<meta property=\"og:site_name\" content=\"HOTELHOUSE.cz\" \/>\n<meta property=\"article:published_time\" content=\"2024-09-12T22:01:00+00:00\" \/>\n<meta property=\"article:modified_time\" content=\"2024-09-12T23:56:54+00:00\" \/>\n<meta property=\"og:image\" content=\"https:\/\/hotelhouse.cz\/wp-content\/uploads\/2024\/09\/Lavrs-Market-2024.jpg\" \/>\n\t<meta property=\"og:image:width\" content=\"1878\" \/>\n\t<meta property=\"og:image:height\" content=\"666\" \/>\n\t<meta property=\"og:image:type\" content=\"image\/jpeg\" \/>\n<meta name=\"author\" content=\"Petra Kub\u00edkov\u00e1\" \/>\n<meta name=\"twitter:card\" content=\"summary_large_image\" \/>\n<meta name=\"twitter:label1\" content=\"Napsal(a)\" \/>\n\t<meta name=\"twitter:data1\" content=\"Petra Kub\u00edkov\u00e1\" \/>\n\t<meta name=\"twitter:label2\" content=\"Odhadovan\u00e1 doba \u010dten\u00ed\" \/>\n\t<meta name=\"twitter:data2\" content=\"4 minuty\" \/>\n<script type=\"application\/ld+json\" class=\"yoast-schema-graph\">{\"@context\":\"https:\/\/schema.org\",\"@graph\":[{\"@type\":\"Article\",\"@id\":\"https:\/\/hotelhouse.cz\/index.php\/2024\/09\/13\/lavrs-market-2024-dva-dny-ve-znameni-slow-fashion-lokalnich-znacek-a-udrzitelnosti-poprve-ve-slovanskem-dome-v-centru-prahy\/#article\",\"isPartOf\":{\"@id\":\"https:\/\/hotelhouse.cz\/index.php\/2024\/09\/13\/lavrs-market-2024-dva-dny-ve-znameni-slow-fashion-lokalnich-znacek-a-udrzitelnosti-poprve-ve-slovanskem-dome-v-centru-prahy\/\"},\"author\":{\"name\":\"Petra Kub\u00edkov\u00e1\",\"@id\":\"https:\/\/hotelhouse.cz\/#\/schema\/person\/e386d33750b332e35bf914d1bc4aad3b\"},\"headline\":\"LAVRS Market 2024: Dva dny ve znamen\u00ed slow fashion, lok\u00e1ln\u00edch zna\u010dek a udr\u017eitelnosti poprv\u00e9 ve Slovansk\u00e9m dom\u011b v\u00a0centru Prahy\",\"datePublished\":\"2024-09-12T22:01:00+00:00\",\"dateModified\":\"2024-09-12T23:56:54+00:00\",\"mainEntityOfPage\":{\"@id\":\"https:\/\/hotelhouse.cz\/index.php\/2024\/09\/13\/lavrs-market-2024-dva-dny-ve-znameni-slow-fashion-lokalnich-znacek-a-udrzitelnosti-poprve-ve-slovanskem-dome-v-centru-prahy\/\"},\"wordCount\":442,\"publisher\":{\"@id\":\"https:\/\/hotelhouse.cz\/#organization\"},\"articleSection\":[\"N\u00c1KUPN\u00cd CENTRA\",\"NEWS\"],\"inLanguage\":\"cs\"},{\"@type\":\"WebPage\",\"@id\":\"https:\/\/hotelhouse.cz\/index.php\/2024\/09\/13\/lavrs-market-2024-dva-dny-ve-znameni-slow-fashion-lokalnich-znacek-a-udrzitelnosti-poprve-ve-slovanskem-dome-v-centru-prahy\/\",\"url\":\"https:\/\/hotelhouse.cz\/index.php\/2024\/09\/13\/lavrs-market-2024-dva-dny-ve-znameni-slow-fashion-lokalnich-znacek-a-udrzitelnosti-poprve-ve-slovanskem-dome-v-centru-prahy\/\",\"name\":\"LAVRS Market 2024: Dva dny ve znamen\u00ed slow fashion, lok\u00e1ln\u00edch zna\u010dek a udr\u017eitelnosti poprv\u00e9 ve Slovansk\u00e9m dom\u011b v\u00a0centru Prahy - HOTELHOUSE.cz\",\"isPartOf\":{\"@id\":\"https:\/\/hotelhouse.cz\/#website\"},\"datePublished\":\"2024-09-12T22:01:00+00:00\",\"dateModified\":\"2024-09-12T23:56:54+00:00\",\"description\":\"T\u0159et\u00ed ro\u010dn\u00edk LAVRS Marketu se\u00a0uskute\u010dn\u00ed v p\u00e1tek 20. a v\u00a0sobotu 21. z\u00e1\u0159\u00ed poprv\u00e9 v Empire Hall ve Slovansk\u00e9m dom\u011b.\",\"breadcrumb\":{\"@id\":\"https:\/\/hotelhouse.cz\/index.php\/2024\/09\/13\/lavrs-market-2024-dva-dny-ve-znameni-slow-fashion-lokalnich-znacek-a-udrzitelnosti-poprve-ve-slovanskem-dome-v-centru-prahy\/#breadcrumb\"},\"inLanguage\":\"cs\",\"potentialAction\":[{\"@type\":\"ReadAction\",\"target\":[\"https:\/\/hotelhouse.cz\/index.php\/2024\/09\/13\/lavrs-market-2024-dva-dny-ve-znameni-slow-fashion-lokalnich-znacek-a-udrzitelnosti-poprve-ve-slovanskem-dome-v-centru-prahy\/\"]}]},{\"@type\":\"BreadcrumbList\",\"@id\":\"https:\/\/hotelhouse.cz\/index.php\/2024\/09\/13\/lavrs-market-2024-dva-dny-ve-znameni-slow-fashion-lokalnich-znacek-a-udrzitelnosti-poprve-ve-slovanskem-dome-v-centru-prahy\/#breadcrumb\",\"itemListElement\":[{\"@type\":\"ListItem\",\"position\":1,\"name\":\"Dom\u016f\",\"item\":\"https:\/\/hotelhouse.cz\/\"},{\"@type\":\"ListItem\",\"position\":2,\"name\":\"LAVRS Market 2024: Dva dny ve znamen\u00ed slow fashion, lok\u00e1ln\u00edch zna\u010dek a udr\u017eitelnosti poprv\u00e9 ve Slovansk\u00e9m dom\u011b v\u00a0centru Prahy\"}]},{\"@type\":\"WebSite\",\"@id\":\"https:\/\/hotelhouse.cz\/#website\",\"url\":\"https:\/\/hotelhouse.cz\/\",\"name\":\"HOTELHOUSE.cz\",\"description\":\"Port\u00e1l o hotelech, pensionech, spa resortech a restaurac\u00edch...\",\"publisher\":{\"@id\":\"https:\/\/hotelhouse.cz\/#organization\"},\"potentialAction\":[{\"@type\":\"SearchAction\",\"target\":{\"@type\":\"EntryPoint\",\"urlTemplate\":\"https:\/\/hotelhouse.cz\/?s={search_term_string}\"},\"query-input\":\"required name=search_term_string\"}],\"inLanguage\":\"cs\"},{\"@type\":\"Organization\",\"@id\":\"https:\/\/hotelhouse.cz\/#organization\",\"name\":\"HOTELHOUSE.cz\",\"url\":\"https:\/\/hotelhouse.cz\/\",\"logo\":{\"@type\":\"ImageObject\",\"inLanguage\":\"cs\",\"@id\":\"https:\/\/hotelhouse.cz\/#\/schema\/logo\/image\/\",\"url\":\"https:\/\/hotelhouse.cz\/wp-content\/uploads\/2024\/12\/cropped-Logo_HotelHouse-2.jpg\",\"contentUrl\":\"https:\/\/hotelhouse.cz\/wp-content\/uploads\/2024\/12\/cropped-Logo_HotelHouse-2.jpg\",\"width\":933,\"height\":516,\"caption\":\"HOTELHOUSE.cz\"},\"image\":{\"@id\":\"https:\/\/hotelhouse.cz\/#\/schema\/logo\/image\/\"},\"sameAs\":[\"https:\/\/www.instagram.com\/hotelhousecz\/\"]},{\"@type\":\"Person\",\"@id\":\"https:\/\/hotelhouse.cz\/#\/schema\/person\/e386d33750b332e35bf914d1bc4aad3b\",\"name\":\"Petra Kub\u00edkov\u00e1\",\"image\":{\"@type\":\"ImageObject\",\"inLanguage\":\"cs\",\"@id\":\"https:\/\/hotelhouse.cz\/#\/schema\/person\/image\/\",\"url\":\"https:\/\/secure.gravatar.com\/avatar\/b73acd1265062ae3b93da9908474de40?s=96&d=mm&r=g\",\"contentUrl\":\"https:\/\/secure.gravatar.com\/avatar\/b73acd1265062ae3b93da9908474de40?s=96&d=mm&r=g\",\"caption\":\"Petra Kub\u00edkov\u00e1\"},\"sameAs\":[\"http:\/\/HOTELHOUSE.cz\"],\"url\":\"https:\/\/hotelhouse.cz\/index.php\/author\/kubp\/\"}]}<\/script>\n<!-- \/ Yoast SEO plugin. -->","yoast_head_json":{"title":"LAVRS Market 2024: Dva dny ve znamen\u00ed slow fashion, lok\u00e1ln\u00edch zna\u010dek a udr\u017eitelnosti poprv\u00e9 ve Slovansk\u00e9m dom\u011b v\u00a0centru Prahy - HOTELHOUSE.cz","description":"T\u0159et\u00ed ro\u010dn\u00edk LAVRS Marketu se\u00a0uskute\u010dn\u00ed v p\u00e1tek 20. a v\u00a0sobotu 21. z\u00e1\u0159\u00ed poprv\u00e9 v Empire Hall ve Slovansk\u00e9m dom\u011b.","robots":{"index":"index","follow":"follow","max-snippet":"max-snippet:-1","max-image-preview":"max-image-preview:large","max-video-preview":"max-video-preview:-1"},"canonical":"https:\/\/hotelhouse.cz\/index.php\/2024\/09\/13\/lavrs-market-2024-dva-dny-ve-znameni-slow-fashion-lokalnich-znacek-a-udrzitelnosti-poprve-ve-slovanskem-dome-v-centru-prahy\/","og_locale":"cs_CZ","og_type":"article","og_title":"LAVRS Market 2024: Dva dny ve znamen\u00ed slow fashion, lok\u00e1ln\u00edch zna\u010dek a udr\u017eitelnosti poprv\u00e9 ve Slovansk\u00e9m dom\u011b v\u00a0centru Prahy - HOTELHOUSE.cz","og_description":"T\u0159et\u00ed ro\u010dn\u00edk LAVRS Marketu se\u00a0uskute\u010dn\u00ed v p\u00e1tek 20. a v\u00a0sobotu 21. z\u00e1\u0159\u00ed poprv\u00e9 v Empire Hall ve Slovansk\u00e9m dom\u011b.","og_url":"https:\/\/hotelhouse.cz\/index.php\/2024\/09\/13\/lavrs-market-2024-dva-dny-ve-znameni-slow-fashion-lokalnich-znacek-a-udrzitelnosti-poprve-ve-slovanskem-dome-v-centru-prahy\/","og_site_name":"HOTELHOUSE.cz","article_published_time":"2024-09-12T22:01:00+00:00","article_modified_time":"2024-09-12T23:56:54+00:00","og_image":[{"width":1878,"height":666,"url":"https:\/\/hotelhouse.cz\/wp-content\/uploads\/2024\/09\/Lavrs-Market-2024.jpg","type":"image\/jpeg"}],"author":"Petra Kub\u00edkov\u00e1","twitter_card":"summary_large_image","twitter_misc":{"Napsal(a)":"Petra Kub\u00edkov\u00e1","Odhadovan\u00e1 doba \u010dten\u00ed":"4 minuty"},"schema":{"@context":"https:\/\/schema.org","@graph":[{"@type":"Article","@id":"https:\/\/hotelhouse.cz\/index.php\/2024\/09\/13\/lavrs-market-2024-dva-dny-ve-znameni-slow-fashion-lokalnich-znacek-a-udrzitelnosti-poprve-ve-slovanskem-dome-v-centru-prahy\/#article","isPartOf":{"@id":"https:\/\/hotelhouse.cz\/index.php\/2024\/09\/13\/lavrs-market-2024-dva-dny-ve-znameni-slow-fashion-lokalnich-znacek-a-udrzitelnosti-poprve-ve-slovanskem-dome-v-centru-prahy\/"},"author":{"name":"Petra Kub\u00edkov\u00e1","@id":"https:\/\/hotelhouse.cz\/#\/schema\/person\/e386d33750b332e35bf914d1bc4aad3b"},"headline":"LAVRS Market 2024: Dva dny ve znamen\u00ed slow fashion, lok\u00e1ln\u00edch zna\u010dek a udr\u017eitelnosti poprv\u00e9 ve Slovansk\u00e9m dom\u011b v\u00a0centru Prahy","datePublished":"2024-09-12T22:01:00+00:00","dateModified":"2024-09-12T23:56:54+00:00","mainEntityOfPage":{"@id":"https:\/\/hotelhouse.cz\/index.php\/2024\/09\/13\/lavrs-market-2024-dva-dny-ve-znameni-slow-fashion-lokalnich-znacek-a-udrzitelnosti-poprve-ve-slovanskem-dome-v-centru-prahy\/"},"wordCount":442,"publisher":{"@id":"https:\/\/hotelhouse.cz\/#organization"},"articleSection":["N\u00c1KUPN\u00cd CENTRA","NEWS"],"inLanguage":"cs"},{"@type":"WebPage","@id":"https:\/\/hotelhouse.cz\/index.php\/2024\/09\/13\/lavrs-market-2024-dva-dny-ve-znameni-slow-fashion-lokalnich-znacek-a-udrzitelnosti-poprve-ve-slovanskem-dome-v-centru-prahy\/","url":"https:\/\/hotelhouse.cz\/index.php\/2024\/09\/13\/lavrs-market-2024-dva-dny-ve-znameni-slow-fashion-lokalnich-znacek-a-udrzitelnosti-poprve-ve-slovanskem-dome-v-centru-prahy\/","name":"LAVRS Market 2024: Dva dny ve znamen\u00ed slow fashion, lok\u00e1ln\u00edch zna\u010dek a udr\u017eitelnosti poprv\u00e9 ve Slovansk\u00e9m dom\u011b v\u00a0centru Prahy - HOTELHOUSE.cz","isPartOf":{"@id":"https:\/\/hotelhouse.cz\/#website"},"datePublished":"2024-09-12T22:01:00+00:00","dateModified":"2024-09-12T23:56:54+00:00","description":"T\u0159et\u00ed ro\u010dn\u00edk LAVRS Marketu se\u00a0uskute\u010dn\u00ed v p\u00e1tek 20. a v\u00a0sobotu 21. z\u00e1\u0159\u00ed poprv\u00e9 v Empire Hall ve Slovansk\u00e9m dom\u011b.","breadcrumb":{"@id":"https:\/\/hotelhouse.cz\/index.php\/2024\/09\/13\/lavrs-market-2024-dva-dny-ve-znameni-slow-fashion-lokalnich-znacek-a-udrzitelnosti-poprve-ve-slovanskem-dome-v-centru-prahy\/#breadcrumb"},"inLanguage":"cs","potentialAction":[{"@type":"ReadAction","target":["https:\/\/hotelhouse.cz\/index.php\/2024\/09\/13\/lavrs-market-2024-dva-dny-ve-znameni-slow-fashion-lokalnich-znacek-a-udrzitelnosti-poprve-ve-slovanskem-dome-v-centru-prahy\/"]}]},{"@type":"BreadcrumbList","@id":"https:\/\/hotelhouse.cz\/index.php\/2024\/09\/13\/lavrs-market-2024-dva-dny-ve-znameni-slow-fashion-lokalnich-znacek-a-udrzitelnosti-poprve-ve-slovanskem-dome-v-centru-prahy\/#breadcrumb","itemListElement":[{"@type":"ListItem","position":1,"name":"Dom\u016f","item":"https:\/\/hotelhouse.cz\/"},{"@type":"ListItem","position":2,"name":"LAVRS Market 2024: Dva dny ve znamen\u00ed slow fashion, lok\u00e1ln\u00edch zna\u010dek a udr\u017eitelnosti poprv\u00e9 ve Slovansk\u00e9m dom\u011b v\u00a0centru Prahy"}]},{"@type":"WebSite","@id":"https:\/\/hotelhouse.cz\/#website","url":"https:\/\/hotelhouse.cz\/","name":"HOTELHOUSE.cz","description":"Port\u00e1l o hotelech, pensionech, spa resortech a restaurac\u00edch...","publisher":{"@id":"https:\/\/hotelhouse.cz\/#organization"},"potentialAction":[{"@type":"SearchAction","target":{"@type":"EntryPoint","urlTemplate":"https:\/\/hotelhouse.cz\/?s={search_term_string}"},"query-input":"required name=search_term_string"}],"inLanguage":"cs"},{"@type":"Organization","@id":"https:\/\/hotelhouse.cz\/#organization","name":"HOTELHOUSE.cz","url":"https:\/\/hotelhouse.cz\/","logo":{"@type":"ImageObject","inLanguage":"cs","@id":"https:\/\/hotelhouse.cz\/#\/schema\/logo\/image\/","url":"https:\/\/hotelhouse.cz\/wp-content\/uploads\/2024\/12\/cropped-Logo_HotelHouse-2.jpg","contentUrl":"https:\/\/hotelhouse.cz\/wp-content\/uploads\/2024\/12\/cropped-Logo_HotelHouse-2.jpg","width":933,"height":516,"caption":"HOTELHOUSE.cz"},"image":{"@id":"https:\/\/hotelhouse.cz\/#\/schema\/logo\/image\/"},"sameAs":["https:\/\/www.instagram.com\/hotelhousecz\/"]},{"@type":"Person","@id":"https:\/\/hotelhouse.cz\/#\/schema\/person\/e386d33750b332e35bf914d1bc4aad3b","name":"Petra Kub\u00edkov\u00e1","image":{"@type":"ImageObject","inLanguage":"cs","@id":"https:\/\/hotelhouse.cz\/#\/schema\/person\/image\/","url":"https:\/\/secure.gravatar.com\/avatar\/b73acd1265062ae3b93da9908474de40?s=96&d=mm&r=g","contentUrl":"https:\/\/secure.gravatar.com\/avatar\/b73acd1265062ae3b93da9908474de40?s=96&d=mm&r=g","caption":"Petra Kub\u00edkov\u00e1"},"sameAs":["http:\/\/HOTELHOUSE.cz"],"url":"https:\/\/hotelhouse.cz\/index.php\/author\/kubp\/"}]}},"_links":{"self":[{"href":"https:\/\/hotelhouse.cz\/index.php\/wp-json\/wp\/v2\/posts\/6467"}],"collection":[{"href":"https:\/\/hotelhouse.cz\/index.php\/wp-json\/wp\/v2\/posts"}],"about":[{"href":"https:\/\/hotelhouse.cz\/index.php\/wp-json\/wp\/v2\/types\/post"}],"author":[{"embeddable":true,"href":"https:\/\/hotelhouse.cz\/index.php\/wp-json\/wp\/v2\/users\/8"}],"replies":[{"embeddable":true,"href":"https:\/\/hotelhouse.cz\/index.php\/wp-json\/wp\/v2\/comments?post=6467"}],"version-history":[{"count":1,"href":"https:\/\/hotelhouse.cz\/index.php\/wp-json\/wp\/v2\/posts\/6467\/revisions"}],"predecessor-version":[{"id":6469,"href":"https:\/\/hotelhouse.cz\/index.php\/wp-json\/wp\/v2\/posts\/6467\/revisions\/6469"}],"wp:featuredmedia":[{"embeddable":true,"href":"https:\/\/hotelhouse.cz\/index.php\/wp-json\/wp\/v2\/media\/6468"}],"wp:attachment":[{"href":"https:\/\/hotelhouse.cz\/index.php\/wp-json\/wp\/v2\/media?parent=6467"}],"wp:term":[{"taxonomy":"category","embeddable":true,"href":"https:\/\/hotelhouse.cz\/index.php\/wp-json\/wp\/v2\/categories?post=6467"},{"taxonomy":"post_tag","embeddable":true,"href":"https:\/\/hotelhouse.cz\/index.php\/wp-json\/wp\/v2\/tags?post=6467"}],"curies":[{"name":"wp","href":"https:\/\/api.w.org\/{rel}","templated":true}]}}