{"id":6477,"date":"2024-09-27T02:32:16","date_gmt":"2024-09-27T00:32:16","guid":{"rendered":"https:\/\/hotelhouse.cz\/?p=6477"},"modified":"2024-09-27T02:32:18","modified_gmt":"2024-09-27T00:32:18","slug":"historicky-cenna-hrzanska-pasaz-po-letech-oziva-modou-umenim-a-designem","status":"publish","type":"post","link":"https:\/\/hotelhouse.cz\/index.php\/2024\/09\/27\/historicky-cenna-hrzanska-pasaz-po-letech-oziva-modou-umenim-a-designem\/","title":{"rendered":"Historicky cenn\u00e1 Hrz\u00e1nsk\u00e1 pas\u00e1\u017e po letech o\u017e\u00edv\u00e1 m\u00f3dou, um\u011bn\u00edm a designem"},"content":{"rendered":"\n<div style=\"height:41px\" aria-hidden=\"true\" class=\"wp-block-spacer\"><\/div>\n\n\n\n<p><strong>Unik\u00e1tn\u00ed Hrz\u00e1nsk\u00e1 pas\u00e1\u017e, nach\u00e1zej\u00edc\u00ed se v\u00a0sam\u00e9m srdci Prahy, dostala druh\u00fd \u017eivot. Prostor zasv\u011bcen\u00fd um\u011bn\u00ed, m\u00f3d\u011b, designu, hudb\u011b i lok\u00e1ln\u00edm projekt\u016fm byl nedaleko Starom\u011bstsk\u00e9ho n\u00e1m\u011bst\u00ed slavnostn\u011b otev\u0159en ve st\u0159edu 25. z\u00e1\u0159\u00ed. <\/strong><\/p>\n\n\n\n<div style=\"height:41px\" aria-hidden=\"true\" class=\"wp-block-spacer\"><\/div>\n\n\n<div class=\"wp-block-image\">\n<figure class=\"aligncenter size-full\"><img decoding=\"async\" loading=\"lazy\" width=\"1000\" height=\"667\" src=\"https:\/\/hotelhouse.cz\/wp-content\/uploads\/2024\/09\/02_Hrzanska_Pasaz_foto-Tomas-Rubin.jpg\" alt=\"Historicky cenn\u00e1 Hrz\u00e1nsk\u00e1 pas\u00e1\u017e po letech o\u017e\u00edv\u00e1 m\u00f3dou, um\u011bn\u00edm a designem\" class=\"wp-image-6478\" srcset=\"https:\/\/hotelhouse.cz\/wp-content\/uploads\/2024\/09\/02_Hrzanska_Pasaz_foto-Tomas-Rubin.jpg 1000w, https:\/\/hotelhouse.cz\/wp-content\/uploads\/2024\/09\/02_Hrzanska_Pasaz_foto-Tomas-Rubin-300x200.jpg 300w, https:\/\/hotelhouse.cz\/wp-content\/uploads\/2024\/09\/02_Hrzanska_Pasaz_foto-Tomas-Rubin-768x512.jpg 768w\" sizes=\"(max-width: 1000px) 100vw, 1000px\" \/><\/figure><\/div>\n\n\n<div style=\"height:41px\" aria-hidden=\"true\" class=\"wp-block-spacer\"><\/div>\n\n\n\n<p><strong>Sou\u010d\u00e1st\u00ed pas\u00e1\u017ee v\u00a0barokn\u00edm Pal\u00e1ci Hrz\u00e1n\u016f z Harasova je dev\u011bt nov\u00fdch projekt\u016f jako prostor v\u011bnovan\u00fd \u010desk\u00e9 m\u00f3d\u011b SL\u00c1VA!, C12 Gallery, \u00d3 GALLERY, showroomy p\u0159\u00edrodn\u00ed kosmetiky SMYSSLY, luxusn\u00edch kabelek FOLBEUR, design\u00e9rky nad\u010dasov\u00fdch plavek a volno\u010dasov\u00e9 m\u00f3dy Terezie Trus\u00ednov\u00e9, kav\u00e1rna Coffee room, Koncertn\u00ed p\u0159eds\u00ed\u0148 a prohl\u00eddky Prahou Numinos.<\/strong><\/p>\n\n\n\n<div style=\"height:3px\" aria-hidden=\"true\" class=\"wp-block-spacer\"><\/div>\n\n\n\n<figure class=\"wp-block-audio\"><audio controls src=\"https:\/\/prazskeprikopy.cz\/wp-content\/uploads\/2024\/09\/Clanek-Hrzanska-pasaz.mp3\"><\/audio><\/figure>\n\n\n\n<div style=\"height:40px\" aria-hidden=\"true\" class=\"wp-block-spacer\"><\/div>\n\n\n<div class=\"wp-block-image\">\n<figure class=\"aligncenter size-large\"><img decoding=\"async\" src=\"https:\/\/prazskeprikopy.cz\/wp-content\/uploads\/2024\/09\/02_Hrzanska_Pasaz_foto-Tomas-Rubin-1-1024x683.jpg\" alt=\"Celetn\u00e1 ulice: Historicky cenn\u00e1 Hrz\u00e1nsk\u00e1 pas\u00e1\u017e po letech o\u017e\u00edv\u00e1 m\u00f3dou, um\u011bn\u00ed a designem\" class=\"wp-image-9130\"\/><\/figure><\/div>\n\n\n<div style=\"height:40px\" aria-hidden=\"true\" class=\"wp-block-spacer\"><\/div>\n\n\n\n<p>Hrz\u00e1nsk\u00e1 pas\u00e1\u017e <a href=\"https:\/\/vcentruprahy.cz\/\"><strong>v&nbsp;samotn\u00e9m centru Prahy<\/strong><\/a> se nach\u00e1z\u00ed na adrese Celetn\u00e1 12 a Kamz\u00edkov\u00e1 8, ob\u011b ulice toti\u017e Hrz\u00e1nsk\u00e1 pas\u00e1\u017e spojuje. Je charakteristick\u00e1 klenut\u00fdmi stropy, oblouky a propracovan\u00fdmi detaily, kter\u00e9 evokuj\u00ed bohatou historii \u0161lechtick\u00e9ho rodu, kter\u00fd pal\u00e1c ob\u00fdval. Mnoho let byla pas\u00e1\u017e nep\u0159\u00edstupn\u00e1, nyn\u00ed znovu o\u017e\u00edv\u00e1 s nov\u00fdmi n\u00e1jemci, jimi\u017e jsou lok\u00e1ln\u00ed zna\u010dky a projekty z oblast\u00ed m\u00f3dy, um\u011bn\u00ed, designu, hudby a kosmetiky.<\/p>\n\n\n\n<div style=\"height:40px\" aria-hidden=\"true\" class=\"wp-block-spacer\"><\/div>\n\n\n<div class=\"wp-block-image\">\n<figure class=\"aligncenter size-large\"><img decoding=\"async\" src=\"https:\/\/prazskeprikopy.cz\/wp-content\/uploads\/2024\/09\/04_ATM07443_foto-Tomas-Rubin-1024x683.jpeg\" alt=\"Celetn\u00e1 ulice: Historicky cenn\u00e1 Hrz\u00e1nsk\u00e1 pas\u00e1\u017e po letech o\u017e\u00edv\u00e1 m\u00f3dou, um\u011bn\u00ed a designem\" class=\"wp-image-9138\"\/><\/figure><\/div>\n\n\n<div style=\"height:40px\" aria-hidden=\"true\" class=\"wp-block-spacer\"><\/div>\n\n\n\n<p>\u201e<em>Hrz\u00e1nsk\u00e9 pas\u00e1\u017ei po letech vrac\u00edme nov\u00fd \u017eivot a transformujeme ji z pr\u016fm\u011brn\u00e9 turistick\u00e9 atrakce na jedine\u010dn\u00fd prostor nejen pro turisty, ale tak\u00e9 pro m\u00edstn\u00ed obyvatele. Cht\u011bli jsme tomuto historick\u00e9mu m\u00edstu vr\u00e1tit jeho genius loci. Ostatn\u011b p\u0159ed v\u00edce ne\u017e sto lety tu vedli textiln\u00ed velkoobchod rodi\u010de Franze Kafky,\u201c<\/em> <strong>\u0159\u00edk\u00e1 Magdalena Nov\u00e1\u010dkov\u00e1, \u0159editelka hudebn\u00ed nadace Stadler-Trier, kter\u00e1 barokn\u00ed Pal\u00e1c Hrz\u00e1n\u016f z&nbsp;Harasova vlastn\u00ed.<\/strong><\/p>\n\n\n\n<div style=\"height:40px\" aria-hidden=\"true\" class=\"wp-block-spacer\"><\/div>\n\n\n\n<figure class=\"wp-block-gallery has-nested-images columns-default is-cropped wp-block-gallery-1 is-layout-flex wp-block-gallery-is-layout-flex\">\n<figure class=\"wp-block-image size-large\"><img decoding=\"async\" data-id=\"9132\" src=\"https:\/\/prazskeprikopy.cz\/wp-content\/uploads\/2024\/09\/ATM07040_foto-Tomas-Rubin-1024x683.jpeg\" alt=\"Celetn\u00e1 ulice: Historicky cenn\u00e1 Hrz\u00e1nsk\u00e1 pas\u00e1\u017e po letech o\u017e\u00edv\u00e1 m\u00f3dou, um\u011bn\u00ed a designem\" class=\"wp-image-9132\"\/><\/figure>\n\n\n\n<figure class=\"wp-block-image size-large\"><img decoding=\"async\" data-id=\"9125\" src=\"https:\/\/prazskeprikopy.cz\/wp-content\/uploads\/2024\/09\/ATM07378_foto-Tomas-Rubin-1024x683.jpeg\" alt=\"Celetn\u00e1 ulice: Historicky cenn\u00e1 Hrz\u00e1nsk\u00e1 pas\u00e1\u017e po letech o\u017e\u00edv\u00e1 m\u00f3dou, um\u011bn\u00ed a designem\" class=\"wp-image-9125\"\/><\/figure>\n<\/figure>\n\n\n\n<div style=\"height:40px\" aria-hidden=\"true\" class=\"wp-block-spacer\"><\/div>\n\n\n\n<p>V pas\u00e1\u017ei se nach\u00e1z\u00ed nejmen\u0161\u00ed koncertn\u00ed s\u00e1l v \u010cesku, n\u00e1v\u0161t\u011bvn\u00edci zde najdou tak\u00e9 multifunk\u010dn\u00ed prostor SL\u00c1VA! pro milovn\u00edky m\u00f3dy a \u0161perku. Z\u00e1jemci o um\u011bn\u00ed ocen\u00ed nab\u00eddku C12 Gallery nebo&nbsp;\u00d3 Gallery. Dal\u0161\u00edmi podniky v&nbsp;Hrz\u00e1nsk\u00e9 pas\u00e1\u017ei jsou kav\u00e1rna Coffee Room, showroom zna\u010dky FOLBEUR, kter\u00e1 se specializuje na n\u00e1vrhy a v\u00fdrobu ko\u017een\u00e9 galanterie, nebo minimalistick\u00fd obchod p\u0159\u00edrodn\u00ed kosmetiky SMYSSLY. Nov\u00fd kolektiv obchod\u016f zakon\u010duj\u00ed projekt Numinos, umo\u017e\u0148uj\u00edc\u00ed prohl\u00eddky Prahy ve virtu\u00e1ln\u00ed realit\u011b, nebo nab\u00eddka luxusn\u00edch plavek a volno\u010dasov\u00e9 m\u00f3dy od n\u00e1vrh\u00e1\u0159ky Terezie Trusinov\u00e9.<\/p>\n\n\n\n<div style=\"height:40px\" aria-hidden=\"true\" class=\"wp-block-spacer\"><\/div>\n\n\n\n<figure class=\"wp-block-gallery has-nested-images columns-default is-cropped wp-block-gallery-3 is-layout-flex wp-block-gallery-is-layout-flex\">\n<figure class=\"wp-block-image size-large\"><img decoding=\"async\" data-id=\"9137\" src=\"https:\/\/prazskeprikopy.cz\/wp-content\/uploads\/2024\/09\/03_Hrzanska_Pasaz_foto-Tomas-Rubin-1024x683.jpg\" alt=\"Celetn\u00e1 ulice: Historicky cenn\u00e1 Hrz\u00e1nsk\u00e1 pas\u00e1\u017e po letech o\u017e\u00edv\u00e1 m\u00f3dou, um\u011bn\u00ed a designem\" class=\"wp-image-9137\"\/><\/figure>\n\n\n\n<figure class=\"wp-block-image size-large\"><img decoding=\"async\" data-id=\"9139\" src=\"https:\/\/prazskeprikopy.cz\/wp-content\/uploads\/2024\/09\/ATM07286_foto-Tomas-Rubin-1024x683.jpeg\" alt=\"Celetn\u00e1 ulice: Historicky cenn\u00e1 Hrz\u00e1nsk\u00e1 pas\u00e1\u017e po letech o\u017e\u00edv\u00e1 m\u00f3dou, um\u011bn\u00ed a designem\" class=\"wp-image-9139\"\/><\/figure>\n<\/figure>\n\n\n\n<div style=\"height:40px\" aria-hidden=\"true\" class=\"wp-block-spacer\"><\/div>\n\n\n\n<p>\u201e<em>Spole\u010dn\u011b chceme n\u00e1v\u0161t\u011bvn\u00edk\u016fm nab\u00eddnou um\u011bn\u00ed, design a \u010deskou m\u00f3du a sv\u00fdm zam\u011b\u0159en\u00edm a nab\u00eddkou si nekonkurovat, ale dopl\u0148ovat se. Inspirovali jsme se v zahrani\u010d\u00ed, kde jsou cel\u00e9 ulice nebo \u010dtvrti pojat\u00e9 t\u00edmto zp\u016fsobem. V jedn\u00e9 ulici najdete r\u016fzn\u00e9 obchody a projekty, t\u00edm se m\u00edsto st\u00e1v\u00e1 atraktivn\u00ed pro n\u00e1v\u0161t\u011bvn\u00edky,\u201d <\/em><strong>vysv\u011btluje kolektiv projekt\u016f v Hrz\u00e1nsk\u00e9 pas\u00e1\u017ei<\/strong>.<\/p>\n\n\n\n<p>Sou\u010d\u00e1st\u00ed Pal\u00e1ce Hrz\u00e1n\u016f z Harasova by m\u011bly b\u00fdt tak\u00e9 ateli\u00e9ry design\u00e9r\u016f. Samotn\u00e1 pas\u00e1\u017e vznikla v obdob\u00ed, kdy pal\u00e1ce v Praze byly \u010dasto propojov\u00e1ny, aby byl p\u0159esun mezi jednotliv\u00fdmi \u010d\u00e1stmi m\u011bsta pohodln\u011bj\u0161\u00ed a rychlej\u0161\u00ed. <strong><a href=\"https:\/\/celetnaulice.cz\/\">Celetn\u00e1 ulice<\/a><\/strong>, le\u017e\u00edc\u00ed na Kr\u00e1lovsk\u00e9 cest\u011b, byla jednou z hlavn\u00edch tepen Star\u00e9ho M\u011bsta, a Hrz\u00e1nsk\u00e1 pas\u00e1\u017e tak m\u011bla d\u016fle\u017eitou roli p\u0159i propojen\u00ed t\u00e9to \u010d\u00e1sti Prahy s ru\u0161n\u00fdm trhem na Ovocn\u00e9m trhu.<\/p>\n\n\n\n<div style=\"height:40px\" aria-hidden=\"true\" class=\"wp-block-spacer\"><\/div>\n\n\n\n<figure class=\"wp-block-gallery has-nested-images columns-default is-cropped wp-block-gallery-5 is-layout-flex wp-block-gallery-is-layout-flex\">\n<figure class=\"wp-block-image size-large\"><img decoding=\"async\" data-id=\"9124\" src=\"https:\/\/prazskeprikopy.cz\/wp-content\/uploads\/2024\/09\/ATM07355_foto-Tomas-Rubin-1024x683.jpeg\" alt=\"Celetn\u00e1 ulice: Historicky cenn\u00e1 Hrz\u00e1nsk\u00e1 pas\u00e1\u017e po letech o\u017e\u00edv\u00e1 m\u00f3dou, um\u011bn\u00ed a designem\" class=\"wp-image-9124\"\/><\/figure>\n\n\n\n<figure class=\"wp-block-image size-large\"><img decoding=\"async\" data-id=\"9117\" src=\"https:\/\/prazskeprikopy.cz\/wp-content\/uploads\/2024\/09\/ATM07148_foto-Tomas-Rubin-1024x683.jpeg\" alt=\"Celetn\u00e1 ulice: Historicky cenn\u00e1 Hrz\u00e1nsk\u00e1 pas\u00e1\u017e po letech o\u017e\u00edv\u00e1 m\u00f3dou, um\u011bn\u00ed a designem\" class=\"wp-image-9117\"\/><\/figure>\n<\/figure>\n\n\n\n<div style=\"height:40px\" aria-hidden=\"true\" class=\"wp-block-spacer\"><\/div>\n\n\n\n<h2 class=\"wp-block-heading\"><strong>O Pal\u00e1ci Hrz\u00e1n\u016f z&nbsp;Harasova:<\/strong><\/h2>\n\n\n\n<div style=\"height:26px\" aria-hidden=\"true\" class=\"wp-block-spacer\"><\/div>\n\n\n\n<p><strong>Na m\u00edst\u011b dne\u0161n\u00edho Pal\u00e1ce Hrz\u00e1n\u016f z Harasova st\u00e1val rom\u00e1nsk\u00fd d\u016fm, kter\u00fd byl postupn\u011b p\u0159estavov\u00e1n. Majitelem pal\u00e1ce se roku 1701 stal hrab\u011b Zikmund Valentin Hrz\u00e1n z Harasova, kter\u00fd jej nechal p\u0159estav\u011bt ve stylu vrcholn\u00e9ho baroka. Autorem p\u0159estavby byl z\u0159ejm\u011b Giovanni Battista Alliprandi. Pal\u00e1c se skl\u00e1d\u00e1 z t\u0159\u00edpatrov\u00e9 hlavn\u00ed budovy a dvou bo\u010dn\u00edch k\u0159\u00eddel, je\u017e spole\u010dn\u011b vytv\u00e1\u0159ej\u00ed Hrz\u00e1nskou pas\u00e1\u017e. Od roku 1964 je objekt pam\u00e1tkov\u011b chr\u00e1n\u011bn\u00fd. Podle pam\u011btn\u00edch desek tam v letech 1906 a\u017e 1912 provozovali textiln\u00ed velkoobchod Hermann a Julie Kafkovi, rodi\u010de spisovatele Franze Kafky. Za prvn\u00ed republiky koupil pal\u00e1c velkoobchodn\u00edk s luxusn\u00edmi l\u00e1tkami Franti\u0161ek Stadler a provozoval v n\u011bm sv\u016fj podnik a\u017e do 2. sv\u011btov\u00e9 v\u00e1lky.<\/strong><\/p>\n\n\n\n<div style=\"height:40px\" aria-hidden=\"true\" class=\"wp-block-spacer\"><\/div>\n\n\n\n<figure class=\"wp-block-embed is-type-video is-provider-youtube wp-block-embed-youtube wp-embed-aspect-16-9 wp-has-aspect-ratio\"><div class=\"wp-block-embed__wrapper\">\n<div class=\"video-container\"><iframe loading=\"lazy\" title=\"Celetn\u00e1 ulice: Historicky cenn\u00e1 Hrz\u00e1nsk\u00e1 pas\u00e1\u017e po letech o\u017e\u00edv\u00e1 m\u00f3dou, um\u011bn\u00ed a designem\" width=\"500\" height=\"281\" src=\"https:\/\/www.youtube.com\/embed\/vfnUIZA74cs?feature=oembed&#038;wmode=opaque\" frameborder=\"0\" allow=\"accelerometer; autoplay; clipboard-write; encrypted-media; gyroscope; picture-in-picture; web-share\" referrerpolicy=\"strict-origin-when-cross-origin\" allowfullscreen><\/iframe><\/div>\n<\/div><\/figure>\n\n\n\n<div style=\"height:40px\" aria-hidden=\"true\" class=\"wp-block-spacer\"><\/div>\n\n\n\n<h2 class=\"wp-block-heading\"><strong>KOHO V&nbsp;HRZ\u00c1NSK\u00c9 PAS\u00c1\u017dI NAJDETE:<\/strong><\/h2>\n\n\n\n<div style=\"height:20px\" aria-hidden=\"true\" class=\"wp-block-spacer\"><\/div>\n\n\n\n<h3 class=\"wp-block-heading\"><strong>C12 GALLERY<\/strong><\/h3>\n\n\n\n<div style=\"height:23px\" aria-hidden=\"true\" class=\"wp-block-spacer\"><\/div>\n\n\n\n<p>Za projektem C12 Gallery stoj\u00ed trojice milovn\u00edk\u016f um\u011bn\u00ed, Ladislav Derner, Nikola \u010cablov\u00e1 a Helena Ko\u010d\u00edkov\u00e1, kte\u0159\u00ed jsou propojeni s&nbsp;Central Gallery na Starom\u011bstsk\u00e9m n\u00e1m\u011bst\u00ed. Galerijn\u00ed prostor je v\u011bnov\u00e1n nejen sou\u010dasn\u00e9mu \u010desk\u00e9mu um\u011bn\u00ed, ale tak\u00e9 \u0161pi\u010dkov\u00e9mu \u010desk\u00e9mu designu. Design store nab\u00edz\u00ed sklo, v\u00e1zy, knihy, \u0161perky nebo porcel\u00e1n.<\/p>\n\n\n\n<div style=\"height:40px\" aria-hidden=\"true\" class=\"wp-block-spacer\"><\/div>\n\n\n\n<h3 class=\"wp-block-heading\"><strong>COFFEE ROOM<\/strong><\/h3>\n\n\n\n<div style=\"height:23px\" aria-hidden=\"true\" class=\"wp-block-spacer\"><\/div>\n\n\n\n<p>Coffee Room je kav\u00e1rna na Vinohradech, kter\u00e1 ve spolupr\u00e1ci se SL\u00c1VOU! otev\u00edr\u00e1 svou pobo\u010dku pr\u00e1v\u011b v Hrz\u00e1nsk\u00e9 pas\u00e1\u017ei. V&nbsp;nab\u00eddce se objevuje v\u00fdb\u011brov\u00e1 k\u00e1va z pra\u017esk\u00e9 pra\u017e\u00edrny Be Berry, lok\u00e1ln\u00ed zna\u010dky limon\u00e1d a nealkoholick\u00fdch n\u00e1poj\u016f.<\/p>\n\n\n\n<div style=\"height:40px\" aria-hidden=\"true\" class=\"wp-block-spacer\"><\/div>\n\n\n\n<h3 class=\"wp-block-heading\"><strong>FOLBEUR<\/strong><\/h3>\n\n\n\n<div style=\"height:23px\" aria-hidden=\"true\" class=\"wp-block-spacer\"><\/div>\n\n\n\n<p>Pra\u017esk\u00e9 designov\u00e9 studio zalo\u017eila v roce 2018 Mark\u00e9ta Folberov\u00e1. Jej\u00ed autorsk\u00e9 kabelky a dal\u0161\u00ed produkty z k\u016f\u017ee jsou zn\u00e1m\u00e9 pro sv\u00e9 \u0161pi\u010dkov\u00e9 \u0159emesln\u00e9 zpracov\u00e1n\u00ed, minimalistick\u00fd design, prakti\u010dnost a z\u00e1\u0159iv\u00e9 barvy. Zna\u010dka se py\u0161n\u00ed nad\u010dasov\u00fdmi produkty, kter\u00e9 lok\u00e1ln\u011b vyr\u00e1b\u00ed zku\u0161en\u00ed bra\u0161n\u00e1\u0159i v\u00fdhradn\u011b z k\u016f\u017ee italsk\u00e9ho p\u016fvodu s prov\u011b\u0159en\u00fdmi vlastnostmi.<\/p>\n\n\n\n<div style=\"height:40px\" aria-hidden=\"true\" class=\"wp-block-spacer\"><\/div>\n\n\n\n<h3 class=\"wp-block-heading\"><strong>KONCERTN\u00cd P\u0158EDS\u00cd\u0147<\/strong><\/h3>\n\n\n\n<div style=\"height:25px\" aria-hidden=\"true\" class=\"wp-block-spacer\"><\/div>\n\n\n\n<p>Je nejmen\u0161\u00ed koncertn\u00ed s\u00ed\u0148 v \u010cesk\u00e9 republice. Tento unik\u00e1tn\u00ed projekt klade d\u016fraz na komorn\u00ed atmosf\u00e9ru a bl\u00edzkost mezi hudebn\u00edky a publikem.<\/p>\n\n\n\n<div style=\"height:40px\" aria-hidden=\"true\" class=\"wp-block-spacer\"><\/div>\n\n\n\n<h3 class=\"wp-block-heading\"><strong>\u00d3 GALLERY<\/strong><\/h3>\n\n\n\n<div style=\"height:24px\" aria-hidden=\"true\" class=\"wp-block-spacer\"><\/div>\n\n\n\n<p>Prodejn\u00ed galerie propojuj\u00edc\u00ed um\u011bn\u00ed, m\u00f3du a design pod kur\u00e1torsk\u00fdm veden\u00edm vizu\u00e1ln\u00ed um\u011blkyn\u011b Olo K\u0159\u00ed\u017eov\u00e9, \u0161perka\u0159e Hanu\u0161e Lamra a design\u00e9ra Mihaie Visterniceana. Galerie se zam\u011b\u0159uje prim\u00e1rn\u011b na tvorbu t\u011bchto t\u0159\u00ed osobnost\u00ed, vedle toho nab\u00edz\u00ed i prostor dal\u0161\u00edm zaj\u00edmav\u00fdm tv\u016frc\u016fm.<\/p>\n\n\n\n<div style=\"height:40px\" aria-hidden=\"true\" class=\"wp-block-spacer\"><\/div>\n\n\n\n<h3 class=\"wp-block-heading\"><strong>SL\u00c1VA!<\/strong><\/h3>\n\n\n\n<div style=\"height:23px\" aria-hidden=\"true\" class=\"wp-block-spacer\"><\/div>\n\n\n\n<p>Multifunk\u010dn\u00ed prostor v\u011bnovan\u00fd \u010desk\u00e9 m\u00f3d\u011b, \u0161perku a m\u00f3dn\u00edmu dopl\u0148ku. Na jednom m\u00edst\u011b tam najdeme sd\u00edlen\u00fd concept store, eventov\u00fd prostor, coworkingovou d\u00edlnu, galerii textiln\u00edho um\u011bn\u00ed a espresso bar. Z\u00e1kladn\u00edm principem architektonick\u00e9ho \u0159e\u0161en\u00ed studia A8000 je variabilita. Za vznikem SL\u00c1VY! stoj\u00ed Tereza V\u00e1chov\u00e1 a Jarmila Kytlicov\u00e1 a neziskov\u00e1 organizace Skin On the Market.<\/p>\n\n\n\n<div style=\"height:40px\" aria-hidden=\"true\" class=\"wp-block-spacer\"><\/div>\n\n\n\n<h3 class=\"wp-block-heading\"><strong>SMYSSLY STORE<\/strong><\/h3>\n\n\n\n<div style=\"height:25px\" aria-hidden=\"true\" class=\"wp-block-spacer\"><\/div>\n\n\n\n<p>Zna\u010dku p\u0159\u00edrodn\u00ed kosmetiky SMYSSLY zalo\u017eily Cec\u00edlie Blan\u00e1rov\u00e1 a jej\u00ed dcera Silvie Strakov\u00e1. Spole\u010dn\u011b ukazuj\u00ed, \u017ee lok\u00e1ln\u00ed kosmetika b\u00fdt nejen mimo\u0159\u00e1dn\u011b kvalitn\u00ed, ale i esteticky p\u0159ita\u017eliv\u00e1. P\u0159in\u00e1\u0161\u00ed na trh produkty, kter\u00e9 podtrhuj\u00ed p\u0159irozenou kr\u00e1su a v\u011bk nevn\u00edmaj\u00ed jako nep\u0159\u00edtele.<\/p>\n\n\n\n<div style=\"height:40px\" aria-hidden=\"true\" class=\"wp-block-spacer\"><\/div>\n\n\n\n<h3 class=\"wp-block-heading\"><strong>TEREZIE TRUSINOV\u00c1<\/strong><\/h3>\n\n\n\n<div style=\"height:24px\" aria-hidden=\"true\" class=\"wp-block-spacer\"><\/div>\n\n\n\n<p>Prodejn\u00ed galerie p\u0159edstavuje ucelenou tvorbu Terezie Trusinov\u00e9, n\u00e1vrh\u00e1\u0159ky zam\u011b\u0159uj\u00edc\u00ed se na tvorbu nad\u010dasov\u00e9 kolekce plavek a volno\u010dasov\u00e9 m\u00f3dy. Kolekce Terezie Trusinov\u00e9 spojuj\u00ed kvalitn\u00ed \u0159emeslo \u010desk\u00fdch \u0161vadlen s jedine\u010dn\u00fdm designem v italsk\u00e9m stylu.<\/p>\n\n\n\n<div style=\"height:58px\" aria-hidden=\"true\" class=\"wp-block-spacer\"><\/div>\n\n\n\n<figure class=\"wp-block-gallery has-nested-images columns-2 is-cropped wp-block-gallery-7 is-layout-flex wp-block-gallery-is-layout-flex\">\n<figure class=\"wp-block-image size-large\"><img decoding=\"async\" data-id=\"9113\" src=\"https:\/\/prazskeprikopy.cz\/wp-content\/uploads\/2024\/09\/02_Hrzanska_Pasaz_foto-Tomas-Rubin.jpg\" alt=\"Celetn\u00e1 ulice: Historicky cenn\u00e1 Hrz\u00e1nsk\u00e1 pas\u00e1\u017e po letech o\u017e\u00edv\u00e1 m\u00f3dou, um\u011bn\u00ed a designem\" class=\"wp-image-9113\"\/><\/figure>\n\n\n\n<figure class=\"wp-block-image size-large\"><img decoding=\"async\" data-id=\"9130\" src=\"https:\/\/prazskeprikopy.cz\/wp-content\/uploads\/2024\/09\/02_Hrzanska_Pasaz_foto-Tomas-Rubin-1-1024x683.jpg\" alt=\"Celetn\u00e1 ulice: Historicky cenn\u00e1 Hrz\u00e1nsk\u00e1 pas\u00e1\u017e po letech o\u017e\u00edv\u00e1 m\u00f3dou, um\u011bn\u00ed a designem\" class=\"wp-image-9130\"\/><\/figure>\n\n\n\n<figure class=\"wp-block-image size-large\"><img decoding=\"async\" data-id=\"9137\" src=\"https:\/\/prazskeprikopy.cz\/wp-content\/uploads\/2024\/09\/03_Hrzanska_Pasaz_foto-Tomas-Rubin-1024x683.jpg\" alt=\"Celetn\u00e1 ulice: Historicky cenn\u00e1 Hrz\u00e1nsk\u00e1 pas\u00e1\u017e po letech o\u017e\u00edv\u00e1 m\u00f3dou, um\u011bn\u00ed a designem\" class=\"wp-image-9137\"\/><\/figure>\n\n\n\n<figure class=\"wp-block-image size-large\"><img decoding=\"async\" data-id=\"9138\" src=\"https:\/\/prazskeprikopy.cz\/wp-content\/uploads\/2024\/09\/04_ATM07443_foto-Tomas-Rubin-1024x683.jpeg\" alt=\"Celetn\u00e1 ulice: Historicky cenn\u00e1 Hrz\u00e1nsk\u00e1 pas\u00e1\u017e po letech o\u017e\u00edv\u00e1 m\u00f3dou, um\u011bn\u00ed a designem\" class=\"wp-image-9138\"\/><\/figure>\n\n\n\n<figure class=\"wp-block-image size-large\"><img decoding=\"async\" data-id=\"9136\" src=\"https:\/\/prazskeprikopy.cz\/wp-content\/uploads\/2024\/09\/ATM06977_foto-Tomas-Rubin-1024x683.jpeg\" alt=\"Celetn\u00e1 ulice: Historicky cenn\u00e1 Hrz\u00e1nsk\u00e1 pas\u00e1\u017e po letech o\u017e\u00edv\u00e1 m\u00f3dou, um\u011bn\u00ed a designem\" class=\"wp-image-9136\"\/><\/figure>\n\n\n\n<figure class=\"wp-block-image size-large\"><img decoding=\"async\" data-id=\"9115\" src=\"https:\/\/prazskeprikopy.cz\/wp-content\/uploads\/2024\/09\/ATM07020_foto-Tomas-Rubin-1024x683.jpeg\" alt=\"Celetn\u00e1 ulice: Historicky cenn\u00e1 Hrz\u00e1nsk\u00e1 pas\u00e1\u017e po letech o\u017e\u00edv\u00e1 m\u00f3dou, um\u011bn\u00ed a designem\" class=\"wp-image-9115\"\/><\/figure>\n\n\n\n<figure class=\"wp-block-image size-large\"><img decoding=\"async\" data-id=\"9132\" src=\"https:\/\/prazskeprikopy.cz\/wp-content\/uploads\/2024\/09\/ATM07040_foto-Tomas-Rubin-1024x683.jpeg\" alt=\"Celetn\u00e1 ulice: Historicky cenn\u00e1 Hrz\u00e1nsk\u00e1 pas\u00e1\u017e po letech o\u017e\u00edv\u00e1 m\u00f3dou, um\u011bn\u00ed a designem\" class=\"wp-image-9132\"\/><\/figure>\n\n\n\n<figure class=\"wp-block-image size-large\"><img decoding=\"async\" data-id=\"9119\" src=\"https:\/\/prazskeprikopy.cz\/wp-content\/uploads\/2024\/09\/ATM07056_foto-Tomas-Rubin-1024x683.jpeg\" alt=\"Celetn\u00e1 ulice: Historicky cenn\u00e1 Hrz\u00e1nsk\u00e1 pas\u00e1\u017e po letech o\u017e\u00edv\u00e1 m\u00f3dou, um\u011bn\u00ed a designem\" class=\"wp-image-9119\"\/><\/figure>\n\n\n\n<figure class=\"wp-block-image size-large\"><img decoding=\"async\" data-id=\"9121\" src=\"https:\/\/prazskeprikopy.cz\/wp-content\/uploads\/2024\/09\/ATM07109_foto-Tomas-Rubin-1024x683.jpeg\" alt=\"Celetn\u00e1 ulice: Historicky cenn\u00e1 Hrz\u00e1nsk\u00e1 pas\u00e1\u017e po letech o\u017e\u00edv\u00e1 m\u00f3dou, um\u011bn\u00ed a designem\" class=\"wp-image-9121\"\/><\/figure>\n\n\n\n<figure class=\"wp-block-image size-large\"><img decoding=\"async\" data-id=\"9117\" src=\"https:\/\/prazskeprikopy.cz\/wp-content\/uploads\/2024\/09\/ATM07148_foto-Tomas-Rubin-1024x683.jpeg\" alt=\"Celetn\u00e1 ulice: Historicky cenn\u00e1 Hrz\u00e1nsk\u00e1 pas\u00e1\u017e po letech o\u017e\u00edv\u00e1 m\u00f3dou, um\u011bn\u00ed a designem\" class=\"wp-image-9117\"\/><\/figure>\n\n\n\n<figure class=\"wp-block-image size-large\"><img decoding=\"async\" data-id=\"9120\" src=\"https:\/\/prazskeprikopy.cz\/wp-content\/uploads\/2024\/09\/ATM07161_foto-Tomas-Rubin-1024x683.jpeg\" alt=\"Celetn\u00e1 ulice: Historicky cenn\u00e1 Hrz\u00e1nsk\u00e1 pas\u00e1\u017e po letech o\u017e\u00edv\u00e1 m\u00f3dou, um\u011bn\u00ed a designem\" class=\"wp-image-9120\"\/><\/figure>\n\n\n\n<figure class=\"wp-block-image size-large\"><img decoding=\"async\" data-id=\"9116\" src=\"https:\/\/prazskeprikopy.cz\/wp-content\/uploads\/2024\/09\/ATM07195_foto-Tomas-Rubin-1024x683.jpeg\" alt=\"Celetn\u00e1 ulice: Historicky cenn\u00e1 Hrz\u00e1nsk\u00e1 pas\u00e1\u017e po letech o\u017e\u00edv\u00e1 m\u00f3dou, um\u011bn\u00ed a designem\" class=\"wp-image-9116\"\/><\/figure>\n\n\n\n<figure class=\"wp-block-image size-large\"><img decoding=\"async\" data-id=\"9134\" src=\"https:\/\/prazskeprikopy.cz\/wp-content\/uploads\/2024\/09\/ATM07221_foto-Tomas-Rubin-1024x683.jpeg\" alt=\"Celetn\u00e1 ulice: Historicky cenn\u00e1 Hrz\u00e1nsk\u00e1 pas\u00e1\u017e po letech o\u017e\u00edv\u00e1 m\u00f3dou, um\u011bn\u00ed a designem\" class=\"wp-image-9134\"\/><\/figure>\n\n\n\n<figure class=\"wp-block-image size-large\"><img decoding=\"async\" data-id=\"9133\" src=\"https:\/\/prazskeprikopy.cz\/wp-content\/uploads\/2024\/09\/ATM07264_foto-Tomas-Rubin-1024x683.jpeg\" alt=\"Celetn\u00e1 ulice: Historicky cenn\u00e1 Hrz\u00e1nsk\u00e1 pas\u00e1\u017e po letech o\u017e\u00edv\u00e1 m\u00f3dou, um\u011bn\u00ed a designem\" class=\"wp-image-9133\"\/><\/figure>\n\n\n\n<figure class=\"wp-block-image size-large\"><img decoding=\"async\" data-id=\"9129\" src=\"https:\/\/prazskeprikopy.cz\/wp-content\/uploads\/2024\/09\/ATM07281_foto-Tomas-Rubin-1024x683.jpeg\" alt=\"Celetn\u00e1 ulice: Historicky cenn\u00e1 Hrz\u00e1nsk\u00e1 pas\u00e1\u017e po letech o\u017e\u00edv\u00e1 m\u00f3dou, um\u011bn\u00ed a designem\" class=\"wp-image-9129\"\/><\/figure>\n\n\n\n<figure class=\"wp-block-image size-large\"><img decoding=\"async\" data-id=\"9135\" src=\"https:\/\/prazskeprikopy.cz\/wp-content\/uploads\/2024\/09\/ATM07284_foto-Tomas-Rubin-1024x683.jpeg\" alt=\"Celetn\u00e1 ulice: Historicky cenn\u00e1 Hrz\u00e1nsk\u00e1 pas\u00e1\u017e po letech o\u017e\u00edv\u00e1 m\u00f3dou, um\u011bn\u00ed a designem\" class=\"wp-image-9135\"\/><\/figure>\n\n\n\n<figure class=\"wp-block-image size-large\"><img decoding=\"async\" data-id=\"9139\" src=\"https:\/\/prazskeprikopy.cz\/wp-content\/uploads\/2024\/09\/ATM07286_foto-Tomas-Rubin-1024x683.jpeg\" alt=\"Celetn\u00e1 ulice: Historicky cenn\u00e1 Hrz\u00e1nsk\u00e1 pas\u00e1\u017e po letech o\u017e\u00edv\u00e1 m\u00f3dou, um\u011bn\u00ed a designem\" class=\"wp-image-9139\"\/><\/figure>\n\n\n\n<figure class=\"wp-block-image size-large\"><img decoding=\"async\" data-id=\"9123\" src=\"https:\/\/prazskeprikopy.cz\/wp-content\/uploads\/2024\/09\/ATM07297_foto-Tomas-Rubin-1024x683.jpeg\" alt=\"Celetn\u00e1 ulice: Historicky cenn\u00e1 Hrz\u00e1nsk\u00e1 pas\u00e1\u017e po letech o\u017e\u00edv\u00e1 m\u00f3dou, um\u011bn\u00ed a designem\" class=\"wp-image-9123\"\/><\/figure>\n\n\n\n<figure class=\"wp-block-image size-large\"><img decoding=\"async\" data-id=\"9126\" src=\"https:\/\/prazskeprikopy.cz\/wp-content\/uploads\/2024\/09\/ATM07338_foto-Tomas-Rubin-1024x683.jpeg\" alt=\"Celetn\u00e1 ulice: Historicky cenn\u00e1 Hrz\u00e1nsk\u00e1 pas\u00e1\u017e po letech o\u017e\u00edv\u00e1 m\u00f3dou, um\u011bn\u00ed a designem\" class=\"wp-image-9126\"\/><\/figure>\n\n\n\n<figure class=\"wp-block-image size-large\"><img decoding=\"async\" data-id=\"9124\" src=\"https:\/\/prazskeprikopy.cz\/wp-content\/uploads\/2024\/09\/ATM07355_foto-Tomas-Rubin-1024x683.jpeg\" alt=\"Celetn\u00e1 ulice: Historicky cenn\u00e1 Hrz\u00e1nsk\u00e1 pas\u00e1\u017e po letech o\u017e\u00edv\u00e1 m\u00f3dou, um\u011bn\u00ed a designem\" class=\"wp-image-9124\"\/><\/figure>\n\n\n\n<figure class=\"wp-block-image size-large\"><img decoding=\"async\" data-id=\"9125\" src=\"https:\/\/prazskeprikopy.cz\/wp-content\/uploads\/2024\/09\/ATM07378_foto-Tomas-Rubin-1024x683.jpeg\" alt=\"Celetn\u00e1 ulice: Historicky cenn\u00e1 Hrz\u00e1nsk\u00e1 pas\u00e1\u017e po letech o\u017e\u00edv\u00e1 m\u00f3dou, um\u011bn\u00ed a designem\" class=\"wp-image-9125\"\/><\/figure>\n\n\n\n<figure class=\"wp-block-image size-large\"><img decoding=\"async\" data-id=\"9131\" src=\"https:\/\/prazskeprikopy.cz\/wp-content\/uploads\/2024\/09\/ATM07388_foto-Tomas-Rubin-1024x683.jpeg\" alt=\"Celetn\u00e1 ulice: Historicky cenn\u00e1 Hrz\u00e1nsk\u00e1 pas\u00e1\u017e po letech o\u017e\u00edv\u00e1 m\u00f3dou, um\u011bn\u00ed a designem\" class=\"wp-image-9131\"\/><\/figure>\n\n\n\n<figure class=\"wp-block-image size-large\"><img decoding=\"async\" data-id=\"9118\" src=\"https:\/\/prazskeprikopy.cz\/wp-content\/uploads\/2024\/09\/ATM07405_foto-Tomas-Rubin-1024x683.jpeg\" alt=\"Celetn\u00e1 ulice: Historicky cenn\u00e1 Hrz\u00e1nsk\u00e1 pas\u00e1\u017e po letech o\u017e\u00edv\u00e1 m\u00f3dou, um\u011bn\u00ed a designem\" class=\"wp-image-9118\"\/><\/figure>\n\n\n\n<figure class=\"wp-block-image size-large\"><img decoding=\"async\" data-id=\"9128\" src=\"https:\/\/prazskeprikopy.cz\/wp-content\/uploads\/2024\/09\/Galerie-C12_foto-Tomas-Rubin-1024x576.jpg\" alt=\"Celetn\u00e1 ulice: Historicky cenn\u00e1 Hrz\u00e1nsk\u00e1 pas\u00e1\u017e po letech o\u017e\u00edv\u00e1 m\u00f3dou, um\u011bn\u00ed a designem\" class=\"wp-image-9128\"\/><\/figure>\n<\/figure>\n\n\n\n<div style=\"height:33px\" aria-hidden=\"true\" class=\"wp-block-spacer\"><\/div>\n\n\n\n<p><strong>Zdroj foto: <\/strong>Hrz\u00e1nsk\u00e1 pas\u00e1\u017e, Tom\u00e1\u0161 Rub\u00edn<\/p>\n\n\n\n<p><strong>Zdroj video:<\/strong> HMG, Pra\u017esk\u00e9 P\u0159\u00edkopy<\/p>\n\n\n\n<div style=\"height:77px\" aria-hidden=\"true\" class=\"wp-block-spacer\"><\/div>\n","protected":false},"excerpt":{"rendered":"<p>Unik\u00e1tn\u00ed Hrz\u00e1nsk\u00e1 pas\u00e1\u017e, nach\u00e1zej\u00edc\u00ed se v\u00a0sam\u00e9m srdci Prahy, dostala druh\u00fd \u017eivot. Prostor zasv\u011bcen\u00fd um\u011bn\u00ed, m\u00f3d\u011b, designu, hudb\u011b i lok\u00e1ln\u00edm projekt\u016fm byl nedaleko Starom\u011bstsk\u00e9ho n\u00e1m\u011bst\u00ed slavnostn\u011b otev\u0159en ve st\u0159edu 25. z\u00e1\u0159\u00ed. Sou\u010d\u00e1st\u00ed pas\u00e1\u017ee v\u00a0barokn\u00edm Pal\u00e1ci&#46;&#46;&#46;<\/p>\n","protected":false},"author":6,"featured_media":6478,"comment_status":"closed","ping_status":"closed","sticky":false,"template":"","format":"standard","meta":{"_monsterinsights_skip_tracking":false,"_monsterinsights_sitenote_active":false,"_monsterinsights_sitenote_note":"","_monsterinsights_sitenote_category":0,"footnotes":""},"categories":[15,26,22,2,17],"tags":[117,118,116,102,42,106],"yoast_head":"<!-- This site is optimized with the Yoast SEO plugin v21.5 - https:\/\/yoast.com\/wordpress\/plugins\/seo\/ -->\n<title>Historicky cenn\u00e1 Hrz\u00e1nsk\u00e1 pas\u00e1\u017e po letech o\u017e\u00edv\u00e1 m\u00f3dou, um\u011bn\u00edm a designem - HOTELHOUSE.cz<\/title>\n<meta name=\"description\" content=\"Prostor zasv\u011bcen\u00fd um\u011bn\u00ed, m\u00f3d\u011b, designu, hudb\u011b i lok\u00e1ln\u00edm projekt\u016fm byl nedaleko Starom\u011bstsk\u00e9ho n\u00e1m\u011bst\u00ed slavnostn\u011b otev\u0159en ve st\u0159edu 25. z\u00e1\u0159\u00ed.\" \/>\n<meta name=\"robots\" content=\"index, follow, max-snippet:-1, max-image-preview:large, max-video-preview:-1\" \/>\n<link rel=\"canonical\" href=\"https:\/\/hotelhouse.cz\/index.php\/2024\/09\/27\/historicky-cenna-hrzanska-pasaz-po-letech-oziva-modou-umenim-a-designem\/\" \/>\n<meta property=\"og:locale\" content=\"cs_CZ\" \/>\n<meta property=\"og:type\" content=\"article\" \/>\n<meta property=\"og:title\" content=\"Historicky cenn\u00e1 Hrz\u00e1nsk\u00e1 pas\u00e1\u017e po letech o\u017e\u00edv\u00e1 m\u00f3dou, um\u011bn\u00edm a designem - HOTELHOUSE.cz\" \/>\n<meta property=\"og:description\" content=\"Prostor zasv\u011bcen\u00fd um\u011bn\u00ed, m\u00f3d\u011b, designu, hudb\u011b i lok\u00e1ln\u00edm projekt\u016fm byl nedaleko Starom\u011bstsk\u00e9ho n\u00e1m\u011bst\u00ed slavnostn\u011b otev\u0159en ve st\u0159edu 25. z\u00e1\u0159\u00ed.\" \/>\n<meta property=\"og:url\" content=\"https:\/\/hotelhouse.cz\/index.php\/2024\/09\/27\/historicky-cenna-hrzanska-pasaz-po-letech-oziva-modou-umenim-a-designem\/\" \/>\n<meta property=\"og:site_name\" content=\"HOTELHOUSE.cz\" \/>\n<meta property=\"article:published_time\" content=\"2024-09-27T00:32:16+00:00\" \/>\n<meta property=\"article:modified_time\" content=\"2024-09-27T00:32:18+00:00\" \/>\n<meta property=\"og:image\" content=\"https:\/\/hotelhouse.cz\/wp-content\/uploads\/2024\/09\/02_Hrzanska_Pasaz_foto-Tomas-Rubin.jpg\" \/>\n\t<meta property=\"og:image:width\" content=\"1000\" \/>\n\t<meta property=\"og:image:height\" content=\"667\" \/>\n\t<meta property=\"og:image:type\" content=\"image\/jpeg\" \/>\n<meta name=\"author\" content=\"Jordana Pechov\u00e1\" \/>\n<meta name=\"twitter:card\" content=\"summary_large_image\" \/>\n<meta name=\"twitter:label1\" content=\"Napsal(a)\" \/>\n\t<meta name=\"twitter:data1\" content=\"Jordana Pechov\u00e1\" \/>\n\t<meta name=\"twitter:label2\" content=\"Odhadovan\u00e1 doba \u010dten\u00ed\" \/>\n\t<meta name=\"twitter:data2\" content=\"12 minut\" \/>\n<script type=\"application\/ld+json\" class=\"yoast-schema-graph\">{\"@context\":\"https:\/\/schema.org\",\"@graph\":[{\"@type\":\"Article\",\"@id\":\"https:\/\/hotelhouse.cz\/index.php\/2024\/09\/27\/historicky-cenna-hrzanska-pasaz-po-letech-oziva-modou-umenim-a-designem\/#article\",\"isPartOf\":{\"@id\":\"https:\/\/hotelhouse.cz\/index.php\/2024\/09\/27\/historicky-cenna-hrzanska-pasaz-po-letech-oziva-modou-umenim-a-designem\/\"},\"author\":{\"name\":\"Jordana Pechov\u00e1\",\"@id\":\"https:\/\/hotelhouse.cz\/#\/schema\/person\/04a07c8edd47cde8c2fb8cb4254655aa\"},\"headline\":\"Historicky cenn\u00e1 Hrz\u00e1nsk\u00e1 pas\u00e1\u017e po letech o\u017e\u00edv\u00e1 m\u00f3dou, um\u011bn\u00edm a designem\",\"datePublished\":\"2024-09-27T00:32:16+00:00\",\"dateModified\":\"2024-09-27T00:32:18+00:00\",\"mainEntityOfPage\":{\"@id\":\"https:\/\/hotelhouse.cz\/index.php\/2024\/09\/27\/historicky-cenna-hrzanska-pasaz-po-letech-oziva-modou-umenim-a-designem\/\"},\"wordCount\":1213,\"publisher\":{\"@id\":\"https:\/\/hotelhouse.cz\/#organization\"},\"keywords\":[\"Celetn\u00e1 ulice\",\"Celetnaulice.cz\",\"Hrz\u00e1nsk\u00e1 pas\u00e1\u017e\",\"Pra\u017esk\u00e1 Metropole\",\"pra\u017esk\u00e9 p\u0159\u00edkopy\",\"V centru Prahy\"],\"articleSection\":[\"FOTOREPORTY\",\"N\u00e1dhern\u00e1M\u00edsta.cz\",\"NaDovolenouDoPrahy.cz\",\"NEWS\",\"VIDEO\"],\"inLanguage\":\"cs\"},{\"@type\":\"WebPage\",\"@id\":\"https:\/\/hotelhouse.cz\/index.php\/2024\/09\/27\/historicky-cenna-hrzanska-pasaz-po-letech-oziva-modou-umenim-a-designem\/\",\"url\":\"https:\/\/hotelhouse.cz\/index.php\/2024\/09\/27\/historicky-cenna-hrzanska-pasaz-po-letech-oziva-modou-umenim-a-designem\/\",\"name\":\"Historicky cenn\u00e1 Hrz\u00e1nsk\u00e1 pas\u00e1\u017e po letech o\u017e\u00edv\u00e1 m\u00f3dou, um\u011bn\u00edm a designem - HOTELHOUSE.cz\",\"isPartOf\":{\"@id\":\"https:\/\/hotelhouse.cz\/#website\"},\"datePublished\":\"2024-09-27T00:32:16+00:00\",\"dateModified\":\"2024-09-27T00:32:18+00:00\",\"description\":\"Prostor zasv\u011bcen\u00fd um\u011bn\u00ed, m\u00f3d\u011b, designu, hudb\u011b i lok\u00e1ln\u00edm projekt\u016fm byl nedaleko Starom\u011bstsk\u00e9ho n\u00e1m\u011bst\u00ed slavnostn\u011b otev\u0159en ve st\u0159edu 25. z\u00e1\u0159\u00ed.\",\"breadcrumb\":{\"@id\":\"https:\/\/hotelhouse.cz\/index.php\/2024\/09\/27\/historicky-cenna-hrzanska-pasaz-po-letech-oziva-modou-umenim-a-designem\/#breadcrumb\"},\"inLanguage\":\"cs\",\"potentialAction\":[{\"@type\":\"ReadAction\",\"target\":[\"https:\/\/hotelhouse.cz\/index.php\/2024\/09\/27\/historicky-cenna-hrzanska-pasaz-po-letech-oziva-modou-umenim-a-designem\/\"]}]},{\"@type\":\"BreadcrumbList\",\"@id\":\"https:\/\/hotelhouse.cz\/index.php\/2024\/09\/27\/historicky-cenna-hrzanska-pasaz-po-letech-oziva-modou-umenim-a-designem\/#breadcrumb\",\"itemListElement\":[{\"@type\":\"ListItem\",\"position\":1,\"name\":\"Dom\u016f\",\"item\":\"https:\/\/hotelhouse.cz\/\"},{\"@type\":\"ListItem\",\"position\":2,\"name\":\"Historicky cenn\u00e1 Hrz\u00e1nsk\u00e1 pas\u00e1\u017e po letech o\u017e\u00edv\u00e1 m\u00f3dou, um\u011bn\u00edm a designem\"}]},{\"@type\":\"WebSite\",\"@id\":\"https:\/\/hotelhouse.cz\/#website\",\"url\":\"https:\/\/hotelhouse.cz\/\",\"name\":\"HOTELHOUSE.cz\",\"description\":\"Port\u00e1l o hotelech, pensionech, spa resortech a restaurac\u00edch...\",\"publisher\":{\"@id\":\"https:\/\/hotelhouse.cz\/#organization\"},\"potentialAction\":[{\"@type\":\"SearchAction\",\"target\":{\"@type\":\"EntryPoint\",\"urlTemplate\":\"https:\/\/hotelhouse.cz\/?s={search_term_string}\"},\"query-input\":\"required name=search_term_string\"}],\"inLanguage\":\"cs\"},{\"@type\":\"Organization\",\"@id\":\"https:\/\/hotelhouse.cz\/#organization\",\"name\":\"HOTELHOUSE.cz\",\"url\":\"https:\/\/hotelhouse.cz\/\",\"logo\":{\"@type\":\"ImageObject\",\"inLanguage\":\"cs\",\"@id\":\"https:\/\/hotelhouse.cz\/#\/schema\/logo\/image\/\",\"url\":\"https:\/\/hotelhouse.cz\/wp-content\/uploads\/2024\/12\/cropped-Logo_HotelHouse-2.jpg\",\"contentUrl\":\"https:\/\/hotelhouse.cz\/wp-content\/uploads\/2024\/12\/cropped-Logo_HotelHouse-2.jpg\",\"width\":933,\"height\":516,\"caption\":\"HOTELHOUSE.cz\"},\"image\":{\"@id\":\"https:\/\/hotelhouse.cz\/#\/schema\/logo\/image\/\"},\"sameAs\":[\"https:\/\/www.instagram.com\/hotelhousecz\/\"]},{\"@type\":\"Person\",\"@id\":\"https:\/\/hotelhouse.cz\/#\/schema\/person\/04a07c8edd47cde8c2fb8cb4254655aa\",\"name\":\"Jordana Pechov\u00e1\",\"image\":{\"@type\":\"ImageObject\",\"inLanguage\":\"cs\",\"@id\":\"https:\/\/hotelhouse.cz\/#\/schema\/person\/image\/\",\"url\":\"https:\/\/secure.gravatar.com\/avatar\/d3ad7f43789eed68b221d01c6d7ac4e5?s=96&d=mm&r=g\",\"contentUrl\":\"https:\/\/secure.gravatar.com\/avatar\/d3ad7f43789eed68b221d01c6d7ac4e5?s=96&d=mm&r=g\",\"caption\":\"Jordana Pechov\u00e1\"},\"sameAs\":[\"http:\/\/HOTELHOUSE.cz\"],\"url\":\"https:\/\/hotelhouse.cz\/index.php\/author\/jorpech\/\"}]}<\/script>\n<!-- \/ Yoast SEO plugin. -->","yoast_head_json":{"title":"Historicky cenn\u00e1 Hrz\u00e1nsk\u00e1 pas\u00e1\u017e po letech o\u017e\u00edv\u00e1 m\u00f3dou, um\u011bn\u00edm a designem - HOTELHOUSE.cz","description":"Prostor zasv\u011bcen\u00fd um\u011bn\u00ed, m\u00f3d\u011b, designu, hudb\u011b i lok\u00e1ln\u00edm projekt\u016fm byl nedaleko Starom\u011bstsk\u00e9ho n\u00e1m\u011bst\u00ed slavnostn\u011b otev\u0159en ve st\u0159edu 25. z\u00e1\u0159\u00ed.","robots":{"index":"index","follow":"follow","max-snippet":"max-snippet:-1","max-image-preview":"max-image-preview:large","max-video-preview":"max-video-preview:-1"},"canonical":"https:\/\/hotelhouse.cz\/index.php\/2024\/09\/27\/historicky-cenna-hrzanska-pasaz-po-letech-oziva-modou-umenim-a-designem\/","og_locale":"cs_CZ","og_type":"article","og_title":"Historicky cenn\u00e1 Hrz\u00e1nsk\u00e1 pas\u00e1\u017e po letech o\u017e\u00edv\u00e1 m\u00f3dou, um\u011bn\u00edm a designem - HOTELHOUSE.cz","og_description":"Prostor zasv\u011bcen\u00fd um\u011bn\u00ed, m\u00f3d\u011b, designu, hudb\u011b i lok\u00e1ln\u00edm projekt\u016fm byl nedaleko Starom\u011bstsk\u00e9ho n\u00e1m\u011bst\u00ed slavnostn\u011b otev\u0159en ve st\u0159edu 25. z\u00e1\u0159\u00ed.","og_url":"https:\/\/hotelhouse.cz\/index.php\/2024\/09\/27\/historicky-cenna-hrzanska-pasaz-po-letech-oziva-modou-umenim-a-designem\/","og_site_name":"HOTELHOUSE.cz","article_published_time":"2024-09-27T00:32:16+00:00","article_modified_time":"2024-09-27T00:32:18+00:00","og_image":[{"width":1000,"height":667,"url":"https:\/\/hotelhouse.cz\/wp-content\/uploads\/2024\/09\/02_Hrzanska_Pasaz_foto-Tomas-Rubin.jpg","type":"image\/jpeg"}],"author":"Jordana Pechov\u00e1","twitter_card":"summary_large_image","twitter_misc":{"Napsal(a)":"Jordana Pechov\u00e1","Odhadovan\u00e1 doba \u010dten\u00ed":"12 minut"},"schema":{"@context":"https:\/\/schema.org","@graph":[{"@type":"Article","@id":"https:\/\/hotelhouse.cz\/index.php\/2024\/09\/27\/historicky-cenna-hrzanska-pasaz-po-letech-oziva-modou-umenim-a-designem\/#article","isPartOf":{"@id":"https:\/\/hotelhouse.cz\/index.php\/2024\/09\/27\/historicky-cenna-hrzanska-pasaz-po-letech-oziva-modou-umenim-a-designem\/"},"author":{"name":"Jordana Pechov\u00e1","@id":"https:\/\/hotelhouse.cz\/#\/schema\/person\/04a07c8edd47cde8c2fb8cb4254655aa"},"headline":"Historicky cenn\u00e1 Hrz\u00e1nsk\u00e1 pas\u00e1\u017e po letech o\u017e\u00edv\u00e1 m\u00f3dou, um\u011bn\u00edm a designem","datePublished":"2024-09-27T00:32:16+00:00","dateModified":"2024-09-27T00:32:18+00:00","mainEntityOfPage":{"@id":"https:\/\/hotelhouse.cz\/index.php\/2024\/09\/27\/historicky-cenna-hrzanska-pasaz-po-letech-oziva-modou-umenim-a-designem\/"},"wordCount":1213,"publisher":{"@id":"https:\/\/hotelhouse.cz\/#organization"},"keywords":["Celetn\u00e1 ulice","Celetnaulice.cz","Hrz\u00e1nsk\u00e1 pas\u00e1\u017e","Pra\u017esk\u00e1 Metropole","pra\u017esk\u00e9 p\u0159\u00edkopy","V centru Prahy"],"articleSection":["FOTOREPORTY","N\u00e1dhern\u00e1M\u00edsta.cz","NaDovolenouDoPrahy.cz","NEWS","VIDEO"],"inLanguage":"cs"},{"@type":"WebPage","@id":"https:\/\/hotelhouse.cz\/index.php\/2024\/09\/27\/historicky-cenna-hrzanska-pasaz-po-letech-oziva-modou-umenim-a-designem\/","url":"https:\/\/hotelhouse.cz\/index.php\/2024\/09\/27\/historicky-cenna-hrzanska-pasaz-po-letech-oziva-modou-umenim-a-designem\/","name":"Historicky cenn\u00e1 Hrz\u00e1nsk\u00e1 pas\u00e1\u017e po letech o\u017e\u00edv\u00e1 m\u00f3dou, um\u011bn\u00edm a designem - HOTELHOUSE.cz","isPartOf":{"@id":"https:\/\/hotelhouse.cz\/#website"},"datePublished":"2024-09-27T00:32:16+00:00","dateModified":"2024-09-27T00:32:18+00:00","description":"Prostor zasv\u011bcen\u00fd um\u011bn\u00ed, m\u00f3d\u011b, designu, hudb\u011b i lok\u00e1ln\u00edm projekt\u016fm byl nedaleko Starom\u011bstsk\u00e9ho n\u00e1m\u011bst\u00ed slavnostn\u011b otev\u0159en ve st\u0159edu 25. z\u00e1\u0159\u00ed.","breadcrumb":{"@id":"https:\/\/hotelhouse.cz\/index.php\/2024\/09\/27\/historicky-cenna-hrzanska-pasaz-po-letech-oziva-modou-umenim-a-designem\/#breadcrumb"},"inLanguage":"cs","potentialAction":[{"@type":"ReadAction","target":["https:\/\/hotelhouse.cz\/index.php\/2024\/09\/27\/historicky-cenna-hrzanska-pasaz-po-letech-oziva-modou-umenim-a-designem\/"]}]},{"@type":"BreadcrumbList","@id":"https:\/\/hotelhouse.cz\/index.php\/2024\/09\/27\/historicky-cenna-hrzanska-pasaz-po-letech-oziva-modou-umenim-a-designem\/#breadcrumb","itemListElement":[{"@type":"ListItem","position":1,"name":"Dom\u016f","item":"https:\/\/hotelhouse.cz\/"},{"@type":"ListItem","position":2,"name":"Historicky cenn\u00e1 Hrz\u00e1nsk\u00e1 pas\u00e1\u017e po letech o\u017e\u00edv\u00e1 m\u00f3dou, um\u011bn\u00edm a designem"}]},{"@type":"WebSite","@id":"https:\/\/hotelhouse.cz\/#website","url":"https:\/\/hotelhouse.cz\/","name":"HOTELHOUSE.cz","description":"Port\u00e1l o hotelech, pensionech, spa resortech a restaurac\u00edch...","publisher":{"@id":"https:\/\/hotelhouse.cz\/#organization"},"potentialAction":[{"@type":"SearchAction","target":{"@type":"EntryPoint","urlTemplate":"https:\/\/hotelhouse.cz\/?s={search_term_string}"},"query-input":"required name=search_term_string"}],"inLanguage":"cs"},{"@type":"Organization","@id":"https:\/\/hotelhouse.cz\/#organization","name":"HOTELHOUSE.cz","url":"https:\/\/hotelhouse.cz\/","logo":{"@type":"ImageObject","inLanguage":"cs","@id":"https:\/\/hotelhouse.cz\/#\/schema\/logo\/image\/","url":"https:\/\/hotelhouse.cz\/wp-content\/uploads\/2024\/12\/cropped-Logo_HotelHouse-2.jpg","contentUrl":"https:\/\/hotelhouse.cz\/wp-content\/uploads\/2024\/12\/cropped-Logo_HotelHouse-2.jpg","width":933,"height":516,"caption":"HOTELHOUSE.cz"},"image":{"@id":"https:\/\/hotelhouse.cz\/#\/schema\/logo\/image\/"},"sameAs":["https:\/\/www.instagram.com\/hotelhousecz\/"]},{"@type":"Person","@id":"https:\/\/hotelhouse.cz\/#\/schema\/person\/04a07c8edd47cde8c2fb8cb4254655aa","name":"Jordana Pechov\u00e1","image":{"@type":"ImageObject","inLanguage":"cs","@id":"https:\/\/hotelhouse.cz\/#\/schema\/person\/image\/","url":"https:\/\/secure.gravatar.com\/avatar\/d3ad7f43789eed68b221d01c6d7ac4e5?s=96&d=mm&r=g","contentUrl":"https:\/\/secure.gravatar.com\/avatar\/d3ad7f43789eed68b221d01c6d7ac4e5?s=96&d=mm&r=g","caption":"Jordana Pechov\u00e1"},"sameAs":["http:\/\/HOTELHOUSE.cz"],"url":"https:\/\/hotelhouse.cz\/index.php\/author\/jorpech\/"}]}},"_links":{"self":[{"href":"https:\/\/hotelhouse.cz\/index.php\/wp-json\/wp\/v2\/posts\/6477"}],"collection":[{"href":"https:\/\/hotelhouse.cz\/index.php\/wp-json\/wp\/v2\/posts"}],"about":[{"href":"https:\/\/hotelhouse.cz\/index.php\/wp-json\/wp\/v2\/types\/post"}],"author":[{"embeddable":true,"href":"https:\/\/hotelhouse.cz\/index.php\/wp-json\/wp\/v2\/users\/6"}],"replies":[{"embeddable":true,"href":"https:\/\/hotelhouse.cz\/index.php\/wp-json\/wp\/v2\/comments?post=6477"}],"version-history":[{"count":1,"href":"https:\/\/hotelhouse.cz\/index.php\/wp-json\/wp\/v2\/posts\/6477\/revisions"}],"predecessor-version":[{"id":6479,"href":"https:\/\/hotelhouse.cz\/index.php\/wp-json\/wp\/v2\/posts\/6477\/revisions\/6479"}],"wp:featuredmedia":[{"embeddable":true,"href":"https:\/\/hotelhouse.cz\/index.php\/wp-json\/wp\/v2\/media\/6478"}],"wp:attachment":[{"href":"https:\/\/hotelhouse.cz\/index.php\/wp-json\/wp\/v2\/media?parent=6477"}],"wp:term":[{"taxonomy":"category","embeddable":true,"href":"https:\/\/hotelhouse.cz\/index.php\/wp-json\/wp\/v2\/categories?post=6477"},{"taxonomy":"post_tag","embeddable":true,"href":"https:\/\/hotelhouse.cz\/index.php\/wp-json\/wp\/v2\/tags?post=6477"}],"curies":[{"name":"wp","href":"https:\/\/api.w.org\/{rel}","templated":true}]}}