{"id":6482,"date":"2024-09-30T00:01:00","date_gmt":"2024-09-29T22:01:00","guid":{"rendered":"https:\/\/hotelhouse.cz\/?p=6482"},"modified":"2024-09-30T03:03:12","modified_gmt":"2024-09-30T01:03:12","slug":"oblibeny-prazsky-hotel-svetovych-celebrit-the-grand-mark-slavi-narozeniny","status":"publish","type":"post","link":"https:\/\/hotelhouse.cz\/index.php\/2024\/09\/30\/oblibeny-prazsky-hotel-svetovych-celebrit-the-grand-mark-slavi-narozeniny\/","title":{"rendered":"Obl\u00edben\u00fd pra\u017esk\u00fd hotel sv\u011btov\u00fdch celebrit The Grand Mark slav\u00ed narozeniny"},"content":{"rendered":"\n<div style=\"height:43px\" aria-hidden=\"true\" class=\"wp-block-spacer\"><\/div>\n\n\n\n<p><strong>Jeden z nejv\u00fdznamn\u011bj\u0161\u00edch hotel\u016f Prahy slav\u00ed letos v\u00fdro\u010d\u00ed 15 let od sv\u00e9ho vzniku, a ani v&nbsp;nov\u00e9 \u00e9\u0159e nepolevuje. Letos na podzim se veden\u00ed rozhodlo pro spolupr\u00e1ci s&nbsp;pr\u00e9miov\u00fdm \u010desk\u00fdm krej\u010dovstv\u00edm Bla\u017eek, a spole\u010dn\u011b pro sv\u00e9 hosty uspo\u0159\u00e1dali m\u00f3dn\u00ed show, kter\u00e1 se nesla ve znamen\u00ed luxusu a elegance dokonale vystihuj\u00edc\u00ed atmosf\u00e9ru hotelu.<\/strong> <\/p>\n\n\n\n<div style=\"height:43px\" aria-hidden=\"true\" class=\"wp-block-spacer\"><\/div>\n\n\n<div class=\"wp-block-image\">\n<figure class=\"aligncenter size-large\"><img decoding=\"async\" loading=\"lazy\" width=\"1024\" height=\"682\" src=\"https:\/\/hotelhouse.cz\/wp-content\/uploads\/2024\/09\/Hlavni-vchod-1024x682.jpg\" alt=\"Obl\u00edben\u00fd pra\u017esk\u00fd hotel sv\u011btov\u00fdch celebrit The Grand Mark slav\u00ed narozeniny\" class=\"wp-image-6483\" srcset=\"https:\/\/hotelhouse.cz\/wp-content\/uploads\/2024\/09\/Hlavni-vchod-1024x682.jpg 1024w, https:\/\/hotelhouse.cz\/wp-content\/uploads\/2024\/09\/Hlavni-vchod-300x200.jpg 300w, https:\/\/hotelhouse.cz\/wp-content\/uploads\/2024\/09\/Hlavni-vchod-768x512.jpg 768w, https:\/\/hotelhouse.cz\/wp-content\/uploads\/2024\/09\/Hlavni-vchod.jpg 1280w\" sizes=\"(max-width: 1024px) 100vw, 1024px\" \/><\/figure><\/div>\n\n\n<div style=\"height:43px\" aria-hidden=\"true\" class=\"wp-block-spacer\"><\/div>\n\n\n\n<p>Nahl\u00e9dn\u011bte ve fotogalerii, jak vypad\u00e1 hotel The Grand Mark, obl\u00edben\u00e9 m\u00edsto hollywoodsk\u00fdch herc\u016f, sv\u011btov\u00fdch politik\u016f a sportovc\u016f.<\/p>\n\n\n\n<div style=\"height:40px\" aria-hidden=\"true\" class=\"wp-block-spacer\"><\/div>\n\n\n<div class=\"wp-block-image\">\n<figure class=\"aligncenter size-full\"><img decoding=\"async\" src=\"https:\/\/prazskeprikopy.cz\/wp-content\/uploads\/2024\/09\/Zahrada_pavy.jpg\" alt=\"\" class=\"wp-image-9218\"\/><\/figure><\/div>\n\n\n<div style=\"height:40px\" aria-hidden=\"true\" class=\"wp-block-spacer\"><\/div>\n\n\n\n<p>Ka\u017ed\u00e1 \u010d\u00e1st budovy m\u00e1 sv\u016fj p\u0159\u00edb\u011bh a ka\u017ed\u00fd detail vypr\u00e1v\u00ed o jeho bohat\u00e9 historii. Vysok\u00e9 stropy, mramorov\u00e9 podlahy, kr\u00e1sn\u011b zdoben\u00e9 st\u011bny a n\u00e1dhern\u00e9 lustry dod\u00e1vaj\u00ed interi\u00e9ru pocit velkoleposti a elegance. Kapitolou samu pro sebe je velk\u00e1 zahrada, o\u00e1za zelen\u011b, klidu a luxusu p\u0159\u00edmo uprost\u0159ed m\u011bsta. Stromy, ka\u0161ny, ke\u0159e, upraven\u00e9 cesti\u010dky a tak\u00e9 vlastn\u00ed rodina p\u00e1va korunkat\u00e9ho, kter\u00fd je symbolem hotelu.<\/p>\n\n\n\n<div style=\"height:40px\" aria-hidden=\"true\" class=\"wp-block-spacer\"><\/div>\n\n\n\n<figure class=\"wp-block-gallery has-nested-images columns-default is-cropped wp-block-gallery-1 is-layout-flex wp-block-gallery-is-layout-flex\">\n<figure class=\"wp-block-image size-large\"><img decoding=\"async\" data-id=\"9220\" src=\"https:\/\/prazskeprikopy.cz\/wp-content\/uploads\/2024\/09\/Lounge-1024x682.jpg\" alt=\"\" class=\"wp-image-9220\"\/><\/figure>\n\n\n\n<figure class=\"wp-block-image size-large\"><img decoding=\"async\" data-id=\"9219\" src=\"https:\/\/prazskeprikopy.cz\/wp-content\/uploads\/2024\/09\/Le-Grill-1024x682.jpg\" alt=\"\" class=\"wp-image-9219\"\/><\/figure>\n<\/figure>\n\n\n\n<div style=\"height:40px\" aria-hidden=\"true\" class=\"wp-block-spacer\"><\/div>\n\n\n\n<p>Pokoje jsou navr\u017eeny s ohledem na pohodl\u00ed host\u016f. A\u0165 u\u017e hled\u00e1te romantick\u00fd \u00fakryt pro dva nebo prostorn\u00fd apartm\u00e1n pro celou rodinu, The Grand Mark Prague m\u00e1 pro ka\u017ed\u00e9ho n\u011bco. Ka\u017ed\u00fd pokoj je vlastn\u00edm origin\u00e1lem a nab\u00edz\u00ed nejvy\u0161\u0161\u00ed mo\u017en\u00fd komfort, od dvoupatrov\u00e9ho apartm\u00e1nu p\u0159es pokoje s balk\u00f3ny a v\u00fdhledem do centra, a\u017e po apartm\u00e1ny se soukrom\u00fdmi terasami a v\u00ed\u0159ivkou. P\u00fdchou hotelu je velkolep\u00e9 st\u0159e\u0161n\u00ed apartm\u00e1, kde v&nbsp;minulosti bydleli hollywood\u0161t\u00ed herci \u010di sv\u011btov\u00ed politici.<\/p>\n\n\n\n<div style=\"height:40px\" aria-hidden=\"true\" class=\"wp-block-spacer\"><\/div>\n\n\n<div class=\"wp-block-image\">\n<figure class=\"aligncenter size-large\"><img decoding=\"async\" src=\"https:\/\/prazskeprikopy.cz\/wp-content\/uploads\/2024\/09\/the-grand-mark-cake-1024x683.jpg\" alt=\"\" class=\"wp-image-9215\"\/><\/figure><\/div>\n\n\n<div style=\"height:40px\" aria-hidden=\"true\" class=\"wp-block-spacer\"><\/div>\n\n\n\n<h2 class=\"wp-block-heading\">Kter\u00e9 osobnosti byli hosty v&nbsp;The Grand Mark?<\/h2>\n\n\n\n<div style=\"height:40px\" aria-hidden=\"true\" class=\"wp-block-spacer\"><\/div>\n\n\n\n<h2 class=\"wp-block-heading\">St\u00e1tn\u00edci<\/h2>\n\n\n\n<div style=\"height:30px\" aria-hidden=\"true\" class=\"wp-block-spacer\"><\/div>\n\n\n\n<p>Ze st\u00e1tn\u00edk\u016f nap\u0159\u00edklad \u0161v\u00e9dsk\u00fd kr\u00e1l Karel XVI. Gustav, n\u011bmeck\u00fd prezident Frank Walter Steinmeier, prezident \u00c1zerb\u00e1jd\u017e\u00e1nu IIlham Aliev, Ivana Trumpov\u00e1, \u010di b\u00fdval\u00fd slovensk\u00fd prezident Andrej Kiska. Hotel si obl\u00edbil i b\u00fdval\u00fd \u010desk\u00fd prezident V\u00e1clav Klaus.<\/p>\n\n\n\n<div style=\"height:40px\" aria-hidden=\"true\" class=\"wp-block-spacer\"><\/div>\n\n\n\n<h2 class=\"wp-block-heading\">V\u00fdznamn\u00e9 osobnosti<\/h2>\n\n\n\n<div style=\"height:30px\" aria-hidden=\"true\" class=\"wp-block-spacer\"><\/div>\n\n\n\n<p>V&nbsp;hotelu prob\u011bhla svatba fotbalisty Gigi Buffona a modelky Aleny \u0160eredov\u00e9. Bydlel zde ale tak\u00e9 majitel cognac domu Maurice Hennessy, re\u017eis\u00e9r Woody Allen, spisovatel Jo Nesbo a dirigent Christoph von Dohn\u00e1nyi.<\/p>\n\n\n\n<div style=\"height:40px\" aria-hidden=\"true\" class=\"wp-block-spacer\"><\/div>\n\n\n\n<h2 class=\"wp-block-heading\">Hudebn\u00edci<\/h2>\n\n\n\n<div style=\"height:31px\" aria-hidden=\"true\" class=\"wp-block-spacer\"><\/div>\n\n\n\n<p>The Grand Mark maj\u00ed v&nbsp;oblib\u011b tak\u00e9 hudebn\u00edci. Ze zn\u00e1m\u00fdch celebrit se zde ubytovali Julio Iglesias, Beyonce Giselle Knowles, Tom Jones, AHA, Alice Cooper nebo na\u0161e zlat\u00e1 slavice Lucie B\u00edl\u00e1.<\/p>\n\n\n\n<div style=\"height:40px\" aria-hidden=\"true\" class=\"wp-block-spacer\"><\/div>\n\n\n\n<h2 class=\"wp-block-heading\">Sportovci<\/h2>\n\n\n\n<div style=\"height:30px\" aria-hidden=\"true\" class=\"wp-block-spacer\"><\/div>\n\n\n\n<p>Ze sportovc\u016f pat\u0159\u00ed mezi hosty&nbsp;hotelu \u010desk\u00e9 olympijsk\u00e9 v\u00edt\u011bzky Ester Ledeck\u00e1 a Martina S\u00e1bl\u00edkov\u00e1, sv\u011btov\u011b zn\u00e1m\u00ed \u010de\u0161t\u00ed sportovci Ivan Lendl, Petr \u010cech nebo boxe\u0159i Vitaliy Klitschko a Floyd Mayweather.<\/p>\n\n\n\n<div style=\"height:40px\" aria-hidden=\"true\" class=\"wp-block-spacer\"><\/div>\n\n\n\n<h2 class=\"wp-block-heading\">Herci<\/h2>\n\n\n\n<div style=\"height:31px\" aria-hidden=\"true\" class=\"wp-block-spacer\"><\/div>\n\n\n\n<p>A to nejlep\u0161\u00ed nakonec. Hotel The Grand Mark je jeden z&nbsp;nejobl\u00edben\u011bj\u0161\u00edch hotel\u016f v&nbsp;Praze pro hollywoodsk\u00e9 herce, proto jste zde mohli potkat nap\u0159\u00edklad Johna Travoltu, Gerarda Depardie, Michela Merciera, Michaela Douglase, Johnnyho Deppa, Keanu Reevese nebo loni v&nbsp;listopadu Jean-Claude van Damme.<\/p>\n\n\n\n<div style=\"height:40px\" aria-hidden=\"true\" class=\"wp-block-spacer\"><\/div>\n\n\n\n<h2 class=\"wp-block-heading\">Spolupr\u00e1ce s&nbsp;krej\u010dovstv\u00edm Bla\u017eek<\/h2>\n\n\n\n<div style=\"height:30px\" aria-hidden=\"true\" class=\"wp-block-spacer\"><\/div>\n\n\n\n<p>Ani po letech se The Grand Mark Prague nezastavuje. <em>\u201eThe Grand Mark Prague je m\u00edsto, kde se luxus a elegance setk\u00e1vaj\u00ed s pohostinnost\u00ed a ka\u017ed\u00fd host se st\u00e1v\u00e1 sou\u010d\u00e1st\u00ed jeho p\u0159\u00edb\u011bhu. Proto jsme r\u00e1di, \u017ee se n\u00e1m poda\u0159ilo propojen\u00ed se spole\u010dnost\u00ed Krej\u010dovstv\u00ed Bla\u017eek a uspo\u0159\u00e1d\u00e1n\u00ed spole\u010dn\u00e9 m\u00f3dn\u00ed show. Jejich modern\u00ed p\u0159\u00edstup k tvorb\u011b \u0161it\u00fdch od\u011bv\u016f na m\u00edru, kter\u00e9 spl\u0148uj\u00ed nejvy\u0161\u0161\u00ed standardy elegance a kvality, perfektn\u011b zapad\u00e1 do na\u0161\u00ed filozofie,\u201c<\/em> <strong>\u0159\u00edk\u00e1 Jaroslav Svoboda, majitel skupiny Czech Inn Hotels, kter\u00e1 ji\u017e deset let hotel provozuje.<\/strong><\/p>\n\n\n\n<div style=\"height:111px\" aria-hidden=\"true\" class=\"wp-block-spacer\"><\/div>\n\n\n\n<figure class=\"wp-block-gallery has-nested-images columns-2 is-cropped wp-block-gallery-3 is-layout-flex wp-block-gallery-is-layout-flex\">\n<figure class=\"wp-block-image size-large\"><img decoding=\"async\" data-id=\"9217\" src=\"https:\/\/prazskeprikopy.cz\/wp-content\/uploads\/2024\/09\/Hlavni-vchod-1024x682.jpg\" alt=\"\" class=\"wp-image-9217\"\/><\/figure>\n\n\n\n<figure class=\"wp-block-image size-large\"><img decoding=\"async\" data-id=\"9219\" src=\"https:\/\/prazskeprikopy.cz\/wp-content\/uploads\/2024\/09\/Le-Grill-1024x682.jpg\" alt=\"\" class=\"wp-image-9219\"\/><\/figure>\n\n\n\n<figure class=\"wp-block-image size-large\"><img decoding=\"async\" data-id=\"9220\" src=\"https:\/\/prazskeprikopy.cz\/wp-content\/uploads\/2024\/09\/Lounge-1024x682.jpg\" alt=\"\" class=\"wp-image-9220\"\/><\/figure>\n\n\n\n<figure class=\"wp-block-image size-large\"><img decoding=\"async\" data-id=\"9216\" src=\"https:\/\/prazskeprikopy.cz\/wp-content\/uploads\/2024\/09\/apartman.jpg\" alt=\"\" class=\"wp-image-9216\"\/><\/figure>\n\n\n\n<figure class=\"wp-block-image size-large\"><img decoding=\"async\" data-id=\"9212\" src=\"https:\/\/prazskeprikopy.cz\/wp-content\/uploads\/2024\/09\/Christmas-apartma-2.jpg\" alt=\"\" class=\"wp-image-9212\"\/><\/figure>\n\n\n\n<figure class=\"wp-block-image size-large\"><img decoding=\"async\" data-id=\"9213\" src=\"https:\/\/prazskeprikopy.cz\/wp-content\/uploads\/2024\/09\/Christmas-apartman-1024x683.jpg\" alt=\"\" class=\"wp-image-9213\"\/><\/figure>\n\n\n\n<figure class=\"wp-block-image size-large\"><img decoding=\"async\" data-id=\"9214\" src=\"https:\/\/prazskeprikopy.cz\/wp-content\/uploads\/2024\/09\/snidane-v-TGM-682x1024.jpg\" alt=\"\" class=\"wp-image-9214\"\/><\/figure>\n\n\n\n<figure class=\"wp-block-image size-large\"><img decoding=\"async\" data-id=\"9215\" src=\"https:\/\/prazskeprikopy.cz\/wp-content\/uploads\/2024\/09\/the-grand-mark-cake-1024x683.jpg\" alt=\"\" class=\"wp-image-9215\"\/><\/figure>\n\n\n\n<figure class=\"wp-block-image size-large\"><img decoding=\"async\" data-id=\"9221\" src=\"https:\/\/prazskeprikopy.cz\/wp-content\/uploads\/2024\/09\/Wellness-1024x683.jpg\" alt=\"\" class=\"wp-image-9221\"\/><\/figure>\n\n\n\n<figure class=\"wp-block-image size-large\"><img decoding=\"async\" data-id=\"9218\" src=\"https:\/\/prazskeprikopy.cz\/wp-content\/uploads\/2024\/09\/Zahrada_pavy.jpg\" alt=\"\" class=\"wp-image-9218\"\/><\/figure>\n<\/figure>\n\n\n\n<div style=\"height:30px\" aria-hidden=\"true\" class=\"wp-block-spacer\"><\/div>\n\n\n\n<p><strong>Zdroj foto: <\/strong>Czech Inn Hotels, The Grand Mark<\/p>\n\n\n\n<div style=\"height:100px\" aria-hidden=\"true\" class=\"wp-block-spacer\"><\/div>\n","protected":false},"excerpt":{"rendered":"<p>Jeden z nejv\u00fdznamn\u011bj\u0161\u00edch hotel\u016f Prahy slav\u00ed letos v\u00fdro\u010d\u00ed 15 let od sv\u00e9ho vzniku, a ani v&nbsp;nov\u00e9 \u00e9\u0159e nepolevuje. Letos na podzim se veden\u00ed rozhodlo pro spolupr\u00e1ci s&nbsp;pr\u00e9miov\u00fdm \u010desk\u00fdm krej\u010dovstv\u00edm Bla\u017eek, a spole\u010dn\u011b pro sv\u00e9&#46;&#46;&#46;<\/p>\n","protected":false},"author":3,"featured_media":6483,"comment_status":"closed","ping_status":"closed","sticky":false,"template":"","format":"standard","meta":{"_monsterinsights_skip_tracking":false,"_monsterinsights_sitenote_active":false,"_monsterinsights_sitenote_note":"","_monsterinsights_sitenote_category":0,"footnotes":""},"categories":[4,26,2,8,23,28],"tags":[91,119,102,42,56,120,106],"yoast_head":"<!-- This site is optimized with the Yoast SEO plugin v21.5 - https:\/\/yoast.com\/wordpress\/plugins\/seo\/ -->\n<title>Obl\u00edben\u00fd pra\u017esk\u00fd hotel sv\u011btov\u00fdch celebrit The Grand Mark slav\u00ed narozeniny - HOTELHOUSE.cz<\/title>\n<meta name=\"description\" content=\"Jeden z nejv\u00fdznamn\u011bj\u0161\u00edch hotel\u016f Prahy slav\u00ed letos v\u00fdro\u010d\u00ed 15 let od sv\u00e9ho vzniku, a ani v\u00a0nov\u00e9 \u00e9\u0159e nepolevuje...\" \/>\n<meta name=\"robots\" content=\"index, follow, max-snippet:-1, max-image-preview:large, max-video-preview:-1\" \/>\n<link rel=\"canonical\" href=\"https:\/\/hotelhouse.cz\/index.php\/2024\/09\/30\/oblibeny-prazsky-hotel-svetovych-celebrit-the-grand-mark-slavi-narozeniny\/\" \/>\n<meta property=\"og:locale\" content=\"cs_CZ\" \/>\n<meta property=\"og:type\" content=\"article\" \/>\n<meta property=\"og:title\" content=\"Obl\u00edben\u00fd pra\u017esk\u00fd hotel sv\u011btov\u00fdch celebrit The Grand Mark slav\u00ed narozeniny - HOTELHOUSE.cz\" \/>\n<meta property=\"og:description\" content=\"Jeden z nejv\u00fdznamn\u011bj\u0161\u00edch hotel\u016f Prahy slav\u00ed letos v\u00fdro\u010d\u00ed 15 let od sv\u00e9ho vzniku, a ani v\u00a0nov\u00e9 \u00e9\u0159e nepolevuje...\" \/>\n<meta property=\"og:url\" content=\"https:\/\/hotelhouse.cz\/index.php\/2024\/09\/30\/oblibeny-prazsky-hotel-svetovych-celebrit-the-grand-mark-slavi-narozeniny\/\" \/>\n<meta property=\"og:site_name\" content=\"HOTELHOUSE.cz\" \/>\n<meta property=\"article:published_time\" content=\"2024-09-29T22:01:00+00:00\" \/>\n<meta property=\"article:modified_time\" content=\"2024-09-30T01:03:12+00:00\" \/>\n<meta property=\"og:image\" content=\"https:\/\/hotelhouse.cz\/wp-content\/uploads\/2024\/09\/Hlavni-vchod.jpg\" \/>\n\t<meta property=\"og:image:width\" content=\"1280\" \/>\n\t<meta property=\"og:image:height\" content=\"853\" \/>\n\t<meta property=\"og:image:type\" content=\"image\/jpeg\" \/>\n<meta name=\"author\" content=\"Van\u011bk Miroslav\" \/>\n<meta name=\"twitter:card\" content=\"summary_large_image\" \/>\n<meta name=\"twitter:label1\" content=\"Napsal(a)\" \/>\n\t<meta name=\"twitter:data1\" content=\"Van\u011bk Miroslav\" \/>\n\t<meta name=\"twitter:label2\" content=\"Odhadovan\u00e1 doba \u010dten\u00ed\" \/>\n\t<meta name=\"twitter:data2\" content=\"6 minut\" \/>\n<script type=\"application\/ld+json\" class=\"yoast-schema-graph\">{\"@context\":\"https:\/\/schema.org\",\"@graph\":[{\"@type\":\"Article\",\"@id\":\"https:\/\/hotelhouse.cz\/index.php\/2024\/09\/30\/oblibeny-prazsky-hotel-svetovych-celebrit-the-grand-mark-slavi-narozeniny\/#article\",\"isPartOf\":{\"@id\":\"https:\/\/hotelhouse.cz\/index.php\/2024\/09\/30\/oblibeny-prazsky-hotel-svetovych-celebrit-the-grand-mark-slavi-narozeniny\/\"},\"author\":{\"name\":\"Van\u011bk Miroslav\",\"@id\":\"https:\/\/hotelhouse.cz\/#\/schema\/person\/fa8caee3f0a9c6134afed3c541204812\"},\"headline\":\"Obl\u00edben\u00fd pra\u017esk\u00fd hotel sv\u011btov\u00fdch celebrit The Grand Mark slav\u00ed narozeniny\",\"datePublished\":\"2024-09-29T22:01:00+00:00\",\"dateModified\":\"2024-09-30T01:03:12+00:00\",\"mainEntityOfPage\":{\"@id\":\"https:\/\/hotelhouse.cz\/index.php\/2024\/09\/30\/oblibeny-prazsky-hotel-svetovych-celebrit-the-grand-mark-slavi-narozeniny\/\"},\"wordCount\":633,\"publisher\":{\"@id\":\"https:\/\/hotelhouse.cz\/#organization\"},\"keywords\":[\"Hybernsk\u00e1 ulice\",\"Hybernskaulice.cz\",\"Pra\u017esk\u00e1 Metropole\",\"pra\u017esk\u00e9 p\u0159\u00edkopy\",\"restaurace\",\"The Grand Mark\",\"V centru Prahy\"],\"articleSection\":[\"HOTELY &amp; PENZIONY\",\"N\u00e1dhern\u00e1M\u00edsta.cz\",\"NEWS\",\"RESTAURACE &amp; BISTRA\",\"TIPY NA CESTOV\u00c1N\u00cd\",\"TIPY NA J\u00cdDLO\"],\"inLanguage\":\"cs\"},{\"@type\":\"WebPage\",\"@id\":\"https:\/\/hotelhouse.cz\/index.php\/2024\/09\/30\/oblibeny-prazsky-hotel-svetovych-celebrit-the-grand-mark-slavi-narozeniny\/\",\"url\":\"https:\/\/hotelhouse.cz\/index.php\/2024\/09\/30\/oblibeny-prazsky-hotel-svetovych-celebrit-the-grand-mark-slavi-narozeniny\/\",\"name\":\"Obl\u00edben\u00fd pra\u017esk\u00fd hotel sv\u011btov\u00fdch celebrit The Grand Mark slav\u00ed narozeniny - HOTELHOUSE.cz\",\"isPartOf\":{\"@id\":\"https:\/\/hotelhouse.cz\/#website\"},\"datePublished\":\"2024-09-29T22:01:00+00:00\",\"dateModified\":\"2024-09-30T01:03:12+00:00\",\"description\":\"Jeden z nejv\u00fdznamn\u011bj\u0161\u00edch hotel\u016f Prahy slav\u00ed letos v\u00fdro\u010d\u00ed 15 let od sv\u00e9ho vzniku, a ani v\u00a0nov\u00e9 \u00e9\u0159e nepolevuje...\",\"breadcrumb\":{\"@id\":\"https:\/\/hotelhouse.cz\/index.php\/2024\/09\/30\/oblibeny-prazsky-hotel-svetovych-celebrit-the-grand-mark-slavi-narozeniny\/#breadcrumb\"},\"inLanguage\":\"cs\",\"potentialAction\":[{\"@type\":\"ReadAction\",\"target\":[\"https:\/\/hotelhouse.cz\/index.php\/2024\/09\/30\/oblibeny-prazsky-hotel-svetovych-celebrit-the-grand-mark-slavi-narozeniny\/\"]}]},{\"@type\":\"BreadcrumbList\",\"@id\":\"https:\/\/hotelhouse.cz\/index.php\/2024\/09\/30\/oblibeny-prazsky-hotel-svetovych-celebrit-the-grand-mark-slavi-narozeniny\/#breadcrumb\",\"itemListElement\":[{\"@type\":\"ListItem\",\"position\":1,\"name\":\"Dom\u016f\",\"item\":\"https:\/\/hotelhouse.cz\/\"},{\"@type\":\"ListItem\",\"position\":2,\"name\":\"Obl\u00edben\u00fd pra\u017esk\u00fd hotel sv\u011btov\u00fdch celebrit The Grand Mark slav\u00ed narozeniny\"}]},{\"@type\":\"WebSite\",\"@id\":\"https:\/\/hotelhouse.cz\/#website\",\"url\":\"https:\/\/hotelhouse.cz\/\",\"name\":\"HOTELHOUSE.cz\",\"description\":\"Port\u00e1l o hotelech, pensionech, spa resortech a restaurac\u00edch...\",\"publisher\":{\"@id\":\"https:\/\/hotelhouse.cz\/#organization\"},\"potentialAction\":[{\"@type\":\"SearchAction\",\"target\":{\"@type\":\"EntryPoint\",\"urlTemplate\":\"https:\/\/hotelhouse.cz\/?s={search_term_string}\"},\"query-input\":\"required name=search_term_string\"}],\"inLanguage\":\"cs\"},{\"@type\":\"Organization\",\"@id\":\"https:\/\/hotelhouse.cz\/#organization\",\"name\":\"HOTELHOUSE.cz\",\"url\":\"https:\/\/hotelhouse.cz\/\",\"logo\":{\"@type\":\"ImageObject\",\"inLanguage\":\"cs\",\"@id\":\"https:\/\/hotelhouse.cz\/#\/schema\/logo\/image\/\",\"url\":\"https:\/\/hotelhouse.cz\/wp-content\/uploads\/2024\/12\/cropped-Logo_HotelHouse-2.jpg\",\"contentUrl\":\"https:\/\/hotelhouse.cz\/wp-content\/uploads\/2024\/12\/cropped-Logo_HotelHouse-2.jpg\",\"width\":933,\"height\":516,\"caption\":\"HOTELHOUSE.cz\"},\"image\":{\"@id\":\"https:\/\/hotelhouse.cz\/#\/schema\/logo\/image\/\"},\"sameAs\":[\"https:\/\/www.instagram.com\/hotelhousecz\/\"]},{\"@type\":\"Person\",\"@id\":\"https:\/\/hotelhouse.cz\/#\/schema\/person\/fa8caee3f0a9c6134afed3c541204812\",\"name\":\"Van\u011bk Miroslav\",\"image\":{\"@type\":\"ImageObject\",\"inLanguage\":\"cs\",\"@id\":\"https:\/\/hotelhouse.cz\/#\/schema\/person\/image\/\",\"url\":\"https:\/\/secure.gravatar.com\/avatar\/cc93dbecbfc820d69a964ea4a1c72377?s=96&d=mm&r=g\",\"contentUrl\":\"https:\/\/secure.gravatar.com\/avatar\/cc93dbecbfc820d69a964ea4a1c72377?s=96&d=mm&r=g\",\"caption\":\"Van\u011bk Miroslav\"},\"sameAs\":[\"http:\/\/www.hotelhouse.cz\"],\"url\":\"https:\/\/hotelhouse.cz\/index.php\/author\/mirvan\/\"}]}<\/script>\n<!-- \/ Yoast SEO plugin. -->","yoast_head_json":{"title":"Obl\u00edben\u00fd pra\u017esk\u00fd hotel sv\u011btov\u00fdch celebrit The Grand Mark slav\u00ed narozeniny - HOTELHOUSE.cz","description":"Jeden z nejv\u00fdznamn\u011bj\u0161\u00edch hotel\u016f Prahy slav\u00ed letos v\u00fdro\u010d\u00ed 15 let od sv\u00e9ho vzniku, a ani v\u00a0nov\u00e9 \u00e9\u0159e nepolevuje...","robots":{"index":"index","follow":"follow","max-snippet":"max-snippet:-1","max-image-preview":"max-image-preview:large","max-video-preview":"max-video-preview:-1"},"canonical":"https:\/\/hotelhouse.cz\/index.php\/2024\/09\/30\/oblibeny-prazsky-hotel-svetovych-celebrit-the-grand-mark-slavi-narozeniny\/","og_locale":"cs_CZ","og_type":"article","og_title":"Obl\u00edben\u00fd pra\u017esk\u00fd hotel sv\u011btov\u00fdch celebrit The Grand Mark slav\u00ed narozeniny - HOTELHOUSE.cz","og_description":"Jeden z nejv\u00fdznamn\u011bj\u0161\u00edch hotel\u016f Prahy slav\u00ed letos v\u00fdro\u010d\u00ed 15 let od sv\u00e9ho vzniku, a ani v\u00a0nov\u00e9 \u00e9\u0159e nepolevuje...","og_url":"https:\/\/hotelhouse.cz\/index.php\/2024\/09\/30\/oblibeny-prazsky-hotel-svetovych-celebrit-the-grand-mark-slavi-narozeniny\/","og_site_name":"HOTELHOUSE.cz","article_published_time":"2024-09-29T22:01:00+00:00","article_modified_time":"2024-09-30T01:03:12+00:00","og_image":[{"width":1280,"height":853,"url":"https:\/\/hotelhouse.cz\/wp-content\/uploads\/2024\/09\/Hlavni-vchod.jpg","type":"image\/jpeg"}],"author":"Van\u011bk Miroslav","twitter_card":"summary_large_image","twitter_misc":{"Napsal(a)":"Van\u011bk Miroslav","Odhadovan\u00e1 doba \u010dten\u00ed":"6 minut"},"schema":{"@context":"https:\/\/schema.org","@graph":[{"@type":"Article","@id":"https:\/\/hotelhouse.cz\/index.php\/2024\/09\/30\/oblibeny-prazsky-hotel-svetovych-celebrit-the-grand-mark-slavi-narozeniny\/#article","isPartOf":{"@id":"https:\/\/hotelhouse.cz\/index.php\/2024\/09\/30\/oblibeny-prazsky-hotel-svetovych-celebrit-the-grand-mark-slavi-narozeniny\/"},"author":{"name":"Van\u011bk Miroslav","@id":"https:\/\/hotelhouse.cz\/#\/schema\/person\/fa8caee3f0a9c6134afed3c541204812"},"headline":"Obl\u00edben\u00fd pra\u017esk\u00fd hotel sv\u011btov\u00fdch celebrit The Grand Mark slav\u00ed narozeniny","datePublished":"2024-09-29T22:01:00+00:00","dateModified":"2024-09-30T01:03:12+00:00","mainEntityOfPage":{"@id":"https:\/\/hotelhouse.cz\/index.php\/2024\/09\/30\/oblibeny-prazsky-hotel-svetovych-celebrit-the-grand-mark-slavi-narozeniny\/"},"wordCount":633,"publisher":{"@id":"https:\/\/hotelhouse.cz\/#organization"},"keywords":["Hybernsk\u00e1 ulice","Hybernskaulice.cz","Pra\u017esk\u00e1 Metropole","pra\u017esk\u00e9 p\u0159\u00edkopy","restaurace","The Grand Mark","V centru Prahy"],"articleSection":["HOTELY &amp; PENZIONY","N\u00e1dhern\u00e1M\u00edsta.cz","NEWS","RESTAURACE &amp; BISTRA","TIPY NA CESTOV\u00c1N\u00cd","TIPY NA J\u00cdDLO"],"inLanguage":"cs"},{"@type":"WebPage","@id":"https:\/\/hotelhouse.cz\/index.php\/2024\/09\/30\/oblibeny-prazsky-hotel-svetovych-celebrit-the-grand-mark-slavi-narozeniny\/","url":"https:\/\/hotelhouse.cz\/index.php\/2024\/09\/30\/oblibeny-prazsky-hotel-svetovych-celebrit-the-grand-mark-slavi-narozeniny\/","name":"Obl\u00edben\u00fd pra\u017esk\u00fd hotel sv\u011btov\u00fdch celebrit The Grand Mark slav\u00ed narozeniny - HOTELHOUSE.cz","isPartOf":{"@id":"https:\/\/hotelhouse.cz\/#website"},"datePublished":"2024-09-29T22:01:00+00:00","dateModified":"2024-09-30T01:03:12+00:00","description":"Jeden z nejv\u00fdznamn\u011bj\u0161\u00edch hotel\u016f Prahy slav\u00ed letos v\u00fdro\u010d\u00ed 15 let od sv\u00e9ho vzniku, a ani v\u00a0nov\u00e9 \u00e9\u0159e nepolevuje...","breadcrumb":{"@id":"https:\/\/hotelhouse.cz\/index.php\/2024\/09\/30\/oblibeny-prazsky-hotel-svetovych-celebrit-the-grand-mark-slavi-narozeniny\/#breadcrumb"},"inLanguage":"cs","potentialAction":[{"@type":"ReadAction","target":["https:\/\/hotelhouse.cz\/index.php\/2024\/09\/30\/oblibeny-prazsky-hotel-svetovych-celebrit-the-grand-mark-slavi-narozeniny\/"]}]},{"@type":"BreadcrumbList","@id":"https:\/\/hotelhouse.cz\/index.php\/2024\/09\/30\/oblibeny-prazsky-hotel-svetovych-celebrit-the-grand-mark-slavi-narozeniny\/#breadcrumb","itemListElement":[{"@type":"ListItem","position":1,"name":"Dom\u016f","item":"https:\/\/hotelhouse.cz\/"},{"@type":"ListItem","position":2,"name":"Obl\u00edben\u00fd pra\u017esk\u00fd hotel sv\u011btov\u00fdch celebrit The Grand Mark slav\u00ed narozeniny"}]},{"@type":"WebSite","@id":"https:\/\/hotelhouse.cz\/#website","url":"https:\/\/hotelhouse.cz\/","name":"HOTELHOUSE.cz","description":"Port\u00e1l o hotelech, pensionech, spa resortech a restaurac\u00edch...","publisher":{"@id":"https:\/\/hotelhouse.cz\/#organization"},"potentialAction":[{"@type":"SearchAction","target":{"@type":"EntryPoint","urlTemplate":"https:\/\/hotelhouse.cz\/?s={search_term_string}"},"query-input":"required name=search_term_string"}],"inLanguage":"cs"},{"@type":"Organization","@id":"https:\/\/hotelhouse.cz\/#organization","name":"HOTELHOUSE.cz","url":"https:\/\/hotelhouse.cz\/","logo":{"@type":"ImageObject","inLanguage":"cs","@id":"https:\/\/hotelhouse.cz\/#\/schema\/logo\/image\/","url":"https:\/\/hotelhouse.cz\/wp-content\/uploads\/2024\/12\/cropped-Logo_HotelHouse-2.jpg","contentUrl":"https:\/\/hotelhouse.cz\/wp-content\/uploads\/2024\/12\/cropped-Logo_HotelHouse-2.jpg","width":933,"height":516,"caption":"HOTELHOUSE.cz"},"image":{"@id":"https:\/\/hotelhouse.cz\/#\/schema\/logo\/image\/"},"sameAs":["https:\/\/www.instagram.com\/hotelhousecz\/"]},{"@type":"Person","@id":"https:\/\/hotelhouse.cz\/#\/schema\/person\/fa8caee3f0a9c6134afed3c541204812","name":"Van\u011bk Miroslav","image":{"@type":"ImageObject","inLanguage":"cs","@id":"https:\/\/hotelhouse.cz\/#\/schema\/person\/image\/","url":"https:\/\/secure.gravatar.com\/avatar\/cc93dbecbfc820d69a964ea4a1c72377?s=96&d=mm&r=g","contentUrl":"https:\/\/secure.gravatar.com\/avatar\/cc93dbecbfc820d69a964ea4a1c72377?s=96&d=mm&r=g","caption":"Van\u011bk Miroslav"},"sameAs":["http:\/\/www.hotelhouse.cz"],"url":"https:\/\/hotelhouse.cz\/index.php\/author\/mirvan\/"}]}},"_links":{"self":[{"href":"https:\/\/hotelhouse.cz\/index.php\/wp-json\/wp\/v2\/posts\/6482"}],"collection":[{"href":"https:\/\/hotelhouse.cz\/index.php\/wp-json\/wp\/v2\/posts"}],"about":[{"href":"https:\/\/hotelhouse.cz\/index.php\/wp-json\/wp\/v2\/types\/post"}],"author":[{"embeddable":true,"href":"https:\/\/hotelhouse.cz\/index.php\/wp-json\/wp\/v2\/users\/3"}],"replies":[{"embeddable":true,"href":"https:\/\/hotelhouse.cz\/index.php\/wp-json\/wp\/v2\/comments?post=6482"}],"version-history":[{"count":1,"href":"https:\/\/hotelhouse.cz\/index.php\/wp-json\/wp\/v2\/posts\/6482\/revisions"}],"predecessor-version":[{"id":6484,"href":"https:\/\/hotelhouse.cz\/index.php\/wp-json\/wp\/v2\/posts\/6482\/revisions\/6484"}],"wp:featuredmedia":[{"embeddable":true,"href":"https:\/\/hotelhouse.cz\/index.php\/wp-json\/wp\/v2\/media\/6483"}],"wp:attachment":[{"href":"https:\/\/hotelhouse.cz\/index.php\/wp-json\/wp\/v2\/media?parent=6482"}],"wp:term":[{"taxonomy":"category","embeddable":true,"href":"https:\/\/hotelhouse.cz\/index.php\/wp-json\/wp\/v2\/categories?post=6482"},{"taxonomy":"post_tag","embeddable":true,"href":"https:\/\/hotelhouse.cz\/index.php\/wp-json\/wp\/v2\/tags?post=6482"}],"curies":[{"name":"wp","href":"https:\/\/api.w.org\/{rel}","templated":true}]}}