{"id":6609,"date":"2024-11-08T00:01:00","date_gmt":"2024-11-07T23:01:00","guid":{"rendered":"https:\/\/hotelhouse.cz\/?p=6609"},"modified":"2024-10-27T02:41:17","modified_gmt":"2024-10-27T00:41:17","slug":"alma-prague-laka-na-silvestrovsky-vecirek-i-vonavy-advent","status":"publish","type":"post","link":"https:\/\/hotelhouse.cz\/index.php\/2024\/11\/08\/alma-prague-laka-na-silvestrovsky-vecirek-i-vonavy-advent\/","title":{"rendered":"Alma Prague l\u00e1k\u00e1 na silvestrovsk\u00fd ve\u010d\u00edrek i vo\u0148av\u00fd advent"},"content":{"rendered":"\n<div style=\"height:40px\" aria-hidden=\"true\" class=\"wp-block-spacer\"><\/div>\n\n\n\n<p><strong>Gastronomick\u00fd komplex Alma na nov\u00e9m m\u011bst\u011b v Praze chyst\u00e1 oslavy konce roku ve velk\u00e9m stylu. Sladk\u00fd advent v Alma Caf\u00e9, opulentn\u00ed silvestrovsk\u00e9 menu v masov\u00e9 i vege variant\u011b nebo disco koktejly p\u0159i oslav\u00e1ch nov\u00e9ho roku v Klubu \u2013 p\u0159ipravte se na nev\u0161edn\u00ed, nejen gastronomick\u00fd z\u00e1\u017eitek.<\/strong><\/p>\n\n\n\n<div style=\"height:40px\" aria-hidden=\"true\" class=\"wp-block-spacer\"><\/div>\n\n\n<div class=\"wp-block-image\">\n<figure class=\"aligncenter size-large\"><img decoding=\"async\" loading=\"lazy\" width=\"1024\" height=\"628\" src=\"https:\/\/hotelhouse.cz\/wp-content\/uploads\/2024\/10\/Alma-Prague-Silvestr-1_small_TTL-1024x628.jpg\" alt=\"Alma Prague l\u00e1k\u00e1 na silvestrovsk\u00fd ve\u010d\u00edrek i vo\u0148av\u00fd advent\" class=\"wp-image-6610\" srcset=\"https:\/\/hotelhouse.cz\/wp-content\/uploads\/2024\/10\/Alma-Prague-Silvestr-1_small_TTL-1024x628.jpg 1024w, https:\/\/hotelhouse.cz\/wp-content\/uploads\/2024\/10\/Alma-Prague-Silvestr-1_small_TTL-300x184.jpg 300w, https:\/\/hotelhouse.cz\/wp-content\/uploads\/2024\/10\/Alma-Prague-Silvestr-1_small_TTL-768x471.jpg 768w, https:\/\/hotelhouse.cz\/wp-content\/uploads\/2024\/10\/Alma-Prague-Silvestr-1_small_TTL-1536x941.jpg 1536w, https:\/\/hotelhouse.cz\/wp-content\/uploads\/2024\/10\/Alma-Prague-Silvestr-1_small_TTL.jpg 1857w\" sizes=\"(max-width: 1024px) 100vw, 1024px\" \/><\/figure><\/div>\n\n\n<div style=\"height:40px\" aria-hidden=\"true\" class=\"wp-block-spacer\"><\/div>\n\n\n\n<p>Od za\u010d\u00e1tku adventu a\u017e po silvestrovskou party. Konec roku v\u0161emi smysly. \u0158azeno chronologicky.<\/p>\n\n\n\n<div style=\"height:40px\" aria-hidden=\"true\" class=\"wp-block-spacer\"><\/div>\n\n\n\n<figure class=\"wp-block-gallery has-nested-images columns-default is-cropped wp-block-gallery-1 is-layout-flex wp-block-gallery-is-layout-flex\">\n<figure class=\"wp-block-image size-large\"><img decoding=\"async\" data-id=\"9867\" src=\"https:\/\/prazskeprikopy.cz\/wp-content\/uploads\/2024\/10\/Alma-Prague-Silvestr-6_small-683x1024.jpg\" alt=\"Alma Prague l\u00e1k\u00e1 na silvestrovsk\u00fd ve\u010d\u00edrek i vo\u0148av\u00fd advent\" class=\"wp-image-9867\"\/><\/figure>\n\n\n\n<figure class=\"wp-block-image size-large\"><img decoding=\"async\" data-id=\"9866\" src=\"https:\/\/prazskeprikopy.cz\/wp-content\/uploads\/2024\/10\/Alma-Cafe-Vajecny-liker_small-683x1024.jpg\" alt=\"Alma Prague l\u00e1k\u00e1 na silvestrovsk\u00fd ve\u010d\u00edrek i vo\u0148av\u00fd advent\" class=\"wp-image-9866\"\/><\/figure>\n<\/figure>\n\n\n\n<div style=\"height:40px\" aria-hidden=\"true\" class=\"wp-block-spacer\"><\/div>\n\n\n\n<h2 class=\"wp-block-heading\"><strong>\u00datuln\u00e1 adventn\u00ed atmosf\u00e9ra v Alma Caf\u00e9<\/strong><\/h2>\n\n\n\n<div style=\"height:29px\" aria-hidden=\"true\" class=\"wp-block-spacer\"><\/div>\n\n\n\n<p>V\u00e1no\u010dn\u00ed atmosf\u00e9ru tvo\u0159\u00ed podle n\u011bkter\u00fdch sv\u011btlo sv\u00ed\u010dky, pro jin\u00e9 je to v\u016fn\u011b sko\u0159ice, ale v Alm\u011b v\u011bd\u00ed, \u017ee to spr\u00e1vn\u00e9 v\u00e1no\u010dn\u00ed kouzlo se skr\u00fdv\u00e1 v chuti vaje\u010dn\u00e9ho lik\u00e9ru. A\u0165 u\u017e chcete skleni\u010dku, nebo celou l\u00e1hev, v Alma Caf\u00e9 v\u00e1m vyjdou vst\u0159\u00edc.<\/p>\n\n\n\n<p><em>Alma Vaje\u010dn\u00fd lik\u00e9r, se\u017eenete v Alma Caf\u00e9, V Jirch\u00e1\u0159\u00edch 8, Praha 1, 0,5 l za 225,\u2013 K\u010d a 1l za 425,\u2013 K\u010d.<\/em><\/p>\n\n\n\n<p>Krom\u011b v\u00e1no\u010dn\u00edho pit\u00ed chystaj\u00ed v Alma Caf\u00e9 tak\u00e9 v\u00e1no\u010dn\u00ed dobroty, kter\u00fdmi si m\u016f\u017eete zp\u0159\u00edjemnit t\u0159eba pracovn\u00ed sch\u016fzku. T\u011b\u0161it se m\u016f\u017eete na v\u00e1no\u010dku s m\u00e1slem a jamem, tvarohovou \u0161tolu s dom\u00e1c\u00edm marcip\u00e1nov\u00fdm srdcem nebo mix \u0161esti druh\u016f cukrov\u00ed. To v\u0161echno budete moct ochutnat cel\u00fd prosinec a tak\u00e9 na <strong>adventn\u00edm Alma Marketu<\/strong>, kter\u00fd prob\u011bhne druh\u00fd adventn\u00ed v\u00edkend, v sobotu a ned\u011bli 7. a 8. prosince. Po\u0159\u00edd\u00edte tu keramiku, \u0161perky a dobroty od v\u00fdrobc\u016f a design\u00e9r\u016f, za kter\u00e9 v&nbsp;Alm\u011b ru\u010d\u00ed.<\/p>\n\n\n\n<div style=\"height:40px\" aria-hidden=\"true\" class=\"wp-block-spacer\"><\/div>\n\n\n<div class=\"wp-block-image\">\n<figure class=\"aligncenter size-large\"><img decoding=\"async\" src=\"https:\/\/prazskeprikopy.cz\/wp-content\/uploads\/2024\/10\/Alma-Prague-Silvestr-1_small-819x1024.jpg\" alt=\"Alma Prague l\u00e1k\u00e1 na silvestrovsk\u00fd ve\u010d\u00edrek i vo\u0148av\u00fd advent\" class=\"wp-image-9868\"\/><\/figure><\/div>\n\n\n<div style=\"height:40px\" aria-hidden=\"true\" class=\"wp-block-spacer\"><\/div>\n\n\n\n<h2 class=\"wp-block-heading\"><strong>Slavnostn\u00ed silvestrovsk\u00e1 par\u00e1da podle Almy<\/strong><\/h2>\n\n\n\n<div style=\"height:29px\" aria-hidden=\"true\" class=\"wp-block-spacer\"><\/div>\n\n\n\n<p>Oslavte konec roku v Alm\u011b s degusta\u010dn\u00edm menu od \u0161\u00e9fkucha\u0159\u016f Petra \u017didka a Michala Da\u0148ka. \u0160est chod\u016f v\u010detn\u011b dezertu a welcome drinku, masov\u00e1 i bezmas\u00e1 varianta, mo\u017enost vinn\u00e9ho p\u00e1rov\u00e1n\u00ed, kter\u00e9 zahrnuje i p\u016flno\u010dn\u00ed p\u0159\u00edpitek. \u00dast\u0159ice, tatar\u00e1k, sumec, k\u0159epelka, jelen. Nebo jable\u010dn\u00fd kompot s&nbsp;kv\u011btem libe\u010dku, k\u0159upav\u00fd ko\u0161\u00ed\u010dek se s\u00fdrovou ganache, nakl\u00e1dan\u00e9 raj\u010de s holandskou om\u00e1\u010dkou, celerov\u00fd mille feuille a grilovan\u00fd kor\u00e1lovec. Trouf\u00e1te si?<\/p>\n\n\n\n<p>Cena pro jednu osobu je 3&nbsp;995&nbsp;K\u010d v\u010detn\u011b welcome drinku a vody. Vinn\u00e9 p\u00e1rov\u00e1n\u00ed, kter\u00e9 obsahuje i p\u016flno\u010dn\u00ed p\u0159\u00edpitek, lze k&nbsp;menu p\u0159idat za 1&nbsp;995&nbsp;K\u010d. Rezervujte p\u0159edem na <a href=\"https:\/\/www.almaprague.cz\/silvestr-2024-v-alme\"><u>https:\/\/www.almaprague.cz\/silvestr-2024-v-alme<\/u><\/a><\/p>\n\n\n\n<div style=\"height:40px\" aria-hidden=\"true\" class=\"wp-block-spacer\"><\/div>\n\n\n\n<h2 class=\"wp-block-heading\"><strong>P\u016flno\u010dn\u00ed party v KLUBu<\/strong><\/h2>\n\n\n\n<div style=\"height:29px\" aria-hidden=\"true\" class=\"wp-block-spacer\"><\/div>\n\n\n\n<p>Z restaurace se m\u016f\u017eete p\u0159esunout o patro n\u00ed\u017e do prostor KLUB by Alma, kde neony, DJs a speci\u00e1ln\u00ed koktejly zajist\u00ed skv\u011blou silvestrovskou party! Otev\u0159eno bude do 3. hodiny rann\u00ed, vstup je zdarma.<\/p>\n\n\n\n<p>U\u017eijte si advent i Silvestr v centru velkom\u011bsta se v\u0161emi jejich chut\u011bmi, t\u00f3ny i odst\u00edny. Alma je to m\u00edsto, co z\u016fst\u00e1v\u00e1 v pam\u011bti, a je na \u010dase se o tom p\u0159esv\u011bd\u010dit.<\/p>\n\n\n\n<div style=\"height:40px\" aria-hidden=\"true\" class=\"wp-block-spacer\"><\/div>\n\n\n<div class=\"wp-block-image\">\n<figure class=\"aligncenter size-large\"><img decoding=\"async\" src=\"https:\/\/prazskeprikopy.cz\/wp-content\/uploads\/2024\/10\/358636077_199834003053491_888862365479756816_n-1024x683.jpg\" alt=\"Alma Prague l\u00e1k\u00e1 na silvestrovsk\u00fd ve\u010d\u00edrek i vo\u0148av\u00fd advent\" class=\"wp-image-9875\"\/><\/figure><\/div>\n\n\n<figure class=\"wp-block-gallery has-nested-images columns-6 is-cropped wp-block-gallery-3 is-layout-flex wp-block-gallery-is-layout-flex\">\n<figure class=\"wp-block-image size-large\"><img decoding=\"async\" data-id=\"9879\" src=\"https:\/\/prazskeprikopy.cz\/wp-content\/uploads\/2024\/10\/463247220_485199571183598_2802168029383953878_n-820x1024.jpg\" alt=\"\" class=\"wp-image-9879\"\/><\/figure>\n\n\n\n<figure class=\"wp-block-image size-large\"><img decoding=\"async\" data-id=\"9878\" src=\"https:\/\/prazskeprikopy.cz\/wp-content\/uploads\/2024\/10\/461267697_470718772631678_9163184241590511145_n-833x1024.jpg\" alt=\"\" class=\"wp-image-9878\"\/><\/figure>\n\n\n\n<figure class=\"wp-block-image size-large\"><img decoding=\"async\" data-id=\"9880\" src=\"https:\/\/prazskeprikopy.cz\/wp-content\/uploads\/2024\/10\/464080037_491165747253647_6646789858518177506_n-683x1024.jpg\" alt=\"\" class=\"wp-image-9880\"\/><\/figure>\n\n\n\n<figure class=\"wp-block-image size-large\"><img decoding=\"async\" data-id=\"9877\" src=\"https:\/\/prazskeprikopy.cz\/wp-content\/uploads\/2024\/10\/461614915_475479355488953_197379229036596343_n-830x1024.jpg\" alt=\"\" class=\"wp-image-9877\"\/><\/figure>\n\n\n\n<figure class=\"wp-block-image size-large\"><img decoding=\"async\" data-id=\"9882\" src=\"https:\/\/prazskeprikopy.cz\/wp-content\/uploads\/2024\/10\/464242250_490565947313627_2571315169745825354_n-683x1024.jpg\" alt=\"\" class=\"wp-image-9882\"\/><\/figure>\n\n\n\n<figure class=\"wp-block-image size-large\"><img decoding=\"async\" data-id=\"9881\" src=\"https:\/\/prazskeprikopy.cz\/wp-content\/uploads\/2024\/10\/463979821_490565987313623_7073334848333983348_n-683x1024.jpg\" alt=\"\" class=\"wp-image-9881\"\/><\/figure>\n<\/figure>\n\n\n\n<div style=\"height:40px\" aria-hidden=\"true\" class=\"wp-block-spacer\"><\/div>\n\n\n\n<h3 class=\"wp-block-heading\">ALMA PRAGUE<\/h3>\n\n\n\n<h3 class=\"wp-block-heading\"><strong>V Jirch\u00e1\u0159\u00edch 8, Praha 1, 110 00<\/strong><\/h3>\n\n\n\n<div style=\"height:22px\" aria-hidden=\"true\" class=\"wp-block-spacer\"><\/div>\n\n\n\n<p><strong>Sv\u00e1te\u010dn\u00ed otev\u00edrac\u00ed doba:<\/strong><\/p>\n\n\n\n<p>24. 12. zav\u0159eno<\/p>\n\n\n\n<p>31. 12. ve\u010de\u0159e pouze silvestrovsk\u00e9 menu (rezervace p\u0159edem)<\/p>\n\n\n\n<p>1. 1. otev\u0159eno a\u017e na ve\u010de\u0159e<\/p>\n\n\n\n<div style=\"height:21px\" aria-hidden=\"true\" class=\"wp-block-spacer\"><\/div>\n\n\n\n<h4 class=\"wp-block-heading\">RESTAURACE<\/h4>\n\n\n\n<div style=\"height:23px\" aria-hidden=\"true\" class=\"wp-block-spacer\"><\/div>\n\n\n\n<p><strong>Pond\u011bl\u00ed \u2013 sobota<\/strong><\/p>\n\n\n\n<p>Ob\u011bdy 11:30 \u2013 15:00<br>Ve\u010de\u0159e 17:30 \u2013 23:00<br><strong>Ned\u011ble<\/strong><\/p>\n\n\n\n<p>Ve\u010de\u0159e 17:30 \u2013 23:00<\/p>\n\n\n\n<div style=\"height:22px\" aria-hidden=\"true\" class=\"wp-block-spacer\"><\/div>\n\n\n\n<h4 class=\"wp-block-heading\">KAV\u00c1RNA<\/h4>\n\n\n\n<div style=\"height:40px\" aria-hidden=\"true\" class=\"wp-block-spacer\"><\/div>\n\n\n\n<p><strong>Pond\u011bl\u00ed \u2013 ned\u011ble<\/strong><\/p>\n\n\n\n<p>9:00 \u2013 18:00<\/p>\n\n\n\n<div style=\"height:40px\" aria-hidden=\"true\" class=\"wp-block-spacer\"><\/div>\n\n\n\n<h2 class=\"wp-block-heading\">O Alma Prague<\/h2>\n\n\n\n<div style=\"height:20px\" aria-hidden=\"true\" class=\"wp-block-spacer\"><\/div>\n\n\n\n<p>Udr\u017eiteln\u00fd gastronomick\u00fd koncept, jeho\u017e sou\u010d\u00e1st\u00ed je restaurace, koktejlov\u00fd bar, kav\u00e1rna, vinot\u00e9ka, sklepn\u00ed \u201eklub\u201d i&nbsp;z\u00e1zem\u00ed pro fermentaci, sta\u0159en\u00ed masa a dal\u0161\u00ed pr\u00e1ci se surovinami, s\u00eddl\u00ed v Praze na adrese V Jirch\u00e1\u0159\u00edch 8. Alma vznikla jako nov\u00e1 kapitola p\u0159\u00edb\u011bhu Kro Kitchen a pokra\u010dov\u00e1n\u00ed spolupr\u00e1ce Petra N\u011bmce a Vojty V\u00e1clav\u00edka. C\u00edlem je vytvo\u0159it gastronomick\u00e9 a kulturn\u00ed centrum Vojt\u011b\u0161sk\u00e9 \u010dtvrti a m\u00edsto, kde se n\u00e1v\u0161t\u011bvn\u00edci budou c\u00edtit doma od rann\u00ed k\u00e1vy po ve\u010dern\u00ed drink.<\/p>\n\n\n\n<div style=\"height:20px\" aria-hidden=\"true\" class=\"wp-block-spacer\"><\/div>\n\n\n\n<h4 class=\"wp-block-heading\"><a href=\"http:\/\/www.almaprague.cz\/\"><u>www.AlmaPrague.cz<\/u><\/a><br><a href=\"https:\/\/www.instagram.com\/alma__prague\/\"><u>www.instagram.com\/alma__prague<\/u><\/a><\/h4>\n\n\n\n<div style=\"height:100px\" aria-hidden=\"true\" class=\"wp-block-spacer\"><\/div>\n\n\n\n<figure class=\"wp-block-gallery has-nested-images columns-default is-cropped wp-block-gallery-5 is-layout-flex wp-block-gallery-is-layout-flex\">\n<figure class=\"wp-block-image size-large\"><img decoding=\"async\" data-id=\"9866\" src=\"https:\/\/prazskeprikopy.cz\/wp-content\/uploads\/2024\/10\/Alma-Cafe-Vajecny-liker_small-683x1024.jpg\" alt=\"Alma Prague l\u00e1k\u00e1 na silvestrovsk\u00fd ve\u010d\u00edrek i vo\u0148av\u00fd advent\" class=\"wp-image-9866\"\/><\/figure>\n\n\n\n<figure class=\"wp-block-image size-large\"><img decoding=\"async\" data-id=\"9868\" src=\"https:\/\/prazskeprikopy.cz\/wp-content\/uploads\/2024\/10\/Alma-Prague-Silvestr-1_small-819x1024.jpg\" alt=\"Alma Prague l\u00e1k\u00e1 na silvestrovsk\u00fd ve\u010d\u00edrek i vo\u0148av\u00fd advent\" class=\"wp-image-9868\"\/><\/figure>\n\n\n\n<figure class=\"wp-block-image size-large\"><img decoding=\"async\" data-id=\"9867\" src=\"https:\/\/prazskeprikopy.cz\/wp-content\/uploads\/2024\/10\/Alma-Prague-Silvestr-6_small-683x1024.jpg\" alt=\"Alma Prague l\u00e1k\u00e1 na silvestrovsk\u00fd ve\u010d\u00edrek i vo\u0148av\u00fd advent\" class=\"wp-image-9867\"\/><\/figure>\n\n\n\n<figure class=\"wp-block-image size-large\"><img decoding=\"async\" data-id=\"9869\" src=\"https:\/\/prazskeprikopy.cz\/wp-content\/uploads\/2024\/10\/Alma-Prague-Silvestr-1_small_TTL-1024x628.jpg\" alt=\"Alma Prague l\u00e1k\u00e1 na silvestrovsk\u00fd ve\u010d\u00edrek i vo\u0148av\u00fd advent\" class=\"wp-image-9869\"\/><\/figure>\n<\/figure>\n\n\n\n<div style=\"height:30px\" aria-hidden=\"true\" class=\"wp-block-spacer\"><\/div>\n\n\n\n<p><strong>Zdroj foto: <\/strong>Alma Prague<\/p>\n\n\n\n<div style=\"height:54px\" aria-hidden=\"true\" class=\"wp-block-spacer\"><\/div>\n","protected":false},"excerpt":{"rendered":"<p>Gastronomick\u00fd komplex Alma na nov\u00e9m m\u011bst\u011b v Praze chyst\u00e1 oslavy konce roku ve velk\u00e9m stylu. Sladk\u00fd advent v Alma Caf\u00e9, opulentn\u00ed silvestrovsk\u00e9 menu v masov\u00e9 i vege variant\u011b nebo disco koktejly p\u0159i oslav\u00e1ch nov\u00e9ho&#46;&#46;&#46;<\/p>\n","protected":false},"author":3,"featured_media":6610,"comment_status":"closed","ping_status":"closed","sticky":false,"template":"","format":"standard","meta":{"_monsterinsights_skip_tracking":false,"_monsterinsights_sitenote_active":false,"_monsterinsights_sitenote_note":"","_monsterinsights_sitenote_category":0,"footnotes":""},"categories":[9,26,22,2],"tags":[137,138,102,106],"yoast_head":"<!-- This site is optimized with the Yoast SEO plugin v21.5 - https:\/\/yoast.com\/wordpress\/plugins\/seo\/ -->\n<title>Alma Prague l\u00e1k\u00e1 na silvestrovsk\u00fd ve\u010d\u00edrek i vo\u0148av\u00fd advent - HOTELHOUSE.cz<\/title>\n<meta name=\"description\" content=\"Sladk\u00fd advent v Alma Caf\u00e9, opulentn\u00ed silvestrovsk\u00e9 menu v masov\u00e9 i vege variant\u011b nebo disco koktejly p\u0159i oslav\u00e1ch nov\u00e9ho roku v Klubu.\" \/>\n<meta name=\"robots\" content=\"index, follow, max-snippet:-1, max-image-preview:large, max-video-preview:-1\" \/>\n<link rel=\"canonical\" href=\"https:\/\/hotelhouse.cz\/index.php\/2024\/11\/08\/alma-prague-laka-na-silvestrovsky-vecirek-i-vonavy-advent\/\" \/>\n<meta property=\"og:locale\" content=\"cs_CZ\" \/>\n<meta property=\"og:type\" content=\"article\" \/>\n<meta property=\"og:title\" content=\"Alma Prague l\u00e1k\u00e1 na silvestrovsk\u00fd ve\u010d\u00edrek i vo\u0148av\u00fd advent - HOTELHOUSE.cz\" \/>\n<meta property=\"og:description\" content=\"Sladk\u00fd advent v Alma Caf\u00e9, opulentn\u00ed silvestrovsk\u00e9 menu v masov\u00e9 i vege variant\u011b nebo disco koktejly p\u0159i oslav\u00e1ch nov\u00e9ho roku v Klubu.\" \/>\n<meta property=\"og:url\" content=\"https:\/\/hotelhouse.cz\/index.php\/2024\/11\/08\/alma-prague-laka-na-silvestrovsky-vecirek-i-vonavy-advent\/\" \/>\n<meta property=\"og:site_name\" content=\"HOTELHOUSE.cz\" \/>\n<meta property=\"article:published_time\" content=\"2024-11-07T23:01:00+00:00\" \/>\n<meta property=\"article:modified_time\" content=\"2024-10-27T00:41:17+00:00\" \/>\n<meta property=\"og:image\" content=\"https:\/\/hotelhouse.cz\/wp-content\/uploads\/2024\/10\/Alma-Prague-Silvestr-1_small_TTL.jpg\" \/>\n\t<meta property=\"og:image:width\" content=\"1857\" \/>\n\t<meta property=\"og:image:height\" content=\"1138\" \/>\n\t<meta property=\"og:image:type\" content=\"image\/jpeg\" \/>\n<meta name=\"author\" content=\"Van\u011bk Miroslav\" \/>\n<meta name=\"twitter:card\" content=\"summary_large_image\" \/>\n<meta name=\"twitter:label1\" content=\"Napsal(a)\" \/>\n\t<meta name=\"twitter:data1\" content=\"Van\u011bk Miroslav\" \/>\n\t<meta name=\"twitter:label2\" content=\"Odhadovan\u00e1 doba \u010dten\u00ed\" \/>\n\t<meta name=\"twitter:data2\" content=\"6 minut\" \/>\n<script type=\"application\/ld+json\" class=\"yoast-schema-graph\">{\"@context\":\"https:\/\/schema.org\",\"@graph\":[{\"@type\":\"Article\",\"@id\":\"https:\/\/hotelhouse.cz\/index.php\/2024\/11\/08\/alma-prague-laka-na-silvestrovsky-vecirek-i-vonavy-advent\/#article\",\"isPartOf\":{\"@id\":\"https:\/\/hotelhouse.cz\/index.php\/2024\/11\/08\/alma-prague-laka-na-silvestrovsky-vecirek-i-vonavy-advent\/\"},\"author\":{\"name\":\"Van\u011bk Miroslav\",\"@id\":\"https:\/\/hotelhouse.cz\/#\/schema\/person\/fa8caee3f0a9c6134afed3c541204812\"},\"headline\":\"Alma Prague l\u00e1k\u00e1 na silvestrovsk\u00fd ve\u010d\u00edrek i vo\u0148av\u00fd advent\",\"datePublished\":\"2024-11-07T23:01:00+00:00\",\"dateModified\":\"2024-10-27T00:41:17+00:00\",\"mainEntityOfPage\":{\"@id\":\"https:\/\/hotelhouse.cz\/index.php\/2024\/11\/08\/alma-prague-laka-na-silvestrovsky-vecirek-i-vonavy-advent\/\"},\"wordCount\":666,\"publisher\":{\"@id\":\"https:\/\/hotelhouse.cz\/#organization\"},\"keywords\":[\"Alma Prague\",\"Gastronomick\u00fd komplex Alma\",\"Pra\u017esk\u00e1 Metropole\",\"V centru Prahy\"],\"articleSection\":[\"LOBY &amp; BARY &amp; ALKOHOL\",\"N\u00e1dhern\u00e1M\u00edsta.cz\",\"NaDovolenouDoPrahy.cz\",\"NEWS\"],\"inLanguage\":\"cs\"},{\"@type\":\"WebPage\",\"@id\":\"https:\/\/hotelhouse.cz\/index.php\/2024\/11\/08\/alma-prague-laka-na-silvestrovsky-vecirek-i-vonavy-advent\/\",\"url\":\"https:\/\/hotelhouse.cz\/index.php\/2024\/11\/08\/alma-prague-laka-na-silvestrovsky-vecirek-i-vonavy-advent\/\",\"name\":\"Alma Prague l\u00e1k\u00e1 na silvestrovsk\u00fd ve\u010d\u00edrek i vo\u0148av\u00fd advent - HOTELHOUSE.cz\",\"isPartOf\":{\"@id\":\"https:\/\/hotelhouse.cz\/#website\"},\"datePublished\":\"2024-11-07T23:01:00+00:00\",\"dateModified\":\"2024-10-27T00:41:17+00:00\",\"description\":\"Sladk\u00fd advent v Alma Caf\u00e9, opulentn\u00ed silvestrovsk\u00e9 menu v masov\u00e9 i vege variant\u011b nebo disco koktejly p\u0159i oslav\u00e1ch nov\u00e9ho roku v Klubu.\",\"breadcrumb\":{\"@id\":\"https:\/\/hotelhouse.cz\/index.php\/2024\/11\/08\/alma-prague-laka-na-silvestrovsky-vecirek-i-vonavy-advent\/#breadcrumb\"},\"inLanguage\":\"cs\",\"potentialAction\":[{\"@type\":\"ReadAction\",\"target\":[\"https:\/\/hotelhouse.cz\/index.php\/2024\/11\/08\/alma-prague-laka-na-silvestrovsky-vecirek-i-vonavy-advent\/\"]}]},{\"@type\":\"BreadcrumbList\",\"@id\":\"https:\/\/hotelhouse.cz\/index.php\/2024\/11\/08\/alma-prague-laka-na-silvestrovsky-vecirek-i-vonavy-advent\/#breadcrumb\",\"itemListElement\":[{\"@type\":\"ListItem\",\"position\":1,\"name\":\"Dom\u016f\",\"item\":\"https:\/\/hotelhouse.cz\/\"},{\"@type\":\"ListItem\",\"position\":2,\"name\":\"Alma Prague l\u00e1k\u00e1 na silvestrovsk\u00fd ve\u010d\u00edrek i vo\u0148av\u00fd advent\"}]},{\"@type\":\"WebSite\",\"@id\":\"https:\/\/hotelhouse.cz\/#website\",\"url\":\"https:\/\/hotelhouse.cz\/\",\"name\":\"HOTELHOUSE.cz\",\"description\":\"Port\u00e1l o hotelech, pensionech, spa resortech a restaurac\u00edch...\",\"publisher\":{\"@id\":\"https:\/\/hotelhouse.cz\/#organization\"},\"potentialAction\":[{\"@type\":\"SearchAction\",\"target\":{\"@type\":\"EntryPoint\",\"urlTemplate\":\"https:\/\/hotelhouse.cz\/?s={search_term_string}\"},\"query-input\":\"required name=search_term_string\"}],\"inLanguage\":\"cs\"},{\"@type\":\"Organization\",\"@id\":\"https:\/\/hotelhouse.cz\/#organization\",\"name\":\"HOTELHOUSE.cz\",\"url\":\"https:\/\/hotelhouse.cz\/\",\"logo\":{\"@type\":\"ImageObject\",\"inLanguage\":\"cs\",\"@id\":\"https:\/\/hotelhouse.cz\/#\/schema\/logo\/image\/\",\"url\":\"https:\/\/hotelhouse.cz\/wp-content\/uploads\/2024\/12\/cropped-Logo_HotelHouse-2.jpg\",\"contentUrl\":\"https:\/\/hotelhouse.cz\/wp-content\/uploads\/2024\/12\/cropped-Logo_HotelHouse-2.jpg\",\"width\":933,\"height\":516,\"caption\":\"HOTELHOUSE.cz\"},\"image\":{\"@id\":\"https:\/\/hotelhouse.cz\/#\/schema\/logo\/image\/\"},\"sameAs\":[\"https:\/\/www.instagram.com\/hotelhousecz\/\"]},{\"@type\":\"Person\",\"@id\":\"https:\/\/hotelhouse.cz\/#\/schema\/person\/fa8caee3f0a9c6134afed3c541204812\",\"name\":\"Van\u011bk Miroslav\",\"image\":{\"@type\":\"ImageObject\",\"inLanguage\":\"cs\",\"@id\":\"https:\/\/hotelhouse.cz\/#\/schema\/person\/image\/\",\"url\":\"https:\/\/secure.gravatar.com\/avatar\/cc93dbecbfc820d69a964ea4a1c72377?s=96&d=mm&r=g\",\"contentUrl\":\"https:\/\/secure.gravatar.com\/avatar\/cc93dbecbfc820d69a964ea4a1c72377?s=96&d=mm&r=g\",\"caption\":\"Van\u011bk Miroslav\"},\"sameAs\":[\"http:\/\/www.hotelhouse.cz\"],\"url\":\"https:\/\/hotelhouse.cz\/index.php\/author\/mirvan\/\"}]}<\/script>\n<!-- \/ Yoast SEO plugin. -->","yoast_head_json":{"title":"Alma Prague l\u00e1k\u00e1 na silvestrovsk\u00fd ve\u010d\u00edrek i vo\u0148av\u00fd advent - HOTELHOUSE.cz","description":"Sladk\u00fd advent v Alma Caf\u00e9, opulentn\u00ed silvestrovsk\u00e9 menu v masov\u00e9 i vege variant\u011b nebo disco koktejly p\u0159i oslav\u00e1ch nov\u00e9ho roku v Klubu.","robots":{"index":"index","follow":"follow","max-snippet":"max-snippet:-1","max-image-preview":"max-image-preview:large","max-video-preview":"max-video-preview:-1"},"canonical":"https:\/\/hotelhouse.cz\/index.php\/2024\/11\/08\/alma-prague-laka-na-silvestrovsky-vecirek-i-vonavy-advent\/","og_locale":"cs_CZ","og_type":"article","og_title":"Alma Prague l\u00e1k\u00e1 na silvestrovsk\u00fd ve\u010d\u00edrek i vo\u0148av\u00fd advent - HOTELHOUSE.cz","og_description":"Sladk\u00fd advent v Alma Caf\u00e9, opulentn\u00ed silvestrovsk\u00e9 menu v masov\u00e9 i vege variant\u011b nebo disco koktejly p\u0159i oslav\u00e1ch nov\u00e9ho roku v Klubu.","og_url":"https:\/\/hotelhouse.cz\/index.php\/2024\/11\/08\/alma-prague-laka-na-silvestrovsky-vecirek-i-vonavy-advent\/","og_site_name":"HOTELHOUSE.cz","article_published_time":"2024-11-07T23:01:00+00:00","article_modified_time":"2024-10-27T00:41:17+00:00","og_image":[{"width":1857,"height":1138,"url":"https:\/\/hotelhouse.cz\/wp-content\/uploads\/2024\/10\/Alma-Prague-Silvestr-1_small_TTL.jpg","type":"image\/jpeg"}],"author":"Van\u011bk Miroslav","twitter_card":"summary_large_image","twitter_misc":{"Napsal(a)":"Van\u011bk Miroslav","Odhadovan\u00e1 doba \u010dten\u00ed":"6 minut"},"schema":{"@context":"https:\/\/schema.org","@graph":[{"@type":"Article","@id":"https:\/\/hotelhouse.cz\/index.php\/2024\/11\/08\/alma-prague-laka-na-silvestrovsky-vecirek-i-vonavy-advent\/#article","isPartOf":{"@id":"https:\/\/hotelhouse.cz\/index.php\/2024\/11\/08\/alma-prague-laka-na-silvestrovsky-vecirek-i-vonavy-advent\/"},"author":{"name":"Van\u011bk Miroslav","@id":"https:\/\/hotelhouse.cz\/#\/schema\/person\/fa8caee3f0a9c6134afed3c541204812"},"headline":"Alma Prague l\u00e1k\u00e1 na silvestrovsk\u00fd ve\u010d\u00edrek i vo\u0148av\u00fd advent","datePublished":"2024-11-07T23:01:00+00:00","dateModified":"2024-10-27T00:41:17+00:00","mainEntityOfPage":{"@id":"https:\/\/hotelhouse.cz\/index.php\/2024\/11\/08\/alma-prague-laka-na-silvestrovsky-vecirek-i-vonavy-advent\/"},"wordCount":666,"publisher":{"@id":"https:\/\/hotelhouse.cz\/#organization"},"keywords":["Alma Prague","Gastronomick\u00fd komplex Alma","Pra\u017esk\u00e1 Metropole","V centru Prahy"],"articleSection":["LOBY &amp; BARY &amp; ALKOHOL","N\u00e1dhern\u00e1M\u00edsta.cz","NaDovolenouDoPrahy.cz","NEWS"],"inLanguage":"cs"},{"@type":"WebPage","@id":"https:\/\/hotelhouse.cz\/index.php\/2024\/11\/08\/alma-prague-laka-na-silvestrovsky-vecirek-i-vonavy-advent\/","url":"https:\/\/hotelhouse.cz\/index.php\/2024\/11\/08\/alma-prague-laka-na-silvestrovsky-vecirek-i-vonavy-advent\/","name":"Alma Prague l\u00e1k\u00e1 na silvestrovsk\u00fd ve\u010d\u00edrek i vo\u0148av\u00fd advent - HOTELHOUSE.cz","isPartOf":{"@id":"https:\/\/hotelhouse.cz\/#website"},"datePublished":"2024-11-07T23:01:00+00:00","dateModified":"2024-10-27T00:41:17+00:00","description":"Sladk\u00fd advent v Alma Caf\u00e9, opulentn\u00ed silvestrovsk\u00e9 menu v masov\u00e9 i vege variant\u011b nebo disco koktejly p\u0159i oslav\u00e1ch nov\u00e9ho roku v Klubu.","breadcrumb":{"@id":"https:\/\/hotelhouse.cz\/index.php\/2024\/11\/08\/alma-prague-laka-na-silvestrovsky-vecirek-i-vonavy-advent\/#breadcrumb"},"inLanguage":"cs","potentialAction":[{"@type":"ReadAction","target":["https:\/\/hotelhouse.cz\/index.php\/2024\/11\/08\/alma-prague-laka-na-silvestrovsky-vecirek-i-vonavy-advent\/"]}]},{"@type":"BreadcrumbList","@id":"https:\/\/hotelhouse.cz\/index.php\/2024\/11\/08\/alma-prague-laka-na-silvestrovsky-vecirek-i-vonavy-advent\/#breadcrumb","itemListElement":[{"@type":"ListItem","position":1,"name":"Dom\u016f","item":"https:\/\/hotelhouse.cz\/"},{"@type":"ListItem","position":2,"name":"Alma Prague l\u00e1k\u00e1 na silvestrovsk\u00fd ve\u010d\u00edrek i vo\u0148av\u00fd advent"}]},{"@type":"WebSite","@id":"https:\/\/hotelhouse.cz\/#website","url":"https:\/\/hotelhouse.cz\/","name":"HOTELHOUSE.cz","description":"Port\u00e1l o hotelech, pensionech, spa resortech a restaurac\u00edch...","publisher":{"@id":"https:\/\/hotelhouse.cz\/#organization"},"potentialAction":[{"@type":"SearchAction","target":{"@type":"EntryPoint","urlTemplate":"https:\/\/hotelhouse.cz\/?s={search_term_string}"},"query-input":"required name=search_term_string"}],"inLanguage":"cs"},{"@type":"Organization","@id":"https:\/\/hotelhouse.cz\/#organization","name":"HOTELHOUSE.cz","url":"https:\/\/hotelhouse.cz\/","logo":{"@type":"ImageObject","inLanguage":"cs","@id":"https:\/\/hotelhouse.cz\/#\/schema\/logo\/image\/","url":"https:\/\/hotelhouse.cz\/wp-content\/uploads\/2024\/12\/cropped-Logo_HotelHouse-2.jpg","contentUrl":"https:\/\/hotelhouse.cz\/wp-content\/uploads\/2024\/12\/cropped-Logo_HotelHouse-2.jpg","width":933,"height":516,"caption":"HOTELHOUSE.cz"},"image":{"@id":"https:\/\/hotelhouse.cz\/#\/schema\/logo\/image\/"},"sameAs":["https:\/\/www.instagram.com\/hotelhousecz\/"]},{"@type":"Person","@id":"https:\/\/hotelhouse.cz\/#\/schema\/person\/fa8caee3f0a9c6134afed3c541204812","name":"Van\u011bk Miroslav","image":{"@type":"ImageObject","inLanguage":"cs","@id":"https:\/\/hotelhouse.cz\/#\/schema\/person\/image\/","url":"https:\/\/secure.gravatar.com\/avatar\/cc93dbecbfc820d69a964ea4a1c72377?s=96&d=mm&r=g","contentUrl":"https:\/\/secure.gravatar.com\/avatar\/cc93dbecbfc820d69a964ea4a1c72377?s=96&d=mm&r=g","caption":"Van\u011bk Miroslav"},"sameAs":["http:\/\/www.hotelhouse.cz"],"url":"https:\/\/hotelhouse.cz\/index.php\/author\/mirvan\/"}]}},"_links":{"self":[{"href":"https:\/\/hotelhouse.cz\/index.php\/wp-json\/wp\/v2\/posts\/6609"}],"collection":[{"href":"https:\/\/hotelhouse.cz\/index.php\/wp-json\/wp\/v2\/posts"}],"about":[{"href":"https:\/\/hotelhouse.cz\/index.php\/wp-json\/wp\/v2\/types\/post"}],"author":[{"embeddable":true,"href":"https:\/\/hotelhouse.cz\/index.php\/wp-json\/wp\/v2\/users\/3"}],"replies":[{"embeddable":true,"href":"https:\/\/hotelhouse.cz\/index.php\/wp-json\/wp\/v2\/comments?post=6609"}],"version-history":[{"count":1,"href":"https:\/\/hotelhouse.cz\/index.php\/wp-json\/wp\/v2\/posts\/6609\/revisions"}],"predecessor-version":[{"id":6611,"href":"https:\/\/hotelhouse.cz\/index.php\/wp-json\/wp\/v2\/posts\/6609\/revisions\/6611"}],"wp:featuredmedia":[{"embeddable":true,"href":"https:\/\/hotelhouse.cz\/index.php\/wp-json\/wp\/v2\/media\/6610"}],"wp:attachment":[{"href":"https:\/\/hotelhouse.cz\/index.php\/wp-json\/wp\/v2\/media?parent=6609"}],"wp:term":[{"taxonomy":"category","embeddable":true,"href":"https:\/\/hotelhouse.cz\/index.php\/wp-json\/wp\/v2\/categories?post=6609"},{"taxonomy":"post_tag","embeddable":true,"href":"https:\/\/hotelhouse.cz\/index.php\/wp-json\/wp\/v2\/tags?post=6609"}],"curies":[{"name":"wp","href":"https:\/\/api.w.org\/{rel}","templated":true}]}}