{"id":6660,"date":"2024-11-20T00:01:00","date_gmt":"2024-11-19T23:01:00","guid":{"rendered":"https:\/\/hotelhouse.cz\/?p=6660"},"modified":"2024-11-14T19:57:41","modified_gmt":"2024-11-14T18:57:41","slug":"madarsko-laka-na-podzim-a-v-zime-na-termalni-prameny-ci-vanocni-trhy","status":"publish","type":"post","link":"https:\/\/hotelhouse.cz\/index.php\/2024\/11\/20\/madarsko-laka-na-podzim-a-v-zime-na-termalni-prameny-ci-vanocni-trhy\/","title":{"rendered":"Ma\u010farsko l\u00e1k\u00e1 na podzim a v zim\u011b na term\u00e1ln\u00ed prameny \u010di v\u00e1no\u010dn\u00ed trhy"},"content":{"rendered":"\n<div style=\"height:45px\" aria-hidden=\"true\" class=\"wp-block-spacer\"><\/div>\n\n\n\n<p><strong>Ma\u010farsko je zn\u00e1m\u00e9 sv\u00fdmi term\u00e1ln\u00edmi l\u00e1zn\u011bmi, kter\u00e9 jsou ide\u00e1ln\u00ed pro relaxaci v&nbsp;podzimn\u00edm a zimn\u00edm po\u010das\u00ed. L\u00e1zn\u011b jako Szech\u00e9nyi v Budape\u0161ti nebo H\u00e9v\u00edz u Balatonu, ale i mnoho dal\u0161\u00edch, nab\u00edzej\u00ed tepl\u00e9 miner\u00e1ln\u00ed vody, kter\u00e9 v\u00e1s zah\u0159ej\u00ed a uvoln\u00ed.<\/strong> <strong>Budape\u0161\u0165 je pln\u00e1 historick\u00fdch pam\u00e1tek, muze\u00ed a galeri\u00ed. M\u016f\u017eete nav\u0161t\u00edvit Bud\u00ednsk\u00fd hrad, Parlament nebo se proj\u00edt po Andr\u00e1ssyho t\u0159\u00edd\u011b s&nbsp;k\u00e1vou, pun\u010dem \u010di sva\u0159\u00e1kem v ruce. V prosinci jsou tak\u00e9 velmi popul\u00e1rn\u00ed v\u00e1no\u010dn\u00ed trhy, kter\u00e9 nab\u00edzej\u00ed jedine\u010dnou atmosf\u00e9ru. Pokud se tam chyst\u00e1te na v\u00fdlet autem, m\u011bli byste v\u011bd\u011bt n\u00e1sleduj\u00edc\u00ed v\u011bci.<\/strong><\/p>\n\n\n\n<div style=\"height:45px\" aria-hidden=\"true\" class=\"wp-block-spacer\"><\/div>\n\n\n<div class=\"wp-block-image\">\n<figure class=\"aligncenter size-full\"><img decoding=\"async\" loading=\"lazy\" width=\"720\" height=\"526\" src=\"https:\/\/hotelhouse.cz\/wp-content\/uploads\/2024\/11\/Budapest_kalkulator-2.jpg\" alt=\"Ma\u010farsko l\u00e1k\u00e1 na podzim a v zim\u011b na term\u00e1ln\u00ed prameny \u010di v\u00e1no\u010dn\u00ed trhy\" class=\"wp-image-6662\" srcset=\"https:\/\/hotelhouse.cz\/wp-content\/uploads\/2024\/11\/Budapest_kalkulator-2.jpg 720w, https:\/\/hotelhouse.cz\/wp-content\/uploads\/2024\/11\/Budapest_kalkulator-2-300x219.jpg 300w\" sizes=\"(max-width: 720px) 100vw, 720px\" \/><\/figure><\/div>\n\n\n<div style=\"height:45px\" aria-hidden=\"true\" class=\"wp-block-spacer\"><\/div>\n\n\n\n<p>Ma\u010farsko m\u00e1 pravidla nastaven\u00e1 podobn\u011b jako \u010cesk\u00e1 republika, ale najdeme p\u00e1r odli\u0161nost\u00ed. Plat\u00ed&nbsp;nulov\u00e1 tolerance alkoholu&nbsp;p\u0159i \u0159\u00edzen\u00ed. Maxim\u00e1ln\u00ed povolen\u00e1 rychlost pro osobn\u00ed automobily&nbsp;na d\u00e1lnici je 130 km\/h, na rychlostn\u00ed komunikaci 110 km\/h, mimo obec 90 km\/h a v obci 50 km\/h.<\/p>\n\n\n\n<p>\u201eTak jako v \u010cesku, i v Ma\u010farsku jsou bezpe\u010dnostn\u00ed p\u00e1sy povinn\u00e9 pro celou pos\u00e1dku vozu. Zat\u00edmco v \u010cR je denn\u00ed sv\u00edcen\u00ed povinn\u00e9 celoro\u010dn\u011b a v\u0161ude, v Ma\u010farsku je&nbsp;povinnost denn\u00edho sv\u00edcen\u00ed uz\u00e1kon\u011bna pouze mimo obce. V&nbsp;obci nesm\u00edte sv\u00edtit d\u00e1lkov\u00fdmi, stejn\u011b jako u n\u00e1s.&nbsp;Autokamery jsou ur\u010deny k osobn\u00edmu u\u017e\u00edv\u00e1n\u00ed&nbsp;a po 5 dnech mus\u00ed b\u00fdt z\u00e1znam smaz\u00e1n, na rozd\u00edl od \u010cR se tedy nepou\u017e\u00edv\u00e1 jako d\u016fkazn\u00ed materi\u00e1l v p\u0159\u00edpad\u011b nehod,\u201c \u0159\u00edk\u00e1 Martin Thienel ze spole\u010dnosti Kalkul\u00e1tor.cz.<\/p>\n\n\n\n<p>Reflexn\u00ed vesta&nbsp;je povinn\u00e1&nbsp;pro ka\u017ed\u00e9ho pasa\u017e\u00e9ra ve vozidle.&nbsp;Vesty mus\u00ed b\u00fdt um\u00edst\u011bn\u00e9 v&nbsp;kabin\u011b&nbsp;vozidla, nikoliv v&nbsp;kufru.&nbsp;Reflexn\u00ed vestu maj\u00ed povinnost nosit tak\u00e9 chodci mimo obec za sn\u00ed\u017een\u00e9 viditelnosti. Zimn\u00ed pneumatiky jsou povinn\u00e9 v zimn\u00edch m\u011bs\u00edc\u00edch pouze na silnic\u00edch, kter\u00e9 jsou ozna\u010deny p\u0159\u00edslu\u0161n\u00fdm dopravn\u00edm zna\u010den\u00edm. Pou\u017e\u00edv\u00e1n\u00ed radarov\u00fdch detektor\u016f je v Ma\u010farsku povoleno, za\u0159\u00edzen\u00ed by v\u0161ak m\u011blo odpov\u00eddat sm\u011brnici Radio Equipment Directive (2014\/53\/EU).<\/p>\n\n\n\n<div style=\"height:45px\" aria-hidden=\"true\" class=\"wp-block-spacer\"><\/div>\n\n\n<div class=\"wp-block-image\">\n<figure class=\"aligncenter size-full\"><img decoding=\"async\" loading=\"lazy\" width=\"720\" height=\"502\" src=\"https:\/\/hotelhouse.cz\/wp-content\/uploads\/2024\/11\/Szechnyi_Budapest-2.jpg\" alt=\"Ma\u010farsko l\u00e1k\u00e1 na podzim a v zim\u011b na term\u00e1ln\u00ed prameny \u010di v\u00e1no\u010dn\u00ed trhy\" class=\"wp-image-6663\" srcset=\"https:\/\/hotelhouse.cz\/wp-content\/uploads\/2024\/11\/Szechnyi_Budapest-2.jpg 720w, https:\/\/hotelhouse.cz\/wp-content\/uploads\/2024\/11\/Szechnyi_Budapest-2-300x209.jpg 300w\" sizes=\"(max-width: 720px) 100vw, 720px\" \/><\/figure><\/div>\n\n\n<div style=\"height:45px\" aria-hidden=\"true\" class=\"wp-block-spacer\"><\/div>\n\n\n\n<p>Jak\u00e9 jsou pokuty? Za p\u0159ekro\u010den\u00ed rychlosti pokuta&nbsp;od 30 000 HUF do 300 000 HUF, za mobiln\u00ed telefon za volantem&nbsp;od 15 do 30 000 HUF. Nepou\u017eit\u00ed bezpe\u010dnostn\u00edch p\u00e1s\u016f v\u00e1s m\u016f\u017ee st\u00e1t&nbsp;30 000 HUF, alkohol za volantem&nbsp;od 15 000 do 300 000 HUF a j\u00edzda na \u010dervenou&nbsp;a\u017e 100 000 HUF. Jedna \u010desk\u00e1 koruna se rovn\u00e1 p\u0159ibli\u017en\u011b 16 ma\u010farsk\u00fdm forint\u016fm.<\/p>\n\n\n\n<p>Jste-li majitelem vozu do 3,5 tuny, vztahuje se na v\u00e1s povinnost d\u00e1lni\u010dn\u00ed zn\u00e1mky. N\u00e1kladn\u00ed vozy a autobusy vyu\u017e\u00edvaj\u00ed syst\u00e9m m\u00fdtn\u00fdch bran a plat\u00ed \u00fam\u011brn\u011b dle po\u010dtu ujet\u00fdch kilometr\u016f. Ma\u010farsko m\u00e1 relativn\u011b hustou d\u00e1lni\u010dn\u00ed s\u00ed\u0165, z n\u00ed\u017e je zpoplatn\u011bn\u00fdch 1400 km, tedy o 300 km v\u00edce ne\u017e v \u010cR. Cena ma\u010farsk\u00e9 zn\u00e1mky je oproti \u010cR relativn\u011b vysok\u00e1, pou\u017eijeme-li p\u0159epo\u010det na 1 km. Z na\u0161ich soused\u016f plat\u00ed vy\u0161\u0161\u00ed cenu za kilometr jen Slov\u00e1ci.<\/p>\n\n\n\n<p>\u201eTak jako v dal\u0161\u00edch st\u00e1tech EU, i v Ma\u010farsku byla&nbsp;letos zavedena povinnost nab\u00edzet jednodenn\u00ed zn\u00e1mku. Ta vyjde osobn\u00ed auto na 325 K\u010d. Pokud jedete stejnou cestou i zp\u011bt, m\u00e1 smysl koupit desetidenn\u00ed zn\u00e1mku, za kterou letos zaplat\u00edte 404 K\u010d. Chyst\u00e1te-li se na dovolenou del\u0161\u00ed ne\u017e deset dn\u00ed, s\u00e1hn\u011bte po m\u011bs\u00ed\u010dn\u00ed zn\u00e1mce za 654 K\u010d, kter\u00e1 se vyplat\u00ed v\u00edce ne\u017e kombinace desetidenn\u00ed a jednodenn\u00ed zn\u00e1mky,\u201c \u0159\u00edk\u00e1 Martin Thienel ze spole\u010dnosti Kalkul\u00e1tor.cz.<\/p>\n\n\n\n<p>Elektronickou zn\u00e1mku m\u016f\u017eete&nbsp;zakoupit online&nbsp;na ofici\u00e1ln\u00edm webu&nbsp;<a href=\"https:\/\/ematrica.nemzetiutdij.hu\/en\/vignette-purchase\/vehicle-data-vignette-selection\" target=\"_blank\" rel=\"noreferrer noopener\"><strong>nemzetiutdij.hu<\/strong><\/a>, p\u0159\u00edpadn\u011b v kamenn\u00fdch prodejn\u00e1ch&nbsp;na hrani\u010dn\u00edch p\u0159echodech nebo \u010derpac\u00edch stanic\u00edch. Hledejte m\u00edsta, kter\u00e1 nesou ozna\u010den\u00ed \u201ce-VIGNETTE\u201d \u010di \u201cMATRICA\u201d. Ma\u010farskou zn\u00e1mku u\u017e&nbsp;nemus\u00edte lepit na \u010deln\u00ed sklo&nbsp;ani ji tisknout. P\u0159i n\u00e1kupu sp\u00e1rujete platbu s SPZ va\u0161eho vozidla, a na d\u00e1lnici tak kamery sn\u00edmaj\u00ed a kontroluj\u00ed va\u0161i pozn\u00e1vac\u00ed zna\u010dku nam\u00edsto n\u00e1lepky na okn\u011b.<\/p>\n\n\n\n<div style=\"height:45px\" aria-hidden=\"true\" class=\"wp-block-spacer\"><\/div>\n\n\n<div class=\"wp-block-image\">\n<figure class=\"aligncenter size-full\"><img decoding=\"async\" loading=\"lazy\" width=\"720\" height=\"579\" src=\"https:\/\/hotelhouse.cz\/wp-content\/uploads\/2024\/11\/Martin-Thienel-s.jpg\" alt=\"Ma\u010farsko l\u00e1k\u00e1 na podzim a v zim\u011b na term\u00e1ln\u00ed prameny \u010di v\u00e1no\u010dn\u00ed trhy\" class=\"wp-image-6661\" srcset=\"https:\/\/hotelhouse.cz\/wp-content\/uploads\/2024\/11\/Martin-Thienel-s.jpg 720w, https:\/\/hotelhouse.cz\/wp-content\/uploads\/2024\/11\/Martin-Thienel-s-300x241.jpg 300w\" sizes=\"(max-width: 720px) 100vw, 720px\" \/><\/figure><\/div>\n\n\n<div style=\"height:43px\" aria-hidden=\"true\" class=\"wp-block-spacer\"><\/div>\n\n\n\n<h2 class=\"wp-block-heading\">Cestovn\u00ed poji\u0161t\u011bn\u00ed<\/h2>\n\n\n\n<div style=\"height:21px\" aria-hidden=\"true\" class=\"wp-block-spacer\"><\/div>\n\n\n\n<p>\u201eAbyste si sv\u016fj v\u00fdlet \u010di dovolenou u\u017eili skute\u010dn\u011b naplno a bez starost\u00ed, nezapome\u0148te ur\u010dit\u011b na cestovn\u00ed poji\u0161t\u011bn\u00ed. S evropskou karti\u010dkou poji\u0161t\u011bnce sice m\u00e1te v \u010dlensk\u00fdch zem\u00ed EU n\u00e1rok na stejnou p\u00e9\u010di, jakou maj\u00ed m\u00edstn\u00ed obyvatel\u00e9, ne v\u017edy je to ale v\u00fdhodn\u00e9 \u010di pohodln\u00e9. N\u011bkdy bude nejbl\u00ed\u017ee soukrom\u00fd l\u00e9ka\u0159 \u010di ambulance, kde si budete muset sice vy\u0161et\u0159en\u00ed zaplatit, ale n\u00e1sledn\u011b v\u00e1m jej proplat\u00ed va\u0161e poji\u0161\u0165ovna,\u201c \u0159\u00edk\u00e1 Martin Thienel z <a href=\"http:\/\/xn--kalkultor-51a.cz\/\"><strong>Kalkul\u00e1tor.cz<\/strong><\/a>&nbsp;a dod\u00e1v\u00e1: \u201eKvalitn\u00ed cestovn\u00ed poji\u0161t\u011bn\u00ed zahrnuje i poji\u0161t\u011bn\u00ed odpov\u011bdnosti, ochranu osobn\u00edch v\u011bc\u00ed a dal\u0161\u00ed polo\u017eky, kter\u00e9 se na dovolen\u00e9 mohou hodit. Za p\u00e1r korun jste chr\u00e1n\u011bni p\u0159ed v\u00fddaji, kter\u00e9 v p\u0159\u00edpad\u011b \u00faraz\u016f nebo \u0161kod na ciz\u00edm zdrav\u00ed a majetku mnohdy \u0161plhaj\u00ed do statis\u00edcov\u00fdch \u010d\u00e1stek.\u201c<\/p>\n\n\n\n<div style=\"height:45px\" aria-hidden=\"true\" class=\"wp-block-spacer\"><\/div>\n\n\n\n<p><a href=\"http:\/\/www.aspen.pr\"><strong>www.aspen.pr<\/strong><\/a><\/p>\n\n\n\n<div style=\"height:45px\" aria-hidden=\"true\" class=\"wp-block-spacer\"><\/div>\n\n\n\n<figure class=\"wp-block-gallery has-nested-images columns-2 is-cropped wp-block-gallery-1 is-layout-flex wp-block-gallery-is-layout-flex\">\n<figure class=\"wp-block-image size-large\"><img decoding=\"async\" loading=\"lazy\" width=\"720\" height=\"502\" data-id=\"6663\" src=\"https:\/\/hotelhouse.cz\/wp-content\/uploads\/2024\/11\/Szechnyi_Budapest-2.jpg\" alt=\"Ma\u010farsko l\u00e1k\u00e1 na podzim a v zim\u011b na term\u00e1ln\u00ed prameny \u010di v\u00e1no\u010dn\u00ed trhy\" class=\"wp-image-6663\" srcset=\"https:\/\/hotelhouse.cz\/wp-content\/uploads\/2024\/11\/Szechnyi_Budapest-2.jpg 720w, https:\/\/hotelhouse.cz\/wp-content\/uploads\/2024\/11\/Szechnyi_Budapest-2-300x209.jpg 300w\" sizes=\"(max-width: 720px) 100vw, 720px\" \/><\/figure>\n\n\n\n<figure class=\"wp-block-image size-large\"><img decoding=\"async\" loading=\"lazy\" width=\"720\" height=\"579\" data-id=\"6661\" src=\"https:\/\/hotelhouse.cz\/wp-content\/uploads\/2024\/11\/Martin-Thienel-s.jpg\" alt=\"Ma\u010farsko l\u00e1k\u00e1 na podzim a v zim\u011b na term\u00e1ln\u00ed prameny \u010di v\u00e1no\u010dn\u00ed trhy\" class=\"wp-image-6661\" srcset=\"https:\/\/hotelhouse.cz\/wp-content\/uploads\/2024\/11\/Martin-Thienel-s.jpg 720w, https:\/\/hotelhouse.cz\/wp-content\/uploads\/2024\/11\/Martin-Thienel-s-300x241.jpg 300w\" sizes=\"(max-width: 720px) 100vw, 720px\" \/><\/figure>\n\n\n\n<figure class=\"wp-block-image size-large\"><img decoding=\"async\" loading=\"lazy\" width=\"720\" height=\"526\" data-id=\"6662\" src=\"https:\/\/hotelhouse.cz\/wp-content\/uploads\/2024\/11\/Budapest_kalkulator-2.jpg\" alt=\"Ma\u010farsko l\u00e1k\u00e1 na podzim a v zim\u011b na term\u00e1ln\u00ed prameny \u010di v\u00e1no\u010dn\u00ed trhy\" class=\"wp-image-6662\" srcset=\"https:\/\/hotelhouse.cz\/wp-content\/uploads\/2024\/11\/Budapest_kalkulator-2.jpg 720w, https:\/\/hotelhouse.cz\/wp-content\/uploads\/2024\/11\/Budapest_kalkulator-2-300x219.jpg 300w\" sizes=\"(max-width: 720px) 100vw, 720px\" \/><\/figure>\n<\/figure>\n\n\n\n<div style=\"height:45px\" aria-hidden=\"true\" class=\"wp-block-spacer\"><\/div>\n\n\n\n<p><strong>Zdroj foto:<\/strong> ASPEN.PR Praha<\/p>\n\n\n\n<div style=\"height:45px\" aria-hidden=\"true\" class=\"wp-block-spacer\"><\/div>\n","protected":false},"excerpt":{"rendered":"<p>Ma\u010farsko je zn\u00e1m\u00e9 sv\u00fdmi term\u00e1ln\u00edmi l\u00e1zn\u011bmi, kter\u00e9 jsou ide\u00e1ln\u00ed pro relaxaci v&nbsp;podzimn\u00edm a zimn\u00edm po\u010das\u00ed. L\u00e1zn\u011b jako Szech\u00e9nyi v Budape\u0161ti nebo H\u00e9v\u00edz u Balatonu, ale i mnoho dal\u0161\u00edch, nab\u00edzej\u00ed tepl\u00e9 miner\u00e1ln\u00ed vody, kter\u00e9 v\u00e1s&#46;&#46;&#46;<\/p>\n","protected":false},"author":9,"featured_media":6662,"comment_status":"closed","ping_status":"closed","sticky":false,"template":"","format":"standard","meta":{"_monsterinsights_skip_tracking":false,"_monsterinsights_sitenote_active":false,"_monsterinsights_sitenote_note":"","_monsterinsights_sitenote_category":0,"footnotes":""},"categories":[15,2,23],"tags":[],"yoast_head":"<!-- This site is optimized with the Yoast SEO plugin v21.5 - https:\/\/yoast.com\/wordpress\/plugins\/seo\/ -->\n<title>Ma\u010farsko l\u00e1k\u00e1 na podzim a v zim\u011b na term\u00e1ln\u00ed prameny \u010di v\u00e1no\u010dn\u00ed trhy - HOTELHOUSE.cz<\/title>\n<meta name=\"description\" content=\"Ma\u010farsko je zn\u00e1m\u00e9 sv\u00fdmi term\u00e1ln\u00edmi l\u00e1zn\u011bmi, kter\u00e9 jsou ide\u00e1ln\u00ed pro relaxaci v\u00a0podzimn\u00edm a zimn\u00edm po\u010das\u00ed. L\u00e1zn\u011b Szech\u00e9nyi, H\u00e9v\u00edz.\" \/>\n<meta name=\"robots\" content=\"index, follow, max-snippet:-1, max-image-preview:large, max-video-preview:-1\" \/>\n<link rel=\"canonical\" href=\"https:\/\/hotelhouse.cz\/index.php\/2024\/11\/20\/madarsko-laka-na-podzim-a-v-zime-na-termalni-prameny-ci-vanocni-trhy\/\" \/>\n<meta property=\"og:locale\" content=\"cs_CZ\" \/>\n<meta property=\"og:type\" content=\"article\" \/>\n<meta property=\"og:title\" content=\"Ma\u010farsko l\u00e1k\u00e1 na podzim a v zim\u011b na term\u00e1ln\u00ed prameny \u010di v\u00e1no\u010dn\u00ed trhy - HOTELHOUSE.cz\" \/>\n<meta property=\"og:description\" content=\"Ma\u010farsko je zn\u00e1m\u00e9 sv\u00fdmi term\u00e1ln\u00edmi l\u00e1zn\u011bmi, kter\u00e9 jsou ide\u00e1ln\u00ed pro relaxaci v\u00a0podzimn\u00edm a zimn\u00edm po\u010das\u00ed. L\u00e1zn\u011b Szech\u00e9nyi, H\u00e9v\u00edz.\" \/>\n<meta property=\"og:url\" content=\"https:\/\/hotelhouse.cz\/index.php\/2024\/11\/20\/madarsko-laka-na-podzim-a-v-zime-na-termalni-prameny-ci-vanocni-trhy\/\" \/>\n<meta property=\"og:site_name\" content=\"HOTELHOUSE.cz\" \/>\n<meta property=\"article:published_time\" content=\"2024-11-19T23:01:00+00:00\" \/>\n<meta property=\"article:modified_time\" content=\"2024-11-14T18:57:41+00:00\" \/>\n<meta property=\"og:image\" content=\"https:\/\/hotelhouse.cz\/wp-content\/uploads\/2024\/11\/Budapest_kalkulator-2.jpg\" \/>\n\t<meta property=\"og:image:width\" content=\"720\" \/>\n\t<meta property=\"og:image:height\" content=\"526\" \/>\n\t<meta property=\"og:image:type\" content=\"image\/jpeg\" \/>\n<meta name=\"author\" content=\"Martina Pechov\u00e1\" \/>\n<meta name=\"twitter:card\" content=\"summary_large_image\" \/>\n<meta name=\"twitter:label1\" content=\"Napsal(a)\" \/>\n\t<meta name=\"twitter:data1\" content=\"Martina Pechov\u00e1\" \/>\n\t<meta name=\"twitter:label2\" content=\"Odhadovan\u00e1 doba \u010dten\u00ed\" \/>\n\t<meta name=\"twitter:data2\" content=\"5 minut\" \/>\n<script type=\"application\/ld+json\" class=\"yoast-schema-graph\">{\"@context\":\"https:\/\/schema.org\",\"@graph\":[{\"@type\":\"Article\",\"@id\":\"https:\/\/hotelhouse.cz\/index.php\/2024\/11\/20\/madarsko-laka-na-podzim-a-v-zime-na-termalni-prameny-ci-vanocni-trhy\/#article\",\"isPartOf\":{\"@id\":\"https:\/\/hotelhouse.cz\/index.php\/2024\/11\/20\/madarsko-laka-na-podzim-a-v-zime-na-termalni-prameny-ci-vanocni-trhy\/\"},\"author\":{\"name\":\"Martina Pechov\u00e1\",\"@id\":\"https:\/\/hotelhouse.cz\/#\/schema\/person\/def44b172d589b89b7d95d5df5bf4495\"},\"headline\":\"Ma\u010farsko l\u00e1k\u00e1 na podzim a v zim\u011b na term\u00e1ln\u00ed prameny \u010di v\u00e1no\u010dn\u00ed trhy\",\"datePublished\":\"2024-11-19T23:01:00+00:00\",\"dateModified\":\"2024-11-14T18:57:41+00:00\",\"mainEntityOfPage\":{\"@id\":\"https:\/\/hotelhouse.cz\/index.php\/2024\/11\/20\/madarsko-laka-na-podzim-a-v-zime-na-termalni-prameny-ci-vanocni-trhy\/\"},\"wordCount\":934,\"publisher\":{\"@id\":\"https:\/\/hotelhouse.cz\/#organization\"},\"articleSection\":[\"FOTOREPORTY\",\"NEWS\",\"TIPY NA CESTOV\u00c1N\u00cd\"],\"inLanguage\":\"cs\"},{\"@type\":\"WebPage\",\"@id\":\"https:\/\/hotelhouse.cz\/index.php\/2024\/11\/20\/madarsko-laka-na-podzim-a-v-zime-na-termalni-prameny-ci-vanocni-trhy\/\",\"url\":\"https:\/\/hotelhouse.cz\/index.php\/2024\/11\/20\/madarsko-laka-na-podzim-a-v-zime-na-termalni-prameny-ci-vanocni-trhy\/\",\"name\":\"Ma\u010farsko l\u00e1k\u00e1 na podzim a v zim\u011b na term\u00e1ln\u00ed prameny \u010di v\u00e1no\u010dn\u00ed trhy - HOTELHOUSE.cz\",\"isPartOf\":{\"@id\":\"https:\/\/hotelhouse.cz\/#website\"},\"datePublished\":\"2024-11-19T23:01:00+00:00\",\"dateModified\":\"2024-11-14T18:57:41+00:00\",\"description\":\"Ma\u010farsko je zn\u00e1m\u00e9 sv\u00fdmi term\u00e1ln\u00edmi l\u00e1zn\u011bmi, kter\u00e9 jsou ide\u00e1ln\u00ed pro relaxaci v\u00a0podzimn\u00edm a zimn\u00edm po\u010das\u00ed. L\u00e1zn\u011b Szech\u00e9nyi, H\u00e9v\u00edz.\",\"breadcrumb\":{\"@id\":\"https:\/\/hotelhouse.cz\/index.php\/2024\/11\/20\/madarsko-laka-na-podzim-a-v-zime-na-termalni-prameny-ci-vanocni-trhy\/#breadcrumb\"},\"inLanguage\":\"cs\",\"potentialAction\":[{\"@type\":\"ReadAction\",\"target\":[\"https:\/\/hotelhouse.cz\/index.php\/2024\/11\/20\/madarsko-laka-na-podzim-a-v-zime-na-termalni-prameny-ci-vanocni-trhy\/\"]}]},{\"@type\":\"BreadcrumbList\",\"@id\":\"https:\/\/hotelhouse.cz\/index.php\/2024\/11\/20\/madarsko-laka-na-podzim-a-v-zime-na-termalni-prameny-ci-vanocni-trhy\/#breadcrumb\",\"itemListElement\":[{\"@type\":\"ListItem\",\"position\":1,\"name\":\"Dom\u016f\",\"item\":\"https:\/\/hotelhouse.cz\/\"},{\"@type\":\"ListItem\",\"position\":2,\"name\":\"Ma\u010farsko l\u00e1k\u00e1 na podzim a v zim\u011b na term\u00e1ln\u00ed prameny \u010di v\u00e1no\u010dn\u00ed trhy\"}]},{\"@type\":\"WebSite\",\"@id\":\"https:\/\/hotelhouse.cz\/#website\",\"url\":\"https:\/\/hotelhouse.cz\/\",\"name\":\"HOTELHOUSE.cz\",\"description\":\"Port\u00e1l o hotelech, pensionech, spa resortech a restaurac\u00edch...\",\"publisher\":{\"@id\":\"https:\/\/hotelhouse.cz\/#organization\"},\"potentialAction\":[{\"@type\":\"SearchAction\",\"target\":{\"@type\":\"EntryPoint\",\"urlTemplate\":\"https:\/\/hotelhouse.cz\/?s={search_term_string}\"},\"query-input\":\"required name=search_term_string\"}],\"inLanguage\":\"cs\"},{\"@type\":\"Organization\",\"@id\":\"https:\/\/hotelhouse.cz\/#organization\",\"name\":\"HOTELHOUSE.cz\",\"url\":\"https:\/\/hotelhouse.cz\/\",\"logo\":{\"@type\":\"ImageObject\",\"inLanguage\":\"cs\",\"@id\":\"https:\/\/hotelhouse.cz\/#\/schema\/logo\/image\/\",\"url\":\"https:\/\/hotelhouse.cz\/wp-content\/uploads\/2024\/12\/cropped-Logo_HotelHouse-2.jpg\",\"contentUrl\":\"https:\/\/hotelhouse.cz\/wp-content\/uploads\/2024\/12\/cropped-Logo_HotelHouse-2.jpg\",\"width\":933,\"height\":516,\"caption\":\"HOTELHOUSE.cz\"},\"image\":{\"@id\":\"https:\/\/hotelhouse.cz\/#\/schema\/logo\/image\/\"},\"sameAs\":[\"https:\/\/www.instagram.com\/hotelhousecz\/\"]},{\"@type\":\"Person\",\"@id\":\"https:\/\/hotelhouse.cz\/#\/schema\/person\/def44b172d589b89b7d95d5df5bf4495\",\"name\":\"Martina Pechov\u00e1\",\"image\":{\"@type\":\"ImageObject\",\"inLanguage\":\"cs\",\"@id\":\"https:\/\/hotelhouse.cz\/#\/schema\/person\/image\/\",\"url\":\"https:\/\/secure.gravatar.com\/avatar\/f0b7849f9f82bc20952396010e3c9adb?s=96&d=mm&r=g\",\"contentUrl\":\"https:\/\/secure.gravatar.com\/avatar\/f0b7849f9f82bc20952396010e3c9adb?s=96&d=mm&r=g\",\"caption\":\"Martina Pechov\u00e1\"},\"sameAs\":[\"http:\/\/HOTELHOUSE.cz\"],\"url\":\"https:\/\/hotelhouse.cz\/index.php\/author\/marpech\/\"}]}<\/script>\n<!-- \/ Yoast SEO plugin. -->","yoast_head_json":{"title":"Ma\u010farsko l\u00e1k\u00e1 na podzim a v zim\u011b na term\u00e1ln\u00ed prameny \u010di v\u00e1no\u010dn\u00ed trhy - HOTELHOUSE.cz","description":"Ma\u010farsko je zn\u00e1m\u00e9 sv\u00fdmi term\u00e1ln\u00edmi l\u00e1zn\u011bmi, kter\u00e9 jsou ide\u00e1ln\u00ed pro relaxaci v\u00a0podzimn\u00edm a zimn\u00edm po\u010das\u00ed. L\u00e1zn\u011b Szech\u00e9nyi, H\u00e9v\u00edz.","robots":{"index":"index","follow":"follow","max-snippet":"max-snippet:-1","max-image-preview":"max-image-preview:large","max-video-preview":"max-video-preview:-1"},"canonical":"https:\/\/hotelhouse.cz\/index.php\/2024\/11\/20\/madarsko-laka-na-podzim-a-v-zime-na-termalni-prameny-ci-vanocni-trhy\/","og_locale":"cs_CZ","og_type":"article","og_title":"Ma\u010farsko l\u00e1k\u00e1 na podzim a v zim\u011b na term\u00e1ln\u00ed prameny \u010di v\u00e1no\u010dn\u00ed trhy - HOTELHOUSE.cz","og_description":"Ma\u010farsko je zn\u00e1m\u00e9 sv\u00fdmi term\u00e1ln\u00edmi l\u00e1zn\u011bmi, kter\u00e9 jsou ide\u00e1ln\u00ed pro relaxaci v\u00a0podzimn\u00edm a zimn\u00edm po\u010das\u00ed. L\u00e1zn\u011b Szech\u00e9nyi, H\u00e9v\u00edz.","og_url":"https:\/\/hotelhouse.cz\/index.php\/2024\/11\/20\/madarsko-laka-na-podzim-a-v-zime-na-termalni-prameny-ci-vanocni-trhy\/","og_site_name":"HOTELHOUSE.cz","article_published_time":"2024-11-19T23:01:00+00:00","article_modified_time":"2024-11-14T18:57:41+00:00","og_image":[{"width":720,"height":526,"url":"https:\/\/hotelhouse.cz\/wp-content\/uploads\/2024\/11\/Budapest_kalkulator-2.jpg","type":"image\/jpeg"}],"author":"Martina Pechov\u00e1","twitter_card":"summary_large_image","twitter_misc":{"Napsal(a)":"Martina Pechov\u00e1","Odhadovan\u00e1 doba \u010dten\u00ed":"5 minut"},"schema":{"@context":"https:\/\/schema.org","@graph":[{"@type":"Article","@id":"https:\/\/hotelhouse.cz\/index.php\/2024\/11\/20\/madarsko-laka-na-podzim-a-v-zime-na-termalni-prameny-ci-vanocni-trhy\/#article","isPartOf":{"@id":"https:\/\/hotelhouse.cz\/index.php\/2024\/11\/20\/madarsko-laka-na-podzim-a-v-zime-na-termalni-prameny-ci-vanocni-trhy\/"},"author":{"name":"Martina Pechov\u00e1","@id":"https:\/\/hotelhouse.cz\/#\/schema\/person\/def44b172d589b89b7d95d5df5bf4495"},"headline":"Ma\u010farsko l\u00e1k\u00e1 na podzim a v zim\u011b na term\u00e1ln\u00ed prameny \u010di v\u00e1no\u010dn\u00ed trhy","datePublished":"2024-11-19T23:01:00+00:00","dateModified":"2024-11-14T18:57:41+00:00","mainEntityOfPage":{"@id":"https:\/\/hotelhouse.cz\/index.php\/2024\/11\/20\/madarsko-laka-na-podzim-a-v-zime-na-termalni-prameny-ci-vanocni-trhy\/"},"wordCount":934,"publisher":{"@id":"https:\/\/hotelhouse.cz\/#organization"},"articleSection":["FOTOREPORTY","NEWS","TIPY NA CESTOV\u00c1N\u00cd"],"inLanguage":"cs"},{"@type":"WebPage","@id":"https:\/\/hotelhouse.cz\/index.php\/2024\/11\/20\/madarsko-laka-na-podzim-a-v-zime-na-termalni-prameny-ci-vanocni-trhy\/","url":"https:\/\/hotelhouse.cz\/index.php\/2024\/11\/20\/madarsko-laka-na-podzim-a-v-zime-na-termalni-prameny-ci-vanocni-trhy\/","name":"Ma\u010farsko l\u00e1k\u00e1 na podzim a v zim\u011b na term\u00e1ln\u00ed prameny \u010di v\u00e1no\u010dn\u00ed trhy - HOTELHOUSE.cz","isPartOf":{"@id":"https:\/\/hotelhouse.cz\/#website"},"datePublished":"2024-11-19T23:01:00+00:00","dateModified":"2024-11-14T18:57:41+00:00","description":"Ma\u010farsko je zn\u00e1m\u00e9 sv\u00fdmi term\u00e1ln\u00edmi l\u00e1zn\u011bmi, kter\u00e9 jsou ide\u00e1ln\u00ed pro relaxaci v\u00a0podzimn\u00edm a zimn\u00edm po\u010das\u00ed. L\u00e1zn\u011b Szech\u00e9nyi, H\u00e9v\u00edz.","breadcrumb":{"@id":"https:\/\/hotelhouse.cz\/index.php\/2024\/11\/20\/madarsko-laka-na-podzim-a-v-zime-na-termalni-prameny-ci-vanocni-trhy\/#breadcrumb"},"inLanguage":"cs","potentialAction":[{"@type":"ReadAction","target":["https:\/\/hotelhouse.cz\/index.php\/2024\/11\/20\/madarsko-laka-na-podzim-a-v-zime-na-termalni-prameny-ci-vanocni-trhy\/"]}]},{"@type":"BreadcrumbList","@id":"https:\/\/hotelhouse.cz\/index.php\/2024\/11\/20\/madarsko-laka-na-podzim-a-v-zime-na-termalni-prameny-ci-vanocni-trhy\/#breadcrumb","itemListElement":[{"@type":"ListItem","position":1,"name":"Dom\u016f","item":"https:\/\/hotelhouse.cz\/"},{"@type":"ListItem","position":2,"name":"Ma\u010farsko l\u00e1k\u00e1 na podzim a v zim\u011b na term\u00e1ln\u00ed prameny \u010di v\u00e1no\u010dn\u00ed trhy"}]},{"@type":"WebSite","@id":"https:\/\/hotelhouse.cz\/#website","url":"https:\/\/hotelhouse.cz\/","name":"HOTELHOUSE.cz","description":"Port\u00e1l o hotelech, pensionech, spa resortech a restaurac\u00edch...","publisher":{"@id":"https:\/\/hotelhouse.cz\/#organization"},"potentialAction":[{"@type":"SearchAction","target":{"@type":"EntryPoint","urlTemplate":"https:\/\/hotelhouse.cz\/?s={search_term_string}"},"query-input":"required name=search_term_string"}],"inLanguage":"cs"},{"@type":"Organization","@id":"https:\/\/hotelhouse.cz\/#organization","name":"HOTELHOUSE.cz","url":"https:\/\/hotelhouse.cz\/","logo":{"@type":"ImageObject","inLanguage":"cs","@id":"https:\/\/hotelhouse.cz\/#\/schema\/logo\/image\/","url":"https:\/\/hotelhouse.cz\/wp-content\/uploads\/2024\/12\/cropped-Logo_HotelHouse-2.jpg","contentUrl":"https:\/\/hotelhouse.cz\/wp-content\/uploads\/2024\/12\/cropped-Logo_HotelHouse-2.jpg","width":933,"height":516,"caption":"HOTELHOUSE.cz"},"image":{"@id":"https:\/\/hotelhouse.cz\/#\/schema\/logo\/image\/"},"sameAs":["https:\/\/www.instagram.com\/hotelhousecz\/"]},{"@type":"Person","@id":"https:\/\/hotelhouse.cz\/#\/schema\/person\/def44b172d589b89b7d95d5df5bf4495","name":"Martina Pechov\u00e1","image":{"@type":"ImageObject","inLanguage":"cs","@id":"https:\/\/hotelhouse.cz\/#\/schema\/person\/image\/","url":"https:\/\/secure.gravatar.com\/avatar\/f0b7849f9f82bc20952396010e3c9adb?s=96&d=mm&r=g","contentUrl":"https:\/\/secure.gravatar.com\/avatar\/f0b7849f9f82bc20952396010e3c9adb?s=96&d=mm&r=g","caption":"Martina Pechov\u00e1"},"sameAs":["http:\/\/HOTELHOUSE.cz"],"url":"https:\/\/hotelhouse.cz\/index.php\/author\/marpech\/"}]}},"_links":{"self":[{"href":"https:\/\/hotelhouse.cz\/index.php\/wp-json\/wp\/v2\/posts\/6660"}],"collection":[{"href":"https:\/\/hotelhouse.cz\/index.php\/wp-json\/wp\/v2\/posts"}],"about":[{"href":"https:\/\/hotelhouse.cz\/index.php\/wp-json\/wp\/v2\/types\/post"}],"author":[{"embeddable":true,"href":"https:\/\/hotelhouse.cz\/index.php\/wp-json\/wp\/v2\/users\/9"}],"replies":[{"embeddable":true,"href":"https:\/\/hotelhouse.cz\/index.php\/wp-json\/wp\/v2\/comments?post=6660"}],"version-history":[{"count":2,"href":"https:\/\/hotelhouse.cz\/index.php\/wp-json\/wp\/v2\/posts\/6660\/revisions"}],"predecessor-version":[{"id":6665,"href":"https:\/\/hotelhouse.cz\/index.php\/wp-json\/wp\/v2\/posts\/6660\/revisions\/6665"}],"wp:featuredmedia":[{"embeddable":true,"href":"https:\/\/hotelhouse.cz\/index.php\/wp-json\/wp\/v2\/media\/6662"}],"wp:attachment":[{"href":"https:\/\/hotelhouse.cz\/index.php\/wp-json\/wp\/v2\/media?parent=6660"}],"wp:term":[{"taxonomy":"category","embeddable":true,"href":"https:\/\/hotelhouse.cz\/index.php\/wp-json\/wp\/v2\/categories?post=6660"},{"taxonomy":"post_tag","embeddable":true,"href":"https:\/\/hotelhouse.cz\/index.php\/wp-json\/wp\/v2\/tags?post=6660"}],"curies":[{"name":"wp","href":"https:\/\/api.w.org\/{rel}","templated":true}]}}