{"id":6723,"date":"2024-11-30T00:01:00","date_gmt":"2024-11-29T23:01:00","guid":{"rendered":"https:\/\/hotelhouse.cz\/?p=6723"},"modified":"2024-11-23T19:20:11","modified_gmt":"2024-11-23T18:20:11","slug":"vanocni-sbirka-kauflandu-a-svetlusky-opet-rozsviti-vanoce-nevidomym","status":"publish","type":"post","link":"https:\/\/hotelhouse.cz\/index.php\/2024\/11\/30\/vanocni-sbirka-kauflandu-a-svetlusky-opet-rozsviti-vanoce-nevidomym\/","title":{"rendered":"V\u00e1no\u010dn\u00ed sb\u00edrka Kauflandu a Sv\u011btlu\u0161ky op\u011bt rozsv\u00edt\u00ed V\u00e1noce nevidom\u00fdm"},"content":{"rendered":"\n<div style=\"height:45px\" aria-hidden=\"true\" class=\"wp-block-spacer\"><\/div>\n\n\n\n<p><strong>Na p\u0159elomu listopadu a prosince bude ve v\u0161ech&nbsp;prodejn\u00e1ch Kaufland ji\u017e tradi\u010dn\u011b prob\u00edhat v\u00e1no\u010dn\u00ed sb\u00edrka pro Sv\u011btlu\u0161ku. Jej\u00edm ambasadorem se tento rok stal zp\u011bv\u00e1k Ben Cristovao. Z\u00e1kazn\u00edci mohou n\u00e1kupem charitativn\u00edch jmenovek za&nbsp;symbolick\u00fdch 30 korun p\u0159isp\u011bt ke&nbsp;zlep\u0161en\u00ed \u017eivota nevidom\u00fdch a pomoci jim tak na jejich cest\u011b k&nbsp;samostatnosti.<\/strong><\/p>\n\n\n\n<div style=\"height:45px\" aria-hidden=\"true\" class=\"wp-block-spacer\"><\/div>\n\n\n<div class=\"wp-block-image\">\n<figure class=\"aligncenter size-full\"><img decoding=\"async\" loading=\"lazy\" width=\"2020\" height=\"702\" src=\"https:\/\/hotelhouse.cz\/wp-content\/uploads\/2024\/11\/hit-vanocni-sbirka-svetluska-kaufland-bezec-pomaha-nevidomemu-bezci.webp\" alt=\"V\u00e1no\u010dn\u00ed sb\u00edrka Kauflandu a Sv\u011btlu\u0161ky op\u011bt rozsv\u00edt\u00ed V\u00e1noce nevidom\u00fdm\" class=\"wp-image-6726\" \/><\/figure><\/div>\n\n\n<div style=\"height:45px\" aria-hidden=\"true\" class=\"wp-block-spacer\"><\/div>\n\n\n\n<p>V\u00e1no\u010dn\u00ed sb\u00edrka pro Sv\u011btlu\u0161ku se letos uskute\u010dn\u00ed v&nbsp;prodejn\u00e1ch Kaufland ji\u017e po \u0161est\u00e9, a to v&nbsp;term\u00ednu od&nbsp;25.&nbsp;listopadu do&nbsp;8. prosince. Ka\u017ed\u00fd, kdo si b\u011bhem t\u011bchto dvou t\u00fddn\u016f zakoup\u00ed unik\u00e1tn\u00ed v\u00e1no\u010dn\u00ed jmenovky na d\u00e1rky, podpo\u0159\u00ed Sv\u011btlu\u0161ku ve\u0159ejnou sb\u00edrku Nada\u010dn\u00edho fondu \u010cesk\u00e9ho rozhlasu, kter\u00e1 pom\u00e1h\u00e1 zrakov\u011b hendikepovan\u00fdm po cel\u00e9 \u010cesk\u00e9 republice.<\/p>\n\n\n\n<p>Jeden arch s&nbsp;osmi jmenovkami bude v&nbsp;prodeji za 30 K\u010d. Spole\u010dnost Kaufland za ka\u017ed\u00fd prodan\u00fd arch p\u0159id\u00e1 do sb\u00edrky nav\u00edc dal\u0161\u00edch 10 K\u010d. Jmenovky jsou ve stejn\u00e9m designu jako vloni navr\u017een\u00e9 ilustr\u00e1torem Luk\u00e1\u0161em Tomkem ze zn\u00e1m\u00e9ho studia Tomski&amp;Polanski. Ve\u0161ker\u00e9 vybran\u00e9 finan\u010dn\u00ed prost\u0159edky budou vyu\u017eity na po\u0159\u00edzen\u00ed speci\u00e1ln\u00edch pom\u016fcek do \u0161koly i pro b\u011b\u017en\u00fd \u017eivot, na asisten\u010dn\u00ed a&nbsp;pr\u016fvodcovsk\u00e9 slu\u017eby, vzd\u011bl\u00e1v\u00e1n\u00ed nebo volno\u010dasov\u00e9 aktivity a sport nevidom\u00fdch a slabozrak\u00fdch lid\u00ed.<\/p>\n\n\n\n<p>\u201e<em>V\u00e1no\u010dn\u00ed sb\u00edrka pro Sv\u011btlu\u0161ku je v&nbsp;na\u0161ich prodejn\u00e1ch ji\u017e tradic\u00ed a b\u011bhem t\u011bch \u0161esti let, co ji po\u0159\u00e1d\u00e1me, se opravdu stala i na\u0161\u00ed srdcovou z\u00e1le\u017eitost\u00ed. Nesm\u00edrn\u011b si v\u00e1\u017e\u00edme velkorysosti na\u0161ich z\u00e1kazn\u00edk\u016f i na\u0161ich zam\u011bstnanc\u016f, kte\u0159\u00ed sv\u00fdm p\u0159\u00edstupem dokazuj\u00ed, \u017ee jim \u017eivot lid\u00ed s&nbsp;hendikepem nen\u00ed lhostejn\u00fd. V&nbsp;lo\u0148sk\u00e9m roce se n\u00e1m spole\u010dn\u011b poda\u0159ilo z\u00edskat v\u00edce ne\u017e 18&nbsp;000&nbsp;000 K\u010d, kter\u00fdmi jsme pomohli rozsv\u00edtit V\u00e1noce nevidom\u00fdm. Pevn\u011b v\u011b\u0159\u00edm, \u017ee letos tak\u00e9 spoj\u00edme sv\u00e9 s\u00edly a podpo\u0159\u00edme Sv\u011btlu\u0161ku co nejvy\u0161\u0161\u00ed \u010d\u00e1stkou,\u201c<\/em> \u0159\u00edk\u00e1 <strong>Renata Maierl, tiskov\u00e1 mluv\u010d\u00ed spole\u010dnosti Kaufland<\/strong><\/p>\n\n\n\n<p>V\u00fdt\u011b\u017eek se sb\u00edrky stejn\u011b jako ka\u017ed\u00fd rok putuje do speci\u00e1ln\u00edho Fondu Kaufland, kter\u00fd vznikl pod&nbsp;Sv\u011btlu\u0161kou u\u017e v roce 2019. Z tohoto fondu jsou pak finan\u010dn\u00ed prost\u0159edky rozd\u011blov\u00e1ny v r\u00e1mci otev\u0159en\u00fdch grantov\u00fdch \u0159\u00edzen\u00ed. O podporu mohou \u017e\u00e1dat nejen jednotlivci s t\u011b\u017ek\u00fdm zrakov\u00fdm posti\u017een\u00edm, ale i&nbsp;organizace, kter\u00e9 pom\u00e1haj\u00ed zrakov\u011b hendikepovan\u00fdm z&nbsp;cel\u00e9 \u010cesk\u00e9 republiky. Fond Kaufland takto prozat\u00edm ud\u011blil 492 p\u0159\u00edsp\u011bvk\u016f jednotlivc\u016fm a 419 organizac\u00edm. V\u00fdznamn\u00fdm po\u010dinem je i otev\u0159en\u00ed prvn\u00ed p\u016fj\u010dovny kompenza\u010dn\u00edch pom\u016fcek v&nbsp;\u010cesk\u00e9 republice \u010di mimo\u0159\u00e1dn\u00e9 grantov\u00e9 programy na podporu sportu a digitalizaci lok\u00e1ln\u00edch neziskov\u00fdch organizac\u00ed, kter\u00e9 nab\u00edzej\u00ed sv\u00e9 slu\u017eby zrakov\u011b handicapovan\u00fdm v regionech.<\/p>\n\n\n\n<p>\u201e<em>Partnerstv\u00ed se spole\u010dnost\u00ed Kaufland pro n\u00e1s od roku 2019 znamen\u00e1 dlouhodobou jistotu a v\u0161estrannou pomoc siln\u00e9ho spoluhr\u00e1\u010de. D\u00edky V\u00e1no\u010dn\u00ed sb\u00edrce pro Sv\u011btlu\u0161ku dok\u00e1\u017eeme v&nbsp;pr\u016fb\u011bhu cel\u00e9ho roku podporovat jak organizace, kter\u00e9 pom\u00e1haj\u00ed nevidom\u00fdm a slabozrak\u00fdm, tak i konkr\u00e9tn\u00ed \u017eadatele se zrakov\u00fdm posti\u017een\u00edm. \u0160t\u011bdrost spole\u010dnosti Kaufland i v\u0161ech d\u00e1rc\u016f pro n\u011b znamen\u00e1 mo\u017enost \u017e\u00edt kvalitn\u011bj\u0161\u00ed a napln\u011bn\u00fd \u017eivot. D\u011bkujeme v\u0161em, kte\u0159\u00ed se do sb\u00edrky letos zapoj\u00ed,\u201c<\/em> dopl\u0148uje <strong>Ji\u0159\u00ed V\u00e1\u0148a \u0159editel nada\u010dn\u00edho fondu \u010cR Sv\u011btlu\u0161ka<\/strong>.<\/p>\n\n\n\n<div style=\"height:45px\" aria-hidden=\"true\" class=\"wp-block-spacer\"><\/div>\n\n\n<div class=\"wp-block-image\">\n<figure class=\"aligncenter size-large\"><img decoding=\"async\" src=\"https:\/\/womenhouse.cz\/wp-content\/uploads\/2024\/11\/Kaufland_Sbirka-pro_Svetlusku_image_I-1024x688.jpg\" alt=\"V\u00e1no\u010dn\u00ed sb\u00edrka Kauflandu a Sv\u011btlu\u0161ky op\u011bt rozsv\u00edt\u00ed V\u00e1noce nevidom\u00fdm\" class=\"wp-image-14403\" \/><\/figure><\/div>\n\n\n<div style=\"height:45px\" aria-hidden=\"true\" class=\"wp-block-spacer\"><\/div>\n\n\n\n<h2 class=\"wp-block-heading\">Sb\u00edrka pom\u00e1h\u00e1 \u017e\u00edt naplno po v\u0161ech str\u00e1nk\u00e1ch<\/h2>\n\n\n\n<div style=\"height:21px\" aria-hidden=\"true\" class=\"wp-block-spacer\"><\/div>\n\n\n\n<p>Nap\u0159\u00edklad d\u00edky v\u00fdt\u011b\u017eku z&nbsp;lo\u0148sk\u00e9 sb\u00edrky p\u0159isp\u011bl Kaufland spole\u010dn\u011b se Sv\u011btlu\u0161kou Krist\u00fdn\u011b na po\u0159\u00edzen\u00ed vod\u00edc\u00ed fenky Ginny. Ta se stala nejen jej\u00ed psychickou oporou, ale i kamar\u00e1dkou, kter\u00e1 ji doprov\u00e1z\u00ed na&nbsp;cest\u00e1ch, pom\u00e1h\u00e1 j\u00ed s&nbsp;orientac\u00ed a&nbsp;usnad\u0148uje j\u00ed komunikaci s&nbsp;ostatn\u00edmi lidmi venku. Finan\u010dn\u00ed prost\u0159edky z\u00edskali tak\u00e9 rodi\u010de mal\u00e9ho Kub\u00edka na po\u0159\u00edzen\u00ed tabletu. Kub\u00edkovi byla v&nbsp;roce a p\u016fl diagnostikov\u00e1na mikroduplikace chromozomu X a nav\u00edc ho tr\u00e1p\u00ed slab\u00fd o\u010dn\u00ed nerv a&nbsp;astigmatismus. Pou\u017e\u00edv\u00e1n\u00ed tabletu mu pom\u00e1h\u00e1 rozv\u00edjet jeho zrak, my\u0161len\u00ed, porozum\u011bn\u00ed i jemnou motoriku.<\/p>\n\n\n\n<p>Podpora nevidom\u00fdch se toti\u017e neomezuje jen na nejz\u00e1kladn\u011bj\u0161\u00ed pot\u0159eby, c\u00edlem sb\u00edrky je pom\u00e1hat zrakov\u011b hendikepovan\u00fdm \u017e\u00edt naplno ve v\u0161ech aspektech \u017eivota. I proto m\u016f\u017ee pan Petr nyn\u00ed sportovat stejn\u011b jako p\u0159ed ztr\u00e1tou zraku a Xenie studovat kurz Psychologie pro ka\u017ed\u00fd den na Filozofick\u00e9 fakult\u011b Univerzity Karlovy, kter\u00fd ji nav\u00edc velmi bav\u00ed a napl\u0148uje.<\/p>\n\n\n\n<p> V\u00edce informac\u00ed o v\u00e1no\u010dn\u00ed sb\u00edrce pro Sv\u011btlu\u0161ku najdete na <a href=\"https:\/\/prodejny.kaufland.cz\/aktualne\/vanocnisbirka.html\"><strong>kaufland.cz\/vanocnisbirka<\/strong><\/a><\/p>\n\n\n\n<div style=\"height:45px\" aria-hidden=\"true\" class=\"wp-block-spacer\"><\/div>\n\n\n\n<figure class=\"wp-block-gallery has-nested-images columns-2 is-cropped wp-block-gallery-1 is-layout-flex wp-block-gallery-is-layout-flex\">\n<figure class=\"wp-block-image size-full\"><img decoding=\"async\" loading=\"lazy\" width=\"2020\" height=\"702\" data-id=\"6726\" src=\"https:\/\/hotelhouse.cz\/wp-content\/uploads\/2024\/11\/hit-vanocni-sbirka-svetluska-kaufland-bezec-pomaha-nevidomemu-bezci.webp\" alt=\"V\u00e1no\u010dn\u00ed sb\u00edrka Kauflandu a Sv\u011btlu\u0161ky op\u011bt rozsv\u00edt\u00ed V\u00e1noce nevidom\u00fdm\" class=\"wp-image-6726\" \/><\/figure>\n\n\n\n<figure class=\"wp-block-image size-large\"><img decoding=\"async\" data-id=\"14403\" src=\"https:\/\/womenhouse.cz\/wp-content\/uploads\/2024\/11\/Kaufland_Sbirka-pro_Svetlusku_image_I-1024x688.jpg\" alt=\"V\u00e1no\u010dn\u00ed sb\u00edrka Kauflandu a Sv\u011btlu\u0161ky op\u011bt rozsv\u00edt\u00ed V\u00e1noce nevidom\u00fdm\" class=\"wp-image-14403\" \/><\/figure>\n\n\n\n<figure class=\"wp-block-image size-large\"><img decoding=\"async\" data-id=\"14404\" src=\"https:\/\/womenhouse.cz\/wp-content\/uploads\/2024\/11\/Kaufland_Sbirka-pro_Svetlusku_image_II-760x1024.jpg\" alt=\"V\u00e1no\u010dn\u00ed sb\u00edrka Kauflandu a Sv\u011btlu\u0161ky op\u011bt rozsv\u00edt\u00ed V\u00e1noce nevidom\u00fdm\" class=\"wp-image-14404\" \/><\/figure>\n<\/figure>\n\n\n\n<div style=\"height:45px\" aria-hidden=\"true\" class=\"wp-block-spacer\"><\/div>\n\n\n\n<p><strong>Zdroj foto:<\/strong> Kafland, Sv\u011btlu\u0161ky<\/p>\n\n\n\n<div style=\"height:45px\" aria-hidden=\"true\" class=\"wp-block-spacer\"><\/div>\n","protected":false},"excerpt":{"rendered":"<p>Na p\u0159elomu listopadu a prosince bude ve v\u0161ech&nbsp;prodejn\u00e1ch Kaufland ji\u017e tradi\u010dn\u011b prob\u00edhat v\u00e1no\u010dn\u00ed sb\u00edrka pro Sv\u011btlu\u0161ku. Jej\u00edm ambasadorem se tento rok stal zp\u011bv\u00e1k Ben Cristovao. Z\u00e1kazn\u00edci mohou n\u00e1kupem charitativn\u00edch jmenovek za&nbsp;symbolick\u00fdch 30 korun p\u0159isp\u011bt&#46;&#46;&#46;<\/p>\n","protected":false},"author":9,"featured_media":6726,"comment_status":"closed","ping_status":"closed","sticky":false,"template":"","format":"standard","meta":{"_monsterinsights_skip_tracking":false,"_monsterinsights_sitenote_active":false,"_monsterinsights_sitenote_note":"","_monsterinsights_sitenote_category":0,"footnotes":""},"categories":[15,29,2],"tags":[],"yoast_head":"<!-- This site is optimized with the Yoast SEO plugin v21.5 - https:\/\/yoast.com\/wordpress\/plugins\/seo\/ -->\n<title>V\u00e1no\u010dn\u00ed sb\u00edrka Kauflandu a Sv\u011btlu\u0161ky op\u011bt rozsv\u00edt\u00ed V\u00e1noce nevidom\u00fdm - HOTELHOUSE.cz<\/title>\n<meta name=\"description\" content=\"Na p\u0159elomu listopadu a prosince bude ve v\u0161ech\u00a0prodejn\u00e1ch Kaufland ji\u017e tradi\u010dn\u011b prob\u00edhat v\u00e1no\u010dn\u00ed sb\u00edrka pro Sv\u011btlu\u0161ku.\" \/>\n<meta name=\"robots\" content=\"index, follow, max-snippet:-1, max-image-preview:large, max-video-preview:-1\" \/>\n<link rel=\"canonical\" href=\"https:\/\/hotelhouse.cz\/index.php\/2024\/11\/30\/vanocni-sbirka-kauflandu-a-svetlusky-opet-rozsviti-vanoce-nevidomym\/\" \/>\n<meta property=\"og:locale\" content=\"cs_CZ\" \/>\n<meta property=\"og:type\" content=\"article\" \/>\n<meta property=\"og:title\" content=\"V\u00e1no\u010dn\u00ed sb\u00edrka Kauflandu a Sv\u011btlu\u0161ky op\u011bt rozsv\u00edt\u00ed V\u00e1noce nevidom\u00fdm - HOTELHOUSE.cz\" \/>\n<meta property=\"og:description\" content=\"Na p\u0159elomu listopadu a prosince bude ve v\u0161ech\u00a0prodejn\u00e1ch Kaufland ji\u017e tradi\u010dn\u011b prob\u00edhat v\u00e1no\u010dn\u00ed sb\u00edrka pro Sv\u011btlu\u0161ku.\" \/>\n<meta property=\"og:url\" content=\"https:\/\/hotelhouse.cz\/index.php\/2024\/11\/30\/vanocni-sbirka-kauflandu-a-svetlusky-opet-rozsviti-vanoce-nevidomym\/\" \/>\n<meta property=\"og:site_name\" content=\"HOTELHOUSE.cz\" \/>\n<meta property=\"article:published_time\" content=\"2024-11-29T23:01:00+00:00\" \/>\n<meta property=\"article:modified_time\" content=\"2024-11-23T18:20:11+00:00\" \/>\n<meta property=\"og:image\" content=\"https:\/\/hotelhouse.cz\/wp-content\/uploads\/2024\/11\/hit-vanocni-sbirka-svetluska-kaufland-bezec-pomaha-nevidomemu-bezci.webp\" \/>\n\t<meta property=\"og:image:width\" content=\"2020\" \/>\n\t<meta property=\"og:image:height\" content=\"702\" \/>\n\t<meta property=\"og:image:type\" content=\"image\/webp\" \/>\n<meta name=\"author\" content=\"Martina Pechov\u00e1\" \/>\n<meta name=\"twitter:card\" content=\"summary_large_image\" \/>\n<meta name=\"twitter:label1\" content=\"Napsal(a)\" \/>\n\t<meta name=\"twitter:data1\" content=\"Martina Pechov\u00e1\" \/>\n\t<meta name=\"twitter:label2\" content=\"Odhadovan\u00e1 doba \u010dten\u00ed\" \/>\n\t<meta name=\"twitter:data2\" content=\"5 minut\" \/>\n<script type=\"application\/ld+json\" class=\"yoast-schema-graph\">{\"@context\":\"https:\/\/schema.org\",\"@graph\":[{\"@type\":\"Article\",\"@id\":\"https:\/\/hotelhouse.cz\/index.php\/2024\/11\/30\/vanocni-sbirka-kauflandu-a-svetlusky-opet-rozsviti-vanoce-nevidomym\/#article\",\"isPartOf\":{\"@id\":\"https:\/\/hotelhouse.cz\/index.php\/2024\/11\/30\/vanocni-sbirka-kauflandu-a-svetlusky-opet-rozsviti-vanoce-nevidomym\/\"},\"author\":{\"name\":\"Martina Pechov\u00e1\",\"@id\":\"https:\/\/hotelhouse.cz\/#\/schema\/person\/def44b172d589b89b7d95d5df5bf4495\"},\"headline\":\"V\u00e1no\u010dn\u00ed sb\u00edrka Kauflandu a Sv\u011btlu\u0161ky op\u011bt rozsv\u00edt\u00ed V\u00e1noce nevidom\u00fdm\",\"datePublished\":\"2024-11-29T23:01:00+00:00\",\"dateModified\":\"2024-11-23T18:20:11+00:00\",\"mainEntityOfPage\":{\"@id\":\"https:\/\/hotelhouse.cz\/index.php\/2024\/11\/30\/vanocni-sbirka-kauflandu-a-svetlusky-opet-rozsviti-vanoce-nevidomym\/\"},\"wordCount\":893,\"publisher\":{\"@id\":\"https:\/\/hotelhouse.cz\/#organization\"},\"articleSection\":[\"FOTOREPORTY\",\"N\u00c1KUPN\u00cd CENTRA\",\"NEWS\"],\"inLanguage\":\"cs\"},{\"@type\":\"WebPage\",\"@id\":\"https:\/\/hotelhouse.cz\/index.php\/2024\/11\/30\/vanocni-sbirka-kauflandu-a-svetlusky-opet-rozsviti-vanoce-nevidomym\/\",\"url\":\"https:\/\/hotelhouse.cz\/index.php\/2024\/11\/30\/vanocni-sbirka-kauflandu-a-svetlusky-opet-rozsviti-vanoce-nevidomym\/\",\"name\":\"V\u00e1no\u010dn\u00ed sb\u00edrka Kauflandu a Sv\u011btlu\u0161ky op\u011bt rozsv\u00edt\u00ed V\u00e1noce nevidom\u00fdm - HOTELHOUSE.cz\",\"isPartOf\":{\"@id\":\"https:\/\/hotelhouse.cz\/#website\"},\"datePublished\":\"2024-11-29T23:01:00+00:00\",\"dateModified\":\"2024-11-23T18:20:11+00:00\",\"description\":\"Na p\u0159elomu listopadu a prosince bude ve v\u0161ech\u00a0prodejn\u00e1ch Kaufland ji\u017e tradi\u010dn\u011b prob\u00edhat v\u00e1no\u010dn\u00ed sb\u00edrka pro Sv\u011btlu\u0161ku.\",\"breadcrumb\":{\"@id\":\"https:\/\/hotelhouse.cz\/index.php\/2024\/11\/30\/vanocni-sbirka-kauflandu-a-svetlusky-opet-rozsviti-vanoce-nevidomym\/#breadcrumb\"},\"inLanguage\":\"cs\",\"potentialAction\":[{\"@type\":\"ReadAction\",\"target\":[\"https:\/\/hotelhouse.cz\/index.php\/2024\/11\/30\/vanocni-sbirka-kauflandu-a-svetlusky-opet-rozsviti-vanoce-nevidomym\/\"]}]},{\"@type\":\"BreadcrumbList\",\"@id\":\"https:\/\/hotelhouse.cz\/index.php\/2024\/11\/30\/vanocni-sbirka-kauflandu-a-svetlusky-opet-rozsviti-vanoce-nevidomym\/#breadcrumb\",\"itemListElement\":[{\"@type\":\"ListItem\",\"position\":1,\"name\":\"Dom\u016f\",\"item\":\"https:\/\/hotelhouse.cz\/\"},{\"@type\":\"ListItem\",\"position\":2,\"name\":\"V\u00e1no\u010dn\u00ed sb\u00edrka Kauflandu a Sv\u011btlu\u0161ky op\u011bt rozsv\u00edt\u00ed V\u00e1noce nevidom\u00fdm\"}]},{\"@type\":\"WebSite\",\"@id\":\"https:\/\/hotelhouse.cz\/#website\",\"url\":\"https:\/\/hotelhouse.cz\/\",\"name\":\"HOTELHOUSE.cz\",\"description\":\"Port\u00e1l o hotelech, pensionech, spa resortech a restaurac\u00edch...\",\"publisher\":{\"@id\":\"https:\/\/hotelhouse.cz\/#organization\"},\"potentialAction\":[{\"@type\":\"SearchAction\",\"target\":{\"@type\":\"EntryPoint\",\"urlTemplate\":\"https:\/\/hotelhouse.cz\/?s={search_term_string}\"},\"query-input\":\"required name=search_term_string\"}],\"inLanguage\":\"cs\"},{\"@type\":\"Organization\",\"@id\":\"https:\/\/hotelhouse.cz\/#organization\",\"name\":\"HOTELHOUSE.cz\",\"url\":\"https:\/\/hotelhouse.cz\/\",\"logo\":{\"@type\":\"ImageObject\",\"inLanguage\":\"cs\",\"@id\":\"https:\/\/hotelhouse.cz\/#\/schema\/logo\/image\/\",\"url\":\"https:\/\/hotelhouse.cz\/wp-content\/uploads\/2024\/12\/cropped-Logo_HotelHouse-2.jpg\",\"contentUrl\":\"https:\/\/hotelhouse.cz\/wp-content\/uploads\/2024\/12\/cropped-Logo_HotelHouse-2.jpg\",\"width\":933,\"height\":516,\"caption\":\"HOTELHOUSE.cz\"},\"image\":{\"@id\":\"https:\/\/hotelhouse.cz\/#\/schema\/logo\/image\/\"},\"sameAs\":[\"https:\/\/www.instagram.com\/hotelhousecz\/\"]},{\"@type\":\"Person\",\"@id\":\"https:\/\/hotelhouse.cz\/#\/schema\/person\/def44b172d589b89b7d95d5df5bf4495\",\"name\":\"Martina Pechov\u00e1\",\"image\":{\"@type\":\"ImageObject\",\"inLanguage\":\"cs\",\"@id\":\"https:\/\/hotelhouse.cz\/#\/schema\/person\/image\/\",\"url\":\"https:\/\/secure.gravatar.com\/avatar\/f0b7849f9f82bc20952396010e3c9adb?s=96&d=mm&r=g\",\"contentUrl\":\"https:\/\/secure.gravatar.com\/avatar\/f0b7849f9f82bc20952396010e3c9adb?s=96&d=mm&r=g\",\"caption\":\"Martina Pechov\u00e1\"},\"sameAs\":[\"http:\/\/HOTELHOUSE.cz\"],\"url\":\"https:\/\/hotelhouse.cz\/index.php\/author\/marpech\/\"}]}<\/script>\n<!-- \/ Yoast SEO plugin. -->","yoast_head_json":{"title":"V\u00e1no\u010dn\u00ed sb\u00edrka Kauflandu a Sv\u011btlu\u0161ky op\u011bt rozsv\u00edt\u00ed V\u00e1noce nevidom\u00fdm - HOTELHOUSE.cz","description":"Na p\u0159elomu listopadu a prosince bude ve v\u0161ech\u00a0prodejn\u00e1ch Kaufland ji\u017e tradi\u010dn\u011b prob\u00edhat v\u00e1no\u010dn\u00ed sb\u00edrka pro Sv\u011btlu\u0161ku.","robots":{"index":"index","follow":"follow","max-snippet":"max-snippet:-1","max-image-preview":"max-image-preview:large","max-video-preview":"max-video-preview:-1"},"canonical":"https:\/\/hotelhouse.cz\/index.php\/2024\/11\/30\/vanocni-sbirka-kauflandu-a-svetlusky-opet-rozsviti-vanoce-nevidomym\/","og_locale":"cs_CZ","og_type":"article","og_title":"V\u00e1no\u010dn\u00ed sb\u00edrka Kauflandu a Sv\u011btlu\u0161ky op\u011bt rozsv\u00edt\u00ed V\u00e1noce nevidom\u00fdm - HOTELHOUSE.cz","og_description":"Na p\u0159elomu listopadu a prosince bude ve v\u0161ech\u00a0prodejn\u00e1ch Kaufland ji\u017e tradi\u010dn\u011b prob\u00edhat v\u00e1no\u010dn\u00ed sb\u00edrka pro Sv\u011btlu\u0161ku.","og_url":"https:\/\/hotelhouse.cz\/index.php\/2024\/11\/30\/vanocni-sbirka-kauflandu-a-svetlusky-opet-rozsviti-vanoce-nevidomym\/","og_site_name":"HOTELHOUSE.cz","article_published_time":"2024-11-29T23:01:00+00:00","article_modified_time":"2024-11-23T18:20:11+00:00","og_image":[{"width":2020,"height":702,"url":"https:\/\/hotelhouse.cz\/wp-content\/uploads\/2024\/11\/hit-vanocni-sbirka-svetluska-kaufland-bezec-pomaha-nevidomemu-bezci.webp","type":"image\/webp"}],"author":"Martina Pechov\u00e1","twitter_card":"summary_large_image","twitter_misc":{"Napsal(a)":"Martina Pechov\u00e1","Odhadovan\u00e1 doba \u010dten\u00ed":"5 minut"},"schema":{"@context":"https:\/\/schema.org","@graph":[{"@type":"Article","@id":"https:\/\/hotelhouse.cz\/index.php\/2024\/11\/30\/vanocni-sbirka-kauflandu-a-svetlusky-opet-rozsviti-vanoce-nevidomym\/#article","isPartOf":{"@id":"https:\/\/hotelhouse.cz\/index.php\/2024\/11\/30\/vanocni-sbirka-kauflandu-a-svetlusky-opet-rozsviti-vanoce-nevidomym\/"},"author":{"name":"Martina Pechov\u00e1","@id":"https:\/\/hotelhouse.cz\/#\/schema\/person\/def44b172d589b89b7d95d5df5bf4495"},"headline":"V\u00e1no\u010dn\u00ed sb\u00edrka Kauflandu a Sv\u011btlu\u0161ky op\u011bt rozsv\u00edt\u00ed V\u00e1noce nevidom\u00fdm","datePublished":"2024-11-29T23:01:00+00:00","dateModified":"2024-11-23T18:20:11+00:00","mainEntityOfPage":{"@id":"https:\/\/hotelhouse.cz\/index.php\/2024\/11\/30\/vanocni-sbirka-kauflandu-a-svetlusky-opet-rozsviti-vanoce-nevidomym\/"},"wordCount":893,"publisher":{"@id":"https:\/\/hotelhouse.cz\/#organization"},"articleSection":["FOTOREPORTY","N\u00c1KUPN\u00cd CENTRA","NEWS"],"inLanguage":"cs"},{"@type":"WebPage","@id":"https:\/\/hotelhouse.cz\/index.php\/2024\/11\/30\/vanocni-sbirka-kauflandu-a-svetlusky-opet-rozsviti-vanoce-nevidomym\/","url":"https:\/\/hotelhouse.cz\/index.php\/2024\/11\/30\/vanocni-sbirka-kauflandu-a-svetlusky-opet-rozsviti-vanoce-nevidomym\/","name":"V\u00e1no\u010dn\u00ed sb\u00edrka Kauflandu a Sv\u011btlu\u0161ky op\u011bt rozsv\u00edt\u00ed V\u00e1noce nevidom\u00fdm - HOTELHOUSE.cz","isPartOf":{"@id":"https:\/\/hotelhouse.cz\/#website"},"datePublished":"2024-11-29T23:01:00+00:00","dateModified":"2024-11-23T18:20:11+00:00","description":"Na p\u0159elomu listopadu a prosince bude ve v\u0161ech\u00a0prodejn\u00e1ch Kaufland ji\u017e tradi\u010dn\u011b prob\u00edhat v\u00e1no\u010dn\u00ed sb\u00edrka pro Sv\u011btlu\u0161ku.","breadcrumb":{"@id":"https:\/\/hotelhouse.cz\/index.php\/2024\/11\/30\/vanocni-sbirka-kauflandu-a-svetlusky-opet-rozsviti-vanoce-nevidomym\/#breadcrumb"},"inLanguage":"cs","potentialAction":[{"@type":"ReadAction","target":["https:\/\/hotelhouse.cz\/index.php\/2024\/11\/30\/vanocni-sbirka-kauflandu-a-svetlusky-opet-rozsviti-vanoce-nevidomym\/"]}]},{"@type":"BreadcrumbList","@id":"https:\/\/hotelhouse.cz\/index.php\/2024\/11\/30\/vanocni-sbirka-kauflandu-a-svetlusky-opet-rozsviti-vanoce-nevidomym\/#breadcrumb","itemListElement":[{"@type":"ListItem","position":1,"name":"Dom\u016f","item":"https:\/\/hotelhouse.cz\/"},{"@type":"ListItem","position":2,"name":"V\u00e1no\u010dn\u00ed sb\u00edrka Kauflandu a Sv\u011btlu\u0161ky op\u011bt rozsv\u00edt\u00ed V\u00e1noce nevidom\u00fdm"}]},{"@type":"WebSite","@id":"https:\/\/hotelhouse.cz\/#website","url":"https:\/\/hotelhouse.cz\/","name":"HOTELHOUSE.cz","description":"Port\u00e1l o hotelech, pensionech, spa resortech a restaurac\u00edch...","publisher":{"@id":"https:\/\/hotelhouse.cz\/#organization"},"potentialAction":[{"@type":"SearchAction","target":{"@type":"EntryPoint","urlTemplate":"https:\/\/hotelhouse.cz\/?s={search_term_string}"},"query-input":"required name=search_term_string"}],"inLanguage":"cs"},{"@type":"Organization","@id":"https:\/\/hotelhouse.cz\/#organization","name":"HOTELHOUSE.cz","url":"https:\/\/hotelhouse.cz\/","logo":{"@type":"ImageObject","inLanguage":"cs","@id":"https:\/\/hotelhouse.cz\/#\/schema\/logo\/image\/","url":"https:\/\/hotelhouse.cz\/wp-content\/uploads\/2024\/12\/cropped-Logo_HotelHouse-2.jpg","contentUrl":"https:\/\/hotelhouse.cz\/wp-content\/uploads\/2024\/12\/cropped-Logo_HotelHouse-2.jpg","width":933,"height":516,"caption":"HOTELHOUSE.cz"},"image":{"@id":"https:\/\/hotelhouse.cz\/#\/schema\/logo\/image\/"},"sameAs":["https:\/\/www.instagram.com\/hotelhousecz\/"]},{"@type":"Person","@id":"https:\/\/hotelhouse.cz\/#\/schema\/person\/def44b172d589b89b7d95d5df5bf4495","name":"Martina Pechov\u00e1","image":{"@type":"ImageObject","inLanguage":"cs","@id":"https:\/\/hotelhouse.cz\/#\/schema\/person\/image\/","url":"https:\/\/secure.gravatar.com\/avatar\/f0b7849f9f82bc20952396010e3c9adb?s=96&d=mm&r=g","contentUrl":"https:\/\/secure.gravatar.com\/avatar\/f0b7849f9f82bc20952396010e3c9adb?s=96&d=mm&r=g","caption":"Martina Pechov\u00e1"},"sameAs":["http:\/\/HOTELHOUSE.cz"],"url":"https:\/\/hotelhouse.cz\/index.php\/author\/marpech\/"}]}},"_links":{"self":[{"href":"https:\/\/hotelhouse.cz\/index.php\/wp-json\/wp\/v2\/posts\/6723"}],"collection":[{"href":"https:\/\/hotelhouse.cz\/index.php\/wp-json\/wp\/v2\/posts"}],"about":[{"href":"https:\/\/hotelhouse.cz\/index.php\/wp-json\/wp\/v2\/types\/post"}],"author":[{"embeddable":true,"href":"https:\/\/hotelhouse.cz\/index.php\/wp-json\/wp\/v2\/users\/9"}],"replies":[{"embeddable":true,"href":"https:\/\/hotelhouse.cz\/index.php\/wp-json\/wp\/v2\/comments?post=6723"}],"version-history":[{"count":2,"href":"https:\/\/hotelhouse.cz\/index.php\/wp-json\/wp\/v2\/posts\/6723\/revisions"}],"predecessor-version":[{"id":6728,"href":"https:\/\/hotelhouse.cz\/index.php\/wp-json\/wp\/v2\/posts\/6723\/revisions\/6728"}],"wp:featuredmedia":[{"embeddable":true,"href":"https:\/\/hotelhouse.cz\/index.php\/wp-json\/wp\/v2\/media\/6726"}],"wp:attachment":[{"href":"https:\/\/hotelhouse.cz\/index.php\/wp-json\/wp\/v2\/media?parent=6723"}],"wp:term":[{"taxonomy":"category","embeddable":true,"href":"https:\/\/hotelhouse.cz\/index.php\/wp-json\/wp\/v2\/categories?post=6723"},{"taxonomy":"post_tag","embeddable":true,"href":"https:\/\/hotelhouse.cz\/index.php\/wp-json\/wp\/v2\/tags?post=6723"}],"curies":[{"name":"wp","href":"https:\/\/api.w.org\/{rel}","templated":true}]}}