{"id":6963,"date":"2025-02-28T00:01:00","date_gmt":"2025-02-27T23:01:00","guid":{"rendered":"https:\/\/hotelhouse.cz\/?p=6963"},"modified":"2025-01-25T01:10:17","modified_gmt":"2025-01-25T00:10:17","slug":"prazska-parizska-hotel-fairmont-golden-prague-se-otevre-v-parizske-ulici-jiz-na-jare","status":"publish","type":"post","link":"https:\/\/hotelhouse.cz\/index.php\/2025\/02\/28\/prazska-parizska-hotel-fairmont-golden-prague-se-otevre-v-parizske-ulici-jiz-na-jare\/","title":{"rendered":"Pra\u017esk\u00e1 Pa\u0159\u00ed\u017esk\u00e1: Hotel Fairmont Golden Prague se otev\u0159e v Pa\u0159\u00ed\u017esk\u00e9 ulici ji\u017e na ja\u0159e"},"content":{"rendered":"\n<div style=\"height:39px\" aria-hidden=\"true\" class=\"wp-block-spacer\"><\/div>\n\n\n\n<div style=\"height:35px\" aria-hidden=\"true\" class=\"wp-block-spacer\"><\/div>\n\n\n\n<p><strong>V&nbsp;sam\u00e9m <a href=\"https:\/\/vsrdciprahy.cz\/\">srdci Prahy<\/a> v <a href=\"https:\/\/prazskaparizska.cz\/\">Pa\u0159\u00ed\u017esk\u00e9 ulici<\/a> se na ja\u0159e otev\u0159e p\u011btihv\u011bzdi\u010dkov\u00fd hotel <\/strong><a href=\"https:\/\/www.fairmont.com\/prague\/\"><u><strong>Fairmont Golden Prague<\/strong><\/u><\/a><strong>, kter\u00fd vdechne nov\u00fd \u017eivot ikonick\u00e9 pra\u017esk\u00e9 budov\u011b. Cennou brutalistn\u00ed stavbu koupila rodinn\u00e1 investi\u010dn\u00ed kancel\u00e1\u0159 R2G a po citliv\u00e9 rekonstrukci ji bude provozovat \u0159et\u011bzec luxusn\u00edch hotel\u016f Fairmont Hotels &amp; Resorts, jeho\u017e portfolio zahrnuje ikonick\u00e9 sv\u011btov\u011b zn\u00e1m\u00e9 hotely jako Savoy v Lond\u00fdn\u011b \u010di Plaza v New Yorku. <\/strong><\/p>\n\n\n\n<p><strong>Hotel Fairmont Golden Prague z\u016fstane v\u00fdkladn\u00ed sk\u0159\u00edn\u00ed \u010deskoslovensk\u00e9ho i sou\u010dasn\u00e9ho designu a um\u011bn\u00ed, z\u00e1rove\u0148 hosty nadchne modern\u00edm komfortem 320 stylov\u00fdch pokoj\u016f, apartm\u00e1n\u016f a rezidenc\u00ed, nal\u00e1k\u00e1 restauracemi i bary s prvot\u0159\u00eddn\u00ed gastronomi\u00ed a nab\u00eddne klidn\u00fd odpo\u010dinek ve Fairmont Spa &amp; Wellness.<\/strong><\/p>\n\n\n\n<div style=\"height:35px\" aria-hidden=\"true\" class=\"wp-block-spacer\"><\/div>\n\n\n<div class=\"wp-block-image\">\n<figure class=\"aligncenter size-full\"><img decoding=\"async\" src=\"https:\/\/prazskeprikopy.cz\/wp-content\/uploads\/2025\/01\/1_Fairmont-Golden-Prague.jpg\" alt=\"Pra\u017esk\u00e1 Pa\u0159\u00ed\u017esk\u00e1: Hotel Fairmont Golden Prague se otev\u0159e v Pa\u0159\u00ed\u017esk\u00e9 ulici ji\u017e na ja\u0159e\" class=\"wp-image-11200\"\/><\/figure><\/div>\n\n\n<div style=\"height:35px\" aria-hidden=\"true\" class=\"wp-block-spacer\"><\/div>\n\n\n\n<p>V\u00fdjime\u010dnou hotelovou budovu v sam\u00e9m srdci Prahy zakoupily rodiny \u00fasp\u011b\u0161n\u00fdch \u010desk\u00fdch podnikatel\u016f Old\u0159icha \u0160lemra, Pavla Baudi\u0161e a Eduarda Ku\u010dery v roce 2018. Jejich c\u00edlem je nav\u00e1zat na jej\u00ed bohat\u00fd historick\u00fd odkaz a znovu ji otev\u0159\u00edt ve\u0159ejnosti. Po n\u00e1ro\u010dn\u00e9 rekonstrukci, kterou realizuj\u00ed s architektem Markem Tich\u00fdm, zah\u00e1j\u00ed hotel tento rok novou kapitolu pod n\u00e1zvem <strong>Fairmont Golden Prague<\/strong>. Praha se tak p\u0159ipoj\u00ed k t\u00e9m\u011b\u0159 devades\u00e1ti exkluzivn\u00edm hotel\u016fm, kter\u00e9 luxusn\u00ed \u0159et\u011bzec Fairmont Hotels &amp; Resorts provozuje po cel\u00e9m sv\u011bt\u011b. Ve v\u0161ech t\u011bchto destinac\u00edch se Fairmont stal symbolem \u0161pi\u010dkov\u00fdch slu\u017eeb, \u00facty k historii a hlubok\u00e9ho propojen\u00ed s m\u00edstn\u00ed komunitou. Otev\u0159en\u00ed prvn\u00edho hotelu Fairmont ve st\u0159edn\u00ed Evrop\u011b, a pr\u00e1v\u011b <strong><a href=\"https:\/\/prazskametropole.cz\/\">v&nbsp;Praze<\/a><\/strong>, je pro tento \u0159et\u011bzec velkou a dlouho o\u010dek\u00e1vanou p\u0159\u00edle\u017eitost\u00ed.<\/p>\n\n\n\n<div style=\"height:35px\" aria-hidden=\"true\" class=\"wp-block-spacer\"><\/div>\n\n\n<div class=\"wp-block-image\">\n<figure class=\"aligncenter size-full\"><img decoding=\"async\" src=\"https:\/\/prazskeprikopy.cz\/wp-content\/uploads\/2025\/01\/3_Fairmont-Golden-Prague-Riverside-Castle.jpg\" alt=\"Pra\u017esk\u00e1 Pa\u0159\u00ed\u017esk\u00e1: Hotel Fairmont Golden Prague se otev\u0159e v Pa\u0159\u00ed\u017esk\u00e9 ulici ji\u017e na ja\u0159e\" class=\"wp-image-11196\"\/><\/figure><\/div>\n\n\n<div style=\"height:35px\" aria-hidden=\"true\" class=\"wp-block-spacer\"><\/div>\n\n\n\n<p>\u201e<em>Ji\u017e v\u00edce ne\u017e sto let si Fairmont buduje pov\u011bst m\u00edsta, kde se odehr\u00e1vaj\u00ed v\u00fdznamn\u00e9 ud\u00e1losti a historick\u00e9 okam\u017eiky. Na\u0161\u00edm posl\u00e1n\u00edm je i nad\u00e1le prom\u011b\u0148ovat chv\u00edle str\u00e1ven\u00e9 v hotelu v nezapomenuteln\u00e9 z\u00e1\u017eitky a kr\u00e1sn\u00e9 vzpom\u00ednky pro na\u0161e hosty. Hotely Fairmont jsou toti\u017e v\u00edce ne\u017e jen luxusn\u00ed ubytov\u00e1n\u00ed \u2013 ka\u017ed\u00fd z nich m\u00e1 sv\u016fj vlastn\u00ed charakter, du\u0161i a je propojen\u00fd s m\u00edstn\u00ed komunitou. U\u017e nyn\u00ed v \u010cesku jedn\u00e1me s<\/em> <em>organiz\u00e1tory p\u0159edn\u00edch kulturn\u00edch ud\u00e1lost\u00ed o spolupr\u00e1ci,<\/em>\u201c <strong>uvedl Gerhard Struger, gener\u00e1ln\u00ed \u0159editel Fairmont Golden Prague.<\/strong><\/p>\n\n\n\n<div style=\"height:35px\" aria-hidden=\"true\" class=\"wp-block-spacer\"><\/div>\n\n\n<div class=\"wp-block-image\">\n<figure class=\"aligncenter size-full\"><img decoding=\"async\" src=\"https:\/\/prazskeprikopy.cz\/wp-content\/uploads\/2025\/01\/7_Fairmont-Golden-Prague-FB-The-Greenhouse.jpg\" alt=\"Pra\u017esk\u00e1 Pa\u0159\u00ed\u017esk\u00e1: Hotel Fairmont Golden Prague se otev\u0159e v Pa\u0159\u00ed\u017esk\u00e9 ulici ji\u017e na ja\u0159e\" class=\"wp-image-11199\"\/><\/figure><\/div>\n\n\n<div style=\"height:35px\" aria-hidden=\"true\" class=\"wp-block-spacer\"><\/div>\n\n\n\n<p>Budova Fairmont Golden Prague je mistrovsk\u00fdm p\u0159\u00edkladem brutalismu, kter\u00fd do sou\u010dasnosti p\u0159enesla <strong>citliv\u00e1 rekonstrukce<\/strong>. Budova, v&nbsp;n\u00ed\u017e v minulosti bydlely v\u00fdznamn\u00e9 osobnosti politick\u00e9, hudebn\u00ed, filmov\u00e9 \u010di sportovn\u00ed sf\u00e9ry jako nap\u0159\u00edklad Richard Nixon, Margaret Thatcherov\u00e1 nebo Tom Cruise, tak op\u011bt bude moci uk\u00e1zat <strong>to nejlep\u0161\u00ed z \u010deskoslovensk\u00e9ho i sou\u010dasn\u00e9ho designu a um\u011bn\u00ed<\/strong>, nap\u0159\u00edklad obnoven\u00fd ikonick\u00fd betonov\u00fd strop konferen\u010dn\u00edho s\u00e1lu od Jana \u0160r\u00e1mka, lustry od Ren\u00e9ho Roub\u00ed\u010dka, sv\u00edtidla od Huga Demartiniho \u010di stropn\u00ed \u0159ezb\u00e1\u0159sk\u00e9 pr\u00e1ce \u010cestm\u00edra Kafky.<\/p>\n\n\n\n<p>K ubytov\u00e1n\u00ed bude stejn\u011b jako d\u0159\u00edve slou\u017eit druh\u00e9 a\u017e osm\u00e9 podla\u017e\u00ed. K dispozici bude <strong>320 pokoj\u016f, apartm\u00e1n\u016f a servisovan\u00fdch rezidenc\u00ed. <\/strong>Ty dostanou zcela nov\u00e9 modern\u00ed interi\u00e9ry charakterizovan\u00e9 uklid\u0148uj\u00edc\u00edmi barvami a u\u0161lechtil\u00fdmi p\u0159\u00edrodn\u00edmi materi\u00e1ly, jako je d\u0159evo, sklo \u010di k\u016f\u017ee, je\u0161t\u011b podtr\u017een\u00e9 \u00fachvatn\u00fdm v\u00fdhledem na Prahu. Po\u010d\u00edt\u00e1 se tak\u00e9 se zapojen\u00edm \u0161pi\u010dkov\u00fdch \u010desk\u00fdch designov\u00fdch zna\u010dek. <\/p>\n\n\n\n<p>\u201e<em>Je pro n\u00e1s d\u016fle\u017eit\u00e9, aby si hotel uchoval \u010desk\u00e9ho ducha a aby host na ka\u017ed\u00e9m pokoji na\u0161el n\u011bjakou \u010deskou stopu<\/em>,\u201c <strong>dod\u00e1v\u00e1 Gerhard Struger.<\/strong><\/p>\n\n\n\n<div style=\"height:35px\" aria-hidden=\"true\" class=\"wp-block-spacer\"><\/div>\n\n\n\n<figure class=\"wp-block-gallery has-nested-images columns-default is-cropped wp-block-gallery-1 is-layout-flex wp-block-gallery-is-layout-flex\">\n<figure class=\"wp-block-image size-large\"><img decoding=\"async\" data-id=\"11192\" src=\"https:\/\/prazskeprikopy.cz\/wp-content\/uploads\/2025\/01\/5_Fairmont-Golden-Prague-Signature-Room-with-Riverside-view.jpg\" alt=\"Pra\u017esk\u00e1 Pa\u0159\u00ed\u017esk\u00e1: Hotel Fairmont Golden Prague se otev\u0159e v Pa\u0159\u00ed\u017esk\u00e9 ulici ji\u017e na ja\u0159e\" class=\"wp-image-11192\"\/><\/figure>\n\n\n\n<figure class=\"wp-block-image size-large\"><img decoding=\"async\" data-id=\"11193\" src=\"https:\/\/prazskeprikopy.cz\/wp-content\/uploads\/2025\/01\/4_Fairmont-Golden-Prague-Signature-Room-with-Riverside-view.jpg\" alt=\"Pra\u017esk\u00e1 Pa\u0159\u00ed\u017esk\u00e1: Hotel Fairmont Golden Prague se otev\u0159e v Pa\u0159\u00ed\u017esk\u00e9 ulici ji\u017e na ja\u0159e\" class=\"wp-image-11193\"\/><\/figure>\n<\/figure>\n\n\n\n<div style=\"height:35px\" aria-hidden=\"true\" class=\"wp-block-spacer\"><\/div>\n\n\n\n<p><strong><a href=\"https:\/\/prazskametropole.cz\/\">V Praze<\/a><\/strong> lze t\u011b\u017eko naj\u00edt obdobu<strong>&nbsp;znamenit\u00fdch restaurac\u00ed a bar\u016f&nbsp;<\/strong>pro ka\u017edou p\u0159\u00edle\u017eitost a n\u00e1ladu, kter\u00e9 hotel Fairmont Golden Prague host\u016fm i Pra\u017ean\u016fm nab\u00eddne. Od modern\u00ed restaurace s \u010desk\u00fdm pivem a terasou, kter\u00e1 je p\u0159\u00edmo p\u0159\u00edstupn\u00e1 z Dvo\u0159\u00e1kova n\u00e1b\u0159e\u017e\u00ed, p\u0159es asijsk\u00e9 speciality a\u017e po prostor nab\u00edzej\u00edc\u00ed nejvybran\u011bj\u0161\u00ed z\u00e1\u017eitkovou gastronomii. Vrcholem t\u00e9to nab\u00eddky bude st\u0159e\u0161n\u00ed restaurace <strong>Zlat\u00e1 Praha<\/strong>, kde host\u00e9 za\u017eij\u00ed jeden z nejlep\u0161\u00edch gastronomick\u00fdch z\u00e1\u017eitk\u016f v Praze, dopln\u011bn\u00fd o dechberouc\u00ed v\u00fdhled na panorama hlavn\u00edho m\u011bsta.<\/p>\n\n\n\n<p>\u00danik z velkom\u011bstsk\u00e9ho ruchu, inspirovan\u00fd p\u0159\u00edrodou, poskytne rozs\u00e1hl\u00e9 spa a fitness centrum <strong>Fairmont Spa &amp; Wellness<\/strong>, jeho\u017e sou\u010d\u00e1st\u00ed bude mimo jin\u00e9 vnit\u0159n\u00ed baz\u00e9n s mo\u017enost\u00ed celoro\u010dn\u011b proplout do venkovn\u00ed \u010d\u00e1sti, kter\u00fd je jedin\u00fd sv\u00e9ho druhu v centru Prahy.<\/p>\n\n\n\n<div style=\"height:35px\" aria-hidden=\"true\" class=\"wp-block-spacer\"><\/div>\n\n\n<div class=\"wp-block-image\">\n<figure class=\"aligncenter size-full\"><img decoding=\"async\" src=\"https:\/\/prazskeprikopy.cz\/wp-content\/uploads\/2025\/01\/6_Fairmont-Golden-Prague-FB-Zlata-Praha.jpg\" alt=\"Pra\u017esk\u00e1 Pa\u0159\u00ed\u017esk\u00e1: Hotel Fairmont Golden Prague se otev\u0159e v Pa\u0159\u00ed\u017esk\u00e9 ulici ji\u017e na ja\u0159e\" class=\"wp-image-11195\"\/><\/figure><\/div>\n\n\n<div style=\"height:35px\" aria-hidden=\"true\" class=\"wp-block-spacer\"><\/div>\n\n\n\n<p><strong>Fairmont Golden Prague<\/strong> bude rovn\u011b\u017e atraktivn\u00edm m\u00edstem pro kon\u00e1n\u00ed nezapomenuteln\u00fdch akc\u00ed. Velkorys\u00fd <strong>konferen\u010dn\u00ed s\u00e1l <\/strong>pojme a\u017e 600 host\u016f, kter\u00e9 obklop\u00ed nad\u010dasov\u00e1 elegance rekonstruovan\u00e9ho dobov\u00e9ho interi\u00e9ru s nejnov\u011bj\u0161\u00edmi audiovizu\u00e1ln\u00edmi technologiemi.<\/p>\n\n\n\n<p>Fairmont Golden Prague nab\u00eddne tak\u00e9 exkluzivn\u00ed slu\u017ebu <strong>Fairmont Gold<\/strong>. Mezi jej\u00ed v\u00fdhody pat\u0159\u00ed mimo jin\u00e9 soukrom\u00e9 odbaven\u00ed p\u0159i p\u0159\u00edjezdu, vlastn\u00ed concierge pro dokonale napl\u00e1novan\u00fd a str\u00e1ven\u00fd pobyt a p\u0159\u00edstup do elegantn\u00edho sal\u00f3nku Fairmont Gold Lounge, kde je k dispozici sn\u00eddan\u011b, ob\u010derstven\u00ed b\u011bhem dne a vlastn\u00ed bar.<\/p>\n\n\n\n<p>Sou\u010d\u00e1st\u00ed nov\u00e9 kapitoly<strong> hotelu Fairmont Golden Prague<\/strong> bude tak\u00e9 <strong>prom\u011bna prostoru p\u0159ed budovou hotelu v p\u0159\u00edv\u011btiv\u00e9 m\u00edsto pro Pra\u017eany a n\u00e1v\u0161t\u011bvn\u00edky Prahy<\/strong>. Na tuto prom\u011bnu bude brzy vypsan\u00e1 mezin\u00e1rodn\u00ed architektonicko-urbanistick\u00e1 sout\u011b\u017e.<\/p>\n\n\n\n<div style=\"height:35px\" aria-hidden=\"true\" class=\"wp-block-spacer\"><\/div>\n\n\n<div class=\"wp-block-image\">\n<figure class=\"aligncenter size-full\"><img decoding=\"async\" src=\"https:\/\/prazskeprikopy.cz\/wp-content\/uploads\/2025\/01\/8_Fairmont-Golden-Prague-Fairmont-Spa-Indoor-and-Outdoor-Pool.jpg\" alt=\"Pra\u017esk\u00e1 Pa\u0159\u00ed\u017esk\u00e1: Hotel Fairmont Golden Prague se otev\u0159e v Pa\u0159\u00ed\u017esk\u00e9 ulici ji\u017e na ja\u0159e\" class=\"wp-image-11194\"\/><\/figure><\/div>\n\n\n<div style=\"height:35px\" aria-hidden=\"true\" class=\"wp-block-spacer\"><\/div>\n\n\n\n<h2 class=\"wp-block-heading\">O spole\u010dnosti Fairmont<\/h2>\n\n\n\n<div style=\"height:35px\" aria-hidden=\"true\" class=\"wp-block-spacer\"><\/div>\n\n\n\n<p><strong>Fairmont Hotels &amp; Resorts<\/strong> je m\u00edsto, kde se intimita snoub\u00ed s nekone\u010dn\u00fdmi mo\u017enostmi \u2013 bezkonkuren\u010dn\u00ed portfolio v\u00edce ne\u017e 88 v\u00fdjime\u010dn\u00fdch hotel\u016f, kde se oslavuj\u00ed velk\u00e9 \u017eivotn\u00ed okam\u017eiky, srde\u010dn\u00ed ud\u00e1losti a osobn\u00ed miln\u00edky, na kter\u00e9 se vzpom\u00edn\u00e1 je\u0161t\u011b dlouho po n\u00e1v\u0161t\u011bv\u011b.<\/p>\n\n\n\n<p>Od roku 1907 vytv\u00e1\u0159\u00ed Fairmont velkolep\u00e9, v\u00fdzna\u010dn\u00e9 a nezapomenuteln\u00e9 hotely, kter\u00e9 maj\u00ed osobit\u00fd charakter a jsou hluboce spjaty s histori\u00ed, kulturou a komunitou sv\u00fdch destinac\u00ed \u2013 jedn\u00e1 se o m\u00edsta, jako jsou The Plaza v New Yorku, The Savoy v Lond\u00fdn\u011b, Fairmont San Francisco, Fairmont Banff Springs v Kanad\u011b, Fairmont Peace Hotel v \u0160anghaji \u010di Fairmont The Palm v Dubaji. <\/p>\n\n\n\n<p>Fairmont je zn\u00e1m\u00fd sv\u00fdmi strhuj\u00edc\u00edmi slu\u017ebami, \u00fachvatn\u00fdmi ve\u0159ejn\u00fdmi prostory, kuchyn\u00ed s lok\u00e1ln\u00ed inspirac\u00ed a ikonick\u00fdmi bary a salonky, ale je tak\u00e9 hrd\u00fd na sv\u016fj pokrokov\u00fd p\u0159\u00edstup k poskytovan\u00fdm slu\u017eb\u00e1m a veden\u00ed t\u00fdmu s d\u016frazem na udr\u017eitelnost a odpov\u011bdn\u00fd cestovn\u00ed ruch. Fairmont je sou\u010d\u00e1st\u00ed spole\u010dnosti Accor, p\u0159edn\u00ed sv\u011btov\u00e9 skupiny v oblasti pohostinstv\u00ed, kter\u00e1 \u010d\u00edt\u00e1 v\u00edce ne\u017e 5 400 ubytovac\u00edch za\u0159\u00edzen\u00ed ve v\u00edce ne\u017e 110 zem\u00edch a je zapojena do v\u011brnostn\u00edho programu ALL \u2013 Accor Live Limitless, kter\u00fd umo\u017e\u0148uje p\u0159\u00edstup k \u0161irok\u00e9 \u0161k\u00e1le odm\u011bn, slu\u017eeb a z\u00e1\u017eitk\u016f.<\/p>\n\n\n\n<h4 class=\"wp-block-heading\"><a href=\"https:\/\/www.fairmont.com\/\"><u>fairmont.com<\/u><\/a> | <a href=\"https:\/\/all.accor.com\/france\/index.fr.shtml\">all.accor.com<\/a> | <a href=\"https:\/\/group.accor.com\/fr-FR\"><u>group.accor.com<\/u><\/a><\/h4>\n\n\n\n<div style=\"height:100px\" aria-hidden=\"true\" class=\"wp-block-spacer\"><\/div>\n\n\n\n<figure class=\"wp-block-gallery has-nested-images columns-2 is-cropped wp-block-gallery-3 is-layout-flex wp-block-gallery-is-layout-flex\">\n<figure class=\"wp-block-image size-large\"><img decoding=\"async\" data-id=\"11200\" src=\"https:\/\/prazskeprikopy.cz\/wp-content\/uploads\/2025\/01\/1_Fairmont-Golden-Prague.jpg\" alt=\"Pra\u017esk\u00e1 Pa\u0159\u00ed\u017esk\u00e1: Hotel Fairmont Golden Prague se otev\u0159e v Pa\u0159\u00ed\u017esk\u00e9 ulici ji\u017e na ja\u0159e\" class=\"wp-image-11200\"\/><\/figure>\n\n\n\n<figure class=\"wp-block-image size-large\"><img decoding=\"async\" data-id=\"11196\" src=\"https:\/\/prazskeprikopy.cz\/wp-content\/uploads\/2025\/01\/3_Fairmont-Golden-Prague-Riverside-Castle.jpg\" alt=\"Pra\u017esk\u00e1 Pa\u0159\u00ed\u017esk\u00e1: Hotel Fairmont Golden Prague se otev\u0159e v Pa\u0159\u00ed\u017esk\u00e9 ulici ji\u017e na ja\u0159e\" class=\"wp-image-11196\"\/><\/figure>\n\n\n\n<figure class=\"wp-block-image size-large\"><img decoding=\"async\" data-id=\"11192\" src=\"https:\/\/prazskeprikopy.cz\/wp-content\/uploads\/2025\/01\/5_Fairmont-Golden-Prague-Signature-Room-with-Riverside-view.jpg\" alt=\"Pra\u017esk\u00e1 Pa\u0159\u00ed\u017esk\u00e1: Hotel Fairmont Golden Prague se otev\u0159e v Pa\u0159\u00ed\u017esk\u00e9 ulici ji\u017e na ja\u0159e\" class=\"wp-image-11192\"\/><\/figure>\n\n\n\n<figure class=\"wp-block-image size-large\"><img decoding=\"async\" data-id=\"11193\" src=\"https:\/\/prazskeprikopy.cz\/wp-content\/uploads\/2025\/01\/4_Fairmont-Golden-Prague-Signature-Room-with-Riverside-view.jpg\" alt=\"Pra\u017esk\u00e1 Pa\u0159\u00ed\u017esk\u00e1: Hotel Fairmont Golden Prague se otev\u0159e v Pa\u0159\u00ed\u017esk\u00e9 ulici ji\u017e na ja\u0159e\" class=\"wp-image-11193\"\/><\/figure>\n\n\n\n<figure class=\"wp-block-image size-large\"><img decoding=\"async\" data-id=\"11195\" src=\"https:\/\/prazskeprikopy.cz\/wp-content\/uploads\/2025\/01\/6_Fairmont-Golden-Prague-FB-Zlata-Praha.jpg\" alt=\"Pra\u017esk\u00e1 Pa\u0159\u00ed\u017esk\u00e1: Hotel Fairmont Golden Prague se otev\u0159e v Pa\u0159\u00ed\u017esk\u00e9 ulici ji\u017e na ja\u0159e\" class=\"wp-image-11195\"\/><\/figure>\n\n\n\n<figure class=\"wp-block-image size-large\"><img decoding=\"async\" data-id=\"11199\" src=\"https:\/\/prazskeprikopy.cz\/wp-content\/uploads\/2025\/01\/7_Fairmont-Golden-Prague-FB-The-Greenhouse.jpg\" alt=\"Pra\u017esk\u00e1 Pa\u0159\u00ed\u017esk\u00e1: Hotel Fairmont Golden Prague se otev\u0159e v Pa\u0159\u00ed\u017esk\u00e9 ulici ji\u017e na ja\u0159e\" class=\"wp-image-11199\"\/><\/figure>\n\n\n\n<figure class=\"wp-block-image size-large\"><img decoding=\"async\" data-id=\"11197\" src=\"https:\/\/prazskeprikopy.cz\/wp-content\/uploads\/2025\/01\/9_Fairmont-Golden-Prague-MICE-Grand-Ballroom.jpg\" alt=\"Pra\u017esk\u00e1 Pa\u0159\u00ed\u017esk\u00e1: Hotel Fairmont Golden Prague se otev\u0159e v Pa\u0159\u00ed\u017esk\u00e9 ulici ji\u017e na ja\u0159e\" class=\"wp-image-11197\"\/><\/figure>\n\n\n\n<figure class=\"wp-block-image size-large\"><img decoding=\"async\" data-id=\"11194\" src=\"https:\/\/prazskeprikopy.cz\/wp-content\/uploads\/2025\/01\/8_Fairmont-Golden-Prague-Fairmont-Spa-Indoor-and-Outdoor-Pool.jpg\" alt=\"Pra\u017esk\u00e1 Pa\u0159\u00ed\u017esk\u00e1: Hotel Fairmont Golden Prague se otev\u0159e v Pa\u0159\u00ed\u017esk\u00e9 ulici ji\u017e na ja\u0159e\" class=\"wp-image-11194\"\/><\/figure>\n\n\n\n<figure class=\"wp-block-image size-large\"><img decoding=\"async\" data-id=\"11198\" src=\"https:\/\/prazskeprikopy.cz\/wp-content\/uploads\/2025\/01\/2_Fairmont-Golden-Prague-Riverside-Garden.jpg\" alt=\"Pra\u017esk\u00e1 Pa\u0159\u00ed\u017esk\u00e1: Hotel Fairmont Golden Prague se otev\u0159e v Pa\u0159\u00ed\u017esk\u00e9 ulici ji\u017e na ja\u0159e\" class=\"wp-image-11198\"\/><\/figure>\n<\/figure>\n\n\n\n<div style=\"height:35px\" aria-hidden=\"true\" class=\"wp-block-spacer\"><\/div>\n\n\n\n<p><strong>Zdroj foto:<\/strong> Fairmont Hotels &amp; Resorts<\/p>\n\n\n\n<div style=\"height:54px\" aria-hidden=\"true\" class=\"wp-block-spacer\"><\/div>\n","protected":false},"excerpt":{"rendered":"<p>V&nbsp;sam\u00e9m srdci Prahy v Pa\u0159\u00ed\u017esk\u00e9 ulici se na ja\u0159e otev\u0159e p\u011btihv\u011bzdi\u010dkov\u00fd hotel Fairmont Golden Prague, kter\u00fd vdechne nov\u00fd \u017eivot ikonick\u00e9 pra\u017esk\u00e9 budov\u011b. Cennou brutalistn\u00ed stavbu koupila rodinn\u00e1 investi\u010dn\u00ed kancel\u00e1\u0159 R2G a po citliv\u00e9 rekonstrukci&#46;&#46;&#46;<\/p>\n","protected":false},"author":3,"featured_media":6964,"comment_status":"closed","ping_status":"closed","sticky":false,"template":"","format":"standard","meta":{"_monsterinsights_skip_tracking":false,"_monsterinsights_sitenote_active":false,"_monsterinsights_sitenote_note":"","_monsterinsights_sitenote_category":0,"footnotes":""},"categories":[4,26,22,2],"tags":[],"yoast_head":"<!-- This site is optimized with the Yoast SEO plugin v21.5 - https:\/\/yoast.com\/wordpress\/plugins\/seo\/ -->\n<title>Pra\u017esk\u00e1 Pa\u0159\u00ed\u017esk\u00e1: Hotel Fairmont Golden Prague se otev\u0159e v Pa\u0159\u00ed\u017esk\u00e9 ulici ji\u017e na ja\u0159e - HOTELHOUSE.cz<\/title>\n<meta name=\"description\" content=\"V\u00a0srdci Prahy v Pa\u0159\u00ed\u017esk\u00e9 ulici se na ja\u0159e otev\u0159e p\u011btihv\u011bzdi\u010dkov\u00fd hotel Fairmont Golden Prague, kter\u00fd vdechne nov\u00fd \u017eivot ikonick\u00e9 budov\u011b.\" \/>\n<meta name=\"robots\" content=\"index, follow, max-snippet:-1, max-image-preview:large, max-video-preview:-1\" \/>\n<link rel=\"canonical\" href=\"https:\/\/hotelhouse.cz\/index.php\/2025\/02\/28\/prazska-parizska-hotel-fairmont-golden-prague-se-otevre-v-parizske-ulici-jiz-na-jare\/\" \/>\n<meta property=\"og:locale\" content=\"cs_CZ\" \/>\n<meta property=\"og:type\" content=\"article\" \/>\n<meta property=\"og:title\" content=\"Pra\u017esk\u00e1 Pa\u0159\u00ed\u017esk\u00e1: Hotel Fairmont Golden Prague se otev\u0159e v Pa\u0159\u00ed\u017esk\u00e9 ulici ji\u017e na ja\u0159e - HOTELHOUSE.cz\" \/>\n<meta property=\"og:description\" content=\"V\u00a0srdci Prahy v Pa\u0159\u00ed\u017esk\u00e9 ulici se na ja\u0159e otev\u0159e p\u011btihv\u011bzdi\u010dkov\u00fd hotel Fairmont Golden Prague, kter\u00fd vdechne nov\u00fd \u017eivot ikonick\u00e9 budov\u011b.\" \/>\n<meta property=\"og:url\" content=\"https:\/\/hotelhouse.cz\/index.php\/2025\/02\/28\/prazska-parizska-hotel-fairmont-golden-prague-se-otevre-v-parizske-ulici-jiz-na-jare\/\" \/>\n<meta property=\"og:site_name\" content=\"HOTELHOUSE.cz\" \/>\n<meta property=\"article:published_time\" content=\"2025-02-27T23:01:00+00:00\" \/>\n<meta property=\"article:modified_time\" content=\"2025-01-25T00:10:17+00:00\" \/>\n<meta property=\"og:image\" content=\"https:\/\/hotelhouse.cz\/wp-content\/uploads\/2025\/01\/2_Fairmont-Golden-Prague-Riverside-Garden.jpg\" \/>\n\t<meta property=\"og:image:width\" content=\"1000\" \/>\n\t<meta property=\"og:image:height\" content=\"667\" \/>\n\t<meta property=\"og:image:type\" content=\"image\/jpeg\" \/>\n<meta name=\"author\" content=\"Van\u011bk Miroslav\" \/>\n<meta name=\"twitter:card\" content=\"summary_large_image\" \/>\n<meta name=\"twitter:label1\" content=\"Napsal(a)\" \/>\n\t<meta name=\"twitter:data1\" content=\"Van\u011bk Miroslav\" \/>\n\t<meta name=\"twitter:label2\" content=\"Odhadovan\u00e1 doba \u010dten\u00ed\" \/>\n\t<meta name=\"twitter:data2\" content=\"8 minut\" \/>\n<script type=\"application\/ld+json\" class=\"yoast-schema-graph\">{\"@context\":\"https:\/\/schema.org\",\"@graph\":[{\"@type\":\"Article\",\"@id\":\"https:\/\/hotelhouse.cz\/index.php\/2025\/02\/28\/prazska-parizska-hotel-fairmont-golden-prague-se-otevre-v-parizske-ulici-jiz-na-jare\/#article\",\"isPartOf\":{\"@id\":\"https:\/\/hotelhouse.cz\/index.php\/2025\/02\/28\/prazska-parizska-hotel-fairmont-golden-prague-se-otevre-v-parizske-ulici-jiz-na-jare\/\"},\"author\":{\"name\":\"Van\u011bk Miroslav\",\"@id\":\"https:\/\/hotelhouse.cz\/#\/schema\/person\/fa8caee3f0a9c6134afed3c541204812\"},\"headline\":\"Pra\u017esk\u00e1 Pa\u0159\u00ed\u017esk\u00e1: Hotel Fairmont Golden Prague se otev\u0159e v Pa\u0159\u00ed\u017esk\u00e9 ulici ji\u017e na ja\u0159e\",\"datePublished\":\"2025-02-27T23:01:00+00:00\",\"dateModified\":\"2025-01-25T00:10:17+00:00\",\"mainEntityOfPage\":{\"@id\":\"https:\/\/hotelhouse.cz\/index.php\/2025\/02\/28\/prazska-parizska-hotel-fairmont-golden-prague-se-otevre-v-parizske-ulici-jiz-na-jare\/\"},\"wordCount\":1190,\"publisher\":{\"@id\":\"https:\/\/hotelhouse.cz\/#organization\"},\"articleSection\":[\"HOTELY &amp; PENZIONY\",\"N\u00e1dhern\u00e1M\u00edsta.cz\",\"NaDovolenouDoPrahy.cz\",\"NEWS\"],\"inLanguage\":\"cs\"},{\"@type\":\"WebPage\",\"@id\":\"https:\/\/hotelhouse.cz\/index.php\/2025\/02\/28\/prazska-parizska-hotel-fairmont-golden-prague-se-otevre-v-parizske-ulici-jiz-na-jare\/\",\"url\":\"https:\/\/hotelhouse.cz\/index.php\/2025\/02\/28\/prazska-parizska-hotel-fairmont-golden-prague-se-otevre-v-parizske-ulici-jiz-na-jare\/\",\"name\":\"Pra\u017esk\u00e1 Pa\u0159\u00ed\u017esk\u00e1: Hotel Fairmont Golden Prague se otev\u0159e v Pa\u0159\u00ed\u017esk\u00e9 ulici ji\u017e na ja\u0159e - HOTELHOUSE.cz\",\"isPartOf\":{\"@id\":\"https:\/\/hotelhouse.cz\/#website\"},\"datePublished\":\"2025-02-27T23:01:00+00:00\",\"dateModified\":\"2025-01-25T00:10:17+00:00\",\"description\":\"V\u00a0srdci Prahy v Pa\u0159\u00ed\u017esk\u00e9 ulici se na ja\u0159e otev\u0159e p\u011btihv\u011bzdi\u010dkov\u00fd hotel Fairmont Golden Prague, kter\u00fd vdechne nov\u00fd \u017eivot ikonick\u00e9 budov\u011b.\",\"breadcrumb\":{\"@id\":\"https:\/\/hotelhouse.cz\/index.php\/2025\/02\/28\/prazska-parizska-hotel-fairmont-golden-prague-se-otevre-v-parizske-ulici-jiz-na-jare\/#breadcrumb\"},\"inLanguage\":\"cs\",\"potentialAction\":[{\"@type\":\"ReadAction\",\"target\":[\"https:\/\/hotelhouse.cz\/index.php\/2025\/02\/28\/prazska-parizska-hotel-fairmont-golden-prague-se-otevre-v-parizske-ulici-jiz-na-jare\/\"]}]},{\"@type\":\"BreadcrumbList\",\"@id\":\"https:\/\/hotelhouse.cz\/index.php\/2025\/02\/28\/prazska-parizska-hotel-fairmont-golden-prague-se-otevre-v-parizske-ulici-jiz-na-jare\/#breadcrumb\",\"itemListElement\":[{\"@type\":\"ListItem\",\"position\":1,\"name\":\"Dom\u016f\",\"item\":\"https:\/\/hotelhouse.cz\/\"},{\"@type\":\"ListItem\",\"position\":2,\"name\":\"Pra\u017esk\u00e1 Pa\u0159\u00ed\u017esk\u00e1: Hotel Fairmont Golden Prague se otev\u0159e v Pa\u0159\u00ed\u017esk\u00e9 ulici ji\u017e na ja\u0159e\"}]},{\"@type\":\"WebSite\",\"@id\":\"https:\/\/hotelhouse.cz\/#website\",\"url\":\"https:\/\/hotelhouse.cz\/\",\"name\":\"HOTELHOUSE.cz\",\"description\":\"Port\u00e1l o hotelech, pensionech, spa resortech a restaurac\u00edch...\",\"publisher\":{\"@id\":\"https:\/\/hotelhouse.cz\/#organization\"},\"potentialAction\":[{\"@type\":\"SearchAction\",\"target\":{\"@type\":\"EntryPoint\",\"urlTemplate\":\"https:\/\/hotelhouse.cz\/?s={search_term_string}\"},\"query-input\":\"required name=search_term_string\"}],\"inLanguage\":\"cs\"},{\"@type\":\"Organization\",\"@id\":\"https:\/\/hotelhouse.cz\/#organization\",\"name\":\"HOTELHOUSE.cz\",\"url\":\"https:\/\/hotelhouse.cz\/\",\"logo\":{\"@type\":\"ImageObject\",\"inLanguage\":\"cs\",\"@id\":\"https:\/\/hotelhouse.cz\/#\/schema\/logo\/image\/\",\"url\":\"https:\/\/hotelhouse.cz\/wp-content\/uploads\/2024\/12\/cropped-Logo_HotelHouse-2.jpg\",\"contentUrl\":\"https:\/\/hotelhouse.cz\/wp-content\/uploads\/2024\/12\/cropped-Logo_HotelHouse-2.jpg\",\"width\":933,\"height\":516,\"caption\":\"HOTELHOUSE.cz\"},\"image\":{\"@id\":\"https:\/\/hotelhouse.cz\/#\/schema\/logo\/image\/\"},\"sameAs\":[\"https:\/\/www.instagram.com\/hotelhousecz\/\"]},{\"@type\":\"Person\",\"@id\":\"https:\/\/hotelhouse.cz\/#\/schema\/person\/fa8caee3f0a9c6134afed3c541204812\",\"name\":\"Van\u011bk Miroslav\",\"image\":{\"@type\":\"ImageObject\",\"inLanguage\":\"cs\",\"@id\":\"https:\/\/hotelhouse.cz\/#\/schema\/person\/image\/\",\"url\":\"https:\/\/secure.gravatar.com\/avatar\/cc93dbecbfc820d69a964ea4a1c72377?s=96&d=mm&r=g\",\"contentUrl\":\"https:\/\/secure.gravatar.com\/avatar\/cc93dbecbfc820d69a964ea4a1c72377?s=96&d=mm&r=g\",\"caption\":\"Van\u011bk Miroslav\"},\"sameAs\":[\"http:\/\/www.hotelhouse.cz\"],\"url\":\"https:\/\/hotelhouse.cz\/index.php\/author\/mirvan\/\"}]}<\/script>\n<!-- \/ Yoast SEO plugin. -->","yoast_head_json":{"title":"Pra\u017esk\u00e1 Pa\u0159\u00ed\u017esk\u00e1: Hotel Fairmont Golden Prague se otev\u0159e v Pa\u0159\u00ed\u017esk\u00e9 ulici ji\u017e na ja\u0159e - HOTELHOUSE.cz","description":"V\u00a0srdci Prahy v Pa\u0159\u00ed\u017esk\u00e9 ulici se na ja\u0159e otev\u0159e p\u011btihv\u011bzdi\u010dkov\u00fd hotel Fairmont Golden Prague, kter\u00fd vdechne nov\u00fd \u017eivot ikonick\u00e9 budov\u011b.","robots":{"index":"index","follow":"follow","max-snippet":"max-snippet:-1","max-image-preview":"max-image-preview:large","max-video-preview":"max-video-preview:-1"},"canonical":"https:\/\/hotelhouse.cz\/index.php\/2025\/02\/28\/prazska-parizska-hotel-fairmont-golden-prague-se-otevre-v-parizske-ulici-jiz-na-jare\/","og_locale":"cs_CZ","og_type":"article","og_title":"Pra\u017esk\u00e1 Pa\u0159\u00ed\u017esk\u00e1: Hotel Fairmont Golden Prague se otev\u0159e v Pa\u0159\u00ed\u017esk\u00e9 ulici ji\u017e na ja\u0159e - HOTELHOUSE.cz","og_description":"V\u00a0srdci Prahy v Pa\u0159\u00ed\u017esk\u00e9 ulici se na ja\u0159e otev\u0159e p\u011btihv\u011bzdi\u010dkov\u00fd hotel Fairmont Golden Prague, kter\u00fd vdechne nov\u00fd \u017eivot ikonick\u00e9 budov\u011b.","og_url":"https:\/\/hotelhouse.cz\/index.php\/2025\/02\/28\/prazska-parizska-hotel-fairmont-golden-prague-se-otevre-v-parizske-ulici-jiz-na-jare\/","og_site_name":"HOTELHOUSE.cz","article_published_time":"2025-02-27T23:01:00+00:00","article_modified_time":"2025-01-25T00:10:17+00:00","og_image":[{"width":1000,"height":667,"url":"https:\/\/hotelhouse.cz\/wp-content\/uploads\/2025\/01\/2_Fairmont-Golden-Prague-Riverside-Garden.jpg","type":"image\/jpeg"}],"author":"Van\u011bk Miroslav","twitter_card":"summary_large_image","twitter_misc":{"Napsal(a)":"Van\u011bk Miroslav","Odhadovan\u00e1 doba \u010dten\u00ed":"8 minut"},"schema":{"@context":"https:\/\/schema.org","@graph":[{"@type":"Article","@id":"https:\/\/hotelhouse.cz\/index.php\/2025\/02\/28\/prazska-parizska-hotel-fairmont-golden-prague-se-otevre-v-parizske-ulici-jiz-na-jare\/#article","isPartOf":{"@id":"https:\/\/hotelhouse.cz\/index.php\/2025\/02\/28\/prazska-parizska-hotel-fairmont-golden-prague-se-otevre-v-parizske-ulici-jiz-na-jare\/"},"author":{"name":"Van\u011bk Miroslav","@id":"https:\/\/hotelhouse.cz\/#\/schema\/person\/fa8caee3f0a9c6134afed3c541204812"},"headline":"Pra\u017esk\u00e1 Pa\u0159\u00ed\u017esk\u00e1: Hotel Fairmont Golden Prague se otev\u0159e v Pa\u0159\u00ed\u017esk\u00e9 ulici ji\u017e na ja\u0159e","datePublished":"2025-02-27T23:01:00+00:00","dateModified":"2025-01-25T00:10:17+00:00","mainEntityOfPage":{"@id":"https:\/\/hotelhouse.cz\/index.php\/2025\/02\/28\/prazska-parizska-hotel-fairmont-golden-prague-se-otevre-v-parizske-ulici-jiz-na-jare\/"},"wordCount":1190,"publisher":{"@id":"https:\/\/hotelhouse.cz\/#organization"},"articleSection":["HOTELY &amp; PENZIONY","N\u00e1dhern\u00e1M\u00edsta.cz","NaDovolenouDoPrahy.cz","NEWS"],"inLanguage":"cs"},{"@type":"WebPage","@id":"https:\/\/hotelhouse.cz\/index.php\/2025\/02\/28\/prazska-parizska-hotel-fairmont-golden-prague-se-otevre-v-parizske-ulici-jiz-na-jare\/","url":"https:\/\/hotelhouse.cz\/index.php\/2025\/02\/28\/prazska-parizska-hotel-fairmont-golden-prague-se-otevre-v-parizske-ulici-jiz-na-jare\/","name":"Pra\u017esk\u00e1 Pa\u0159\u00ed\u017esk\u00e1: Hotel Fairmont Golden Prague se otev\u0159e v Pa\u0159\u00ed\u017esk\u00e9 ulici ji\u017e na ja\u0159e - HOTELHOUSE.cz","isPartOf":{"@id":"https:\/\/hotelhouse.cz\/#website"},"datePublished":"2025-02-27T23:01:00+00:00","dateModified":"2025-01-25T00:10:17+00:00","description":"V\u00a0srdci Prahy v Pa\u0159\u00ed\u017esk\u00e9 ulici se na ja\u0159e otev\u0159e p\u011btihv\u011bzdi\u010dkov\u00fd hotel Fairmont Golden Prague, kter\u00fd vdechne nov\u00fd \u017eivot ikonick\u00e9 budov\u011b.","breadcrumb":{"@id":"https:\/\/hotelhouse.cz\/index.php\/2025\/02\/28\/prazska-parizska-hotel-fairmont-golden-prague-se-otevre-v-parizske-ulici-jiz-na-jare\/#breadcrumb"},"inLanguage":"cs","potentialAction":[{"@type":"ReadAction","target":["https:\/\/hotelhouse.cz\/index.php\/2025\/02\/28\/prazska-parizska-hotel-fairmont-golden-prague-se-otevre-v-parizske-ulici-jiz-na-jare\/"]}]},{"@type":"BreadcrumbList","@id":"https:\/\/hotelhouse.cz\/index.php\/2025\/02\/28\/prazska-parizska-hotel-fairmont-golden-prague-se-otevre-v-parizske-ulici-jiz-na-jare\/#breadcrumb","itemListElement":[{"@type":"ListItem","position":1,"name":"Dom\u016f","item":"https:\/\/hotelhouse.cz\/"},{"@type":"ListItem","position":2,"name":"Pra\u017esk\u00e1 Pa\u0159\u00ed\u017esk\u00e1: Hotel Fairmont Golden Prague se otev\u0159e v Pa\u0159\u00ed\u017esk\u00e9 ulici ji\u017e na ja\u0159e"}]},{"@type":"WebSite","@id":"https:\/\/hotelhouse.cz\/#website","url":"https:\/\/hotelhouse.cz\/","name":"HOTELHOUSE.cz","description":"Port\u00e1l o hotelech, pensionech, spa resortech a restaurac\u00edch...","publisher":{"@id":"https:\/\/hotelhouse.cz\/#organization"},"potentialAction":[{"@type":"SearchAction","target":{"@type":"EntryPoint","urlTemplate":"https:\/\/hotelhouse.cz\/?s={search_term_string}"},"query-input":"required name=search_term_string"}],"inLanguage":"cs"},{"@type":"Organization","@id":"https:\/\/hotelhouse.cz\/#organization","name":"HOTELHOUSE.cz","url":"https:\/\/hotelhouse.cz\/","logo":{"@type":"ImageObject","inLanguage":"cs","@id":"https:\/\/hotelhouse.cz\/#\/schema\/logo\/image\/","url":"https:\/\/hotelhouse.cz\/wp-content\/uploads\/2024\/12\/cropped-Logo_HotelHouse-2.jpg","contentUrl":"https:\/\/hotelhouse.cz\/wp-content\/uploads\/2024\/12\/cropped-Logo_HotelHouse-2.jpg","width":933,"height":516,"caption":"HOTELHOUSE.cz"},"image":{"@id":"https:\/\/hotelhouse.cz\/#\/schema\/logo\/image\/"},"sameAs":["https:\/\/www.instagram.com\/hotelhousecz\/"]},{"@type":"Person","@id":"https:\/\/hotelhouse.cz\/#\/schema\/person\/fa8caee3f0a9c6134afed3c541204812","name":"Van\u011bk Miroslav","image":{"@type":"ImageObject","inLanguage":"cs","@id":"https:\/\/hotelhouse.cz\/#\/schema\/person\/image\/","url":"https:\/\/secure.gravatar.com\/avatar\/cc93dbecbfc820d69a964ea4a1c72377?s=96&d=mm&r=g","contentUrl":"https:\/\/secure.gravatar.com\/avatar\/cc93dbecbfc820d69a964ea4a1c72377?s=96&d=mm&r=g","caption":"Van\u011bk Miroslav"},"sameAs":["http:\/\/www.hotelhouse.cz"],"url":"https:\/\/hotelhouse.cz\/index.php\/author\/mirvan\/"}]}},"_links":{"self":[{"href":"https:\/\/hotelhouse.cz\/index.php\/wp-json\/wp\/v2\/posts\/6963"}],"collection":[{"href":"https:\/\/hotelhouse.cz\/index.php\/wp-json\/wp\/v2\/posts"}],"about":[{"href":"https:\/\/hotelhouse.cz\/index.php\/wp-json\/wp\/v2\/types\/post"}],"author":[{"embeddable":true,"href":"https:\/\/hotelhouse.cz\/index.php\/wp-json\/wp\/v2\/users\/3"}],"replies":[{"embeddable":true,"href":"https:\/\/hotelhouse.cz\/index.php\/wp-json\/wp\/v2\/comments?post=6963"}],"version-history":[{"count":1,"href":"https:\/\/hotelhouse.cz\/index.php\/wp-json\/wp\/v2\/posts\/6963\/revisions"}],"predecessor-version":[{"id":6965,"href":"https:\/\/hotelhouse.cz\/index.php\/wp-json\/wp\/v2\/posts\/6963\/revisions\/6965"}],"wp:featuredmedia":[{"embeddable":true,"href":"https:\/\/hotelhouse.cz\/index.php\/wp-json\/wp\/v2\/media\/6964"}],"wp:attachment":[{"href":"https:\/\/hotelhouse.cz\/index.php\/wp-json\/wp\/v2\/media?parent=6963"}],"wp:term":[{"taxonomy":"category","embeddable":true,"href":"https:\/\/hotelhouse.cz\/index.php\/wp-json\/wp\/v2\/categories?post=6963"},{"taxonomy":"post_tag","embeddable":true,"href":"https:\/\/hotelhouse.cz\/index.php\/wp-json\/wp\/v2\/tags?post=6963"}],"curies":[{"name":"wp","href":"https:\/\/api.w.org\/{rel}","templated":true}]}}