{"id":7066,"date":"2025-02-06T00:01:00","date_gmt":"2025-02-05T23:01:00","guid":{"rendered":"https:\/\/hotelhouse.cz\/?p=7066"},"modified":"2025-02-03T09:50:55","modified_gmt":"2025-02-03T08:50:55","slug":"pozvanka-villu-pelle-prostoupila-tlakova-vlna-michala-cimaly","status":"publish","type":"post","link":"https:\/\/hotelhouse.cz\/index.php\/2025\/02\/06\/pozvanka-villu-pelle-prostoupila-tlakova-vlna-michala-cimaly\/","title":{"rendered":"Pozv\u00e1nka: Villu Pell\u00e9 prostoupila Tlakov\u00e1 vlna Michala Cimaly"},"content":{"rendered":"\n<div style=\"height:35px\" aria-hidden=\"true\" class=\"wp-block-spacer\"><\/div>\n\n\n\n<p><strong>Pod n\u00e1zvem TLAKOV\u00c1 VLNA nab\u00edz\u00ed od p\u00e1tku 24. ledna do ned\u011ble 2. b\u0159ezna Galerie Villa Pell\u00e9 v\u00fdstavu kl\u00ed\u010dov\u00e9 osobnosti sou\u010dasn\u00e9 um\u011bleck\u00e9 sc\u00e9ny, socha\u0159e, mal\u00ed\u0159e, design\u00e9ra a hudebn\u00edka Michala Cimaly, kter\u00fd v&nbsp;leto\u0161n\u00edm roce oslav\u00ed pades\u00e1tiny. V\u00fdstava nab\u00eddne retrospektivn\u00ed pohled na jeho tvorbu posledn\u00edch dvou dek\u00e1d, ve kter\u00e9 se odr\u00e1\u017eej\u00ed osobn\u00ed zku\u0161enosti, reakce na celospole\u010densk\u00e9 zm\u011bny, kritika medi\u00e1ln\u00edch manipulac\u00ed, masov\u00fdch kultur i z\u00e1vislost\u00ed na nov\u00fdch m\u00e9di\u00edch.<\/strong> <strong>Prostory galerie zapln\u00ed nejen Cimalovy obrazy a sochy, ale t\u0159eba i jeho ikonick\u00e9 autorsk\u00e9 bundy. <\/strong><\/p>\n\n\n\n<div style=\"height:35px\" aria-hidden=\"true\" class=\"wp-block-spacer\"><\/div>\n\n\n\n<p><em>\u201eMichala jsem poznala v&nbsp;roce 2008 jako v\u00fdtvarn\u00edka a re\u017eis\u00e9ra multimedi\u00e1ln\u00ed show Code 58.08, kterou byla zah\u00e1jena v&nbsp;GHMP v\u00fdstava Bruselsk\u00fd sen, a kterou jsem spoluprodukovala. U\u017e tehdy jsem byla fascinov\u00e1na \u0161\u00ed\u0159\u00ed jeho um\u011bleck\u00e9ho z\u00e1b\u011bru a v\u011bd\u011bla jsem, \u017ee spolupr\u00e1ce s&nbsp;t\u00edmto \u010dlov\u011bkem bude pokra\u010dovat. Shodou okolnost\u00ed to trvalo 17 let, ne\u017e jsme se zase um\u011blecky potkali, a to p\u0159\u00edmo na jeho s\u00f3lov\u00e9 v\u00fdstav\u011b u n\u00e1s v&nbsp;galerii,\u201c <\/em><strong>\u0159\u00edk\u00e1 o v\u00fdstav\u011b \u0159editelka Galerie Villa Pell\u00e9 Vladana R\u00fddlov\u00e1. Kur\u00e1torem v\u00fdstavy je Petr Va\u0148ous.<\/strong><\/p>\n\n\n\n<div style=\"height:35px\" aria-hidden=\"true\" class=\"wp-block-spacer\"><\/div>\n\n\n<div class=\"wp-block-image\">\n<figure class=\"aligncenter size-large\"><img decoding=\"async\" loading=\"lazy\" width=\"1024\" height=\"683\" src=\"https:\/\/hotelhouse.cz\/wp-content\/uploads\/2025\/01\/R4_5428b_Michal-Cimala-Foto-Tomas-Rasl_m-1024x683.jpg\" alt=\"Pozv\u00e1nka: Villu Pell\u00e9 prostoupila Tlakov\u00e1 vlna Michala Cimaly\" class=\"wp-image-7067\" srcset=\"https:\/\/hotelhouse.cz\/wp-content\/uploads\/2025\/01\/R4_5428b_Michal-Cimala-Foto-Tomas-Rasl_m-1024x683.jpg 1024w, https:\/\/hotelhouse.cz\/wp-content\/uploads\/2025\/01\/R4_5428b_Michal-Cimala-Foto-Tomas-Rasl_m-300x200.jpg 300w, https:\/\/hotelhouse.cz\/wp-content\/uploads\/2025\/01\/R4_5428b_Michal-Cimala-Foto-Tomas-Rasl_m-768x512.jpg 768w, https:\/\/hotelhouse.cz\/wp-content\/uploads\/2025\/01\/R4_5428b_Michal-Cimala-Foto-Tomas-Rasl_m.jpg 1204w\" sizes=\"(max-width: 1024px) 100vw, 1024px\" \/><\/figure><\/div>\n\n\n<div style=\"height:35px\" aria-hidden=\"true\" class=\"wp-block-spacer\"><\/div>\n\n\n\n<p><em>Na v\u00fdstav\u011b ve Ville Pell\u00e9 se objevuj\u00ed dva cykly obraz\u016f, na kter\u00fdch jsem pracoval posledn\u00ed dva roky. V\u00fdstava je hodn\u011b koncentrovan\u00e1 a instalace obohacen\u00e1 o sochy, kter\u00e9 jsem p\u0159izp\u016fsobil prostor\u00e1m vily. Vzhledem k&nbsp;tomu, \u017ee v\u00fdstava vznikla k&nbsp;p\u0159\u00edle\u017eitosti m\u00fdch pades\u00e1t\u00fdch narozenin, je pro m\u011b d\u016fle\u017eit\u00e9 vid\u011bt v\u0161echnu moji pr\u00e1ci za posledn\u00ed roky pohromad\u011b mimo ateli\u00e9r a jsem r\u00e1d, \u017ee se o to mohu pod\u011blit s&nbsp;div\u00e1ky,\u201c <\/em>zve na svoji v\u00fdstavu Tlakov\u00e1 vlna um\u011blec Michal Cimala. Pro pr\u00e1ci Michala Cimaly je charakteristick\u00e9 v\u00fdchodisko v reflexi avantgardy 20. stolet\u00ed, jej\u00edch estetick\u00fdch i soci\u00e1ln\u00edch experiment\u016f, kter\u00e9 se zp\u011btn\u011b jev\u00ed z\u00e1rove\u0148 um\u011blecky podmaniv\u00e9 i spole\u010densky utopick\u00e9 a n\u00e1siln\u00e9.<\/p>\n\n\n\n<div style=\"height:35px\" aria-hidden=\"true\" class=\"wp-block-spacer\"><\/div>\n\n\n\n<p><em> \u201eMateri\u00e1lov\u011b i tvaroslovn\u011b pestr\u00e9 a \u010dasto experiment\u00e1ln\u00ed d\u00edlo autora m\u00e1 hybridn\u00ed a kol\u00e1\u017eov\u00fd charakter, v&nbsp;n\u011bm\u017e se dialekticky vyrovn\u00e1vaj\u00ed ostr\u00e9 protiklady osobn\u00ed i kolektivn\u00ed zku\u0161enosti a pam\u011bti,\u201c <\/em><strong>vysv\u011btluje kur\u00e1tor v\u00fdstavy Petr Va\u0148ous.<\/strong> <\/p>\n\n\n\n<p>V\u00fdstava TLAKOV\u00c1 VLNA p\u0159edstav\u00ed n\u011bkolik koncep\u010dn\u00edch rovin&nbsp;Cimalovy tvorby. Dominantn\u00ed bude tzv. \u010dern\u00e1 s\u00e9rie obraz\u016f z&nbsp;let 2022-2024, kter\u00e1 tematizuje \u201epomalu expiruj\u00edc\u00ed skepsi v&nbsp;oblasti um\u011bn\u00ed\u201c. <\/p>\n\n\n\n<div style=\"height:35px\" aria-hidden=\"true\" class=\"wp-block-spacer\"><\/div>\n\n\n<div class=\"wp-block-image\">\n<figure class=\"aligncenter size-large\"><img decoding=\"async\" loading=\"lazy\" width=\"1024\" height=\"386\" src=\"https:\/\/hotelhouse.cz\/wp-content\/uploads\/2025\/01\/R4_6172_Michal-Cimala-Foto-Tomas-Rasl_m-1-1024x386.jpg\" alt=\"Pozv\u00e1nka: Villu Pell\u00e9 prostoupila Tlakov\u00e1 vlna Michala Cimaly\" class=\"wp-image-7070\" srcset=\"https:\/\/hotelhouse.cz\/wp-content\/uploads\/2025\/01\/R4_6172_Michal-Cimala-Foto-Tomas-Rasl_m-1-1024x386.jpg 1024w, https:\/\/hotelhouse.cz\/wp-content\/uploads\/2025\/01\/R4_6172_Michal-Cimala-Foto-Tomas-Rasl_m-1-300x113.jpg 300w, https:\/\/hotelhouse.cz\/wp-content\/uploads\/2025\/01\/R4_6172_Michal-Cimala-Foto-Tomas-Rasl_m-1-768x290.jpg 768w, https:\/\/hotelhouse.cz\/wp-content\/uploads\/2025\/01\/R4_6172_Michal-Cimala-Foto-Tomas-Rasl_m-1.jpg 1304w\" sizes=\"(max-width: 1024px) 100vw, 1024px\" \/><\/figure><\/div>\n\n\n<div style=\"height:35px\" aria-hidden=\"true\" class=\"wp-block-spacer\"><\/div>\n\n\n\n<p>Cimalova d\u00edla reflektuj\u00ed t\u00e9mata \u0161oku, izolace, fale\u0161n\u00e9 emancipace, medi\u00e1ln\u00ed manipulace, davov\u00e9 kultury i masov\u00e9ho sportu. Dal\u0161\u00ed rovinou v\u00fdstavy budou \u201evnit\u0159n\u00ed\u201c s\u00ed\u0165ov\u00e9 obrazy, kter\u00e9 p\u0159in\u00e1\u0161ej\u00ed v\u00fdpov\u011b\u010f o z\u00e1vislostech na nov\u00fdch m\u00e9di\u00edch, soci\u00e1ln\u00edch s\u00edt\u00edch a jejich vlivu na radik\u00e1ln\u00ed prom\u011bnu lidsk\u00e9ho vn\u00edm\u00e1n\u00ed. V\u00fdstavou budou p\u0159\u00edle\u017eitostn\u011b prostupovat sochy z&nbsp;posledn\u00edch 10&nbsp;let ur\u010den\u00e9 pro interi\u00e9r i exteri\u00e9r. Specifick\u00fd p\u016fdn\u00ed prostor galerie zapln\u00ed odkazy na star\u0161\u00ed autorovu tvorbu a nov\u00e9 dokument\u00e1rn\u00ed video p\u0159ipraven\u00e9 p\u0159\u00edmo pro v\u00fdstavu. V\u00fdstavu doprov\u00e1z\u00ed vyd\u00e1n\u00ed bilan\u010dn\u00ed autorsk\u00e9 knihy, kter\u00e1 bude pok\u0159t\u011bna ve Ville Pell\u00e9.<\/p>\n\n\n\n<div style=\"height:35px\" aria-hidden=\"true\" class=\"wp-block-spacer\"><\/div>\n\n\n\n<p><strong>Michal Cimala (1975)<\/strong>, socha\u0159, mal\u00ed\u0159, designer a hudebn\u00edk; vzhledem ke sv\u00e9 genera\u010dn\u00ed p\u0159\u00edslu\u0161nosti, kterou charakterizuje bezprost\u0159edn\u00ed z\u00e1\u017eitek Sametov\u00e9 revoluce a zm\u011bny re\u017eimu v&nbsp;roce 1989, pat\u0159\u00ed mezi autory citliv\u011b napojen\u00e9 na svou dobu a jej\u00ed transforma\u010dn\u00ed zvraty. V&nbsp;letech 1989-1993 absolvoval SUP\u0160 v&nbsp;Turnov\u011b (obor zlatn\u00edk \/ st\u0159\u00edbrn\u00edk) a v&nbsp;letech 1994-2000 V\u0160UP (Ateli\u00e9r Kov a \u0161perk, prof. Vratislav K. Nov\u00e1k). V&nbsp;letech 2006-2024 p\u016fsobil jako odborn\u00fd asistent v&nbsp;ateli\u00e9ru Socha I (Jaroslav R\u00f3na, Luk\u00e1\u0161 Rittsetin). M\u00e1 za sebou \u0159adu st\u00e1\u017e\u00ed a reziden\u010dn\u00edch pobyt\u016f v&nbsp;zahrani\u010d\u00ed (Mil\u00e1no, Berl\u00edn, San Francisco ad.). Pat\u0159\u00ed do okruhu zakladatel\u016f a autor\u016f \u00fasp\u011b\u0161n\u00e9 pra\u017esk\u00e9 Trafo Gallery. Spole\u010dn\u011b s&nbsp;Petrem Vo\u0159\u00ed\u0161kem p\u016fsob\u00ed v hudebn\u00edm t\u011blese RoxorRM3N (jako Udo Kraft), kter\u00e9 v&nbsp;listopadu 2024 vydalo novou desku nazvanou Vyso\u010dany.<\/p>\n\n\n\n<div style=\"height:35px\" aria-hidden=\"true\" class=\"wp-block-spacer\"><\/div>\n\n\n<div class=\"wp-block-image\">\n<figure class=\"aligncenter size-large\"><img decoding=\"async\" loading=\"lazy\" width=\"683\" height=\"1024\" src=\"https:\/\/hotelhouse.cz\/wp-content\/uploads\/2025\/01\/Cimala-portret_foto-Tomas-Rasl-683x1024.jpg\" alt=\"Pozv\u00e1nka: Villu Pell\u00e9 prostoupila Tlakov\u00e1 vlna Michala Cimaly\" class=\"wp-image-7069\" srcset=\"https:\/\/hotelhouse.cz\/wp-content\/uploads\/2025\/01\/Cimala-portret_foto-Tomas-Rasl-683x1024.jpg 683w, https:\/\/hotelhouse.cz\/wp-content\/uploads\/2025\/01\/Cimala-portret_foto-Tomas-Rasl-200x300.jpg 200w, https:\/\/hotelhouse.cz\/wp-content\/uploads\/2025\/01\/Cimala-portret_foto-Tomas-Rasl-768x1152.jpg 768w, https:\/\/hotelhouse.cz\/wp-content\/uploads\/2025\/01\/Cimala-portret_foto-Tomas-Rasl-1024x1536.jpg 1024w, https:\/\/hotelhouse.cz\/wp-content\/uploads\/2025\/01\/Cimala-portret_foto-Tomas-Rasl-1365x2048.jpg 1365w, https:\/\/hotelhouse.cz\/wp-content\/uploads\/2025\/01\/Cimala-portret_foto-Tomas-Rasl.jpg 1450w\" sizes=\"(max-width: 683px) 100vw, 683px\" \/><\/figure><\/div>\n\n\n<div style=\"height:35px\" aria-hidden=\"true\" class=\"wp-block-spacer\"><\/div>\n\n\n\n<h2 class=\"wp-block-heading\"><strong>DOPROVODN\u00dd PROGRAM:<\/strong><\/h2>\n\n\n\n<div style=\"height:35px\" aria-hidden=\"true\" class=\"wp-block-spacer\"><\/div>\n\n\n\n<p>Komentovan\u00e9 prohl\u00eddky 20.2. a 27.2. 18:00<\/p>\n\n\n\n<p>Galerie Villa Pell\u00e9<\/p>\n\n\n\n<p>Otev\u00edrac\u00ed doba: po \u2013 zav\u0159eno \u00fat, st, p\u00e1 13-18 hodin, \u010dt 13-19, so\u2013ne 11-18<\/p>\n\n\n\n<p>Partne\u0159i v\u00fdstavy: M\u011bstsk\u00e1 \u010d\u00e1st Praha 6, Nadace PPF, Hlavn\u00ed m\u011bsto Praha, Ministerstvo kultury \u010cR, Nadace \u010cEZ, Porte, Taktum, Renomia,<\/p>\n\n\n\n<p>Medi\u00e1ln\u00ed partne\u0159i: ArtMap, GoOut, Metrozoom, Reflex, Art Antiques, Prague City Tourism, Veleslav\u00edn39, \u010cesk\u00e9 galerie, Radio 1,<\/p>\n\n\n\n<p>Partne\u0159i doprovodn\u00fdch program\u016f: FINEP<\/p>\n\n\n\n<p>Partnery Ateli\u00e9ru Pell\u00e9 jsou man\u017eel\u00e9 Petra a V\u00e1clav Jirk\u016f<\/p>\n\n\n\n<div style=\"height:100px\" aria-hidden=\"true\" class=\"wp-block-spacer\"><\/div>\n\n\n\n<figure class=\"wp-block-gallery has-nested-images columns-default is-cropped wp-block-gallery-1 is-layout-flex wp-block-gallery-is-layout-flex\">\n<figure class=\"wp-block-image size-large\"><img decoding=\"async\" loading=\"lazy\" width=\"1024\" height=\"683\" data-id=\"7071\" src=\"https:\/\/hotelhouse.cz\/wp-content\/uploads\/2025\/01\/R4_5428b_Michal-Cimala-Foto-Tomas-Rasl_m-1-1024x683.jpg\" alt=\"Pozv\u00e1nka: Villu Pell\u00e9 prostoupila Tlakov\u00e1 vlna Michala Cimaly\" class=\"wp-image-7071\" srcset=\"https:\/\/hotelhouse.cz\/wp-content\/uploads\/2025\/01\/R4_5428b_Michal-Cimala-Foto-Tomas-Rasl_m-1-1024x683.jpg 1024w, https:\/\/hotelhouse.cz\/wp-content\/uploads\/2025\/01\/R4_5428b_Michal-Cimala-Foto-Tomas-Rasl_m-1-300x200.jpg 300w, https:\/\/hotelhouse.cz\/wp-content\/uploads\/2025\/01\/R4_5428b_Michal-Cimala-Foto-Tomas-Rasl_m-1-768x512.jpg 768w, https:\/\/hotelhouse.cz\/wp-content\/uploads\/2025\/01\/R4_5428b_Michal-Cimala-Foto-Tomas-Rasl_m-1.jpg 1204w\" sizes=\"(max-width: 1024px) 100vw, 1024px\" \/><\/figure>\n\n\n\n<figure class=\"wp-block-image size-large\"><img decoding=\"async\" loading=\"lazy\" width=\"1024\" height=\"386\" data-id=\"7072\" src=\"https:\/\/hotelhouse.cz\/wp-content\/uploads\/2025\/01\/R4_6172_Michal-Cimala-Foto-Tomas-Rasl_m-2-1024x386.jpg\" alt=\"Pozv\u00e1nka: Villu Pell\u00e9 prostoupila Tlakov\u00e1 vlna Michala Cimaly\" class=\"wp-image-7072\" srcset=\"https:\/\/hotelhouse.cz\/wp-content\/uploads\/2025\/01\/R4_6172_Michal-Cimala-Foto-Tomas-Rasl_m-2-1024x386.jpg 1024w, https:\/\/hotelhouse.cz\/wp-content\/uploads\/2025\/01\/R4_6172_Michal-Cimala-Foto-Tomas-Rasl_m-2-300x113.jpg 300w, https:\/\/hotelhouse.cz\/wp-content\/uploads\/2025\/01\/R4_6172_Michal-Cimala-Foto-Tomas-Rasl_m-2-768x290.jpg 768w, https:\/\/hotelhouse.cz\/wp-content\/uploads\/2025\/01\/R4_6172_Michal-Cimala-Foto-Tomas-Rasl_m-2.jpg 1304w\" sizes=\"(max-width: 1024px) 100vw, 1024px\" \/><\/figure>\n<\/figure>\n\n\n\n<div style=\"height:13px\" aria-hidden=\"true\" class=\"wp-block-spacer\"><\/div>\n\n\n<div class=\"wp-block-image\">\n<figure class=\"aligncenter size-large\"><img decoding=\"async\" loading=\"lazy\" width=\"683\" height=\"1024\" src=\"https:\/\/hotelhouse.cz\/wp-content\/uploads\/2025\/01\/Cimala-portret_foto-Tomas-Rasl-683x1024.jpg\" alt=\"Pozv\u00e1nka: Villu Pell\u00e9 prostoupila Tlakov\u00e1 vlna Michala Cimaly\" class=\"wp-image-7069\" srcset=\"https:\/\/hotelhouse.cz\/wp-content\/uploads\/2025\/01\/Cimala-portret_foto-Tomas-Rasl-683x1024.jpg 683w, https:\/\/hotelhouse.cz\/wp-content\/uploads\/2025\/01\/Cimala-portret_foto-Tomas-Rasl-200x300.jpg 200w, https:\/\/hotelhouse.cz\/wp-content\/uploads\/2025\/01\/Cimala-portret_foto-Tomas-Rasl-768x1152.jpg 768w, https:\/\/hotelhouse.cz\/wp-content\/uploads\/2025\/01\/Cimala-portret_foto-Tomas-Rasl-1024x1536.jpg 1024w, https:\/\/hotelhouse.cz\/wp-content\/uploads\/2025\/01\/Cimala-portret_foto-Tomas-Rasl-1365x2048.jpg 1365w, https:\/\/hotelhouse.cz\/wp-content\/uploads\/2025\/01\/Cimala-portret_foto-Tomas-Rasl.jpg 1450w\" sizes=\"(max-width: 683px) 100vw, 683px\" \/><\/figure><\/div>\n\n\n<div style=\"height:35px\" aria-hidden=\"true\" class=\"wp-block-spacer\"><\/div>\n\n\n\n<p><strong>Zdroj foto:<\/strong> Villa Pell\u00e9<\/p>\n\n\n\n<div style=\"height:65px\" aria-hidden=\"true\" class=\"wp-block-spacer\"><\/div>\n\n\n\n<div style=\"height:65px\" aria-hidden=\"true\" class=\"wp-block-spacer\"><\/div>\n","protected":false},"excerpt":{"rendered":"<p>Pod n\u00e1zvem TLAKOV\u00c1 VLNA nab\u00edz\u00ed od p\u00e1tku 24. ledna do ned\u011ble 2. b\u0159ezna Galerie Villa Pell\u00e9 v\u00fdstavu kl\u00ed\u010dov\u00e9 osobnosti sou\u010dasn\u00e9 um\u011bleck\u00e9 sc\u00e9ny, socha\u0159e, mal\u00ed\u0159e, design\u00e9ra a hudebn\u00edka Michala Cimaly, kter\u00fd v&nbsp;leto\u0161n\u00edm roce oslav\u00ed pades\u00e1tiny.&#46;&#46;&#46;<\/p>\n","protected":false},"author":10,"featured_media":7071,"comment_status":"closed","ping_status":"closed","sticky":false,"template":"","format":"standard","meta":{"_monsterinsights_skip_tracking":false,"_monsterinsights_sitenote_active":false,"_monsterinsights_sitenote_note":"","_monsterinsights_sitenote_category":0,"footnotes":""},"categories":[22,2,23],"tags":[],"yoast_head":"<!-- This site is optimized with the Yoast SEO plugin v21.5 - https:\/\/yoast.com\/wordpress\/plugins\/seo\/ -->\n<title>Pozv\u00e1nka: Villu Pell\u00e9 prostoupila Tlakov\u00e1 vlna Michala Cimaly - HOTELHOUSE.cz<\/title>\n<meta name=\"description\" content=\"Pod n\u00e1zvem TLAKOV\u00c1 VLNA nab\u00edz\u00ed od p\u00e1tku 24. ledna do ned\u011ble 2. b\u0159ezna Galerie Villa Pell\u00e9 v\u00fdstavu kl\u00ed\u010dov\u00e9 osobnosti sou\u010dasn\u00e9 um\u011bleck\u00e9 sc\u00e9ny.\" \/>\n<meta name=\"robots\" content=\"index, follow, max-snippet:-1, max-image-preview:large, max-video-preview:-1\" \/>\n<link rel=\"canonical\" href=\"https:\/\/hotelhouse.cz\/index.php\/2025\/02\/06\/pozvanka-villu-pelle-prostoupila-tlakova-vlna-michala-cimaly\/\" \/>\n<meta property=\"og:locale\" content=\"cs_CZ\" \/>\n<meta property=\"og:type\" content=\"article\" \/>\n<meta property=\"og:title\" content=\"Pozv\u00e1nka: Villu Pell\u00e9 prostoupila Tlakov\u00e1 vlna Michala Cimaly - HOTELHOUSE.cz\" \/>\n<meta property=\"og:description\" content=\"Pod n\u00e1zvem TLAKOV\u00c1 VLNA nab\u00edz\u00ed od p\u00e1tku 24. ledna do ned\u011ble 2. b\u0159ezna Galerie Villa Pell\u00e9 v\u00fdstavu kl\u00ed\u010dov\u00e9 osobnosti sou\u010dasn\u00e9 um\u011bleck\u00e9 sc\u00e9ny.\" \/>\n<meta property=\"og:url\" content=\"https:\/\/hotelhouse.cz\/index.php\/2025\/02\/06\/pozvanka-villu-pelle-prostoupila-tlakova-vlna-michala-cimaly\/\" \/>\n<meta property=\"og:site_name\" content=\"HOTELHOUSE.cz\" \/>\n<meta property=\"article:published_time\" content=\"2025-02-05T23:01:00+00:00\" \/>\n<meta property=\"article:modified_time\" content=\"2025-02-03T08:50:55+00:00\" \/>\n<meta property=\"og:image\" content=\"https:\/\/hotelhouse.cz\/wp-content\/uploads\/2025\/01\/R4_5428b_Michal-Cimala-Foto-Tomas-Rasl_m-1.jpg\" \/>\n\t<meta property=\"og:image:width\" content=\"1204\" \/>\n\t<meta property=\"og:image:height\" content=\"803\" \/>\n\t<meta property=\"og:image:type\" content=\"image\/jpeg\" \/>\n<meta name=\"author\" content=\"Helen Guardian\" \/>\n<meta name=\"twitter:card\" content=\"summary_large_image\" \/>\n<meta name=\"twitter:label1\" content=\"Napsal(a)\" \/>\n\t<meta name=\"twitter:data1\" content=\"Helen Guardian\" \/>\n\t<meta name=\"twitter:label2\" content=\"Odhadovan\u00e1 doba \u010dten\u00ed\" \/>\n\t<meta name=\"twitter:data2\" content=\"5 minut\" \/>\n<script type=\"application\/ld+json\" class=\"yoast-schema-graph\">{\"@context\":\"https:\/\/schema.org\",\"@graph\":[{\"@type\":\"Article\",\"@id\":\"https:\/\/hotelhouse.cz\/index.php\/2025\/02\/06\/pozvanka-villu-pelle-prostoupila-tlakova-vlna-michala-cimaly\/#article\",\"isPartOf\":{\"@id\":\"https:\/\/hotelhouse.cz\/index.php\/2025\/02\/06\/pozvanka-villu-pelle-prostoupila-tlakova-vlna-michala-cimaly\/\"},\"author\":{\"name\":\"Helen Guardian\",\"@id\":\"https:\/\/hotelhouse.cz\/#\/schema\/person\/d632b16c6b63077400f5e36aa5488072\"},\"headline\":\"Pozv\u00e1nka: Villu Pell\u00e9 prostoupila Tlakov\u00e1 vlna Michala Cimaly\",\"datePublished\":\"2025-02-05T23:01:00+00:00\",\"dateModified\":\"2025-02-03T08:50:55+00:00\",\"mainEntityOfPage\":{\"@id\":\"https:\/\/hotelhouse.cz\/index.php\/2025\/02\/06\/pozvanka-villu-pelle-prostoupila-tlakova-vlna-michala-cimaly\/\"},\"wordCount\":826,\"publisher\":{\"@id\":\"https:\/\/hotelhouse.cz\/#organization\"},\"articleSection\":[\"NaDovolenouDoPrahy.cz\",\"NEWS\",\"TIPY NA CESTOV\u00c1N\u00cd\"],\"inLanguage\":\"cs\"},{\"@type\":\"WebPage\",\"@id\":\"https:\/\/hotelhouse.cz\/index.php\/2025\/02\/06\/pozvanka-villu-pelle-prostoupila-tlakova-vlna-michala-cimaly\/\",\"url\":\"https:\/\/hotelhouse.cz\/index.php\/2025\/02\/06\/pozvanka-villu-pelle-prostoupila-tlakova-vlna-michala-cimaly\/\",\"name\":\"Pozv\u00e1nka: Villu Pell\u00e9 prostoupila Tlakov\u00e1 vlna Michala Cimaly - HOTELHOUSE.cz\",\"isPartOf\":{\"@id\":\"https:\/\/hotelhouse.cz\/#website\"},\"datePublished\":\"2025-02-05T23:01:00+00:00\",\"dateModified\":\"2025-02-03T08:50:55+00:00\",\"description\":\"Pod n\u00e1zvem TLAKOV\u00c1 VLNA nab\u00edz\u00ed od p\u00e1tku 24. ledna do ned\u011ble 2. b\u0159ezna Galerie Villa Pell\u00e9 v\u00fdstavu kl\u00ed\u010dov\u00e9 osobnosti sou\u010dasn\u00e9 um\u011bleck\u00e9 sc\u00e9ny.\",\"breadcrumb\":{\"@id\":\"https:\/\/hotelhouse.cz\/index.php\/2025\/02\/06\/pozvanka-villu-pelle-prostoupila-tlakova-vlna-michala-cimaly\/#breadcrumb\"},\"inLanguage\":\"cs\",\"potentialAction\":[{\"@type\":\"ReadAction\",\"target\":[\"https:\/\/hotelhouse.cz\/index.php\/2025\/02\/06\/pozvanka-villu-pelle-prostoupila-tlakova-vlna-michala-cimaly\/\"]}]},{\"@type\":\"BreadcrumbList\",\"@id\":\"https:\/\/hotelhouse.cz\/index.php\/2025\/02\/06\/pozvanka-villu-pelle-prostoupila-tlakova-vlna-michala-cimaly\/#breadcrumb\",\"itemListElement\":[{\"@type\":\"ListItem\",\"position\":1,\"name\":\"Dom\u016f\",\"item\":\"https:\/\/hotelhouse.cz\/\"},{\"@type\":\"ListItem\",\"position\":2,\"name\":\"Pozv\u00e1nka: Villu Pell\u00e9 prostoupila Tlakov\u00e1 vlna Michala Cimaly\"}]},{\"@type\":\"WebSite\",\"@id\":\"https:\/\/hotelhouse.cz\/#website\",\"url\":\"https:\/\/hotelhouse.cz\/\",\"name\":\"HOTELHOUSE.cz\",\"description\":\"Port\u00e1l o hotelech, pensionech, spa resortech a restaurac\u00edch...\",\"publisher\":{\"@id\":\"https:\/\/hotelhouse.cz\/#organization\"},\"potentialAction\":[{\"@type\":\"SearchAction\",\"target\":{\"@type\":\"EntryPoint\",\"urlTemplate\":\"https:\/\/hotelhouse.cz\/?s={search_term_string}\"},\"query-input\":\"required name=search_term_string\"}],\"inLanguage\":\"cs\"},{\"@type\":\"Organization\",\"@id\":\"https:\/\/hotelhouse.cz\/#organization\",\"name\":\"HOTELHOUSE.cz\",\"url\":\"https:\/\/hotelhouse.cz\/\",\"logo\":{\"@type\":\"ImageObject\",\"inLanguage\":\"cs\",\"@id\":\"https:\/\/hotelhouse.cz\/#\/schema\/logo\/image\/\",\"url\":\"https:\/\/hotelhouse.cz\/wp-content\/uploads\/2024\/12\/cropped-Logo_HotelHouse-2.jpg\",\"contentUrl\":\"https:\/\/hotelhouse.cz\/wp-content\/uploads\/2024\/12\/cropped-Logo_HotelHouse-2.jpg\",\"width\":933,\"height\":516,\"caption\":\"HOTELHOUSE.cz\"},\"image\":{\"@id\":\"https:\/\/hotelhouse.cz\/#\/schema\/logo\/image\/\"},\"sameAs\":[\"https:\/\/www.instagram.com\/hotelhousecz\/\"]},{\"@type\":\"Person\",\"@id\":\"https:\/\/hotelhouse.cz\/#\/schema\/person\/d632b16c6b63077400f5e36aa5488072\",\"name\":\"Helen Guardian\",\"image\":{\"@type\":\"ImageObject\",\"inLanguage\":\"cs\",\"@id\":\"https:\/\/hotelhouse.cz\/#\/schema\/person\/image\/\",\"url\":\"https:\/\/secure.gravatar.com\/avatar\/f62c76287ccbbd3f899549a169c0e6aa?s=96&d=mm&r=g\",\"contentUrl\":\"https:\/\/secure.gravatar.com\/avatar\/f62c76287ccbbd3f899549a169c0e6aa?s=96&d=mm&r=g\",\"caption\":\"Helen Guardian\"},\"sameAs\":[\"http:\/\/HOTELHOUSE.cz\"],\"url\":\"https:\/\/hotelhouse.cz\/index.php\/author\/helgu\/\"}]}<\/script>\n<!-- \/ Yoast SEO plugin. -->","yoast_head_json":{"title":"Pozv\u00e1nka: Villu Pell\u00e9 prostoupila Tlakov\u00e1 vlna Michala Cimaly - HOTELHOUSE.cz","description":"Pod n\u00e1zvem TLAKOV\u00c1 VLNA nab\u00edz\u00ed od p\u00e1tku 24. ledna do ned\u011ble 2. b\u0159ezna Galerie Villa Pell\u00e9 v\u00fdstavu kl\u00ed\u010dov\u00e9 osobnosti sou\u010dasn\u00e9 um\u011bleck\u00e9 sc\u00e9ny.","robots":{"index":"index","follow":"follow","max-snippet":"max-snippet:-1","max-image-preview":"max-image-preview:large","max-video-preview":"max-video-preview:-1"},"canonical":"https:\/\/hotelhouse.cz\/index.php\/2025\/02\/06\/pozvanka-villu-pelle-prostoupila-tlakova-vlna-michala-cimaly\/","og_locale":"cs_CZ","og_type":"article","og_title":"Pozv\u00e1nka: Villu Pell\u00e9 prostoupila Tlakov\u00e1 vlna Michala Cimaly - HOTELHOUSE.cz","og_description":"Pod n\u00e1zvem TLAKOV\u00c1 VLNA nab\u00edz\u00ed od p\u00e1tku 24. ledna do ned\u011ble 2. b\u0159ezna Galerie Villa Pell\u00e9 v\u00fdstavu kl\u00ed\u010dov\u00e9 osobnosti sou\u010dasn\u00e9 um\u011bleck\u00e9 sc\u00e9ny.","og_url":"https:\/\/hotelhouse.cz\/index.php\/2025\/02\/06\/pozvanka-villu-pelle-prostoupila-tlakova-vlna-michala-cimaly\/","og_site_name":"HOTELHOUSE.cz","article_published_time":"2025-02-05T23:01:00+00:00","article_modified_time":"2025-02-03T08:50:55+00:00","og_image":[{"width":1204,"height":803,"url":"https:\/\/hotelhouse.cz\/wp-content\/uploads\/2025\/01\/R4_5428b_Michal-Cimala-Foto-Tomas-Rasl_m-1.jpg","type":"image\/jpeg"}],"author":"Helen Guardian","twitter_card":"summary_large_image","twitter_misc":{"Napsal(a)":"Helen Guardian","Odhadovan\u00e1 doba \u010dten\u00ed":"5 minut"},"schema":{"@context":"https:\/\/schema.org","@graph":[{"@type":"Article","@id":"https:\/\/hotelhouse.cz\/index.php\/2025\/02\/06\/pozvanka-villu-pelle-prostoupila-tlakova-vlna-michala-cimaly\/#article","isPartOf":{"@id":"https:\/\/hotelhouse.cz\/index.php\/2025\/02\/06\/pozvanka-villu-pelle-prostoupila-tlakova-vlna-michala-cimaly\/"},"author":{"name":"Helen Guardian","@id":"https:\/\/hotelhouse.cz\/#\/schema\/person\/d632b16c6b63077400f5e36aa5488072"},"headline":"Pozv\u00e1nka: Villu Pell\u00e9 prostoupila Tlakov\u00e1 vlna Michala Cimaly","datePublished":"2025-02-05T23:01:00+00:00","dateModified":"2025-02-03T08:50:55+00:00","mainEntityOfPage":{"@id":"https:\/\/hotelhouse.cz\/index.php\/2025\/02\/06\/pozvanka-villu-pelle-prostoupila-tlakova-vlna-michala-cimaly\/"},"wordCount":826,"publisher":{"@id":"https:\/\/hotelhouse.cz\/#organization"},"articleSection":["NaDovolenouDoPrahy.cz","NEWS","TIPY NA CESTOV\u00c1N\u00cd"],"inLanguage":"cs"},{"@type":"WebPage","@id":"https:\/\/hotelhouse.cz\/index.php\/2025\/02\/06\/pozvanka-villu-pelle-prostoupila-tlakova-vlna-michala-cimaly\/","url":"https:\/\/hotelhouse.cz\/index.php\/2025\/02\/06\/pozvanka-villu-pelle-prostoupila-tlakova-vlna-michala-cimaly\/","name":"Pozv\u00e1nka: Villu Pell\u00e9 prostoupila Tlakov\u00e1 vlna Michala Cimaly - HOTELHOUSE.cz","isPartOf":{"@id":"https:\/\/hotelhouse.cz\/#website"},"datePublished":"2025-02-05T23:01:00+00:00","dateModified":"2025-02-03T08:50:55+00:00","description":"Pod n\u00e1zvem TLAKOV\u00c1 VLNA nab\u00edz\u00ed od p\u00e1tku 24. ledna do ned\u011ble 2. b\u0159ezna Galerie Villa Pell\u00e9 v\u00fdstavu kl\u00ed\u010dov\u00e9 osobnosti sou\u010dasn\u00e9 um\u011bleck\u00e9 sc\u00e9ny.","breadcrumb":{"@id":"https:\/\/hotelhouse.cz\/index.php\/2025\/02\/06\/pozvanka-villu-pelle-prostoupila-tlakova-vlna-michala-cimaly\/#breadcrumb"},"inLanguage":"cs","potentialAction":[{"@type":"ReadAction","target":["https:\/\/hotelhouse.cz\/index.php\/2025\/02\/06\/pozvanka-villu-pelle-prostoupila-tlakova-vlna-michala-cimaly\/"]}]},{"@type":"BreadcrumbList","@id":"https:\/\/hotelhouse.cz\/index.php\/2025\/02\/06\/pozvanka-villu-pelle-prostoupila-tlakova-vlna-michala-cimaly\/#breadcrumb","itemListElement":[{"@type":"ListItem","position":1,"name":"Dom\u016f","item":"https:\/\/hotelhouse.cz\/"},{"@type":"ListItem","position":2,"name":"Pozv\u00e1nka: Villu Pell\u00e9 prostoupila Tlakov\u00e1 vlna Michala Cimaly"}]},{"@type":"WebSite","@id":"https:\/\/hotelhouse.cz\/#website","url":"https:\/\/hotelhouse.cz\/","name":"HOTELHOUSE.cz","description":"Port\u00e1l o hotelech, pensionech, spa resortech a restaurac\u00edch...","publisher":{"@id":"https:\/\/hotelhouse.cz\/#organization"},"potentialAction":[{"@type":"SearchAction","target":{"@type":"EntryPoint","urlTemplate":"https:\/\/hotelhouse.cz\/?s={search_term_string}"},"query-input":"required name=search_term_string"}],"inLanguage":"cs"},{"@type":"Organization","@id":"https:\/\/hotelhouse.cz\/#organization","name":"HOTELHOUSE.cz","url":"https:\/\/hotelhouse.cz\/","logo":{"@type":"ImageObject","inLanguage":"cs","@id":"https:\/\/hotelhouse.cz\/#\/schema\/logo\/image\/","url":"https:\/\/hotelhouse.cz\/wp-content\/uploads\/2024\/12\/cropped-Logo_HotelHouse-2.jpg","contentUrl":"https:\/\/hotelhouse.cz\/wp-content\/uploads\/2024\/12\/cropped-Logo_HotelHouse-2.jpg","width":933,"height":516,"caption":"HOTELHOUSE.cz"},"image":{"@id":"https:\/\/hotelhouse.cz\/#\/schema\/logo\/image\/"},"sameAs":["https:\/\/www.instagram.com\/hotelhousecz\/"]},{"@type":"Person","@id":"https:\/\/hotelhouse.cz\/#\/schema\/person\/d632b16c6b63077400f5e36aa5488072","name":"Helen Guardian","image":{"@type":"ImageObject","inLanguage":"cs","@id":"https:\/\/hotelhouse.cz\/#\/schema\/person\/image\/","url":"https:\/\/secure.gravatar.com\/avatar\/f62c76287ccbbd3f899549a169c0e6aa?s=96&d=mm&r=g","contentUrl":"https:\/\/secure.gravatar.com\/avatar\/f62c76287ccbbd3f899549a169c0e6aa?s=96&d=mm&r=g","caption":"Helen Guardian"},"sameAs":["http:\/\/HOTELHOUSE.cz"],"url":"https:\/\/hotelhouse.cz\/index.php\/author\/helgu\/"}]}},"_links":{"self":[{"href":"https:\/\/hotelhouse.cz\/index.php\/wp-json\/wp\/v2\/posts\/7066"}],"collection":[{"href":"https:\/\/hotelhouse.cz\/index.php\/wp-json\/wp\/v2\/posts"}],"about":[{"href":"https:\/\/hotelhouse.cz\/index.php\/wp-json\/wp\/v2\/types\/post"}],"author":[{"embeddable":true,"href":"https:\/\/hotelhouse.cz\/index.php\/wp-json\/wp\/v2\/users\/10"}],"replies":[{"embeddable":true,"href":"https:\/\/hotelhouse.cz\/index.php\/wp-json\/wp\/v2\/comments?post=7066"}],"version-history":[{"count":10,"href":"https:\/\/hotelhouse.cz\/index.php\/wp-json\/wp\/v2\/posts\/7066\/revisions"}],"predecessor-version":[{"id":7084,"href":"https:\/\/hotelhouse.cz\/index.php\/wp-json\/wp\/v2\/posts\/7066\/revisions\/7084"}],"wp:featuredmedia":[{"embeddable":true,"href":"https:\/\/hotelhouse.cz\/index.php\/wp-json\/wp\/v2\/media\/7071"}],"wp:attachment":[{"href":"https:\/\/hotelhouse.cz\/index.php\/wp-json\/wp\/v2\/media?parent=7066"}],"wp:term":[{"taxonomy":"category","embeddable":true,"href":"https:\/\/hotelhouse.cz\/index.php\/wp-json\/wp\/v2\/categories?post=7066"},{"taxonomy":"post_tag","embeddable":true,"href":"https:\/\/hotelhouse.cz\/index.php\/wp-json\/wp\/v2\/tags?post=7066"}],"curies":[{"name":"wp","href":"https:\/\/api.w.org\/{rel}","templated":true}]}}