{"id":7726,"date":"2025-05-13T00:01:00","date_gmt":"2025-05-12T22:01:00","guid":{"rendered":"https:\/\/hotelhouse.cz\/?p=7726"},"modified":"2025-05-10T20:54:12","modified_gmt":"2025-05-10T18:54:12","slug":"skryte-skvosty-prahy-se-oteviraji-v-kvetnu-diky-festivalu-open-house-praha-2025","status":"publish","type":"post","link":"https:\/\/hotelhouse.cz\/index.php\/2025\/05\/13\/skryte-skvosty-prahy-se-oteviraji-v-kvetnu-diky-festivalu-open-house-praha-2025\/","title":{"rendered":"Skryt\u00e9 skvosty Prahy se otev\u00edraj\u00ed v kv\u011btnu d\u00edky festivalu Open House Praha 2025"},"content":{"rendered":"\n<div style=\"height:35px\" aria-hidden=\"true\" class=\"wp-block-spacer\"><\/div>\n\n\n\n<p class=\"has-medium-font-size\"><strong>Od 12. do 18. kv\u011btna 2025 se uskute\u010dn\u00ed ji\u017e 11. ro\u010dn\u00edk festivalu Open House Praha. Festival zah\u00e1j\u00ed od 12. kv\u011btna s\u00e9rie doprovodn\u00fdch program\u016f \u2013 debaty, p\u0159edn\u00e1\u0161ky, komentovan\u00e9 prohl\u00eddky, proch\u00e1zky, v\u00fdstavy a jin\u00e9 akce. Sv\u00e1tek architektury pak vyvrchol\u00ed o v\u00edkendu 17. a 18. kv\u011btna otev\u0159en\u00edm 125 b\u011b\u017en\u011b nep\u0159\u00edstupn\u00fdch budov a prostor\u016f na cel\u00e9m \u00fazem\u00ed Prahy. <\/strong><\/p>\n\n\n\n<div style=\"height:35px\" aria-hidden=\"true\" class=\"wp-block-spacer\"><\/div>\n\n\n<div class=\"wp-block-image\">\n<figure class=\"aligncenter size-large\"><img decoding=\"async\" src=\"https:\/\/prazskeprikopy.cz\/wp-content\/uploads\/2025\/04\/OHP2025_Banner_1080x720-1024x683.jpg\" alt=\"Skryt\u00e9 skvosty Prahy se otev\u00edraj\u00ed v kv\u011btnu d\u00edky festivalu Open House Praha 2025\" class=\"wp-image-14335\" \/><\/figure><\/div>\n\n\n<div style=\"height:35px\" aria-hidden=\"true\" class=\"wp-block-spacer\"><\/div>\n\n\n\n<p class=\"has-medium-font-size\">Organiz\u00e1to\u0159i ji\u017e zve\u0159ejnili na webov\u00fdch str\u00e1nk\u00e1ch jejich <a href=\"http:\/\/www.openhousepraha.cz\/festival-2025\/\"><u>kompletn\u00ed seznam<\/u><\/a>. Ve\u0159ejnost bude moci zdarma nahl\u00e9dnout do budov ve\u0159ejn\u00fdch i soukrom\u00fdch \u2013 do historick\u00fdch pal\u00e1c\u016f, reprezentativn\u00edch vil, industri\u00e1ln\u00edch pam\u00e1tek i sou\u010dasn\u00fdch novostaveb. Mottem leto\u0161n\u00edho ro\u010dn\u00edku festivalu je <em>D\u011bdictv\u00ed minulosti, v\u00fdzvy budoucnosti<\/em>.<\/p>\n\n\n\n<p class=\"has-medium-font-size\">\u201e<em>Do dal\u0161\u00edch deseti let vstupujeme s nov\u00fdmi n\u00e1pady, pestr\u00fdm programem, spoluprac\u00ed s mnoha inspirativn\u00edmi osobnostmi, ale p\u0159itom se st\u00e1le stejnou viz\u00ed: chceme otev\u00edrat m\u011bsto v\u0161em, nab\u00eddnout lidem mo\u017enost, jak poznat m\u00edsto, kde \u017eij\u00ed, objevovat v\u0161e star\u00e9 a tajemn\u00e9, stejn\u011b jako v\u0161e nov\u00e9 a modern\u00ed, co ovliv\u0148uje n\u00e1\u0161 ka\u017edodenn\u00ed \u017eivot,<\/em>\u201c \u0159\u00edk\u00e1 \u0159editelka festivalu Kl\u00e1ra Vesel\u00e1 a dod\u00e1v\u00e1: <\/p>\n\n\n\n<div style=\"height:35px\" aria-hidden=\"true\" class=\"wp-block-spacer\"><\/div>\n\n\n\n<figure class=\"wp-block-image size-large\"><img decoding=\"async\" src=\"https:\/\/prazskeprikopy.cz\/wp-content\/uploads\/2025\/04\/OHP_Palac-EGAP-zadni-cast-archiv-budovy-5-1024x683.jpg\" alt=\"Skryt\u00e9 skvosty Prahy se otev\u00edraj\u00ed v kv\u011btnu d\u00edky festivalu Open House Praha 2025\" class=\"wp-image-14333\" \/><figcaption class=\"wp-element-caption\"><em>Pal\u00e1c EGAP, zadn\u00ed \u010d\u00e1st budov<\/em>y<\/figcaption><\/figure>\n\n\n\n<div style=\"height:35px\" aria-hidden=\"true\" class=\"wp-block-spacer\"><\/div>\n\n\n\n<p class=\"has-medium-font-size\">\u201e<em>Leto\u0161n\u00ed t\u00e9ma zve k zamy\u0161len\u00ed nejen nad architekturou minulosti a jej\u00edmi odkazy, ale hlavn\u011b nad t\u00edm, co tu po n\u00e1s z\u016fstane dal\u0161\u00edm generac\u00edm. Nad\u010dasov\u00e9 stavby? M\u011bsto, kter\u00e9 bude schopn\u00e9 \u010delit nov\u00fdm v\u00fdzv\u00e1m? Nebo tu zanech\u00e1me cosi nepou\u017eiteln\u00e9ho, neschopn\u00e9ho prom\u011bny?<\/em>\u201c<\/p>\n\n\n\n<div style=\"height:35px\" aria-hidden=\"true\" class=\"wp-block-spacer\"><\/div>\n\n\n\n<h2 class=\"wp-block-heading\">\u0160koly pro budouc\u00ed generace<\/h2>\n\n\n\n<div style=\"height:35px\" aria-hidden=\"true\" class=\"wp-block-spacer\"><\/div>\n\n\n\n<p class=\"has-medium-font-size\">Festival formou podn\u011btn\u00fdch p\u0159edn\u00e1\u0161ek a debat v doprovodn\u00e9m programu otev\u0159e hned n\u011bkolik t\u00e9mat. Hostuj\u00edc\u00ed kur\u00e1tor festivalu architekt <strong>Osamu Okamura <\/strong>p\u0159ipravil s\u00e9rii diskuz\u00ed <em><strong>\u0160koly pro budouc\u00ed generace<\/strong><\/em>. Debaty p\u0159edstav\u00ed n\u011bkter\u00e9 <strong>v\u00edt\u011bzn\u00e9 projekty nov\u00fdch pra\u017esk\u00fdch \u0161kol <\/strong>vybran\u00e9 z ned\u00e1vn\u00fdch architektonick\u00fdch sout\u011b\u017e\u00ed, uk\u00e1\u017eou inspirativn\u00ed p\u0159\u00edklady toho, jak p\u0159etvo\u0159it zastaral\u00e9 \u0161koln\u00ed budovy na <strong>energeticky efektivn\u00ed a ekologick\u00e9 <\/strong>a otev\u0159ou tak\u00e9 t\u00e9ma<strong> vlivu prost\u0159ed\u00ed pro vzd\u011bl\u00e1v\u00e1n\u00ed <\/strong>na studuj\u00edc\u00ed i vyu\u010duj\u00edc\u00ed.<\/p>\n\n\n\n<p class=\"has-medium-font-size\">\u201e<em>P\u0159esto\u017ee d\u011bdictv\u00ed b\u00fdv\u00e1 pova\u017eov\u00e1no za nad\u010dasov\u00e9, ka\u017ed\u00e1 generace mus\u00ed znovu objevovat sv\u016fj vztah k t\u011bm jeho \u010d\u00e1stem, kter\u00e9 s n\u00ed rezonuj\u00ed. D\u011bdictv\u00ed, kter\u00e9 slou\u017e\u00ed jako nejhlub\u0161\u00ed zdroj inspirace, n\u00e1s p\u0159\u00edmo vyb\u00edz\u00ed k zamy\u0161len\u00ed nad t\u00edm, co a pro\u010d zanech\u00e1v\u00e1me my pro dal\u0161\u00ed generace. Festivalov\u00e9 debaty s p\u0159izvan\u00fdmi odbornicemi a odborn\u00edky otev\u0159ou ot\u00e1zky t\u00fdkaj\u00edc\u00ed se podoby na\u0161ich \u0161kolsk\u00fdch staveb, ve kter\u00fdch p\u0159ed\u00e1v\u00e1me vzd\u011blanost, kulturu a schopnost se u\u010dit p\u0159\u00ed\u0161t\u00edm generac\u00edm. Jak\u00e9 hodnoty jsou pro n\u00e1s d\u016fle\u017eit\u00e9 a co tyto stavby o n\u00e1s \u0159\u00edkaj\u00ed? Prom\u00edtaj\u00ed se tyto kvality a priority tak\u00e9 do jejich architektury?<\/em>\u201c pt\u00e1 se architekt a kur\u00e1tor Osamu Okamura.<\/p>\n\n\n\n<p class=\"has-medium-font-size\">Tematick\u00e1 linka se tak\u00e9 prop\u00ed\u0161e do <strong>v\u00edkendov\u00e9ho programu<\/strong>. Lid\u00e9 si budou moci 17. a 18. kv\u011btna 2025 zdarma prohl\u00e9dnout nap\u0159\u00edklad chytrou, udr\u017eitelnou a energeticky pozitivn\u00ed revitalizaci \u0161koln\u00ed budovy <strong>St\u0159edn\u00ed odborn\u00e9 \u0161koly a gymn\u00e1zia <\/strong>v \u010ceskobrodsk\u00e9 ulici V Hrdlo\u0159ez\u00edch. Komplex ze 70. let pro\u0161el d\u016fkladnou rekonstrukc\u00ed, kter\u00fd z n\u011bj ud\u011blala <strong>nejmodern\u011bj\u0161\u00ed ve\u0159ejnou budovu ve st\u0159edn\u00ed a v\u00fdchodn\u00ed Evrop\u011b<\/strong>. \u0160kola si nap\u0159\u00edklad sama vyr\u00e1b\u00ed elekt\u0159inu, kterou m\u016f\u017ee dokonce i prod\u00e1vat, m\u00e1 vlastn\u00ed \u010disti\u010dku a sv\u011btla, teplota nebo v\u011btr\u00e1n\u00ed se v budov\u011b reguluj\u00ed automaticky. Na budov\u011b se uplat\u0148uje pop\u00ednav\u00e1 zele\u0148 a zelen\u00e1 je i st\u0159echa se zahradou.<\/p>\n\n\n\n<div style=\"height:35px\" aria-hidden=\"true\" class=\"wp-block-spacer\"><\/div>\n\n\n<div class=\"wp-block-image\">\n<figure class=\"aligncenter size-large\"><img decoding=\"async\" src=\"https:\/\/prazskeprikopy.cz\/wp-content\/uploads\/2025\/04\/OHP_Gymnazium_Ceskobrodska_foto_archiv_budovy-5-1024x596.jpg\" alt=\"Skryt\u00e9 skvosty Prahy se otev\u00edraj\u00ed v kv\u011btnu d\u00edky festivalu Open House Praha 2025\" class=\"wp-image-14329\" \/><figcaption class=\"wp-element-caption\"><em> Gymn\u00e1zium \u010ceskobrodsk\u00e1<\/em><\/figcaption><\/figure><\/div>\n\n\n<div style=\"height:35px\" aria-hidden=\"true\" class=\"wp-block-spacer\"><\/div>\n\n\n\n<p class=\"has-medium-font-size\">Dal\u0161\u00ed zast\u00e1vkou m\u016f\u017ee b\u00fdt tak\u00e9 nov\u00fd \u201ezelen\u00fd\u201c <strong>Pavilon tropick\u00e9ho zem\u011bd\u011blstv\u00ed v are\u00e1lu \u010cesk\u00e9 zem\u011bd\u011blsk\u00e9 univerzity v Suchdole<\/strong>. Novostavba, kter\u00e1 disponuje nejmodern\u011bj\u0161\u00ed infrastrukturou, chyt\u0159e vyu\u017e\u00edv\u00e1 rostliny k zlep\u0161en\u00ed mikroklimatu a sn\u00ed\u017een\u00ed energetick\u00e9 n\u00e1ro\u010dnosti. Budova z\u00edskala dokonce i cenu Adapterra Awards pro p\u0159\u00edkladnou udr\u017eitelnou stavbu v podm\u00ednk\u00e1ch klimatick\u00e9 zm\u011bny.<\/p>\n\n\n\n<p class=\"has-medium-font-size\">Je mo\u017en\u00e9 skloubit m\u011bstsk\u00fd \u017eivot s volnost\u00ed a svobodou pohybu jakou maj\u00ed d\u011bti na vesnici? Odpov\u011bd\u00ed m\u016f\u017ee b\u00fdt lesn\u00ed \u0161kolka. D\u0159\u00edve u n\u00e1s vznikaly jen ze soukrom\u00e9 iniciativy, dnes u\u017e m\u00e1me i prvn\u00ed obecn\u00ed. V <strong>lesn\u00ed t\u0159\u00edd\u011b Mate\u0159sk\u00e9 \u0161koly Mil\u00ed\u010d\u016fv d\u016fm<\/strong> v parku Kapslovna na \u017di\u017ekov\u011b d\u011bti tr\u00e1v\u00ed \u010das v souzn\u011bn\u00ed s p\u0159\u00edrodou. T\u0159\u00edda byla otev\u0159ena teprve v z\u00e1\u0159\u00ed lo\u0148sk\u00e9ho roku a jej\u00ed z\u00e1zem\u00ed tvo\u0159\u00ed t\u0159i men\u0161\u00ed d\u0159evostavby s lo\u017enic\u00ed, j\u00eddelnou a kompostovateln\u00fdmi toaletami. <strong>Dal\u0161\u00ed tipy na budovy <\/strong>z tematick\u00e9 linky<em> \u0160koly pro budouc\u00ed generace<\/em> najdou lid\u00e9 v <strong>\u010dl\u00e1nku na webu<\/strong>.<\/p>\n\n\n\n<div style=\"height:35px\" aria-hidden=\"true\" class=\"wp-block-spacer\"><\/div>\n\n\n\n<h2 class=\"wp-block-heading\">Zapomenut\u00e1 n\u00e1dra\u017e\u00ed, v\u00fdznamn\u00e1 \u017eelezni\u010dn\u00ed v\u00fdro\u010d\u00ed a nov\u00e9 projekty<\/h2>\n\n\n\n<div style=\"height:35px\" aria-hidden=\"true\" class=\"wp-block-spacer\"><\/div>\n\n\n\n<p class=\"has-medium-font-size\">Festivalov\u00fd vizu\u00e1l tentokr\u00e1t zobrazuje v\u00fdznamnou pra\u017eskou pam\u00e1tku, kter\u00e1 ale ji\u017e na map\u011b Prahy neexistuje. Ilustrace Jana \u0160r\u00e1mka zachycuje jedno z nejkr\u00e1sn\u011bj\u0161\u00edch n\u00e1dra\u017e\u00ed ve st\u0159edn\u00ed Evrop\u011b \u2013&nbsp;<strong>N\u00e1dra\u017e\u00ed Praha-T\u011b\u0161nov<\/strong>, mezi lidmi zn\u00e1m\u00e9 tak\u00e9 jako Denisovo n\u00e1dra\u017e\u00ed. Letos je tomu <strong>150 let od otev\u0159en\u00ed<\/strong> neorenesan\u010dn\u00ed budovy, ale tak\u00e9 si p\u0159ipom\u00edn\u00e1me<strong> 40 let<\/strong>, kdy v z\u00e1jmu ustoupen\u00ed nov\u011b vznikaj\u00edc\u00ed magistr\u00e1le, byla zdemolov\u00e1na.<\/p>\n\n\n\n<p class=\"has-medium-font-size\">\u201e<em>Na\u0161\u00edm z\u00e1m\u011brem bylo o\u017eivit v mysl\u00edch mnoh\u00fdch vzpom\u00ednku na t\u011b\u0161novsk\u00e9 n\u00e1dra\u017e\u00ed, kter\u00e1 u\u017e se pomalu vytr\u00e1c\u00ed. Pro mlad\u0161\u00ed generaci m\u016f\u017ee b\u00fdt p\u0159\u00edb\u011bh t\u00e9to pam\u00e1tky inspirac\u00ed a snad i probuzen\u00edm z\u00e1jmu o m\u011bsto, jeho historickou pam\u011b\u0165, ale i budouc\u00ed rozvoj. V Praze existuje mnoho p\u0159\u00edklad\u016f opu\u0161t\u011bn\u00fdch n\u00e1dra\u017en\u00edch budov, z nich\u017e n\u011bkter\u00e9 aktu\u00e1ln\u011b z\u00edsk\u00e1vaj\u00ed nov\u00e9 vyu\u017eit\u00ed, jako nap\u0159\u00edklad Stanice 6 v Buben\u010di. <\/em><\/p>\n\n\n\n<div style=\"height:35px\" aria-hidden=\"true\" class=\"wp-block-spacer\"><\/div>\n\n\n<div class=\"wp-block-image\">\n<figure class=\"aligncenter size-large\"><img decoding=\"async\" src=\"https:\/\/prazskeprikopy.cz\/wp-content\/uploads\/2025\/04\/OHP_Lokomotivni_depo_Masarykova_nadrazi_exterier_foto_Tomas_Sysel-041-1024x683.jpg\" alt=\"Skryt\u00e9 skvosty Prahy se otev\u00edraj\u00ed v kv\u011btnu d\u00edky festivalu Open House Praha 2025\" class=\"wp-image-14332\" \/><figcaption class=\"wp-element-caption\"><em>Lokomotivn\u00ed depo Masarykova n\u00e1dra\u017e\u00ed, exteri\u00e9r, foto: Tom\u00e1\u0161 Sysel<\/em><\/figcaption><\/figure><\/div>\n\n\n<div style=\"height:35px\" aria-hidden=\"true\" class=\"wp-block-spacer\"><\/div>\n\n\n\n<p class=\"has-medium-font-size\"><em>Jin\u00e9 se ji\u017e rozs\u00e1hle upravuj\u00ed, jako are\u00e1l Masarykova n\u00e1dra\u017e\u00ed nebo transformuj\u00ed jako n\u00e1dra\u017e\u00ed Praha-Bubny. A n\u011bkter\u00e9 se mo\u017en\u00e1 po dlouh\u00fdch letech ch\u00e1tr\u00e1n\u00ed poda\u0159\u00ed je\u0161t\u011b zachr\u00e1nit, jako je tomu v p\u0159\u00edpad\u011b n\u00e1dra\u017e\u00ed Vy\u0161ehrad,<\/em>\u201c \u0159\u00edk\u00e1 kreativn\u00ed \u0159editelka festivalu Andrea \u0160enky\u0159\u00edkov\u00e1.<\/p>\n\n\n\n<p class=\"has-medium-font-size\">Osud n\u00e1dra\u017e\u00ed i dal\u0161\u00edch \u017eelezni\u010dn\u00edch staveb na \u00fazem\u00ed Prahy se prom\u00edtne v doprovodn\u00e9m programu formou <strong>v\u00fdstavy historick\u00fdch fotografi\u00ed <\/strong>v b\u00fdval\u00e9m \u017eelezni\u010dn\u00edm depu, <strong>p\u0159edn\u00e1\u0161ek <\/strong>o historii \u017eeleznice a budouc\u00edch projektech,<strong> komentovan\u00fdch proch\u00e1zek<\/strong> mezi n\u00e1dra\u017e\u00edmi, nebo<strong> cykloproj\u00ed\u017e\u010fky<\/strong> okolo budouc\u00ed p\u011b\u0161\u00ed a cyklo promen\u00e1dy v m\u00edstech<strong> Vr\u0161ovick\u00e9 \u017eelezni\u010dn\u00ed trati<\/strong>.<\/p>\n\n\n\n<p class=\"has-medium-font-size\">O v\u00edkendu se lid\u00e9 tak\u00e9 mohou pod\u00edvat do b\u00fdval\u00e9ho <strong>lokomotivn\u00edho depa Masarykova n\u00e1dra\u017e\u00ed<\/strong>, kter\u00e9 pamatuje <strong>p\u0159\u00edjezd prvn\u00edho vlaku s cestuj\u00edc\u00edmi do Prahy<\/strong> v srpnu roku 1845 (tedy p\u0159esn\u011b p\u0159ed 180 lety). Are\u00e1l je unik\u00e1tn\u00edm p\u0159\u00edkladem industri\u00e1ln\u00ed architektury a vznikl spolu s Masarykov\u00fdm n\u00e1dra\u017e\u00edm na z\u00e1klad\u011b n\u00e1vrh\u016f architekta Antona J\u00fcnglinga za dozoru v\u00edde\u0148sk\u00e9ho architekta Paula Sprengera. <\/p>\n\n\n\n<p class=\"has-medium-font-size\">Podobu koleji\u0161t\u011b vytvo\u0159il Jan Perner (*210 let, \u2020 180 let, zem\u0159el tragicky na n\u00e1sledky \u00farazu ve vlaku). Lid\u00e9 budou m\u00edt p\u0159\u00edle\u017eitost za\u017e\u00edt autentickou atmosf\u00e9ru b\u00fdval\u00e9ho lokomotivn\u00edho depa p\u0159ed jeho prom\u011bnou v <strong>Muzeum \u017eeleznice a elektrotechniky N\u00e1rodn\u00edho technick\u00e9ho muzea<\/strong>, jeho\u017e otev\u0159en\u00ed se pl\u00e1nuje na rok 2030.<\/p>\n\n\n\n<div style=\"height:35px\" aria-hidden=\"true\" class=\"wp-block-spacer\"><\/div>\n\n\n\n<h2 class=\"wp-block-heading\">Novinky v programu otev\u0159en\u00fdch budov<\/h2>\n\n\n\n<div style=\"height:35px\" aria-hidden=\"true\" class=\"wp-block-spacer\"><\/div>\n\n\n\n<p class=\"has-medium-font-size\">Festival Open House Praha nab\u00eddne v programu <strong>v\u00edce ne\u017e 30 novinek<\/strong> na \u00fazem\u00ed<strong> 13 m\u011bstsk\u00fdch \u010d\u00e1st\u00ed<\/strong>. Mezi nimi nap\u0159\u00edklad domovy pro seniory, s\u00eddla velvyslanectv\u00ed, koleje, nov\u00e9 reziden\u010dn\u00ed a administrativn\u00ed projekty, industri\u00e1ln\u00ed stavby, z\u00e1mky, \u0161koly, zahrady, historick\u00e9 pal\u00e1ce, kulturn\u00ed i sakr\u00e1ln\u00ed prostory.<\/p>\n\n\n\n<div style=\"height:35px\" aria-hidden=\"true\" class=\"wp-block-spacer\"><\/div>\n\n\n\n<p class=\"has-medium-font-size\"><strong>DOMOVY PRO SENIORY<\/strong><\/p>\n\n\n\n<p class=\"has-medium-font-size\">V\u016fbec poprv\u00e9 se v r\u00e1mci festivalu otev\u0159ou <strong>senior centra <\/strong>navr\u017een\u00e1 dv\u011bma \u010desk\u00fdmi architekty <strong>Janem L\u00ednkem a Vladem Miluni\u0107em <\/strong>(spoluautor Tan\u010d\u00edc\u00edho domu). Architekti projektovali v Praze n\u011bkolik domov\u016f pro seniory, a to s citliv\u00fdm a na tehdej\u0161\u00ed pom\u011bry p\u0159elomov\u00fdm p\u0159\u00edstupem, ke kter\u00e9mu je inspirovala n\u00e1v\u0161t\u011bva \u0160v\u00e9dska. Jejich realizace <strong>domova pro seniory na Chodov\u011b<\/strong> je uk\u00e1zkou konceptu d\u016fstojn\u00e9ho a \u00fatuln\u00e9ho domova propojen\u00e9ho s \u017eivotem v okoln\u00edm sv\u011bt\u011b. <\/p>\n\n\n\n<p class=\"has-medium-font-size\">Tak\u00e9 bude mo\u017en\u00e9 nav\u0161t\u00edvit domov <strong>Nov\u00e9 slune\u010dnice<\/strong> mezi \u010dtvrt\u011bmi Bohnice a \u010cimice, kter\u00fd na prvn\u00ed pohled zaujme nev\u0161edn\u00edmi \u017elut\u00fdmi prvky a jeho\u017e fas\u00e1du zdob\u00ed d\u00edlo \u010deln\u00edho p\u0159edstavitele \u010desk\u00e9ho pop-artu Josefa M\u017eyka. Interaktivn\u00ed program p\u0159iprav\u00ed pro n\u00e1v\u0161t\u011bvn\u00edky <strong>domov Palata<\/strong>, kde se dost\u00e1v\u00e1 pomoci lidem se zrakov\u00fdm posti\u017een\u00edm. Vyzkou\u0161et si zde mohou br\u00fdle simuluj\u00edc\u00ed r\u016fzn\u00e9 vady zraku. <\/p>\n\n\n\n<div style=\"height:35px\" aria-hidden=\"true\" class=\"wp-block-spacer\"><\/div>\n\n\n<div class=\"wp-block-image\">\n<figure class=\"aligncenter size-large\"><img decoding=\"async\" src=\"https:\/\/prazskeprikopy.cz\/wp-content\/uploads\/2025\/04\/OHP_Domov-Nov225-slunecnice-exterier-archiv-budovy-17-1024x680.jpeg\" alt=\"Skryt\u00e9 skvosty Prahy se otev\u00edraj\u00ed v kv\u011btnu d\u00edky festivalu Open House Praha 2025\" class=\"wp-image-14336\" \/><figcaption class=\"wp-element-caption\"><em>Domov Nov\u00e1 slune\u010dnice<\/em><\/figcaption><\/figure><\/div>\n\n\n<div style=\"height:35px\" aria-hidden=\"true\" class=\"wp-block-spacer\"><\/div>\n\n\n\n<p class=\"has-medium-font-size\">N\u00e1v\u0161t\u011bvn\u00edci a n\u00e1v\u0161t\u011bvnice si budou moci prohl\u00e9dnout v\u00fdstavu historick\u00fdch fotografi\u00ed a pl\u00e1n\u016f neorenesan\u010dn\u00ed budovy, kter\u00e1 vznikla na pozemc\u00edch b\u00fdval\u00e9 vini\u010dn\u00ed usedlosti Horn\u00ed Palata v klidn\u00e9 \u010d\u00e1sti Sm\u00edchova.<\/p>\n\n\n\n<div style=\"height:35px\" aria-hidden=\"true\" class=\"wp-block-spacer\"><\/div>\n\n\n\n<p class=\"has-medium-font-size\"><strong>VELVYSLANECTV\u00cd<\/strong><\/p>\n\n\n\n<p class=\"has-medium-font-size\">V\u00fdjime\u010dn\u011b budou lid\u00e9 moci nahl\u00e9dnout letos i do <strong>rezidenc\u00ed dvou velvyslanectv\u00ed<\/strong>. Na Sm\u00edchov\u011b se otev\u0159e <strong>Hod\u017eova vila<\/strong>, s\u00eddlo velvyslanectv\u00ed <strong>Lucembursk\u00e9ho velkov\u00e9vodstv\u00ed<\/strong>. Vila byla p\u016fvodn\u011b postavena ve 20. letech 20. stolet\u00ed pro Milana Hod\u017eu, p\u0159edsedu vl\u00e1dy \u010cSR v obdob\u00ed p\u0159ed mnichovskou dohodou, kter\u00e9ho dnes p\u0159ipom\u00edn\u00e1 pam\u011btn\u00ed deska u vstupu z ulice. <\/p>\n\n\n\n<div style=\"height:35px\" aria-hidden=\"true\" class=\"wp-block-spacer\"><\/div>\n\n\n<div class=\"wp-block-image\">\n<figure class=\"aligncenter size-large\"><img decoding=\"async\" src=\"https:\/\/prazskeprikopy.cz\/wp-content\/uploads\/2025\/04\/OHP_Velvyslanectvi_Litevske_republiky_foto_Leonas_Garbaciauskas-25-1024x682.jpg\" alt=\"Skryt\u00e9 skvosty Prahy se otev\u00edraj\u00ed v kv\u011btnu d\u00edky festivalu Open House Praha 2025\" class=\"wp-image-14353\" \/><figcaption class=\"wp-element-caption\"><em>Velvyslanectv\u00ed Litevsk\u00e9 republiky: foto Leonas Garba\u010diauskas<\/em><\/figcaption><\/figure><\/div>\n\n\n<div style=\"height:35px\" aria-hidden=\"true\" class=\"wp-block-spacer\"><\/div>\n\n\n\n<p class=\"has-medium-font-size\">I s\u00eddlo <strong>velvyslanectv\u00ed Litvy<\/strong> se nach\u00e1z\u00ed ve vile na pra\u017esk\u00e9m Sm\u00edchov\u011b, ve kter\u00e9 se snoub\u00ed prvorepublikov\u00e1 elegance s nad\u010dasov\u00fdm litevsk\u00fdm designem. Reprezentativn\u00ed interi\u00e9ry jsou pojaty v modern\u00edm stylu a kombinuj\u00ed prvky tradi\u010dn\u00ed baltsk\u00e9 kultury. Interi\u00e9r navrhla design\u00e9rka Indr? Dorof?j?t? a z\u00edskala za n\u011bj ocen\u011bn\u00ed Dobr\u00fd design 2020 v litevsk\u00e9 sout\u011b\u017ei.<\/p>\n\n\n\n<p class=\"has-medium-font-size\"><strong>KOLEJE<\/strong><\/p>\n\n\n\n<p class=\"has-medium-font-size\">Jak se bydl\u00ed studuj\u00edc\u00edm v Praze? D\u00edky festivalu budou m\u00edt lid\u00e9 jedine\u010dnou p\u0159\u00edle\u017eitost prozkoumat n\u011bkolik <strong>historick\u00fdch pra\u017esk\u00fdch kolej\u00ed<\/strong> \u2013 <strong>Bude\u010d, Jednotu, centrum Krystal, \u0160vehlovu, Hl\u00e1vkovu \u010di Masarykovu kolej<\/strong>. O vybudov\u00e1n\u00ed <strong>d\u00edv\u010d\u00ed koleje Bude\u010d<\/strong> na Vinohradech se zaslou\u017eil otec pozd\u011bj\u0161\u00edho prezidenta V\u00e1clava Havla a pro stavbu vybral n\u00e1vrh funkcionalistick\u00e9ho architekta Bohum\u00edra Koz\u00e1ka (*140 let), kter\u00fd do sout\u011b\u017ee p\u0159ihl\u00e1sil projekt\u016f v\u00edc a jeho pohled na budovu se postupn\u011b vyvinul od kot\u011brovsk\u00e9 moderny a\u017e ke klasicizuj\u00edc\u00edmu expresionismu. <\/p>\n\n\n\n<p class=\"has-medium-font-size\">Kolej sou\u010dasn\u011b pat\u0159\u00ed mezi nejmen\u0161\u00ed v Praze. <strong>Kolej \u0160vehlova<\/strong>, nesouc\u00ed jm\u00e9no po p\u0159edsedovi vl\u00e1dy Anton\u00ednu \u0160vehlovi, stoj\u00ed na \u017di\u017ekov\u011b ji\u017e p\u0159esn\u011b sto let. Architekt Jan Chl\u00e1dek, \u017e\u00e1k Otto Wagnera ve V\u00eddni, navrhl rozs\u00e1hlou n\u00e1ro\u017en\u00ed budovu v tehdy obl\u00edben\u00e9m rondokubismu, n\u011bkdy zvan\u00e9m n\u00e1rodn\u00ed styl. Kolej byla slavnostn\u011b otev\u0159ena na v\u00fdro\u010d\u00ed zalo\u017een\u00ed \u010ceskoslovenska dne 28. \u0159\u00edjna 1925, tedy p\u0159ed sto lety. Prohl\u00e9dnout si bude mo\u017en\u00e9 vybran\u00e9 zachoval\u00e9 interi\u00e9ry rozs\u00e1hl\u00e9 budovy v\u010detn\u011b n\u00e1dhern\u00e9ho divadeln\u00edho s\u00e1lu, kde nyn\u00ed p\u016fsob\u00ed soubor <strong>Venu\u0161e ve \u0160vehlovce<\/strong>. <\/p>\n\n\n\n<div style=\"height:35px\" aria-hidden=\"true\" class=\"wp-block-spacer\"><\/div>\n\n\n<div class=\"wp-block-image\">\n<figure class=\"aligncenter size-large is-resized\"><img decoding=\"async\" loading=\"lazy\" src=\"https:\/\/prazskeprikopy.cz\/wp-content\/uploads\/2025\/04\/OHP_kolej_Svehlova_foto_Ivan_Benes-5-1024x683.jpg\" alt=\"Skryt\u00e9 skvosty Prahy se otev\u00edraj\u00ed v kv\u011btnu d\u00edky festivalu Open House Praha 2025\" class=\"wp-image-14354\" style=\"width:840px;height:560px\" width=\"840\" height=\"560\" \/><figcaption class=\"wp-element-caption\"><em>Kolej \u0160vehlova, foto: Ivan Bene\u0161<\/em><\/figcaption><\/figure><\/div>\n\n\n<div style=\"height:35px\" aria-hidden=\"true\" class=\"wp-block-spacer\"><\/div>\n\n\n\n<p class=\"has-medium-font-size\">Ve Veleslav\u00edn\u011b, v bl\u00edzkosti Divok\u00e9 \u0160\u00e1rky, se nach\u00e1z\u00ed budova <strong>Centra Krystal <\/strong>se symetricky \u010dlen\u011bnou fas\u00e1dou postaven\u00e1 ve druh\u00e9 polovin\u011b 20. stolet\u00ed, kter\u00e1 m\u011bla b\u00fdt intern\u00e1tem pro studenty nedalek\u00e9 Vysok\u00e9 \u0161koly politick\u00e9 \u00dast\u0159edn\u00edho v\u00fdboru Komunistick\u00e9 strany \u010ceskoslovenska. Dnes slou\u017e\u00ed Krystal jako hotel, studentsk\u00e9 koleje i s\u00eddla instituc\u00ed Univerzity Karlovy. Milovn\u00edci pov\u00e1le\u010dn\u00e9 architektury 2. poloviny 20. stolet\u00ed zde mohou obdivovat zachoval\u00fd dobov\u00fd interi\u00e9r, kter\u00fd se py\u0161n\u00ed nejen mno\u017estv\u00edm um\u011bleck\u00fdch d\u011bl, ale tak\u00e9 nap\u0159\u00edklad ikonick\u00fdmi hodinami Pragotron nebo p\u016fvodn\u00edm orienta\u010dn\u00edm syst\u00e9mem.<\/p>\n\n\n\n<p class=\"has-medium-font-size\"><strong>PRA\u017dSK\u00dd HRAD<\/strong><\/p>\n\n\n\n<p class=\"has-medium-font-size\">I v leto\u0161n\u00edm roce zvou organiz\u00e1to\u0159i na Pra\u017esk\u00fd hrad, kde se tentokr\u00e1t v\u00fdjime\u010dn\u011b otev\u0159e b\u011b\u017en\u011b nep\u0159\u00edstupn\u00e1 <strong>Hartigovsk\u00e1 zahrada<\/strong>, kter\u00e1 p\u016fvodn\u011b pat\u0159ila k Hartigovsk\u00e9mu pal\u00e1ci. Nyn\u011bj\u0161\u00ed podoba zahrady je v\u00fdsledkem \u00faprav podle n\u00e1vrhu architekt\u016f Adolfa Ben\u0161e a Richarda Podzemn\u00e9ho. Zahrada je tvo\u0159ena dv\u011bma terasami propojen\u00fdmi schodi\u0161t\u011bm. Nejsou zde travnat\u00e9 plochy, obvodov\u00e9 zdi jsou porostl\u00e9 b\u0159e\u010d\u0165anem a loubincem.<\/p>\n\n\n\n<div style=\"height:35px\" aria-hidden=\"true\" class=\"wp-block-spacer\"><\/div>\n\n\n<div class=\"wp-block-image\">\n<figure class=\"aligncenter size-large\"><img decoding=\"async\" src=\"https:\/\/prazskeprikopy.cz\/wp-content\/uploads\/2025\/04\/OHP_Prazsky_hrad_zahrady_foto_Jiri_Sebek-2-1024x683.jpg\" alt=\"Skryt\u00e9 skvosty Prahy se otev\u00edraj\u00ed v kv\u011btnu d\u00edky festivalu Open House Praha 2025\" class=\"wp-image-14330\" \/><figcaption class=\"wp-element-caption\"><em>Pra\u017esk\u00fd hrad, zahrady, foto: Ji\u0159\u00ed \u0160ebek<\/em><\/figcaption><\/figure><\/div>\n\n\n<div style=\"height:35px\" aria-hidden=\"true\" class=\"wp-block-spacer\"><\/div>\n\n\n\n<p class=\"has-medium-font-size\"> V zahrad\u011b je mo\u017en\u00e9 si prohl\u00e9dnout p\u016fvodn\u00ed barokn\u00ed hudebn\u00ed pavilon nebo p\u011btici soch od Anton\u00edna Brauna (synovce proslul\u00e9ho Maty\u00e1\u0161e Bernarda Brauna). Pod Ple\u010dnikovou vyhl\u00eddkou se ukr\u00fdv\u00e1 p\u016fvodn\u011b zimn\u00ed zahrada, tzv.<strong> Ple\u010dnik\u016fv pavilon<\/strong>. Prostor z 20. let minul\u00e9ho stolet\u00ed, kter\u00fd dnes slou\u017e\u00ed k v\u00fdstav\u00e1m a mimo n\u011b je pro ve\u0159ejnost uzav\u0159en.<\/p>\n\n\n\n<div style=\"height:35px\" aria-hidden=\"true\" class=\"wp-block-spacer\"><\/div>\n\n\n\n<p class=\"has-medium-font-size\"><strong>REVITALIZACE INDUSTRI\u00c1LN\u00cdCH PROSTOR<\/strong><\/p>\n\n\n\n<p class=\"has-medium-font-size\">Festival p\u0159edstav\u00ed tak\u00e9 n\u011bkolik <strong>revitalizac\u00ed p\u016fvodn\u011b industri\u00e1ln\u00edch prostor<\/strong>. Jedn\u00edm z nich je <strong>reziden\u010dn\u00ed projekt Lihovar Sm\u00edchov<\/strong>, kter\u00fd sv\u00fdm tvaroslov\u00edm odkazuje na slavnou historii m\u00edstn\u00edho lihovaru. Cihlov\u00e9 fas\u00e1dy, pilov\u00e9 st\u0159echy a kom\u00edny \u2013 revitalizac\u00ed brownfieldu vznikla nov\u00e1 reziden\u010dn\u00ed \u010dtvr\u0165 inspirovan\u00e1 lond\u00fdnskou King\u2019s Cross. <\/p>\n\n\n\n<div style=\"height:35px\" aria-hidden=\"true\" class=\"wp-block-spacer\"><\/div>\n\n\n<div class=\"wp-block-image\">\n<figure class=\"aligncenter size-large\"><img decoding=\"async\" src=\"https:\/\/prazskeprikopy.cz\/wp-content\/uploads\/2025\/04\/OHP_LIHOVAR-Smichov-exterier-autorka-Sarah-Kocourkova-4-1024x683.jpg\" alt=\"Skryt\u00e9 skvosty Prahy se otev\u00edraj\u00ed v kv\u011btnu d\u00edky festivalu Open House Praha 2025\" class=\"wp-image-14355\" \/><figcaption class=\"wp-element-caption\"><em>LIHOVAR Sm\u00edchov, exteri\u00e9r, foto: Sarah Kocourkov\u00e1<\/em><\/figcaption><\/figure><\/div>\n\n\n<div style=\"height:35px\" aria-hidden=\"true\" class=\"wp-block-spacer\"><\/div>\n\n\n\n<p class=\"has-medium-font-size\">Je\u0161t\u011b p\u0159ed n\u011bkolika lety zch\u00e1tral\u00fd a opu\u0161t\u011bn\u00fd <strong>Nuselsk\u00fd pivovar<\/strong>, kter\u00fd si n\u00e1v\u0161t\u011bvn\u00edci mohli ji\u017e v minulosti na festivalu prohl\u00e9dnout, se dnes tak\u00e9 m\u011bn\u00ed v novou bytovou \u010dtvr\u0165. Jej\u00ed sou\u010d\u00e1st\u00ed jsou Lofty ve zrekonstruovan\u00fdch historick\u00fdch budov\u00e1ch a zcela nov\u00e1 bytov\u00e1 v\u00fdstavba Rezidence.<\/p>\n\n\n\n<p class=\"has-medium-font-size\"><strong>NOV\u00c9 ADMINISTRATIVN\u00cd BUDOVY<\/strong><\/p>\n\n\n\n<p class=\"has-medium-font-size\">V neposledn\u00ed \u0159ad\u011b budou k vid\u011bn\u00ed tak\u00e9<strong> nov\u00e9 administrativn\u00ed budovy<\/strong>, kter\u00e9 bo\u0159\u00ed za\u017eit\u00e9 p\u0159edstavy o kancel\u00e1\u0159sk\u00fdch stavb\u00e1ch a nab\u00edz\u00ed p\u0159\u00edjemn\u00e9 pracovn\u00ed prost\u0159ed\u00ed v harmonii s okol\u00edm. Budova <strong>Roztyly Plaza<\/strong>, dostav\u011bn\u00e1 v roce 2024, z\u00edskala ji\u017e dokonce n\u011bkolik presti\u017en\u00edch ocen\u011bn\u00ed v\u010detn\u011b titulu Stavba roku Nadace pro rozvoj architektury a stavitelstv\u00ed za architektonickou \u010distotu, konstruk\u010dn\u00ed \u0159e\u0161en\u00ed i citliv\u00e9 urbanistick\u00e9 za\u010dlen\u011bn\u00ed. <\/p>\n\n\n\n<div style=\"height:35px\" aria-hidden=\"true\" class=\"wp-block-spacer\"><\/div>\n\n\n<div class=\"wp-block-image\">\n<figure class=\"aligncenter size-large\"><img decoding=\"async\" src=\"https:\/\/prazskeprikopy.cz\/wp-content\/uploads\/2025\/04\/OHP_Hagibor-exterier-archiv-budovy-2-1024x795.jpg\" alt=\"Skryt\u00e9 skvosty Prahy se otev\u00edraj\u00ed v kv\u011btnu d\u00edky festivalu Open House Praha 2025\" class=\"wp-image-14351\" \/><figcaption class=\"wp-element-caption\"><em>Hagibor, exteri\u00e9r<\/em><\/figcaption><\/figure><\/div>\n\n\n<div style=\"height:35px\" aria-hidden=\"true\" class=\"wp-block-spacer\"><\/div>\n\n\n\n<p class=\"has-medium-font-size\">I zbrusu nov\u00fd <strong>kancel\u00e1\u0159sk\u00fd projekt Hagibor<\/strong> ukazuje, jak lze d\u016fmysln\u011b propojit kancel\u00e1\u0159e s p\u0159\u00edrodou. Koncept p\u0159\u00edrody ve m\u011bst\u011b navrhl jeden z nejv\u00fdznamn\u011bj\u0161\u00edch sv\u011btov\u00fdch krajin\u00e1\u0159sk\u00fdch architekt\u016f Michel Desvigne. Komplex je \u0161etrn\u00fd k \u017eivotn\u00edmu prost\u0159ed\u00ed a z\u00edskal i certifikaci LEED Platinum.<\/p>\n\n\n\n<p class=\"has-medium-font-size\"><strong>PAL\u00c1CE<\/strong><\/p>\n\n\n\n<p class=\"has-medium-font-size\">I pra\u017esk\u00e9 pal\u00e1ce maj\u00ed na festivalu sv\u00e9 st\u00e1l\u00e9 m\u00edsto. Nav\u0161t\u00edvit bude mo\u017en\u00e9 poprv\u00e9 nap\u0159\u00edklad barokn\u00ed pal\u00e1c na Nov\u00e9m M\u011bst\u011b op\u0159eden\u00fd legendami. <strong>Mladotovsk\u00fd pal\u00e1c<\/strong>, p\u0159ezd\u00edvan\u00fd tak\u00e9 jako <strong>Faust\u016fv d\u016fm<\/strong>, vlastnil v 16. stolet\u00ed dvorn\u00ed alchymista Rudolfa II. Edward Kelley. \u00dadajn\u011b tu prov\u00e1d\u011bl chemick\u00e9 pokusy, tak\u017ee cel\u00e1 Praha hovo\u0159ila o \u0159\u00e1d\u011bn\u00ed \u010f\u00e1bla v t\u00e9to budov\u011b. To dalo vzniknout pov\u011bsti o doktoru Faustovi. Mezi v\u00fdznamn\u00fdmi pra\u017esk\u00fdmi pal\u00e1ci je letos nov\u011b i<strong> pal\u00e1c EGAP <\/strong>ve Vodi\u010dkov\u011b ulici. <\/p>\n\n\n\n<div style=\"height:35px\" aria-hidden=\"true\" class=\"wp-block-spacer\"><\/div>\n\n\n<div class=\"wp-block-image\">\n<figure class=\"aligncenter size-large\"><img decoding=\"async\" src=\"https:\/\/prazskeprikopy.cz\/wp-content\/uploads\/2025\/04\/OHP_Faustuv-dum-exterier-archiv-budovy-2-1024x683.jpg\" alt=\"Skryt\u00e9 skvosty Prahy se otev\u00edraj\u00ed v kv\u011btnu d\u00edky festivalu Open House Praha 2025\" class=\"wp-image-14334\" \/><figcaption class=\"wp-element-caption\"><em>Faust\u016fv d\u016fm<\/em><\/figcaption><\/figure><\/div>\n\n\n<div style=\"height:35px\" aria-hidden=\"true\" class=\"wp-block-spacer\"><\/div>\n\n\n\n<p class=\"has-medium-font-size\">Za funkcionalistick\u00fdmi zdmi pal\u00e1ce se skr\u00fdv\u00e1 funk\u010dn\u00ed p\u00e1ternoster a krom\u011b vybran\u00fdch prostor si bude mo\u017en\u00e9 vychutnat tak\u00e9 nev\u0161edn\u00ed v\u00fdhledy na m\u011bsto ze st\u0159e\u0161n\u00ed terasy. Po ned\u00e1vn\u00e9 citliv\u00e9 rekonstrukci se tak\u00e9 znovu otev\u0159e konstruktivistick\u00fd <strong>Pal\u00e1c Dunaj <\/strong>na N\u00e1rodn\u00ed t\u0159\u00edd\u011b, kter\u00fd pat\u0159\u00ed mezi nejlep\u0161\u00ed realizace n\u011bmeck\u00e9ho architekta Adolfa Foehra, \u017e\u00e1ka Jana Kot\u011bry. <\/p>\n\n\n\n<p class=\"has-medium-font-size\">Rekonstrukce vr\u00e1tila monument\u00e1ln\u00ed budov\u011b noblesn\u00ed vzhled z obdob\u00ed prvn\u00ed republiky a z\u00e1rove\u0148 zavedla modern\u00ed technologie. Prohl\u00e9dnout si lze d\u0159\u00edve nep\u0159\u00edstupn\u00e9 atrium s luxferovou podlahou a prosklen\u00fdm stropem a tak\u00e9 novou zelenou terasu na st\u0159e\u0161e.<\/p>\n\n\n\n<div style=\"height:35px\" aria-hidden=\"true\" class=\"wp-block-spacer\"><\/div>\n\n\n\n<p class=\"has-medium-font-size\"><strong>Architektura pro v\u0161echny<\/strong><\/p>\n\n\n\n<p class=\"has-medium-font-size\">I v leto\u0161n\u00edm ro\u010dn\u00edku nab\u00eddnou organiz\u00e1to\u0159i speci\u00e1ln\u00ed prohl\u00eddky <strong>pro n\u00e1v\u0161t\u011bvn\u00edky se zrakov\u00fdm posti\u017een\u00edm, nesly\u0161\u00edc\u00ed<\/strong> a<strong> d\u011bti<\/strong>. Zaji\u0161t\u011bno bude tlumo\u010den\u00ed do \u010desk\u00e9ho znakov\u00e9ho jazyka, simult\u00e1nn\u00ed p\u0159epis, haptick\u00e9 pl\u00e1ny a 3D modely vybran\u00fdch budov. <\/p>\n\n\n\n<p class=\"has-medium-font-size\">Pro zahrani\u010dn\u00ed rezidenty \u017eij\u00edc\u00ed v Praze festival nab\u00eddne komentovan\u00e9 <strong>prohl\u00eddky vybran\u00fdch budov v angli\u010dtin\u011b<\/strong> a informativn\u00ed texty budou k dispozici v otev\u0159en\u00fdch budov\u00e1ch tak\u00e9 v <strong>ukrajinsk\u00e9m jazyce<\/strong>. V\u00edce o programu je mo\u017en\u00e9 dozv\u011bd\u011bt se na festivalov\u00e9 str\u00e1nce <strong>Bez bari\u00e9r a Program pro d\u011bti.<\/strong><\/p>\n\n\n\n<div style=\"height:35px\" aria-hidden=\"true\" class=\"wp-block-spacer\"><\/div>\n\n\n\n<h2 class=\"wp-block-heading\">Dobrovoln\u00edci<\/h2>\n\n\n\n<div style=\"height:35px\" aria-hidden=\"true\" class=\"wp-block-spacer\"><\/div>\n\n\n\n<p class=\"has-medium-font-size\">Festival Open House Praha je komunitn\u00ed akc\u00ed. Budovy se otev\u0159ou d\u00edky zapojen\u00ed <strong>stovek dobrovoln\u00edk\u016f a dobrovolnic<\/strong>, kte\u0159\u00ed nab\u00edz\u00ed sv\u016fj \u010das a energii bez n\u00e1roku na honor\u00e1\u0159. <\/p>\n\n\n\n<p class=\"has-medium-font-size\"><a href=\"https:\/\/www.openhousepraha.cz\/dobrovolnici\/\"><u><strong>P\u0159ihl\u00e1sit se<\/strong><\/u><\/a> a pomoci s prov\u00e1d\u011bn\u00edm \u010di koordinac\u00ed provozu m\u016f\u017ee ka\u017ed\u00fd, koho l\u00e1k\u00e1 nahl\u00e9dnout do z\u00e1kulis\u00ed p\u0159\u00edprav akce. <\/p>\n\n\n\n<p class=\"has-medium-font-size\"><strong>Ambasadorkou dobrovolnick\u00e9ho programu<\/strong> je moder\u00e1torka, b\u00fdval\u00e1 mluv\u010d\u00ed ministra pro lidsk\u00e1 pr\u00e1va a n\u00e1rodnostn\u00ed men\u0161iny a dobrovolnice <strong>Lejla Abbasov\u00e1<\/strong>.<\/p>\n\n\n\n<div style=\"height:35px\" aria-hidden=\"true\" class=\"wp-block-spacer\"><\/div>\n\n\n\n<h2 class=\"wp-block-heading\">Infocentrum<\/h2>\n\n\n\n<div style=\"height:35px\" aria-hidden=\"true\" class=\"wp-block-spacer\"><\/div>\n\n\n\n<p class=\"has-medium-font-size\">Od <strong>12. kv\u011btna<\/strong> se otev\u0159e v prostor\u00e1ch <strong>Kampusu Hybernsk\u00e1<\/strong> (Hybernsk\u00e1 998\/4, Praha 1) festivalov\u00e9 infocentrum a nab\u00eddne mo\u017enost zakoupen\u00ed <strong>Festivalov\u00e9ho pr\u016fvodce<\/strong>, <strong>limitovan\u00e9 edice merchandise<\/strong> i dal\u0161\u00edch materi\u00e1l\u016f. Otev\u00edrac\u00ed doba: po\u2013p\u00e1 10\u201318 hodin, so\u2013ne 9\u201319 hodin.<\/p>\n\n\n\n<div style=\"height:35px\" aria-hidden=\"true\" class=\"wp-block-spacer\"><\/div>\n\n\n\n<h2 class=\"wp-block-heading\">Festivalov\u00e1 aplikace<\/h2>\n\n\n\n<div style=\"height:35px\" aria-hidden=\"true\" class=\"wp-block-spacer\"><\/div>\n\n\n\n<p class=\"has-medium-font-size\">Informace o <strong>programu i aktu\u00e1ln\u00edm provozu <\/strong>v otev\u0159en\u00fdch budov\u00e1ch budou k dispozici ve <a href=\"https:\/\/www.openhousepraha.cz\/app\/\"><u><strong>festivalov\u00e9 aplikaci<\/strong><\/u><\/a>, kter\u00e1 je ke sta\u017een\u00ed pro syst\u00e9my <strong>Android <\/strong>i <strong>iOS<\/strong>. D\u00edky aplikaci je mo\u017en\u00e9 si<strong> napl\u00e1novat v\u00edkendovou trasu<\/strong>, <strong>rezervovat vstupenky<\/strong> na akce doprovodn\u00e9ho <\/p>\n\n\n\n<p class=\"has-medium-font-size\">programu s omezenou kapacitou a tak\u00e9 <strong>sd\u00edlet<\/strong> s ostatn\u00edmi n\u00e1v\u0161t\u011bvn\u00edky sv\u00e9 z\u00e1\u017eitky. Festivalov\u00e9 objekty budou rovn\u011b\u017e pod heslem <em>open house praha <\/em>k dohled\u00e1n\u00ed ve ve\u0159ejn\u00fdch map\u00e1ch na <strong>port\u00e1le i v aplikaci<\/strong> <strong>Mapy.cz<\/strong> formou bod\u016f z\u00e1jmu (POI \u2013 Points of Interest).<\/p>\n\n\n\n<div style=\"height:35px\" aria-hidden=\"true\" class=\"wp-block-spacer\"><\/div>\n\n\n\n<h2 class=\"wp-block-heading\">Praktick\u00e9 informace<\/h2>\n\n\n\n<div style=\"height:35px\" aria-hidden=\"true\" class=\"wp-block-spacer\"><\/div>\n\n\n\n<p class=\"has-medium-font-size\">V\u011bt\u0161ina budov (a prostor\u016f) je otev\u0159ena po oba v\u00edkendov\u00e9 dny <strong>od 10 do 18 hodin<\/strong>, existuj\u00ed ale v\u00fdjimky. Konkr\u00e9tn\u00ed \u010dasy zp\u0159\u00edstupn\u011bn\u00ed a dal\u0161\u00ed informace (nap\u0159. o bezbari\u00e9rovosti) najdou lid\u00e9 na <strong>www.openhousepraha.cz\/festival-2025. <\/strong><\/p>\n\n\n\n<p class=\"has-medium-font-size\"><strong>Vstup do budov je zdarma bez nutnosti p\u0159edchoz\u00ed registrace. <\/strong>Prohl\u00eddky budou odbavov\u00e1ny pr\u016fb\u011b\u017en\u011b nebo v p\u0159edem avizovan\u00fdch \u010dasech (nevidom\u00ed, nesly\u0161\u00edc\u00ed, d\u011bti). <strong>Vstup na akce doprovodn\u00e9ho programu v\u011bt\u0161inou vy\u017eaduj\u00ed registraci \u010di p\u0159edchoz\u00ed n\u00e1kup vstupenky.<\/strong><\/p>\n\n\n\n<div style=\"height:35px\" aria-hidden=\"true\" class=\"wp-block-spacer\"><\/div>\n\n\n\n<p class=\"has-medium-font-size\"><strong>Pod\u00edvejte se na <a href=\"https:\/\/www.youtube.com\/watch?v=LiNPhN_zlB0\">festivalov\u00fd promospot<\/a>, kter\u00fd odhaluje n\u011bkter\u00e9 festivalov\u00e9 novinky.<\/strong><\/p>\n\n\n\n<figure class=\"wp-block-embed is-type-video is-provider-youtube wp-block-embed-youtube wp-embed-aspect-16-9 wp-has-aspect-ratio\"><div class=\"wp-block-embed__wrapper\">\n<div class=\"video-container\"><iframe loading=\"lazy\" title=\"Pozv\u00e1nka na festival Open House Praha 2025\" width=\"500\" height=\"281\" src=\"https:\/\/www.youtube.com\/embed\/LiNPhN_zlB0?feature=oembed&#038;wmode=opaque\" frameborder=\"0\" allow=\"accelerometer; autoplay; clipboard-write; encrypted-media; gyroscope; picture-in-picture; web-share\" referrerpolicy=\"strict-origin-when-cross-origin\" allowfullscreen><\/iframe><\/div>\n<\/div><\/figure>\n\n\n\n<div style=\"height:35px\" aria-hidden=\"true\" class=\"wp-block-spacer\"><\/div>\n\n\n\n<h2 class=\"wp-block-heading\">Open House Praha na soci\u00e1ln\u00edch s\u00edt\u00edch<\/h2>\n\n\n\n<div style=\"height:35px\" aria-hidden=\"true\" class=\"wp-block-spacer\"><\/div>\n\n\n\n<p class=\"has-medium-font-size\">#OpenHousePraha2025 #OHP2025 #ArchitekturaProVsechny #OtevirameMesto #OpenHouseEurope #OpenHouseWorldwide<\/p>\n\n\n\n<p class=\"has-medium-font-size\"><a href=\"https:\/\/www.facebook.com\/openhousepraha\"><u>Facebook<\/u><\/a> | <a href=\"https:\/\/www.instagram.com\/openhousepraha\/\"><u>Instagram<\/u><\/a> | <a href=\"https:\/\/www.linkedin.com\/company\/open-house-praha-cz\/about\/?viewAsMember=true\"><u>Linked In<\/u><\/a> | <a href=\"https:\/\/www.youtube.com\/channel\/UCFdVNb874ALQCc2cUTkyHaA\/videos\"><u>Youtube<\/u><\/a><\/p>\n\n\n\n<div style=\"height:100px\" aria-hidden=\"true\" class=\"wp-block-spacer\"><\/div>\n\n\n\n<figure class=\"wp-block-gallery has-nested-images columns-2 is-cropped wp-block-gallery-1 is-layout-flex wp-block-gallery-is-layout-flex\">\n<figure class=\"wp-block-image size-large\"><img decoding=\"async\" data-id=\"14331\" src=\"https:\/\/prazskeprikopy.cz\/wp-content\/uploads\/2025\/04\/OHP_Centrum-Krystal_interier_foto_Tomas_Sysel-017-1024x683.jpg\" alt=\"Skryt\u00e9 skvosty Prahy se otev\u00edraj\u00ed v kv\u011btnu d\u00edky festivalu Open House Praha 2025\" class=\"wp-image-14331\" \/><\/figure>\n\n\n\n<figure class=\"wp-block-image size-large\"><img decoding=\"async\" data-id=\"14336\" src=\"https:\/\/prazskeprikopy.cz\/wp-content\/uploads\/2025\/04\/OHP_Domov-Nov225-slunecnice-exterier-archiv-budovy-17-1024x680.jpeg\" alt=\"Skryt\u00e9 skvosty Prahy se otev\u00edraj\u00ed v kv\u011btnu d\u00edky festivalu Open House Praha 2025\" class=\"wp-image-14336\" \/><\/figure>\n\n\n\n<figure class=\"wp-block-image size-large\"><img decoding=\"async\" data-id=\"14334\" src=\"https:\/\/prazskeprikopy.cz\/wp-content\/uploads\/2025\/04\/OHP_Faustuv-dum-exterier-archiv-budovy-2-1024x683.jpg\" alt=\"Skryt\u00e9 skvosty Prahy se otev\u00edraj\u00ed v kv\u011btnu d\u00edky festivalu Open House Praha 2025\" class=\"wp-image-14334\" \/><\/figure>\n\n\n\n<figure class=\"wp-block-image size-large\"><img decoding=\"async\" data-id=\"14329\" src=\"https:\/\/prazskeprikopy.cz\/wp-content\/uploads\/2025\/04\/OHP_Gymnazium_Ceskobrodska_foto_archiv_budovy-5-1024x596.jpg\" alt=\"Skryt\u00e9 skvosty Prahy se otev\u00edraj\u00ed v kv\u011btnu d\u00edky festivalu Open House Praha 2025\" class=\"wp-image-14329\" \/><\/figure>\n\n\n\n<figure class=\"wp-block-image size-large\"><img decoding=\"async\" data-id=\"14332\" src=\"https:\/\/prazskeprikopy.cz\/wp-content\/uploads\/2025\/04\/OHP_Lokomotivni_depo_Masarykova_nadrazi_exterier_foto_Tomas_Sysel-041-1024x683.jpg\" alt=\"Skryt\u00e9 skvosty Prahy se otev\u00edraj\u00ed v kv\u011btnu d\u00edky festivalu Open House Praha 2025\" class=\"wp-image-14332\" \/><\/figure>\n\n\n\n<figure class=\"wp-block-image size-large\"><img decoding=\"async\" data-id=\"14333\" src=\"https:\/\/prazskeprikopy.cz\/wp-content\/uploads\/2025\/04\/OHP_Palac-EGAP-zadni-cast-archiv-budovy-5-1024x683.jpg\" alt=\"Skryt\u00e9 skvosty Prahy se otev\u00edraj\u00ed v kv\u011btnu d\u00edky festivalu Open House Praha 2025\" class=\"wp-image-14333\" \/><\/figure>\n\n\n\n<figure class=\"wp-block-image size-large\"><img decoding=\"async\" data-id=\"14330\" src=\"https:\/\/prazskeprikopy.cz\/wp-content\/uploads\/2025\/04\/OHP_Prazsky_hrad_zahrady_foto_Jiri_Sebek-2-1024x683.jpg\" alt=\"Skryt\u00e9 skvosty Prahy se otev\u00edraj\u00ed v kv\u011btnu d\u00edky festivalu Open House Praha 2025\" class=\"wp-image-14330\" \/><\/figure>\n\n\n\n<figure class=\"wp-block-image size-large\"><img decoding=\"async\" data-id=\"14335\" src=\"https:\/\/prazskeprikopy.cz\/wp-content\/uploads\/2025\/04\/OHP2025_Banner_1080x720-1024x683.jpg\" alt=\"Skryt\u00e9 skvosty Prahy se otev\u00edraj\u00ed v kv\u011btnu d\u00edky festivalu Open House Praha 2025\" class=\"wp-image-14335\" \/><\/figure>\n\n\n\n<figure class=\"wp-block-image size-large\"><img decoding=\"async\" data-id=\"14354\" src=\"https:\/\/prazskeprikopy.cz\/wp-content\/uploads\/2025\/04\/OHP_kolej_Svehlova_foto_Ivan_Benes-5-1024x683.jpg\" alt=\"Skryt\u00e9 skvosty Prahy se otev\u00edraj\u00ed v kv\u011btnu d\u00edky festivalu Open House Praha 2025\" class=\"wp-image-14354\" \/><\/figure>\n\n\n\n<figure class=\"wp-block-image size-large\"><img decoding=\"async\" data-id=\"14355\" src=\"https:\/\/prazskeprikopy.cz\/wp-content\/uploads\/2025\/04\/OHP_LIHOVAR-Smichov-exterier-autorka-Sarah-Kocourkova-4-1024x683.jpg\" alt=\"Skryt\u00e9 skvosty Prahy se otev\u00edraj\u00ed v kv\u011btnu d\u00edky festivalu Open House Praha 2025\" class=\"wp-image-14355\" \/><\/figure>\n\n\n\n<figure class=\"wp-block-image size-large\"><img decoding=\"async\" data-id=\"14352\" src=\"https:\/\/prazskeprikopy.cz\/wp-content\/uploads\/2025\/04\/OHP_Nuselsky-pivovar-lofty-exterier-foto-archiv-budovy-9-1024x683.jpg\" alt=\"Skryt\u00e9 skvosty Prahy se otev\u00edraj\u00ed v kv\u011btnu d\u00edky festivalu Open House Praha 2025\" class=\"wp-image-14352\" \/><\/figure>\n\n\n\n<figure class=\"wp-block-image size-large\"><img decoding=\"async\" data-id=\"14353\" src=\"https:\/\/prazskeprikopy.cz\/wp-content\/uploads\/2025\/04\/OHP_Velvyslanectvi_Litevske_republiky_foto_Leonas_Garbaciauskas-25-1024x682.jpg\" alt=\"Skryt\u00e9 skvosty Prahy se otev\u00edraj\u00ed v kv\u011btnu d\u00edky festivalu Open House Praha 2025\" class=\"wp-image-14353\" \/><\/figure>\n\n\n\n<figure class=\"wp-block-image size-large\"><img decoding=\"async\" data-id=\"14351\" src=\"https:\/\/prazskeprikopy.cz\/wp-content\/uploads\/2025\/04\/OHP_Hagibor-exterier-archiv-budovy-2-1024x795.jpg\" alt=\"Skryt\u00e9 skvosty Prahy se otev\u00edraj\u00ed v kv\u011btnu d\u00edky festivalu Open House Praha 2025\" class=\"wp-image-14351\" \/><\/figure>\n<\/figure>\n\n\n\n<div style=\"height:35px\" aria-hidden=\"true\" class=\"wp-block-spacer\"><\/div>\n\n\n\n<p><strong>Zdroj foto a video<\/strong>: Festival Open House Praha<\/p>\n\n\n\n<div style=\"height:65px\" aria-hidden=\"true\" class=\"wp-block-spacer\"><\/div>\n","protected":false},"excerpt":{"rendered":"<p>Od 12. do 18. kv\u011btna 2025 se uskute\u010dn\u00ed ji\u017e 11. ro\u010dn\u00edk festivalu Open House Praha. Festival zah\u00e1j\u00ed od 12. kv\u011btna s\u00e9rie doprovodn\u00fdch program\u016f \u2013 debaty, p\u0159edn\u00e1\u0161ky, komentovan\u00e9 prohl\u00eddky, proch\u00e1zky, v\u00fdstavy a jin\u00e9 akce. Sv\u00e1tek&#46;&#46;&#46;<\/p>\n","protected":false},"author":10,"featured_media":7727,"comment_status":"closed","ping_status":"closed","sticky":false,"template":"","format":"standard","meta":{"_monsterinsights_skip_tracking":false,"_monsterinsights_sitenote_active":false,"_monsterinsights_sitenote_note":"","_monsterinsights_sitenote_category":0,"footnotes":""},"categories":[182,26,2,179,154,159],"tags":[],"yoast_head":"<!-- This site is optimized with the Yoast SEO plugin v21.5 - https:\/\/yoast.com\/wordpress\/plugins\/seo\/ -->\n<title>Skryt\u00e9 skvosty Prahy se otev\u00edraj\u00ed v kv\u011btnu d\u00edky festivalu Open House Praha 2025 - HOTELHOUSE.cz<\/title>\n<meta name=\"description\" content=\"Od 12. do 18. kv\u011btna 2025 se uskute\u010dn\u00ed ji\u017e 11. ro\u010dn\u00edk festivalu Open House Praha. Festival zah\u00e1j\u00ed od 12. kv\u011btna s\u00e9rie doprovodn\u00fdch program\u016f.\" \/>\n<meta name=\"robots\" content=\"index, follow, max-snippet:-1, max-image-preview:large, max-video-preview:-1\" \/>\n<link rel=\"canonical\" href=\"https:\/\/hotelhouse.cz\/index.php\/2025\/05\/13\/skryte-skvosty-prahy-se-oteviraji-v-kvetnu-diky-festivalu-open-house-praha-2025\/\" \/>\n<meta property=\"og:locale\" content=\"cs_CZ\" \/>\n<meta property=\"og:type\" content=\"article\" \/>\n<meta property=\"og:title\" content=\"Skryt\u00e9 skvosty Prahy se otev\u00edraj\u00ed v kv\u011btnu d\u00edky festivalu Open House Praha 2025 - HOTELHOUSE.cz\" \/>\n<meta property=\"og:description\" content=\"Od 12. do 18. kv\u011btna 2025 se uskute\u010dn\u00ed ji\u017e 11. ro\u010dn\u00edk festivalu Open House Praha. Festival zah\u00e1j\u00ed od 12. kv\u011btna s\u00e9rie doprovodn\u00fdch program\u016f.\" \/>\n<meta property=\"og:url\" content=\"https:\/\/hotelhouse.cz\/index.php\/2025\/05\/13\/skryte-skvosty-prahy-se-oteviraji-v-kvetnu-diky-festivalu-open-house-praha-2025\/\" \/>\n<meta property=\"og:site_name\" content=\"HOTELHOUSE.cz\" \/>\n<meta property=\"article:published_time\" content=\"2025-05-12T22:01:00+00:00\" \/>\n<meta property=\"article:modified_time\" content=\"2025-05-10T18:54:12+00:00\" \/>\n<meta property=\"og:image\" content=\"https:\/\/hotelhouse.cz\/wp-content\/uploads\/2025\/04\/OHP_Lokomotivni_depo_Masarykova_nadrazi_exterier_foto_Tomas_Sysel-041.jpg\" \/>\n\t<meta property=\"og:image:width\" content=\"1200\" \/>\n\t<meta property=\"og:image:height\" content=\"800\" \/>\n\t<meta property=\"og:image:type\" content=\"image\/jpeg\" \/>\n<meta name=\"author\" content=\"Helen Guardian\" \/>\n<meta name=\"twitter:card\" content=\"summary_large_image\" \/>\n<meta name=\"twitter:label1\" content=\"Napsal(a)\" \/>\n\t<meta name=\"twitter:data1\" content=\"Helen Guardian\" \/>\n\t<meta name=\"twitter:label2\" content=\"Odhadovan\u00e1 doba \u010dten\u00ed\" \/>\n\t<meta name=\"twitter:data2\" content=\"18 minut\" \/>\n<script type=\"application\/ld+json\" class=\"yoast-schema-graph\">{\"@context\":\"https:\/\/schema.org\",\"@graph\":[{\"@type\":\"Article\",\"@id\":\"https:\/\/hotelhouse.cz\/index.php\/2025\/05\/13\/skryte-skvosty-prahy-se-oteviraji-v-kvetnu-diky-festivalu-open-house-praha-2025\/#article\",\"isPartOf\":{\"@id\":\"https:\/\/hotelhouse.cz\/index.php\/2025\/05\/13\/skryte-skvosty-prahy-se-oteviraji-v-kvetnu-diky-festivalu-open-house-praha-2025\/\"},\"author\":{\"name\":\"Helen Guardian\",\"@id\":\"https:\/\/hotelhouse.cz\/#\/schema\/person\/d632b16c6b63077400f5e36aa5488072\"},\"headline\":\"Skryt\u00e9 skvosty Prahy se otev\u00edraj\u00ed v kv\u011btnu d\u00edky festivalu Open House Praha 2025\",\"datePublished\":\"2025-05-12T22:01:00+00:00\",\"dateModified\":\"2025-05-10T18:54:12+00:00\",\"mainEntityOfPage\":{\"@id\":\"https:\/\/hotelhouse.cz\/index.php\/2025\/05\/13\/skryte-skvosty-prahy-se-oteviraji-v-kvetnu-diky-festivalu-open-house-praha-2025\/\"},\"wordCount\":3191,\"publisher\":{\"@id\":\"https:\/\/hotelhouse.cz\/#organization\"},\"articleSection\":[\"HISTORIE PRAHY\",\"N\u00e1dhern\u00e1M\u00edsta.cz\",\"NEWS\",\"PRA\u017dSK\u00c1 MASARY\u010cKA\",\"PRA\u017dSK\u00c1 METROPOLE\",\"PRA\u017dSK\u00dd HRAD\"],\"inLanguage\":\"cs\"},{\"@type\":\"WebPage\",\"@id\":\"https:\/\/hotelhouse.cz\/index.php\/2025\/05\/13\/skryte-skvosty-prahy-se-oteviraji-v-kvetnu-diky-festivalu-open-house-praha-2025\/\",\"url\":\"https:\/\/hotelhouse.cz\/index.php\/2025\/05\/13\/skryte-skvosty-prahy-se-oteviraji-v-kvetnu-diky-festivalu-open-house-praha-2025\/\",\"name\":\"Skryt\u00e9 skvosty Prahy se otev\u00edraj\u00ed v kv\u011btnu d\u00edky festivalu Open House Praha 2025 - HOTELHOUSE.cz\",\"isPartOf\":{\"@id\":\"https:\/\/hotelhouse.cz\/#website\"},\"datePublished\":\"2025-05-12T22:01:00+00:00\",\"dateModified\":\"2025-05-10T18:54:12+00:00\",\"description\":\"Od 12. do 18. kv\u011btna 2025 se uskute\u010dn\u00ed ji\u017e 11. ro\u010dn\u00edk festivalu Open House Praha. Festival zah\u00e1j\u00ed od 12. kv\u011btna s\u00e9rie doprovodn\u00fdch program\u016f.\",\"breadcrumb\":{\"@id\":\"https:\/\/hotelhouse.cz\/index.php\/2025\/05\/13\/skryte-skvosty-prahy-se-oteviraji-v-kvetnu-diky-festivalu-open-house-praha-2025\/#breadcrumb\"},\"inLanguage\":\"cs\",\"potentialAction\":[{\"@type\":\"ReadAction\",\"target\":[\"https:\/\/hotelhouse.cz\/index.php\/2025\/05\/13\/skryte-skvosty-prahy-se-oteviraji-v-kvetnu-diky-festivalu-open-house-praha-2025\/\"]}]},{\"@type\":\"BreadcrumbList\",\"@id\":\"https:\/\/hotelhouse.cz\/index.php\/2025\/05\/13\/skryte-skvosty-prahy-se-oteviraji-v-kvetnu-diky-festivalu-open-house-praha-2025\/#breadcrumb\",\"itemListElement\":[{\"@type\":\"ListItem\",\"position\":1,\"name\":\"Dom\u016f\",\"item\":\"https:\/\/hotelhouse.cz\/\"},{\"@type\":\"ListItem\",\"position\":2,\"name\":\"Skryt\u00e9 skvosty Prahy se otev\u00edraj\u00ed v kv\u011btnu d\u00edky festivalu Open House Praha 2025\"}]},{\"@type\":\"WebSite\",\"@id\":\"https:\/\/hotelhouse.cz\/#website\",\"url\":\"https:\/\/hotelhouse.cz\/\",\"name\":\"HOTELHOUSE.cz\",\"description\":\"Port\u00e1l o hotelech, pensionech, spa resortech a restaurac\u00edch...\",\"publisher\":{\"@id\":\"https:\/\/hotelhouse.cz\/#organization\"},\"potentialAction\":[{\"@type\":\"SearchAction\",\"target\":{\"@type\":\"EntryPoint\",\"urlTemplate\":\"https:\/\/hotelhouse.cz\/?s={search_term_string}\"},\"query-input\":\"required name=search_term_string\"}],\"inLanguage\":\"cs\"},{\"@type\":\"Organization\",\"@id\":\"https:\/\/hotelhouse.cz\/#organization\",\"name\":\"HOTELHOUSE.cz\",\"url\":\"https:\/\/hotelhouse.cz\/\",\"logo\":{\"@type\":\"ImageObject\",\"inLanguage\":\"cs\",\"@id\":\"https:\/\/hotelhouse.cz\/#\/schema\/logo\/image\/\",\"url\":\"https:\/\/hotelhouse.cz\/wp-content\/uploads\/2024\/12\/cropped-Logo_HotelHouse-2.jpg\",\"contentUrl\":\"https:\/\/hotelhouse.cz\/wp-content\/uploads\/2024\/12\/cropped-Logo_HotelHouse-2.jpg\",\"width\":933,\"height\":516,\"caption\":\"HOTELHOUSE.cz\"},\"image\":{\"@id\":\"https:\/\/hotelhouse.cz\/#\/schema\/logo\/image\/\"},\"sameAs\":[\"https:\/\/www.instagram.com\/hotelhousecz\/\"]},{\"@type\":\"Person\",\"@id\":\"https:\/\/hotelhouse.cz\/#\/schema\/person\/d632b16c6b63077400f5e36aa5488072\",\"name\":\"Helen Guardian\",\"image\":{\"@type\":\"ImageObject\",\"inLanguage\":\"cs\",\"@id\":\"https:\/\/hotelhouse.cz\/#\/schema\/person\/image\/\",\"url\":\"https:\/\/secure.gravatar.com\/avatar\/f62c76287ccbbd3f899549a169c0e6aa?s=96&d=mm&r=g\",\"contentUrl\":\"https:\/\/secure.gravatar.com\/avatar\/f62c76287ccbbd3f899549a169c0e6aa?s=96&d=mm&r=g\",\"caption\":\"Helen Guardian\"},\"sameAs\":[\"http:\/\/HOTELHOUSE.cz\"],\"url\":\"https:\/\/hotelhouse.cz\/index.php\/author\/helgu\/\"}]}<\/script>\n<!-- \/ Yoast SEO plugin. -->","yoast_head_json":{"title":"Skryt\u00e9 skvosty Prahy se otev\u00edraj\u00ed v kv\u011btnu d\u00edky festivalu Open House Praha 2025 - HOTELHOUSE.cz","description":"Od 12. do 18. kv\u011btna 2025 se uskute\u010dn\u00ed ji\u017e 11. ro\u010dn\u00edk festivalu Open House Praha. Festival zah\u00e1j\u00ed od 12. kv\u011btna s\u00e9rie doprovodn\u00fdch program\u016f.","robots":{"index":"index","follow":"follow","max-snippet":"max-snippet:-1","max-image-preview":"max-image-preview:large","max-video-preview":"max-video-preview:-1"},"canonical":"https:\/\/hotelhouse.cz\/index.php\/2025\/05\/13\/skryte-skvosty-prahy-se-oteviraji-v-kvetnu-diky-festivalu-open-house-praha-2025\/","og_locale":"cs_CZ","og_type":"article","og_title":"Skryt\u00e9 skvosty Prahy se otev\u00edraj\u00ed v kv\u011btnu d\u00edky festivalu Open House Praha 2025 - HOTELHOUSE.cz","og_description":"Od 12. do 18. kv\u011btna 2025 se uskute\u010dn\u00ed ji\u017e 11. ro\u010dn\u00edk festivalu Open House Praha. Festival zah\u00e1j\u00ed od 12. kv\u011btna s\u00e9rie doprovodn\u00fdch program\u016f.","og_url":"https:\/\/hotelhouse.cz\/index.php\/2025\/05\/13\/skryte-skvosty-prahy-se-oteviraji-v-kvetnu-diky-festivalu-open-house-praha-2025\/","og_site_name":"HOTELHOUSE.cz","article_published_time":"2025-05-12T22:01:00+00:00","article_modified_time":"2025-05-10T18:54:12+00:00","og_image":[{"width":1200,"height":800,"url":"https:\/\/hotelhouse.cz\/wp-content\/uploads\/2025\/04\/OHP_Lokomotivni_depo_Masarykova_nadrazi_exterier_foto_Tomas_Sysel-041.jpg","type":"image\/jpeg"}],"author":"Helen Guardian","twitter_card":"summary_large_image","twitter_misc":{"Napsal(a)":"Helen Guardian","Odhadovan\u00e1 doba \u010dten\u00ed":"18 minut"},"schema":{"@context":"https:\/\/schema.org","@graph":[{"@type":"Article","@id":"https:\/\/hotelhouse.cz\/index.php\/2025\/05\/13\/skryte-skvosty-prahy-se-oteviraji-v-kvetnu-diky-festivalu-open-house-praha-2025\/#article","isPartOf":{"@id":"https:\/\/hotelhouse.cz\/index.php\/2025\/05\/13\/skryte-skvosty-prahy-se-oteviraji-v-kvetnu-diky-festivalu-open-house-praha-2025\/"},"author":{"name":"Helen Guardian","@id":"https:\/\/hotelhouse.cz\/#\/schema\/person\/d632b16c6b63077400f5e36aa5488072"},"headline":"Skryt\u00e9 skvosty Prahy se otev\u00edraj\u00ed v kv\u011btnu d\u00edky festivalu Open House Praha 2025","datePublished":"2025-05-12T22:01:00+00:00","dateModified":"2025-05-10T18:54:12+00:00","mainEntityOfPage":{"@id":"https:\/\/hotelhouse.cz\/index.php\/2025\/05\/13\/skryte-skvosty-prahy-se-oteviraji-v-kvetnu-diky-festivalu-open-house-praha-2025\/"},"wordCount":3191,"publisher":{"@id":"https:\/\/hotelhouse.cz\/#organization"},"articleSection":["HISTORIE PRAHY","N\u00e1dhern\u00e1M\u00edsta.cz","NEWS","PRA\u017dSK\u00c1 MASARY\u010cKA","PRA\u017dSK\u00c1 METROPOLE","PRA\u017dSK\u00dd HRAD"],"inLanguage":"cs"},{"@type":"WebPage","@id":"https:\/\/hotelhouse.cz\/index.php\/2025\/05\/13\/skryte-skvosty-prahy-se-oteviraji-v-kvetnu-diky-festivalu-open-house-praha-2025\/","url":"https:\/\/hotelhouse.cz\/index.php\/2025\/05\/13\/skryte-skvosty-prahy-se-oteviraji-v-kvetnu-diky-festivalu-open-house-praha-2025\/","name":"Skryt\u00e9 skvosty Prahy se otev\u00edraj\u00ed v kv\u011btnu d\u00edky festivalu Open House Praha 2025 - HOTELHOUSE.cz","isPartOf":{"@id":"https:\/\/hotelhouse.cz\/#website"},"datePublished":"2025-05-12T22:01:00+00:00","dateModified":"2025-05-10T18:54:12+00:00","description":"Od 12. do 18. kv\u011btna 2025 se uskute\u010dn\u00ed ji\u017e 11. ro\u010dn\u00edk festivalu Open House Praha. Festival zah\u00e1j\u00ed od 12. kv\u011btna s\u00e9rie doprovodn\u00fdch program\u016f.","breadcrumb":{"@id":"https:\/\/hotelhouse.cz\/index.php\/2025\/05\/13\/skryte-skvosty-prahy-se-oteviraji-v-kvetnu-diky-festivalu-open-house-praha-2025\/#breadcrumb"},"inLanguage":"cs","potentialAction":[{"@type":"ReadAction","target":["https:\/\/hotelhouse.cz\/index.php\/2025\/05\/13\/skryte-skvosty-prahy-se-oteviraji-v-kvetnu-diky-festivalu-open-house-praha-2025\/"]}]},{"@type":"BreadcrumbList","@id":"https:\/\/hotelhouse.cz\/index.php\/2025\/05\/13\/skryte-skvosty-prahy-se-oteviraji-v-kvetnu-diky-festivalu-open-house-praha-2025\/#breadcrumb","itemListElement":[{"@type":"ListItem","position":1,"name":"Dom\u016f","item":"https:\/\/hotelhouse.cz\/"},{"@type":"ListItem","position":2,"name":"Skryt\u00e9 skvosty Prahy se otev\u00edraj\u00ed v kv\u011btnu d\u00edky festivalu Open House Praha 2025"}]},{"@type":"WebSite","@id":"https:\/\/hotelhouse.cz\/#website","url":"https:\/\/hotelhouse.cz\/","name":"HOTELHOUSE.cz","description":"Port\u00e1l o hotelech, pensionech, spa resortech a restaurac\u00edch...","publisher":{"@id":"https:\/\/hotelhouse.cz\/#organization"},"potentialAction":[{"@type":"SearchAction","target":{"@type":"EntryPoint","urlTemplate":"https:\/\/hotelhouse.cz\/?s={search_term_string}"},"query-input":"required name=search_term_string"}],"inLanguage":"cs"},{"@type":"Organization","@id":"https:\/\/hotelhouse.cz\/#organization","name":"HOTELHOUSE.cz","url":"https:\/\/hotelhouse.cz\/","logo":{"@type":"ImageObject","inLanguage":"cs","@id":"https:\/\/hotelhouse.cz\/#\/schema\/logo\/image\/","url":"https:\/\/hotelhouse.cz\/wp-content\/uploads\/2024\/12\/cropped-Logo_HotelHouse-2.jpg","contentUrl":"https:\/\/hotelhouse.cz\/wp-content\/uploads\/2024\/12\/cropped-Logo_HotelHouse-2.jpg","width":933,"height":516,"caption":"HOTELHOUSE.cz"},"image":{"@id":"https:\/\/hotelhouse.cz\/#\/schema\/logo\/image\/"},"sameAs":["https:\/\/www.instagram.com\/hotelhousecz\/"]},{"@type":"Person","@id":"https:\/\/hotelhouse.cz\/#\/schema\/person\/d632b16c6b63077400f5e36aa5488072","name":"Helen Guardian","image":{"@type":"ImageObject","inLanguage":"cs","@id":"https:\/\/hotelhouse.cz\/#\/schema\/person\/image\/","url":"https:\/\/secure.gravatar.com\/avatar\/f62c76287ccbbd3f899549a169c0e6aa?s=96&d=mm&r=g","contentUrl":"https:\/\/secure.gravatar.com\/avatar\/f62c76287ccbbd3f899549a169c0e6aa?s=96&d=mm&r=g","caption":"Helen Guardian"},"sameAs":["http:\/\/HOTELHOUSE.cz"],"url":"https:\/\/hotelhouse.cz\/index.php\/author\/helgu\/"}]}},"_links":{"self":[{"href":"https:\/\/hotelhouse.cz\/index.php\/wp-json\/wp\/v2\/posts\/7726"}],"collection":[{"href":"https:\/\/hotelhouse.cz\/index.php\/wp-json\/wp\/v2\/posts"}],"about":[{"href":"https:\/\/hotelhouse.cz\/index.php\/wp-json\/wp\/v2\/types\/post"}],"author":[{"embeddable":true,"href":"https:\/\/hotelhouse.cz\/index.php\/wp-json\/wp\/v2\/users\/10"}],"replies":[{"embeddable":true,"href":"https:\/\/hotelhouse.cz\/index.php\/wp-json\/wp\/v2\/comments?post=7726"}],"version-history":[{"count":1,"href":"https:\/\/hotelhouse.cz\/index.php\/wp-json\/wp\/v2\/posts\/7726\/revisions"}],"predecessor-version":[{"id":7728,"href":"https:\/\/hotelhouse.cz\/index.php\/wp-json\/wp\/v2\/posts\/7726\/revisions\/7728"}],"wp:featuredmedia":[{"embeddable":true,"href":"https:\/\/hotelhouse.cz\/index.php\/wp-json\/wp\/v2\/media\/7727"}],"wp:attachment":[{"href":"https:\/\/hotelhouse.cz\/index.php\/wp-json\/wp\/v2\/media?parent=7726"}],"wp:term":[{"taxonomy":"category","embeddable":true,"href":"https:\/\/hotelhouse.cz\/index.php\/wp-json\/wp\/v2\/categories?post=7726"},{"taxonomy":"post_tag","embeddable":true,"href":"https:\/\/hotelhouse.cz\/index.php\/wp-json\/wp\/v2\/tags?post=7726"}],"curies":[{"name":"wp","href":"https:\/\/api.w.org\/{rel}","templated":true}]}}