{"id":7735,"date":"2025-05-19T00:01:00","date_gmt":"2025-05-18T22:01:00","guid":{"rendered":"https:\/\/hotelhouse.cz\/?p=7735"},"modified":"2025-05-07T04:40:47","modified_gmt":"2025-05-07T02:40:47","slug":"medvedi-miri-do-krkonos-do-blizkosti-stezky-korunami-stromu-v-janskych-laznich","status":"publish","type":"post","link":"https:\/\/hotelhouse.cz\/index.php\/2025\/05\/19\/medvedi-miri-do-krkonos-do-blizkosti-stezky-korunami-stromu-v-janskych-laznich\/","title":{"rendered":"Medv\u011bdi m\u00ed\u0159\u00ed do Krkono\u0161 do bl\u00edzkosti Stezky korunami strom\u016f v\u00a0Jansk\u00fdch L\u00e1zn\u00edch"},"content":{"rendered":"\n<div style=\"height:35px\" aria-hidden=\"true\" class=\"wp-block-spacer\"><\/div>\n\n\n\n<p class=\"has-medium-font-size\"><strong>Tento t\u00fdden byla slavnostn\u011b zah\u00e1jena v\u00fdstavba v\u00fdb\u011bhu pro medv\u011bdy hn\u011bd\u00e9 v\u00a0bl\u00edzkosti Stezky korunami strom\u016f v\u00a0Jansk\u00fdch L\u00e1zn\u00edch. Vznikne tak v \u00fazk\u00e9 spolupr\u00e1ci se Spr\u00e1vou Krkono\u0161sk\u00e9ho n\u00e1rodn\u00edho parku deta\u0161ovan\u00e9 pracovi\u0161t\u011b Safari Parku Dv\u016fr Kr\u00e1lov\u00e9. <\/strong><\/p>\n\n\n\n<div style=\"height:35px\" aria-hidden=\"true\" class=\"wp-block-spacer\"><\/div>\n\n\n<div class=\"wp-block-image\">\n<figure class=\"aligncenter size-large\"><img decoding=\"async\" loading=\"lazy\" width=\"1024\" height=\"681\" src=\"https:\/\/hotelhouse.cz\/wp-content\/uploads\/2025\/04\/250415_SKS_Zakladni-kamen-vybehu-medvedu_DSC_3962-1024x681.jpg\" alt=\"Medv\u011bdi m\u00ed\u0159\u00ed do Krkono\u0161 do bl\u00edzkosti Stezky korunami strom\u016f v\u00a0Jansk\u00fdch L\u00e1zn\u00edch\" class=\"wp-image-7739\" srcset=\"https:\/\/hotelhouse.cz\/wp-content\/uploads\/2025\/04\/250415_SKS_Zakladni-kamen-vybehu-medvedu_DSC_3962-1024x681.jpg 1024w, https:\/\/hotelhouse.cz\/wp-content\/uploads\/2025\/04\/250415_SKS_Zakladni-kamen-vybehu-medvedu_DSC_3962-300x200.jpg 300w, https:\/\/hotelhouse.cz\/wp-content\/uploads\/2025\/04\/250415_SKS_Zakladni-kamen-vybehu-medvedu_DSC_3962-768x511.jpg 768w, https:\/\/hotelhouse.cz\/wp-content\/uploads\/2025\/04\/250415_SKS_Zakladni-kamen-vybehu-medvedu_DSC_3962.jpg 1450w\" sizes=\"(max-width: 1024px) 100vw, 1024px\" \/><\/figure><\/div>\n\n\n<div style=\"height:35px\" aria-hidden=\"true\" class=\"wp-block-spacer\"><\/div>\n\n\n\n<p class=\"has-medium-font-size\">Cel\u00fd projekt m\u00e1 ambici fungovat v r\u00e1mci tzv. Evropsk\u00e9ho chovn\u00e9ho programu <em>(EEP \u2013 The EAZA Ex-situ Programme)<\/em>, kter\u00fd zaji\u0161\u0165uje mimo jin\u00e9 i zachov\u00e1n\u00ed genofondu \u017eiv\u00fdch zv\u00ed\u0159at. Ekov\u00fdchovn\u00e1 \u010d\u00e1st projektu se bude zab\u00fdvat nejen rol\u00ed pred\u00e1tor\u016f v\u00a0p\u0159\u00edrod\u011b, ale sou\u010dasn\u011b tak\u00e9 probl\u00e9my, kter\u00e9 p\u0159in\u00e1\u0161\u00ed jejich sou\u017eit\u00ed s lidmi.<\/p>\n\n\n\n<p class=\"has-medium-font-size\">V\u00fdb\u011bh o rozloze cca 5400 m<sup>2 <\/sup>bude vybudov\u00e1n v\u00a0pr\u016fb\u011bhu n\u00e1sleduj\u00edc\u00edch \u0161esti m\u011bs\u00edc\u016f pod ji\u017en\u00ed \u010d\u00e1st\u00ed Stezky korunami strom\u016f a jeho sou\u010d\u00e1st\u00ed bude nejen v\u00fdb\u011bh, kde budou moci medv\u011bdy spat\u0159it n\u00e1v\u0161t\u011bvn\u00edci, ale i z\u00e1zem\u00ed a klidov\u00e1 z\u00f3na pro n\u011b.<\/p>\n\n\n\n<p class=\"has-medium-font-size\"> <em>\u201eCel\u00fd projekt jsme za\u010dali p\u0159ipravovat ji\u017e v roce 2022. Mus\u00edme ocenit vst\u0159\u00edcn\u00e9 a konstruktivn\u00ed jedn\u00e1n\u00ed Safari Parku ve Dvo\u0159e Kr\u00e1lov\u00e9, s\u00a0nimi\u017e jsme cel\u00fd projekt p\u0159ipravovali, stejn\u011b tak Spr\u00e1vy KRNAP, na jej\u00edm\u017e pozemku v\u00fdb\u011bh vznikne. Pr\u00e1v\u011b shoda a spolupr\u00e1ce n\u00e1s v\u0161ech stoj\u00ed za t\u00edm, \u017ee u\u017e za rok si budou moci n\u00e1v\u0161t\u011bvn\u00edci prohl\u00e9dnout medv\u011bdy hn\u011bd\u00e9 v\u00a0jejich p\u0159irozen\u00e9m prost\u0159ed\u00ed lesa okolo na\u0161\u00ed stezky,\u201c <\/em>\u0159\u00edk\u00e1 k\u00a0projektu Filip Pek\u00e1rek, jednatel spole\u010dnosti Stezka korunami strom\u016f Krkono\u0161e a Miroslav Matas, \u0159editel SKS, dod\u00e1v\u00e1: <\/p>\n\n\n\n<div style=\"height:35px\" aria-hidden=\"true\" class=\"wp-block-spacer\"><\/div>\n\n\n<div class=\"wp-block-image\">\n<figure class=\"aligncenter size-large\"><img decoding=\"async\" loading=\"lazy\" width=\"1024\" height=\"681\" src=\"https:\/\/hotelhouse.cz\/wp-content\/uploads\/2025\/04\/250415_SKS_Zakladni-kamen-vybehu-medvedu_DSC_4064-1024x681.jpg\" alt=\"Medv\u011bdi m\u00ed\u0159\u00ed do Krkono\u0161 do bl\u00edzkosti Stezky korunami strom\u016f v\u00a0Jansk\u00fdch L\u00e1zn\u00edch\" class=\"wp-image-7740\" srcset=\"https:\/\/hotelhouse.cz\/wp-content\/uploads\/2025\/04\/250415_SKS_Zakladni-kamen-vybehu-medvedu_DSC_4064-1024x681.jpg 1024w, https:\/\/hotelhouse.cz\/wp-content\/uploads\/2025\/04\/250415_SKS_Zakladni-kamen-vybehu-medvedu_DSC_4064-300x199.jpg 300w, https:\/\/hotelhouse.cz\/wp-content\/uploads\/2025\/04\/250415_SKS_Zakladni-kamen-vybehu-medvedu_DSC_4064-768x511.jpg 768w, https:\/\/hotelhouse.cz\/wp-content\/uploads\/2025\/04\/250415_SKS_Zakladni-kamen-vybehu-medvedu_DSC_4064.jpg 1450w\" sizes=\"(max-width: 1024px) 100vw, 1024px\" \/><\/figure><\/div>\n\n\n<div style=\"height:35px\" aria-hidden=\"true\" class=\"wp-block-spacer\"><\/div>\n\n\n\n<p class=\"has-medium-font-size\"><em>\u201ePro n\u00e1s je to bezesporu nejv\u011bt\u0161\u00ed projekt od otev\u0159en\u00ed Stezky. Sna\u017e\u00edme se ka\u017ed\u00fd rok posouvat z\u00e1\u017eitky na\u0161ich n\u00e1v\u0161t\u011bvn\u00edk\u016f o kus d\u00e1l. Loni jsme nainstalovali prosklenou vyhl\u00eddku a letos za\u010d\u00edn\u00e1me s\u00a0v\u00fdstavbou tohoto v\u00fdb\u011bhu. Samotn\u00e1 Stezka ov\u0161em nen\u00ed jen m\u00edstem, kde si lid\u00e9 mohou prohl\u00e9dnout krkono\u0161skou p\u0159\u00edrodu, ale sna\u017e\u00edme se je sou\u010dasn\u011b vzd\u011bl\u00e1vat a p\u0159in\u00e1\u0161et informace o \u017eivot\u011b v\u00a0lese, o tom, jak les roste, jak se v\u00a0lese a k\u00a0lesu chovat, aby byl zachov\u00e1n i pro dal\u0161\u00ed generace. Nyn\u00ed s\u00a0medv\u011bdy p\u0159ineseme na\u0161im n\u00e1v\u0161t\u011bvn\u00edk\u016fm dal\u0161\u00ed rozm\u011br, a to zejm\u00e9na vysv\u011btlov\u00e1n\u00edm role t\u011bchto impozantn\u00edch pred\u00e1tor\u016f v na\u0161em\u00a0ekosyst\u00e9mu a nepomineme ani probl\u00e9my v\u00a0jejich sou\u017eit\u00ed s\u00a0lidmi.\u201c<\/em><\/p>\n\n\n\n<p class=\"has-medium-font-size\">Projekt \u201eMedv\u011bdi pod korunami strom\u016f\u201c je realizov\u00e1n jako deta\u0161ovan\u00e9 pracovi\u0161t\u011b Safari parku Dv\u016fr Kr\u00e1lov\u00e9, ve spolupr\u00e1ci se Spr\u00e1vou KRNAP a Stezkou korunami strom\u016f Krkono\u0161e. C\u00edlem projektu je podpora ochrany a zachov\u00e1n\u00ed genofondu medv\u011bda hn\u011bd\u00e9ho a reflektuje spole\u010dn\u00e9 \u00fasil\u00ed v\u0161ech z\u00fa\u010dastn\u011bn\u00fdch o ochranu p\u0159\u00edrody a vzd\u011bl\u00e1v\u00e1n\u00ed ve\u0159ejnosti o v\u00fdznamu a d\u016fle\u017eitosti ochrany divok\u00fdch zv\u00ed\u0159at a jejich p\u0159irozen\u00fdch biotop\u016f. <\/p>\n\n\n\n<div style=\"height:35px\" aria-hidden=\"true\" class=\"wp-block-spacer\"><\/div>\n\n\n<div class=\"wp-block-image\">\n<figure class=\"aligncenter size-large\"><img decoding=\"async\" loading=\"lazy\" width=\"1024\" height=\"681\" src=\"https:\/\/hotelhouse.cz\/wp-content\/uploads\/2025\/04\/250415_SKS_Zakladni-kamen-vybehu-medvedu_DSC_4084-1024x681.jpg\" alt=\"Medv\u011bdi m\u00ed\u0159\u00ed do Krkono\u0161 do bl\u00edzkosti Stezky korunami strom\u016f v\u00a0Jansk\u00fdch L\u00e1zn\u00edch\" class=\"wp-image-7741\" srcset=\"https:\/\/hotelhouse.cz\/wp-content\/uploads\/2025\/04\/250415_SKS_Zakladni-kamen-vybehu-medvedu_DSC_4084-1024x681.jpg 1024w, https:\/\/hotelhouse.cz\/wp-content\/uploads\/2025\/04\/250415_SKS_Zakladni-kamen-vybehu-medvedu_DSC_4084-300x199.jpg 300w, https:\/\/hotelhouse.cz\/wp-content\/uploads\/2025\/04\/250415_SKS_Zakladni-kamen-vybehu-medvedu_DSC_4084-768x511.jpg 768w, https:\/\/hotelhouse.cz\/wp-content\/uploads\/2025\/04\/250415_SKS_Zakladni-kamen-vybehu-medvedu_DSC_4084.jpg 1450w\" sizes=\"(max-width: 1024px) 100vw, 1024px\" \/><\/figure><\/div>\n\n\n<div style=\"height:35px\" aria-hidden=\"true\" class=\"wp-block-spacer\"><\/div>\n\n\n\n<p class=\"has-medium-font-size\"><em>\u201eJsme r\u00e1di, \u017ee n\u00e1s z\u00e1stupci stezky oslovili. D\u00e1v\u00e1 n\u00e1m to p\u0159\u00edle\u017eitost pomoci vybudovat pro medv\u011bdy zcela nov\u00fd v\u00fdb\u011bh a z\u00e1zem\u00ed odpov\u00eddaj\u00edc\u00ed nejmodern\u011bj\u0161\u00edm po\u017eadavk\u016fm, co\u017e je na \u0159ad\u011b m\u00edst dnes problematick\u00e9. Tady vznikne v\u00a0p\u0159irozen\u00e9m prost\u0159ed\u00ed krkono\u0161sk\u00e9 p\u0159\u00edrody. Vn\u00edm\u00e1m zejm\u00e9na t\u0159i pozitiva. Za prv\u00e9 se lid\u00e9 v\u00a0dob\u011b, kdy se zvy\u0161uje po\u010det \u0161elem i ve voln\u00e9 p\u0159\u00edrod\u011b, dozv\u00ed v\u00edce o jejich \u017eivot\u011b a\u00a0sou\u017eit\u00ed s\u00a0nimi. Budou pak l\u00e9pe v\u011bd\u011bt, jak se k\u00a0nim chovat. Druh\u00fdm je to, \u017ee Ministerstvo \u017eivotn\u00edho prost\u0159ed\u00ed m\u00e1 probl\u00e9m naj\u00edt subjekty, kter\u00e9 by provozovaly z\u00e1chytn\u00e1 centra pro divok\u00e9 \u0161elmy, a tady t\u00edmto projektem sv\u00fdm zp\u016fsobem vznikne. A t\u0159et\u00ed je samoz\u0159ejm\u011b atraktivita projektu pro budouc\u00ed n\u00e1v\u0161t\u011bvn\u00edky stezky a Krkono\u0161,\u201c <\/em>popisuje P\u0159emysl Rabas, \u0159editel Safari Parku Dv\u016fr Kr\u00e1lov\u00e9 a Robin B\u00f6hnisch \u0159editel Spr\u00e1vy\u00a0Krkono\u0161sk\u00e9ho n\u00e1rodn\u00edho parku dod\u00e1v\u00e1:<\/p>\n\n\n\n<p class=\"has-medium-font-size\"> <em>\u201eMedv\u011bd hn\u011bd\u00fd je jedin\u00fd z\u00e1stupce sv\u00e9 \u010deledi, kter\u00fd se i v\u00a0novov\u011bku vyskytoval na \u00fazem\u00ed sou\u010dasn\u00e9ho Krkono\u0161sk\u00e9ho n\u00e1rodn\u00edho parku. Do Krkono\u0161 se t\u00edmto po\u010dinem vr\u00e1t\u00ed p\u0159esn\u011b po 300 letech. V r\u00e1mci cel\u00e9ho projektu se Spr\u00e1va KRNAP zam\u011b\u0159\u00ed zejm\u00e9na na ekov\u00fdchovnou \u010d\u00e1st a na vysv\u011btlov\u00e1n\u00ed d\u016fle\u017eitosti role velk\u00fdch \u0161elem v\u00a0ekosyst\u00e9mu, a tak\u00e9 na vlastn\u00ed historii existence medv\u011bd\u016f v\u00a0Krkono\u0161\u00edch.\u201c<\/em><\/p>\n\n\n\n<p class=\"has-medium-font-size\">V\u00fdb\u011bh v\u00a0prostor\u00e1ch Stezky korunami strom\u016f bude vybudov\u00e1n v\u00a0n\u00e1sleduj\u00edc\u00edch m\u011bs\u00edc\u00edch s\u00a0t\u00edm, \u017ee na \u0159\u00edjen je napl\u00e1nov\u00e1n p\u0159\u00edjezd medv\u011bd\u016f a v\u00a0pr\u016fb\u011bhu zimy jejich aklimatizace, Slavnostn\u00ed zah\u00e1jen\u00ed provozu je napl\u00e1nov\u00e1no na Velikonoce roku 2026. Celkov\u00e1 investice do stavebn\u00ed \u010d\u00e1sti projektu bude p\u0159evy\u0161ovat 15 mili\u00f3n\u016f korun.<\/p>\n\n\n\n<div style=\"height:35px\" aria-hidden=\"true\" class=\"wp-block-spacer\"><\/div>\n\n\n\n<h2 class=\"wp-block-heading\">O stezce<\/h2>\n\n\n\n<div style=\"height:35px\" aria-hidden=\"true\" class=\"wp-block-spacer\"><\/div>\n\n\n\n<p class=\"has-medium-font-size\">Stezka korunami strom\u016f Krkono\u0161e se nach\u00e1z\u00ed na okraji Jansk\u00fdch L\u00e1zn\u00ed v\u00a0Krkono\u0161\u00edch. Z\u00e1\u017eitkov\u00e1 a nau\u010dn\u00e1 stezka v\u00a0celkov\u00e9 d\u00e9lce 1\u00a0511 metr\u016f je zakon\u010dena v\u00fdstupem na 45 metr\u016f vysokou vyhl\u00eddkovou v\u011b\u017e. Stezka korunami strom\u016f Krkono\u0161e ukazuje les z\u00a0jin\u00e9 perspektivy a unik\u00e1tn\u00ed podzemn\u00ed expozice nab\u00edz\u00ed mo\u017enost prostudovat rovn\u011b\u017e mikrosv\u011bt p\u016fdy. Stezka je vhodn\u00e1 pro v\u0161echny, kdo se zaj\u00edmaj\u00ed o \u010deskou p\u0159\u00edrodu, vyhled\u00e1vaj\u00ed aktivn\u00ed odpo\u010dinek, dobrodru\u017estv\u00ed a zaj\u00edmaj\u00ed se o p\u0159\u00edrodu a informace o n\u00ed. Stezka je v\u00a0cel\u00e9 sv\u00e9 d\u00e9lce bezbari\u00e9rov\u00e1, d\u00edky tomu ji mohou nav\u0161t\u00edvit i lid\u00e9 s\u00a0hendikepem \u010di rodiny s\u00a0d\u011btmi v\u00a0ko\u010d\u00e1rku. <\/p>\n\n\n\n<p class=\"has-medium-font-size\">Za prvn\u00ed rok sv\u00e9 existence se SKS Krkono\u0161e za\u0159adila s\u00a0v\u00edce ne\u017e 330\u00a0000 n\u00e1v\u0161t\u011bvn\u00edky mezi nejnav\u0161t\u011bvovan\u011bj\u0161\u00ed atrakce severn\u00edch a v\u00fdchodn\u00edch \u010cech. Jej\u00ed obl\u00edbenost se projevila i v\u00a0podob\u011b absolutn\u00edho v\u00edt\u011bzstv\u00ed v sout\u011b\u017ei DestinaCZe 2018 o nejobl\u00edben\u011bj\u0161\u00ed atrakci v\u00a0\u010cesk\u00e9 republice, po\u0159\u00e1dan\u00e9 agenturou CzechTourism. V\u00a0roce 2018 z\u00edskala Stezka korunami strom\u016f Krkono\u0161e cenu Stavba roku Kr\u00e1lov\u00e9hradeck\u00e9ho kraje. <\/p>\n\n\n\n<div style=\"height:35px\" aria-hidden=\"true\" class=\"wp-block-spacer\"><\/div>\n\n\n\n<figure class=\"wp-block-embed is-type-video is-provider-youtube wp-block-embed-youtube wp-embed-aspect-16-9 wp-has-aspect-ratio\"><div class=\"wp-block-embed__wrapper\">\n<div class=\"video-container\"><iframe loading=\"lazy\" title=\"Stezka korunami strom\u016f Krkono\u0161e, letn\u00ed p\u0159\u00edb\u011bh\" width=\"500\" height=\"281\" src=\"https:\/\/www.youtube.com\/embed\/aPfp9XQDfIU?feature=oembed&#038;wmode=opaque\" frameborder=\"0\" allow=\"accelerometer; autoplay; clipboard-write; encrypted-media; gyroscope; picture-in-picture; web-share\" referrerpolicy=\"strict-origin-when-cross-origin\" allowfullscreen><\/iframe><\/div>\n<\/div><\/figure>\n\n\n\n<div style=\"height:35px\" aria-hidden=\"true\" class=\"wp-block-spacer\"><\/div>\n\n\n\n<p class=\"has-medium-font-size\">V\u00edce informac\u00ed naleznete na <a href=\"https:\/\/www.facebook.com\/stezkakorunamistromukrkonose\/\">facebookov\u00e9m profilu<\/a> nebo <a href=\"https:\/\/www.stezkakrkonose.cz\/\">webov\u00fdch str\u00e1nk\u00e1ch<\/a>.<\/p>\n\n\n\n<div style=\"height:100px\" aria-hidden=\"true\" class=\"wp-block-spacer\"><\/div>\n\n\n\n<figure class=\"wp-block-gallery has-nested-images columns-2 is-cropped wp-block-gallery-1 is-layout-flex wp-block-gallery-is-layout-flex\">\n<figure class=\"wp-block-image size-large\"><img decoding=\"async\" loading=\"lazy\" width=\"1024\" height=\"681\" data-id=\"7739\" src=\"https:\/\/hotelhouse.cz\/wp-content\/uploads\/2025\/04\/250415_SKS_Zakladni-kamen-vybehu-medvedu_DSC_3962-1024x681.jpg\" alt=\"Medv\u011bdi m\u00ed\u0159\u00ed do Krkono\u0161 do bl\u00edzkosti Stezky korunami strom\u016f v\u00a0Jansk\u00fdch L\u00e1zn\u00edch\" class=\"wp-image-7739\" srcset=\"https:\/\/hotelhouse.cz\/wp-content\/uploads\/2025\/04\/250415_SKS_Zakladni-kamen-vybehu-medvedu_DSC_3962-1024x681.jpg 1024w, https:\/\/hotelhouse.cz\/wp-content\/uploads\/2025\/04\/250415_SKS_Zakladni-kamen-vybehu-medvedu_DSC_3962-300x200.jpg 300w, https:\/\/hotelhouse.cz\/wp-content\/uploads\/2025\/04\/250415_SKS_Zakladni-kamen-vybehu-medvedu_DSC_3962-768x511.jpg 768w, https:\/\/hotelhouse.cz\/wp-content\/uploads\/2025\/04\/250415_SKS_Zakladni-kamen-vybehu-medvedu_DSC_3962.jpg 1450w\" sizes=\"(max-width: 1024px) 100vw, 1024px\" \/><\/figure>\n\n\n\n<figure class=\"wp-block-image size-large\"><img decoding=\"async\" loading=\"lazy\" width=\"1024\" height=\"681\" data-id=\"7740\" src=\"https:\/\/hotelhouse.cz\/wp-content\/uploads\/2025\/04\/250415_SKS_Zakladni-kamen-vybehu-medvedu_DSC_4064-1024x681.jpg\" alt=\"Medv\u011bdi m\u00ed\u0159\u00ed do Krkono\u0161 do bl\u00edzkosti Stezky korunami strom\u016f v\u00a0Jansk\u00fdch L\u00e1zn\u00edch\" class=\"wp-image-7740\" srcset=\"https:\/\/hotelhouse.cz\/wp-content\/uploads\/2025\/04\/250415_SKS_Zakladni-kamen-vybehu-medvedu_DSC_4064-1024x681.jpg 1024w, https:\/\/hotelhouse.cz\/wp-content\/uploads\/2025\/04\/250415_SKS_Zakladni-kamen-vybehu-medvedu_DSC_4064-300x199.jpg 300w, https:\/\/hotelhouse.cz\/wp-content\/uploads\/2025\/04\/250415_SKS_Zakladni-kamen-vybehu-medvedu_DSC_4064-768x511.jpg 768w, https:\/\/hotelhouse.cz\/wp-content\/uploads\/2025\/04\/250415_SKS_Zakladni-kamen-vybehu-medvedu_DSC_4064.jpg 1450w\" sizes=\"(max-width: 1024px) 100vw, 1024px\" \/><\/figure>\n\n\n\n<figure class=\"wp-block-image size-large\"><img decoding=\"async\" loading=\"lazy\" width=\"1024\" height=\"681\" data-id=\"7741\" src=\"https:\/\/hotelhouse.cz\/wp-content\/uploads\/2025\/04\/250415_SKS_Zakladni-kamen-vybehu-medvedu_DSC_4084-1024x681.jpg\" alt=\"Medv\u011bdi m\u00ed\u0159\u00ed do Krkono\u0161 do bl\u00edzkosti Stezky korunami strom\u016f v\u00a0Jansk\u00fdch L\u00e1zn\u00edch\" class=\"wp-image-7741\" srcset=\"https:\/\/hotelhouse.cz\/wp-content\/uploads\/2025\/04\/250415_SKS_Zakladni-kamen-vybehu-medvedu_DSC_4084-1024x681.jpg 1024w, https:\/\/hotelhouse.cz\/wp-content\/uploads\/2025\/04\/250415_SKS_Zakladni-kamen-vybehu-medvedu_DSC_4084-300x199.jpg 300w, https:\/\/hotelhouse.cz\/wp-content\/uploads\/2025\/04\/250415_SKS_Zakladni-kamen-vybehu-medvedu_DSC_4084-768x511.jpg 768w, https:\/\/hotelhouse.cz\/wp-content\/uploads\/2025\/04\/250415_SKS_Zakladni-kamen-vybehu-medvedu_DSC_4084.jpg 1450w\" sizes=\"(max-width: 1024px) 100vw, 1024px\" \/><\/figure>\n<\/figure>\n\n\n\n<div style=\"height:35px\" aria-hidden=\"true\" class=\"wp-block-spacer\"><\/div>\n\n\n\n<p><strong>Zdroj foto a video:<\/strong> Stezka korunami strom\u016f Krkono\u0161e<\/p>\n\n\n\n<div style=\"height:65px\" aria-hidden=\"true\" class=\"wp-block-spacer\"><\/div>\n","protected":false},"excerpt":{"rendered":"<p>Tento t\u00fdden byla slavnostn\u011b zah\u00e1jena v\u00fdstavba v\u00fdb\u011bhu pro medv\u011bdy hn\u011bd\u00e9 v\u00a0bl\u00edzkosti Stezky korunami strom\u016f v\u00a0Jansk\u00fdch L\u00e1zn\u00edch. Vznikne tak v \u00fazk\u00e9 spolupr\u00e1ci se Spr\u00e1vou Krkono\u0161sk\u00e9ho n\u00e1rodn\u00edho parku deta\u0161ovan\u00e9 pracovi\u0161t\u011b Safari Parku Dv\u016fr Kr\u00e1lov\u00e9. Cel\u00fd projekt&#46;&#46;&#46;<\/p>\n","protected":false},"author":10,"featured_media":7740,"comment_status":"closed","ping_status":"closed","sticky":false,"template":"","format":"standard","meta":{"_monsterinsights_skip_tracking":false,"_monsterinsights_sitenote_active":false,"_monsterinsights_sitenote_note":"","_monsterinsights_sitenote_category":0,"footnotes":""},"categories":[26,2,23],"tags":[],"yoast_head":"<!-- This site is optimized with the Yoast SEO plugin v21.5 - https:\/\/yoast.com\/wordpress\/plugins\/seo\/ -->\n<title>Medv\u011bdi m\u00ed\u0159\u00ed do Krkono\u0161 do bl\u00edzkosti Stezky korunami strom\u016f v\u00a0Jansk\u00fdch L\u00e1zn\u00edch - HOTELHOUSE.cz<\/title>\n<meta name=\"description\" content=\"Tento t\u00fdden byla slavnostn\u011b zah\u00e1jena v\u00fdstavba v\u00fdb\u011bhu pro medv\u011bdy hn\u011bd\u00e9 v\u00a0bl\u00edzkosti Stezky korunami strom\u016f v\u00a0Jansk\u00fdch L\u00e1zn\u00edch.\" \/>\n<meta name=\"robots\" content=\"index, follow, max-snippet:-1, max-image-preview:large, max-video-preview:-1\" \/>\n<link rel=\"canonical\" href=\"https:\/\/hotelhouse.cz\/index.php\/2025\/05\/19\/medvedi-miri-do-krkonos-do-blizkosti-stezky-korunami-stromu-v-janskych-laznich\/\" \/>\n<meta property=\"og:locale\" content=\"cs_CZ\" \/>\n<meta property=\"og:type\" content=\"article\" \/>\n<meta property=\"og:title\" content=\"Medv\u011bdi m\u00ed\u0159\u00ed do Krkono\u0161 do bl\u00edzkosti Stezky korunami strom\u016f v\u00a0Jansk\u00fdch L\u00e1zn\u00edch - HOTELHOUSE.cz\" \/>\n<meta property=\"og:description\" content=\"Tento t\u00fdden byla slavnostn\u011b zah\u00e1jena v\u00fdstavba v\u00fdb\u011bhu pro medv\u011bdy hn\u011bd\u00e9 v\u00a0bl\u00edzkosti Stezky korunami strom\u016f v\u00a0Jansk\u00fdch L\u00e1zn\u00edch.\" \/>\n<meta property=\"og:url\" content=\"https:\/\/hotelhouse.cz\/index.php\/2025\/05\/19\/medvedi-miri-do-krkonos-do-blizkosti-stezky-korunami-stromu-v-janskych-laznich\/\" \/>\n<meta property=\"og:site_name\" content=\"HOTELHOUSE.cz\" \/>\n<meta property=\"article:published_time\" content=\"2025-05-18T22:01:00+00:00\" \/>\n<meta property=\"article:modified_time\" content=\"2025-05-07T02:40:47+00:00\" \/>\n<meta property=\"og:image\" content=\"https:\/\/hotelhouse.cz\/wp-content\/uploads\/2025\/04\/250415_SKS_Zakladni-kamen-vybehu-medvedu_DSC_4064.jpg\" \/>\n\t<meta property=\"og:image:width\" content=\"1450\" \/>\n\t<meta property=\"og:image:height\" content=\"964\" \/>\n\t<meta property=\"og:image:type\" content=\"image\/jpeg\" \/>\n<meta name=\"author\" content=\"Helen Guardian\" \/>\n<meta name=\"twitter:card\" content=\"summary_large_image\" \/>\n<meta name=\"twitter:label1\" content=\"Napsal(a)\" \/>\n\t<meta name=\"twitter:data1\" content=\"Helen Guardian\" \/>\n\t<meta name=\"twitter:label2\" content=\"Odhadovan\u00e1 doba \u010dten\u00ed\" \/>\n\t<meta name=\"twitter:data2\" content=\"6 minut\" \/>\n<script type=\"application\/ld+json\" class=\"yoast-schema-graph\">{\"@context\":\"https:\/\/schema.org\",\"@graph\":[{\"@type\":\"Article\",\"@id\":\"https:\/\/hotelhouse.cz\/index.php\/2025\/05\/19\/medvedi-miri-do-krkonos-do-blizkosti-stezky-korunami-stromu-v-janskych-laznich\/#article\",\"isPartOf\":{\"@id\":\"https:\/\/hotelhouse.cz\/index.php\/2025\/05\/19\/medvedi-miri-do-krkonos-do-blizkosti-stezky-korunami-stromu-v-janskych-laznich\/\"},\"author\":{\"name\":\"Helen Guardian\",\"@id\":\"https:\/\/hotelhouse.cz\/#\/schema\/person\/d632b16c6b63077400f5e36aa5488072\"},\"headline\":\"Medv\u011bdi m\u00ed\u0159\u00ed do Krkono\u0161 do bl\u00edzkosti Stezky korunami strom\u016f v\u00a0Jansk\u00fdch L\u00e1zn\u00edch\",\"datePublished\":\"2025-05-18T22:01:00+00:00\",\"dateModified\":\"2025-05-07T02:40:47+00:00\",\"mainEntityOfPage\":{\"@id\":\"https:\/\/hotelhouse.cz\/index.php\/2025\/05\/19\/medvedi-miri-do-krkonos-do-blizkosti-stezky-korunami-stromu-v-janskych-laznich\/\"},\"wordCount\":1128,\"publisher\":{\"@id\":\"https:\/\/hotelhouse.cz\/#organization\"},\"articleSection\":[\"N\u00e1dhern\u00e1M\u00edsta.cz\",\"NEWS\",\"TIPY NA CESTOV\u00c1N\u00cd\"],\"inLanguage\":\"cs\"},{\"@type\":\"WebPage\",\"@id\":\"https:\/\/hotelhouse.cz\/index.php\/2025\/05\/19\/medvedi-miri-do-krkonos-do-blizkosti-stezky-korunami-stromu-v-janskych-laznich\/\",\"url\":\"https:\/\/hotelhouse.cz\/index.php\/2025\/05\/19\/medvedi-miri-do-krkonos-do-blizkosti-stezky-korunami-stromu-v-janskych-laznich\/\",\"name\":\"Medv\u011bdi m\u00ed\u0159\u00ed do Krkono\u0161 do bl\u00edzkosti Stezky korunami strom\u016f v\u00a0Jansk\u00fdch L\u00e1zn\u00edch - HOTELHOUSE.cz\",\"isPartOf\":{\"@id\":\"https:\/\/hotelhouse.cz\/#website\"},\"datePublished\":\"2025-05-18T22:01:00+00:00\",\"dateModified\":\"2025-05-07T02:40:47+00:00\",\"description\":\"Tento t\u00fdden byla slavnostn\u011b zah\u00e1jena v\u00fdstavba v\u00fdb\u011bhu pro medv\u011bdy hn\u011bd\u00e9 v\u00a0bl\u00edzkosti Stezky korunami strom\u016f v\u00a0Jansk\u00fdch L\u00e1zn\u00edch.\",\"breadcrumb\":{\"@id\":\"https:\/\/hotelhouse.cz\/index.php\/2025\/05\/19\/medvedi-miri-do-krkonos-do-blizkosti-stezky-korunami-stromu-v-janskych-laznich\/#breadcrumb\"},\"inLanguage\":\"cs\",\"potentialAction\":[{\"@type\":\"ReadAction\",\"target\":[\"https:\/\/hotelhouse.cz\/index.php\/2025\/05\/19\/medvedi-miri-do-krkonos-do-blizkosti-stezky-korunami-stromu-v-janskych-laznich\/\"]}]},{\"@type\":\"BreadcrumbList\",\"@id\":\"https:\/\/hotelhouse.cz\/index.php\/2025\/05\/19\/medvedi-miri-do-krkonos-do-blizkosti-stezky-korunami-stromu-v-janskych-laznich\/#breadcrumb\",\"itemListElement\":[{\"@type\":\"ListItem\",\"position\":1,\"name\":\"Dom\u016f\",\"item\":\"https:\/\/hotelhouse.cz\/\"},{\"@type\":\"ListItem\",\"position\":2,\"name\":\"Medv\u011bdi m\u00ed\u0159\u00ed do Krkono\u0161 do bl\u00edzkosti Stezky korunami strom\u016f v\u00a0Jansk\u00fdch L\u00e1zn\u00edch\"}]},{\"@type\":\"WebSite\",\"@id\":\"https:\/\/hotelhouse.cz\/#website\",\"url\":\"https:\/\/hotelhouse.cz\/\",\"name\":\"HOTELHOUSE.cz\",\"description\":\"Port\u00e1l o hotelech, pensionech, spa resortech a restaurac\u00edch...\",\"publisher\":{\"@id\":\"https:\/\/hotelhouse.cz\/#organization\"},\"potentialAction\":[{\"@type\":\"SearchAction\",\"target\":{\"@type\":\"EntryPoint\",\"urlTemplate\":\"https:\/\/hotelhouse.cz\/?s={search_term_string}\"},\"query-input\":\"required name=search_term_string\"}],\"inLanguage\":\"cs\"},{\"@type\":\"Organization\",\"@id\":\"https:\/\/hotelhouse.cz\/#organization\",\"name\":\"HOTELHOUSE.cz\",\"url\":\"https:\/\/hotelhouse.cz\/\",\"logo\":{\"@type\":\"ImageObject\",\"inLanguage\":\"cs\",\"@id\":\"https:\/\/hotelhouse.cz\/#\/schema\/logo\/image\/\",\"url\":\"https:\/\/hotelhouse.cz\/wp-content\/uploads\/2024\/12\/cropped-Logo_HotelHouse-2.jpg\",\"contentUrl\":\"https:\/\/hotelhouse.cz\/wp-content\/uploads\/2024\/12\/cropped-Logo_HotelHouse-2.jpg\",\"width\":933,\"height\":516,\"caption\":\"HOTELHOUSE.cz\"},\"image\":{\"@id\":\"https:\/\/hotelhouse.cz\/#\/schema\/logo\/image\/\"},\"sameAs\":[\"https:\/\/www.instagram.com\/hotelhousecz\/\"]},{\"@type\":\"Person\",\"@id\":\"https:\/\/hotelhouse.cz\/#\/schema\/person\/d632b16c6b63077400f5e36aa5488072\",\"name\":\"Helen Guardian\",\"image\":{\"@type\":\"ImageObject\",\"inLanguage\":\"cs\",\"@id\":\"https:\/\/hotelhouse.cz\/#\/schema\/person\/image\/\",\"url\":\"https:\/\/secure.gravatar.com\/avatar\/f62c76287ccbbd3f899549a169c0e6aa?s=96&d=mm&r=g\",\"contentUrl\":\"https:\/\/secure.gravatar.com\/avatar\/f62c76287ccbbd3f899549a169c0e6aa?s=96&d=mm&r=g\",\"caption\":\"Helen Guardian\"},\"sameAs\":[\"http:\/\/HOTELHOUSE.cz\"],\"url\":\"https:\/\/hotelhouse.cz\/index.php\/author\/helgu\/\"}]}<\/script>\n<!-- \/ Yoast SEO plugin. -->","yoast_head_json":{"title":"Medv\u011bdi m\u00ed\u0159\u00ed do Krkono\u0161 do bl\u00edzkosti Stezky korunami strom\u016f v\u00a0Jansk\u00fdch L\u00e1zn\u00edch - HOTELHOUSE.cz","description":"Tento t\u00fdden byla slavnostn\u011b zah\u00e1jena v\u00fdstavba v\u00fdb\u011bhu pro medv\u011bdy hn\u011bd\u00e9 v\u00a0bl\u00edzkosti Stezky korunami strom\u016f v\u00a0Jansk\u00fdch L\u00e1zn\u00edch.","robots":{"index":"index","follow":"follow","max-snippet":"max-snippet:-1","max-image-preview":"max-image-preview:large","max-video-preview":"max-video-preview:-1"},"canonical":"https:\/\/hotelhouse.cz\/index.php\/2025\/05\/19\/medvedi-miri-do-krkonos-do-blizkosti-stezky-korunami-stromu-v-janskych-laznich\/","og_locale":"cs_CZ","og_type":"article","og_title":"Medv\u011bdi m\u00ed\u0159\u00ed do Krkono\u0161 do bl\u00edzkosti Stezky korunami strom\u016f v\u00a0Jansk\u00fdch L\u00e1zn\u00edch - HOTELHOUSE.cz","og_description":"Tento t\u00fdden byla slavnostn\u011b zah\u00e1jena v\u00fdstavba v\u00fdb\u011bhu pro medv\u011bdy hn\u011bd\u00e9 v\u00a0bl\u00edzkosti Stezky korunami strom\u016f v\u00a0Jansk\u00fdch L\u00e1zn\u00edch.","og_url":"https:\/\/hotelhouse.cz\/index.php\/2025\/05\/19\/medvedi-miri-do-krkonos-do-blizkosti-stezky-korunami-stromu-v-janskych-laznich\/","og_site_name":"HOTELHOUSE.cz","article_published_time":"2025-05-18T22:01:00+00:00","article_modified_time":"2025-05-07T02:40:47+00:00","og_image":[{"width":1450,"height":964,"url":"https:\/\/hotelhouse.cz\/wp-content\/uploads\/2025\/04\/250415_SKS_Zakladni-kamen-vybehu-medvedu_DSC_4064.jpg","type":"image\/jpeg"}],"author":"Helen Guardian","twitter_card":"summary_large_image","twitter_misc":{"Napsal(a)":"Helen Guardian","Odhadovan\u00e1 doba \u010dten\u00ed":"6 minut"},"schema":{"@context":"https:\/\/schema.org","@graph":[{"@type":"Article","@id":"https:\/\/hotelhouse.cz\/index.php\/2025\/05\/19\/medvedi-miri-do-krkonos-do-blizkosti-stezky-korunami-stromu-v-janskych-laznich\/#article","isPartOf":{"@id":"https:\/\/hotelhouse.cz\/index.php\/2025\/05\/19\/medvedi-miri-do-krkonos-do-blizkosti-stezky-korunami-stromu-v-janskych-laznich\/"},"author":{"name":"Helen Guardian","@id":"https:\/\/hotelhouse.cz\/#\/schema\/person\/d632b16c6b63077400f5e36aa5488072"},"headline":"Medv\u011bdi m\u00ed\u0159\u00ed do Krkono\u0161 do bl\u00edzkosti Stezky korunami strom\u016f v\u00a0Jansk\u00fdch L\u00e1zn\u00edch","datePublished":"2025-05-18T22:01:00+00:00","dateModified":"2025-05-07T02:40:47+00:00","mainEntityOfPage":{"@id":"https:\/\/hotelhouse.cz\/index.php\/2025\/05\/19\/medvedi-miri-do-krkonos-do-blizkosti-stezky-korunami-stromu-v-janskych-laznich\/"},"wordCount":1128,"publisher":{"@id":"https:\/\/hotelhouse.cz\/#organization"},"articleSection":["N\u00e1dhern\u00e1M\u00edsta.cz","NEWS","TIPY NA CESTOV\u00c1N\u00cd"],"inLanguage":"cs"},{"@type":"WebPage","@id":"https:\/\/hotelhouse.cz\/index.php\/2025\/05\/19\/medvedi-miri-do-krkonos-do-blizkosti-stezky-korunami-stromu-v-janskych-laznich\/","url":"https:\/\/hotelhouse.cz\/index.php\/2025\/05\/19\/medvedi-miri-do-krkonos-do-blizkosti-stezky-korunami-stromu-v-janskych-laznich\/","name":"Medv\u011bdi m\u00ed\u0159\u00ed do Krkono\u0161 do bl\u00edzkosti Stezky korunami strom\u016f v\u00a0Jansk\u00fdch L\u00e1zn\u00edch - HOTELHOUSE.cz","isPartOf":{"@id":"https:\/\/hotelhouse.cz\/#website"},"datePublished":"2025-05-18T22:01:00+00:00","dateModified":"2025-05-07T02:40:47+00:00","description":"Tento t\u00fdden byla slavnostn\u011b zah\u00e1jena v\u00fdstavba v\u00fdb\u011bhu pro medv\u011bdy hn\u011bd\u00e9 v\u00a0bl\u00edzkosti Stezky korunami strom\u016f v\u00a0Jansk\u00fdch L\u00e1zn\u00edch.","breadcrumb":{"@id":"https:\/\/hotelhouse.cz\/index.php\/2025\/05\/19\/medvedi-miri-do-krkonos-do-blizkosti-stezky-korunami-stromu-v-janskych-laznich\/#breadcrumb"},"inLanguage":"cs","potentialAction":[{"@type":"ReadAction","target":["https:\/\/hotelhouse.cz\/index.php\/2025\/05\/19\/medvedi-miri-do-krkonos-do-blizkosti-stezky-korunami-stromu-v-janskych-laznich\/"]}]},{"@type":"BreadcrumbList","@id":"https:\/\/hotelhouse.cz\/index.php\/2025\/05\/19\/medvedi-miri-do-krkonos-do-blizkosti-stezky-korunami-stromu-v-janskych-laznich\/#breadcrumb","itemListElement":[{"@type":"ListItem","position":1,"name":"Dom\u016f","item":"https:\/\/hotelhouse.cz\/"},{"@type":"ListItem","position":2,"name":"Medv\u011bdi m\u00ed\u0159\u00ed do Krkono\u0161 do bl\u00edzkosti Stezky korunami strom\u016f v\u00a0Jansk\u00fdch L\u00e1zn\u00edch"}]},{"@type":"WebSite","@id":"https:\/\/hotelhouse.cz\/#website","url":"https:\/\/hotelhouse.cz\/","name":"HOTELHOUSE.cz","description":"Port\u00e1l o hotelech, pensionech, spa resortech a restaurac\u00edch...","publisher":{"@id":"https:\/\/hotelhouse.cz\/#organization"},"potentialAction":[{"@type":"SearchAction","target":{"@type":"EntryPoint","urlTemplate":"https:\/\/hotelhouse.cz\/?s={search_term_string}"},"query-input":"required name=search_term_string"}],"inLanguage":"cs"},{"@type":"Organization","@id":"https:\/\/hotelhouse.cz\/#organization","name":"HOTELHOUSE.cz","url":"https:\/\/hotelhouse.cz\/","logo":{"@type":"ImageObject","inLanguage":"cs","@id":"https:\/\/hotelhouse.cz\/#\/schema\/logo\/image\/","url":"https:\/\/hotelhouse.cz\/wp-content\/uploads\/2024\/12\/cropped-Logo_HotelHouse-2.jpg","contentUrl":"https:\/\/hotelhouse.cz\/wp-content\/uploads\/2024\/12\/cropped-Logo_HotelHouse-2.jpg","width":933,"height":516,"caption":"HOTELHOUSE.cz"},"image":{"@id":"https:\/\/hotelhouse.cz\/#\/schema\/logo\/image\/"},"sameAs":["https:\/\/www.instagram.com\/hotelhousecz\/"]},{"@type":"Person","@id":"https:\/\/hotelhouse.cz\/#\/schema\/person\/d632b16c6b63077400f5e36aa5488072","name":"Helen Guardian","image":{"@type":"ImageObject","inLanguage":"cs","@id":"https:\/\/hotelhouse.cz\/#\/schema\/person\/image\/","url":"https:\/\/secure.gravatar.com\/avatar\/f62c76287ccbbd3f899549a169c0e6aa?s=96&d=mm&r=g","contentUrl":"https:\/\/secure.gravatar.com\/avatar\/f62c76287ccbbd3f899549a169c0e6aa?s=96&d=mm&r=g","caption":"Helen Guardian"},"sameAs":["http:\/\/HOTELHOUSE.cz"],"url":"https:\/\/hotelhouse.cz\/index.php\/author\/helgu\/"}]}},"_links":{"self":[{"href":"https:\/\/hotelhouse.cz\/index.php\/wp-json\/wp\/v2\/posts\/7735"}],"collection":[{"href":"https:\/\/hotelhouse.cz\/index.php\/wp-json\/wp\/v2\/posts"}],"about":[{"href":"https:\/\/hotelhouse.cz\/index.php\/wp-json\/wp\/v2\/types\/post"}],"author":[{"embeddable":true,"href":"https:\/\/hotelhouse.cz\/index.php\/wp-json\/wp\/v2\/users\/10"}],"replies":[{"embeddable":true,"href":"https:\/\/hotelhouse.cz\/index.php\/wp-json\/wp\/v2\/comments?post=7735"}],"version-history":[{"count":7,"href":"https:\/\/hotelhouse.cz\/index.php\/wp-json\/wp\/v2\/posts\/7735\/revisions"}],"predecessor-version":[{"id":7745,"href":"https:\/\/hotelhouse.cz\/index.php\/wp-json\/wp\/v2\/posts\/7735\/revisions\/7745"}],"wp:featuredmedia":[{"embeddable":true,"href":"https:\/\/hotelhouse.cz\/index.php\/wp-json\/wp\/v2\/media\/7740"}],"wp:attachment":[{"href":"https:\/\/hotelhouse.cz\/index.php\/wp-json\/wp\/v2\/media?parent=7735"}],"wp:term":[{"taxonomy":"category","embeddable":true,"href":"https:\/\/hotelhouse.cz\/index.php\/wp-json\/wp\/v2\/categories?post=7735"},{"taxonomy":"post_tag","embeddable":true,"href":"https:\/\/hotelhouse.cz\/index.php\/wp-json\/wp\/v2\/tags?post=7735"}],"curies":[{"name":"wp","href":"https:\/\/api.w.org\/{rel}","templated":true}]}}