{"id":7770,"date":"2025-05-08T14:52:29","date_gmt":"2025-05-08T12:52:29","guid":{"rendered":"https:\/\/hotelhouse.cz\/?p=7770"},"modified":"2025-05-08T14:52:30","modified_gmt":"2025-05-08T12:52:30","slug":"slavnostni-spusteni-laseroveho-paprsku-na-zizkovske-vezi-symbol-miru-rozzari-prahu","status":"publish","type":"post","link":"https:\/\/hotelhouse.cz\/index.php\/2025\/05\/08\/slavnostni-spusteni-laseroveho-paprsku-na-zizkovske-vezi-symbol-miru-rozzari-prahu\/","title":{"rendered":"Slavnostn\u00ed spu\u0161t\u011bn\u00ed laserov\u00e9ho paprsku na \u017di\u017ekovsk\u00e9 v\u011b\u017ei: Symbol m\u00edru rozz\u00e1\u0159\u00ed Prahu"},"content":{"rendered":"\n<div style=\"height:41px\" aria-hidden=\"true\" class=\"wp-block-spacer\"><\/div>\n\n\n\n<p class=\"has-medium-font-size\"><strong><a href=\"https:\/\/prazskametropole.cz\/\">Pra\u017esk\u00e1 metropole<\/a> se chyst\u00e1 na mimo\u0159\u00e1dnou ud\u00e1lost. Ve dnech 8. a 9. kv\u011btna 2025 se \u017di\u017ekovsk\u00e1 v\u011b\u017e stane sv\u011bdkem slavnostn\u00edho spu\u0161t\u011bn\u00ed unik\u00e1tn\u00edho projektu \u2013 laserov\u00e9ho paprsku. Tato velkolep\u00e1 ud\u00e1lost se kon\u00e1 u p\u0159\u00edle\u017eitosti v\u00fdro\u010d\u00ed ukon\u010den\u00ed 2. sv\u011btov\u00e9 v\u00e1lky a nese siln\u00e9 poselstv\u00ed touhy po m\u00edru a p\u0159ipom\u00edn\u00e1 hr\u016fzy, kter\u00e9 se nesm\u00ed opakovat. <\/strong><\/p>\n\n\n\n<p class=\"has-medium-font-size\"><strong>Samotn\u00e9ho slavnostn\u00edho spu\u0161t\u011bn\u00ed laserov\u00e9ho paprsku se 8. kv\u011btna 2025 po 22:00 ujme prezident \u010cesk\u00e9 republiky Petr Pavel. Tento sv\u011bteln\u00fd symbol bude viditeln\u00fd z mnoha kout\u016f Prahy a jej\u00edho okol\u00ed a stane se tak nep\u0159ehl\u00e9dnutelnou p\u0159ipom\u00ednkou d\u016fle\u017eitosti m\u00edru pro v\u0161echny.<\/strong><\/p>\n\n\n\n<div style=\"height:41px\" aria-hidden=\"true\" class=\"wp-block-spacer\"><\/div>\n\n\n<div class=\"wp-block-image\">\n<figure class=\"aligncenter size-full\"><img decoding=\"async\" src=\"https:\/\/prazskametropole.cz\/wp-content\/uploads\/2025\/05\/488266450_18454422760078038_2737573634761604125_n.jpg\" alt=\"Slavnostn\u00ed spu\u0161t\u011bn\u00ed laserov\u00e9ho paprsku na \u017di\u017ekovsk\u00e9 v\u011b\u017ei: Symbol m\u00edru rozz\u00e1\u0159\u00ed Prahu\" class=\"wp-image-3766\"\/><\/figure><\/div>\n\n\n<div style=\"height:41px\" aria-hidden=\"true\" class=\"wp-block-spacer\"><\/div>\n\n\n\n<p class=\"has-medium-font-size\">Pro ty, kte\u0159\u00ed si cht\u011bj\u00ed vychutnat nejlep\u0161\u00ed v\u00fdhled na celou osv\u011btlenou siluetu \u017di\u017ekovsk\u00e9 v\u011b\u017ee, doporu\u010dujeme vybrat si m\u00edsta s panoramatick\u00fdm v\u00fdhledem. Mezi ide\u00e1ln\u00ed lokality pat\u0159\u00ed bezesporu <a href=\"https:\/\/prazskypetrin.cz\/\"><strong>Pet\u0159\u00ednsk\u00e9 sady<\/strong><\/a>, nab\u00edzej\u00edc\u00ed romantick\u00e9 scen\u00e9rie s v\u011b\u017e\u00ed v pozad\u00ed, Letn\u00e1 s jej\u00edmi rozlehl\u00fdmi pl\u00e1n\u011bmi a ikonick\u00fdmi pra\u017esk\u00fdmi pohledy, majest\u00e1tn\u00ed Hrad\u010dany, odkud se nask\u00fdt\u00e1 pohled na celou Prahu v\u010detn\u011b \u017di\u017ekovsk\u00e9 v\u011b\u017ee, a V\u00edtkov s jeho historick\u00fdm pam\u00e1tn\u00edkem a \u0161irok\u00fdm v\u00fdhledem na m\u011bsto <strong><a href=\"https:\/\/vsrdciprahy.cz\/\">v srdci Prahy<\/a><\/strong>. Samoz\u0159ejm\u011b i dal\u0161\u00ed vyv\u00fd\u0161en\u00e1 m\u00edsta v Praze, kter\u00e1 umo\u017e\u0148uj\u00ed neru\u0161en\u00fd pohled na celou v\u011b\u017e od jej\u00edho z\u00e1kladu a\u017e po \u0161pi\u010dku, budou skv\u011blou volbou pro pozorov\u00e1n\u00ed tohoto jedine\u010dn\u00e9ho sv\u011bteln\u00e9ho p\u0159edstaven\u00ed.<\/p>\n\n\n\n<p class=\"has-medium-font-size\">Krom\u011b samotn\u00e9ho slavnostn\u00edho spu\u0161t\u011bn\u00ed laserov\u00e9ho paprsku je pro n\u00e1v\u0161t\u011bvn\u00edky \u017di\u017ekovsk\u00e9 v\u011b\u017ee p\u0159ipraven bohat\u00fd doprovodn\u00fd program v term\u00ednu od 8. do 18. kv\u011btna 2025. Z\u00e1jemci o historii t\u00e9to unik\u00e1tn\u00ed stavby se mohou z\u00fa\u010dastnit komentovan\u00fdch prohl\u00eddek, kter\u00e9 budou prob\u00edhat po cel\u00fd t\u00fdden v\u017edy v 10, 13, 15 a 16 hodin v \u010desk\u00e9m jazyce a v 11, 14 a 17 hodin v angli\u010dtin\u011b. <\/p>\n\n\n\n<p class=\"has-medium-font-size\">Kulin\u00e1\u0159sk\u00e9 z\u00e1\u017eitky nab\u00eddne bar Oblaca a vyhl\u00e1\u0161en\u00e1 Restaurace Miminoo, kter\u00e9 se nach\u00e1zej\u00ed p\u0159\u00edmo v \u017di\u017ekovsk\u00e9 v\u011b\u017ei. Pro tuto v\u00fdjime\u010dnou p\u0159\u00edle\u017eitost p\u0159ipravily speci\u00e1ln\u00ed menu s tematick\u00fdmi koktejly, kter\u00e9 jist\u011b pot\u011b\u0161\u00ed v\u0161echny n\u00e1v\u0161t\u011bvn\u00edky. Nenechte si uj\u00edt tuto jedine\u010dnou ud\u00e1lost v centru Prahy!<\/p>\n\n\n\n<div style=\"height:41px\" aria-hidden=\"true\" class=\"wp-block-spacer\"><\/div>\n\n\n<div class=\"wp-block-image\">\n<figure class=\"aligncenter size-large\"><img decoding=\"async\" src=\"https:\/\/prazskametropole.cz\/wp-content\/uploads\/2025\/05\/07fc0bf1-3f94-4eae-9a63-59bc3604d755-624x840.jpeg\" alt=\"Slavnostn\u00ed spu\u0161t\u011bn\u00ed laserov\u00e9ho paprsku na \u017di\u017ekovsk\u00e9 v\u011b\u017ei: Symbol m\u00edru rozz\u00e1\u0159\u00ed Prahu\" class=\"wp-image-3763\"\/><\/figure><\/div>\n\n\n<div style=\"height:41px\" aria-hidden=\"true\" class=\"wp-block-spacer\"><\/div>\n\n\n\n<h2 class=\"wp-block-heading\" style=\"font-size:27px\">P\u0159ehled ud\u00e1losti:<\/h2>\n\n\n\n<div style=\"height:41px\" aria-hidden=\"true\" class=\"wp-block-spacer\"><\/div>\n\n\n\n<p class=\"has-medium-font-size\"><strong>Datum slavnostn\u00edho spu\u0161t\u011bn\u00ed laseru: 8. kv\u011btna 2025<\/strong><\/p>\n\n\n\n<p class=\"has-medium-font-size\"><strong>\u010cas spu\u0161t\u011bn\u00ed laseru: Po 22:00<\/strong><\/p>\n\n\n\n<p class=\"has-medium-font-size\"><strong>M\u00edsto: \u017di\u017ekovsk\u00e1 v\u011b\u017e, Praha<\/strong><\/p>\n\n\n\n<div style=\"height:41px\" aria-hidden=\"true\" class=\"wp-block-spacer\"><\/div>\n\n\n\n<h2 class=\"wp-block-heading has-medium-font-size\">Doprovodn\u00fd program (8. &#8211; 18. kv\u011btna 2025):<\/h2>\n\n\n\n<ul class=\"wp-block-list\">\n<li><strong>Komentovan\u00e9 prohl\u00eddky v\u011b\u017ee (\u010desk\u00fd jazyk):<\/strong> 10:00, 13:00, 15:00, 16:00<\/li>\n\n\n\n<li><strong>Komentovan\u00e9 prohl\u00eddky v\u011b\u017ee (anglick\u00fd jazyk):<\/strong> 11:00, 14:00, 17:00<\/li>\n\n\n\n<li><strong>Speci\u00e1ln\u00ed menu a tematick\u00e9 koktejly:<\/strong> Bar Oblaca a Restaurace Miminoo<\/li>\n<\/ul>\n\n\n\n<div style=\"height:41px\" aria-hidden=\"true\" class=\"wp-block-spacer\"><\/div>\n\n\n\n<h2 class=\"wp-block-heading has-medium-font-size\">Doporu\u010den\u00e1 m\u00edsta pro pozorov\u00e1n\u00ed laserov\u00e9ho paprsku:<\/h2>\n\n\n\n<ul class=\"wp-block-list\">\n<li>Pet\u0159\u00ednsk\u00e9 sady<\/li>\n\n\n\n<li>Letn\u00e1<\/li>\n\n\n\n<li>Hrad\u010dany<\/li>\n\n\n\n<li>V\u00edtkov<\/li>\n\n\n\n<li>Dal\u0161\u00ed vyv\u00fd\u0161en\u00e1 m\u00edsta s v\u00fdhledem na celou \u017di\u017ekovskou v\u011b\u017e<\/li>\n<\/ul>\n\n\n\n<div style=\"height:100px\" aria-hidden=\"true\" class=\"wp-block-spacer\"><\/div>\n\n\n\n<figure class=\"wp-block-gallery has-nested-images columns-2 is-cropped wp-block-gallery-1 is-layout-flex wp-block-gallery-is-layout-flex\">\n<figure class=\"wp-block-image size-large\"><img decoding=\"async\" data-id=\"3763\" src=\"https:\/\/prazskametropole.cz\/wp-content\/uploads\/2025\/05\/07fc0bf1-3f94-4eae-9a63-59bc3604d755-624x840.jpeg\" alt=\"Slavnostn\u00ed spu\u0161t\u011bn\u00ed laserov\u00e9ho paprsku na \u017di\u017ekovsk\u00e9 v\u011b\u017ei: Symbol m\u00edru rozz\u00e1\u0159\u00ed Prahu\" class=\"wp-image-3763\"\/><\/figure>\n\n\n\n<figure class=\"wp-block-image size-large\"><img decoding=\"async\" data-id=\"3766\" src=\"https:\/\/prazskametropole.cz\/wp-content\/uploads\/2025\/05\/488266450_18454422760078038_2737573634761604125_n.jpg\" alt=\"Slavnostn\u00ed spu\u0161t\u011bn\u00ed laserov\u00e9ho paprsku na \u017di\u017ekovsk\u00e9 v\u011b\u017ei: Symbol m\u00edru rozz\u00e1\u0159\u00ed Prahu\" class=\"wp-image-3766\"\/><\/figure>\n\n\n\n<figure class=\"wp-block-image size-large\"><img decoding=\"async\" data-id=\"3764\" src=\"https:\/\/prazskametropole.cz\/wp-content\/uploads\/2025\/05\/482995851_18449452210078038_5872955988332631071_n.jpg\" alt=\"Slavnostn\u00ed spu\u0161t\u011bn\u00ed laserov\u00e9ho paprsku na \u017di\u017ekovsk\u00e9 v\u011b\u017ei: Symbol m\u00edru rozz\u00e1\u0159\u00ed Prahu\" class=\"wp-image-3764\"\/><\/figure>\n\n\n\n<figure class=\"wp-block-image size-large\"><img decoding=\"async\" data-id=\"3765\" src=\"https:\/\/prazskametropole.cz\/wp-content\/uploads\/2025\/05\/493675987_1166455038828829_4710621682778079415_n.jpg\" alt=\"Slavnostn\u00ed spu\u0161t\u011bn\u00ed laserov\u00e9ho paprsku na \u017di\u017ekovsk\u00e9 v\u011b\u017ei: Symbol m\u00edru rozz\u00e1\u0159\u00ed Prahu\" class=\"wp-image-3765\"\/><\/figure>\n\n\n\n<figure class=\"wp-block-image size-large\"><img decoding=\"async\" data-id=\"3762\" src=\"https:\/\/prazskametropole.cz\/wp-content\/uploads\/2025\/05\/b2a99b90-8537-4f3c-9042-6f3ca0896167-840x372.jpeg\" alt=\"Slavnostn\u00ed spu\u0161t\u011bn\u00ed laserov\u00e9ho paprsku na \u017di\u017ekovsk\u00e9 v\u011b\u017ei: Symbol m\u00edru rozz\u00e1\u0159\u00ed Prahu\" class=\"wp-image-3762\"\/><\/figure>\n<\/figure>\n\n\n\n<div style=\"height:42px\" aria-hidden=\"true\" class=\"wp-block-spacer\"><\/div>\n\n\n\n<p class=\"has-medium-font-size\"><strong>Zdroj foto:<\/strong> \u017di\u017ekovsk\u00e1 televizn\u00ed v\u011b\u017e &#8211; Tower Park Prague&nbsp;<\/p>\n","protected":false},"excerpt":{"rendered":"<p>Pra\u017esk\u00e1 metropole se chyst\u00e1 na mimo\u0159\u00e1dnou ud\u00e1lost. Ve dnech 8. a 9. kv\u011btna 2025 se \u017di\u017ekovsk\u00e1 v\u011b\u017e stane sv\u011bdkem slavnostn\u00edho spu\u0161t\u011bn\u00ed unik\u00e1tn\u00edho projektu \u2013 laserov\u00e9ho paprsku. Tato velkolep\u00e1 ud\u00e1lost se kon\u00e1 u p\u0159\u00edle\u017eitosti v\u00fdro\u010d\u00ed&#46;&#46;&#46;<\/p>\n","protected":false},"author":1,"featured_media":7771,"comment_status":"closed","ping_status":"closed","sticky":false,"template":"","format":"standard","meta":{"_monsterinsights_skip_tracking":false,"_monsterinsights_sitenote_active":false,"_monsterinsights_sitenote_note":"","_monsterinsights_sitenote_category":0,"footnotes":""},"categories":[9,26,22,2,154],"tags":[],"yoast_head":"<!-- This site is optimized with the Yoast SEO plugin v21.5 - https:\/\/yoast.com\/wordpress\/plugins\/seo\/ -->\n<title>Slavnostn\u00ed spu\u0161t\u011bn\u00ed laserov\u00e9ho paprsku na \u017di\u017ekovsk\u00e9 v\u011b\u017ei: Symbol m\u00edru rozz\u00e1\u0159\u00ed Prahu - HOTELHOUSE.cz<\/title>\n<meta name=\"description\" content=\"Ve dnech 8. a 9. kv\u011btna 2025 se \u017di\u017ekovsk\u00e1 v\u011b\u017e stane sv\u011bdkem slavnostn\u00edho spu\u0161t\u011bn\u00ed unik\u00e1tn\u00edho projektu \u2013 laserov\u00e9ho paprsku...\" \/>\n<meta name=\"robots\" content=\"index, follow, max-snippet:-1, max-image-preview:large, max-video-preview:-1\" \/>\n<link rel=\"canonical\" href=\"https:\/\/hotelhouse.cz\/index.php\/2025\/05\/08\/slavnostni-spusteni-laseroveho-paprsku-na-zizkovske-vezi-symbol-miru-rozzari-prahu\/\" \/>\n<meta property=\"og:locale\" content=\"cs_CZ\" \/>\n<meta property=\"og:type\" content=\"article\" \/>\n<meta property=\"og:title\" content=\"Slavnostn\u00ed spu\u0161t\u011bn\u00ed laserov\u00e9ho paprsku na \u017di\u017ekovsk\u00e9 v\u011b\u017ei: Symbol m\u00edru rozz\u00e1\u0159\u00ed Prahu - HOTELHOUSE.cz\" \/>\n<meta property=\"og:description\" content=\"Ve dnech 8. a 9. kv\u011btna 2025 se \u017di\u017ekovsk\u00e1 v\u011b\u017e stane sv\u011bdkem slavnostn\u00edho spu\u0161t\u011bn\u00ed unik\u00e1tn\u00edho projektu \u2013 laserov\u00e9ho paprsku...\" \/>\n<meta property=\"og:url\" content=\"https:\/\/hotelhouse.cz\/index.php\/2025\/05\/08\/slavnostni-spusteni-laseroveho-paprsku-na-zizkovske-vezi-symbol-miru-rozzari-prahu\/\" \/>\n<meta property=\"og:site_name\" content=\"HOTELHOUSE.cz\" \/>\n<meta property=\"article:published_time\" content=\"2025-05-08T12:52:29+00:00\" \/>\n<meta property=\"article:modified_time\" content=\"2025-05-08T12:52:30+00:00\" \/>\n<meta property=\"og:image\" content=\"https:\/\/hotelhouse.cz\/wp-content\/uploads\/2025\/05\/b2a99b90-8537-4f3c-9042-6f3ca0896167.jpeg\" \/>\n\t<meta property=\"og:image:width\" content=\"1200\" \/>\n\t<meta property=\"og:image:height\" content=\"532\" \/>\n\t<meta property=\"og:image:type\" content=\"image\/jpeg\" \/>\n<meta name=\"author\" content=\"Mikol\u00e1\u0161ek (\u0161efredaktor HMG)\" \/>\n<meta name=\"twitter:card\" content=\"summary_large_image\" \/>\n<meta name=\"twitter:label1\" content=\"Napsal(a)\" \/>\n\t<meta name=\"twitter:data1\" content=\"Mikol\u00e1\u0161ek (\u0161efredaktor HMG)\" \/>\n\t<meta name=\"twitter:label2\" content=\"Odhadovan\u00e1 doba \u010dten\u00ed\" \/>\n\t<meta name=\"twitter:data2\" content=\"4 minuty\" \/>\n<script type=\"application\/ld+json\" class=\"yoast-schema-graph\">{\"@context\":\"https:\/\/schema.org\",\"@graph\":[{\"@type\":\"Article\",\"@id\":\"https:\/\/hotelhouse.cz\/index.php\/2025\/05\/08\/slavnostni-spusteni-laseroveho-paprsku-na-zizkovske-vezi-symbol-miru-rozzari-prahu\/#article\",\"isPartOf\":{\"@id\":\"https:\/\/hotelhouse.cz\/index.php\/2025\/05\/08\/slavnostni-spusteni-laseroveho-paprsku-na-zizkovske-vezi-symbol-miru-rozzari-prahu\/\"},\"author\":{\"name\":\"Mikol\u00e1\u0161ek (\u0161efredaktor HMG)\",\"@id\":\"https:\/\/hotelhouse.cz\/#\/schema\/person\/6f8df5654d33f7f700b98d242c71fc72\"},\"headline\":\"Slavnostn\u00ed spu\u0161t\u011bn\u00ed laserov\u00e9ho paprsku na \u017di\u017ekovsk\u00e9 v\u011b\u017ei: Symbol m\u00edru rozz\u00e1\u0159\u00ed Prahu\",\"datePublished\":\"2025-05-08T12:52:29+00:00\",\"dateModified\":\"2025-05-08T12:52:30+00:00\",\"mainEntityOfPage\":{\"@id\":\"https:\/\/hotelhouse.cz\/index.php\/2025\/05\/08\/slavnostni-spusteni-laseroveho-paprsku-na-zizkovske-vezi-symbol-miru-rozzari-prahu\/\"},\"wordCount\":522,\"publisher\":{\"@id\":\"https:\/\/hotelhouse.cz\/#organization\"},\"articleSection\":[\"LOBY &amp; BARY &amp; ALKOHOL\",\"N\u00e1dhern\u00e1M\u00edsta.cz\",\"NaDovolenouDoPrahy.cz\",\"NEWS\",\"PRA\u017dSK\u00c1 METROPOLE\"],\"inLanguage\":\"cs\"},{\"@type\":\"WebPage\",\"@id\":\"https:\/\/hotelhouse.cz\/index.php\/2025\/05\/08\/slavnostni-spusteni-laseroveho-paprsku-na-zizkovske-vezi-symbol-miru-rozzari-prahu\/\",\"url\":\"https:\/\/hotelhouse.cz\/index.php\/2025\/05\/08\/slavnostni-spusteni-laseroveho-paprsku-na-zizkovske-vezi-symbol-miru-rozzari-prahu\/\",\"name\":\"Slavnostn\u00ed spu\u0161t\u011bn\u00ed laserov\u00e9ho paprsku na \u017di\u017ekovsk\u00e9 v\u011b\u017ei: Symbol m\u00edru rozz\u00e1\u0159\u00ed Prahu - HOTELHOUSE.cz\",\"isPartOf\":{\"@id\":\"https:\/\/hotelhouse.cz\/#website\"},\"datePublished\":\"2025-05-08T12:52:29+00:00\",\"dateModified\":\"2025-05-08T12:52:30+00:00\",\"description\":\"Ve dnech 8. a 9. kv\u011btna 2025 se \u017di\u017ekovsk\u00e1 v\u011b\u017e stane sv\u011bdkem slavnostn\u00edho spu\u0161t\u011bn\u00ed unik\u00e1tn\u00edho projektu \u2013 laserov\u00e9ho paprsku...\",\"breadcrumb\":{\"@id\":\"https:\/\/hotelhouse.cz\/index.php\/2025\/05\/08\/slavnostni-spusteni-laseroveho-paprsku-na-zizkovske-vezi-symbol-miru-rozzari-prahu\/#breadcrumb\"},\"inLanguage\":\"cs\",\"potentialAction\":[{\"@type\":\"ReadAction\",\"target\":[\"https:\/\/hotelhouse.cz\/index.php\/2025\/05\/08\/slavnostni-spusteni-laseroveho-paprsku-na-zizkovske-vezi-symbol-miru-rozzari-prahu\/\"]}]},{\"@type\":\"BreadcrumbList\",\"@id\":\"https:\/\/hotelhouse.cz\/index.php\/2025\/05\/08\/slavnostni-spusteni-laseroveho-paprsku-na-zizkovske-vezi-symbol-miru-rozzari-prahu\/#breadcrumb\",\"itemListElement\":[{\"@type\":\"ListItem\",\"position\":1,\"name\":\"Dom\u016f\",\"item\":\"https:\/\/hotelhouse.cz\/\"},{\"@type\":\"ListItem\",\"position\":2,\"name\":\"Slavnostn\u00ed spu\u0161t\u011bn\u00ed laserov\u00e9ho paprsku na \u017di\u017ekovsk\u00e9 v\u011b\u017ei: Symbol m\u00edru rozz\u00e1\u0159\u00ed Prahu\"}]},{\"@type\":\"WebSite\",\"@id\":\"https:\/\/hotelhouse.cz\/#website\",\"url\":\"https:\/\/hotelhouse.cz\/\",\"name\":\"HOTELHOUSE.cz\",\"description\":\"Port\u00e1l o hotelech, pensionech, spa resortech a restaurac\u00edch...\",\"publisher\":{\"@id\":\"https:\/\/hotelhouse.cz\/#organization\"},\"potentialAction\":[{\"@type\":\"SearchAction\",\"target\":{\"@type\":\"EntryPoint\",\"urlTemplate\":\"https:\/\/hotelhouse.cz\/?s={search_term_string}\"},\"query-input\":\"required name=search_term_string\"}],\"inLanguage\":\"cs\"},{\"@type\":\"Organization\",\"@id\":\"https:\/\/hotelhouse.cz\/#organization\",\"name\":\"HOTELHOUSE.cz\",\"url\":\"https:\/\/hotelhouse.cz\/\",\"logo\":{\"@type\":\"ImageObject\",\"inLanguage\":\"cs\",\"@id\":\"https:\/\/hotelhouse.cz\/#\/schema\/logo\/image\/\",\"url\":\"https:\/\/hotelhouse.cz\/wp-content\/uploads\/2024\/12\/cropped-Logo_HotelHouse-2.jpg\",\"contentUrl\":\"https:\/\/hotelhouse.cz\/wp-content\/uploads\/2024\/12\/cropped-Logo_HotelHouse-2.jpg\",\"width\":933,\"height\":516,\"caption\":\"HOTELHOUSE.cz\"},\"image\":{\"@id\":\"https:\/\/hotelhouse.cz\/#\/schema\/logo\/image\/\"},\"sameAs\":[\"https:\/\/www.instagram.com\/hotelhousecz\/\"]},{\"@type\":\"Person\",\"@id\":\"https:\/\/hotelhouse.cz\/#\/schema\/person\/6f8df5654d33f7f700b98d242c71fc72\",\"name\":\"Mikol\u00e1\u0161ek (\u0161efredaktor HMG)\",\"image\":{\"@type\":\"ImageObject\",\"inLanguage\":\"cs\",\"@id\":\"https:\/\/hotelhouse.cz\/#\/schema\/person\/image\/\",\"url\":\"https:\/\/secure.gravatar.com\/avatar\/1c8a35f186d8baabb0513b2bdd8e53cd?s=96&d=mm&r=g\",\"contentUrl\":\"https:\/\/secure.gravatar.com\/avatar\/1c8a35f186d8baabb0513b2bdd8e53cd?s=96&d=mm&r=g\",\"caption\":\"Mikol\u00e1\u0161ek (\u0161efredaktor HMG)\"},\"sameAs\":[\"http:\/\/www.hotelhouse.cz\"],\"url\":\"https:\/\/hotelhouse.cz\/index.php\/author\/ivomik\/\"}]}<\/script>\n<!-- \/ Yoast SEO plugin. -->","yoast_head_json":{"title":"Slavnostn\u00ed spu\u0161t\u011bn\u00ed laserov\u00e9ho paprsku na \u017di\u017ekovsk\u00e9 v\u011b\u017ei: Symbol m\u00edru rozz\u00e1\u0159\u00ed Prahu - HOTELHOUSE.cz","description":"Ve dnech 8. a 9. kv\u011btna 2025 se \u017di\u017ekovsk\u00e1 v\u011b\u017e stane sv\u011bdkem slavnostn\u00edho spu\u0161t\u011bn\u00ed unik\u00e1tn\u00edho projektu \u2013 laserov\u00e9ho paprsku...","robots":{"index":"index","follow":"follow","max-snippet":"max-snippet:-1","max-image-preview":"max-image-preview:large","max-video-preview":"max-video-preview:-1"},"canonical":"https:\/\/hotelhouse.cz\/index.php\/2025\/05\/08\/slavnostni-spusteni-laseroveho-paprsku-na-zizkovske-vezi-symbol-miru-rozzari-prahu\/","og_locale":"cs_CZ","og_type":"article","og_title":"Slavnostn\u00ed spu\u0161t\u011bn\u00ed laserov\u00e9ho paprsku na \u017di\u017ekovsk\u00e9 v\u011b\u017ei: Symbol m\u00edru rozz\u00e1\u0159\u00ed Prahu - HOTELHOUSE.cz","og_description":"Ve dnech 8. a 9. kv\u011btna 2025 se \u017di\u017ekovsk\u00e1 v\u011b\u017e stane sv\u011bdkem slavnostn\u00edho spu\u0161t\u011bn\u00ed unik\u00e1tn\u00edho projektu \u2013 laserov\u00e9ho paprsku...","og_url":"https:\/\/hotelhouse.cz\/index.php\/2025\/05\/08\/slavnostni-spusteni-laseroveho-paprsku-na-zizkovske-vezi-symbol-miru-rozzari-prahu\/","og_site_name":"HOTELHOUSE.cz","article_published_time":"2025-05-08T12:52:29+00:00","article_modified_time":"2025-05-08T12:52:30+00:00","og_image":[{"width":1200,"height":532,"url":"https:\/\/hotelhouse.cz\/wp-content\/uploads\/2025\/05\/b2a99b90-8537-4f3c-9042-6f3ca0896167.jpeg","type":"image\/jpeg"}],"author":"Mikol\u00e1\u0161ek (\u0161efredaktor HMG)","twitter_card":"summary_large_image","twitter_misc":{"Napsal(a)":"Mikol\u00e1\u0161ek (\u0161efredaktor HMG)","Odhadovan\u00e1 doba \u010dten\u00ed":"4 minuty"},"schema":{"@context":"https:\/\/schema.org","@graph":[{"@type":"Article","@id":"https:\/\/hotelhouse.cz\/index.php\/2025\/05\/08\/slavnostni-spusteni-laseroveho-paprsku-na-zizkovske-vezi-symbol-miru-rozzari-prahu\/#article","isPartOf":{"@id":"https:\/\/hotelhouse.cz\/index.php\/2025\/05\/08\/slavnostni-spusteni-laseroveho-paprsku-na-zizkovske-vezi-symbol-miru-rozzari-prahu\/"},"author":{"name":"Mikol\u00e1\u0161ek (\u0161efredaktor HMG)","@id":"https:\/\/hotelhouse.cz\/#\/schema\/person\/6f8df5654d33f7f700b98d242c71fc72"},"headline":"Slavnostn\u00ed spu\u0161t\u011bn\u00ed laserov\u00e9ho paprsku na \u017di\u017ekovsk\u00e9 v\u011b\u017ei: Symbol m\u00edru rozz\u00e1\u0159\u00ed Prahu","datePublished":"2025-05-08T12:52:29+00:00","dateModified":"2025-05-08T12:52:30+00:00","mainEntityOfPage":{"@id":"https:\/\/hotelhouse.cz\/index.php\/2025\/05\/08\/slavnostni-spusteni-laseroveho-paprsku-na-zizkovske-vezi-symbol-miru-rozzari-prahu\/"},"wordCount":522,"publisher":{"@id":"https:\/\/hotelhouse.cz\/#organization"},"articleSection":["LOBY &amp; BARY &amp; ALKOHOL","N\u00e1dhern\u00e1M\u00edsta.cz","NaDovolenouDoPrahy.cz","NEWS","PRA\u017dSK\u00c1 METROPOLE"],"inLanguage":"cs"},{"@type":"WebPage","@id":"https:\/\/hotelhouse.cz\/index.php\/2025\/05\/08\/slavnostni-spusteni-laseroveho-paprsku-na-zizkovske-vezi-symbol-miru-rozzari-prahu\/","url":"https:\/\/hotelhouse.cz\/index.php\/2025\/05\/08\/slavnostni-spusteni-laseroveho-paprsku-na-zizkovske-vezi-symbol-miru-rozzari-prahu\/","name":"Slavnostn\u00ed spu\u0161t\u011bn\u00ed laserov\u00e9ho paprsku na \u017di\u017ekovsk\u00e9 v\u011b\u017ei: Symbol m\u00edru rozz\u00e1\u0159\u00ed Prahu - HOTELHOUSE.cz","isPartOf":{"@id":"https:\/\/hotelhouse.cz\/#website"},"datePublished":"2025-05-08T12:52:29+00:00","dateModified":"2025-05-08T12:52:30+00:00","description":"Ve dnech 8. a 9. kv\u011btna 2025 se \u017di\u017ekovsk\u00e1 v\u011b\u017e stane sv\u011bdkem slavnostn\u00edho spu\u0161t\u011bn\u00ed unik\u00e1tn\u00edho projektu \u2013 laserov\u00e9ho paprsku...","breadcrumb":{"@id":"https:\/\/hotelhouse.cz\/index.php\/2025\/05\/08\/slavnostni-spusteni-laseroveho-paprsku-na-zizkovske-vezi-symbol-miru-rozzari-prahu\/#breadcrumb"},"inLanguage":"cs","potentialAction":[{"@type":"ReadAction","target":["https:\/\/hotelhouse.cz\/index.php\/2025\/05\/08\/slavnostni-spusteni-laseroveho-paprsku-na-zizkovske-vezi-symbol-miru-rozzari-prahu\/"]}]},{"@type":"BreadcrumbList","@id":"https:\/\/hotelhouse.cz\/index.php\/2025\/05\/08\/slavnostni-spusteni-laseroveho-paprsku-na-zizkovske-vezi-symbol-miru-rozzari-prahu\/#breadcrumb","itemListElement":[{"@type":"ListItem","position":1,"name":"Dom\u016f","item":"https:\/\/hotelhouse.cz\/"},{"@type":"ListItem","position":2,"name":"Slavnostn\u00ed spu\u0161t\u011bn\u00ed laserov\u00e9ho paprsku na \u017di\u017ekovsk\u00e9 v\u011b\u017ei: Symbol m\u00edru rozz\u00e1\u0159\u00ed Prahu"}]},{"@type":"WebSite","@id":"https:\/\/hotelhouse.cz\/#website","url":"https:\/\/hotelhouse.cz\/","name":"HOTELHOUSE.cz","description":"Port\u00e1l o hotelech, pensionech, spa resortech a restaurac\u00edch...","publisher":{"@id":"https:\/\/hotelhouse.cz\/#organization"},"potentialAction":[{"@type":"SearchAction","target":{"@type":"EntryPoint","urlTemplate":"https:\/\/hotelhouse.cz\/?s={search_term_string}"},"query-input":"required name=search_term_string"}],"inLanguage":"cs"},{"@type":"Organization","@id":"https:\/\/hotelhouse.cz\/#organization","name":"HOTELHOUSE.cz","url":"https:\/\/hotelhouse.cz\/","logo":{"@type":"ImageObject","inLanguage":"cs","@id":"https:\/\/hotelhouse.cz\/#\/schema\/logo\/image\/","url":"https:\/\/hotelhouse.cz\/wp-content\/uploads\/2024\/12\/cropped-Logo_HotelHouse-2.jpg","contentUrl":"https:\/\/hotelhouse.cz\/wp-content\/uploads\/2024\/12\/cropped-Logo_HotelHouse-2.jpg","width":933,"height":516,"caption":"HOTELHOUSE.cz"},"image":{"@id":"https:\/\/hotelhouse.cz\/#\/schema\/logo\/image\/"},"sameAs":["https:\/\/www.instagram.com\/hotelhousecz\/"]},{"@type":"Person","@id":"https:\/\/hotelhouse.cz\/#\/schema\/person\/6f8df5654d33f7f700b98d242c71fc72","name":"Mikol\u00e1\u0161ek (\u0161efredaktor HMG)","image":{"@type":"ImageObject","inLanguage":"cs","@id":"https:\/\/hotelhouse.cz\/#\/schema\/person\/image\/","url":"https:\/\/secure.gravatar.com\/avatar\/1c8a35f186d8baabb0513b2bdd8e53cd?s=96&d=mm&r=g","contentUrl":"https:\/\/secure.gravatar.com\/avatar\/1c8a35f186d8baabb0513b2bdd8e53cd?s=96&d=mm&r=g","caption":"Mikol\u00e1\u0161ek (\u0161efredaktor HMG)"},"sameAs":["http:\/\/www.hotelhouse.cz"],"url":"https:\/\/hotelhouse.cz\/index.php\/author\/ivomik\/"}]}},"_links":{"self":[{"href":"https:\/\/hotelhouse.cz\/index.php\/wp-json\/wp\/v2\/posts\/7770"}],"collection":[{"href":"https:\/\/hotelhouse.cz\/index.php\/wp-json\/wp\/v2\/posts"}],"about":[{"href":"https:\/\/hotelhouse.cz\/index.php\/wp-json\/wp\/v2\/types\/post"}],"author":[{"embeddable":true,"href":"https:\/\/hotelhouse.cz\/index.php\/wp-json\/wp\/v2\/users\/1"}],"replies":[{"embeddable":true,"href":"https:\/\/hotelhouse.cz\/index.php\/wp-json\/wp\/v2\/comments?post=7770"}],"version-history":[{"count":1,"href":"https:\/\/hotelhouse.cz\/index.php\/wp-json\/wp\/v2\/posts\/7770\/revisions"}],"predecessor-version":[{"id":7772,"href":"https:\/\/hotelhouse.cz\/index.php\/wp-json\/wp\/v2\/posts\/7770\/revisions\/7772"}],"wp:featuredmedia":[{"embeddable":true,"href":"https:\/\/hotelhouse.cz\/index.php\/wp-json\/wp\/v2\/media\/7771"}],"wp:attachment":[{"href":"https:\/\/hotelhouse.cz\/index.php\/wp-json\/wp\/v2\/media?parent=7770"}],"wp:term":[{"taxonomy":"category","embeddable":true,"href":"https:\/\/hotelhouse.cz\/index.php\/wp-json\/wp\/v2\/categories?post=7770"},{"taxonomy":"post_tag","embeddable":true,"href":"https:\/\/hotelhouse.cz\/index.php\/wp-json\/wp\/v2\/tags?post=7770"}],"curies":[{"name":"wp","href":"https:\/\/api.w.org\/{rel}","templated":true}]}}