{"id":7792,"date":"2025-06-10T00:01:00","date_gmt":"2025-06-09T22:01:00","guid":{"rendered":"https:\/\/hotelhouse.cz\/?p=7792"},"modified":"2025-05-22T21:57:30","modified_gmt":"2025-05-22T19:57:30","slug":"fashion-arena-otevrela-redesignovany-starbucks","status":"publish","type":"post","link":"https:\/\/hotelhouse.cz\/index.php\/2025\/06\/10\/fashion-arena-otevrela-redesignovany-starbucks\/","title":{"rendered":"Fashion Ar\u00e9na otev\u0159ela redesignovan\u00fd Starbucks"},"content":{"rendered":"\n<div style=\"height:35px\" aria-hidden=\"true\" class=\"wp-block-spacer\"><\/div>\n\n\n\n<p class=\"has-medium-font-size\"><strong>Ve st\u0159edu 7. kv\u011btna p\u0159iv\u00edtala kav\u00e1rna Starbucks ve Fashion Arena Prague Outlet n\u00e1v\u0161t\u011bvn\u00edky v nov\u011b zrekonstruovan\u00fdch prostor\u00e1ch. Nejv\u00fdrazn\u011bj\u0161\u00ed prom\u011bnou je vedle nov\u00e9ho mobili\u00e1\u0159e a vybaven\u00ed nav\u00fd\u0161en\u00ed vnit\u0159n\u00ed a venkovn\u00ed kapacity na v\u00edce jak stovku n\u00e1v\u0161t\u011bvn\u00edk\u016f. D\u00edky um\u00edst\u011bn\u00ed vedle d\u011btsk\u00e9ho h\u0159i\u0161t\u011b nab\u00edz\u00ed nov\u011b zast\u0159e\u0161en\u00fd venkovn\u00ed prostor pohodln\u00e9 z\u00e1zem\u00ed i pro rodiny s d\u011btmi. Celkov\u00e1 plocha vnit\u0159n\u00edch prostor kav\u00e1rny byla roz\u0161\u00ed\u0159ena na<\/strong> <strong>200 m2.<\/strong><\/p>\n\n\n\n<div style=\"height:35px\" aria-hidden=\"true\" class=\"wp-block-spacer\"><\/div>\n\n\n<div class=\"wp-block-image\">\n<figure class=\"aligncenter size-large\"><img decoding=\"async\" src=\"https:\/\/prazskametropole.cz\/wp-content\/uploads\/2025\/05\/Starbucks_P_VV4313-840x560.jpg\" alt=\"Fashion Ar\u00e9na otev\u0159ela redesignovan\u00fd Starbucks\" class=\"wp-image-3873\" \/><\/figure><\/div>\n\n\n<div style=\"height:35px\" aria-hidden=\"true\" class=\"wp-block-spacer\"><\/div>\n\n\n\n<p class=\"has-medium-font-size\">Design interi\u00e9ru vych\u00e1z\u00ed z glob\u00e1ln\u00edch standard\u016f zna\u010dky Starbucks a z\u00e1rove\u0148 reaguje na pot\u0159ebu funk\u010dn\u00edho a komfortn\u00edho prostoru pro r\u016fzn\u00e9 pot\u0159eby n\u00e1v\u0161t\u011bvn\u00edk\u016f. Interi\u00e9r nov\u011b kombinuje sv\u011btl\u00e9 d\u0159evo, ko\u017een\u00e9 prvky v tepl\u00fdch t\u00f3nech, glazovan\u00e9 obklady a barevnost lad\u011bnou do odst\u00edn\u016f \u0161irok\u00e9 \u0161k\u00e1ly k\u00e1vov\u00fdch n\u00e1poj\u016f.<\/p>\n\n\n\n<div style=\"height:35px\" aria-hidden=\"true\" class=\"wp-block-spacer\"><\/div>\n\n\n\n<figure class=\"wp-block-gallery has-nested-images columns-default is-cropped wp-block-gallery-1 is-layout-flex wp-block-gallery-is-layout-flex\">\n<figure class=\"wp-block-image size-large\"><img decoding=\"async\" data-id=\"3872\" src=\"https:\/\/prazskametropole.cz\/wp-content\/uploads\/2025\/05\/Starbucks_P_VV4368-840x560.jpg\" alt=\"Fashion Ar\u00e9na otev\u0159ela redesignovan\u00fd Starbucks\" class=\"wp-image-3872\" \/><\/figure>\n\n\n\n<figure class=\"wp-block-image size-large\"><img decoding=\"async\" data-id=\"3871\" src=\"https:\/\/prazskametropole.cz\/wp-content\/uploads\/2025\/05\/Starbucks_P_VV4361-840x560.jpg\" alt=\"Fashion Ar\u00e9na otev\u0159ela redesignovan\u00fd Starbucks\" class=\"wp-image-3871\" \/><\/figure>\n<\/figure>\n\n\n\n<div style=\"height:35px\" aria-hidden=\"true\" class=\"wp-block-spacer\"><\/div>\n\n\n\n<p class=\"has-medium-font-size\">Kapacita vnit\u0159n\u00ed \u010d\u00e1sti kav\u00e1rny byla nav\u00fd\u0161ena z p\u016fvodn\u00edch 24 na 40 m\u00edst, venkovn\u00ed terasa nyn\u00ed pojme a\u017e 65 host\u016f oproti p\u016fvodn\u00edm 24. Na \u00faprav\u00e1ch se pod\u00edlela jak zna\u010dka Starbucks, tak outletov\u00e9 centrum \u2013 Fashion Arena investovala do modernizace venkovn\u00ed fas\u00e1dy a zast\u0159e\u0161en\u00ed terasy, zat\u00edmco Starbucks realizoval interi\u00e9rov\u00e9 \u00fapravy a dodal nov\u00fd mobili\u00e1\u0159. Projekt tak vznikl jako v\u00fdsledek \u00fazk\u00e9 a efektivn\u00ed spolupr\u00e1ce mezi n\u00e1jemcem a provozovatelem centra.<\/p>\n\n\n\n<div style=\"height:35px\" aria-hidden=\"true\" class=\"wp-block-spacer\"><\/div>\n\n\n\n<figure class=\"wp-block-gallery has-nested-images columns-default is-cropped wp-block-gallery-3 is-layout-flex wp-block-gallery-is-layout-flex\">\n<figure class=\"wp-block-image size-large\"><img decoding=\"async\" data-id=\"3869\" src=\"https:\/\/prazskametropole.cz\/wp-content\/uploads\/2025\/05\/Starbucks_P_VV4344-840x560.jpg\" alt=\"Fashion Ar\u00e9na otev\u0159ela redesignovan\u00fd Starbucks\" class=\"wp-image-3869\" \/><\/figure>\n\n\n\n<figure class=\"wp-block-image size-large\"><img decoding=\"async\" data-id=\"3870\" src=\"https:\/\/prazskametropole.cz\/wp-content\/uploads\/2025\/05\/Starbucks_P_VV4315-840x560.jpg\" alt=\"Fashion Ar\u00e9na otev\u0159ela redesignovan\u00fd Starbucks\" class=\"wp-image-3870\" \/><\/figure>\n<\/figure>\n\n\n\n<div style=\"height:35px\" aria-hidden=\"true\" class=\"wp-block-spacer\"><\/div>\n\n\n\n<p class=\"has-medium-font-size\">\u201e<em>Redesign kav\u00e1rny Starbucks reaguje na rostouc\u00ed popt\u00e1vku n\u00e1v\u0161t\u011bvn\u00edk\u016f po kvalitn\u00edm z\u00e1zem\u00ed pro odpo\u010dinek i pr\u00e1ci. Nov\u00e9 uspo\u0159\u00e1d\u00e1n\u00ed prostoru nab\u00edz\u00ed v\u011bt\u0161\u00ed komfort nejen pro st\u00e1vaj\u00edc\u00ed z\u00e1kazn\u00edky, chceme j\u00edm sou\u010dasn\u011b oslovit i nov\u00e9 n\u00e1v\u0161t\u011bvn\u00edky, kte\u0159\u00ed hledaj\u00ed m\u00edsto pro obchodn\u00ed sch\u016fzku nebo online meeting v p\u0159\u00edjemn\u00e9m a reprezentativn\u00edm prost\u0159ed\u00ed<\/em>,\u201c uv\u00e1d\u00ed <strong>Lenka \u010capkov\u00e1, \u0159editelka Fashion Arena Prague Outlet<\/strong>.<\/p>\n\n\n\n<div style=\"height:35px\" aria-hidden=\"true\" class=\"wp-block-spacer\"><\/div>\n\n\n\n<figure class=\"wp-block-image size-large\"><img decoding=\"async\" src=\"https:\/\/prazskametropole.cz\/wp-content\/uploads\/2025\/05\/Starbucks_P_VV4302-840x560.jpg\" alt=\"Fashion Ar\u00e9na otev\u0159ela redesignovan\u00fd Starbucks\" class=\"wp-image-3868\" \/><\/figure>\n\n\n\n<div style=\"height:35px\" aria-hidden=\"true\" class=\"wp-block-spacer\"><\/div>\n\n\n\n<p class=\"has-medium-font-size\">V nab\u00eddce kav\u00e1rny z\u016fst\u00e1v\u00e1 standardn\u00ed sortiment n\u00e1poj\u016f, v\u010detn\u011b espresso variant, filtrovan\u00e9 k\u00e1vy, ledov\u00fdch n\u00e1poj\u016f, Frappuccino\u00ae a \u010daj\u016f. K dispozici jsou tak\u00e9 r\u016fzn\u00e9 druhy ml\u00e9ka v\u010detn\u011b rostlinn\u00fdch alternativ, kter\u00e9 Starbucks\u00ae v \u010cesku nab\u00edz\u00ed bez p\u0159\u00edplatku. Sortiment pravideln\u011b dopl\u0148uj\u00ed sez\u00f3nn\u00ed speciality, a to jak n\u00e1pojov\u00e9, tak dezertn\u00ed. N\u00e1v\u0161t\u011bvn\u00edci se mohou t\u011b\u0161it tak\u00e9 na \u010derstv\u011b rozpe\u010den\u00e9 croissanty, sendvi\u010de p\u0159ipravovan\u00e9 p\u0159\u00edmo na m\u00edst\u011b a vybran\u00e9 produkty zna\u010dky Starbucks\u00ae se slevou 30?%.<\/p>\n\n\n\n<div style=\"height:100px\" aria-hidden=\"true\" class=\"wp-block-spacer\"><\/div>\n\n\n\n<figure class=\"wp-block-gallery has-nested-images columns-2 is-cropped wp-block-gallery-5 is-layout-flex wp-block-gallery-is-layout-flex\">\n<figure class=\"wp-block-image size-large\"><img decoding=\"async\" data-id=\"3868\" src=\"https:\/\/prazskametropole.cz\/wp-content\/uploads\/2025\/05\/Starbucks_P_VV4302-840x560.jpg\" alt=\"Fashion Ar\u00e9na otev\u0159ela redesignovan\u00fd Starbucks\" class=\"wp-image-3868\" \/><\/figure>\n\n\n\n<figure class=\"wp-block-image size-large\"><img decoding=\"async\" data-id=\"3873\" src=\"https:\/\/prazskametropole.cz\/wp-content\/uploads\/2025\/05\/Starbucks_P_VV4313-840x560.jpg\" alt=\"Fashion Ar\u00e9na otev\u0159ela redesignovan\u00fd Starbucks\" class=\"wp-image-3873\" \/><\/figure>\n\n\n\n<figure class=\"wp-block-image size-large\"><img decoding=\"async\" data-id=\"3870\" src=\"https:\/\/prazskametropole.cz\/wp-content\/uploads\/2025\/05\/Starbucks_P_VV4315-840x560.jpg\" alt=\"Fashion Ar\u00e9na otev\u0159ela redesignovan\u00fd Starbucks\" class=\"wp-image-3870\" \/><\/figure>\n\n\n\n<figure class=\"wp-block-image size-large\"><img decoding=\"async\" data-id=\"3869\" src=\"https:\/\/prazskametropole.cz\/wp-content\/uploads\/2025\/05\/Starbucks_P_VV4344-840x560.jpg\" alt=\"Fashion Ar\u00e9na otev\u0159ela redesignovan\u00fd Starbucks\" class=\"wp-image-3869\" \/><\/figure>\n\n\n\n<figure class=\"wp-block-image size-large\"><img decoding=\"async\" data-id=\"3871\" src=\"https:\/\/prazskametropole.cz\/wp-content\/uploads\/2025\/05\/Starbucks_P_VV4361-840x560.jpg\" alt=\"Fashion Ar\u00e9na otev\u0159ela redesignovan\u00fd Starbucks\" class=\"wp-image-3871\" \/><\/figure>\n\n\n\n<figure class=\"wp-block-image size-large\"><img decoding=\"async\" data-id=\"3872\" src=\"https:\/\/prazskametropole.cz\/wp-content\/uploads\/2025\/05\/Starbucks_P_VV4368-840x560.jpg\" alt=\"Fashion Ar\u00e9na otev\u0159ela redesignovan\u00fd Starbucks\" class=\"wp-image-3872\" \/><\/figure>\n<\/figure>\n\n\n\n<div style=\"height:35px\" aria-hidden=\"true\" class=\"wp-block-spacer\"><\/div>\n\n\n\n<p class=\"has-medium-font-size\"><strong>Zdroj foto: <\/strong>Fashion Ar\u00e9na \u0160t\u011brboholy<\/p>\n\n\n\n<div style=\"height:65px\" aria-hidden=\"true\" class=\"wp-block-spacer\"><\/div>\n","protected":false},"excerpt":{"rendered":"<p>Ve st\u0159edu 7. kv\u011btna p\u0159iv\u00edtala kav\u00e1rna Starbucks ve Fashion Arena Prague Outlet n\u00e1v\u0161t\u011bvn\u00edky v nov\u011b zrekonstruovan\u00fdch prostor\u00e1ch. Nejv\u00fdrazn\u011bj\u0161\u00ed prom\u011bnou je vedle nov\u00e9ho mobili\u00e1\u0159e a vybaven\u00ed nav\u00fd\u0161en\u00ed vnit\u0159n\u00ed a venkovn\u00ed kapacity na v\u00edce jak stovku&#46;&#46;&#46;<\/p>\n","protected":false},"author":10,"featured_media":7793,"comment_status":"closed","ping_status":"closed","sticky":false,"template":"","format":"standard","meta":{"_monsterinsights_skip_tracking":false,"_monsterinsights_sitenote_active":false,"_monsterinsights_sitenote_note":"","_monsterinsights_sitenote_category":0,"footnotes":""},"categories":[10,2,165],"tags":[],"yoast_head":"<!-- This site is optimized with the Yoast SEO plugin v21.5 - https:\/\/yoast.com\/wordpress\/plugins\/seo\/ -->\n<title>Fashion Ar\u00e9na otev\u0159ela redesignovan\u00fd Starbucks - HOTELHOUSE.cz<\/title>\n<meta name=\"description\" content=\"Ve st\u0159edu 7. kv\u011btna p\u0159iv\u00edtala kav\u00e1rna Starbucks ve Fashion Arena Prague Outlet n\u00e1v\u0161t\u011bvn\u00edky v nov\u011b zrekonstruovan\u00fdch prostor\u00e1ch.\" \/>\n<meta name=\"robots\" content=\"index, follow, max-snippet:-1, max-image-preview:large, max-video-preview:-1\" \/>\n<link rel=\"canonical\" href=\"https:\/\/hotelhouse.cz\/index.php\/2025\/06\/10\/fashion-arena-otevrela-redesignovany-starbucks\/\" \/>\n<meta property=\"og:locale\" content=\"cs_CZ\" \/>\n<meta property=\"og:type\" content=\"article\" \/>\n<meta property=\"og:title\" content=\"Fashion Ar\u00e9na otev\u0159ela redesignovan\u00fd Starbucks - HOTELHOUSE.cz\" \/>\n<meta property=\"og:description\" content=\"Ve st\u0159edu 7. kv\u011btna p\u0159iv\u00edtala kav\u00e1rna Starbucks ve Fashion Arena Prague Outlet n\u00e1v\u0161t\u011bvn\u00edky v nov\u011b zrekonstruovan\u00fdch prostor\u00e1ch.\" \/>\n<meta property=\"og:url\" content=\"https:\/\/hotelhouse.cz\/index.php\/2025\/06\/10\/fashion-arena-otevrela-redesignovany-starbucks\/\" \/>\n<meta property=\"og:site_name\" content=\"HOTELHOUSE.cz\" \/>\n<meta property=\"article:published_time\" content=\"2025-06-09T22:01:00+00:00\" \/>\n<meta property=\"article:modified_time\" content=\"2025-05-22T19:57:30+00:00\" \/>\n<meta property=\"og:image\" content=\"https:\/\/hotelhouse.cz\/wp-content\/uploads\/2025\/05\/Starbucks_P_VV4302.jpg\" \/>\n\t<meta property=\"og:image:width\" content=\"1450\" \/>\n\t<meta property=\"og:image:height\" content=\"967\" \/>\n\t<meta property=\"og:image:type\" content=\"image\/jpeg\" \/>\n<meta name=\"author\" content=\"Helen Guardian\" \/>\n<meta name=\"twitter:card\" content=\"summary_large_image\" \/>\n<meta name=\"twitter:label1\" content=\"Napsal(a)\" \/>\n\t<meta name=\"twitter:data1\" content=\"Helen Guardian\" \/>\n\t<meta name=\"twitter:label2\" content=\"Odhadovan\u00e1 doba \u010dten\u00ed\" \/>\n\t<meta name=\"twitter:data2\" content=\"5 minut\" \/>\n<script type=\"application\/ld+json\" class=\"yoast-schema-graph\">{\"@context\":\"https:\/\/schema.org\",\"@graph\":[{\"@type\":\"Article\",\"@id\":\"https:\/\/hotelhouse.cz\/index.php\/2025\/06\/10\/fashion-arena-otevrela-redesignovany-starbucks\/#article\",\"isPartOf\":{\"@id\":\"https:\/\/hotelhouse.cz\/index.php\/2025\/06\/10\/fashion-arena-otevrela-redesignovany-starbucks\/\"},\"author\":{\"name\":\"Helen Guardian\",\"@id\":\"https:\/\/hotelhouse.cz\/#\/schema\/person\/d632b16c6b63077400f5e36aa5488072\"},\"headline\":\"Fashion Ar\u00e9na otev\u0159ela redesignovan\u00fd Starbucks\",\"datePublished\":\"2025-06-09T22:01:00+00:00\",\"dateModified\":\"2025-05-22T19:57:30+00:00\",\"mainEntityOfPage\":{\"@id\":\"https:\/\/hotelhouse.cz\/index.php\/2025\/06\/10\/fashion-arena-otevrela-redesignovany-starbucks\/\"},\"wordCount\":443,\"publisher\":{\"@id\":\"https:\/\/hotelhouse.cz\/#organization\"},\"articleSection\":[\"KAV\u00c1RNY &amp; PRA\u017d\u00cdRNY\",\"NEWS\",\"OBCHODN\u00cd CENTRA\"],\"inLanguage\":\"cs\"},{\"@type\":\"WebPage\",\"@id\":\"https:\/\/hotelhouse.cz\/index.php\/2025\/06\/10\/fashion-arena-otevrela-redesignovany-starbucks\/\",\"url\":\"https:\/\/hotelhouse.cz\/index.php\/2025\/06\/10\/fashion-arena-otevrela-redesignovany-starbucks\/\",\"name\":\"Fashion Ar\u00e9na otev\u0159ela redesignovan\u00fd Starbucks - HOTELHOUSE.cz\",\"isPartOf\":{\"@id\":\"https:\/\/hotelhouse.cz\/#website\"},\"datePublished\":\"2025-06-09T22:01:00+00:00\",\"dateModified\":\"2025-05-22T19:57:30+00:00\",\"description\":\"Ve st\u0159edu 7. kv\u011btna p\u0159iv\u00edtala kav\u00e1rna Starbucks ve Fashion Arena Prague Outlet n\u00e1v\u0161t\u011bvn\u00edky v nov\u011b zrekonstruovan\u00fdch prostor\u00e1ch.\",\"breadcrumb\":{\"@id\":\"https:\/\/hotelhouse.cz\/index.php\/2025\/06\/10\/fashion-arena-otevrela-redesignovany-starbucks\/#breadcrumb\"},\"inLanguage\":\"cs\",\"potentialAction\":[{\"@type\":\"ReadAction\",\"target\":[\"https:\/\/hotelhouse.cz\/index.php\/2025\/06\/10\/fashion-arena-otevrela-redesignovany-starbucks\/\"]}]},{\"@type\":\"BreadcrumbList\",\"@id\":\"https:\/\/hotelhouse.cz\/index.php\/2025\/06\/10\/fashion-arena-otevrela-redesignovany-starbucks\/#breadcrumb\",\"itemListElement\":[{\"@type\":\"ListItem\",\"position\":1,\"name\":\"Dom\u016f\",\"item\":\"https:\/\/hotelhouse.cz\/\"},{\"@type\":\"ListItem\",\"position\":2,\"name\":\"Fashion Ar\u00e9na otev\u0159ela redesignovan\u00fd Starbucks\"}]},{\"@type\":\"WebSite\",\"@id\":\"https:\/\/hotelhouse.cz\/#website\",\"url\":\"https:\/\/hotelhouse.cz\/\",\"name\":\"HOTELHOUSE.cz\",\"description\":\"Port\u00e1l o hotelech, pensionech, spa resortech a restaurac\u00edch...\",\"publisher\":{\"@id\":\"https:\/\/hotelhouse.cz\/#organization\"},\"potentialAction\":[{\"@type\":\"SearchAction\",\"target\":{\"@type\":\"EntryPoint\",\"urlTemplate\":\"https:\/\/hotelhouse.cz\/?s={search_term_string}\"},\"query-input\":\"required name=search_term_string\"}],\"inLanguage\":\"cs\"},{\"@type\":\"Organization\",\"@id\":\"https:\/\/hotelhouse.cz\/#organization\",\"name\":\"HOTELHOUSE.cz\",\"url\":\"https:\/\/hotelhouse.cz\/\",\"logo\":{\"@type\":\"ImageObject\",\"inLanguage\":\"cs\",\"@id\":\"https:\/\/hotelhouse.cz\/#\/schema\/logo\/image\/\",\"url\":\"https:\/\/hotelhouse.cz\/wp-content\/uploads\/2024\/12\/cropped-Logo_HotelHouse-2.jpg\",\"contentUrl\":\"https:\/\/hotelhouse.cz\/wp-content\/uploads\/2024\/12\/cropped-Logo_HotelHouse-2.jpg\",\"width\":933,\"height\":516,\"caption\":\"HOTELHOUSE.cz\"},\"image\":{\"@id\":\"https:\/\/hotelhouse.cz\/#\/schema\/logo\/image\/\"},\"sameAs\":[\"https:\/\/www.instagram.com\/hotelhousecz\/\"]},{\"@type\":\"Person\",\"@id\":\"https:\/\/hotelhouse.cz\/#\/schema\/person\/d632b16c6b63077400f5e36aa5488072\",\"name\":\"Helen Guardian\",\"image\":{\"@type\":\"ImageObject\",\"inLanguage\":\"cs\",\"@id\":\"https:\/\/hotelhouse.cz\/#\/schema\/person\/image\/\",\"url\":\"https:\/\/secure.gravatar.com\/avatar\/f62c76287ccbbd3f899549a169c0e6aa?s=96&d=mm&r=g\",\"contentUrl\":\"https:\/\/secure.gravatar.com\/avatar\/f62c76287ccbbd3f899549a169c0e6aa?s=96&d=mm&r=g\",\"caption\":\"Helen Guardian\"},\"sameAs\":[\"http:\/\/HOTELHOUSE.cz\"],\"url\":\"https:\/\/hotelhouse.cz\/index.php\/author\/helgu\/\"}]}<\/script>\n<!-- \/ Yoast SEO plugin. -->","yoast_head_json":{"title":"Fashion Ar\u00e9na otev\u0159ela redesignovan\u00fd Starbucks - HOTELHOUSE.cz","description":"Ve st\u0159edu 7. kv\u011btna p\u0159iv\u00edtala kav\u00e1rna Starbucks ve Fashion Arena Prague Outlet n\u00e1v\u0161t\u011bvn\u00edky v nov\u011b zrekonstruovan\u00fdch prostor\u00e1ch.","robots":{"index":"index","follow":"follow","max-snippet":"max-snippet:-1","max-image-preview":"max-image-preview:large","max-video-preview":"max-video-preview:-1"},"canonical":"https:\/\/hotelhouse.cz\/index.php\/2025\/06\/10\/fashion-arena-otevrela-redesignovany-starbucks\/","og_locale":"cs_CZ","og_type":"article","og_title":"Fashion Ar\u00e9na otev\u0159ela redesignovan\u00fd Starbucks - HOTELHOUSE.cz","og_description":"Ve st\u0159edu 7. kv\u011btna p\u0159iv\u00edtala kav\u00e1rna Starbucks ve Fashion Arena Prague Outlet n\u00e1v\u0161t\u011bvn\u00edky v nov\u011b zrekonstruovan\u00fdch prostor\u00e1ch.","og_url":"https:\/\/hotelhouse.cz\/index.php\/2025\/06\/10\/fashion-arena-otevrela-redesignovany-starbucks\/","og_site_name":"HOTELHOUSE.cz","article_published_time":"2025-06-09T22:01:00+00:00","article_modified_time":"2025-05-22T19:57:30+00:00","og_image":[{"width":1450,"height":967,"url":"https:\/\/hotelhouse.cz\/wp-content\/uploads\/2025\/05\/Starbucks_P_VV4302.jpg","type":"image\/jpeg"}],"author":"Helen Guardian","twitter_card":"summary_large_image","twitter_misc":{"Napsal(a)":"Helen Guardian","Odhadovan\u00e1 doba \u010dten\u00ed":"5 minut"},"schema":{"@context":"https:\/\/schema.org","@graph":[{"@type":"Article","@id":"https:\/\/hotelhouse.cz\/index.php\/2025\/06\/10\/fashion-arena-otevrela-redesignovany-starbucks\/#article","isPartOf":{"@id":"https:\/\/hotelhouse.cz\/index.php\/2025\/06\/10\/fashion-arena-otevrela-redesignovany-starbucks\/"},"author":{"name":"Helen Guardian","@id":"https:\/\/hotelhouse.cz\/#\/schema\/person\/d632b16c6b63077400f5e36aa5488072"},"headline":"Fashion Ar\u00e9na otev\u0159ela redesignovan\u00fd Starbucks","datePublished":"2025-06-09T22:01:00+00:00","dateModified":"2025-05-22T19:57:30+00:00","mainEntityOfPage":{"@id":"https:\/\/hotelhouse.cz\/index.php\/2025\/06\/10\/fashion-arena-otevrela-redesignovany-starbucks\/"},"wordCount":443,"publisher":{"@id":"https:\/\/hotelhouse.cz\/#organization"},"articleSection":["KAV\u00c1RNY &amp; PRA\u017d\u00cdRNY","NEWS","OBCHODN\u00cd CENTRA"],"inLanguage":"cs"},{"@type":"WebPage","@id":"https:\/\/hotelhouse.cz\/index.php\/2025\/06\/10\/fashion-arena-otevrela-redesignovany-starbucks\/","url":"https:\/\/hotelhouse.cz\/index.php\/2025\/06\/10\/fashion-arena-otevrela-redesignovany-starbucks\/","name":"Fashion Ar\u00e9na otev\u0159ela redesignovan\u00fd Starbucks - HOTELHOUSE.cz","isPartOf":{"@id":"https:\/\/hotelhouse.cz\/#website"},"datePublished":"2025-06-09T22:01:00+00:00","dateModified":"2025-05-22T19:57:30+00:00","description":"Ve st\u0159edu 7. kv\u011btna p\u0159iv\u00edtala kav\u00e1rna Starbucks ve Fashion Arena Prague Outlet n\u00e1v\u0161t\u011bvn\u00edky v nov\u011b zrekonstruovan\u00fdch prostor\u00e1ch.","breadcrumb":{"@id":"https:\/\/hotelhouse.cz\/index.php\/2025\/06\/10\/fashion-arena-otevrela-redesignovany-starbucks\/#breadcrumb"},"inLanguage":"cs","potentialAction":[{"@type":"ReadAction","target":["https:\/\/hotelhouse.cz\/index.php\/2025\/06\/10\/fashion-arena-otevrela-redesignovany-starbucks\/"]}]},{"@type":"BreadcrumbList","@id":"https:\/\/hotelhouse.cz\/index.php\/2025\/06\/10\/fashion-arena-otevrela-redesignovany-starbucks\/#breadcrumb","itemListElement":[{"@type":"ListItem","position":1,"name":"Dom\u016f","item":"https:\/\/hotelhouse.cz\/"},{"@type":"ListItem","position":2,"name":"Fashion Ar\u00e9na otev\u0159ela redesignovan\u00fd Starbucks"}]},{"@type":"WebSite","@id":"https:\/\/hotelhouse.cz\/#website","url":"https:\/\/hotelhouse.cz\/","name":"HOTELHOUSE.cz","description":"Port\u00e1l o hotelech, pensionech, spa resortech a restaurac\u00edch...","publisher":{"@id":"https:\/\/hotelhouse.cz\/#organization"},"potentialAction":[{"@type":"SearchAction","target":{"@type":"EntryPoint","urlTemplate":"https:\/\/hotelhouse.cz\/?s={search_term_string}"},"query-input":"required name=search_term_string"}],"inLanguage":"cs"},{"@type":"Organization","@id":"https:\/\/hotelhouse.cz\/#organization","name":"HOTELHOUSE.cz","url":"https:\/\/hotelhouse.cz\/","logo":{"@type":"ImageObject","inLanguage":"cs","@id":"https:\/\/hotelhouse.cz\/#\/schema\/logo\/image\/","url":"https:\/\/hotelhouse.cz\/wp-content\/uploads\/2024\/12\/cropped-Logo_HotelHouse-2.jpg","contentUrl":"https:\/\/hotelhouse.cz\/wp-content\/uploads\/2024\/12\/cropped-Logo_HotelHouse-2.jpg","width":933,"height":516,"caption":"HOTELHOUSE.cz"},"image":{"@id":"https:\/\/hotelhouse.cz\/#\/schema\/logo\/image\/"},"sameAs":["https:\/\/www.instagram.com\/hotelhousecz\/"]},{"@type":"Person","@id":"https:\/\/hotelhouse.cz\/#\/schema\/person\/d632b16c6b63077400f5e36aa5488072","name":"Helen Guardian","image":{"@type":"ImageObject","inLanguage":"cs","@id":"https:\/\/hotelhouse.cz\/#\/schema\/person\/image\/","url":"https:\/\/secure.gravatar.com\/avatar\/f62c76287ccbbd3f899549a169c0e6aa?s=96&d=mm&r=g","contentUrl":"https:\/\/secure.gravatar.com\/avatar\/f62c76287ccbbd3f899549a169c0e6aa?s=96&d=mm&r=g","caption":"Helen Guardian"},"sameAs":["http:\/\/HOTELHOUSE.cz"],"url":"https:\/\/hotelhouse.cz\/index.php\/author\/helgu\/"}]}},"_links":{"self":[{"href":"https:\/\/hotelhouse.cz\/index.php\/wp-json\/wp\/v2\/posts\/7792"}],"collection":[{"href":"https:\/\/hotelhouse.cz\/index.php\/wp-json\/wp\/v2\/posts"}],"about":[{"href":"https:\/\/hotelhouse.cz\/index.php\/wp-json\/wp\/v2\/types\/post"}],"author":[{"embeddable":true,"href":"https:\/\/hotelhouse.cz\/index.php\/wp-json\/wp\/v2\/users\/10"}],"replies":[{"embeddable":true,"href":"https:\/\/hotelhouse.cz\/index.php\/wp-json\/wp\/v2\/comments?post=7792"}],"version-history":[{"count":1,"href":"https:\/\/hotelhouse.cz\/index.php\/wp-json\/wp\/v2\/posts\/7792\/revisions"}],"predecessor-version":[{"id":7794,"href":"https:\/\/hotelhouse.cz\/index.php\/wp-json\/wp\/v2\/posts\/7792\/revisions\/7794"}],"wp:featuredmedia":[{"embeddable":true,"href":"https:\/\/hotelhouse.cz\/index.php\/wp-json\/wp\/v2\/media\/7793"}],"wp:attachment":[{"href":"https:\/\/hotelhouse.cz\/index.php\/wp-json\/wp\/v2\/media?parent=7792"}],"wp:term":[{"taxonomy":"category","embeddable":true,"href":"https:\/\/hotelhouse.cz\/index.php\/wp-json\/wp\/v2\/categories?post=7792"},{"taxonomy":"post_tag","embeddable":true,"href":"https:\/\/hotelhouse.cz\/index.php\/wp-json\/wp\/v2\/tags?post=7792"}],"curies":[{"name":"wp","href":"https:\/\/api.w.org\/{rel}","templated":true}]}}