{"id":7812,"date":"2025-06-11T00:01:00","date_gmt":"2025-06-10T22:01:00","guid":{"rendered":"https:\/\/hotelhouse.cz\/?p=7812"},"modified":"2025-06-06T00:42:24","modified_gmt":"2025-06-05T22:42:24","slug":"restaurace-monastiq-serviruje-leto-sezonni-chute-letni-terasa-i-specialni-obedove-menu","status":"publish","type":"post","link":"https:\/\/hotelhouse.cz\/index.php\/2025\/06\/11\/restaurace-monastiq-serviruje-leto-sezonni-chute-letni-terasa-i-specialni-obedove-menu\/","title":{"rendered":"Restaurace Monastiq serv\u00edruje l\u00e9to: sez\u00f3nn\u00ed chut\u011b, letn\u00ed terasa i speci\u00e1ln\u00ed ob\u011bdov\u00e9 menu"},"content":{"rendered":"\n<div style=\"height:35px\" aria-hidden=\"true\" class=\"wp-block-spacer\"><\/div>\n\n\n\n<p class=\"has-medium-font-size\"><strong>Restaurace Monastiq hotelu Mandarin Oriental, Prague, kter\u00e1 s\u00eddl\u00ed v historick\u00e9m srdci Mal\u00e9 Strany, p\u0159ich\u00e1z\u00ed s nov\u00fdm sez\u00f3nn\u00edm menu pro leto\u0161n\u00ed l\u00e9to. P\u0159in\u00e1\u0161\u00ed sv\u011b\u017e\u00ed a inovativn\u00ed pojet\u00ed zn\u00e1m\u00fdch chut\u00ed, kter\u00e9 ct\u00ed \u010deskou tradici, ale z\u00e1rove\u0148 p\u0159ekvap\u00ed nev\u0161edn\u00edmi a rafinovan\u00fdmi kombinacemi. Sou\u010d\u00e1st\u00ed nab\u00eddky je tak\u00e9 speci\u00e1ln\u00ed ob\u011bdov\u00e9 menu, kter\u00e9 si &#8211; stejn\u011b jako dal\u0161\u00ed pokrmy &#8211; mohou host\u00e9 vychutnat na nov\u011b otev\u0159en\u00e9 terase hotelu.<\/strong><\/p>\n\n\n\n<div style=\"height:35px\" aria-hidden=\"true\" class=\"wp-block-spacer\"><\/div>\n\n\n<div class=\"wp-block-image\">\n<figure class=\"aligncenter size-large\"><img decoding=\"async\" src=\"https:\/\/prazskaparizska.cz\/wp-content\/uploads\/2025\/05\/Monastiq-hotel-Mandarin-Oriental-Prague-1024x768.jpeg\" alt=\"Restaurace Monastiq serv\u00edruje l\u00e9to: sez\u00f3nn\u00ed chut\u011b, letn\u00ed terasa i speci\u00e1ln\u00ed ob\u011bdov\u00e9 menu\" class=\"wp-image-3569\" \/><\/figure><\/div>\n\n\n<div style=\"height:35px\" aria-hidden=\"true\" class=\"wp-block-spacer\"><\/div>\n\n\n\n<p class=\"has-medium-font-size\">Pod veden\u00edm \u0161\u00e9fkucha\u0159e Michala Horv\u00e1tha a jeho t\u00fdmu vzniklo menu, kter\u00e9 nab\u00edz\u00ed nov\u00fd pohled na klasiku \u2013 s respektem k historii a sou\u010dasn\u00fdm gastronomick\u00fdm trend\u016fm. Lehk\u00e9 p\u0159edkrmy, nap\u0159\u00edklad okurkov\u00e9 gazpacho s kokosovo-avok\u00e1dov\u00fdm sorbetem nebo sal\u00e1t z kedlubny a jablek, otev\u00edraj\u00ed cestu k pln\u00fdm a z\u00e1rove\u0148 sv\u011b\u017e\u00edm hlavn\u00edm chod\u016fm.<\/p>\n\n\n\n<p class=\"has-medium-font-size\">Menu \u010derp\u00e1 z rozmanitosti \u010desk\u00e9 krajiny i kulin\u00e1\u0159sk\u00e9 tradice a rozd\u011bluje hlavn\u00ed chody do dvou kapitol:<\/p>\n\n\n\n<div style=\"height:35px\" aria-hidden=\"true\" class=\"wp-block-spacer\"><\/div>\n\n\n<div class=\"wp-block-image is-resized\">\n<figure class=\"aligncenter size-large\"><img decoding=\"async\" src=\"https:\/\/prazskaparizska.cz\/wp-content\/uploads\/2025\/05\/Monastiq-hotel-Mandarin-Oriental-Prague4-768x1024.jpeg\" alt=\"Restaurace Monastiq serv\u00edruje l\u00e9to: sez\u00f3nn\u00ed chut\u011b, letn\u00ed terasa i speci\u00e1ln\u00ed ob\u011bdov\u00e9 menu\" class=\"wp-image-3570\" style=\"aspect-ratio:0.75\" \/><\/figure><\/div>\n\n\n<div style=\"height:35px\" aria-hidden=\"true\" class=\"wp-block-spacer\"><\/div>\n\n\n\n<p class=\"has-medium-font-size\"><strong>Z les\u016f a farem<\/strong> \u2013 inspirovan\u00e9 bohatstv\u00edm \u010desk\u00fdch les\u016f a lok\u00e1ln\u00edch farem, kde dominuje kvalitn\u00ed maso, \u010derstv\u00e1 zelenina a poctiv\u00e1 \u0159emesln\u00e1 p\u0159\u00edprava. Pat\u0159\u00ed sem nap\u0159\u00edklad hov\u011bz\u00ed sv\u00ed\u010dkov\u00e1 se smr\u017ei a citronov\u00fdm libe\u010dkov\u00fdm dresinkem, duo z nad\u00edvan\u00e9ho ku\u0159ete a uzen\u00e9ho hov\u011bz\u00edho s jahodami a demi-glace, nebo pomalu ta\u017een\u00e9 jehn\u011b\u010d\u00ed s mangoldem a \u010dernou r\u00fd\u017e\u00ed.<\/p>\n\n\n\n<div style=\"height:35px\" aria-hidden=\"true\" class=\"wp-block-spacer\"><\/div>\n\n\n<div class=\"wp-block-image is-resized\">\n<figure class=\"aligncenter size-large\"><img decoding=\"async\" src=\"https:\/\/prazskaparizska.cz\/wp-content\/uploads\/2025\/05\/Monastiq-hotel-Mandarin-Oriental-Prague2-768x1024.jpeg\" alt=\"Restaurace Monastiq serv\u00edruje l\u00e9to: sez\u00f3nn\u00ed chut\u011b, letn\u00ed terasa i speci\u00e1ln\u00ed ob\u011bdov\u00e9 menu\" class=\"wp-image-3568\" \/><\/figure><\/div>\n\n\n<div style=\"height:35px\" aria-hidden=\"true\" class=\"wp-block-spacer\"><\/div>\n\n\n\n<p class=\"has-medium-font-size\"><strong>Z p\u016fdy a vody<\/strong> \u2013 tato \u010d\u00e1st menu stav\u00ed na lok\u00e1ln\u00edch ryb\u00e1ch a vegetari\u00e1nsk\u00fdch pokrmech s lehk\u00fdmi a sv\u011b\u017e\u00edmi kombinacemi. Vynik\u00e1 zde cand\u00e1t s \u010derven\u00fdm rakem, \u010dern\u00fdm ko\u0159enem a lososov\u00fdm kavi\u00e1rem, grilovan\u00fd \u0159\u00edmsk\u00fd kv\u011bt\u00e1k s miso-karamelem nebo bramborov\u00e9 noky s koz\u00edm s\u00fdrem, hr\u00e1\u0161kem a medv\u011bd\u00edm \u010desnekem.<\/p>\n\n\n\n<div style=\"height:35px\" aria-hidden=\"true\" class=\"wp-block-spacer\"><\/div>\n\n\n<div class=\"wp-block-image is-resized\">\n<figure class=\"aligncenter size-large\"><img decoding=\"async\" src=\"https:\/\/prazskaparizska.cz\/wp-content\/uploads\/2025\/05\/Monastiq-hotel-Mandarin-Oriental-Prague1-1024x768.jpeg\" alt=\"Restaurace Monastiq serv\u00edruje l\u00e9to: sez\u00f3nn\u00ed chut\u011b, letn\u00ed terasa i speci\u00e1ln\u00ed ob\u011bdov\u00e9 menu\" class=\"wp-image-3567\" \/><\/figure><\/div>\n\n\n<div style=\"height:35px\" aria-hidden=\"true\" class=\"wp-block-spacer\"><\/div>\n\n\n\n<p class=\"has-medium-font-size\">Na z\u00e1v\u011br p\u0159ich\u00e1z\u00ed sladk\u00e1 te\u010dka \u2013 nap\u0159\u00edklad v podob\u011b nepe\u010den\u00e9ho cheesecaku s rebarborou a mandlovou zmrzlinou nebo netradi\u010dn\u00ed krupicov\u00e9 ka\u0161e, tentokr\u00e1t s \u010dokol\u00e1dovou zmrzlinou a churros.<\/p>\n\n\n\n<div style=\"height:35px\" aria-hidden=\"true\" class=\"wp-block-spacer\"><\/div>\n\n\n<div class=\"wp-block-image is-resized\">\n<figure class=\"aligncenter size-large\"><img decoding=\"async\" src=\"https:\/\/prazskaparizska.cz\/wp-content\/uploads\/2025\/05\/Monastiq-hotel-Mandarin-Oriental-Prague3-768x1024.jpeg\" alt=\"Restaurace Monastiq serv\u00edruje l\u00e9to: sez\u00f3nn\u00ed chut\u011b, letn\u00ed terasa i speci\u00e1ln\u00ed ob\u011bdov\u00e9 menu\" class=\"wp-image-3566\" \/><\/figure><\/div>\n\n\n<div style=\"height:35px\" aria-hidden=\"true\" class=\"wp-block-spacer\"><\/div>\n\n\n\n<p class=\"has-medium-font-size\">Letn\u00ed nab\u00eddku dopl\u0148uje tak\u00e9 <strong>Summer Lunch Set Menu<\/strong>, poledn\u00ed menu ide\u00e1ln\u00ed pro odleh\u010den\u00fd dvou- \u010di t\u0159\u00edchodov\u00fd ob\u011bd, kter\u00fd je <strong>k dispozici denn\u011b mezi 12:00 a 15:00<\/strong> <strong>hodinou.<\/strong> <strong>Dvouchodov\u00e9 menu stoj\u00ed 590 K\u010d, t\u0159\u00edchodov\u00e9 690 K\u010d na osobu.<\/strong><\/p>\n\n\n\n<p class=\"has-medium-font-size\">Nov\u00e9 letn\u00ed pokrmy si host\u00e9 mohou vychutnat nejen v elegantn\u00edm interi\u00e9ru restaurace, ale i na letn\u00ed terase v hotelov\u00e9m n\u00e1dvo\u0159\u00ed. <strong>Od 12. \u010dervna zde ka\u017ed\u00fd \u010dtvrtek a p\u00e1tek od 18:30 do 21:30 dopln\u00ed atmosf\u00e9ru DJ set.<\/strong><\/p>\n\n\n\n<div style=\"height:35px\" aria-hidden=\"true\" class=\"wp-block-spacer\"><\/div>\n\n\n\n<p class=\"has-medium-font-size\"><a href=\"https:\/\/www.mandarinoriental.com\/en\/prague\/mala-strana\/dine\">https:\/\/www.mandarinoriental.com\/en\/prague\/mala-strana\/dine<\/a><\/p>\n\n\n\n<div style=\"height:100px\" aria-hidden=\"true\" class=\"wp-block-spacer\"><\/div>\n\n\n\n<figure class=\"wp-block-gallery has-nested-images columns-2 is-cropped wp-block-gallery-1 is-layout-flex wp-block-gallery-is-layout-flex\">\n<figure class=\"wp-block-image size-large\"><img decoding=\"async\" data-id=\"3569\" src=\"https:\/\/prazskaparizska.cz\/wp-content\/uploads\/2025\/05\/Monastiq-hotel-Mandarin-Oriental-Prague-1024x768.jpeg\" alt=\"Restaurace Monastiq serv\u00edruje l\u00e9to: sez\u00f3nn\u00ed chut\u011b, letn\u00ed terasa i speci\u00e1ln\u00ed ob\u011bdov\u00e9 menu\" class=\"wp-image-3569\" \/><\/figure>\n\n\n\n<figure class=\"wp-block-image size-large\"><img decoding=\"async\" data-id=\"3567\" src=\"https:\/\/prazskaparizska.cz\/wp-content\/uploads\/2025\/05\/Monastiq-hotel-Mandarin-Oriental-Prague1-1024x768.jpeg\" alt=\"Restaurace Monastiq serv\u00edruje l\u00e9to: sez\u00f3nn\u00ed chut\u011b, letn\u00ed terasa i speci\u00e1ln\u00ed ob\u011bdov\u00e9 menu\" class=\"wp-image-3567\" \/><\/figure>\n\n\n\n<figure class=\"wp-block-image size-large\"><img decoding=\"async\" data-id=\"3568\" src=\"https:\/\/prazskaparizska.cz\/wp-content\/uploads\/2025\/05\/Monastiq-hotel-Mandarin-Oriental-Prague2-768x1024.jpeg\" alt=\"Restaurace Monastiq serv\u00edruje l\u00e9to: sez\u00f3nn\u00ed chut\u011b, letn\u00ed terasa i speci\u00e1ln\u00ed ob\u011bdov\u00e9 menu\" class=\"wp-image-3568\" \/><\/figure>\n\n\n\n<figure class=\"wp-block-image size-large\"><img decoding=\"async\" data-id=\"3566\" src=\"https:\/\/prazskaparizska.cz\/wp-content\/uploads\/2025\/05\/Monastiq-hotel-Mandarin-Oriental-Prague3-768x1024.jpeg\" alt=\"Restaurace Monastiq serv\u00edruje l\u00e9to: sez\u00f3nn\u00ed chut\u011b, letn\u00ed terasa i speci\u00e1ln\u00ed ob\u011bdov\u00e9 menu\" class=\"wp-image-3566\" \/><\/figure>\n\n\n\n<figure class=\"wp-block-image size-large\"><img decoding=\"async\" data-id=\"3570\" src=\"https:\/\/prazskaparizska.cz\/wp-content\/uploads\/2025\/05\/Monastiq-hotel-Mandarin-Oriental-Prague4-768x1024.jpeg\" alt=\"Restaurace Monastiq serv\u00edruje l\u00e9to: sez\u00f3nn\u00ed chut\u011b, letn\u00ed terasa i speci\u00e1ln\u00ed ob\u011bdov\u00e9 menu\" class=\"wp-image-3570\" \/><\/figure>\n<\/figure>\n\n\n\n<div style=\"height:35px\" aria-hidden=\"true\" class=\"wp-block-spacer\"><\/div>\n\n\n\n<p class=\"has-medium-font-size\"><strong>Zdroj foto: <\/strong>Hotelu Mandarin Oriental, Prague<\/p>\n\n\n\n<div style=\"height:65px\" aria-hidden=\"true\" class=\"wp-block-spacer\"><\/div>\n","protected":false},"excerpt":{"rendered":"<p>Restaurace Monastiq hotelu Mandarin Oriental, Prague, kter\u00e1 s\u00eddl\u00ed v historick\u00e9m srdci Mal\u00e9 Strany, p\u0159ich\u00e1z\u00ed s nov\u00fdm sez\u00f3nn\u00edm menu pro leto\u0161n\u00ed l\u00e9to. P\u0159in\u00e1\u0161\u00ed sv\u011b\u017e\u00ed a inovativn\u00ed pojet\u00ed zn\u00e1m\u00fdch chut\u00ed, kter\u00e9 ct\u00ed \u010deskou tradici, ale z\u00e1rove\u0148&#46;&#46;&#46;<\/p>\n","protected":false},"author":10,"featured_media":7813,"comment_status":"closed","ping_status":"closed","sticky":false,"template":"","format":"standard","meta":{"_monsterinsights_skip_tracking":false,"_monsterinsights_sitenote_active":false,"_monsterinsights_sitenote_note":"","_monsterinsights_sitenote_category":0,"footnotes":""},"categories":[4,2,8,28],"tags":[],"yoast_head":"<!-- This site is optimized with the Yoast SEO plugin v21.5 - https:\/\/yoast.com\/wordpress\/plugins\/seo\/ -->\n<title>Restaurace Monastiq serv\u00edruje l\u00e9to: sez\u00f3nn\u00ed chut\u011b, letn\u00ed terasa i speci\u00e1ln\u00ed ob\u011bdov\u00e9 menu - HOTELHOUSE.cz<\/title>\n<meta name=\"description\" content=\"Restaurace Monastiq hotelu Mandarin Oriental, Prague, kter\u00e1 s\u00eddl\u00ed v historick\u00e9m srdci Mal\u00e9 Strany, p\u0159ich\u00e1z\u00ed s nov\u00fdm sez\u00f3nn\u00edm menu.\" \/>\n<meta name=\"robots\" content=\"index, follow, max-snippet:-1, max-image-preview:large, max-video-preview:-1\" \/>\n<link rel=\"canonical\" href=\"https:\/\/hotelhouse.cz\/index.php\/2025\/06\/11\/restaurace-monastiq-serviruje-leto-sezonni-chute-letni-terasa-i-specialni-obedove-menu\/\" \/>\n<meta property=\"og:locale\" content=\"cs_CZ\" \/>\n<meta property=\"og:type\" content=\"article\" \/>\n<meta property=\"og:title\" content=\"Restaurace Monastiq serv\u00edruje l\u00e9to: sez\u00f3nn\u00ed chut\u011b, letn\u00ed terasa i speci\u00e1ln\u00ed ob\u011bdov\u00e9 menu - HOTELHOUSE.cz\" \/>\n<meta property=\"og:description\" content=\"Restaurace Monastiq hotelu Mandarin Oriental, Prague, kter\u00e1 s\u00eddl\u00ed v historick\u00e9m srdci Mal\u00e9 Strany, p\u0159ich\u00e1z\u00ed s nov\u00fdm sez\u00f3nn\u00edm menu.\" \/>\n<meta property=\"og:url\" content=\"https:\/\/hotelhouse.cz\/index.php\/2025\/06\/11\/restaurace-monastiq-serviruje-leto-sezonni-chute-letni-terasa-i-specialni-obedove-menu\/\" \/>\n<meta property=\"og:site_name\" content=\"HOTELHOUSE.cz\" \/>\n<meta property=\"article:published_time\" content=\"2025-06-10T22:01:00+00:00\" \/>\n<meta property=\"article:modified_time\" content=\"2025-06-05T22:42:24+00:00\" \/>\n<meta property=\"og:image\" content=\"https:\/\/hotelhouse.cz\/wp-content\/uploads\/2025\/05\/Monastiq-hotel-Mandarin-Oriental-Prague1.jpeg\" \/>\n\t<meta property=\"og:image:width\" content=\"1280\" \/>\n\t<meta property=\"og:image:height\" content=\"960\" \/>\n\t<meta property=\"og:image:type\" content=\"image\/jpeg\" \/>\n<meta name=\"author\" content=\"Helen Guardian\" \/>\n<meta name=\"twitter:card\" content=\"summary_large_image\" \/>\n<meta name=\"twitter:label1\" content=\"Napsal(a)\" \/>\n\t<meta name=\"twitter:data1\" content=\"Helen Guardian\" \/>\n\t<meta name=\"twitter:label2\" content=\"Odhadovan\u00e1 doba \u010dten\u00ed\" \/>\n\t<meta name=\"twitter:data2\" content=\"4 minuty\" \/>\n<script type=\"application\/ld+json\" class=\"yoast-schema-graph\">{\"@context\":\"https:\/\/schema.org\",\"@graph\":[{\"@type\":\"Article\",\"@id\":\"https:\/\/hotelhouse.cz\/index.php\/2025\/06\/11\/restaurace-monastiq-serviruje-leto-sezonni-chute-letni-terasa-i-specialni-obedove-menu\/#article\",\"isPartOf\":{\"@id\":\"https:\/\/hotelhouse.cz\/index.php\/2025\/06\/11\/restaurace-monastiq-serviruje-leto-sezonni-chute-letni-terasa-i-specialni-obedove-menu\/\"},\"author\":{\"name\":\"Helen Guardian\",\"@id\":\"https:\/\/hotelhouse.cz\/#\/schema\/person\/d632b16c6b63077400f5e36aa5488072\"},\"headline\":\"Restaurace Monastiq serv\u00edruje l\u00e9to: sez\u00f3nn\u00ed chut\u011b, letn\u00ed terasa i speci\u00e1ln\u00ed ob\u011bdov\u00e9 menu\",\"datePublished\":\"2025-06-10T22:01:00+00:00\",\"dateModified\":\"2025-06-05T22:42:24+00:00\",\"mainEntityOfPage\":{\"@id\":\"https:\/\/hotelhouse.cz\/index.php\/2025\/06\/11\/restaurace-monastiq-serviruje-leto-sezonni-chute-letni-terasa-i-specialni-obedove-menu\/\"},\"wordCount\":454,\"publisher\":{\"@id\":\"https:\/\/hotelhouse.cz\/#organization\"},\"articleSection\":[\"HOTELY &amp; PENZIONY\",\"NEWS\",\"RESTAURACE &amp; BISTRA\",\"TIPY NA J\u00cdDLO\"],\"inLanguage\":\"cs\"},{\"@type\":\"WebPage\",\"@id\":\"https:\/\/hotelhouse.cz\/index.php\/2025\/06\/11\/restaurace-monastiq-serviruje-leto-sezonni-chute-letni-terasa-i-specialni-obedove-menu\/\",\"url\":\"https:\/\/hotelhouse.cz\/index.php\/2025\/06\/11\/restaurace-monastiq-serviruje-leto-sezonni-chute-letni-terasa-i-specialni-obedove-menu\/\",\"name\":\"Restaurace Monastiq serv\u00edruje l\u00e9to: sez\u00f3nn\u00ed chut\u011b, letn\u00ed terasa i speci\u00e1ln\u00ed ob\u011bdov\u00e9 menu - HOTELHOUSE.cz\",\"isPartOf\":{\"@id\":\"https:\/\/hotelhouse.cz\/#website\"},\"datePublished\":\"2025-06-10T22:01:00+00:00\",\"dateModified\":\"2025-06-05T22:42:24+00:00\",\"description\":\"Restaurace Monastiq hotelu Mandarin Oriental, Prague, kter\u00e1 s\u00eddl\u00ed v historick\u00e9m srdci Mal\u00e9 Strany, p\u0159ich\u00e1z\u00ed s nov\u00fdm sez\u00f3nn\u00edm menu.\",\"breadcrumb\":{\"@id\":\"https:\/\/hotelhouse.cz\/index.php\/2025\/06\/11\/restaurace-monastiq-serviruje-leto-sezonni-chute-letni-terasa-i-specialni-obedove-menu\/#breadcrumb\"},\"inLanguage\":\"cs\",\"potentialAction\":[{\"@type\":\"ReadAction\",\"target\":[\"https:\/\/hotelhouse.cz\/index.php\/2025\/06\/11\/restaurace-monastiq-serviruje-leto-sezonni-chute-letni-terasa-i-specialni-obedove-menu\/\"]}]},{\"@type\":\"BreadcrumbList\",\"@id\":\"https:\/\/hotelhouse.cz\/index.php\/2025\/06\/11\/restaurace-monastiq-serviruje-leto-sezonni-chute-letni-terasa-i-specialni-obedove-menu\/#breadcrumb\",\"itemListElement\":[{\"@type\":\"ListItem\",\"position\":1,\"name\":\"Dom\u016f\",\"item\":\"https:\/\/hotelhouse.cz\/\"},{\"@type\":\"ListItem\",\"position\":2,\"name\":\"Restaurace Monastiq serv\u00edruje l\u00e9to: sez\u00f3nn\u00ed chut\u011b, letn\u00ed terasa i speci\u00e1ln\u00ed ob\u011bdov\u00e9 menu\"}]},{\"@type\":\"WebSite\",\"@id\":\"https:\/\/hotelhouse.cz\/#website\",\"url\":\"https:\/\/hotelhouse.cz\/\",\"name\":\"HOTELHOUSE.cz\",\"description\":\"Port\u00e1l o hotelech, pensionech, spa resortech a restaurac\u00edch...\",\"publisher\":{\"@id\":\"https:\/\/hotelhouse.cz\/#organization\"},\"potentialAction\":[{\"@type\":\"SearchAction\",\"target\":{\"@type\":\"EntryPoint\",\"urlTemplate\":\"https:\/\/hotelhouse.cz\/?s={search_term_string}\"},\"query-input\":\"required name=search_term_string\"}],\"inLanguage\":\"cs\"},{\"@type\":\"Organization\",\"@id\":\"https:\/\/hotelhouse.cz\/#organization\",\"name\":\"HOTELHOUSE.cz\",\"url\":\"https:\/\/hotelhouse.cz\/\",\"logo\":{\"@type\":\"ImageObject\",\"inLanguage\":\"cs\",\"@id\":\"https:\/\/hotelhouse.cz\/#\/schema\/logo\/image\/\",\"url\":\"https:\/\/hotelhouse.cz\/wp-content\/uploads\/2024\/12\/cropped-Logo_HotelHouse-2.jpg\",\"contentUrl\":\"https:\/\/hotelhouse.cz\/wp-content\/uploads\/2024\/12\/cropped-Logo_HotelHouse-2.jpg\",\"width\":933,\"height\":516,\"caption\":\"HOTELHOUSE.cz\"},\"image\":{\"@id\":\"https:\/\/hotelhouse.cz\/#\/schema\/logo\/image\/\"},\"sameAs\":[\"https:\/\/www.instagram.com\/hotelhousecz\/\"]},{\"@type\":\"Person\",\"@id\":\"https:\/\/hotelhouse.cz\/#\/schema\/person\/d632b16c6b63077400f5e36aa5488072\",\"name\":\"Helen Guardian\",\"image\":{\"@type\":\"ImageObject\",\"inLanguage\":\"cs\",\"@id\":\"https:\/\/hotelhouse.cz\/#\/schema\/person\/image\/\",\"url\":\"https:\/\/secure.gravatar.com\/avatar\/f62c76287ccbbd3f899549a169c0e6aa?s=96&d=mm&r=g\",\"contentUrl\":\"https:\/\/secure.gravatar.com\/avatar\/f62c76287ccbbd3f899549a169c0e6aa?s=96&d=mm&r=g\",\"caption\":\"Helen Guardian\"},\"sameAs\":[\"http:\/\/HOTELHOUSE.cz\"],\"url\":\"https:\/\/hotelhouse.cz\/index.php\/author\/helgu\/\"}]}<\/script>\n<!-- \/ Yoast SEO plugin. -->","yoast_head_json":{"title":"Restaurace Monastiq serv\u00edruje l\u00e9to: sez\u00f3nn\u00ed chut\u011b, letn\u00ed terasa i speci\u00e1ln\u00ed ob\u011bdov\u00e9 menu - HOTELHOUSE.cz","description":"Restaurace Monastiq hotelu Mandarin Oriental, Prague, kter\u00e1 s\u00eddl\u00ed v historick\u00e9m srdci Mal\u00e9 Strany, p\u0159ich\u00e1z\u00ed s nov\u00fdm sez\u00f3nn\u00edm menu.","robots":{"index":"index","follow":"follow","max-snippet":"max-snippet:-1","max-image-preview":"max-image-preview:large","max-video-preview":"max-video-preview:-1"},"canonical":"https:\/\/hotelhouse.cz\/index.php\/2025\/06\/11\/restaurace-monastiq-serviruje-leto-sezonni-chute-letni-terasa-i-specialni-obedove-menu\/","og_locale":"cs_CZ","og_type":"article","og_title":"Restaurace Monastiq serv\u00edruje l\u00e9to: sez\u00f3nn\u00ed chut\u011b, letn\u00ed terasa i speci\u00e1ln\u00ed ob\u011bdov\u00e9 menu - HOTELHOUSE.cz","og_description":"Restaurace Monastiq hotelu Mandarin Oriental, Prague, kter\u00e1 s\u00eddl\u00ed v historick\u00e9m srdci Mal\u00e9 Strany, p\u0159ich\u00e1z\u00ed s nov\u00fdm sez\u00f3nn\u00edm menu.","og_url":"https:\/\/hotelhouse.cz\/index.php\/2025\/06\/11\/restaurace-monastiq-serviruje-leto-sezonni-chute-letni-terasa-i-specialni-obedove-menu\/","og_site_name":"HOTELHOUSE.cz","article_published_time":"2025-06-10T22:01:00+00:00","article_modified_time":"2025-06-05T22:42:24+00:00","og_image":[{"width":1280,"height":960,"url":"https:\/\/hotelhouse.cz\/wp-content\/uploads\/2025\/05\/Monastiq-hotel-Mandarin-Oriental-Prague1.jpeg","type":"image\/jpeg"}],"author":"Helen Guardian","twitter_card":"summary_large_image","twitter_misc":{"Napsal(a)":"Helen Guardian","Odhadovan\u00e1 doba \u010dten\u00ed":"4 minuty"},"schema":{"@context":"https:\/\/schema.org","@graph":[{"@type":"Article","@id":"https:\/\/hotelhouse.cz\/index.php\/2025\/06\/11\/restaurace-monastiq-serviruje-leto-sezonni-chute-letni-terasa-i-specialni-obedove-menu\/#article","isPartOf":{"@id":"https:\/\/hotelhouse.cz\/index.php\/2025\/06\/11\/restaurace-monastiq-serviruje-leto-sezonni-chute-letni-terasa-i-specialni-obedove-menu\/"},"author":{"name":"Helen Guardian","@id":"https:\/\/hotelhouse.cz\/#\/schema\/person\/d632b16c6b63077400f5e36aa5488072"},"headline":"Restaurace Monastiq serv\u00edruje l\u00e9to: sez\u00f3nn\u00ed chut\u011b, letn\u00ed terasa i speci\u00e1ln\u00ed ob\u011bdov\u00e9 menu","datePublished":"2025-06-10T22:01:00+00:00","dateModified":"2025-06-05T22:42:24+00:00","mainEntityOfPage":{"@id":"https:\/\/hotelhouse.cz\/index.php\/2025\/06\/11\/restaurace-monastiq-serviruje-leto-sezonni-chute-letni-terasa-i-specialni-obedove-menu\/"},"wordCount":454,"publisher":{"@id":"https:\/\/hotelhouse.cz\/#organization"},"articleSection":["HOTELY &amp; PENZIONY","NEWS","RESTAURACE &amp; BISTRA","TIPY NA J\u00cdDLO"],"inLanguage":"cs"},{"@type":"WebPage","@id":"https:\/\/hotelhouse.cz\/index.php\/2025\/06\/11\/restaurace-monastiq-serviruje-leto-sezonni-chute-letni-terasa-i-specialni-obedove-menu\/","url":"https:\/\/hotelhouse.cz\/index.php\/2025\/06\/11\/restaurace-monastiq-serviruje-leto-sezonni-chute-letni-terasa-i-specialni-obedove-menu\/","name":"Restaurace Monastiq serv\u00edruje l\u00e9to: sez\u00f3nn\u00ed chut\u011b, letn\u00ed terasa i speci\u00e1ln\u00ed ob\u011bdov\u00e9 menu - HOTELHOUSE.cz","isPartOf":{"@id":"https:\/\/hotelhouse.cz\/#website"},"datePublished":"2025-06-10T22:01:00+00:00","dateModified":"2025-06-05T22:42:24+00:00","description":"Restaurace Monastiq hotelu Mandarin Oriental, Prague, kter\u00e1 s\u00eddl\u00ed v historick\u00e9m srdci Mal\u00e9 Strany, p\u0159ich\u00e1z\u00ed s nov\u00fdm sez\u00f3nn\u00edm menu.","breadcrumb":{"@id":"https:\/\/hotelhouse.cz\/index.php\/2025\/06\/11\/restaurace-monastiq-serviruje-leto-sezonni-chute-letni-terasa-i-specialni-obedove-menu\/#breadcrumb"},"inLanguage":"cs","potentialAction":[{"@type":"ReadAction","target":["https:\/\/hotelhouse.cz\/index.php\/2025\/06\/11\/restaurace-monastiq-serviruje-leto-sezonni-chute-letni-terasa-i-specialni-obedove-menu\/"]}]},{"@type":"BreadcrumbList","@id":"https:\/\/hotelhouse.cz\/index.php\/2025\/06\/11\/restaurace-monastiq-serviruje-leto-sezonni-chute-letni-terasa-i-specialni-obedove-menu\/#breadcrumb","itemListElement":[{"@type":"ListItem","position":1,"name":"Dom\u016f","item":"https:\/\/hotelhouse.cz\/"},{"@type":"ListItem","position":2,"name":"Restaurace Monastiq serv\u00edruje l\u00e9to: sez\u00f3nn\u00ed chut\u011b, letn\u00ed terasa i speci\u00e1ln\u00ed ob\u011bdov\u00e9 menu"}]},{"@type":"WebSite","@id":"https:\/\/hotelhouse.cz\/#website","url":"https:\/\/hotelhouse.cz\/","name":"HOTELHOUSE.cz","description":"Port\u00e1l o hotelech, pensionech, spa resortech a restaurac\u00edch...","publisher":{"@id":"https:\/\/hotelhouse.cz\/#organization"},"potentialAction":[{"@type":"SearchAction","target":{"@type":"EntryPoint","urlTemplate":"https:\/\/hotelhouse.cz\/?s={search_term_string}"},"query-input":"required name=search_term_string"}],"inLanguage":"cs"},{"@type":"Organization","@id":"https:\/\/hotelhouse.cz\/#organization","name":"HOTELHOUSE.cz","url":"https:\/\/hotelhouse.cz\/","logo":{"@type":"ImageObject","inLanguage":"cs","@id":"https:\/\/hotelhouse.cz\/#\/schema\/logo\/image\/","url":"https:\/\/hotelhouse.cz\/wp-content\/uploads\/2024\/12\/cropped-Logo_HotelHouse-2.jpg","contentUrl":"https:\/\/hotelhouse.cz\/wp-content\/uploads\/2024\/12\/cropped-Logo_HotelHouse-2.jpg","width":933,"height":516,"caption":"HOTELHOUSE.cz"},"image":{"@id":"https:\/\/hotelhouse.cz\/#\/schema\/logo\/image\/"},"sameAs":["https:\/\/www.instagram.com\/hotelhousecz\/"]},{"@type":"Person","@id":"https:\/\/hotelhouse.cz\/#\/schema\/person\/d632b16c6b63077400f5e36aa5488072","name":"Helen Guardian","image":{"@type":"ImageObject","inLanguage":"cs","@id":"https:\/\/hotelhouse.cz\/#\/schema\/person\/image\/","url":"https:\/\/secure.gravatar.com\/avatar\/f62c76287ccbbd3f899549a169c0e6aa?s=96&d=mm&r=g","contentUrl":"https:\/\/secure.gravatar.com\/avatar\/f62c76287ccbbd3f899549a169c0e6aa?s=96&d=mm&r=g","caption":"Helen Guardian"},"sameAs":["http:\/\/HOTELHOUSE.cz"],"url":"https:\/\/hotelhouse.cz\/index.php\/author\/helgu\/"}]}},"_links":{"self":[{"href":"https:\/\/hotelhouse.cz\/index.php\/wp-json\/wp\/v2\/posts\/7812"}],"collection":[{"href":"https:\/\/hotelhouse.cz\/index.php\/wp-json\/wp\/v2\/posts"}],"about":[{"href":"https:\/\/hotelhouse.cz\/index.php\/wp-json\/wp\/v2\/types\/post"}],"author":[{"embeddable":true,"href":"https:\/\/hotelhouse.cz\/index.php\/wp-json\/wp\/v2\/users\/10"}],"replies":[{"embeddable":true,"href":"https:\/\/hotelhouse.cz\/index.php\/wp-json\/wp\/v2\/comments?post=7812"}],"version-history":[{"count":1,"href":"https:\/\/hotelhouse.cz\/index.php\/wp-json\/wp\/v2\/posts\/7812\/revisions"}],"predecessor-version":[{"id":7814,"href":"https:\/\/hotelhouse.cz\/index.php\/wp-json\/wp\/v2\/posts\/7812\/revisions\/7814"}],"wp:featuredmedia":[{"embeddable":true,"href":"https:\/\/hotelhouse.cz\/index.php\/wp-json\/wp\/v2\/media\/7813"}],"wp:attachment":[{"href":"https:\/\/hotelhouse.cz\/index.php\/wp-json\/wp\/v2\/media?parent=7812"}],"wp:term":[{"taxonomy":"category","embeddable":true,"href":"https:\/\/hotelhouse.cz\/index.php\/wp-json\/wp\/v2\/categories?post=7812"},{"taxonomy":"post_tag","embeddable":true,"href":"https:\/\/hotelhouse.cz\/index.php\/wp-json\/wp\/v2\/tags?post=7812"}],"curies":[{"name":"wp","href":"https:\/\/api.w.org\/{rel}","templated":true}]}}