{"id":7815,"date":"2025-06-09T00:01:00","date_gmt":"2025-06-08T22:01:00","guid":{"rendered":"https:\/\/hotelhouse.cz\/?p=7815"},"modified":"2025-05-22T21:43:48","modified_gmt":"2025-05-22T19:43:48","slug":"velke-finale-narodniho-kola-kucharske-souteze-bocuse-dor-se-odehraje-30-cervna-v-grandhotelu-pupp","status":"publish","type":"post","link":"https:\/\/hotelhouse.cz\/index.php\/2025\/06\/09\/velke-finale-narodniho-kola-kucharske-souteze-bocuse-dor-se-odehraje-30-cervna-v-grandhotelu-pupp\/","title":{"rendered":"Velk\u00e9 fin\u00e1le n\u00e1rodn\u00edho kola kucha\u0159sk\u00e9 sout\u011b\u017ee BOCUSE D&#8217;OR se odehraje 30. \u010dervna v Grandhotelu Pupp"},"content":{"rendered":"\n<div style=\"height:43px\" aria-hidden=\"true\" class=\"wp-block-spacer\"><\/div>\n\n\n\n<p class=\"has-medium-font-size\"><strong>\u010cesk\u00e9 n\u00e1rodn\u00ed kolo Bocuse d\u2019Or, nejpresti\u017en\u011bj\u0161\u00ed a z\u00e1rove\u0148 nejt\u011b\u017e\u0161\u00ed kucha\u0159sk\u00e9 sout\u011b\u017ee sv\u011bta, zn\u00e1 sv\u00e9 finalisty. N\u00e1ro\u010dn\u00e9 po\u017eadavky na kandid\u00e1ty a p\u0159\u00edsn\u00fd v\u00fdb\u011brov\u00fd proces vedly k tomu, \u017ee oproti lo\u0148sk\u00e9mu 1. ro\u010dn\u00edku, kde bojovalo deset mlad\u00fdch profesion\u00e1ln\u00edch kucha\u0159\u016f, se letos utkaj\u00ed pouze t\u0159i. Fin\u00e1lov\u00fd souboj o v\u00edt\u011bzstv\u00ed a \u0161anci postoupit do evropsk\u00e9ho kola se tak odehraje b\u011bhem jedin\u00e9ho dne \u2013 30. \u010dervna \u2013 poprv\u00e9 v noblesn\u00edm prost\u0159ed\u00ed legend\u00e1rn\u00edho Grandhotelu Pupp v Karlov\u00fdch Varech.<\/strong><\/p>\n\n\n\n<div style=\"height:43px\" aria-hidden=\"true\" class=\"wp-block-spacer\"><\/div>\n\n\n<div class=\"wp-block-image\">\n<figure class=\"aligncenter size-large\"><img decoding=\"async\" src=\"https:\/\/festivalovevary.cz\/wp-content\/uploads\/2025\/05\/DSC_1146-1024x683.jpg\" alt=\"Velk\u00e9 fin\u00e1le n\u00e1rodn\u00edho kola proslul\u00e9 kucha\u0159sk\u00e9 sout\u011b\u017ee BOCUSE D'OR se odehraje 30. \u010dervna v Grandhotelu Pupp\" class=\"wp-image-3467\"\/><\/figure><\/div>\n\n\n<div style=\"height:43px\" aria-hidden=\"true\" class=\"wp-block-spacer\"><\/div>\n\n\n\n<p class=\"has-medium-font-size\">\u201e<em>Jsem nad\u0161en\u00fd, \u017ee se p\u0159esouv\u00e1me s Bocuse d&#8217;Or Czech do Karlov\u00fdch Var\u016f. Cel\u00e1 akce bude m\u00edt d\u00edky n\u00e1dhern\u00e9mu prostoru Grandhotelu Pupp jedine\u010dn\u00fd n\u00e1dech, kter\u00fd bude kontrastovat s modern\u00edm p\u0159\u00edstupem v po\u0159\u00e1d\u00e1n\u00ed Bocuse d&#8217;Or.&nbsp;Poda\u0159ilo se n\u00e1m poskl\u00e1dat fantastickou porotu, kandid\u00e1ty a hlavn\u011b \u00fa\u017easn\u00e9 \u010desk\u00e9 brandy a um\u011blce. To v\u0161e, spolu se skanduj\u00edc\u00edmi fanou\u0161ky, vytvo\u0159\u00ed neopakovatelnou atmosf\u00e9ru,\u201c<\/em><strong> \u0159\u00edk\u00e1 \u0159editel Bocuse d\u2018Or Czech Adam Eli\u00e1\u0161.<\/strong><\/p>\n\n\n\n<div style=\"height:43px\" aria-hidden=\"true\" class=\"wp-block-spacer\"><\/div>\n\n\n<div class=\"wp-block-image\">\n<figure class=\"aligncenter size-large\"><img decoding=\"async\" src=\"https:\/\/festivalovevary.cz\/wp-content\/uploads\/2025\/05\/DSC_0789-1024x683.jpg\" alt=\"Velk\u00e9 fin\u00e1le n\u00e1rodn\u00edho kola proslul\u00e9 kucha\u0159sk\u00e9 sout\u011b\u017ee BOCUSE D'OR se odehraje 30. \u010dervna v Grandhotelu Pupp\" class=\"wp-image-3476\"\/><\/figure><\/div>\n\n\n<div style=\"height:43px\" aria-hidden=\"true\" class=\"wp-block-spacer\"><\/div>\n\n\n\n<p class=\"has-medium-font-size\">Finalisty do n\u00e1rodn\u00edho kola vybrala z&nbsp;p\u0159ihl\u00e1\u0161en\u00fdch adept\u016f <strong>Akademie Bocuse d\u2018Or Czech<\/strong>, slo\u017een\u00e1 z renomovan\u00fdch \u010desk\u00fdch \u0161\u00e9fkucha\u0159\u016f. Spolu se sv\u00fdmi t\u00fdmy mus\u00ed p\u0159ed zraky div\u00e1k\u016f b\u011bhem 5 hodin a 35 minut kompletn\u011b p\u0159ipravit dva tepl\u00e9 pokrmy dle zad\u00e1n\u00ed. Technick\u00e1 porota a mezin\u00e1rodn\u00ed degusta\u010dn\u00ed porota budou hodnotit p\u0159edev\u0161\u00edm <strong>chu\u0165, prezentaci<\/strong> a <strong>originalitu pokrmu<\/strong>, ale tak\u00e9 <strong>zpracov\u00e1n\u00ed a v\u00fdt\u011b\u017enost surovin<\/strong>, <strong>\u010distotu pracovi\u0161t\u011b<\/strong> \u010di <strong>dodr\u017een\u00ed stanoven\u00e9ho \u010dasov\u00e9ho limitu<\/strong>. V\u00edt\u011bz z\u00edsk\u00e1 presti\u017en\u00ed titul a \u0161anci postoupit do evropsk\u00e9ho kola Bocuse d\u2019Or, ze kter\u00e9ho vede cesta do sv\u011btov\u00e9ho fin\u00e1le. N\u00e1rodn\u00ed kolo v Grandhotelu Pupp ozdob\u00ed bohat\u00fd doprovodn\u00fd program pln\u00fd mimo\u0159\u00e1dn\u00fdch gastronomick\u00fdch z\u00e1\u017eitk\u016f.<\/p>\n\n\n\n<div style=\"height:43px\" aria-hidden=\"true\" class=\"wp-block-spacer\"><\/div>\n\n\n<div class=\"wp-block-image\">\n<figure class=\"aligncenter size-large\"><img decoding=\"async\" src=\"https:\/\/festivalovevary.cz\/wp-content\/uploads\/2025\/05\/DSC_1986-1024x683.jpg\" alt=\"Velk\u00e9 fin\u00e1le n\u00e1rodn\u00edho kola proslul\u00e9 kucha\u0159sk\u00e9 sout\u011b\u017ee BOCUSE D'OR se odehraje 30. \u010dervna v Grandhotelu Pupp\" class=\"wp-image-3464\"\/><\/figure><\/div>\n\n\n<div style=\"height:43px\" aria-hidden=\"true\" class=\"wp-block-spacer\"><\/div>\n\n\n\n<p class=\"has-medium-font-size\"><strong>Finalist\u00e9 \u010desk\u00e9ho n\u00e1rodn\u00edho kola Bocuse d\u2019Or 2025:<\/strong><\/p>\n\n\n\n<div style=\"height:43px\" aria-hidden=\"true\" class=\"wp-block-spacer\"><\/div>\n\n\n\n<p class=\"has-medium-font-size\"><strong>Vojt\u011bch Petr\u017eela <\/strong>je dvojn\u00e1sobn\u00fdm v\u00edt\u011bzem Gastro junior a v\u00edt\u011bzem prvn\u00edho ro\u010dn\u00edku sout\u011b\u017ee KU Young Chef. Od roku 2018 je kapit\u00e1nem Juniorsk\u00e9ho n\u00e1rodn\u00edho t\u00fdmu kucha\u0159\u016f a cukr\u00e1\u0159\u016f. \u010ceskou republiku \u00fasp\u011b\u0161n\u011b reprezentoval v juniorsk\u00e9 kategorii na sv\u011btov\u00e9 sout\u011b\u017ei Global Chefs Challenge. Intenzivn\u011b se v\u011bnuje carvingu, tedy vy\u0159ez\u00e1v\u00e1n\u00ed ovoce a zeleniny. Jeho um\u011bn\u00ed v&nbsp;t\u00e9to discipl\u00edn\u011b dokl\u00e1d\u00e1 nap\u0159\u00edklad titul mistra sv\u011bta a zlat\u00e1 medaile z olympi\u00e1dy ve Stuttgartu. V&nbsp;jednadvaceti letech se stal Kucha\u0159em roku. Vojt\u011bch pracoval v&nbsp;restaurac\u00edch Hotelu Aplaus Litomy\u0161l, Chateau Mcely a nyn\u00ed v&nbsp;Restauraci V\u00fd\u010dep.<\/p>\n\n\n\n<p class=\"has-medium-font-size\"><strong>Dominik Un\u010dovsk\u00fd <\/strong>se u\u010dil od renomovan\u00fdch profesion\u00e1l\u016f \u2013 coby za\u010d\u00ednaj\u00edc\u00ed kucha\u0159 v Pra\u017esk\u00e9m kulin\u00e1\u0159sk\u00e9m institutu asistoval p\u0159i tvorb\u011b kucha\u0159sk\u00fdch knih Romana Va\u0148ka a Zde\u0148ka Pohlreicha. V&nbsp;n\u00e1sleduj\u00edc\u00edch letech pracoval v&nbsp;podnic\u00edch zvu\u010dn\u00fdch jmen, jako je La Finestra in Cucina, Sanscho a M\u00e1nes, vyzkou\u0161el tak\u00e9 kuchyn\u011b horsk\u00fdch hotel\u016f v&nbsp;Alp\u00e1ch a Jesen\u00edk\u00e1ch a absolvoval m\u011bs\u00ed\u010dn\u00ed st\u00e1\u017e v&nbsp;Indii. Nyn\u00ed je ambasadorem makro akademie. Vloni v&nbsp;kv\u011btnu se Dominik stal v\u00edt\u011bzem \u010desk\u00e9ho n\u00e1rodn\u00edho kola Bocuse d\u2019Or a n\u00e1sledn\u011b byl spolu se sv\u00fdm t\u00fdmem vybr\u00e1n, aby reprezentoval \u010ceskou republiku v evropsk\u00e9m fin\u00e1le Bocuse d\u00b4Or v norsk\u00e9m Trondheimu.<\/p>\n\n\n\n<p class=\"has-medium-font-size\"><strong>\u0160t\u011bp\u00e1n Zouzal<\/strong> se rozhodl n\u00e1sledovat sv\u00e9 rodi\u010de a s&nbsp;\u00fasp\u011bchem se prosazuje na \u010desk\u00e9 gastronomick\u00e9 sc\u00e9n\u011b. Prvn\u00ed cenn\u00e9 profesn\u00ed zku\u0161enosti z\u00edsk\u00e1val u\u017e jako student SOU U Krbu b\u011bhem praxe v Augustine Hotel, a Luxury Collection Hotel, Prague. N\u00e1sledn\u011b pracoval v&nbsp;kuchyni luxusn\u00edho hotelu Andaz Prague a v&nbsp;sou\u010dasn\u00e9 dob\u011b p\u016fsob\u00ed na pozici souschefa restaurace ZEM.<\/p>\n\n\n\n<div style=\"height:43px\" aria-hidden=\"true\" class=\"wp-block-spacer\"><\/div>\n\n\n<div class=\"wp-block-image\">\n<figure class=\"aligncenter size-large\"><img decoding=\"async\" src=\"https:\/\/festivalovevary.cz\/wp-content\/uploads\/2025\/05\/DSC_7659-1024x683.jpg\" alt=\"Velk\u00e9 fin\u00e1le n\u00e1rodn\u00edho kola proslul\u00e9 kucha\u0159sk\u00e9 sout\u011b\u017ee BOCUSE D'OR se odehraje 30. \u010dervna v Grandhotelu Pupp\" class=\"wp-image-3472\"\/><\/figure><\/div>\n\n\n<div style=\"height:43px\" aria-hidden=\"true\" class=\"wp-block-spacer\"><\/div>\n\n\n\n<h2 class=\"wp-block-heading\" style=\"font-size:25px\">O BOCUSE D\u2018OR:<\/h2>\n\n\n\n<div style=\"height:43px\" aria-hidden=\"true\" class=\"wp-block-spacer\"><\/div>\n\n\n\n<p class=\"has-medium-font-size\">Francouzsk\u00fd \u0161\u00e9fkucha\u0159 Paul Bocuse vytvo\u0159il v roce 1987 mezin\u00e1rodn\u00ed kucha\u0159skou sout\u011b\u017e Bocuse d&#8217;Or, aby roz\u0161\u00ed\u0159il pov\u011bdom\u00ed ve\u0159ejnosti o mimo\u0159\u00e1dn\u00e9 oddanosti, tvrd\u00e9 pr\u00e1ci a preciznosti, kter\u00fdch je zapot\u0159eb\u00ed k&nbsp;p\u0159\u00edprav\u011b t\u011bch nejlep\u0161\u00edch pokrm\u016f. Bocuse d&#8217;Or se kon\u00e1 ka\u017ed\u00e9 dva roky ve francouzsk\u00e9m Lyonu. Do fin\u00e1le sout\u011b\u017ee je vybr\u00e1no 24 zem\u00ed, t\u00fdm ka\u017ed\u00e9 zem\u011b se skl\u00e1d\u00e1 z jednoho kucha\u0159e a jednoho asistenta, tzv. commis. Odborn\u00e1 porota hodnot\u00ed celkovou harmonii chut\u00ed v pokrmu, prezentaci tal\u00ed\u0159e, pou\u017eit\u00e9 techniky a efektivitu pr\u00e1ce t\u00fdm\u016f. Jde o postupovou sout\u011b\u017e: n\u00e1rodn\u00ed kolo \u2013 kontinent\u00e1ln\u00ed kolo \u2013 sv\u011btov\u00e9 fin\u00e1le. V\u00edt\u011bz n\u00e1rodn\u00edho kola v\u0161ak nepostupuje automaticky do evropsk\u00e9ho kola.<\/p>\n\n\n\n<div style=\"height:43px\" aria-hidden=\"true\" class=\"wp-block-spacer\"><\/div>\n\n\n<div class=\"wp-block-image\">\n<figure class=\"aligncenter size-large\"><img decoding=\"async\" src=\"https:\/\/festivalovevary.cz\/wp-content\/uploads\/2025\/05\/DSC_7499-1024x683.jpg\" alt=\"Velk\u00e9 fin\u00e1le n\u00e1rodn\u00edho kola proslul\u00e9 kucha\u0159sk\u00e9 sout\u011b\u017ee BOCUSE D'OR se odehraje 30. \u010dervna v Grandhotelu Pupp\" class=\"wp-image-3474\"\/><\/figure><\/div>\n\n\n<div style=\"height:43px\" aria-hidden=\"true\" class=\"wp-block-spacer\"><\/div>\n\n\n\n<h2 class=\"wp-block-heading\" style=\"font-size:25px\">Bocuse d\u2019Or Czech 2025<\/h2>\n\n\n\n<div style=\"height:43px\" aria-hidden=\"true\" class=\"wp-block-spacer\"><\/div>\n\n\n\n<p class=\"has-medium-font-size\"><strong>Gener\u00e1ln\u00ed partner a dodavatel surovin: makro<\/strong><\/p>\n\n\n\n<p class=\"has-medium-font-size\"><strong>Partne\u0159i: <\/strong><\/p>\n\n\n\n<p class=\"has-medium-font-size\">Perfect Chefs, Lexus, G Benedikt Group, Nespresso, Gastro Mach, Seiko, Debic, Lesy \u010cR, Grandhotel Pupp, Balbin water, ENOTHECA Vinselekt Michlovsk\u00fd, Taycher Development, Savencia Fromage &amp; Dairy Czech Republic, Dotyka\u010dka \u010cR, ELEKTR\u00c1RNA PIVO Z PLZN\u011a, .pepper..field, N\u011bcojako Cola, EUROFIT Prosperity, RONA, KLARA ROTT<\/p>\n\n\n\n<div style=\"height:100px\" aria-hidden=\"true\" class=\"wp-block-spacer\"><\/div>\n\n\n\n<figure class=\"wp-block-gallery has-nested-images columns-2 is-cropped wp-block-gallery-1 is-layout-flex wp-block-gallery-is-layout-flex\">\n<figure class=\"wp-block-image size-large\"><img decoding=\"async\" data-id=\"3467\" src=\"https:\/\/festivalovevary.cz\/wp-content\/uploads\/2025\/05\/DSC_1146-1024x683.jpg\" alt=\"Velk\u00e9 fin\u00e1le n\u00e1rodn\u00edho kola proslul\u00e9 kucha\u0159sk\u00e9 sout\u011b\u017ee BOCUSE D'OR se odehraje 30. \u010dervna v Grandhotelu Pupp\" class=\"wp-image-3467\"\/><\/figure>\n\n\n\n<figure class=\"wp-block-image size-large\"><img decoding=\"async\" data-id=\"3478\" src=\"https:\/\/festivalovevary.cz\/wp-content\/uploads\/2025\/05\/DSC_7760-1024x683.jpg\" alt=\"\" class=\"wp-image-3478\"\/><\/figure>\n\n\n\n<figure class=\"wp-block-image size-large\"><img decoding=\"async\" data-id=\"3476\" src=\"https:\/\/festivalovevary.cz\/wp-content\/uploads\/2025\/05\/DSC_0789-1024x683.jpg\" alt=\"\" class=\"wp-image-3476\"\/><\/figure>\n\n\n\n<figure class=\"wp-block-image size-large\"><img decoding=\"async\" data-id=\"3479\" src=\"https:\/\/festivalovevary.cz\/wp-content\/uploads\/2025\/05\/DSC_2401-1024x683.jpg\" alt=\"Velk\u00e9 fin\u00e1le n\u00e1rodn\u00edho kola proslul\u00e9 kucha\u0159sk\u00e9 sout\u011b\u017ee BOCUSE D'OR se odehraje 30. \u010dervna v Grandhotelu Pupp\" class=\"wp-image-3479\"\/><\/figure>\n\n\n\n<figure class=\"wp-block-image size-large\"><img decoding=\"async\" data-id=\"3475\" src=\"https:\/\/festivalovevary.cz\/wp-content\/uploads\/2025\/05\/DSC_2239-1024x683.jpg\" alt=\"Velk\u00e9 fin\u00e1le n\u00e1rodn\u00edho kola proslul\u00e9 kucha\u0159sk\u00e9 sout\u011b\u017ee BOCUSE D'OR se odehraje 30. \u010dervna v Grandhotelu Pupp\" class=\"wp-image-3475\"\/><\/figure>\n\n\n\n<figure class=\"wp-block-image size-large\"><img decoding=\"async\" data-id=\"3465\" src=\"https:\/\/festivalovevary.cz\/wp-content\/uploads\/2025\/05\/DSC_0517-1024x683.jpg\" alt=\"Velk\u00e9 fin\u00e1le n\u00e1rodn\u00edho kola proslul\u00e9 kucha\u0159sk\u00e9 sout\u011b\u017ee BOCUSE D'OR se odehraje 30. \u010dervna v Grandhotelu Pupp\" class=\"wp-image-3465\"\/><\/figure>\n\n\n\n<figure class=\"wp-block-image size-large\"><img decoding=\"async\" data-id=\"3468\" src=\"https:\/\/festivalovevary.cz\/wp-content\/uploads\/2025\/05\/DSC_1579-682x1024.jpg\" alt=\"Velk\u00e9 fin\u00e1le n\u00e1rodn\u00edho kola proslul\u00e9 kucha\u0159sk\u00e9 sout\u011b\u017ee BOCUSE D'OR se odehraje 30. \u010dervna v Grandhotelu Pupp\" class=\"wp-image-3468\"\/><\/figure>\n\n\n\n<figure class=\"wp-block-image size-large\"><img decoding=\"async\" data-id=\"3470\" src=\"https:\/\/festivalovevary.cz\/wp-content\/uploads\/2025\/05\/DSC_1590-682x1024.jpg\" alt=\"Velk\u00e9 fin\u00e1le n\u00e1rodn\u00edho kola proslul\u00e9 kucha\u0159sk\u00e9 sout\u011b\u017ee BOCUSE D'OR se odehraje 30. \u010dervna v Grandhotelu Pupp\" class=\"wp-image-3470\"\/><\/figure>\n\n\n\n<figure class=\"wp-block-image size-large\"><img decoding=\"async\" data-id=\"3466\" src=\"https:\/\/festivalovevary.cz\/wp-content\/uploads\/2025\/05\/DSC_1755-1024x683.jpg\" alt=\"Velk\u00e9 fin\u00e1le n\u00e1rodn\u00edho kola proslul\u00e9 kucha\u0159sk\u00e9 sout\u011b\u017ee BOCUSE D'OR se odehraje 30. \u010dervna v Grandhotelu Pupp\" class=\"wp-image-3466\"\/><\/figure>\n\n\n\n<figure class=\"wp-block-image size-large\"><img decoding=\"async\" data-id=\"3473\" src=\"https:\/\/festivalovevary.cz\/wp-content\/uploads\/2025\/05\/DSC_1729-682x1024.jpg\" alt=\"Velk\u00e9 fin\u00e1le n\u00e1rodn\u00edho kola proslul\u00e9 kucha\u0159sk\u00e9 sout\u011b\u017ee BOCUSE D'OR se odehraje 30. \u010dervna v Grandhotelu Pupp\" class=\"wp-image-3473\"\/><\/figure>\n\n\n\n<figure class=\"wp-block-image size-large\"><img decoding=\"async\" data-id=\"3464\" src=\"https:\/\/festivalovevary.cz\/wp-content\/uploads\/2025\/05\/DSC_1986-1024x683.jpg\" alt=\"Velk\u00e9 fin\u00e1le n\u00e1rodn\u00edho kola proslul\u00e9 kucha\u0159sk\u00e9 sout\u011b\u017ee BOCUSE D'OR se odehraje 30. \u010dervna v Grandhotelu Pupp\" class=\"wp-image-3464\"\/><\/figure>\n\n\n\n<figure class=\"wp-block-image size-large\"><img decoding=\"async\" data-id=\"3469\" src=\"https:\/\/festivalovevary.cz\/wp-content\/uploads\/2025\/05\/DSC_9536-1024x683.jpg\" alt=\"Velk\u00e9 fin\u00e1le n\u00e1rodn\u00edho kola proslul\u00e9 kucha\u0159sk\u00e9 sout\u011b\u017ee BOCUSE D'OR se odehraje 30. \u010dervna v Grandhotelu Pupp\" class=\"wp-image-3469\"\/><\/figure>\n\n\n\n<figure class=\"wp-block-image size-large\"><img decoding=\"async\" data-id=\"3472\" src=\"https:\/\/festivalovevary.cz\/wp-content\/uploads\/2025\/05\/DSC_7659-1024x683.jpg\" alt=\"Velk\u00e9 fin\u00e1le n\u00e1rodn\u00edho kola proslul\u00e9 kucha\u0159sk\u00e9 sout\u011b\u017ee BOCUSE D'OR se odehraje 30. \u010dervna v Grandhotelu Pupp\" class=\"wp-image-3472\"\/><\/figure>\n\n\n\n<figure class=\"wp-block-image size-large\"><img decoding=\"async\" data-id=\"3471\" src=\"https:\/\/festivalovevary.cz\/wp-content\/uploads\/2025\/05\/DSC_2972-1024x683.jpg\" alt=\"Velk\u00e9 fin\u00e1le n\u00e1rodn\u00edho kola proslul\u00e9 kucha\u0159sk\u00e9 sout\u011b\u017ee BOCUSE D'OR se odehraje 30. \u010dervna v Grandhotelu Pupp\" class=\"wp-image-3471\"\/><\/figure>\n\n\n\n<figure class=\"wp-block-image size-large\"><img decoding=\"async\" data-id=\"3477\" src=\"https:\/\/festivalovevary.cz\/wp-content\/uploads\/2025\/05\/DSC_3280-1024x683.jpg\" alt=\"Velk\u00e9 fin\u00e1le n\u00e1rodn\u00edho kola proslul\u00e9 kucha\u0159sk\u00e9 sout\u011b\u017ee BOCUSE D'OR se odehraje 30. \u010dervna v Grandhotelu Pupp\" class=\"wp-image-3477\"\/><\/figure>\n\n\n\n<figure class=\"wp-block-image size-large\"><img decoding=\"async\" data-id=\"3474\" src=\"https:\/\/festivalovevary.cz\/wp-content\/uploads\/2025\/05\/DSC_7499-1024x683.jpg\" alt=\"Velk\u00e9 fin\u00e1le n\u00e1rodn\u00edho kola proslul\u00e9 kucha\u0159sk\u00e9 sout\u011b\u017ee BOCUSE D'OR se odehraje 30. \u010dervna v Grandhotelu Pupp\" class=\"wp-image-3474\"\/><\/figure>\n<\/figure>\n\n\n\n<div style=\"height:35px\" aria-hidden=\"true\" class=\"wp-block-spacer\"><\/div>\n\n\n\n<p class=\"has-medium-font-size\"><strong>Zdroj foto: <\/strong>BOCUSE D&#8217;OR<\/p>\n\n\n\n<div style=\"height:50px\" aria-hidden=\"true\" class=\"wp-block-spacer\"><\/div>\n","protected":false},"excerpt":{"rendered":"<p>\u010cesk\u00e9 n\u00e1rodn\u00ed kolo Bocuse d\u2019Or, nejpresti\u017en\u011bj\u0161\u00ed a z\u00e1rove\u0148 nejt\u011b\u017e\u0161\u00ed kucha\u0159sk\u00e9 sout\u011b\u017ee sv\u011bta, zn\u00e1 sv\u00e9 finalisty. N\u00e1ro\u010dn\u00e9 po\u017eadavky na kandid\u00e1ty a p\u0159\u00edsn\u00fd v\u00fdb\u011brov\u00fd proces vedly k tomu, \u017ee oproti lo\u0148sk\u00e9mu 1. ro\u010dn\u00edku, kde bojovalo deset&#46;&#46;&#46;<\/p>\n","protected":false},"author":3,"featured_media":7816,"comment_status":"closed","ping_status":"closed","sticky":false,"template":"","format":"standard","meta":{"_monsterinsights_skip_tracking":false,"_monsterinsights_sitenote_active":false,"_monsterinsights_sitenote_note":"","_monsterinsights_sitenote_category":0,"footnotes":""},"categories":[15,163,26,2,8],"tags":[],"yoast_head":"<!-- This site is optimized with the Yoast SEO plugin v21.5 - https:\/\/yoast.com\/wordpress\/plugins\/seo\/ -->\n<title>Velk\u00e9 fin\u00e1le n\u00e1rodn\u00edho kola kucha\u0159sk\u00e9 sout\u011b\u017ee BOCUSE D&#039;OR se odehraje 30. \u010dervna v Grandhotelu Pupp - HOTELHOUSE.cz<\/title>\n<meta name=\"description\" content=\"Fin\u00e1lov\u00fd souboj se odehraje b\u011bhem jedin\u00e9ho dne \u2013 30. \u010dervna \u2013 poprv\u00e9 v noblesn\u00edm prost\u0159ed\u00ed legend\u00e1rn\u00edho Grandhotelu Pupp v Karlov\u00fdch Varech.\" \/>\n<meta name=\"robots\" content=\"index, follow, max-snippet:-1, max-image-preview:large, max-video-preview:-1\" \/>\n<link rel=\"canonical\" href=\"https:\/\/hotelhouse.cz\/index.php\/2025\/06\/09\/velke-finale-narodniho-kola-kucharske-souteze-bocuse-dor-se-odehraje-30-cervna-v-grandhotelu-pupp\/\" \/>\n<meta property=\"og:locale\" content=\"cs_CZ\" \/>\n<meta property=\"og:type\" content=\"article\" \/>\n<meta property=\"og:title\" content=\"Velk\u00e9 fin\u00e1le n\u00e1rodn\u00edho kola kucha\u0159sk\u00e9 sout\u011b\u017ee BOCUSE D&#039;OR se odehraje 30. \u010dervna v Grandhotelu Pupp - HOTELHOUSE.cz\" \/>\n<meta property=\"og:description\" content=\"Fin\u00e1lov\u00fd souboj se odehraje b\u011bhem jedin\u00e9ho dne \u2013 30. \u010dervna \u2013 poprv\u00e9 v noblesn\u00edm prost\u0159ed\u00ed legend\u00e1rn\u00edho Grandhotelu Pupp v Karlov\u00fdch Varech.\" \/>\n<meta property=\"og:url\" content=\"https:\/\/hotelhouse.cz\/index.php\/2025\/06\/09\/velke-finale-narodniho-kola-kucharske-souteze-bocuse-dor-se-odehraje-30-cervna-v-grandhotelu-pupp\/\" \/>\n<meta property=\"og:site_name\" content=\"HOTELHOUSE.cz\" \/>\n<meta property=\"article:published_time\" content=\"2025-06-08T22:01:00+00:00\" \/>\n<meta property=\"article:modified_time\" content=\"2025-05-22T19:43:48+00:00\" \/>\n<meta property=\"og:image\" content=\"https:\/\/hotelhouse.cz\/wp-content\/uploads\/2025\/05\/DSC_7760.jpg\" \/>\n\t<meta property=\"og:image:width\" content=\"1450\" \/>\n\t<meta property=\"og:image:height\" content=\"967\" \/>\n\t<meta property=\"og:image:type\" content=\"image\/jpeg\" \/>\n<meta name=\"author\" content=\"Van\u011bk Miroslav\" \/>\n<meta name=\"twitter:card\" content=\"summary_large_image\" \/>\n<meta name=\"twitter:label1\" content=\"Napsal(a)\" \/>\n\t<meta name=\"twitter:data1\" content=\"Van\u011bk Miroslav\" \/>\n\t<meta name=\"twitter:label2\" content=\"Odhadovan\u00e1 doba \u010dten\u00ed\" \/>\n\t<meta name=\"twitter:data2\" content=\"8 minut\" \/>\n<script type=\"application\/ld+json\" class=\"yoast-schema-graph\">{\"@context\":\"https:\/\/schema.org\",\"@graph\":[{\"@type\":\"Article\",\"@id\":\"https:\/\/hotelhouse.cz\/index.php\/2025\/06\/09\/velke-finale-narodniho-kola-kucharske-souteze-bocuse-dor-se-odehraje-30-cervna-v-grandhotelu-pupp\/#article\",\"isPartOf\":{\"@id\":\"https:\/\/hotelhouse.cz\/index.php\/2025\/06\/09\/velke-finale-narodniho-kola-kucharske-souteze-bocuse-dor-se-odehraje-30-cervna-v-grandhotelu-pupp\/\"},\"author\":{\"name\":\"Van\u011bk Miroslav\",\"@id\":\"https:\/\/hotelhouse.cz\/#\/schema\/person\/fa8caee3f0a9c6134afed3c541204812\"},\"headline\":\"Velk\u00e9 fin\u00e1le n\u00e1rodn\u00edho kola kucha\u0159sk\u00e9 sout\u011b\u017ee BOCUSE D&#8217;OR se odehraje 30. \u010dervna v Grandhotelu Pupp\",\"datePublished\":\"2025-06-08T22:01:00+00:00\",\"dateModified\":\"2025-05-22T19:43:48+00:00\",\"mainEntityOfPage\":{\"@id\":\"https:\/\/hotelhouse.cz\/index.php\/2025\/06\/09\/velke-finale-narodniho-kola-kucharske-souteze-bocuse-dor-se-odehraje-30-cervna-v-grandhotelu-pupp\/\"},\"wordCount\":902,\"publisher\":{\"@id\":\"https:\/\/hotelhouse.cz\/#organization\"},\"articleSection\":[\"FOTOREPORTY\",\"GASTRO TIPY\",\"N\u00e1dhern\u00e1M\u00edsta.cz\",\"NEWS\",\"RESTAURACE &amp; BISTRA\"],\"inLanguage\":\"cs\"},{\"@type\":\"WebPage\",\"@id\":\"https:\/\/hotelhouse.cz\/index.php\/2025\/06\/09\/velke-finale-narodniho-kola-kucharske-souteze-bocuse-dor-se-odehraje-30-cervna-v-grandhotelu-pupp\/\",\"url\":\"https:\/\/hotelhouse.cz\/index.php\/2025\/06\/09\/velke-finale-narodniho-kola-kucharske-souteze-bocuse-dor-se-odehraje-30-cervna-v-grandhotelu-pupp\/\",\"name\":\"Velk\u00e9 fin\u00e1le n\u00e1rodn\u00edho kola kucha\u0159sk\u00e9 sout\u011b\u017ee BOCUSE D'OR se odehraje 30. \u010dervna v Grandhotelu Pupp - HOTELHOUSE.cz\",\"isPartOf\":{\"@id\":\"https:\/\/hotelhouse.cz\/#website\"},\"datePublished\":\"2025-06-08T22:01:00+00:00\",\"dateModified\":\"2025-05-22T19:43:48+00:00\",\"description\":\"Fin\u00e1lov\u00fd souboj se odehraje b\u011bhem jedin\u00e9ho dne \u2013 30. \u010dervna \u2013 poprv\u00e9 v noblesn\u00edm prost\u0159ed\u00ed legend\u00e1rn\u00edho Grandhotelu Pupp v Karlov\u00fdch Varech.\",\"breadcrumb\":{\"@id\":\"https:\/\/hotelhouse.cz\/index.php\/2025\/06\/09\/velke-finale-narodniho-kola-kucharske-souteze-bocuse-dor-se-odehraje-30-cervna-v-grandhotelu-pupp\/#breadcrumb\"},\"inLanguage\":\"cs\",\"potentialAction\":[{\"@type\":\"ReadAction\",\"target\":[\"https:\/\/hotelhouse.cz\/index.php\/2025\/06\/09\/velke-finale-narodniho-kola-kucharske-souteze-bocuse-dor-se-odehraje-30-cervna-v-grandhotelu-pupp\/\"]}]},{\"@type\":\"BreadcrumbList\",\"@id\":\"https:\/\/hotelhouse.cz\/index.php\/2025\/06\/09\/velke-finale-narodniho-kola-kucharske-souteze-bocuse-dor-se-odehraje-30-cervna-v-grandhotelu-pupp\/#breadcrumb\",\"itemListElement\":[{\"@type\":\"ListItem\",\"position\":1,\"name\":\"Dom\u016f\",\"item\":\"https:\/\/hotelhouse.cz\/\"},{\"@type\":\"ListItem\",\"position\":2,\"name\":\"Velk\u00e9 fin\u00e1le n\u00e1rodn\u00edho kola kucha\u0159sk\u00e9 sout\u011b\u017ee BOCUSE D&#8217;OR se odehraje 30. \u010dervna v Grandhotelu Pupp\"}]},{\"@type\":\"WebSite\",\"@id\":\"https:\/\/hotelhouse.cz\/#website\",\"url\":\"https:\/\/hotelhouse.cz\/\",\"name\":\"HOTELHOUSE.cz\",\"description\":\"Port\u00e1l o hotelech, pensionech, spa resortech a restaurac\u00edch...\",\"publisher\":{\"@id\":\"https:\/\/hotelhouse.cz\/#organization\"},\"potentialAction\":[{\"@type\":\"SearchAction\",\"target\":{\"@type\":\"EntryPoint\",\"urlTemplate\":\"https:\/\/hotelhouse.cz\/?s={search_term_string}\"},\"query-input\":\"required name=search_term_string\"}],\"inLanguage\":\"cs\"},{\"@type\":\"Organization\",\"@id\":\"https:\/\/hotelhouse.cz\/#organization\",\"name\":\"HOTELHOUSE.cz\",\"url\":\"https:\/\/hotelhouse.cz\/\",\"logo\":{\"@type\":\"ImageObject\",\"inLanguage\":\"cs\",\"@id\":\"https:\/\/hotelhouse.cz\/#\/schema\/logo\/image\/\",\"url\":\"https:\/\/hotelhouse.cz\/wp-content\/uploads\/2024\/12\/cropped-Logo_HotelHouse-2.jpg\",\"contentUrl\":\"https:\/\/hotelhouse.cz\/wp-content\/uploads\/2024\/12\/cropped-Logo_HotelHouse-2.jpg\",\"width\":933,\"height\":516,\"caption\":\"HOTELHOUSE.cz\"},\"image\":{\"@id\":\"https:\/\/hotelhouse.cz\/#\/schema\/logo\/image\/\"},\"sameAs\":[\"https:\/\/www.instagram.com\/hotelhousecz\/\"]},{\"@type\":\"Person\",\"@id\":\"https:\/\/hotelhouse.cz\/#\/schema\/person\/fa8caee3f0a9c6134afed3c541204812\",\"name\":\"Van\u011bk Miroslav\",\"image\":{\"@type\":\"ImageObject\",\"inLanguage\":\"cs\",\"@id\":\"https:\/\/hotelhouse.cz\/#\/schema\/person\/image\/\",\"url\":\"https:\/\/secure.gravatar.com\/avatar\/cc93dbecbfc820d69a964ea4a1c72377?s=96&d=mm&r=g\",\"contentUrl\":\"https:\/\/secure.gravatar.com\/avatar\/cc93dbecbfc820d69a964ea4a1c72377?s=96&d=mm&r=g\",\"caption\":\"Van\u011bk Miroslav\"},\"sameAs\":[\"http:\/\/www.hotelhouse.cz\"],\"url\":\"https:\/\/hotelhouse.cz\/index.php\/author\/mirvan\/\"}]}<\/script>\n<!-- \/ Yoast SEO plugin. -->","yoast_head_json":{"title":"Velk\u00e9 fin\u00e1le n\u00e1rodn\u00edho kola kucha\u0159sk\u00e9 sout\u011b\u017ee BOCUSE D'OR se odehraje 30. \u010dervna v Grandhotelu Pupp - HOTELHOUSE.cz","description":"Fin\u00e1lov\u00fd souboj se odehraje b\u011bhem jedin\u00e9ho dne \u2013 30. \u010dervna \u2013 poprv\u00e9 v noblesn\u00edm prost\u0159ed\u00ed legend\u00e1rn\u00edho Grandhotelu Pupp v Karlov\u00fdch Varech.","robots":{"index":"index","follow":"follow","max-snippet":"max-snippet:-1","max-image-preview":"max-image-preview:large","max-video-preview":"max-video-preview:-1"},"canonical":"https:\/\/hotelhouse.cz\/index.php\/2025\/06\/09\/velke-finale-narodniho-kola-kucharske-souteze-bocuse-dor-se-odehraje-30-cervna-v-grandhotelu-pupp\/","og_locale":"cs_CZ","og_type":"article","og_title":"Velk\u00e9 fin\u00e1le n\u00e1rodn\u00edho kola kucha\u0159sk\u00e9 sout\u011b\u017ee BOCUSE D'OR se odehraje 30. \u010dervna v Grandhotelu Pupp - HOTELHOUSE.cz","og_description":"Fin\u00e1lov\u00fd souboj se odehraje b\u011bhem jedin\u00e9ho dne \u2013 30. \u010dervna \u2013 poprv\u00e9 v noblesn\u00edm prost\u0159ed\u00ed legend\u00e1rn\u00edho Grandhotelu Pupp v Karlov\u00fdch Varech.","og_url":"https:\/\/hotelhouse.cz\/index.php\/2025\/06\/09\/velke-finale-narodniho-kola-kucharske-souteze-bocuse-dor-se-odehraje-30-cervna-v-grandhotelu-pupp\/","og_site_name":"HOTELHOUSE.cz","article_published_time":"2025-06-08T22:01:00+00:00","article_modified_time":"2025-05-22T19:43:48+00:00","og_image":[{"width":1450,"height":967,"url":"https:\/\/hotelhouse.cz\/wp-content\/uploads\/2025\/05\/DSC_7760.jpg","type":"image\/jpeg"}],"author":"Van\u011bk Miroslav","twitter_card":"summary_large_image","twitter_misc":{"Napsal(a)":"Van\u011bk Miroslav","Odhadovan\u00e1 doba \u010dten\u00ed":"8 minut"},"schema":{"@context":"https:\/\/schema.org","@graph":[{"@type":"Article","@id":"https:\/\/hotelhouse.cz\/index.php\/2025\/06\/09\/velke-finale-narodniho-kola-kucharske-souteze-bocuse-dor-se-odehraje-30-cervna-v-grandhotelu-pupp\/#article","isPartOf":{"@id":"https:\/\/hotelhouse.cz\/index.php\/2025\/06\/09\/velke-finale-narodniho-kola-kucharske-souteze-bocuse-dor-se-odehraje-30-cervna-v-grandhotelu-pupp\/"},"author":{"name":"Van\u011bk Miroslav","@id":"https:\/\/hotelhouse.cz\/#\/schema\/person\/fa8caee3f0a9c6134afed3c541204812"},"headline":"Velk\u00e9 fin\u00e1le n\u00e1rodn\u00edho kola kucha\u0159sk\u00e9 sout\u011b\u017ee BOCUSE D&#8217;OR se odehraje 30. \u010dervna v Grandhotelu Pupp","datePublished":"2025-06-08T22:01:00+00:00","dateModified":"2025-05-22T19:43:48+00:00","mainEntityOfPage":{"@id":"https:\/\/hotelhouse.cz\/index.php\/2025\/06\/09\/velke-finale-narodniho-kola-kucharske-souteze-bocuse-dor-se-odehraje-30-cervna-v-grandhotelu-pupp\/"},"wordCount":902,"publisher":{"@id":"https:\/\/hotelhouse.cz\/#organization"},"articleSection":["FOTOREPORTY","GASTRO TIPY","N\u00e1dhern\u00e1M\u00edsta.cz","NEWS","RESTAURACE &amp; BISTRA"],"inLanguage":"cs"},{"@type":"WebPage","@id":"https:\/\/hotelhouse.cz\/index.php\/2025\/06\/09\/velke-finale-narodniho-kola-kucharske-souteze-bocuse-dor-se-odehraje-30-cervna-v-grandhotelu-pupp\/","url":"https:\/\/hotelhouse.cz\/index.php\/2025\/06\/09\/velke-finale-narodniho-kola-kucharske-souteze-bocuse-dor-se-odehraje-30-cervna-v-grandhotelu-pupp\/","name":"Velk\u00e9 fin\u00e1le n\u00e1rodn\u00edho kola kucha\u0159sk\u00e9 sout\u011b\u017ee BOCUSE D'OR se odehraje 30. \u010dervna v Grandhotelu Pupp - HOTELHOUSE.cz","isPartOf":{"@id":"https:\/\/hotelhouse.cz\/#website"},"datePublished":"2025-06-08T22:01:00+00:00","dateModified":"2025-05-22T19:43:48+00:00","description":"Fin\u00e1lov\u00fd souboj se odehraje b\u011bhem jedin\u00e9ho dne \u2013 30. \u010dervna \u2013 poprv\u00e9 v noblesn\u00edm prost\u0159ed\u00ed legend\u00e1rn\u00edho Grandhotelu Pupp v Karlov\u00fdch Varech.","breadcrumb":{"@id":"https:\/\/hotelhouse.cz\/index.php\/2025\/06\/09\/velke-finale-narodniho-kola-kucharske-souteze-bocuse-dor-se-odehraje-30-cervna-v-grandhotelu-pupp\/#breadcrumb"},"inLanguage":"cs","potentialAction":[{"@type":"ReadAction","target":["https:\/\/hotelhouse.cz\/index.php\/2025\/06\/09\/velke-finale-narodniho-kola-kucharske-souteze-bocuse-dor-se-odehraje-30-cervna-v-grandhotelu-pupp\/"]}]},{"@type":"BreadcrumbList","@id":"https:\/\/hotelhouse.cz\/index.php\/2025\/06\/09\/velke-finale-narodniho-kola-kucharske-souteze-bocuse-dor-se-odehraje-30-cervna-v-grandhotelu-pupp\/#breadcrumb","itemListElement":[{"@type":"ListItem","position":1,"name":"Dom\u016f","item":"https:\/\/hotelhouse.cz\/"},{"@type":"ListItem","position":2,"name":"Velk\u00e9 fin\u00e1le n\u00e1rodn\u00edho kola kucha\u0159sk\u00e9 sout\u011b\u017ee BOCUSE D&#8217;OR se odehraje 30. \u010dervna v Grandhotelu Pupp"}]},{"@type":"WebSite","@id":"https:\/\/hotelhouse.cz\/#website","url":"https:\/\/hotelhouse.cz\/","name":"HOTELHOUSE.cz","description":"Port\u00e1l o hotelech, pensionech, spa resortech a restaurac\u00edch...","publisher":{"@id":"https:\/\/hotelhouse.cz\/#organization"},"potentialAction":[{"@type":"SearchAction","target":{"@type":"EntryPoint","urlTemplate":"https:\/\/hotelhouse.cz\/?s={search_term_string}"},"query-input":"required name=search_term_string"}],"inLanguage":"cs"},{"@type":"Organization","@id":"https:\/\/hotelhouse.cz\/#organization","name":"HOTELHOUSE.cz","url":"https:\/\/hotelhouse.cz\/","logo":{"@type":"ImageObject","inLanguage":"cs","@id":"https:\/\/hotelhouse.cz\/#\/schema\/logo\/image\/","url":"https:\/\/hotelhouse.cz\/wp-content\/uploads\/2024\/12\/cropped-Logo_HotelHouse-2.jpg","contentUrl":"https:\/\/hotelhouse.cz\/wp-content\/uploads\/2024\/12\/cropped-Logo_HotelHouse-2.jpg","width":933,"height":516,"caption":"HOTELHOUSE.cz"},"image":{"@id":"https:\/\/hotelhouse.cz\/#\/schema\/logo\/image\/"},"sameAs":["https:\/\/www.instagram.com\/hotelhousecz\/"]},{"@type":"Person","@id":"https:\/\/hotelhouse.cz\/#\/schema\/person\/fa8caee3f0a9c6134afed3c541204812","name":"Van\u011bk Miroslav","image":{"@type":"ImageObject","inLanguage":"cs","@id":"https:\/\/hotelhouse.cz\/#\/schema\/person\/image\/","url":"https:\/\/secure.gravatar.com\/avatar\/cc93dbecbfc820d69a964ea4a1c72377?s=96&d=mm&r=g","contentUrl":"https:\/\/secure.gravatar.com\/avatar\/cc93dbecbfc820d69a964ea4a1c72377?s=96&d=mm&r=g","caption":"Van\u011bk Miroslav"},"sameAs":["http:\/\/www.hotelhouse.cz"],"url":"https:\/\/hotelhouse.cz\/index.php\/author\/mirvan\/"}]}},"_links":{"self":[{"href":"https:\/\/hotelhouse.cz\/index.php\/wp-json\/wp\/v2\/posts\/7815"}],"collection":[{"href":"https:\/\/hotelhouse.cz\/index.php\/wp-json\/wp\/v2\/posts"}],"about":[{"href":"https:\/\/hotelhouse.cz\/index.php\/wp-json\/wp\/v2\/types\/post"}],"author":[{"embeddable":true,"href":"https:\/\/hotelhouse.cz\/index.php\/wp-json\/wp\/v2\/users\/3"}],"replies":[{"embeddable":true,"href":"https:\/\/hotelhouse.cz\/index.php\/wp-json\/wp\/v2\/comments?post=7815"}],"version-history":[{"count":1,"href":"https:\/\/hotelhouse.cz\/index.php\/wp-json\/wp\/v2\/posts\/7815\/revisions"}],"predecessor-version":[{"id":7817,"href":"https:\/\/hotelhouse.cz\/index.php\/wp-json\/wp\/v2\/posts\/7815\/revisions\/7817"}],"wp:featuredmedia":[{"embeddable":true,"href":"https:\/\/hotelhouse.cz\/index.php\/wp-json\/wp\/v2\/media\/7816"}],"wp:attachment":[{"href":"https:\/\/hotelhouse.cz\/index.php\/wp-json\/wp\/v2\/media?parent=7815"}],"wp:term":[{"taxonomy":"category","embeddable":true,"href":"https:\/\/hotelhouse.cz\/index.php\/wp-json\/wp\/v2\/categories?post=7815"},{"taxonomy":"post_tag","embeddable":true,"href":"https:\/\/hotelhouse.cz\/index.php\/wp-json\/wp\/v2\/tags?post=7815"}],"curies":[{"name":"wp","href":"https:\/\/api.w.org\/{rel}","templated":true}]}}