{"id":7822,"date":"2025-05-28T21:53:45","date_gmt":"2025-05-28T19:53:45","guid":{"rendered":"https:\/\/hotelhouse.cz\/?p=7822"},"modified":"2025-06-14T01:39:03","modified_gmt":"2025-06-13T23:39:03","slug":"hotel-the-grand-mark-slavnostne-otevrel-svou-zahradu-pro-letni-sezonu-v-centru-prahy","status":"publish","type":"post","link":"https:\/\/hotelhouse.cz\/index.php\/2025\/05\/28\/hotel-the-grand-mark-slavnostne-otevrel-svou-zahradu-pro-letni-sezonu-v-centru-prahy\/","title":{"rendered":"Hotel The Grand Mark slavnostn\u011b otev\u0159el svou zahradu pro letn\u00ed sez\u00f3nu v centru Prahy"},"content":{"rendered":"\n<div style=\"height:41px\" aria-hidden=\"true\" class=\"wp-block-spacer\"><\/div>\n\n\n\n<p class=\"has-medium-font-size\"><strong>V sam\u00e9m srdci historick\u00e9 Prahy se uskute\u010dnilo slavnostn\u00ed otev\u0159en\u00ed zahrady luxusn\u00edho hotelu The Grand Mark Prague, kter\u00e1 pat\u0159\u00ed mezi nejkr\u00e1sn\u011bj\u0161\u00ed a nejikoni\u010dt\u011bj\u0161\u00ed hotelov\u00e9 zahrady v cel\u00e9 metropoli. Tato o\u00e1za klidu uprost\u0159ed pulzuj\u00edc\u00edho m\u011bsta pravideln\u011b host\u00ed presti\u017en\u00ed spole\u010densk\u00e9 a kulturn\u00ed akce a je vyhled\u00e1van\u00fdm m\u00edstem nejen pro hotelov\u00e9 hosty, ale i pro obyvatele Prahy.<\/strong><\/p>\n\n\n\n<div style=\"height:41px\" aria-hidden=\"true\" class=\"wp-block-spacer\"><\/div>\n\n\n\n<figure class=\"wp-block-embed is-type-video is-provider-youtube wp-block-embed-youtube wp-embed-aspect-16-9 wp-has-aspect-ratio\"><div class=\"wp-block-embed__wrapper\">\n<div class=\"video-container\"><iframe loading=\"lazy\" title=\"Hotel The Grand Mark slavnostn\u011b otev\u0159el svou zahradu pro letn\u00ed sez\u00f3nu v centru Prahy\" width=\"500\" height=\"281\" src=\"https:\/\/www.youtube.com\/embed\/yPNI2We8X74?feature=oembed&#038;wmode=opaque\" frameborder=\"0\" allow=\"accelerometer; autoplay; clipboard-write; encrypted-media; gyroscope; picture-in-picture; web-share\" referrerpolicy=\"strict-origin-when-cross-origin\" allowfullscreen><\/iframe><\/div>\n<\/div><\/figure>\n\n\n\n<div style=\"height:41px\" aria-hidden=\"true\" class=\"wp-block-spacer\"><\/div>\n\n\n\n<p class=\"has-medium-font-size\">Sou\u010d\u00e1st\u00ed ve\u010dera bylo tak\u00e9 p\u0159edstaven\u00ed vybran\u00fdch delikates z nov\u00e9ho letn\u00edho menu <a href=\"https:\/\/www.grandmark.cz\/cz\/restaurants\"><strong>restaurace Le Grill<\/strong><\/a>, kter\u00e1 se nach\u00e1z\u00ed p\u0159\u00edmo v prostor\u00e1ch hotelu a dlouhodob\u011b pat\u0159\u00ed mezi gastronomick\u00e9 \u0161pi\u010dky \u010desk\u00e9 i mezin\u00e1rodn\u00ed kuchyn\u011b. Host\u00e9 m\u011bli mo\u017enost ochutnat origin\u00e1ln\u00ed pokrmy inspirovan\u00e9 \u010derstvost\u00ed sez\u00f3nn\u00edch surovin a modern\u00edmi kulin\u00e1\u0159sk\u00fdmi trendy, kter\u00e9 p\u0159ipravuje t\u00fdm pod veden\u00edm zku\u0161en\u00fdch \u0161\u00e9fkucha\u0159\u016f.<\/p>\n\n\n\n<div style=\"height:41px\" aria-hidden=\"true\" class=\"wp-block-spacer\"><\/div>\n\n\n<div class=\"wp-block-image\">\n<figure class=\"aligncenter size-large\"><img decoding=\"async\" src=\"https:\/\/prazskeprikopy.cz\/wp-content\/uploads\/2025\/05\/menu_2-1024x682.jpg\" alt=\"Hotel The Grand Mark slavnostn\u011b otev\u0159el svou zahradu pro letn\u00ed sez\u00f3nu v centru Prahy\" class=\"wp-image-14961\"\/><\/figure><\/div>\n\n\n<div style=\"height:41px\" aria-hidden=\"true\" class=\"wp-block-spacer\"><\/div>\n\n\n\n<p class=\"has-medium-font-size\">\u201e<em>Zahrada hotelu The Grand Mark je jedn\u00edm z m\u00e1la m\u00edst v centru m\u011bsta, kde si mohou n\u00e1v\u0161t\u011bvn\u00edci u\u017e\u00edt prvot\u0159\u00eddn\u00ed gastronomii pod \u0161ir\u00fdm nebem v naprosto klidn\u00e9m a elegantn\u00edm prost\u0159ed\u00ed. Je to m\u00edsto, kter\u00e9 m\u00e1 svou atmosf\u00e9ru a du\u0161i,\u201c<\/em><strong> uvedl p\u0159i slavnostn\u00edm zah\u00e1jen\u00ed Jaroslav Svoboda, majitel spole\u010dnosti Czech Inn Hotels, kter\u00e1 hotel provozuje<\/strong>.<\/p>\n\n\n\n<div style=\"height:41px\" aria-hidden=\"true\" class=\"wp-block-spacer\"><\/div>\n\n\n<div class=\"wp-block-image\">\n<figure class=\"aligncenter size-large\"><img decoding=\"async\" src=\"https:\/\/prazskeprikopy.cz\/wp-content\/uploads\/2025\/05\/menu-1024x682.jpg\" alt=\"Hotel The Grand Mark slavnostn\u011b otev\u0159el svou zahradu pro letn\u00ed sez\u00f3nu v centru Prahy\" class=\"wp-image-14960\"\/><\/figure><\/div>\n\n\n<div style=\"height:41px\" aria-hidden=\"true\" class=\"wp-block-spacer\"><\/div>\n\n\n\n<p class=\"has-medium-font-size\">Hotel The Grand Mark Prague je z\u00e1rove\u0148 obl\u00edben\u00fdm \u00fato\u010di\u0161t\u011bm sv\u011btov\u00fdch celebrit, kter\u00e9 si p\u0159i sv\u00e9m pobytu v Praze vyb\u00edraj\u00ed pr\u00e1v\u011b toto m\u00edsto pro jeho diskr\u00e9tnost, vysok\u00fd standard slu\u017eeb a jedine\u010dnou atmosf\u00e9ru. Mezi hosty hotelu v minulosti nechyb\u011bly hv\u011bzdy sv\u011btov\u00e9ho showbyznysu, filmov\u00e9ho pr\u016fmyslu \u010di v\u00fdznamn\u00ed mezin\u00e1rodn\u00ed host\u00e9.<\/p>\n\n\n\n<div style=\"height:41px\" aria-hidden=\"true\" class=\"wp-block-spacer\"><\/div>\n\n\n<div class=\"wp-block-image\">\n<figure class=\"aligncenter size-large\"><img decoding=\"async\" src=\"https:\/\/prazskeprikopy.cz\/wp-content\/uploads\/2025\/05\/drinky-1024x682.jpg\" alt=\"Hotel The Grand Mark slavnostn\u011b otev\u0159el svou zahradu pro letn\u00ed sez\u00f3nu v centru Prahy\" class=\"wp-image-14959\"\/><\/figure><\/div>\n\n\n<div style=\"height:41px\" aria-hidden=\"true\" class=\"wp-block-spacer\"><\/div>\n\n\n\n<h2 class=\"wp-block-heading\">Kter\u00e9 osobnosti byli hosty v&nbsp;The Grand Mark?<\/h2>\n\n\n\n<div style=\"height:41px\" aria-hidden=\"true\" class=\"wp-block-spacer\"><\/div>\n\n\n\n<h3 class=\"wp-block-heading\">St\u00e1tn\u00edci<\/h3>\n\n\n\n<div style=\"height:41px\" aria-hidden=\"true\" class=\"wp-block-spacer\"><\/div>\n\n\n\n<p class=\"has-medium-font-size\">Ze st\u00e1tn\u00edk\u016f nap\u0159\u00edklad \u0161v\u00e9dsk\u00fd kr\u00e1l Karel XVI. Gustav, n\u011bmeck\u00fd prezident Frank Walter Steinmeier, prezident \u00c1zerb\u00e1jd\u017e\u00e1nu IIlham Aliev, Ivana Trumpov\u00e1, \u010di b\u00fdval\u00fd slovensk\u00fd prezident Andrej Kiska. Hotel si obl\u00edbil i b\u00fdval\u00fd \u010desk\u00fd prezident V\u00e1clav Klaus.<\/p>\n\n\n\n<div style=\"height:41px\" aria-hidden=\"true\" class=\"wp-block-spacer\"><\/div>\n\n\n<div class=\"wp-block-image\">\n<figure class=\"aligncenter size-large\"><img decoding=\"async\" src=\"https:\/\/prazskeprikopy.cz\/wp-content\/uploads\/2025\/05\/drinky_2-1024x682.jpg\" alt=\"Hotel The Grand Mark slavnostn\u011b otev\u0159el svou zahradu pro letn\u00ed sez\u00f3nu v centru Prahy\" class=\"wp-image-14964\"\/><\/figure><\/div>\n\n\n<div style=\"height:41px\" aria-hidden=\"true\" class=\"wp-block-spacer\"><\/div>\n\n\n\n<h3 class=\"wp-block-heading\">V\u00fdznamn\u00e9 osobnosti<\/h3>\n\n\n\n<div style=\"height:41px\" aria-hidden=\"true\" class=\"wp-block-spacer\"><\/div>\n\n\n\n<p class=\"has-medium-font-size\">V&nbsp;hotelu prob\u011bhla svatba fotbalisty Gigi Buffona a modelky Aleny \u0160eredov\u00e9. Bydlel zde ale tak\u00e9 majitel cognac domu Maurice Hennessy, re\u017eis\u00e9r Woody Allen, spisovatel Jo Nesbo a dirigent Christoph von Dohn\u00e1nyi.<\/p>\n\n\n\n<div style=\"height:41px\" aria-hidden=\"true\" class=\"wp-block-spacer\"><\/div>\n\n\n\n<h3 class=\"wp-block-heading\">Hudebn\u00edci<\/h3>\n\n\n\n<div style=\"height:41px\" aria-hidden=\"true\" class=\"wp-block-spacer\"><\/div>\n\n\n\n<p class=\"has-medium-font-size\">The Grand Mark maj\u00ed v&nbsp;oblib\u011b tak\u00e9 hudebn\u00edci. Ze zn\u00e1m\u00fdch celebrit se zde ubytovali Julio Iglesias, Beyonce Giselle Knowles, Tom Jones, AHA, Alice Cooper nebo na\u0161e zlat\u00e1 slavice Lucie B\u00edl\u00e1.<\/p>\n\n\n\n<div style=\"height:41px\" aria-hidden=\"true\" class=\"wp-block-spacer\"><\/div>\n\n\n<div class=\"wp-block-image\">\n<figure class=\"aligncenter size-large\"><img decoding=\"async\" src=\"https:\/\/prazskeprikopy.cz\/wp-content\/uploads\/2025\/05\/pav-1024x682.jpg\" alt=\"Hotel The Grand Mark slavnostn\u011b otev\u0159el svou zahradu pro letn\u00ed sez\u00f3nu v centru Prahy\" class=\"wp-image-14963\"\/><\/figure><\/div>\n\n\n<div style=\"height:41px\" aria-hidden=\"true\" class=\"wp-block-spacer\"><\/div>\n\n\n\n<h3 class=\"wp-block-heading\">Sportovci<\/h3>\n\n\n\n<div style=\"height:41px\" aria-hidden=\"true\" class=\"wp-block-spacer\"><\/div>\n\n\n\n<p class=\"has-medium-font-size\">Ze sportovc\u016f pat\u0159\u00ed mezi hosty&nbsp;hotelu \u010desk\u00e9 olympijsk\u00e9 v\u00edt\u011bzky Ester Ledeck\u00e1 a Martina S\u00e1bl\u00edkov\u00e1, sv\u011btov\u011b zn\u00e1m\u00ed \u010de\u0161t\u00ed sportovci Ivan Lendl, Petr \u010cech nebo boxe\u0159i Vitaliy Klitschko a Floyd Mayweather.<\/p>\n\n\n\n<div style=\"height:41px\" aria-hidden=\"true\" class=\"wp-block-spacer\"><\/div>\n\n\n\n<h3 class=\"wp-block-heading\">Herci<\/h3>\n\n\n\n<div style=\"height:41px\" aria-hidden=\"true\" class=\"wp-block-spacer\"><\/div>\n\n\n\n<p class=\"has-medium-font-size\">A to nejlep\u0161\u00ed nakonec. Hotel The Grand Mark je jeden z&nbsp;nejobl\u00edben\u011bj\u0161\u00edch hotel\u016f v&nbsp;Praze pro hollywoodsk\u00e9 herce, proto jste zde mohli potkat nap\u0159\u00edklad Johna Travoltu, Gerarda Depardie, Michela Merciera, Michaela Douglase, Johnnyho Deppa, Keanu Reevese nebo loni v&nbsp;listopadu Jean-Claude van Damme.<\/p>\n\n\n\n<div style=\"height:100px\" aria-hidden=\"true\" class=\"wp-block-spacer\"><\/div>\n\n\n\n<figure class=\"wp-block-gallery has-nested-images columns-2 is-cropped wp-block-gallery-1 is-layout-flex wp-block-gallery-is-layout-flex\">\n<figure class=\"wp-block-image size-large\"><img decoding=\"async\" data-id=\"14961\" src=\"https:\/\/prazskeprikopy.cz\/wp-content\/uploads\/2025\/05\/menu_2-1024x682.jpg\" alt=\"Hotel The Grand Mark slavnostn\u011b otev\u0159el svou zahradu pro letn\u00ed sez\u00f3nu v centru Prahy\" class=\"wp-image-14961\"\/><\/figure>\n\n\n\n<figure class=\"wp-block-image size-large\"><img decoding=\"async\" data-id=\"14960\" src=\"https:\/\/prazskeprikopy.cz\/wp-content\/uploads\/2025\/05\/menu-1024x682.jpg\" alt=\"Hotel The Grand Mark slavnostn\u011b otev\u0159el svou zahradu pro letn\u00ed sez\u00f3nu v centru Prahy\" class=\"wp-image-14960\"\/><\/figure>\n\n\n\n<figure class=\"wp-block-image size-large\"><img decoding=\"async\" data-id=\"14964\" src=\"https:\/\/prazskeprikopy.cz\/wp-content\/uploads\/2025\/05\/drinky_2-1024x682.jpg\" alt=\"Hotel The Grand Mark slavnostn\u011b otev\u0159el svou zahradu pro letn\u00ed sez\u00f3nu v centru Prahy\" class=\"wp-image-14964\"\/><\/figure>\n\n\n\n<figure class=\"wp-block-image size-large\"><img decoding=\"async\" data-id=\"14959\" src=\"https:\/\/prazskeprikopy.cz\/wp-content\/uploads\/2025\/05\/drinky-1024x682.jpg\" alt=\"Hotel The Grand Mark slavnostn\u011b otev\u0159el svou zahradu pro letn\u00ed sez\u00f3nu v centru Prahy\" class=\"wp-image-14959\"\/><\/figure>\n\n\n\n<figure class=\"wp-block-image size-large\"><img decoding=\"async\" data-id=\"14963\" src=\"https:\/\/prazskeprikopy.cz\/wp-content\/uploads\/2025\/05\/pav-1024x682.jpg\" alt=\"Hotel The Grand Mark slavnostn\u011b otev\u0159el svou zahradu pro letn\u00ed sez\u00f3nu v centru Prahy\" class=\"wp-image-14963\"\/><\/figure>\n\n\n\n<figure class=\"wp-block-image size-large\"><img decoding=\"async\" data-id=\"14962\" src=\"https:\/\/prazskeprikopy.cz\/wp-content\/uploads\/2025\/05\/kasna-1024x682.jpg\" alt=\"Hotel The Grand Mark slavnostn\u011b otev\u0159el svou zahradu pro letn\u00ed sez\u00f3nu v centru Prahy\" class=\"wp-image-14962\"\/><\/figure>\n<\/figure>\n\n\n\n<div style=\"height:35px\" aria-hidden=\"true\" class=\"wp-block-spacer\"><\/div>\n\n\n\n<p class=\"has-medium-font-size\"><strong>Zdroj foto:&nbsp;<\/strong>Hotel The Grand Mark, Czech Inn Hotels<\/p>\n\n\n\n<p class=\"has-medium-font-size\"><strong>Zdroj video:&nbsp;<\/strong>HMG, Pra\u017esk\u00e9 P\u0159\u00edkopy (<a href=\"https:\/\/www.youtube.com\/@PrazskePrikopycz\">YT kan\u00e1l Pra\u017esk\u00e9 P\u0159\u00edkopy<\/a>)<\/p>\n\n\n\n<div style=\"height:67px\" aria-hidden=\"true\" class=\"wp-block-spacer\"><\/div>\n","protected":false},"excerpt":{"rendered":"<p>V sam\u00e9m srdci historick\u00e9 Prahy se uskute\u010dnilo slavnostn\u00ed otev\u0159en\u00ed zahrady luxusn\u00edho hotelu The Grand Mark Prague, kter\u00e1 pat\u0159\u00ed mezi nejkr\u00e1sn\u011bj\u0161\u00ed a nejikoni\u010dt\u011bj\u0161\u00ed hotelov\u00e9 zahrady v cel\u00e9 metropoli. Tato o\u00e1za klidu uprost\u0159ed pulzuj\u00edc\u00edho m\u011bsta pravideln\u011b&#46;&#46;&#46;<\/p>\n","protected":false},"author":1,"featured_media":7823,"comment_status":"closed","ping_status":"closed","sticky":false,"template":"","format":"standard","meta":{"_monsterinsights_skip_tracking":false,"_monsterinsights_sitenote_active":false,"_monsterinsights_sitenote_note":"","_monsterinsights_sitenote_category":0,"footnotes":""},"categories":[163,26,22,2,154,156,28],"tags":[],"yoast_head":"<!-- This site is optimized with the Yoast SEO plugin v21.5 - https:\/\/yoast.com\/wordpress\/plugins\/seo\/ -->\n<title>Hotel The Grand Mark slavnostn\u011b otev\u0159el svou zahradu pro letn\u00ed sez\u00f3nu v centru Prahy - HOTELHOUSE.cz<\/title>\n<meta name=\"description\" content=\"V sam\u00e9m srdci historick\u00e9 Prahy se uskute\u010dnilo slavnostn\u00ed otev\u0159en\u00ed zahrady luxusn\u00edho hotelu The Grand Mark Prague...\" \/>\n<meta name=\"robots\" content=\"index, follow, max-snippet:-1, max-image-preview:large, max-video-preview:-1\" \/>\n<link rel=\"canonical\" href=\"https:\/\/hotelhouse.cz\/index.php\/2025\/05\/28\/hotel-the-grand-mark-slavnostne-otevrel-svou-zahradu-pro-letni-sezonu-v-centru-prahy\/\" \/>\n<meta property=\"og:locale\" content=\"cs_CZ\" \/>\n<meta property=\"og:type\" content=\"article\" \/>\n<meta property=\"og:title\" content=\"Hotel The Grand Mark slavnostn\u011b otev\u0159el svou zahradu pro letn\u00ed sez\u00f3nu v centru Prahy - HOTELHOUSE.cz\" \/>\n<meta property=\"og:description\" content=\"V sam\u00e9m srdci historick\u00e9 Prahy se uskute\u010dnilo slavnostn\u00ed otev\u0159en\u00ed zahrady luxusn\u00edho hotelu The Grand Mark Prague...\" \/>\n<meta property=\"og:url\" content=\"https:\/\/hotelhouse.cz\/index.php\/2025\/05\/28\/hotel-the-grand-mark-slavnostne-otevrel-svou-zahradu-pro-letni-sezonu-v-centru-prahy\/\" \/>\n<meta property=\"og:site_name\" content=\"HOTELHOUSE.cz\" \/>\n<meta property=\"article:published_time\" content=\"2025-05-28T19:53:45+00:00\" \/>\n<meta property=\"article:modified_time\" content=\"2025-06-13T23:39:03+00:00\" \/>\n<meta property=\"og:image\" content=\"https:\/\/hotelhouse.cz\/wp-content\/uploads\/2025\/05\/kasna.jpg\" \/>\n\t<meta property=\"og:image:width\" content=\"1280\" \/>\n\t<meta property=\"og:image:height\" content=\"853\" \/>\n\t<meta property=\"og:image:type\" content=\"image\/jpeg\" \/>\n<meta name=\"author\" content=\"Mikol\u00e1\u0161ek (\u0161efredaktor HMG)\" \/>\n<meta name=\"twitter:card\" content=\"summary_large_image\" \/>\n<meta name=\"twitter:label1\" content=\"Napsal(a)\" \/>\n\t<meta name=\"twitter:data1\" content=\"Mikol\u00e1\u0161ek (\u0161efredaktor HMG)\" \/>\n\t<meta name=\"twitter:label2\" content=\"Odhadovan\u00e1 doba \u010dten\u00ed\" \/>\n\t<meta name=\"twitter:data2\" content=\"5 minut\" \/>\n<script type=\"application\/ld+json\" class=\"yoast-schema-graph\">{\"@context\":\"https:\/\/schema.org\",\"@graph\":[{\"@type\":\"Article\",\"@id\":\"https:\/\/hotelhouse.cz\/index.php\/2025\/05\/28\/hotel-the-grand-mark-slavnostne-otevrel-svou-zahradu-pro-letni-sezonu-v-centru-prahy\/#article\",\"isPartOf\":{\"@id\":\"https:\/\/hotelhouse.cz\/index.php\/2025\/05\/28\/hotel-the-grand-mark-slavnostne-otevrel-svou-zahradu-pro-letni-sezonu-v-centru-prahy\/\"},\"author\":{\"name\":\"Mikol\u00e1\u0161ek (\u0161efredaktor HMG)\",\"@id\":\"https:\/\/hotelhouse.cz\/#\/schema\/person\/6f8df5654d33f7f700b98d242c71fc72\"},\"headline\":\"Hotel The Grand Mark slavnostn\u011b otev\u0159el svou zahradu pro letn\u00ed sez\u00f3nu v centru Prahy\",\"datePublished\":\"2025-05-28T19:53:45+00:00\",\"dateModified\":\"2025-06-13T23:39:03+00:00\",\"mainEntityOfPage\":{\"@id\":\"https:\/\/hotelhouse.cz\/index.php\/2025\/05\/28\/hotel-the-grand-mark-slavnostne-otevrel-svou-zahradu-pro-letni-sezonu-v-centru-prahy\/\"},\"wordCount\":563,\"publisher\":{\"@id\":\"https:\/\/hotelhouse.cz\/#organization\"},\"articleSection\":[\"GASTRO TIPY\",\"N\u00e1dhern\u00e1M\u00edsta.cz\",\"NaDovolenouDoPrahy.cz\",\"NEWS\",\"PRA\u017dSK\u00c1 METROPOLE\",\"PRA\u017dSK\u00c9 P\u0158\u00cdKOPY\",\"TIPY NA J\u00cdDLO\"],\"inLanguage\":\"cs\"},{\"@type\":\"WebPage\",\"@id\":\"https:\/\/hotelhouse.cz\/index.php\/2025\/05\/28\/hotel-the-grand-mark-slavnostne-otevrel-svou-zahradu-pro-letni-sezonu-v-centru-prahy\/\",\"url\":\"https:\/\/hotelhouse.cz\/index.php\/2025\/05\/28\/hotel-the-grand-mark-slavnostne-otevrel-svou-zahradu-pro-letni-sezonu-v-centru-prahy\/\",\"name\":\"Hotel The Grand Mark slavnostn\u011b otev\u0159el svou zahradu pro letn\u00ed sez\u00f3nu v centru Prahy - HOTELHOUSE.cz\",\"isPartOf\":{\"@id\":\"https:\/\/hotelhouse.cz\/#website\"},\"datePublished\":\"2025-05-28T19:53:45+00:00\",\"dateModified\":\"2025-06-13T23:39:03+00:00\",\"description\":\"V sam\u00e9m srdci historick\u00e9 Prahy se uskute\u010dnilo slavnostn\u00ed otev\u0159en\u00ed zahrady luxusn\u00edho hotelu The Grand Mark Prague...\",\"breadcrumb\":{\"@id\":\"https:\/\/hotelhouse.cz\/index.php\/2025\/05\/28\/hotel-the-grand-mark-slavnostne-otevrel-svou-zahradu-pro-letni-sezonu-v-centru-prahy\/#breadcrumb\"},\"inLanguage\":\"cs\",\"potentialAction\":[{\"@type\":\"ReadAction\",\"target\":[\"https:\/\/hotelhouse.cz\/index.php\/2025\/05\/28\/hotel-the-grand-mark-slavnostne-otevrel-svou-zahradu-pro-letni-sezonu-v-centru-prahy\/\"]}]},{\"@type\":\"BreadcrumbList\",\"@id\":\"https:\/\/hotelhouse.cz\/index.php\/2025\/05\/28\/hotel-the-grand-mark-slavnostne-otevrel-svou-zahradu-pro-letni-sezonu-v-centru-prahy\/#breadcrumb\",\"itemListElement\":[{\"@type\":\"ListItem\",\"position\":1,\"name\":\"Dom\u016f\",\"item\":\"https:\/\/hotelhouse.cz\/\"},{\"@type\":\"ListItem\",\"position\":2,\"name\":\"Hotel The Grand Mark slavnostn\u011b otev\u0159el svou zahradu pro letn\u00ed sez\u00f3nu v centru Prahy\"}]},{\"@type\":\"WebSite\",\"@id\":\"https:\/\/hotelhouse.cz\/#website\",\"url\":\"https:\/\/hotelhouse.cz\/\",\"name\":\"HOTELHOUSE.cz\",\"description\":\"Port\u00e1l o hotelech, pensionech, spa resortech a restaurac\u00edch...\",\"publisher\":{\"@id\":\"https:\/\/hotelhouse.cz\/#organization\"},\"potentialAction\":[{\"@type\":\"SearchAction\",\"target\":{\"@type\":\"EntryPoint\",\"urlTemplate\":\"https:\/\/hotelhouse.cz\/?s={search_term_string}\"},\"query-input\":\"required name=search_term_string\"}],\"inLanguage\":\"cs\"},{\"@type\":\"Organization\",\"@id\":\"https:\/\/hotelhouse.cz\/#organization\",\"name\":\"HOTELHOUSE.cz\",\"url\":\"https:\/\/hotelhouse.cz\/\",\"logo\":{\"@type\":\"ImageObject\",\"inLanguage\":\"cs\",\"@id\":\"https:\/\/hotelhouse.cz\/#\/schema\/logo\/image\/\",\"url\":\"https:\/\/hotelhouse.cz\/wp-content\/uploads\/2024\/12\/cropped-Logo_HotelHouse-2.jpg\",\"contentUrl\":\"https:\/\/hotelhouse.cz\/wp-content\/uploads\/2024\/12\/cropped-Logo_HotelHouse-2.jpg\",\"width\":933,\"height\":516,\"caption\":\"HOTELHOUSE.cz\"},\"image\":{\"@id\":\"https:\/\/hotelhouse.cz\/#\/schema\/logo\/image\/\"},\"sameAs\":[\"https:\/\/www.instagram.com\/hotelhousecz\/\"]},{\"@type\":\"Person\",\"@id\":\"https:\/\/hotelhouse.cz\/#\/schema\/person\/6f8df5654d33f7f700b98d242c71fc72\",\"name\":\"Mikol\u00e1\u0161ek (\u0161efredaktor HMG)\",\"image\":{\"@type\":\"ImageObject\",\"inLanguage\":\"cs\",\"@id\":\"https:\/\/hotelhouse.cz\/#\/schema\/person\/image\/\",\"url\":\"https:\/\/secure.gravatar.com\/avatar\/1c8a35f186d8baabb0513b2bdd8e53cd?s=96&d=mm&r=g\",\"contentUrl\":\"https:\/\/secure.gravatar.com\/avatar\/1c8a35f186d8baabb0513b2bdd8e53cd?s=96&d=mm&r=g\",\"caption\":\"Mikol\u00e1\u0161ek (\u0161efredaktor HMG)\"},\"sameAs\":[\"http:\/\/www.hotelhouse.cz\"],\"url\":\"https:\/\/hotelhouse.cz\/index.php\/author\/ivomik\/\"}]}<\/script>\n<!-- \/ Yoast SEO plugin. -->","yoast_head_json":{"title":"Hotel The Grand Mark slavnostn\u011b otev\u0159el svou zahradu pro letn\u00ed sez\u00f3nu v centru Prahy - HOTELHOUSE.cz","description":"V sam\u00e9m srdci historick\u00e9 Prahy se uskute\u010dnilo slavnostn\u00ed otev\u0159en\u00ed zahrady luxusn\u00edho hotelu The Grand Mark Prague...","robots":{"index":"index","follow":"follow","max-snippet":"max-snippet:-1","max-image-preview":"max-image-preview:large","max-video-preview":"max-video-preview:-1"},"canonical":"https:\/\/hotelhouse.cz\/index.php\/2025\/05\/28\/hotel-the-grand-mark-slavnostne-otevrel-svou-zahradu-pro-letni-sezonu-v-centru-prahy\/","og_locale":"cs_CZ","og_type":"article","og_title":"Hotel The Grand Mark slavnostn\u011b otev\u0159el svou zahradu pro letn\u00ed sez\u00f3nu v centru Prahy - HOTELHOUSE.cz","og_description":"V sam\u00e9m srdci historick\u00e9 Prahy se uskute\u010dnilo slavnostn\u00ed otev\u0159en\u00ed zahrady luxusn\u00edho hotelu The Grand Mark Prague...","og_url":"https:\/\/hotelhouse.cz\/index.php\/2025\/05\/28\/hotel-the-grand-mark-slavnostne-otevrel-svou-zahradu-pro-letni-sezonu-v-centru-prahy\/","og_site_name":"HOTELHOUSE.cz","article_published_time":"2025-05-28T19:53:45+00:00","article_modified_time":"2025-06-13T23:39:03+00:00","og_image":[{"width":1280,"height":853,"url":"https:\/\/hotelhouse.cz\/wp-content\/uploads\/2025\/05\/kasna.jpg","type":"image\/jpeg"}],"author":"Mikol\u00e1\u0161ek (\u0161efredaktor HMG)","twitter_card":"summary_large_image","twitter_misc":{"Napsal(a)":"Mikol\u00e1\u0161ek (\u0161efredaktor HMG)","Odhadovan\u00e1 doba \u010dten\u00ed":"5 minut"},"schema":{"@context":"https:\/\/schema.org","@graph":[{"@type":"Article","@id":"https:\/\/hotelhouse.cz\/index.php\/2025\/05\/28\/hotel-the-grand-mark-slavnostne-otevrel-svou-zahradu-pro-letni-sezonu-v-centru-prahy\/#article","isPartOf":{"@id":"https:\/\/hotelhouse.cz\/index.php\/2025\/05\/28\/hotel-the-grand-mark-slavnostne-otevrel-svou-zahradu-pro-letni-sezonu-v-centru-prahy\/"},"author":{"name":"Mikol\u00e1\u0161ek (\u0161efredaktor HMG)","@id":"https:\/\/hotelhouse.cz\/#\/schema\/person\/6f8df5654d33f7f700b98d242c71fc72"},"headline":"Hotel The Grand Mark slavnostn\u011b otev\u0159el svou zahradu pro letn\u00ed sez\u00f3nu v centru Prahy","datePublished":"2025-05-28T19:53:45+00:00","dateModified":"2025-06-13T23:39:03+00:00","mainEntityOfPage":{"@id":"https:\/\/hotelhouse.cz\/index.php\/2025\/05\/28\/hotel-the-grand-mark-slavnostne-otevrel-svou-zahradu-pro-letni-sezonu-v-centru-prahy\/"},"wordCount":563,"publisher":{"@id":"https:\/\/hotelhouse.cz\/#organization"},"articleSection":["GASTRO TIPY","N\u00e1dhern\u00e1M\u00edsta.cz","NaDovolenouDoPrahy.cz","NEWS","PRA\u017dSK\u00c1 METROPOLE","PRA\u017dSK\u00c9 P\u0158\u00cdKOPY","TIPY NA J\u00cdDLO"],"inLanguage":"cs"},{"@type":"WebPage","@id":"https:\/\/hotelhouse.cz\/index.php\/2025\/05\/28\/hotel-the-grand-mark-slavnostne-otevrel-svou-zahradu-pro-letni-sezonu-v-centru-prahy\/","url":"https:\/\/hotelhouse.cz\/index.php\/2025\/05\/28\/hotel-the-grand-mark-slavnostne-otevrel-svou-zahradu-pro-letni-sezonu-v-centru-prahy\/","name":"Hotel The Grand Mark slavnostn\u011b otev\u0159el svou zahradu pro letn\u00ed sez\u00f3nu v centru Prahy - HOTELHOUSE.cz","isPartOf":{"@id":"https:\/\/hotelhouse.cz\/#website"},"datePublished":"2025-05-28T19:53:45+00:00","dateModified":"2025-06-13T23:39:03+00:00","description":"V sam\u00e9m srdci historick\u00e9 Prahy se uskute\u010dnilo slavnostn\u00ed otev\u0159en\u00ed zahrady luxusn\u00edho hotelu The Grand Mark Prague...","breadcrumb":{"@id":"https:\/\/hotelhouse.cz\/index.php\/2025\/05\/28\/hotel-the-grand-mark-slavnostne-otevrel-svou-zahradu-pro-letni-sezonu-v-centru-prahy\/#breadcrumb"},"inLanguage":"cs","potentialAction":[{"@type":"ReadAction","target":["https:\/\/hotelhouse.cz\/index.php\/2025\/05\/28\/hotel-the-grand-mark-slavnostne-otevrel-svou-zahradu-pro-letni-sezonu-v-centru-prahy\/"]}]},{"@type":"BreadcrumbList","@id":"https:\/\/hotelhouse.cz\/index.php\/2025\/05\/28\/hotel-the-grand-mark-slavnostne-otevrel-svou-zahradu-pro-letni-sezonu-v-centru-prahy\/#breadcrumb","itemListElement":[{"@type":"ListItem","position":1,"name":"Dom\u016f","item":"https:\/\/hotelhouse.cz\/"},{"@type":"ListItem","position":2,"name":"Hotel The Grand Mark slavnostn\u011b otev\u0159el svou zahradu pro letn\u00ed sez\u00f3nu v centru Prahy"}]},{"@type":"WebSite","@id":"https:\/\/hotelhouse.cz\/#website","url":"https:\/\/hotelhouse.cz\/","name":"HOTELHOUSE.cz","description":"Port\u00e1l o hotelech, pensionech, spa resortech a restaurac\u00edch...","publisher":{"@id":"https:\/\/hotelhouse.cz\/#organization"},"potentialAction":[{"@type":"SearchAction","target":{"@type":"EntryPoint","urlTemplate":"https:\/\/hotelhouse.cz\/?s={search_term_string}"},"query-input":"required name=search_term_string"}],"inLanguage":"cs"},{"@type":"Organization","@id":"https:\/\/hotelhouse.cz\/#organization","name":"HOTELHOUSE.cz","url":"https:\/\/hotelhouse.cz\/","logo":{"@type":"ImageObject","inLanguage":"cs","@id":"https:\/\/hotelhouse.cz\/#\/schema\/logo\/image\/","url":"https:\/\/hotelhouse.cz\/wp-content\/uploads\/2024\/12\/cropped-Logo_HotelHouse-2.jpg","contentUrl":"https:\/\/hotelhouse.cz\/wp-content\/uploads\/2024\/12\/cropped-Logo_HotelHouse-2.jpg","width":933,"height":516,"caption":"HOTELHOUSE.cz"},"image":{"@id":"https:\/\/hotelhouse.cz\/#\/schema\/logo\/image\/"},"sameAs":["https:\/\/www.instagram.com\/hotelhousecz\/"]},{"@type":"Person","@id":"https:\/\/hotelhouse.cz\/#\/schema\/person\/6f8df5654d33f7f700b98d242c71fc72","name":"Mikol\u00e1\u0161ek (\u0161efredaktor HMG)","image":{"@type":"ImageObject","inLanguage":"cs","@id":"https:\/\/hotelhouse.cz\/#\/schema\/person\/image\/","url":"https:\/\/secure.gravatar.com\/avatar\/1c8a35f186d8baabb0513b2bdd8e53cd?s=96&d=mm&r=g","contentUrl":"https:\/\/secure.gravatar.com\/avatar\/1c8a35f186d8baabb0513b2bdd8e53cd?s=96&d=mm&r=g","caption":"Mikol\u00e1\u0161ek (\u0161efredaktor HMG)"},"sameAs":["http:\/\/www.hotelhouse.cz"],"url":"https:\/\/hotelhouse.cz\/index.php\/author\/ivomik\/"}]}},"_links":{"self":[{"href":"https:\/\/hotelhouse.cz\/index.php\/wp-json\/wp\/v2\/posts\/7822"}],"collection":[{"href":"https:\/\/hotelhouse.cz\/index.php\/wp-json\/wp\/v2\/posts"}],"about":[{"href":"https:\/\/hotelhouse.cz\/index.php\/wp-json\/wp\/v2\/types\/post"}],"author":[{"embeddable":true,"href":"https:\/\/hotelhouse.cz\/index.php\/wp-json\/wp\/v2\/users\/1"}],"replies":[{"embeddable":true,"href":"https:\/\/hotelhouse.cz\/index.php\/wp-json\/wp\/v2\/comments?post=7822"}],"version-history":[{"count":2,"href":"https:\/\/hotelhouse.cz\/index.php\/wp-json\/wp\/v2\/posts\/7822\/revisions"}],"predecessor-version":[{"id":7886,"href":"https:\/\/hotelhouse.cz\/index.php\/wp-json\/wp\/v2\/posts\/7822\/revisions\/7886"}],"wp:featuredmedia":[{"embeddable":true,"href":"https:\/\/hotelhouse.cz\/index.php\/wp-json\/wp\/v2\/media\/7823"}],"wp:attachment":[{"href":"https:\/\/hotelhouse.cz\/index.php\/wp-json\/wp\/v2\/media?parent=7822"}],"wp:term":[{"taxonomy":"category","embeddable":true,"href":"https:\/\/hotelhouse.cz\/index.php\/wp-json\/wp\/v2\/categories?post=7822"},{"taxonomy":"post_tag","embeddable":true,"href":"https:\/\/hotelhouse.cz\/index.php\/wp-json\/wp\/v2\/tags?post=7822"}],"curies":[{"name":"wp","href":"https:\/\/api.w.org\/{rel}","templated":true}]}}