{"id":7844,"date":"2025-06-06T00:46:01","date_gmt":"2025-06-05T22:46:01","guid":{"rendered":"https:\/\/hotelhouse.cz\/?p=7844"},"modified":"2025-06-06T00:46:02","modified_gmt":"2025-06-05T22:46:02","slug":"spindleruv-mlyn-otevira-letni-sezonu-s-programem-pro-celou-rodinu","status":"publish","type":"post","link":"https:\/\/hotelhouse.cz\/index.php\/2025\/06\/06\/spindleruv-mlyn-otevira-letni-sezonu-s-programem-pro-celou-rodinu\/","title":{"rendered":"\u0160pindler\u016fv Ml\u00fdn otev\u00edr\u00e1 letn\u00ed sez\u00f3nu s programem pro celou rodinu"},"content":{"rendered":"\n<div style=\"height:45px\" aria-hidden=\"true\" class=\"wp-block-spacer\"><\/div>\n\n\n\n<p class=\"has-medium-font-size\"><strong>P\u0159ipravte se na nezapomenuteln\u00fd den pln\u00fd z\u00e1bavy, dobrodru\u017estv\u00ed a dechberouc\u00edch v\u00fdhled\u016f! \u0160pindler\u016fv Ml\u00fdn, centrum Krkono\u0161, se chyst\u00e1 rozbou\u0159it letn\u00ed sez\u00f3nu a my v\u00e1s srde\u010dn\u011b zveme na Summer Opening, akci, kter\u00e1 odstartuje va\u0161e letn\u00ed horsk\u00e9 z\u00e1\u017eitky s vervou a \u00fasm\u011bvem na tv\u00e1\u0159i. <\/strong><\/p>\n\n\n\n<p class=\"has-medium-font-size\"><strong>Akce se  kon\u00e1 ji\u017e tuto sobotu 7. \u010dervna 2025 na horn\u00ed stanici lanovky Medv\u011bd\u00edn. Od 10:00 do 16:00 hodin.<\/strong><\/p>\n\n\n\n<p class=\"has-medium-font-size\">A\u0165 u\u017e jste rodina s mal\u00fdmi d\u011btmi, parta kamar\u00e1d\u016f hledaj\u00edc\u00ed aktivn\u00ed odpo\u010dinek, nebo jen tou\u017e\u00edte po klidn\u00e9 chv\u00edli uprost\u0159ed p\u0159\u00edrody, <strong>\u0160pindler\u016fv Ml\u00fdn<\/strong> v\u00e1m nab\u00eddne to prav\u00e9. A pozor, m\u00e1me pro v\u00e1s skv\u011blou zpr\u00e1vu: <strong>lanovka za 10 K\u010d<\/strong> pro v\u0161echny do 18 let! \u010ct\u011bte d\u00e1l a dozv\u00edte se v\u0161e, co pot\u0159ebujete v\u011bd\u011bt, abyste si tento den u\u017eili naplno.<\/p>\n\n\n\n<div style=\"height:45px\" aria-hidden=\"true\" class=\"wp-block-spacer\"><\/div>\n\n\n<div class=\"wp-block-image\">\n<figure class=\"aligncenter size-large\"><img decoding=\"async\" src=\"https:\/\/spindleruvmlyn.cz\/wp-content\/uploads\/2025\/06\/skiareal_leto_23_traga_small-71-1024x682.jpg\" alt=\"L\u00e9to v pln\u00e9 kr\u00e1se: \u0160pindler\u016fv Ml\u00fdn otev\u00edr\u00e1 letn\u00ed sez\u00f3nu s programem pro celou rodinu!\" class=\"wp-image-3461\"\/><\/figure><\/div>\n\n\n<div style=\"height:45px\" aria-hidden=\"true\" class=\"wp-block-spacer\"><\/div>\n\n\n\n<h2 class=\"wp-block-heading\">\u0160pindler\u016fv Ml\u00fdn: Krkono\u0161sk\u00e1 perla pro letn\u00ed dobrodru\u017estv\u00ed<\/h2>\n\n\n\n<div style=\"height:45px\" aria-hidden=\"true\" class=\"wp-block-spacer\"><\/div>\n\n\n\n<p class=\"has-medium-font-size\"><strong><a href=\"https:\/\/spindleruvmlyn.cz\/\">\u0160pindler\u016fv Ml\u00fdn<\/a><\/strong> je bezesporu jedn\u00edm z nejikoni\u010dt\u011bj\u0161\u00edch a nejnav\u0161t\u011bvovan\u011bj\u0161\u00edch m\u00edst v \u010cesk\u00e9 republice. Proslul\u00fd sv\u00fdmi sjezdovkami v zim\u011b, se v letn\u00edch m\u011bs\u00edc\u00edch prom\u011b\u0148uje v r\u00e1j pro turisty, cyklisty a milovn\u00edky p\u0159\u00edrody. Krkono\u0161sk\u00e1 krajina, s jej\u00edmi majest\u00e1tn\u00edmi vrcholy, hlubok\u00fdmi \u00fadol\u00edmi a \u0161um\u00edc\u00edmi potoky, je ide\u00e1ln\u00edm m\u00edstem pro \u00fat\u011bk z m\u011bstsk\u00e9ho shonu a na\u010derp\u00e1n\u00ed nov\u00e9 energie. V\u011bd\u011bli jste, \u017ee pr\u00e1v\u011b zde m\u016f\u017eete objevit mnoho tajemstv\u00ed a kr\u00e1s, kter\u00e9 <strong><a href=\"https:\/\/centrumkrkonos.cz\/\">centrum Krkono\u0161<\/a><\/strong> nab\u00edz\u00ed? Od relaxace u vody, p\u0159es adrenalinov\u00e9 sporty, a\u017e po objevov\u00e1n\u00ed m\u00edstn\u00ed fl\u00f3ry a fauny \u2013 ve \u0160pindlu se zkr\u00e1tka nudit nebudete.<\/p>\n\n\n\n<div style=\"height:45px\" aria-hidden=\"true\" class=\"wp-block-spacer\"><\/div>\n\n\n<div class=\"wp-block-image\">\n<figure class=\"aligncenter size-large\"><img decoding=\"async\" src=\"https:\/\/spindleruvmlyn.cz\/wp-content\/uploads\/2025\/06\/skiareal_leto_23_traga_small-3-1024x608.jpg\" alt=\"L\u00e9to v pln\u00e9 kr\u00e1se: \u0160pindler\u016fv Ml\u00fdn otev\u00edr\u00e1 letn\u00ed sez\u00f3nu s programem pro celou rodinu!\" class=\"wp-image-3455\"\/><\/figure><\/div>\n\n\n<div style=\"height:45px\" aria-hidden=\"true\" class=\"wp-block-spacer\"><\/div>\n\n\n\n<h3 class=\"wp-block-heading\">Pro\u010d je \u0160pindler\u016fv Ml\u00fdn ide\u00e1ln\u00ed destinac\u00ed pro rodinnou dovolenou?<\/h3>\n\n\n\n<div style=\"height:45px\" aria-hidden=\"true\" class=\"wp-block-spacer\"><\/div>\n\n\n\n<p class=\"has-medium-font-size\">Krom\u011b \u00fachvatn\u00e9 p\u0159\u00edrody a \u0161irok\u00e9 \u0161k\u00e1ly aktivit, <strong><a href=\"https:\/\/www.skiareal.cz\/\">\u0160pindler\u016fv Ml\u00fdn<\/a><\/strong> klade velk\u00fd d\u016fraz na rodinnou pohodu. Najdete zde bezpo\u010det ubytovac\u00edch mo\u017enost\u00ed, od luxusn\u00edch hotel\u016f po \u00fatuln\u00e9 penziony, kter\u00e9 se postaraj\u00ed o komfort cel\u00e9 rodiny. Gastronomick\u00e1 sc\u00e9na je rovn\u011b\u017e na vysok\u00e9 \u00farovni, s restauracemi nab\u00edzej\u00edc\u00edmi tradi\u010dn\u00ed \u010deskou kuchyni i modern\u00ed gastronomick\u00e9 z\u00e1\u017eitky. A co je nejd\u016fle\u017eit\u011bj\u0161\u00ed, <strong><a href=\"https:\/\/www.mestospindleruvmlyn.cz\/\">\u0160pindler\u016fv Ml\u00fdn<\/a><\/strong> je m\u00edstem, kde si d\u011bti u\u017eij\u00ed svobodu a prostor k objevov\u00e1n\u00ed, zat\u00edmco rodi\u010de si odpo\u010dinou a naberou s\u00edly.<\/p>\n\n\n\n<div style=\"height:45px\" aria-hidden=\"true\" class=\"wp-block-spacer\"><\/div>\n\n\n<div class=\"wp-block-image\">\n<figure class=\"aligncenter size-large\"><img decoding=\"async\" src=\"https:\/\/spindleruvmlyn.cz\/wp-content\/uploads\/2025\/06\/497862945_669877345660325_7591858618597198958_n-1024x385.jpg\" alt=\"L\u00e9to v pln\u00e9 kr\u00e1se: \u0160pindler\u016fv Ml\u00fdn otev\u00edr\u00e1 letn\u00ed sez\u00f3nu s programem pro celou rodinu!\" class=\"wp-image-3454\"\/><\/figure><\/div>\n\n\n<div style=\"height:45px\" aria-hidden=\"true\" class=\"wp-block-spacer\"><\/div>\n\n\n\n<h2 class=\"wp-block-heading\">Summer Opening 2025: Oslavte zah\u00e1jen\u00ed letn\u00ed sez\u00f3ny s n\u00e1mi!<\/h2>\n\n\n\n<div style=\"height:45px\" aria-hidden=\"true\" class=\"wp-block-spacer\"><\/div>\n\n\n\n<p class=\"has-medium-font-size\">Zah\u00e1jen\u00ed letn\u00ed sez\u00f3ny 2025 je za rohem a my se u\u017e nem\u016f\u017eeme do\u010dkat, a\u017e s v\u00e1mi oslav\u00edme p\u0159\u00edchod tepl\u00fdch dn\u016f a nekone\u010dn\u00fdch mo\u017enost\u00ed, kter\u00e9 hory nab\u00edzej\u00ed. Akce <strong>Summer Opening<\/strong> je ide\u00e1ln\u00ed p\u0159\u00edle\u017eitost\u00ed, jak str\u00e1vit den s rodinou, p\u0159\u00e1teli a prozkoumat kr\u00e1sy Krkono\u0161.<\/p>\n\n\n\n<div style=\"height:45px\" aria-hidden=\"true\" class=\"wp-block-spacer\"><\/div>\n\n\n\n<h3 class=\"wp-block-heading\">Kdy a kde se potk\u00e1me?<\/h3>\n\n\n\n<div style=\"height:45px\" aria-hidden=\"true\" class=\"wp-block-spacer\"><\/div>\n\n\n\n<p class=\"has-medium-font-size\">Zapi\u0161te si do kalend\u00e1\u0159e: <strong>7. \u010dervna<\/strong> se cel\u00e1 z\u00e1bava p\u0159esune na <strong>horn\u00ed stanici lanovky Medv\u011bd\u00edn<\/strong>. Akce startuje v <strong>10:00<\/strong> a potrv\u00e1 a\u017e do <strong>16:00<\/strong> hodin, tak\u017ee budete m\u00edt spoustu \u010dasu u\u017e\u00edt si ve\u0161ker\u00fd program. Lokalita horn\u00ed stanice lanovky Medv\u011bd\u00edn je vybr\u00e1na strategicky \u2013 nab\u00edz\u00ed nejen \u00fachvatn\u00e9 v\u00fdhledy do okol\u00ed, ale tak\u00e9 snadn\u00fd p\u0159\u00edstup k dal\u0161\u00edm atrakc\u00edm.<\/p>\n\n\n\n<div style=\"height:45px\" aria-hidden=\"true\" class=\"wp-block-spacer\"><\/div>\n\n\n<div class=\"wp-block-image\">\n<figure class=\"aligncenter size-large\"><img decoding=\"async\" src=\"https:\/\/spindleruvmlyn.cz\/wp-content\/uploads\/2025\/06\/skiareal_leto_23_traga_small-54-1024x682.jpg\" alt=\"L\u00e9to v pln\u00e9 kr\u00e1se: \u0160pindler\u016fv Ml\u00fdn otev\u00edr\u00e1 letn\u00ed sez\u00f3nu s programem pro celou rodinu!\" class=\"wp-image-3462\"\/><\/figure><\/div>\n\n\n<div style=\"height:45px\" aria-hidden=\"true\" class=\"wp-block-spacer\"><\/div>\n\n\n\n<h3 class=\"wp-block-heading\">Bohat\u00fd program pro mal\u00e9 i velk\u00e9<\/h3>\n\n\n\n<div style=\"height:45px\" aria-hidden=\"true\" class=\"wp-block-spacer\"><\/div>\n\n\n\n<p class=\"has-medium-font-size\"><strong>P\u0159ipravili jsme pro v\u00e1s program, kter\u00fd pot\u011b\u0161\u00ed ka\u017ed\u00e9ho. Od 10:00 hod. se m\u016f\u017eete t\u011b\u0161it na:<\/strong><\/p>\n\n\n\n<ul class=\"wp-block-list\">\n<li><strong>Sout\u011b\u017ee a hry:<\/strong> Pro d\u011bti i dosp\u011bl\u00e9 budou p\u0159ipraveny z\u00e1bavn\u00e9 sout\u011b\u017ee s atraktivn\u00edmi cenami. Nezapome\u0148te si p\u0159ipravit sout\u011b\u017en\u00edho ducha!<\/li>\n\n\n\n<li><strong>Koncerty:<\/strong> \u017div\u00e1 hudba dod\u00e1 akci tu spr\u00e1vnou atmosf\u00e9ru. T\u011b\u0161te se na p\u0159\u00edjemn\u00e9 melodie, kter\u00e9 v\u00e1s nalad\u00ed na letn\u00ed vlnu.<\/li>\n\n\n\n<li><strong>Doprovodn\u00fd program:<\/strong> Krom\u011b hlavn\u00edch bod\u016f programu bude p\u0159ipravena \u0159ada doprovodn\u00fdch aktivit, kter\u00e9 v\u00e1s nenechaj\u00ed chv\u00edli v klidu.<\/li>\n<\/ul>\n\n\n\n<p class=\"has-medium-font-size\">Cel\u00fd den bude pln\u00fd sm\u00edchu, radosti a nezapomenuteln\u00fdch z\u00e1\u017eitk\u016f. Nebude chyb\u011bt ani j\u00eddlo a pit\u00ed, tak\u017ee o va\u0161e chu\u0165ov\u00e9 bu\u0148ky bude postar\u00e1no.<\/p>\n\n\n\n<div style=\"height:45px\" aria-hidden=\"true\" class=\"wp-block-spacer\"><\/div>\n\n\n<div class=\"wp-block-image\">\n<figure class=\"aligncenter size-large\"><img decoding=\"async\" src=\"https:\/\/spindleruvmlyn.cz\/wp-content\/uploads\/2025\/06\/skiareal_leto_23_traga_small-69-1024x682.jpg\" alt=\"L\u00e9to v pln\u00e9 kr\u00e1se: \u0160pindler\u016fv Ml\u00fdn otev\u00edr\u00e1 letn\u00ed sez\u00f3nu s programem pro celou rodinu!\" class=\"wp-image-3458\"\/><\/figure><\/div>\n\n\n<div style=\"height:45px\" aria-hidden=\"true\" class=\"wp-block-spacer\"><\/div>\n\n\n\n<h2 class=\"wp-block-heading\">Speci\u00e1ln\u00ed nab\u00eddka: Lanovka za 10 K\u010d pro mlad\u00e9 objevitele!<\/h2>\n\n\n\n<div style=\"height:45px\" aria-hidden=\"true\" class=\"wp-block-spacer\"><\/div>\n\n\n\n<p class=\"has-medium-font-size\">A te\u010f to nejlep\u0161\u00ed! Aby byl p\u0159\u00edstup k horsk\u00fdm dobrodru\u017estv\u00edm co nejp\u0159\u00edjemn\u011bj\u0161\u00ed, p\u0159ipravili jsme pro v\u00e1s speci\u00e1ln\u00ed akci: <strong>lanovka za 10 K\u010d pro v\u0161echny osoby do 18 let<\/strong>! Toto speci\u00e1ln\u00ed j\u00edzdn\u00e9 na <strong>Summer Opening<\/strong> pro kategorie d\u00edt\u011b a junior je fantastickou p\u0159\u00edle\u017eitost\u00ed, jak si u\u017e\u00edt pohodlnou cestu na vrchol Medv\u011bd\u00edna a prozkoumat okol\u00ed bez zbyte\u010dn\u00fdch n\u00e1klad\u016f.<\/p>\n\n\n\n<div style=\"height:45px\" aria-hidden=\"true\" class=\"wp-block-spacer\"><\/div>\n\n\n\n<h3 class=\"wp-block-heading\">Jak z\u00edskat j\u00edzdenku za 10 K\u010d?<\/h3>\n\n\n\n<p class=\"has-medium-font-size\">Je to jednoduch\u00e9! J\u00edzdenku si m\u016f\u017eete zakoupit dv\u011bma zp\u016fsoby:<\/p>\n\n\n\n<ol class=\"wp-block-list\">\n<li class=\"has-medium-font-size\"><strong>Online na e-shopu www.gopass.travel:<\/strong> Doporu\u010dujeme n\u00e1kup online, abyste se vyhnuli front\u00e1m na pokladn\u011b. Je to rychl\u00e9, pohodln\u00e9 a j\u00edzdenku m\u00e1te okam\u017eit\u011b k dispozici.<\/li>\n\n\n\n<li class=\"has-medium-font-size\"><strong>Na pokladn\u011b LD Medv\u011bd\u00edn:<\/strong> Pokud preferujete osobn\u00ed n\u00e1kup, m\u016f\u017eete j\u00edzdenku zakoupit p\u0159\u00edmo na pokladn\u011b lanov\u00e9 dr\u00e1hy Medv\u011bd\u00edn.<\/li>\n<\/ol>\n\n\n\n<p class=\"has-medium-font-size\">Nenechte si uj\u00edt tuto jedine\u010dnou \u0161anci a vydejte se s celou rodinou na vrchol!<\/p>\n\n\n\n<div style=\"height:45px\" aria-hidden=\"true\" class=\"wp-block-spacer\"><\/div>\n\n\n<div class=\"wp-block-image\">\n<figure class=\"aligncenter size-large\"><img decoding=\"async\" src=\"https:\/\/spindleruvmlyn.cz\/wp-content\/uploads\/2025\/06\/skiareal_leto_23_traga_small-22-1024x682.jpg\" alt=\"L\u00e9to v pln\u00e9 kr\u00e1se: \u0160pindler\u016fv Ml\u00fdn otev\u00edr\u00e1 letn\u00ed sez\u00f3nu s programem pro celou rodinu!\" class=\"wp-image-3460\"\/><\/figure><\/div>\n\n\n<div style=\"height:45px\" aria-hidden=\"true\" class=\"wp-block-spacer\"><\/div>\n\n\n\n<h2 class=\"wp-block-heading\">D\u011btsk\u00e9 Me\u010f\u00e1nkovo h\u0159i\u0161t\u011b s trampol\u00ednou: R\u00e1j pro nejmen\u0161\u00ed<\/h2>\n\n\n\n<div style=\"height:45px\" aria-hidden=\"true\" class=\"wp-block-spacer\"><\/div>\n\n\n\n<p class=\"has-medium-font-size\">Zat\u00edmco dosp\u011bl\u00ed se budou bavit na koncertech nebo si u\u017e\u00edvat v\u00fdhledy, d\u011bti se mohou vy\u0159\u00e1dit na speci\u00e1ln\u011b p\u0159ipraven\u00e9m <strong><a href=\"https:\/\/www.skiareal.cz\/letni-zazitky\/detska-hriste\">D\u011btsk\u00e9m Me\u010f\u00e1nkov\u011b h\u0159i\u0161ti s trampol\u00ednou<\/a><\/strong>. Toto h\u0159i\u0161t\u011b je navr\u017eeno tak, aby poskytovalo bezpe\u010dn\u00e9 a z\u00e1bavn\u00e9 prost\u0159ed\u00ed pro nejmen\u0161\u00ed n\u00e1v\u0161t\u011bvn\u00edky. Sk\u00e1k\u00e1n\u00ed na trampol\u00edn\u011b je skv\u011bl\u00fd zp\u016fsob, jak sp\u00e1lit p\u0159ebyte\u010dnou energii a u\u017e\u00edt si spoustu sm\u00edchu. H\u0159i\u0161t\u011b bude otev\u0159eno po cel\u00fd den, tak\u017ee si d\u011bti mohou hr\u00e1t, kdykoli budou m\u00edt chu\u0165.<\/p>\n\n\n\n<div style=\"height:45px\" aria-hidden=\"true\" class=\"wp-block-spacer\"><\/div>\n\n\n\n<h2 class=\"wp-block-heading\">Restaurace Medv\u011bd\u00edn: Dopl\u0148te energii po dni pln\u00e9m z\u00e1bavy<\/h2>\n\n\n\n<div style=\"height:45px\" aria-hidden=\"true\" class=\"wp-block-spacer\"><\/div>\n\n\n\n<p class=\"has-medium-font-size\">Po celodenn\u00edch aktivit\u00e1ch v\u00e1m jist\u011b vyhl\u00e1dne. Nemus\u00edte se b\u00e1t, <strong>Restaurace Medv\u011bd\u00edn<\/strong> bude otev\u0159ena po cel\u00fd den a nab\u00eddne \u0161irokou \u0161k\u00e1lu pokrm\u016f a n\u00e1poj\u016f. A\u0165 u\u017e m\u00e1te chu\u0165 na tradi\u010dn\u00ed \u010desk\u00e9 speciality, nebo d\u00e1v\u00e1te p\u0159ednost n\u011b\u010demu leh\u010d\u00edmu, zde si ur\u010dit\u011b vyberete. Vychutnejte si ob\u011bd s v\u00fdhledem na Krkono\u0161e nebo si dop\u0159ejte odpoledn\u00ed k\u00e1vu a z\u00e1kusek. Restaurace Medv\u011bd\u00edn je ide\u00e1ln\u00edm m\u00edstem, kde si m\u016f\u017eete odpo\u010dinout a nabrat s\u00edly na dal\u0161\u00ed z\u00e1\u017eitky.<\/p>\n\n\n\n<div style=\"height:45px\" aria-hidden=\"true\" class=\"wp-block-spacer\"><\/div>\n\n\n<div class=\"wp-block-image is-resized\">\n<figure class=\"aligncenter size-full\"><img decoding=\"async\" src=\"https:\/\/spindleruvmlyn.cz\/wp-content\/uploads\/2025\/06\/csm_FAT_logo-skiareal-15_83c3bcf199.jpg\" alt=\"L\u00e9to v pln\u00e9 kr\u00e1se: \u0160pindler\u016fv Ml\u00fdn otev\u00edr\u00e1 letn\u00ed sez\u00f3nu s programem pro celou rodinu!\" class=\"wp-image-3450\"\/><\/figure><\/div>\n\n\n<div style=\"height:45px\" aria-hidden=\"true\" class=\"wp-block-spacer\"><\/div>\n\n\n\n<h2 class=\"wp-block-heading\">V\u00edce informac\u00ed a pl\u00e1nov\u00e1n\u00ed va\u0161\u00ed cesty<\/h2>\n\n\n\n<div style=\"height:45px\" aria-hidden=\"true\" class=\"wp-block-spacer\"><\/div>\n\n\n\n<p class=\"has-medium-font-size\">Pro nejaktu\u00e1ln\u011bj\u0161\u00ed informace a podrobnosti k akci <strong>Summer Opening<\/strong> doporu\u010dujeme nav\u0161t\u00edvit ofici\u00e1ln\u00ed webov\u00e9 str\u00e1nky:<\/p>\n\n\n\n<ul class=\"wp-block-list\">\n<li><strong>skiareal.com<\/strong><\/li>\n\n\n\n<li><strong><a href=\"https:\/\/www.skiareal.cz\/zazitky\/akce-udalosti\/summer-opening\" target=\"_blank\" rel=\"noreferrer noopener\">https:\/\/www.skiareal.cz\/zazitky\/akce-udalosti\/summer-opening<\/a><\/strong><\/li>\n<\/ul>\n\n\n\n<p class=\"has-medium-font-size\">Zde najdete ve\u0161ker\u00e9 pot\u0159ebn\u00e9 informace, v\u010detn\u011b p\u0159\u00edpadn\u00fdch aktualizac\u00ed programu a tip\u016f pro pl\u00e1nov\u00e1n\u00ed va\u0161\u00ed cesty do <strong>\u0160pindlerova Ml\u00fdna<\/strong>.<\/p>\n\n\n\n<div style=\"height:45px\" aria-hidden=\"true\" class=\"wp-block-spacer\"><\/div>\n\n\n\n<h3 class=\"wp-block-heading\">Tipy pro perfektn\u00ed den v \u0160pindlerov\u011b Ml\u00fdn\u011b:<\/h3>\n\n\n\n<div style=\"height:19px\" aria-hidden=\"true\" class=\"wp-block-spacer\"><\/div>\n\n\n\n<ul class=\"wp-block-list\">\n<li><strong>P\u0159ij\u010fte v\u010das:<\/strong> Akce za\u010d\u00edn\u00e1 v 10:00, a tak se vyplat\u00ed dorazit co nejd\u0159\u00edve, abyste si u\u017eili cel\u00fd program a vyhnuli se p\u0159\u00edpadn\u00fdm rann\u00edm n\u00e1val\u016fm.<\/li>\n\n\n\n<li><strong>Oble\u010dte se vrstevnat\u011b:<\/strong> Po\u010das\u00ed na hor\u00e1ch se m\u016f\u017ee rychle m\u011bnit. Doporu\u010dujeme vrstven\u00e9 oble\u010den\u00ed, abyste byli p\u0159ipraveni na slunce i p\u0159\u00edpadn\u00fd d\u00e9\u0161\u0165 nebo chladn\u011bj\u0161\u00ed v\u00edtr.<\/li>\n\n\n\n<li><strong>Nezapome\u0148te na opalovac\u00ed kr\u00e9m a pokr\u00fdvku hlavy:<\/strong> I kdy\u017e je pod mrakem, slunce na hor\u00e1ch m\u016f\u017ee b\u00fdt zr\u00e1dn\u00e9. Chra\u0148te svou poko\u017eku a hlavu.<\/li>\n\n\n\n<li><strong>Hydratujte se:<\/strong> M\u011bjte u sebe dostatek pitn\u00e9 vody, zvl\u00e1\u0161t\u011b pokud pl\u00e1nujete proch\u00e1zky nebo aktivn\u00ed program.<\/li>\n\n\n\n<li><strong>Vezm\u011bte si fo\u0165\u00e1k:<\/strong> Krkono\u0161sk\u00e9 v\u00fdhledy jsou dechberouc\u00ed a budete si je cht\u00edt zv\u011b\u010dnit.<\/li>\n\n\n\n<li><strong>Zva\u017ete Gopass:<\/strong> Pokud pl\u00e1nujete \u010dast\u011bj\u0161\u00ed n\u00e1v\u0161t\u011bvy \u0160pindlerova Ml\u00fdna, zva\u017ete po\u0159\u00edzen\u00ed Gopass karty. Nab\u00edz\u00ed \u0159adu v\u00fdhod a slev.<\/li>\n\n\n\n<li><strong>Prozkoumejte okol\u00ed:<\/strong> Po akci se nezdr\u00e1hejte prozkoumat dal\u0161\u00ed kr\u00e1sy <strong>\u0160pindlerova Ml\u00fdna<\/strong>. Lanovky v\u00e1s dovezou k dal\u0161\u00edm turistick\u00fdm tras\u00e1m a cyklostezk\u00e1m. M\u016f\u017eete se vydat na Sn\u011b\u017eku, nav\u0161t\u00edvit pramen Labe, nebo se proj\u00edt po nau\u010dn\u00fdch stezk\u00e1ch.<\/li>\n<\/ul>\n\n\n\n<div style=\"height:45px\" aria-hidden=\"true\" class=\"wp-block-spacer\"><\/div>\n\n\n<div class=\"wp-block-image\">\n<figure class=\"aligncenter size-large\"><img decoding=\"async\" src=\"https:\/\/spindleruvmlyn.cz\/wp-content\/uploads\/2025\/06\/skiareal_leto_23_traga_small-43-1024x682.jpg\" alt=\"L\u00e9to v pln\u00e9 kr\u00e1se: \u0160pindler\u016fv Ml\u00fdn otev\u00edr\u00e1 letn\u00ed sez\u00f3nu s programem pro celou rodinu!\" class=\"wp-image-3463\"\/><\/figure><\/div>\n\n\n<div style=\"height:45px\" aria-hidden=\"true\" class=\"wp-block-spacer\"><\/div>\n\n\n\n<h2 class=\"wp-block-heading\">Nezme\u0161kejte start letn\u00ed sez\u00f3ny v Krkono\u0161\u00edch!<\/h2>\n\n\n\n<div style=\"height:45px\" aria-hidden=\"true\" class=\"wp-block-spacer\"><\/div>\n\n\n\n<p class=\"has-medium-font-size\"><strong><a href=\"https:\/\/www.facebook.com\/events\/673944238601921\/?acontext=%7B%22event_action_history%22%3A[]%7D\">Summer Opening ve \u0160pindlerov\u011b Ml\u00fdn\u011b<\/a><\/strong> je ud\u00e1lost, kterou by si \u017e\u00e1dn\u00fd milovn\u00edk hor a rodinn\u00e9 z\u00e1bavy nem\u011bl nechat uj\u00edt. Je to perfektn\u00ed zp\u016fsob, jak p\u0159iv\u00edtat <strong>letn\u00ed sez\u00f3nu<\/strong> a pro\u017e\u00edt nezapomenuteln\u00fd den v srdci <strong>Krkono\u0161<\/strong>. S programem pln\u00fdm sout\u011b\u017e\u00ed, koncert\u016f, speci\u00e1ln\u00edm j\u00edzdn\u00fdm na <strong>lanovku za 10 K\u010d<\/strong> pro d\u011bti a juniory a d\u011btsk\u00fdm h\u0159i\u0161t\u011bm se nudit nebudete. P\u0159ije\u010fte se p\u0159esv\u011bd\u010dit na vlastn\u00ed o\u010di, jak kr\u00e1sn\u00e9 m\u016f\u017ee b\u00fdt l\u00e9to v hor\u00e1ch. <\/p>\n\n\n\n<p class=\"has-medium-font-size\"><strong>\u0160pindler\u016fv Ml\u00fdn<\/strong> se na v\u00e1s t\u011b\u0161\u00ed! <strong>Uvid\u00edme se 7. \u010dervna na Medv\u011bd\u00edn\u011b!<\/strong><\/p>\n\n\n\n<div style=\"height:100px\" aria-hidden=\"true\" class=\"wp-block-spacer\"><\/div>\n\n\n\n<figure class=\"wp-block-gallery has-nested-images columns-2 is-cropped wp-block-gallery-1 is-layout-flex wp-block-gallery-is-layout-flex\">\n<figure class=\"wp-block-image size-large\"><img decoding=\"async\" data-id=\"3456\" src=\"https:\/\/spindleruvmlyn.cz\/wp-content\/uploads\/2025\/06\/csm_1920x1080px-summer-opening-skiareal-leto25_7723db72cb.jpg\" alt=\"L\u00e9to v pln\u00e9 kr\u00e1se: \u0160pindler\u016fv Ml\u00fdn otev\u00edr\u00e1 letn\u00ed sez\u00f3nu s programem pro celou rodinu!\" class=\"wp-image-3456\"\/><\/figure>\n\n\n\n<figure class=\"wp-block-image size-large\"><img decoding=\"async\" data-id=\"3461\" src=\"https:\/\/spindleruvmlyn.cz\/wp-content\/uploads\/2025\/06\/skiareal_leto_23_traga_small-71-1024x682.jpg\" alt=\"L\u00e9to v pln\u00e9 kr\u00e1se: \u0160pindler\u016fv Ml\u00fdn otev\u00edr\u00e1 letn\u00ed sez\u00f3nu s programem pro celou rodinu!\" class=\"wp-image-3461\"\/><\/figure>\n\n\n\n<figure class=\"wp-block-image size-large\"><img decoding=\"async\" data-id=\"3458\" src=\"https:\/\/spindleruvmlyn.cz\/wp-content\/uploads\/2025\/06\/skiareal_leto_23_traga_small-69-1024x682.jpg\" alt=\"L\u00e9to v pln\u00e9 kr\u00e1se: \u0160pindler\u016fv Ml\u00fdn otev\u00edr\u00e1 letn\u00ed sez\u00f3nu s programem pro celou rodinu!\" class=\"wp-image-3458\"\/><\/figure>\n\n\n\n<figure class=\"wp-block-image size-large\"><img decoding=\"async\" data-id=\"3459\" src=\"https:\/\/spindleruvmlyn.cz\/wp-content\/uploads\/2025\/06\/skiareal_leto_23_traga_small-77-1024x682.jpg\" alt=\"L\u00e9to v pln\u00e9 kr\u00e1se: \u0160pindler\u016fv Ml\u00fdn otev\u00edr\u00e1 letn\u00ed sez\u00f3nu s programem pro celou rodinu!\" class=\"wp-image-3459\"\/><\/figure>\n\n\n\n<figure class=\"wp-block-image size-large\"><img decoding=\"async\" data-id=\"3455\" src=\"https:\/\/spindleruvmlyn.cz\/wp-content\/uploads\/2025\/06\/skiareal_leto_23_traga_small-3-1024x608.jpg\" alt=\"L\u00e9to v pln\u00e9 kr\u00e1se: \u0160pindler\u016fv Ml\u00fdn otev\u00edr\u00e1 letn\u00ed sez\u00f3nu s programem pro celou rodinu!\" class=\"wp-image-3455\"\/><\/figure>\n\n\n\n<figure class=\"wp-block-image size-large\"><img decoding=\"async\" data-id=\"3457\" src=\"https:\/\/spindleruvmlyn.cz\/wp-content\/uploads\/2025\/06\/skiareal_leto_23_traga_small-60-1024x682.jpg\" alt=\"L\u00e9to v pln\u00e9 kr\u00e1se: \u0160pindler\u016fv Ml\u00fdn otev\u00edr\u00e1 letn\u00ed sez\u00f3nu s programem pro celou rodinu!\" class=\"wp-image-3457\"\/><\/figure>\n\n\n\n<figure class=\"wp-block-image size-large\"><img decoding=\"async\" data-id=\"3464\" src=\"https:\/\/spindleruvmlyn.cz\/wp-content\/uploads\/2025\/06\/skiareal_leto_23_traga_small-73-1024x682.jpg\" alt=\"L\u00e9to v pln\u00e9 kr\u00e1se: \u0160pindler\u016fv Ml\u00fdn otev\u00edr\u00e1 letn\u00ed sez\u00f3nu s programem pro celou rodinu!\" class=\"wp-image-3464\"\/><\/figure>\n\n\n\n<figure class=\"wp-block-image size-large\"><img decoding=\"async\" data-id=\"3462\" src=\"https:\/\/spindleruvmlyn.cz\/wp-content\/uploads\/2025\/06\/skiareal_leto_23_traga_small-54-1024x682.jpg\" alt=\"L\u00e9to v pln\u00e9 kr\u00e1se: \u0160pindler\u016fv Ml\u00fdn otev\u00edr\u00e1 letn\u00ed sez\u00f3nu s programem pro celou rodinu!\" class=\"wp-image-3462\"\/><\/figure>\n\n\n\n<figure class=\"wp-block-image size-large\"><img decoding=\"async\" data-id=\"3463\" src=\"https:\/\/spindleruvmlyn.cz\/wp-content\/uploads\/2025\/06\/skiareal_leto_23_traga_small-43-1024x682.jpg\" alt=\"L\u00e9to v pln\u00e9 kr\u00e1se: \u0160pindler\u016fv Ml\u00fdn otev\u00edr\u00e1 letn\u00ed sez\u00f3nu s programem pro celou rodinu!\" class=\"wp-image-3463\"\/><\/figure>\n\n\n\n<figure class=\"wp-block-image size-large\"><img decoding=\"async\" data-id=\"3460\" src=\"https:\/\/spindleruvmlyn.cz\/wp-content\/uploads\/2025\/06\/skiareal_leto_23_traga_small-22-1024x682.jpg\" alt=\"L\u00e9to v pln\u00e9 kr\u00e1se: \u0160pindler\u016fv Ml\u00fdn otev\u00edr\u00e1 letn\u00ed sez\u00f3nu s programem pro celou rodinu!\" class=\"wp-image-3460\"\/><\/figure>\n\n\n\n<figure class=\"wp-block-image size-large\"><img decoding=\"async\" data-id=\"3454\" src=\"https:\/\/spindleruvmlyn.cz\/wp-content\/uploads\/2025\/06\/497862945_669877345660325_7591858618597198958_n-1024x385.jpg\" alt=\"L\u00e9to v pln\u00e9 kr\u00e1se: \u0160pindler\u016fv Ml\u00fdn otev\u00edr\u00e1 letn\u00ed sez\u00f3nu s programem pro celou rodinu!\" class=\"wp-image-3454\"\/><\/figure>\n<\/figure>\n\n\n\n<div style=\"height:33px\" aria-hidden=\"true\" class=\"wp-block-spacer\"><\/div>\n\n\n\n<p class=\"has-medium-font-size\"><strong>Zdroj foto: <\/strong>\u0160pindler\u016fv Ml\u00fdn, Skiare\u00e1l \u0160pindler\u016fv Ml\u00fdn<\/p>\n\n\n\n<div style=\"height:67px\" aria-hidden=\"true\" class=\"wp-block-spacer\"><\/div>\n","protected":false},"excerpt":{"rendered":"<p>P\u0159ipravte se na nezapomenuteln\u00fd den pln\u00fd z\u00e1bavy, dobrodru\u017estv\u00ed a dechberouc\u00edch v\u00fdhled\u016f! \u0160pindler\u016fv Ml\u00fdn, centrum Krkono\u0161, se chyst\u00e1 rozbou\u0159it letn\u00ed sez\u00f3nu a my v\u00e1s srde\u010dn\u011b zveme na Summer Opening, akci, kter\u00e1 odstartuje va\u0161e letn\u00ed horsk\u00e9&#46;&#46;&#46;<\/p>\n","protected":false},"author":3,"featured_media":7845,"comment_status":"closed","ping_status":"closed","sticky":false,"template":"","format":"standard","meta":{"_monsterinsights_skip_tracking":false,"_monsterinsights_sitenote_active":false,"_monsterinsights_sitenote_note":"","_monsterinsights_sitenote_category":0,"footnotes":""},"categories":[26,2,160,23],"tags":[],"yoast_head":"<!-- This site is optimized with the Yoast SEO plugin v21.5 - https:\/\/yoast.com\/wordpress\/plugins\/seo\/ -->\n<title>\u0160pindler\u016fv Ml\u00fdn otev\u00edr\u00e1 letn\u00ed sez\u00f3nu s programem pro celou rodinu - HOTELHOUSE.cz<\/title>\n<meta name=\"description\" content=\"\u0160pindler\u016fv Ml\u00fdn otev\u00edr\u00e1 letn\u00ed sez\u00f3nu: Akce se kon\u00e1 ji\u017e tuto sobotu 7. \u010dervna 2025 na horn\u00ed stanici lanovky Medv\u011bd\u00edn. Od 10:00 do 16:00 hodin.\" \/>\n<meta name=\"robots\" content=\"index, follow, max-snippet:-1, max-image-preview:large, max-video-preview:-1\" \/>\n<link rel=\"canonical\" href=\"https:\/\/hotelhouse.cz\/index.php\/2025\/06\/06\/spindleruv-mlyn-otevira-letni-sezonu-s-programem-pro-celou-rodinu\/\" \/>\n<meta property=\"og:locale\" content=\"cs_CZ\" \/>\n<meta property=\"og:type\" content=\"article\" \/>\n<meta property=\"og:title\" content=\"\u0160pindler\u016fv Ml\u00fdn otev\u00edr\u00e1 letn\u00ed sez\u00f3nu s programem pro celou rodinu - HOTELHOUSE.cz\" \/>\n<meta property=\"og:description\" content=\"\u0160pindler\u016fv Ml\u00fdn otev\u00edr\u00e1 letn\u00ed sez\u00f3nu: Akce se kon\u00e1 ji\u017e tuto sobotu 7. \u010dervna 2025 na horn\u00ed stanici lanovky Medv\u011bd\u00edn. Od 10:00 do 16:00 hodin.\" \/>\n<meta property=\"og:url\" content=\"https:\/\/hotelhouse.cz\/index.php\/2025\/06\/06\/spindleruv-mlyn-otevira-letni-sezonu-s-programem-pro-celou-rodinu\/\" \/>\n<meta property=\"og:site_name\" content=\"HOTELHOUSE.cz\" \/>\n<meta property=\"article:published_time\" content=\"2025-06-05T22:46:01+00:00\" \/>\n<meta property=\"article:modified_time\" content=\"2025-06-05T22:46:02+00:00\" \/>\n<meta property=\"og:image\" content=\"https:\/\/hotelhouse.cz\/wp-content\/uploads\/2025\/06\/csm_1920x1080px-summer-opening-skiareal-leto25_7723db72cb.jpg\" \/>\n\t<meta property=\"og:image:width\" content=\"1250\" \/>\n\t<meta property=\"og:image:height\" content=\"703\" \/>\n\t<meta property=\"og:image:type\" content=\"image\/jpeg\" \/>\n<meta name=\"author\" content=\"Van\u011bk Miroslav\" \/>\n<meta name=\"twitter:card\" content=\"summary_large_image\" \/>\n<meta name=\"twitter:label1\" content=\"Napsal(a)\" \/>\n\t<meta name=\"twitter:data1\" content=\"Van\u011bk Miroslav\" \/>\n\t<meta name=\"twitter:label2\" content=\"Odhadovan\u00e1 doba \u010dten\u00ed\" \/>\n\t<meta name=\"twitter:data2\" content=\"10 minut\" \/>\n<script type=\"application\/ld+json\" class=\"yoast-schema-graph\">{\"@context\":\"https:\/\/schema.org\",\"@graph\":[{\"@type\":\"Article\",\"@id\":\"https:\/\/hotelhouse.cz\/index.php\/2025\/06\/06\/spindleruv-mlyn-otevira-letni-sezonu-s-programem-pro-celou-rodinu\/#article\",\"isPartOf\":{\"@id\":\"https:\/\/hotelhouse.cz\/index.php\/2025\/06\/06\/spindleruv-mlyn-otevira-letni-sezonu-s-programem-pro-celou-rodinu\/\"},\"author\":{\"name\":\"Van\u011bk Miroslav\",\"@id\":\"https:\/\/hotelhouse.cz\/#\/schema\/person\/fa8caee3f0a9c6134afed3c541204812\"},\"headline\":\"\u0160pindler\u016fv Ml\u00fdn otev\u00edr\u00e1 letn\u00ed sez\u00f3nu s programem pro celou rodinu\",\"datePublished\":\"2025-06-05T22:46:01+00:00\",\"dateModified\":\"2025-06-05T22:46:02+00:00\",\"mainEntityOfPage\":{\"@id\":\"https:\/\/hotelhouse.cz\/index.php\/2025\/06\/06\/spindleruv-mlyn-otevira-letni-sezonu-s-programem-pro-celou-rodinu\/\"},\"wordCount\":1556,\"publisher\":{\"@id\":\"https:\/\/hotelhouse.cz\/#organization\"},\"articleSection\":[\"N\u00e1dhern\u00e1M\u00edsta.cz\",\"NEWS\",\"\u0160PINDLER\u016eV ML\u00ddN\",\"TIPY NA CESTOV\u00c1N\u00cd\"],\"inLanguage\":\"cs\"},{\"@type\":\"WebPage\",\"@id\":\"https:\/\/hotelhouse.cz\/index.php\/2025\/06\/06\/spindleruv-mlyn-otevira-letni-sezonu-s-programem-pro-celou-rodinu\/\",\"url\":\"https:\/\/hotelhouse.cz\/index.php\/2025\/06\/06\/spindleruv-mlyn-otevira-letni-sezonu-s-programem-pro-celou-rodinu\/\",\"name\":\"\u0160pindler\u016fv Ml\u00fdn otev\u00edr\u00e1 letn\u00ed sez\u00f3nu s programem pro celou rodinu - HOTELHOUSE.cz\",\"isPartOf\":{\"@id\":\"https:\/\/hotelhouse.cz\/#website\"},\"datePublished\":\"2025-06-05T22:46:01+00:00\",\"dateModified\":\"2025-06-05T22:46:02+00:00\",\"description\":\"\u0160pindler\u016fv Ml\u00fdn otev\u00edr\u00e1 letn\u00ed sez\u00f3nu: Akce se kon\u00e1 ji\u017e tuto sobotu 7. \u010dervna 2025 na horn\u00ed stanici lanovky Medv\u011bd\u00edn. Od 10:00 do 16:00 hodin.\",\"breadcrumb\":{\"@id\":\"https:\/\/hotelhouse.cz\/index.php\/2025\/06\/06\/spindleruv-mlyn-otevira-letni-sezonu-s-programem-pro-celou-rodinu\/#breadcrumb\"},\"inLanguage\":\"cs\",\"potentialAction\":[{\"@type\":\"ReadAction\",\"target\":[\"https:\/\/hotelhouse.cz\/index.php\/2025\/06\/06\/spindleruv-mlyn-otevira-letni-sezonu-s-programem-pro-celou-rodinu\/\"]}]},{\"@type\":\"BreadcrumbList\",\"@id\":\"https:\/\/hotelhouse.cz\/index.php\/2025\/06\/06\/spindleruv-mlyn-otevira-letni-sezonu-s-programem-pro-celou-rodinu\/#breadcrumb\",\"itemListElement\":[{\"@type\":\"ListItem\",\"position\":1,\"name\":\"Dom\u016f\",\"item\":\"https:\/\/hotelhouse.cz\/\"},{\"@type\":\"ListItem\",\"position\":2,\"name\":\"\u0160pindler\u016fv Ml\u00fdn otev\u00edr\u00e1 letn\u00ed sez\u00f3nu s programem pro celou rodinu\"}]},{\"@type\":\"WebSite\",\"@id\":\"https:\/\/hotelhouse.cz\/#website\",\"url\":\"https:\/\/hotelhouse.cz\/\",\"name\":\"HOTELHOUSE.cz\",\"description\":\"Port\u00e1l o hotelech, pensionech, spa resortech a restaurac\u00edch...\",\"publisher\":{\"@id\":\"https:\/\/hotelhouse.cz\/#organization\"},\"potentialAction\":[{\"@type\":\"SearchAction\",\"target\":{\"@type\":\"EntryPoint\",\"urlTemplate\":\"https:\/\/hotelhouse.cz\/?s={search_term_string}\"},\"query-input\":\"required name=search_term_string\"}],\"inLanguage\":\"cs\"},{\"@type\":\"Organization\",\"@id\":\"https:\/\/hotelhouse.cz\/#organization\",\"name\":\"HOTELHOUSE.cz\",\"url\":\"https:\/\/hotelhouse.cz\/\",\"logo\":{\"@type\":\"ImageObject\",\"inLanguage\":\"cs\",\"@id\":\"https:\/\/hotelhouse.cz\/#\/schema\/logo\/image\/\",\"url\":\"https:\/\/hotelhouse.cz\/wp-content\/uploads\/2024\/12\/cropped-Logo_HotelHouse-2.jpg\",\"contentUrl\":\"https:\/\/hotelhouse.cz\/wp-content\/uploads\/2024\/12\/cropped-Logo_HotelHouse-2.jpg\",\"width\":933,\"height\":516,\"caption\":\"HOTELHOUSE.cz\"},\"image\":{\"@id\":\"https:\/\/hotelhouse.cz\/#\/schema\/logo\/image\/\"},\"sameAs\":[\"https:\/\/www.instagram.com\/hotelhousecz\/\"]},{\"@type\":\"Person\",\"@id\":\"https:\/\/hotelhouse.cz\/#\/schema\/person\/fa8caee3f0a9c6134afed3c541204812\",\"name\":\"Van\u011bk Miroslav\",\"image\":{\"@type\":\"ImageObject\",\"inLanguage\":\"cs\",\"@id\":\"https:\/\/hotelhouse.cz\/#\/schema\/person\/image\/\",\"url\":\"https:\/\/secure.gravatar.com\/avatar\/cc93dbecbfc820d69a964ea4a1c72377?s=96&d=mm&r=g\",\"contentUrl\":\"https:\/\/secure.gravatar.com\/avatar\/cc93dbecbfc820d69a964ea4a1c72377?s=96&d=mm&r=g\",\"caption\":\"Van\u011bk Miroslav\"},\"sameAs\":[\"http:\/\/www.hotelhouse.cz\"],\"url\":\"https:\/\/hotelhouse.cz\/index.php\/author\/mirvan\/\"}]}<\/script>\n<!-- \/ Yoast SEO plugin. -->","yoast_head_json":{"title":"\u0160pindler\u016fv Ml\u00fdn otev\u00edr\u00e1 letn\u00ed sez\u00f3nu s programem pro celou rodinu - HOTELHOUSE.cz","description":"\u0160pindler\u016fv Ml\u00fdn otev\u00edr\u00e1 letn\u00ed sez\u00f3nu: Akce se kon\u00e1 ji\u017e tuto sobotu 7. \u010dervna 2025 na horn\u00ed stanici lanovky Medv\u011bd\u00edn. Od 10:00 do 16:00 hodin.","robots":{"index":"index","follow":"follow","max-snippet":"max-snippet:-1","max-image-preview":"max-image-preview:large","max-video-preview":"max-video-preview:-1"},"canonical":"https:\/\/hotelhouse.cz\/index.php\/2025\/06\/06\/spindleruv-mlyn-otevira-letni-sezonu-s-programem-pro-celou-rodinu\/","og_locale":"cs_CZ","og_type":"article","og_title":"\u0160pindler\u016fv Ml\u00fdn otev\u00edr\u00e1 letn\u00ed sez\u00f3nu s programem pro celou rodinu - HOTELHOUSE.cz","og_description":"\u0160pindler\u016fv Ml\u00fdn otev\u00edr\u00e1 letn\u00ed sez\u00f3nu: Akce se kon\u00e1 ji\u017e tuto sobotu 7. \u010dervna 2025 na horn\u00ed stanici lanovky Medv\u011bd\u00edn. Od 10:00 do 16:00 hodin.","og_url":"https:\/\/hotelhouse.cz\/index.php\/2025\/06\/06\/spindleruv-mlyn-otevira-letni-sezonu-s-programem-pro-celou-rodinu\/","og_site_name":"HOTELHOUSE.cz","article_published_time":"2025-06-05T22:46:01+00:00","article_modified_time":"2025-06-05T22:46:02+00:00","og_image":[{"width":1250,"height":703,"url":"https:\/\/hotelhouse.cz\/wp-content\/uploads\/2025\/06\/csm_1920x1080px-summer-opening-skiareal-leto25_7723db72cb.jpg","type":"image\/jpeg"}],"author":"Van\u011bk Miroslav","twitter_card":"summary_large_image","twitter_misc":{"Napsal(a)":"Van\u011bk Miroslav","Odhadovan\u00e1 doba \u010dten\u00ed":"10 minut"},"schema":{"@context":"https:\/\/schema.org","@graph":[{"@type":"Article","@id":"https:\/\/hotelhouse.cz\/index.php\/2025\/06\/06\/spindleruv-mlyn-otevira-letni-sezonu-s-programem-pro-celou-rodinu\/#article","isPartOf":{"@id":"https:\/\/hotelhouse.cz\/index.php\/2025\/06\/06\/spindleruv-mlyn-otevira-letni-sezonu-s-programem-pro-celou-rodinu\/"},"author":{"name":"Van\u011bk Miroslav","@id":"https:\/\/hotelhouse.cz\/#\/schema\/person\/fa8caee3f0a9c6134afed3c541204812"},"headline":"\u0160pindler\u016fv Ml\u00fdn otev\u00edr\u00e1 letn\u00ed sez\u00f3nu s programem pro celou rodinu","datePublished":"2025-06-05T22:46:01+00:00","dateModified":"2025-06-05T22:46:02+00:00","mainEntityOfPage":{"@id":"https:\/\/hotelhouse.cz\/index.php\/2025\/06\/06\/spindleruv-mlyn-otevira-letni-sezonu-s-programem-pro-celou-rodinu\/"},"wordCount":1556,"publisher":{"@id":"https:\/\/hotelhouse.cz\/#organization"},"articleSection":["N\u00e1dhern\u00e1M\u00edsta.cz","NEWS","\u0160PINDLER\u016eV ML\u00ddN","TIPY NA CESTOV\u00c1N\u00cd"],"inLanguage":"cs"},{"@type":"WebPage","@id":"https:\/\/hotelhouse.cz\/index.php\/2025\/06\/06\/spindleruv-mlyn-otevira-letni-sezonu-s-programem-pro-celou-rodinu\/","url":"https:\/\/hotelhouse.cz\/index.php\/2025\/06\/06\/spindleruv-mlyn-otevira-letni-sezonu-s-programem-pro-celou-rodinu\/","name":"\u0160pindler\u016fv Ml\u00fdn otev\u00edr\u00e1 letn\u00ed sez\u00f3nu s programem pro celou rodinu - HOTELHOUSE.cz","isPartOf":{"@id":"https:\/\/hotelhouse.cz\/#website"},"datePublished":"2025-06-05T22:46:01+00:00","dateModified":"2025-06-05T22:46:02+00:00","description":"\u0160pindler\u016fv Ml\u00fdn otev\u00edr\u00e1 letn\u00ed sez\u00f3nu: Akce se kon\u00e1 ji\u017e tuto sobotu 7. \u010dervna 2025 na horn\u00ed stanici lanovky Medv\u011bd\u00edn. Od 10:00 do 16:00 hodin.","breadcrumb":{"@id":"https:\/\/hotelhouse.cz\/index.php\/2025\/06\/06\/spindleruv-mlyn-otevira-letni-sezonu-s-programem-pro-celou-rodinu\/#breadcrumb"},"inLanguage":"cs","potentialAction":[{"@type":"ReadAction","target":["https:\/\/hotelhouse.cz\/index.php\/2025\/06\/06\/spindleruv-mlyn-otevira-letni-sezonu-s-programem-pro-celou-rodinu\/"]}]},{"@type":"BreadcrumbList","@id":"https:\/\/hotelhouse.cz\/index.php\/2025\/06\/06\/spindleruv-mlyn-otevira-letni-sezonu-s-programem-pro-celou-rodinu\/#breadcrumb","itemListElement":[{"@type":"ListItem","position":1,"name":"Dom\u016f","item":"https:\/\/hotelhouse.cz\/"},{"@type":"ListItem","position":2,"name":"\u0160pindler\u016fv Ml\u00fdn otev\u00edr\u00e1 letn\u00ed sez\u00f3nu s programem pro celou rodinu"}]},{"@type":"WebSite","@id":"https:\/\/hotelhouse.cz\/#website","url":"https:\/\/hotelhouse.cz\/","name":"HOTELHOUSE.cz","description":"Port\u00e1l o hotelech, pensionech, spa resortech a restaurac\u00edch...","publisher":{"@id":"https:\/\/hotelhouse.cz\/#organization"},"potentialAction":[{"@type":"SearchAction","target":{"@type":"EntryPoint","urlTemplate":"https:\/\/hotelhouse.cz\/?s={search_term_string}"},"query-input":"required name=search_term_string"}],"inLanguage":"cs"},{"@type":"Organization","@id":"https:\/\/hotelhouse.cz\/#organization","name":"HOTELHOUSE.cz","url":"https:\/\/hotelhouse.cz\/","logo":{"@type":"ImageObject","inLanguage":"cs","@id":"https:\/\/hotelhouse.cz\/#\/schema\/logo\/image\/","url":"https:\/\/hotelhouse.cz\/wp-content\/uploads\/2024\/12\/cropped-Logo_HotelHouse-2.jpg","contentUrl":"https:\/\/hotelhouse.cz\/wp-content\/uploads\/2024\/12\/cropped-Logo_HotelHouse-2.jpg","width":933,"height":516,"caption":"HOTELHOUSE.cz"},"image":{"@id":"https:\/\/hotelhouse.cz\/#\/schema\/logo\/image\/"},"sameAs":["https:\/\/www.instagram.com\/hotelhousecz\/"]},{"@type":"Person","@id":"https:\/\/hotelhouse.cz\/#\/schema\/person\/fa8caee3f0a9c6134afed3c541204812","name":"Van\u011bk Miroslav","image":{"@type":"ImageObject","inLanguage":"cs","@id":"https:\/\/hotelhouse.cz\/#\/schema\/person\/image\/","url":"https:\/\/secure.gravatar.com\/avatar\/cc93dbecbfc820d69a964ea4a1c72377?s=96&d=mm&r=g","contentUrl":"https:\/\/secure.gravatar.com\/avatar\/cc93dbecbfc820d69a964ea4a1c72377?s=96&d=mm&r=g","caption":"Van\u011bk Miroslav"},"sameAs":["http:\/\/www.hotelhouse.cz"],"url":"https:\/\/hotelhouse.cz\/index.php\/author\/mirvan\/"}]}},"_links":{"self":[{"href":"https:\/\/hotelhouse.cz\/index.php\/wp-json\/wp\/v2\/posts\/7844"}],"collection":[{"href":"https:\/\/hotelhouse.cz\/index.php\/wp-json\/wp\/v2\/posts"}],"about":[{"href":"https:\/\/hotelhouse.cz\/index.php\/wp-json\/wp\/v2\/types\/post"}],"author":[{"embeddable":true,"href":"https:\/\/hotelhouse.cz\/index.php\/wp-json\/wp\/v2\/users\/3"}],"replies":[{"embeddable":true,"href":"https:\/\/hotelhouse.cz\/index.php\/wp-json\/wp\/v2\/comments?post=7844"}],"version-history":[{"count":1,"href":"https:\/\/hotelhouse.cz\/index.php\/wp-json\/wp\/v2\/posts\/7844\/revisions"}],"predecessor-version":[{"id":7846,"href":"https:\/\/hotelhouse.cz\/index.php\/wp-json\/wp\/v2\/posts\/7844\/revisions\/7846"}],"wp:featuredmedia":[{"embeddable":true,"href":"https:\/\/hotelhouse.cz\/index.php\/wp-json\/wp\/v2\/media\/7845"}],"wp:attachment":[{"href":"https:\/\/hotelhouse.cz\/index.php\/wp-json\/wp\/v2\/media?parent=7844"}],"wp:term":[{"taxonomy":"category","embeddable":true,"href":"https:\/\/hotelhouse.cz\/index.php\/wp-json\/wp\/v2\/categories?post=7844"},{"taxonomy":"post_tag","embeddable":true,"href":"https:\/\/hotelhouse.cz\/index.php\/wp-json\/wp\/v2\/tags?post=7844"}],"curies":[{"name":"wp","href":"https:\/\/api.w.org\/{rel}","templated":true}]}}