{"id":7851,"date":"2025-06-25T00:01:00","date_gmt":"2025-06-24T22:01:00","guid":{"rendered":"https:\/\/hotelhouse.cz\/?p=7851"},"modified":"2025-06-14T01:44:06","modified_gmt":"2025-06-13T23:44:06","slug":"sluncem-prozarene-chute-leta-v-restauraci-la-verande","status":"publish","type":"post","link":"https:\/\/hotelhouse.cz\/index.php\/2025\/06\/25\/sluncem-prozarene-chute-leta-v-restauraci-la-verande\/","title":{"rendered":"Sluncem proz\u00e1\u0159en\u00e9 chut\u011b l\u00e9ta v restauraci La Verand\u011b"},"content":{"rendered":"\n<div style=\"height:35px\" aria-hidden=\"true\" class=\"wp-block-spacer\"><\/div>\n\n\n\n<p class=\"has-medium-font-size\"><strong>Restaurace&nbsp;La Veranda&nbsp;v\u00edt\u00e1 letn\u00ed sezonu nov\u00fdm degusta\u010dn\u00edm menu, kter\u00e9 oslavuje sv\u011b\u017eest, barvy a lehkost sez\u00f3nn\u00edch surovin. Pod taktovkou \u0161\u00e9fkucha\u0159sk\u00e9ho t\u00fdmu vznikly pokrmy, kter\u00e9 v sob\u011b snoub\u00ed sofistikovanou techniku s hravost\u00ed a d\u016frazem na harmonii chut\u00ed.<\/strong><\/p>\n\n\n\n<div style=\"height:35px\" aria-hidden=\"true\" class=\"wp-block-spacer\"><\/div>\n\n\n<div class=\"wp-block-image\">\n<figure class=\"aligncenter size-large\"><img decoding=\"async\" src=\"https:\/\/prazskaparizska.cz\/wp-content\/uploads\/2025\/06\/terina-1-1024x640.jpg\" alt=\"Sluncem proz\u00e1\u0159en\u00e9 chut\u011b l\u00e9ta v restauraci La Verand\u011b\" class=\"wp-image-3827\" \/><\/figure><\/div>\n\n\n<div style=\"height:35px\" aria-hidden=\"true\" class=\"wp-block-spacer\"><\/div>\n\n\n\n<h2 class=\"wp-block-heading\">Za\u010d\u00edn\u00e1 to jemn\u011b a vo\u0148av\u011b<\/h2>\n\n\n\n<div style=\"height:35px\" aria-hidden=\"true\" class=\"wp-block-spacer\"><\/div>\n\n\n\n<p class=\"has-medium-font-size\">\u00davodn\u00ed p\u0159edkrmy jsou jako letn\u00ed v\u00e1nek \u2013 lehk\u00e9, ale zapamatovateln\u00e9. <strong>Marinovan\u00fd siven<\/strong>&nbsp;s bezovou z\u00e1livkou, uzen\u00fdmi mandlemi, r\u016f\u017eov\u00fdm pep\u0159em a fenyklem p\u0159in\u00e1\u0161\u00ed osv\u011b\u017euj\u00edc\u00ed kombinaci, kter\u00e1 rozjasn\u00ed ka\u017ed\u00fd letn\u00ed ve\u010der. Druhou variantou p\u0159edkrmu je&nbsp;<strong>Terina z kachn\u00edch jater<\/strong>, kterou doprov\u00e1z\u00ed pikantn\u00ed rebarbora, sladk\u00e9 jahody a mandlov\u00e9 m\u00fcsli, kter\u00e9 dod\u00e1v\u00e1 pokrmu jemnou texturu i p\u0159\u00edrodn\u00ed sladkost.<\/p>\n\n\n\n<div style=\"height:35px\" aria-hidden=\"true\" class=\"wp-block-spacer\"><\/div>\n\n\n<div class=\"wp-block-image is-resized\">\n<figure class=\"aligncenter size-large\"><img decoding=\"async\" src=\"https:\/\/prazskaparizska.cz\/wp-content\/uploads\/2025\/06\/marinovany-siven-1-683x1024.jpg\" alt=\"\" class=\"wp-image-3826\" \/><\/figure><\/div>\n\n\n<div style=\"height:35px\" aria-hidden=\"true\" class=\"wp-block-spacer\"><\/div>\n\n\n\n<h2 class=\"wp-block-heading\">Letn\u00ed hlavn\u00ed chod s v\u016fn\u00ed bylinek a \u010desneku<\/h2>\n\n\n\n<div style=\"height:35px\" aria-hidden=\"true\" class=\"wp-block-spacer\"><\/div>\n\n\n\n<p class=\"has-medium-font-size\">Hlavn\u00ed chod pot\u011b\u0161\u00ed milovn\u00edky v\u00fdrazn\u011bj\u0161\u00edch chut\u00ed. <strong>Jehn\u011b\u010d\u00ed kotletky a du\u0161en\u00e1 plec<\/strong>&nbsp;se pod\u00e1vaj\u00ed s \u010derstv\u00fdm ch\u0159estem, lehce nakysl\u00fdmi brusinkami a sametovou om\u00e1\u010dkou s n\u00e1dechem \u010desneku \u2013 srdcem tohoto j\u00eddla je v\u0161ak precizn\u00ed p\u0159\u00edprava masa a dokonal\u00e1 rovnov\u00e1ha chut\u00ed.<\/p>\n\n\n\n<div style=\"height:35px\" aria-hidden=\"true\" class=\"wp-block-spacer\"><\/div>\n\n\n<div class=\"wp-block-image is-resized\">\n<figure class=\"aligncenter size-large\"><img decoding=\"async\" src=\"https:\/\/prazskaparizska.cz\/wp-content\/uploads\/2025\/06\/jehneci-kotleta-1-683x1024.jpg\" alt=\"Sluncem proz\u00e1\u0159en\u00e9 chut\u011b l\u00e9ta v restauraci La Verand\u011b\" class=\"wp-image-3824\" style=\"aspect-ratio:0.6669921875\" \/><\/figure><\/div>\n\n\n<div style=\"height:35px\" aria-hidden=\"true\" class=\"wp-block-spacer\"><\/div>\n\n\n\n<h2 class=\"wp-block-heading\">Z\u00e1v\u011br pln\u00fd ovoce a jemnosti<\/h2>\n\n\n\n<div style=\"height:35px\" aria-hidden=\"true\" class=\"wp-block-spacer\"><\/div>\n\n\n\n<p class=\"has-medium-font-size\">Na sladkou te\u010dku p\u0159ich\u00e1z\u00ed dezert, kter\u00fd pot\u011b\u0161\u00ed nejen chu\u0165ov\u00e9 poh\u00e1rky, ale i oko. <strong>Rebarbora, jahody, mandlov\u00e1 su\u0161enka a rebarborov\u00fd sorbet<\/strong>&nbsp;tvo\u0159\u00ed lehk\u00fd a \u0161\u0165avnat\u00fd z\u00e1v\u011br, ide\u00e1ln\u00ed pro hork\u00e9 letn\u00ed dny.<\/p>\n\n\n\n<p class=\"has-medium-font-size\">Menu je dostupn\u00e9 po omezenou dobu a m\u011bn\u00ed se podle aktu\u00e1ln\u00ed sez\u00f3ny a dostupnosti nej\u010derstv\u011bj\u0161\u00edch surovin. Nechte se un\u00e9st letn\u00ed atmosf\u00e9rou a vychutnejte si kulin\u00e1\u0159sk\u00e9 um\u011bn\u00ed v srdci Prahy \u2013&nbsp;<strong>v La Verand\u011b<\/strong>.<\/p>\n\n\n\n<div style=\"height:35px\" aria-hidden=\"true\" class=\"wp-block-spacer\"><\/div>\n\n\n<div class=\"wp-block-image is-resized\">\n<figure class=\"aligncenter size-large\"><img decoding=\"async\" src=\"https:\/\/prazskaparizska.cz\/wp-content\/uploads\/2025\/06\/rebarbora-683x1024.jpg\" alt=\"Sluncem proz\u00e1\u0159en\u00e9 chut\u011b l\u00e9ta v restauraci La Verand\u011b\" class=\"wp-image-3825\" \/><\/figure><\/div>\n\n\n<div style=\"height:35px\" aria-hidden=\"true\" class=\"wp-block-spacer\"><\/div>\n\n\n\n<p class=\"has-medium-font-size\"><a href=\"http:\/\/www.laveranda.cz\/\">www.laveranda.cz<\/a><\/p>\n\n\n\n<div style=\"height:100px\" aria-hidden=\"true\" class=\"wp-block-spacer\"><\/div>\n\n\n\n<figure class=\"wp-block-gallery has-nested-images columns-2 is-cropped wp-block-gallery-1 is-layout-flex wp-block-gallery-is-layout-flex\">\n<figure class=\"wp-block-image size-large\"><img decoding=\"async\" data-id=\"3826\" src=\"https:\/\/prazskaparizska.cz\/wp-content\/uploads\/2025\/06\/marinovany-siven-1-683x1024.jpg\" alt=\"Sluncem proz\u00e1\u0159en\u00e9 chut\u011b l\u00e9ta v restauraci La Verand\u011b\" class=\"wp-image-3826\" \/><\/figure>\n\n\n\n<figure class=\"wp-block-image size-large\"><img decoding=\"async\" data-id=\"3824\" src=\"https:\/\/prazskaparizska.cz\/wp-content\/uploads\/2025\/06\/jehneci-kotleta-1-683x1024.jpg\" alt=\"Sluncem proz\u00e1\u0159en\u00e9 chut\u011b l\u00e9ta v restauraci La Verand\u011b\" class=\"wp-image-3824\" \/><\/figure>\n\n\n\n<figure class=\"wp-block-image size-large\"><img decoding=\"async\" data-id=\"3825\" src=\"https:\/\/prazskaparizska.cz\/wp-content\/uploads\/2025\/06\/rebarbora-683x1024.jpg\" alt=\"Sluncem proz\u00e1\u0159en\u00e9 chut\u011b l\u00e9ta v restauraci La Verand\u011b\" class=\"wp-image-3825\" \/><\/figure>\n\n\n\n<figure class=\"wp-block-image size-large\"><img decoding=\"async\" data-id=\"3827\" src=\"https:\/\/prazskaparizska.cz\/wp-content\/uploads\/2025\/06\/terina-1-1024x640.jpg\" alt=\"Sluncem proz\u00e1\u0159en\u00e9 chut\u011b l\u00e9ta v restauraci La Verand\u011b\" class=\"wp-image-3827\" \/><\/figure>\n<\/figure>\n\n\n\n<div style=\"height:35px\" aria-hidden=\"true\" class=\"wp-block-spacer\"><\/div>\n\n\n\n<p><strong>Zdroj foto: <\/strong>La Veranda<\/p>\n\n\n\n<div style=\"height:65px\" aria-hidden=\"true\" class=\"wp-block-spacer\"><\/div>\n","protected":false},"excerpt":{"rendered":"<p>Restaurace&nbsp;La Veranda&nbsp;v\u00edt\u00e1 letn\u00ed sezonu nov\u00fdm degusta\u010dn\u00edm menu, kter\u00e9 oslavuje sv\u011b\u017eest, barvy a lehkost sez\u00f3nn\u00edch surovin. Pod taktovkou \u0161\u00e9fkucha\u0159sk\u00e9ho t\u00fdmu vznikly pokrmy, kter\u00e9 v sob\u011b snoub\u00ed sofistikovanou techniku s hravost\u00ed a d\u016frazem na harmonii chut\u00ed.&#46;&#46;&#46;<\/p>\n","protected":false},"author":10,"featured_media":7852,"comment_status":"closed","ping_status":"closed","sticky":false,"template":"","format":"standard","meta":{"_monsterinsights_skip_tracking":false,"_monsterinsights_sitenote_active":false,"_monsterinsights_sitenote_note":"","_monsterinsights_sitenote_category":0,"footnotes":""},"categories":[2,177,8,28],"tags":[],"yoast_head":"<!-- This site is optimized with the Yoast SEO plugin v21.5 - https:\/\/yoast.com\/wordpress\/plugins\/seo\/ -->\n<title>Sluncem proz\u00e1\u0159en\u00e9 chut\u011b l\u00e9ta v restauraci La Verand\u011b - HOTELHOUSE.cz<\/title>\n<meta name=\"description\" content=\"Restaurace\u00a0La Veranda\u00a0v\u00edt\u00e1 letn\u00ed sezonu nov\u00fdm degusta\u010dn\u00edm menu, kter\u00e9 oslavuje sv\u011b\u017eest, barvy a lehkost sez\u00f3nn\u00edch surovin.\" \/>\n<meta name=\"robots\" content=\"index, follow, max-snippet:-1, max-image-preview:large, max-video-preview:-1\" \/>\n<link rel=\"canonical\" href=\"https:\/\/hotelhouse.cz\/index.php\/2025\/06\/25\/sluncem-prozarene-chute-leta-v-restauraci-la-verande\/\" \/>\n<meta property=\"og:locale\" content=\"cs_CZ\" \/>\n<meta property=\"og:type\" content=\"article\" \/>\n<meta property=\"og:title\" content=\"Sluncem proz\u00e1\u0159en\u00e9 chut\u011b l\u00e9ta v restauraci La Verand\u011b - HOTELHOUSE.cz\" \/>\n<meta property=\"og:description\" content=\"Restaurace\u00a0La Veranda\u00a0v\u00edt\u00e1 letn\u00ed sezonu nov\u00fdm degusta\u010dn\u00edm menu, kter\u00e9 oslavuje sv\u011b\u017eest, barvy a lehkost sez\u00f3nn\u00edch surovin.\" \/>\n<meta property=\"og:url\" content=\"https:\/\/hotelhouse.cz\/index.php\/2025\/06\/25\/sluncem-prozarene-chute-leta-v-restauraci-la-verande\/\" \/>\n<meta property=\"og:site_name\" content=\"HOTELHOUSE.cz\" \/>\n<meta property=\"article:published_time\" content=\"2025-06-24T22:01:00+00:00\" \/>\n<meta property=\"article:modified_time\" content=\"2025-06-13T23:44:06+00:00\" \/>\n<meta property=\"og:image\" content=\"https:\/\/hotelhouse.cz\/wp-content\/uploads\/2025\/06\/marinovany-siven-1-kopie.jpg\" \/>\n\t<meta property=\"og:image:width\" content=\"734\" \/>\n\t<meta property=\"og:image:height\" content=\"522\" \/>\n\t<meta property=\"og:image:type\" content=\"image\/jpeg\" \/>\n<meta name=\"author\" content=\"Helen Guardian\" \/>\n<meta name=\"twitter:card\" content=\"summary_large_image\" \/>\n<meta name=\"twitter:label1\" content=\"Napsal(a)\" \/>\n\t<meta name=\"twitter:data1\" content=\"Helen Guardian\" \/>\n\t<meta name=\"twitter:label2\" content=\"Odhadovan\u00e1 doba \u010dten\u00ed\" \/>\n\t<meta name=\"twitter:data2\" content=\"3 minuty\" \/>\n<script type=\"application\/ld+json\" class=\"yoast-schema-graph\">{\"@context\":\"https:\/\/schema.org\",\"@graph\":[{\"@type\":\"Article\",\"@id\":\"https:\/\/hotelhouse.cz\/index.php\/2025\/06\/25\/sluncem-prozarene-chute-leta-v-restauraci-la-verande\/#article\",\"isPartOf\":{\"@id\":\"https:\/\/hotelhouse.cz\/index.php\/2025\/06\/25\/sluncem-prozarene-chute-leta-v-restauraci-la-verande\/\"},\"author\":{\"name\":\"Helen Guardian\",\"@id\":\"https:\/\/hotelhouse.cz\/#\/schema\/person\/d632b16c6b63077400f5e36aa5488072\"},\"headline\":\"Sluncem proz\u00e1\u0159en\u00e9 chut\u011b l\u00e9ta v restauraci La Verand\u011b\",\"datePublished\":\"2025-06-24T22:01:00+00:00\",\"dateModified\":\"2025-06-13T23:44:06+00:00\",\"mainEntityOfPage\":{\"@id\":\"https:\/\/hotelhouse.cz\/index.php\/2025\/06\/25\/sluncem-prozarene-chute-leta-v-restauraci-la-verande\/\"},\"wordCount\":298,\"publisher\":{\"@id\":\"https:\/\/hotelhouse.cz\/#organization\"},\"articleSection\":[\"NEWS\",\"PRA\u017dSK\u00dd STAROM\u00c1K\",\"RESTAURACE &amp; BISTRA\",\"TIPY NA J\u00cdDLO\"],\"inLanguage\":\"cs\"},{\"@type\":\"WebPage\",\"@id\":\"https:\/\/hotelhouse.cz\/index.php\/2025\/06\/25\/sluncem-prozarene-chute-leta-v-restauraci-la-verande\/\",\"url\":\"https:\/\/hotelhouse.cz\/index.php\/2025\/06\/25\/sluncem-prozarene-chute-leta-v-restauraci-la-verande\/\",\"name\":\"Sluncem proz\u00e1\u0159en\u00e9 chut\u011b l\u00e9ta v restauraci La Verand\u011b - HOTELHOUSE.cz\",\"isPartOf\":{\"@id\":\"https:\/\/hotelhouse.cz\/#website\"},\"datePublished\":\"2025-06-24T22:01:00+00:00\",\"dateModified\":\"2025-06-13T23:44:06+00:00\",\"description\":\"Restaurace\u00a0La Veranda\u00a0v\u00edt\u00e1 letn\u00ed sezonu nov\u00fdm degusta\u010dn\u00edm menu, kter\u00e9 oslavuje sv\u011b\u017eest, barvy a lehkost sez\u00f3nn\u00edch surovin.\",\"breadcrumb\":{\"@id\":\"https:\/\/hotelhouse.cz\/index.php\/2025\/06\/25\/sluncem-prozarene-chute-leta-v-restauraci-la-verande\/#breadcrumb\"},\"inLanguage\":\"cs\",\"potentialAction\":[{\"@type\":\"ReadAction\",\"target\":[\"https:\/\/hotelhouse.cz\/index.php\/2025\/06\/25\/sluncem-prozarene-chute-leta-v-restauraci-la-verande\/\"]}]},{\"@type\":\"BreadcrumbList\",\"@id\":\"https:\/\/hotelhouse.cz\/index.php\/2025\/06\/25\/sluncem-prozarene-chute-leta-v-restauraci-la-verande\/#breadcrumb\",\"itemListElement\":[{\"@type\":\"ListItem\",\"position\":1,\"name\":\"Dom\u016f\",\"item\":\"https:\/\/hotelhouse.cz\/\"},{\"@type\":\"ListItem\",\"position\":2,\"name\":\"Sluncem proz\u00e1\u0159en\u00e9 chut\u011b l\u00e9ta v restauraci La Verand\u011b\"}]},{\"@type\":\"WebSite\",\"@id\":\"https:\/\/hotelhouse.cz\/#website\",\"url\":\"https:\/\/hotelhouse.cz\/\",\"name\":\"HOTELHOUSE.cz\",\"description\":\"Port\u00e1l o hotelech, pensionech, spa resortech a restaurac\u00edch...\",\"publisher\":{\"@id\":\"https:\/\/hotelhouse.cz\/#organization\"},\"potentialAction\":[{\"@type\":\"SearchAction\",\"target\":{\"@type\":\"EntryPoint\",\"urlTemplate\":\"https:\/\/hotelhouse.cz\/?s={search_term_string}\"},\"query-input\":\"required name=search_term_string\"}],\"inLanguage\":\"cs\"},{\"@type\":\"Organization\",\"@id\":\"https:\/\/hotelhouse.cz\/#organization\",\"name\":\"HOTELHOUSE.cz\",\"url\":\"https:\/\/hotelhouse.cz\/\",\"logo\":{\"@type\":\"ImageObject\",\"inLanguage\":\"cs\",\"@id\":\"https:\/\/hotelhouse.cz\/#\/schema\/logo\/image\/\",\"url\":\"https:\/\/hotelhouse.cz\/wp-content\/uploads\/2024\/12\/cropped-Logo_HotelHouse-2.jpg\",\"contentUrl\":\"https:\/\/hotelhouse.cz\/wp-content\/uploads\/2024\/12\/cropped-Logo_HotelHouse-2.jpg\",\"width\":933,\"height\":516,\"caption\":\"HOTELHOUSE.cz\"},\"image\":{\"@id\":\"https:\/\/hotelhouse.cz\/#\/schema\/logo\/image\/\"},\"sameAs\":[\"https:\/\/www.instagram.com\/hotelhousecz\/\"]},{\"@type\":\"Person\",\"@id\":\"https:\/\/hotelhouse.cz\/#\/schema\/person\/d632b16c6b63077400f5e36aa5488072\",\"name\":\"Helen Guardian\",\"image\":{\"@type\":\"ImageObject\",\"inLanguage\":\"cs\",\"@id\":\"https:\/\/hotelhouse.cz\/#\/schema\/person\/image\/\",\"url\":\"https:\/\/secure.gravatar.com\/avatar\/f62c76287ccbbd3f899549a169c0e6aa?s=96&d=mm&r=g\",\"contentUrl\":\"https:\/\/secure.gravatar.com\/avatar\/f62c76287ccbbd3f899549a169c0e6aa?s=96&d=mm&r=g\",\"caption\":\"Helen Guardian\"},\"sameAs\":[\"http:\/\/HOTELHOUSE.cz\"],\"url\":\"https:\/\/hotelhouse.cz\/index.php\/author\/helgu\/\"}]}<\/script>\n<!-- \/ Yoast SEO plugin. -->","yoast_head_json":{"title":"Sluncem proz\u00e1\u0159en\u00e9 chut\u011b l\u00e9ta v restauraci La Verand\u011b - HOTELHOUSE.cz","description":"Restaurace\u00a0La Veranda\u00a0v\u00edt\u00e1 letn\u00ed sezonu nov\u00fdm degusta\u010dn\u00edm menu, kter\u00e9 oslavuje sv\u011b\u017eest, barvy a lehkost sez\u00f3nn\u00edch surovin.","robots":{"index":"index","follow":"follow","max-snippet":"max-snippet:-1","max-image-preview":"max-image-preview:large","max-video-preview":"max-video-preview:-1"},"canonical":"https:\/\/hotelhouse.cz\/index.php\/2025\/06\/25\/sluncem-prozarene-chute-leta-v-restauraci-la-verande\/","og_locale":"cs_CZ","og_type":"article","og_title":"Sluncem proz\u00e1\u0159en\u00e9 chut\u011b l\u00e9ta v restauraci La Verand\u011b - HOTELHOUSE.cz","og_description":"Restaurace\u00a0La Veranda\u00a0v\u00edt\u00e1 letn\u00ed sezonu nov\u00fdm degusta\u010dn\u00edm menu, kter\u00e9 oslavuje sv\u011b\u017eest, barvy a lehkost sez\u00f3nn\u00edch surovin.","og_url":"https:\/\/hotelhouse.cz\/index.php\/2025\/06\/25\/sluncem-prozarene-chute-leta-v-restauraci-la-verande\/","og_site_name":"HOTELHOUSE.cz","article_published_time":"2025-06-24T22:01:00+00:00","article_modified_time":"2025-06-13T23:44:06+00:00","og_image":[{"width":734,"height":522,"url":"https:\/\/hotelhouse.cz\/wp-content\/uploads\/2025\/06\/marinovany-siven-1-kopie.jpg","type":"image\/jpeg"}],"author":"Helen Guardian","twitter_card":"summary_large_image","twitter_misc":{"Napsal(a)":"Helen Guardian","Odhadovan\u00e1 doba \u010dten\u00ed":"3 minuty"},"schema":{"@context":"https:\/\/schema.org","@graph":[{"@type":"Article","@id":"https:\/\/hotelhouse.cz\/index.php\/2025\/06\/25\/sluncem-prozarene-chute-leta-v-restauraci-la-verande\/#article","isPartOf":{"@id":"https:\/\/hotelhouse.cz\/index.php\/2025\/06\/25\/sluncem-prozarene-chute-leta-v-restauraci-la-verande\/"},"author":{"name":"Helen Guardian","@id":"https:\/\/hotelhouse.cz\/#\/schema\/person\/d632b16c6b63077400f5e36aa5488072"},"headline":"Sluncem proz\u00e1\u0159en\u00e9 chut\u011b l\u00e9ta v restauraci La Verand\u011b","datePublished":"2025-06-24T22:01:00+00:00","dateModified":"2025-06-13T23:44:06+00:00","mainEntityOfPage":{"@id":"https:\/\/hotelhouse.cz\/index.php\/2025\/06\/25\/sluncem-prozarene-chute-leta-v-restauraci-la-verande\/"},"wordCount":298,"publisher":{"@id":"https:\/\/hotelhouse.cz\/#organization"},"articleSection":["NEWS","PRA\u017dSK\u00dd STAROM\u00c1K","RESTAURACE &amp; BISTRA","TIPY NA J\u00cdDLO"],"inLanguage":"cs"},{"@type":"WebPage","@id":"https:\/\/hotelhouse.cz\/index.php\/2025\/06\/25\/sluncem-prozarene-chute-leta-v-restauraci-la-verande\/","url":"https:\/\/hotelhouse.cz\/index.php\/2025\/06\/25\/sluncem-prozarene-chute-leta-v-restauraci-la-verande\/","name":"Sluncem proz\u00e1\u0159en\u00e9 chut\u011b l\u00e9ta v restauraci La Verand\u011b - HOTELHOUSE.cz","isPartOf":{"@id":"https:\/\/hotelhouse.cz\/#website"},"datePublished":"2025-06-24T22:01:00+00:00","dateModified":"2025-06-13T23:44:06+00:00","description":"Restaurace\u00a0La Veranda\u00a0v\u00edt\u00e1 letn\u00ed sezonu nov\u00fdm degusta\u010dn\u00edm menu, kter\u00e9 oslavuje sv\u011b\u017eest, barvy a lehkost sez\u00f3nn\u00edch surovin.","breadcrumb":{"@id":"https:\/\/hotelhouse.cz\/index.php\/2025\/06\/25\/sluncem-prozarene-chute-leta-v-restauraci-la-verande\/#breadcrumb"},"inLanguage":"cs","potentialAction":[{"@type":"ReadAction","target":["https:\/\/hotelhouse.cz\/index.php\/2025\/06\/25\/sluncem-prozarene-chute-leta-v-restauraci-la-verande\/"]}]},{"@type":"BreadcrumbList","@id":"https:\/\/hotelhouse.cz\/index.php\/2025\/06\/25\/sluncem-prozarene-chute-leta-v-restauraci-la-verande\/#breadcrumb","itemListElement":[{"@type":"ListItem","position":1,"name":"Dom\u016f","item":"https:\/\/hotelhouse.cz\/"},{"@type":"ListItem","position":2,"name":"Sluncem proz\u00e1\u0159en\u00e9 chut\u011b l\u00e9ta v restauraci La Verand\u011b"}]},{"@type":"WebSite","@id":"https:\/\/hotelhouse.cz\/#website","url":"https:\/\/hotelhouse.cz\/","name":"HOTELHOUSE.cz","description":"Port\u00e1l o hotelech, pensionech, spa resortech a restaurac\u00edch...","publisher":{"@id":"https:\/\/hotelhouse.cz\/#organization"},"potentialAction":[{"@type":"SearchAction","target":{"@type":"EntryPoint","urlTemplate":"https:\/\/hotelhouse.cz\/?s={search_term_string}"},"query-input":"required name=search_term_string"}],"inLanguage":"cs"},{"@type":"Organization","@id":"https:\/\/hotelhouse.cz\/#organization","name":"HOTELHOUSE.cz","url":"https:\/\/hotelhouse.cz\/","logo":{"@type":"ImageObject","inLanguage":"cs","@id":"https:\/\/hotelhouse.cz\/#\/schema\/logo\/image\/","url":"https:\/\/hotelhouse.cz\/wp-content\/uploads\/2024\/12\/cropped-Logo_HotelHouse-2.jpg","contentUrl":"https:\/\/hotelhouse.cz\/wp-content\/uploads\/2024\/12\/cropped-Logo_HotelHouse-2.jpg","width":933,"height":516,"caption":"HOTELHOUSE.cz"},"image":{"@id":"https:\/\/hotelhouse.cz\/#\/schema\/logo\/image\/"},"sameAs":["https:\/\/www.instagram.com\/hotelhousecz\/"]},{"@type":"Person","@id":"https:\/\/hotelhouse.cz\/#\/schema\/person\/d632b16c6b63077400f5e36aa5488072","name":"Helen Guardian","image":{"@type":"ImageObject","inLanguage":"cs","@id":"https:\/\/hotelhouse.cz\/#\/schema\/person\/image\/","url":"https:\/\/secure.gravatar.com\/avatar\/f62c76287ccbbd3f899549a169c0e6aa?s=96&d=mm&r=g","contentUrl":"https:\/\/secure.gravatar.com\/avatar\/f62c76287ccbbd3f899549a169c0e6aa?s=96&d=mm&r=g","caption":"Helen Guardian"},"sameAs":["http:\/\/HOTELHOUSE.cz"],"url":"https:\/\/hotelhouse.cz\/index.php\/author\/helgu\/"}]}},"_links":{"self":[{"href":"https:\/\/hotelhouse.cz\/index.php\/wp-json\/wp\/v2\/posts\/7851"}],"collection":[{"href":"https:\/\/hotelhouse.cz\/index.php\/wp-json\/wp\/v2\/posts"}],"about":[{"href":"https:\/\/hotelhouse.cz\/index.php\/wp-json\/wp\/v2\/types\/post"}],"author":[{"embeddable":true,"href":"https:\/\/hotelhouse.cz\/index.php\/wp-json\/wp\/v2\/users\/10"}],"replies":[{"embeddable":true,"href":"https:\/\/hotelhouse.cz\/index.php\/wp-json\/wp\/v2\/comments?post=7851"}],"version-history":[{"count":1,"href":"https:\/\/hotelhouse.cz\/index.php\/wp-json\/wp\/v2\/posts\/7851\/revisions"}],"predecessor-version":[{"id":7853,"href":"https:\/\/hotelhouse.cz\/index.php\/wp-json\/wp\/v2\/posts\/7851\/revisions\/7853"}],"wp:featuredmedia":[{"embeddable":true,"href":"https:\/\/hotelhouse.cz\/index.php\/wp-json\/wp\/v2\/media\/7852"}],"wp:attachment":[{"href":"https:\/\/hotelhouse.cz\/index.php\/wp-json\/wp\/v2\/media?parent=7851"}],"wp:term":[{"taxonomy":"category","embeddable":true,"href":"https:\/\/hotelhouse.cz\/index.php\/wp-json\/wp\/v2\/categories?post=7851"},{"taxonomy":"post_tag","embeddable":true,"href":"https:\/\/hotelhouse.cz\/index.php\/wp-json\/wp\/v2\/tags?post=7851"}],"curies":[{"name":"wp","href":"https:\/\/api.w.org\/{rel}","templated":true}]}}